{"id":73245,"date":"2025-09-11T11:37:00","date_gmt":"2025-09-11T10:37:00","guid":{"rendered":"https:\/\/lasentinelle.dz\/?p=73245"},"modified":"2025-09-12T20:37:44","modified_gmt":"2025-09-12T19:37:44","slug":"tomber-de-rideau-sur-liatf-2025-un-triomphe-qui-confirme-le-leadership-de-lalgerie","status":"publish","type":"post","link":"https:\/\/lasentinelle.dz\/index.php\/2025\/09\/11\/tomber-de-rideau-sur-liatf-2025-un-triomphe-qui-confirme-le-leadership-de-lalgerie\/","title":{"rendered":"Tomber de rideau sur l\u2019IATF 2025\u00a0: Un triomphe qui confirme le leadership de l\u2019Alg\u00e9rie"},"content":{"rendered":"\n<p>La quatri\u00e8me \u00e9dition de la Foire commerciale intra-africaine (IATF 2025) s&rsquo;est achev\u00e9e mercredi au Palais des expositions des Pins maritimes d&rsquo;Alger sur un bilan exceptionnel qui consacre d\u00e9finitivement l&rsquo;Alg\u00e9rie comme un acteur incontournable de l&rsquo;int\u00e9gration \u00e9conomique africaine.<\/p>\n\n\n\n<p>Avec plus de 48,3 milliards de dollars de contrats sign\u00e9s, dont 11,4 milliards au profit direct de l&rsquo;Alg\u00e9rie, l\u2019\u00e9dition alg\u00e9rienne de l\u2019IATF pulv\u00e9rise tous les records \u00e9tablis depuis le lancement de cet \u00e9v\u00e9nement majeur en 2018. Les chiffres pr\u00e9sent\u00e9s hier par Gainmore Zanamwe, directeur de la facilitation du commerce et de la promotion des investissements \u00e0 l&rsquo;Afreximbank, lors de la c\u00e9r\u00e9monie de cl\u00f4ture de l\u2019\u00e9v\u00e8nement continental parlent d\u2019eux-m\u00eames.&nbsp; Cette performance remarquable, qui d\u00e9passe largement l&rsquo;objectif initial de 44 milliards de dollars, t\u00e9moigne de la capacit\u00e9 exceptionnelle de l&rsquo;Alg\u00e9rie \u00e0 mobiliser les \u00e9nergies continentales autour d&rsquo;un projet commun d&rsquo;\u00e9mancipation \u00e9conomique. Les chiffres parlent d&rsquo;eux-m\u00eames : 2148 exposants contre 1939 lors de l&rsquo;\u00e9dition \u00e9gyptienne de 2023, 987 acheteurs d\u00e9passant largement la cible de 750 fix\u00e9e par les organisateurs, et surtout 112476 visiteurs, soit trois fois plus que les pr\u00e9visions initiales. Cette affluence record illustre l&rsquo;attractivit\u00e9 croissante de la plateforme alg\u00e9rienne et confirme Alger comme une destination privil\u00e9gi\u00e9e pour les affaires intra-africaines.<\/p>\n\n\n\n<p>La dimension politique de cet \u00e9v\u00e9nement n&rsquo;est pas moins significative. Avec la pr\u00e9sence de 20 dirigeants africains, dont 14 chefs d&rsquo;\u00c9tat et de gouvernement, contre seulement 8 lors de l&rsquo;\u00e9dition pr\u00e9c\u00e9dente, l&rsquo;IATF 2025 a d\u00e9montr\u00e9 la confiance que place le continent dans la vision alg\u00e9rienne du d\u00e9veloppement africain. Cette mobilisation sans pr\u00e9c\u00e9dent des plus hautes autorit\u00e9s continentales souligne le r\u00f4le de catalyseur que joue d\u00e9sormais l&rsquo;Alg\u00e9rie dans la construction d&rsquo;une Afrique \u00e9conomiquement int\u00e9gr\u00e9e et politiquement souveraine.<\/p>\n\n\n\n<p>Le commissaire de l&rsquo;\u00e9v\u00e9nement, Larbi Latr\u00e8che, a soulign\u00e9 avec fiert\u00e9 que l&rsquo;Alg\u00e9rie avait tenu son engagement de faire de cette \u00e9dition un rendez-vous exceptionnel, rappelant que cette r\u00e9ussite s&rsquo;inscrit dans la continuit\u00e9 de l&rsquo;engagement historique du pays en faveur des causes africaines. De la lutte contre le colonialisme aux d\u00e9fis contemporains du d\u00e9veloppement, l&rsquo;Alg\u00e9rie maintient sa position d&rsquo;avant-garde dans l&rsquo;accompagnement des dynamiques continentales. L&rsquo;ancien pr\u00e9sident nig\u00e9rian Olusegun Obasanjo, pr\u00e9sident du Conseil consultatif de l&rsquo;IATF, a rendu un hommage appuy\u00e9 aux efforts alg\u00e9riens lors de la c\u00e9r\u00e9monie d&rsquo;ouverture. Il a r\u00e9v\u00e9l\u00e9 que le pr\u00e9sident Abdelmadjid Tebboune lui avait fait part \u00ab\u00a0lors de leur rencontre en juillet dernier, de sa d\u00e9termination \u00e0 faire de l&rsquo;\u00e9dition d&rsquo;Alger la plus grande et la plus r\u00e9ussie\u00a0\u00bb. Obasanjo a soulign\u00e9 que cette foire \u00ab\u00a0n&rsquo;est pas un simple \u00e9v\u00e9nement, mais le symbole de la renaissance \u00e9conomique de l&rsquo;Afrique\u00a0\u00bb, ajoutant qu&rsquo;elle s&rsquo;est impos\u00e9e comme \u00ab\u00a0le plus important rendez-vous de commerce et d&rsquo;investissement\u00a0\u00bb du continent. Il a exprim\u00e9 sa \u00ab\u00a0profonde gratitude au pr\u00e9sident de la R\u00e9publique, M. Abdelmadjid Tebboune, pour sa g\u00e9n\u00e9reuse coop\u00e9ration avec les instances organisatrices\u00a0\u00bb.<\/p>\n\n\n\n<p>Au-del\u00e0 des performances chiffr\u00e9es, cette \u00e9dition confirme l&rsquo;Alg\u00e9rie comme un hub incontournable pour la Zone de libre-\u00e9change continentale africaine (ZLECAf). La participation record de 49 pays africains et 21 pays non africains avec leurs propres stands d\u00e9montre que l&rsquo;Alg\u00e9rie est devenue un point de convergence naturel pour les flux commerciaux et d&rsquo;investissement transcontinentaux. Cette attractivit\u00e9 renforc\u00e9e positionne le pays comme un interm\u00e9diaire strat\u00e9gique entre l&rsquo;Afrique et ses partenaires internationaux.<\/p>\n\n\n\n<p>La r\u00e9ussite de l&rsquo;IATF 2025 s&rsquo;inscrit parfaitement dans l&rsquo;Agenda 2063 de l&rsquo;Union africaine, dont l&rsquo;Alg\u00e9rie se veut un promoteur actif. En cr\u00e9ant un espace dynamique d&rsquo;\u00e9changes et de coop\u00e9ration, cette \u00e9dition a permis aux entreprises et hommes d&rsquo;affaires de tout le continent d&rsquo;explorer concr\u00e8tement les opportunit\u00e9s offertes par l&rsquo;int\u00e9gration africaine. Cette dimension pratique, compl\u00e9t\u00e9e par une vision politique claire, fait de l&rsquo;\u00e9v\u00e9nement bien plus qu&rsquo;une simple foire commerciale : un v\u00e9ritable laboratoire de l&rsquo;Afrique \u00e9conomique de demain. L&rsquo;IATF 2025 a \u00e9tabli de nouveaux standards d&rsquo;excellence que les futures \u00e9ditions devront \u00e9galer. La cinqui\u00e8me \u00e9dition pr\u00e9vue en 2027 devrait se tenir d\u2019ailleurs \u00e0 Lagos au Nigeria. L&rsquo;Alg\u00e9rie a ainsi marqu\u00e9 l&rsquo;histoire de cet \u00e9v\u00e9nement continental en d\u00e9montrant qu&rsquo;une vision ambitieuse, soutenue par une organisation rigoureuse et un engagement politique au plus haut niveau, peut transformer les aspirations africaines en r\u00e9alisations concr\u00e8tes et mesurables.<\/p>\n\n\n\n<p>Salim Amokrane<\/p>\n","protected":false},"excerpt":{"rendered":"<p>La quatri\u00e8me \u00e9dition de la Foire commerciale intra-africaine (IATF 2025) s&rsquo;est achev\u00e9e mercredi au Palais des expositions des Pins maritimes<\/p>\n","protected":false},"author":6,"featured_media":73246,"comment_status":"open","ping_status":"closed","sticky":false,"template":"","format":"standard","meta":{"colormag_page_container_layout":"default_layout","colormag_page_sidebar_layout":"default_layout","om_disable_all_campaigns":false,"_monsterinsights_skip_tracking":false,"_monsterinsights_sitenote_active":false,"_monsterinsights_sitenote_note":"","_monsterinsights_sitenote_category":0,"footnotes":"","_wpscppro_dont_share_socialmedia":false,"_wpscppro_custom_social_share_image":0,"_facebook_share_type":"default","_twitter_share_type":"default","_linkedin_share_type":"default","_pinterest_share_type":"default","_linkedin_share_type_page":"","_instagram_share_type":"default","_medium_share_type":"default","_threads_share_type":"default","_google_business_share_type":"default","_selected_social_profile":[],"_wpsp_enable_custom_social_template":false,"_wpsp_social_scheduling":{"enabled":false,"datetime":null,"platforms":[],"status":"template_only","dateOption":"today","timeOption":"now","customDays":"","customHours":"","customDate":"","customTime":"","schedulingType":"absolute"},"_wpsp_active_default_template":true},"categories":[52,27],"tags":[],"class_list":["post-73245","post","type-post","status-publish","format-standard","has-post-thumbnail","hentry","category-a-la-une","category-actualite"],"aioseo_notices":[],"yoast_head":"<!-- This site is optimized with the Yoast SEO plugin v27.5 - https:\/\/yoast.com\/product\/yoast-seo-wordpress\/ -->\n<title>Tomber de rideau sur l\u2019IATF 2025\u00a0: Un triomphe qui confirme le leadership de l\u2019Alg\u00e9rie - La Sentinelle<\/title>\n<meta name=\"robots\" content=\"index, follow, max-snippet:-1, max-image-preview:large, max-video-preview:-1\" \/>\n<link rel=\"canonical\" href=\"https:\/\/lasentinelle.dz\/index.php\/2025\/09\/11\/tomber-de-rideau-sur-liatf-2025-un-triomphe-qui-confirme-le-leadership-de-lalgerie\/\" \/>\n<meta property=\"og:locale\" content=\"fr_FR\" \/>\n<meta property=\"og:type\" content=\"article\" \/>\n<meta property=\"og:title\" content=\"Tomber de rideau sur l\u2019IATF 2025\u00a0: Un triomphe qui confirme le leadership de l\u2019Alg\u00e9rie - La Sentinelle\" \/>\n<meta property=\"og:description\" content=\"La quatri\u00e8me \u00e9dition de la Foire commerciale intra-africaine (IATF 2025) s&rsquo;est achev\u00e9e mercredi au Palais des expositions des Pins maritimes\" \/>\n<meta property=\"og:url\" content=\"https:\/\/lasentinelle.dz\/index.php\/2025\/09\/11\/tomber-de-rideau-sur-liatf-2025-un-triomphe-qui-confirme-le-leadership-de-lalgerie\/\" \/>\n<meta property=\"og:site_name\" content=\"La Sentinelle\" \/>\n<meta property=\"article:publisher\" content=\"https:\/\/www.facebook.com\/La-Sentinelle-104059864394773\" \/>\n<meta property=\"article:published_time\" content=\"2025-09-11T10:37:00+00:00\" \/>\n<meta property=\"article:modified_time\" content=\"2025-09-12T19:37:44+00:00\" \/>\n<meta property=\"og:image\" content=\"https:\/\/lasentinelle.dz\/wp-content\/uploads\/2025\/09\/IATF-2.jpg\" \/>\n\t<meta property=\"og:image:width\" content=\"1080\" \/>\n\t<meta property=\"og:image:height\" content=\"720\" \/>\n\t<meta property=\"og:image:type\" content=\"image\/jpeg\" \/>\n<meta name=\"author\" content=\"admin\" \/>\n<meta name=\"twitter:card\" content=\"summary_large_image\" \/>\n<meta name=\"twitter:label1\" content=\"\u00c9crit par\" \/>\n\t<meta name=\"twitter:data1\" content=\"admin\" \/>\n\t<meta name=\"twitter:label2\" content=\"Dur\u00e9e de lecture estim\u00e9e\" \/>\n\t<meta name=\"twitter:data2\" content=\"4 minutes\" \/>\n<script type=\"application\/ld+json\" class=\"yoast-schema-graph\">{\"@context\":\"https:\\\/\\\/schema.org\",\"@graph\":[{\"@type\":\"Article\",\"@id\":\"https:\\\/\\\/lasentinelle.dz\\\/index.php\\\/2025\\\/09\\\/11\\\/tomber-de-rideau-sur-liatf-2025-un-triomphe-qui-confirme-le-leadership-de-lalgerie\\\/#article\",\"isPartOf\":{\"@id\":\"https:\\\/\\\/lasentinelle.dz\\\/index.php\\\/2025\\\/09\\\/11\\\/tomber-de-rideau-sur-liatf-2025-un-triomphe-qui-confirme-le-leadership-de-lalgerie\\\/\"},\"author\":{\"name\":\"admin\",\"@id\":\"https:\\\/\\\/lasentinelle.dz\\\/#\\\/schema\\\/person\\\/729ee0024f24e0b8c5ec17232f8e8b41\"},\"headline\":\"Tomber de rideau sur l\u2019IATF 2025\u00a0: Un triomphe qui confirme le leadership de l\u2019Alg\u00e9rie\",\"datePublished\":\"2025-09-11T10:37:00+00:00\",\"dateModified\":\"2025-09-12T19:37:44+00:00\",\"mainEntityOfPage\":{\"@id\":\"https:\\\/\\\/lasentinelle.dz\\\/index.php\\\/2025\\\/09\\\/11\\\/tomber-de-rideau-sur-liatf-2025-un-triomphe-qui-confirme-le-leadership-de-lalgerie\\\/\"},\"wordCount\":808,\"commentCount\":0,\"publisher\":{\"@id\":\"https:\\\/\\\/lasentinelle.dz\\\/#organization\"},\"image\":{\"@id\":\"https:\\\/\\\/lasentinelle.dz\\\/index.php\\\/2025\\\/09\\\/11\\\/tomber-de-rideau-sur-liatf-2025-un-triomphe-qui-confirme-le-leadership-de-lalgerie\\\/#primaryimage\"},\"thumbnailUrl\":\"https:\\\/\\\/lasentinelle.dz\\\/wp-content\\\/uploads\\\/2025\\\/09\\\/IATF-2.jpg\",\"articleSection\":[\"\u00c0 la Une\",\"Actualit\u00e9\"],\"inLanguage\":\"fr-FR\",\"potentialAction\":[{\"@type\":\"CommentAction\",\"name\":\"Comment\",\"target\":[\"https:\\\/\\\/lasentinelle.dz\\\/index.php\\\/2025\\\/09\\\/11\\\/tomber-de-rideau-sur-liatf-2025-un-triomphe-qui-confirme-le-leadership-de-lalgerie\\\/#respond\"]}]},{\"@type\":\"WebPage\",\"@id\":\"https:\\\/\\\/lasentinelle.dz\\\/index.php\\\/2025\\\/09\\\/11\\\/tomber-de-rideau-sur-liatf-2025-un-triomphe-qui-confirme-le-leadership-de-lalgerie\\\/\",\"url\":\"https:\\\/\\\/lasentinelle.dz\\\/index.php\\\/2025\\\/09\\\/11\\\/tomber-de-rideau-sur-liatf-2025-un-triomphe-qui-confirme-le-leadership-de-lalgerie\\\/\",\"name\":\"Tomber de rideau sur l\u2019IATF 2025\u00a0: Un triomphe qui confirme le leadership de l\u2019Alg\u00e9rie - La Sentinelle\",\"isPartOf\":{\"@id\":\"https:\\\/\\\/lasentinelle.dz\\\/#website\"},\"primaryImageOfPage\":{\"@id\":\"https:\\\/\\\/lasentinelle.dz\\\/index.php\\\/2025\\\/09\\\/11\\\/tomber-de-rideau-sur-liatf-2025-un-triomphe-qui-confirme-le-leadership-de-lalgerie\\\/#primaryimage\"},\"image\":{\"@id\":\"https:\\\/\\\/lasentinelle.dz\\\/index.php\\\/2025\\\/09\\\/11\\\/tomber-de-rideau-sur-liatf-2025-un-triomphe-qui-confirme-le-leadership-de-lalgerie\\\/#primaryimage\"},\"thumbnailUrl\":\"https:\\\/\\\/lasentinelle.dz\\\/wp-content\\\/uploads\\\/2025\\\/09\\\/IATF-2.jpg\",\"datePublished\":\"2025-09-11T10:37:00+00:00\",\"dateModified\":\"2025-09-12T19:37:44+00:00\",\"breadcrumb\":{\"@id\":\"https:\\\/\\\/lasentinelle.dz\\\/index.php\\\/2025\\\/09\\\/11\\\/tomber-de-rideau-sur-liatf-2025-un-triomphe-qui-confirme-le-leadership-de-lalgerie\\\/#breadcrumb\"},\"inLanguage\":\"fr-FR\",\"potentialAction\":[{\"@type\":\"ReadAction\",\"target\":[\"https:\\\/\\\/lasentinelle.dz\\\/index.php\\\/2025\\\/09\\\/11\\\/tomber-de-rideau-sur-liatf-2025-un-triomphe-qui-confirme-le-leadership-de-lalgerie\\\/\"]}]},{\"@type\":\"ImageObject\",\"inLanguage\":\"fr-FR\",\"@id\":\"https:\\\/\\\/lasentinelle.dz\\\/index.php\\\/2025\\\/09\\\/11\\\/tomber-de-rideau-sur-liatf-2025-un-triomphe-qui-confirme-le-leadership-de-lalgerie\\\/#primaryimage\",\"url\":\"https:\\\/\\\/lasentinelle.dz\\\/wp-content\\\/uploads\\\/2025\\\/09\\\/IATF-2.jpg\",\"contentUrl\":\"https:\\\/\\\/lasentinelle.dz\\\/wp-content\\\/uploads\\\/2025\\\/09\\\/IATF-2.jpg\",\"width\":1080,\"height\":720},{\"@type\":\"BreadcrumbList\",\"@id\":\"https:\\\/\\\/lasentinelle.dz\\\/index.php\\\/2025\\\/09\\\/11\\\/tomber-de-rideau-sur-liatf-2025-un-triomphe-qui-confirme-le-leadership-de-lalgerie\\\/#breadcrumb\",\"itemListElement\":[{\"@type\":\"ListItem\",\"position\":1,\"name\":\"Accueil\",\"item\":\"https:\\\/\\\/lasentinelle.dz\\\/\"},{\"@type\":\"ListItem\",\"position\":2,\"name\":\"Tomber de rideau sur l\u2019IATF 2025\u00a0: Un triomphe qui confirme le leadership de l\u2019Alg\u00e9rie\"}]},{\"@type\":\"WebSite\",\"@id\":\"https:\\\/\\\/lasentinelle.dz\\\/#website\",\"url\":\"https:\\\/\\\/lasentinelle.dz\\\/\",\"name\":\"La Sentinelle\",\"description\":\"Quotidien national d&#039;information\",\"publisher\":{\"@id\":\"https:\\\/\\\/lasentinelle.dz\\\/#organization\"},\"potentialAction\":[{\"@type\":\"SearchAction\",\"target\":{\"@type\":\"EntryPoint\",\"urlTemplate\":\"https:\\\/\\\/lasentinelle.dz\\\/?s={search_term_string}\"},\"query-input\":{\"@type\":\"PropertyValueSpecification\",\"valueRequired\":true,\"valueName\":\"search_term_string\"}}],\"inLanguage\":\"fr-FR\"},{\"@type\":\"Organization\",\"@id\":\"https:\\\/\\\/lasentinelle.dz\\\/#organization\",\"name\":\"Quotidien La Sentinelle\",\"url\":\"https:\\\/\\\/lasentinelle.dz\\\/\",\"logo\":{\"@type\":\"ImageObject\",\"inLanguage\":\"fr-FR\",\"@id\":\"https:\\\/\\\/lasentinelle.dz\\\/#\\\/schema\\\/logo\\\/image\\\/\",\"url\":\"https:\\\/\\\/lasentinelle.dz\\\/wp-content\\\/uploads\\\/2021\\\/09\\\/logo-sentinelleSLOGAN-1.png\",\"contentUrl\":\"https:\\\/\\\/lasentinelle.dz\\\/wp-content\\\/uploads\\\/2021\\\/09\\\/logo-sentinelleSLOGAN-1.png\",\"width\":615,\"height\":142,\"caption\":\"Quotidien La Sentinelle\"},\"image\":{\"@id\":\"https:\\\/\\\/lasentinelle.dz\\\/#\\\/schema\\\/logo\\\/image\\\/\"},\"sameAs\":[\"https:\\\/\\\/www.facebook.com\\\/La-Sentinelle-104059864394773\"]},{\"@type\":\"Person\",\"@id\":\"https:\\\/\\\/lasentinelle.dz\\\/#\\\/schema\\\/person\\\/729ee0024f24e0b8c5ec17232f8e8b41\",\"name\":\"admin\",\"image\":{\"@type\":\"ImageObject\",\"inLanguage\":\"fr-FR\",\"@id\":\"https:\\\/\\\/secure.gravatar.com\\\/avatar\\\/4c81fed838786e9b53f540bf46533e750f5d292099ae3b66cfc6fb1982e29df7?s=96&d=mm&r=g\",\"url\":\"https:\\\/\\\/secure.gravatar.com\\\/avatar\\\/4c81fed838786e9b53f540bf46533e750f5d292099ae3b66cfc6fb1982e29df7?s=96&d=mm&r=g\",\"contentUrl\":\"https:\\\/\\\/secure.gravatar.com\\\/avatar\\\/4c81fed838786e9b53f540bf46533e750f5d292099ae3b66cfc6fb1982e29df7?s=96&d=mm&r=g\",\"caption\":\"admin\"},\"description\":\"admin\",\"url\":\"https:\\\/\\\/lasentinelle.dz\\\/author\\\/admin\\\/\"}]}<\/script>\n<!-- \/ Yoast SEO plugin. -->","yoast_head_json":{"title":"Tomber de rideau sur l\u2019IATF 2025\u00a0: Un triomphe qui confirme le leadership de l\u2019Alg\u00e9rie - La Sentinelle","robots":{"index":"index","follow":"follow","max-snippet":"max-snippet:-1","max-image-preview":"max-image-preview:large","max-video-preview":"max-video-preview:-1"},"canonical":"https:\/\/lasentinelle.dz\/index.php\/2025\/09\/11\/tomber-de-rideau-sur-liatf-2025-un-triomphe-qui-confirme-le-leadership-de-lalgerie\/","og_locale":"fr_FR","og_type":"article","og_title":"Tomber de rideau sur l\u2019IATF 2025\u00a0: Un triomphe qui confirme le leadership de l\u2019Alg\u00e9rie - La Sentinelle","og_description":"La quatri\u00e8me \u00e9dition de la Foire commerciale intra-africaine (IATF 2025) s&rsquo;est achev\u00e9e mercredi au Palais des expositions des Pins maritimes","og_url":"https:\/\/lasentinelle.dz\/index.php\/2025\/09\/11\/tomber-de-rideau-sur-liatf-2025-un-triomphe-qui-confirme-le-leadership-de-lalgerie\/","og_site_name":"La Sentinelle","article_publisher":"https:\/\/www.facebook.com\/La-Sentinelle-104059864394773","article_published_time":"2025-09-11T10:37:00+00:00","article_modified_time":"2025-09-12T19:37:44+00:00","og_image":[{"width":1080,"height":720,"url":"https:\/\/lasentinelle.dz\/wp-content\/uploads\/2025\/09\/IATF-2.jpg","type":"image\/jpeg"}],"author":"admin","twitter_card":"summary_large_image","twitter_misc":{"\u00c9crit par":"admin","Dur\u00e9e de lecture estim\u00e9e":"4 minutes"},"schema":{"@context":"https:\/\/schema.org","@graph":[{"@type":"Article","@id":"https:\/\/lasentinelle.dz\/index.php\/2025\/09\/11\/tomber-de-rideau-sur-liatf-2025-un-triomphe-qui-confirme-le-leadership-de-lalgerie\/#article","isPartOf":{"@id":"https:\/\/lasentinelle.dz\/index.php\/2025\/09\/11\/tomber-de-rideau-sur-liatf-2025-un-triomphe-qui-confirme-le-leadership-de-lalgerie\/"},"author":{"name":"admin","@id":"https:\/\/lasentinelle.dz\/#\/schema\/person\/729ee0024f24e0b8c5ec17232f8e8b41"},"headline":"Tomber de rideau sur l\u2019IATF 2025\u00a0: Un triomphe qui confirme le leadership de l\u2019Alg\u00e9rie","datePublished":"2025-09-11T10:37:00+00:00","dateModified":"2025-09-12T19:37:44+00:00","mainEntityOfPage":{"@id":"https:\/\/lasentinelle.dz\/index.php\/2025\/09\/11\/tomber-de-rideau-sur-liatf-2025-un-triomphe-qui-confirme-le-leadership-de-lalgerie\/"},"wordCount":808,"commentCount":0,"publisher":{"@id":"https:\/\/lasentinelle.dz\/#organization"},"image":{"@id":"https:\/\/lasentinelle.dz\/index.php\/2025\/09\/11\/tomber-de-rideau-sur-liatf-2025-un-triomphe-qui-confirme-le-leadership-de-lalgerie\/#primaryimage"},"thumbnailUrl":"https:\/\/lasentinelle.dz\/wp-content\/uploads\/2025\/09\/IATF-2.jpg","articleSection":["\u00c0 la Une","Actualit\u00e9"],"inLanguage":"fr-FR","potentialAction":[{"@type":"CommentAction","name":"Comment","target":["https:\/\/lasentinelle.dz\/index.php\/2025\/09\/11\/tomber-de-rideau-sur-liatf-2025-un-triomphe-qui-confirme-le-leadership-de-lalgerie\/#respond"]}]},{"@type":"WebPage","@id":"https:\/\/lasentinelle.dz\/index.php\/2025\/09\/11\/tomber-de-rideau-sur-liatf-2025-un-triomphe-qui-confirme-le-leadership-de-lalgerie\/","url":"https:\/\/lasentinelle.dz\/index.php\/2025\/09\/11\/tomber-de-rideau-sur-liatf-2025-un-triomphe-qui-confirme-le-leadership-de-lalgerie\/","name":"Tomber de rideau sur l\u2019IATF 2025\u00a0: Un triomphe qui confirme le leadership de l\u2019Alg\u00e9rie - La Sentinelle","isPartOf":{"@id":"https:\/\/lasentinelle.dz\/#website"},"primaryImageOfPage":{"@id":"https:\/\/lasentinelle.dz\/index.php\/2025\/09\/11\/tomber-de-rideau-sur-liatf-2025-un-triomphe-qui-confirme-le-leadership-de-lalgerie\/#primaryimage"},"image":{"@id":"https:\/\/lasentinelle.dz\/index.php\/2025\/09\/11\/tomber-de-rideau-sur-liatf-2025-un-triomphe-qui-confirme-le-leadership-de-lalgerie\/#primaryimage"},"thumbnailUrl":"https:\/\/lasentinelle.dz\/wp-content\/uploads\/2025\/09\/IATF-2.jpg","datePublished":"2025-09-11T10:37:00+00:00","dateModified":"2025-09-12T19:37:44+00:00","breadcrumb":{"@id":"https:\/\/lasentinelle.dz\/index.php\/2025\/09\/11\/tomber-de-rideau-sur-liatf-2025-un-triomphe-qui-confirme-le-leadership-de-lalgerie\/#breadcrumb"},"inLanguage":"fr-FR","potentialAction":[{"@type":"ReadAction","target":["https:\/\/lasentinelle.dz\/index.php\/2025\/09\/11\/tomber-de-rideau-sur-liatf-2025-un-triomphe-qui-confirme-le-leadership-de-lalgerie\/"]}]},{"@type":"ImageObject","inLanguage":"fr-FR","@id":"https:\/\/lasentinelle.dz\/index.php\/2025\/09\/11\/tomber-de-rideau-sur-liatf-2025-un-triomphe-qui-confirme-le-leadership-de-lalgerie\/#primaryimage","url":"https:\/\/lasentinelle.dz\/wp-content\/uploads\/2025\/09\/IATF-2.jpg","contentUrl":"https:\/\/lasentinelle.dz\/wp-content\/uploads\/2025\/09\/IATF-2.jpg","width":1080,"height":720},{"@type":"BreadcrumbList","@id":"https:\/\/lasentinelle.dz\/index.php\/2025\/09\/11\/tomber-de-rideau-sur-liatf-2025-un-triomphe-qui-confirme-le-leadership-de-lalgerie\/#breadcrumb","itemListElement":[{"@type":"ListItem","position":1,"name":"Accueil","item":"https:\/\/lasentinelle.dz\/"},{"@type":"ListItem","position":2,"name":"Tomber de rideau sur l\u2019IATF 2025\u00a0: Un triomphe qui confirme le leadership de l\u2019Alg\u00e9rie"}]},{"@type":"WebSite","@id":"https:\/\/lasentinelle.dz\/#website","url":"https:\/\/lasentinelle.dz\/","name":"La Sentinelle","description":"Quotidien national d&#039;information","publisher":{"@id":"https:\/\/lasentinelle.dz\/#organization"},"potentialAction":[{"@type":"SearchAction","target":{"@type":"EntryPoint","urlTemplate":"https:\/\/lasentinelle.dz\/?s={search_term_string}"},"query-input":{"@type":"PropertyValueSpecification","valueRequired":true,"valueName":"search_term_string"}}],"inLanguage":"fr-FR"},{"@type":"Organization","@id":"https:\/\/lasentinelle.dz\/#organization","name":"Quotidien La Sentinelle","url":"https:\/\/lasentinelle.dz\/","logo":{"@type":"ImageObject","inLanguage":"fr-FR","@id":"https:\/\/lasentinelle.dz\/#\/schema\/logo\/image\/","url":"https:\/\/lasentinelle.dz\/wp-content\/uploads\/2021\/09\/logo-sentinelleSLOGAN-1.png","contentUrl":"https:\/\/lasentinelle.dz\/wp-content\/uploads\/2021\/09\/logo-sentinelleSLOGAN-1.png","width":615,"height":142,"caption":"Quotidien La Sentinelle"},"image":{"@id":"https:\/\/lasentinelle.dz\/#\/schema\/logo\/image\/"},"sameAs":["https:\/\/www.facebook.com\/La-Sentinelle-104059864394773"]},{"@type":"Person","@id":"https:\/\/lasentinelle.dz\/#\/schema\/person\/729ee0024f24e0b8c5ec17232f8e8b41","name":"admin","image":{"@type":"ImageObject","inLanguage":"fr-FR","@id":"https:\/\/secure.gravatar.com\/avatar\/4c81fed838786e9b53f540bf46533e750f5d292099ae3b66cfc6fb1982e29df7?s=96&d=mm&r=g","url":"https:\/\/secure.gravatar.com\/avatar\/4c81fed838786e9b53f540bf46533e750f5d292099ae3b66cfc6fb1982e29df7?s=96&d=mm&r=g","contentUrl":"https:\/\/secure.gravatar.com\/avatar\/4c81fed838786e9b53f540bf46533e750f5d292099ae3b66cfc6fb1982e29df7?s=96&d=mm&r=g","caption":"admin"},"description":"admin","url":"https:\/\/lasentinelle.dz\/author\/admin\/"}]}},"_links":{"self":[{"href":"https:\/\/lasentinelle.dz\/index.php\/wp-json\/wp\/v2\/posts\/73245","targetHints":{"allow":["GET"]}}],"collection":[{"href":"https:\/\/lasentinelle.dz\/index.php\/wp-json\/wp\/v2\/posts"}],"about":[{"href":"https:\/\/lasentinelle.dz\/index.php\/wp-json\/wp\/v2\/types\/post"}],"author":[{"embeddable":true,"href":"https:\/\/lasentinelle.dz\/index.php\/wp-json\/wp\/v2\/users\/6"}],"replies":[{"embeddable":true,"href":"https:\/\/lasentinelle.dz\/index.php\/wp-json\/wp\/v2\/comments?post=73245"}],"version-history":[{"count":1,"href":"https:\/\/lasentinelle.dz\/index.php\/wp-json\/wp\/v2\/posts\/73245\/revisions"}],"predecessor-version":[{"id":73247,"href":"https:\/\/lasentinelle.dz\/index.php\/wp-json\/wp\/v2\/posts\/73245\/revisions\/73247"}],"wp:featuredmedia":[{"embeddable":true,"href":"https:\/\/lasentinelle.dz\/index.php\/wp-json\/wp\/v2\/media\/73246"}],"wp:attachment":[{"href":"https:\/\/lasentinelle.dz\/index.php\/wp-json\/wp\/v2\/media?parent=73245"}],"wp:term":[{"taxonomy":"category","embeddable":true,"href":"https:\/\/lasentinelle.dz\/index.php\/wp-json\/wp\/v2\/categories?post=73245"},{"taxonomy":"post_tag","embeddable":true,"href":"https:\/\/lasentinelle.dz\/index.php\/wp-json\/wp\/v2\/tags?post=73245"}],"curies":[{"name":"wp","href":"https:\/\/api.w.org\/{rel}","templated":true}]}}