{"id":73248,"date":"2025-09-14T12:17:47","date_gmt":"2025-09-14T11:17:47","guid":{"rendered":"https:\/\/lasentinelle.dz\/?p=73248"},"modified":"2025-09-14T12:17:47","modified_gmt":"2025-09-14T11:17:47","slug":"formation-les-perspectives-des-jeunes-aux-besoins-specifiques-au-coeur-dun-atelier","status":"publish","type":"post","link":"https:\/\/lasentinelle.dz\/index.php\/2025\/09\/14\/formation-les-perspectives-des-jeunes-aux-besoins-specifiques-au-coeur-dun-atelier\/","title":{"rendered":"Formation\u00a0: Les perspectives des jeunes aux besoins sp\u00e9cifiques au c\u0153ur d\u2019un atelier"},"content":{"rendered":"\n<p>Le Centre international de la jeunesse de Sidi Fredj a accueilli vendredi un \u00e9v\u00e9nement majeur destin\u00e9 \u00e0 transformer l&rsquo;avenir professionnel des jeunes en situation de handicap. Organis\u00e9 sous la houlette de Necib Mourad, directeur de la formation au minist\u00e8re de la Formation et de l&rsquo;Enseignement professionnels, cet \u00ab\u00a0atelier interactif\u00a0\u00bb est, selon un communiqu\u00e9 du CSJ, consacr\u00e9 aux \u00ab\u00a0sp\u00e9cialit\u00e9s de formation destin\u00e9es aux jeunes aux besoins sp\u00e9cifiques\u00a0\u00bb et marque une \u00e9tape significative dans l&rsquo;inclusion sociale et professionnelle de cette population. L&rsquo;initiative s&rsquo;inscrit dans le cadre du \u00ab\u00a0programme arr\u00eat\u00e9 pour le camp des jeunes aux besoins sp\u00e9cifiques\u00a0\u00bb, organis\u00e9 du 11 au 15 septembre par le Conseil sup\u00e9rieur de la jeunesse (CSJ). Cette rencontre intervient dans un contexte o\u00f9 l&rsquo;Alg\u00e9rie intensifie ses efforts pour garantir l&rsquo;\u00e9galit\u00e9 des chances et l&rsquo;autonomisation \u00e9conomique de tous ses citoyens, particuli\u00e8rement les plus vuln\u00e9rables. Les participants ont mis l&rsquo;accent sur \u00ab\u00a0l&rsquo;importance de la formation professionnelle en tant que levier essentiel pour l&rsquo;autonomisation des jeunes aux besoins sp\u00e9cifiques, \u00e0 travers l&rsquo;acquisition des comp\u00e9tences n\u00e9cessaires \u00e0 leur insertion professionnelle et l&rsquo;\u00e9largissement de leurs perspectives dans divers domaines professionnels r\u00e9pondant \u00e0 leurs besoins et \u00e0 leurs aspirations\u00a0\u00bb. L&rsquo;atelier a permis d&rsquo;explorer les diff\u00e9rents programmes de formation disponibles au niveau national, r\u00e9v\u00e9lant les \u00ab\u00a0facilitations et m\u00e9canismes mis en place par l&rsquo;Etat pour garantir \u00e0 cette cat\u00e9gorie l&rsquo;acc\u00e8s aux opportunit\u00e9s de formations, de mani\u00e8re \u00e0 renforcer leurs capacit\u00e9s \u00e0 d\u00e9velopper des carri\u00e8res professionnelles r\u00e9ussies et \u00e0 favoriser leur autonomisation \u00e9conomique et sociale\u00a0\u00bb. Cette initiative t\u00e9moigne d&rsquo;une approche globale visant \u00e0 \u00ab\u00a0d\u00e9couvrir de pr\u00e8s les moyens mis en place par le secteur de la formation et de l&rsquo;enseignement professionnels et l&rsquo;importance d&rsquo;investir dans la formation en tant qu&rsquo;outil de cons\u00e9cration du principe de l&rsquo;\u00e9galit\u00e9 des chances et de l&rsquo;insertion effective dans la soci\u00e9t\u00e9\u00a0\u00bb. Le camp se poursuit avec d&rsquo;autres ateliers et activit\u00e9s vari\u00e9es destin\u00e9s \u00e0 \u00ab\u00a0perfectionner les comp\u00e9tences des participants et \u00e0 valoriser leurs \u00e9nergies, dans le cadre de la vision du CSJ tendant \u00e0 promouvoir l&rsquo;esprit de solidarit\u00e9 et \u00e0 consacrer les valeurs de l&rsquo;insertion sociale\u00a0\u00bb, confirmant l&rsquo;engagement des autorit\u00e9s pour une soci\u00e9t\u00e9 plus inclusive et \u00e9quitable.<\/p>\n\n\n\n<p>Lyna Larbi<\/p>\n","protected":false},"excerpt":{"rendered":"<p>Le Centre international de la jeunesse de Sidi Fredj a accueilli vendredi un \u00e9v\u00e9nement majeur destin\u00e9 \u00e0 transformer l&rsquo;avenir professionnel<\/p>\n","protected":false},"author":6,"featured_media":0,"comment_status":"open","ping_status":"closed","sticky":false,"template":"","format":"standard","meta":{"colormag_page_container_layout":"default_layout","colormag_page_sidebar_layout":"default_layout","om_disable_all_campaigns":false,"_monsterinsights_skip_tracking":false,"_monsterinsights_sitenote_active":false,"_monsterinsights_sitenote_note":"","_monsterinsights_sitenote_category":0,"footnotes":"","_wpscppro_dont_share_socialmedia":false,"_wpscppro_custom_social_share_image":0,"_facebook_share_type":"default","_twitter_share_type":"default","_linkedin_share_type":"default","_pinterest_share_type":"default","_linkedin_share_type_page":"","_instagram_share_type":"default","_medium_share_type":"default","_threads_share_type":"default","_google_business_share_type":"default","_selected_social_profile":[],"_wpsp_enable_custom_social_template":false,"_wpsp_social_scheduling":{"enabled":false,"datetime":null,"platforms":[],"status":"template_only","dateOption":"today","timeOption":"now","customDays":"","customHours":"","customDate":"","customTime":"","schedulingType":"absolute"},"_wpsp_active_default_template":true},"categories":[27],"tags":[],"class_list":["post-73248","post","type-post","status-publish","format-standard","hentry","category-actualite"],"aioseo_notices":[],"yoast_head":"<!-- This site is optimized with the Yoast SEO plugin v27.5 - https:\/\/yoast.com\/product\/yoast-seo-wordpress\/ -->\n<title>Formation\u00a0: Les perspectives des jeunes aux besoins sp\u00e9cifiques au c\u0153ur d\u2019un atelier - La Sentinelle<\/title>\n<meta name=\"robots\" content=\"index, follow, max-snippet:-1, max-image-preview:large, max-video-preview:-1\" \/>\n<link rel=\"canonical\" href=\"https:\/\/lasentinelle.dz\/index.php\/2025\/09\/14\/formation-les-perspectives-des-jeunes-aux-besoins-specifiques-au-coeur-dun-atelier\/\" \/>\n<meta property=\"og:locale\" content=\"fr_FR\" \/>\n<meta property=\"og:type\" content=\"article\" \/>\n<meta property=\"og:title\" content=\"Formation\u00a0: Les perspectives des jeunes aux besoins sp\u00e9cifiques au c\u0153ur d\u2019un atelier - La Sentinelle\" \/>\n<meta property=\"og:description\" content=\"Le Centre international de la jeunesse de Sidi Fredj a accueilli vendredi un \u00e9v\u00e9nement majeur destin\u00e9 \u00e0 transformer l&rsquo;avenir professionnel\" \/>\n<meta property=\"og:url\" content=\"https:\/\/lasentinelle.dz\/index.php\/2025\/09\/14\/formation-les-perspectives-des-jeunes-aux-besoins-specifiques-au-coeur-dun-atelier\/\" \/>\n<meta property=\"og:site_name\" content=\"La Sentinelle\" \/>\n<meta property=\"article:publisher\" content=\"https:\/\/www.facebook.com\/La-Sentinelle-104059864394773\" \/>\n<meta property=\"article:published_time\" content=\"2025-09-14T11:17:47+00:00\" \/>\n<meta name=\"author\" content=\"admin\" \/>\n<meta name=\"twitter:card\" content=\"summary_large_image\" \/>\n<meta name=\"twitter:label1\" content=\"\u00c9crit par\" \/>\n\t<meta name=\"twitter:data1\" content=\"admin\" \/>\n\t<meta name=\"twitter:label2\" content=\"Dur\u00e9e de lecture estim\u00e9e\" \/>\n\t<meta name=\"twitter:data2\" content=\"2 minutes\" \/>\n<script type=\"application\/ld+json\" class=\"yoast-schema-graph\">{\"@context\":\"https:\\\/\\\/schema.org\",\"@graph\":[{\"@type\":\"Article\",\"@id\":\"https:\\\/\\\/lasentinelle.dz\\\/index.php\\\/2025\\\/09\\\/14\\\/formation-les-perspectives-des-jeunes-aux-besoins-specifiques-au-coeur-dun-atelier\\\/#article\",\"isPartOf\":{\"@id\":\"https:\\\/\\\/lasentinelle.dz\\\/index.php\\\/2025\\\/09\\\/14\\\/formation-les-perspectives-des-jeunes-aux-besoins-specifiques-au-coeur-dun-atelier\\\/\"},\"author\":{\"name\":\"admin\",\"@id\":\"https:\\\/\\\/lasentinelle.dz\\\/#\\\/schema\\\/person\\\/729ee0024f24e0b8c5ec17232f8e8b41\"},\"headline\":\"Formation\u00a0: Les perspectives des jeunes aux besoins sp\u00e9cifiques au c\u0153ur d\u2019un atelier\",\"datePublished\":\"2025-09-14T11:17:47+00:00\",\"mainEntityOfPage\":{\"@id\":\"https:\\\/\\\/lasentinelle.dz\\\/index.php\\\/2025\\\/09\\\/14\\\/formation-les-perspectives-des-jeunes-aux-besoins-specifiques-au-coeur-dun-atelier\\\/\"},\"wordCount\":412,\"commentCount\":0,\"publisher\":{\"@id\":\"https:\\\/\\\/lasentinelle.dz\\\/#organization\"},\"articleSection\":[\"Actualit\u00e9\"],\"inLanguage\":\"fr-FR\",\"potentialAction\":[{\"@type\":\"CommentAction\",\"name\":\"Comment\",\"target\":[\"https:\\\/\\\/lasentinelle.dz\\\/index.php\\\/2025\\\/09\\\/14\\\/formation-les-perspectives-des-jeunes-aux-besoins-specifiques-au-coeur-dun-atelier\\\/#respond\"]}]},{\"@type\":\"WebPage\",\"@id\":\"https:\\\/\\\/lasentinelle.dz\\\/index.php\\\/2025\\\/09\\\/14\\\/formation-les-perspectives-des-jeunes-aux-besoins-specifiques-au-coeur-dun-atelier\\\/\",\"url\":\"https:\\\/\\\/lasentinelle.dz\\\/index.php\\\/2025\\\/09\\\/14\\\/formation-les-perspectives-des-jeunes-aux-besoins-specifiques-au-coeur-dun-atelier\\\/\",\"name\":\"Formation\u00a0: Les perspectives des jeunes aux besoins sp\u00e9cifiques au c\u0153ur d\u2019un atelier - La Sentinelle\",\"isPartOf\":{\"@id\":\"https:\\\/\\\/lasentinelle.dz\\\/#website\"},\"datePublished\":\"2025-09-14T11:17:47+00:00\",\"breadcrumb\":{\"@id\":\"https:\\\/\\\/lasentinelle.dz\\\/index.php\\\/2025\\\/09\\\/14\\\/formation-les-perspectives-des-jeunes-aux-besoins-specifiques-au-coeur-dun-atelier\\\/#breadcrumb\"},\"inLanguage\":\"fr-FR\",\"potentialAction\":[{\"@type\":\"ReadAction\",\"target\":[\"https:\\\/\\\/lasentinelle.dz\\\/index.php\\\/2025\\\/09\\\/14\\\/formation-les-perspectives-des-jeunes-aux-besoins-specifiques-au-coeur-dun-atelier\\\/\"]}]},{\"@type\":\"BreadcrumbList\",\"@id\":\"https:\\\/\\\/lasentinelle.dz\\\/index.php\\\/2025\\\/09\\\/14\\\/formation-les-perspectives-des-jeunes-aux-besoins-specifiques-au-coeur-dun-atelier\\\/#breadcrumb\",\"itemListElement\":[{\"@type\":\"ListItem\",\"position\":1,\"name\":\"Accueil\",\"item\":\"https:\\\/\\\/lasentinelle.dz\\\/\"},{\"@type\":\"ListItem\",\"position\":2,\"name\":\"Formation\u00a0: Les perspectives des jeunes aux besoins sp\u00e9cifiques au c\u0153ur d\u2019un atelier\"}]},{\"@type\":\"WebSite\",\"@id\":\"https:\\\/\\\/lasentinelle.dz\\\/#website\",\"url\":\"https:\\\/\\\/lasentinelle.dz\\\/\",\"name\":\"La Sentinelle\",\"description\":\"Quotidien national d&#039;information\",\"publisher\":{\"@id\":\"https:\\\/\\\/lasentinelle.dz\\\/#organization\"},\"potentialAction\":[{\"@type\":\"SearchAction\",\"target\":{\"@type\":\"EntryPoint\",\"urlTemplate\":\"https:\\\/\\\/lasentinelle.dz\\\/?s={search_term_string}\"},\"query-input\":{\"@type\":\"PropertyValueSpecification\",\"valueRequired\":true,\"valueName\":\"search_term_string\"}}],\"inLanguage\":\"fr-FR\"},{\"@type\":\"Organization\",\"@id\":\"https:\\\/\\\/lasentinelle.dz\\\/#organization\",\"name\":\"Quotidien La Sentinelle\",\"url\":\"https:\\\/\\\/lasentinelle.dz\\\/\",\"logo\":{\"@type\":\"ImageObject\",\"inLanguage\":\"fr-FR\",\"@id\":\"https:\\\/\\\/lasentinelle.dz\\\/#\\\/schema\\\/logo\\\/image\\\/\",\"url\":\"https:\\\/\\\/lasentinelle.dz\\\/wp-content\\\/uploads\\\/2021\\\/09\\\/logo-sentinelleSLOGAN-1.png\",\"contentUrl\":\"https:\\\/\\\/lasentinelle.dz\\\/wp-content\\\/uploads\\\/2021\\\/09\\\/logo-sentinelleSLOGAN-1.png\",\"width\":615,\"height\":142,\"caption\":\"Quotidien La Sentinelle\"},\"image\":{\"@id\":\"https:\\\/\\\/lasentinelle.dz\\\/#\\\/schema\\\/logo\\\/image\\\/\"},\"sameAs\":[\"https:\\\/\\\/www.facebook.com\\\/La-Sentinelle-104059864394773\"]},{\"@type\":\"Person\",\"@id\":\"https:\\\/\\\/lasentinelle.dz\\\/#\\\/schema\\\/person\\\/729ee0024f24e0b8c5ec17232f8e8b41\",\"name\":\"admin\",\"image\":{\"@type\":\"ImageObject\",\"inLanguage\":\"fr-FR\",\"@id\":\"https:\\\/\\\/secure.gravatar.com\\\/avatar\\\/4c81fed838786e9b53f540bf46533e750f5d292099ae3b66cfc6fb1982e29df7?s=96&d=mm&r=g\",\"url\":\"https:\\\/\\\/secure.gravatar.com\\\/avatar\\\/4c81fed838786e9b53f540bf46533e750f5d292099ae3b66cfc6fb1982e29df7?s=96&d=mm&r=g\",\"contentUrl\":\"https:\\\/\\\/secure.gravatar.com\\\/avatar\\\/4c81fed838786e9b53f540bf46533e750f5d292099ae3b66cfc6fb1982e29df7?s=96&d=mm&r=g\",\"caption\":\"admin\"},\"description\":\"admin\",\"url\":\"https:\\\/\\\/lasentinelle.dz\\\/author\\\/admin\\\/\"}]}<\/script>\n<!-- \/ Yoast SEO plugin. -->","yoast_head_json":{"title":"Formation\u00a0: Les perspectives des jeunes aux besoins sp\u00e9cifiques au c\u0153ur d\u2019un atelier - La Sentinelle","robots":{"index":"index","follow":"follow","max-snippet":"max-snippet:-1","max-image-preview":"max-image-preview:large","max-video-preview":"max-video-preview:-1"},"canonical":"https:\/\/lasentinelle.dz\/index.php\/2025\/09\/14\/formation-les-perspectives-des-jeunes-aux-besoins-specifiques-au-coeur-dun-atelier\/","og_locale":"fr_FR","og_type":"article","og_title":"Formation\u00a0: Les perspectives des jeunes aux besoins sp\u00e9cifiques au c\u0153ur d\u2019un atelier - La Sentinelle","og_description":"Le Centre international de la jeunesse de Sidi Fredj a accueilli vendredi un \u00e9v\u00e9nement majeur destin\u00e9 \u00e0 transformer l&rsquo;avenir professionnel","og_url":"https:\/\/lasentinelle.dz\/index.php\/2025\/09\/14\/formation-les-perspectives-des-jeunes-aux-besoins-specifiques-au-coeur-dun-atelier\/","og_site_name":"La Sentinelle","article_publisher":"https:\/\/www.facebook.com\/La-Sentinelle-104059864394773","article_published_time":"2025-09-14T11:17:47+00:00","author":"admin","twitter_card":"summary_large_image","twitter_misc":{"\u00c9crit par":"admin","Dur\u00e9e de lecture estim\u00e9e":"2 minutes"},"schema":{"@context":"https:\/\/schema.org","@graph":[{"@type":"Article","@id":"https:\/\/lasentinelle.dz\/index.php\/2025\/09\/14\/formation-les-perspectives-des-jeunes-aux-besoins-specifiques-au-coeur-dun-atelier\/#article","isPartOf":{"@id":"https:\/\/lasentinelle.dz\/index.php\/2025\/09\/14\/formation-les-perspectives-des-jeunes-aux-besoins-specifiques-au-coeur-dun-atelier\/"},"author":{"name":"admin","@id":"https:\/\/lasentinelle.dz\/#\/schema\/person\/729ee0024f24e0b8c5ec17232f8e8b41"},"headline":"Formation\u00a0: Les perspectives des jeunes aux besoins sp\u00e9cifiques au c\u0153ur d\u2019un atelier","datePublished":"2025-09-14T11:17:47+00:00","mainEntityOfPage":{"@id":"https:\/\/lasentinelle.dz\/index.php\/2025\/09\/14\/formation-les-perspectives-des-jeunes-aux-besoins-specifiques-au-coeur-dun-atelier\/"},"wordCount":412,"commentCount":0,"publisher":{"@id":"https:\/\/lasentinelle.dz\/#organization"},"articleSection":["Actualit\u00e9"],"inLanguage":"fr-FR","potentialAction":[{"@type":"CommentAction","name":"Comment","target":["https:\/\/lasentinelle.dz\/index.php\/2025\/09\/14\/formation-les-perspectives-des-jeunes-aux-besoins-specifiques-au-coeur-dun-atelier\/#respond"]}]},{"@type":"WebPage","@id":"https:\/\/lasentinelle.dz\/index.php\/2025\/09\/14\/formation-les-perspectives-des-jeunes-aux-besoins-specifiques-au-coeur-dun-atelier\/","url":"https:\/\/lasentinelle.dz\/index.php\/2025\/09\/14\/formation-les-perspectives-des-jeunes-aux-besoins-specifiques-au-coeur-dun-atelier\/","name":"Formation\u00a0: Les perspectives des jeunes aux besoins sp\u00e9cifiques au c\u0153ur d\u2019un atelier - La Sentinelle","isPartOf":{"@id":"https:\/\/lasentinelle.dz\/#website"},"datePublished":"2025-09-14T11:17:47+00:00","breadcrumb":{"@id":"https:\/\/lasentinelle.dz\/index.php\/2025\/09\/14\/formation-les-perspectives-des-jeunes-aux-besoins-specifiques-au-coeur-dun-atelier\/#breadcrumb"},"inLanguage":"fr-FR","potentialAction":[{"@type":"ReadAction","target":["https:\/\/lasentinelle.dz\/index.php\/2025\/09\/14\/formation-les-perspectives-des-jeunes-aux-besoins-specifiques-au-coeur-dun-atelier\/"]}]},{"@type":"BreadcrumbList","@id":"https:\/\/lasentinelle.dz\/index.php\/2025\/09\/14\/formation-les-perspectives-des-jeunes-aux-besoins-specifiques-au-coeur-dun-atelier\/#breadcrumb","itemListElement":[{"@type":"ListItem","position":1,"name":"Accueil","item":"https:\/\/lasentinelle.dz\/"},{"@type":"ListItem","position":2,"name":"Formation\u00a0: Les perspectives des jeunes aux besoins sp\u00e9cifiques au c\u0153ur d\u2019un atelier"}]},{"@type":"WebSite","@id":"https:\/\/lasentinelle.dz\/#website","url":"https:\/\/lasentinelle.dz\/","name":"La Sentinelle","description":"Quotidien national d&#039;information","publisher":{"@id":"https:\/\/lasentinelle.dz\/#organization"},"potentialAction":[{"@type":"SearchAction","target":{"@type":"EntryPoint","urlTemplate":"https:\/\/lasentinelle.dz\/?s={search_term_string}"},"query-input":{"@type":"PropertyValueSpecification","valueRequired":true,"valueName":"search_term_string"}}],"inLanguage":"fr-FR"},{"@type":"Organization","@id":"https:\/\/lasentinelle.dz\/#organization","name":"Quotidien La Sentinelle","url":"https:\/\/lasentinelle.dz\/","logo":{"@type":"ImageObject","inLanguage":"fr-FR","@id":"https:\/\/lasentinelle.dz\/#\/schema\/logo\/image\/","url":"https:\/\/lasentinelle.dz\/wp-content\/uploads\/2021\/09\/logo-sentinelleSLOGAN-1.png","contentUrl":"https:\/\/lasentinelle.dz\/wp-content\/uploads\/2021\/09\/logo-sentinelleSLOGAN-1.png","width":615,"height":142,"caption":"Quotidien La Sentinelle"},"image":{"@id":"https:\/\/lasentinelle.dz\/#\/schema\/logo\/image\/"},"sameAs":["https:\/\/www.facebook.com\/La-Sentinelle-104059864394773"]},{"@type":"Person","@id":"https:\/\/lasentinelle.dz\/#\/schema\/person\/729ee0024f24e0b8c5ec17232f8e8b41","name":"admin","image":{"@type":"ImageObject","inLanguage":"fr-FR","@id":"https:\/\/secure.gravatar.com\/avatar\/4c81fed838786e9b53f540bf46533e750f5d292099ae3b66cfc6fb1982e29df7?s=96&d=mm&r=g","url":"https:\/\/secure.gravatar.com\/avatar\/4c81fed838786e9b53f540bf46533e750f5d292099ae3b66cfc6fb1982e29df7?s=96&d=mm&r=g","contentUrl":"https:\/\/secure.gravatar.com\/avatar\/4c81fed838786e9b53f540bf46533e750f5d292099ae3b66cfc6fb1982e29df7?s=96&d=mm&r=g","caption":"admin"},"description":"admin","url":"https:\/\/lasentinelle.dz\/author\/admin\/"}]}},"_links":{"self":[{"href":"https:\/\/lasentinelle.dz\/index.php\/wp-json\/wp\/v2\/posts\/73248","targetHints":{"allow":["GET"]}}],"collection":[{"href":"https:\/\/lasentinelle.dz\/index.php\/wp-json\/wp\/v2\/posts"}],"about":[{"href":"https:\/\/lasentinelle.dz\/index.php\/wp-json\/wp\/v2\/types\/post"}],"author":[{"embeddable":true,"href":"https:\/\/lasentinelle.dz\/index.php\/wp-json\/wp\/v2\/users\/6"}],"replies":[{"embeddable":true,"href":"https:\/\/lasentinelle.dz\/index.php\/wp-json\/wp\/v2\/comments?post=73248"}],"version-history":[{"count":1,"href":"https:\/\/lasentinelle.dz\/index.php\/wp-json\/wp\/v2\/posts\/73248\/revisions"}],"predecessor-version":[{"id":73249,"href":"https:\/\/lasentinelle.dz\/index.php\/wp-json\/wp\/v2\/posts\/73248\/revisions\/73249"}],"wp:attachment":[{"href":"https:\/\/lasentinelle.dz\/index.php\/wp-json\/wp\/v2\/media?parent=73248"}],"wp:term":[{"taxonomy":"category","embeddable":true,"href":"https:\/\/lasentinelle.dz\/index.php\/wp-json\/wp\/v2\/categories?post=73248"},{"taxonomy":"post_tag","embeddable":true,"href":"https:\/\/lasentinelle.dz\/index.php\/wp-json\/wp\/v2\/tags?post=73248"}],"curies":[{"name":"wp","href":"https:\/\/api.w.org\/{rel}","templated":true}]}}