{"id":73264,"date":"2025-09-14T12:30:44","date_gmt":"2025-09-14T11:30:44","guid":{"rendered":"https:\/\/lasentinelle.dz\/?p=73264"},"modified":"2025-09-14T12:30:45","modified_gmt":"2025-09-14T11:30:45","slug":"transferts-islam-slimani-rejoint-le-cfr-cluj","status":"publish","type":"post","link":"https:\/\/lasentinelle.dz\/index.php\/2025\/09\/14\/transferts-islam-slimani-rejoint-le-cfr-cluj\/","title":{"rendered":"Transferts\u00a0: Islam Slimani rejoint le CFR Cluj"},"content":{"rendered":"\n<p>\u00c0 37 ans, Islam Slimani a surpris en s&rsquo;engageant avec le CFR Cluj, club de premi\u00e8re division roumaine actuellement 14e du championnat avec seulement 6 points en 7 matchs. Alors que beaucoup s&rsquo;attendaient \u00e0 voir l&rsquo;ancien international alg\u00e9rien partir vers une retraite dor\u00e9e dans le Golfe, le meilleur buteur de l&rsquo;histoire des Fennecs a pr\u00e9f\u00e9r\u00e9 un dernier d\u00e9fi europ\u00e9en, assumant pleinement ce choix atypique qui t\u00e9moigne de son insatiable app\u00e9tit de comp\u00e9tition. Le CFR Cluj a officialis\u00e9 jeudi soir l&rsquo;arriv\u00e9e de l&rsquo;attaquant aux 46 buts en 102 s\u00e9lections, sans d\u00e9voiler les d\u00e9tails contractuels de cette signature. Pour le club roumain, historique mais en difficult\u00e9 cette saison, l&rsquo;arriv\u00e9e de Slimani repr\u00e9sente un signal fort envoy\u00e9 \u00e0 la concurrence et l&rsquo;espoir de redresser une situation sportive pr\u00e9occupante. \u00c9limin\u00e9 en barrages de la Conf\u00e9rence League par le BK H\u00e4cken, Cluj mise d\u00e9sormais sur l&rsquo;exp\u00e9rience de son nouveau renfort pour retrouver les sommets du football roumain. Islam Slimani a justifi\u00e9 ce choix surprenant par sa volont\u00e9 d&rsquo;apporter son exp\u00e9rience aux jeunes talents du club : \u00ab\u00a0C&rsquo;est au jour le jour. Je suis venu ici pour aider l&rsquo;\u00e9quipe \u00e0 progresser. Avec mon exp\u00e9rience, je peux beaucoup donner aux jeunes de Cluj et leur montrer le chemin pour devenir des joueurs importants.\u00a0\u00bb Le parcours de Slimani force le respect : r\u00e9v\u00e9l\u00e9 au Sporting CP o\u00f9 il a inscrit 61 buts et d\u00e9livr\u00e9 16 passes d\u00e9cisives, il a ensuite \u00e9volu\u00e9 \u00e0 Leicester City, champion d&rsquo;Angleterre, puis \u00e0 Newcastle en Premier League. En France, ses passages \u00e0 l&rsquo;AS Monaco ont \u00e9t\u00e9 particuli\u00e8rement remarquables avec 9 buts et 7 passes d\u00e9cisives en seulement 19 matchs, avant des \u00e9tapes \u00e0 Lyon et Brest. Globe-trotter du football, il a \u00e9galement port\u00e9 les couleurs de Fenerbah\u00e7e en Turquie, de Coritiba au Br\u00e9sil, et plus r\u00e9cemment d&rsquo;Anderlecht, Westerlo et Malines en Belgique.<\/p>\n\n\n\n<p>Ce qui a s\u00e9duit Slimani dans le projet roumain, c&rsquo;est avant tout l&rsquo;aspect sportif et les infrastructures du club : \u00ab\u00a0J&rsquo;ai aim\u00e9 les infrastructures, le club, le stade. La ville aussi, il y a beaucoup de choses \u00e0 faire. C&rsquo;est \u00e7a qui m&rsquo;a facilit\u00e9 la t\u00e2che dans mon choix de venir ici.\u00a0\u00bb Le pr\u00e9sident de Cluj a salu\u00e9 \u00ab\u00a0l&rsquo;exp\u00e9rience internationale et le flair offensif\u00a0\u00bb d&rsquo;un attaquant dont les 124 r\u00e9alisations en carri\u00e8re parlent d&rsquo;elles-m\u00eames. Pour un club habitu\u00e9 aux comp\u00e9titions europ\u00e9ennes mais en qu\u00eate de renouveau, l&rsquo;arriv\u00e9e de Slimani pourrait s&rsquo;av\u00e9rer d\u00e9cisive. Sur la sc\u00e8ne internationale, Islam Slimani reste une v\u00e9ritable ic\u00f4ne du football alg\u00e9rien. Vainqueur de la Coupe d&rsquo;Afrique des Nations 2019 avec les Fennecs et participant \u00e0 la Coupe du monde 2014 o\u00f9 il avait marqu\u00e9 deux buts, il avait \u00e9t\u00e9 \u00e9lu meilleur joueur alg\u00e9rien de l&rsquo;ann\u00e9e en 2013. Bien qu&rsquo;il n&rsquo;ait plus \u00e9t\u00e9 appel\u00e9 en s\u00e9lection depuis l&rsquo;arriv\u00e9e de Vladimir Petkovic, l&rsquo;attaquant n&rsquo;a jamais officiellement annonc\u00e9 sa retraite internationale et esp\u00e8re que ce rebond roumain lui permettra de retrouver l&rsquo;\u00e9quipe nationale, potentiellement pour la Coupe du monde 2026.<\/p>\n\n\n\n<p>Apr\u00e8s une p\u00e9riode plus discr\u00e8te entre Westerlo et le CR Belouizdad, Slimani veut prouver qu&rsquo;il peut encore peser \u00e0 ce niveau : \u00ab\u00a0Mon objectif est de marquer le plus possible et d&rsquo;aider le club \u00e0 atteindre ses objectifs. Je dirais aux fans de rester avec nous car le championnat est long. \u00c0 nous de les rendre heureux.\u00a0\u00bb Cette d\u00e9termination illustre parfaitement l&rsquo;\u00e9tat d&rsquo;esprit d&rsquo;un joueur qui refuse de baisser les bras et continue de croire en ses capacit\u00e9s. Pour le CFR Cluj, ce recrutement marque une ambition claire pour la suite de la saison. Le club esp\u00e8re que l&rsquo;immense exp\u00e9rience et la qualit\u00e9 de finition de Slimani contribueront aux futurs succ\u00e8s de l&rsquo;\u00e9quipe. Dans un championnat roumain ouvert, l&rsquo;apport de l&rsquo;ancien Mon\u00e9gasque pourrait faire la diff\u00e9rence et permettre \u00e0 Cluj de retrouver les places europ\u00e9ennes.<\/p>\n\n\n\n<p>M. D.<\/p>\n","protected":false},"excerpt":{"rendered":"<p>\u00c0 37 ans, Islam Slimani a surpris en s&rsquo;engageant avec le CFR Cluj, club de premi\u00e8re division roumaine actuellement 14e<\/p>\n","protected":false},"author":6,"featured_media":73265,"comment_status":"open","ping_status":"closed","sticky":false,"template":"","format":"standard","meta":{"colormag_page_container_layout":"default_layout","colormag_page_sidebar_layout":"default_layout","om_disable_all_campaigns":false,"_monsterinsights_skip_tracking":false,"_monsterinsights_sitenote_active":false,"_monsterinsights_sitenote_note":"","_monsterinsights_sitenote_category":0,"footnotes":"","_wpscppro_dont_share_socialmedia":false,"_wpscppro_custom_social_share_image":0,"_facebook_share_type":"default","_twitter_share_type":"default","_linkedin_share_type":"default","_pinterest_share_type":"default","_linkedin_share_type_page":"","_instagram_share_type":"default","_medium_share_type":"default","_threads_share_type":"default","_google_business_share_type":"default","_selected_social_profile":[],"_wpsp_enable_custom_social_template":false,"_wpsp_social_scheduling":{"enabled":false,"datetime":null,"platforms":[],"status":"template_only","dateOption":"today","timeOption":"now","customDays":"","customHours":"","customDate":"","customTime":"","schedulingType":"absolute"},"_wpsp_active_default_template":true},"categories":[33],"tags":[],"class_list":["post-73264","post","type-post","status-publish","format-standard","has-post-thumbnail","hentry","category-sports"],"aioseo_notices":[],"yoast_head":"<!-- This site is optimized with the Yoast SEO plugin v27.5 - https:\/\/yoast.com\/product\/yoast-seo-wordpress\/ -->\n<title>Transferts\u00a0: Islam Slimani rejoint le CFR Cluj - La Sentinelle<\/title>\n<meta name=\"robots\" content=\"index, follow, max-snippet:-1, max-image-preview:large, max-video-preview:-1\" \/>\n<link rel=\"canonical\" href=\"https:\/\/lasentinelle.dz\/index.php\/2025\/09\/14\/transferts-islam-slimani-rejoint-le-cfr-cluj\/\" \/>\n<meta property=\"og:locale\" content=\"fr_FR\" \/>\n<meta property=\"og:type\" content=\"article\" \/>\n<meta property=\"og:title\" content=\"Transferts\u00a0: Islam Slimani rejoint le CFR Cluj - La Sentinelle\" \/>\n<meta property=\"og:description\" content=\"\u00c0 37 ans, Islam Slimani a surpris en s&rsquo;engageant avec le CFR Cluj, club de premi\u00e8re division roumaine actuellement 14e\" \/>\n<meta property=\"og:url\" content=\"https:\/\/lasentinelle.dz\/index.php\/2025\/09\/14\/transferts-islam-slimani-rejoint-le-cfr-cluj\/\" \/>\n<meta property=\"og:site_name\" content=\"La Sentinelle\" \/>\n<meta property=\"article:publisher\" content=\"https:\/\/www.facebook.com\/La-Sentinelle-104059864394773\" \/>\n<meta property=\"article:published_time\" content=\"2025-09-14T11:30:44+00:00\" \/>\n<meta property=\"article:modified_time\" content=\"2025-09-14T11:30:45+00:00\" \/>\n<meta property=\"og:image\" content=\"https:\/\/lasentinelle.dz\/wp-content\/uploads\/2025\/09\/Slimani.jpg\" \/>\n\t<meta property=\"og:image:width\" content=\"1440\" \/>\n\t<meta property=\"og:image:height\" content=\"951\" \/>\n\t<meta property=\"og:image:type\" content=\"image\/jpeg\" \/>\n<meta name=\"author\" content=\"admin\" \/>\n<meta name=\"twitter:card\" content=\"summary_large_image\" \/>\n<meta name=\"twitter:label1\" content=\"\u00c9crit par\" \/>\n\t<meta name=\"twitter:data1\" content=\"admin\" \/>\n\t<meta name=\"twitter:label2\" content=\"Dur\u00e9e de lecture estim\u00e9e\" \/>\n\t<meta name=\"twitter:data2\" content=\"4 minutes\" \/>\n<script type=\"application\/ld+json\" class=\"yoast-schema-graph\">{\"@context\":\"https:\\\/\\\/schema.org\",\"@graph\":[{\"@type\":\"Article\",\"@id\":\"https:\\\/\\\/lasentinelle.dz\\\/index.php\\\/2025\\\/09\\\/14\\\/transferts-islam-slimani-rejoint-le-cfr-cluj\\\/#article\",\"isPartOf\":{\"@id\":\"https:\\\/\\\/lasentinelle.dz\\\/index.php\\\/2025\\\/09\\\/14\\\/transferts-islam-slimani-rejoint-le-cfr-cluj\\\/\"},\"author\":{\"name\":\"admin\",\"@id\":\"https:\\\/\\\/lasentinelle.dz\\\/#\\\/schema\\\/person\\\/729ee0024f24e0b8c5ec17232f8e8b41\"},\"headline\":\"Transferts\u00a0: Islam Slimani rejoint le CFR Cluj\",\"datePublished\":\"2025-09-14T11:30:44+00:00\",\"dateModified\":\"2025-09-14T11:30:45+00:00\",\"mainEntityOfPage\":{\"@id\":\"https:\\\/\\\/lasentinelle.dz\\\/index.php\\\/2025\\\/09\\\/14\\\/transferts-islam-slimani-rejoint-le-cfr-cluj\\\/\"},\"wordCount\":698,\"commentCount\":0,\"publisher\":{\"@id\":\"https:\\\/\\\/lasentinelle.dz\\\/#organization\"},\"image\":{\"@id\":\"https:\\\/\\\/lasentinelle.dz\\\/index.php\\\/2025\\\/09\\\/14\\\/transferts-islam-slimani-rejoint-le-cfr-cluj\\\/#primaryimage\"},\"thumbnailUrl\":\"https:\\\/\\\/lasentinelle.dz\\\/wp-content\\\/uploads\\\/2025\\\/09\\\/Slimani.jpg\",\"articleSection\":[\"Sports\"],\"inLanguage\":\"fr-FR\",\"potentialAction\":[{\"@type\":\"CommentAction\",\"name\":\"Comment\",\"target\":[\"https:\\\/\\\/lasentinelle.dz\\\/index.php\\\/2025\\\/09\\\/14\\\/transferts-islam-slimani-rejoint-le-cfr-cluj\\\/#respond\"]}]},{\"@type\":\"WebPage\",\"@id\":\"https:\\\/\\\/lasentinelle.dz\\\/index.php\\\/2025\\\/09\\\/14\\\/transferts-islam-slimani-rejoint-le-cfr-cluj\\\/\",\"url\":\"https:\\\/\\\/lasentinelle.dz\\\/index.php\\\/2025\\\/09\\\/14\\\/transferts-islam-slimani-rejoint-le-cfr-cluj\\\/\",\"name\":\"Transferts\u00a0: Islam Slimani rejoint le CFR Cluj - La Sentinelle\",\"isPartOf\":{\"@id\":\"https:\\\/\\\/lasentinelle.dz\\\/#website\"},\"primaryImageOfPage\":{\"@id\":\"https:\\\/\\\/lasentinelle.dz\\\/index.php\\\/2025\\\/09\\\/14\\\/transferts-islam-slimani-rejoint-le-cfr-cluj\\\/#primaryimage\"},\"image\":{\"@id\":\"https:\\\/\\\/lasentinelle.dz\\\/index.php\\\/2025\\\/09\\\/14\\\/transferts-islam-slimani-rejoint-le-cfr-cluj\\\/#primaryimage\"},\"thumbnailUrl\":\"https:\\\/\\\/lasentinelle.dz\\\/wp-content\\\/uploads\\\/2025\\\/09\\\/Slimani.jpg\",\"datePublished\":\"2025-09-14T11:30:44+00:00\",\"dateModified\":\"2025-09-14T11:30:45+00:00\",\"breadcrumb\":{\"@id\":\"https:\\\/\\\/lasentinelle.dz\\\/index.php\\\/2025\\\/09\\\/14\\\/transferts-islam-slimani-rejoint-le-cfr-cluj\\\/#breadcrumb\"},\"inLanguage\":\"fr-FR\",\"potentialAction\":[{\"@type\":\"ReadAction\",\"target\":[\"https:\\\/\\\/lasentinelle.dz\\\/index.php\\\/2025\\\/09\\\/14\\\/transferts-islam-slimani-rejoint-le-cfr-cluj\\\/\"]}]},{\"@type\":\"ImageObject\",\"inLanguage\":\"fr-FR\",\"@id\":\"https:\\\/\\\/lasentinelle.dz\\\/index.php\\\/2025\\\/09\\\/14\\\/transferts-islam-slimani-rejoint-le-cfr-cluj\\\/#primaryimage\",\"url\":\"https:\\\/\\\/lasentinelle.dz\\\/wp-content\\\/uploads\\\/2025\\\/09\\\/Slimani.jpg\",\"contentUrl\":\"https:\\\/\\\/lasentinelle.dz\\\/wp-content\\\/uploads\\\/2025\\\/09\\\/Slimani.jpg\",\"width\":1440,\"height\":951},{\"@type\":\"BreadcrumbList\",\"@id\":\"https:\\\/\\\/lasentinelle.dz\\\/index.php\\\/2025\\\/09\\\/14\\\/transferts-islam-slimani-rejoint-le-cfr-cluj\\\/#breadcrumb\",\"itemListElement\":[{\"@type\":\"ListItem\",\"position\":1,\"name\":\"Accueil\",\"item\":\"https:\\\/\\\/lasentinelle.dz\\\/\"},{\"@type\":\"ListItem\",\"position\":2,\"name\":\"Transferts\u00a0: Islam Slimani rejoint le CFR Cluj\"}]},{\"@type\":\"WebSite\",\"@id\":\"https:\\\/\\\/lasentinelle.dz\\\/#website\",\"url\":\"https:\\\/\\\/lasentinelle.dz\\\/\",\"name\":\"La Sentinelle\",\"description\":\"Quotidien national d&#039;information\",\"publisher\":{\"@id\":\"https:\\\/\\\/lasentinelle.dz\\\/#organization\"},\"potentialAction\":[{\"@type\":\"SearchAction\",\"target\":{\"@type\":\"EntryPoint\",\"urlTemplate\":\"https:\\\/\\\/lasentinelle.dz\\\/?s={search_term_string}\"},\"query-input\":{\"@type\":\"PropertyValueSpecification\",\"valueRequired\":true,\"valueName\":\"search_term_string\"}}],\"inLanguage\":\"fr-FR\"},{\"@type\":\"Organization\",\"@id\":\"https:\\\/\\\/lasentinelle.dz\\\/#organization\",\"name\":\"Quotidien La Sentinelle\",\"url\":\"https:\\\/\\\/lasentinelle.dz\\\/\",\"logo\":{\"@type\":\"ImageObject\",\"inLanguage\":\"fr-FR\",\"@id\":\"https:\\\/\\\/lasentinelle.dz\\\/#\\\/schema\\\/logo\\\/image\\\/\",\"url\":\"https:\\\/\\\/lasentinelle.dz\\\/wp-content\\\/uploads\\\/2021\\\/09\\\/logo-sentinelleSLOGAN-1.png\",\"contentUrl\":\"https:\\\/\\\/lasentinelle.dz\\\/wp-content\\\/uploads\\\/2021\\\/09\\\/logo-sentinelleSLOGAN-1.png\",\"width\":615,\"height\":142,\"caption\":\"Quotidien La Sentinelle\"},\"image\":{\"@id\":\"https:\\\/\\\/lasentinelle.dz\\\/#\\\/schema\\\/logo\\\/image\\\/\"},\"sameAs\":[\"https:\\\/\\\/www.facebook.com\\\/La-Sentinelle-104059864394773\"]},{\"@type\":\"Person\",\"@id\":\"https:\\\/\\\/lasentinelle.dz\\\/#\\\/schema\\\/person\\\/729ee0024f24e0b8c5ec17232f8e8b41\",\"name\":\"admin\",\"image\":{\"@type\":\"ImageObject\",\"inLanguage\":\"fr-FR\",\"@id\":\"https:\\\/\\\/secure.gravatar.com\\\/avatar\\\/4c81fed838786e9b53f540bf46533e750f5d292099ae3b66cfc6fb1982e29df7?s=96&d=mm&r=g\",\"url\":\"https:\\\/\\\/secure.gravatar.com\\\/avatar\\\/4c81fed838786e9b53f540bf46533e750f5d292099ae3b66cfc6fb1982e29df7?s=96&d=mm&r=g\",\"contentUrl\":\"https:\\\/\\\/secure.gravatar.com\\\/avatar\\\/4c81fed838786e9b53f540bf46533e750f5d292099ae3b66cfc6fb1982e29df7?s=96&d=mm&r=g\",\"caption\":\"admin\"},\"description\":\"admin\",\"url\":\"https:\\\/\\\/lasentinelle.dz\\\/author\\\/admin\\\/\"}]}<\/script>\n<!-- \/ Yoast SEO plugin. -->","yoast_head_json":{"title":"Transferts\u00a0: Islam Slimani rejoint le CFR Cluj - La Sentinelle","robots":{"index":"index","follow":"follow","max-snippet":"max-snippet:-1","max-image-preview":"max-image-preview:large","max-video-preview":"max-video-preview:-1"},"canonical":"https:\/\/lasentinelle.dz\/index.php\/2025\/09\/14\/transferts-islam-slimani-rejoint-le-cfr-cluj\/","og_locale":"fr_FR","og_type":"article","og_title":"Transferts\u00a0: Islam Slimani rejoint le CFR Cluj - La Sentinelle","og_description":"\u00c0 37 ans, Islam Slimani a surpris en s&rsquo;engageant avec le CFR Cluj, club de premi\u00e8re division roumaine actuellement 14e","og_url":"https:\/\/lasentinelle.dz\/index.php\/2025\/09\/14\/transferts-islam-slimani-rejoint-le-cfr-cluj\/","og_site_name":"La Sentinelle","article_publisher":"https:\/\/www.facebook.com\/La-Sentinelle-104059864394773","article_published_time":"2025-09-14T11:30:44+00:00","article_modified_time":"2025-09-14T11:30:45+00:00","og_image":[{"width":1440,"height":951,"url":"https:\/\/lasentinelle.dz\/wp-content\/uploads\/2025\/09\/Slimani.jpg","type":"image\/jpeg"}],"author":"admin","twitter_card":"summary_large_image","twitter_misc":{"\u00c9crit par":"admin","Dur\u00e9e de lecture estim\u00e9e":"4 minutes"},"schema":{"@context":"https:\/\/schema.org","@graph":[{"@type":"Article","@id":"https:\/\/lasentinelle.dz\/index.php\/2025\/09\/14\/transferts-islam-slimani-rejoint-le-cfr-cluj\/#article","isPartOf":{"@id":"https:\/\/lasentinelle.dz\/index.php\/2025\/09\/14\/transferts-islam-slimani-rejoint-le-cfr-cluj\/"},"author":{"name":"admin","@id":"https:\/\/lasentinelle.dz\/#\/schema\/person\/729ee0024f24e0b8c5ec17232f8e8b41"},"headline":"Transferts\u00a0: Islam Slimani rejoint le CFR Cluj","datePublished":"2025-09-14T11:30:44+00:00","dateModified":"2025-09-14T11:30:45+00:00","mainEntityOfPage":{"@id":"https:\/\/lasentinelle.dz\/index.php\/2025\/09\/14\/transferts-islam-slimani-rejoint-le-cfr-cluj\/"},"wordCount":698,"commentCount":0,"publisher":{"@id":"https:\/\/lasentinelle.dz\/#organization"},"image":{"@id":"https:\/\/lasentinelle.dz\/index.php\/2025\/09\/14\/transferts-islam-slimani-rejoint-le-cfr-cluj\/#primaryimage"},"thumbnailUrl":"https:\/\/lasentinelle.dz\/wp-content\/uploads\/2025\/09\/Slimani.jpg","articleSection":["Sports"],"inLanguage":"fr-FR","potentialAction":[{"@type":"CommentAction","name":"Comment","target":["https:\/\/lasentinelle.dz\/index.php\/2025\/09\/14\/transferts-islam-slimani-rejoint-le-cfr-cluj\/#respond"]}]},{"@type":"WebPage","@id":"https:\/\/lasentinelle.dz\/index.php\/2025\/09\/14\/transferts-islam-slimani-rejoint-le-cfr-cluj\/","url":"https:\/\/lasentinelle.dz\/index.php\/2025\/09\/14\/transferts-islam-slimani-rejoint-le-cfr-cluj\/","name":"Transferts\u00a0: Islam Slimani rejoint le CFR Cluj - La Sentinelle","isPartOf":{"@id":"https:\/\/lasentinelle.dz\/#website"},"primaryImageOfPage":{"@id":"https:\/\/lasentinelle.dz\/index.php\/2025\/09\/14\/transferts-islam-slimani-rejoint-le-cfr-cluj\/#primaryimage"},"image":{"@id":"https:\/\/lasentinelle.dz\/index.php\/2025\/09\/14\/transferts-islam-slimani-rejoint-le-cfr-cluj\/#primaryimage"},"thumbnailUrl":"https:\/\/lasentinelle.dz\/wp-content\/uploads\/2025\/09\/Slimani.jpg","datePublished":"2025-09-14T11:30:44+00:00","dateModified":"2025-09-14T11:30:45+00:00","breadcrumb":{"@id":"https:\/\/lasentinelle.dz\/index.php\/2025\/09\/14\/transferts-islam-slimani-rejoint-le-cfr-cluj\/#breadcrumb"},"inLanguage":"fr-FR","potentialAction":[{"@type":"ReadAction","target":["https:\/\/lasentinelle.dz\/index.php\/2025\/09\/14\/transferts-islam-slimani-rejoint-le-cfr-cluj\/"]}]},{"@type":"ImageObject","inLanguage":"fr-FR","@id":"https:\/\/lasentinelle.dz\/index.php\/2025\/09\/14\/transferts-islam-slimani-rejoint-le-cfr-cluj\/#primaryimage","url":"https:\/\/lasentinelle.dz\/wp-content\/uploads\/2025\/09\/Slimani.jpg","contentUrl":"https:\/\/lasentinelle.dz\/wp-content\/uploads\/2025\/09\/Slimani.jpg","width":1440,"height":951},{"@type":"BreadcrumbList","@id":"https:\/\/lasentinelle.dz\/index.php\/2025\/09\/14\/transferts-islam-slimani-rejoint-le-cfr-cluj\/#breadcrumb","itemListElement":[{"@type":"ListItem","position":1,"name":"Accueil","item":"https:\/\/lasentinelle.dz\/"},{"@type":"ListItem","position":2,"name":"Transferts\u00a0: Islam Slimani rejoint le CFR Cluj"}]},{"@type":"WebSite","@id":"https:\/\/lasentinelle.dz\/#website","url":"https:\/\/lasentinelle.dz\/","name":"La Sentinelle","description":"Quotidien national d&#039;information","publisher":{"@id":"https:\/\/lasentinelle.dz\/#organization"},"potentialAction":[{"@type":"SearchAction","target":{"@type":"EntryPoint","urlTemplate":"https:\/\/lasentinelle.dz\/?s={search_term_string}"},"query-input":{"@type":"PropertyValueSpecification","valueRequired":true,"valueName":"search_term_string"}}],"inLanguage":"fr-FR"},{"@type":"Organization","@id":"https:\/\/lasentinelle.dz\/#organization","name":"Quotidien La Sentinelle","url":"https:\/\/lasentinelle.dz\/","logo":{"@type":"ImageObject","inLanguage":"fr-FR","@id":"https:\/\/lasentinelle.dz\/#\/schema\/logo\/image\/","url":"https:\/\/lasentinelle.dz\/wp-content\/uploads\/2021\/09\/logo-sentinelleSLOGAN-1.png","contentUrl":"https:\/\/lasentinelle.dz\/wp-content\/uploads\/2021\/09\/logo-sentinelleSLOGAN-1.png","width":615,"height":142,"caption":"Quotidien La Sentinelle"},"image":{"@id":"https:\/\/lasentinelle.dz\/#\/schema\/logo\/image\/"},"sameAs":["https:\/\/www.facebook.com\/La-Sentinelle-104059864394773"]},{"@type":"Person","@id":"https:\/\/lasentinelle.dz\/#\/schema\/person\/729ee0024f24e0b8c5ec17232f8e8b41","name":"admin","image":{"@type":"ImageObject","inLanguage":"fr-FR","@id":"https:\/\/secure.gravatar.com\/avatar\/4c81fed838786e9b53f540bf46533e750f5d292099ae3b66cfc6fb1982e29df7?s=96&d=mm&r=g","url":"https:\/\/secure.gravatar.com\/avatar\/4c81fed838786e9b53f540bf46533e750f5d292099ae3b66cfc6fb1982e29df7?s=96&d=mm&r=g","contentUrl":"https:\/\/secure.gravatar.com\/avatar\/4c81fed838786e9b53f540bf46533e750f5d292099ae3b66cfc6fb1982e29df7?s=96&d=mm&r=g","caption":"admin"},"description":"admin","url":"https:\/\/lasentinelle.dz\/author\/admin\/"}]}},"_links":{"self":[{"href":"https:\/\/lasentinelle.dz\/index.php\/wp-json\/wp\/v2\/posts\/73264","targetHints":{"allow":["GET"]}}],"collection":[{"href":"https:\/\/lasentinelle.dz\/index.php\/wp-json\/wp\/v2\/posts"}],"about":[{"href":"https:\/\/lasentinelle.dz\/index.php\/wp-json\/wp\/v2\/types\/post"}],"author":[{"embeddable":true,"href":"https:\/\/lasentinelle.dz\/index.php\/wp-json\/wp\/v2\/users\/6"}],"replies":[{"embeddable":true,"href":"https:\/\/lasentinelle.dz\/index.php\/wp-json\/wp\/v2\/comments?post=73264"}],"version-history":[{"count":1,"href":"https:\/\/lasentinelle.dz\/index.php\/wp-json\/wp\/v2\/posts\/73264\/revisions"}],"predecessor-version":[{"id":73266,"href":"https:\/\/lasentinelle.dz\/index.php\/wp-json\/wp\/v2\/posts\/73264\/revisions\/73266"}],"wp:featuredmedia":[{"embeddable":true,"href":"https:\/\/lasentinelle.dz\/index.php\/wp-json\/wp\/v2\/media\/73265"}],"wp:attachment":[{"href":"https:\/\/lasentinelle.dz\/index.php\/wp-json\/wp\/v2\/media?parent=73264"}],"wp:term":[{"taxonomy":"category","embeddable":true,"href":"https:\/\/lasentinelle.dz\/index.php\/wp-json\/wp\/v2\/categories?post=73264"},{"taxonomy":"post_tag","embeddable":true,"href":"https:\/\/lasentinelle.dz\/index.php\/wp-json\/wp\/v2\/tags?post=73264"}],"curies":[{"name":"wp","href":"https:\/\/api.w.org\/{rel}","templated":true}]}}