{"id":73267,"date":"2025-09-14T12:31:30","date_gmt":"2025-09-14T11:31:30","guid":{"rendered":"https:\/\/lasentinelle.dz\/?p=73267"},"modified":"2025-09-14T12:31:31","modified_gmt":"2025-09-14T11:31:31","slug":"rayan-ait-nouri-forfait-cinq-semaines","status":"publish","type":"post","link":"https:\/\/lasentinelle.dz\/index.php\/2025\/09\/14\/rayan-ait-nouri-forfait-cinq-semaines\/","title":{"rendered":"Rayan A\u00eft-Nouri forfait cinq semaines"},"content":{"rendered":"\n<p>Alors que l&rsquo;\u00e9quipe nationale alg\u00e9rienne navigue sereinement vers la qualification pour la Coupe du monde 2026 avec 19 points en 8 matchs et une position de leader confortable dans son groupe, Vladimir Petkovic vient d&rsquo;apprendre une mauvaise nouvelle qui pourrait contrarier ses plans. Rayan A\u00eft-Nouri, lat\u00e9ral gauche de Manchester City et pilier de la d\u00e9fense des Fennecs, sera indisponible environ cinq semaines suite \u00e0 une blessure \u00e0 la cheville contract\u00e9e r\u00e9cemment. Cette absence prolong\u00e9e prive l&rsquo;Alg\u00e9rie de l&rsquo;un de ses cadres majeurs au moment o\u00f9 elle s&rsquo;appr\u00eate \u00e0 boucler sa qualification mondiale. Le timing de cette blessure ne pouvait pas \u00eatre plus mal choisi pour le joueur, qui avait d\u00e9j\u00e0 d\u00fb renoncer au rassemblement de septembre ayant vu l&rsquo;Alg\u00e9rie battre le Botswana 3-1 avant de conc\u00e9der un nul face \u00e0 la Guin\u00e9e 0-0. Selon plusieurs sources dont le journaliste sp\u00e9cialis\u00e9 Fabrizio Romano, A\u00eft-Nouri manquera tout le mois d&rsquo;octobre, une p\u00e9riode cruciale o\u00f9 les Fennecs n&rsquo;ont plus qu&rsquo;un petit pas \u00e0 franchir pour composter d\u00e9finitivement leur billet pour le Mondial am\u00e9ricain. Une simple victoire contre la Somalie ou l&rsquo;Ouganda suffirait \u00e0 assurer la qualification math\u00e9matique, mais perdre un joueur de ce calibre reste un contretemps significatif pour Petkovic. Depuis deux ans, Rayan A\u00eft-Nouri s&rsquo;est impos\u00e9 comme un titulaire indiscutable dans le couloir gauche de la s\u00e9lection alg\u00e9rienne, stabilisant un poste longtemps consid\u00e9r\u00e9 comme probl\u00e9matique par les pr\u00e9c\u00e9dents s\u00e9lectionneurs. Son activit\u00e9 offensive remarquable, ses projections constantes vers l&rsquo;avant et son entente naturelle avec l&rsquo;attaque en faisaient un pion essentiel du dispositif tactique mis en place par l&rsquo;entra\u00eeneur bosnien. Sa capacit\u00e9 \u00e0 apporter le surnombre offensif tout en maintenant un \u00e9quilibre d\u00e9fensif solide avait transform\u00e9 le flanc gauche alg\u00e9rien en une v\u00e9ritable autoroute pour les contre-attaques et les phases de construction.<\/p>\n\n\n\n<p>Cette nouvelle blessure prolonge malheureusement une s\u00e9rie noire particuli\u00e8rement frustrante pour A\u00eft-Nouri, r\u00e9guli\u00e8rement frein\u00e9 par les p\u00e9pins physiques depuis son arriv\u00e9e en Premier League en 2020. D\u00e9j\u00e0 victime \u00e0 plusieurs reprises de blessures musculaires et articulaires qui avaient entrav\u00e9 sa progression, le d\u00e9fenseur manquera plusieurs rencontres cruciales avec Manchester City, notamment le choc contre Manchester United, mais aussi les confrontations face \u00e0 Arsenal et potentiellement Liverpool s&rsquo;il n&rsquo;est pas r\u00e9tabli avant d\u00e9but novembre. S&rsquo;ajoutent \u00e0 ce calendrier charg\u00e9 les matches de Ligue des champions contre Naples, Monaco, Villarreal et possiblement Dortmund, autant d&rsquo;\u00e9ch\u00e9ances importantes o\u00f9 son absence se fera cruellement sentir pour Pep Guardiola. Face \u00e0 ce nouveau coup dur, Vladimir Petkovic devra une fois encore recomposer sa d\u00e9fense pour les derniers matches des \u00e9liminatoires de la Coupe du monde 2026 pr\u00e9vus d\u00e9but octobre. Comme lors du dernier rassemblement, Jaouen Hadjam et le polyvalent Ramy Bensebaini apparaissent comme les principaux candidats pour pallier l&rsquo;absence du Citizen. Le premier, \u00e9voluant en Bundesliga, pr\u00e9sente un profil offensif int\u00e9ressant tandis que le second apporte son exp\u00e9rience et sa polyvalence, capable d&rsquo;\u00e9voluer aussi bien dans l&rsquo;axe qu&rsquo;en tant que lat\u00e9ral. Yasser Larouci, qui vient de quitter la France pour rejoindre Kifisia en Gr\u00e8ce dans le but d&rsquo;obtenir plus de temps de jeu et de se relancer, esp\u00e8re \u00e9galement avoir une carte \u00e0 jouer dans cette course \u00e0 la titularisation. Malgr\u00e9 cette contrari\u00e9t\u00e9, l&rsquo;Alg\u00e9rie conserve une marge confortable dans sa course vers le Mondial 2026 et devrait logiquement valider sa qualification dans les semaines \u00e0 venir, avec ou sans son lat\u00e9ral gauche titulaire.<\/p>\n\n\n\n<p>Moncef D.<\/p>\n","protected":false},"excerpt":{"rendered":"<p>Alors que l&rsquo;\u00e9quipe nationale alg\u00e9rienne navigue sereinement vers la qualification pour la Coupe du monde 2026 avec 19 points en<\/p>\n","protected":false},"author":6,"featured_media":72282,"comment_status":"open","ping_status":"closed","sticky":false,"template":"","format":"standard","meta":{"colormag_page_container_layout":"default_layout","colormag_page_sidebar_layout":"default_layout","om_disable_all_campaigns":false,"_monsterinsights_skip_tracking":false,"_monsterinsights_sitenote_active":false,"_monsterinsights_sitenote_note":"","_monsterinsights_sitenote_category":0,"footnotes":"","_wpscppro_dont_share_socialmedia":false,"_wpscppro_custom_social_share_image":0,"_facebook_share_type":"default","_twitter_share_type":"default","_linkedin_share_type":"default","_pinterest_share_type":"default","_linkedin_share_type_page":"","_instagram_share_type":"default","_medium_share_type":"default","_threads_share_type":"default","_google_business_share_type":"default","_selected_social_profile":[],"_wpsp_enable_custom_social_template":false,"_wpsp_social_scheduling":{"enabled":false,"datetime":null,"platforms":[],"status":"template_only","dateOption":"today","timeOption":"now","customDays":"","customHours":"","customDate":"","customTime":"","schedulingType":"absolute"},"_wpsp_active_default_template":true},"categories":[33],"tags":[],"class_list":["post-73267","post","type-post","status-publish","format-standard","has-post-thumbnail","hentry","category-sports"],"aioseo_notices":[],"yoast_head":"<!-- This site is optimized with the Yoast SEO plugin v27.5 - https:\/\/yoast.com\/product\/yoast-seo-wordpress\/ -->\n<title>Rayan A\u00eft-Nouri forfait cinq semaines - La Sentinelle<\/title>\n<meta name=\"robots\" content=\"index, follow, max-snippet:-1, max-image-preview:large, max-video-preview:-1\" \/>\n<link rel=\"canonical\" href=\"https:\/\/lasentinelle.dz\/index.php\/2025\/09\/14\/rayan-ait-nouri-forfait-cinq-semaines\/\" \/>\n<meta property=\"og:locale\" content=\"fr_FR\" \/>\n<meta property=\"og:type\" content=\"article\" \/>\n<meta property=\"og:title\" content=\"Rayan A\u00eft-Nouri forfait cinq semaines - La Sentinelle\" \/>\n<meta property=\"og:description\" content=\"Alors que l&rsquo;\u00e9quipe nationale alg\u00e9rienne navigue sereinement vers la qualification pour la Coupe du monde 2026 avec 19 points en\" \/>\n<meta property=\"og:url\" content=\"https:\/\/lasentinelle.dz\/index.php\/2025\/09\/14\/rayan-ait-nouri-forfait-cinq-semaines\/\" \/>\n<meta property=\"og:site_name\" content=\"La Sentinelle\" \/>\n<meta property=\"article:publisher\" content=\"https:\/\/www.facebook.com\/La-Sentinelle-104059864394773\" \/>\n<meta property=\"article:published_time\" content=\"2025-09-14T11:31:30+00:00\" \/>\n<meta property=\"article:modified_time\" content=\"2025-09-14T11:31:31+00:00\" \/>\n<meta property=\"og:image\" content=\"https:\/\/lasentinelle.dz\/wp-content\/uploads\/2025\/08\/ait-nouri.jpg\" \/>\n\t<meta property=\"og:image:width\" content=\"1200\" \/>\n\t<meta property=\"og:image:height\" content=\"900\" \/>\n\t<meta property=\"og:image:type\" content=\"image\/jpeg\" \/>\n<meta name=\"author\" content=\"admin\" \/>\n<meta name=\"twitter:card\" content=\"summary_large_image\" \/>\n<meta name=\"twitter:label1\" content=\"\u00c9crit par\" \/>\n\t<meta name=\"twitter:data1\" content=\"admin\" \/>\n\t<meta name=\"twitter:label2\" content=\"Dur\u00e9e de lecture estim\u00e9e\" \/>\n\t<meta name=\"twitter:data2\" content=\"4 minutes\" \/>\n<script type=\"application\/ld+json\" class=\"yoast-schema-graph\">{\"@context\":\"https:\\\/\\\/schema.org\",\"@graph\":[{\"@type\":\"Article\",\"@id\":\"https:\\\/\\\/lasentinelle.dz\\\/index.php\\\/2025\\\/09\\\/14\\\/rayan-ait-nouri-forfait-cinq-semaines\\\/#article\",\"isPartOf\":{\"@id\":\"https:\\\/\\\/lasentinelle.dz\\\/index.php\\\/2025\\\/09\\\/14\\\/rayan-ait-nouri-forfait-cinq-semaines\\\/\"},\"author\":{\"name\":\"admin\",\"@id\":\"https:\\\/\\\/lasentinelle.dz\\\/#\\\/schema\\\/person\\\/729ee0024f24e0b8c5ec17232f8e8b41\"},\"headline\":\"Rayan A\u00eft-Nouri forfait cinq semaines\",\"datePublished\":\"2025-09-14T11:31:30+00:00\",\"dateModified\":\"2025-09-14T11:31:31+00:00\",\"mainEntityOfPage\":{\"@id\":\"https:\\\/\\\/lasentinelle.dz\\\/index.php\\\/2025\\\/09\\\/14\\\/rayan-ait-nouri-forfait-cinq-semaines\\\/\"},\"wordCount\":613,\"commentCount\":0,\"publisher\":{\"@id\":\"https:\\\/\\\/lasentinelle.dz\\\/#organization\"},\"image\":{\"@id\":\"https:\\\/\\\/lasentinelle.dz\\\/index.php\\\/2025\\\/09\\\/14\\\/rayan-ait-nouri-forfait-cinq-semaines\\\/#primaryimage\"},\"thumbnailUrl\":\"https:\\\/\\\/lasentinelle.dz\\\/wp-content\\\/uploads\\\/2025\\\/08\\\/ait-nouri.jpg\",\"articleSection\":[\"Sports\"],\"inLanguage\":\"fr-FR\",\"potentialAction\":[{\"@type\":\"CommentAction\",\"name\":\"Comment\",\"target\":[\"https:\\\/\\\/lasentinelle.dz\\\/index.php\\\/2025\\\/09\\\/14\\\/rayan-ait-nouri-forfait-cinq-semaines\\\/#respond\"]}]},{\"@type\":\"WebPage\",\"@id\":\"https:\\\/\\\/lasentinelle.dz\\\/index.php\\\/2025\\\/09\\\/14\\\/rayan-ait-nouri-forfait-cinq-semaines\\\/\",\"url\":\"https:\\\/\\\/lasentinelle.dz\\\/index.php\\\/2025\\\/09\\\/14\\\/rayan-ait-nouri-forfait-cinq-semaines\\\/\",\"name\":\"Rayan A\u00eft-Nouri forfait cinq semaines - La Sentinelle\",\"isPartOf\":{\"@id\":\"https:\\\/\\\/lasentinelle.dz\\\/#website\"},\"primaryImageOfPage\":{\"@id\":\"https:\\\/\\\/lasentinelle.dz\\\/index.php\\\/2025\\\/09\\\/14\\\/rayan-ait-nouri-forfait-cinq-semaines\\\/#primaryimage\"},\"image\":{\"@id\":\"https:\\\/\\\/lasentinelle.dz\\\/index.php\\\/2025\\\/09\\\/14\\\/rayan-ait-nouri-forfait-cinq-semaines\\\/#primaryimage\"},\"thumbnailUrl\":\"https:\\\/\\\/lasentinelle.dz\\\/wp-content\\\/uploads\\\/2025\\\/08\\\/ait-nouri.jpg\",\"datePublished\":\"2025-09-14T11:31:30+00:00\",\"dateModified\":\"2025-09-14T11:31:31+00:00\",\"breadcrumb\":{\"@id\":\"https:\\\/\\\/lasentinelle.dz\\\/index.php\\\/2025\\\/09\\\/14\\\/rayan-ait-nouri-forfait-cinq-semaines\\\/#breadcrumb\"},\"inLanguage\":\"fr-FR\",\"potentialAction\":[{\"@type\":\"ReadAction\",\"target\":[\"https:\\\/\\\/lasentinelle.dz\\\/index.php\\\/2025\\\/09\\\/14\\\/rayan-ait-nouri-forfait-cinq-semaines\\\/\"]}]},{\"@type\":\"ImageObject\",\"inLanguage\":\"fr-FR\",\"@id\":\"https:\\\/\\\/lasentinelle.dz\\\/index.php\\\/2025\\\/09\\\/14\\\/rayan-ait-nouri-forfait-cinq-semaines\\\/#primaryimage\",\"url\":\"https:\\\/\\\/lasentinelle.dz\\\/wp-content\\\/uploads\\\/2025\\\/08\\\/ait-nouri.jpg\",\"contentUrl\":\"https:\\\/\\\/lasentinelle.dz\\\/wp-content\\\/uploads\\\/2025\\\/08\\\/ait-nouri.jpg\",\"width\":1200,\"height\":900},{\"@type\":\"BreadcrumbList\",\"@id\":\"https:\\\/\\\/lasentinelle.dz\\\/index.php\\\/2025\\\/09\\\/14\\\/rayan-ait-nouri-forfait-cinq-semaines\\\/#breadcrumb\",\"itemListElement\":[{\"@type\":\"ListItem\",\"position\":1,\"name\":\"Accueil\",\"item\":\"https:\\\/\\\/lasentinelle.dz\\\/\"},{\"@type\":\"ListItem\",\"position\":2,\"name\":\"Rayan A\u00eft-Nouri forfait cinq semaines\"}]},{\"@type\":\"WebSite\",\"@id\":\"https:\\\/\\\/lasentinelle.dz\\\/#website\",\"url\":\"https:\\\/\\\/lasentinelle.dz\\\/\",\"name\":\"La Sentinelle\",\"description\":\"Quotidien national d&#039;information\",\"publisher\":{\"@id\":\"https:\\\/\\\/lasentinelle.dz\\\/#organization\"},\"potentialAction\":[{\"@type\":\"SearchAction\",\"target\":{\"@type\":\"EntryPoint\",\"urlTemplate\":\"https:\\\/\\\/lasentinelle.dz\\\/?s={search_term_string}\"},\"query-input\":{\"@type\":\"PropertyValueSpecification\",\"valueRequired\":true,\"valueName\":\"search_term_string\"}}],\"inLanguage\":\"fr-FR\"},{\"@type\":\"Organization\",\"@id\":\"https:\\\/\\\/lasentinelle.dz\\\/#organization\",\"name\":\"Quotidien La Sentinelle\",\"url\":\"https:\\\/\\\/lasentinelle.dz\\\/\",\"logo\":{\"@type\":\"ImageObject\",\"inLanguage\":\"fr-FR\",\"@id\":\"https:\\\/\\\/lasentinelle.dz\\\/#\\\/schema\\\/logo\\\/image\\\/\",\"url\":\"https:\\\/\\\/lasentinelle.dz\\\/wp-content\\\/uploads\\\/2021\\\/09\\\/logo-sentinelleSLOGAN-1.png\",\"contentUrl\":\"https:\\\/\\\/lasentinelle.dz\\\/wp-content\\\/uploads\\\/2021\\\/09\\\/logo-sentinelleSLOGAN-1.png\",\"width\":615,\"height\":142,\"caption\":\"Quotidien La Sentinelle\"},\"image\":{\"@id\":\"https:\\\/\\\/lasentinelle.dz\\\/#\\\/schema\\\/logo\\\/image\\\/\"},\"sameAs\":[\"https:\\\/\\\/www.facebook.com\\\/La-Sentinelle-104059864394773\"]},{\"@type\":\"Person\",\"@id\":\"https:\\\/\\\/lasentinelle.dz\\\/#\\\/schema\\\/person\\\/729ee0024f24e0b8c5ec17232f8e8b41\",\"name\":\"admin\",\"image\":{\"@type\":\"ImageObject\",\"inLanguage\":\"fr-FR\",\"@id\":\"https:\\\/\\\/secure.gravatar.com\\\/avatar\\\/4c81fed838786e9b53f540bf46533e750f5d292099ae3b66cfc6fb1982e29df7?s=96&d=mm&r=g\",\"url\":\"https:\\\/\\\/secure.gravatar.com\\\/avatar\\\/4c81fed838786e9b53f540bf46533e750f5d292099ae3b66cfc6fb1982e29df7?s=96&d=mm&r=g\",\"contentUrl\":\"https:\\\/\\\/secure.gravatar.com\\\/avatar\\\/4c81fed838786e9b53f540bf46533e750f5d292099ae3b66cfc6fb1982e29df7?s=96&d=mm&r=g\",\"caption\":\"admin\"},\"description\":\"admin\",\"url\":\"https:\\\/\\\/lasentinelle.dz\\\/author\\\/admin\\\/\"}]}<\/script>\n<!-- \/ Yoast SEO plugin. -->","yoast_head_json":{"title":"Rayan A\u00eft-Nouri forfait cinq semaines - La Sentinelle","robots":{"index":"index","follow":"follow","max-snippet":"max-snippet:-1","max-image-preview":"max-image-preview:large","max-video-preview":"max-video-preview:-1"},"canonical":"https:\/\/lasentinelle.dz\/index.php\/2025\/09\/14\/rayan-ait-nouri-forfait-cinq-semaines\/","og_locale":"fr_FR","og_type":"article","og_title":"Rayan A\u00eft-Nouri forfait cinq semaines - La Sentinelle","og_description":"Alors que l&rsquo;\u00e9quipe nationale alg\u00e9rienne navigue sereinement vers la qualification pour la Coupe du monde 2026 avec 19 points en","og_url":"https:\/\/lasentinelle.dz\/index.php\/2025\/09\/14\/rayan-ait-nouri-forfait-cinq-semaines\/","og_site_name":"La Sentinelle","article_publisher":"https:\/\/www.facebook.com\/La-Sentinelle-104059864394773","article_published_time":"2025-09-14T11:31:30+00:00","article_modified_time":"2025-09-14T11:31:31+00:00","og_image":[{"width":1200,"height":900,"url":"https:\/\/lasentinelle.dz\/wp-content\/uploads\/2025\/08\/ait-nouri.jpg","type":"image\/jpeg"}],"author":"admin","twitter_card":"summary_large_image","twitter_misc":{"\u00c9crit par":"admin","Dur\u00e9e de lecture estim\u00e9e":"4 minutes"},"schema":{"@context":"https:\/\/schema.org","@graph":[{"@type":"Article","@id":"https:\/\/lasentinelle.dz\/index.php\/2025\/09\/14\/rayan-ait-nouri-forfait-cinq-semaines\/#article","isPartOf":{"@id":"https:\/\/lasentinelle.dz\/index.php\/2025\/09\/14\/rayan-ait-nouri-forfait-cinq-semaines\/"},"author":{"name":"admin","@id":"https:\/\/lasentinelle.dz\/#\/schema\/person\/729ee0024f24e0b8c5ec17232f8e8b41"},"headline":"Rayan A\u00eft-Nouri forfait cinq semaines","datePublished":"2025-09-14T11:31:30+00:00","dateModified":"2025-09-14T11:31:31+00:00","mainEntityOfPage":{"@id":"https:\/\/lasentinelle.dz\/index.php\/2025\/09\/14\/rayan-ait-nouri-forfait-cinq-semaines\/"},"wordCount":613,"commentCount":0,"publisher":{"@id":"https:\/\/lasentinelle.dz\/#organization"},"image":{"@id":"https:\/\/lasentinelle.dz\/index.php\/2025\/09\/14\/rayan-ait-nouri-forfait-cinq-semaines\/#primaryimage"},"thumbnailUrl":"https:\/\/lasentinelle.dz\/wp-content\/uploads\/2025\/08\/ait-nouri.jpg","articleSection":["Sports"],"inLanguage":"fr-FR","potentialAction":[{"@type":"CommentAction","name":"Comment","target":["https:\/\/lasentinelle.dz\/index.php\/2025\/09\/14\/rayan-ait-nouri-forfait-cinq-semaines\/#respond"]}]},{"@type":"WebPage","@id":"https:\/\/lasentinelle.dz\/index.php\/2025\/09\/14\/rayan-ait-nouri-forfait-cinq-semaines\/","url":"https:\/\/lasentinelle.dz\/index.php\/2025\/09\/14\/rayan-ait-nouri-forfait-cinq-semaines\/","name":"Rayan A\u00eft-Nouri forfait cinq semaines - La Sentinelle","isPartOf":{"@id":"https:\/\/lasentinelle.dz\/#website"},"primaryImageOfPage":{"@id":"https:\/\/lasentinelle.dz\/index.php\/2025\/09\/14\/rayan-ait-nouri-forfait-cinq-semaines\/#primaryimage"},"image":{"@id":"https:\/\/lasentinelle.dz\/index.php\/2025\/09\/14\/rayan-ait-nouri-forfait-cinq-semaines\/#primaryimage"},"thumbnailUrl":"https:\/\/lasentinelle.dz\/wp-content\/uploads\/2025\/08\/ait-nouri.jpg","datePublished":"2025-09-14T11:31:30+00:00","dateModified":"2025-09-14T11:31:31+00:00","breadcrumb":{"@id":"https:\/\/lasentinelle.dz\/index.php\/2025\/09\/14\/rayan-ait-nouri-forfait-cinq-semaines\/#breadcrumb"},"inLanguage":"fr-FR","potentialAction":[{"@type":"ReadAction","target":["https:\/\/lasentinelle.dz\/index.php\/2025\/09\/14\/rayan-ait-nouri-forfait-cinq-semaines\/"]}]},{"@type":"ImageObject","inLanguage":"fr-FR","@id":"https:\/\/lasentinelle.dz\/index.php\/2025\/09\/14\/rayan-ait-nouri-forfait-cinq-semaines\/#primaryimage","url":"https:\/\/lasentinelle.dz\/wp-content\/uploads\/2025\/08\/ait-nouri.jpg","contentUrl":"https:\/\/lasentinelle.dz\/wp-content\/uploads\/2025\/08\/ait-nouri.jpg","width":1200,"height":900},{"@type":"BreadcrumbList","@id":"https:\/\/lasentinelle.dz\/index.php\/2025\/09\/14\/rayan-ait-nouri-forfait-cinq-semaines\/#breadcrumb","itemListElement":[{"@type":"ListItem","position":1,"name":"Accueil","item":"https:\/\/lasentinelle.dz\/"},{"@type":"ListItem","position":2,"name":"Rayan A\u00eft-Nouri forfait cinq semaines"}]},{"@type":"WebSite","@id":"https:\/\/lasentinelle.dz\/#website","url":"https:\/\/lasentinelle.dz\/","name":"La Sentinelle","description":"Quotidien national d&#039;information","publisher":{"@id":"https:\/\/lasentinelle.dz\/#organization"},"potentialAction":[{"@type":"SearchAction","target":{"@type":"EntryPoint","urlTemplate":"https:\/\/lasentinelle.dz\/?s={search_term_string}"},"query-input":{"@type":"PropertyValueSpecification","valueRequired":true,"valueName":"search_term_string"}}],"inLanguage":"fr-FR"},{"@type":"Organization","@id":"https:\/\/lasentinelle.dz\/#organization","name":"Quotidien La Sentinelle","url":"https:\/\/lasentinelle.dz\/","logo":{"@type":"ImageObject","inLanguage":"fr-FR","@id":"https:\/\/lasentinelle.dz\/#\/schema\/logo\/image\/","url":"https:\/\/lasentinelle.dz\/wp-content\/uploads\/2021\/09\/logo-sentinelleSLOGAN-1.png","contentUrl":"https:\/\/lasentinelle.dz\/wp-content\/uploads\/2021\/09\/logo-sentinelleSLOGAN-1.png","width":615,"height":142,"caption":"Quotidien La Sentinelle"},"image":{"@id":"https:\/\/lasentinelle.dz\/#\/schema\/logo\/image\/"},"sameAs":["https:\/\/www.facebook.com\/La-Sentinelle-104059864394773"]},{"@type":"Person","@id":"https:\/\/lasentinelle.dz\/#\/schema\/person\/729ee0024f24e0b8c5ec17232f8e8b41","name":"admin","image":{"@type":"ImageObject","inLanguage":"fr-FR","@id":"https:\/\/secure.gravatar.com\/avatar\/4c81fed838786e9b53f540bf46533e750f5d292099ae3b66cfc6fb1982e29df7?s=96&d=mm&r=g","url":"https:\/\/secure.gravatar.com\/avatar\/4c81fed838786e9b53f540bf46533e750f5d292099ae3b66cfc6fb1982e29df7?s=96&d=mm&r=g","contentUrl":"https:\/\/secure.gravatar.com\/avatar\/4c81fed838786e9b53f540bf46533e750f5d292099ae3b66cfc6fb1982e29df7?s=96&d=mm&r=g","caption":"admin"},"description":"admin","url":"https:\/\/lasentinelle.dz\/author\/admin\/"}]}},"_links":{"self":[{"href":"https:\/\/lasentinelle.dz\/index.php\/wp-json\/wp\/v2\/posts\/73267","targetHints":{"allow":["GET"]}}],"collection":[{"href":"https:\/\/lasentinelle.dz\/index.php\/wp-json\/wp\/v2\/posts"}],"about":[{"href":"https:\/\/lasentinelle.dz\/index.php\/wp-json\/wp\/v2\/types\/post"}],"author":[{"embeddable":true,"href":"https:\/\/lasentinelle.dz\/index.php\/wp-json\/wp\/v2\/users\/6"}],"replies":[{"embeddable":true,"href":"https:\/\/lasentinelle.dz\/index.php\/wp-json\/wp\/v2\/comments?post=73267"}],"version-history":[{"count":1,"href":"https:\/\/lasentinelle.dz\/index.php\/wp-json\/wp\/v2\/posts\/73267\/revisions"}],"predecessor-version":[{"id":73268,"href":"https:\/\/lasentinelle.dz\/index.php\/wp-json\/wp\/v2\/posts\/73267\/revisions\/73268"}],"wp:featuredmedia":[{"embeddable":true,"href":"https:\/\/lasentinelle.dz\/index.php\/wp-json\/wp\/v2\/media\/72282"}],"wp:attachment":[{"href":"https:\/\/lasentinelle.dz\/index.php\/wp-json\/wp\/v2\/media?parent=73267"}],"wp:term":[{"taxonomy":"category","embeddable":true,"href":"https:\/\/lasentinelle.dz\/index.php\/wp-json\/wp\/v2\/categories?post=73267"},{"taxonomy":"post_tag","embeddable":true,"href":"https:\/\/lasentinelle.dz\/index.php\/wp-json\/wp\/v2\/tags?post=73267"}],"curies":[{"name":"wp","href":"https:\/\/api.w.org\/{rel}","templated":true}]}}