{"id":73274,"date":"2025-09-14T12:34:40","date_gmt":"2025-09-14T11:34:40","guid":{"rendered":"https:\/\/lasentinelle.dz\/?p=73274"},"modified":"2025-09-14T12:34:40","modified_gmt":"2025-09-14T11:34:40","slug":"tebessa-une-recolte-cerealiere-exceptionnelle","status":"publish","type":"post","link":"https:\/\/lasentinelle.dz\/index.php\/2025\/09\/14\/tebessa-une-recolte-cerealiere-exceptionnelle\/","title":{"rendered":"T\u00e9bessa\u00a0: Une r\u00e9colte c\u00e9r\u00e9ali\u00e8re exceptionnelle"},"content":{"rendered":"\n<p>La wilaya de T\u00e9bessa, \u00e0 vocation c\u00e9r\u00e9ali\u00e8re par excellence, a enregistr\u00e9 une production record de plus de 1,38 million de quintaux de c\u00e9r\u00e9ales, toutes vari\u00e9t\u00e9s confondues, pour la campagne 2024-2025.<\/p>\n\n\n\n<p>Ce r\u00e9sultat marque une hausse spectaculaire comparativement \u00e0 la saison pr\u00e9c\u00e9dente qui avait donn\u00e9 lieu \u00e0 une r\u00e9colte de 380 000 quintaux, selon le service de la production relevant de la direction des services agricoles de la wilaya de T\u00e9bessa. La superficie d\u00e9di\u00e9e \u00e0 la culture des produits c\u00e9r\u00e9aliers s&rsquo;\u00e9l\u00e8ve \u00e0 107 128 hectares, dont 18 600 en irrigu\u00e9. Selon les d\u00e9tails fournis, la production se compose de 700 004 quintaux d&rsquo;orge, 645 220 quintaux de bl\u00e9 dur, 32 645 quintaux de bl\u00e9 tendre et 2 358 quintaux d&rsquo;avoine. La campagne de moisson-battage, pour laquelle tous les moyens humains et logistiques ont \u00e9t\u00e9 mobilis\u00e9s, a assur\u00e9 les meilleures conditions de d\u00e9roulement du processus de r\u00e9colte qui s&rsquo;est achev\u00e9 dans de bonnes conditions. Cette phase est actuellement suivie par la collecte et le stockage des produits c\u00e9r\u00e9aliers aupr\u00e8s de la Coop\u00e9rative des c\u00e9r\u00e9ales et l\u00e9gumes secs, qui se poursuivra jusqu&rsquo;\u00e0 la fin du mois de septembre en cours. Il convient de souligner que la vocation agricole de la wilaya de T\u00e9bessa, notamment en mati\u00e8re de l\u00e9gumes secs, a conduit les professionnels de l&rsquo;agriculture de cette wilaya frontali\u00e8re, conscients de l&rsquo;impact et surtout de l&rsquo;enjeu de la culture c\u00e9r\u00e9ali\u00e8re, \u00e0 se tourner vers l&rsquo;avenir afin d&rsquo;assurer l&rsquo;autosuffisance et la s\u00e9curit\u00e9 alimentaire. Cette orientation explique l&rsquo;implication des agriculteurs, notamment les professionnels de la fili\u00e8re c\u00e9r\u00e9ali\u00e8re, dans la politique des hautes instances de l&rsquo;\u00c9tat dont les orientations et recommandations pr\u00f4nent le d\u00e9veloppement de cette fili\u00e8re strat\u00e9gique. Dans ce contexte, les services de la direction des services agricoles de la wilaya de T\u00e9bessa se sont investis pleinement dans ce processus en accompagnant activement les agriculteurs dans la pr\u00e9paration de la nouvelle saison agricole 2025-2026. Cet appui comprend l&rsquo;aide \u00e0 la pr\u00e9paration des sols, l&rsquo;acquisition d&rsquo;intrants comme les semences et engrais, et l&rsquo;orientation vers un guichet unique d\u00e9di\u00e9 \u00e0 l&rsquo;attribution du cr\u00e9dit bonifi\u00e9 R&rsquo;fig.<\/p>\n\n\n\n<p>Sofia Chahine<\/p>\n","protected":false},"excerpt":{"rendered":"<p>La wilaya de T\u00e9bessa, \u00e0 vocation c\u00e9r\u00e9ali\u00e8re par excellence, a enregistr\u00e9 une production record de plus de 1,38 million de<\/p>\n","protected":false},"author":6,"featured_media":34772,"comment_status":"open","ping_status":"closed","sticky":false,"template":"","format":"standard","meta":{"colormag_page_container_layout":"default_layout","colormag_page_sidebar_layout":"default_layout","om_disable_all_campaigns":false,"_monsterinsights_skip_tracking":false,"_monsterinsights_sitenote_active":false,"_monsterinsights_sitenote_note":"","_monsterinsights_sitenote_category":0,"footnotes":"","_wpscppro_dont_share_socialmedia":false,"_wpscppro_custom_social_share_image":0,"_facebook_share_type":"default","_twitter_share_type":"default","_linkedin_share_type":"default","_pinterest_share_type":"default","_linkedin_share_type_page":"","_instagram_share_type":"default","_medium_share_type":"default","_threads_share_type":"default","_google_business_share_type":"default","_selected_social_profile":[],"_wpsp_enable_custom_social_template":false,"_wpsp_social_scheduling":{"enabled":false,"datetime":null,"platforms":[],"status":"template_only","dateOption":"today","timeOption":"now","customDays":"","customHours":"","customDate":"","customTime":"","schedulingType":"absolute"},"_wpsp_active_default_template":true},"categories":[31],"tags":[],"class_list":["post-73274","post","type-post","status-publish","format-standard","has-post-thumbnail","hentry","category-regions"],"aioseo_notices":[],"yoast_head":"<!-- This site is optimized with the Yoast SEO plugin v27.5 - https:\/\/yoast.com\/product\/yoast-seo-wordpress\/ -->\n<title>T\u00e9bessa\u00a0: Une r\u00e9colte c\u00e9r\u00e9ali\u00e8re exceptionnelle - La Sentinelle<\/title>\n<meta name=\"robots\" content=\"index, follow, max-snippet:-1, max-image-preview:large, max-video-preview:-1\" \/>\n<link rel=\"canonical\" href=\"https:\/\/lasentinelle.dz\/index.php\/2025\/09\/14\/tebessa-une-recolte-cerealiere-exceptionnelle\/\" \/>\n<meta property=\"og:locale\" content=\"fr_FR\" \/>\n<meta property=\"og:type\" content=\"article\" \/>\n<meta property=\"og:title\" content=\"T\u00e9bessa\u00a0: Une r\u00e9colte c\u00e9r\u00e9ali\u00e8re exceptionnelle - La Sentinelle\" \/>\n<meta property=\"og:description\" content=\"La wilaya de T\u00e9bessa, \u00e0 vocation c\u00e9r\u00e9ali\u00e8re par excellence, a enregistr\u00e9 une production record de plus de 1,38 million de\" \/>\n<meta property=\"og:url\" content=\"https:\/\/lasentinelle.dz\/index.php\/2025\/09\/14\/tebessa-une-recolte-cerealiere-exceptionnelle\/\" \/>\n<meta property=\"og:site_name\" content=\"La Sentinelle\" \/>\n<meta property=\"article:publisher\" content=\"https:\/\/www.facebook.com\/La-Sentinelle-104059864394773\" \/>\n<meta property=\"article:published_time\" content=\"2025-09-14T11:34:40+00:00\" \/>\n<meta property=\"og:image\" content=\"https:\/\/lasentinelle.dz\/wp-content\/uploads\/2023\/01\/cereales-2.png\" \/>\n\t<meta property=\"og:image:width\" content=\"1351\" \/>\n\t<meta property=\"og:image:height\" content=\"900\" \/>\n\t<meta property=\"og:image:type\" content=\"image\/png\" \/>\n<meta name=\"author\" content=\"admin\" \/>\n<meta name=\"twitter:card\" content=\"summary_large_image\" \/>\n<meta name=\"twitter:label1\" content=\"\u00c9crit par\" \/>\n\t<meta name=\"twitter:data1\" content=\"admin\" \/>\n\t<meta name=\"twitter:label2\" content=\"Dur\u00e9e de lecture estim\u00e9e\" \/>\n\t<meta name=\"twitter:data2\" content=\"2 minutes\" \/>\n<script type=\"application\/ld+json\" class=\"yoast-schema-graph\">{\"@context\":\"https:\\\/\\\/schema.org\",\"@graph\":[{\"@type\":\"Article\",\"@id\":\"https:\\\/\\\/lasentinelle.dz\\\/index.php\\\/2025\\\/09\\\/14\\\/tebessa-une-recolte-cerealiere-exceptionnelle\\\/#article\",\"isPartOf\":{\"@id\":\"https:\\\/\\\/lasentinelle.dz\\\/index.php\\\/2025\\\/09\\\/14\\\/tebessa-une-recolte-cerealiere-exceptionnelle\\\/\"},\"author\":{\"name\":\"admin\",\"@id\":\"https:\\\/\\\/lasentinelle.dz\\\/#\\\/schema\\\/person\\\/729ee0024f24e0b8c5ec17232f8e8b41\"},\"headline\":\"T\u00e9bessa\u00a0: Une r\u00e9colte c\u00e9r\u00e9ali\u00e8re exceptionnelle\",\"datePublished\":\"2025-09-14T11:34:40+00:00\",\"mainEntityOfPage\":{\"@id\":\"https:\\\/\\\/lasentinelle.dz\\\/index.php\\\/2025\\\/09\\\/14\\\/tebessa-une-recolte-cerealiere-exceptionnelle\\\/\"},\"wordCount\":395,\"commentCount\":0,\"publisher\":{\"@id\":\"https:\\\/\\\/lasentinelle.dz\\\/#organization\"},\"image\":{\"@id\":\"https:\\\/\\\/lasentinelle.dz\\\/index.php\\\/2025\\\/09\\\/14\\\/tebessa-une-recolte-cerealiere-exceptionnelle\\\/#primaryimage\"},\"thumbnailUrl\":\"https:\\\/\\\/lasentinelle.dz\\\/wp-content\\\/uploads\\\/2023\\\/01\\\/cereales-2.png\",\"articleSection\":[\"R\u00e9gions\"],\"inLanguage\":\"fr-FR\",\"potentialAction\":[{\"@type\":\"CommentAction\",\"name\":\"Comment\",\"target\":[\"https:\\\/\\\/lasentinelle.dz\\\/index.php\\\/2025\\\/09\\\/14\\\/tebessa-une-recolte-cerealiere-exceptionnelle\\\/#respond\"]}]},{\"@type\":\"WebPage\",\"@id\":\"https:\\\/\\\/lasentinelle.dz\\\/index.php\\\/2025\\\/09\\\/14\\\/tebessa-une-recolte-cerealiere-exceptionnelle\\\/\",\"url\":\"https:\\\/\\\/lasentinelle.dz\\\/index.php\\\/2025\\\/09\\\/14\\\/tebessa-une-recolte-cerealiere-exceptionnelle\\\/\",\"name\":\"T\u00e9bessa\u00a0: Une r\u00e9colte c\u00e9r\u00e9ali\u00e8re exceptionnelle - La Sentinelle\",\"isPartOf\":{\"@id\":\"https:\\\/\\\/lasentinelle.dz\\\/#website\"},\"primaryImageOfPage\":{\"@id\":\"https:\\\/\\\/lasentinelle.dz\\\/index.php\\\/2025\\\/09\\\/14\\\/tebessa-une-recolte-cerealiere-exceptionnelle\\\/#primaryimage\"},\"image\":{\"@id\":\"https:\\\/\\\/lasentinelle.dz\\\/index.php\\\/2025\\\/09\\\/14\\\/tebessa-une-recolte-cerealiere-exceptionnelle\\\/#primaryimage\"},\"thumbnailUrl\":\"https:\\\/\\\/lasentinelle.dz\\\/wp-content\\\/uploads\\\/2023\\\/01\\\/cereales-2.png\",\"datePublished\":\"2025-09-14T11:34:40+00:00\",\"breadcrumb\":{\"@id\":\"https:\\\/\\\/lasentinelle.dz\\\/index.php\\\/2025\\\/09\\\/14\\\/tebessa-une-recolte-cerealiere-exceptionnelle\\\/#breadcrumb\"},\"inLanguage\":\"fr-FR\",\"potentialAction\":[{\"@type\":\"ReadAction\",\"target\":[\"https:\\\/\\\/lasentinelle.dz\\\/index.php\\\/2025\\\/09\\\/14\\\/tebessa-une-recolte-cerealiere-exceptionnelle\\\/\"]}]},{\"@type\":\"ImageObject\",\"inLanguage\":\"fr-FR\",\"@id\":\"https:\\\/\\\/lasentinelle.dz\\\/index.php\\\/2025\\\/09\\\/14\\\/tebessa-une-recolte-cerealiere-exceptionnelle\\\/#primaryimage\",\"url\":\"https:\\\/\\\/lasentinelle.dz\\\/wp-content\\\/uploads\\\/2023\\\/01\\\/cereales-2.png\",\"contentUrl\":\"https:\\\/\\\/lasentinelle.dz\\\/wp-content\\\/uploads\\\/2023\\\/01\\\/cereales-2.png\",\"width\":1351,\"height\":900},{\"@type\":\"BreadcrumbList\",\"@id\":\"https:\\\/\\\/lasentinelle.dz\\\/index.php\\\/2025\\\/09\\\/14\\\/tebessa-une-recolte-cerealiere-exceptionnelle\\\/#breadcrumb\",\"itemListElement\":[{\"@type\":\"ListItem\",\"position\":1,\"name\":\"Accueil\",\"item\":\"https:\\\/\\\/lasentinelle.dz\\\/\"},{\"@type\":\"ListItem\",\"position\":2,\"name\":\"T\u00e9bessa\u00a0: Une r\u00e9colte c\u00e9r\u00e9ali\u00e8re exceptionnelle\"}]},{\"@type\":\"WebSite\",\"@id\":\"https:\\\/\\\/lasentinelle.dz\\\/#website\",\"url\":\"https:\\\/\\\/lasentinelle.dz\\\/\",\"name\":\"La Sentinelle\",\"description\":\"Quotidien national d&#039;information\",\"publisher\":{\"@id\":\"https:\\\/\\\/lasentinelle.dz\\\/#organization\"},\"potentialAction\":[{\"@type\":\"SearchAction\",\"target\":{\"@type\":\"EntryPoint\",\"urlTemplate\":\"https:\\\/\\\/lasentinelle.dz\\\/?s={search_term_string}\"},\"query-input\":{\"@type\":\"PropertyValueSpecification\",\"valueRequired\":true,\"valueName\":\"search_term_string\"}}],\"inLanguage\":\"fr-FR\"},{\"@type\":\"Organization\",\"@id\":\"https:\\\/\\\/lasentinelle.dz\\\/#organization\",\"name\":\"Quotidien La Sentinelle\",\"url\":\"https:\\\/\\\/lasentinelle.dz\\\/\",\"logo\":{\"@type\":\"ImageObject\",\"inLanguage\":\"fr-FR\",\"@id\":\"https:\\\/\\\/lasentinelle.dz\\\/#\\\/schema\\\/logo\\\/image\\\/\",\"url\":\"https:\\\/\\\/lasentinelle.dz\\\/wp-content\\\/uploads\\\/2021\\\/09\\\/logo-sentinelleSLOGAN-1.png\",\"contentUrl\":\"https:\\\/\\\/lasentinelle.dz\\\/wp-content\\\/uploads\\\/2021\\\/09\\\/logo-sentinelleSLOGAN-1.png\",\"width\":615,\"height\":142,\"caption\":\"Quotidien La Sentinelle\"},\"image\":{\"@id\":\"https:\\\/\\\/lasentinelle.dz\\\/#\\\/schema\\\/logo\\\/image\\\/\"},\"sameAs\":[\"https:\\\/\\\/www.facebook.com\\\/La-Sentinelle-104059864394773\"]},{\"@type\":\"Person\",\"@id\":\"https:\\\/\\\/lasentinelle.dz\\\/#\\\/schema\\\/person\\\/729ee0024f24e0b8c5ec17232f8e8b41\",\"name\":\"admin\",\"image\":{\"@type\":\"ImageObject\",\"inLanguage\":\"fr-FR\",\"@id\":\"https:\\\/\\\/secure.gravatar.com\\\/avatar\\\/4c81fed838786e9b53f540bf46533e750f5d292099ae3b66cfc6fb1982e29df7?s=96&d=mm&r=g\",\"url\":\"https:\\\/\\\/secure.gravatar.com\\\/avatar\\\/4c81fed838786e9b53f540bf46533e750f5d292099ae3b66cfc6fb1982e29df7?s=96&d=mm&r=g\",\"contentUrl\":\"https:\\\/\\\/secure.gravatar.com\\\/avatar\\\/4c81fed838786e9b53f540bf46533e750f5d292099ae3b66cfc6fb1982e29df7?s=96&d=mm&r=g\",\"caption\":\"admin\"},\"description\":\"admin\",\"url\":\"https:\\\/\\\/lasentinelle.dz\\\/author\\\/admin\\\/\"}]}<\/script>\n<!-- \/ Yoast SEO plugin. -->","yoast_head_json":{"title":"T\u00e9bessa\u00a0: Une r\u00e9colte c\u00e9r\u00e9ali\u00e8re exceptionnelle - La Sentinelle","robots":{"index":"index","follow":"follow","max-snippet":"max-snippet:-1","max-image-preview":"max-image-preview:large","max-video-preview":"max-video-preview:-1"},"canonical":"https:\/\/lasentinelle.dz\/index.php\/2025\/09\/14\/tebessa-une-recolte-cerealiere-exceptionnelle\/","og_locale":"fr_FR","og_type":"article","og_title":"T\u00e9bessa\u00a0: Une r\u00e9colte c\u00e9r\u00e9ali\u00e8re exceptionnelle - La Sentinelle","og_description":"La wilaya de T\u00e9bessa, \u00e0 vocation c\u00e9r\u00e9ali\u00e8re par excellence, a enregistr\u00e9 une production record de plus de 1,38 million de","og_url":"https:\/\/lasentinelle.dz\/index.php\/2025\/09\/14\/tebessa-une-recolte-cerealiere-exceptionnelle\/","og_site_name":"La Sentinelle","article_publisher":"https:\/\/www.facebook.com\/La-Sentinelle-104059864394773","article_published_time":"2025-09-14T11:34:40+00:00","og_image":[{"width":1351,"height":900,"url":"https:\/\/lasentinelle.dz\/wp-content\/uploads\/2023\/01\/cereales-2.png","type":"image\/png"}],"author":"admin","twitter_card":"summary_large_image","twitter_misc":{"\u00c9crit par":"admin","Dur\u00e9e de lecture estim\u00e9e":"2 minutes"},"schema":{"@context":"https:\/\/schema.org","@graph":[{"@type":"Article","@id":"https:\/\/lasentinelle.dz\/index.php\/2025\/09\/14\/tebessa-une-recolte-cerealiere-exceptionnelle\/#article","isPartOf":{"@id":"https:\/\/lasentinelle.dz\/index.php\/2025\/09\/14\/tebessa-une-recolte-cerealiere-exceptionnelle\/"},"author":{"name":"admin","@id":"https:\/\/lasentinelle.dz\/#\/schema\/person\/729ee0024f24e0b8c5ec17232f8e8b41"},"headline":"T\u00e9bessa\u00a0: Une r\u00e9colte c\u00e9r\u00e9ali\u00e8re exceptionnelle","datePublished":"2025-09-14T11:34:40+00:00","mainEntityOfPage":{"@id":"https:\/\/lasentinelle.dz\/index.php\/2025\/09\/14\/tebessa-une-recolte-cerealiere-exceptionnelle\/"},"wordCount":395,"commentCount":0,"publisher":{"@id":"https:\/\/lasentinelle.dz\/#organization"},"image":{"@id":"https:\/\/lasentinelle.dz\/index.php\/2025\/09\/14\/tebessa-une-recolte-cerealiere-exceptionnelle\/#primaryimage"},"thumbnailUrl":"https:\/\/lasentinelle.dz\/wp-content\/uploads\/2023\/01\/cereales-2.png","articleSection":["R\u00e9gions"],"inLanguage":"fr-FR","potentialAction":[{"@type":"CommentAction","name":"Comment","target":["https:\/\/lasentinelle.dz\/index.php\/2025\/09\/14\/tebessa-une-recolte-cerealiere-exceptionnelle\/#respond"]}]},{"@type":"WebPage","@id":"https:\/\/lasentinelle.dz\/index.php\/2025\/09\/14\/tebessa-une-recolte-cerealiere-exceptionnelle\/","url":"https:\/\/lasentinelle.dz\/index.php\/2025\/09\/14\/tebessa-une-recolte-cerealiere-exceptionnelle\/","name":"T\u00e9bessa\u00a0: Une r\u00e9colte c\u00e9r\u00e9ali\u00e8re exceptionnelle - La Sentinelle","isPartOf":{"@id":"https:\/\/lasentinelle.dz\/#website"},"primaryImageOfPage":{"@id":"https:\/\/lasentinelle.dz\/index.php\/2025\/09\/14\/tebessa-une-recolte-cerealiere-exceptionnelle\/#primaryimage"},"image":{"@id":"https:\/\/lasentinelle.dz\/index.php\/2025\/09\/14\/tebessa-une-recolte-cerealiere-exceptionnelle\/#primaryimage"},"thumbnailUrl":"https:\/\/lasentinelle.dz\/wp-content\/uploads\/2023\/01\/cereales-2.png","datePublished":"2025-09-14T11:34:40+00:00","breadcrumb":{"@id":"https:\/\/lasentinelle.dz\/index.php\/2025\/09\/14\/tebessa-une-recolte-cerealiere-exceptionnelle\/#breadcrumb"},"inLanguage":"fr-FR","potentialAction":[{"@type":"ReadAction","target":["https:\/\/lasentinelle.dz\/index.php\/2025\/09\/14\/tebessa-une-recolte-cerealiere-exceptionnelle\/"]}]},{"@type":"ImageObject","inLanguage":"fr-FR","@id":"https:\/\/lasentinelle.dz\/index.php\/2025\/09\/14\/tebessa-une-recolte-cerealiere-exceptionnelle\/#primaryimage","url":"https:\/\/lasentinelle.dz\/wp-content\/uploads\/2023\/01\/cereales-2.png","contentUrl":"https:\/\/lasentinelle.dz\/wp-content\/uploads\/2023\/01\/cereales-2.png","width":1351,"height":900},{"@type":"BreadcrumbList","@id":"https:\/\/lasentinelle.dz\/index.php\/2025\/09\/14\/tebessa-une-recolte-cerealiere-exceptionnelle\/#breadcrumb","itemListElement":[{"@type":"ListItem","position":1,"name":"Accueil","item":"https:\/\/lasentinelle.dz\/"},{"@type":"ListItem","position":2,"name":"T\u00e9bessa\u00a0: Une r\u00e9colte c\u00e9r\u00e9ali\u00e8re exceptionnelle"}]},{"@type":"WebSite","@id":"https:\/\/lasentinelle.dz\/#website","url":"https:\/\/lasentinelle.dz\/","name":"La Sentinelle","description":"Quotidien national d&#039;information","publisher":{"@id":"https:\/\/lasentinelle.dz\/#organization"},"potentialAction":[{"@type":"SearchAction","target":{"@type":"EntryPoint","urlTemplate":"https:\/\/lasentinelle.dz\/?s={search_term_string}"},"query-input":{"@type":"PropertyValueSpecification","valueRequired":true,"valueName":"search_term_string"}}],"inLanguage":"fr-FR"},{"@type":"Organization","@id":"https:\/\/lasentinelle.dz\/#organization","name":"Quotidien La Sentinelle","url":"https:\/\/lasentinelle.dz\/","logo":{"@type":"ImageObject","inLanguage":"fr-FR","@id":"https:\/\/lasentinelle.dz\/#\/schema\/logo\/image\/","url":"https:\/\/lasentinelle.dz\/wp-content\/uploads\/2021\/09\/logo-sentinelleSLOGAN-1.png","contentUrl":"https:\/\/lasentinelle.dz\/wp-content\/uploads\/2021\/09\/logo-sentinelleSLOGAN-1.png","width":615,"height":142,"caption":"Quotidien La Sentinelle"},"image":{"@id":"https:\/\/lasentinelle.dz\/#\/schema\/logo\/image\/"},"sameAs":["https:\/\/www.facebook.com\/La-Sentinelle-104059864394773"]},{"@type":"Person","@id":"https:\/\/lasentinelle.dz\/#\/schema\/person\/729ee0024f24e0b8c5ec17232f8e8b41","name":"admin","image":{"@type":"ImageObject","inLanguage":"fr-FR","@id":"https:\/\/secure.gravatar.com\/avatar\/4c81fed838786e9b53f540bf46533e750f5d292099ae3b66cfc6fb1982e29df7?s=96&d=mm&r=g","url":"https:\/\/secure.gravatar.com\/avatar\/4c81fed838786e9b53f540bf46533e750f5d292099ae3b66cfc6fb1982e29df7?s=96&d=mm&r=g","contentUrl":"https:\/\/secure.gravatar.com\/avatar\/4c81fed838786e9b53f540bf46533e750f5d292099ae3b66cfc6fb1982e29df7?s=96&d=mm&r=g","caption":"admin"},"description":"admin","url":"https:\/\/lasentinelle.dz\/author\/admin\/"}]}},"_links":{"self":[{"href":"https:\/\/lasentinelle.dz\/index.php\/wp-json\/wp\/v2\/posts\/73274","targetHints":{"allow":["GET"]}}],"collection":[{"href":"https:\/\/lasentinelle.dz\/index.php\/wp-json\/wp\/v2\/posts"}],"about":[{"href":"https:\/\/lasentinelle.dz\/index.php\/wp-json\/wp\/v2\/types\/post"}],"author":[{"embeddable":true,"href":"https:\/\/lasentinelle.dz\/index.php\/wp-json\/wp\/v2\/users\/6"}],"replies":[{"embeddable":true,"href":"https:\/\/lasentinelle.dz\/index.php\/wp-json\/wp\/v2\/comments?post=73274"}],"version-history":[{"count":1,"href":"https:\/\/lasentinelle.dz\/index.php\/wp-json\/wp\/v2\/posts\/73274\/revisions"}],"predecessor-version":[{"id":73275,"href":"https:\/\/lasentinelle.dz\/index.php\/wp-json\/wp\/v2\/posts\/73274\/revisions\/73275"}],"wp:featuredmedia":[{"embeddable":true,"href":"https:\/\/lasentinelle.dz\/index.php\/wp-json\/wp\/v2\/media\/34772"}],"wp:attachment":[{"href":"https:\/\/lasentinelle.dz\/index.php\/wp-json\/wp\/v2\/media?parent=73274"}],"wp:term":[{"taxonomy":"category","embeddable":true,"href":"https:\/\/lasentinelle.dz\/index.php\/wp-json\/wp\/v2\/categories?post=73274"},{"taxonomy":"post_tag","embeddable":true,"href":"https:\/\/lasentinelle.dz\/index.php\/wp-json\/wp\/v2\/tags?post=73274"}],"curies":[{"name":"wp","href":"https:\/\/api.w.org\/{rel}","templated":true}]}}