{"id":73292,"date":"2025-09-14T12:42:35","date_gmt":"2025-09-14T11:42:35","guid":{"rendered":"https:\/\/lasentinelle.dz\/?p=73292"},"modified":"2025-09-14T12:42:36","modified_gmt":"2025-09-14T11:42:36","slug":"importations-un-nouveau-calendrier-pour-le-ppi","status":"publish","type":"post","link":"https:\/\/lasentinelle.dz\/index.php\/2025\/09\/14\/importations-un-nouveau-calendrier-pour-le-ppi\/","title":{"rendered":"Importations\u00a0: Un nouveau calendrier pour le PPI"},"content":{"rendered":"\n<p>Le minist\u00e8re du Commerce ext\u00e9rieur et de la promotion des exportations fixe un nouveau calendrier avec des d\u00e9lais r\u00e9vis\u00e9s pour la transmission du Programme pr\u00e9visionnel d&rsquo;importation pour le second semestre 2025, accordant un ultime d\u00e9lai aux entreprises retardataires jusqu&rsquo;au 21 septembre prochain. Dans un communiqu\u00e9 diffus\u00e9 jeudi soir, le minist\u00e8re du Commerce ext\u00e9rieur et de la promotion des exportations a adress\u00e9 de nouvelles instructions pr\u00e9cises aux op\u00e9rateurs \u00e9conomiques concern\u00e9s par les importations des biens de fonctionnement et d&rsquo;\u00e9quipement. Trois cat\u00e9gories d&rsquo;entreprises sont concern\u00e9es. La premi\u00e8re concerne les op\u00e9rateurs \u00e9conomiques qui n&rsquo;ont toujours pas soumis leur programme pr\u00e9visionnel d&rsquo;importation. \u00ab Le minist\u00e8re du Commerce ext\u00e9rieur et de la promotion des exportations invite toutes les institutions qui effectuent des op\u00e9rations d&rsquo;importation pour leur propre compte dans le cadre du fonctionnement et\/ou de l&rsquo;\u00e9quipement \u00bb \u00e0 remettre leur PPI, pr\u00e9cise le communiqu\u00e9 officiel. Ces entreprises disposent d&rsquo;un d\u00e9lai suppl\u00e9mentaire courant jusqu&rsquo;au 21 septembre pour transmettre leur PPI du second semestre 2025, \u00ab approuv\u00e9 par les services du minist\u00e8re comp\u00e9tent ou accompagn\u00e9 d&rsquo;un proc\u00e8s-verbal du huissier de justice \u00bb, exclusivement par courrier \u00e9lectronique \u00e0 l&rsquo;adresse ppfonctionnement@mcepe.gov.dz.<\/p>\n\n\n\n<p>La deuxi\u00e8me cat\u00e9gorie vise les op\u00e9rateurs \u00e9conomiques somm\u00e9s de corriger leur programme pr\u00e9visionnel initial. Ces derniers doivent renvoyer leur PPI original accompagn\u00e9 du programme corrig\u00e9, toujours par voie \u00e9lectronique uniquement. Enfin, les entreprises souhaitant modifier leur programme d\u00e9j\u00e0 valid\u00e9 par le minist\u00e8re doivent constituer un dossier complet comprenant le PPI valid\u00e9, un engagement de non-domiciliation du programme pr\u00e9visionnel, et le programme r\u00e9vis\u00e9, \u00e0 adresser \u00e0 l&rsquo;adresse rectif.ppfonctionnement@mcepe.gov.dz. Le minist\u00e8re insiste sur le fait que \u00ab les dossiers doivent \u00eatre envoy\u00e9s uniquement par mail \u00bb et avertit que \u00ab tout programme pr\u00e9visionnel envoy\u00e9 par courrier postal ne sera pas pris en compte \u00bb.<\/p>\n\n\n\n<p>Cette relance du dispositif PPI, instaur\u00e9 d\u00e9but juillet pour renforcer le contr\u00f4le des importations, co\u00efncide avec la publication au Journal officiel des d\u00e9crets ex\u00e9cutifs cr\u00e9ant deux nouveaux organismes d\u00e9di\u00e9s \u00e0 l&rsquo;importation et \u00e0 l&rsquo;exportation. Cette synchronisation t\u00e9moigne d&rsquo;une volont\u00e9 gouvernementale de restructurer en profondeur l&rsquo;architecture institutionnelle du commerce ext\u00e9rieur n, dans un objectif affich\u00e9 de rationalisation des flux d&rsquo;importation et de promotion des exportations hors hydrocarbures.<\/p>\n\n\n\n<p>Amar Malki<\/p>\n","protected":false},"excerpt":{"rendered":"<p>Le minist\u00e8re du Commerce ext\u00e9rieur et de la promotion des exportations fixe un nouveau calendrier avec des d\u00e9lais r\u00e9vis\u00e9s pour<\/p>\n","protected":false},"author":6,"featured_media":73293,"comment_status":"open","ping_status":"closed","sticky":false,"template":"","format":"standard","meta":{"colormag_page_container_layout":"default_layout","colormag_page_sidebar_layout":"default_layout","om_disable_all_campaigns":false,"_monsterinsights_skip_tracking":false,"_monsterinsights_sitenote_active":false,"_monsterinsights_sitenote_note":"","_monsterinsights_sitenote_category":0,"footnotes":"","_wpscppro_dont_share_socialmedia":false,"_wpscppro_custom_social_share_image":0,"_facebook_share_type":"default","_twitter_share_type":"default","_linkedin_share_type":"default","_pinterest_share_type":"default","_linkedin_share_type_page":"","_instagram_share_type":"default","_medium_share_type":"default","_threads_share_type":"default","_google_business_share_type":"default","_selected_social_profile":[],"_wpsp_enable_custom_social_template":false,"_wpsp_social_scheduling":{"enabled":false,"datetime":null,"platforms":[],"status":"template_only","dateOption":"today","timeOption":"now","customDays":"","customHours":"","customDate":"","customTime":"","schedulingType":"absolute"},"_wpsp_active_default_template":true},"categories":[29],"tags":[],"class_list":["post-73292","post","type-post","status-publish","format-standard","has-post-thumbnail","hentry","category-economie"],"aioseo_notices":[],"yoast_head":"<!-- This site is optimized with the Yoast SEO plugin v27.5 - https:\/\/yoast.com\/product\/yoast-seo-wordpress\/ -->\n<title>Importations\u00a0: Un nouveau calendrier pour le PPI - La Sentinelle<\/title>\n<meta name=\"robots\" content=\"index, follow, max-snippet:-1, max-image-preview:large, max-video-preview:-1\" \/>\n<link rel=\"canonical\" href=\"https:\/\/lasentinelle.dz\/index.php\/2025\/09\/14\/importations-un-nouveau-calendrier-pour-le-ppi\/\" \/>\n<meta property=\"og:locale\" content=\"fr_FR\" \/>\n<meta property=\"og:type\" content=\"article\" \/>\n<meta property=\"og:title\" content=\"Importations\u00a0: Un nouveau calendrier pour le PPI - La Sentinelle\" \/>\n<meta property=\"og:description\" content=\"Le minist\u00e8re du Commerce ext\u00e9rieur et de la promotion des exportations fixe un nouveau calendrier avec des d\u00e9lais r\u00e9vis\u00e9s pour\" \/>\n<meta property=\"og:url\" content=\"https:\/\/lasentinelle.dz\/index.php\/2025\/09\/14\/importations-un-nouveau-calendrier-pour-le-ppi\/\" \/>\n<meta property=\"og:site_name\" content=\"La Sentinelle\" \/>\n<meta property=\"article:publisher\" content=\"https:\/\/www.facebook.com\/La-Sentinelle-104059864394773\" \/>\n<meta property=\"article:published_time\" content=\"2025-09-14T11:42:35+00:00\" \/>\n<meta property=\"article:modified_time\" content=\"2025-09-14T11:42:36+00:00\" \/>\n<meta property=\"og:image\" content=\"https:\/\/lasentinelle.dz\/wp-content\/uploads\/2025\/09\/conteneurs.jpeg\" \/>\n\t<meta property=\"og:image:width\" content=\"1200\" \/>\n\t<meta property=\"og:image:height\" content=\"675\" \/>\n\t<meta property=\"og:image:type\" content=\"image\/jpeg\" \/>\n<meta name=\"author\" content=\"admin\" \/>\n<meta name=\"twitter:card\" content=\"summary_large_image\" \/>\n<meta name=\"twitter:label1\" content=\"\u00c9crit par\" \/>\n\t<meta name=\"twitter:data1\" content=\"admin\" \/>\n\t<meta name=\"twitter:label2\" content=\"Dur\u00e9e de lecture estim\u00e9e\" \/>\n\t<meta name=\"twitter:data2\" content=\"2 minutes\" \/>\n<script type=\"application\/ld+json\" class=\"yoast-schema-graph\">{\"@context\":\"https:\\\/\\\/schema.org\",\"@graph\":[{\"@type\":\"Article\",\"@id\":\"https:\\\/\\\/lasentinelle.dz\\\/index.php\\\/2025\\\/09\\\/14\\\/importations-un-nouveau-calendrier-pour-le-ppi\\\/#article\",\"isPartOf\":{\"@id\":\"https:\\\/\\\/lasentinelle.dz\\\/index.php\\\/2025\\\/09\\\/14\\\/importations-un-nouveau-calendrier-pour-le-ppi\\\/\"},\"author\":{\"name\":\"admin\",\"@id\":\"https:\\\/\\\/lasentinelle.dz\\\/#\\\/schema\\\/person\\\/729ee0024f24e0b8c5ec17232f8e8b41\"},\"headline\":\"Importations\u00a0: Un nouveau calendrier pour le PPI\",\"datePublished\":\"2025-09-14T11:42:35+00:00\",\"dateModified\":\"2025-09-14T11:42:36+00:00\",\"mainEntityOfPage\":{\"@id\":\"https:\\\/\\\/lasentinelle.dz\\\/index.php\\\/2025\\\/09\\\/14\\\/importations-un-nouveau-calendrier-pour-le-ppi\\\/\"},\"wordCount\":415,\"commentCount\":0,\"publisher\":{\"@id\":\"https:\\\/\\\/lasentinelle.dz\\\/#organization\"},\"image\":{\"@id\":\"https:\\\/\\\/lasentinelle.dz\\\/index.php\\\/2025\\\/09\\\/14\\\/importations-un-nouveau-calendrier-pour-le-ppi\\\/#primaryimage\"},\"thumbnailUrl\":\"https:\\\/\\\/lasentinelle.dz\\\/wp-content\\\/uploads\\\/2025\\\/09\\\/conteneurs.jpeg\",\"articleSection\":[\"\u00c9conomie\"],\"inLanguage\":\"fr-FR\",\"potentialAction\":[{\"@type\":\"CommentAction\",\"name\":\"Comment\",\"target\":[\"https:\\\/\\\/lasentinelle.dz\\\/index.php\\\/2025\\\/09\\\/14\\\/importations-un-nouveau-calendrier-pour-le-ppi\\\/#respond\"]}]},{\"@type\":\"WebPage\",\"@id\":\"https:\\\/\\\/lasentinelle.dz\\\/index.php\\\/2025\\\/09\\\/14\\\/importations-un-nouveau-calendrier-pour-le-ppi\\\/\",\"url\":\"https:\\\/\\\/lasentinelle.dz\\\/index.php\\\/2025\\\/09\\\/14\\\/importations-un-nouveau-calendrier-pour-le-ppi\\\/\",\"name\":\"Importations\u00a0: Un nouveau calendrier pour le PPI - La Sentinelle\",\"isPartOf\":{\"@id\":\"https:\\\/\\\/lasentinelle.dz\\\/#website\"},\"primaryImageOfPage\":{\"@id\":\"https:\\\/\\\/lasentinelle.dz\\\/index.php\\\/2025\\\/09\\\/14\\\/importations-un-nouveau-calendrier-pour-le-ppi\\\/#primaryimage\"},\"image\":{\"@id\":\"https:\\\/\\\/lasentinelle.dz\\\/index.php\\\/2025\\\/09\\\/14\\\/importations-un-nouveau-calendrier-pour-le-ppi\\\/#primaryimage\"},\"thumbnailUrl\":\"https:\\\/\\\/lasentinelle.dz\\\/wp-content\\\/uploads\\\/2025\\\/09\\\/conteneurs.jpeg\",\"datePublished\":\"2025-09-14T11:42:35+00:00\",\"dateModified\":\"2025-09-14T11:42:36+00:00\",\"breadcrumb\":{\"@id\":\"https:\\\/\\\/lasentinelle.dz\\\/index.php\\\/2025\\\/09\\\/14\\\/importations-un-nouveau-calendrier-pour-le-ppi\\\/#breadcrumb\"},\"inLanguage\":\"fr-FR\",\"potentialAction\":[{\"@type\":\"ReadAction\",\"target\":[\"https:\\\/\\\/lasentinelle.dz\\\/index.php\\\/2025\\\/09\\\/14\\\/importations-un-nouveau-calendrier-pour-le-ppi\\\/\"]}]},{\"@type\":\"ImageObject\",\"inLanguage\":\"fr-FR\",\"@id\":\"https:\\\/\\\/lasentinelle.dz\\\/index.php\\\/2025\\\/09\\\/14\\\/importations-un-nouveau-calendrier-pour-le-ppi\\\/#primaryimage\",\"url\":\"https:\\\/\\\/lasentinelle.dz\\\/wp-content\\\/uploads\\\/2025\\\/09\\\/conteneurs.jpeg\",\"contentUrl\":\"https:\\\/\\\/lasentinelle.dz\\\/wp-content\\\/uploads\\\/2025\\\/09\\\/conteneurs.jpeg\",\"width\":1200,\"height\":675},{\"@type\":\"BreadcrumbList\",\"@id\":\"https:\\\/\\\/lasentinelle.dz\\\/index.php\\\/2025\\\/09\\\/14\\\/importations-un-nouveau-calendrier-pour-le-ppi\\\/#breadcrumb\",\"itemListElement\":[{\"@type\":\"ListItem\",\"position\":1,\"name\":\"Accueil\",\"item\":\"https:\\\/\\\/lasentinelle.dz\\\/\"},{\"@type\":\"ListItem\",\"position\":2,\"name\":\"Importations\u00a0: Un nouveau calendrier pour le PPI\"}]},{\"@type\":\"WebSite\",\"@id\":\"https:\\\/\\\/lasentinelle.dz\\\/#website\",\"url\":\"https:\\\/\\\/lasentinelle.dz\\\/\",\"name\":\"La Sentinelle\",\"description\":\"Quotidien national d&#039;information\",\"publisher\":{\"@id\":\"https:\\\/\\\/lasentinelle.dz\\\/#organization\"},\"potentialAction\":[{\"@type\":\"SearchAction\",\"target\":{\"@type\":\"EntryPoint\",\"urlTemplate\":\"https:\\\/\\\/lasentinelle.dz\\\/?s={search_term_string}\"},\"query-input\":{\"@type\":\"PropertyValueSpecification\",\"valueRequired\":true,\"valueName\":\"search_term_string\"}}],\"inLanguage\":\"fr-FR\"},{\"@type\":\"Organization\",\"@id\":\"https:\\\/\\\/lasentinelle.dz\\\/#organization\",\"name\":\"Quotidien La Sentinelle\",\"url\":\"https:\\\/\\\/lasentinelle.dz\\\/\",\"logo\":{\"@type\":\"ImageObject\",\"inLanguage\":\"fr-FR\",\"@id\":\"https:\\\/\\\/lasentinelle.dz\\\/#\\\/schema\\\/logo\\\/image\\\/\",\"url\":\"https:\\\/\\\/lasentinelle.dz\\\/wp-content\\\/uploads\\\/2021\\\/09\\\/logo-sentinelleSLOGAN-1.png\",\"contentUrl\":\"https:\\\/\\\/lasentinelle.dz\\\/wp-content\\\/uploads\\\/2021\\\/09\\\/logo-sentinelleSLOGAN-1.png\",\"width\":615,\"height\":142,\"caption\":\"Quotidien La Sentinelle\"},\"image\":{\"@id\":\"https:\\\/\\\/lasentinelle.dz\\\/#\\\/schema\\\/logo\\\/image\\\/\"},\"sameAs\":[\"https:\\\/\\\/www.facebook.com\\\/La-Sentinelle-104059864394773\"]},{\"@type\":\"Person\",\"@id\":\"https:\\\/\\\/lasentinelle.dz\\\/#\\\/schema\\\/person\\\/729ee0024f24e0b8c5ec17232f8e8b41\",\"name\":\"admin\",\"image\":{\"@type\":\"ImageObject\",\"inLanguage\":\"fr-FR\",\"@id\":\"https:\\\/\\\/secure.gravatar.com\\\/avatar\\\/4c81fed838786e9b53f540bf46533e750f5d292099ae3b66cfc6fb1982e29df7?s=96&d=mm&r=g\",\"url\":\"https:\\\/\\\/secure.gravatar.com\\\/avatar\\\/4c81fed838786e9b53f540bf46533e750f5d292099ae3b66cfc6fb1982e29df7?s=96&d=mm&r=g\",\"contentUrl\":\"https:\\\/\\\/secure.gravatar.com\\\/avatar\\\/4c81fed838786e9b53f540bf46533e750f5d292099ae3b66cfc6fb1982e29df7?s=96&d=mm&r=g\",\"caption\":\"admin\"},\"description\":\"admin\",\"url\":\"https:\\\/\\\/lasentinelle.dz\\\/author\\\/admin\\\/\"}]}<\/script>\n<!-- \/ Yoast SEO plugin. -->","yoast_head_json":{"title":"Importations\u00a0: Un nouveau calendrier pour le PPI - La Sentinelle","robots":{"index":"index","follow":"follow","max-snippet":"max-snippet:-1","max-image-preview":"max-image-preview:large","max-video-preview":"max-video-preview:-1"},"canonical":"https:\/\/lasentinelle.dz\/index.php\/2025\/09\/14\/importations-un-nouveau-calendrier-pour-le-ppi\/","og_locale":"fr_FR","og_type":"article","og_title":"Importations\u00a0: Un nouveau calendrier pour le PPI - La Sentinelle","og_description":"Le minist\u00e8re du Commerce ext\u00e9rieur et de la promotion des exportations fixe un nouveau calendrier avec des d\u00e9lais r\u00e9vis\u00e9s pour","og_url":"https:\/\/lasentinelle.dz\/index.php\/2025\/09\/14\/importations-un-nouveau-calendrier-pour-le-ppi\/","og_site_name":"La Sentinelle","article_publisher":"https:\/\/www.facebook.com\/La-Sentinelle-104059864394773","article_published_time":"2025-09-14T11:42:35+00:00","article_modified_time":"2025-09-14T11:42:36+00:00","og_image":[{"width":1200,"height":675,"url":"https:\/\/lasentinelle.dz\/wp-content\/uploads\/2025\/09\/conteneurs.jpeg","type":"image\/jpeg"}],"author":"admin","twitter_card":"summary_large_image","twitter_misc":{"\u00c9crit par":"admin","Dur\u00e9e de lecture estim\u00e9e":"2 minutes"},"schema":{"@context":"https:\/\/schema.org","@graph":[{"@type":"Article","@id":"https:\/\/lasentinelle.dz\/index.php\/2025\/09\/14\/importations-un-nouveau-calendrier-pour-le-ppi\/#article","isPartOf":{"@id":"https:\/\/lasentinelle.dz\/index.php\/2025\/09\/14\/importations-un-nouveau-calendrier-pour-le-ppi\/"},"author":{"name":"admin","@id":"https:\/\/lasentinelle.dz\/#\/schema\/person\/729ee0024f24e0b8c5ec17232f8e8b41"},"headline":"Importations\u00a0: Un nouveau calendrier pour le PPI","datePublished":"2025-09-14T11:42:35+00:00","dateModified":"2025-09-14T11:42:36+00:00","mainEntityOfPage":{"@id":"https:\/\/lasentinelle.dz\/index.php\/2025\/09\/14\/importations-un-nouveau-calendrier-pour-le-ppi\/"},"wordCount":415,"commentCount":0,"publisher":{"@id":"https:\/\/lasentinelle.dz\/#organization"},"image":{"@id":"https:\/\/lasentinelle.dz\/index.php\/2025\/09\/14\/importations-un-nouveau-calendrier-pour-le-ppi\/#primaryimage"},"thumbnailUrl":"https:\/\/lasentinelle.dz\/wp-content\/uploads\/2025\/09\/conteneurs.jpeg","articleSection":["\u00c9conomie"],"inLanguage":"fr-FR","potentialAction":[{"@type":"CommentAction","name":"Comment","target":["https:\/\/lasentinelle.dz\/index.php\/2025\/09\/14\/importations-un-nouveau-calendrier-pour-le-ppi\/#respond"]}]},{"@type":"WebPage","@id":"https:\/\/lasentinelle.dz\/index.php\/2025\/09\/14\/importations-un-nouveau-calendrier-pour-le-ppi\/","url":"https:\/\/lasentinelle.dz\/index.php\/2025\/09\/14\/importations-un-nouveau-calendrier-pour-le-ppi\/","name":"Importations\u00a0: Un nouveau calendrier pour le PPI - La Sentinelle","isPartOf":{"@id":"https:\/\/lasentinelle.dz\/#website"},"primaryImageOfPage":{"@id":"https:\/\/lasentinelle.dz\/index.php\/2025\/09\/14\/importations-un-nouveau-calendrier-pour-le-ppi\/#primaryimage"},"image":{"@id":"https:\/\/lasentinelle.dz\/index.php\/2025\/09\/14\/importations-un-nouveau-calendrier-pour-le-ppi\/#primaryimage"},"thumbnailUrl":"https:\/\/lasentinelle.dz\/wp-content\/uploads\/2025\/09\/conteneurs.jpeg","datePublished":"2025-09-14T11:42:35+00:00","dateModified":"2025-09-14T11:42:36+00:00","breadcrumb":{"@id":"https:\/\/lasentinelle.dz\/index.php\/2025\/09\/14\/importations-un-nouveau-calendrier-pour-le-ppi\/#breadcrumb"},"inLanguage":"fr-FR","potentialAction":[{"@type":"ReadAction","target":["https:\/\/lasentinelle.dz\/index.php\/2025\/09\/14\/importations-un-nouveau-calendrier-pour-le-ppi\/"]}]},{"@type":"ImageObject","inLanguage":"fr-FR","@id":"https:\/\/lasentinelle.dz\/index.php\/2025\/09\/14\/importations-un-nouveau-calendrier-pour-le-ppi\/#primaryimage","url":"https:\/\/lasentinelle.dz\/wp-content\/uploads\/2025\/09\/conteneurs.jpeg","contentUrl":"https:\/\/lasentinelle.dz\/wp-content\/uploads\/2025\/09\/conteneurs.jpeg","width":1200,"height":675},{"@type":"BreadcrumbList","@id":"https:\/\/lasentinelle.dz\/index.php\/2025\/09\/14\/importations-un-nouveau-calendrier-pour-le-ppi\/#breadcrumb","itemListElement":[{"@type":"ListItem","position":1,"name":"Accueil","item":"https:\/\/lasentinelle.dz\/"},{"@type":"ListItem","position":2,"name":"Importations\u00a0: Un nouveau calendrier pour le PPI"}]},{"@type":"WebSite","@id":"https:\/\/lasentinelle.dz\/#website","url":"https:\/\/lasentinelle.dz\/","name":"La Sentinelle","description":"Quotidien national d&#039;information","publisher":{"@id":"https:\/\/lasentinelle.dz\/#organization"},"potentialAction":[{"@type":"SearchAction","target":{"@type":"EntryPoint","urlTemplate":"https:\/\/lasentinelle.dz\/?s={search_term_string}"},"query-input":{"@type":"PropertyValueSpecification","valueRequired":true,"valueName":"search_term_string"}}],"inLanguage":"fr-FR"},{"@type":"Organization","@id":"https:\/\/lasentinelle.dz\/#organization","name":"Quotidien La Sentinelle","url":"https:\/\/lasentinelle.dz\/","logo":{"@type":"ImageObject","inLanguage":"fr-FR","@id":"https:\/\/lasentinelle.dz\/#\/schema\/logo\/image\/","url":"https:\/\/lasentinelle.dz\/wp-content\/uploads\/2021\/09\/logo-sentinelleSLOGAN-1.png","contentUrl":"https:\/\/lasentinelle.dz\/wp-content\/uploads\/2021\/09\/logo-sentinelleSLOGAN-1.png","width":615,"height":142,"caption":"Quotidien La Sentinelle"},"image":{"@id":"https:\/\/lasentinelle.dz\/#\/schema\/logo\/image\/"},"sameAs":["https:\/\/www.facebook.com\/La-Sentinelle-104059864394773"]},{"@type":"Person","@id":"https:\/\/lasentinelle.dz\/#\/schema\/person\/729ee0024f24e0b8c5ec17232f8e8b41","name":"admin","image":{"@type":"ImageObject","inLanguage":"fr-FR","@id":"https:\/\/secure.gravatar.com\/avatar\/4c81fed838786e9b53f540bf46533e750f5d292099ae3b66cfc6fb1982e29df7?s=96&d=mm&r=g","url":"https:\/\/secure.gravatar.com\/avatar\/4c81fed838786e9b53f540bf46533e750f5d292099ae3b66cfc6fb1982e29df7?s=96&d=mm&r=g","contentUrl":"https:\/\/secure.gravatar.com\/avatar\/4c81fed838786e9b53f540bf46533e750f5d292099ae3b66cfc6fb1982e29df7?s=96&d=mm&r=g","caption":"admin"},"description":"admin","url":"https:\/\/lasentinelle.dz\/author\/admin\/"}]}},"_links":{"self":[{"href":"https:\/\/lasentinelle.dz\/index.php\/wp-json\/wp\/v2\/posts\/73292","targetHints":{"allow":["GET"]}}],"collection":[{"href":"https:\/\/lasentinelle.dz\/index.php\/wp-json\/wp\/v2\/posts"}],"about":[{"href":"https:\/\/lasentinelle.dz\/index.php\/wp-json\/wp\/v2\/types\/post"}],"author":[{"embeddable":true,"href":"https:\/\/lasentinelle.dz\/index.php\/wp-json\/wp\/v2\/users\/6"}],"replies":[{"embeddable":true,"href":"https:\/\/lasentinelle.dz\/index.php\/wp-json\/wp\/v2\/comments?post=73292"}],"version-history":[{"count":1,"href":"https:\/\/lasentinelle.dz\/index.php\/wp-json\/wp\/v2\/posts\/73292\/revisions"}],"predecessor-version":[{"id":73294,"href":"https:\/\/lasentinelle.dz\/index.php\/wp-json\/wp\/v2\/posts\/73292\/revisions\/73294"}],"wp:featuredmedia":[{"embeddable":true,"href":"https:\/\/lasentinelle.dz\/index.php\/wp-json\/wp\/v2\/media\/73293"}],"wp:attachment":[{"href":"https:\/\/lasentinelle.dz\/index.php\/wp-json\/wp\/v2\/media?parent=73292"}],"wp:term":[{"taxonomy":"category","embeddable":true,"href":"https:\/\/lasentinelle.dz\/index.php\/wp-json\/wp\/v2\/categories?post=73292"},{"taxonomy":"post_tag","embeddable":true,"href":"https:\/\/lasentinelle.dz\/index.php\/wp-json\/wp\/v2\/tags?post=73292"}],"curies":[{"name":"wp","href":"https:\/\/api.w.org\/{rel}","templated":true}]}}