{"id":73295,"date":"2025-09-14T12:43:27","date_gmt":"2025-09-14T11:43:27","guid":{"rendered":"https:\/\/lasentinelle.dz\/?p=73295"},"modified":"2025-09-14T12:43:28","modified_gmt":"2025-09-14T11:43:28","slug":"la-restructuration-du-commerce-exterieur-lancee","status":"publish","type":"post","link":"https:\/\/lasentinelle.dz\/index.php\/2025\/09\/14\/la-restructuration-du-commerce-exterieur-lancee\/","title":{"rendered":"La restructuration du commerce ext\u00e9rieur lanc\u00e9e"},"content":{"rendered":"\n<p>Annonc\u00e9es par pr\u00e9sident de la R\u00e9publique, les deux agences d\u00e9di\u00e9es aux importations et aux exportations ont \u00e9t\u00e9 cr\u00e9\u00e9es alors que la dissolution d\u2019Algex a \u00e9t\u00e9 officiellement formalis\u00e9e.<\/p>\n\n\n\n<p>Trois d\u00e9crets ex\u00e9cutifs publi\u00e9s jeudi au Journal officiel marquent la naissance de deux nouveaux organismes publics destin\u00e9s \u00e0 r\u00e9volutionner la gestion du commerce ext\u00e9rieur alg\u00e9rien : l&rsquo;Organisme alg\u00e9rien de l&rsquo;importation et l&rsquo;Organisme alg\u00e9rien des exportations. Cette restructuration majeure sonne \u00e9galement le glas de l&rsquo;Agence nationale de promotion du commerce ext\u00e9rieur (ALGEX), officiellement dissoute apr\u00e8s vingt et un ans d&rsquo;existence. C&rsquo;est lors de la rencontre avec les op\u00e9rateurs \u00e9conomiques du 13 avril dernier qu&rsquo;Abdelmadjid Tebboune avait d\u00e9cr\u00e9t\u00e9 la fin d&rsquo;ALGEX et son remplacement par deux instances distinctes. \u00ab\u00a0Apr\u00e8s cette rencontre, j&rsquo;instruirai le gouvernement de cr\u00e9er deux instances : l&rsquo;une charg\u00e9e de l&rsquo;importation, qui sera renforc\u00e9e par un syst\u00e8me de veille pour contr\u00f4ler l&rsquo;activit\u00e9 des importations, et l&rsquo;autre charg\u00e9e de la r\u00e9gulation des exportations et de l&rsquo;accompagnement des exportateurs\u00a0\u00bb, avait-il d\u00e9clar\u00e9. Le d\u00e9cret ex\u00e9cutif n\u00b0 25-233 du 3 septembre 2025 donne ainsi naissance \u00e0 l&rsquo;Organisme alg\u00e9rien de l&rsquo;importation, \u00e9tablissement public \u00e0 caract\u00e8re administratif dot\u00e9 de la personnalit\u00e9 morale et de l&rsquo;autonomie financi\u00e8re, plac\u00e9 sous la tutelle du minist\u00e8re du Commerce ext\u00e9rieur. Cette nouvelle entit\u00e9, dont le si\u00e8ge est fix\u00e9 \u00e0 Alger, se voit confier une mission strat\u00e9gique : mettre en \u0153uvre la politique de l&rsquo;\u00c9tat en mati\u00e8re de suivi et d&rsquo;encadrement des importations.<\/p>\n\n\n\n<p>L&rsquo;organisme disposera d&rsquo;une plateforme num\u00e9rique d\u00e9di\u00e9e au suivi des op\u00e9rations d&rsquo;importation et \u00e0 l&rsquo;accompagnement des importateurs, facilitant l&rsquo;octroi des visas et autorisations n\u00e9cessaires. Il aura \u00e9galement pour mission d&rsquo;exploiter les bases de donn\u00e9es relatives aux besoins du march\u00e9 national, d&rsquo;\u00e9laborer des \u00e9tudes analytiques sur les importations, de coordonner le suivi de la tra\u00e7abilit\u00e9 des flux de marchandises et de surveiller les prix sur les march\u00e9s internationaux. L&rsquo;une de ses pr\u00e9rogatives phares consistera \u00e0 cr\u00e9er un fichier national des importateurs et \u00e0 encourager la cr\u00e9ation de centrales d&rsquo;achats pour renforcer le pouvoir de n\u00e9gociation avec les partenaires \u00e9trangers.<\/p>\n\n\n\n<p>Parall\u00e8lement, le d\u00e9cret ex\u00e9cutif n\u00b0 25-234 du 3 septembre 2025 institue l&rsquo;Organisme alg\u00e9rien des exportations, h\u00e9ritier direct d&rsquo;ALGEX. Cette structure, \u00e9galement \u00e9tablissement public \u00e0 caract\u00e8re administratif, se concentre sur la mise en \u0153uvre de la politique \u00e9tatique en mati\u00e8re de promotion des exportations. L&rsquo;organisme pourra cr\u00e9er des repr\u00e9sentations \u00e0 l&rsquo;\u00e9tranger d\u00e9nomm\u00e9es \u00ab\u00a0Dar El Djaza\u00efr\u00a0\u00bb et \u00e9tablir des annexes au niveau national selon les besoins. Ses missions s&rsquo;articulent autour de la d\u00e9termination du potentiel export des biens et services, la collecte d&rsquo;informations techniques et commerciales pour la prospection des march\u00e9s internationaux, l&rsquo;analyse des march\u00e9s mondiaux et l&rsquo;\u00e9laboration d&rsquo;\u00e9tudes prospectives. L&rsquo;organisme sera \u00e9galement charg\u00e9 d&rsquo;encourager le lancement du label \u00ab\u00a0Made in Algeria\u00a0\u00bb, de pr\u00e9parer la participation aux manifestations \u00e9conomiques internationales, de contribuer \u00e0 la cr\u00e9ation de conseils d&rsquo;hommes d&rsquo;affaires \u00e0 l&rsquo;\u00e9tranger et de g\u00e9rer les instruments de promotion des exportations hors hydrocarbures.<\/p>\n\n\n\n<p>Guichet unique de l\u2019exportation<\/p>\n\n\n\n<p>L&rsquo;innovation majeure r\u00e9side dans la cr\u00e9ation d&rsquo;un guichet unique de l&rsquo;exportation, regroupant en un m\u00eame lieu les repr\u00e9sentants de tous les secteurs et organismes intervenant dans les op\u00e9rations d&rsquo;exportation. Ce guichet unique, compl\u00e9t\u00e9 par une plateforme num\u00e9rique d\u00e9di\u00e9e, permettra aux op\u00e9rateurs d&rsquo;accomplir toutes les proc\u00e9dures relatives \u00e0 l&rsquo;exportation en un d\u00e9lai minimum et en un seul point de contact. Le troisi\u00e8me d\u00e9cret ex\u00e9cutif n\u00b0 25-235 du 3 septembre 2025 organise la dissolution d&rsquo;ALGEX et le transfert de ses biens, droits, obligations et personnels vers l&rsquo;Organisme alg\u00e9rien des exportations. Cette op\u00e9ration, qui doit s&rsquo;effectuer dans un d\u00e9lai maximum de six mois, comprend l&rsquo;\u00e9tablissement d&rsquo;un inventaire quantitatif et qualitatif ainsi qu&rsquo;un bilan de cl\u00f4ture. Les droits et obligations du personnel transf\u00e9r\u00e9 demeurent r\u00e9gis par les dispositions qui leur \u00e9taient applicables \u00e0 la date du transfert.<\/p>\n\n\n\n<p>Chacun des deux nouveaux organismes sera administr\u00e9 par un conseil d&rsquo;orientation pr\u00e9sid\u00e9 par un repr\u00e9sentant du ministre charg\u00e9 du Commerce ext\u00e9rieur et dirig\u00e9 par un directeur g\u00e9n\u00e9ral. Ces conseils incluront des repr\u00e9sentants de nombreux minist\u00e8res et organismes, t\u00e9moignant de l&rsquo;approche intersectorielle adopt\u00e9e pour cette r\u00e9forme structurelle. Cette restructuration s&rsquo;inscrit dans une d\u00e9marche plus large de modernisation du commerce ext\u00e9rieur alg\u00e9rien, visant \u00e0 am\u00e9liorer l&rsquo;encadrement des importations tout en dynamisant les exportations hors hydrocarbures. Elle mat\u00e9rialise la volont\u00e9 des pouvoirs publics de mettre fin \u00e0 la dispersion des responsabilit\u00e9s et d&rsquo;optimiser l&rsquo;efficacit\u00e9 des instruments de r\u00e9gulation du commerce ext\u00e9rieur.<\/p>\n\n\n\n<p>Sabrina Aziouez<\/p>\n","protected":false},"excerpt":{"rendered":"<p>Annonc\u00e9es par pr\u00e9sident de la R\u00e9publique, les deux agences d\u00e9di\u00e9es aux importations et aux exportations ont \u00e9t\u00e9 cr\u00e9\u00e9es alors que<\/p>\n","protected":false},"author":6,"featured_media":73296,"comment_status":"open","ping_status":"closed","sticky":false,"template":"","format":"standard","meta":{"colormag_page_container_layout":"default_layout","colormag_page_sidebar_layout":"default_layout","om_disable_all_campaigns":false,"_monsterinsights_skip_tracking":false,"_monsterinsights_sitenote_active":false,"_monsterinsights_sitenote_note":"","_monsterinsights_sitenote_category":0,"footnotes":"","_wpscppro_dont_share_socialmedia":false,"_wpscppro_custom_social_share_image":0,"_facebook_share_type":"default","_twitter_share_type":"default","_linkedin_share_type":"default","_pinterest_share_type":"default","_linkedin_share_type_page":"","_instagram_share_type":"default","_medium_share_type":"default","_threads_share_type":"default","_google_business_share_type":"default","_selected_social_profile":[],"_wpsp_enable_custom_social_template":false,"_wpsp_social_scheduling":{"enabled":false,"datetime":null,"platforms":[],"status":"template_only","dateOption":"today","timeOption":"now","customDays":"","customHours":"","customDate":"","customTime":"","schedulingType":"absolute"},"_wpsp_active_default_template":true},"categories":[52,29],"tags":[],"class_list":["post-73295","post","type-post","status-publish","format-standard","has-post-thumbnail","hentry","category-a-la-une","category-economie"],"aioseo_notices":[],"yoast_head":"<!-- This site is optimized with the Yoast SEO plugin v27.5 - https:\/\/yoast.com\/product\/yoast-seo-wordpress\/ -->\n<title>La restructuration du commerce ext\u00e9rieur lanc\u00e9e - La Sentinelle<\/title>\n<meta name=\"robots\" content=\"index, follow, max-snippet:-1, max-image-preview:large, max-video-preview:-1\" \/>\n<link rel=\"canonical\" href=\"https:\/\/lasentinelle.dz\/index.php\/2025\/09\/14\/la-restructuration-du-commerce-exterieur-lancee\/\" \/>\n<meta property=\"og:locale\" content=\"fr_FR\" \/>\n<meta property=\"og:type\" content=\"article\" \/>\n<meta property=\"og:title\" content=\"La restructuration du commerce ext\u00e9rieur lanc\u00e9e - La Sentinelle\" \/>\n<meta property=\"og:description\" content=\"Annonc\u00e9es par pr\u00e9sident de la R\u00e9publique, les deux agences d\u00e9di\u00e9es aux importations et aux exportations ont \u00e9t\u00e9 cr\u00e9\u00e9es alors que\" \/>\n<meta property=\"og:url\" content=\"https:\/\/lasentinelle.dz\/index.php\/2025\/09\/14\/la-restructuration-du-commerce-exterieur-lancee\/\" \/>\n<meta property=\"og:site_name\" content=\"La Sentinelle\" \/>\n<meta property=\"article:publisher\" content=\"https:\/\/www.facebook.com\/La-Sentinelle-104059864394773\" \/>\n<meta property=\"article:published_time\" content=\"2025-09-14T11:43:27+00:00\" \/>\n<meta property=\"article:modified_time\" content=\"2025-09-14T11:43:28+00:00\" \/>\n<meta property=\"og:image\" content=\"https:\/\/lasentinelle.dz\/wp-content\/uploads\/2025\/09\/commerce-une.webp\" \/>\n\t<meta property=\"og:image:width\" content=\"1200\" \/>\n\t<meta property=\"og:image:height\" content=\"680\" \/>\n\t<meta property=\"og:image:type\" content=\"image\/webp\" \/>\n<meta name=\"author\" content=\"admin\" \/>\n<meta name=\"twitter:card\" content=\"summary_large_image\" \/>\n<meta name=\"twitter:label1\" content=\"\u00c9crit par\" \/>\n\t<meta name=\"twitter:data1\" content=\"admin\" \/>\n\t<meta name=\"twitter:label2\" content=\"Dur\u00e9e de lecture estim\u00e9e\" \/>\n\t<meta name=\"twitter:data2\" content=\"4 minutes\" \/>\n<script type=\"application\/ld+json\" class=\"yoast-schema-graph\">{\"@context\":\"https:\\\/\\\/schema.org\",\"@graph\":[{\"@type\":\"Article\",\"@id\":\"https:\\\/\\\/lasentinelle.dz\\\/index.php\\\/2025\\\/09\\\/14\\\/la-restructuration-du-commerce-exterieur-lancee\\\/#article\",\"isPartOf\":{\"@id\":\"https:\\\/\\\/lasentinelle.dz\\\/index.php\\\/2025\\\/09\\\/14\\\/la-restructuration-du-commerce-exterieur-lancee\\\/\"},\"author\":{\"name\":\"admin\",\"@id\":\"https:\\\/\\\/lasentinelle.dz\\\/#\\\/schema\\\/person\\\/729ee0024f24e0b8c5ec17232f8e8b41\"},\"headline\":\"La restructuration du commerce ext\u00e9rieur lanc\u00e9e\",\"datePublished\":\"2025-09-14T11:43:27+00:00\",\"dateModified\":\"2025-09-14T11:43:28+00:00\",\"mainEntityOfPage\":{\"@id\":\"https:\\\/\\\/lasentinelle.dz\\\/index.php\\\/2025\\\/09\\\/14\\\/la-restructuration-du-commerce-exterieur-lancee\\\/\"},\"wordCount\":856,\"commentCount\":0,\"publisher\":{\"@id\":\"https:\\\/\\\/lasentinelle.dz\\\/#organization\"},\"image\":{\"@id\":\"https:\\\/\\\/lasentinelle.dz\\\/index.php\\\/2025\\\/09\\\/14\\\/la-restructuration-du-commerce-exterieur-lancee\\\/#primaryimage\"},\"thumbnailUrl\":\"https:\\\/\\\/lasentinelle.dz\\\/wp-content\\\/uploads\\\/2025\\\/09\\\/commerce-une.webp\",\"articleSection\":[\"\u00c0 la Une\",\"\u00c9conomie\"],\"inLanguage\":\"fr-FR\",\"potentialAction\":[{\"@type\":\"CommentAction\",\"name\":\"Comment\",\"target\":[\"https:\\\/\\\/lasentinelle.dz\\\/index.php\\\/2025\\\/09\\\/14\\\/la-restructuration-du-commerce-exterieur-lancee\\\/#respond\"]}]},{\"@type\":\"WebPage\",\"@id\":\"https:\\\/\\\/lasentinelle.dz\\\/index.php\\\/2025\\\/09\\\/14\\\/la-restructuration-du-commerce-exterieur-lancee\\\/\",\"url\":\"https:\\\/\\\/lasentinelle.dz\\\/index.php\\\/2025\\\/09\\\/14\\\/la-restructuration-du-commerce-exterieur-lancee\\\/\",\"name\":\"La restructuration du commerce ext\u00e9rieur lanc\u00e9e - La Sentinelle\",\"isPartOf\":{\"@id\":\"https:\\\/\\\/lasentinelle.dz\\\/#website\"},\"primaryImageOfPage\":{\"@id\":\"https:\\\/\\\/lasentinelle.dz\\\/index.php\\\/2025\\\/09\\\/14\\\/la-restructuration-du-commerce-exterieur-lancee\\\/#primaryimage\"},\"image\":{\"@id\":\"https:\\\/\\\/lasentinelle.dz\\\/index.php\\\/2025\\\/09\\\/14\\\/la-restructuration-du-commerce-exterieur-lancee\\\/#primaryimage\"},\"thumbnailUrl\":\"https:\\\/\\\/lasentinelle.dz\\\/wp-content\\\/uploads\\\/2025\\\/09\\\/commerce-une.webp\",\"datePublished\":\"2025-09-14T11:43:27+00:00\",\"dateModified\":\"2025-09-14T11:43:28+00:00\",\"breadcrumb\":{\"@id\":\"https:\\\/\\\/lasentinelle.dz\\\/index.php\\\/2025\\\/09\\\/14\\\/la-restructuration-du-commerce-exterieur-lancee\\\/#breadcrumb\"},\"inLanguage\":\"fr-FR\",\"potentialAction\":[{\"@type\":\"ReadAction\",\"target\":[\"https:\\\/\\\/lasentinelle.dz\\\/index.php\\\/2025\\\/09\\\/14\\\/la-restructuration-du-commerce-exterieur-lancee\\\/\"]}]},{\"@type\":\"ImageObject\",\"inLanguage\":\"fr-FR\",\"@id\":\"https:\\\/\\\/lasentinelle.dz\\\/index.php\\\/2025\\\/09\\\/14\\\/la-restructuration-du-commerce-exterieur-lancee\\\/#primaryimage\",\"url\":\"https:\\\/\\\/lasentinelle.dz\\\/wp-content\\\/uploads\\\/2025\\\/09\\\/commerce-une.webp\",\"contentUrl\":\"https:\\\/\\\/lasentinelle.dz\\\/wp-content\\\/uploads\\\/2025\\\/09\\\/commerce-une.webp\",\"width\":1200,\"height\":680},{\"@type\":\"BreadcrumbList\",\"@id\":\"https:\\\/\\\/lasentinelle.dz\\\/index.php\\\/2025\\\/09\\\/14\\\/la-restructuration-du-commerce-exterieur-lancee\\\/#breadcrumb\",\"itemListElement\":[{\"@type\":\"ListItem\",\"position\":1,\"name\":\"Accueil\",\"item\":\"https:\\\/\\\/lasentinelle.dz\\\/\"},{\"@type\":\"ListItem\",\"position\":2,\"name\":\"La restructuration du commerce ext\u00e9rieur lanc\u00e9e\"}]},{\"@type\":\"WebSite\",\"@id\":\"https:\\\/\\\/lasentinelle.dz\\\/#website\",\"url\":\"https:\\\/\\\/lasentinelle.dz\\\/\",\"name\":\"La Sentinelle\",\"description\":\"Quotidien national d&#039;information\",\"publisher\":{\"@id\":\"https:\\\/\\\/lasentinelle.dz\\\/#organization\"},\"potentialAction\":[{\"@type\":\"SearchAction\",\"target\":{\"@type\":\"EntryPoint\",\"urlTemplate\":\"https:\\\/\\\/lasentinelle.dz\\\/?s={search_term_string}\"},\"query-input\":{\"@type\":\"PropertyValueSpecification\",\"valueRequired\":true,\"valueName\":\"search_term_string\"}}],\"inLanguage\":\"fr-FR\"},{\"@type\":\"Organization\",\"@id\":\"https:\\\/\\\/lasentinelle.dz\\\/#organization\",\"name\":\"Quotidien La Sentinelle\",\"url\":\"https:\\\/\\\/lasentinelle.dz\\\/\",\"logo\":{\"@type\":\"ImageObject\",\"inLanguage\":\"fr-FR\",\"@id\":\"https:\\\/\\\/lasentinelle.dz\\\/#\\\/schema\\\/logo\\\/image\\\/\",\"url\":\"https:\\\/\\\/lasentinelle.dz\\\/wp-content\\\/uploads\\\/2021\\\/09\\\/logo-sentinelleSLOGAN-1.png\",\"contentUrl\":\"https:\\\/\\\/lasentinelle.dz\\\/wp-content\\\/uploads\\\/2021\\\/09\\\/logo-sentinelleSLOGAN-1.png\",\"width\":615,\"height\":142,\"caption\":\"Quotidien La Sentinelle\"},\"image\":{\"@id\":\"https:\\\/\\\/lasentinelle.dz\\\/#\\\/schema\\\/logo\\\/image\\\/\"},\"sameAs\":[\"https:\\\/\\\/www.facebook.com\\\/La-Sentinelle-104059864394773\"]},{\"@type\":\"Person\",\"@id\":\"https:\\\/\\\/lasentinelle.dz\\\/#\\\/schema\\\/person\\\/729ee0024f24e0b8c5ec17232f8e8b41\",\"name\":\"admin\",\"image\":{\"@type\":\"ImageObject\",\"inLanguage\":\"fr-FR\",\"@id\":\"https:\\\/\\\/secure.gravatar.com\\\/avatar\\\/4c81fed838786e9b53f540bf46533e750f5d292099ae3b66cfc6fb1982e29df7?s=96&d=mm&r=g\",\"url\":\"https:\\\/\\\/secure.gravatar.com\\\/avatar\\\/4c81fed838786e9b53f540bf46533e750f5d292099ae3b66cfc6fb1982e29df7?s=96&d=mm&r=g\",\"contentUrl\":\"https:\\\/\\\/secure.gravatar.com\\\/avatar\\\/4c81fed838786e9b53f540bf46533e750f5d292099ae3b66cfc6fb1982e29df7?s=96&d=mm&r=g\",\"caption\":\"admin\"},\"description\":\"admin\",\"url\":\"https:\\\/\\\/lasentinelle.dz\\\/author\\\/admin\\\/\"}]}<\/script>\n<!-- \/ Yoast SEO plugin. -->","yoast_head_json":{"title":"La restructuration du commerce ext\u00e9rieur lanc\u00e9e - La Sentinelle","robots":{"index":"index","follow":"follow","max-snippet":"max-snippet:-1","max-image-preview":"max-image-preview:large","max-video-preview":"max-video-preview:-1"},"canonical":"https:\/\/lasentinelle.dz\/index.php\/2025\/09\/14\/la-restructuration-du-commerce-exterieur-lancee\/","og_locale":"fr_FR","og_type":"article","og_title":"La restructuration du commerce ext\u00e9rieur lanc\u00e9e - La Sentinelle","og_description":"Annonc\u00e9es par pr\u00e9sident de la R\u00e9publique, les deux agences d\u00e9di\u00e9es aux importations et aux exportations ont \u00e9t\u00e9 cr\u00e9\u00e9es alors que","og_url":"https:\/\/lasentinelle.dz\/index.php\/2025\/09\/14\/la-restructuration-du-commerce-exterieur-lancee\/","og_site_name":"La Sentinelle","article_publisher":"https:\/\/www.facebook.com\/La-Sentinelle-104059864394773","article_published_time":"2025-09-14T11:43:27+00:00","article_modified_time":"2025-09-14T11:43:28+00:00","og_image":[{"width":1200,"height":680,"url":"https:\/\/lasentinelle.dz\/wp-content\/uploads\/2025\/09\/commerce-une.webp","type":"image\/webp"}],"author":"admin","twitter_card":"summary_large_image","twitter_misc":{"\u00c9crit par":"admin","Dur\u00e9e de lecture estim\u00e9e":"4 minutes"},"schema":{"@context":"https:\/\/schema.org","@graph":[{"@type":"Article","@id":"https:\/\/lasentinelle.dz\/index.php\/2025\/09\/14\/la-restructuration-du-commerce-exterieur-lancee\/#article","isPartOf":{"@id":"https:\/\/lasentinelle.dz\/index.php\/2025\/09\/14\/la-restructuration-du-commerce-exterieur-lancee\/"},"author":{"name":"admin","@id":"https:\/\/lasentinelle.dz\/#\/schema\/person\/729ee0024f24e0b8c5ec17232f8e8b41"},"headline":"La restructuration du commerce ext\u00e9rieur lanc\u00e9e","datePublished":"2025-09-14T11:43:27+00:00","dateModified":"2025-09-14T11:43:28+00:00","mainEntityOfPage":{"@id":"https:\/\/lasentinelle.dz\/index.php\/2025\/09\/14\/la-restructuration-du-commerce-exterieur-lancee\/"},"wordCount":856,"commentCount":0,"publisher":{"@id":"https:\/\/lasentinelle.dz\/#organization"},"image":{"@id":"https:\/\/lasentinelle.dz\/index.php\/2025\/09\/14\/la-restructuration-du-commerce-exterieur-lancee\/#primaryimage"},"thumbnailUrl":"https:\/\/lasentinelle.dz\/wp-content\/uploads\/2025\/09\/commerce-une.webp","articleSection":["\u00c0 la Une","\u00c9conomie"],"inLanguage":"fr-FR","potentialAction":[{"@type":"CommentAction","name":"Comment","target":["https:\/\/lasentinelle.dz\/index.php\/2025\/09\/14\/la-restructuration-du-commerce-exterieur-lancee\/#respond"]}]},{"@type":"WebPage","@id":"https:\/\/lasentinelle.dz\/index.php\/2025\/09\/14\/la-restructuration-du-commerce-exterieur-lancee\/","url":"https:\/\/lasentinelle.dz\/index.php\/2025\/09\/14\/la-restructuration-du-commerce-exterieur-lancee\/","name":"La restructuration du commerce ext\u00e9rieur lanc\u00e9e - La Sentinelle","isPartOf":{"@id":"https:\/\/lasentinelle.dz\/#website"},"primaryImageOfPage":{"@id":"https:\/\/lasentinelle.dz\/index.php\/2025\/09\/14\/la-restructuration-du-commerce-exterieur-lancee\/#primaryimage"},"image":{"@id":"https:\/\/lasentinelle.dz\/index.php\/2025\/09\/14\/la-restructuration-du-commerce-exterieur-lancee\/#primaryimage"},"thumbnailUrl":"https:\/\/lasentinelle.dz\/wp-content\/uploads\/2025\/09\/commerce-une.webp","datePublished":"2025-09-14T11:43:27+00:00","dateModified":"2025-09-14T11:43:28+00:00","breadcrumb":{"@id":"https:\/\/lasentinelle.dz\/index.php\/2025\/09\/14\/la-restructuration-du-commerce-exterieur-lancee\/#breadcrumb"},"inLanguage":"fr-FR","potentialAction":[{"@type":"ReadAction","target":["https:\/\/lasentinelle.dz\/index.php\/2025\/09\/14\/la-restructuration-du-commerce-exterieur-lancee\/"]}]},{"@type":"ImageObject","inLanguage":"fr-FR","@id":"https:\/\/lasentinelle.dz\/index.php\/2025\/09\/14\/la-restructuration-du-commerce-exterieur-lancee\/#primaryimage","url":"https:\/\/lasentinelle.dz\/wp-content\/uploads\/2025\/09\/commerce-une.webp","contentUrl":"https:\/\/lasentinelle.dz\/wp-content\/uploads\/2025\/09\/commerce-une.webp","width":1200,"height":680},{"@type":"BreadcrumbList","@id":"https:\/\/lasentinelle.dz\/index.php\/2025\/09\/14\/la-restructuration-du-commerce-exterieur-lancee\/#breadcrumb","itemListElement":[{"@type":"ListItem","position":1,"name":"Accueil","item":"https:\/\/lasentinelle.dz\/"},{"@type":"ListItem","position":2,"name":"La restructuration du commerce ext\u00e9rieur lanc\u00e9e"}]},{"@type":"WebSite","@id":"https:\/\/lasentinelle.dz\/#website","url":"https:\/\/lasentinelle.dz\/","name":"La Sentinelle","description":"Quotidien national d&#039;information","publisher":{"@id":"https:\/\/lasentinelle.dz\/#organization"},"potentialAction":[{"@type":"SearchAction","target":{"@type":"EntryPoint","urlTemplate":"https:\/\/lasentinelle.dz\/?s={search_term_string}"},"query-input":{"@type":"PropertyValueSpecification","valueRequired":true,"valueName":"search_term_string"}}],"inLanguage":"fr-FR"},{"@type":"Organization","@id":"https:\/\/lasentinelle.dz\/#organization","name":"Quotidien La Sentinelle","url":"https:\/\/lasentinelle.dz\/","logo":{"@type":"ImageObject","inLanguage":"fr-FR","@id":"https:\/\/lasentinelle.dz\/#\/schema\/logo\/image\/","url":"https:\/\/lasentinelle.dz\/wp-content\/uploads\/2021\/09\/logo-sentinelleSLOGAN-1.png","contentUrl":"https:\/\/lasentinelle.dz\/wp-content\/uploads\/2021\/09\/logo-sentinelleSLOGAN-1.png","width":615,"height":142,"caption":"Quotidien La Sentinelle"},"image":{"@id":"https:\/\/lasentinelle.dz\/#\/schema\/logo\/image\/"},"sameAs":["https:\/\/www.facebook.com\/La-Sentinelle-104059864394773"]},{"@type":"Person","@id":"https:\/\/lasentinelle.dz\/#\/schema\/person\/729ee0024f24e0b8c5ec17232f8e8b41","name":"admin","image":{"@type":"ImageObject","inLanguage":"fr-FR","@id":"https:\/\/secure.gravatar.com\/avatar\/4c81fed838786e9b53f540bf46533e750f5d292099ae3b66cfc6fb1982e29df7?s=96&d=mm&r=g","url":"https:\/\/secure.gravatar.com\/avatar\/4c81fed838786e9b53f540bf46533e750f5d292099ae3b66cfc6fb1982e29df7?s=96&d=mm&r=g","contentUrl":"https:\/\/secure.gravatar.com\/avatar\/4c81fed838786e9b53f540bf46533e750f5d292099ae3b66cfc6fb1982e29df7?s=96&d=mm&r=g","caption":"admin"},"description":"admin","url":"https:\/\/lasentinelle.dz\/author\/admin\/"}]}},"_links":{"self":[{"href":"https:\/\/lasentinelle.dz\/index.php\/wp-json\/wp\/v2\/posts\/73295","targetHints":{"allow":["GET"]}}],"collection":[{"href":"https:\/\/lasentinelle.dz\/index.php\/wp-json\/wp\/v2\/posts"}],"about":[{"href":"https:\/\/lasentinelle.dz\/index.php\/wp-json\/wp\/v2\/types\/post"}],"author":[{"embeddable":true,"href":"https:\/\/lasentinelle.dz\/index.php\/wp-json\/wp\/v2\/users\/6"}],"replies":[{"embeddable":true,"href":"https:\/\/lasentinelle.dz\/index.php\/wp-json\/wp\/v2\/comments?post=73295"}],"version-history":[{"count":1,"href":"https:\/\/lasentinelle.dz\/index.php\/wp-json\/wp\/v2\/posts\/73295\/revisions"}],"predecessor-version":[{"id":73297,"href":"https:\/\/lasentinelle.dz\/index.php\/wp-json\/wp\/v2\/posts\/73295\/revisions\/73297"}],"wp:featuredmedia":[{"embeddable":true,"href":"https:\/\/lasentinelle.dz\/index.php\/wp-json\/wp\/v2\/media\/73296"}],"wp:attachment":[{"href":"https:\/\/lasentinelle.dz\/index.php\/wp-json\/wp\/v2\/media?parent=73295"}],"wp:term":[{"taxonomy":"category","embeddable":true,"href":"https:\/\/lasentinelle.dz\/index.php\/wp-json\/wp\/v2\/categories?post=73295"},{"taxonomy":"post_tag","embeddable":true,"href":"https:\/\/lasentinelle.dz\/index.php\/wp-json\/wp\/v2\/tags?post=73295"}],"curies":[{"name":"wp","href":"https:\/\/api.w.org\/{rel}","templated":true}]}}