{"id":73398,"date":"2025-09-16T12:53:14","date_gmt":"2025-09-16T11:53:14","guid":{"rendered":"https:\/\/lasentinelle.dz\/?p=73398"},"modified":"2025-09-16T12:53:15","modified_gmt":"2025-09-16T11:53:15","slug":"transition-energetique-lalgerie-met-le-cap-sur-les-carburants-verts","status":"publish","type":"post","link":"https:\/\/lasentinelle.dz\/index.php\/2025\/09\/16\/transition-energetique-lalgerie-met-le-cap-sur-les-carburants-verts\/","title":{"rendered":"Transition \u00e9nerg\u00e9tique\u00a0: L&rsquo;Alg\u00e9rie met le cap sur les carburants verts"},"content":{"rendered":"\n<p>L&rsquo;Alg\u00e9rie acc\u00e9l\u00e8re sa transition \u00e9nerg\u00e9tique vers les carburants durables et l&rsquo;hydrog\u00e8ne vert, affichant des ambitions continentales majeures. Repr\u00e9sent\u00e9e aux r\u00e9unions minist\u00e9rielles sur les carburants alternatifs organis\u00e9es du 15 au 18 septembre dans le cadre de l&rsquo;Expo 2025 \u00e0 Osaka, l&rsquo;Alg\u00e9rie vise \u00e0 produire et exporter entre 30 et 40 t\u00e9rawattheures d&rsquo;hydrog\u00e8ne et de ses d\u00e9riv\u00e9s d&rsquo;ici 2040, soit environ 10% de la demande europ\u00e9enne, selon un communiqu\u00e9 du minist\u00e8re des Hydrocarbures et des Mines publi\u00e9 lundi. Selon la m\u00eame sopurce, le directeur g\u00e9n\u00e9ral de la prospective au minist\u00e8re, Miloud Medjelled, repr\u00e9sentant le ministre d&rsquo;\u00c9tat Mohamed Arkab \u00e0 ces deux r\u00e9unions minist\u00e9rielles japonaises, a r\u00e9affirm\u00e9 \u00ab\u00a0l&rsquo;engagement de l&rsquo;Alg\u00e9rie \u00e0 poursuivre ses efforts pour d\u00e9velopper des solutions innovantes et durables dans les domaines du transport maritime et a\u00e9rien, des \u00e9nergies renouvelables et de l&rsquo;hydrog\u00e8ne, qui contribueront \u00e0 la r\u00e9alisation des objectifs de la neutralit\u00e9 carbone et au renforcement du d\u00e9veloppement \u00e9conomique et social en Afrique et dans le bassin m\u00e9diterran\u00e9en\u00a0\u00bb. Dans le secteur maritime, l&rsquo;Alg\u00e9rie a d\u00e9j\u00e0 amorc\u00e9 sa mutation technologique. M. Medjelled a indiqu\u00e9 que le pays \u00ab\u00a0a commenc\u00e9 \u00e0 adopter des solutions alternatives telles que l&rsquo;e-m\u00e9thanol et le gaz naturel liqu\u00e9fi\u00e9 (GNL)\u00a0\u00bb, tout en soulignant l&rsquo;int\u00e9gration de la technologie de propulsion DFDE (bicarburant) dans la flotte alg\u00e9rienne, permettant de r\u00e9duire significativement la consommation d&rsquo;\u00e9nergie et les \u00e9missions. Des installations de stockage et d&rsquo;approvisionnement en carburant propre sont en pr\u00e9paration \u00e0 Arzew et Skikda pour soutenir cette transition vers un transport maritime durable.<\/p>\n\n\n\n<p>L&rsquo;aviation n&rsquo;est pas en reste dans cette strat\u00e9gie de d\u00e9carbonation. Le responsable a r\u00e9v\u00e9l\u00e9 le lancement d&rsquo;un projet pilote ambitieux avec Air Alg\u00e9rie visant \u00e0 produire localement les carburants d&rsquo;aviation durables (SAF) \u00e0 partir de r\u00e9sidus de raffinage et d&rsquo;huiles usag\u00e9es, contribuant ainsi au respect des engagements internationaux de r\u00e9duction des \u00e9missions du secteur a\u00e9rien. Cette initiative s&rsquo;inscrit dans l&rsquo;urgence climatique, les secteurs du transport maritime et a\u00e9rien repr\u00e9sentant pr\u00e8s de 7% des \u00e9missions mondiales de CO2 malgr\u00e9 leur importance cruciale dans le commerce mondial. L&rsquo;hydrog\u00e8ne occupe une place centrale dans la strat\u00e9gie \u00e9nerg\u00e9tique alg\u00e9rienne. M. Medjelled a soulign\u00e9 que l&rsquo;Alg\u00e9rie \u00ab\u00a0en a fait une priorit\u00e9 nationale \u00e0 travers une strat\u00e9gie globale articul\u00e9e autour de six axes principaux\u00a0\u00bb. Ces axes comprennent la mise en place d&rsquo;un cadre juridique et institutionnel int\u00e9gr\u00e9, le d\u00e9veloppement des capacit\u00e9s universitaires et techniques, une int\u00e9gration industrielle garantissant la production locale des \u00e9quipements et la ma\u00eetrise de l&rsquo;ing\u00e9nierie, des m\u00e9canismes de financement innovants, et le renforcement de la coop\u00e9ration internationale. Cette coop\u00e9ration internationale se mat\u00e9rialise notamment \u00e0 travers l&rsquo;Alliance africaine de l&rsquo;hydrog\u00e8ne vert (AGHA) et le Forum international sur le commerce de l&rsquo;hydrog\u00e8ne (IHTF). L&rsquo;Alg\u00e9rie d\u00e9veloppe \u00e9galement des projets d&rsquo;interconnexion strat\u00e9giques, particuli\u00e8rement le projet South 2 Corridor destin\u00e9 \u00e0 l&rsquo;exportation de l&rsquo;hydrog\u00e8ne vert vers l&rsquo;Europe, positionnant le pays comme un futur hub \u00e9nerg\u00e9tique entre l&rsquo;Afrique et l&rsquo;Europe. Les ambitions alg\u00e9riennes dans l&rsquo;hydrog\u00e8ne s&rsquo;appuient sur des projets pilotes concrets. Avec l&rsquo;objectif de couvrir 10% de la demande europ\u00e9enne d&rsquo;ici 2040, l&rsquo;Alg\u00e9rie entend \u00ab\u00a0consolider sa place en tant que p\u00f4le r\u00e9gional de l&rsquo;\u00e9nergie propre\u00a0\u00bb, conclut le communiqu\u00e9. Cette transition \u00e9nerg\u00e9tique majeure t\u00e9moigne de la volont\u00e9 du pays de diversifier son \u00e9conomie au-del\u00e0 des hydrocarbures traditionnels tout en r\u00e9pondant aux d\u00e9fis climatiques globaux.<\/p>\n\n\n\n<p><strong>Samira Ghrib<\/strong><\/p>\n","protected":false},"excerpt":{"rendered":"<p>L&rsquo;Alg\u00e9rie acc\u00e9l\u00e8re sa transition \u00e9nerg\u00e9tique vers les carburants durables et l&rsquo;hydrog\u00e8ne vert, affichant des ambitions continentales majeures. Repr\u00e9sent\u00e9e aux r\u00e9unions<\/p>\n","protected":false},"author":6,"featured_media":73399,"comment_status":"open","ping_status":"closed","sticky":false,"template":"","format":"standard","meta":{"colormag_page_container_layout":"default_layout","colormag_page_sidebar_layout":"default_layout","om_disable_all_campaigns":false,"_monsterinsights_skip_tracking":false,"_monsterinsights_sitenote_active":false,"_monsterinsights_sitenote_note":"","_monsterinsights_sitenote_category":0,"footnotes":"","_wpscppro_dont_share_socialmedia":false,"_wpscppro_custom_social_share_image":0,"_facebook_share_type":"default","_twitter_share_type":"default","_linkedin_share_type":"default","_pinterest_share_type":"default","_linkedin_share_type_page":"","_instagram_share_type":"default","_medium_share_type":"default","_threads_share_type":"default","_google_business_share_type":"default","_selected_social_profile":[],"_wpsp_enable_custom_social_template":false,"_wpsp_social_scheduling":{"enabled":false,"datetime":null,"platforms":[],"status":"template_only","dateOption":"today","timeOption":"now","customDays":"","customHours":"","customDate":"","customTime":"","schedulingType":"absolute"},"_wpsp_active_default_template":true},"categories":[29],"tags":[],"class_list":["post-73398","post","type-post","status-publish","format-standard","has-post-thumbnail","hentry","category-economie"],"aioseo_notices":[],"yoast_head":"<!-- This site is optimized with the Yoast SEO plugin v27.5 - https:\/\/yoast.com\/product\/yoast-seo-wordpress\/ -->\n<title>Transition \u00e9nerg\u00e9tique\u00a0: L&rsquo;Alg\u00e9rie met le cap sur les carburants verts - La Sentinelle<\/title>\n<meta name=\"robots\" content=\"index, follow, max-snippet:-1, max-image-preview:large, max-video-preview:-1\" \/>\n<link rel=\"canonical\" href=\"https:\/\/lasentinelle.dz\/index.php\/2025\/09\/16\/transition-energetique-lalgerie-met-le-cap-sur-les-carburants-verts\/\" \/>\n<meta property=\"og:locale\" content=\"fr_FR\" \/>\n<meta property=\"og:type\" content=\"article\" \/>\n<meta property=\"og:title\" content=\"Transition \u00e9nerg\u00e9tique\u00a0: L&rsquo;Alg\u00e9rie met le cap sur les carburants verts - La Sentinelle\" \/>\n<meta property=\"og:description\" content=\"L&rsquo;Alg\u00e9rie acc\u00e9l\u00e8re sa transition \u00e9nerg\u00e9tique vers les carburants durables et l&rsquo;hydrog\u00e8ne vert, affichant des ambitions continentales majeures. Repr\u00e9sent\u00e9e aux r\u00e9unions\" \/>\n<meta property=\"og:url\" content=\"https:\/\/lasentinelle.dz\/index.php\/2025\/09\/16\/transition-energetique-lalgerie-met-le-cap-sur-les-carburants-verts\/\" \/>\n<meta property=\"og:site_name\" content=\"La Sentinelle\" \/>\n<meta property=\"article:publisher\" content=\"https:\/\/www.facebook.com\/La-Sentinelle-104059864394773\" \/>\n<meta property=\"article:published_time\" content=\"2025-09-16T11:53:14+00:00\" \/>\n<meta property=\"article:modified_time\" content=\"2025-09-16T11:53:15+00:00\" \/>\n<meta property=\"og:image\" content=\"https:\/\/lasentinelle.dz\/wp-content\/uploads\/2025\/09\/548123463_1114771774130918_506680421843042830_n.jpg\" \/>\n\t<meta property=\"og:image:width\" content=\"2048\" \/>\n\t<meta property=\"og:image:height\" content=\"1542\" \/>\n\t<meta property=\"og:image:type\" content=\"image\/jpeg\" \/>\n<meta name=\"author\" content=\"admin\" \/>\n<meta name=\"twitter:card\" content=\"summary_large_image\" \/>\n<meta name=\"twitter:label1\" content=\"\u00c9crit par\" \/>\n\t<meta name=\"twitter:data1\" content=\"admin\" \/>\n\t<meta name=\"twitter:label2\" content=\"Dur\u00e9e de lecture estim\u00e9e\" \/>\n\t<meta name=\"twitter:data2\" content=\"3 minutes\" \/>\n<script type=\"application\/ld+json\" class=\"yoast-schema-graph\">{\"@context\":\"https:\\\/\\\/schema.org\",\"@graph\":[{\"@type\":\"Article\",\"@id\":\"https:\\\/\\\/lasentinelle.dz\\\/index.php\\\/2025\\\/09\\\/16\\\/transition-energetique-lalgerie-met-le-cap-sur-les-carburants-verts\\\/#article\",\"isPartOf\":{\"@id\":\"https:\\\/\\\/lasentinelle.dz\\\/index.php\\\/2025\\\/09\\\/16\\\/transition-energetique-lalgerie-met-le-cap-sur-les-carburants-verts\\\/\"},\"author\":{\"name\":\"admin\",\"@id\":\"https:\\\/\\\/lasentinelle.dz\\\/#\\\/schema\\\/person\\\/729ee0024f24e0b8c5ec17232f8e8b41\"},\"headline\":\"Transition \u00e9nerg\u00e9tique\u00a0: L&rsquo;Alg\u00e9rie met le cap sur les carburants verts\",\"datePublished\":\"2025-09-16T11:53:14+00:00\",\"dateModified\":\"2025-09-16T11:53:15+00:00\",\"mainEntityOfPage\":{\"@id\":\"https:\\\/\\\/lasentinelle.dz\\\/index.php\\\/2025\\\/09\\\/16\\\/transition-energetique-lalgerie-met-le-cap-sur-les-carburants-verts\\\/\"},\"wordCount\":649,\"commentCount\":0,\"publisher\":{\"@id\":\"https:\\\/\\\/lasentinelle.dz\\\/#organization\"},\"image\":{\"@id\":\"https:\\\/\\\/lasentinelle.dz\\\/index.php\\\/2025\\\/09\\\/16\\\/transition-energetique-lalgerie-met-le-cap-sur-les-carburants-verts\\\/#primaryimage\"},\"thumbnailUrl\":\"https:\\\/\\\/lasentinelle.dz\\\/wp-content\\\/uploads\\\/2025\\\/09\\\/548123463_1114771774130918_506680421843042830_n.jpg\",\"articleSection\":[\"\u00c9conomie\"],\"inLanguage\":\"fr-FR\",\"potentialAction\":[{\"@type\":\"CommentAction\",\"name\":\"Comment\",\"target\":[\"https:\\\/\\\/lasentinelle.dz\\\/index.php\\\/2025\\\/09\\\/16\\\/transition-energetique-lalgerie-met-le-cap-sur-les-carburants-verts\\\/#respond\"]}]},{\"@type\":\"WebPage\",\"@id\":\"https:\\\/\\\/lasentinelle.dz\\\/index.php\\\/2025\\\/09\\\/16\\\/transition-energetique-lalgerie-met-le-cap-sur-les-carburants-verts\\\/\",\"url\":\"https:\\\/\\\/lasentinelle.dz\\\/index.php\\\/2025\\\/09\\\/16\\\/transition-energetique-lalgerie-met-le-cap-sur-les-carburants-verts\\\/\",\"name\":\"Transition \u00e9nerg\u00e9tique\u00a0: L&rsquo;Alg\u00e9rie met le cap sur les carburants verts - La Sentinelle\",\"isPartOf\":{\"@id\":\"https:\\\/\\\/lasentinelle.dz\\\/#website\"},\"primaryImageOfPage\":{\"@id\":\"https:\\\/\\\/lasentinelle.dz\\\/index.php\\\/2025\\\/09\\\/16\\\/transition-energetique-lalgerie-met-le-cap-sur-les-carburants-verts\\\/#primaryimage\"},\"image\":{\"@id\":\"https:\\\/\\\/lasentinelle.dz\\\/index.php\\\/2025\\\/09\\\/16\\\/transition-energetique-lalgerie-met-le-cap-sur-les-carburants-verts\\\/#primaryimage\"},\"thumbnailUrl\":\"https:\\\/\\\/lasentinelle.dz\\\/wp-content\\\/uploads\\\/2025\\\/09\\\/548123463_1114771774130918_506680421843042830_n.jpg\",\"datePublished\":\"2025-09-16T11:53:14+00:00\",\"dateModified\":\"2025-09-16T11:53:15+00:00\",\"breadcrumb\":{\"@id\":\"https:\\\/\\\/lasentinelle.dz\\\/index.php\\\/2025\\\/09\\\/16\\\/transition-energetique-lalgerie-met-le-cap-sur-les-carburants-verts\\\/#breadcrumb\"},\"inLanguage\":\"fr-FR\",\"potentialAction\":[{\"@type\":\"ReadAction\",\"target\":[\"https:\\\/\\\/lasentinelle.dz\\\/index.php\\\/2025\\\/09\\\/16\\\/transition-energetique-lalgerie-met-le-cap-sur-les-carburants-verts\\\/\"]}]},{\"@type\":\"ImageObject\",\"inLanguage\":\"fr-FR\",\"@id\":\"https:\\\/\\\/lasentinelle.dz\\\/index.php\\\/2025\\\/09\\\/16\\\/transition-energetique-lalgerie-met-le-cap-sur-les-carburants-verts\\\/#primaryimage\",\"url\":\"https:\\\/\\\/lasentinelle.dz\\\/wp-content\\\/uploads\\\/2025\\\/09\\\/548123463_1114771774130918_506680421843042830_n.jpg\",\"contentUrl\":\"https:\\\/\\\/lasentinelle.dz\\\/wp-content\\\/uploads\\\/2025\\\/09\\\/548123463_1114771774130918_506680421843042830_n.jpg\",\"width\":2048,\"height\":1542,\"caption\":\"250915132425929\"},{\"@type\":\"BreadcrumbList\",\"@id\":\"https:\\\/\\\/lasentinelle.dz\\\/index.php\\\/2025\\\/09\\\/16\\\/transition-energetique-lalgerie-met-le-cap-sur-les-carburants-verts\\\/#breadcrumb\",\"itemListElement\":[{\"@type\":\"ListItem\",\"position\":1,\"name\":\"Accueil\",\"item\":\"https:\\\/\\\/lasentinelle.dz\\\/\"},{\"@type\":\"ListItem\",\"position\":2,\"name\":\"Transition \u00e9nerg\u00e9tique\u00a0: L&rsquo;Alg\u00e9rie met le cap sur les carburants verts\"}]},{\"@type\":\"WebSite\",\"@id\":\"https:\\\/\\\/lasentinelle.dz\\\/#website\",\"url\":\"https:\\\/\\\/lasentinelle.dz\\\/\",\"name\":\"La Sentinelle\",\"description\":\"Quotidien national d&#039;information\",\"publisher\":{\"@id\":\"https:\\\/\\\/lasentinelle.dz\\\/#organization\"},\"potentialAction\":[{\"@type\":\"SearchAction\",\"target\":{\"@type\":\"EntryPoint\",\"urlTemplate\":\"https:\\\/\\\/lasentinelle.dz\\\/?s={search_term_string}\"},\"query-input\":{\"@type\":\"PropertyValueSpecification\",\"valueRequired\":true,\"valueName\":\"search_term_string\"}}],\"inLanguage\":\"fr-FR\"},{\"@type\":\"Organization\",\"@id\":\"https:\\\/\\\/lasentinelle.dz\\\/#organization\",\"name\":\"Quotidien La Sentinelle\",\"url\":\"https:\\\/\\\/lasentinelle.dz\\\/\",\"logo\":{\"@type\":\"ImageObject\",\"inLanguage\":\"fr-FR\",\"@id\":\"https:\\\/\\\/lasentinelle.dz\\\/#\\\/schema\\\/logo\\\/image\\\/\",\"url\":\"https:\\\/\\\/lasentinelle.dz\\\/wp-content\\\/uploads\\\/2021\\\/09\\\/logo-sentinelleSLOGAN-1.png\",\"contentUrl\":\"https:\\\/\\\/lasentinelle.dz\\\/wp-content\\\/uploads\\\/2021\\\/09\\\/logo-sentinelleSLOGAN-1.png\",\"width\":615,\"height\":142,\"caption\":\"Quotidien La Sentinelle\"},\"image\":{\"@id\":\"https:\\\/\\\/lasentinelle.dz\\\/#\\\/schema\\\/logo\\\/image\\\/\"},\"sameAs\":[\"https:\\\/\\\/www.facebook.com\\\/La-Sentinelle-104059864394773\"]},{\"@type\":\"Person\",\"@id\":\"https:\\\/\\\/lasentinelle.dz\\\/#\\\/schema\\\/person\\\/729ee0024f24e0b8c5ec17232f8e8b41\",\"name\":\"admin\",\"image\":{\"@type\":\"ImageObject\",\"inLanguage\":\"fr-FR\",\"@id\":\"https:\\\/\\\/secure.gravatar.com\\\/avatar\\\/4c81fed838786e9b53f540bf46533e750f5d292099ae3b66cfc6fb1982e29df7?s=96&d=mm&r=g\",\"url\":\"https:\\\/\\\/secure.gravatar.com\\\/avatar\\\/4c81fed838786e9b53f540bf46533e750f5d292099ae3b66cfc6fb1982e29df7?s=96&d=mm&r=g\",\"contentUrl\":\"https:\\\/\\\/secure.gravatar.com\\\/avatar\\\/4c81fed838786e9b53f540bf46533e750f5d292099ae3b66cfc6fb1982e29df7?s=96&d=mm&r=g\",\"caption\":\"admin\"},\"description\":\"admin\",\"url\":\"https:\\\/\\\/lasentinelle.dz\\\/author\\\/admin\\\/\"}]}<\/script>\n<!-- \/ Yoast SEO plugin. -->","yoast_head_json":{"title":"Transition \u00e9nerg\u00e9tique\u00a0: L&rsquo;Alg\u00e9rie met le cap sur les carburants verts - La Sentinelle","robots":{"index":"index","follow":"follow","max-snippet":"max-snippet:-1","max-image-preview":"max-image-preview:large","max-video-preview":"max-video-preview:-1"},"canonical":"https:\/\/lasentinelle.dz\/index.php\/2025\/09\/16\/transition-energetique-lalgerie-met-le-cap-sur-les-carburants-verts\/","og_locale":"fr_FR","og_type":"article","og_title":"Transition \u00e9nerg\u00e9tique\u00a0: L&rsquo;Alg\u00e9rie met le cap sur les carburants verts - La Sentinelle","og_description":"L&rsquo;Alg\u00e9rie acc\u00e9l\u00e8re sa transition \u00e9nerg\u00e9tique vers les carburants durables et l&rsquo;hydrog\u00e8ne vert, affichant des ambitions continentales majeures. Repr\u00e9sent\u00e9e aux r\u00e9unions","og_url":"https:\/\/lasentinelle.dz\/index.php\/2025\/09\/16\/transition-energetique-lalgerie-met-le-cap-sur-les-carburants-verts\/","og_site_name":"La Sentinelle","article_publisher":"https:\/\/www.facebook.com\/La-Sentinelle-104059864394773","article_published_time":"2025-09-16T11:53:14+00:00","article_modified_time":"2025-09-16T11:53:15+00:00","og_image":[{"width":2048,"height":1542,"url":"https:\/\/lasentinelle.dz\/wp-content\/uploads\/2025\/09\/548123463_1114771774130918_506680421843042830_n.jpg","type":"image\/jpeg"}],"author":"admin","twitter_card":"summary_large_image","twitter_misc":{"\u00c9crit par":"admin","Dur\u00e9e de lecture estim\u00e9e":"3 minutes"},"schema":{"@context":"https:\/\/schema.org","@graph":[{"@type":"Article","@id":"https:\/\/lasentinelle.dz\/index.php\/2025\/09\/16\/transition-energetique-lalgerie-met-le-cap-sur-les-carburants-verts\/#article","isPartOf":{"@id":"https:\/\/lasentinelle.dz\/index.php\/2025\/09\/16\/transition-energetique-lalgerie-met-le-cap-sur-les-carburants-verts\/"},"author":{"name":"admin","@id":"https:\/\/lasentinelle.dz\/#\/schema\/person\/729ee0024f24e0b8c5ec17232f8e8b41"},"headline":"Transition \u00e9nerg\u00e9tique\u00a0: L&rsquo;Alg\u00e9rie met le cap sur les carburants verts","datePublished":"2025-09-16T11:53:14+00:00","dateModified":"2025-09-16T11:53:15+00:00","mainEntityOfPage":{"@id":"https:\/\/lasentinelle.dz\/index.php\/2025\/09\/16\/transition-energetique-lalgerie-met-le-cap-sur-les-carburants-verts\/"},"wordCount":649,"commentCount":0,"publisher":{"@id":"https:\/\/lasentinelle.dz\/#organization"},"image":{"@id":"https:\/\/lasentinelle.dz\/index.php\/2025\/09\/16\/transition-energetique-lalgerie-met-le-cap-sur-les-carburants-verts\/#primaryimage"},"thumbnailUrl":"https:\/\/lasentinelle.dz\/wp-content\/uploads\/2025\/09\/548123463_1114771774130918_506680421843042830_n.jpg","articleSection":["\u00c9conomie"],"inLanguage":"fr-FR","potentialAction":[{"@type":"CommentAction","name":"Comment","target":["https:\/\/lasentinelle.dz\/index.php\/2025\/09\/16\/transition-energetique-lalgerie-met-le-cap-sur-les-carburants-verts\/#respond"]}]},{"@type":"WebPage","@id":"https:\/\/lasentinelle.dz\/index.php\/2025\/09\/16\/transition-energetique-lalgerie-met-le-cap-sur-les-carburants-verts\/","url":"https:\/\/lasentinelle.dz\/index.php\/2025\/09\/16\/transition-energetique-lalgerie-met-le-cap-sur-les-carburants-verts\/","name":"Transition \u00e9nerg\u00e9tique\u00a0: L&rsquo;Alg\u00e9rie met le cap sur les carburants verts - La Sentinelle","isPartOf":{"@id":"https:\/\/lasentinelle.dz\/#website"},"primaryImageOfPage":{"@id":"https:\/\/lasentinelle.dz\/index.php\/2025\/09\/16\/transition-energetique-lalgerie-met-le-cap-sur-les-carburants-verts\/#primaryimage"},"image":{"@id":"https:\/\/lasentinelle.dz\/index.php\/2025\/09\/16\/transition-energetique-lalgerie-met-le-cap-sur-les-carburants-verts\/#primaryimage"},"thumbnailUrl":"https:\/\/lasentinelle.dz\/wp-content\/uploads\/2025\/09\/548123463_1114771774130918_506680421843042830_n.jpg","datePublished":"2025-09-16T11:53:14+00:00","dateModified":"2025-09-16T11:53:15+00:00","breadcrumb":{"@id":"https:\/\/lasentinelle.dz\/index.php\/2025\/09\/16\/transition-energetique-lalgerie-met-le-cap-sur-les-carburants-verts\/#breadcrumb"},"inLanguage":"fr-FR","potentialAction":[{"@type":"ReadAction","target":["https:\/\/lasentinelle.dz\/index.php\/2025\/09\/16\/transition-energetique-lalgerie-met-le-cap-sur-les-carburants-verts\/"]}]},{"@type":"ImageObject","inLanguage":"fr-FR","@id":"https:\/\/lasentinelle.dz\/index.php\/2025\/09\/16\/transition-energetique-lalgerie-met-le-cap-sur-les-carburants-verts\/#primaryimage","url":"https:\/\/lasentinelle.dz\/wp-content\/uploads\/2025\/09\/548123463_1114771774130918_506680421843042830_n.jpg","contentUrl":"https:\/\/lasentinelle.dz\/wp-content\/uploads\/2025\/09\/548123463_1114771774130918_506680421843042830_n.jpg","width":2048,"height":1542,"caption":"250915132425929"},{"@type":"BreadcrumbList","@id":"https:\/\/lasentinelle.dz\/index.php\/2025\/09\/16\/transition-energetique-lalgerie-met-le-cap-sur-les-carburants-verts\/#breadcrumb","itemListElement":[{"@type":"ListItem","position":1,"name":"Accueil","item":"https:\/\/lasentinelle.dz\/"},{"@type":"ListItem","position":2,"name":"Transition \u00e9nerg\u00e9tique\u00a0: L&rsquo;Alg\u00e9rie met le cap sur les carburants verts"}]},{"@type":"WebSite","@id":"https:\/\/lasentinelle.dz\/#website","url":"https:\/\/lasentinelle.dz\/","name":"La Sentinelle","description":"Quotidien national d&#039;information","publisher":{"@id":"https:\/\/lasentinelle.dz\/#organization"},"potentialAction":[{"@type":"SearchAction","target":{"@type":"EntryPoint","urlTemplate":"https:\/\/lasentinelle.dz\/?s={search_term_string}"},"query-input":{"@type":"PropertyValueSpecification","valueRequired":true,"valueName":"search_term_string"}}],"inLanguage":"fr-FR"},{"@type":"Organization","@id":"https:\/\/lasentinelle.dz\/#organization","name":"Quotidien La Sentinelle","url":"https:\/\/lasentinelle.dz\/","logo":{"@type":"ImageObject","inLanguage":"fr-FR","@id":"https:\/\/lasentinelle.dz\/#\/schema\/logo\/image\/","url":"https:\/\/lasentinelle.dz\/wp-content\/uploads\/2021\/09\/logo-sentinelleSLOGAN-1.png","contentUrl":"https:\/\/lasentinelle.dz\/wp-content\/uploads\/2021\/09\/logo-sentinelleSLOGAN-1.png","width":615,"height":142,"caption":"Quotidien La Sentinelle"},"image":{"@id":"https:\/\/lasentinelle.dz\/#\/schema\/logo\/image\/"},"sameAs":["https:\/\/www.facebook.com\/La-Sentinelle-104059864394773"]},{"@type":"Person","@id":"https:\/\/lasentinelle.dz\/#\/schema\/person\/729ee0024f24e0b8c5ec17232f8e8b41","name":"admin","image":{"@type":"ImageObject","inLanguage":"fr-FR","@id":"https:\/\/secure.gravatar.com\/avatar\/4c81fed838786e9b53f540bf46533e750f5d292099ae3b66cfc6fb1982e29df7?s=96&d=mm&r=g","url":"https:\/\/secure.gravatar.com\/avatar\/4c81fed838786e9b53f540bf46533e750f5d292099ae3b66cfc6fb1982e29df7?s=96&d=mm&r=g","contentUrl":"https:\/\/secure.gravatar.com\/avatar\/4c81fed838786e9b53f540bf46533e750f5d292099ae3b66cfc6fb1982e29df7?s=96&d=mm&r=g","caption":"admin"},"description":"admin","url":"https:\/\/lasentinelle.dz\/author\/admin\/"}]}},"_links":{"self":[{"href":"https:\/\/lasentinelle.dz\/index.php\/wp-json\/wp\/v2\/posts\/73398","targetHints":{"allow":["GET"]}}],"collection":[{"href":"https:\/\/lasentinelle.dz\/index.php\/wp-json\/wp\/v2\/posts"}],"about":[{"href":"https:\/\/lasentinelle.dz\/index.php\/wp-json\/wp\/v2\/types\/post"}],"author":[{"embeddable":true,"href":"https:\/\/lasentinelle.dz\/index.php\/wp-json\/wp\/v2\/users\/6"}],"replies":[{"embeddable":true,"href":"https:\/\/lasentinelle.dz\/index.php\/wp-json\/wp\/v2\/comments?post=73398"}],"version-history":[{"count":2,"href":"https:\/\/lasentinelle.dz\/index.php\/wp-json\/wp\/v2\/posts\/73398\/revisions"}],"predecessor-version":[{"id":73401,"href":"https:\/\/lasentinelle.dz\/index.php\/wp-json\/wp\/v2\/posts\/73398\/revisions\/73401"}],"wp:featuredmedia":[{"embeddable":true,"href":"https:\/\/lasentinelle.dz\/index.php\/wp-json\/wp\/v2\/media\/73399"}],"wp:attachment":[{"href":"https:\/\/lasentinelle.dz\/index.php\/wp-json\/wp\/v2\/media?parent=73398"}],"wp:term":[{"taxonomy":"category","embeddable":true,"href":"https:\/\/lasentinelle.dz\/index.php\/wp-json\/wp\/v2\/categories?post=73398"},{"taxonomy":"post_tag","embeddable":true,"href":"https:\/\/lasentinelle.dz\/index.php\/wp-json\/wp\/v2\/tags?post=73398"}],"curies":[{"name":"wp","href":"https:\/\/api.w.org\/{rel}","templated":true}]}}