{"id":73405,"date":"2025-09-16T12:55:30","date_gmt":"2025-09-16T11:55:30","guid":{"rendered":"https:\/\/lasentinelle.dz\/?p=73405"},"modified":"2025-09-16T12:55:30","modified_gmt":"2025-09-16T11:55:30","slug":"rentree-universitaire-modernisation-et-securite-au-coeur-des-priorites","status":"publish","type":"post","link":"https:\/\/lasentinelle.dz\/index.php\/2025\/09\/16\/rentree-universitaire-modernisation-et-securite-au-coeur-des-priorites\/","title":{"rendered":"Rentr\u00e9e universitaire\u00a0: Modernisation et s\u00e9curit\u00e9 au c\u0153ur des priorit\u00e9s"},"content":{"rendered":"\n<p>L&rsquo;Office national des \u0153uvres universitaires d\u00e9ploie un arsenal de mesures in\u00e9dites pour transformer l&rsquo;exp\u00e9rience \u00e9tudiante d\u00e8s cette rentr\u00e9e. Entre modernisation technologique, renforcement s\u00e9curitaire et am\u00e9lioration des services essentiels, l&rsquo;institution publique ambitionne de cr\u00e9er un environnement universitaire d&rsquo;excellence pour accompagner la r\u00e9ussite acad\u00e9mique de centaines de milliers d&rsquo;\u00e9tudiants alg\u00e9riens. Le Directeur g\u00e9n\u00e9ral de l&rsquo;ONOU, Adel Mezough, pr\u00e9sidant dimanche \u00e0 Alger une conf\u00e9rence r\u00e9gionale des directeurs des \u0153uvres universitaires, a dress\u00e9 un bilan exhaustif des pr\u00e9paratifs entrepris \u00e0 une semaine de la rentr\u00e9e universitaire pr\u00e9vue le 22 septembre. \u00ab\u00a0L&rsquo;ensemble des dispositions ont \u00e9t\u00e9 prises pour assurer l&rsquo;accueil des \u00e9tudiants dans les meilleures conditions, notamment \u00e0 travers la poursuite de la modernisation des services d&rsquo;h\u00e9bergement, de transport et de restauration universitaire, par le renforcement du recours \u00e0 la num\u00e9risation, en plus de l&rsquo;\u00e9laboration de programmes sportifs et culturels tout au long de l&rsquo;ann\u00e9e\u00a0\u00bb, a-t-il d\u00e9clar\u00e9. Cette transformation s&rsquo;appuie sur des r\u00e9alisations concr\u00e8tes d&rsquo;envergure. L&rsquo;ach\u00e8vement de l&rsquo;\u00e9quipement de 491 r\u00e9sidences universitaires \u00e0 l&rsquo;\u00e9chelle nationale constitue une avanc\u00e9e majeure, compl\u00e9t\u00e9e par la r\u00e9ception de nouvelles structures d&rsquo;h\u00e9bergement et la poursuite des travaux d&rsquo;am\u00e9nagement pour d&rsquo;autres \u00e9tablissements. Parall\u00e8lement, l&rsquo;installation g\u00e9n\u00e9ralis\u00e9e de cam\u00e9ras de surveillance dans la majorit\u00e9 des r\u00e9sidences mat\u00e9rialise l&rsquo;engagement s\u00e9curitaire de l&rsquo;office, r\u00e9pondant aux pr\u00e9occupations l\u00e9gitimes des familles et des \u00e9tudiants. La r\u00e9volution num\u00e9rique touche particuli\u00e8rement le transport universitaire, secteur strat\u00e9gique pour la mobilit\u00e9 \u00e9tudiante. M. Mezough a soulign\u00e9 les efforts du secteur de l&rsquo;enseignement sup\u00e9rieur et de la recherche scientifique visant \u00ab\u00a0l&rsquo;am\u00e9lioration du niveau de service, notamment par la cr\u00e9ation de nouvelles lignes de transport et le renforcement du parc national d\u00e9di\u00e9 au transport universitaire\u00a0\u00bb. L&rsquo;innovation technologique se concr\u00e9tise par l&rsquo;introduction d&rsquo;applications d\u00e9di\u00e9es permettant aux \u00e9tudiants de consulter itin\u00e9raires et horaires des bus, tandis que les services administratifs b\u00e9n\u00e9ficient d&rsquo;un suivi en temps r\u00e9el de l&rsquo;activit\u00e9 du parc automobile.<\/p>\n\n\n\n<p>Cette d\u00e9marche s&rsquo;inscrit dans une logique d&rsquo;am\u00e9lioration continue, le directeur g\u00e9n\u00e9ral r\u00e9affirmant \u00ab\u00a0la poursuite du travail pour rem\u00e9dier aux insuffisances enregistr\u00e9es dans certains services universitaires, dans le but d&rsquo;offrir un cadre universitaire propice et s\u00e9curis\u00e9, permettant aux \u00e9tudiants de se consacrer pleinement \u00e0 leurs \u00e9tudes\u00a0\u00bb. Cette approche autocritique t\u00e9moigne de la volont\u00e9 institutionnelle d&rsquo;excellence op\u00e9rationnelle.<\/p>\n\n\n\n<p>La conf\u00e9rence r\u00e9gionale a \u00e9galement permis aux directeurs des \u0153uvres universitaires de la r\u00e9gion Centre de pr\u00e9senter leurs derni\u00e8res dispositions relatives \u00e0 la rentr\u00e9e, tout en examinant les m\u00e9canismes de renforcement de la prise en charge des pr\u00e9occupations estudiantines. Cette coordination renforc\u00e9e entre les diff\u00e9rents acteurs institutionnels vise \u00e0 garantir une coh\u00e9rence nationale des services tout en pr\u00e9servant les sp\u00e9cificit\u00e9s r\u00e9gionales.<\/p>\n\n\n\n<p>Lyna Larbi<\/p>\n","protected":false},"excerpt":{"rendered":"<p>L&rsquo;Office national des \u0153uvres universitaires d\u00e9ploie un arsenal de mesures in\u00e9dites pour transformer l&rsquo;exp\u00e9rience \u00e9tudiante d\u00e8s cette rentr\u00e9e. Entre modernisation<\/p>\n","protected":false},"author":6,"featured_media":44722,"comment_status":"open","ping_status":"closed","sticky":false,"template":"","format":"standard","meta":{"colormag_page_container_layout":"default_layout","colormag_page_sidebar_layout":"default_layout","om_disable_all_campaigns":false,"_monsterinsights_skip_tracking":false,"_monsterinsights_sitenote_active":false,"_monsterinsights_sitenote_note":"","_monsterinsights_sitenote_category":0,"footnotes":"","_wpscppro_dont_share_socialmedia":false,"_wpscppro_custom_social_share_image":0,"_facebook_share_type":"default","_twitter_share_type":"default","_linkedin_share_type":"default","_pinterest_share_type":"default","_linkedin_share_type_page":"","_instagram_share_type":"default","_medium_share_type":"default","_threads_share_type":"default","_google_business_share_type":"default","_selected_social_profile":[],"_wpsp_enable_custom_social_template":false,"_wpsp_social_scheduling":{"enabled":false,"datetime":null,"platforms":[],"status":"template_only","dateOption":"today","timeOption":"now","customDays":"","customHours":"","customDate":"","customTime":"","schedulingType":"absolute"},"_wpsp_active_default_template":true},"categories":[27],"tags":[],"class_list":["post-73405","post","type-post","status-publish","format-standard","has-post-thumbnail","hentry","category-actualite"],"aioseo_notices":[],"yoast_head":"<!-- This site is optimized with the Yoast SEO plugin v27.5 - https:\/\/yoast.com\/product\/yoast-seo-wordpress\/ -->\n<title>Rentr\u00e9e universitaire\u00a0: Modernisation et s\u00e9curit\u00e9 au c\u0153ur des priorit\u00e9s - La Sentinelle<\/title>\n<meta name=\"robots\" content=\"index, follow, max-snippet:-1, max-image-preview:large, max-video-preview:-1\" \/>\n<link rel=\"canonical\" href=\"https:\/\/lasentinelle.dz\/index.php\/2025\/09\/16\/rentree-universitaire-modernisation-et-securite-au-coeur-des-priorites\/\" \/>\n<meta property=\"og:locale\" content=\"fr_FR\" \/>\n<meta property=\"og:type\" content=\"article\" \/>\n<meta property=\"og:title\" content=\"Rentr\u00e9e universitaire\u00a0: Modernisation et s\u00e9curit\u00e9 au c\u0153ur des priorit\u00e9s - La Sentinelle\" \/>\n<meta property=\"og:description\" content=\"L&rsquo;Office national des \u0153uvres universitaires d\u00e9ploie un arsenal de mesures in\u00e9dites pour transformer l&rsquo;exp\u00e9rience \u00e9tudiante d\u00e8s cette rentr\u00e9e. Entre modernisation\" \/>\n<meta property=\"og:url\" content=\"https:\/\/lasentinelle.dz\/index.php\/2025\/09\/16\/rentree-universitaire-modernisation-et-securite-au-coeur-des-priorites\/\" \/>\n<meta property=\"og:site_name\" content=\"La Sentinelle\" \/>\n<meta property=\"article:publisher\" content=\"https:\/\/www.facebook.com\/La-Sentinelle-104059864394773\" \/>\n<meta property=\"article:published_time\" content=\"2025-09-16T11:55:30+00:00\" \/>\n<meta property=\"og:image\" content=\"https:\/\/lasentinelle.dz\/wp-content\/uploads\/2023\/08\/ONOU.jpeg\" \/>\n\t<meta property=\"og:image:width\" content=\"620\" \/>\n\t<meta property=\"og:image:height\" content=\"349\" \/>\n\t<meta property=\"og:image:type\" content=\"image\/jpeg\" \/>\n<meta name=\"author\" content=\"admin\" \/>\n<meta name=\"twitter:card\" content=\"summary_large_image\" \/>\n<meta name=\"twitter:label1\" content=\"\u00c9crit par\" \/>\n\t<meta name=\"twitter:data1\" content=\"admin\" \/>\n\t<meta name=\"twitter:label2\" content=\"Dur\u00e9e de lecture estim\u00e9e\" \/>\n\t<meta name=\"twitter:data2\" content=\"3 minutes\" \/>\n<script type=\"application\/ld+json\" class=\"yoast-schema-graph\">{\"@context\":\"https:\\\/\\\/schema.org\",\"@graph\":[{\"@type\":\"Article\",\"@id\":\"https:\\\/\\\/lasentinelle.dz\\\/index.php\\\/2025\\\/09\\\/16\\\/rentree-universitaire-modernisation-et-securite-au-coeur-des-priorites\\\/#article\",\"isPartOf\":{\"@id\":\"https:\\\/\\\/lasentinelle.dz\\\/index.php\\\/2025\\\/09\\\/16\\\/rentree-universitaire-modernisation-et-securite-au-coeur-des-priorites\\\/\"},\"author\":{\"name\":\"admin\",\"@id\":\"https:\\\/\\\/lasentinelle.dz\\\/#\\\/schema\\\/person\\\/729ee0024f24e0b8c5ec17232f8e8b41\"},\"headline\":\"Rentr\u00e9e universitaire\u00a0: Modernisation et s\u00e9curit\u00e9 au c\u0153ur des priorit\u00e9s\",\"datePublished\":\"2025-09-16T11:55:30+00:00\",\"mainEntityOfPage\":{\"@id\":\"https:\\\/\\\/lasentinelle.dz\\\/index.php\\\/2025\\\/09\\\/16\\\/rentree-universitaire-modernisation-et-securite-au-coeur-des-priorites\\\/\"},\"wordCount\":534,\"commentCount\":0,\"publisher\":{\"@id\":\"https:\\\/\\\/lasentinelle.dz\\\/#organization\"},\"image\":{\"@id\":\"https:\\\/\\\/lasentinelle.dz\\\/index.php\\\/2025\\\/09\\\/16\\\/rentree-universitaire-modernisation-et-securite-au-coeur-des-priorites\\\/#primaryimage\"},\"thumbnailUrl\":\"https:\\\/\\\/lasentinelle.dz\\\/wp-content\\\/uploads\\\/2023\\\/08\\\/ONOU.jpeg\",\"articleSection\":[\"Actualit\u00e9\"],\"inLanguage\":\"fr-FR\",\"potentialAction\":[{\"@type\":\"CommentAction\",\"name\":\"Comment\",\"target\":[\"https:\\\/\\\/lasentinelle.dz\\\/index.php\\\/2025\\\/09\\\/16\\\/rentree-universitaire-modernisation-et-securite-au-coeur-des-priorites\\\/#respond\"]}]},{\"@type\":\"WebPage\",\"@id\":\"https:\\\/\\\/lasentinelle.dz\\\/index.php\\\/2025\\\/09\\\/16\\\/rentree-universitaire-modernisation-et-securite-au-coeur-des-priorites\\\/\",\"url\":\"https:\\\/\\\/lasentinelle.dz\\\/index.php\\\/2025\\\/09\\\/16\\\/rentree-universitaire-modernisation-et-securite-au-coeur-des-priorites\\\/\",\"name\":\"Rentr\u00e9e universitaire\u00a0: Modernisation et s\u00e9curit\u00e9 au c\u0153ur des priorit\u00e9s - La Sentinelle\",\"isPartOf\":{\"@id\":\"https:\\\/\\\/lasentinelle.dz\\\/#website\"},\"primaryImageOfPage\":{\"@id\":\"https:\\\/\\\/lasentinelle.dz\\\/index.php\\\/2025\\\/09\\\/16\\\/rentree-universitaire-modernisation-et-securite-au-coeur-des-priorites\\\/#primaryimage\"},\"image\":{\"@id\":\"https:\\\/\\\/lasentinelle.dz\\\/index.php\\\/2025\\\/09\\\/16\\\/rentree-universitaire-modernisation-et-securite-au-coeur-des-priorites\\\/#primaryimage\"},\"thumbnailUrl\":\"https:\\\/\\\/lasentinelle.dz\\\/wp-content\\\/uploads\\\/2023\\\/08\\\/ONOU.jpeg\",\"datePublished\":\"2025-09-16T11:55:30+00:00\",\"breadcrumb\":{\"@id\":\"https:\\\/\\\/lasentinelle.dz\\\/index.php\\\/2025\\\/09\\\/16\\\/rentree-universitaire-modernisation-et-securite-au-coeur-des-priorites\\\/#breadcrumb\"},\"inLanguage\":\"fr-FR\",\"potentialAction\":[{\"@type\":\"ReadAction\",\"target\":[\"https:\\\/\\\/lasentinelle.dz\\\/index.php\\\/2025\\\/09\\\/16\\\/rentree-universitaire-modernisation-et-securite-au-coeur-des-priorites\\\/\"]}]},{\"@type\":\"ImageObject\",\"inLanguage\":\"fr-FR\",\"@id\":\"https:\\\/\\\/lasentinelle.dz\\\/index.php\\\/2025\\\/09\\\/16\\\/rentree-universitaire-modernisation-et-securite-au-coeur-des-priorites\\\/#primaryimage\",\"url\":\"https:\\\/\\\/lasentinelle.dz\\\/wp-content\\\/uploads\\\/2023\\\/08\\\/ONOU.jpeg\",\"contentUrl\":\"https:\\\/\\\/lasentinelle.dz\\\/wp-content\\\/uploads\\\/2023\\\/08\\\/ONOU.jpeg\",\"width\":620,\"height\":349},{\"@type\":\"BreadcrumbList\",\"@id\":\"https:\\\/\\\/lasentinelle.dz\\\/index.php\\\/2025\\\/09\\\/16\\\/rentree-universitaire-modernisation-et-securite-au-coeur-des-priorites\\\/#breadcrumb\",\"itemListElement\":[{\"@type\":\"ListItem\",\"position\":1,\"name\":\"Accueil\",\"item\":\"https:\\\/\\\/lasentinelle.dz\\\/\"},{\"@type\":\"ListItem\",\"position\":2,\"name\":\"Rentr\u00e9e universitaire\u00a0: Modernisation et s\u00e9curit\u00e9 au c\u0153ur des priorit\u00e9s\"}]},{\"@type\":\"WebSite\",\"@id\":\"https:\\\/\\\/lasentinelle.dz\\\/#website\",\"url\":\"https:\\\/\\\/lasentinelle.dz\\\/\",\"name\":\"La Sentinelle\",\"description\":\"Quotidien national d&#039;information\",\"publisher\":{\"@id\":\"https:\\\/\\\/lasentinelle.dz\\\/#organization\"},\"potentialAction\":[{\"@type\":\"SearchAction\",\"target\":{\"@type\":\"EntryPoint\",\"urlTemplate\":\"https:\\\/\\\/lasentinelle.dz\\\/?s={search_term_string}\"},\"query-input\":{\"@type\":\"PropertyValueSpecification\",\"valueRequired\":true,\"valueName\":\"search_term_string\"}}],\"inLanguage\":\"fr-FR\"},{\"@type\":\"Organization\",\"@id\":\"https:\\\/\\\/lasentinelle.dz\\\/#organization\",\"name\":\"Quotidien La Sentinelle\",\"url\":\"https:\\\/\\\/lasentinelle.dz\\\/\",\"logo\":{\"@type\":\"ImageObject\",\"inLanguage\":\"fr-FR\",\"@id\":\"https:\\\/\\\/lasentinelle.dz\\\/#\\\/schema\\\/logo\\\/image\\\/\",\"url\":\"https:\\\/\\\/lasentinelle.dz\\\/wp-content\\\/uploads\\\/2021\\\/09\\\/logo-sentinelleSLOGAN-1.png\",\"contentUrl\":\"https:\\\/\\\/lasentinelle.dz\\\/wp-content\\\/uploads\\\/2021\\\/09\\\/logo-sentinelleSLOGAN-1.png\",\"width\":615,\"height\":142,\"caption\":\"Quotidien La Sentinelle\"},\"image\":{\"@id\":\"https:\\\/\\\/lasentinelle.dz\\\/#\\\/schema\\\/logo\\\/image\\\/\"},\"sameAs\":[\"https:\\\/\\\/www.facebook.com\\\/La-Sentinelle-104059864394773\"]},{\"@type\":\"Person\",\"@id\":\"https:\\\/\\\/lasentinelle.dz\\\/#\\\/schema\\\/person\\\/729ee0024f24e0b8c5ec17232f8e8b41\",\"name\":\"admin\",\"image\":{\"@type\":\"ImageObject\",\"inLanguage\":\"fr-FR\",\"@id\":\"https:\\\/\\\/secure.gravatar.com\\\/avatar\\\/4c81fed838786e9b53f540bf46533e750f5d292099ae3b66cfc6fb1982e29df7?s=96&d=mm&r=g\",\"url\":\"https:\\\/\\\/secure.gravatar.com\\\/avatar\\\/4c81fed838786e9b53f540bf46533e750f5d292099ae3b66cfc6fb1982e29df7?s=96&d=mm&r=g\",\"contentUrl\":\"https:\\\/\\\/secure.gravatar.com\\\/avatar\\\/4c81fed838786e9b53f540bf46533e750f5d292099ae3b66cfc6fb1982e29df7?s=96&d=mm&r=g\",\"caption\":\"admin\"},\"description\":\"admin\",\"url\":\"https:\\\/\\\/lasentinelle.dz\\\/author\\\/admin\\\/\"}]}<\/script>\n<!-- \/ Yoast SEO plugin. -->","yoast_head_json":{"title":"Rentr\u00e9e universitaire\u00a0: Modernisation et s\u00e9curit\u00e9 au c\u0153ur des priorit\u00e9s - La Sentinelle","robots":{"index":"index","follow":"follow","max-snippet":"max-snippet:-1","max-image-preview":"max-image-preview:large","max-video-preview":"max-video-preview:-1"},"canonical":"https:\/\/lasentinelle.dz\/index.php\/2025\/09\/16\/rentree-universitaire-modernisation-et-securite-au-coeur-des-priorites\/","og_locale":"fr_FR","og_type":"article","og_title":"Rentr\u00e9e universitaire\u00a0: Modernisation et s\u00e9curit\u00e9 au c\u0153ur des priorit\u00e9s - La Sentinelle","og_description":"L&rsquo;Office national des \u0153uvres universitaires d\u00e9ploie un arsenal de mesures in\u00e9dites pour transformer l&rsquo;exp\u00e9rience \u00e9tudiante d\u00e8s cette rentr\u00e9e. Entre modernisation","og_url":"https:\/\/lasentinelle.dz\/index.php\/2025\/09\/16\/rentree-universitaire-modernisation-et-securite-au-coeur-des-priorites\/","og_site_name":"La Sentinelle","article_publisher":"https:\/\/www.facebook.com\/La-Sentinelle-104059864394773","article_published_time":"2025-09-16T11:55:30+00:00","og_image":[{"width":620,"height":349,"url":"https:\/\/lasentinelle.dz\/wp-content\/uploads\/2023\/08\/ONOU.jpeg","type":"image\/jpeg"}],"author":"admin","twitter_card":"summary_large_image","twitter_misc":{"\u00c9crit par":"admin","Dur\u00e9e de lecture estim\u00e9e":"3 minutes"},"schema":{"@context":"https:\/\/schema.org","@graph":[{"@type":"Article","@id":"https:\/\/lasentinelle.dz\/index.php\/2025\/09\/16\/rentree-universitaire-modernisation-et-securite-au-coeur-des-priorites\/#article","isPartOf":{"@id":"https:\/\/lasentinelle.dz\/index.php\/2025\/09\/16\/rentree-universitaire-modernisation-et-securite-au-coeur-des-priorites\/"},"author":{"name":"admin","@id":"https:\/\/lasentinelle.dz\/#\/schema\/person\/729ee0024f24e0b8c5ec17232f8e8b41"},"headline":"Rentr\u00e9e universitaire\u00a0: Modernisation et s\u00e9curit\u00e9 au c\u0153ur des priorit\u00e9s","datePublished":"2025-09-16T11:55:30+00:00","mainEntityOfPage":{"@id":"https:\/\/lasentinelle.dz\/index.php\/2025\/09\/16\/rentree-universitaire-modernisation-et-securite-au-coeur-des-priorites\/"},"wordCount":534,"commentCount":0,"publisher":{"@id":"https:\/\/lasentinelle.dz\/#organization"},"image":{"@id":"https:\/\/lasentinelle.dz\/index.php\/2025\/09\/16\/rentree-universitaire-modernisation-et-securite-au-coeur-des-priorites\/#primaryimage"},"thumbnailUrl":"https:\/\/lasentinelle.dz\/wp-content\/uploads\/2023\/08\/ONOU.jpeg","articleSection":["Actualit\u00e9"],"inLanguage":"fr-FR","potentialAction":[{"@type":"CommentAction","name":"Comment","target":["https:\/\/lasentinelle.dz\/index.php\/2025\/09\/16\/rentree-universitaire-modernisation-et-securite-au-coeur-des-priorites\/#respond"]}]},{"@type":"WebPage","@id":"https:\/\/lasentinelle.dz\/index.php\/2025\/09\/16\/rentree-universitaire-modernisation-et-securite-au-coeur-des-priorites\/","url":"https:\/\/lasentinelle.dz\/index.php\/2025\/09\/16\/rentree-universitaire-modernisation-et-securite-au-coeur-des-priorites\/","name":"Rentr\u00e9e universitaire\u00a0: Modernisation et s\u00e9curit\u00e9 au c\u0153ur des priorit\u00e9s - La Sentinelle","isPartOf":{"@id":"https:\/\/lasentinelle.dz\/#website"},"primaryImageOfPage":{"@id":"https:\/\/lasentinelle.dz\/index.php\/2025\/09\/16\/rentree-universitaire-modernisation-et-securite-au-coeur-des-priorites\/#primaryimage"},"image":{"@id":"https:\/\/lasentinelle.dz\/index.php\/2025\/09\/16\/rentree-universitaire-modernisation-et-securite-au-coeur-des-priorites\/#primaryimage"},"thumbnailUrl":"https:\/\/lasentinelle.dz\/wp-content\/uploads\/2023\/08\/ONOU.jpeg","datePublished":"2025-09-16T11:55:30+00:00","breadcrumb":{"@id":"https:\/\/lasentinelle.dz\/index.php\/2025\/09\/16\/rentree-universitaire-modernisation-et-securite-au-coeur-des-priorites\/#breadcrumb"},"inLanguage":"fr-FR","potentialAction":[{"@type":"ReadAction","target":["https:\/\/lasentinelle.dz\/index.php\/2025\/09\/16\/rentree-universitaire-modernisation-et-securite-au-coeur-des-priorites\/"]}]},{"@type":"ImageObject","inLanguage":"fr-FR","@id":"https:\/\/lasentinelle.dz\/index.php\/2025\/09\/16\/rentree-universitaire-modernisation-et-securite-au-coeur-des-priorites\/#primaryimage","url":"https:\/\/lasentinelle.dz\/wp-content\/uploads\/2023\/08\/ONOU.jpeg","contentUrl":"https:\/\/lasentinelle.dz\/wp-content\/uploads\/2023\/08\/ONOU.jpeg","width":620,"height":349},{"@type":"BreadcrumbList","@id":"https:\/\/lasentinelle.dz\/index.php\/2025\/09\/16\/rentree-universitaire-modernisation-et-securite-au-coeur-des-priorites\/#breadcrumb","itemListElement":[{"@type":"ListItem","position":1,"name":"Accueil","item":"https:\/\/lasentinelle.dz\/"},{"@type":"ListItem","position":2,"name":"Rentr\u00e9e universitaire\u00a0: Modernisation et s\u00e9curit\u00e9 au c\u0153ur des priorit\u00e9s"}]},{"@type":"WebSite","@id":"https:\/\/lasentinelle.dz\/#website","url":"https:\/\/lasentinelle.dz\/","name":"La Sentinelle","description":"Quotidien national d&#039;information","publisher":{"@id":"https:\/\/lasentinelle.dz\/#organization"},"potentialAction":[{"@type":"SearchAction","target":{"@type":"EntryPoint","urlTemplate":"https:\/\/lasentinelle.dz\/?s={search_term_string}"},"query-input":{"@type":"PropertyValueSpecification","valueRequired":true,"valueName":"search_term_string"}}],"inLanguage":"fr-FR"},{"@type":"Organization","@id":"https:\/\/lasentinelle.dz\/#organization","name":"Quotidien La Sentinelle","url":"https:\/\/lasentinelle.dz\/","logo":{"@type":"ImageObject","inLanguage":"fr-FR","@id":"https:\/\/lasentinelle.dz\/#\/schema\/logo\/image\/","url":"https:\/\/lasentinelle.dz\/wp-content\/uploads\/2021\/09\/logo-sentinelleSLOGAN-1.png","contentUrl":"https:\/\/lasentinelle.dz\/wp-content\/uploads\/2021\/09\/logo-sentinelleSLOGAN-1.png","width":615,"height":142,"caption":"Quotidien La Sentinelle"},"image":{"@id":"https:\/\/lasentinelle.dz\/#\/schema\/logo\/image\/"},"sameAs":["https:\/\/www.facebook.com\/La-Sentinelle-104059864394773"]},{"@type":"Person","@id":"https:\/\/lasentinelle.dz\/#\/schema\/person\/729ee0024f24e0b8c5ec17232f8e8b41","name":"admin","image":{"@type":"ImageObject","inLanguage":"fr-FR","@id":"https:\/\/secure.gravatar.com\/avatar\/4c81fed838786e9b53f540bf46533e750f5d292099ae3b66cfc6fb1982e29df7?s=96&d=mm&r=g","url":"https:\/\/secure.gravatar.com\/avatar\/4c81fed838786e9b53f540bf46533e750f5d292099ae3b66cfc6fb1982e29df7?s=96&d=mm&r=g","contentUrl":"https:\/\/secure.gravatar.com\/avatar\/4c81fed838786e9b53f540bf46533e750f5d292099ae3b66cfc6fb1982e29df7?s=96&d=mm&r=g","caption":"admin"},"description":"admin","url":"https:\/\/lasentinelle.dz\/author\/admin\/"}]}},"_links":{"self":[{"href":"https:\/\/lasentinelle.dz\/index.php\/wp-json\/wp\/v2\/posts\/73405","targetHints":{"allow":["GET"]}}],"collection":[{"href":"https:\/\/lasentinelle.dz\/index.php\/wp-json\/wp\/v2\/posts"}],"about":[{"href":"https:\/\/lasentinelle.dz\/index.php\/wp-json\/wp\/v2\/types\/post"}],"author":[{"embeddable":true,"href":"https:\/\/lasentinelle.dz\/index.php\/wp-json\/wp\/v2\/users\/6"}],"replies":[{"embeddable":true,"href":"https:\/\/lasentinelle.dz\/index.php\/wp-json\/wp\/v2\/comments?post=73405"}],"version-history":[{"count":1,"href":"https:\/\/lasentinelle.dz\/index.php\/wp-json\/wp\/v2\/posts\/73405\/revisions"}],"predecessor-version":[{"id":73406,"href":"https:\/\/lasentinelle.dz\/index.php\/wp-json\/wp\/v2\/posts\/73405\/revisions\/73406"}],"wp:featuredmedia":[{"embeddable":true,"href":"https:\/\/lasentinelle.dz\/index.php\/wp-json\/wp\/v2\/media\/44722"}],"wp:attachment":[{"href":"https:\/\/lasentinelle.dz\/index.php\/wp-json\/wp\/v2\/media?parent=73405"}],"wp:term":[{"taxonomy":"category","embeddable":true,"href":"https:\/\/lasentinelle.dz\/index.php\/wp-json\/wp\/v2\/categories?post=73405"},{"taxonomy":"post_tag","embeddable":true,"href":"https:\/\/lasentinelle.dz\/index.php\/wp-json\/wp\/v2\/tags?post=73405"}],"curies":[{"name":"wp","href":"https:\/\/api.w.org\/{rel}","templated":true}]}}