{"id":73568,"date":"2025-09-18T12:42:35","date_gmt":"2025-09-18T11:42:35","guid":{"rendered":"https:\/\/lasentinelle.dz\/?p=73568"},"modified":"2025-09-21T12:43:21","modified_gmt":"2025-09-21T11:43:21","slug":"104-morts-dans-ces-accidents-depuis-le-debut-de-septembre-hecatombe-sur-les-routes","status":"publish","type":"post","link":"https:\/\/lasentinelle.dz\/index.php\/2025\/09\/18\/104-morts-dans-ces-accidents-depuis-le-debut-de-septembre-hecatombe-sur-les-routes\/","title":{"rendered":"104 morts dans ces accidents depuis le d\u00e9but de septembre\u00a0: H\u00e9catombe sur les routes"},"content":{"rendered":"\n<p>Pas moins de 104 d\u00e9c\u00e8s et plus de 3800 bless\u00e9s recens\u00e9s depuis le d\u00e9but du mois de septembre, r\u00e9v\u00e8le un bilan alarmant de la Protection civile publi\u00e9 ce mercredi sur son compte Facebook officiel. Ces chiffres dramatiques, qui ne cessent de s&rsquo;alourdir jour apr\u00e8s jour, illustrent l&rsquo;ampleur d&rsquo;un fl\u00e9au qui endeuille quotidiennement les familles alg\u00e9riennes et met en lumi\u00e8re l&rsquo;urgence d&rsquo;une prise de conscience collective face aux dangers de la route. La seule journ\u00e9e d&rsquo;hier a \u00e9t\u00e9 marqu\u00e9e par six nouveaux d\u00e9c\u00e8s et 216 bless\u00e9s suppl\u00e9mentaires dans des accidents survenus \u00e0 travers plusieurs wilayas du pays, confirmant la tendance pr\u00e9occupante de cette rentr\u00e9e de septembre particuli\u00e8rement meurtri\u00e8re. La wilaya d&rsquo;El Bayadh a pay\u00e9 le plus lourd tribut avec deux morts et trois bless\u00e9s dans un carambolage impliquant trois v\u00e9hicules l\u00e9gers sur la route nationale N\u00b006A, dans la da\u00efra de Bougtoub. Ces statistiques dramatiques s&rsquo;inscrivent dans un contexte o\u00f9 les autorit\u00e9s multiplient les appels \u00e0 la prudence, comme en t\u00e9moigne le message poignant diffus\u00e9 par la Protection civile : \u00ab\u00a0Votre vie et celle d&rsquo;autrui sont un sacr\u00e9es. Conducteur, respectez le code de la route, ne roulez pas trop vite, attachez votre ceinture de s\u00e9curit\u00e9 et \u00e9vitez d&rsquo;utiliser le t\u00e9l\u00e9phone au volant. Un moment d&rsquo;attention peut sauver une vie, un moment d&rsquo;imprudence peut co\u00fbter des vies\u00a0\u00bb, a \u00e9crit la Protection civile dans son post. Parall\u00e8lement \u00e0 cette h\u00e9catombe routi\u00e8re, les services de secours ont d\u00e9plor\u00e9 un d\u00e9c\u00e8s par noyade \u00e0 Annaba, o\u00f9 un jeune de 25 ans a perdu la vie en mer en dehors des horaires de surveillance \u00e0 la plage d&rsquo;El Beaa. Les \u00e9quipes de la Protection civile ont n\u00e9anmoins effectu\u00e9 212 interventions de sauvetage, permettant de pr\u00e9server la vie de 109 personnes, dont 95 ont \u00e9t\u00e9 prises en charge sur place et huit \u00e9vacu\u00e9es vers des structures sanitaires locales en 24 heures. Les services d&rsquo;urgence ont \u00e9galement g\u00e9r\u00e9 quatre incendies \u00e0 Alger, Bordj Bou Arreridj, M&rsquo;Sila et B\u00e9char, causant des g\u00eanes respiratoires \u00e0 neuf personnes et diverses blessures \u00e0 huit autres, tandis que quinze incendies de for\u00eats et de r\u00e9coltes ont \u00e9t\u00e9 ma\u00eetris\u00e9s \u00e0 travers le territoire national. Concernant le dispositif de lutte contre les incendies de for\u00eats et de r\u00e9coltes, il a \u00e9t\u00e9 proc\u00e9d\u00e9 \u00e0 l&rsquo;extinction de 15 incendies \u00e0 travers plusieurs wilayas du pays, ajoute le bilan.<\/p>\n\n\n\n<p>Chokri Hafed<\/p>\n","protected":false},"excerpt":{"rendered":"<p>Pas moins de 104 d\u00e9c\u00e8s et plus de 3800 bless\u00e9s recens\u00e9s depuis le d\u00e9but du mois de septembre, r\u00e9v\u00e8le un<\/p>\n","protected":false},"author":6,"featured_media":25727,"comment_status":"open","ping_status":"closed","sticky":false,"template":"","format":"standard","meta":{"colormag_page_container_layout":"default_layout","colormag_page_sidebar_layout":"default_layout","om_disable_all_campaigns":false,"_monsterinsights_skip_tracking":false,"_monsterinsights_sitenote_active":false,"_monsterinsights_sitenote_note":"","_monsterinsights_sitenote_category":0,"footnotes":"","_wpscppro_dont_share_socialmedia":false,"_wpscppro_custom_social_share_image":0,"_facebook_share_type":"default","_twitter_share_type":"default","_linkedin_share_type":"default","_pinterest_share_type":"default","_linkedin_share_type_page":"","_instagram_share_type":"default","_medium_share_type":"default","_threads_share_type":"default","_google_business_share_type":"default","_selected_social_profile":[],"_wpsp_enable_custom_social_template":false,"_wpsp_social_scheduling":{"enabled":false,"datetime":null,"platforms":[],"status":"template_only","dateOption":"today","timeOption":"now","customDays":"","customHours":"","customDate":"","customTime":"","schedulingType":"absolute"},"_wpsp_active_default_template":true},"categories":[52,27],"tags":[],"class_list":["post-73568","post","type-post","status-publish","format-standard","has-post-thumbnail","hentry","category-a-la-une","category-actualite"],"aioseo_notices":[],"yoast_head":"<!-- This site is optimized with the Yoast SEO plugin v27.5 - https:\/\/yoast.com\/product\/yoast-seo-wordpress\/ -->\n<title>104 morts dans ces accidents depuis le d\u00e9but de septembre\u00a0: H\u00e9catombe sur les routes - La Sentinelle<\/title>\n<meta name=\"robots\" content=\"index, follow, max-snippet:-1, max-image-preview:large, max-video-preview:-1\" \/>\n<link rel=\"canonical\" href=\"https:\/\/lasentinelle.dz\/index.php\/2025\/09\/18\/104-morts-dans-ces-accidents-depuis-le-debut-de-septembre-hecatombe-sur-les-routes\/\" \/>\n<meta property=\"og:locale\" content=\"fr_FR\" \/>\n<meta property=\"og:type\" content=\"article\" \/>\n<meta property=\"og:title\" content=\"104 morts dans ces accidents depuis le d\u00e9but de septembre\u00a0: H\u00e9catombe sur les routes - La Sentinelle\" \/>\n<meta property=\"og:description\" content=\"Pas moins de 104 d\u00e9c\u00e8s et plus de 3800 bless\u00e9s recens\u00e9s depuis le d\u00e9but du mois de septembre, r\u00e9v\u00e8le un\" \/>\n<meta property=\"og:url\" content=\"https:\/\/lasentinelle.dz\/index.php\/2025\/09\/18\/104-morts-dans-ces-accidents-depuis-le-debut-de-septembre-hecatombe-sur-les-routes\/\" \/>\n<meta property=\"og:site_name\" content=\"La Sentinelle\" \/>\n<meta property=\"article:publisher\" content=\"https:\/\/www.facebook.com\/La-Sentinelle-104059864394773\" \/>\n<meta property=\"article:published_time\" content=\"2025-09-18T11:42:35+00:00\" \/>\n<meta property=\"article:modified_time\" content=\"2025-09-21T11:43:21+00:00\" \/>\n<meta property=\"og:image\" content=\"https:\/\/lasentinelle.dz\/wp-content\/uploads\/2022\/08\/accidents-algerie-1000x600-1.jpg\" \/>\n\t<meta property=\"og:image:width\" content=\"1000\" \/>\n\t<meta property=\"og:image:height\" content=\"600\" \/>\n\t<meta property=\"og:image:type\" content=\"image\/jpeg\" \/>\n<meta name=\"author\" content=\"admin\" \/>\n<meta name=\"twitter:card\" content=\"summary_large_image\" \/>\n<meta name=\"twitter:label1\" content=\"\u00c9crit par\" \/>\n\t<meta name=\"twitter:data1\" content=\"admin\" \/>\n\t<meta name=\"twitter:label2\" content=\"Dur\u00e9e de lecture estim\u00e9e\" \/>\n\t<meta name=\"twitter:data2\" content=\"3 minutes\" \/>\n<script type=\"application\/ld+json\" class=\"yoast-schema-graph\">{\"@context\":\"https:\\\/\\\/schema.org\",\"@graph\":[{\"@type\":\"Article\",\"@id\":\"https:\\\/\\\/lasentinelle.dz\\\/index.php\\\/2025\\\/09\\\/18\\\/104-morts-dans-ces-accidents-depuis-le-debut-de-septembre-hecatombe-sur-les-routes\\\/#article\",\"isPartOf\":{\"@id\":\"https:\\\/\\\/lasentinelle.dz\\\/index.php\\\/2025\\\/09\\\/18\\\/104-morts-dans-ces-accidents-depuis-le-debut-de-septembre-hecatombe-sur-les-routes\\\/\"},\"author\":{\"name\":\"admin\",\"@id\":\"https:\\\/\\\/lasentinelle.dz\\\/#\\\/schema\\\/person\\\/729ee0024f24e0b8c5ec17232f8e8b41\"},\"headline\":\"104 morts dans ces accidents depuis le d\u00e9but de septembre\u00a0: H\u00e9catombe sur les routes\",\"datePublished\":\"2025-09-18T11:42:35+00:00\",\"dateModified\":\"2025-09-21T11:43:21+00:00\",\"mainEntityOfPage\":{\"@id\":\"https:\\\/\\\/lasentinelle.dz\\\/index.php\\\/2025\\\/09\\\/18\\\/104-morts-dans-ces-accidents-depuis-le-debut-de-septembre-hecatombe-sur-les-routes\\\/\"},\"wordCount\":444,\"commentCount\":0,\"publisher\":{\"@id\":\"https:\\\/\\\/lasentinelle.dz\\\/#organization\"},\"image\":{\"@id\":\"https:\\\/\\\/lasentinelle.dz\\\/index.php\\\/2025\\\/09\\\/18\\\/104-morts-dans-ces-accidents-depuis-le-debut-de-septembre-hecatombe-sur-les-routes\\\/#primaryimage\"},\"thumbnailUrl\":\"https:\\\/\\\/lasentinelle.dz\\\/wp-content\\\/uploads\\\/2022\\\/08\\\/accidents-algerie-1000x600-1.jpg\",\"articleSection\":[\"\u00c0 la Une\",\"Actualit\u00e9\"],\"inLanguage\":\"fr-FR\",\"potentialAction\":[{\"@type\":\"CommentAction\",\"name\":\"Comment\",\"target\":[\"https:\\\/\\\/lasentinelle.dz\\\/index.php\\\/2025\\\/09\\\/18\\\/104-morts-dans-ces-accidents-depuis-le-debut-de-septembre-hecatombe-sur-les-routes\\\/#respond\"]}]},{\"@type\":\"WebPage\",\"@id\":\"https:\\\/\\\/lasentinelle.dz\\\/index.php\\\/2025\\\/09\\\/18\\\/104-morts-dans-ces-accidents-depuis-le-debut-de-septembre-hecatombe-sur-les-routes\\\/\",\"url\":\"https:\\\/\\\/lasentinelle.dz\\\/index.php\\\/2025\\\/09\\\/18\\\/104-morts-dans-ces-accidents-depuis-le-debut-de-septembre-hecatombe-sur-les-routes\\\/\",\"name\":\"104 morts dans ces accidents depuis le d\u00e9but de septembre\u00a0: H\u00e9catombe sur les routes - La Sentinelle\",\"isPartOf\":{\"@id\":\"https:\\\/\\\/lasentinelle.dz\\\/#website\"},\"primaryImageOfPage\":{\"@id\":\"https:\\\/\\\/lasentinelle.dz\\\/index.php\\\/2025\\\/09\\\/18\\\/104-morts-dans-ces-accidents-depuis-le-debut-de-septembre-hecatombe-sur-les-routes\\\/#primaryimage\"},\"image\":{\"@id\":\"https:\\\/\\\/lasentinelle.dz\\\/index.php\\\/2025\\\/09\\\/18\\\/104-morts-dans-ces-accidents-depuis-le-debut-de-septembre-hecatombe-sur-les-routes\\\/#primaryimage\"},\"thumbnailUrl\":\"https:\\\/\\\/lasentinelle.dz\\\/wp-content\\\/uploads\\\/2022\\\/08\\\/accidents-algerie-1000x600-1.jpg\",\"datePublished\":\"2025-09-18T11:42:35+00:00\",\"dateModified\":\"2025-09-21T11:43:21+00:00\",\"breadcrumb\":{\"@id\":\"https:\\\/\\\/lasentinelle.dz\\\/index.php\\\/2025\\\/09\\\/18\\\/104-morts-dans-ces-accidents-depuis-le-debut-de-septembre-hecatombe-sur-les-routes\\\/#breadcrumb\"},\"inLanguage\":\"fr-FR\",\"potentialAction\":[{\"@type\":\"ReadAction\",\"target\":[\"https:\\\/\\\/lasentinelle.dz\\\/index.php\\\/2025\\\/09\\\/18\\\/104-morts-dans-ces-accidents-depuis-le-debut-de-septembre-hecatombe-sur-les-routes\\\/\"]}]},{\"@type\":\"ImageObject\",\"inLanguage\":\"fr-FR\",\"@id\":\"https:\\\/\\\/lasentinelle.dz\\\/index.php\\\/2025\\\/09\\\/18\\\/104-morts-dans-ces-accidents-depuis-le-debut-de-septembre-hecatombe-sur-les-routes\\\/#primaryimage\",\"url\":\"https:\\\/\\\/lasentinelle.dz\\\/wp-content\\\/uploads\\\/2022\\\/08\\\/accidents-algerie-1000x600-1.jpg\",\"contentUrl\":\"https:\\\/\\\/lasentinelle.dz\\\/wp-content\\\/uploads\\\/2022\\\/08\\\/accidents-algerie-1000x600-1.jpg\",\"width\":1000,\"height\":600},{\"@type\":\"BreadcrumbList\",\"@id\":\"https:\\\/\\\/lasentinelle.dz\\\/index.php\\\/2025\\\/09\\\/18\\\/104-morts-dans-ces-accidents-depuis-le-debut-de-septembre-hecatombe-sur-les-routes\\\/#breadcrumb\",\"itemListElement\":[{\"@type\":\"ListItem\",\"position\":1,\"name\":\"Accueil\",\"item\":\"https:\\\/\\\/lasentinelle.dz\\\/\"},{\"@type\":\"ListItem\",\"position\":2,\"name\":\"104 morts dans ces accidents depuis le d\u00e9but de septembre\u00a0: H\u00e9catombe sur les routes\"}]},{\"@type\":\"WebSite\",\"@id\":\"https:\\\/\\\/lasentinelle.dz\\\/#website\",\"url\":\"https:\\\/\\\/lasentinelle.dz\\\/\",\"name\":\"La Sentinelle\",\"description\":\"Quotidien national d&#039;information\",\"publisher\":{\"@id\":\"https:\\\/\\\/lasentinelle.dz\\\/#organization\"},\"potentialAction\":[{\"@type\":\"SearchAction\",\"target\":{\"@type\":\"EntryPoint\",\"urlTemplate\":\"https:\\\/\\\/lasentinelle.dz\\\/?s={search_term_string}\"},\"query-input\":{\"@type\":\"PropertyValueSpecification\",\"valueRequired\":true,\"valueName\":\"search_term_string\"}}],\"inLanguage\":\"fr-FR\"},{\"@type\":\"Organization\",\"@id\":\"https:\\\/\\\/lasentinelle.dz\\\/#organization\",\"name\":\"Quotidien La Sentinelle\",\"url\":\"https:\\\/\\\/lasentinelle.dz\\\/\",\"logo\":{\"@type\":\"ImageObject\",\"inLanguage\":\"fr-FR\",\"@id\":\"https:\\\/\\\/lasentinelle.dz\\\/#\\\/schema\\\/logo\\\/image\\\/\",\"url\":\"https:\\\/\\\/lasentinelle.dz\\\/wp-content\\\/uploads\\\/2021\\\/09\\\/logo-sentinelleSLOGAN-1.png\",\"contentUrl\":\"https:\\\/\\\/lasentinelle.dz\\\/wp-content\\\/uploads\\\/2021\\\/09\\\/logo-sentinelleSLOGAN-1.png\",\"width\":615,\"height\":142,\"caption\":\"Quotidien La Sentinelle\"},\"image\":{\"@id\":\"https:\\\/\\\/lasentinelle.dz\\\/#\\\/schema\\\/logo\\\/image\\\/\"},\"sameAs\":[\"https:\\\/\\\/www.facebook.com\\\/La-Sentinelle-104059864394773\"]},{\"@type\":\"Person\",\"@id\":\"https:\\\/\\\/lasentinelle.dz\\\/#\\\/schema\\\/person\\\/729ee0024f24e0b8c5ec17232f8e8b41\",\"name\":\"admin\",\"image\":{\"@type\":\"ImageObject\",\"inLanguage\":\"fr-FR\",\"@id\":\"https:\\\/\\\/secure.gravatar.com\\\/avatar\\\/4c81fed838786e9b53f540bf46533e750f5d292099ae3b66cfc6fb1982e29df7?s=96&d=mm&r=g\",\"url\":\"https:\\\/\\\/secure.gravatar.com\\\/avatar\\\/4c81fed838786e9b53f540bf46533e750f5d292099ae3b66cfc6fb1982e29df7?s=96&d=mm&r=g\",\"contentUrl\":\"https:\\\/\\\/secure.gravatar.com\\\/avatar\\\/4c81fed838786e9b53f540bf46533e750f5d292099ae3b66cfc6fb1982e29df7?s=96&d=mm&r=g\",\"caption\":\"admin\"},\"description\":\"admin\",\"url\":\"https:\\\/\\\/lasentinelle.dz\\\/author\\\/admin\\\/\"}]}<\/script>\n<!-- \/ Yoast SEO plugin. -->","yoast_head_json":{"title":"104 morts dans ces accidents depuis le d\u00e9but de septembre\u00a0: H\u00e9catombe sur les routes - La Sentinelle","robots":{"index":"index","follow":"follow","max-snippet":"max-snippet:-1","max-image-preview":"max-image-preview:large","max-video-preview":"max-video-preview:-1"},"canonical":"https:\/\/lasentinelle.dz\/index.php\/2025\/09\/18\/104-morts-dans-ces-accidents-depuis-le-debut-de-septembre-hecatombe-sur-les-routes\/","og_locale":"fr_FR","og_type":"article","og_title":"104 morts dans ces accidents depuis le d\u00e9but de septembre\u00a0: H\u00e9catombe sur les routes - La Sentinelle","og_description":"Pas moins de 104 d\u00e9c\u00e8s et plus de 3800 bless\u00e9s recens\u00e9s depuis le d\u00e9but du mois de septembre, r\u00e9v\u00e8le un","og_url":"https:\/\/lasentinelle.dz\/index.php\/2025\/09\/18\/104-morts-dans-ces-accidents-depuis-le-debut-de-septembre-hecatombe-sur-les-routes\/","og_site_name":"La Sentinelle","article_publisher":"https:\/\/www.facebook.com\/La-Sentinelle-104059864394773","article_published_time":"2025-09-18T11:42:35+00:00","article_modified_time":"2025-09-21T11:43:21+00:00","og_image":[{"width":1000,"height":600,"url":"https:\/\/lasentinelle.dz\/wp-content\/uploads\/2022\/08\/accidents-algerie-1000x600-1.jpg","type":"image\/jpeg"}],"author":"admin","twitter_card":"summary_large_image","twitter_misc":{"\u00c9crit par":"admin","Dur\u00e9e de lecture estim\u00e9e":"3 minutes"},"schema":{"@context":"https:\/\/schema.org","@graph":[{"@type":"Article","@id":"https:\/\/lasentinelle.dz\/index.php\/2025\/09\/18\/104-morts-dans-ces-accidents-depuis-le-debut-de-septembre-hecatombe-sur-les-routes\/#article","isPartOf":{"@id":"https:\/\/lasentinelle.dz\/index.php\/2025\/09\/18\/104-morts-dans-ces-accidents-depuis-le-debut-de-septembre-hecatombe-sur-les-routes\/"},"author":{"name":"admin","@id":"https:\/\/lasentinelle.dz\/#\/schema\/person\/729ee0024f24e0b8c5ec17232f8e8b41"},"headline":"104 morts dans ces accidents depuis le d\u00e9but de septembre\u00a0: H\u00e9catombe sur les routes","datePublished":"2025-09-18T11:42:35+00:00","dateModified":"2025-09-21T11:43:21+00:00","mainEntityOfPage":{"@id":"https:\/\/lasentinelle.dz\/index.php\/2025\/09\/18\/104-morts-dans-ces-accidents-depuis-le-debut-de-septembre-hecatombe-sur-les-routes\/"},"wordCount":444,"commentCount":0,"publisher":{"@id":"https:\/\/lasentinelle.dz\/#organization"},"image":{"@id":"https:\/\/lasentinelle.dz\/index.php\/2025\/09\/18\/104-morts-dans-ces-accidents-depuis-le-debut-de-septembre-hecatombe-sur-les-routes\/#primaryimage"},"thumbnailUrl":"https:\/\/lasentinelle.dz\/wp-content\/uploads\/2022\/08\/accidents-algerie-1000x600-1.jpg","articleSection":["\u00c0 la Une","Actualit\u00e9"],"inLanguage":"fr-FR","potentialAction":[{"@type":"CommentAction","name":"Comment","target":["https:\/\/lasentinelle.dz\/index.php\/2025\/09\/18\/104-morts-dans-ces-accidents-depuis-le-debut-de-septembre-hecatombe-sur-les-routes\/#respond"]}]},{"@type":"WebPage","@id":"https:\/\/lasentinelle.dz\/index.php\/2025\/09\/18\/104-morts-dans-ces-accidents-depuis-le-debut-de-septembre-hecatombe-sur-les-routes\/","url":"https:\/\/lasentinelle.dz\/index.php\/2025\/09\/18\/104-morts-dans-ces-accidents-depuis-le-debut-de-septembre-hecatombe-sur-les-routes\/","name":"104 morts dans ces accidents depuis le d\u00e9but de septembre\u00a0: H\u00e9catombe sur les routes - La Sentinelle","isPartOf":{"@id":"https:\/\/lasentinelle.dz\/#website"},"primaryImageOfPage":{"@id":"https:\/\/lasentinelle.dz\/index.php\/2025\/09\/18\/104-morts-dans-ces-accidents-depuis-le-debut-de-septembre-hecatombe-sur-les-routes\/#primaryimage"},"image":{"@id":"https:\/\/lasentinelle.dz\/index.php\/2025\/09\/18\/104-morts-dans-ces-accidents-depuis-le-debut-de-septembre-hecatombe-sur-les-routes\/#primaryimage"},"thumbnailUrl":"https:\/\/lasentinelle.dz\/wp-content\/uploads\/2022\/08\/accidents-algerie-1000x600-1.jpg","datePublished":"2025-09-18T11:42:35+00:00","dateModified":"2025-09-21T11:43:21+00:00","breadcrumb":{"@id":"https:\/\/lasentinelle.dz\/index.php\/2025\/09\/18\/104-morts-dans-ces-accidents-depuis-le-debut-de-septembre-hecatombe-sur-les-routes\/#breadcrumb"},"inLanguage":"fr-FR","potentialAction":[{"@type":"ReadAction","target":["https:\/\/lasentinelle.dz\/index.php\/2025\/09\/18\/104-morts-dans-ces-accidents-depuis-le-debut-de-septembre-hecatombe-sur-les-routes\/"]}]},{"@type":"ImageObject","inLanguage":"fr-FR","@id":"https:\/\/lasentinelle.dz\/index.php\/2025\/09\/18\/104-morts-dans-ces-accidents-depuis-le-debut-de-septembre-hecatombe-sur-les-routes\/#primaryimage","url":"https:\/\/lasentinelle.dz\/wp-content\/uploads\/2022\/08\/accidents-algerie-1000x600-1.jpg","contentUrl":"https:\/\/lasentinelle.dz\/wp-content\/uploads\/2022\/08\/accidents-algerie-1000x600-1.jpg","width":1000,"height":600},{"@type":"BreadcrumbList","@id":"https:\/\/lasentinelle.dz\/index.php\/2025\/09\/18\/104-morts-dans-ces-accidents-depuis-le-debut-de-septembre-hecatombe-sur-les-routes\/#breadcrumb","itemListElement":[{"@type":"ListItem","position":1,"name":"Accueil","item":"https:\/\/lasentinelle.dz\/"},{"@type":"ListItem","position":2,"name":"104 morts dans ces accidents depuis le d\u00e9but de septembre\u00a0: H\u00e9catombe sur les routes"}]},{"@type":"WebSite","@id":"https:\/\/lasentinelle.dz\/#website","url":"https:\/\/lasentinelle.dz\/","name":"La Sentinelle","description":"Quotidien national d&#039;information","publisher":{"@id":"https:\/\/lasentinelle.dz\/#organization"},"potentialAction":[{"@type":"SearchAction","target":{"@type":"EntryPoint","urlTemplate":"https:\/\/lasentinelle.dz\/?s={search_term_string}"},"query-input":{"@type":"PropertyValueSpecification","valueRequired":true,"valueName":"search_term_string"}}],"inLanguage":"fr-FR"},{"@type":"Organization","@id":"https:\/\/lasentinelle.dz\/#organization","name":"Quotidien La Sentinelle","url":"https:\/\/lasentinelle.dz\/","logo":{"@type":"ImageObject","inLanguage":"fr-FR","@id":"https:\/\/lasentinelle.dz\/#\/schema\/logo\/image\/","url":"https:\/\/lasentinelle.dz\/wp-content\/uploads\/2021\/09\/logo-sentinelleSLOGAN-1.png","contentUrl":"https:\/\/lasentinelle.dz\/wp-content\/uploads\/2021\/09\/logo-sentinelleSLOGAN-1.png","width":615,"height":142,"caption":"Quotidien La Sentinelle"},"image":{"@id":"https:\/\/lasentinelle.dz\/#\/schema\/logo\/image\/"},"sameAs":["https:\/\/www.facebook.com\/La-Sentinelle-104059864394773"]},{"@type":"Person","@id":"https:\/\/lasentinelle.dz\/#\/schema\/person\/729ee0024f24e0b8c5ec17232f8e8b41","name":"admin","image":{"@type":"ImageObject","inLanguage":"fr-FR","@id":"https:\/\/secure.gravatar.com\/avatar\/4c81fed838786e9b53f540bf46533e750f5d292099ae3b66cfc6fb1982e29df7?s=96&d=mm&r=g","url":"https:\/\/secure.gravatar.com\/avatar\/4c81fed838786e9b53f540bf46533e750f5d292099ae3b66cfc6fb1982e29df7?s=96&d=mm&r=g","contentUrl":"https:\/\/secure.gravatar.com\/avatar\/4c81fed838786e9b53f540bf46533e750f5d292099ae3b66cfc6fb1982e29df7?s=96&d=mm&r=g","caption":"admin"},"description":"admin","url":"https:\/\/lasentinelle.dz\/author\/admin\/"}]}},"_links":{"self":[{"href":"https:\/\/lasentinelle.dz\/index.php\/wp-json\/wp\/v2\/posts\/73568","targetHints":{"allow":["GET"]}}],"collection":[{"href":"https:\/\/lasentinelle.dz\/index.php\/wp-json\/wp\/v2\/posts"}],"about":[{"href":"https:\/\/lasentinelle.dz\/index.php\/wp-json\/wp\/v2\/types\/post"}],"author":[{"embeddable":true,"href":"https:\/\/lasentinelle.dz\/index.php\/wp-json\/wp\/v2\/users\/6"}],"replies":[{"embeddable":true,"href":"https:\/\/lasentinelle.dz\/index.php\/wp-json\/wp\/v2\/comments?post=73568"}],"version-history":[{"count":1,"href":"https:\/\/lasentinelle.dz\/index.php\/wp-json\/wp\/v2\/posts\/73568\/revisions"}],"predecessor-version":[{"id":73569,"href":"https:\/\/lasentinelle.dz\/index.php\/wp-json\/wp\/v2\/posts\/73568\/revisions\/73569"}],"wp:featuredmedia":[{"embeddable":true,"href":"https:\/\/lasentinelle.dz\/index.php\/wp-json\/wp\/v2\/media\/25727"}],"wp:attachment":[{"href":"https:\/\/lasentinelle.dz\/index.php\/wp-json\/wp\/v2\/media?parent=73568"}],"wp:term":[{"taxonomy":"category","embeddable":true,"href":"https:\/\/lasentinelle.dz\/index.php\/wp-json\/wp\/v2\/categories?post=73568"},{"taxonomy":"post_tag","embeddable":true,"href":"https:\/\/lasentinelle.dz\/index.php\/wp-json\/wp\/v2\/tags?post=73568"}],"curies":[{"name":"wp","href":"https:\/\/api.w.org\/{rel}","templated":true}]}}