{"id":7395,"date":"2021-09-12T00:01:00","date_gmt":"2021-09-11T23:01:00","guid":{"rendered":"https:\/\/lasentinelle.dz\/?p=7395"},"modified":"2021-09-11T17:49:31","modified_gmt":"2021-09-11T16:49:31","slug":"port-doran-reception-du-projet-delargissement-du-terminal-a-conteneurs-en-octobre","status":"publish","type":"post","link":"https:\/\/lasentinelle.dz\/index.php\/2021\/09\/12\/port-doran-reception-du-projet-delargissement-du-terminal-a-conteneurs-en-octobre\/","title":{"rendered":"Port d\u2019Oran : R\u00e9ception du projet d\u2019\u00e9largissement du terminal \u00e0 conteneurs en octobre"},"content":{"rendered":"\n<p>Les travaux d\u2019\u00e9largissement du terminal r\u00e9serv\u00e9 aux conteneurs au niveau du port d\u2019Oran sont en phase de livraison, selon la directrice des travaux publics de la wilaya d\u2019Oran, Mme Mokdad Djamila qui a expliqu\u00e9 que ce projet impulsera sans nul doute une nouvelle dynamique au mouvement des marchandises. La m\u00eame responsable a en effet expliqu\u00e9 hier que ce projet qui est atteint un taux d\u2019avancement des travaux de 98% sera r\u00e9ceptionn\u00e9 au plus tard au mois d\u2019octobre prochain. Mokdad Djamila a ainsi estim\u00e9 que ce projet d\u2019\u00e9largissement du terminal des conteneurs dont les travaux des gros \u0153uvres ont d\u00e9j\u00e0 pris fin permettra \u00e0 sa r\u00e9ception&nbsp; au port d\u2019Oran de se hisser aux normes pr\u00e9valant \u00e0 l\u2019international avec en plus une am\u00e9lioration de la qualit\u00e9 des prestations et des services.<\/p>\n\n\n\n<p>Au chapitre des capacit\u00e9s de cette infrastructure de base importante pour la dynamique \u00e9conomique national en g\u00e9n\u00e9ral, le directeur g\u00e9n\u00e9ral de l\u2019entreprise des ports d\u2019Oran, Moukhtar Kouraba,&nbsp; a fait savoir qu\u2019\u00e0 la r\u00e9ception du terminal, les capacit\u00e9s d\u2019accueil passeront au traitement de quelque500 conteneurs annuellement en attendant de passer, dans les prochaines ann\u00e9es, \u00e0 un million de conteneur trait\u00e9s.&nbsp; Le m\u00eame responsable pr\u00e9cisera que le port d\u2019Oran pourra d\u00e9sormais accueillir les grands navires dont notamment dont la capacit\u00e9 de transport est situ\u00e9e entre 4 000 \u00e0 8 000 conteneurs.<\/p>\n\n\n\n<p>Par ailleurs, il est \u00e0 rappeler que les travaux de ce projet, qui ont n\u00e9cessit\u00e9 la mobilisation d\u2019une enveloppe financi\u00e8re de douze millions de dinars, ont concern\u00e9 notamment le rechargement des eaux sur une superficie de 16,5 hectares pour atteindre une superficie totale de 24 hectares. Un nouveau quai d\u2019une longueur de 460 m\u00e8tres et d\u2019une profondeur de 14 m\u00e8tres a \u00e9galement \u00e9t\u00e9 r\u00e9alis\u00e9 selon les normes internationales en vigueur dans les ports de la m\u00e9diterran\u00e9e.&nbsp; Parall\u00e8lement \u00e0 ces travaux, l\u2019entreprise des ports d\u2019Oran, ajoute Moukhtar Kouraba,&nbsp; a r\u00e9alis\u00e9 d\u2019autres infrastructures qui ont n\u00e9cessit\u00e9 la mobilisation d\u2019une enveloppe financi\u00e8re de 300 millions de dinars pour la r\u00e9alisation de l\u2019\u00e9clairage public en plus du si\u00e8ge administratif de la soci\u00e9t\u00e9 en charge de la gestion du terminal r\u00e9serv\u00e9s aux conteneurs ainsi qu\u2019un atelier technique.<\/p>\n\n\n\n<p>Enfin, parall\u00e8lement \u00e0 la r\u00e9alisation de ces infrastructures de base, le port d\u2019Oran sera renforc\u00e9 par deux grues acquises r\u00e9cemment dans l\u2019objectif de d\u00e9charger les conteneurs des gros navires ainsi que sept autres engins de transport destin\u00e9s \u00e0 l\u2019acheminement des conteneurs du quai vers le terminal r\u00e9serv\u00e9.&nbsp; Ce mat\u00e9riel acquis, expliquent le m\u00eame responsable, permettra d\u2019impulser une plus grande dynamique \u00e0 l\u2019activit\u00e9 portuaire et \u00e0 l\u2019entreprise.&nbsp; Il faut rappeler par ailleurs que l&rsquo;activit\u00e9 portuaire a connu une croissance de 3% durant les sept premiers mois de l&rsquo;ann\u00e9e 2021, selon Hassane Nekrourou, directeur de d\u00e9veloppement du groupe Serport qui affirmait jeudi \u00e0 la radio nationale que \u00ab\u00a0l&rsquo;\u00e9largissements des ports et l&rsquo;am\u00e9lioration des services entre dans le cadre de l&rsquo;adaptation de ces infrastructures aux objectifs du nouveau plan national de d\u00e9veloppement qui repose essentiellement sur ce genre d&rsquo;infrastructures\u00a0\u00bb.<\/p>\n\n\n\n<p><strong>Akli Amor<\/strong><\/p>\n","protected":false},"excerpt":{"rendered":"<p>Les travaux d\u2019\u00e9largissement du terminal r\u00e9serv\u00e9 aux conteneurs au niveau du port d\u2019Oran sont en phase de livraison, selon la<\/p>\n","protected":false},"author":3,"featured_media":7419,"comment_status":"open","ping_status":"closed","sticky":false,"template":"","format":"standard","meta":{"colormag_page_container_layout":"default_layout","colormag_page_sidebar_layout":"default_layout","om_disable_all_campaigns":false,"_monsterinsights_skip_tracking":false,"_monsterinsights_sitenote_active":false,"_monsterinsights_sitenote_note":"","_monsterinsights_sitenote_category":0,"footnotes":"","_wpscppro_dont_share_socialmedia":false,"_wpscppro_custom_social_share_image":0,"_facebook_share_type":"","_twitter_share_type":"","_linkedin_share_type":"","_pinterest_share_type":"","_linkedin_share_type_page":"","_instagram_share_type":"","_medium_share_type":"","_threads_share_type":"","_google_business_share_type":"","_selected_social_profile":[],"_wpsp_enable_custom_social_template":false,"_wpsp_social_scheduling":{"enabled":false,"datetime":null,"platforms":[],"status":"template_only","dateOption":"today","timeOption":"now","customDays":"","customHours":"","customDate":"","customTime":"","schedulingType":"absolute"},"_wpsp_active_default_template":true},"categories":[29],"tags":[],"class_list":["post-7395","post","type-post","status-publish","format-standard","has-post-thumbnail","hentry","category-economie"],"aioseo_notices":[],"yoast_head":"<!-- This site is optimized with the Yoast SEO plugin v27.5 - https:\/\/yoast.com\/product\/yoast-seo-wordpress\/ -->\n<title>Port d\u2019Oran : R\u00e9ception du projet d\u2019\u00e9largissement du terminal \u00e0 conteneurs en octobre - La Sentinelle<\/title>\n<meta name=\"robots\" content=\"index, follow, max-snippet:-1, max-image-preview:large, max-video-preview:-1\" \/>\n<link rel=\"canonical\" href=\"https:\/\/lasentinelle.dz\/index.php\/2021\/09\/12\/port-doran-reception-du-projet-delargissement-du-terminal-a-conteneurs-en-octobre\/\" \/>\n<meta property=\"og:locale\" content=\"fr_FR\" \/>\n<meta property=\"og:type\" content=\"article\" \/>\n<meta property=\"og:title\" content=\"Port d\u2019Oran : R\u00e9ception du projet d\u2019\u00e9largissement du terminal \u00e0 conteneurs en octobre - La Sentinelle\" \/>\n<meta property=\"og:description\" content=\"Les travaux d\u2019\u00e9largissement du terminal r\u00e9serv\u00e9 aux conteneurs au niveau du port d\u2019Oran sont en phase de livraison, selon la\" \/>\n<meta property=\"og:url\" content=\"https:\/\/lasentinelle.dz\/index.php\/2021\/09\/12\/port-doran-reception-du-projet-delargissement-du-terminal-a-conteneurs-en-octobre\/\" \/>\n<meta property=\"og:site_name\" content=\"La Sentinelle\" \/>\n<meta property=\"article:publisher\" content=\"https:\/\/www.facebook.com\/La-Sentinelle-104059864394773\" \/>\n<meta property=\"article:published_time\" content=\"2021-09-11T23:01:00+00:00\" \/>\n<meta property=\"og:image\" content=\"https:\/\/lasentinelle.dz\/wp-content\/uploads\/2021\/09\/image_2021-09-11_174923.png\" \/>\n\t<meta property=\"og:image:width\" content=\"620\" \/>\n\t<meta property=\"og:image:height\" content=\"413\" \/>\n\t<meta property=\"og:image:type\" content=\"image\/png\" \/>\n<meta name=\"author\" content=\"La Sentinelle\" \/>\n<meta name=\"twitter:card\" content=\"summary_large_image\" \/>\n<meta name=\"twitter:label1\" content=\"\u00c9crit par\" \/>\n\t<meta name=\"twitter:data1\" content=\"La Sentinelle\" \/>\n\t<meta name=\"twitter:label2\" content=\"Dur\u00e9e de lecture estim\u00e9e\" \/>\n\t<meta name=\"twitter:data2\" content=\"3 minutes\" \/>\n<script type=\"application\/ld+json\" class=\"yoast-schema-graph\">{\"@context\":\"https:\\\/\\\/schema.org\",\"@graph\":[{\"@type\":\"Article\",\"@id\":\"https:\\\/\\\/lasentinelle.dz\\\/index.php\\\/2021\\\/09\\\/12\\\/port-doran-reception-du-projet-delargissement-du-terminal-a-conteneurs-en-octobre\\\/#article\",\"isPartOf\":{\"@id\":\"https:\\\/\\\/lasentinelle.dz\\\/index.php\\\/2021\\\/09\\\/12\\\/port-doran-reception-du-projet-delargissement-du-terminal-a-conteneurs-en-octobre\\\/\"},\"author\":{\"name\":\"La Sentinelle\",\"@id\":\"https:\\\/\\\/lasentinelle.dz\\\/#\\\/schema\\\/person\\\/d865044e22e70a75174ce8bcad3acfb3\"},\"headline\":\"Port d\u2019Oran : R\u00e9ception du projet d\u2019\u00e9largissement du terminal \u00e0 conteneurs en octobre\",\"datePublished\":\"2021-09-11T23:01:00+00:00\",\"mainEntityOfPage\":{\"@id\":\"https:\\\/\\\/lasentinelle.dz\\\/index.php\\\/2021\\\/09\\\/12\\\/port-doran-reception-du-projet-delargissement-du-terminal-a-conteneurs-en-octobre\\\/\"},\"wordCount\":567,\"commentCount\":0,\"publisher\":{\"@id\":\"https:\\\/\\\/lasentinelle.dz\\\/#organization\"},\"image\":{\"@id\":\"https:\\\/\\\/lasentinelle.dz\\\/index.php\\\/2021\\\/09\\\/12\\\/port-doran-reception-du-projet-delargissement-du-terminal-a-conteneurs-en-octobre\\\/#primaryimage\"},\"thumbnailUrl\":\"https:\\\/\\\/lasentinelle.dz\\\/wp-content\\\/uploads\\\/2021\\\/09\\\/image_2021-09-11_174923.png\",\"articleSection\":[\"\u00c9conomie\"],\"inLanguage\":\"fr-FR\",\"potentialAction\":[{\"@type\":\"CommentAction\",\"name\":\"Comment\",\"target\":[\"https:\\\/\\\/lasentinelle.dz\\\/index.php\\\/2021\\\/09\\\/12\\\/port-doran-reception-du-projet-delargissement-du-terminal-a-conteneurs-en-octobre\\\/#respond\"]}]},{\"@type\":\"WebPage\",\"@id\":\"https:\\\/\\\/lasentinelle.dz\\\/index.php\\\/2021\\\/09\\\/12\\\/port-doran-reception-du-projet-delargissement-du-terminal-a-conteneurs-en-octobre\\\/\",\"url\":\"https:\\\/\\\/lasentinelle.dz\\\/index.php\\\/2021\\\/09\\\/12\\\/port-doran-reception-du-projet-delargissement-du-terminal-a-conteneurs-en-octobre\\\/\",\"name\":\"Port d\u2019Oran : R\u00e9ception du projet d\u2019\u00e9largissement du terminal \u00e0 conteneurs en octobre - La Sentinelle\",\"isPartOf\":{\"@id\":\"https:\\\/\\\/lasentinelle.dz\\\/#website\"},\"primaryImageOfPage\":{\"@id\":\"https:\\\/\\\/lasentinelle.dz\\\/index.php\\\/2021\\\/09\\\/12\\\/port-doran-reception-du-projet-delargissement-du-terminal-a-conteneurs-en-octobre\\\/#primaryimage\"},\"image\":{\"@id\":\"https:\\\/\\\/lasentinelle.dz\\\/index.php\\\/2021\\\/09\\\/12\\\/port-doran-reception-du-projet-delargissement-du-terminal-a-conteneurs-en-octobre\\\/#primaryimage\"},\"thumbnailUrl\":\"https:\\\/\\\/lasentinelle.dz\\\/wp-content\\\/uploads\\\/2021\\\/09\\\/image_2021-09-11_174923.png\",\"datePublished\":\"2021-09-11T23:01:00+00:00\",\"breadcrumb\":{\"@id\":\"https:\\\/\\\/lasentinelle.dz\\\/index.php\\\/2021\\\/09\\\/12\\\/port-doran-reception-du-projet-delargissement-du-terminal-a-conteneurs-en-octobre\\\/#breadcrumb\"},\"inLanguage\":\"fr-FR\",\"potentialAction\":[{\"@type\":\"ReadAction\",\"target\":[\"https:\\\/\\\/lasentinelle.dz\\\/index.php\\\/2021\\\/09\\\/12\\\/port-doran-reception-du-projet-delargissement-du-terminal-a-conteneurs-en-octobre\\\/\"]}]},{\"@type\":\"ImageObject\",\"inLanguage\":\"fr-FR\",\"@id\":\"https:\\\/\\\/lasentinelle.dz\\\/index.php\\\/2021\\\/09\\\/12\\\/port-doran-reception-du-projet-delargissement-du-terminal-a-conteneurs-en-octobre\\\/#primaryimage\",\"url\":\"https:\\\/\\\/lasentinelle.dz\\\/wp-content\\\/uploads\\\/2021\\\/09\\\/image_2021-09-11_174923.png\",\"contentUrl\":\"https:\\\/\\\/lasentinelle.dz\\\/wp-content\\\/uploads\\\/2021\\\/09\\\/image_2021-09-11_174923.png\",\"width\":620,\"height\":413},{\"@type\":\"BreadcrumbList\",\"@id\":\"https:\\\/\\\/lasentinelle.dz\\\/index.php\\\/2021\\\/09\\\/12\\\/port-doran-reception-du-projet-delargissement-du-terminal-a-conteneurs-en-octobre\\\/#breadcrumb\",\"itemListElement\":[{\"@type\":\"ListItem\",\"position\":1,\"name\":\"Accueil\",\"item\":\"https:\\\/\\\/lasentinelle.dz\\\/\"},{\"@type\":\"ListItem\",\"position\":2,\"name\":\"Port d\u2019Oran : R\u00e9ception du projet d\u2019\u00e9largissement du terminal \u00e0 conteneurs en octobre\"}]},{\"@type\":\"WebSite\",\"@id\":\"https:\\\/\\\/lasentinelle.dz\\\/#website\",\"url\":\"https:\\\/\\\/lasentinelle.dz\\\/\",\"name\":\"La Sentinelle\",\"description\":\"Quotidien national d&#039;information\",\"publisher\":{\"@id\":\"https:\\\/\\\/lasentinelle.dz\\\/#organization\"},\"potentialAction\":[{\"@type\":\"SearchAction\",\"target\":{\"@type\":\"EntryPoint\",\"urlTemplate\":\"https:\\\/\\\/lasentinelle.dz\\\/?s={search_term_string}\"},\"query-input\":{\"@type\":\"PropertyValueSpecification\",\"valueRequired\":true,\"valueName\":\"search_term_string\"}}],\"inLanguage\":\"fr-FR\"},{\"@type\":\"Organization\",\"@id\":\"https:\\\/\\\/lasentinelle.dz\\\/#organization\",\"name\":\"Quotidien La Sentinelle\",\"url\":\"https:\\\/\\\/lasentinelle.dz\\\/\",\"logo\":{\"@type\":\"ImageObject\",\"inLanguage\":\"fr-FR\",\"@id\":\"https:\\\/\\\/lasentinelle.dz\\\/#\\\/schema\\\/logo\\\/image\\\/\",\"url\":\"https:\\\/\\\/lasentinelle.dz\\\/wp-content\\\/uploads\\\/2021\\\/09\\\/logo-sentinelleSLOGAN-1.png\",\"contentUrl\":\"https:\\\/\\\/lasentinelle.dz\\\/wp-content\\\/uploads\\\/2021\\\/09\\\/logo-sentinelleSLOGAN-1.png\",\"width\":615,\"height\":142,\"caption\":\"Quotidien La Sentinelle\"},\"image\":{\"@id\":\"https:\\\/\\\/lasentinelle.dz\\\/#\\\/schema\\\/logo\\\/image\\\/\"},\"sameAs\":[\"https:\\\/\\\/www.facebook.com\\\/La-Sentinelle-104059864394773\"]},{\"@type\":\"Person\",\"@id\":\"https:\\\/\\\/lasentinelle.dz\\\/#\\\/schema\\\/person\\\/d865044e22e70a75174ce8bcad3acfb3\",\"name\":\"La Sentinelle\",\"image\":{\"@type\":\"ImageObject\",\"inLanguage\":\"fr-FR\",\"@id\":\"https:\\\/\\\/secure.gravatar.com\\\/avatar\\\/57de8e5d4b15d43fb361a71fbb36338450fe67865b528a43dd10ef7c51a20392?s=96&d=mm&r=g\",\"url\":\"https:\\\/\\\/secure.gravatar.com\\\/avatar\\\/57de8e5d4b15d43fb361a71fbb36338450fe67865b528a43dd10ef7c51a20392?s=96&d=mm&r=g\",\"contentUrl\":\"https:\\\/\\\/secure.gravatar.com\\\/avatar\\\/57de8e5d4b15d43fb361a71fbb36338450fe67865b528a43dd10ef7c51a20392?s=96&d=mm&r=g\",\"caption\":\"La Sentinelle\"},\"sameAs\":[\"http:\\\/\\\/www.lasentinelle.dz\"],\"url\":\"https:\\\/\\\/lasentinelle.dz\\\/author\\\/redaction\\\/\"}]}<\/script>\n<!-- \/ Yoast SEO plugin. -->","yoast_head_json":{"title":"Port d\u2019Oran : R\u00e9ception du projet d\u2019\u00e9largissement du terminal \u00e0 conteneurs en octobre - La Sentinelle","robots":{"index":"index","follow":"follow","max-snippet":"max-snippet:-1","max-image-preview":"max-image-preview:large","max-video-preview":"max-video-preview:-1"},"canonical":"https:\/\/lasentinelle.dz\/index.php\/2021\/09\/12\/port-doran-reception-du-projet-delargissement-du-terminal-a-conteneurs-en-octobre\/","og_locale":"fr_FR","og_type":"article","og_title":"Port d\u2019Oran : R\u00e9ception du projet d\u2019\u00e9largissement du terminal \u00e0 conteneurs en octobre - La Sentinelle","og_description":"Les travaux d\u2019\u00e9largissement du terminal r\u00e9serv\u00e9 aux conteneurs au niveau du port d\u2019Oran sont en phase de livraison, selon la","og_url":"https:\/\/lasentinelle.dz\/index.php\/2021\/09\/12\/port-doran-reception-du-projet-delargissement-du-terminal-a-conteneurs-en-octobre\/","og_site_name":"La Sentinelle","article_publisher":"https:\/\/www.facebook.com\/La-Sentinelle-104059864394773","article_published_time":"2021-09-11T23:01:00+00:00","og_image":[{"width":620,"height":413,"url":"https:\/\/lasentinelle.dz\/wp-content\/uploads\/2021\/09\/image_2021-09-11_174923.png","type":"image\/png"}],"author":"La Sentinelle","twitter_card":"summary_large_image","twitter_misc":{"\u00c9crit par":"La Sentinelle","Dur\u00e9e de lecture estim\u00e9e":"3 minutes"},"schema":{"@context":"https:\/\/schema.org","@graph":[{"@type":"Article","@id":"https:\/\/lasentinelle.dz\/index.php\/2021\/09\/12\/port-doran-reception-du-projet-delargissement-du-terminal-a-conteneurs-en-octobre\/#article","isPartOf":{"@id":"https:\/\/lasentinelle.dz\/index.php\/2021\/09\/12\/port-doran-reception-du-projet-delargissement-du-terminal-a-conteneurs-en-octobre\/"},"author":{"name":"La Sentinelle","@id":"https:\/\/lasentinelle.dz\/#\/schema\/person\/d865044e22e70a75174ce8bcad3acfb3"},"headline":"Port d\u2019Oran : R\u00e9ception du projet d\u2019\u00e9largissement du terminal \u00e0 conteneurs en octobre","datePublished":"2021-09-11T23:01:00+00:00","mainEntityOfPage":{"@id":"https:\/\/lasentinelle.dz\/index.php\/2021\/09\/12\/port-doran-reception-du-projet-delargissement-du-terminal-a-conteneurs-en-octobre\/"},"wordCount":567,"commentCount":0,"publisher":{"@id":"https:\/\/lasentinelle.dz\/#organization"},"image":{"@id":"https:\/\/lasentinelle.dz\/index.php\/2021\/09\/12\/port-doran-reception-du-projet-delargissement-du-terminal-a-conteneurs-en-octobre\/#primaryimage"},"thumbnailUrl":"https:\/\/lasentinelle.dz\/wp-content\/uploads\/2021\/09\/image_2021-09-11_174923.png","articleSection":["\u00c9conomie"],"inLanguage":"fr-FR","potentialAction":[{"@type":"CommentAction","name":"Comment","target":["https:\/\/lasentinelle.dz\/index.php\/2021\/09\/12\/port-doran-reception-du-projet-delargissement-du-terminal-a-conteneurs-en-octobre\/#respond"]}]},{"@type":"WebPage","@id":"https:\/\/lasentinelle.dz\/index.php\/2021\/09\/12\/port-doran-reception-du-projet-delargissement-du-terminal-a-conteneurs-en-octobre\/","url":"https:\/\/lasentinelle.dz\/index.php\/2021\/09\/12\/port-doran-reception-du-projet-delargissement-du-terminal-a-conteneurs-en-octobre\/","name":"Port d\u2019Oran : R\u00e9ception du projet d\u2019\u00e9largissement du terminal \u00e0 conteneurs en octobre - La Sentinelle","isPartOf":{"@id":"https:\/\/lasentinelle.dz\/#website"},"primaryImageOfPage":{"@id":"https:\/\/lasentinelle.dz\/index.php\/2021\/09\/12\/port-doran-reception-du-projet-delargissement-du-terminal-a-conteneurs-en-octobre\/#primaryimage"},"image":{"@id":"https:\/\/lasentinelle.dz\/index.php\/2021\/09\/12\/port-doran-reception-du-projet-delargissement-du-terminal-a-conteneurs-en-octobre\/#primaryimage"},"thumbnailUrl":"https:\/\/lasentinelle.dz\/wp-content\/uploads\/2021\/09\/image_2021-09-11_174923.png","datePublished":"2021-09-11T23:01:00+00:00","breadcrumb":{"@id":"https:\/\/lasentinelle.dz\/index.php\/2021\/09\/12\/port-doran-reception-du-projet-delargissement-du-terminal-a-conteneurs-en-octobre\/#breadcrumb"},"inLanguage":"fr-FR","potentialAction":[{"@type":"ReadAction","target":["https:\/\/lasentinelle.dz\/index.php\/2021\/09\/12\/port-doran-reception-du-projet-delargissement-du-terminal-a-conteneurs-en-octobre\/"]}]},{"@type":"ImageObject","inLanguage":"fr-FR","@id":"https:\/\/lasentinelle.dz\/index.php\/2021\/09\/12\/port-doran-reception-du-projet-delargissement-du-terminal-a-conteneurs-en-octobre\/#primaryimage","url":"https:\/\/lasentinelle.dz\/wp-content\/uploads\/2021\/09\/image_2021-09-11_174923.png","contentUrl":"https:\/\/lasentinelle.dz\/wp-content\/uploads\/2021\/09\/image_2021-09-11_174923.png","width":620,"height":413},{"@type":"BreadcrumbList","@id":"https:\/\/lasentinelle.dz\/index.php\/2021\/09\/12\/port-doran-reception-du-projet-delargissement-du-terminal-a-conteneurs-en-octobre\/#breadcrumb","itemListElement":[{"@type":"ListItem","position":1,"name":"Accueil","item":"https:\/\/lasentinelle.dz\/"},{"@type":"ListItem","position":2,"name":"Port d\u2019Oran : R\u00e9ception du projet d\u2019\u00e9largissement du terminal \u00e0 conteneurs en octobre"}]},{"@type":"WebSite","@id":"https:\/\/lasentinelle.dz\/#website","url":"https:\/\/lasentinelle.dz\/","name":"La Sentinelle","description":"Quotidien national d&#039;information","publisher":{"@id":"https:\/\/lasentinelle.dz\/#organization"},"potentialAction":[{"@type":"SearchAction","target":{"@type":"EntryPoint","urlTemplate":"https:\/\/lasentinelle.dz\/?s={search_term_string}"},"query-input":{"@type":"PropertyValueSpecification","valueRequired":true,"valueName":"search_term_string"}}],"inLanguage":"fr-FR"},{"@type":"Organization","@id":"https:\/\/lasentinelle.dz\/#organization","name":"Quotidien La Sentinelle","url":"https:\/\/lasentinelle.dz\/","logo":{"@type":"ImageObject","inLanguage":"fr-FR","@id":"https:\/\/lasentinelle.dz\/#\/schema\/logo\/image\/","url":"https:\/\/lasentinelle.dz\/wp-content\/uploads\/2021\/09\/logo-sentinelleSLOGAN-1.png","contentUrl":"https:\/\/lasentinelle.dz\/wp-content\/uploads\/2021\/09\/logo-sentinelleSLOGAN-1.png","width":615,"height":142,"caption":"Quotidien La Sentinelle"},"image":{"@id":"https:\/\/lasentinelle.dz\/#\/schema\/logo\/image\/"},"sameAs":["https:\/\/www.facebook.com\/La-Sentinelle-104059864394773"]},{"@type":"Person","@id":"https:\/\/lasentinelle.dz\/#\/schema\/person\/d865044e22e70a75174ce8bcad3acfb3","name":"La Sentinelle","image":{"@type":"ImageObject","inLanguage":"fr-FR","@id":"https:\/\/secure.gravatar.com\/avatar\/57de8e5d4b15d43fb361a71fbb36338450fe67865b528a43dd10ef7c51a20392?s=96&d=mm&r=g","url":"https:\/\/secure.gravatar.com\/avatar\/57de8e5d4b15d43fb361a71fbb36338450fe67865b528a43dd10ef7c51a20392?s=96&d=mm&r=g","contentUrl":"https:\/\/secure.gravatar.com\/avatar\/57de8e5d4b15d43fb361a71fbb36338450fe67865b528a43dd10ef7c51a20392?s=96&d=mm&r=g","caption":"La Sentinelle"},"sameAs":["http:\/\/www.lasentinelle.dz"],"url":"https:\/\/lasentinelle.dz\/author\/redaction\/"}]}},"_links":{"self":[{"href":"https:\/\/lasentinelle.dz\/index.php\/wp-json\/wp\/v2\/posts\/7395","targetHints":{"allow":["GET"]}}],"collection":[{"href":"https:\/\/lasentinelle.dz\/index.php\/wp-json\/wp\/v2\/posts"}],"about":[{"href":"https:\/\/lasentinelle.dz\/index.php\/wp-json\/wp\/v2\/types\/post"}],"author":[{"embeddable":true,"href":"https:\/\/lasentinelle.dz\/index.php\/wp-json\/wp\/v2\/users\/3"}],"replies":[{"embeddable":true,"href":"https:\/\/lasentinelle.dz\/index.php\/wp-json\/wp\/v2\/comments?post=7395"}],"version-history":[{"count":1,"href":"https:\/\/lasentinelle.dz\/index.php\/wp-json\/wp\/v2\/posts\/7395\/revisions"}],"predecessor-version":[{"id":7420,"href":"https:\/\/lasentinelle.dz\/index.php\/wp-json\/wp\/v2\/posts\/7395\/revisions\/7420"}],"wp:featuredmedia":[{"embeddable":true,"href":"https:\/\/lasentinelle.dz\/index.php\/wp-json\/wp\/v2\/media\/7419"}],"wp:attachment":[{"href":"https:\/\/lasentinelle.dz\/index.php\/wp-json\/wp\/v2\/media?parent=7395"}],"wp:term":[{"taxonomy":"category","embeddable":true,"href":"https:\/\/lasentinelle.dz\/index.php\/wp-json\/wp\/v2\/categories?post=7395"},{"taxonomy":"post_tag","embeddable":true,"href":"https:\/\/lasentinelle.dz\/index.php\/wp-json\/wp\/v2\/tags?post=7395"}],"curies":[{"name":"wp","href":"https:\/\/api.w.org\/{rel}","templated":true}]}}