{"id":740,"date":"2021-06-07T15:28:08","date_gmt":"2021-06-07T14:28:08","guid":{"rendered":"https:\/\/lasentinelle.dz\/?p=740"},"modified":"2021-06-07T15:37:48","modified_gmt":"2021-06-07T14:37:48","slug":"jra-wahdou-ja-deuxieme","status":"publish","type":"post","link":"https:\/\/lasentinelle.dz\/index.php\/2021\/06\/07\/jra-wahdou-ja-deuxieme\/","title":{"rendered":"\u00abJ\u2019ra wahdou, Ja deuxi\u00e8me !\u00bb"},"content":{"rendered":"\n<p><\/p>\n\n\n\n<figure class=\"wp-block-table\"><table><tbody><tr><td>A<\/td><\/tr><\/tbody><\/table><\/figure>\n\n\n\n<p>Awwwww ! \u00c7a arrive ces trucs-l\u00e0, courir tout seul pour arriver deuxi\u00e8me ? On peut le faire ? L\u00e0 je suis vraiment perdu. Perdu de voir certains \u00abd\u00e9mocrates\u00bb s\u2019interroger si les islamistes auront la majorit\u00e9 parlementaire ! Selon un ami sp\u00e9cialiste en parlement et suiveur inv\u00e9t\u00e9r\u00e9 de Zitout, il est peu probable qu\u2019il reste des si\u00e8ges au palais de Zighoud Youcef pour tout le monde, pas m\u00eame des strapontins et que m\u00eame l\u2019immense si\u00e8ge qu\u2019occupait Baha Eddine Tliba ne suffira pas \u00e0 accueillir deux futures d\u00e9put\u00e9s\u2026d\u00e9mocrates ! Besmellah errahmane errahime, comment cela est donc arriv\u00e9 ? Ben c\u2019est aussi simple, m\u2019explique mon ami le sp\u00e9cialiste \u00c9s qualit\u00e9 en \u00abbarlamane\u00bb, \u00abon ne peut pas courir tout seul et arriver le deuxi\u00e8me, c\u2019est contraire \u00e0 la physique et aux lois de la gravit\u00e9. Les d\u00e9mocrates ont d\u00e9sert\u00e9 la course laissant seuls Bengrina, Makri, Cheikh Djaballah et j\u2019en passe.\u00bb Donc me dit-il, \u00absauf erreur, l\u2019un de ces trois ne peut pas arriver deuxi\u00e8me, car J\u2019ra wahdou\u00bb. Ah ok ! L\u00e0 je commence \u00e0 piger. Il est vrai que Djaballah pourrait se prendre les pieds dans sa gandoura et rater le finish et que Bengrina tr\u00e9buche en voulant faire sa pri\u00e8re sur le bord de la route tortueuse qu\u2019ont construit Ghoul et Haddad, mais bon, ce sont des probabilit\u00e9s qui ne risquent pas de se r\u00e9aliser \u00e0 moins que les p\u2019tits jeunes de la soci\u00e9t\u00e9 civile nous fassent la surprise du challenger outsider !\u00a0\u00a0<\/p>\n","protected":false},"excerpt":{"rendered":"<p>A Awwwww ! \u00c7a arrive ces trucs-l\u00e0, courir tout seul pour arriver deuxi\u00e8me ? On peut le faire ? L\u00e0<\/p>\n","protected":false},"author":2,"featured_media":677,"comment_status":"open","ping_status":"closed","sticky":false,"template":"","format":"standard","meta":{"colormag_page_container_layout":"default_layout","colormag_page_sidebar_layout":"default_layout","om_disable_all_campaigns":false,"_monsterinsights_skip_tracking":false,"_monsterinsights_sitenote_active":false,"_monsterinsights_sitenote_note":"","_monsterinsights_sitenote_category":0,"footnotes":"","_wpscppro_dont_share_socialmedia":false,"_wpscppro_custom_social_share_image":0,"_facebook_share_type":"","_twitter_share_type":"","_linkedin_share_type":"","_pinterest_share_type":"","_linkedin_share_type_page":"","_instagram_share_type":"","_medium_share_type":"","_threads_share_type":"","_google_business_share_type":"","_selected_social_profile":[],"_wpsp_enable_custom_social_template":false,"_wpsp_social_scheduling":{"enabled":false,"datetime":null,"platforms":[],"status":"template_only","dateOption":"today","timeOption":"now","customDays":"","customHours":"","customDate":"","customTime":"","schedulingType":"absolute"},"_wpsp_active_default_template":true},"categories":[38,55],"tags":[],"class_list":["post-740","post","type-post","status-publish","format-standard","has-post-thumbnail","hentry","category-debats","category-chronique"],"aioseo_notices":[],"yoast_head":"<!-- This site is optimized with the Yoast SEO plugin v27.5 - https:\/\/yoast.com\/product\/yoast-seo-wordpress\/ -->\n<title>\u00abJ\u2019ra wahdou, Ja deuxi\u00e8me !\u00bb - La Sentinelle<\/title>\n<meta name=\"robots\" content=\"index, follow, max-snippet:-1, max-image-preview:large, max-video-preview:-1\" \/>\n<link rel=\"canonical\" href=\"https:\/\/lasentinelle.dz\/index.php\/2021\/06\/07\/jra-wahdou-ja-deuxieme\/\" \/>\n<meta property=\"og:locale\" content=\"fr_FR\" \/>\n<meta property=\"og:type\" content=\"article\" \/>\n<meta property=\"og:title\" content=\"\u00abJ\u2019ra wahdou, Ja deuxi\u00e8me !\u00bb - La Sentinelle\" \/>\n<meta property=\"og:description\" content=\"A Awwwww ! \u00c7a arrive ces trucs-l\u00e0, courir tout seul pour arriver deuxi\u00e8me ? On peut le faire ? L\u00e0\" \/>\n<meta property=\"og:url\" content=\"https:\/\/lasentinelle.dz\/index.php\/2021\/06\/07\/jra-wahdou-ja-deuxieme\/\" \/>\n<meta property=\"og:site_name\" content=\"La Sentinelle\" \/>\n<meta property=\"article:publisher\" content=\"https:\/\/www.facebook.com\/La-Sentinelle-104059864394773\" \/>\n<meta property=\"article:published_time\" content=\"2021-06-07T14:28:08+00:00\" \/>\n<meta property=\"article:modified_time\" content=\"2021-06-07T14:37:48+00:00\" \/>\n<meta property=\"og:image\" content=\"https:\/\/lasentinelle.dz\/wp-content\/uploads\/2021\/02\/chronique-e1622549044661.png\" \/>\n\t<meta property=\"og:image:width\" content=\"225\" \/>\n\t<meta property=\"og:image:height\" content=\"172\" \/>\n\t<meta property=\"og:image:type\" content=\"image\/png\" \/>\n<meta name=\"author\" content=\"Azzedine Belferag\" \/>\n<meta name=\"twitter:card\" content=\"summary_large_image\" \/>\n<meta name=\"twitter:label1\" content=\"\u00c9crit par\" \/>\n\t<meta name=\"twitter:data1\" content=\"Azzedine Belferag\" \/>\n\t<meta name=\"twitter:label2\" content=\"Dur\u00e9e de lecture estim\u00e9e\" \/>\n\t<meta name=\"twitter:data2\" content=\"2 minutes\" \/>\n<script type=\"application\/ld+json\" class=\"yoast-schema-graph\">{\"@context\":\"https:\\\/\\\/schema.org\",\"@graph\":[{\"@type\":\"Article\",\"@id\":\"https:\\\/\\\/lasentinelle.dz\\\/index.php\\\/2021\\\/06\\\/07\\\/jra-wahdou-ja-deuxieme\\\/#article\",\"isPartOf\":{\"@id\":\"https:\\\/\\\/lasentinelle.dz\\\/index.php\\\/2021\\\/06\\\/07\\\/jra-wahdou-ja-deuxieme\\\/\"},\"author\":{\"name\":\"Azzedine Belferag\",\"@id\":\"https:\\\/\\\/lasentinelle.dz\\\/#\\\/schema\\\/person\\\/e22c868643946ece5f328ac9d185b29f\"},\"headline\":\"\u00abJ\u2019ra wahdou, Ja deuxi\u00e8me !\u00bb\",\"datePublished\":\"2021-06-07T14:28:08+00:00\",\"dateModified\":\"2021-06-07T14:37:48+00:00\",\"mainEntityOfPage\":{\"@id\":\"https:\\\/\\\/lasentinelle.dz\\\/index.php\\\/2021\\\/06\\\/07\\\/jra-wahdou-ja-deuxieme\\\/\"},\"wordCount\":270,\"commentCount\":0,\"publisher\":{\"@id\":\"https:\\\/\\\/lasentinelle.dz\\\/#organization\"},\"image\":{\"@id\":\"https:\\\/\\\/lasentinelle.dz\\\/index.php\\\/2021\\\/06\\\/07\\\/jra-wahdou-ja-deuxieme\\\/#primaryimage\"},\"thumbnailUrl\":\"https:\\\/\\\/lasentinelle.dz\\\/wp-content\\\/uploads\\\/2021\\\/02\\\/chronique-e1622549044661.png\",\"articleSection\":[\"D\u00e9bats\",\"La Chronique\"],\"inLanguage\":\"fr-FR\",\"potentialAction\":[{\"@type\":\"CommentAction\",\"name\":\"Comment\",\"target\":[\"https:\\\/\\\/lasentinelle.dz\\\/index.php\\\/2021\\\/06\\\/07\\\/jra-wahdou-ja-deuxieme\\\/#respond\"]}]},{\"@type\":\"WebPage\",\"@id\":\"https:\\\/\\\/lasentinelle.dz\\\/index.php\\\/2021\\\/06\\\/07\\\/jra-wahdou-ja-deuxieme\\\/\",\"url\":\"https:\\\/\\\/lasentinelle.dz\\\/index.php\\\/2021\\\/06\\\/07\\\/jra-wahdou-ja-deuxieme\\\/\",\"name\":\"\u00abJ\u2019ra wahdou, Ja deuxi\u00e8me !\u00bb - La Sentinelle\",\"isPartOf\":{\"@id\":\"https:\\\/\\\/lasentinelle.dz\\\/#website\"},\"primaryImageOfPage\":{\"@id\":\"https:\\\/\\\/lasentinelle.dz\\\/index.php\\\/2021\\\/06\\\/07\\\/jra-wahdou-ja-deuxieme\\\/#primaryimage\"},\"image\":{\"@id\":\"https:\\\/\\\/lasentinelle.dz\\\/index.php\\\/2021\\\/06\\\/07\\\/jra-wahdou-ja-deuxieme\\\/#primaryimage\"},\"thumbnailUrl\":\"https:\\\/\\\/lasentinelle.dz\\\/wp-content\\\/uploads\\\/2021\\\/02\\\/chronique-e1622549044661.png\",\"datePublished\":\"2021-06-07T14:28:08+00:00\",\"dateModified\":\"2021-06-07T14:37:48+00:00\",\"breadcrumb\":{\"@id\":\"https:\\\/\\\/lasentinelle.dz\\\/index.php\\\/2021\\\/06\\\/07\\\/jra-wahdou-ja-deuxieme\\\/#breadcrumb\"},\"inLanguage\":\"fr-FR\",\"potentialAction\":[{\"@type\":\"ReadAction\",\"target\":[\"https:\\\/\\\/lasentinelle.dz\\\/index.php\\\/2021\\\/06\\\/07\\\/jra-wahdou-ja-deuxieme\\\/\"]}]},{\"@type\":\"ImageObject\",\"inLanguage\":\"fr-FR\",\"@id\":\"https:\\\/\\\/lasentinelle.dz\\\/index.php\\\/2021\\\/06\\\/07\\\/jra-wahdou-ja-deuxieme\\\/#primaryimage\",\"url\":\"https:\\\/\\\/lasentinelle.dz\\\/wp-content\\\/uploads\\\/2021\\\/02\\\/chronique-e1622549044661.png\",\"contentUrl\":\"https:\\\/\\\/lasentinelle.dz\\\/wp-content\\\/uploads\\\/2021\\\/02\\\/chronique-e1622549044661.png\",\"width\":225,\"height\":172},{\"@type\":\"BreadcrumbList\",\"@id\":\"https:\\\/\\\/lasentinelle.dz\\\/index.php\\\/2021\\\/06\\\/07\\\/jra-wahdou-ja-deuxieme\\\/#breadcrumb\",\"itemListElement\":[{\"@type\":\"ListItem\",\"position\":1,\"name\":\"Accueil\",\"item\":\"https:\\\/\\\/lasentinelle.dz\\\/\"},{\"@type\":\"ListItem\",\"position\":2,\"name\":\"\u00abJ\u2019ra wahdou, Ja deuxi\u00e8me !\u00bb\"}]},{\"@type\":\"WebSite\",\"@id\":\"https:\\\/\\\/lasentinelle.dz\\\/#website\",\"url\":\"https:\\\/\\\/lasentinelle.dz\\\/\",\"name\":\"La Sentinelle\",\"description\":\"Quotidien national d&#039;information\",\"publisher\":{\"@id\":\"https:\\\/\\\/lasentinelle.dz\\\/#organization\"},\"potentialAction\":[{\"@type\":\"SearchAction\",\"target\":{\"@type\":\"EntryPoint\",\"urlTemplate\":\"https:\\\/\\\/lasentinelle.dz\\\/?s={search_term_string}\"},\"query-input\":{\"@type\":\"PropertyValueSpecification\",\"valueRequired\":true,\"valueName\":\"search_term_string\"}}],\"inLanguage\":\"fr-FR\"},{\"@type\":\"Organization\",\"@id\":\"https:\\\/\\\/lasentinelle.dz\\\/#organization\",\"name\":\"Quotidien La Sentinelle\",\"url\":\"https:\\\/\\\/lasentinelle.dz\\\/\",\"logo\":{\"@type\":\"ImageObject\",\"inLanguage\":\"fr-FR\",\"@id\":\"https:\\\/\\\/lasentinelle.dz\\\/#\\\/schema\\\/logo\\\/image\\\/\",\"url\":\"https:\\\/\\\/lasentinelle.dz\\\/wp-content\\\/uploads\\\/2021\\\/09\\\/logo-sentinelleSLOGAN-1.png\",\"contentUrl\":\"https:\\\/\\\/lasentinelle.dz\\\/wp-content\\\/uploads\\\/2021\\\/09\\\/logo-sentinelleSLOGAN-1.png\",\"width\":615,\"height\":142,\"caption\":\"Quotidien La Sentinelle\"},\"image\":{\"@id\":\"https:\\\/\\\/lasentinelle.dz\\\/#\\\/schema\\\/logo\\\/image\\\/\"},\"sameAs\":[\"https:\\\/\\\/www.facebook.com\\\/La-Sentinelle-104059864394773\"]},{\"@type\":\"Person\",\"@id\":\"https:\\\/\\\/lasentinelle.dz\\\/#\\\/schema\\\/person\\\/e22c868643946ece5f328ac9d185b29f\",\"name\":\"Azzedine Belferag\",\"image\":{\"@type\":\"ImageObject\",\"inLanguage\":\"fr-FR\",\"@id\":\"https:\\\/\\\/secure.gravatar.com\\\/avatar\\\/767ecc3bfcf23cd6d0dae1705f124feb13a88fded1daa56498e4fb3aa3fc36a1?s=96&d=mm&r=g\",\"url\":\"https:\\\/\\\/secure.gravatar.com\\\/avatar\\\/767ecc3bfcf23cd6d0dae1705f124feb13a88fded1daa56498e4fb3aa3fc36a1?s=96&d=mm&r=g\",\"contentUrl\":\"https:\\\/\\\/secure.gravatar.com\\\/avatar\\\/767ecc3bfcf23cd6d0dae1705f124feb13a88fded1daa56498e4fb3aa3fc36a1?s=96&d=mm&r=g\",\"caption\":\"Azzedine Belferag\"},\"sameAs\":[\"http:\\\/\\\/www.lasentinelle.dz\"],\"url\":\"https:\\\/\\\/lasentinelle.dz\\\/author\\\/belferag\\\/\"}]}<\/script>\n<!-- \/ Yoast SEO plugin. -->","yoast_head_json":{"title":"\u00abJ\u2019ra wahdou, Ja deuxi\u00e8me !\u00bb - La Sentinelle","robots":{"index":"index","follow":"follow","max-snippet":"max-snippet:-1","max-image-preview":"max-image-preview:large","max-video-preview":"max-video-preview:-1"},"canonical":"https:\/\/lasentinelle.dz\/index.php\/2021\/06\/07\/jra-wahdou-ja-deuxieme\/","og_locale":"fr_FR","og_type":"article","og_title":"\u00abJ\u2019ra wahdou, Ja deuxi\u00e8me !\u00bb - La Sentinelle","og_description":"A Awwwww ! \u00c7a arrive ces trucs-l\u00e0, courir tout seul pour arriver deuxi\u00e8me ? On peut le faire ? L\u00e0","og_url":"https:\/\/lasentinelle.dz\/index.php\/2021\/06\/07\/jra-wahdou-ja-deuxieme\/","og_site_name":"La Sentinelle","article_publisher":"https:\/\/www.facebook.com\/La-Sentinelle-104059864394773","article_published_time":"2021-06-07T14:28:08+00:00","article_modified_time":"2021-06-07T14:37:48+00:00","og_image":[{"width":225,"height":172,"url":"https:\/\/lasentinelle.dz\/wp-content\/uploads\/2021\/02\/chronique-e1622549044661.png","type":"image\/png"}],"author":"Azzedine Belferag","twitter_card":"summary_large_image","twitter_misc":{"\u00c9crit par":"Azzedine Belferag","Dur\u00e9e de lecture estim\u00e9e":"2 minutes"},"schema":{"@context":"https:\/\/schema.org","@graph":[{"@type":"Article","@id":"https:\/\/lasentinelle.dz\/index.php\/2021\/06\/07\/jra-wahdou-ja-deuxieme\/#article","isPartOf":{"@id":"https:\/\/lasentinelle.dz\/index.php\/2021\/06\/07\/jra-wahdou-ja-deuxieme\/"},"author":{"name":"Azzedine Belferag","@id":"https:\/\/lasentinelle.dz\/#\/schema\/person\/e22c868643946ece5f328ac9d185b29f"},"headline":"\u00abJ\u2019ra wahdou, Ja deuxi\u00e8me !\u00bb","datePublished":"2021-06-07T14:28:08+00:00","dateModified":"2021-06-07T14:37:48+00:00","mainEntityOfPage":{"@id":"https:\/\/lasentinelle.dz\/index.php\/2021\/06\/07\/jra-wahdou-ja-deuxieme\/"},"wordCount":270,"commentCount":0,"publisher":{"@id":"https:\/\/lasentinelle.dz\/#organization"},"image":{"@id":"https:\/\/lasentinelle.dz\/index.php\/2021\/06\/07\/jra-wahdou-ja-deuxieme\/#primaryimage"},"thumbnailUrl":"https:\/\/lasentinelle.dz\/wp-content\/uploads\/2021\/02\/chronique-e1622549044661.png","articleSection":["D\u00e9bats","La Chronique"],"inLanguage":"fr-FR","potentialAction":[{"@type":"CommentAction","name":"Comment","target":["https:\/\/lasentinelle.dz\/index.php\/2021\/06\/07\/jra-wahdou-ja-deuxieme\/#respond"]}]},{"@type":"WebPage","@id":"https:\/\/lasentinelle.dz\/index.php\/2021\/06\/07\/jra-wahdou-ja-deuxieme\/","url":"https:\/\/lasentinelle.dz\/index.php\/2021\/06\/07\/jra-wahdou-ja-deuxieme\/","name":"\u00abJ\u2019ra wahdou, Ja deuxi\u00e8me !\u00bb - La Sentinelle","isPartOf":{"@id":"https:\/\/lasentinelle.dz\/#website"},"primaryImageOfPage":{"@id":"https:\/\/lasentinelle.dz\/index.php\/2021\/06\/07\/jra-wahdou-ja-deuxieme\/#primaryimage"},"image":{"@id":"https:\/\/lasentinelle.dz\/index.php\/2021\/06\/07\/jra-wahdou-ja-deuxieme\/#primaryimage"},"thumbnailUrl":"https:\/\/lasentinelle.dz\/wp-content\/uploads\/2021\/02\/chronique-e1622549044661.png","datePublished":"2021-06-07T14:28:08+00:00","dateModified":"2021-06-07T14:37:48+00:00","breadcrumb":{"@id":"https:\/\/lasentinelle.dz\/index.php\/2021\/06\/07\/jra-wahdou-ja-deuxieme\/#breadcrumb"},"inLanguage":"fr-FR","potentialAction":[{"@type":"ReadAction","target":["https:\/\/lasentinelle.dz\/index.php\/2021\/06\/07\/jra-wahdou-ja-deuxieme\/"]}]},{"@type":"ImageObject","inLanguage":"fr-FR","@id":"https:\/\/lasentinelle.dz\/index.php\/2021\/06\/07\/jra-wahdou-ja-deuxieme\/#primaryimage","url":"https:\/\/lasentinelle.dz\/wp-content\/uploads\/2021\/02\/chronique-e1622549044661.png","contentUrl":"https:\/\/lasentinelle.dz\/wp-content\/uploads\/2021\/02\/chronique-e1622549044661.png","width":225,"height":172},{"@type":"BreadcrumbList","@id":"https:\/\/lasentinelle.dz\/index.php\/2021\/06\/07\/jra-wahdou-ja-deuxieme\/#breadcrumb","itemListElement":[{"@type":"ListItem","position":1,"name":"Accueil","item":"https:\/\/lasentinelle.dz\/"},{"@type":"ListItem","position":2,"name":"\u00abJ\u2019ra wahdou, Ja deuxi\u00e8me !\u00bb"}]},{"@type":"WebSite","@id":"https:\/\/lasentinelle.dz\/#website","url":"https:\/\/lasentinelle.dz\/","name":"La Sentinelle","description":"Quotidien national d&#039;information","publisher":{"@id":"https:\/\/lasentinelle.dz\/#organization"},"potentialAction":[{"@type":"SearchAction","target":{"@type":"EntryPoint","urlTemplate":"https:\/\/lasentinelle.dz\/?s={search_term_string}"},"query-input":{"@type":"PropertyValueSpecification","valueRequired":true,"valueName":"search_term_string"}}],"inLanguage":"fr-FR"},{"@type":"Organization","@id":"https:\/\/lasentinelle.dz\/#organization","name":"Quotidien La Sentinelle","url":"https:\/\/lasentinelle.dz\/","logo":{"@type":"ImageObject","inLanguage":"fr-FR","@id":"https:\/\/lasentinelle.dz\/#\/schema\/logo\/image\/","url":"https:\/\/lasentinelle.dz\/wp-content\/uploads\/2021\/09\/logo-sentinelleSLOGAN-1.png","contentUrl":"https:\/\/lasentinelle.dz\/wp-content\/uploads\/2021\/09\/logo-sentinelleSLOGAN-1.png","width":615,"height":142,"caption":"Quotidien La Sentinelle"},"image":{"@id":"https:\/\/lasentinelle.dz\/#\/schema\/logo\/image\/"},"sameAs":["https:\/\/www.facebook.com\/La-Sentinelle-104059864394773"]},{"@type":"Person","@id":"https:\/\/lasentinelle.dz\/#\/schema\/person\/e22c868643946ece5f328ac9d185b29f","name":"Azzedine Belferag","image":{"@type":"ImageObject","inLanguage":"fr-FR","@id":"https:\/\/secure.gravatar.com\/avatar\/767ecc3bfcf23cd6d0dae1705f124feb13a88fded1daa56498e4fb3aa3fc36a1?s=96&d=mm&r=g","url":"https:\/\/secure.gravatar.com\/avatar\/767ecc3bfcf23cd6d0dae1705f124feb13a88fded1daa56498e4fb3aa3fc36a1?s=96&d=mm&r=g","contentUrl":"https:\/\/secure.gravatar.com\/avatar\/767ecc3bfcf23cd6d0dae1705f124feb13a88fded1daa56498e4fb3aa3fc36a1?s=96&d=mm&r=g","caption":"Azzedine Belferag"},"sameAs":["http:\/\/www.lasentinelle.dz"],"url":"https:\/\/lasentinelle.dz\/author\/belferag\/"}]}},"_links":{"self":[{"href":"https:\/\/lasentinelle.dz\/index.php\/wp-json\/wp\/v2\/posts\/740","targetHints":{"allow":["GET"]}}],"collection":[{"href":"https:\/\/lasentinelle.dz\/index.php\/wp-json\/wp\/v2\/posts"}],"about":[{"href":"https:\/\/lasentinelle.dz\/index.php\/wp-json\/wp\/v2\/types\/post"}],"author":[{"embeddable":true,"href":"https:\/\/lasentinelle.dz\/index.php\/wp-json\/wp\/v2\/users\/2"}],"replies":[{"embeddable":true,"href":"https:\/\/lasentinelle.dz\/index.php\/wp-json\/wp\/v2\/comments?post=740"}],"version-history":[{"count":1,"href":"https:\/\/lasentinelle.dz\/index.php\/wp-json\/wp\/v2\/posts\/740\/revisions"}],"predecessor-version":[{"id":741,"href":"https:\/\/lasentinelle.dz\/index.php\/wp-json\/wp\/v2\/posts\/740\/revisions\/741"}],"wp:featuredmedia":[{"embeddable":true,"href":"https:\/\/lasentinelle.dz\/index.php\/wp-json\/wp\/v2\/media\/677"}],"wp:attachment":[{"href":"https:\/\/lasentinelle.dz\/index.php\/wp-json\/wp\/v2\/media?parent=740"}],"wp:term":[{"taxonomy":"category","embeddable":true,"href":"https:\/\/lasentinelle.dz\/index.php\/wp-json\/wp\/v2\/categories?post=740"},{"taxonomy":"post_tag","embeddable":true,"href":"https:\/\/lasentinelle.dz\/index.php\/wp-json\/wp\/v2\/tags?post=740"}],"curies":[{"name":"wp","href":"https:\/\/api.w.org\/{rel}","templated":true}]}}