{"id":74187,"date":"2025-10-01T13:36:33","date_gmt":"2025-10-01T12:36:33","guid":{"rendered":"https:\/\/lasentinelle.dz\/?p=74187"},"modified":"2025-10-04T13:37:42","modified_gmt":"2025-10-04T12:37:42","slug":"le-president-tebboune-recoit-le-president-du-parti-sawt-echaab-osmani-nous-avons-dune-classe-politique-forte","status":"publish","type":"post","link":"https:\/\/lasentinelle.dz\/index.php\/2025\/10\/01\/le-president-tebboune-recoit-le-president-du-parti-sawt-echaab-osmani-nous-avons-dune-classe-politique-forte\/","title":{"rendered":"Le pr\u00e9sident Tebboune re\u00e7oit le pr\u00e9sident du parti Sawt Echaab\u00a0: Osmani \u00ab\u00a0Nous avons d\u2019une classe politique forte"},"content":{"rendered":"\n<p class=\"wp-block-paragraph\">Le pr\u00e9sident de la R\u00e9publique, Abdelmadjid Tebboune, a re\u00e7u mardi au si\u00e8ge de la pr\u00e9sidence de la R\u00e9publique le pr\u00e9sident du parti Sawt Echaab, Lamine Osmani, \u00e0 la demande de ce dernier. \u00c0 l&rsquo;issue de l&rsquo;audience, Lamine Osmani a livr\u00e9 ses impressions sur cette entrevue, qualifiant l&rsquo;\u00e9change de franc et constructif. \u00ab\u00a0Le voix du peuple est multiple et doit \u00eatre entendue&nbsp;\u00bb Il a salu\u00e9 les consultations r\u00e9guli\u00e8res entre le pr\u00e9sident de la R\u00e9publique et les parti, soulignant \u00ab&nbsp;une tradition d\u00e9mocratique, une habitude du pr\u00e9sident de la R\u00e9publique chaque fois que le besoin se fait sentir, afin de se pencher d&rsquo;abord les pr\u00e9occupations des citoyens et les inqui\u00e9tudes de toutes les cat\u00e9gories de la soci\u00e9t\u00e9\u00a0\u00bb, a-t-il d\u00e9clar\u00e9. Le responsable politique a insist\u00e9 sur le r\u00f4le de la classe politique dans le d\u00e9bat national. \u00ab\u00a0Notre r\u00f4le en tant qu&rsquo;hommes politiques est de critiquer et de prendre des positions, mais avec objectivit\u00e9, en utilisant le langage des chiffres et l&rsquo;\u00e9l\u00e9gance de la pratique politique. Nous avons tant besoin d&rsquo;une classe politique forte\u00a0\u00bb, a-t-il affirm\u00e9. Osmani a r\u00e9v\u00e9l\u00e9 que les discussions ont port\u00e9 sur le projet de loi relative aux partis politiques qui sera d\u00e9battu au niveau des institutions l\u00e9gislatives. Il a \u00e9galement indiqu\u00e9 avoir \u00e9cout\u00e9 la vision du chef de l&rsquo;\u00c9tat concernant les acquis et les r\u00e9alisations accomplies, ainsi que les d\u00e9fis et les enjeux \u00e0 venir. Osmani a fait \u00e9tat de mesures concr\u00e8tes annonc\u00e9es pour rectifier certaines situations dans de nombreux secteurs, \u00e9voquant la volont\u00e9 d&rsquo;aller vers une relance \u00e9conomique forte et un \u00c9tat \u00e9mergent. Sur le plan g\u00e9opolitique, le responsable politique a salu\u00e9 le r\u00f4le diplomatique de l&rsquo;Alg\u00e9rie, qualifiant le pays de puissance r\u00e9gionale pivotale. \u00ab\u00a0L&rsquo;Alg\u00e9rie est devenue un \u00c9tat central. Le pr\u00e9sident s&rsquo;est engag\u00e9 \u00e0 d\u00e9fendre les opprim\u00e9s de cette terre selon les principes de Novembre. R\u00e9cemment, nous avons vu le r\u00f4le de la diplomatie alg\u00e9rienne dans la d\u00e9fense d&rsquo;une position novembriste issue de la doctrine de Novembre et la d\u00e9fense des libert\u00e9s, notamment la cause palestinienne et le droit des opprim\u00e9s\u00a0\u00bb, a-t-il d\u00e9clar\u00e9. \u00c9voquant les d\u00e9fis dans la r\u00e9gion, notamment en Libye et au Sahel, Osmani a affirm\u00e9 que \u00ab\u00a0tout cela n\u00e9cessite la voix de l&rsquo;Alg\u00e9rie, la voix des opprim\u00e9s et la voix des hommes libres. C&rsquo;est une fiert\u00e9 qui revient au pr\u00e9sident dans le parcours diplomatique\u00a0\u00bb. En conclusion, le pr\u00e9sident du parti Voix du Peuple a lanc\u00e9 un appel \u00e0 l&rsquo;unit\u00e9 nationale. \u00ab\u00a0Nous pouvons diverger, nous pouvons nous accorder, mais nous sommes tous d&rsquo;accord sur l&rsquo;amour de l&rsquo;Alg\u00e9rie\u00a0\u00bb, a-t-il affirm\u00e9.<\/p>\n\n\n\n<p class=\"wp-block-paragraph\">Hocine Fadheli<\/p>\n","protected":false},"excerpt":{"rendered":"<p>Le pr\u00e9sident de la R\u00e9publique, Abdelmadjid Tebboune, a re\u00e7u mardi au si\u00e8ge de la pr\u00e9sidence de la R\u00e9publique le pr\u00e9sident<\/p>\n","protected":false},"author":6,"featured_media":74188,"comment_status":"open","ping_status":"closed","sticky":false,"template":"","format":"standard","meta":{"colormag_page_container_layout":"default_layout","colormag_page_sidebar_layout":"default_layout","om_disable_all_campaigns":false,"_monsterinsights_skip_tracking":false,"footnotes":"","_wpscppro_dont_share_socialmedia":false,"_wpscppro_custom_social_share_image":0,"_facebook_share_type":"default","_twitter_share_type":"default","_linkedin_share_type":"default","_pinterest_share_type":"default","_linkedin_share_type_page":"","_instagram_share_type":"default","_medium_share_type":"default","_threads_share_type":"default","_google_business_share_type":"default","_bluesky_share_type":"","_mastodon_share_type":"","_selected_social_profile":[],"_wpsp_enable_custom_social_template":false,"_wpsp_social_scheduling":{"enabled":false,"datetime":null,"platforms":[],"status":"template_only","dateOption":"today","timeOption":"now","customDays":"","customHours":"","customDate":"","customTime":"","schedulingType":"absolute"},"_wpsp_active_default_template":true},"categories":[28],"tags":[],"class_list":["post-74187","post","type-post","status-publish","format-standard","has-post-thumbnail","hentry","category-politique"],"aioseo_notices":[],"aioseo_head":"\n\t\t<!-- All in One SEO 5.0.0.1 - aioseo.com -->\n\t<meta name=\"description\" content=\"Le pr\u00e9sident de la R\u00e9publique, Abdelmadjid Tebboune, a re\u00e7u mardi au si\u00e8ge de la pr\u00e9sidence de la R\u00e9publique le pr\u00e9sident du parti Sawt Echaab, Lamine Osmani, \u00e0 la demande de ce dernier. \u00c0 l&#039;issue de l&#039;audience, Lamine Osmani a livr\u00e9 ses impressions sur cette entrevue, qualifiant l&#039;\u00e9change de franc et constructif. &quot;Le voix du peuple\" \/>\n\t<meta name=\"robots\" content=\"max-image-preview:large\" \/>\n\t<meta name=\"author\" content=\"admin\"\/>\n\t<link rel=\"canonical\" href=\"https:\/\/lasentinelle.dz\/index.php\/2025\/10\/01\/le-president-tebboune-recoit-le-president-du-parti-sawt-echaab-osmani-nous-avons-dune-classe-politique-forte\/\" \/>\n\t<meta name=\"generator\" content=\"All in One SEO (AIOSEO) 5.0.0.1\" \/>\n\t\t<meta property=\"og:locale\" content=\"fr_FR\" \/>\n\t\t<meta property=\"og:site_name\" content=\"La Sentinelle - Quotidien national d&#039;information\" \/>\n\t\t<meta property=\"og:type\" content=\"article\" \/>\n\t\t<meta property=\"og:title\" content=\"Le pr\u00e9sident Tebboune re\u00e7oit le pr\u00e9sident du parti Sawt Echaab : Osmani \u00ab Nous avons d\u2019une classe politique forte - La Sentinelle\" \/>\n\t\t<meta property=\"og:description\" content=\"Le pr\u00e9sident de la R\u00e9publique, Abdelmadjid Tebboune, a re\u00e7u mardi au si\u00e8ge de la pr\u00e9sidence de la R\u00e9publique le pr\u00e9sident du parti Sawt Echaab, Lamine Osmani, \u00e0 la demande de ce dernier. \u00c0 l&#039;issue de l&#039;audience, Lamine Osmani a livr\u00e9 ses impressions sur cette entrevue, qualifiant l&#039;\u00e9change de franc et constructif. &quot;Le voix du peuple\" \/>\n\t\t<meta property=\"og:url\" content=\"https:\/\/lasentinelle.dz\/index.php\/2025\/10\/01\/le-president-tebboune-recoit-le-president-du-parti-sawt-echaab-osmani-nous-avons-dune-classe-politique-forte\/\" \/>\n\t\t<meta property=\"og:image\" content=\"https:\/\/lasentinelle.dz\/wp-content\/uploads\/2021\/09\/cropped-la-sentinelle-earth-golden-anima-5.gif\" \/>\n\t\t<meta property=\"og:image:secure_url\" content=\"https:\/\/lasentinelle.dz\/wp-content\/uploads\/2021\/09\/cropped-la-sentinelle-earth-golden-anima-5.gif\" \/>\n\t\t<meta property=\"og:image:width\" content=\"450\" \/>\n\t\t<meta property=\"og:image:height\" content=\"213\" \/>\n\t\t<meta property=\"article:published_time\" content=\"2025-10-01T12:36:33+00:00\" \/>\n\t\t<meta property=\"article:modified_time\" content=\"2025-10-04T12:37:42+00:00\" \/>\n\t\t<meta property=\"article:publisher\" content=\"https:\/\/www.facebook.com\/azzedine.lasentinelle.1\" \/>\n\t\t<meta name=\"twitter:card\" content=\"summary_large_image\" \/>\n\t\t<meta name=\"twitter:title\" content=\"Le pr\u00e9sident Tebboune re\u00e7oit le pr\u00e9sident du parti Sawt Echaab : Osmani \u00ab Nous avons d\u2019une classe politique forte - La Sentinelle\" \/>\n\t\t<meta name=\"twitter:description\" content=\"Le pr\u00e9sident de la R\u00e9publique, Abdelmadjid Tebboune, a re\u00e7u mardi au si\u00e8ge de la pr\u00e9sidence de la R\u00e9publique le pr\u00e9sident du parti Sawt Echaab, Lamine Osmani, \u00e0 la demande de ce dernier. \u00c0 l&#039;issue de l&#039;audience, Lamine Osmani a livr\u00e9 ses impressions sur cette entrevue, qualifiant l&#039;\u00e9change de franc et constructif. &quot;Le voix du peuple\" \/>\n\t\t<meta name=\"twitter:image\" content=\"https:\/\/lasentinelle.dz\/wp-content\/uploads\/2021\/09\/cropped-la-sentinelle-earth-golden-anima-5.gif\" \/>\n\t\t<script type=\"application\/ld+json\" class=\"aioseo-schema\">\n\t\t\t{\"@context\":\"https:\\\/\\\/schema.org\",\"@graph\":[{\"@type\":\"BlogPosting\",\"@id\":\"https:\\\/\\\/lasentinelle.dz\\\/index.php\\\/2025\\\/10\\\/01\\\/le-president-tebboune-recoit-le-president-du-parti-sawt-echaab-osmani-nous-avons-dune-classe-politique-forte\\\/#blogposting\",\"name\":\"Le pr\\u00e9sident Tebboune re\\u00e7oit le pr\\u00e9sident du parti Sawt Echaab : Osmani \\u00ab Nous avons d\\u2019une classe politique forte - La Sentinelle\",\"headline\":\"Le pr\\u00e9sident Tebboune re\\u00e7oit le pr\\u00e9sident du parti Sawt Echaab\\u00a0: Osmani \\u00ab\\u00a0Nous avons d\\u2019une classe politique forte\",\"author\":{\"@id\":\"https:\\\/\\\/lasentinelle.dz\\\/author\\\/admin\\\/#author\"},\"publisher\":{\"@id\":\"https:\\\/\\\/lasentinelle.dz\\\/#organization\"},\"image\":{\"@type\":\"ImageObject\",\"url\":\"https:\\\/\\\/lasentinelle.dz\\\/wp-content\\\/uploads\\\/2025\\\/10\\\/cap.jpg\",\"width\":780,\"height\":470},\"datePublished\":\"2025-10-01T13:36:33+01:00\",\"dateModified\":\"2025-10-04T13:37:42+01:00\",\"inLanguage\":\"fr-FR\",\"mainEntityOfPage\":{\"@id\":\"https:\\\/\\\/lasentinelle.dz\\\/index.php\\\/2025\\\/10\\\/01\\\/le-president-tebboune-recoit-le-president-du-parti-sawt-echaab-osmani-nous-avons-dune-classe-politique-forte\\\/#webpage\"},\"isPartOf\":{\"@id\":\"https:\\\/\\\/lasentinelle.dz\\\/index.php\\\/2025\\\/10\\\/01\\\/le-president-tebboune-recoit-le-president-du-parti-sawt-echaab-osmani-nous-avons-dune-classe-politique-forte\\\/#webpage\"},\"articleSection\":\"Politique\"},{\"@type\":\"BreadcrumbList\",\"@id\":\"https:\\\/\\\/lasentinelle.dz\\\/index.php\\\/2025\\\/10\\\/01\\\/le-president-tebboune-recoit-le-president-du-parti-sawt-echaab-osmani-nous-avons-dune-classe-politique-forte\\\/#breadcrumblist\",\"itemListElement\":[{\"@type\":\"ListItem\",\"@id\":\"https:\\\/\\\/lasentinelle.dz#listItem\",\"position\":1,\"name\":\"Home\",\"item\":\"https:\\\/\\\/lasentinelle.dz\",\"nextItem\":{\"@type\":\"ListItem\",\"@id\":\"https:\\\/\\\/lasentinelle.dz\\\/index.php\\\/category\\\/politique\\\/#listItem\",\"name\":\"Politique\"}},{\"@type\":\"ListItem\",\"@id\":\"https:\\\/\\\/lasentinelle.dz\\\/index.php\\\/category\\\/politique\\\/#listItem\",\"position\":2,\"name\":\"Politique\",\"item\":\"https:\\\/\\\/lasentinelle.dz\\\/index.php\\\/category\\\/politique\\\/\",\"nextItem\":{\"@type\":\"ListItem\",\"@id\":\"https:\\\/\\\/lasentinelle.dz\\\/index.php\\\/2025\\\/10\\\/01\\\/le-president-tebboune-recoit-le-president-du-parti-sawt-echaab-osmani-nous-avons-dune-classe-politique-forte\\\/#listItem\",\"name\":\"Le pr\\u00e9sident Tebboune re\\u00e7oit le pr\\u00e9sident du parti Sawt Echaab\\u00a0: Osmani \\u00ab\\u00a0Nous avons d\\u2019une classe politique forte\"},\"previousItem\":{\"@type\":\"ListItem\",\"@id\":\"https:\\\/\\\/lasentinelle.dz#listItem\",\"name\":\"Home\"}},{\"@type\":\"ListItem\",\"@id\":\"https:\\\/\\\/lasentinelle.dz\\\/index.php\\\/2025\\\/10\\\/01\\\/le-president-tebboune-recoit-le-president-du-parti-sawt-echaab-osmani-nous-avons-dune-classe-politique-forte\\\/#listItem\",\"position\":3,\"name\":\"Le pr\\u00e9sident Tebboune re\\u00e7oit le pr\\u00e9sident du parti Sawt Echaab\\u00a0: Osmani \\u00ab\\u00a0Nous avons d\\u2019une classe politique forte\",\"previousItem\":{\"@type\":\"ListItem\",\"@id\":\"https:\\\/\\\/lasentinelle.dz\\\/index.php\\\/category\\\/politique\\\/#listItem\",\"name\":\"Politique\"}}]},{\"@type\":\"Organization\",\"@id\":\"https:\\\/\\\/lasentinelle.dz\\\/#organization\",\"name\":\"La Sentinelle La Sentinelle\",\"description\":\"Quotidien national d'information\",\"url\":\"https:\\\/\\\/lasentinelle.dz\\\/\",\"logo\":{\"@type\":\"ImageObject\",\"url\":\"https:\\\/\\\/lasentinelle.dz\\\/wp-content\\\/uploads\\\/2021\\\/09\\\/cropped-la-sentinelle-earth-golden-anima-5.gif\",\"@id\":\"https:\\\/\\\/lasentinelle.dz\\\/index.php\\\/2025\\\/10\\\/01\\\/le-president-tebboune-recoit-le-president-du-parti-sawt-echaab-osmani-nous-avons-dune-classe-politique-forte\\\/#organizationLogo\",\"width\":450,\"height\":213},\"image\":{\"@id\":\"https:\\\/\\\/lasentinelle.dz\\\/index.php\\\/2025\\\/10\\\/01\\\/le-president-tebboune-recoit-le-president-du-parti-sawt-echaab-osmani-nous-avons-dune-classe-politique-forte\\\/#organizationLogo\"},\"sameAs\":[\"https:\\\/\\\/www.facebook.com\\\/azzedine.lasentinelle.1\"]},{\"@type\":\"Person\",\"@id\":\"https:\\\/\\\/lasentinelle.dz\\\/author\\\/admin\\\/#author\",\"url\":\"https:\\\/\\\/lasentinelle.dz\\\/author\\\/admin\\\/\",\"name\":\"admin\",\"image\":{\"@type\":\"ImageObject\",\"@id\":\"https:\\\/\\\/lasentinelle.dz\\\/index.php\\\/2025\\\/10\\\/01\\\/le-president-tebboune-recoit-le-president-du-parti-sawt-echaab-osmani-nous-avons-dune-classe-politique-forte\\\/#authorImage\",\"url\":\"https:\\\/\\\/secure.gravatar.com\\\/avatar\\\/4c81fed838786e9b53f540bf46533e750f5d292099ae3b66cfc6fb1982e29df7?s=96&d=mm&r=g\",\"width\":96,\"height\":96,\"caption\":\"admin\"}},{\"@type\":\"WebPage\",\"@id\":\"https:\\\/\\\/lasentinelle.dz\\\/index.php\\\/2025\\\/10\\\/01\\\/le-president-tebboune-recoit-le-president-du-parti-sawt-echaab-osmani-nous-avons-dune-classe-politique-forte\\\/#webpage\",\"url\":\"https:\\\/\\\/lasentinelle.dz\\\/index.php\\\/2025\\\/10\\\/01\\\/le-president-tebboune-recoit-le-president-du-parti-sawt-echaab-osmani-nous-avons-dune-classe-politique-forte\\\/\",\"name\":\"Le pr\\u00e9sident Tebboune re\\u00e7oit le pr\\u00e9sident du parti Sawt Echaab : Osmani \\u00ab Nous avons d\\u2019une classe politique forte - La Sentinelle\",\"description\":\"Le pr\\u00e9sident de la R\\u00e9publique, Abdelmadjid Tebboune, a re\\u00e7u mardi au si\\u00e8ge de la pr\\u00e9sidence de la R\\u00e9publique le pr\\u00e9sident du parti Sawt Echaab, Lamine Osmani, \\u00e0 la demande de ce dernier. \\u00c0 l'issue de l'audience, Lamine Osmani a livr\\u00e9 ses impressions sur cette entrevue, qualifiant l'\\u00e9change de franc et constructif. \\\"Le voix du peuple\",\"inLanguage\":\"fr-FR\",\"isPartOf\":{\"@id\":\"https:\\\/\\\/lasentinelle.dz\\\/#website\"},\"breadcrumb\":{\"@id\":\"https:\\\/\\\/lasentinelle.dz\\\/index.php\\\/2025\\\/10\\\/01\\\/le-president-tebboune-recoit-le-president-du-parti-sawt-echaab-osmani-nous-avons-dune-classe-politique-forte\\\/#breadcrumblist\"},\"author\":{\"@id\":\"https:\\\/\\\/lasentinelle.dz\\\/author\\\/admin\\\/#author\"},\"creator\":{\"@id\":\"https:\\\/\\\/lasentinelle.dz\\\/author\\\/admin\\\/#author\"},\"image\":{\"@type\":\"ImageObject\",\"url\":\"https:\\\/\\\/lasentinelle.dz\\\/wp-content\\\/uploads\\\/2025\\\/10\\\/cap.jpg\",\"@id\":\"https:\\\/\\\/lasentinelle.dz\\\/index.php\\\/2025\\\/10\\\/01\\\/le-president-tebboune-recoit-le-president-du-parti-sawt-echaab-osmani-nous-avons-dune-classe-politique-forte\\\/#mainImage\",\"width\":780,\"height\":470},\"primaryImageOfPage\":{\"@id\":\"https:\\\/\\\/lasentinelle.dz\\\/index.php\\\/2025\\\/10\\\/01\\\/le-president-tebboune-recoit-le-president-du-parti-sawt-echaab-osmani-nous-avons-dune-classe-politique-forte\\\/#mainImage\"},\"datePublished\":\"2025-10-01T13:36:33+01:00\",\"dateModified\":\"2025-10-04T13:37:42+01:00\"},{\"@type\":\"WebSite\",\"@id\":\"https:\\\/\\\/lasentinelle.dz\\\/#website\",\"url\":\"https:\\\/\\\/lasentinelle.dz\\\/\",\"name\":\"La Sentinelle\",\"description\":\"Quotidien national d'information\",\"inLanguage\":\"fr-FR\",\"publisher\":{\"@id\":\"https:\\\/\\\/lasentinelle.dz\\\/#organization\"}}]}\n\t\t<\/script>\n\t\t<!-- All in One SEO -->\n\n","aioseo_head_json":{"title":"Le pr\u00e9sident Tebboune re\u00e7oit le pr\u00e9sident du parti Sawt Echaab : Osmani \u00ab Nous avons d\u2019une classe politique forte - La Sentinelle","description":"Le pr\u00e9sident de la R\u00e9publique, Abdelmadjid Tebboune, a re\u00e7u mardi au si\u00e8ge de la pr\u00e9sidence de la R\u00e9publique le pr\u00e9sident du parti Sawt Echaab, Lamine Osmani, \u00e0 la demande de ce dernier. \u00c0 l'issue de l'audience, Lamine Osmani a livr\u00e9 ses impressions sur cette entrevue, qualifiant l'\u00e9change de franc et constructif. \"Le voix du peuple","canonical_url":"https:\/\/lasentinelle.dz\/index.php\/2025\/10\/01\/le-president-tebboune-recoit-le-president-du-parti-sawt-echaab-osmani-nous-avons-dune-classe-politique-forte\/","robots":"max-image-preview:large","keywords":"","webmasterTools":{"miscellaneous":""},"schema":{"@context":"https:\/\/schema.org","@graph":[{"@type":"BlogPosting","@id":"https:\/\/lasentinelle.dz\/index.php\/2025\/10\/01\/le-president-tebboune-recoit-le-president-du-parti-sawt-echaab-osmani-nous-avons-dune-classe-politique-forte\/#blogposting","name":"Le pr\u00e9sident Tebboune re\u00e7oit le pr\u00e9sident du parti Sawt Echaab : Osmani \u00ab Nous avons d\u2019une classe politique forte - La Sentinelle","headline":"Le pr\u00e9sident Tebboune re\u00e7oit le pr\u00e9sident du parti Sawt Echaab\u00a0: Osmani \u00ab\u00a0Nous avons d\u2019une classe politique forte","author":{"@id":"https:\/\/lasentinelle.dz\/author\/admin\/#author"},"publisher":{"@id":"https:\/\/lasentinelle.dz\/#organization"},"image":{"@type":"ImageObject","url":"https:\/\/lasentinelle.dz\/wp-content\/uploads\/2025\/10\/cap.jpg","width":780,"height":470},"datePublished":"2025-10-01T13:36:33+01:00","dateModified":"2025-10-04T13:37:42+01:00","inLanguage":"fr-FR","mainEntityOfPage":{"@id":"https:\/\/lasentinelle.dz\/index.php\/2025\/10\/01\/le-president-tebboune-recoit-le-president-du-parti-sawt-echaab-osmani-nous-avons-dune-classe-politique-forte\/#webpage"},"isPartOf":{"@id":"https:\/\/lasentinelle.dz\/index.php\/2025\/10\/01\/le-president-tebboune-recoit-le-president-du-parti-sawt-echaab-osmani-nous-avons-dune-classe-politique-forte\/#webpage"},"articleSection":"Politique"},{"@type":"BreadcrumbList","@id":"https:\/\/lasentinelle.dz\/index.php\/2025\/10\/01\/le-president-tebboune-recoit-le-president-du-parti-sawt-echaab-osmani-nous-avons-dune-classe-politique-forte\/#breadcrumblist","itemListElement":[{"@type":"ListItem","@id":"https:\/\/lasentinelle.dz#listItem","position":1,"name":"Home","item":"https:\/\/lasentinelle.dz","nextItem":{"@type":"ListItem","@id":"https:\/\/lasentinelle.dz\/index.php\/category\/politique\/#listItem","name":"Politique"}},{"@type":"ListItem","@id":"https:\/\/lasentinelle.dz\/index.php\/category\/politique\/#listItem","position":2,"name":"Politique","item":"https:\/\/lasentinelle.dz\/index.php\/category\/politique\/","nextItem":{"@type":"ListItem","@id":"https:\/\/lasentinelle.dz\/index.php\/2025\/10\/01\/le-president-tebboune-recoit-le-president-du-parti-sawt-echaab-osmani-nous-avons-dune-classe-politique-forte\/#listItem","name":"Le pr\u00e9sident Tebboune re\u00e7oit le pr\u00e9sident du parti Sawt Echaab\u00a0: Osmani \u00ab\u00a0Nous avons d\u2019une classe politique forte"},"previousItem":{"@type":"ListItem","@id":"https:\/\/lasentinelle.dz#listItem","name":"Home"}},{"@type":"ListItem","@id":"https:\/\/lasentinelle.dz\/index.php\/2025\/10\/01\/le-president-tebboune-recoit-le-president-du-parti-sawt-echaab-osmani-nous-avons-dune-classe-politique-forte\/#listItem","position":3,"name":"Le pr\u00e9sident Tebboune re\u00e7oit le pr\u00e9sident du parti Sawt Echaab\u00a0: Osmani \u00ab\u00a0Nous avons d\u2019une classe politique forte","previousItem":{"@type":"ListItem","@id":"https:\/\/lasentinelle.dz\/index.php\/category\/politique\/#listItem","name":"Politique"}}]},{"@type":"Organization","@id":"https:\/\/lasentinelle.dz\/#organization","name":"La Sentinelle La Sentinelle","description":"Quotidien national d'information","url":"https:\/\/lasentinelle.dz\/","logo":{"@type":"ImageObject","url":"https:\/\/lasentinelle.dz\/wp-content\/uploads\/2021\/09\/cropped-la-sentinelle-earth-golden-anima-5.gif","@id":"https:\/\/lasentinelle.dz\/index.php\/2025\/10\/01\/le-president-tebboune-recoit-le-president-du-parti-sawt-echaab-osmani-nous-avons-dune-classe-politique-forte\/#organizationLogo","width":450,"height":213},"image":{"@id":"https:\/\/lasentinelle.dz\/index.php\/2025\/10\/01\/le-president-tebboune-recoit-le-president-du-parti-sawt-echaab-osmani-nous-avons-dune-classe-politique-forte\/#organizationLogo"},"sameAs":["https:\/\/www.facebook.com\/azzedine.lasentinelle.1"]},{"@type":"Person","@id":"https:\/\/lasentinelle.dz\/author\/admin\/#author","url":"https:\/\/lasentinelle.dz\/author\/admin\/","name":"admin","image":{"@type":"ImageObject","@id":"https:\/\/lasentinelle.dz\/index.php\/2025\/10\/01\/le-president-tebboune-recoit-le-president-du-parti-sawt-echaab-osmani-nous-avons-dune-classe-politique-forte\/#authorImage","url":"https:\/\/secure.gravatar.com\/avatar\/4c81fed838786e9b53f540bf46533e750f5d292099ae3b66cfc6fb1982e29df7?s=96&d=mm&r=g","width":96,"height":96,"caption":"admin"}},{"@type":"WebPage","@id":"https:\/\/lasentinelle.dz\/index.php\/2025\/10\/01\/le-president-tebboune-recoit-le-president-du-parti-sawt-echaab-osmani-nous-avons-dune-classe-politique-forte\/#webpage","url":"https:\/\/lasentinelle.dz\/index.php\/2025\/10\/01\/le-president-tebboune-recoit-le-president-du-parti-sawt-echaab-osmani-nous-avons-dune-classe-politique-forte\/","name":"Le pr\u00e9sident Tebboune re\u00e7oit le pr\u00e9sident du parti Sawt Echaab : Osmani \u00ab Nous avons d\u2019une classe politique forte - La Sentinelle","description":"Le pr\u00e9sident de la R\u00e9publique, Abdelmadjid Tebboune, a re\u00e7u mardi au si\u00e8ge de la pr\u00e9sidence de la R\u00e9publique le pr\u00e9sident du parti Sawt Echaab, Lamine Osmani, \u00e0 la demande de ce dernier. \u00c0 l'issue de l'audience, Lamine Osmani a livr\u00e9 ses impressions sur cette entrevue, qualifiant l'\u00e9change de franc et constructif. \"Le voix du peuple","inLanguage":"fr-FR","isPartOf":{"@id":"https:\/\/lasentinelle.dz\/#website"},"breadcrumb":{"@id":"https:\/\/lasentinelle.dz\/index.php\/2025\/10\/01\/le-president-tebboune-recoit-le-president-du-parti-sawt-echaab-osmani-nous-avons-dune-classe-politique-forte\/#breadcrumblist"},"author":{"@id":"https:\/\/lasentinelle.dz\/author\/admin\/#author"},"creator":{"@id":"https:\/\/lasentinelle.dz\/author\/admin\/#author"},"image":{"@type":"ImageObject","url":"https:\/\/lasentinelle.dz\/wp-content\/uploads\/2025\/10\/cap.jpg","@id":"https:\/\/lasentinelle.dz\/index.php\/2025\/10\/01\/le-president-tebboune-recoit-le-president-du-parti-sawt-echaab-osmani-nous-avons-dune-classe-politique-forte\/#mainImage","width":780,"height":470},"primaryImageOfPage":{"@id":"https:\/\/lasentinelle.dz\/index.php\/2025\/10\/01\/le-president-tebboune-recoit-le-president-du-parti-sawt-echaab-osmani-nous-avons-dune-classe-politique-forte\/#mainImage"},"datePublished":"2025-10-01T13:36:33+01:00","dateModified":"2025-10-04T13:37:42+01:00"},{"@type":"WebSite","@id":"https:\/\/lasentinelle.dz\/#website","url":"https:\/\/lasentinelle.dz\/","name":"La Sentinelle","description":"Quotidien national d'information","inLanguage":"fr-FR","publisher":{"@id":"https:\/\/lasentinelle.dz\/#organization"}}]},"og:locale":"fr_FR","og:site_name":"La Sentinelle - Quotidien national d'information","og:type":"article","og:title":"Le pr\u00e9sident Tebboune re\u00e7oit le pr\u00e9sident du parti Sawt Echaab : Osmani \u00ab Nous avons d\u2019une classe politique forte - La Sentinelle","og:description":"Le pr\u00e9sident de la R\u00e9publique, Abdelmadjid Tebboune, a re\u00e7u mardi au si\u00e8ge de la pr\u00e9sidence de la R\u00e9publique le pr\u00e9sident du parti Sawt Echaab, Lamine Osmani, \u00e0 la demande de ce dernier. \u00c0 l'issue de l'audience, Lamine Osmani a livr\u00e9 ses impressions sur cette entrevue, qualifiant l'\u00e9change de franc et constructif. &quot;Le voix du peuple","og:url":"https:\/\/lasentinelle.dz\/index.php\/2025\/10\/01\/le-president-tebboune-recoit-le-president-du-parti-sawt-echaab-osmani-nous-avons-dune-classe-politique-forte\/","og:image":"https:\/\/lasentinelle.dz\/wp-content\/uploads\/2021\/09\/cropped-la-sentinelle-earth-golden-anima-5.gif","og:image:secure_url":"https:\/\/lasentinelle.dz\/wp-content\/uploads\/2021\/09\/cropped-la-sentinelle-earth-golden-anima-5.gif","og:image:width":450,"og:image:height":213,"article:published_time":"2025-10-01T12:36:33+00:00","article:modified_time":"2025-10-04T12:37:42+00:00","article:publisher":"https:\/\/www.facebook.com\/azzedine.lasentinelle.1","twitter:card":"summary_large_image","twitter:title":"Le pr\u00e9sident Tebboune re\u00e7oit le pr\u00e9sident du parti Sawt Echaab : Osmani \u00ab Nous avons d\u2019une classe politique forte - La Sentinelle","twitter:description":"Le pr\u00e9sident de la R\u00e9publique, Abdelmadjid Tebboune, a re\u00e7u mardi au si\u00e8ge de la pr\u00e9sidence de la R\u00e9publique le pr\u00e9sident du parti Sawt Echaab, Lamine Osmani, \u00e0 la demande de ce dernier. \u00c0 l'issue de l'audience, Lamine Osmani a livr\u00e9 ses impressions sur cette entrevue, qualifiant l'\u00e9change de franc et constructif. &quot;Le voix du peuple","twitter:image":"https:\/\/lasentinelle.dz\/wp-content\/uploads\/2021\/09\/cropped-la-sentinelle-earth-golden-anima-5.gif"},"aioseo_meta_data":{"post_id":"74187","title":null,"description":null,"keywords":null,"keyphrases":null,"primary_term":null,"canonical_url":null,"og_title":null,"og_description":null,"og_object_type":"default","og_image_type":"default","og_image_url":null,"og_image_width":null,"og_image_height":null,"og_image_custom_url":null,"og_image_custom_fields":null,"og_video":null,"og_custom_url":null,"og_article_section":null,"og_article_tags":null,"twitter_use_og":false,"twitter_card":"default","twitter_image_type":"default","twitter_image_url":null,"twitter_image_custom_url":null,"twitter_image_custom_fields":null,"twitter_title":null,"twitter_description":null,"schema":{"blockGraphs":[],"customGraphs":[],"default":{"data":{"Article":[],"Course":[],"Dataset":[],"FAQPage":[],"Movie":[],"Person":[],"Product":[],"ProductReview":[],"Car":[],"Recipe":[],"Service":[],"SoftwareApplication":[],"WebPage":[]},"graphName":"","isEnabled":true},"graphs":[]},"schema_type":"default","schema_type_options":null,"pillar_content":false,"robots_default":true,"robots_noindex":false,"robots_noarchive":false,"robots_nosnippet":false,"robots_nofollow":false,"robots_noimageindex":false,"robots_noodp":false,"robots_notranslate":false,"robots_max_snippet":null,"robots_max_videopreview":null,"robots_max_imagepreview":"large","priority":null,"frequency":null,"local_seo":null,"breadcrumb_settings":null,"limit_modified_date":false,"ai":null,"created":"2026-05-12 23:40:07","updated":"2026-05-12 23:40:07","focus_keyword":null,"additional_keywords":null,"truseo_locale":null,"seo_analyzer_scan_date":null},"aioseo_breadcrumb":"<div class=\"aioseo-breadcrumbs\"><span class=\"aioseo-breadcrumb\">\n\t\t\t<a href=\"https:\/\/lasentinelle.dz\" title=\"Home\">Home<\/a>\n\t\t<\/span><span class=\"aioseo-breadcrumb-separator\">&raquo;<\/span><span class=\"aioseo-breadcrumb\">\n\t\t\t<a href=\"https:\/\/lasentinelle.dz\/index.php\/category\/politique\/\" title=\"Politique\">Politique<\/a>\n\t\t<\/span><span class=\"aioseo-breadcrumb-separator\">&raquo;<\/span><span class=\"aioseo-breadcrumb\">\n\t\t\tLe pr\u00e9sident Tebboune re\u00e7oit le pr\u00e9sident du parti Sawt Echaab : Osmani \u00ab Nous avons d\u2019une classe politique forte\n\t\t<\/span><\/div>","aioseo_breadcrumb_json":[{"label":"Home","link":"https:\/\/lasentinelle.dz"},{"label":"Politique","link":"https:\/\/lasentinelle.dz\/index.php\/category\/politique\/"},{"label":"Le pr\u00e9sident Tebboune re\u00e7oit le pr\u00e9sident du parti Sawt Echaab\u00a0: Osmani \u00ab\u00a0Nous avons d\u2019une classe politique forte","link":"https:\/\/lasentinelle.dz\/index.php\/2025\/10\/01\/le-president-tebboune-recoit-le-president-du-parti-sawt-echaab-osmani-nous-avons-dune-classe-politique-forte\/"}],"yoast_head":"<!-- This site is optimized with the Yoast SEO plugin v28.3 - https:\/\/yoast.com\/product\/yoast-seo-wordpress\/ -->\n<title>Le pr\u00e9sident Tebboune re\u00e7oit le pr\u00e9sident du parti Sawt Echaab\u00a0: Osmani \u00ab\u00a0Nous avons d\u2019une classe politique forte - La Sentinelle<\/title>\n<meta name=\"robots\" content=\"index, follow, max-snippet:-1, max-image-preview:large, max-video-preview:-1\" \/>\n<link rel=\"canonical\" href=\"https:\/\/lasentinelle.dz\/index.php\/2025\/10\/01\/le-president-tebboune-recoit-le-president-du-parti-sawt-echaab-osmani-nous-avons-dune-classe-politique-forte\/\" \/>\n<meta property=\"og:locale\" content=\"fr_FR\" \/>\n<meta property=\"og:type\" content=\"article\" \/>\n<meta property=\"og:title\" content=\"Le pr\u00e9sident Tebboune re\u00e7oit le pr\u00e9sident du parti Sawt Echaab\u00a0: Osmani \u00ab\u00a0Nous avons d\u2019une classe politique forte - La Sentinelle\" \/>\n<meta property=\"og:description\" content=\"Le pr\u00e9sident de la R\u00e9publique, Abdelmadjid Tebboune, a re\u00e7u mardi au si\u00e8ge de la pr\u00e9sidence de la R\u00e9publique le pr\u00e9sident\" \/>\n<meta property=\"og:url\" content=\"https:\/\/lasentinelle.dz\/index.php\/2025\/10\/01\/le-president-tebboune-recoit-le-president-du-parti-sawt-echaab-osmani-nous-avons-dune-classe-politique-forte\/\" \/>\n<meta property=\"og:site_name\" content=\"La Sentinelle\" \/>\n<meta property=\"article:publisher\" content=\"https:\/\/www.facebook.com\/La-Sentinelle-104059864394773\" \/>\n<meta property=\"article:published_time\" content=\"2025-10-01T12:36:33+00:00\" \/>\n<meta property=\"article:modified_time\" content=\"2025-10-04T12:37:42+00:00\" \/>\n<meta property=\"og:image\" content=\"https:\/\/lasentinelle.dz\/wp-content\/uploads\/2025\/10\/cap.jpg\" \/>\n\t<meta property=\"og:image:width\" content=\"780\" \/>\n\t<meta property=\"og:image:height\" content=\"470\" \/>\n\t<meta property=\"og:image:type\" content=\"image\/jpeg\" \/>\n<meta name=\"author\" content=\"admin\" \/>\n<meta name=\"twitter:card\" content=\"summary_large_image\" \/>\n<meta name=\"twitter:label1\" content=\"\u00c9crit par\" \/>\n\t<meta name=\"twitter:data1\" content=\"admin\" \/>\n\t<meta name=\"twitter:label2\" content=\"Dur\u00e9e de lecture estim\u00e9e\" \/>\n\t<meta name=\"twitter:data2\" content=\"3 minutes\" \/>\n<script type=\"application\/ld+json\" class=\"yoast-schema-graph\">{\"@context\":\"https:\\\/\\\/schema.org\",\"@graph\":[{\"@type\":\"Article\",\"@id\":\"https:\\\/\\\/lasentinelle.dz\\\/index.php\\\/2025\\\/10\\\/01\\\/le-president-tebboune-recoit-le-president-du-parti-sawt-echaab-osmani-nous-avons-dune-classe-politique-forte\\\/#article\",\"isPartOf\":{\"@id\":\"https:\\\/\\\/lasentinelle.dz\\\/index.php\\\/2025\\\/10\\\/01\\\/le-president-tebboune-recoit-le-president-du-parti-sawt-echaab-osmani-nous-avons-dune-classe-politique-forte\\\/\"},\"author\":{\"name\":\"admin\",\"@id\":\"https:\\\/\\\/lasentinelle.dz\\\/#\\\/schema\\\/person\\\/729ee0024f24e0b8c5ec17232f8e8b41\"},\"headline\":\"Le pr\u00e9sident Tebboune re\u00e7oit le pr\u00e9sident du parti Sawt Echaab\u00a0: Osmani \u00ab\u00a0Nous avons d\u2019une classe politique forte\",\"datePublished\":\"2025-10-01T12:36:33+00:00\",\"dateModified\":\"2025-10-04T12:37:42+00:00\",\"mainEntityOfPage\":{\"@id\":\"https:\\\/\\\/lasentinelle.dz\\\/index.php\\\/2025\\\/10\\\/01\\\/le-president-tebboune-recoit-le-president-du-parti-sawt-echaab-osmani-nous-avons-dune-classe-politique-forte\\\/\"},\"wordCount\":506,\"commentCount\":0,\"publisher\":{\"@id\":\"https:\\\/\\\/lasentinelle.dz\\\/#organization\"},\"image\":{\"@id\":\"https:\\\/\\\/lasentinelle.dz\\\/index.php\\\/2025\\\/10\\\/01\\\/le-president-tebboune-recoit-le-president-du-parti-sawt-echaab-osmani-nous-avons-dune-classe-politique-forte\\\/#primaryimage\"},\"thumbnailUrl\":\"https:\\\/\\\/lasentinelle.dz\\\/wp-content\\\/uploads\\\/2025\\\/10\\\/cap.jpg\",\"articleSection\":[\"Politique\"],\"inLanguage\":\"fr-FR\",\"potentialAction\":[{\"@type\":\"CommentAction\",\"name\":\"Comment\",\"target\":[\"https:\\\/\\\/lasentinelle.dz\\\/index.php\\\/2025\\\/10\\\/01\\\/le-president-tebboune-recoit-le-president-du-parti-sawt-echaab-osmani-nous-avons-dune-classe-politique-forte\\\/#respond\"]}]},{\"@type\":\"WebPage\",\"@id\":\"https:\\\/\\\/lasentinelle.dz\\\/index.php\\\/2025\\\/10\\\/01\\\/le-president-tebboune-recoit-le-president-du-parti-sawt-echaab-osmani-nous-avons-dune-classe-politique-forte\\\/\",\"url\":\"https:\\\/\\\/lasentinelle.dz\\\/index.php\\\/2025\\\/10\\\/01\\\/le-president-tebboune-recoit-le-president-du-parti-sawt-echaab-osmani-nous-avons-dune-classe-politique-forte\\\/\",\"name\":\"Le pr\u00e9sident Tebboune re\u00e7oit le pr\u00e9sident du parti Sawt Echaab\u00a0: Osmani \u00ab\u00a0Nous avons d\u2019une classe politique forte - La Sentinelle\",\"isPartOf\":{\"@id\":\"https:\\\/\\\/lasentinelle.dz\\\/#website\"},\"primaryImageOfPage\":{\"@id\":\"https:\\\/\\\/lasentinelle.dz\\\/index.php\\\/2025\\\/10\\\/01\\\/le-president-tebboune-recoit-le-president-du-parti-sawt-echaab-osmani-nous-avons-dune-classe-politique-forte\\\/#primaryimage\"},\"image\":{\"@id\":\"https:\\\/\\\/lasentinelle.dz\\\/index.php\\\/2025\\\/10\\\/01\\\/le-president-tebboune-recoit-le-president-du-parti-sawt-echaab-osmani-nous-avons-dune-classe-politique-forte\\\/#primaryimage\"},\"thumbnailUrl\":\"https:\\\/\\\/lasentinelle.dz\\\/wp-content\\\/uploads\\\/2025\\\/10\\\/cap.jpg\",\"datePublished\":\"2025-10-01T12:36:33+00:00\",\"dateModified\":\"2025-10-04T12:37:42+00:00\",\"breadcrumb\":{\"@id\":\"https:\\\/\\\/lasentinelle.dz\\\/index.php\\\/2025\\\/10\\\/01\\\/le-president-tebboune-recoit-le-president-du-parti-sawt-echaab-osmani-nous-avons-dune-classe-politique-forte\\\/#breadcrumb\"},\"inLanguage\":\"fr-FR\",\"potentialAction\":[{\"@type\":\"ReadAction\",\"target\":[\"https:\\\/\\\/lasentinelle.dz\\\/index.php\\\/2025\\\/10\\\/01\\\/le-president-tebboune-recoit-le-president-du-parti-sawt-echaab-osmani-nous-avons-dune-classe-politique-forte\\\/\"]}]},{\"@type\":\"ImageObject\",\"inLanguage\":\"fr-FR\",\"@id\":\"https:\\\/\\\/lasentinelle.dz\\\/index.php\\\/2025\\\/10\\\/01\\\/le-president-tebboune-recoit-le-president-du-parti-sawt-echaab-osmani-nous-avons-dune-classe-politique-forte\\\/#primaryimage\",\"url\":\"https:\\\/\\\/lasentinelle.dz\\\/wp-content\\\/uploads\\\/2025\\\/10\\\/cap.jpg\",\"contentUrl\":\"https:\\\/\\\/lasentinelle.dz\\\/wp-content\\\/uploads\\\/2025\\\/10\\\/cap.jpg\",\"width\":780,\"height\":470},{\"@type\":\"BreadcrumbList\",\"@id\":\"https:\\\/\\\/lasentinelle.dz\\\/index.php\\\/2025\\\/10\\\/01\\\/le-president-tebboune-recoit-le-president-du-parti-sawt-echaab-osmani-nous-avons-dune-classe-politique-forte\\\/#breadcrumb\",\"itemListElement\":[{\"@type\":\"ListItem\",\"position\":1,\"name\":\"Accueil\",\"item\":\"https:\\\/\\\/lasentinelle.dz\\\/\"},{\"@type\":\"ListItem\",\"position\":2,\"name\":\"Le pr\u00e9sident Tebboune re\u00e7oit le pr\u00e9sident du parti Sawt Echaab\u00a0: Osmani \u00ab\u00a0Nous avons d\u2019une classe politique forte\"}]},{\"@type\":\"WebSite\",\"@id\":\"https:\\\/\\\/lasentinelle.dz\\\/#website\",\"url\":\"https:\\\/\\\/lasentinelle.dz\\\/\",\"name\":\"La Sentinelle\",\"description\":\"Quotidien national d&#039;information\",\"publisher\":{\"@id\":\"https:\\\/\\\/lasentinelle.dz\\\/#organization\"},\"potentialAction\":[{\"@type\":\"SearchAction\",\"target\":{\"@type\":\"EntryPoint\",\"urlTemplate\":\"https:\\\/\\\/lasentinelle.dz\\\/?s={search_term_string}\"},\"query-input\":{\"@type\":\"PropertyValueSpecification\",\"valueRequired\":true,\"valueName\":\"search_term_string\"}}],\"inLanguage\":\"fr-FR\"},{\"@type\":\"Organization\",\"@id\":\"https:\\\/\\\/lasentinelle.dz\\\/#organization\",\"name\":\"Quotidien La Sentinelle\",\"url\":\"https:\\\/\\\/lasentinelle.dz\\\/\",\"logo\":{\"@type\":\"ImageObject\",\"inLanguage\":\"fr-FR\",\"@id\":\"https:\\\/\\\/lasentinelle.dz\\\/#\\\/schema\\\/logo\\\/image\\\/\",\"url\":\"https:\\\/\\\/lasentinelle.dz\\\/wp-content\\\/uploads\\\/2021\\\/09\\\/logo-sentinelleSLOGAN-1.png\",\"contentUrl\":\"https:\\\/\\\/lasentinelle.dz\\\/wp-content\\\/uploads\\\/2021\\\/09\\\/logo-sentinelleSLOGAN-1.png\",\"width\":615,\"height\":142,\"caption\":\"Quotidien La Sentinelle\"},\"image\":{\"@id\":\"https:\\\/\\\/lasentinelle.dz\\\/#\\\/schema\\\/logo\\\/image\\\/\"},\"sameAs\":[\"https:\\\/\\\/www.facebook.com\\\/La-Sentinelle-104059864394773\"]},{\"@type\":\"Person\",\"@id\":\"https:\\\/\\\/lasentinelle.dz\\\/#\\\/schema\\\/person\\\/729ee0024f24e0b8c5ec17232f8e8b41\",\"name\":\"admin\",\"image\":{\"@type\":\"ImageObject\",\"inLanguage\":\"fr-FR\",\"@id\":\"https:\\\/\\\/secure.gravatar.com\\\/avatar\\\/4c81fed838786e9b53f540bf46533e750f5d292099ae3b66cfc6fb1982e29df7?s=96&d=mm&r=g\",\"url\":\"https:\\\/\\\/secure.gravatar.com\\\/avatar\\\/4c81fed838786e9b53f540bf46533e750f5d292099ae3b66cfc6fb1982e29df7?s=96&d=mm&r=g\",\"contentUrl\":\"https:\\\/\\\/secure.gravatar.com\\\/avatar\\\/4c81fed838786e9b53f540bf46533e750f5d292099ae3b66cfc6fb1982e29df7?s=96&d=mm&r=g\",\"caption\":\"admin\"},\"description\":\"admin\",\"url\":\"https:\\\/\\\/lasentinelle.dz\\\/author\\\/admin\\\/\"}]}<\/script>\n<!-- \/ Yoast SEO plugin. -->","yoast_head_json":{"title":"Le pr\u00e9sident Tebboune re\u00e7oit le pr\u00e9sident du parti Sawt Echaab\u00a0: Osmani \u00ab\u00a0Nous avons d\u2019une classe politique forte - La Sentinelle","robots":{"index":"index","follow":"follow","max-snippet":"max-snippet:-1","max-image-preview":"max-image-preview:large","max-video-preview":"max-video-preview:-1"},"canonical":"https:\/\/lasentinelle.dz\/index.php\/2025\/10\/01\/le-president-tebboune-recoit-le-president-du-parti-sawt-echaab-osmani-nous-avons-dune-classe-politique-forte\/","og_locale":"fr_FR","og_type":"article","og_title":"Le pr\u00e9sident Tebboune re\u00e7oit le pr\u00e9sident du parti Sawt Echaab\u00a0: Osmani \u00ab\u00a0Nous avons d\u2019une classe politique forte - La Sentinelle","og_description":"Le pr\u00e9sident de la R\u00e9publique, Abdelmadjid Tebboune, a re\u00e7u mardi au si\u00e8ge de la pr\u00e9sidence de la R\u00e9publique le pr\u00e9sident","og_url":"https:\/\/lasentinelle.dz\/index.php\/2025\/10\/01\/le-president-tebboune-recoit-le-president-du-parti-sawt-echaab-osmani-nous-avons-dune-classe-politique-forte\/","og_site_name":"La Sentinelle","article_publisher":"https:\/\/www.facebook.com\/La-Sentinelle-104059864394773","article_published_time":"2025-10-01T12:36:33+00:00","article_modified_time":"2025-10-04T12:37:42+00:00","og_image":[{"width":780,"height":470,"url":"https:\/\/lasentinelle.dz\/wp-content\/uploads\/2025\/10\/cap.jpg","type":"image\/jpeg"}],"author":"admin","twitter_card":"summary_large_image","twitter_misc":{"\u00c9crit par":"admin","Dur\u00e9e de lecture estim\u00e9e":"3 minutes"},"schema":{"@context":"https:\/\/schema.org","@graph":[{"@type":"Article","@id":"https:\/\/lasentinelle.dz\/index.php\/2025\/10\/01\/le-president-tebboune-recoit-le-president-du-parti-sawt-echaab-osmani-nous-avons-dune-classe-politique-forte\/#article","isPartOf":{"@id":"https:\/\/lasentinelle.dz\/index.php\/2025\/10\/01\/le-president-tebboune-recoit-le-president-du-parti-sawt-echaab-osmani-nous-avons-dune-classe-politique-forte\/"},"author":{"name":"admin","@id":"https:\/\/lasentinelle.dz\/#\/schema\/person\/729ee0024f24e0b8c5ec17232f8e8b41"},"headline":"Le pr\u00e9sident Tebboune re\u00e7oit le pr\u00e9sident du parti Sawt Echaab\u00a0: Osmani \u00ab\u00a0Nous avons d\u2019une classe politique forte","datePublished":"2025-10-01T12:36:33+00:00","dateModified":"2025-10-04T12:37:42+00:00","mainEntityOfPage":{"@id":"https:\/\/lasentinelle.dz\/index.php\/2025\/10\/01\/le-president-tebboune-recoit-le-president-du-parti-sawt-echaab-osmani-nous-avons-dune-classe-politique-forte\/"},"wordCount":506,"commentCount":0,"publisher":{"@id":"https:\/\/lasentinelle.dz\/#organization"},"image":{"@id":"https:\/\/lasentinelle.dz\/index.php\/2025\/10\/01\/le-president-tebboune-recoit-le-president-du-parti-sawt-echaab-osmani-nous-avons-dune-classe-politique-forte\/#primaryimage"},"thumbnailUrl":"https:\/\/lasentinelle.dz\/wp-content\/uploads\/2025\/10\/cap.jpg","articleSection":["Politique"],"inLanguage":"fr-FR","potentialAction":[{"@type":"CommentAction","name":"Comment","target":["https:\/\/lasentinelle.dz\/index.php\/2025\/10\/01\/le-president-tebboune-recoit-le-president-du-parti-sawt-echaab-osmani-nous-avons-dune-classe-politique-forte\/#respond"]}]},{"@type":"WebPage","@id":"https:\/\/lasentinelle.dz\/index.php\/2025\/10\/01\/le-president-tebboune-recoit-le-president-du-parti-sawt-echaab-osmani-nous-avons-dune-classe-politique-forte\/","url":"https:\/\/lasentinelle.dz\/index.php\/2025\/10\/01\/le-president-tebboune-recoit-le-president-du-parti-sawt-echaab-osmani-nous-avons-dune-classe-politique-forte\/","name":"Le pr\u00e9sident Tebboune re\u00e7oit le pr\u00e9sident du parti Sawt Echaab\u00a0: Osmani \u00ab\u00a0Nous avons d\u2019une classe politique forte - La Sentinelle","isPartOf":{"@id":"https:\/\/lasentinelle.dz\/#website"},"primaryImageOfPage":{"@id":"https:\/\/lasentinelle.dz\/index.php\/2025\/10\/01\/le-president-tebboune-recoit-le-president-du-parti-sawt-echaab-osmani-nous-avons-dune-classe-politique-forte\/#primaryimage"},"image":{"@id":"https:\/\/lasentinelle.dz\/index.php\/2025\/10\/01\/le-president-tebboune-recoit-le-president-du-parti-sawt-echaab-osmani-nous-avons-dune-classe-politique-forte\/#primaryimage"},"thumbnailUrl":"https:\/\/lasentinelle.dz\/wp-content\/uploads\/2025\/10\/cap.jpg","datePublished":"2025-10-01T12:36:33+00:00","dateModified":"2025-10-04T12:37:42+00:00","breadcrumb":{"@id":"https:\/\/lasentinelle.dz\/index.php\/2025\/10\/01\/le-president-tebboune-recoit-le-president-du-parti-sawt-echaab-osmani-nous-avons-dune-classe-politique-forte\/#breadcrumb"},"inLanguage":"fr-FR","potentialAction":[{"@type":"ReadAction","target":["https:\/\/lasentinelle.dz\/index.php\/2025\/10\/01\/le-president-tebboune-recoit-le-president-du-parti-sawt-echaab-osmani-nous-avons-dune-classe-politique-forte\/"]}]},{"@type":"ImageObject","inLanguage":"fr-FR","@id":"https:\/\/lasentinelle.dz\/index.php\/2025\/10\/01\/le-president-tebboune-recoit-le-president-du-parti-sawt-echaab-osmani-nous-avons-dune-classe-politique-forte\/#primaryimage","url":"https:\/\/lasentinelle.dz\/wp-content\/uploads\/2025\/10\/cap.jpg","contentUrl":"https:\/\/lasentinelle.dz\/wp-content\/uploads\/2025\/10\/cap.jpg","width":780,"height":470},{"@type":"BreadcrumbList","@id":"https:\/\/lasentinelle.dz\/index.php\/2025\/10\/01\/le-president-tebboune-recoit-le-president-du-parti-sawt-echaab-osmani-nous-avons-dune-classe-politique-forte\/#breadcrumb","itemListElement":[{"@type":"ListItem","position":1,"name":"Accueil","item":"https:\/\/lasentinelle.dz\/"},{"@type":"ListItem","position":2,"name":"Le pr\u00e9sident Tebboune re\u00e7oit le pr\u00e9sident du parti Sawt Echaab\u00a0: Osmani \u00ab\u00a0Nous avons d\u2019une classe politique forte"}]},{"@type":"WebSite","@id":"https:\/\/lasentinelle.dz\/#website","url":"https:\/\/lasentinelle.dz\/","name":"La Sentinelle","description":"Quotidien national d&#039;information","publisher":{"@id":"https:\/\/lasentinelle.dz\/#organization"},"potentialAction":[{"@type":"SearchAction","target":{"@type":"EntryPoint","urlTemplate":"https:\/\/lasentinelle.dz\/?s={search_term_string}"},"query-input":{"@type":"PropertyValueSpecification","valueRequired":true,"valueName":"search_term_string"}}],"inLanguage":"fr-FR"},{"@type":"Organization","@id":"https:\/\/lasentinelle.dz\/#organization","name":"Quotidien La Sentinelle","url":"https:\/\/lasentinelle.dz\/","logo":{"@type":"ImageObject","inLanguage":"fr-FR","@id":"https:\/\/lasentinelle.dz\/#\/schema\/logo\/image\/","url":"https:\/\/lasentinelle.dz\/wp-content\/uploads\/2021\/09\/logo-sentinelleSLOGAN-1.png","contentUrl":"https:\/\/lasentinelle.dz\/wp-content\/uploads\/2021\/09\/logo-sentinelleSLOGAN-1.png","width":615,"height":142,"caption":"Quotidien La Sentinelle"},"image":{"@id":"https:\/\/lasentinelle.dz\/#\/schema\/logo\/image\/"},"sameAs":["https:\/\/www.facebook.com\/La-Sentinelle-104059864394773"]},{"@type":"Person","@id":"https:\/\/lasentinelle.dz\/#\/schema\/person\/729ee0024f24e0b8c5ec17232f8e8b41","name":"admin","image":{"@type":"ImageObject","inLanguage":"fr-FR","@id":"https:\/\/secure.gravatar.com\/avatar\/4c81fed838786e9b53f540bf46533e750f5d292099ae3b66cfc6fb1982e29df7?s=96&d=mm&r=g","url":"https:\/\/secure.gravatar.com\/avatar\/4c81fed838786e9b53f540bf46533e750f5d292099ae3b66cfc6fb1982e29df7?s=96&d=mm&r=g","contentUrl":"https:\/\/secure.gravatar.com\/avatar\/4c81fed838786e9b53f540bf46533e750f5d292099ae3b66cfc6fb1982e29df7?s=96&d=mm&r=g","caption":"admin"},"description":"admin","url":"https:\/\/lasentinelle.dz\/author\/admin\/"}]}},"_links":{"self":[{"href":"https:\/\/lasentinelle.dz\/index.php\/wp-json\/wp\/v2\/posts\/74187","targetHints":{"allow":["GET"]}}],"collection":[{"href":"https:\/\/lasentinelle.dz\/index.php\/wp-json\/wp\/v2\/posts"}],"about":[{"href":"https:\/\/lasentinelle.dz\/index.php\/wp-json\/wp\/v2\/types\/post"}],"author":[{"embeddable":true,"href":"https:\/\/lasentinelle.dz\/index.php\/wp-json\/wp\/v2\/users\/6"}],"replies":[{"embeddable":true,"href":"https:\/\/lasentinelle.dz\/index.php\/wp-json\/wp\/v2\/comments?post=74187"}],"version-history":[{"count":1,"href":"https:\/\/lasentinelle.dz\/index.php\/wp-json\/wp\/v2\/posts\/74187\/revisions"}],"predecessor-version":[{"id":74189,"href":"https:\/\/lasentinelle.dz\/index.php\/wp-json\/wp\/v2\/posts\/74187\/revisions\/74189"}],"wp:featuredmedia":[{"embeddable":true,"href":"https:\/\/lasentinelle.dz\/index.php\/wp-json\/wp\/v2\/media\/74188"}],"wp:attachment":[{"href":"https:\/\/lasentinelle.dz\/index.php\/wp-json\/wp\/v2\/media?parent=74187"}],"wp:term":[{"taxonomy":"category","embeddable":true,"href":"https:\/\/lasentinelle.dz\/index.php\/wp-json\/wp\/v2\/categories?post=74187"},{"taxonomy":"post_tag","embeddable":true,"href":"https:\/\/lasentinelle.dz\/index.php\/wp-json\/wp\/v2\/tags?post=74187"}],"curies":[{"name":"wp","href":"https:\/\/api.w.org\/{rel}","templated":true}]}}