{"id":74248,"date":"2025-10-05T13:48:27","date_gmt":"2025-10-05T12:48:27","guid":{"rendered":"https:\/\/lasentinelle.dz\/?p=74248"},"modified":"2025-10-05T13:48:28","modified_gmt":"2025-10-05T12:48:28","slug":"six-algeriens-de-la-flottille-de-la-solidarite-sumud-expulses-vers-la-turquie","status":"publish","type":"post","link":"https:\/\/lasentinelle.dz\/index.php\/2025\/10\/05\/six-algeriens-de-la-flottille-de-la-solidarite-sumud-expulses-vers-la-turquie\/","title":{"rendered":"Six Alg\u00e9riens de la flottille de la solidarit\u00e9 Sumud expuls\u00e9s vers la Turquie"},"content":{"rendered":"\n<p class=\"wp-block-paragraph\">La Coordination alg\u00e9rienne populaire de soutien \u00e0 la Palestine a annonc\u00e9 samedi l&rsquo;expulsion vers la Turquie de six Alg\u00e9riens participant \u00e0 la flottille mondiale de la r\u00e9sistance. Il s&rsquo;agit d&rsquo;Abderrazak Mokri, Ammar Ounas, Zoubida Kherbache, Ahmed Fawzi Bouaziz, Tayeb Mahdan et Mohamed Zakri Bendada. La Coordination a rassur\u00e9 l&rsquo;opinion publique sur l&rsquo;\u00e9tat des d\u00e9tenus alg\u00e9riens dans les prisons de l&rsquo;occupation isra\u00e9lienne, affirmant qu&rsquo;ils \u00ab\u00a0vont bien et b\u00e9n\u00e9ficient d&rsquo;un suivi juridique et psychologique direct\u00a0\u00bb. Malgr\u00e9 les menaces prof\u00e9r\u00e9es par le ministre de l&rsquo;Int\u00e9rieur de l&rsquo;occupation au port d&rsquo;Ashdod, le moral des participants alg\u00e9riens reste \u00e9lev\u00e9. Ils ont transmis via leurs avocats leurs salutations \u00e0 leurs familles et au peuple alg\u00e9rien, r\u00e9affirmant leur d\u00e9termination \u00e0 poursuivre leur message de solidarit\u00e9 avec la Palestine et sa cause juste. Pr\u00e8s de 280 participants ont comparu devant le tribunal de l&rsquo;immigration, dont 200 sans assistance juridique, tandis que 200 autres proc\u00e8s ont \u00e9t\u00e9 report\u00e9s \u00e0 samedi.<\/p>\n\n\n\n<p class=\"wp-block-paragraph\">R.N.<\/p>\n","protected":false},"excerpt":{"rendered":"<p>La Coordination alg\u00e9rienne populaire de soutien \u00e0 la Palestine a annonc\u00e9 samedi l&rsquo;expulsion vers la Turquie de six Alg\u00e9riens participant<\/p>\n","protected":false},"author":6,"featured_media":74249,"comment_status":"open","ping_status":"closed","sticky":false,"template":"","format":"standard","meta":{"colormag_page_container_layout":"default_layout","colormag_page_sidebar_layout":"default_layout","om_disable_all_campaigns":false,"_monsterinsights_skip_tracking":false,"footnotes":"","_wpscppro_dont_share_socialmedia":false,"_wpscppro_custom_social_share_image":0,"_facebook_share_type":"default","_twitter_share_type":"default","_linkedin_share_type":"default","_pinterest_share_type":"default","_linkedin_share_type_page":"","_instagram_share_type":"default","_medium_share_type":"default","_threads_share_type":"default","_google_business_share_type":"default","_bluesky_share_type":"","_mastodon_share_type":"","_selected_social_profile":[],"_wpsp_enable_custom_social_template":false,"_wpsp_social_scheduling":{"enabled":false,"datetime":null,"platforms":[],"status":"template_only","dateOption":"today","timeOption":"now","customDays":"","customHours":"","customDate":"","customTime":"","schedulingType":"absolute"},"_wpsp_active_default_template":true},"categories":[37],"tags":[],"class_list":["post-74248","post","type-post","status-publish","format-standard","has-post-thumbnail","hentry","category-monde"],"aioseo_notices":[],"aioseo_head":"\n\t\t<!-- All in One SEO 5.0.0.1 - aioseo.com -->\n\t<meta name=\"description\" content=\"La Coordination alg\u00e9rienne populaire de soutien \u00e0 la Palestine a annonc\u00e9 samedi l&#039;expulsion vers la Turquie de six Alg\u00e9riens participant \u00e0 la flottille mondiale de la r\u00e9sistance. Il s&#039;agit d&#039;Abderrazak Mokri, Ammar Ounas, Zoubida Kherbache, Ahmed Fawzi Bouaziz, Tayeb Mahdan et Mohamed Zakri Bendada. La Coordination a rassur\u00e9 l&#039;opinion publique sur l&#039;\u00e9tat des d\u00e9tenus alg\u00e9riens\" \/>\n\t<meta name=\"robots\" content=\"max-image-preview:large\" \/>\n\t<meta name=\"author\" content=\"admin\"\/>\n\t<link rel=\"canonical\" href=\"https:\/\/lasentinelle.dz\/index.php\/2025\/10\/05\/six-algeriens-de-la-flottille-de-la-solidarite-sumud-expulses-vers-la-turquie\/\" \/>\n\t<meta name=\"generator\" content=\"All in One SEO (AIOSEO) 5.0.0.1\" \/>\n\t\t<meta property=\"og:locale\" content=\"fr_FR\" \/>\n\t\t<meta property=\"og:site_name\" content=\"La Sentinelle - Quotidien national d&#039;information\" \/>\n\t\t<meta property=\"og:type\" content=\"article\" \/>\n\t\t<meta property=\"og:title\" content=\"Six Alg\u00e9riens de la flottille de la solidarit\u00e9 Sumud expuls\u00e9s vers la Turquie - La Sentinelle\" \/>\n\t\t<meta property=\"og:description\" content=\"La Coordination alg\u00e9rienne populaire de soutien \u00e0 la Palestine a annonc\u00e9 samedi l&#039;expulsion vers la Turquie de six Alg\u00e9riens participant \u00e0 la flottille mondiale de la r\u00e9sistance. Il s&#039;agit d&#039;Abderrazak Mokri, Ammar Ounas, Zoubida Kherbache, Ahmed Fawzi Bouaziz, Tayeb Mahdan et Mohamed Zakri Bendada. La Coordination a rassur\u00e9 l&#039;opinion publique sur l&#039;\u00e9tat des d\u00e9tenus alg\u00e9riens\" \/>\n\t\t<meta property=\"og:url\" content=\"https:\/\/lasentinelle.dz\/index.php\/2025\/10\/05\/six-algeriens-de-la-flottille-de-la-solidarite-sumud-expulses-vers-la-turquie\/\" \/>\n\t\t<meta property=\"og:image\" content=\"https:\/\/lasentinelle.dz\/wp-content\/uploads\/2021\/09\/cropped-la-sentinelle-earth-golden-anima-5.gif\" \/>\n\t\t<meta property=\"og:image:secure_url\" content=\"https:\/\/lasentinelle.dz\/wp-content\/uploads\/2021\/09\/cropped-la-sentinelle-earth-golden-anima-5.gif\" \/>\n\t\t<meta property=\"og:image:width\" content=\"450\" \/>\n\t\t<meta property=\"og:image:height\" content=\"213\" \/>\n\t\t<meta property=\"article:published_time\" content=\"2025-10-05T12:48:27+00:00\" \/>\n\t\t<meta property=\"article:modified_time\" content=\"2025-10-05T12:48:28+00:00\" \/>\n\t\t<meta property=\"article:publisher\" content=\"https:\/\/www.facebook.com\/azzedine.lasentinelle.1\" \/>\n\t\t<meta name=\"twitter:card\" content=\"summary_large_image\" \/>\n\t\t<meta name=\"twitter:title\" content=\"Six Alg\u00e9riens de la flottille de la solidarit\u00e9 Sumud expuls\u00e9s vers la Turquie - La Sentinelle\" \/>\n\t\t<meta name=\"twitter:description\" content=\"La Coordination alg\u00e9rienne populaire de soutien \u00e0 la Palestine a annonc\u00e9 samedi l&#039;expulsion vers la Turquie de six Alg\u00e9riens participant \u00e0 la flottille mondiale de la r\u00e9sistance. Il s&#039;agit d&#039;Abderrazak Mokri, Ammar Ounas, Zoubida Kherbache, Ahmed Fawzi Bouaziz, Tayeb Mahdan et Mohamed Zakri Bendada. La Coordination a rassur\u00e9 l&#039;opinion publique sur l&#039;\u00e9tat des d\u00e9tenus alg\u00e9riens\" \/>\n\t\t<meta name=\"twitter:image\" content=\"https:\/\/lasentinelle.dz\/wp-content\/uploads\/2021\/09\/cropped-la-sentinelle-earth-golden-anima-5.gif\" \/>\n\t\t<script type=\"application\/ld+json\" class=\"aioseo-schema\">\n\t\t\t{\"@context\":\"https:\\\/\\\/schema.org\",\"@graph\":[{\"@type\":\"BlogPosting\",\"@id\":\"https:\\\/\\\/lasentinelle.dz\\\/index.php\\\/2025\\\/10\\\/05\\\/six-algeriens-de-la-flottille-de-la-solidarite-sumud-expulses-vers-la-turquie\\\/#blogposting\",\"name\":\"Six Alg\\u00e9riens de la flottille de la solidarit\\u00e9 Sumud expuls\\u00e9s vers la Turquie - La Sentinelle\",\"headline\":\"Six Alg\\u00e9riens de la flottille de la solidarit\\u00e9 Sumud expuls\\u00e9s vers la Turquie\",\"author\":{\"@id\":\"https:\\\/\\\/lasentinelle.dz\\\/author\\\/admin\\\/#author\"},\"publisher\":{\"@id\":\"https:\\\/\\\/lasentinelle.dz\\\/#organization\"},\"image\":{\"@type\":\"ImageObject\",\"url\":\"https:\\\/\\\/lasentinelle.dz\\\/wp-content\\\/uploads\\\/2025\\\/10\\\/Flottille-somoud.webp\",\"width\":1200,\"height\":675},\"datePublished\":\"2025-10-05T13:48:27+01:00\",\"dateModified\":\"2025-10-05T13:48:28+01:00\",\"inLanguage\":\"fr-FR\",\"mainEntityOfPage\":{\"@id\":\"https:\\\/\\\/lasentinelle.dz\\\/index.php\\\/2025\\\/10\\\/05\\\/six-algeriens-de-la-flottille-de-la-solidarite-sumud-expulses-vers-la-turquie\\\/#webpage\"},\"isPartOf\":{\"@id\":\"https:\\\/\\\/lasentinelle.dz\\\/index.php\\\/2025\\\/10\\\/05\\\/six-algeriens-de-la-flottille-de-la-solidarite-sumud-expulses-vers-la-turquie\\\/#webpage\"},\"articleSection\":\"Monde\"},{\"@type\":\"BreadcrumbList\",\"@id\":\"https:\\\/\\\/lasentinelle.dz\\\/index.php\\\/2025\\\/10\\\/05\\\/six-algeriens-de-la-flottille-de-la-solidarite-sumud-expulses-vers-la-turquie\\\/#breadcrumblist\",\"itemListElement\":[{\"@type\":\"ListItem\",\"@id\":\"https:\\\/\\\/lasentinelle.dz#listItem\",\"position\":1,\"name\":\"Home\",\"item\":\"https:\\\/\\\/lasentinelle.dz\",\"nextItem\":{\"@type\":\"ListItem\",\"@id\":\"https:\\\/\\\/lasentinelle.dz\\\/index.php\\\/category\\\/monde\\\/#listItem\",\"name\":\"Monde\"}},{\"@type\":\"ListItem\",\"@id\":\"https:\\\/\\\/lasentinelle.dz\\\/index.php\\\/category\\\/monde\\\/#listItem\",\"position\":2,\"name\":\"Monde\",\"item\":\"https:\\\/\\\/lasentinelle.dz\\\/index.php\\\/category\\\/monde\\\/\",\"nextItem\":{\"@type\":\"ListItem\",\"@id\":\"https:\\\/\\\/lasentinelle.dz\\\/index.php\\\/2025\\\/10\\\/05\\\/six-algeriens-de-la-flottille-de-la-solidarite-sumud-expulses-vers-la-turquie\\\/#listItem\",\"name\":\"Six Alg\\u00e9riens de la flottille de la solidarit\\u00e9 Sumud expuls\\u00e9s vers la Turquie\"},\"previousItem\":{\"@type\":\"ListItem\",\"@id\":\"https:\\\/\\\/lasentinelle.dz#listItem\",\"name\":\"Home\"}},{\"@type\":\"ListItem\",\"@id\":\"https:\\\/\\\/lasentinelle.dz\\\/index.php\\\/2025\\\/10\\\/05\\\/six-algeriens-de-la-flottille-de-la-solidarite-sumud-expulses-vers-la-turquie\\\/#listItem\",\"position\":3,\"name\":\"Six Alg\\u00e9riens de la flottille de la solidarit\\u00e9 Sumud expuls\\u00e9s vers la Turquie\",\"previousItem\":{\"@type\":\"ListItem\",\"@id\":\"https:\\\/\\\/lasentinelle.dz\\\/index.php\\\/category\\\/monde\\\/#listItem\",\"name\":\"Monde\"}}]},{\"@type\":\"Organization\",\"@id\":\"https:\\\/\\\/lasentinelle.dz\\\/#organization\",\"name\":\"La Sentinelle La Sentinelle\",\"description\":\"Quotidien national d'information\",\"url\":\"https:\\\/\\\/lasentinelle.dz\\\/\",\"logo\":{\"@type\":\"ImageObject\",\"url\":\"https:\\\/\\\/lasentinelle.dz\\\/wp-content\\\/uploads\\\/2021\\\/09\\\/cropped-la-sentinelle-earth-golden-anima-5.gif\",\"@id\":\"https:\\\/\\\/lasentinelle.dz\\\/index.php\\\/2025\\\/10\\\/05\\\/six-algeriens-de-la-flottille-de-la-solidarite-sumud-expulses-vers-la-turquie\\\/#organizationLogo\",\"width\":450,\"height\":213},\"image\":{\"@id\":\"https:\\\/\\\/lasentinelle.dz\\\/index.php\\\/2025\\\/10\\\/05\\\/six-algeriens-de-la-flottille-de-la-solidarite-sumud-expulses-vers-la-turquie\\\/#organizationLogo\"},\"sameAs\":[\"https:\\\/\\\/www.facebook.com\\\/azzedine.lasentinelle.1\"]},{\"@type\":\"Person\",\"@id\":\"https:\\\/\\\/lasentinelle.dz\\\/author\\\/admin\\\/#author\",\"url\":\"https:\\\/\\\/lasentinelle.dz\\\/author\\\/admin\\\/\",\"name\":\"admin\",\"image\":{\"@type\":\"ImageObject\",\"@id\":\"https:\\\/\\\/lasentinelle.dz\\\/index.php\\\/2025\\\/10\\\/05\\\/six-algeriens-de-la-flottille-de-la-solidarite-sumud-expulses-vers-la-turquie\\\/#authorImage\",\"url\":\"https:\\\/\\\/secure.gravatar.com\\\/avatar\\\/4c81fed838786e9b53f540bf46533e750f5d292099ae3b66cfc6fb1982e29df7?s=96&d=mm&r=g\",\"width\":96,\"height\":96,\"caption\":\"admin\"}},{\"@type\":\"WebPage\",\"@id\":\"https:\\\/\\\/lasentinelle.dz\\\/index.php\\\/2025\\\/10\\\/05\\\/six-algeriens-de-la-flottille-de-la-solidarite-sumud-expulses-vers-la-turquie\\\/#webpage\",\"url\":\"https:\\\/\\\/lasentinelle.dz\\\/index.php\\\/2025\\\/10\\\/05\\\/six-algeriens-de-la-flottille-de-la-solidarite-sumud-expulses-vers-la-turquie\\\/\",\"name\":\"Six Alg\\u00e9riens de la flottille de la solidarit\\u00e9 Sumud expuls\\u00e9s vers la Turquie - La Sentinelle\",\"description\":\"La Coordination alg\\u00e9rienne populaire de soutien \\u00e0 la Palestine a annonc\\u00e9 samedi l'expulsion vers la Turquie de six Alg\\u00e9riens participant \\u00e0 la flottille mondiale de la r\\u00e9sistance. Il s'agit d'Abderrazak Mokri, Ammar Ounas, Zoubida Kherbache, Ahmed Fawzi Bouaziz, Tayeb Mahdan et Mohamed Zakri Bendada. La Coordination a rassur\\u00e9 l'opinion publique sur l'\\u00e9tat des d\\u00e9tenus alg\\u00e9riens\",\"inLanguage\":\"fr-FR\",\"isPartOf\":{\"@id\":\"https:\\\/\\\/lasentinelle.dz\\\/#website\"},\"breadcrumb\":{\"@id\":\"https:\\\/\\\/lasentinelle.dz\\\/index.php\\\/2025\\\/10\\\/05\\\/six-algeriens-de-la-flottille-de-la-solidarite-sumud-expulses-vers-la-turquie\\\/#breadcrumblist\"},\"author\":{\"@id\":\"https:\\\/\\\/lasentinelle.dz\\\/author\\\/admin\\\/#author\"},\"creator\":{\"@id\":\"https:\\\/\\\/lasentinelle.dz\\\/author\\\/admin\\\/#author\"},\"image\":{\"@type\":\"ImageObject\",\"url\":\"https:\\\/\\\/lasentinelle.dz\\\/wp-content\\\/uploads\\\/2025\\\/10\\\/Flottille-somoud.webp\",\"@id\":\"https:\\\/\\\/lasentinelle.dz\\\/index.php\\\/2025\\\/10\\\/05\\\/six-algeriens-de-la-flottille-de-la-solidarite-sumud-expulses-vers-la-turquie\\\/#mainImage\",\"width\":1200,\"height\":675},\"primaryImageOfPage\":{\"@id\":\"https:\\\/\\\/lasentinelle.dz\\\/index.php\\\/2025\\\/10\\\/05\\\/six-algeriens-de-la-flottille-de-la-solidarite-sumud-expulses-vers-la-turquie\\\/#mainImage\"},\"datePublished\":\"2025-10-05T13:48:27+01:00\",\"dateModified\":\"2025-10-05T13:48:28+01:00\"},{\"@type\":\"WebSite\",\"@id\":\"https:\\\/\\\/lasentinelle.dz\\\/#website\",\"url\":\"https:\\\/\\\/lasentinelle.dz\\\/\",\"name\":\"La Sentinelle\",\"description\":\"Quotidien national d'information\",\"inLanguage\":\"fr-FR\",\"publisher\":{\"@id\":\"https:\\\/\\\/lasentinelle.dz\\\/#organization\"}}]}\n\t\t<\/script>\n\t\t<!-- All in One SEO -->\n\n","aioseo_head_json":{"title":"Six Alg\u00e9riens de la flottille de la solidarit\u00e9 Sumud expuls\u00e9s vers la Turquie - La Sentinelle","description":"La Coordination alg\u00e9rienne populaire de soutien \u00e0 la Palestine a annonc\u00e9 samedi l'expulsion vers la Turquie de six Alg\u00e9riens participant \u00e0 la flottille mondiale de la r\u00e9sistance. Il s'agit d'Abderrazak Mokri, Ammar Ounas, Zoubida Kherbache, Ahmed Fawzi Bouaziz, Tayeb Mahdan et Mohamed Zakri Bendada. La Coordination a rassur\u00e9 l'opinion publique sur l'\u00e9tat des d\u00e9tenus alg\u00e9riens","canonical_url":"https:\/\/lasentinelle.dz\/index.php\/2025\/10\/05\/six-algeriens-de-la-flottille-de-la-solidarite-sumud-expulses-vers-la-turquie\/","robots":"max-image-preview:large","keywords":"","webmasterTools":{"miscellaneous":""},"schema":{"@context":"https:\/\/schema.org","@graph":[{"@type":"BlogPosting","@id":"https:\/\/lasentinelle.dz\/index.php\/2025\/10\/05\/six-algeriens-de-la-flottille-de-la-solidarite-sumud-expulses-vers-la-turquie\/#blogposting","name":"Six Alg\u00e9riens de la flottille de la solidarit\u00e9 Sumud expuls\u00e9s vers la Turquie - La Sentinelle","headline":"Six Alg\u00e9riens de la flottille de la solidarit\u00e9 Sumud expuls\u00e9s vers la Turquie","author":{"@id":"https:\/\/lasentinelle.dz\/author\/admin\/#author"},"publisher":{"@id":"https:\/\/lasentinelle.dz\/#organization"},"image":{"@type":"ImageObject","url":"https:\/\/lasentinelle.dz\/wp-content\/uploads\/2025\/10\/Flottille-somoud.webp","width":1200,"height":675},"datePublished":"2025-10-05T13:48:27+01:00","dateModified":"2025-10-05T13:48:28+01:00","inLanguage":"fr-FR","mainEntityOfPage":{"@id":"https:\/\/lasentinelle.dz\/index.php\/2025\/10\/05\/six-algeriens-de-la-flottille-de-la-solidarite-sumud-expulses-vers-la-turquie\/#webpage"},"isPartOf":{"@id":"https:\/\/lasentinelle.dz\/index.php\/2025\/10\/05\/six-algeriens-de-la-flottille-de-la-solidarite-sumud-expulses-vers-la-turquie\/#webpage"},"articleSection":"Monde"},{"@type":"BreadcrumbList","@id":"https:\/\/lasentinelle.dz\/index.php\/2025\/10\/05\/six-algeriens-de-la-flottille-de-la-solidarite-sumud-expulses-vers-la-turquie\/#breadcrumblist","itemListElement":[{"@type":"ListItem","@id":"https:\/\/lasentinelle.dz#listItem","position":1,"name":"Home","item":"https:\/\/lasentinelle.dz","nextItem":{"@type":"ListItem","@id":"https:\/\/lasentinelle.dz\/index.php\/category\/monde\/#listItem","name":"Monde"}},{"@type":"ListItem","@id":"https:\/\/lasentinelle.dz\/index.php\/category\/monde\/#listItem","position":2,"name":"Monde","item":"https:\/\/lasentinelle.dz\/index.php\/category\/monde\/","nextItem":{"@type":"ListItem","@id":"https:\/\/lasentinelle.dz\/index.php\/2025\/10\/05\/six-algeriens-de-la-flottille-de-la-solidarite-sumud-expulses-vers-la-turquie\/#listItem","name":"Six Alg\u00e9riens de la flottille de la solidarit\u00e9 Sumud expuls\u00e9s vers la Turquie"},"previousItem":{"@type":"ListItem","@id":"https:\/\/lasentinelle.dz#listItem","name":"Home"}},{"@type":"ListItem","@id":"https:\/\/lasentinelle.dz\/index.php\/2025\/10\/05\/six-algeriens-de-la-flottille-de-la-solidarite-sumud-expulses-vers-la-turquie\/#listItem","position":3,"name":"Six Alg\u00e9riens de la flottille de la solidarit\u00e9 Sumud expuls\u00e9s vers la Turquie","previousItem":{"@type":"ListItem","@id":"https:\/\/lasentinelle.dz\/index.php\/category\/monde\/#listItem","name":"Monde"}}]},{"@type":"Organization","@id":"https:\/\/lasentinelle.dz\/#organization","name":"La Sentinelle La Sentinelle","description":"Quotidien national d'information","url":"https:\/\/lasentinelle.dz\/","logo":{"@type":"ImageObject","url":"https:\/\/lasentinelle.dz\/wp-content\/uploads\/2021\/09\/cropped-la-sentinelle-earth-golden-anima-5.gif","@id":"https:\/\/lasentinelle.dz\/index.php\/2025\/10\/05\/six-algeriens-de-la-flottille-de-la-solidarite-sumud-expulses-vers-la-turquie\/#organizationLogo","width":450,"height":213},"image":{"@id":"https:\/\/lasentinelle.dz\/index.php\/2025\/10\/05\/six-algeriens-de-la-flottille-de-la-solidarite-sumud-expulses-vers-la-turquie\/#organizationLogo"},"sameAs":["https:\/\/www.facebook.com\/azzedine.lasentinelle.1"]},{"@type":"Person","@id":"https:\/\/lasentinelle.dz\/author\/admin\/#author","url":"https:\/\/lasentinelle.dz\/author\/admin\/","name":"admin","image":{"@type":"ImageObject","@id":"https:\/\/lasentinelle.dz\/index.php\/2025\/10\/05\/six-algeriens-de-la-flottille-de-la-solidarite-sumud-expulses-vers-la-turquie\/#authorImage","url":"https:\/\/secure.gravatar.com\/avatar\/4c81fed838786e9b53f540bf46533e750f5d292099ae3b66cfc6fb1982e29df7?s=96&d=mm&r=g","width":96,"height":96,"caption":"admin"}},{"@type":"WebPage","@id":"https:\/\/lasentinelle.dz\/index.php\/2025\/10\/05\/six-algeriens-de-la-flottille-de-la-solidarite-sumud-expulses-vers-la-turquie\/#webpage","url":"https:\/\/lasentinelle.dz\/index.php\/2025\/10\/05\/six-algeriens-de-la-flottille-de-la-solidarite-sumud-expulses-vers-la-turquie\/","name":"Six Alg\u00e9riens de la flottille de la solidarit\u00e9 Sumud expuls\u00e9s vers la Turquie - La Sentinelle","description":"La Coordination alg\u00e9rienne populaire de soutien \u00e0 la Palestine a annonc\u00e9 samedi l'expulsion vers la Turquie de six Alg\u00e9riens participant \u00e0 la flottille mondiale de la r\u00e9sistance. Il s'agit d'Abderrazak Mokri, Ammar Ounas, Zoubida Kherbache, Ahmed Fawzi Bouaziz, Tayeb Mahdan et Mohamed Zakri Bendada. La Coordination a rassur\u00e9 l'opinion publique sur l'\u00e9tat des d\u00e9tenus alg\u00e9riens","inLanguage":"fr-FR","isPartOf":{"@id":"https:\/\/lasentinelle.dz\/#website"},"breadcrumb":{"@id":"https:\/\/lasentinelle.dz\/index.php\/2025\/10\/05\/six-algeriens-de-la-flottille-de-la-solidarite-sumud-expulses-vers-la-turquie\/#breadcrumblist"},"author":{"@id":"https:\/\/lasentinelle.dz\/author\/admin\/#author"},"creator":{"@id":"https:\/\/lasentinelle.dz\/author\/admin\/#author"},"image":{"@type":"ImageObject","url":"https:\/\/lasentinelle.dz\/wp-content\/uploads\/2025\/10\/Flottille-somoud.webp","@id":"https:\/\/lasentinelle.dz\/index.php\/2025\/10\/05\/six-algeriens-de-la-flottille-de-la-solidarite-sumud-expulses-vers-la-turquie\/#mainImage","width":1200,"height":675},"primaryImageOfPage":{"@id":"https:\/\/lasentinelle.dz\/index.php\/2025\/10\/05\/six-algeriens-de-la-flottille-de-la-solidarite-sumud-expulses-vers-la-turquie\/#mainImage"},"datePublished":"2025-10-05T13:48:27+01:00","dateModified":"2025-10-05T13:48:28+01:00"},{"@type":"WebSite","@id":"https:\/\/lasentinelle.dz\/#website","url":"https:\/\/lasentinelle.dz\/","name":"La Sentinelle","description":"Quotidien national d'information","inLanguage":"fr-FR","publisher":{"@id":"https:\/\/lasentinelle.dz\/#organization"}}]},"og:locale":"fr_FR","og:site_name":"La Sentinelle - Quotidien national d'information","og:type":"article","og:title":"Six Alg\u00e9riens de la flottille de la solidarit\u00e9 Sumud expuls\u00e9s vers la Turquie - La Sentinelle","og:description":"La Coordination alg\u00e9rienne populaire de soutien \u00e0 la Palestine a annonc\u00e9 samedi l'expulsion vers la Turquie de six Alg\u00e9riens participant \u00e0 la flottille mondiale de la r\u00e9sistance. Il s'agit d'Abderrazak Mokri, Ammar Ounas, Zoubida Kherbache, Ahmed Fawzi Bouaziz, Tayeb Mahdan et Mohamed Zakri Bendada. La Coordination a rassur\u00e9 l'opinion publique sur l'\u00e9tat des d\u00e9tenus alg\u00e9riens","og:url":"https:\/\/lasentinelle.dz\/index.php\/2025\/10\/05\/six-algeriens-de-la-flottille-de-la-solidarite-sumud-expulses-vers-la-turquie\/","og:image":"https:\/\/lasentinelle.dz\/wp-content\/uploads\/2021\/09\/cropped-la-sentinelle-earth-golden-anima-5.gif","og:image:secure_url":"https:\/\/lasentinelle.dz\/wp-content\/uploads\/2021\/09\/cropped-la-sentinelle-earth-golden-anima-5.gif","og:image:width":450,"og:image:height":213,"article:published_time":"2025-10-05T12:48:27+00:00","article:modified_time":"2025-10-05T12:48:28+00:00","article:publisher":"https:\/\/www.facebook.com\/azzedine.lasentinelle.1","twitter:card":"summary_large_image","twitter:title":"Six Alg\u00e9riens de la flottille de la solidarit\u00e9 Sumud expuls\u00e9s vers la Turquie - La Sentinelle","twitter:description":"La Coordination alg\u00e9rienne populaire de soutien \u00e0 la Palestine a annonc\u00e9 samedi l'expulsion vers la Turquie de six Alg\u00e9riens participant \u00e0 la flottille mondiale de la r\u00e9sistance. Il s'agit d'Abderrazak Mokri, Ammar Ounas, Zoubida Kherbache, Ahmed Fawzi Bouaziz, Tayeb Mahdan et Mohamed Zakri Bendada. La Coordination a rassur\u00e9 l'opinion publique sur l'\u00e9tat des d\u00e9tenus alg\u00e9riens","twitter:image":"https:\/\/lasentinelle.dz\/wp-content\/uploads\/2021\/09\/cropped-la-sentinelle-earth-golden-anima-5.gif"},"aioseo_meta_data":{"post_id":"74248","title":null,"description":null,"keywords":null,"keyphrases":null,"primary_term":null,"canonical_url":null,"og_title":null,"og_description":null,"og_object_type":"default","og_image_type":"default","og_image_url":null,"og_image_width":null,"og_image_height":null,"og_image_custom_url":null,"og_image_custom_fields":null,"og_video":null,"og_custom_url":null,"og_article_section":null,"og_article_tags":null,"twitter_use_og":false,"twitter_card":"default","twitter_image_type":"default","twitter_image_url":null,"twitter_image_custom_url":null,"twitter_image_custom_fields":null,"twitter_title":null,"twitter_description":null,"schema":{"blockGraphs":[],"customGraphs":[],"default":{"data":{"Article":[],"Course":[],"Dataset":[],"FAQPage":[],"Movie":[],"Person":[],"Product":[],"ProductReview":[],"Car":[],"Recipe":[],"Service":[],"SoftwareApplication":[],"WebPage":[]},"graphName":"","isEnabled":true},"graphs":[]},"schema_type":"default","schema_type_options":null,"pillar_content":false,"robots_default":true,"robots_noindex":false,"robots_noarchive":false,"robots_nosnippet":false,"robots_nofollow":false,"robots_noimageindex":false,"robots_noodp":false,"robots_notranslate":false,"robots_max_snippet":null,"robots_max_videopreview":null,"robots_max_imagepreview":"large","priority":null,"frequency":null,"local_seo":null,"breadcrumb_settings":null,"limit_modified_date":false,"ai":null,"created":"2026-05-13 00:06:12","updated":"2026-05-13 00:06:12","focus_keyword":null,"additional_keywords":null,"truseo_locale":null,"seo_analyzer_scan_date":null},"aioseo_breadcrumb":"<div class=\"aioseo-breadcrumbs\"><span class=\"aioseo-breadcrumb\">\n\t\t\t<a href=\"https:\/\/lasentinelle.dz\" title=\"Home\">Home<\/a>\n\t\t<\/span><span class=\"aioseo-breadcrumb-separator\">&raquo;<\/span><span class=\"aioseo-breadcrumb\">\n\t\t\t<a href=\"https:\/\/lasentinelle.dz\/index.php\/category\/monde\/\" title=\"Monde\">Monde<\/a>\n\t\t<\/span><span class=\"aioseo-breadcrumb-separator\">&raquo;<\/span><span class=\"aioseo-breadcrumb\">\n\t\t\tSix Alg\u00e9riens de la flottille de la solidarit\u00e9 Sumud expuls\u00e9s vers la Turquie\n\t\t<\/span><\/div>","aioseo_breadcrumb_json":[{"label":"Home","link":"https:\/\/lasentinelle.dz"},{"label":"Monde","link":"https:\/\/lasentinelle.dz\/index.php\/category\/monde\/"},{"label":"Six Alg\u00e9riens de la flottille de la solidarit\u00e9 Sumud expuls\u00e9s vers la Turquie","link":"https:\/\/lasentinelle.dz\/index.php\/2025\/10\/05\/six-algeriens-de-la-flottille-de-la-solidarite-sumud-expulses-vers-la-turquie\/"}],"yoast_head":"<!-- This site is optimized with the Yoast SEO plugin v28.4 - https:\/\/yoast.com\/product\/yoast-seo-wordpress\/ -->\n<title>Six Alg\u00e9riens de la flottille de la solidarit\u00e9 Sumud expuls\u00e9s vers la Turquie - La Sentinelle<\/title>\n<meta name=\"robots\" content=\"index, follow, max-snippet:-1, max-image-preview:large, max-video-preview:-1\" \/>\n<link rel=\"canonical\" href=\"https:\/\/lasentinelle.dz\/index.php\/2025\/10\/05\/six-algeriens-de-la-flottille-de-la-solidarite-sumud-expulses-vers-la-turquie\/\" \/>\n<meta property=\"og:locale\" content=\"fr_FR\" \/>\n<meta property=\"og:type\" content=\"article\" \/>\n<meta property=\"og:title\" content=\"Six Alg\u00e9riens de la flottille de la solidarit\u00e9 Sumud expuls\u00e9s vers la Turquie - La Sentinelle\" \/>\n<meta property=\"og:description\" content=\"La Coordination alg\u00e9rienne populaire de soutien \u00e0 la Palestine a annonc\u00e9 samedi l&rsquo;expulsion vers la Turquie de six Alg\u00e9riens participant\" \/>\n<meta property=\"og:url\" content=\"https:\/\/lasentinelle.dz\/index.php\/2025\/10\/05\/six-algeriens-de-la-flottille-de-la-solidarite-sumud-expulses-vers-la-turquie\/\" \/>\n<meta property=\"og:site_name\" content=\"La Sentinelle\" \/>\n<meta property=\"article:publisher\" content=\"https:\/\/www.facebook.com\/La-Sentinelle-104059864394773\" \/>\n<meta property=\"article:published_time\" content=\"2025-10-05T12:48:27+00:00\" \/>\n<meta property=\"article:modified_time\" content=\"2025-10-05T12:48:28+00:00\" \/>\n<meta property=\"og:image\" content=\"https:\/\/lasentinelle.dz\/wp-content\/uploads\/2025\/10\/Flottille-somoud.webp\" \/>\n\t<meta property=\"og:image:width\" content=\"1200\" \/>\n\t<meta property=\"og:image:height\" content=\"675\" \/>\n\t<meta property=\"og:image:type\" content=\"image\/webp\" \/>\n<meta name=\"author\" content=\"admin\" \/>\n<meta name=\"twitter:card\" content=\"summary_large_image\" \/>\n<meta name=\"twitter:label1\" content=\"\u00c9crit par\" \/>\n\t<meta name=\"twitter:data1\" content=\"admin\" \/>\n\t<meta name=\"twitter:label2\" content=\"Dur\u00e9e de lecture estim\u00e9e\" \/>\n\t<meta name=\"twitter:data2\" content=\"1 minute\" \/>\n<script type=\"application\/ld+json\" class=\"yoast-schema-graph\">{\"@context\":\"https:\\\/\\\/schema.org\",\"@graph\":[{\"@type\":\"Article\",\"@id\":\"https:\\\/\\\/lasentinelle.dz\\\/index.php\\\/2025\\\/10\\\/05\\\/six-algeriens-de-la-flottille-de-la-solidarite-sumud-expulses-vers-la-turquie\\\/#article\",\"isPartOf\":{\"@id\":\"https:\\\/\\\/lasentinelle.dz\\\/index.php\\\/2025\\\/10\\\/05\\\/six-algeriens-de-la-flottille-de-la-solidarite-sumud-expulses-vers-la-turquie\\\/\"},\"author\":{\"name\":\"admin\",\"@id\":\"https:\\\/\\\/lasentinelle.dz\\\/#\\\/schema\\\/person\\\/729ee0024f24e0b8c5ec17232f8e8b41\"},\"headline\":\"Six Alg\u00e9riens de la flottille de la solidarit\u00e9 Sumud expuls\u00e9s vers la Turquie\",\"datePublished\":\"2025-10-05T12:48:27+00:00\",\"dateModified\":\"2025-10-05T12:48:28+00:00\",\"mainEntityOfPage\":{\"@id\":\"https:\\\/\\\/lasentinelle.dz\\\/index.php\\\/2025\\\/10\\\/05\\\/six-algeriens-de-la-flottille-de-la-solidarite-sumud-expulses-vers-la-turquie\\\/\"},\"wordCount\":190,\"commentCount\":0,\"publisher\":{\"@id\":\"https:\\\/\\\/lasentinelle.dz\\\/#organization\"},\"image\":{\"@id\":\"https:\\\/\\\/lasentinelle.dz\\\/index.php\\\/2025\\\/10\\\/05\\\/six-algeriens-de-la-flottille-de-la-solidarite-sumud-expulses-vers-la-turquie\\\/#primaryimage\"},\"thumbnailUrl\":\"https:\\\/\\\/lasentinelle.dz\\\/wp-content\\\/uploads\\\/2025\\\/10\\\/Flottille-somoud.webp\",\"articleSection\":[\"Monde\"],\"inLanguage\":\"fr-FR\",\"potentialAction\":[{\"@type\":\"CommentAction\",\"name\":\"Comment\",\"target\":[\"https:\\\/\\\/lasentinelle.dz\\\/index.php\\\/2025\\\/10\\\/05\\\/six-algeriens-de-la-flottille-de-la-solidarite-sumud-expulses-vers-la-turquie\\\/#respond\"]}]},{\"@type\":\"WebPage\",\"@id\":\"https:\\\/\\\/lasentinelle.dz\\\/index.php\\\/2025\\\/10\\\/05\\\/six-algeriens-de-la-flottille-de-la-solidarite-sumud-expulses-vers-la-turquie\\\/\",\"url\":\"https:\\\/\\\/lasentinelle.dz\\\/index.php\\\/2025\\\/10\\\/05\\\/six-algeriens-de-la-flottille-de-la-solidarite-sumud-expulses-vers-la-turquie\\\/\",\"name\":\"Six Alg\u00e9riens de la flottille de la solidarit\u00e9 Sumud expuls\u00e9s vers la Turquie - La Sentinelle\",\"isPartOf\":{\"@id\":\"https:\\\/\\\/lasentinelle.dz\\\/#website\"},\"primaryImageOfPage\":{\"@id\":\"https:\\\/\\\/lasentinelle.dz\\\/index.php\\\/2025\\\/10\\\/05\\\/six-algeriens-de-la-flottille-de-la-solidarite-sumud-expulses-vers-la-turquie\\\/#primaryimage\"},\"image\":{\"@id\":\"https:\\\/\\\/lasentinelle.dz\\\/index.php\\\/2025\\\/10\\\/05\\\/six-algeriens-de-la-flottille-de-la-solidarite-sumud-expulses-vers-la-turquie\\\/#primaryimage\"},\"thumbnailUrl\":\"https:\\\/\\\/lasentinelle.dz\\\/wp-content\\\/uploads\\\/2025\\\/10\\\/Flottille-somoud.webp\",\"datePublished\":\"2025-10-05T12:48:27+00:00\",\"dateModified\":\"2025-10-05T12:48:28+00:00\",\"breadcrumb\":{\"@id\":\"https:\\\/\\\/lasentinelle.dz\\\/index.php\\\/2025\\\/10\\\/05\\\/six-algeriens-de-la-flottille-de-la-solidarite-sumud-expulses-vers-la-turquie\\\/#breadcrumb\"},\"inLanguage\":\"fr-FR\",\"potentialAction\":[{\"@type\":\"ReadAction\",\"target\":[\"https:\\\/\\\/lasentinelle.dz\\\/index.php\\\/2025\\\/10\\\/05\\\/six-algeriens-de-la-flottille-de-la-solidarite-sumud-expulses-vers-la-turquie\\\/\"]}]},{\"@type\":\"ImageObject\",\"inLanguage\":\"fr-FR\",\"@id\":\"https:\\\/\\\/lasentinelle.dz\\\/index.php\\\/2025\\\/10\\\/05\\\/six-algeriens-de-la-flottille-de-la-solidarite-sumud-expulses-vers-la-turquie\\\/#primaryimage\",\"url\":\"https:\\\/\\\/lasentinelle.dz\\\/wp-content\\\/uploads\\\/2025\\\/10\\\/Flottille-somoud.webp\",\"contentUrl\":\"https:\\\/\\\/lasentinelle.dz\\\/wp-content\\\/uploads\\\/2025\\\/10\\\/Flottille-somoud.webp\",\"width\":1200,\"height\":675},{\"@type\":\"BreadcrumbList\",\"@id\":\"https:\\\/\\\/lasentinelle.dz\\\/index.php\\\/2025\\\/10\\\/05\\\/six-algeriens-de-la-flottille-de-la-solidarite-sumud-expulses-vers-la-turquie\\\/#breadcrumb\",\"itemListElement\":[{\"@type\":\"ListItem\",\"position\":1,\"name\":\"Accueil\",\"item\":\"https:\\\/\\\/lasentinelle.dz\\\/\"},{\"@type\":\"ListItem\",\"position\":2,\"name\":\"Six Alg\u00e9riens de la flottille de la solidarit\u00e9 Sumud expuls\u00e9s vers la Turquie\"}]},{\"@type\":\"WebSite\",\"@id\":\"https:\\\/\\\/lasentinelle.dz\\\/#website\",\"url\":\"https:\\\/\\\/lasentinelle.dz\\\/\",\"name\":\"La Sentinelle\",\"description\":\"Quotidien national d&#039;information\",\"publisher\":{\"@id\":\"https:\\\/\\\/lasentinelle.dz\\\/#organization\"},\"potentialAction\":[{\"@type\":\"SearchAction\",\"target\":{\"@type\":\"EntryPoint\",\"urlTemplate\":\"https:\\\/\\\/lasentinelle.dz\\\/?s={search_term_string}\"},\"query-input\":{\"@type\":\"PropertyValueSpecification\",\"valueRequired\":true,\"valueName\":\"search_term_string\"}}],\"inLanguage\":\"fr-FR\"},{\"@type\":\"Organization\",\"@id\":\"https:\\\/\\\/lasentinelle.dz\\\/#organization\",\"name\":\"Quotidien La Sentinelle\",\"url\":\"https:\\\/\\\/lasentinelle.dz\\\/\",\"logo\":{\"@type\":\"ImageObject\",\"inLanguage\":\"fr-FR\",\"@id\":\"https:\\\/\\\/lasentinelle.dz\\\/#\\\/schema\\\/logo\\\/image\\\/\",\"url\":\"https:\\\/\\\/lasentinelle.dz\\\/wp-content\\\/uploads\\\/2021\\\/09\\\/logo-sentinelleSLOGAN-1.png\",\"contentUrl\":\"https:\\\/\\\/lasentinelle.dz\\\/wp-content\\\/uploads\\\/2021\\\/09\\\/logo-sentinelleSLOGAN-1.png\",\"width\":615,\"height\":142,\"caption\":\"Quotidien La Sentinelle\"},\"image\":{\"@id\":\"https:\\\/\\\/lasentinelle.dz\\\/#\\\/schema\\\/logo\\\/image\\\/\"},\"sameAs\":[\"https:\\\/\\\/www.facebook.com\\\/La-Sentinelle-104059864394773\"]},{\"@type\":\"Person\",\"@id\":\"https:\\\/\\\/lasentinelle.dz\\\/#\\\/schema\\\/person\\\/729ee0024f24e0b8c5ec17232f8e8b41\",\"name\":\"admin\",\"image\":{\"@type\":\"ImageObject\",\"inLanguage\":\"fr-FR\",\"@id\":\"https:\\\/\\\/secure.gravatar.com\\\/avatar\\\/4c81fed838786e9b53f540bf46533e750f5d292099ae3b66cfc6fb1982e29df7?s=96&d=mm&r=g\",\"url\":\"https:\\\/\\\/secure.gravatar.com\\\/avatar\\\/4c81fed838786e9b53f540bf46533e750f5d292099ae3b66cfc6fb1982e29df7?s=96&d=mm&r=g\",\"contentUrl\":\"https:\\\/\\\/secure.gravatar.com\\\/avatar\\\/4c81fed838786e9b53f540bf46533e750f5d292099ae3b66cfc6fb1982e29df7?s=96&d=mm&r=g\",\"caption\":\"admin\"},\"description\":\"admin\",\"url\":\"https:\\\/\\\/lasentinelle.dz\\\/author\\\/admin\\\/\"}]}<\/script>\n<!-- \/ Yoast SEO plugin. -->","yoast_head_json":{"title":"Six Alg\u00e9riens de la flottille de la solidarit\u00e9 Sumud expuls\u00e9s vers la Turquie - La Sentinelle","robots":{"index":"index","follow":"follow","max-snippet":"max-snippet:-1","max-image-preview":"max-image-preview:large","max-video-preview":"max-video-preview:-1"},"canonical":"https:\/\/lasentinelle.dz\/index.php\/2025\/10\/05\/six-algeriens-de-la-flottille-de-la-solidarite-sumud-expulses-vers-la-turquie\/","og_locale":"fr_FR","og_type":"article","og_title":"Six Alg\u00e9riens de la flottille de la solidarit\u00e9 Sumud expuls\u00e9s vers la Turquie - La Sentinelle","og_description":"La Coordination alg\u00e9rienne populaire de soutien \u00e0 la Palestine a annonc\u00e9 samedi l&rsquo;expulsion vers la Turquie de six Alg\u00e9riens participant","og_url":"https:\/\/lasentinelle.dz\/index.php\/2025\/10\/05\/six-algeriens-de-la-flottille-de-la-solidarite-sumud-expulses-vers-la-turquie\/","og_site_name":"La Sentinelle","article_publisher":"https:\/\/www.facebook.com\/La-Sentinelle-104059864394773","article_published_time":"2025-10-05T12:48:27+00:00","article_modified_time":"2025-10-05T12:48:28+00:00","og_image":[{"width":1200,"height":675,"url":"https:\/\/lasentinelle.dz\/wp-content\/uploads\/2025\/10\/Flottille-somoud.webp","type":"image\/webp"}],"author":"admin","twitter_card":"summary_large_image","twitter_misc":{"\u00c9crit par":"admin","Dur\u00e9e de lecture estim\u00e9e":"1 minute"},"schema":{"@context":"https:\/\/schema.org","@graph":[{"@type":"Article","@id":"https:\/\/lasentinelle.dz\/index.php\/2025\/10\/05\/six-algeriens-de-la-flottille-de-la-solidarite-sumud-expulses-vers-la-turquie\/#article","isPartOf":{"@id":"https:\/\/lasentinelle.dz\/index.php\/2025\/10\/05\/six-algeriens-de-la-flottille-de-la-solidarite-sumud-expulses-vers-la-turquie\/"},"author":{"name":"admin","@id":"https:\/\/lasentinelle.dz\/#\/schema\/person\/729ee0024f24e0b8c5ec17232f8e8b41"},"headline":"Six Alg\u00e9riens de la flottille de la solidarit\u00e9 Sumud expuls\u00e9s vers la Turquie","datePublished":"2025-10-05T12:48:27+00:00","dateModified":"2025-10-05T12:48:28+00:00","mainEntityOfPage":{"@id":"https:\/\/lasentinelle.dz\/index.php\/2025\/10\/05\/six-algeriens-de-la-flottille-de-la-solidarite-sumud-expulses-vers-la-turquie\/"},"wordCount":190,"commentCount":0,"publisher":{"@id":"https:\/\/lasentinelle.dz\/#organization"},"image":{"@id":"https:\/\/lasentinelle.dz\/index.php\/2025\/10\/05\/six-algeriens-de-la-flottille-de-la-solidarite-sumud-expulses-vers-la-turquie\/#primaryimage"},"thumbnailUrl":"https:\/\/lasentinelle.dz\/wp-content\/uploads\/2025\/10\/Flottille-somoud.webp","articleSection":["Monde"],"inLanguage":"fr-FR","potentialAction":[{"@type":"CommentAction","name":"Comment","target":["https:\/\/lasentinelle.dz\/index.php\/2025\/10\/05\/six-algeriens-de-la-flottille-de-la-solidarite-sumud-expulses-vers-la-turquie\/#respond"]}]},{"@type":"WebPage","@id":"https:\/\/lasentinelle.dz\/index.php\/2025\/10\/05\/six-algeriens-de-la-flottille-de-la-solidarite-sumud-expulses-vers-la-turquie\/","url":"https:\/\/lasentinelle.dz\/index.php\/2025\/10\/05\/six-algeriens-de-la-flottille-de-la-solidarite-sumud-expulses-vers-la-turquie\/","name":"Six Alg\u00e9riens de la flottille de la solidarit\u00e9 Sumud expuls\u00e9s vers la Turquie - La Sentinelle","isPartOf":{"@id":"https:\/\/lasentinelle.dz\/#website"},"primaryImageOfPage":{"@id":"https:\/\/lasentinelle.dz\/index.php\/2025\/10\/05\/six-algeriens-de-la-flottille-de-la-solidarite-sumud-expulses-vers-la-turquie\/#primaryimage"},"image":{"@id":"https:\/\/lasentinelle.dz\/index.php\/2025\/10\/05\/six-algeriens-de-la-flottille-de-la-solidarite-sumud-expulses-vers-la-turquie\/#primaryimage"},"thumbnailUrl":"https:\/\/lasentinelle.dz\/wp-content\/uploads\/2025\/10\/Flottille-somoud.webp","datePublished":"2025-10-05T12:48:27+00:00","dateModified":"2025-10-05T12:48:28+00:00","breadcrumb":{"@id":"https:\/\/lasentinelle.dz\/index.php\/2025\/10\/05\/six-algeriens-de-la-flottille-de-la-solidarite-sumud-expulses-vers-la-turquie\/#breadcrumb"},"inLanguage":"fr-FR","potentialAction":[{"@type":"ReadAction","target":["https:\/\/lasentinelle.dz\/index.php\/2025\/10\/05\/six-algeriens-de-la-flottille-de-la-solidarite-sumud-expulses-vers-la-turquie\/"]}]},{"@type":"ImageObject","inLanguage":"fr-FR","@id":"https:\/\/lasentinelle.dz\/index.php\/2025\/10\/05\/six-algeriens-de-la-flottille-de-la-solidarite-sumud-expulses-vers-la-turquie\/#primaryimage","url":"https:\/\/lasentinelle.dz\/wp-content\/uploads\/2025\/10\/Flottille-somoud.webp","contentUrl":"https:\/\/lasentinelle.dz\/wp-content\/uploads\/2025\/10\/Flottille-somoud.webp","width":1200,"height":675},{"@type":"BreadcrumbList","@id":"https:\/\/lasentinelle.dz\/index.php\/2025\/10\/05\/six-algeriens-de-la-flottille-de-la-solidarite-sumud-expulses-vers-la-turquie\/#breadcrumb","itemListElement":[{"@type":"ListItem","position":1,"name":"Accueil","item":"https:\/\/lasentinelle.dz\/"},{"@type":"ListItem","position":2,"name":"Six Alg\u00e9riens de la flottille de la solidarit\u00e9 Sumud expuls\u00e9s vers la Turquie"}]},{"@type":"WebSite","@id":"https:\/\/lasentinelle.dz\/#website","url":"https:\/\/lasentinelle.dz\/","name":"La Sentinelle","description":"Quotidien national d&#039;information","publisher":{"@id":"https:\/\/lasentinelle.dz\/#organization"},"potentialAction":[{"@type":"SearchAction","target":{"@type":"EntryPoint","urlTemplate":"https:\/\/lasentinelle.dz\/?s={search_term_string}"},"query-input":{"@type":"PropertyValueSpecification","valueRequired":true,"valueName":"search_term_string"}}],"inLanguage":"fr-FR"},{"@type":"Organization","@id":"https:\/\/lasentinelle.dz\/#organization","name":"Quotidien La Sentinelle","url":"https:\/\/lasentinelle.dz\/","logo":{"@type":"ImageObject","inLanguage":"fr-FR","@id":"https:\/\/lasentinelle.dz\/#\/schema\/logo\/image\/","url":"https:\/\/lasentinelle.dz\/wp-content\/uploads\/2021\/09\/logo-sentinelleSLOGAN-1.png","contentUrl":"https:\/\/lasentinelle.dz\/wp-content\/uploads\/2021\/09\/logo-sentinelleSLOGAN-1.png","width":615,"height":142,"caption":"Quotidien La Sentinelle"},"image":{"@id":"https:\/\/lasentinelle.dz\/#\/schema\/logo\/image\/"},"sameAs":["https:\/\/www.facebook.com\/La-Sentinelle-104059864394773"]},{"@type":"Person","@id":"https:\/\/lasentinelle.dz\/#\/schema\/person\/729ee0024f24e0b8c5ec17232f8e8b41","name":"admin","image":{"@type":"ImageObject","inLanguage":"fr-FR","@id":"https:\/\/secure.gravatar.com\/avatar\/4c81fed838786e9b53f540bf46533e750f5d292099ae3b66cfc6fb1982e29df7?s=96&d=mm&r=g","url":"https:\/\/secure.gravatar.com\/avatar\/4c81fed838786e9b53f540bf46533e750f5d292099ae3b66cfc6fb1982e29df7?s=96&d=mm&r=g","contentUrl":"https:\/\/secure.gravatar.com\/avatar\/4c81fed838786e9b53f540bf46533e750f5d292099ae3b66cfc6fb1982e29df7?s=96&d=mm&r=g","caption":"admin"},"description":"admin","url":"https:\/\/lasentinelle.dz\/author\/admin\/"}]}},"_links":{"self":[{"href":"https:\/\/lasentinelle.dz\/index.php\/wp-json\/wp\/v2\/posts\/74248","targetHints":{"allow":["GET"]}}],"collection":[{"href":"https:\/\/lasentinelle.dz\/index.php\/wp-json\/wp\/v2\/posts"}],"about":[{"href":"https:\/\/lasentinelle.dz\/index.php\/wp-json\/wp\/v2\/types\/post"}],"author":[{"embeddable":true,"href":"https:\/\/lasentinelle.dz\/index.php\/wp-json\/wp\/v2\/users\/6"}],"replies":[{"embeddable":true,"href":"https:\/\/lasentinelle.dz\/index.php\/wp-json\/wp\/v2\/comments?post=74248"}],"version-history":[{"count":1,"href":"https:\/\/lasentinelle.dz\/index.php\/wp-json\/wp\/v2\/posts\/74248\/revisions"}],"predecessor-version":[{"id":74250,"href":"https:\/\/lasentinelle.dz\/index.php\/wp-json\/wp\/v2\/posts\/74248\/revisions\/74250"}],"wp:featuredmedia":[{"embeddable":true,"href":"https:\/\/lasentinelle.dz\/index.php\/wp-json\/wp\/v2\/media\/74249"}],"wp:attachment":[{"href":"https:\/\/lasentinelle.dz\/index.php\/wp-json\/wp\/v2\/media?parent=74248"}],"wp:term":[{"taxonomy":"category","embeddable":true,"href":"https:\/\/lasentinelle.dz\/index.php\/wp-json\/wp\/v2\/categories?post=74248"},{"taxonomy":"post_tag","embeddable":true,"href":"https:\/\/lasentinelle.dz\/index.php\/wp-json\/wp\/v2\/tags?post=74248"}],"curies":[{"name":"wp","href":"https:\/\/api.w.org\/{rel}","templated":true}]}}