{"id":74378,"date":"2025-10-08T13:11:09","date_gmt":"2025-10-08T12:11:09","guid":{"rendered":"https:\/\/lasentinelle.dz\/?p=74378"},"modified":"2025-10-08T13:11:11","modified_gmt":"2025-10-08T12:11:11","slug":"elle-sapprete-a-renforcer-son-offre-des-la-fin-octobre-domestic-airlines-prend-son-envol","status":"publish","type":"post","link":"https:\/\/lasentinelle.dz\/index.php\/2025\/10\/08\/elle-sapprete-a-renforcer-son-offre-des-la-fin-octobre-domestic-airlines-prend-son-envol\/","title":{"rendered":"Elle s\u2019appr\u00eate \u00e0 renforcer son offre d\u00e8s la fin octobre\u00a0: Domestic Airlines prend son envol"},"content":{"rendered":"\n<p class=\"wp-block-paragraph\">La compagnie a\u00e9rienne nationale destin\u00e9e aux vols int\u00e9rieurs Domestic Airlines s&rsquo;appr\u00eate \u00e0 renforcer son offre de vols d\u00e8s la fin octobre avec une mont\u00e9e en puissance progressive vers diverses destinations au d\u00e9part d&rsquo;Alger et des wilayas du Sud, annonce Karim Bahar, conseiller du Directeur g\u00e9n\u00e9ral charg\u00e9 de la communication et des relations publiques.<\/p>\n\n\n\n<p class=\"wp-block-paragraph\">S&rsquo;exprimant en marge de la 13\u00e8me \u00e9dition du Salon international \u00ab\u00a0Africa &amp; Mediterranean Energy &amp; Hydrogen Exhibition and Conference &#8211; NAPEC 2025\u00a0\u00bb, le responsable a d\u00e9voil\u00e9 les ambitions de d\u00e9veloppement de cette filiale d&rsquo;Air Alg\u00e9rie. \u00ab\u00a0Cette compagnie commencera, \u00e0 la fin du mois d&rsquo;octobre en cours, \u00e0 augmenter le nombre de vols en plusieurs \u00e9tapes vers diff\u00e9rentes destinations, au d\u00e9part d&rsquo;Alger et de plusieurs wilayas du Sud, comme Tamanrasset, Illizi, Bordj Badji Mokhtar et Djanet vers d&rsquo;autres wilayas\u00a0\u00bb, a-t-il pr\u00e9cis\u00e9 \u00e0 l&rsquo;APS. Cette strat\u00e9gie de d\u00e9ploiement progressif vise \u00e0 mieux desservir les r\u00e9gions sahariennes, souvent enclav\u00e9es, et \u00e0 r\u00e9pondre \u00e0 une demande croissante en mati\u00e8re de transport a\u00e9rien domestique. L&rsquo;expansion de Domestic Airlines ne s&rsquo;arr\u00eate pas l\u00e0. Karim Bahar a r\u00e9v\u00e9l\u00e9 qu&rsquo;un programme encore plus ambitieux sera mis en \u0153uvre au d\u00e9but de l&rsquo;ann\u00e9e prochaine, visant \u00e0 augmenter de mani\u00e8re significative le nombre de vols. Pour soutenir cette croissance, la compagnie, qui dispose actuellement d&rsquo;une flotte de 15 avions, pr\u00e9voit d&rsquo;acqu\u00e9rir de nouveaux appareils afin d&rsquo;am\u00e9liorer ses services. Cette extension de la flotte s&rsquo;inscrit dans une vision globale tenant compte \u00ab\u00a0des exigences des clients et de l&rsquo;am\u00e9lioration de la qualit\u00e9 des services, des prix ainsi que du nombre de destinations\u00a0\u00bb, a soulign\u00e9 le responsable. &nbsp;La question tarifaire, particuli\u00e8rement sensible pour les usagers, a \u00e9galement \u00e9t\u00e9 abord\u00e9e par M. Bahar qui a tenu \u00e0 rassurer : \u00ab\u00a0les prix appliqu\u00e9s par Domestic Airlines sont \u00e9tudi\u00e9s et r\u00e9glement\u00e9s, et seront \u00e0 la port\u00e9e des clients\u00a0\u00bb. La pr\u00e9sence de Domestic Airlines au NAPEC 2025 n&rsquo;est pas anodine. Selon Karim Bahar, cette participation vise \u00e0 \u00ab\u00a0faire conna\u00eetre les services que la compagnie offre dans le domaine du transport a\u00e9rien\u00a0\u00bb. Le salon, qui s&rsquo;\u00e9tale sur trois jours, constitue une vitrine id\u00e9ale pour la compagnie, r\u00e9unissant plus de 500 exposants de 60 pays repr\u00e9sentant des entreprises des secteurs de l&rsquo;exploration, de la production, du transport et de la transformation des hydrocarbures, ainsi que des domaines des \u00e9nergies renouvelables, de l&rsquo;hydrog\u00e8ne, de la digitalisation et de la transition \u00e9nerg\u00e9tique. Au-del\u00e0 de l&rsquo;espace d&rsquo;exposition, le programme de cette \u00e9dition comprend des conf\u00e9rences, des panels de haut niveau, des tables rondes et des ateliers techniques anim\u00e9s par des experts internationaux. Ces rencontres permettront d&rsquo;aborder des th\u00e9matiques d&rsquo;actualit\u00e9 telles que l&rsquo;hydrog\u00e8ne bas carbone, la d\u00e9carbonation des industries p\u00e9troli\u00e8res, l&rsquo;investissement dans les infrastructures \u00e9nerg\u00e9tiques, ainsi que les perspectives de coop\u00e9ration \u00e9nerg\u00e9tique dans la r\u00e9gion Afrique-M\u00e9diterran\u00e9e.<\/p>\n\n\n\n<p class=\"wp-block-paragraph\">Samir Benisid<\/p>\n","protected":false},"excerpt":{"rendered":"<p>La compagnie a\u00e9rienne nationale destin\u00e9e aux vols int\u00e9rieurs Domestic Airlines s&rsquo;appr\u00eate \u00e0 renforcer son offre de vols d\u00e8s la fin<\/p>\n","protected":false},"author":6,"featured_media":72335,"comment_status":"open","ping_status":"closed","sticky":false,"template":"","format":"standard","meta":{"colormag_page_container_layout":"default_layout","colormag_page_sidebar_layout":"default_layout","om_disable_all_campaigns":false,"_monsterinsights_skip_tracking":false,"footnotes":"","_wpscppro_dont_share_socialmedia":false,"_wpscppro_custom_social_share_image":0,"_facebook_share_type":"default","_twitter_share_type":"default","_linkedin_share_type":"default","_pinterest_share_type":"default","_linkedin_share_type_page":"","_instagram_share_type":"default","_medium_share_type":"default","_threads_share_type":"default","_google_business_share_type":"default","_bluesky_share_type":"","_mastodon_share_type":"","_selected_social_profile":[],"_wpsp_enable_custom_social_template":false,"_wpsp_social_scheduling":{"enabled":false,"datetime":null,"platforms":[],"status":"template_only","dateOption":"today","timeOption":"now","customDays":"","customHours":"","customDate":"","customTime":"","schedulingType":"absolute"},"_wpsp_active_default_template":true},"categories":[52,27],"tags":[],"class_list":["post-74378","post","type-post","status-publish","format-standard","has-post-thumbnail","hentry","category-a-la-une","category-actualite"],"aioseo_notices":[],"aioseo_head":"\n\t\t<!-- All in One SEO 5.0.0.1 - aioseo.com -->\n\t<meta name=\"description\" content=\"La compagnie a\u00e9rienne nationale destin\u00e9e aux vols int\u00e9rieurs Domestic Airlines s&#039;appr\u00eate \u00e0 renforcer son offre de vols d\u00e8s la fin octobre avec une mont\u00e9e en puissance progressive vers diverses destinations au d\u00e9part d&#039;Alger et des wilayas du Sud, annonce Karim Bahar, conseiller du Directeur g\u00e9n\u00e9ral charg\u00e9 de la communication et des relations publiques. S&#039;exprimant en\" \/>\n\t<meta name=\"robots\" content=\"max-image-preview:large\" \/>\n\t<meta name=\"author\" content=\"admin\"\/>\n\t<link rel=\"canonical\" href=\"https:\/\/lasentinelle.dz\/index.php\/2025\/10\/08\/elle-sapprete-a-renforcer-son-offre-des-la-fin-octobre-domestic-airlines-prend-son-envol\/\" \/>\n\t<meta name=\"generator\" content=\"All in One SEO (AIOSEO) 5.0.0.1\" \/>\n\t\t<meta property=\"og:locale\" content=\"fr_FR\" \/>\n\t\t<meta property=\"og:site_name\" content=\"La Sentinelle - Quotidien national d&#039;information\" \/>\n\t\t<meta property=\"og:type\" content=\"article\" \/>\n\t\t<meta property=\"og:title\" content=\"Elle s\u2019appr\u00eate \u00e0 renforcer son offre d\u00e8s la fin octobre : Domestic Airlines prend son envol - La Sentinelle\" \/>\n\t\t<meta property=\"og:description\" content=\"La compagnie a\u00e9rienne nationale destin\u00e9e aux vols int\u00e9rieurs Domestic Airlines s&#039;appr\u00eate \u00e0 renforcer son offre de vols d\u00e8s la fin octobre avec une mont\u00e9e en puissance progressive vers diverses destinations au d\u00e9part d&#039;Alger et des wilayas du Sud, annonce Karim Bahar, conseiller du Directeur g\u00e9n\u00e9ral charg\u00e9 de la communication et des relations publiques. S&#039;exprimant en\" \/>\n\t\t<meta property=\"og:url\" content=\"https:\/\/lasentinelle.dz\/index.php\/2025\/10\/08\/elle-sapprete-a-renforcer-son-offre-des-la-fin-octobre-domestic-airlines-prend-son-envol\/\" \/>\n\t\t<meta property=\"og:image\" content=\"https:\/\/lasentinelle.dz\/wp-content\/uploads\/2021\/09\/cropped-la-sentinelle-earth-golden-anima-5.gif\" \/>\n\t\t<meta property=\"og:image:secure_url\" content=\"https:\/\/lasentinelle.dz\/wp-content\/uploads\/2021\/09\/cropped-la-sentinelle-earth-golden-anima-5.gif\" \/>\n\t\t<meta property=\"og:image:width\" content=\"450\" \/>\n\t\t<meta property=\"og:image:height\" content=\"213\" \/>\n\t\t<meta property=\"article:published_time\" content=\"2025-10-08T12:11:09+00:00\" \/>\n\t\t<meta property=\"article:modified_time\" content=\"2025-10-08T12:11:11+00:00\" \/>\n\t\t<meta property=\"article:publisher\" content=\"https:\/\/www.facebook.com\/azzedine.lasentinelle.1\" \/>\n\t\t<meta name=\"twitter:card\" content=\"summary_large_image\" \/>\n\t\t<meta name=\"twitter:title\" content=\"Elle s\u2019appr\u00eate \u00e0 renforcer son offre d\u00e8s la fin octobre : Domestic Airlines prend son envol - La Sentinelle\" \/>\n\t\t<meta name=\"twitter:description\" content=\"La compagnie a\u00e9rienne nationale destin\u00e9e aux vols int\u00e9rieurs Domestic Airlines s&#039;appr\u00eate \u00e0 renforcer son offre de vols d\u00e8s la fin octobre avec une mont\u00e9e en puissance progressive vers diverses destinations au d\u00e9part d&#039;Alger et des wilayas du Sud, annonce Karim Bahar, conseiller du Directeur g\u00e9n\u00e9ral charg\u00e9 de la communication et des relations publiques. S&#039;exprimant en\" \/>\n\t\t<meta name=\"twitter:image\" content=\"https:\/\/lasentinelle.dz\/wp-content\/uploads\/2021\/09\/cropped-la-sentinelle-earth-golden-anima-5.gif\" \/>\n\t\t<script type=\"application\/ld+json\" class=\"aioseo-schema\">\n\t\t\t{\"@context\":\"https:\\\/\\\/schema.org\",\"@graph\":[{\"@type\":\"BlogPosting\",\"@id\":\"https:\\\/\\\/lasentinelle.dz\\\/index.php\\\/2025\\\/10\\\/08\\\/elle-sapprete-a-renforcer-son-offre-des-la-fin-octobre-domestic-airlines-prend-son-envol\\\/#blogposting\",\"name\":\"Elle s\\u2019appr\\u00eate \\u00e0 renforcer son offre d\\u00e8s la fin octobre : Domestic Airlines prend son envol - La Sentinelle\",\"headline\":\"Elle s\\u2019appr\\u00eate \\u00e0 renforcer son offre d\\u00e8s la fin octobre\\u00a0: Domestic Airlines prend son envol\",\"author\":{\"@id\":\"https:\\\/\\\/lasentinelle.dz\\\/author\\\/admin\\\/#author\"},\"publisher\":{\"@id\":\"https:\\\/\\\/lasentinelle.dz\\\/#organization\"},\"image\":{\"@type\":\"ImageObject\",\"url\":\"https:\\\/\\\/lasentinelle.dz\\\/wp-content\\\/uploads\\\/2025\\\/08\\\/Domestic-Airlines-.webp\",\"width\":900,\"height\":675},\"datePublished\":\"2025-10-08T13:11:09+01:00\",\"dateModified\":\"2025-10-08T13:11:11+01:00\",\"inLanguage\":\"fr-FR\",\"mainEntityOfPage\":{\"@id\":\"https:\\\/\\\/lasentinelle.dz\\\/index.php\\\/2025\\\/10\\\/08\\\/elle-sapprete-a-renforcer-son-offre-des-la-fin-octobre-domestic-airlines-prend-son-envol\\\/#webpage\"},\"isPartOf\":{\"@id\":\"https:\\\/\\\/lasentinelle.dz\\\/index.php\\\/2025\\\/10\\\/08\\\/elle-sapprete-a-renforcer-son-offre-des-la-fin-octobre-domestic-airlines-prend-son-envol\\\/#webpage\"},\"articleSection\":\"\\u00c0 la Une, Actualit\\u00e9\"},{\"@type\":\"BreadcrumbList\",\"@id\":\"https:\\\/\\\/lasentinelle.dz\\\/index.php\\\/2025\\\/10\\\/08\\\/elle-sapprete-a-renforcer-son-offre-des-la-fin-octobre-domestic-airlines-prend-son-envol\\\/#breadcrumblist\",\"itemListElement\":[{\"@type\":\"ListItem\",\"@id\":\"https:\\\/\\\/lasentinelle.dz#listItem\",\"position\":1,\"name\":\"Home\",\"item\":\"https:\\\/\\\/lasentinelle.dz\",\"nextItem\":{\"@type\":\"ListItem\",\"@id\":\"https:\\\/\\\/lasentinelle.dz\\\/index.php\\\/category\\\/actualite\\\/#listItem\",\"name\":\"Actualit\\u00e9\"}},{\"@type\":\"ListItem\",\"@id\":\"https:\\\/\\\/lasentinelle.dz\\\/index.php\\\/category\\\/actualite\\\/#listItem\",\"position\":2,\"name\":\"Actualit\\u00e9\",\"item\":\"https:\\\/\\\/lasentinelle.dz\\\/index.php\\\/category\\\/actualite\\\/\",\"nextItem\":{\"@type\":\"ListItem\",\"@id\":\"https:\\\/\\\/lasentinelle.dz\\\/index.php\\\/2025\\\/10\\\/08\\\/elle-sapprete-a-renforcer-son-offre-des-la-fin-octobre-domestic-airlines-prend-son-envol\\\/#listItem\",\"name\":\"Elle s\\u2019appr\\u00eate \\u00e0 renforcer son offre d\\u00e8s la fin octobre\\u00a0: Domestic Airlines prend son envol\"},\"previousItem\":{\"@type\":\"ListItem\",\"@id\":\"https:\\\/\\\/lasentinelle.dz#listItem\",\"name\":\"Home\"}},{\"@type\":\"ListItem\",\"@id\":\"https:\\\/\\\/lasentinelle.dz\\\/index.php\\\/2025\\\/10\\\/08\\\/elle-sapprete-a-renforcer-son-offre-des-la-fin-octobre-domestic-airlines-prend-son-envol\\\/#listItem\",\"position\":3,\"name\":\"Elle s\\u2019appr\\u00eate \\u00e0 renforcer son offre d\\u00e8s la fin octobre\\u00a0: Domestic Airlines prend son envol\",\"previousItem\":{\"@type\":\"ListItem\",\"@id\":\"https:\\\/\\\/lasentinelle.dz\\\/index.php\\\/category\\\/actualite\\\/#listItem\",\"name\":\"Actualit\\u00e9\"}}]},{\"@type\":\"Organization\",\"@id\":\"https:\\\/\\\/lasentinelle.dz\\\/#organization\",\"name\":\"La Sentinelle La Sentinelle\",\"description\":\"Quotidien national d'information\",\"url\":\"https:\\\/\\\/lasentinelle.dz\\\/\",\"logo\":{\"@type\":\"ImageObject\",\"url\":\"https:\\\/\\\/lasentinelle.dz\\\/wp-content\\\/uploads\\\/2021\\\/09\\\/cropped-la-sentinelle-earth-golden-anima-5.gif\",\"@id\":\"https:\\\/\\\/lasentinelle.dz\\\/index.php\\\/2025\\\/10\\\/08\\\/elle-sapprete-a-renforcer-son-offre-des-la-fin-octobre-domestic-airlines-prend-son-envol\\\/#organizationLogo\",\"width\":450,\"height\":213},\"image\":{\"@id\":\"https:\\\/\\\/lasentinelle.dz\\\/index.php\\\/2025\\\/10\\\/08\\\/elle-sapprete-a-renforcer-son-offre-des-la-fin-octobre-domestic-airlines-prend-son-envol\\\/#organizationLogo\"},\"sameAs\":[\"https:\\\/\\\/www.facebook.com\\\/azzedine.lasentinelle.1\"]},{\"@type\":\"Person\",\"@id\":\"https:\\\/\\\/lasentinelle.dz\\\/author\\\/admin\\\/#author\",\"url\":\"https:\\\/\\\/lasentinelle.dz\\\/author\\\/admin\\\/\",\"name\":\"admin\",\"image\":{\"@type\":\"ImageObject\",\"@id\":\"https:\\\/\\\/lasentinelle.dz\\\/index.php\\\/2025\\\/10\\\/08\\\/elle-sapprete-a-renforcer-son-offre-des-la-fin-octobre-domestic-airlines-prend-son-envol\\\/#authorImage\",\"url\":\"https:\\\/\\\/secure.gravatar.com\\\/avatar\\\/4c81fed838786e9b53f540bf46533e750f5d292099ae3b66cfc6fb1982e29df7?s=96&d=mm&r=g\",\"width\":96,\"height\":96,\"caption\":\"admin\"}},{\"@type\":\"WebPage\",\"@id\":\"https:\\\/\\\/lasentinelle.dz\\\/index.php\\\/2025\\\/10\\\/08\\\/elle-sapprete-a-renforcer-son-offre-des-la-fin-octobre-domestic-airlines-prend-son-envol\\\/#webpage\",\"url\":\"https:\\\/\\\/lasentinelle.dz\\\/index.php\\\/2025\\\/10\\\/08\\\/elle-sapprete-a-renforcer-son-offre-des-la-fin-octobre-domestic-airlines-prend-son-envol\\\/\",\"name\":\"Elle s\\u2019appr\\u00eate \\u00e0 renforcer son offre d\\u00e8s la fin octobre : Domestic Airlines prend son envol - La Sentinelle\",\"description\":\"La compagnie a\\u00e9rienne nationale destin\\u00e9e aux vols int\\u00e9rieurs Domestic Airlines s'appr\\u00eate \\u00e0 renforcer son offre de vols d\\u00e8s la fin octobre avec une mont\\u00e9e en puissance progressive vers diverses destinations au d\\u00e9part d'Alger et des wilayas du Sud, annonce Karim Bahar, conseiller du Directeur g\\u00e9n\\u00e9ral charg\\u00e9 de la communication et des relations publiques. S'exprimant en\",\"inLanguage\":\"fr-FR\",\"isPartOf\":{\"@id\":\"https:\\\/\\\/lasentinelle.dz\\\/#website\"},\"breadcrumb\":{\"@id\":\"https:\\\/\\\/lasentinelle.dz\\\/index.php\\\/2025\\\/10\\\/08\\\/elle-sapprete-a-renforcer-son-offre-des-la-fin-octobre-domestic-airlines-prend-son-envol\\\/#breadcrumblist\"},\"author\":{\"@id\":\"https:\\\/\\\/lasentinelle.dz\\\/author\\\/admin\\\/#author\"},\"creator\":{\"@id\":\"https:\\\/\\\/lasentinelle.dz\\\/author\\\/admin\\\/#author\"},\"image\":{\"@type\":\"ImageObject\",\"url\":\"https:\\\/\\\/lasentinelle.dz\\\/wp-content\\\/uploads\\\/2025\\\/08\\\/Domestic-Airlines-.webp\",\"@id\":\"https:\\\/\\\/lasentinelle.dz\\\/index.php\\\/2025\\\/10\\\/08\\\/elle-sapprete-a-renforcer-son-offre-des-la-fin-octobre-domestic-airlines-prend-son-envol\\\/#mainImage\",\"width\":900,\"height\":675},\"primaryImageOfPage\":{\"@id\":\"https:\\\/\\\/lasentinelle.dz\\\/index.php\\\/2025\\\/10\\\/08\\\/elle-sapprete-a-renforcer-son-offre-des-la-fin-octobre-domestic-airlines-prend-son-envol\\\/#mainImage\"},\"datePublished\":\"2025-10-08T13:11:09+01:00\",\"dateModified\":\"2025-10-08T13:11:11+01:00\"},{\"@type\":\"WebSite\",\"@id\":\"https:\\\/\\\/lasentinelle.dz\\\/#website\",\"url\":\"https:\\\/\\\/lasentinelle.dz\\\/\",\"name\":\"La Sentinelle\",\"description\":\"Quotidien national d'information\",\"inLanguage\":\"fr-FR\",\"publisher\":{\"@id\":\"https:\\\/\\\/lasentinelle.dz\\\/#organization\"}}]}\n\t\t<\/script>\n\t\t<!-- All in One SEO -->\n\n","aioseo_head_json":{"title":"Elle s\u2019appr\u00eate \u00e0 renforcer son offre d\u00e8s la fin octobre : Domestic Airlines prend son envol - La Sentinelle","description":"La compagnie a\u00e9rienne nationale destin\u00e9e aux vols int\u00e9rieurs Domestic Airlines s'appr\u00eate \u00e0 renforcer son offre de vols d\u00e8s la fin octobre avec une mont\u00e9e en puissance progressive vers diverses destinations au d\u00e9part d'Alger et des wilayas du Sud, annonce Karim Bahar, conseiller du Directeur g\u00e9n\u00e9ral charg\u00e9 de la communication et des relations publiques. S'exprimant en","canonical_url":"https:\/\/lasentinelle.dz\/index.php\/2025\/10\/08\/elle-sapprete-a-renforcer-son-offre-des-la-fin-octobre-domestic-airlines-prend-son-envol\/","robots":"max-image-preview:large","keywords":"","webmasterTools":{"miscellaneous":""},"schema":{"@context":"https:\/\/schema.org","@graph":[{"@type":"BlogPosting","@id":"https:\/\/lasentinelle.dz\/index.php\/2025\/10\/08\/elle-sapprete-a-renforcer-son-offre-des-la-fin-octobre-domestic-airlines-prend-son-envol\/#blogposting","name":"Elle s\u2019appr\u00eate \u00e0 renforcer son offre d\u00e8s la fin octobre : Domestic Airlines prend son envol - La Sentinelle","headline":"Elle s\u2019appr\u00eate \u00e0 renforcer son offre d\u00e8s la fin octobre\u00a0: Domestic Airlines prend son envol","author":{"@id":"https:\/\/lasentinelle.dz\/author\/admin\/#author"},"publisher":{"@id":"https:\/\/lasentinelle.dz\/#organization"},"image":{"@type":"ImageObject","url":"https:\/\/lasentinelle.dz\/wp-content\/uploads\/2025\/08\/Domestic-Airlines-.webp","width":900,"height":675},"datePublished":"2025-10-08T13:11:09+01:00","dateModified":"2025-10-08T13:11:11+01:00","inLanguage":"fr-FR","mainEntityOfPage":{"@id":"https:\/\/lasentinelle.dz\/index.php\/2025\/10\/08\/elle-sapprete-a-renforcer-son-offre-des-la-fin-octobre-domestic-airlines-prend-son-envol\/#webpage"},"isPartOf":{"@id":"https:\/\/lasentinelle.dz\/index.php\/2025\/10\/08\/elle-sapprete-a-renforcer-son-offre-des-la-fin-octobre-domestic-airlines-prend-son-envol\/#webpage"},"articleSection":"\u00c0 la Une, Actualit\u00e9"},{"@type":"BreadcrumbList","@id":"https:\/\/lasentinelle.dz\/index.php\/2025\/10\/08\/elle-sapprete-a-renforcer-son-offre-des-la-fin-octobre-domestic-airlines-prend-son-envol\/#breadcrumblist","itemListElement":[{"@type":"ListItem","@id":"https:\/\/lasentinelle.dz#listItem","position":1,"name":"Home","item":"https:\/\/lasentinelle.dz","nextItem":{"@type":"ListItem","@id":"https:\/\/lasentinelle.dz\/index.php\/category\/actualite\/#listItem","name":"Actualit\u00e9"}},{"@type":"ListItem","@id":"https:\/\/lasentinelle.dz\/index.php\/category\/actualite\/#listItem","position":2,"name":"Actualit\u00e9","item":"https:\/\/lasentinelle.dz\/index.php\/category\/actualite\/","nextItem":{"@type":"ListItem","@id":"https:\/\/lasentinelle.dz\/index.php\/2025\/10\/08\/elle-sapprete-a-renforcer-son-offre-des-la-fin-octobre-domestic-airlines-prend-son-envol\/#listItem","name":"Elle s\u2019appr\u00eate \u00e0 renforcer son offre d\u00e8s la fin octobre\u00a0: Domestic Airlines prend son envol"},"previousItem":{"@type":"ListItem","@id":"https:\/\/lasentinelle.dz#listItem","name":"Home"}},{"@type":"ListItem","@id":"https:\/\/lasentinelle.dz\/index.php\/2025\/10\/08\/elle-sapprete-a-renforcer-son-offre-des-la-fin-octobre-domestic-airlines-prend-son-envol\/#listItem","position":3,"name":"Elle s\u2019appr\u00eate \u00e0 renforcer son offre d\u00e8s la fin octobre\u00a0: Domestic Airlines prend son envol","previousItem":{"@type":"ListItem","@id":"https:\/\/lasentinelle.dz\/index.php\/category\/actualite\/#listItem","name":"Actualit\u00e9"}}]},{"@type":"Organization","@id":"https:\/\/lasentinelle.dz\/#organization","name":"La Sentinelle La Sentinelle","description":"Quotidien national d'information","url":"https:\/\/lasentinelle.dz\/","logo":{"@type":"ImageObject","url":"https:\/\/lasentinelle.dz\/wp-content\/uploads\/2021\/09\/cropped-la-sentinelle-earth-golden-anima-5.gif","@id":"https:\/\/lasentinelle.dz\/index.php\/2025\/10\/08\/elle-sapprete-a-renforcer-son-offre-des-la-fin-octobre-domestic-airlines-prend-son-envol\/#organizationLogo","width":450,"height":213},"image":{"@id":"https:\/\/lasentinelle.dz\/index.php\/2025\/10\/08\/elle-sapprete-a-renforcer-son-offre-des-la-fin-octobre-domestic-airlines-prend-son-envol\/#organizationLogo"},"sameAs":["https:\/\/www.facebook.com\/azzedine.lasentinelle.1"]},{"@type":"Person","@id":"https:\/\/lasentinelle.dz\/author\/admin\/#author","url":"https:\/\/lasentinelle.dz\/author\/admin\/","name":"admin","image":{"@type":"ImageObject","@id":"https:\/\/lasentinelle.dz\/index.php\/2025\/10\/08\/elle-sapprete-a-renforcer-son-offre-des-la-fin-octobre-domestic-airlines-prend-son-envol\/#authorImage","url":"https:\/\/secure.gravatar.com\/avatar\/4c81fed838786e9b53f540bf46533e750f5d292099ae3b66cfc6fb1982e29df7?s=96&d=mm&r=g","width":96,"height":96,"caption":"admin"}},{"@type":"WebPage","@id":"https:\/\/lasentinelle.dz\/index.php\/2025\/10\/08\/elle-sapprete-a-renforcer-son-offre-des-la-fin-octobre-domestic-airlines-prend-son-envol\/#webpage","url":"https:\/\/lasentinelle.dz\/index.php\/2025\/10\/08\/elle-sapprete-a-renforcer-son-offre-des-la-fin-octobre-domestic-airlines-prend-son-envol\/","name":"Elle s\u2019appr\u00eate \u00e0 renforcer son offre d\u00e8s la fin octobre : Domestic Airlines prend son envol - La Sentinelle","description":"La compagnie a\u00e9rienne nationale destin\u00e9e aux vols int\u00e9rieurs Domestic Airlines s'appr\u00eate \u00e0 renforcer son offre de vols d\u00e8s la fin octobre avec une mont\u00e9e en puissance progressive vers diverses destinations au d\u00e9part d'Alger et des wilayas du Sud, annonce Karim Bahar, conseiller du Directeur g\u00e9n\u00e9ral charg\u00e9 de la communication et des relations publiques. S'exprimant en","inLanguage":"fr-FR","isPartOf":{"@id":"https:\/\/lasentinelle.dz\/#website"},"breadcrumb":{"@id":"https:\/\/lasentinelle.dz\/index.php\/2025\/10\/08\/elle-sapprete-a-renforcer-son-offre-des-la-fin-octobre-domestic-airlines-prend-son-envol\/#breadcrumblist"},"author":{"@id":"https:\/\/lasentinelle.dz\/author\/admin\/#author"},"creator":{"@id":"https:\/\/lasentinelle.dz\/author\/admin\/#author"},"image":{"@type":"ImageObject","url":"https:\/\/lasentinelle.dz\/wp-content\/uploads\/2025\/08\/Domestic-Airlines-.webp","@id":"https:\/\/lasentinelle.dz\/index.php\/2025\/10\/08\/elle-sapprete-a-renforcer-son-offre-des-la-fin-octobre-domestic-airlines-prend-son-envol\/#mainImage","width":900,"height":675},"primaryImageOfPage":{"@id":"https:\/\/lasentinelle.dz\/index.php\/2025\/10\/08\/elle-sapprete-a-renforcer-son-offre-des-la-fin-octobre-domestic-airlines-prend-son-envol\/#mainImage"},"datePublished":"2025-10-08T13:11:09+01:00","dateModified":"2025-10-08T13:11:11+01:00"},{"@type":"WebSite","@id":"https:\/\/lasentinelle.dz\/#website","url":"https:\/\/lasentinelle.dz\/","name":"La Sentinelle","description":"Quotidien national d'information","inLanguage":"fr-FR","publisher":{"@id":"https:\/\/lasentinelle.dz\/#organization"}}]},"og:locale":"fr_FR","og:site_name":"La Sentinelle - Quotidien national d'information","og:type":"article","og:title":"Elle s\u2019appr\u00eate \u00e0 renforcer son offre d\u00e8s la fin octobre : Domestic Airlines prend son envol - La Sentinelle","og:description":"La compagnie a\u00e9rienne nationale destin\u00e9e aux vols int\u00e9rieurs Domestic Airlines s'appr\u00eate \u00e0 renforcer son offre de vols d\u00e8s la fin octobre avec une mont\u00e9e en puissance progressive vers diverses destinations au d\u00e9part d'Alger et des wilayas du Sud, annonce Karim Bahar, conseiller du Directeur g\u00e9n\u00e9ral charg\u00e9 de la communication et des relations publiques. S'exprimant en","og:url":"https:\/\/lasentinelle.dz\/index.php\/2025\/10\/08\/elle-sapprete-a-renforcer-son-offre-des-la-fin-octobre-domestic-airlines-prend-son-envol\/","og:image":"https:\/\/lasentinelle.dz\/wp-content\/uploads\/2021\/09\/cropped-la-sentinelle-earth-golden-anima-5.gif","og:image:secure_url":"https:\/\/lasentinelle.dz\/wp-content\/uploads\/2021\/09\/cropped-la-sentinelle-earth-golden-anima-5.gif","og:image:width":450,"og:image:height":213,"article:published_time":"2025-10-08T12:11:09+00:00","article:modified_time":"2025-10-08T12:11:11+00:00","article:publisher":"https:\/\/www.facebook.com\/azzedine.lasentinelle.1","twitter:card":"summary_large_image","twitter:title":"Elle s\u2019appr\u00eate \u00e0 renforcer son offre d\u00e8s la fin octobre : Domestic Airlines prend son envol - La Sentinelle","twitter:description":"La compagnie a\u00e9rienne nationale destin\u00e9e aux vols int\u00e9rieurs Domestic Airlines s'appr\u00eate \u00e0 renforcer son offre de vols d\u00e8s la fin octobre avec une mont\u00e9e en puissance progressive vers diverses destinations au d\u00e9part d'Alger et des wilayas du Sud, annonce Karim Bahar, conseiller du Directeur g\u00e9n\u00e9ral charg\u00e9 de la communication et des relations publiques. S'exprimant en","twitter:image":"https:\/\/lasentinelle.dz\/wp-content\/uploads\/2021\/09\/cropped-la-sentinelle-earth-golden-anima-5.gif"},"aioseo_meta_data":{"post_id":"74378","title":null,"description":null,"keywords":null,"keyphrases":null,"primary_term":null,"canonical_url":null,"og_title":null,"og_description":null,"og_object_type":"default","og_image_type":"default","og_image_url":null,"og_image_width":null,"og_image_height":null,"og_image_custom_url":null,"og_image_custom_fields":null,"og_video":null,"og_custom_url":null,"og_article_section":null,"og_article_tags":null,"twitter_use_og":false,"twitter_card":"default","twitter_image_type":"default","twitter_image_url":null,"twitter_image_custom_url":null,"twitter_image_custom_fields":null,"twitter_title":null,"twitter_description":null,"schema":{"blockGraphs":[],"customGraphs":[],"default":{"data":{"Article":[],"Course":[],"Dataset":[],"FAQPage":[],"Movie":[],"Person":[],"Product":[],"ProductReview":[],"Car":[],"Recipe":[],"Service":[],"SoftwareApplication":[],"WebPage":[]},"graphName":"","isEnabled":true},"graphs":[]},"schema_type":"default","schema_type_options":null,"pillar_content":false,"robots_default":true,"robots_noindex":false,"robots_noarchive":false,"robots_nosnippet":false,"robots_nofollow":false,"robots_noimageindex":false,"robots_noodp":false,"robots_notranslate":false,"robots_max_snippet":null,"robots_max_videopreview":null,"robots_max_imagepreview":"large","priority":null,"frequency":null,"local_seo":null,"breadcrumb_settings":null,"limit_modified_date":false,"ai":null,"created":"2026-05-13 00:40:05","updated":"2026-05-13 00:40:05","focus_keyword":null,"additional_keywords":null,"truseo_locale":null,"seo_analyzer_scan_date":null},"aioseo_breadcrumb":"<div class=\"aioseo-breadcrumbs\"><span class=\"aioseo-breadcrumb\">\n\t\t\t<a href=\"https:\/\/lasentinelle.dz\" title=\"Home\">Home<\/a>\n\t\t<\/span><span class=\"aioseo-breadcrumb-separator\">&raquo;<\/span><span class=\"aioseo-breadcrumb\">\n\t\t\t<a href=\"https:\/\/lasentinelle.dz\/index.php\/category\/actualite\/\" title=\"Actualit\u00e9\">Actualit\u00e9<\/a>\n\t\t<\/span><span class=\"aioseo-breadcrumb-separator\">&raquo;<\/span><span class=\"aioseo-breadcrumb\">\n\t\t\tElle s\u2019appr\u00eate \u00e0 renforcer son offre d\u00e8s la fin octobre : Domestic Airlines prend son envol\n\t\t<\/span><\/div>","aioseo_breadcrumb_json":[{"label":"Home","link":"https:\/\/lasentinelle.dz"},{"label":"Actualit\u00e9","link":"https:\/\/lasentinelle.dz\/index.php\/category\/actualite\/"},{"label":"Elle s\u2019appr\u00eate \u00e0 renforcer son offre d\u00e8s la fin octobre\u00a0: Domestic Airlines prend son envol","link":"https:\/\/lasentinelle.dz\/index.php\/2025\/10\/08\/elle-sapprete-a-renforcer-son-offre-des-la-fin-octobre-domestic-airlines-prend-son-envol\/"}],"yoast_head":"<!-- This site is optimized with the Yoast SEO plugin v28.3 - https:\/\/yoast.com\/product\/yoast-seo-wordpress\/ -->\n<title>Elle s\u2019appr\u00eate \u00e0 renforcer son offre d\u00e8s la fin octobre\u00a0: Domestic Airlines prend son envol - La Sentinelle<\/title>\n<meta name=\"robots\" content=\"index, follow, max-snippet:-1, max-image-preview:large, max-video-preview:-1\" \/>\n<link rel=\"canonical\" href=\"https:\/\/lasentinelle.dz\/index.php\/2025\/10\/08\/elle-sapprete-a-renforcer-son-offre-des-la-fin-octobre-domestic-airlines-prend-son-envol\/\" \/>\n<meta property=\"og:locale\" content=\"fr_FR\" \/>\n<meta property=\"og:type\" content=\"article\" \/>\n<meta property=\"og:title\" content=\"Elle s\u2019appr\u00eate \u00e0 renforcer son offre d\u00e8s la fin octobre\u00a0: Domestic Airlines prend son envol - La Sentinelle\" \/>\n<meta property=\"og:description\" content=\"La compagnie a\u00e9rienne nationale destin\u00e9e aux vols int\u00e9rieurs Domestic Airlines s&rsquo;appr\u00eate \u00e0 renforcer son offre de vols d\u00e8s la fin\" \/>\n<meta property=\"og:url\" content=\"https:\/\/lasentinelle.dz\/index.php\/2025\/10\/08\/elle-sapprete-a-renforcer-son-offre-des-la-fin-octobre-domestic-airlines-prend-son-envol\/\" \/>\n<meta property=\"og:site_name\" content=\"La Sentinelle\" \/>\n<meta property=\"article:publisher\" content=\"https:\/\/www.facebook.com\/La-Sentinelle-104059864394773\" \/>\n<meta property=\"article:published_time\" content=\"2025-10-08T12:11:09+00:00\" \/>\n<meta property=\"article:modified_time\" content=\"2025-10-08T12:11:11+00:00\" \/>\n<meta property=\"og:image\" content=\"https:\/\/lasentinelle.dz\/wp-content\/uploads\/2025\/08\/Domestic-Airlines-.webp\" \/>\n\t<meta property=\"og:image:width\" content=\"900\" \/>\n\t<meta property=\"og:image:height\" content=\"675\" \/>\n\t<meta property=\"og:image:type\" content=\"image\/webp\" \/>\n<meta name=\"author\" content=\"admin\" \/>\n<meta name=\"twitter:card\" content=\"summary_large_image\" \/>\n<meta name=\"twitter:label1\" content=\"\u00c9crit par\" \/>\n\t<meta name=\"twitter:data1\" content=\"admin\" \/>\n\t<meta name=\"twitter:label2\" content=\"Dur\u00e9e de lecture estim\u00e9e\" \/>\n\t<meta name=\"twitter:data2\" content=\"3 minutes\" \/>\n<script type=\"application\/ld+json\" class=\"yoast-schema-graph\">{\"@context\":\"https:\\\/\\\/schema.org\",\"@graph\":[{\"@type\":\"Article\",\"@id\":\"https:\\\/\\\/lasentinelle.dz\\\/index.php\\\/2025\\\/10\\\/08\\\/elle-sapprete-a-renforcer-son-offre-des-la-fin-octobre-domestic-airlines-prend-son-envol\\\/#article\",\"isPartOf\":{\"@id\":\"https:\\\/\\\/lasentinelle.dz\\\/index.php\\\/2025\\\/10\\\/08\\\/elle-sapprete-a-renforcer-son-offre-des-la-fin-octobre-domestic-airlines-prend-son-envol\\\/\"},\"author\":{\"name\":\"admin\",\"@id\":\"https:\\\/\\\/lasentinelle.dz\\\/#\\\/schema\\\/person\\\/729ee0024f24e0b8c5ec17232f8e8b41\"},\"headline\":\"Elle s\u2019appr\u00eate \u00e0 renforcer son offre d\u00e8s la fin octobre\u00a0: Domestic Airlines prend son envol\",\"datePublished\":\"2025-10-08T12:11:09+00:00\",\"dateModified\":\"2025-10-08T12:11:11+00:00\",\"mainEntityOfPage\":{\"@id\":\"https:\\\/\\\/lasentinelle.dz\\\/index.php\\\/2025\\\/10\\\/08\\\/elle-sapprete-a-renforcer-son-offre-des-la-fin-octobre-domestic-airlines-prend-son-envol\\\/\"},\"wordCount\":536,\"commentCount\":0,\"publisher\":{\"@id\":\"https:\\\/\\\/lasentinelle.dz\\\/#organization\"},\"image\":{\"@id\":\"https:\\\/\\\/lasentinelle.dz\\\/index.php\\\/2025\\\/10\\\/08\\\/elle-sapprete-a-renforcer-son-offre-des-la-fin-octobre-domestic-airlines-prend-son-envol\\\/#primaryimage\"},\"thumbnailUrl\":\"https:\\\/\\\/lasentinelle.dz\\\/wp-content\\\/uploads\\\/2025\\\/08\\\/Domestic-Airlines-.webp\",\"articleSection\":[\"\u00c0 la Une\",\"Actualit\u00e9\"],\"inLanguage\":\"fr-FR\",\"potentialAction\":[{\"@type\":\"CommentAction\",\"name\":\"Comment\",\"target\":[\"https:\\\/\\\/lasentinelle.dz\\\/index.php\\\/2025\\\/10\\\/08\\\/elle-sapprete-a-renforcer-son-offre-des-la-fin-octobre-domestic-airlines-prend-son-envol\\\/#respond\"]}]},{\"@type\":\"WebPage\",\"@id\":\"https:\\\/\\\/lasentinelle.dz\\\/index.php\\\/2025\\\/10\\\/08\\\/elle-sapprete-a-renforcer-son-offre-des-la-fin-octobre-domestic-airlines-prend-son-envol\\\/\",\"url\":\"https:\\\/\\\/lasentinelle.dz\\\/index.php\\\/2025\\\/10\\\/08\\\/elle-sapprete-a-renforcer-son-offre-des-la-fin-octobre-domestic-airlines-prend-son-envol\\\/\",\"name\":\"Elle s\u2019appr\u00eate \u00e0 renforcer son offre d\u00e8s la fin octobre\u00a0: Domestic Airlines prend son envol - La Sentinelle\",\"isPartOf\":{\"@id\":\"https:\\\/\\\/lasentinelle.dz\\\/#website\"},\"primaryImageOfPage\":{\"@id\":\"https:\\\/\\\/lasentinelle.dz\\\/index.php\\\/2025\\\/10\\\/08\\\/elle-sapprete-a-renforcer-son-offre-des-la-fin-octobre-domestic-airlines-prend-son-envol\\\/#primaryimage\"},\"image\":{\"@id\":\"https:\\\/\\\/lasentinelle.dz\\\/index.php\\\/2025\\\/10\\\/08\\\/elle-sapprete-a-renforcer-son-offre-des-la-fin-octobre-domestic-airlines-prend-son-envol\\\/#primaryimage\"},\"thumbnailUrl\":\"https:\\\/\\\/lasentinelle.dz\\\/wp-content\\\/uploads\\\/2025\\\/08\\\/Domestic-Airlines-.webp\",\"datePublished\":\"2025-10-08T12:11:09+00:00\",\"dateModified\":\"2025-10-08T12:11:11+00:00\",\"breadcrumb\":{\"@id\":\"https:\\\/\\\/lasentinelle.dz\\\/index.php\\\/2025\\\/10\\\/08\\\/elle-sapprete-a-renforcer-son-offre-des-la-fin-octobre-domestic-airlines-prend-son-envol\\\/#breadcrumb\"},\"inLanguage\":\"fr-FR\",\"potentialAction\":[{\"@type\":\"ReadAction\",\"target\":[\"https:\\\/\\\/lasentinelle.dz\\\/index.php\\\/2025\\\/10\\\/08\\\/elle-sapprete-a-renforcer-son-offre-des-la-fin-octobre-domestic-airlines-prend-son-envol\\\/\"]}]},{\"@type\":\"ImageObject\",\"inLanguage\":\"fr-FR\",\"@id\":\"https:\\\/\\\/lasentinelle.dz\\\/index.php\\\/2025\\\/10\\\/08\\\/elle-sapprete-a-renforcer-son-offre-des-la-fin-octobre-domestic-airlines-prend-son-envol\\\/#primaryimage\",\"url\":\"https:\\\/\\\/lasentinelle.dz\\\/wp-content\\\/uploads\\\/2025\\\/08\\\/Domestic-Airlines-.webp\",\"contentUrl\":\"https:\\\/\\\/lasentinelle.dz\\\/wp-content\\\/uploads\\\/2025\\\/08\\\/Domestic-Airlines-.webp\",\"width\":900,\"height\":675},{\"@type\":\"BreadcrumbList\",\"@id\":\"https:\\\/\\\/lasentinelle.dz\\\/index.php\\\/2025\\\/10\\\/08\\\/elle-sapprete-a-renforcer-son-offre-des-la-fin-octobre-domestic-airlines-prend-son-envol\\\/#breadcrumb\",\"itemListElement\":[{\"@type\":\"ListItem\",\"position\":1,\"name\":\"Accueil\",\"item\":\"https:\\\/\\\/lasentinelle.dz\\\/\"},{\"@type\":\"ListItem\",\"position\":2,\"name\":\"Elle s\u2019appr\u00eate \u00e0 renforcer son offre d\u00e8s la fin octobre\u00a0: Domestic Airlines prend son envol\"}]},{\"@type\":\"WebSite\",\"@id\":\"https:\\\/\\\/lasentinelle.dz\\\/#website\",\"url\":\"https:\\\/\\\/lasentinelle.dz\\\/\",\"name\":\"La Sentinelle\",\"description\":\"Quotidien national d&#039;information\",\"publisher\":{\"@id\":\"https:\\\/\\\/lasentinelle.dz\\\/#organization\"},\"potentialAction\":[{\"@type\":\"SearchAction\",\"target\":{\"@type\":\"EntryPoint\",\"urlTemplate\":\"https:\\\/\\\/lasentinelle.dz\\\/?s={search_term_string}\"},\"query-input\":{\"@type\":\"PropertyValueSpecification\",\"valueRequired\":true,\"valueName\":\"search_term_string\"}}],\"inLanguage\":\"fr-FR\"},{\"@type\":\"Organization\",\"@id\":\"https:\\\/\\\/lasentinelle.dz\\\/#organization\",\"name\":\"Quotidien La Sentinelle\",\"url\":\"https:\\\/\\\/lasentinelle.dz\\\/\",\"logo\":{\"@type\":\"ImageObject\",\"inLanguage\":\"fr-FR\",\"@id\":\"https:\\\/\\\/lasentinelle.dz\\\/#\\\/schema\\\/logo\\\/image\\\/\",\"url\":\"https:\\\/\\\/lasentinelle.dz\\\/wp-content\\\/uploads\\\/2021\\\/09\\\/logo-sentinelleSLOGAN-1.png\",\"contentUrl\":\"https:\\\/\\\/lasentinelle.dz\\\/wp-content\\\/uploads\\\/2021\\\/09\\\/logo-sentinelleSLOGAN-1.png\",\"width\":615,\"height\":142,\"caption\":\"Quotidien La Sentinelle\"},\"image\":{\"@id\":\"https:\\\/\\\/lasentinelle.dz\\\/#\\\/schema\\\/logo\\\/image\\\/\"},\"sameAs\":[\"https:\\\/\\\/www.facebook.com\\\/La-Sentinelle-104059864394773\"]},{\"@type\":\"Person\",\"@id\":\"https:\\\/\\\/lasentinelle.dz\\\/#\\\/schema\\\/person\\\/729ee0024f24e0b8c5ec17232f8e8b41\",\"name\":\"admin\",\"image\":{\"@type\":\"ImageObject\",\"inLanguage\":\"fr-FR\",\"@id\":\"https:\\\/\\\/secure.gravatar.com\\\/avatar\\\/4c81fed838786e9b53f540bf46533e750f5d292099ae3b66cfc6fb1982e29df7?s=96&d=mm&r=g\",\"url\":\"https:\\\/\\\/secure.gravatar.com\\\/avatar\\\/4c81fed838786e9b53f540bf46533e750f5d292099ae3b66cfc6fb1982e29df7?s=96&d=mm&r=g\",\"contentUrl\":\"https:\\\/\\\/secure.gravatar.com\\\/avatar\\\/4c81fed838786e9b53f540bf46533e750f5d292099ae3b66cfc6fb1982e29df7?s=96&d=mm&r=g\",\"caption\":\"admin\"},\"description\":\"admin\",\"url\":\"https:\\\/\\\/lasentinelle.dz\\\/author\\\/admin\\\/\"}]}<\/script>\n<!-- \/ Yoast SEO plugin. -->","yoast_head_json":{"title":"Elle s\u2019appr\u00eate \u00e0 renforcer son offre d\u00e8s la fin octobre\u00a0: Domestic Airlines prend son envol - La Sentinelle","robots":{"index":"index","follow":"follow","max-snippet":"max-snippet:-1","max-image-preview":"max-image-preview:large","max-video-preview":"max-video-preview:-1"},"canonical":"https:\/\/lasentinelle.dz\/index.php\/2025\/10\/08\/elle-sapprete-a-renforcer-son-offre-des-la-fin-octobre-domestic-airlines-prend-son-envol\/","og_locale":"fr_FR","og_type":"article","og_title":"Elle s\u2019appr\u00eate \u00e0 renforcer son offre d\u00e8s la fin octobre\u00a0: Domestic Airlines prend son envol - La Sentinelle","og_description":"La compagnie a\u00e9rienne nationale destin\u00e9e aux vols int\u00e9rieurs Domestic Airlines s&rsquo;appr\u00eate \u00e0 renforcer son offre de vols d\u00e8s la fin","og_url":"https:\/\/lasentinelle.dz\/index.php\/2025\/10\/08\/elle-sapprete-a-renforcer-son-offre-des-la-fin-octobre-domestic-airlines-prend-son-envol\/","og_site_name":"La Sentinelle","article_publisher":"https:\/\/www.facebook.com\/La-Sentinelle-104059864394773","article_published_time":"2025-10-08T12:11:09+00:00","article_modified_time":"2025-10-08T12:11:11+00:00","og_image":[{"width":900,"height":675,"url":"https:\/\/lasentinelle.dz\/wp-content\/uploads\/2025\/08\/Domestic-Airlines-.webp","type":"image\/webp"}],"author":"admin","twitter_card":"summary_large_image","twitter_misc":{"\u00c9crit par":"admin","Dur\u00e9e de lecture estim\u00e9e":"3 minutes"},"schema":{"@context":"https:\/\/schema.org","@graph":[{"@type":"Article","@id":"https:\/\/lasentinelle.dz\/index.php\/2025\/10\/08\/elle-sapprete-a-renforcer-son-offre-des-la-fin-octobre-domestic-airlines-prend-son-envol\/#article","isPartOf":{"@id":"https:\/\/lasentinelle.dz\/index.php\/2025\/10\/08\/elle-sapprete-a-renforcer-son-offre-des-la-fin-octobre-domestic-airlines-prend-son-envol\/"},"author":{"name":"admin","@id":"https:\/\/lasentinelle.dz\/#\/schema\/person\/729ee0024f24e0b8c5ec17232f8e8b41"},"headline":"Elle s\u2019appr\u00eate \u00e0 renforcer son offre d\u00e8s la fin octobre\u00a0: Domestic Airlines prend son envol","datePublished":"2025-10-08T12:11:09+00:00","dateModified":"2025-10-08T12:11:11+00:00","mainEntityOfPage":{"@id":"https:\/\/lasentinelle.dz\/index.php\/2025\/10\/08\/elle-sapprete-a-renforcer-son-offre-des-la-fin-octobre-domestic-airlines-prend-son-envol\/"},"wordCount":536,"commentCount":0,"publisher":{"@id":"https:\/\/lasentinelle.dz\/#organization"},"image":{"@id":"https:\/\/lasentinelle.dz\/index.php\/2025\/10\/08\/elle-sapprete-a-renforcer-son-offre-des-la-fin-octobre-domestic-airlines-prend-son-envol\/#primaryimage"},"thumbnailUrl":"https:\/\/lasentinelle.dz\/wp-content\/uploads\/2025\/08\/Domestic-Airlines-.webp","articleSection":["\u00c0 la Une","Actualit\u00e9"],"inLanguage":"fr-FR","potentialAction":[{"@type":"CommentAction","name":"Comment","target":["https:\/\/lasentinelle.dz\/index.php\/2025\/10\/08\/elle-sapprete-a-renforcer-son-offre-des-la-fin-octobre-domestic-airlines-prend-son-envol\/#respond"]}]},{"@type":"WebPage","@id":"https:\/\/lasentinelle.dz\/index.php\/2025\/10\/08\/elle-sapprete-a-renforcer-son-offre-des-la-fin-octobre-domestic-airlines-prend-son-envol\/","url":"https:\/\/lasentinelle.dz\/index.php\/2025\/10\/08\/elle-sapprete-a-renforcer-son-offre-des-la-fin-octobre-domestic-airlines-prend-son-envol\/","name":"Elle s\u2019appr\u00eate \u00e0 renforcer son offre d\u00e8s la fin octobre\u00a0: Domestic Airlines prend son envol - La Sentinelle","isPartOf":{"@id":"https:\/\/lasentinelle.dz\/#website"},"primaryImageOfPage":{"@id":"https:\/\/lasentinelle.dz\/index.php\/2025\/10\/08\/elle-sapprete-a-renforcer-son-offre-des-la-fin-octobre-domestic-airlines-prend-son-envol\/#primaryimage"},"image":{"@id":"https:\/\/lasentinelle.dz\/index.php\/2025\/10\/08\/elle-sapprete-a-renforcer-son-offre-des-la-fin-octobre-domestic-airlines-prend-son-envol\/#primaryimage"},"thumbnailUrl":"https:\/\/lasentinelle.dz\/wp-content\/uploads\/2025\/08\/Domestic-Airlines-.webp","datePublished":"2025-10-08T12:11:09+00:00","dateModified":"2025-10-08T12:11:11+00:00","breadcrumb":{"@id":"https:\/\/lasentinelle.dz\/index.php\/2025\/10\/08\/elle-sapprete-a-renforcer-son-offre-des-la-fin-octobre-domestic-airlines-prend-son-envol\/#breadcrumb"},"inLanguage":"fr-FR","potentialAction":[{"@type":"ReadAction","target":["https:\/\/lasentinelle.dz\/index.php\/2025\/10\/08\/elle-sapprete-a-renforcer-son-offre-des-la-fin-octobre-domestic-airlines-prend-son-envol\/"]}]},{"@type":"ImageObject","inLanguage":"fr-FR","@id":"https:\/\/lasentinelle.dz\/index.php\/2025\/10\/08\/elle-sapprete-a-renforcer-son-offre-des-la-fin-octobre-domestic-airlines-prend-son-envol\/#primaryimage","url":"https:\/\/lasentinelle.dz\/wp-content\/uploads\/2025\/08\/Domestic-Airlines-.webp","contentUrl":"https:\/\/lasentinelle.dz\/wp-content\/uploads\/2025\/08\/Domestic-Airlines-.webp","width":900,"height":675},{"@type":"BreadcrumbList","@id":"https:\/\/lasentinelle.dz\/index.php\/2025\/10\/08\/elle-sapprete-a-renforcer-son-offre-des-la-fin-octobre-domestic-airlines-prend-son-envol\/#breadcrumb","itemListElement":[{"@type":"ListItem","position":1,"name":"Accueil","item":"https:\/\/lasentinelle.dz\/"},{"@type":"ListItem","position":2,"name":"Elle s\u2019appr\u00eate \u00e0 renforcer son offre d\u00e8s la fin octobre\u00a0: Domestic Airlines prend son envol"}]},{"@type":"WebSite","@id":"https:\/\/lasentinelle.dz\/#website","url":"https:\/\/lasentinelle.dz\/","name":"La Sentinelle","description":"Quotidien national d&#039;information","publisher":{"@id":"https:\/\/lasentinelle.dz\/#organization"},"potentialAction":[{"@type":"SearchAction","target":{"@type":"EntryPoint","urlTemplate":"https:\/\/lasentinelle.dz\/?s={search_term_string}"},"query-input":{"@type":"PropertyValueSpecification","valueRequired":true,"valueName":"search_term_string"}}],"inLanguage":"fr-FR"},{"@type":"Organization","@id":"https:\/\/lasentinelle.dz\/#organization","name":"Quotidien La Sentinelle","url":"https:\/\/lasentinelle.dz\/","logo":{"@type":"ImageObject","inLanguage":"fr-FR","@id":"https:\/\/lasentinelle.dz\/#\/schema\/logo\/image\/","url":"https:\/\/lasentinelle.dz\/wp-content\/uploads\/2021\/09\/logo-sentinelleSLOGAN-1.png","contentUrl":"https:\/\/lasentinelle.dz\/wp-content\/uploads\/2021\/09\/logo-sentinelleSLOGAN-1.png","width":615,"height":142,"caption":"Quotidien La Sentinelle"},"image":{"@id":"https:\/\/lasentinelle.dz\/#\/schema\/logo\/image\/"},"sameAs":["https:\/\/www.facebook.com\/La-Sentinelle-104059864394773"]},{"@type":"Person","@id":"https:\/\/lasentinelle.dz\/#\/schema\/person\/729ee0024f24e0b8c5ec17232f8e8b41","name":"admin","image":{"@type":"ImageObject","inLanguage":"fr-FR","@id":"https:\/\/secure.gravatar.com\/avatar\/4c81fed838786e9b53f540bf46533e750f5d292099ae3b66cfc6fb1982e29df7?s=96&d=mm&r=g","url":"https:\/\/secure.gravatar.com\/avatar\/4c81fed838786e9b53f540bf46533e750f5d292099ae3b66cfc6fb1982e29df7?s=96&d=mm&r=g","contentUrl":"https:\/\/secure.gravatar.com\/avatar\/4c81fed838786e9b53f540bf46533e750f5d292099ae3b66cfc6fb1982e29df7?s=96&d=mm&r=g","caption":"admin"},"description":"admin","url":"https:\/\/lasentinelle.dz\/author\/admin\/"}]}},"_links":{"self":[{"href":"https:\/\/lasentinelle.dz\/index.php\/wp-json\/wp\/v2\/posts\/74378","targetHints":{"allow":["GET"]}}],"collection":[{"href":"https:\/\/lasentinelle.dz\/index.php\/wp-json\/wp\/v2\/posts"}],"about":[{"href":"https:\/\/lasentinelle.dz\/index.php\/wp-json\/wp\/v2\/types\/post"}],"author":[{"embeddable":true,"href":"https:\/\/lasentinelle.dz\/index.php\/wp-json\/wp\/v2\/users\/6"}],"replies":[{"embeddable":true,"href":"https:\/\/lasentinelle.dz\/index.php\/wp-json\/wp\/v2\/comments?post=74378"}],"version-history":[{"count":1,"href":"https:\/\/lasentinelle.dz\/index.php\/wp-json\/wp\/v2\/posts\/74378\/revisions"}],"predecessor-version":[{"id":74379,"href":"https:\/\/lasentinelle.dz\/index.php\/wp-json\/wp\/v2\/posts\/74378\/revisions\/74379"}],"wp:featuredmedia":[{"embeddable":true,"href":"https:\/\/lasentinelle.dz\/index.php\/wp-json\/wp\/v2\/media\/72335"}],"wp:attachment":[{"href":"https:\/\/lasentinelle.dz\/index.php\/wp-json\/wp\/v2\/media?parent=74378"}],"wp:term":[{"taxonomy":"category","embeddable":true,"href":"https:\/\/lasentinelle.dz\/index.php\/wp-json\/wp\/v2\/categories?post=74378"},{"taxonomy":"post_tag","embeddable":true,"href":"https:\/\/lasentinelle.dz\/index.php\/wp-json\/wp\/v2\/tags?post=74378"}],"curies":[{"name":"wp","href":"https:\/\/api.w.org\/{rel}","templated":true}]}}