{"id":7447,"date":"2021-09-12T00:01:00","date_gmt":"2021-09-11T23:01:00","guid":{"rendered":"https:\/\/lasentinelle.dz\/?p=7447"},"modified":"2021-09-11T19:06:16","modified_gmt":"2021-09-11T18:06:16","slug":"elle-rejette-toutes-formes-dingerence-dans-les-affaires-interieures-des-etats-lalgerie-reagit-aux-interventions-turques","status":"publish","type":"post","link":"https:\/\/lasentinelle.dz\/index.php\/2021\/09\/12\/elle-rejette-toutes-formes-dingerence-dans-les-affaires-interieures-des-etats-lalgerie-reagit-aux-interventions-turques\/","title":{"rendered":"Elle rejette toutes formes d&rsquo;ing\u00e9rence dans les affaires int\u00e9rieures des Etats : L\u2019Alg\u00e9rie r\u00e9agit aux interventions turques"},"content":{"rendered":"\n<p>L&rsquo;Alg\u00e9rie a r\u00e9affirm\u00e9 son rejet total de toutes les formes d&rsquo;ing\u00e9rence dans les affaires int\u00e9rieures des Etats, insistant sur l&rsquo;imp\u00e9ratif de se r\u00e9f\u00e9rer aux r\u00e8gles de la l\u00e9galit\u00e9 internationale et de pr\u00f4ner le dialogue entre les Etats arabes et les pays voisins dans le respect de la souverainet\u00e9 de chaque Etat.R\u00e9agissant \u00e0 la clause relative aux interventions turques dans les territoires arabes, inscrite aux travaux de la r\u00e9union de la session ordinaire du Conseil de la Ligue arabe au niveau minist\u00e9riel, tenus jeudi, la d\u00e9l\u00e9gation alg\u00e9rienne a \u00ab\u00a0r\u00e9affirm\u00e9 le rejet total par l&rsquo;Alg\u00e9rie de toutes les formes d&rsquo;ing\u00e9rence dans les affaires int\u00e9rieures des Etats\u00a0\u00bb.\u00a0\u00bbL&rsquo;Alg\u00e9rie insiste sur l&rsquo;imp\u00e9ratif de se r\u00e9f\u00e9rer aux r\u00e8gles de la l\u00e9galit\u00e9 internationale et de pr\u00f4ner un dialogue constructif entre les Etats arabes et les pays voisins appartenant \u00e0 la civilisation arabo-musulmane, dans le respect de la souverainet\u00e9 de chaque Etat, loin des menaces et provocations, et ce, au service de la paix durable entre les Etats et des justes causes arabes, notamment la cause palestinienne\u00a0\u00bb, a pr\u00e9cis\u00e9 la d\u00e9l\u00e9gation alg\u00e9rienne.Les travaux de la session ordinaire du Conseil de la Ligue arabe au niveau minist\u00e9riel, tenus jeudi au Caire, ont port\u00e9 sur l&rsquo;examen de nombre de questions politiques d&rsquo;actualit\u00e9 dans le monde arabe, \u00e0 leur t\u00eate la question palestinienne.<\/p>\n\n\n\n<p>APS<\/p>\n","protected":false},"excerpt":{"rendered":"<p>L&rsquo;Alg\u00e9rie a r\u00e9affirm\u00e9 son rejet total de toutes les formes d&rsquo;ing\u00e9rence dans les affaires int\u00e9rieures des Etats, insistant sur l&rsquo;imp\u00e9ratif<\/p>\n","protected":false},"author":3,"featured_media":7451,"comment_status":"open","ping_status":"closed","sticky":false,"template":"","format":"standard","meta":{"colormag_page_container_layout":"default_layout","colormag_page_sidebar_layout":"default_layout","om_disable_all_campaigns":false,"_monsterinsights_skip_tracking":false,"_monsterinsights_sitenote_active":false,"_monsterinsights_sitenote_note":"","_monsterinsights_sitenote_category":0,"footnotes":"","_wpscppro_dont_share_socialmedia":false,"_wpscppro_custom_social_share_image":0,"_facebook_share_type":"","_twitter_share_type":"","_linkedin_share_type":"","_pinterest_share_type":"","_linkedin_share_type_page":"","_instagram_share_type":"","_medium_share_type":"","_threads_share_type":"","_google_business_share_type":"","_selected_social_profile":[],"_wpsp_enable_custom_social_template":false,"_wpsp_social_scheduling":{"enabled":false,"datetime":null,"platforms":[],"status":"template_only","dateOption":"today","timeOption":"now","customDays":"","customHours":"","customDate":"","customTime":"","schedulingType":"absolute"},"_wpsp_active_default_template":true},"categories":[27],"tags":[],"class_list":["post-7447","post","type-post","status-publish","format-standard","has-post-thumbnail","hentry","category-actualite"],"aioseo_notices":[],"yoast_head":"<!-- This site is optimized with the Yoast SEO plugin v27.5 - https:\/\/yoast.com\/product\/yoast-seo-wordpress\/ -->\n<title>Elle rejette toutes formes d&#039;ing\u00e9rence dans les affaires int\u00e9rieures des Etats : L\u2019Alg\u00e9rie r\u00e9agit aux interventions turques - La Sentinelle<\/title>\n<meta name=\"robots\" content=\"index, follow, max-snippet:-1, max-image-preview:large, max-video-preview:-1\" \/>\n<link rel=\"canonical\" href=\"https:\/\/lasentinelle.dz\/index.php\/2021\/09\/12\/elle-rejette-toutes-formes-dingerence-dans-les-affaires-interieures-des-etats-lalgerie-reagit-aux-interventions-turques\/\" \/>\n<meta property=\"og:locale\" content=\"fr_FR\" \/>\n<meta property=\"og:type\" content=\"article\" \/>\n<meta property=\"og:title\" content=\"Elle rejette toutes formes d&#039;ing\u00e9rence dans les affaires int\u00e9rieures des Etats : L\u2019Alg\u00e9rie r\u00e9agit aux interventions turques - La Sentinelle\" \/>\n<meta property=\"og:description\" content=\"L&rsquo;Alg\u00e9rie a r\u00e9affirm\u00e9 son rejet total de toutes les formes d&rsquo;ing\u00e9rence dans les affaires int\u00e9rieures des Etats, insistant sur l&rsquo;imp\u00e9ratif\" \/>\n<meta property=\"og:url\" content=\"https:\/\/lasentinelle.dz\/index.php\/2021\/09\/12\/elle-rejette-toutes-formes-dingerence-dans-les-affaires-interieures-des-etats-lalgerie-reagit-aux-interventions-turques\/\" \/>\n<meta property=\"og:site_name\" content=\"La Sentinelle\" \/>\n<meta property=\"article:publisher\" content=\"https:\/\/www.facebook.com\/La-Sentinelle-104059864394773\" \/>\n<meta property=\"article:published_time\" content=\"2021-09-11T23:01:00+00:00\" \/>\n<meta property=\"og:image\" content=\"https:\/\/lasentinelle.dz\/wp-content\/uploads\/2021\/09\/image_2021-09-11_190601.png\" \/>\n\t<meta property=\"og:image:width\" content=\"580\" \/>\n\t<meta property=\"og:image:height\" content=\"350\" \/>\n\t<meta property=\"og:image:type\" content=\"image\/png\" \/>\n<meta name=\"author\" content=\"La Sentinelle\" \/>\n<meta name=\"twitter:card\" content=\"summary_large_image\" \/>\n<meta name=\"twitter:label1\" content=\"\u00c9crit par\" \/>\n\t<meta name=\"twitter:data1\" content=\"La Sentinelle\" \/>\n\t<meta name=\"twitter:label2\" content=\"Dur\u00e9e de lecture estim\u00e9e\" \/>\n\t<meta name=\"twitter:data2\" content=\"1 minute\" \/>\n<script type=\"application\/ld+json\" class=\"yoast-schema-graph\">{\"@context\":\"https:\\\/\\\/schema.org\",\"@graph\":[{\"@type\":\"Article\",\"@id\":\"https:\\\/\\\/lasentinelle.dz\\\/index.php\\\/2021\\\/09\\\/12\\\/elle-rejette-toutes-formes-dingerence-dans-les-affaires-interieures-des-etats-lalgerie-reagit-aux-interventions-turques\\\/#article\",\"isPartOf\":{\"@id\":\"https:\\\/\\\/lasentinelle.dz\\\/index.php\\\/2021\\\/09\\\/12\\\/elle-rejette-toutes-formes-dingerence-dans-les-affaires-interieures-des-etats-lalgerie-reagit-aux-interventions-turques\\\/\"},\"author\":{\"name\":\"La Sentinelle\",\"@id\":\"https:\\\/\\\/lasentinelle.dz\\\/#\\\/schema\\\/person\\\/d865044e22e70a75174ce8bcad3acfb3\"},\"headline\":\"Elle rejette toutes formes d&rsquo;ing\u00e9rence dans les affaires int\u00e9rieures des Etats : L\u2019Alg\u00e9rie r\u00e9agit aux interventions turques\",\"datePublished\":\"2021-09-11T23:01:00+00:00\",\"mainEntityOfPage\":{\"@id\":\"https:\\\/\\\/lasentinelle.dz\\\/index.php\\\/2021\\\/09\\\/12\\\/elle-rejette-toutes-formes-dingerence-dans-les-affaires-interieures-des-etats-lalgerie-reagit-aux-interventions-turques\\\/\"},\"wordCount\":277,\"commentCount\":0,\"publisher\":{\"@id\":\"https:\\\/\\\/lasentinelle.dz\\\/#organization\"},\"image\":{\"@id\":\"https:\\\/\\\/lasentinelle.dz\\\/index.php\\\/2021\\\/09\\\/12\\\/elle-rejette-toutes-formes-dingerence-dans-les-affaires-interieures-des-etats-lalgerie-reagit-aux-interventions-turques\\\/#primaryimage\"},\"thumbnailUrl\":\"https:\\\/\\\/lasentinelle.dz\\\/wp-content\\\/uploads\\\/2021\\\/09\\\/image_2021-09-11_190601.png\",\"articleSection\":[\"Actualit\u00e9\"],\"inLanguage\":\"fr-FR\",\"potentialAction\":[{\"@type\":\"CommentAction\",\"name\":\"Comment\",\"target\":[\"https:\\\/\\\/lasentinelle.dz\\\/index.php\\\/2021\\\/09\\\/12\\\/elle-rejette-toutes-formes-dingerence-dans-les-affaires-interieures-des-etats-lalgerie-reagit-aux-interventions-turques\\\/#respond\"]}]},{\"@type\":\"WebPage\",\"@id\":\"https:\\\/\\\/lasentinelle.dz\\\/index.php\\\/2021\\\/09\\\/12\\\/elle-rejette-toutes-formes-dingerence-dans-les-affaires-interieures-des-etats-lalgerie-reagit-aux-interventions-turques\\\/\",\"url\":\"https:\\\/\\\/lasentinelle.dz\\\/index.php\\\/2021\\\/09\\\/12\\\/elle-rejette-toutes-formes-dingerence-dans-les-affaires-interieures-des-etats-lalgerie-reagit-aux-interventions-turques\\\/\",\"name\":\"Elle rejette toutes formes d'ing\u00e9rence dans les affaires int\u00e9rieures des Etats : L\u2019Alg\u00e9rie r\u00e9agit aux interventions turques - La Sentinelle\",\"isPartOf\":{\"@id\":\"https:\\\/\\\/lasentinelle.dz\\\/#website\"},\"primaryImageOfPage\":{\"@id\":\"https:\\\/\\\/lasentinelle.dz\\\/index.php\\\/2021\\\/09\\\/12\\\/elle-rejette-toutes-formes-dingerence-dans-les-affaires-interieures-des-etats-lalgerie-reagit-aux-interventions-turques\\\/#primaryimage\"},\"image\":{\"@id\":\"https:\\\/\\\/lasentinelle.dz\\\/index.php\\\/2021\\\/09\\\/12\\\/elle-rejette-toutes-formes-dingerence-dans-les-affaires-interieures-des-etats-lalgerie-reagit-aux-interventions-turques\\\/#primaryimage\"},\"thumbnailUrl\":\"https:\\\/\\\/lasentinelle.dz\\\/wp-content\\\/uploads\\\/2021\\\/09\\\/image_2021-09-11_190601.png\",\"datePublished\":\"2021-09-11T23:01:00+00:00\",\"breadcrumb\":{\"@id\":\"https:\\\/\\\/lasentinelle.dz\\\/index.php\\\/2021\\\/09\\\/12\\\/elle-rejette-toutes-formes-dingerence-dans-les-affaires-interieures-des-etats-lalgerie-reagit-aux-interventions-turques\\\/#breadcrumb\"},\"inLanguage\":\"fr-FR\",\"potentialAction\":[{\"@type\":\"ReadAction\",\"target\":[\"https:\\\/\\\/lasentinelle.dz\\\/index.php\\\/2021\\\/09\\\/12\\\/elle-rejette-toutes-formes-dingerence-dans-les-affaires-interieures-des-etats-lalgerie-reagit-aux-interventions-turques\\\/\"]}]},{\"@type\":\"ImageObject\",\"inLanguage\":\"fr-FR\",\"@id\":\"https:\\\/\\\/lasentinelle.dz\\\/index.php\\\/2021\\\/09\\\/12\\\/elle-rejette-toutes-formes-dingerence-dans-les-affaires-interieures-des-etats-lalgerie-reagit-aux-interventions-turques\\\/#primaryimage\",\"url\":\"https:\\\/\\\/lasentinelle.dz\\\/wp-content\\\/uploads\\\/2021\\\/09\\\/image_2021-09-11_190601.png\",\"contentUrl\":\"https:\\\/\\\/lasentinelle.dz\\\/wp-content\\\/uploads\\\/2021\\\/09\\\/image_2021-09-11_190601.png\",\"width\":580,\"height\":350},{\"@type\":\"BreadcrumbList\",\"@id\":\"https:\\\/\\\/lasentinelle.dz\\\/index.php\\\/2021\\\/09\\\/12\\\/elle-rejette-toutes-formes-dingerence-dans-les-affaires-interieures-des-etats-lalgerie-reagit-aux-interventions-turques\\\/#breadcrumb\",\"itemListElement\":[{\"@type\":\"ListItem\",\"position\":1,\"name\":\"Accueil\",\"item\":\"https:\\\/\\\/lasentinelle.dz\\\/\"},{\"@type\":\"ListItem\",\"position\":2,\"name\":\"Elle rejette toutes formes d&rsquo;ing\u00e9rence dans les affaires int\u00e9rieures des Etats : L\u2019Alg\u00e9rie r\u00e9agit aux interventions turques\"}]},{\"@type\":\"WebSite\",\"@id\":\"https:\\\/\\\/lasentinelle.dz\\\/#website\",\"url\":\"https:\\\/\\\/lasentinelle.dz\\\/\",\"name\":\"La Sentinelle\",\"description\":\"Quotidien national d&#039;information\",\"publisher\":{\"@id\":\"https:\\\/\\\/lasentinelle.dz\\\/#organization\"},\"potentialAction\":[{\"@type\":\"SearchAction\",\"target\":{\"@type\":\"EntryPoint\",\"urlTemplate\":\"https:\\\/\\\/lasentinelle.dz\\\/?s={search_term_string}\"},\"query-input\":{\"@type\":\"PropertyValueSpecification\",\"valueRequired\":true,\"valueName\":\"search_term_string\"}}],\"inLanguage\":\"fr-FR\"},{\"@type\":\"Organization\",\"@id\":\"https:\\\/\\\/lasentinelle.dz\\\/#organization\",\"name\":\"Quotidien La Sentinelle\",\"url\":\"https:\\\/\\\/lasentinelle.dz\\\/\",\"logo\":{\"@type\":\"ImageObject\",\"inLanguage\":\"fr-FR\",\"@id\":\"https:\\\/\\\/lasentinelle.dz\\\/#\\\/schema\\\/logo\\\/image\\\/\",\"url\":\"https:\\\/\\\/lasentinelle.dz\\\/wp-content\\\/uploads\\\/2021\\\/09\\\/logo-sentinelleSLOGAN-1.png\",\"contentUrl\":\"https:\\\/\\\/lasentinelle.dz\\\/wp-content\\\/uploads\\\/2021\\\/09\\\/logo-sentinelleSLOGAN-1.png\",\"width\":615,\"height\":142,\"caption\":\"Quotidien La Sentinelle\"},\"image\":{\"@id\":\"https:\\\/\\\/lasentinelle.dz\\\/#\\\/schema\\\/logo\\\/image\\\/\"},\"sameAs\":[\"https:\\\/\\\/www.facebook.com\\\/La-Sentinelle-104059864394773\"]},{\"@type\":\"Person\",\"@id\":\"https:\\\/\\\/lasentinelle.dz\\\/#\\\/schema\\\/person\\\/d865044e22e70a75174ce8bcad3acfb3\",\"name\":\"La Sentinelle\",\"image\":{\"@type\":\"ImageObject\",\"inLanguage\":\"fr-FR\",\"@id\":\"https:\\\/\\\/secure.gravatar.com\\\/avatar\\\/57de8e5d4b15d43fb361a71fbb36338450fe67865b528a43dd10ef7c51a20392?s=96&d=mm&r=g\",\"url\":\"https:\\\/\\\/secure.gravatar.com\\\/avatar\\\/57de8e5d4b15d43fb361a71fbb36338450fe67865b528a43dd10ef7c51a20392?s=96&d=mm&r=g\",\"contentUrl\":\"https:\\\/\\\/secure.gravatar.com\\\/avatar\\\/57de8e5d4b15d43fb361a71fbb36338450fe67865b528a43dd10ef7c51a20392?s=96&d=mm&r=g\",\"caption\":\"La Sentinelle\"},\"sameAs\":[\"http:\\\/\\\/www.lasentinelle.dz\"],\"url\":\"https:\\\/\\\/lasentinelle.dz\\\/author\\\/redaction\\\/\"}]}<\/script>\n<!-- \/ Yoast SEO plugin. -->","yoast_head_json":{"title":"Elle rejette toutes formes d'ing\u00e9rence dans les affaires int\u00e9rieures des Etats : L\u2019Alg\u00e9rie r\u00e9agit aux interventions turques - La Sentinelle","robots":{"index":"index","follow":"follow","max-snippet":"max-snippet:-1","max-image-preview":"max-image-preview:large","max-video-preview":"max-video-preview:-1"},"canonical":"https:\/\/lasentinelle.dz\/index.php\/2021\/09\/12\/elle-rejette-toutes-formes-dingerence-dans-les-affaires-interieures-des-etats-lalgerie-reagit-aux-interventions-turques\/","og_locale":"fr_FR","og_type":"article","og_title":"Elle rejette toutes formes d'ing\u00e9rence dans les affaires int\u00e9rieures des Etats : L\u2019Alg\u00e9rie r\u00e9agit aux interventions turques - La Sentinelle","og_description":"L&rsquo;Alg\u00e9rie a r\u00e9affirm\u00e9 son rejet total de toutes les formes d&rsquo;ing\u00e9rence dans les affaires int\u00e9rieures des Etats, insistant sur l&rsquo;imp\u00e9ratif","og_url":"https:\/\/lasentinelle.dz\/index.php\/2021\/09\/12\/elle-rejette-toutes-formes-dingerence-dans-les-affaires-interieures-des-etats-lalgerie-reagit-aux-interventions-turques\/","og_site_name":"La Sentinelle","article_publisher":"https:\/\/www.facebook.com\/La-Sentinelle-104059864394773","article_published_time":"2021-09-11T23:01:00+00:00","og_image":[{"width":580,"height":350,"url":"https:\/\/lasentinelle.dz\/wp-content\/uploads\/2021\/09\/image_2021-09-11_190601.png","type":"image\/png"}],"author":"La Sentinelle","twitter_card":"summary_large_image","twitter_misc":{"\u00c9crit par":"La Sentinelle","Dur\u00e9e de lecture estim\u00e9e":"1 minute"},"schema":{"@context":"https:\/\/schema.org","@graph":[{"@type":"Article","@id":"https:\/\/lasentinelle.dz\/index.php\/2021\/09\/12\/elle-rejette-toutes-formes-dingerence-dans-les-affaires-interieures-des-etats-lalgerie-reagit-aux-interventions-turques\/#article","isPartOf":{"@id":"https:\/\/lasentinelle.dz\/index.php\/2021\/09\/12\/elle-rejette-toutes-formes-dingerence-dans-les-affaires-interieures-des-etats-lalgerie-reagit-aux-interventions-turques\/"},"author":{"name":"La Sentinelle","@id":"https:\/\/lasentinelle.dz\/#\/schema\/person\/d865044e22e70a75174ce8bcad3acfb3"},"headline":"Elle rejette toutes formes d&rsquo;ing\u00e9rence dans les affaires int\u00e9rieures des Etats : L\u2019Alg\u00e9rie r\u00e9agit aux interventions turques","datePublished":"2021-09-11T23:01:00+00:00","mainEntityOfPage":{"@id":"https:\/\/lasentinelle.dz\/index.php\/2021\/09\/12\/elle-rejette-toutes-formes-dingerence-dans-les-affaires-interieures-des-etats-lalgerie-reagit-aux-interventions-turques\/"},"wordCount":277,"commentCount":0,"publisher":{"@id":"https:\/\/lasentinelle.dz\/#organization"},"image":{"@id":"https:\/\/lasentinelle.dz\/index.php\/2021\/09\/12\/elle-rejette-toutes-formes-dingerence-dans-les-affaires-interieures-des-etats-lalgerie-reagit-aux-interventions-turques\/#primaryimage"},"thumbnailUrl":"https:\/\/lasentinelle.dz\/wp-content\/uploads\/2021\/09\/image_2021-09-11_190601.png","articleSection":["Actualit\u00e9"],"inLanguage":"fr-FR","potentialAction":[{"@type":"CommentAction","name":"Comment","target":["https:\/\/lasentinelle.dz\/index.php\/2021\/09\/12\/elle-rejette-toutes-formes-dingerence-dans-les-affaires-interieures-des-etats-lalgerie-reagit-aux-interventions-turques\/#respond"]}]},{"@type":"WebPage","@id":"https:\/\/lasentinelle.dz\/index.php\/2021\/09\/12\/elle-rejette-toutes-formes-dingerence-dans-les-affaires-interieures-des-etats-lalgerie-reagit-aux-interventions-turques\/","url":"https:\/\/lasentinelle.dz\/index.php\/2021\/09\/12\/elle-rejette-toutes-formes-dingerence-dans-les-affaires-interieures-des-etats-lalgerie-reagit-aux-interventions-turques\/","name":"Elle rejette toutes formes d'ing\u00e9rence dans les affaires int\u00e9rieures des Etats : L\u2019Alg\u00e9rie r\u00e9agit aux interventions turques - La Sentinelle","isPartOf":{"@id":"https:\/\/lasentinelle.dz\/#website"},"primaryImageOfPage":{"@id":"https:\/\/lasentinelle.dz\/index.php\/2021\/09\/12\/elle-rejette-toutes-formes-dingerence-dans-les-affaires-interieures-des-etats-lalgerie-reagit-aux-interventions-turques\/#primaryimage"},"image":{"@id":"https:\/\/lasentinelle.dz\/index.php\/2021\/09\/12\/elle-rejette-toutes-formes-dingerence-dans-les-affaires-interieures-des-etats-lalgerie-reagit-aux-interventions-turques\/#primaryimage"},"thumbnailUrl":"https:\/\/lasentinelle.dz\/wp-content\/uploads\/2021\/09\/image_2021-09-11_190601.png","datePublished":"2021-09-11T23:01:00+00:00","breadcrumb":{"@id":"https:\/\/lasentinelle.dz\/index.php\/2021\/09\/12\/elle-rejette-toutes-formes-dingerence-dans-les-affaires-interieures-des-etats-lalgerie-reagit-aux-interventions-turques\/#breadcrumb"},"inLanguage":"fr-FR","potentialAction":[{"@type":"ReadAction","target":["https:\/\/lasentinelle.dz\/index.php\/2021\/09\/12\/elle-rejette-toutes-formes-dingerence-dans-les-affaires-interieures-des-etats-lalgerie-reagit-aux-interventions-turques\/"]}]},{"@type":"ImageObject","inLanguage":"fr-FR","@id":"https:\/\/lasentinelle.dz\/index.php\/2021\/09\/12\/elle-rejette-toutes-formes-dingerence-dans-les-affaires-interieures-des-etats-lalgerie-reagit-aux-interventions-turques\/#primaryimage","url":"https:\/\/lasentinelle.dz\/wp-content\/uploads\/2021\/09\/image_2021-09-11_190601.png","contentUrl":"https:\/\/lasentinelle.dz\/wp-content\/uploads\/2021\/09\/image_2021-09-11_190601.png","width":580,"height":350},{"@type":"BreadcrumbList","@id":"https:\/\/lasentinelle.dz\/index.php\/2021\/09\/12\/elle-rejette-toutes-formes-dingerence-dans-les-affaires-interieures-des-etats-lalgerie-reagit-aux-interventions-turques\/#breadcrumb","itemListElement":[{"@type":"ListItem","position":1,"name":"Accueil","item":"https:\/\/lasentinelle.dz\/"},{"@type":"ListItem","position":2,"name":"Elle rejette toutes formes d&rsquo;ing\u00e9rence dans les affaires int\u00e9rieures des Etats : L\u2019Alg\u00e9rie r\u00e9agit aux interventions turques"}]},{"@type":"WebSite","@id":"https:\/\/lasentinelle.dz\/#website","url":"https:\/\/lasentinelle.dz\/","name":"La Sentinelle","description":"Quotidien national d&#039;information","publisher":{"@id":"https:\/\/lasentinelle.dz\/#organization"},"potentialAction":[{"@type":"SearchAction","target":{"@type":"EntryPoint","urlTemplate":"https:\/\/lasentinelle.dz\/?s={search_term_string}"},"query-input":{"@type":"PropertyValueSpecification","valueRequired":true,"valueName":"search_term_string"}}],"inLanguage":"fr-FR"},{"@type":"Organization","@id":"https:\/\/lasentinelle.dz\/#organization","name":"Quotidien La Sentinelle","url":"https:\/\/lasentinelle.dz\/","logo":{"@type":"ImageObject","inLanguage":"fr-FR","@id":"https:\/\/lasentinelle.dz\/#\/schema\/logo\/image\/","url":"https:\/\/lasentinelle.dz\/wp-content\/uploads\/2021\/09\/logo-sentinelleSLOGAN-1.png","contentUrl":"https:\/\/lasentinelle.dz\/wp-content\/uploads\/2021\/09\/logo-sentinelleSLOGAN-1.png","width":615,"height":142,"caption":"Quotidien La Sentinelle"},"image":{"@id":"https:\/\/lasentinelle.dz\/#\/schema\/logo\/image\/"},"sameAs":["https:\/\/www.facebook.com\/La-Sentinelle-104059864394773"]},{"@type":"Person","@id":"https:\/\/lasentinelle.dz\/#\/schema\/person\/d865044e22e70a75174ce8bcad3acfb3","name":"La Sentinelle","image":{"@type":"ImageObject","inLanguage":"fr-FR","@id":"https:\/\/secure.gravatar.com\/avatar\/57de8e5d4b15d43fb361a71fbb36338450fe67865b528a43dd10ef7c51a20392?s=96&d=mm&r=g","url":"https:\/\/secure.gravatar.com\/avatar\/57de8e5d4b15d43fb361a71fbb36338450fe67865b528a43dd10ef7c51a20392?s=96&d=mm&r=g","contentUrl":"https:\/\/secure.gravatar.com\/avatar\/57de8e5d4b15d43fb361a71fbb36338450fe67865b528a43dd10ef7c51a20392?s=96&d=mm&r=g","caption":"La Sentinelle"},"sameAs":["http:\/\/www.lasentinelle.dz"],"url":"https:\/\/lasentinelle.dz\/author\/redaction\/"}]}},"_links":{"self":[{"href":"https:\/\/lasentinelle.dz\/index.php\/wp-json\/wp\/v2\/posts\/7447","targetHints":{"allow":["GET"]}}],"collection":[{"href":"https:\/\/lasentinelle.dz\/index.php\/wp-json\/wp\/v2\/posts"}],"about":[{"href":"https:\/\/lasentinelle.dz\/index.php\/wp-json\/wp\/v2\/types\/post"}],"author":[{"embeddable":true,"href":"https:\/\/lasentinelle.dz\/index.php\/wp-json\/wp\/v2\/users\/3"}],"replies":[{"embeddable":true,"href":"https:\/\/lasentinelle.dz\/index.php\/wp-json\/wp\/v2\/comments?post=7447"}],"version-history":[{"count":1,"href":"https:\/\/lasentinelle.dz\/index.php\/wp-json\/wp\/v2\/posts\/7447\/revisions"}],"predecessor-version":[{"id":7452,"href":"https:\/\/lasentinelle.dz\/index.php\/wp-json\/wp\/v2\/posts\/7447\/revisions\/7452"}],"wp:featuredmedia":[{"embeddable":true,"href":"https:\/\/lasentinelle.dz\/index.php\/wp-json\/wp\/v2\/media\/7451"}],"wp:attachment":[{"href":"https:\/\/lasentinelle.dz\/index.php\/wp-json\/wp\/v2\/media?parent=7447"}],"wp:term":[{"taxonomy":"category","embeddable":true,"href":"https:\/\/lasentinelle.dz\/index.php\/wp-json\/wp\/v2\/categories?post=7447"},{"taxonomy":"post_tag","embeddable":true,"href":"https:\/\/lasentinelle.dz\/index.php\/wp-json\/wp\/v2\/tags?post=7447"}],"curies":[{"name":"wp","href":"https:\/\/api.w.org\/{rel}","templated":true}]}}