{"id":74555,"date":"2025-10-12T14:07:49","date_gmt":"2025-10-12T13:07:49","guid":{"rendered":"https:\/\/lasentinelle.dz\/?p=74555"},"modified":"2025-10-12T14:07:50","modified_gmt":"2025-10-12T13:07:50","slug":"protection-de-lenfance-vaste-campagne-nationale-pour-la-sante-mentale-des-jeunes","status":"publish","type":"post","link":"https:\/\/lasentinelle.dz\/index.php\/2025\/10\/12\/protection-de-lenfance-vaste-campagne-nationale-pour-la-sante-mentale-des-jeunes\/","title":{"rendered":"Protection de l\u2019enfance\u00a0: Vaste campagne nationale pour la sant\u00e9 mentale des jeunes"},"content":{"rendered":"\n<p class=\"wp-block-paragraph\">Des milliers d&rsquo;enfants et d&rsquo;adolescents souffrent de troubles psychologiques sans prise en charge adapt\u00e9e. Et la num\u00e9risation d\u00e9cuple ces d\u00e9fis. Pour y rem\u00e9dier, l&rsquo;\u00c9tat lance une op\u00e9ration d&rsquo;envergure nationale visant \u00e0 renforcer le d\u00e9pistage et l&rsquo;accompagnement de cette population vuln\u00e9rable.<\/p>\n\n\n\n<p class=\"wp-block-paragraph\">L&rsquo;Organe national de protection et de promotion de l&rsquo;enfance (ONPPE) a donn\u00e9 samedi le coup d&rsquo;envoi d&rsquo;une caravane nationale consacr\u00e9e \u00e0 la sant\u00e9 mentale des enfants et adolescents, depuis la polyclinique de Bir El-Djir \u00e0 Oran. Cette initiative d&rsquo;ampleur, supervis\u00e9e par Meriem Cherfi, D\u00e9l\u00e9gu\u00e9e nationale \u00e0 la protection de l&rsquo;enfance, marque une \u00e9tape importante dans la politique publique d\u00e9di\u00e9e \u00e0 l&rsquo;enfance en Alg\u00e9rie. Le wali d&rsquo;Oran, Samir Chibani, assistait au lancement de cette op\u00e9ration qui sillonnera l&rsquo;ensemble des wilayas du pays. Devant la presse, Mme Cherfi a expliqu\u00e9 que cette caravane \u00ab\u00a0s&rsquo;inscrit dans le cadre des efforts de l&rsquo;\u00c9tat en mati\u00e8re de protection et de promotion de l&rsquo;enfance, notamment dans le domaine de la sant\u00e9 mentale\u00a0\u00bb. L&rsquo;objectif affich\u00e9 est double : renforcer la coordination entre sp\u00e9cialistes du secteur et favoriser l&rsquo;\u00e9change des meilleures pratiques de prise en charge. \u00ab\u00a0Cette caravane repr\u00e9sente la concr\u00e9tisation d&rsquo;un des droits fondamentaux de l&rsquo;enfant, \u00e0 savoir le droit \u00e0 la sant\u00e9\u00a0\u00bb, a-t-elle soulign\u00e9.<\/p>\n\n\n\n<p class=\"wp-block-paragraph\"><strong>Des consultations sp\u00e9cialis\u00e9es dans tout le pays<\/strong><\/p>\n\n\n\n<p class=\"wp-block-paragraph\">Une d\u00e9l\u00e9gation de m\u00e9decins sp\u00e9cialis\u00e9s dans la sant\u00e9 de l&rsquo;enfant et de l&rsquo;adolescent, tous membres du comit\u00e9 th\u00e9matique de la sant\u00e9 mentale de l&rsquo;ONPPE, accompagne cette tourn\u00e9e nationale. Sur le terrain, ces praticiens assurent des consultations destin\u00e9es aux enfants pr\u00e9sentant des troubles tels que l&rsquo;autisme et certaines d\u00e9ficiences mentales. Cette d\u00e9marche vise \u00e9galement \u00e0 \u00ab\u00a0renforcer la coordination entre les m\u00e9decins d&rsquo;Oran et ceux d&rsquo;autres wilayas, et d&rsquo;\u00e9valuer la situation de la prise en charge de la sant\u00e9 mentale des enfants\u00a0\u00bb, a pr\u00e9cis\u00e9 la d\u00e9l\u00e9gu\u00e9e nationale. Mme Cherfi a salu\u00e9 le travail des \u00e9quipes locales qui \u0153uvrent au sein d&rsquo;une unit\u00e9 sp\u00e9cialis\u00e9e dans la sant\u00e9 mentale de l&rsquo;enfant \u00e0 Oran, structure qui regroupe diverses disciplines m\u00e9dicales, psychologiques et sociales. Cette unit\u00e9, rattach\u00e9e au service de p\u00e9dopsychiatrie de l&rsquo;h\u00f4pital psychiatrique de Sidi Chahmi, constitue un mod\u00e8le de prise en charge pluridisciplinaire que les autorit\u00e9s souhaitent g\u00e9n\u00e9raliser. Au-del\u00e0 des consultations, cette visite \u00ab\u00a0s&rsquo;inscrit dans le cadre d&rsquo;une s\u00e9rie de visites de terrain \u00e0 travers l&rsquo;ensemble des wilayas du pays, visant \u00e0 dresser un \u00e9tat des lieux de la situation de l&rsquo;enfance et \u00e0 finaliser le Plan national d&rsquo;action pour l&rsquo;enfance 2025-2030, qui touche \u00e0 sa fin, et fond\u00e9 sur les donn\u00e9es recueillies sur le terrain\u00a0\u00bb, a expliqu\u00e9 Mme Cherfi. Ces d\u00e9placements permettront d&rsquo;alimenter le rapport annuel que l&rsquo;ONPPE adresse au pr\u00e9sident de la R\u00e9publique, Abdelmadjid Tebboune, sur la situation de l&rsquo;enfance en Alg\u00e9rie.<\/p>\n\n\n\n<p class=\"wp-block-paragraph\"><strong>Un message d&rsquo;\u00e9galit\u00e9<\/strong><\/p>\n\n\n\n<p class=\"wp-block-paragraph\">Co\u00efncidant avec la Journ\u00e9e internationale de la fille c\u00e9l\u00e9br\u00e9e le 11 octobre, cette initiative prend une r\u00e9sonance particuli\u00e8re. La D\u00e9l\u00e9gu\u00e9e nationale en a profit\u00e9 pour adresser un message de f\u00e9licitations \u00e0 toutes les filles d&rsquo;Alg\u00e9rie, insistant sur le fait que \u00ab\u00a0l&rsquo;\u00c9tat alg\u00e9rien \u0153uvre constamment selon le principe de non-discrimination, et que les filles comme les gar\u00e7ons sont des partenaires \u00e9gaux au service de la nation et de l&rsquo;int\u00e9r\u00eat sup\u00e9rieur de l&rsquo;enfance\u00a0\u00bb. Durant sa visite \u00e0 Oran, Mme Cherfi s&rsquo;est \u00e9galement rendue au Centre de loisirs scientifiques de la cit\u00e9 Djamel Eddine, relevant de la Direction de la jeunesse et des sports, t\u00e9moignant ainsi d&rsquo;une approche globale du bien-\u00eatre de l&rsquo;enfant. La d\u00e9l\u00e9gu\u00e9e poursuivra dimanche son inspection dans la wilaya pour \u00e9valuer la prise en charge des enfants dans plusieurs domaines cruciaux : sant\u00e9, \u00e9ducation, sport et loisirs. Cette caravane nationale devrait s&rsquo;\u00e9tendre progressivement \u00e0 toutes les r\u00e9gions du pays dans les mois \u00e0 venir.<\/p>\n\n\n\n<p class=\"wp-block-paragraph\">Lyna Larbi<\/p>\n","protected":false},"excerpt":{"rendered":"<p>Des milliers d&rsquo;enfants et d&rsquo;adolescents souffrent de troubles psychologiques sans prise en charge adapt\u00e9e. Et la num\u00e9risation d\u00e9cuple ces d\u00e9fis.<\/p>\n","protected":false},"author":6,"featured_media":74556,"comment_status":"open","ping_status":"closed","sticky":false,"template":"","format":"standard","meta":{"colormag_page_container_layout":"default_layout","colormag_page_sidebar_layout":"default_layout","om_disable_all_campaigns":false,"_monsterinsights_skip_tracking":false,"footnotes":"","_wpscppro_dont_share_socialmedia":false,"_wpscppro_custom_social_share_image":0,"_facebook_share_type":"default","_twitter_share_type":"default","_linkedin_share_type":"default","_pinterest_share_type":"default","_linkedin_share_type_page":"","_instagram_share_type":"default","_medium_share_type":"default","_threads_share_type":"default","_google_business_share_type":"default","_bluesky_share_type":"","_mastodon_share_type":"","_selected_social_profile":[],"_wpsp_enable_custom_social_template":false,"_wpsp_social_scheduling":{"enabled":false,"datetime":null,"platforms":[],"status":"template_only","dateOption":"today","timeOption":"now","customDays":"","customHours":"","customDate":"","customTime":"","schedulingType":"absolute"},"_wpsp_active_default_template":true},"categories":[27],"tags":[],"class_list":["post-74555","post","type-post","status-publish","format-standard","has-post-thumbnail","hentry","category-actualite"],"aioseo_notices":[],"aioseo_head":"\n\t\t<!-- All in One SEO 5.0.0.1 - aioseo.com -->\n\t<meta name=\"description\" content=\"Des milliers d&#039;enfants et d&#039;adolescents souffrent de troubles psychologiques sans prise en charge adapt\u00e9e. Et la num\u00e9risation d\u00e9cuple ces d\u00e9fis. Pour y rem\u00e9dier, l&#039;\u00c9tat lance une op\u00e9ration d&#039;envergure nationale visant \u00e0 renforcer le d\u00e9pistage et l&#039;accompagnement de cette population vuln\u00e9rable. L&#039;Organe national de protection et de promotion de l&#039;enfance (ONPPE) a donn\u00e9 samedi le coup\" \/>\n\t<meta name=\"robots\" content=\"max-image-preview:large\" \/>\n\t<meta name=\"author\" content=\"admin\"\/>\n\t<link rel=\"canonical\" href=\"https:\/\/lasentinelle.dz\/index.php\/2025\/10\/12\/protection-de-lenfance-vaste-campagne-nationale-pour-la-sante-mentale-des-jeunes\/\" \/>\n\t<meta name=\"generator\" content=\"All in One SEO (AIOSEO) 5.0.0.1\" \/>\n\t\t<meta property=\"og:locale\" content=\"fr_FR\" \/>\n\t\t<meta property=\"og:site_name\" content=\"La Sentinelle - Quotidien national d&#039;information\" \/>\n\t\t<meta property=\"og:type\" content=\"article\" \/>\n\t\t<meta property=\"og:title\" content=\"Protection de l\u2019enfance : Vaste campagne nationale pour la sant\u00e9 mentale des jeunes - La Sentinelle\" \/>\n\t\t<meta property=\"og:description\" content=\"Des milliers d&#039;enfants et d&#039;adolescents souffrent de troubles psychologiques sans prise en charge adapt\u00e9e. Et la num\u00e9risation d\u00e9cuple ces d\u00e9fis. Pour y rem\u00e9dier, l&#039;\u00c9tat lance une op\u00e9ration d&#039;envergure nationale visant \u00e0 renforcer le d\u00e9pistage et l&#039;accompagnement de cette population vuln\u00e9rable. L&#039;Organe national de protection et de promotion de l&#039;enfance (ONPPE) a donn\u00e9 samedi le coup\" \/>\n\t\t<meta property=\"og:url\" content=\"https:\/\/lasentinelle.dz\/index.php\/2025\/10\/12\/protection-de-lenfance-vaste-campagne-nationale-pour-la-sante-mentale-des-jeunes\/\" \/>\n\t\t<meta property=\"og:image\" content=\"https:\/\/lasentinelle.dz\/wp-content\/uploads\/2021\/09\/cropped-la-sentinelle-earth-golden-anima-5.gif\" \/>\n\t\t<meta property=\"og:image:secure_url\" content=\"https:\/\/lasentinelle.dz\/wp-content\/uploads\/2021\/09\/cropped-la-sentinelle-earth-golden-anima-5.gif\" \/>\n\t\t<meta property=\"og:image:width\" content=\"450\" \/>\n\t\t<meta property=\"og:image:height\" content=\"213\" \/>\n\t\t<meta property=\"article:published_time\" content=\"2025-10-12T13:07:49+00:00\" \/>\n\t\t<meta property=\"article:modified_time\" content=\"2025-10-12T13:07:50+00:00\" \/>\n\t\t<meta property=\"article:publisher\" content=\"https:\/\/www.facebook.com\/azzedine.lasentinelle.1\" \/>\n\t\t<meta name=\"twitter:card\" content=\"summary_large_image\" \/>\n\t\t<meta name=\"twitter:title\" content=\"Protection de l\u2019enfance : Vaste campagne nationale pour la sant\u00e9 mentale des jeunes - La Sentinelle\" \/>\n\t\t<meta name=\"twitter:description\" content=\"Des milliers d&#039;enfants et d&#039;adolescents souffrent de troubles psychologiques sans prise en charge adapt\u00e9e. Et la num\u00e9risation d\u00e9cuple ces d\u00e9fis. Pour y rem\u00e9dier, l&#039;\u00c9tat lance une op\u00e9ration d&#039;envergure nationale visant \u00e0 renforcer le d\u00e9pistage et l&#039;accompagnement de cette population vuln\u00e9rable. L&#039;Organe national de protection et de promotion de l&#039;enfance (ONPPE) a donn\u00e9 samedi le coup\" \/>\n\t\t<meta name=\"twitter:image\" content=\"https:\/\/lasentinelle.dz\/wp-content\/uploads\/2021\/09\/cropped-la-sentinelle-earth-golden-anima-5.gif\" \/>\n\t\t<script type=\"application\/ld+json\" class=\"aioseo-schema\">\n\t\t\t{\"@context\":\"https:\\\/\\\/schema.org\",\"@graph\":[{\"@type\":\"BlogPosting\",\"@id\":\"https:\\\/\\\/lasentinelle.dz\\\/index.php\\\/2025\\\/10\\\/12\\\/protection-de-lenfance-vaste-campagne-nationale-pour-la-sante-mentale-des-jeunes\\\/#blogposting\",\"name\":\"Protection de l\\u2019enfance : Vaste campagne nationale pour la sant\\u00e9 mentale des jeunes - La Sentinelle\",\"headline\":\"Protection de l\\u2019enfance\\u00a0: Vaste campagne nationale pour la sant\\u00e9 mentale des jeunes\",\"author\":{\"@id\":\"https:\\\/\\\/lasentinelle.dz\\\/author\\\/admin\\\/#author\"},\"publisher\":{\"@id\":\"https:\\\/\\\/lasentinelle.dz\\\/#organization\"},\"image\":{\"@type\":\"ImageObject\",\"url\":\"https:\\\/\\\/lasentinelle.dz\\\/wp-content\\\/uploads\\\/2025\\\/10\\\/ecrans.jpg\",\"width\":635,\"height\":385},\"datePublished\":\"2025-10-12T14:07:49+01:00\",\"dateModified\":\"2025-10-12T14:07:50+01:00\",\"inLanguage\":\"fr-FR\",\"mainEntityOfPage\":{\"@id\":\"https:\\\/\\\/lasentinelle.dz\\\/index.php\\\/2025\\\/10\\\/12\\\/protection-de-lenfance-vaste-campagne-nationale-pour-la-sante-mentale-des-jeunes\\\/#webpage\"},\"isPartOf\":{\"@id\":\"https:\\\/\\\/lasentinelle.dz\\\/index.php\\\/2025\\\/10\\\/12\\\/protection-de-lenfance-vaste-campagne-nationale-pour-la-sante-mentale-des-jeunes\\\/#webpage\"},\"articleSection\":\"Actualit\\u00e9\"},{\"@type\":\"BreadcrumbList\",\"@id\":\"https:\\\/\\\/lasentinelle.dz\\\/index.php\\\/2025\\\/10\\\/12\\\/protection-de-lenfance-vaste-campagne-nationale-pour-la-sante-mentale-des-jeunes\\\/#breadcrumblist\",\"itemListElement\":[{\"@type\":\"ListItem\",\"@id\":\"https:\\\/\\\/lasentinelle.dz#listItem\",\"position\":1,\"name\":\"Home\",\"item\":\"https:\\\/\\\/lasentinelle.dz\",\"nextItem\":{\"@type\":\"ListItem\",\"@id\":\"https:\\\/\\\/lasentinelle.dz\\\/index.php\\\/category\\\/actualite\\\/#listItem\",\"name\":\"Actualit\\u00e9\"}},{\"@type\":\"ListItem\",\"@id\":\"https:\\\/\\\/lasentinelle.dz\\\/index.php\\\/category\\\/actualite\\\/#listItem\",\"position\":2,\"name\":\"Actualit\\u00e9\",\"item\":\"https:\\\/\\\/lasentinelle.dz\\\/index.php\\\/category\\\/actualite\\\/\",\"nextItem\":{\"@type\":\"ListItem\",\"@id\":\"https:\\\/\\\/lasentinelle.dz\\\/index.php\\\/2025\\\/10\\\/12\\\/protection-de-lenfance-vaste-campagne-nationale-pour-la-sante-mentale-des-jeunes\\\/#listItem\",\"name\":\"Protection de l\\u2019enfance\\u00a0: Vaste campagne nationale pour la sant\\u00e9 mentale des jeunes\"},\"previousItem\":{\"@type\":\"ListItem\",\"@id\":\"https:\\\/\\\/lasentinelle.dz#listItem\",\"name\":\"Home\"}},{\"@type\":\"ListItem\",\"@id\":\"https:\\\/\\\/lasentinelle.dz\\\/index.php\\\/2025\\\/10\\\/12\\\/protection-de-lenfance-vaste-campagne-nationale-pour-la-sante-mentale-des-jeunes\\\/#listItem\",\"position\":3,\"name\":\"Protection de l\\u2019enfance\\u00a0: Vaste campagne nationale pour la sant\\u00e9 mentale des jeunes\",\"previousItem\":{\"@type\":\"ListItem\",\"@id\":\"https:\\\/\\\/lasentinelle.dz\\\/index.php\\\/category\\\/actualite\\\/#listItem\",\"name\":\"Actualit\\u00e9\"}}]},{\"@type\":\"Organization\",\"@id\":\"https:\\\/\\\/lasentinelle.dz\\\/#organization\",\"name\":\"La Sentinelle La Sentinelle\",\"description\":\"Quotidien national d'information\",\"url\":\"https:\\\/\\\/lasentinelle.dz\\\/\",\"logo\":{\"@type\":\"ImageObject\",\"url\":\"https:\\\/\\\/lasentinelle.dz\\\/wp-content\\\/uploads\\\/2021\\\/09\\\/cropped-la-sentinelle-earth-golden-anima-5.gif\",\"@id\":\"https:\\\/\\\/lasentinelle.dz\\\/index.php\\\/2025\\\/10\\\/12\\\/protection-de-lenfance-vaste-campagne-nationale-pour-la-sante-mentale-des-jeunes\\\/#organizationLogo\",\"width\":450,\"height\":213},\"image\":{\"@id\":\"https:\\\/\\\/lasentinelle.dz\\\/index.php\\\/2025\\\/10\\\/12\\\/protection-de-lenfance-vaste-campagne-nationale-pour-la-sante-mentale-des-jeunes\\\/#organizationLogo\"},\"sameAs\":[\"https:\\\/\\\/www.facebook.com\\\/azzedine.lasentinelle.1\"]},{\"@type\":\"Person\",\"@id\":\"https:\\\/\\\/lasentinelle.dz\\\/author\\\/admin\\\/#author\",\"url\":\"https:\\\/\\\/lasentinelle.dz\\\/author\\\/admin\\\/\",\"name\":\"admin\",\"image\":{\"@type\":\"ImageObject\",\"@id\":\"https:\\\/\\\/lasentinelle.dz\\\/index.php\\\/2025\\\/10\\\/12\\\/protection-de-lenfance-vaste-campagne-nationale-pour-la-sante-mentale-des-jeunes\\\/#authorImage\",\"url\":\"https:\\\/\\\/secure.gravatar.com\\\/avatar\\\/4c81fed838786e9b53f540bf46533e750f5d292099ae3b66cfc6fb1982e29df7?s=96&d=mm&r=g\",\"width\":96,\"height\":96,\"caption\":\"admin\"}},{\"@type\":\"WebPage\",\"@id\":\"https:\\\/\\\/lasentinelle.dz\\\/index.php\\\/2025\\\/10\\\/12\\\/protection-de-lenfance-vaste-campagne-nationale-pour-la-sante-mentale-des-jeunes\\\/#webpage\",\"url\":\"https:\\\/\\\/lasentinelle.dz\\\/index.php\\\/2025\\\/10\\\/12\\\/protection-de-lenfance-vaste-campagne-nationale-pour-la-sante-mentale-des-jeunes\\\/\",\"name\":\"Protection de l\\u2019enfance : Vaste campagne nationale pour la sant\\u00e9 mentale des jeunes - La Sentinelle\",\"description\":\"Des milliers d'enfants et d'adolescents souffrent de troubles psychologiques sans prise en charge adapt\\u00e9e. Et la num\\u00e9risation d\\u00e9cuple ces d\\u00e9fis. Pour y rem\\u00e9dier, l'\\u00c9tat lance une op\\u00e9ration d'envergure nationale visant \\u00e0 renforcer le d\\u00e9pistage et l'accompagnement de cette population vuln\\u00e9rable. L'Organe national de protection et de promotion de l'enfance (ONPPE) a donn\\u00e9 samedi le coup\",\"inLanguage\":\"fr-FR\",\"isPartOf\":{\"@id\":\"https:\\\/\\\/lasentinelle.dz\\\/#website\"},\"breadcrumb\":{\"@id\":\"https:\\\/\\\/lasentinelle.dz\\\/index.php\\\/2025\\\/10\\\/12\\\/protection-de-lenfance-vaste-campagne-nationale-pour-la-sante-mentale-des-jeunes\\\/#breadcrumblist\"},\"author\":{\"@id\":\"https:\\\/\\\/lasentinelle.dz\\\/author\\\/admin\\\/#author\"},\"creator\":{\"@id\":\"https:\\\/\\\/lasentinelle.dz\\\/author\\\/admin\\\/#author\"},\"image\":{\"@type\":\"ImageObject\",\"url\":\"https:\\\/\\\/lasentinelle.dz\\\/wp-content\\\/uploads\\\/2025\\\/10\\\/ecrans.jpg\",\"@id\":\"https:\\\/\\\/lasentinelle.dz\\\/index.php\\\/2025\\\/10\\\/12\\\/protection-de-lenfance-vaste-campagne-nationale-pour-la-sante-mentale-des-jeunes\\\/#mainImage\",\"width\":635,\"height\":385},\"primaryImageOfPage\":{\"@id\":\"https:\\\/\\\/lasentinelle.dz\\\/index.php\\\/2025\\\/10\\\/12\\\/protection-de-lenfance-vaste-campagne-nationale-pour-la-sante-mentale-des-jeunes\\\/#mainImage\"},\"datePublished\":\"2025-10-12T14:07:49+01:00\",\"dateModified\":\"2025-10-12T14:07:50+01:00\"},{\"@type\":\"WebSite\",\"@id\":\"https:\\\/\\\/lasentinelle.dz\\\/#website\",\"url\":\"https:\\\/\\\/lasentinelle.dz\\\/\",\"name\":\"La Sentinelle\",\"description\":\"Quotidien national d'information\",\"inLanguage\":\"fr-FR\",\"publisher\":{\"@id\":\"https:\\\/\\\/lasentinelle.dz\\\/#organization\"}}]}\n\t\t<\/script>\n\t\t<!-- All in One SEO -->\n\n","aioseo_head_json":{"title":"Protection de l\u2019enfance : Vaste campagne nationale pour la sant\u00e9 mentale des jeunes - La Sentinelle","description":"Des milliers d'enfants et d'adolescents souffrent de troubles psychologiques sans prise en charge adapt\u00e9e. Et la num\u00e9risation d\u00e9cuple ces d\u00e9fis. Pour y rem\u00e9dier, l'\u00c9tat lance une op\u00e9ration d'envergure nationale visant \u00e0 renforcer le d\u00e9pistage et l'accompagnement de cette population vuln\u00e9rable. L'Organe national de protection et de promotion de l'enfance (ONPPE) a donn\u00e9 samedi le coup","canonical_url":"https:\/\/lasentinelle.dz\/index.php\/2025\/10\/12\/protection-de-lenfance-vaste-campagne-nationale-pour-la-sante-mentale-des-jeunes\/","robots":"max-image-preview:large","keywords":"","webmasterTools":{"miscellaneous":""},"schema":{"@context":"https:\/\/schema.org","@graph":[{"@type":"BlogPosting","@id":"https:\/\/lasentinelle.dz\/index.php\/2025\/10\/12\/protection-de-lenfance-vaste-campagne-nationale-pour-la-sante-mentale-des-jeunes\/#blogposting","name":"Protection de l\u2019enfance : Vaste campagne nationale pour la sant\u00e9 mentale des jeunes - La Sentinelle","headline":"Protection de l\u2019enfance\u00a0: Vaste campagne nationale pour la sant\u00e9 mentale des jeunes","author":{"@id":"https:\/\/lasentinelle.dz\/author\/admin\/#author"},"publisher":{"@id":"https:\/\/lasentinelle.dz\/#organization"},"image":{"@type":"ImageObject","url":"https:\/\/lasentinelle.dz\/wp-content\/uploads\/2025\/10\/ecrans.jpg","width":635,"height":385},"datePublished":"2025-10-12T14:07:49+01:00","dateModified":"2025-10-12T14:07:50+01:00","inLanguage":"fr-FR","mainEntityOfPage":{"@id":"https:\/\/lasentinelle.dz\/index.php\/2025\/10\/12\/protection-de-lenfance-vaste-campagne-nationale-pour-la-sante-mentale-des-jeunes\/#webpage"},"isPartOf":{"@id":"https:\/\/lasentinelle.dz\/index.php\/2025\/10\/12\/protection-de-lenfance-vaste-campagne-nationale-pour-la-sante-mentale-des-jeunes\/#webpage"},"articleSection":"Actualit\u00e9"},{"@type":"BreadcrumbList","@id":"https:\/\/lasentinelle.dz\/index.php\/2025\/10\/12\/protection-de-lenfance-vaste-campagne-nationale-pour-la-sante-mentale-des-jeunes\/#breadcrumblist","itemListElement":[{"@type":"ListItem","@id":"https:\/\/lasentinelle.dz#listItem","position":1,"name":"Home","item":"https:\/\/lasentinelle.dz","nextItem":{"@type":"ListItem","@id":"https:\/\/lasentinelle.dz\/index.php\/category\/actualite\/#listItem","name":"Actualit\u00e9"}},{"@type":"ListItem","@id":"https:\/\/lasentinelle.dz\/index.php\/category\/actualite\/#listItem","position":2,"name":"Actualit\u00e9","item":"https:\/\/lasentinelle.dz\/index.php\/category\/actualite\/","nextItem":{"@type":"ListItem","@id":"https:\/\/lasentinelle.dz\/index.php\/2025\/10\/12\/protection-de-lenfance-vaste-campagne-nationale-pour-la-sante-mentale-des-jeunes\/#listItem","name":"Protection de l\u2019enfance\u00a0: Vaste campagne nationale pour la sant\u00e9 mentale des jeunes"},"previousItem":{"@type":"ListItem","@id":"https:\/\/lasentinelle.dz#listItem","name":"Home"}},{"@type":"ListItem","@id":"https:\/\/lasentinelle.dz\/index.php\/2025\/10\/12\/protection-de-lenfance-vaste-campagne-nationale-pour-la-sante-mentale-des-jeunes\/#listItem","position":3,"name":"Protection de l\u2019enfance\u00a0: Vaste campagne nationale pour la sant\u00e9 mentale des jeunes","previousItem":{"@type":"ListItem","@id":"https:\/\/lasentinelle.dz\/index.php\/category\/actualite\/#listItem","name":"Actualit\u00e9"}}]},{"@type":"Organization","@id":"https:\/\/lasentinelle.dz\/#organization","name":"La Sentinelle La Sentinelle","description":"Quotidien national d'information","url":"https:\/\/lasentinelle.dz\/","logo":{"@type":"ImageObject","url":"https:\/\/lasentinelle.dz\/wp-content\/uploads\/2021\/09\/cropped-la-sentinelle-earth-golden-anima-5.gif","@id":"https:\/\/lasentinelle.dz\/index.php\/2025\/10\/12\/protection-de-lenfance-vaste-campagne-nationale-pour-la-sante-mentale-des-jeunes\/#organizationLogo","width":450,"height":213},"image":{"@id":"https:\/\/lasentinelle.dz\/index.php\/2025\/10\/12\/protection-de-lenfance-vaste-campagne-nationale-pour-la-sante-mentale-des-jeunes\/#organizationLogo"},"sameAs":["https:\/\/www.facebook.com\/azzedine.lasentinelle.1"]},{"@type":"Person","@id":"https:\/\/lasentinelle.dz\/author\/admin\/#author","url":"https:\/\/lasentinelle.dz\/author\/admin\/","name":"admin","image":{"@type":"ImageObject","@id":"https:\/\/lasentinelle.dz\/index.php\/2025\/10\/12\/protection-de-lenfance-vaste-campagne-nationale-pour-la-sante-mentale-des-jeunes\/#authorImage","url":"https:\/\/secure.gravatar.com\/avatar\/4c81fed838786e9b53f540bf46533e750f5d292099ae3b66cfc6fb1982e29df7?s=96&d=mm&r=g","width":96,"height":96,"caption":"admin"}},{"@type":"WebPage","@id":"https:\/\/lasentinelle.dz\/index.php\/2025\/10\/12\/protection-de-lenfance-vaste-campagne-nationale-pour-la-sante-mentale-des-jeunes\/#webpage","url":"https:\/\/lasentinelle.dz\/index.php\/2025\/10\/12\/protection-de-lenfance-vaste-campagne-nationale-pour-la-sante-mentale-des-jeunes\/","name":"Protection de l\u2019enfance : Vaste campagne nationale pour la sant\u00e9 mentale des jeunes - La Sentinelle","description":"Des milliers d'enfants et d'adolescents souffrent de troubles psychologiques sans prise en charge adapt\u00e9e. Et la num\u00e9risation d\u00e9cuple ces d\u00e9fis. Pour y rem\u00e9dier, l'\u00c9tat lance une op\u00e9ration d'envergure nationale visant \u00e0 renforcer le d\u00e9pistage et l'accompagnement de cette population vuln\u00e9rable. L'Organe national de protection et de promotion de l'enfance (ONPPE) a donn\u00e9 samedi le coup","inLanguage":"fr-FR","isPartOf":{"@id":"https:\/\/lasentinelle.dz\/#website"},"breadcrumb":{"@id":"https:\/\/lasentinelle.dz\/index.php\/2025\/10\/12\/protection-de-lenfance-vaste-campagne-nationale-pour-la-sante-mentale-des-jeunes\/#breadcrumblist"},"author":{"@id":"https:\/\/lasentinelle.dz\/author\/admin\/#author"},"creator":{"@id":"https:\/\/lasentinelle.dz\/author\/admin\/#author"},"image":{"@type":"ImageObject","url":"https:\/\/lasentinelle.dz\/wp-content\/uploads\/2025\/10\/ecrans.jpg","@id":"https:\/\/lasentinelle.dz\/index.php\/2025\/10\/12\/protection-de-lenfance-vaste-campagne-nationale-pour-la-sante-mentale-des-jeunes\/#mainImage","width":635,"height":385},"primaryImageOfPage":{"@id":"https:\/\/lasentinelle.dz\/index.php\/2025\/10\/12\/protection-de-lenfance-vaste-campagne-nationale-pour-la-sante-mentale-des-jeunes\/#mainImage"},"datePublished":"2025-10-12T14:07:49+01:00","dateModified":"2025-10-12T14:07:50+01:00"},{"@type":"WebSite","@id":"https:\/\/lasentinelle.dz\/#website","url":"https:\/\/lasentinelle.dz\/","name":"La Sentinelle","description":"Quotidien national d'information","inLanguage":"fr-FR","publisher":{"@id":"https:\/\/lasentinelle.dz\/#organization"}}]},"og:locale":"fr_FR","og:site_name":"La Sentinelle - Quotidien national d'information","og:type":"article","og:title":"Protection de l\u2019enfance : Vaste campagne nationale pour la sant\u00e9 mentale des jeunes - La Sentinelle","og:description":"Des milliers d'enfants et d'adolescents souffrent de troubles psychologiques sans prise en charge adapt\u00e9e. Et la num\u00e9risation d\u00e9cuple ces d\u00e9fis. Pour y rem\u00e9dier, l'\u00c9tat lance une op\u00e9ration d'envergure nationale visant \u00e0 renforcer le d\u00e9pistage et l'accompagnement de cette population vuln\u00e9rable. L'Organe national de protection et de promotion de l'enfance (ONPPE) a donn\u00e9 samedi le coup","og:url":"https:\/\/lasentinelle.dz\/index.php\/2025\/10\/12\/protection-de-lenfance-vaste-campagne-nationale-pour-la-sante-mentale-des-jeunes\/","og:image":"https:\/\/lasentinelle.dz\/wp-content\/uploads\/2021\/09\/cropped-la-sentinelle-earth-golden-anima-5.gif","og:image:secure_url":"https:\/\/lasentinelle.dz\/wp-content\/uploads\/2021\/09\/cropped-la-sentinelle-earth-golden-anima-5.gif","og:image:width":450,"og:image:height":213,"article:published_time":"2025-10-12T13:07:49+00:00","article:modified_time":"2025-10-12T13:07:50+00:00","article:publisher":"https:\/\/www.facebook.com\/azzedine.lasentinelle.1","twitter:card":"summary_large_image","twitter:title":"Protection de l\u2019enfance : Vaste campagne nationale pour la sant\u00e9 mentale des jeunes - La Sentinelle","twitter:description":"Des milliers d'enfants et d'adolescents souffrent de troubles psychologiques sans prise en charge adapt\u00e9e. Et la num\u00e9risation d\u00e9cuple ces d\u00e9fis. Pour y rem\u00e9dier, l'\u00c9tat lance une op\u00e9ration d'envergure nationale visant \u00e0 renforcer le d\u00e9pistage et l'accompagnement de cette population vuln\u00e9rable. L'Organe national de protection et de promotion de l'enfance (ONPPE) a donn\u00e9 samedi le coup","twitter:image":"https:\/\/lasentinelle.dz\/wp-content\/uploads\/2021\/09\/cropped-la-sentinelle-earth-golden-anima-5.gif"},"aioseo_meta_data":{"post_id":"74555","title":null,"description":null,"keywords":null,"keyphrases":null,"primary_term":null,"canonical_url":null,"og_title":null,"og_description":null,"og_object_type":"default","og_image_type":"default","og_image_url":null,"og_image_width":null,"og_image_height":null,"og_image_custom_url":null,"og_image_custom_fields":null,"og_video":null,"og_custom_url":null,"og_article_section":null,"og_article_tags":null,"twitter_use_og":false,"twitter_card":"default","twitter_image_type":"default","twitter_image_url":null,"twitter_image_custom_url":null,"twitter_image_custom_fields":null,"twitter_title":null,"twitter_description":null,"schema":{"blockGraphs":[],"customGraphs":[],"default":{"data":{"Article":[],"Course":[],"Dataset":[],"FAQPage":[],"Movie":[],"Person":[],"Product":[],"ProductReview":[],"Car":[],"Recipe":[],"Service":[],"SoftwareApplication":[],"WebPage":[]},"graphName":"","isEnabled":true},"graphs":[]},"schema_type":"default","schema_type_options":null,"pillar_content":false,"robots_default":true,"robots_noindex":false,"robots_noarchive":false,"robots_nosnippet":false,"robots_nofollow":false,"robots_noimageindex":false,"robots_noodp":false,"robots_notranslate":false,"robots_max_snippet":null,"robots_max_videopreview":null,"robots_max_imagepreview":"large","priority":null,"frequency":null,"local_seo":null,"breadcrumb_settings":null,"limit_modified_date":false,"ai":null,"created":"2026-05-13 01:40:05","updated":"2026-05-13 01:40:05","focus_keyword":null,"additional_keywords":null,"truseo_locale":null,"seo_analyzer_scan_date":null},"aioseo_breadcrumb":"<div class=\"aioseo-breadcrumbs\"><span class=\"aioseo-breadcrumb\">\n\t\t\t<a href=\"https:\/\/lasentinelle.dz\" title=\"Home\">Home<\/a>\n\t\t<\/span><span class=\"aioseo-breadcrumb-separator\">&raquo;<\/span><span class=\"aioseo-breadcrumb\">\n\t\t\t<a href=\"https:\/\/lasentinelle.dz\/index.php\/category\/actualite\/\" title=\"Actualit\u00e9\">Actualit\u00e9<\/a>\n\t\t<\/span><span class=\"aioseo-breadcrumb-separator\">&raquo;<\/span><span class=\"aioseo-breadcrumb\">\n\t\t\tProtection de l\u2019enfance : Vaste campagne nationale pour la sant\u00e9 mentale des jeunes\n\t\t<\/span><\/div>","aioseo_breadcrumb_json":[{"label":"Home","link":"https:\/\/lasentinelle.dz"},{"label":"Actualit\u00e9","link":"https:\/\/lasentinelle.dz\/index.php\/category\/actualite\/"},{"label":"Protection de l\u2019enfance\u00a0: Vaste campagne nationale pour la sant\u00e9 mentale des jeunes","link":"https:\/\/lasentinelle.dz\/index.php\/2025\/10\/12\/protection-de-lenfance-vaste-campagne-nationale-pour-la-sante-mentale-des-jeunes\/"}],"yoast_head":"<!-- This site is optimized with the Yoast SEO plugin v28.4 - https:\/\/yoast.com\/product\/yoast-seo-wordpress\/ -->\n<title>Protection de l\u2019enfance\u00a0: Vaste campagne nationale pour la sant\u00e9 mentale des jeunes - La Sentinelle<\/title>\n<meta name=\"robots\" content=\"index, follow, max-snippet:-1, max-image-preview:large, max-video-preview:-1\" \/>\n<link rel=\"canonical\" href=\"https:\/\/lasentinelle.dz\/index.php\/2025\/10\/12\/protection-de-lenfance-vaste-campagne-nationale-pour-la-sante-mentale-des-jeunes\/\" \/>\n<meta property=\"og:locale\" content=\"fr_FR\" \/>\n<meta property=\"og:type\" content=\"article\" \/>\n<meta property=\"og:title\" content=\"Protection de l\u2019enfance\u00a0: Vaste campagne nationale pour la sant\u00e9 mentale des jeunes - La Sentinelle\" \/>\n<meta property=\"og:description\" content=\"Des milliers d&rsquo;enfants et d&rsquo;adolescents souffrent de troubles psychologiques sans prise en charge adapt\u00e9e. Et la num\u00e9risation d\u00e9cuple ces d\u00e9fis.\" \/>\n<meta property=\"og:url\" content=\"https:\/\/lasentinelle.dz\/index.php\/2025\/10\/12\/protection-de-lenfance-vaste-campagne-nationale-pour-la-sante-mentale-des-jeunes\/\" \/>\n<meta property=\"og:site_name\" content=\"La Sentinelle\" \/>\n<meta property=\"article:publisher\" content=\"https:\/\/www.facebook.com\/La-Sentinelle-104059864394773\" \/>\n<meta property=\"article:published_time\" content=\"2025-10-12T13:07:49+00:00\" \/>\n<meta property=\"article:modified_time\" content=\"2025-10-12T13:07:50+00:00\" \/>\n<meta property=\"og:image\" content=\"https:\/\/lasentinelle.dz\/wp-content\/uploads\/2025\/10\/ecrans.jpg\" \/>\n\t<meta property=\"og:image:width\" content=\"635\" \/>\n\t<meta property=\"og:image:height\" content=\"385\" \/>\n\t<meta property=\"og:image:type\" content=\"image\/jpeg\" \/>\n<meta name=\"author\" content=\"admin\" \/>\n<meta name=\"twitter:card\" content=\"summary_large_image\" \/>\n<meta name=\"twitter:label1\" content=\"\u00c9crit par\" \/>\n\t<meta name=\"twitter:data1\" content=\"admin\" \/>\n\t<meta name=\"twitter:label2\" content=\"Dur\u00e9e de lecture estim\u00e9e\" \/>\n\t<meta name=\"twitter:data2\" content=\"4 minutes\" \/>\n<script type=\"application\/ld+json\" class=\"yoast-schema-graph\">{\"@context\":\"https:\\\/\\\/schema.org\",\"@graph\":[{\"@type\":\"Article\",\"@id\":\"https:\\\/\\\/lasentinelle.dz\\\/index.php\\\/2025\\\/10\\\/12\\\/protection-de-lenfance-vaste-campagne-nationale-pour-la-sante-mentale-des-jeunes\\\/#article\",\"isPartOf\":{\"@id\":\"https:\\\/\\\/lasentinelle.dz\\\/index.php\\\/2025\\\/10\\\/12\\\/protection-de-lenfance-vaste-campagne-nationale-pour-la-sante-mentale-des-jeunes\\\/\"},\"author\":{\"name\":\"admin\",\"@id\":\"https:\\\/\\\/lasentinelle.dz\\\/#\\\/schema\\\/person\\\/729ee0024f24e0b8c5ec17232f8e8b41\"},\"headline\":\"Protection de l\u2019enfance\u00a0: Vaste campagne nationale pour la sant\u00e9 mentale des jeunes\",\"datePublished\":\"2025-10-12T13:07:49+00:00\",\"dateModified\":\"2025-10-12T13:07:50+00:00\",\"mainEntityOfPage\":{\"@id\":\"https:\\\/\\\/lasentinelle.dz\\\/index.php\\\/2025\\\/10\\\/12\\\/protection-de-lenfance-vaste-campagne-nationale-pour-la-sante-mentale-des-jeunes\\\/\"},\"wordCount\":714,\"commentCount\":0,\"publisher\":{\"@id\":\"https:\\\/\\\/lasentinelle.dz\\\/#organization\"},\"image\":{\"@id\":\"https:\\\/\\\/lasentinelle.dz\\\/index.php\\\/2025\\\/10\\\/12\\\/protection-de-lenfance-vaste-campagne-nationale-pour-la-sante-mentale-des-jeunes\\\/#primaryimage\"},\"thumbnailUrl\":\"https:\\\/\\\/lasentinelle.dz\\\/wp-content\\\/uploads\\\/2025\\\/10\\\/ecrans.jpg\",\"articleSection\":[\"Actualit\u00e9\"],\"inLanguage\":\"fr-FR\",\"potentialAction\":[{\"@type\":\"CommentAction\",\"name\":\"Comment\",\"target\":[\"https:\\\/\\\/lasentinelle.dz\\\/index.php\\\/2025\\\/10\\\/12\\\/protection-de-lenfance-vaste-campagne-nationale-pour-la-sante-mentale-des-jeunes\\\/#respond\"]}]},{\"@type\":\"WebPage\",\"@id\":\"https:\\\/\\\/lasentinelle.dz\\\/index.php\\\/2025\\\/10\\\/12\\\/protection-de-lenfance-vaste-campagne-nationale-pour-la-sante-mentale-des-jeunes\\\/\",\"url\":\"https:\\\/\\\/lasentinelle.dz\\\/index.php\\\/2025\\\/10\\\/12\\\/protection-de-lenfance-vaste-campagne-nationale-pour-la-sante-mentale-des-jeunes\\\/\",\"name\":\"Protection de l\u2019enfance\u00a0: Vaste campagne nationale pour la sant\u00e9 mentale des jeunes - La Sentinelle\",\"isPartOf\":{\"@id\":\"https:\\\/\\\/lasentinelle.dz\\\/#website\"},\"primaryImageOfPage\":{\"@id\":\"https:\\\/\\\/lasentinelle.dz\\\/index.php\\\/2025\\\/10\\\/12\\\/protection-de-lenfance-vaste-campagne-nationale-pour-la-sante-mentale-des-jeunes\\\/#primaryimage\"},\"image\":{\"@id\":\"https:\\\/\\\/lasentinelle.dz\\\/index.php\\\/2025\\\/10\\\/12\\\/protection-de-lenfance-vaste-campagne-nationale-pour-la-sante-mentale-des-jeunes\\\/#primaryimage\"},\"thumbnailUrl\":\"https:\\\/\\\/lasentinelle.dz\\\/wp-content\\\/uploads\\\/2025\\\/10\\\/ecrans.jpg\",\"datePublished\":\"2025-10-12T13:07:49+00:00\",\"dateModified\":\"2025-10-12T13:07:50+00:00\",\"breadcrumb\":{\"@id\":\"https:\\\/\\\/lasentinelle.dz\\\/index.php\\\/2025\\\/10\\\/12\\\/protection-de-lenfance-vaste-campagne-nationale-pour-la-sante-mentale-des-jeunes\\\/#breadcrumb\"},\"inLanguage\":\"fr-FR\",\"potentialAction\":[{\"@type\":\"ReadAction\",\"target\":[\"https:\\\/\\\/lasentinelle.dz\\\/index.php\\\/2025\\\/10\\\/12\\\/protection-de-lenfance-vaste-campagne-nationale-pour-la-sante-mentale-des-jeunes\\\/\"]}]},{\"@type\":\"ImageObject\",\"inLanguage\":\"fr-FR\",\"@id\":\"https:\\\/\\\/lasentinelle.dz\\\/index.php\\\/2025\\\/10\\\/12\\\/protection-de-lenfance-vaste-campagne-nationale-pour-la-sante-mentale-des-jeunes\\\/#primaryimage\",\"url\":\"https:\\\/\\\/lasentinelle.dz\\\/wp-content\\\/uploads\\\/2025\\\/10\\\/ecrans.jpg\",\"contentUrl\":\"https:\\\/\\\/lasentinelle.dz\\\/wp-content\\\/uploads\\\/2025\\\/10\\\/ecrans.jpg\",\"width\":635,\"height\":385},{\"@type\":\"BreadcrumbList\",\"@id\":\"https:\\\/\\\/lasentinelle.dz\\\/index.php\\\/2025\\\/10\\\/12\\\/protection-de-lenfance-vaste-campagne-nationale-pour-la-sante-mentale-des-jeunes\\\/#breadcrumb\",\"itemListElement\":[{\"@type\":\"ListItem\",\"position\":1,\"name\":\"Accueil\",\"item\":\"https:\\\/\\\/lasentinelle.dz\\\/\"},{\"@type\":\"ListItem\",\"position\":2,\"name\":\"Protection de l\u2019enfance\u00a0: Vaste campagne nationale pour la sant\u00e9 mentale des jeunes\"}]},{\"@type\":\"WebSite\",\"@id\":\"https:\\\/\\\/lasentinelle.dz\\\/#website\",\"url\":\"https:\\\/\\\/lasentinelle.dz\\\/\",\"name\":\"La Sentinelle\",\"description\":\"Quotidien national d&#039;information\",\"publisher\":{\"@id\":\"https:\\\/\\\/lasentinelle.dz\\\/#organization\"},\"potentialAction\":[{\"@type\":\"SearchAction\",\"target\":{\"@type\":\"EntryPoint\",\"urlTemplate\":\"https:\\\/\\\/lasentinelle.dz\\\/?s={search_term_string}\"},\"query-input\":{\"@type\":\"PropertyValueSpecification\",\"valueRequired\":true,\"valueName\":\"search_term_string\"}}],\"inLanguage\":\"fr-FR\"},{\"@type\":\"Organization\",\"@id\":\"https:\\\/\\\/lasentinelle.dz\\\/#organization\",\"name\":\"Quotidien La Sentinelle\",\"url\":\"https:\\\/\\\/lasentinelle.dz\\\/\",\"logo\":{\"@type\":\"ImageObject\",\"inLanguage\":\"fr-FR\",\"@id\":\"https:\\\/\\\/lasentinelle.dz\\\/#\\\/schema\\\/logo\\\/image\\\/\",\"url\":\"https:\\\/\\\/lasentinelle.dz\\\/wp-content\\\/uploads\\\/2021\\\/09\\\/logo-sentinelleSLOGAN-1.png\",\"contentUrl\":\"https:\\\/\\\/lasentinelle.dz\\\/wp-content\\\/uploads\\\/2021\\\/09\\\/logo-sentinelleSLOGAN-1.png\",\"width\":615,\"height\":142,\"caption\":\"Quotidien La Sentinelle\"},\"image\":{\"@id\":\"https:\\\/\\\/lasentinelle.dz\\\/#\\\/schema\\\/logo\\\/image\\\/\"},\"sameAs\":[\"https:\\\/\\\/www.facebook.com\\\/La-Sentinelle-104059864394773\"]},{\"@type\":\"Person\",\"@id\":\"https:\\\/\\\/lasentinelle.dz\\\/#\\\/schema\\\/person\\\/729ee0024f24e0b8c5ec17232f8e8b41\",\"name\":\"admin\",\"image\":{\"@type\":\"ImageObject\",\"inLanguage\":\"fr-FR\",\"@id\":\"https:\\\/\\\/secure.gravatar.com\\\/avatar\\\/4c81fed838786e9b53f540bf46533e750f5d292099ae3b66cfc6fb1982e29df7?s=96&d=mm&r=g\",\"url\":\"https:\\\/\\\/secure.gravatar.com\\\/avatar\\\/4c81fed838786e9b53f540bf46533e750f5d292099ae3b66cfc6fb1982e29df7?s=96&d=mm&r=g\",\"contentUrl\":\"https:\\\/\\\/secure.gravatar.com\\\/avatar\\\/4c81fed838786e9b53f540bf46533e750f5d292099ae3b66cfc6fb1982e29df7?s=96&d=mm&r=g\",\"caption\":\"admin\"},\"description\":\"admin\",\"url\":\"https:\\\/\\\/lasentinelle.dz\\\/author\\\/admin\\\/\"}]}<\/script>\n<!-- \/ Yoast SEO plugin. -->","yoast_head_json":{"title":"Protection de l\u2019enfance\u00a0: Vaste campagne nationale pour la sant\u00e9 mentale des jeunes - La Sentinelle","robots":{"index":"index","follow":"follow","max-snippet":"max-snippet:-1","max-image-preview":"max-image-preview:large","max-video-preview":"max-video-preview:-1"},"canonical":"https:\/\/lasentinelle.dz\/index.php\/2025\/10\/12\/protection-de-lenfance-vaste-campagne-nationale-pour-la-sante-mentale-des-jeunes\/","og_locale":"fr_FR","og_type":"article","og_title":"Protection de l\u2019enfance\u00a0: Vaste campagne nationale pour la sant\u00e9 mentale des jeunes - La Sentinelle","og_description":"Des milliers d&rsquo;enfants et d&rsquo;adolescents souffrent de troubles psychologiques sans prise en charge adapt\u00e9e. Et la num\u00e9risation d\u00e9cuple ces d\u00e9fis.","og_url":"https:\/\/lasentinelle.dz\/index.php\/2025\/10\/12\/protection-de-lenfance-vaste-campagne-nationale-pour-la-sante-mentale-des-jeunes\/","og_site_name":"La Sentinelle","article_publisher":"https:\/\/www.facebook.com\/La-Sentinelle-104059864394773","article_published_time":"2025-10-12T13:07:49+00:00","article_modified_time":"2025-10-12T13:07:50+00:00","og_image":[{"width":635,"height":385,"url":"https:\/\/lasentinelle.dz\/wp-content\/uploads\/2025\/10\/ecrans.jpg","type":"image\/jpeg"}],"author":"admin","twitter_card":"summary_large_image","twitter_misc":{"\u00c9crit par":"admin","Dur\u00e9e de lecture estim\u00e9e":"4 minutes"},"schema":{"@context":"https:\/\/schema.org","@graph":[{"@type":"Article","@id":"https:\/\/lasentinelle.dz\/index.php\/2025\/10\/12\/protection-de-lenfance-vaste-campagne-nationale-pour-la-sante-mentale-des-jeunes\/#article","isPartOf":{"@id":"https:\/\/lasentinelle.dz\/index.php\/2025\/10\/12\/protection-de-lenfance-vaste-campagne-nationale-pour-la-sante-mentale-des-jeunes\/"},"author":{"name":"admin","@id":"https:\/\/lasentinelle.dz\/#\/schema\/person\/729ee0024f24e0b8c5ec17232f8e8b41"},"headline":"Protection de l\u2019enfance\u00a0: Vaste campagne nationale pour la sant\u00e9 mentale des jeunes","datePublished":"2025-10-12T13:07:49+00:00","dateModified":"2025-10-12T13:07:50+00:00","mainEntityOfPage":{"@id":"https:\/\/lasentinelle.dz\/index.php\/2025\/10\/12\/protection-de-lenfance-vaste-campagne-nationale-pour-la-sante-mentale-des-jeunes\/"},"wordCount":714,"commentCount":0,"publisher":{"@id":"https:\/\/lasentinelle.dz\/#organization"},"image":{"@id":"https:\/\/lasentinelle.dz\/index.php\/2025\/10\/12\/protection-de-lenfance-vaste-campagne-nationale-pour-la-sante-mentale-des-jeunes\/#primaryimage"},"thumbnailUrl":"https:\/\/lasentinelle.dz\/wp-content\/uploads\/2025\/10\/ecrans.jpg","articleSection":["Actualit\u00e9"],"inLanguage":"fr-FR","potentialAction":[{"@type":"CommentAction","name":"Comment","target":["https:\/\/lasentinelle.dz\/index.php\/2025\/10\/12\/protection-de-lenfance-vaste-campagne-nationale-pour-la-sante-mentale-des-jeunes\/#respond"]}]},{"@type":"WebPage","@id":"https:\/\/lasentinelle.dz\/index.php\/2025\/10\/12\/protection-de-lenfance-vaste-campagne-nationale-pour-la-sante-mentale-des-jeunes\/","url":"https:\/\/lasentinelle.dz\/index.php\/2025\/10\/12\/protection-de-lenfance-vaste-campagne-nationale-pour-la-sante-mentale-des-jeunes\/","name":"Protection de l\u2019enfance\u00a0: Vaste campagne nationale pour la sant\u00e9 mentale des jeunes - La Sentinelle","isPartOf":{"@id":"https:\/\/lasentinelle.dz\/#website"},"primaryImageOfPage":{"@id":"https:\/\/lasentinelle.dz\/index.php\/2025\/10\/12\/protection-de-lenfance-vaste-campagne-nationale-pour-la-sante-mentale-des-jeunes\/#primaryimage"},"image":{"@id":"https:\/\/lasentinelle.dz\/index.php\/2025\/10\/12\/protection-de-lenfance-vaste-campagne-nationale-pour-la-sante-mentale-des-jeunes\/#primaryimage"},"thumbnailUrl":"https:\/\/lasentinelle.dz\/wp-content\/uploads\/2025\/10\/ecrans.jpg","datePublished":"2025-10-12T13:07:49+00:00","dateModified":"2025-10-12T13:07:50+00:00","breadcrumb":{"@id":"https:\/\/lasentinelle.dz\/index.php\/2025\/10\/12\/protection-de-lenfance-vaste-campagne-nationale-pour-la-sante-mentale-des-jeunes\/#breadcrumb"},"inLanguage":"fr-FR","potentialAction":[{"@type":"ReadAction","target":["https:\/\/lasentinelle.dz\/index.php\/2025\/10\/12\/protection-de-lenfance-vaste-campagne-nationale-pour-la-sante-mentale-des-jeunes\/"]}]},{"@type":"ImageObject","inLanguage":"fr-FR","@id":"https:\/\/lasentinelle.dz\/index.php\/2025\/10\/12\/protection-de-lenfance-vaste-campagne-nationale-pour-la-sante-mentale-des-jeunes\/#primaryimage","url":"https:\/\/lasentinelle.dz\/wp-content\/uploads\/2025\/10\/ecrans.jpg","contentUrl":"https:\/\/lasentinelle.dz\/wp-content\/uploads\/2025\/10\/ecrans.jpg","width":635,"height":385},{"@type":"BreadcrumbList","@id":"https:\/\/lasentinelle.dz\/index.php\/2025\/10\/12\/protection-de-lenfance-vaste-campagne-nationale-pour-la-sante-mentale-des-jeunes\/#breadcrumb","itemListElement":[{"@type":"ListItem","position":1,"name":"Accueil","item":"https:\/\/lasentinelle.dz\/"},{"@type":"ListItem","position":2,"name":"Protection de l\u2019enfance\u00a0: Vaste campagne nationale pour la sant\u00e9 mentale des jeunes"}]},{"@type":"WebSite","@id":"https:\/\/lasentinelle.dz\/#website","url":"https:\/\/lasentinelle.dz\/","name":"La Sentinelle","description":"Quotidien national d&#039;information","publisher":{"@id":"https:\/\/lasentinelle.dz\/#organization"},"potentialAction":[{"@type":"SearchAction","target":{"@type":"EntryPoint","urlTemplate":"https:\/\/lasentinelle.dz\/?s={search_term_string}"},"query-input":{"@type":"PropertyValueSpecification","valueRequired":true,"valueName":"search_term_string"}}],"inLanguage":"fr-FR"},{"@type":"Organization","@id":"https:\/\/lasentinelle.dz\/#organization","name":"Quotidien La Sentinelle","url":"https:\/\/lasentinelle.dz\/","logo":{"@type":"ImageObject","inLanguage":"fr-FR","@id":"https:\/\/lasentinelle.dz\/#\/schema\/logo\/image\/","url":"https:\/\/lasentinelle.dz\/wp-content\/uploads\/2021\/09\/logo-sentinelleSLOGAN-1.png","contentUrl":"https:\/\/lasentinelle.dz\/wp-content\/uploads\/2021\/09\/logo-sentinelleSLOGAN-1.png","width":615,"height":142,"caption":"Quotidien La Sentinelle"},"image":{"@id":"https:\/\/lasentinelle.dz\/#\/schema\/logo\/image\/"},"sameAs":["https:\/\/www.facebook.com\/La-Sentinelle-104059864394773"]},{"@type":"Person","@id":"https:\/\/lasentinelle.dz\/#\/schema\/person\/729ee0024f24e0b8c5ec17232f8e8b41","name":"admin","image":{"@type":"ImageObject","inLanguage":"fr-FR","@id":"https:\/\/secure.gravatar.com\/avatar\/4c81fed838786e9b53f540bf46533e750f5d292099ae3b66cfc6fb1982e29df7?s=96&d=mm&r=g","url":"https:\/\/secure.gravatar.com\/avatar\/4c81fed838786e9b53f540bf46533e750f5d292099ae3b66cfc6fb1982e29df7?s=96&d=mm&r=g","contentUrl":"https:\/\/secure.gravatar.com\/avatar\/4c81fed838786e9b53f540bf46533e750f5d292099ae3b66cfc6fb1982e29df7?s=96&d=mm&r=g","caption":"admin"},"description":"admin","url":"https:\/\/lasentinelle.dz\/author\/admin\/"}]}},"_links":{"self":[{"href":"https:\/\/lasentinelle.dz\/index.php\/wp-json\/wp\/v2\/posts\/74555","targetHints":{"allow":["GET"]}}],"collection":[{"href":"https:\/\/lasentinelle.dz\/index.php\/wp-json\/wp\/v2\/posts"}],"about":[{"href":"https:\/\/lasentinelle.dz\/index.php\/wp-json\/wp\/v2\/types\/post"}],"author":[{"embeddable":true,"href":"https:\/\/lasentinelle.dz\/index.php\/wp-json\/wp\/v2\/users\/6"}],"replies":[{"embeddable":true,"href":"https:\/\/lasentinelle.dz\/index.php\/wp-json\/wp\/v2\/comments?post=74555"}],"version-history":[{"count":1,"href":"https:\/\/lasentinelle.dz\/index.php\/wp-json\/wp\/v2\/posts\/74555\/revisions"}],"predecessor-version":[{"id":74557,"href":"https:\/\/lasentinelle.dz\/index.php\/wp-json\/wp\/v2\/posts\/74555\/revisions\/74557"}],"wp:featuredmedia":[{"embeddable":true,"href":"https:\/\/lasentinelle.dz\/index.php\/wp-json\/wp\/v2\/media\/74556"}],"wp:attachment":[{"href":"https:\/\/lasentinelle.dz\/index.php\/wp-json\/wp\/v2\/media?parent=74555"}],"wp:term":[{"taxonomy":"category","embeddable":true,"href":"https:\/\/lasentinelle.dz\/index.php\/wp-json\/wp\/v2\/categories?post=74555"},{"taxonomy":"post_tag","embeddable":true,"href":"https:\/\/lasentinelle.dz\/index.php\/wp-json\/wp\/v2\/tags?post=74555"}],"curies":[{"name":"wp","href":"https:\/\/api.w.org\/{rel}","templated":true}]}}