{"id":74609,"date":"2025-10-13T14:01:44","date_gmt":"2025-10-13T13:01:44","guid":{"rendered":"https:\/\/lasentinelle.dz\/?p=74609"},"modified":"2025-10-13T14:01:45","modified_gmt":"2025-10-13T13:01:45","slug":"le-president-de-la-republique-presente-ses-condoleances-a-lemir-de-letat-du-qatar","status":"publish","type":"post","link":"https:\/\/lasentinelle.dz\/index.php\/2025\/10\/13\/le-president-de-la-republique-presente-ses-condoleances-a-lemir-de-letat-du-qatar\/","title":{"rendered":"Le pr\u00e9sident de la R\u00e9publique pr\u00e9sente ses condol\u00e9ances \u00e0 l&rsquo;Emir de l&rsquo;Etat du Qatar"},"content":{"rendered":"\n<p class=\"wp-block-paragraph\">Le pr\u00e9sident de la R\u00e9publique, M. Abdelmadjid Tebboune a adress\u00e9, dimanche, un message de condol\u00e9ances \u00e0 son Altesse Cheikh Tamim Bin Hamad Al Thani, Emir de l&rsquo;Etat fr\u00e8re du Qatar, suite au d\u00e9c\u00e8s de trois diplomates membres du Diwan \u00e9mirien dans un accident de la route survenu \u00e0 Charm el-Cheikh en Egypte, pays fr\u00e8re. \u00ab\u00a0Altesse et cher fr\u00e8re, c&rsquo;est avec une immense tristesse et affliction que j&rsquo;ai appris la nouvelle du d\u00e9c\u00e8s de trois diplomates membres du Diwan \u00e9mirien dans un tragique accident de la route survenu \u00e0 Charm el-Cheikh, en R\u00e9publique Arabe d&rsquo;Egypte, pays fr\u00e8re, qui a \u00e9galement fait des bless\u00e9s\u00a0\u00bb, a \u00e9crit le pr\u00e9sident de la R\u00e9publique dans son message. \u00ab\u00a0En cette p\u00e9nible \u00e9preuve qui a endeuill\u00e9 l&rsquo;Etat fr\u00e8re du Qatar, je tiens \u00e0 pr\u00e9senter \u00e0 votre Altesse, mes sinc\u00e8res condol\u00e9ances et mes profonds sentiments de compassion et de solidarit\u00e9 fraternelle, priant Allah Tout-Puissant d&rsquo;accorder aux d\u00e9funts Sa sainte mis\u00e9ricorde et de les accueillir en Son vaste paradis, et de vous pr\u00eater ainsi qu&rsquo;aux familles endeuill\u00e9es patience et r\u00e9confort, tout en souhaitant un prompt r\u00e9tablissement aux bless\u00e9s. A Allah nous appartenons, et \u00e0 Lui nous retournons\u00a0\u00bb, a ajout\u00e9 le pr\u00e9sident de la R\u00e9publique dans son message.(APS)<\/p>\n","protected":false},"excerpt":{"rendered":"<p>Le pr\u00e9sident de la R\u00e9publique, M. Abdelmadjid Tebboune a adress\u00e9, dimanche, un message de condol\u00e9ances \u00e0 son Altesse Cheikh Tamim<\/p>\n","protected":false},"author":6,"featured_media":0,"comment_status":"open","ping_status":"closed","sticky":false,"template":"","format":"standard","meta":{"colormag_page_container_layout":"default_layout","colormag_page_sidebar_layout":"default_layout","om_disable_all_campaigns":false,"_monsterinsights_skip_tracking":false,"footnotes":"","_wpscppro_dont_share_socialmedia":false,"_wpscppro_custom_social_share_image":0,"_facebook_share_type":"default","_twitter_share_type":"default","_linkedin_share_type":"default","_pinterest_share_type":"default","_linkedin_share_type_page":"","_instagram_share_type":"default","_medium_share_type":"default","_threads_share_type":"default","_google_business_share_type":"default","_bluesky_share_type":"","_mastodon_share_type":"","_selected_social_profile":[],"_wpsp_enable_custom_social_template":false,"_wpsp_social_scheduling":{"enabled":false,"datetime":null,"platforms":[],"status":"template_only","dateOption":"today","timeOption":"now","customDays":"","customHours":"","customDate":"","customTime":"","schedulingType":"absolute"},"_wpsp_active_default_template":true},"categories":[27],"tags":[],"class_list":["post-74609","post","type-post","status-publish","format-standard","hentry","category-actualite"],"aioseo_notices":[],"aioseo_head":"\n\t\t<!-- All in One SEO 5.0.0.1 - aioseo.com -->\n\t<meta name=\"description\" content=\"Le pr\u00e9sident de la R\u00e9publique, M. Abdelmadjid Tebboune a adress\u00e9, dimanche, un message de condol\u00e9ances \u00e0 son Altesse Cheikh Tamim Bin Hamad Al Thani, Emir de l&#039;Etat fr\u00e8re du Qatar, suite au d\u00e9c\u00e8s de trois diplomates membres du Diwan \u00e9mirien dans un accident de la route survenu \u00e0 Charm el-Cheikh en Egypte, pays fr\u00e8re. &quot;Altesse\" \/>\n\t<meta name=\"robots\" content=\"max-image-preview:large\" \/>\n\t<meta name=\"author\" content=\"admin\"\/>\n\t<link rel=\"canonical\" href=\"https:\/\/lasentinelle.dz\/index.php\/2025\/10\/13\/le-president-de-la-republique-presente-ses-condoleances-a-lemir-de-letat-du-qatar\/\" \/>\n\t<meta name=\"generator\" content=\"All in One SEO (AIOSEO) 5.0.0.1\" \/>\n\t\t<meta property=\"og:locale\" content=\"fr_FR\" \/>\n\t\t<meta property=\"og:site_name\" content=\"La Sentinelle - Quotidien national d&#039;information\" \/>\n\t\t<meta property=\"og:type\" content=\"article\" \/>\n\t\t<meta property=\"og:title\" content=\"Le pr\u00e9sident de la R\u00e9publique pr\u00e9sente ses condol\u00e9ances \u00e0 l\u2019Emir de l\u2019Etat du Qatar - La Sentinelle\" \/>\n\t\t<meta property=\"og:description\" content=\"Le pr\u00e9sident de la R\u00e9publique, M. Abdelmadjid Tebboune a adress\u00e9, dimanche, un message de condol\u00e9ances \u00e0 son Altesse Cheikh Tamim Bin Hamad Al Thani, Emir de l&#039;Etat fr\u00e8re du Qatar, suite au d\u00e9c\u00e8s de trois diplomates membres du Diwan \u00e9mirien dans un accident de la route survenu \u00e0 Charm el-Cheikh en Egypte, pays fr\u00e8re. &quot;Altesse\" \/>\n\t\t<meta property=\"og:url\" content=\"https:\/\/lasentinelle.dz\/index.php\/2025\/10\/13\/le-president-de-la-republique-presente-ses-condoleances-a-lemir-de-letat-du-qatar\/\" \/>\n\t\t<meta property=\"og:image\" content=\"https:\/\/lasentinelle.dz\/wp-content\/uploads\/2021\/09\/cropped-la-sentinelle-earth-golden-anima-5.gif\" \/>\n\t\t<meta property=\"og:image:secure_url\" content=\"https:\/\/lasentinelle.dz\/wp-content\/uploads\/2021\/09\/cropped-la-sentinelle-earth-golden-anima-5.gif\" \/>\n\t\t<meta property=\"og:image:width\" content=\"450\" \/>\n\t\t<meta property=\"og:image:height\" content=\"213\" \/>\n\t\t<meta property=\"article:published_time\" content=\"2025-10-13T13:01:44+00:00\" \/>\n\t\t<meta property=\"article:modified_time\" content=\"2025-10-13T13:01:45+00:00\" \/>\n\t\t<meta property=\"article:publisher\" content=\"https:\/\/www.facebook.com\/azzedine.lasentinelle.1\" \/>\n\t\t<meta name=\"twitter:card\" content=\"summary_large_image\" \/>\n\t\t<meta name=\"twitter:title\" content=\"Le pr\u00e9sident de la R\u00e9publique pr\u00e9sente ses condol\u00e9ances \u00e0 l\u2019Emir de l\u2019Etat du Qatar - La Sentinelle\" \/>\n\t\t<meta name=\"twitter:description\" content=\"Le pr\u00e9sident de la R\u00e9publique, M. Abdelmadjid Tebboune a adress\u00e9, dimanche, un message de condol\u00e9ances \u00e0 son Altesse Cheikh Tamim Bin Hamad Al Thani, Emir de l&#039;Etat fr\u00e8re du Qatar, suite au d\u00e9c\u00e8s de trois diplomates membres du Diwan \u00e9mirien dans un accident de la route survenu \u00e0 Charm el-Cheikh en Egypte, pays fr\u00e8re. &quot;Altesse\" \/>\n\t\t<meta name=\"twitter:image\" content=\"https:\/\/lasentinelle.dz\/wp-content\/uploads\/2021\/09\/cropped-la-sentinelle-earth-golden-anima-5.gif\" \/>\n\t\t<script type=\"application\/ld+json\" class=\"aioseo-schema\">\n\t\t\t{\"@context\":\"https:\\\/\\\/schema.org\",\"@graph\":[{\"@type\":\"BlogPosting\",\"@id\":\"https:\\\/\\\/lasentinelle.dz\\\/index.php\\\/2025\\\/10\\\/13\\\/le-president-de-la-republique-presente-ses-condoleances-a-lemir-de-letat-du-qatar\\\/#blogposting\",\"name\":\"Le pr\\u00e9sident de la R\\u00e9publique pr\\u00e9sente ses condol\\u00e9ances \\u00e0 l\\u2019Emir de l\\u2019Etat du Qatar - La Sentinelle\",\"headline\":\"Le pr\\u00e9sident de la R\\u00e9publique pr\\u00e9sente ses condol\\u00e9ances \\u00e0 l&rsquo;Emir de l&rsquo;Etat du Qatar\",\"author\":{\"@id\":\"https:\\\/\\\/lasentinelle.dz\\\/author\\\/admin\\\/#author\"},\"publisher\":{\"@id\":\"https:\\\/\\\/lasentinelle.dz\\\/#organization\"},\"image\":{\"@type\":\"ImageObject\",\"url\":\"https:\\\/\\\/lasentinelle.dz\\\/wp-content\\\/uploads\\\/2021\\\/09\\\/cropped-la-sentinelle-earth-golden-anima-5.gif\",\"@id\":\"https:\\\/\\\/lasentinelle.dz\\\/#articleImage\",\"width\":450,\"height\":213},\"datePublished\":\"2025-10-13T14:01:44+01:00\",\"dateModified\":\"2025-10-13T14:01:45+01:00\",\"inLanguage\":\"fr-FR\",\"mainEntityOfPage\":{\"@id\":\"https:\\\/\\\/lasentinelle.dz\\\/index.php\\\/2025\\\/10\\\/13\\\/le-president-de-la-republique-presente-ses-condoleances-a-lemir-de-letat-du-qatar\\\/#webpage\"},\"isPartOf\":{\"@id\":\"https:\\\/\\\/lasentinelle.dz\\\/index.php\\\/2025\\\/10\\\/13\\\/le-president-de-la-republique-presente-ses-condoleances-a-lemir-de-letat-du-qatar\\\/#webpage\"},\"articleSection\":\"Actualit\\u00e9\"},{\"@type\":\"BreadcrumbList\",\"@id\":\"https:\\\/\\\/lasentinelle.dz\\\/index.php\\\/2025\\\/10\\\/13\\\/le-president-de-la-republique-presente-ses-condoleances-a-lemir-de-letat-du-qatar\\\/#breadcrumblist\",\"itemListElement\":[{\"@type\":\"ListItem\",\"@id\":\"https:\\\/\\\/lasentinelle.dz#listItem\",\"position\":1,\"name\":\"Home\",\"item\":\"https:\\\/\\\/lasentinelle.dz\",\"nextItem\":{\"@type\":\"ListItem\",\"@id\":\"https:\\\/\\\/lasentinelle.dz\\\/index.php\\\/category\\\/actualite\\\/#listItem\",\"name\":\"Actualit\\u00e9\"}},{\"@type\":\"ListItem\",\"@id\":\"https:\\\/\\\/lasentinelle.dz\\\/index.php\\\/category\\\/actualite\\\/#listItem\",\"position\":2,\"name\":\"Actualit\\u00e9\",\"item\":\"https:\\\/\\\/lasentinelle.dz\\\/index.php\\\/category\\\/actualite\\\/\",\"nextItem\":{\"@type\":\"ListItem\",\"@id\":\"https:\\\/\\\/lasentinelle.dz\\\/index.php\\\/2025\\\/10\\\/13\\\/le-president-de-la-republique-presente-ses-condoleances-a-lemir-de-letat-du-qatar\\\/#listItem\",\"name\":\"Le pr\\u00e9sident de la R\\u00e9publique pr\\u00e9sente ses condol\\u00e9ances \\u00e0 l&rsquo;Emir de l&rsquo;Etat du Qatar\"},\"previousItem\":{\"@type\":\"ListItem\",\"@id\":\"https:\\\/\\\/lasentinelle.dz#listItem\",\"name\":\"Home\"}},{\"@type\":\"ListItem\",\"@id\":\"https:\\\/\\\/lasentinelle.dz\\\/index.php\\\/2025\\\/10\\\/13\\\/le-president-de-la-republique-presente-ses-condoleances-a-lemir-de-letat-du-qatar\\\/#listItem\",\"position\":3,\"name\":\"Le pr\\u00e9sident de la R\\u00e9publique pr\\u00e9sente ses condol\\u00e9ances \\u00e0 l&rsquo;Emir de l&rsquo;Etat du Qatar\",\"previousItem\":{\"@type\":\"ListItem\",\"@id\":\"https:\\\/\\\/lasentinelle.dz\\\/index.php\\\/category\\\/actualite\\\/#listItem\",\"name\":\"Actualit\\u00e9\"}}]},{\"@type\":\"Organization\",\"@id\":\"https:\\\/\\\/lasentinelle.dz\\\/#organization\",\"name\":\"La Sentinelle La Sentinelle\",\"description\":\"Quotidien national d'information\",\"url\":\"https:\\\/\\\/lasentinelle.dz\\\/\",\"logo\":{\"@type\":\"ImageObject\",\"url\":\"https:\\\/\\\/lasentinelle.dz\\\/wp-content\\\/uploads\\\/2021\\\/09\\\/cropped-la-sentinelle-earth-golden-anima-5.gif\",\"@id\":\"https:\\\/\\\/lasentinelle.dz\\\/index.php\\\/2025\\\/10\\\/13\\\/le-president-de-la-republique-presente-ses-condoleances-a-lemir-de-letat-du-qatar\\\/#organizationLogo\",\"width\":450,\"height\":213},\"image\":{\"@id\":\"https:\\\/\\\/lasentinelle.dz\\\/index.php\\\/2025\\\/10\\\/13\\\/le-president-de-la-republique-presente-ses-condoleances-a-lemir-de-letat-du-qatar\\\/#organizationLogo\"},\"sameAs\":[\"https:\\\/\\\/www.facebook.com\\\/azzedine.lasentinelle.1\"]},{\"@type\":\"Person\",\"@id\":\"https:\\\/\\\/lasentinelle.dz\\\/author\\\/admin\\\/#author\",\"url\":\"https:\\\/\\\/lasentinelle.dz\\\/author\\\/admin\\\/\",\"name\":\"admin\",\"image\":{\"@type\":\"ImageObject\",\"@id\":\"https:\\\/\\\/lasentinelle.dz\\\/index.php\\\/2025\\\/10\\\/13\\\/le-president-de-la-republique-presente-ses-condoleances-a-lemir-de-letat-du-qatar\\\/#authorImage\",\"url\":\"https:\\\/\\\/secure.gravatar.com\\\/avatar\\\/4c81fed838786e9b53f540bf46533e750f5d292099ae3b66cfc6fb1982e29df7?s=96&d=mm&r=g\",\"width\":96,\"height\":96,\"caption\":\"admin\"}},{\"@type\":\"WebPage\",\"@id\":\"https:\\\/\\\/lasentinelle.dz\\\/index.php\\\/2025\\\/10\\\/13\\\/le-president-de-la-republique-presente-ses-condoleances-a-lemir-de-letat-du-qatar\\\/#webpage\",\"url\":\"https:\\\/\\\/lasentinelle.dz\\\/index.php\\\/2025\\\/10\\\/13\\\/le-president-de-la-republique-presente-ses-condoleances-a-lemir-de-letat-du-qatar\\\/\",\"name\":\"Le pr\\u00e9sident de la R\\u00e9publique pr\\u00e9sente ses condol\\u00e9ances \\u00e0 l\\u2019Emir de l\\u2019Etat du Qatar - La Sentinelle\",\"description\":\"Le pr\\u00e9sident de la R\\u00e9publique, M. Abdelmadjid Tebboune a adress\\u00e9, dimanche, un message de condol\\u00e9ances \\u00e0 son Altesse Cheikh Tamim Bin Hamad Al Thani, Emir de l'Etat fr\\u00e8re du Qatar, suite au d\\u00e9c\\u00e8s de trois diplomates membres du Diwan \\u00e9mirien dans un accident de la route survenu \\u00e0 Charm el-Cheikh en Egypte, pays fr\\u00e8re. \\\"Altesse\",\"inLanguage\":\"fr-FR\",\"isPartOf\":{\"@id\":\"https:\\\/\\\/lasentinelle.dz\\\/#website\"},\"breadcrumb\":{\"@id\":\"https:\\\/\\\/lasentinelle.dz\\\/index.php\\\/2025\\\/10\\\/13\\\/le-president-de-la-republique-presente-ses-condoleances-a-lemir-de-letat-du-qatar\\\/#breadcrumblist\"},\"author\":{\"@id\":\"https:\\\/\\\/lasentinelle.dz\\\/author\\\/admin\\\/#author\"},\"creator\":{\"@id\":\"https:\\\/\\\/lasentinelle.dz\\\/author\\\/admin\\\/#author\"},\"datePublished\":\"2025-10-13T14:01:44+01:00\",\"dateModified\":\"2025-10-13T14:01:45+01:00\"},{\"@type\":\"WebSite\",\"@id\":\"https:\\\/\\\/lasentinelle.dz\\\/#website\",\"url\":\"https:\\\/\\\/lasentinelle.dz\\\/\",\"name\":\"La Sentinelle\",\"description\":\"Quotidien national d'information\",\"inLanguage\":\"fr-FR\",\"publisher\":{\"@id\":\"https:\\\/\\\/lasentinelle.dz\\\/#organization\"}}]}\n\t\t<\/script>\n\t\t<!-- All in One SEO -->\n\n","aioseo_head_json":{"title":"Le pr\u00e9sident de la R\u00e9publique pr\u00e9sente ses condol\u00e9ances \u00e0 l\u2019Emir de l\u2019Etat du Qatar - La Sentinelle","description":"Le pr\u00e9sident de la R\u00e9publique, M. Abdelmadjid Tebboune a adress\u00e9, dimanche, un message de condol\u00e9ances \u00e0 son Altesse Cheikh Tamim Bin Hamad Al Thani, Emir de l'Etat fr\u00e8re du Qatar, suite au d\u00e9c\u00e8s de trois diplomates membres du Diwan \u00e9mirien dans un accident de la route survenu \u00e0 Charm el-Cheikh en Egypte, pays fr\u00e8re. \"Altesse","canonical_url":"https:\/\/lasentinelle.dz\/index.php\/2025\/10\/13\/le-president-de-la-republique-presente-ses-condoleances-a-lemir-de-letat-du-qatar\/","robots":"max-image-preview:large","keywords":"","webmasterTools":{"miscellaneous":""},"schema":{"@context":"https:\/\/schema.org","@graph":[{"@type":"BlogPosting","@id":"https:\/\/lasentinelle.dz\/index.php\/2025\/10\/13\/le-president-de-la-republique-presente-ses-condoleances-a-lemir-de-letat-du-qatar\/#blogposting","name":"Le pr\u00e9sident de la R\u00e9publique pr\u00e9sente ses condol\u00e9ances \u00e0 l\u2019Emir de l\u2019Etat du Qatar - La Sentinelle","headline":"Le pr\u00e9sident de la R\u00e9publique pr\u00e9sente ses condol\u00e9ances \u00e0 l&rsquo;Emir de l&rsquo;Etat du Qatar","author":{"@id":"https:\/\/lasentinelle.dz\/author\/admin\/#author"},"publisher":{"@id":"https:\/\/lasentinelle.dz\/#organization"},"image":{"@type":"ImageObject","url":"https:\/\/lasentinelle.dz\/wp-content\/uploads\/2021\/09\/cropped-la-sentinelle-earth-golden-anima-5.gif","@id":"https:\/\/lasentinelle.dz\/#articleImage","width":450,"height":213},"datePublished":"2025-10-13T14:01:44+01:00","dateModified":"2025-10-13T14:01:45+01:00","inLanguage":"fr-FR","mainEntityOfPage":{"@id":"https:\/\/lasentinelle.dz\/index.php\/2025\/10\/13\/le-president-de-la-republique-presente-ses-condoleances-a-lemir-de-letat-du-qatar\/#webpage"},"isPartOf":{"@id":"https:\/\/lasentinelle.dz\/index.php\/2025\/10\/13\/le-president-de-la-republique-presente-ses-condoleances-a-lemir-de-letat-du-qatar\/#webpage"},"articleSection":"Actualit\u00e9"},{"@type":"BreadcrumbList","@id":"https:\/\/lasentinelle.dz\/index.php\/2025\/10\/13\/le-president-de-la-republique-presente-ses-condoleances-a-lemir-de-letat-du-qatar\/#breadcrumblist","itemListElement":[{"@type":"ListItem","@id":"https:\/\/lasentinelle.dz#listItem","position":1,"name":"Home","item":"https:\/\/lasentinelle.dz","nextItem":{"@type":"ListItem","@id":"https:\/\/lasentinelle.dz\/index.php\/category\/actualite\/#listItem","name":"Actualit\u00e9"}},{"@type":"ListItem","@id":"https:\/\/lasentinelle.dz\/index.php\/category\/actualite\/#listItem","position":2,"name":"Actualit\u00e9","item":"https:\/\/lasentinelle.dz\/index.php\/category\/actualite\/","nextItem":{"@type":"ListItem","@id":"https:\/\/lasentinelle.dz\/index.php\/2025\/10\/13\/le-president-de-la-republique-presente-ses-condoleances-a-lemir-de-letat-du-qatar\/#listItem","name":"Le pr\u00e9sident de la R\u00e9publique pr\u00e9sente ses condol\u00e9ances \u00e0 l&rsquo;Emir de l&rsquo;Etat du Qatar"},"previousItem":{"@type":"ListItem","@id":"https:\/\/lasentinelle.dz#listItem","name":"Home"}},{"@type":"ListItem","@id":"https:\/\/lasentinelle.dz\/index.php\/2025\/10\/13\/le-president-de-la-republique-presente-ses-condoleances-a-lemir-de-letat-du-qatar\/#listItem","position":3,"name":"Le pr\u00e9sident de la R\u00e9publique pr\u00e9sente ses condol\u00e9ances \u00e0 l&rsquo;Emir de l&rsquo;Etat du Qatar","previousItem":{"@type":"ListItem","@id":"https:\/\/lasentinelle.dz\/index.php\/category\/actualite\/#listItem","name":"Actualit\u00e9"}}]},{"@type":"Organization","@id":"https:\/\/lasentinelle.dz\/#organization","name":"La Sentinelle La Sentinelle","description":"Quotidien national d'information","url":"https:\/\/lasentinelle.dz\/","logo":{"@type":"ImageObject","url":"https:\/\/lasentinelle.dz\/wp-content\/uploads\/2021\/09\/cropped-la-sentinelle-earth-golden-anima-5.gif","@id":"https:\/\/lasentinelle.dz\/index.php\/2025\/10\/13\/le-president-de-la-republique-presente-ses-condoleances-a-lemir-de-letat-du-qatar\/#organizationLogo","width":450,"height":213},"image":{"@id":"https:\/\/lasentinelle.dz\/index.php\/2025\/10\/13\/le-president-de-la-republique-presente-ses-condoleances-a-lemir-de-letat-du-qatar\/#organizationLogo"},"sameAs":["https:\/\/www.facebook.com\/azzedine.lasentinelle.1"]},{"@type":"Person","@id":"https:\/\/lasentinelle.dz\/author\/admin\/#author","url":"https:\/\/lasentinelle.dz\/author\/admin\/","name":"admin","image":{"@type":"ImageObject","@id":"https:\/\/lasentinelle.dz\/index.php\/2025\/10\/13\/le-president-de-la-republique-presente-ses-condoleances-a-lemir-de-letat-du-qatar\/#authorImage","url":"https:\/\/secure.gravatar.com\/avatar\/4c81fed838786e9b53f540bf46533e750f5d292099ae3b66cfc6fb1982e29df7?s=96&d=mm&r=g","width":96,"height":96,"caption":"admin"}},{"@type":"WebPage","@id":"https:\/\/lasentinelle.dz\/index.php\/2025\/10\/13\/le-president-de-la-republique-presente-ses-condoleances-a-lemir-de-letat-du-qatar\/#webpage","url":"https:\/\/lasentinelle.dz\/index.php\/2025\/10\/13\/le-president-de-la-republique-presente-ses-condoleances-a-lemir-de-letat-du-qatar\/","name":"Le pr\u00e9sident de la R\u00e9publique pr\u00e9sente ses condol\u00e9ances \u00e0 l\u2019Emir de l\u2019Etat du Qatar - La Sentinelle","description":"Le pr\u00e9sident de la R\u00e9publique, M. Abdelmadjid Tebboune a adress\u00e9, dimanche, un message de condol\u00e9ances \u00e0 son Altesse Cheikh Tamim Bin Hamad Al Thani, Emir de l'Etat fr\u00e8re du Qatar, suite au d\u00e9c\u00e8s de trois diplomates membres du Diwan \u00e9mirien dans un accident de la route survenu \u00e0 Charm el-Cheikh en Egypte, pays fr\u00e8re. \"Altesse","inLanguage":"fr-FR","isPartOf":{"@id":"https:\/\/lasentinelle.dz\/#website"},"breadcrumb":{"@id":"https:\/\/lasentinelle.dz\/index.php\/2025\/10\/13\/le-president-de-la-republique-presente-ses-condoleances-a-lemir-de-letat-du-qatar\/#breadcrumblist"},"author":{"@id":"https:\/\/lasentinelle.dz\/author\/admin\/#author"},"creator":{"@id":"https:\/\/lasentinelle.dz\/author\/admin\/#author"},"datePublished":"2025-10-13T14:01:44+01:00","dateModified":"2025-10-13T14:01:45+01:00"},{"@type":"WebSite","@id":"https:\/\/lasentinelle.dz\/#website","url":"https:\/\/lasentinelle.dz\/","name":"La Sentinelle","description":"Quotidien national d'information","inLanguage":"fr-FR","publisher":{"@id":"https:\/\/lasentinelle.dz\/#organization"}}]},"og:locale":"fr_FR","og:site_name":"La Sentinelle - Quotidien national d'information","og:type":"article","og:title":"Le pr\u00e9sident de la R\u00e9publique pr\u00e9sente ses condol\u00e9ances \u00e0 l\u2019Emir de l\u2019Etat du Qatar - La Sentinelle","og:description":"Le pr\u00e9sident de la R\u00e9publique, M. Abdelmadjid Tebboune a adress\u00e9, dimanche, un message de condol\u00e9ances \u00e0 son Altesse Cheikh Tamim Bin Hamad Al Thani, Emir de l'Etat fr\u00e8re du Qatar, suite au d\u00e9c\u00e8s de trois diplomates membres du Diwan \u00e9mirien dans un accident de la route survenu \u00e0 Charm el-Cheikh en Egypte, pays fr\u00e8re. &quot;Altesse","og:url":"https:\/\/lasentinelle.dz\/index.php\/2025\/10\/13\/le-president-de-la-republique-presente-ses-condoleances-a-lemir-de-letat-du-qatar\/","og:image":"https:\/\/lasentinelle.dz\/wp-content\/uploads\/2021\/09\/cropped-la-sentinelle-earth-golden-anima-5.gif","og:image:secure_url":"https:\/\/lasentinelle.dz\/wp-content\/uploads\/2021\/09\/cropped-la-sentinelle-earth-golden-anima-5.gif","og:image:width":450,"og:image:height":213,"article:published_time":"2025-10-13T13:01:44+00:00","article:modified_time":"2025-10-13T13:01:45+00:00","article:publisher":"https:\/\/www.facebook.com\/azzedine.lasentinelle.1","twitter:card":"summary_large_image","twitter:title":"Le pr\u00e9sident de la R\u00e9publique pr\u00e9sente ses condol\u00e9ances \u00e0 l\u2019Emir de l\u2019Etat du Qatar - La Sentinelle","twitter:description":"Le pr\u00e9sident de la R\u00e9publique, M. Abdelmadjid Tebboune a adress\u00e9, dimanche, un message de condol\u00e9ances \u00e0 son Altesse Cheikh Tamim Bin Hamad Al Thani, Emir de l'Etat fr\u00e8re du Qatar, suite au d\u00e9c\u00e8s de trois diplomates membres du Diwan \u00e9mirien dans un accident de la route survenu \u00e0 Charm el-Cheikh en Egypte, pays fr\u00e8re. &quot;Altesse","twitter:image":"https:\/\/lasentinelle.dz\/wp-content\/uploads\/2021\/09\/cropped-la-sentinelle-earth-golden-anima-5.gif"},"aioseo_meta_data":{"post_id":"74609","title":null,"description":null,"keywords":null,"keyphrases":null,"primary_term":null,"canonical_url":null,"og_title":null,"og_description":null,"og_object_type":"default","og_image_type":"default","og_image_url":null,"og_image_width":null,"og_image_height":null,"og_image_custom_url":null,"og_image_custom_fields":null,"og_video":null,"og_custom_url":null,"og_article_section":null,"og_article_tags":null,"twitter_use_og":false,"twitter_card":"default","twitter_image_type":"default","twitter_image_url":null,"twitter_image_custom_url":null,"twitter_image_custom_fields":null,"twitter_title":null,"twitter_description":null,"schema":{"blockGraphs":[],"customGraphs":[],"default":{"data":{"Article":[],"Course":[],"Dataset":[],"FAQPage":[],"Movie":[],"Person":[],"Product":[],"ProductReview":[],"Car":[],"Recipe":[],"Service":[],"SoftwareApplication":[],"WebPage":[]},"graphName":"","isEnabled":true},"graphs":[]},"schema_type":"default","schema_type_options":null,"pillar_content":false,"robots_default":true,"robots_noindex":false,"robots_noarchive":false,"robots_nosnippet":false,"robots_nofollow":false,"robots_noimageindex":false,"robots_noodp":false,"robots_notranslate":false,"robots_max_snippet":null,"robots_max_videopreview":null,"robots_max_imagepreview":"large","priority":null,"frequency":null,"local_seo":null,"breadcrumb_settings":null,"limit_modified_date":false,"ai":null,"created":"2026-05-13 02:06:27","updated":"2026-05-13 02:06:27","focus_keyword":null,"additional_keywords":null,"truseo_locale":null,"seo_analyzer_scan_date":null},"aioseo_breadcrumb":"<div class=\"aioseo-breadcrumbs\"><span class=\"aioseo-breadcrumb\">\n\t\t\t<a href=\"https:\/\/lasentinelle.dz\" title=\"Home\">Home<\/a>\n\t\t<\/span><span class=\"aioseo-breadcrumb-separator\">&raquo;<\/span><span class=\"aioseo-breadcrumb\">\n\t\t\t<a href=\"https:\/\/lasentinelle.dz\/index.php\/category\/actualite\/\" title=\"Actualit\u00e9\">Actualit\u00e9<\/a>\n\t\t<\/span><span class=\"aioseo-breadcrumb-separator\">&raquo;<\/span><span class=\"aioseo-breadcrumb\">\n\t\t\tLe pr\u00e9sident de la R\u00e9publique pr\u00e9sente ses condol\u00e9ances \u00e0 l\u2019Emir de l\u2019Etat du Qatar\n\t\t<\/span><\/div>","aioseo_breadcrumb_json":[{"label":"Home","link":"https:\/\/lasentinelle.dz"},{"label":"Actualit\u00e9","link":"https:\/\/lasentinelle.dz\/index.php\/category\/actualite\/"},{"label":"Le pr\u00e9sident de la R\u00e9publique pr\u00e9sente ses condol\u00e9ances \u00e0 l&rsquo;Emir de l&rsquo;Etat du Qatar","link":"https:\/\/lasentinelle.dz\/index.php\/2025\/10\/13\/le-president-de-la-republique-presente-ses-condoleances-a-lemir-de-letat-du-qatar\/"}],"yoast_head":"<!-- This site is optimized with the Yoast SEO plugin v28.3 - https:\/\/yoast.com\/product\/yoast-seo-wordpress\/ -->\n<title>Le pr\u00e9sident de la R\u00e9publique pr\u00e9sente ses condol\u00e9ances \u00e0 l&rsquo;Emir de l&rsquo;Etat du Qatar - La Sentinelle<\/title>\n<meta name=\"robots\" content=\"index, follow, max-snippet:-1, max-image-preview:large, max-video-preview:-1\" \/>\n<link rel=\"canonical\" href=\"https:\/\/lasentinelle.dz\/index.php\/2025\/10\/13\/le-president-de-la-republique-presente-ses-condoleances-a-lemir-de-letat-du-qatar\/\" \/>\n<meta property=\"og:locale\" content=\"fr_FR\" \/>\n<meta property=\"og:type\" content=\"article\" \/>\n<meta property=\"og:title\" content=\"Le pr\u00e9sident de la R\u00e9publique pr\u00e9sente ses condol\u00e9ances \u00e0 l&rsquo;Emir de l&rsquo;Etat du Qatar - La Sentinelle\" \/>\n<meta property=\"og:description\" content=\"Le pr\u00e9sident de la R\u00e9publique, M. Abdelmadjid Tebboune a adress\u00e9, dimanche, un message de condol\u00e9ances \u00e0 son Altesse Cheikh Tamim\" \/>\n<meta property=\"og:url\" content=\"https:\/\/lasentinelle.dz\/index.php\/2025\/10\/13\/le-president-de-la-republique-presente-ses-condoleances-a-lemir-de-letat-du-qatar\/\" \/>\n<meta property=\"og:site_name\" content=\"La Sentinelle\" \/>\n<meta property=\"article:publisher\" content=\"https:\/\/www.facebook.com\/La-Sentinelle-104059864394773\" \/>\n<meta property=\"article:published_time\" content=\"2025-10-13T13:01:44+00:00\" \/>\n<meta property=\"article:modified_time\" content=\"2025-10-13T13:01:45+00:00\" \/>\n<meta name=\"author\" content=\"admin\" \/>\n<meta name=\"twitter:card\" content=\"summary_large_image\" \/>\n<meta name=\"twitter:label1\" content=\"\u00c9crit par\" \/>\n\t<meta name=\"twitter:data1\" content=\"admin\" \/>\n\t<meta name=\"twitter:label2\" content=\"Dur\u00e9e de lecture estim\u00e9e\" \/>\n\t<meta name=\"twitter:data2\" content=\"2 minutes\" \/>\n<script type=\"application\/ld+json\" class=\"yoast-schema-graph\">{\"@context\":\"https:\\\/\\\/schema.org\",\"@graph\":[{\"@type\":\"Article\",\"@id\":\"https:\\\/\\\/lasentinelle.dz\\\/index.php\\\/2025\\\/10\\\/13\\\/le-president-de-la-republique-presente-ses-condoleances-a-lemir-de-letat-du-qatar\\\/#article\",\"isPartOf\":{\"@id\":\"https:\\\/\\\/lasentinelle.dz\\\/index.php\\\/2025\\\/10\\\/13\\\/le-president-de-la-republique-presente-ses-condoleances-a-lemir-de-letat-du-qatar\\\/\"},\"author\":{\"name\":\"admin\",\"@id\":\"https:\\\/\\\/lasentinelle.dz\\\/#\\\/schema\\\/person\\\/729ee0024f24e0b8c5ec17232f8e8b41\"},\"headline\":\"Le pr\u00e9sident de la R\u00e9publique pr\u00e9sente ses condol\u00e9ances \u00e0 l&rsquo;Emir de l&rsquo;Etat du Qatar\",\"datePublished\":\"2025-10-13T13:01:44+00:00\",\"dateModified\":\"2025-10-13T13:01:45+00:00\",\"mainEntityOfPage\":{\"@id\":\"https:\\\/\\\/lasentinelle.dz\\\/index.php\\\/2025\\\/10\\\/13\\\/le-president-de-la-republique-presente-ses-condoleances-a-lemir-de-letat-du-qatar\\\/\"},\"wordCount\":250,\"commentCount\":0,\"publisher\":{\"@id\":\"https:\\\/\\\/lasentinelle.dz\\\/#organization\"},\"articleSection\":[\"Actualit\u00e9\"],\"inLanguage\":\"fr-FR\",\"potentialAction\":[{\"@type\":\"CommentAction\",\"name\":\"Comment\",\"target\":[\"https:\\\/\\\/lasentinelle.dz\\\/index.php\\\/2025\\\/10\\\/13\\\/le-president-de-la-republique-presente-ses-condoleances-a-lemir-de-letat-du-qatar\\\/#respond\"]}]},{\"@type\":\"WebPage\",\"@id\":\"https:\\\/\\\/lasentinelle.dz\\\/index.php\\\/2025\\\/10\\\/13\\\/le-president-de-la-republique-presente-ses-condoleances-a-lemir-de-letat-du-qatar\\\/\",\"url\":\"https:\\\/\\\/lasentinelle.dz\\\/index.php\\\/2025\\\/10\\\/13\\\/le-president-de-la-republique-presente-ses-condoleances-a-lemir-de-letat-du-qatar\\\/\",\"name\":\"Le pr\u00e9sident de la R\u00e9publique pr\u00e9sente ses condol\u00e9ances \u00e0 l&rsquo;Emir de l&rsquo;Etat du Qatar - La Sentinelle\",\"isPartOf\":{\"@id\":\"https:\\\/\\\/lasentinelle.dz\\\/#website\"},\"datePublished\":\"2025-10-13T13:01:44+00:00\",\"dateModified\":\"2025-10-13T13:01:45+00:00\",\"breadcrumb\":{\"@id\":\"https:\\\/\\\/lasentinelle.dz\\\/index.php\\\/2025\\\/10\\\/13\\\/le-president-de-la-republique-presente-ses-condoleances-a-lemir-de-letat-du-qatar\\\/#breadcrumb\"},\"inLanguage\":\"fr-FR\",\"potentialAction\":[{\"@type\":\"ReadAction\",\"target\":[\"https:\\\/\\\/lasentinelle.dz\\\/index.php\\\/2025\\\/10\\\/13\\\/le-president-de-la-republique-presente-ses-condoleances-a-lemir-de-letat-du-qatar\\\/\"]}]},{\"@type\":\"BreadcrumbList\",\"@id\":\"https:\\\/\\\/lasentinelle.dz\\\/index.php\\\/2025\\\/10\\\/13\\\/le-president-de-la-republique-presente-ses-condoleances-a-lemir-de-letat-du-qatar\\\/#breadcrumb\",\"itemListElement\":[{\"@type\":\"ListItem\",\"position\":1,\"name\":\"Accueil\",\"item\":\"https:\\\/\\\/lasentinelle.dz\\\/\"},{\"@type\":\"ListItem\",\"position\":2,\"name\":\"Le pr\u00e9sident de la R\u00e9publique pr\u00e9sente ses condol\u00e9ances \u00e0 l&rsquo;Emir de l&rsquo;Etat du Qatar\"}]},{\"@type\":\"WebSite\",\"@id\":\"https:\\\/\\\/lasentinelle.dz\\\/#website\",\"url\":\"https:\\\/\\\/lasentinelle.dz\\\/\",\"name\":\"La Sentinelle\",\"description\":\"Quotidien national d&#039;information\",\"publisher\":{\"@id\":\"https:\\\/\\\/lasentinelle.dz\\\/#organization\"},\"potentialAction\":[{\"@type\":\"SearchAction\",\"target\":{\"@type\":\"EntryPoint\",\"urlTemplate\":\"https:\\\/\\\/lasentinelle.dz\\\/?s={search_term_string}\"},\"query-input\":{\"@type\":\"PropertyValueSpecification\",\"valueRequired\":true,\"valueName\":\"search_term_string\"}}],\"inLanguage\":\"fr-FR\"},{\"@type\":\"Organization\",\"@id\":\"https:\\\/\\\/lasentinelle.dz\\\/#organization\",\"name\":\"Quotidien La Sentinelle\",\"url\":\"https:\\\/\\\/lasentinelle.dz\\\/\",\"logo\":{\"@type\":\"ImageObject\",\"inLanguage\":\"fr-FR\",\"@id\":\"https:\\\/\\\/lasentinelle.dz\\\/#\\\/schema\\\/logo\\\/image\\\/\",\"url\":\"https:\\\/\\\/lasentinelle.dz\\\/wp-content\\\/uploads\\\/2021\\\/09\\\/logo-sentinelleSLOGAN-1.png\",\"contentUrl\":\"https:\\\/\\\/lasentinelle.dz\\\/wp-content\\\/uploads\\\/2021\\\/09\\\/logo-sentinelleSLOGAN-1.png\",\"width\":615,\"height\":142,\"caption\":\"Quotidien La Sentinelle\"},\"image\":{\"@id\":\"https:\\\/\\\/lasentinelle.dz\\\/#\\\/schema\\\/logo\\\/image\\\/\"},\"sameAs\":[\"https:\\\/\\\/www.facebook.com\\\/La-Sentinelle-104059864394773\"]},{\"@type\":\"Person\",\"@id\":\"https:\\\/\\\/lasentinelle.dz\\\/#\\\/schema\\\/person\\\/729ee0024f24e0b8c5ec17232f8e8b41\",\"name\":\"admin\",\"image\":{\"@type\":\"ImageObject\",\"inLanguage\":\"fr-FR\",\"@id\":\"https:\\\/\\\/secure.gravatar.com\\\/avatar\\\/4c81fed838786e9b53f540bf46533e750f5d292099ae3b66cfc6fb1982e29df7?s=96&d=mm&r=g\",\"url\":\"https:\\\/\\\/secure.gravatar.com\\\/avatar\\\/4c81fed838786e9b53f540bf46533e750f5d292099ae3b66cfc6fb1982e29df7?s=96&d=mm&r=g\",\"contentUrl\":\"https:\\\/\\\/secure.gravatar.com\\\/avatar\\\/4c81fed838786e9b53f540bf46533e750f5d292099ae3b66cfc6fb1982e29df7?s=96&d=mm&r=g\",\"caption\":\"admin\"},\"description\":\"admin\",\"url\":\"https:\\\/\\\/lasentinelle.dz\\\/author\\\/admin\\\/\"}]}<\/script>\n<!-- \/ Yoast SEO plugin. -->","yoast_head_json":{"title":"Le pr\u00e9sident de la R\u00e9publique pr\u00e9sente ses condol\u00e9ances \u00e0 l&rsquo;Emir de l&rsquo;Etat du Qatar - La Sentinelle","robots":{"index":"index","follow":"follow","max-snippet":"max-snippet:-1","max-image-preview":"max-image-preview:large","max-video-preview":"max-video-preview:-1"},"canonical":"https:\/\/lasentinelle.dz\/index.php\/2025\/10\/13\/le-president-de-la-republique-presente-ses-condoleances-a-lemir-de-letat-du-qatar\/","og_locale":"fr_FR","og_type":"article","og_title":"Le pr\u00e9sident de la R\u00e9publique pr\u00e9sente ses condol\u00e9ances \u00e0 l&rsquo;Emir de l&rsquo;Etat du Qatar - La Sentinelle","og_description":"Le pr\u00e9sident de la R\u00e9publique, M. Abdelmadjid Tebboune a adress\u00e9, dimanche, un message de condol\u00e9ances \u00e0 son Altesse Cheikh Tamim","og_url":"https:\/\/lasentinelle.dz\/index.php\/2025\/10\/13\/le-president-de-la-republique-presente-ses-condoleances-a-lemir-de-letat-du-qatar\/","og_site_name":"La Sentinelle","article_publisher":"https:\/\/www.facebook.com\/La-Sentinelle-104059864394773","article_published_time":"2025-10-13T13:01:44+00:00","article_modified_time":"2025-10-13T13:01:45+00:00","author":"admin","twitter_card":"summary_large_image","twitter_misc":{"\u00c9crit par":"admin","Dur\u00e9e de lecture estim\u00e9e":"2 minutes"},"schema":{"@context":"https:\/\/schema.org","@graph":[{"@type":"Article","@id":"https:\/\/lasentinelle.dz\/index.php\/2025\/10\/13\/le-president-de-la-republique-presente-ses-condoleances-a-lemir-de-letat-du-qatar\/#article","isPartOf":{"@id":"https:\/\/lasentinelle.dz\/index.php\/2025\/10\/13\/le-president-de-la-republique-presente-ses-condoleances-a-lemir-de-letat-du-qatar\/"},"author":{"name":"admin","@id":"https:\/\/lasentinelle.dz\/#\/schema\/person\/729ee0024f24e0b8c5ec17232f8e8b41"},"headline":"Le pr\u00e9sident de la R\u00e9publique pr\u00e9sente ses condol\u00e9ances \u00e0 l&rsquo;Emir de l&rsquo;Etat du Qatar","datePublished":"2025-10-13T13:01:44+00:00","dateModified":"2025-10-13T13:01:45+00:00","mainEntityOfPage":{"@id":"https:\/\/lasentinelle.dz\/index.php\/2025\/10\/13\/le-president-de-la-republique-presente-ses-condoleances-a-lemir-de-letat-du-qatar\/"},"wordCount":250,"commentCount":0,"publisher":{"@id":"https:\/\/lasentinelle.dz\/#organization"},"articleSection":["Actualit\u00e9"],"inLanguage":"fr-FR","potentialAction":[{"@type":"CommentAction","name":"Comment","target":["https:\/\/lasentinelle.dz\/index.php\/2025\/10\/13\/le-president-de-la-republique-presente-ses-condoleances-a-lemir-de-letat-du-qatar\/#respond"]}]},{"@type":"WebPage","@id":"https:\/\/lasentinelle.dz\/index.php\/2025\/10\/13\/le-president-de-la-republique-presente-ses-condoleances-a-lemir-de-letat-du-qatar\/","url":"https:\/\/lasentinelle.dz\/index.php\/2025\/10\/13\/le-president-de-la-republique-presente-ses-condoleances-a-lemir-de-letat-du-qatar\/","name":"Le pr\u00e9sident de la R\u00e9publique pr\u00e9sente ses condol\u00e9ances \u00e0 l&rsquo;Emir de l&rsquo;Etat du Qatar - La Sentinelle","isPartOf":{"@id":"https:\/\/lasentinelle.dz\/#website"},"datePublished":"2025-10-13T13:01:44+00:00","dateModified":"2025-10-13T13:01:45+00:00","breadcrumb":{"@id":"https:\/\/lasentinelle.dz\/index.php\/2025\/10\/13\/le-president-de-la-republique-presente-ses-condoleances-a-lemir-de-letat-du-qatar\/#breadcrumb"},"inLanguage":"fr-FR","potentialAction":[{"@type":"ReadAction","target":["https:\/\/lasentinelle.dz\/index.php\/2025\/10\/13\/le-president-de-la-republique-presente-ses-condoleances-a-lemir-de-letat-du-qatar\/"]}]},{"@type":"BreadcrumbList","@id":"https:\/\/lasentinelle.dz\/index.php\/2025\/10\/13\/le-president-de-la-republique-presente-ses-condoleances-a-lemir-de-letat-du-qatar\/#breadcrumb","itemListElement":[{"@type":"ListItem","position":1,"name":"Accueil","item":"https:\/\/lasentinelle.dz\/"},{"@type":"ListItem","position":2,"name":"Le pr\u00e9sident de la R\u00e9publique pr\u00e9sente ses condol\u00e9ances \u00e0 l&rsquo;Emir de l&rsquo;Etat du Qatar"}]},{"@type":"WebSite","@id":"https:\/\/lasentinelle.dz\/#website","url":"https:\/\/lasentinelle.dz\/","name":"La Sentinelle","description":"Quotidien national d&#039;information","publisher":{"@id":"https:\/\/lasentinelle.dz\/#organization"},"potentialAction":[{"@type":"SearchAction","target":{"@type":"EntryPoint","urlTemplate":"https:\/\/lasentinelle.dz\/?s={search_term_string}"},"query-input":{"@type":"PropertyValueSpecification","valueRequired":true,"valueName":"search_term_string"}}],"inLanguage":"fr-FR"},{"@type":"Organization","@id":"https:\/\/lasentinelle.dz\/#organization","name":"Quotidien La Sentinelle","url":"https:\/\/lasentinelle.dz\/","logo":{"@type":"ImageObject","inLanguage":"fr-FR","@id":"https:\/\/lasentinelle.dz\/#\/schema\/logo\/image\/","url":"https:\/\/lasentinelle.dz\/wp-content\/uploads\/2021\/09\/logo-sentinelleSLOGAN-1.png","contentUrl":"https:\/\/lasentinelle.dz\/wp-content\/uploads\/2021\/09\/logo-sentinelleSLOGAN-1.png","width":615,"height":142,"caption":"Quotidien La Sentinelle"},"image":{"@id":"https:\/\/lasentinelle.dz\/#\/schema\/logo\/image\/"},"sameAs":["https:\/\/www.facebook.com\/La-Sentinelle-104059864394773"]},{"@type":"Person","@id":"https:\/\/lasentinelle.dz\/#\/schema\/person\/729ee0024f24e0b8c5ec17232f8e8b41","name":"admin","image":{"@type":"ImageObject","inLanguage":"fr-FR","@id":"https:\/\/secure.gravatar.com\/avatar\/4c81fed838786e9b53f540bf46533e750f5d292099ae3b66cfc6fb1982e29df7?s=96&d=mm&r=g","url":"https:\/\/secure.gravatar.com\/avatar\/4c81fed838786e9b53f540bf46533e750f5d292099ae3b66cfc6fb1982e29df7?s=96&d=mm&r=g","contentUrl":"https:\/\/secure.gravatar.com\/avatar\/4c81fed838786e9b53f540bf46533e750f5d292099ae3b66cfc6fb1982e29df7?s=96&d=mm&r=g","caption":"admin"},"description":"admin","url":"https:\/\/lasentinelle.dz\/author\/admin\/"}]}},"_links":{"self":[{"href":"https:\/\/lasentinelle.dz\/index.php\/wp-json\/wp\/v2\/posts\/74609","targetHints":{"allow":["GET"]}}],"collection":[{"href":"https:\/\/lasentinelle.dz\/index.php\/wp-json\/wp\/v2\/posts"}],"about":[{"href":"https:\/\/lasentinelle.dz\/index.php\/wp-json\/wp\/v2\/types\/post"}],"author":[{"embeddable":true,"href":"https:\/\/lasentinelle.dz\/index.php\/wp-json\/wp\/v2\/users\/6"}],"replies":[{"embeddable":true,"href":"https:\/\/lasentinelle.dz\/index.php\/wp-json\/wp\/v2\/comments?post=74609"}],"version-history":[{"count":2,"href":"https:\/\/lasentinelle.dz\/index.php\/wp-json\/wp\/v2\/posts\/74609\/revisions"}],"predecessor-version":[{"id":74611,"href":"https:\/\/lasentinelle.dz\/index.php\/wp-json\/wp\/v2\/posts\/74609\/revisions\/74611"}],"wp:attachment":[{"href":"https:\/\/lasentinelle.dz\/index.php\/wp-json\/wp\/v2\/media?parent=74609"}],"wp:term":[{"taxonomy":"category","embeddable":true,"href":"https:\/\/lasentinelle.dz\/index.php\/wp-json\/wp\/v2\/categories?post=74609"},{"taxonomy":"post_tag","embeddable":true,"href":"https:\/\/lasentinelle.dz\/index.php\/wp-json\/wp\/v2\/tags?post=74609"}],"curies":[{"name":"wp","href":"https:\/\/api.w.org\/{rel}","templated":true}]}}