{"id":7480,"date":"2021-09-13T00:01:00","date_gmt":"2021-09-12T23:01:00","guid":{"rendered":"https:\/\/lasentinelle.dz\/?p=7480"},"modified":"2021-09-12T15:42:59","modified_gmt":"2021-09-12T14:42:59","slug":"meilleur-joueur-de-logc-nice-en-aout-boudaoui-affole-les-compteurs","status":"publish","type":"post","link":"https:\/\/lasentinelle.dz\/index.php\/2021\/09\/13\/meilleur-joueur-de-logc-nice-en-aout-boudaoui-affole-les-compteurs\/","title":{"rendered":"Meilleur joueur de l\u2019OGC Nice en ao\u00fbt : Boudaoui affole les compteurs"},"content":{"rendered":"\n<p>Le \u00ab&nbsp;prince de B\u00e9char&nbsp;\u00bb a grandement pes\u00e9 sur le bon d\u00e9but de saison des Aiglons en Ligue 1 et les supporters ont fini par le r\u00e9compenser.<\/p>\n\n\n\n<p>Le milieu international alg\u00e9rien Hicham Boudaoui, auteur d&rsquo;une excellente entame de saison, a \u00e9t\u00e9 \u00e9lu meilleur joueur de l&rsquo;OGC Nice \u00ab&nbsp;Aiglon du mois&nbsp;\u00bb d&rsquo;ao\u00fbt, selon les r\u00e9sultats du sondage mensuel organis\u00e9 par le club azur\u00e9en de Ligue1 de football. Titulaire lors des deux derni\u00e8res rencontres du mois d\u2019ao\u00fbt, l\u2019Alg\u00e9rien a pes\u00e9 de tout son talent dans le bon d\u00e9but de saison du Gym. Buteur et passeur, le N\u00b028 a r\u00e9colt\u00e9 40% des suffrages devant Amine Gouiri (24%) et Kasper Dolberg (12%). Pour Hicham Boudaoui, la saison a d\u00e9but\u00e9 en fin de match contre Reims. Entr\u00e9 \u00e0 l\u2019entame des 10 derni\u00e8res minutes, le num\u00e9ro 28 s\u2019est rapidement mis en \u00e9vidence. Quelques r\u00e9cup\u00e9rations bien senties, des projections rapides et, d\u00e9j\u00e0, un danger constant dans une rencontre qu\u2019il n\u2019est toutefois pas parvenu \u00e0 d\u00e9bloquer. Mais le joueur alg\u00e9rien n\u2019a pas tra\u00een\u00e9 pour ouvrir son compteur statistique d\u00e8s la deuxi\u00e8me journ\u00e9e \u00e0 Lille puis contre Bordeaux lors de la sortie suivante. Titulaire sur l&rsquo;aile droite du 4-4-2 ni\u00e7ois, le \u00ab&nbsp;Prince de B\u00e9char&nbsp;\u00bb a r\u00e9ussi le break dans le Nord, d&rsquo;une frappe pure depuis l\u2019ext\u00e9rieur de la surface avant de mettre le Gym sur la voie du succ\u00e8s face aux Girondins le week-end suivant en offrant \u00e0 Justin Kluivert son premier but en Rouge et Noir. En 152 minutes de jeu, Boudaoui a grandement pes\u00e9 sur le bon d\u00e9but de saison des Aiglons en Ligue 1 et les supporters l\u2019ont r\u00e9compens\u00e9 en faisant de lui leur premier Aiglon de la saison. Pour rappel, l&rsquo;ancien joueur de Paradou qui avait \u00e9t\u00e9 s\u00e9lectionn\u00e9 par Djamel Belmadi pour les deux matchs des Verts en qualifications du Mondial 2022 contre respectivement Djibouti (8-0) et Burkina Faso (1-1), est rest\u00e9 sur le banc. Derri\u00e8re le milieu de terrain, un autre grand artisan des succ\u00e8s ni\u00e7ois prend la deuxi\u00e8me place. Auteur de trois buts et une passe d\u00e9cisive \u00e0 l\u2019occasion des trois premi\u00e8res sorties du Gym, Amine Gouiri a r\u00e9colt\u00e9 24% des suffrages. Derri\u00e8re, Kasper Dolberg monte sur la troisi\u00e8me marche (11%).&nbsp;<\/p>\n\n\n\n<p><strong>R. S.<\/strong><\/p>\n","protected":false},"excerpt":{"rendered":"<p>Le \u00ab&nbsp;prince de B\u00e9char&nbsp;\u00bb a grandement pes\u00e9 sur le bon d\u00e9but de saison des Aiglons en Ligue 1 et les<\/p>\n","protected":false},"author":3,"featured_media":7493,"comment_status":"open","ping_status":"closed","sticky":false,"template":"","format":"standard","meta":{"colormag_page_container_layout":"default_layout","colormag_page_sidebar_layout":"default_layout","om_disable_all_campaigns":false,"_monsterinsights_skip_tracking":false,"_monsterinsights_sitenote_active":false,"_monsterinsights_sitenote_note":"","_monsterinsights_sitenote_category":0,"footnotes":"","_wpscppro_dont_share_socialmedia":false,"_wpscppro_custom_social_share_image":0,"_facebook_share_type":"","_twitter_share_type":"","_linkedin_share_type":"","_pinterest_share_type":"","_linkedin_share_type_page":"","_instagram_share_type":"","_medium_share_type":"","_threads_share_type":"","_google_business_share_type":"","_selected_social_profile":[],"_wpsp_enable_custom_social_template":false,"_wpsp_social_scheduling":{"enabled":false,"datetime":null,"platforms":[],"status":"template_only","dateOption":"today","timeOption":"now","customDays":"","customHours":"","customDate":"","customTime":"","schedulingType":"absolute"},"_wpsp_active_default_template":true},"categories":[33],"tags":[],"class_list":["post-7480","post","type-post","status-publish","format-standard","has-post-thumbnail","hentry","category-sports"],"aioseo_notices":[],"yoast_head":"<!-- This site is optimized with the Yoast SEO plugin v27.5 - https:\/\/yoast.com\/product\/yoast-seo-wordpress\/ -->\n<title>Meilleur joueur de l\u2019OGC Nice en ao\u00fbt : Boudaoui affole les compteurs - La Sentinelle<\/title>\n<meta name=\"robots\" content=\"index, follow, max-snippet:-1, max-image-preview:large, max-video-preview:-1\" \/>\n<link rel=\"canonical\" href=\"https:\/\/lasentinelle.dz\/index.php\/2021\/09\/13\/meilleur-joueur-de-logc-nice-en-aout-boudaoui-affole-les-compteurs\/\" \/>\n<meta property=\"og:locale\" content=\"fr_FR\" \/>\n<meta property=\"og:type\" content=\"article\" \/>\n<meta property=\"og:title\" content=\"Meilleur joueur de l\u2019OGC Nice en ao\u00fbt : Boudaoui affole les compteurs - La Sentinelle\" \/>\n<meta property=\"og:description\" content=\"Le \u00ab&nbsp;prince de B\u00e9char&nbsp;\u00bb a grandement pes\u00e9 sur le bon d\u00e9but de saison des Aiglons en Ligue 1 et les\" \/>\n<meta property=\"og:url\" content=\"https:\/\/lasentinelle.dz\/index.php\/2021\/09\/13\/meilleur-joueur-de-logc-nice-en-aout-boudaoui-affole-les-compteurs\/\" \/>\n<meta property=\"og:site_name\" content=\"La Sentinelle\" \/>\n<meta property=\"article:publisher\" content=\"https:\/\/www.facebook.com\/La-Sentinelle-104059864394773\" \/>\n<meta property=\"article:published_time\" content=\"2021-09-12T23:01:00+00:00\" \/>\n<meta property=\"og:image\" content=\"https:\/\/lasentinelle.dz\/wp-content\/uploads\/2021\/09\/Boudaoui555-scaled.jpg\" \/>\n\t<meta property=\"og:image:width\" content=\"2560\" \/>\n\t<meta property=\"og:image:height\" content=\"1706\" \/>\n\t<meta property=\"og:image:type\" content=\"image\/jpeg\" \/>\n<meta name=\"author\" content=\"La Sentinelle\" \/>\n<meta name=\"twitter:card\" content=\"summary_large_image\" \/>\n<meta name=\"twitter:label1\" content=\"\u00c9crit par\" \/>\n\t<meta name=\"twitter:data1\" content=\"La Sentinelle\" \/>\n\t<meta name=\"twitter:label2\" content=\"Dur\u00e9e de lecture estim\u00e9e\" \/>\n\t<meta name=\"twitter:data2\" content=\"2 minutes\" \/>\n<script type=\"application\/ld+json\" class=\"yoast-schema-graph\">{\"@context\":\"https:\\\/\\\/schema.org\",\"@graph\":[{\"@type\":\"Article\",\"@id\":\"https:\\\/\\\/lasentinelle.dz\\\/index.php\\\/2021\\\/09\\\/13\\\/meilleur-joueur-de-logc-nice-en-aout-boudaoui-affole-les-compteurs\\\/#article\",\"isPartOf\":{\"@id\":\"https:\\\/\\\/lasentinelle.dz\\\/index.php\\\/2021\\\/09\\\/13\\\/meilleur-joueur-de-logc-nice-en-aout-boudaoui-affole-les-compteurs\\\/\"},\"author\":{\"name\":\"La Sentinelle\",\"@id\":\"https:\\\/\\\/lasentinelle.dz\\\/#\\\/schema\\\/person\\\/d865044e22e70a75174ce8bcad3acfb3\"},\"headline\":\"Meilleur joueur de l\u2019OGC Nice en ao\u00fbt : Boudaoui affole les compteurs\",\"datePublished\":\"2021-09-12T23:01:00+00:00\",\"mainEntityOfPage\":{\"@id\":\"https:\\\/\\\/lasentinelle.dz\\\/index.php\\\/2021\\\/09\\\/13\\\/meilleur-joueur-de-logc-nice-en-aout-boudaoui-affole-les-compteurs\\\/\"},\"wordCount\":421,\"commentCount\":0,\"publisher\":{\"@id\":\"https:\\\/\\\/lasentinelle.dz\\\/#organization\"},\"image\":{\"@id\":\"https:\\\/\\\/lasentinelle.dz\\\/index.php\\\/2021\\\/09\\\/13\\\/meilleur-joueur-de-logc-nice-en-aout-boudaoui-affole-les-compteurs\\\/#primaryimage\"},\"thumbnailUrl\":\"https:\\\/\\\/lasentinelle.dz\\\/wp-content\\\/uploads\\\/2021\\\/09\\\/Boudaoui555-scaled.jpg\",\"articleSection\":[\"Sports\"],\"inLanguage\":\"fr-FR\",\"potentialAction\":[{\"@type\":\"CommentAction\",\"name\":\"Comment\",\"target\":[\"https:\\\/\\\/lasentinelle.dz\\\/index.php\\\/2021\\\/09\\\/13\\\/meilleur-joueur-de-logc-nice-en-aout-boudaoui-affole-les-compteurs\\\/#respond\"]}]},{\"@type\":\"WebPage\",\"@id\":\"https:\\\/\\\/lasentinelle.dz\\\/index.php\\\/2021\\\/09\\\/13\\\/meilleur-joueur-de-logc-nice-en-aout-boudaoui-affole-les-compteurs\\\/\",\"url\":\"https:\\\/\\\/lasentinelle.dz\\\/index.php\\\/2021\\\/09\\\/13\\\/meilleur-joueur-de-logc-nice-en-aout-boudaoui-affole-les-compteurs\\\/\",\"name\":\"Meilleur joueur de l\u2019OGC Nice en ao\u00fbt : Boudaoui affole les compteurs - La Sentinelle\",\"isPartOf\":{\"@id\":\"https:\\\/\\\/lasentinelle.dz\\\/#website\"},\"primaryImageOfPage\":{\"@id\":\"https:\\\/\\\/lasentinelle.dz\\\/index.php\\\/2021\\\/09\\\/13\\\/meilleur-joueur-de-logc-nice-en-aout-boudaoui-affole-les-compteurs\\\/#primaryimage\"},\"image\":{\"@id\":\"https:\\\/\\\/lasentinelle.dz\\\/index.php\\\/2021\\\/09\\\/13\\\/meilleur-joueur-de-logc-nice-en-aout-boudaoui-affole-les-compteurs\\\/#primaryimage\"},\"thumbnailUrl\":\"https:\\\/\\\/lasentinelle.dz\\\/wp-content\\\/uploads\\\/2021\\\/09\\\/Boudaoui555-scaled.jpg\",\"datePublished\":\"2021-09-12T23:01:00+00:00\",\"breadcrumb\":{\"@id\":\"https:\\\/\\\/lasentinelle.dz\\\/index.php\\\/2021\\\/09\\\/13\\\/meilleur-joueur-de-logc-nice-en-aout-boudaoui-affole-les-compteurs\\\/#breadcrumb\"},\"inLanguage\":\"fr-FR\",\"potentialAction\":[{\"@type\":\"ReadAction\",\"target\":[\"https:\\\/\\\/lasentinelle.dz\\\/index.php\\\/2021\\\/09\\\/13\\\/meilleur-joueur-de-logc-nice-en-aout-boudaoui-affole-les-compteurs\\\/\"]}]},{\"@type\":\"ImageObject\",\"inLanguage\":\"fr-FR\",\"@id\":\"https:\\\/\\\/lasentinelle.dz\\\/index.php\\\/2021\\\/09\\\/13\\\/meilleur-joueur-de-logc-nice-en-aout-boudaoui-affole-les-compteurs\\\/#primaryimage\",\"url\":\"https:\\\/\\\/lasentinelle.dz\\\/wp-content\\\/uploads\\\/2021\\\/09\\\/Boudaoui555-scaled.jpg\",\"contentUrl\":\"https:\\\/\\\/lasentinelle.dz\\\/wp-content\\\/uploads\\\/2021\\\/09\\\/Boudaoui555-scaled.jpg\",\"width\":2560,\"height\":1706},{\"@type\":\"BreadcrumbList\",\"@id\":\"https:\\\/\\\/lasentinelle.dz\\\/index.php\\\/2021\\\/09\\\/13\\\/meilleur-joueur-de-logc-nice-en-aout-boudaoui-affole-les-compteurs\\\/#breadcrumb\",\"itemListElement\":[{\"@type\":\"ListItem\",\"position\":1,\"name\":\"Accueil\",\"item\":\"https:\\\/\\\/lasentinelle.dz\\\/\"},{\"@type\":\"ListItem\",\"position\":2,\"name\":\"Meilleur joueur de l\u2019OGC Nice en ao\u00fbt : Boudaoui affole les compteurs\"}]},{\"@type\":\"WebSite\",\"@id\":\"https:\\\/\\\/lasentinelle.dz\\\/#website\",\"url\":\"https:\\\/\\\/lasentinelle.dz\\\/\",\"name\":\"La Sentinelle\",\"description\":\"Quotidien national d&#039;information\",\"publisher\":{\"@id\":\"https:\\\/\\\/lasentinelle.dz\\\/#organization\"},\"potentialAction\":[{\"@type\":\"SearchAction\",\"target\":{\"@type\":\"EntryPoint\",\"urlTemplate\":\"https:\\\/\\\/lasentinelle.dz\\\/?s={search_term_string}\"},\"query-input\":{\"@type\":\"PropertyValueSpecification\",\"valueRequired\":true,\"valueName\":\"search_term_string\"}}],\"inLanguage\":\"fr-FR\"},{\"@type\":\"Organization\",\"@id\":\"https:\\\/\\\/lasentinelle.dz\\\/#organization\",\"name\":\"Quotidien La Sentinelle\",\"url\":\"https:\\\/\\\/lasentinelle.dz\\\/\",\"logo\":{\"@type\":\"ImageObject\",\"inLanguage\":\"fr-FR\",\"@id\":\"https:\\\/\\\/lasentinelle.dz\\\/#\\\/schema\\\/logo\\\/image\\\/\",\"url\":\"https:\\\/\\\/lasentinelle.dz\\\/wp-content\\\/uploads\\\/2021\\\/09\\\/logo-sentinelleSLOGAN-1.png\",\"contentUrl\":\"https:\\\/\\\/lasentinelle.dz\\\/wp-content\\\/uploads\\\/2021\\\/09\\\/logo-sentinelleSLOGAN-1.png\",\"width\":615,\"height\":142,\"caption\":\"Quotidien La Sentinelle\"},\"image\":{\"@id\":\"https:\\\/\\\/lasentinelle.dz\\\/#\\\/schema\\\/logo\\\/image\\\/\"},\"sameAs\":[\"https:\\\/\\\/www.facebook.com\\\/La-Sentinelle-104059864394773\"]},{\"@type\":\"Person\",\"@id\":\"https:\\\/\\\/lasentinelle.dz\\\/#\\\/schema\\\/person\\\/d865044e22e70a75174ce8bcad3acfb3\",\"name\":\"La Sentinelle\",\"image\":{\"@type\":\"ImageObject\",\"inLanguage\":\"fr-FR\",\"@id\":\"https:\\\/\\\/secure.gravatar.com\\\/avatar\\\/57de8e5d4b15d43fb361a71fbb36338450fe67865b528a43dd10ef7c51a20392?s=96&d=mm&r=g\",\"url\":\"https:\\\/\\\/secure.gravatar.com\\\/avatar\\\/57de8e5d4b15d43fb361a71fbb36338450fe67865b528a43dd10ef7c51a20392?s=96&d=mm&r=g\",\"contentUrl\":\"https:\\\/\\\/secure.gravatar.com\\\/avatar\\\/57de8e5d4b15d43fb361a71fbb36338450fe67865b528a43dd10ef7c51a20392?s=96&d=mm&r=g\",\"caption\":\"La Sentinelle\"},\"sameAs\":[\"http:\\\/\\\/www.lasentinelle.dz\"],\"url\":\"https:\\\/\\\/lasentinelle.dz\\\/author\\\/redaction\\\/\"}]}<\/script>\n<!-- \/ Yoast SEO plugin. -->","yoast_head_json":{"title":"Meilleur joueur de l\u2019OGC Nice en ao\u00fbt : Boudaoui affole les compteurs - La Sentinelle","robots":{"index":"index","follow":"follow","max-snippet":"max-snippet:-1","max-image-preview":"max-image-preview:large","max-video-preview":"max-video-preview:-1"},"canonical":"https:\/\/lasentinelle.dz\/index.php\/2021\/09\/13\/meilleur-joueur-de-logc-nice-en-aout-boudaoui-affole-les-compteurs\/","og_locale":"fr_FR","og_type":"article","og_title":"Meilleur joueur de l\u2019OGC Nice en ao\u00fbt : Boudaoui affole les compteurs - La Sentinelle","og_description":"Le \u00ab&nbsp;prince de B\u00e9char&nbsp;\u00bb a grandement pes\u00e9 sur le bon d\u00e9but de saison des Aiglons en Ligue 1 et les","og_url":"https:\/\/lasentinelle.dz\/index.php\/2021\/09\/13\/meilleur-joueur-de-logc-nice-en-aout-boudaoui-affole-les-compteurs\/","og_site_name":"La Sentinelle","article_publisher":"https:\/\/www.facebook.com\/La-Sentinelle-104059864394773","article_published_time":"2021-09-12T23:01:00+00:00","og_image":[{"width":2560,"height":1706,"url":"https:\/\/lasentinelle.dz\/wp-content\/uploads\/2021\/09\/Boudaoui555-scaled.jpg","type":"image\/jpeg"}],"author":"La Sentinelle","twitter_card":"summary_large_image","twitter_misc":{"\u00c9crit par":"La Sentinelle","Dur\u00e9e de lecture estim\u00e9e":"2 minutes"},"schema":{"@context":"https:\/\/schema.org","@graph":[{"@type":"Article","@id":"https:\/\/lasentinelle.dz\/index.php\/2021\/09\/13\/meilleur-joueur-de-logc-nice-en-aout-boudaoui-affole-les-compteurs\/#article","isPartOf":{"@id":"https:\/\/lasentinelle.dz\/index.php\/2021\/09\/13\/meilleur-joueur-de-logc-nice-en-aout-boudaoui-affole-les-compteurs\/"},"author":{"name":"La Sentinelle","@id":"https:\/\/lasentinelle.dz\/#\/schema\/person\/d865044e22e70a75174ce8bcad3acfb3"},"headline":"Meilleur joueur de l\u2019OGC Nice en ao\u00fbt : Boudaoui affole les compteurs","datePublished":"2021-09-12T23:01:00+00:00","mainEntityOfPage":{"@id":"https:\/\/lasentinelle.dz\/index.php\/2021\/09\/13\/meilleur-joueur-de-logc-nice-en-aout-boudaoui-affole-les-compteurs\/"},"wordCount":421,"commentCount":0,"publisher":{"@id":"https:\/\/lasentinelle.dz\/#organization"},"image":{"@id":"https:\/\/lasentinelle.dz\/index.php\/2021\/09\/13\/meilleur-joueur-de-logc-nice-en-aout-boudaoui-affole-les-compteurs\/#primaryimage"},"thumbnailUrl":"https:\/\/lasentinelle.dz\/wp-content\/uploads\/2021\/09\/Boudaoui555-scaled.jpg","articleSection":["Sports"],"inLanguage":"fr-FR","potentialAction":[{"@type":"CommentAction","name":"Comment","target":["https:\/\/lasentinelle.dz\/index.php\/2021\/09\/13\/meilleur-joueur-de-logc-nice-en-aout-boudaoui-affole-les-compteurs\/#respond"]}]},{"@type":"WebPage","@id":"https:\/\/lasentinelle.dz\/index.php\/2021\/09\/13\/meilleur-joueur-de-logc-nice-en-aout-boudaoui-affole-les-compteurs\/","url":"https:\/\/lasentinelle.dz\/index.php\/2021\/09\/13\/meilleur-joueur-de-logc-nice-en-aout-boudaoui-affole-les-compteurs\/","name":"Meilleur joueur de l\u2019OGC Nice en ao\u00fbt : Boudaoui affole les compteurs - La Sentinelle","isPartOf":{"@id":"https:\/\/lasentinelle.dz\/#website"},"primaryImageOfPage":{"@id":"https:\/\/lasentinelle.dz\/index.php\/2021\/09\/13\/meilleur-joueur-de-logc-nice-en-aout-boudaoui-affole-les-compteurs\/#primaryimage"},"image":{"@id":"https:\/\/lasentinelle.dz\/index.php\/2021\/09\/13\/meilleur-joueur-de-logc-nice-en-aout-boudaoui-affole-les-compteurs\/#primaryimage"},"thumbnailUrl":"https:\/\/lasentinelle.dz\/wp-content\/uploads\/2021\/09\/Boudaoui555-scaled.jpg","datePublished":"2021-09-12T23:01:00+00:00","breadcrumb":{"@id":"https:\/\/lasentinelle.dz\/index.php\/2021\/09\/13\/meilleur-joueur-de-logc-nice-en-aout-boudaoui-affole-les-compteurs\/#breadcrumb"},"inLanguage":"fr-FR","potentialAction":[{"@type":"ReadAction","target":["https:\/\/lasentinelle.dz\/index.php\/2021\/09\/13\/meilleur-joueur-de-logc-nice-en-aout-boudaoui-affole-les-compteurs\/"]}]},{"@type":"ImageObject","inLanguage":"fr-FR","@id":"https:\/\/lasentinelle.dz\/index.php\/2021\/09\/13\/meilleur-joueur-de-logc-nice-en-aout-boudaoui-affole-les-compteurs\/#primaryimage","url":"https:\/\/lasentinelle.dz\/wp-content\/uploads\/2021\/09\/Boudaoui555-scaled.jpg","contentUrl":"https:\/\/lasentinelle.dz\/wp-content\/uploads\/2021\/09\/Boudaoui555-scaled.jpg","width":2560,"height":1706},{"@type":"BreadcrumbList","@id":"https:\/\/lasentinelle.dz\/index.php\/2021\/09\/13\/meilleur-joueur-de-logc-nice-en-aout-boudaoui-affole-les-compteurs\/#breadcrumb","itemListElement":[{"@type":"ListItem","position":1,"name":"Accueil","item":"https:\/\/lasentinelle.dz\/"},{"@type":"ListItem","position":2,"name":"Meilleur joueur de l\u2019OGC Nice en ao\u00fbt : Boudaoui affole les compteurs"}]},{"@type":"WebSite","@id":"https:\/\/lasentinelle.dz\/#website","url":"https:\/\/lasentinelle.dz\/","name":"La Sentinelle","description":"Quotidien national d&#039;information","publisher":{"@id":"https:\/\/lasentinelle.dz\/#organization"},"potentialAction":[{"@type":"SearchAction","target":{"@type":"EntryPoint","urlTemplate":"https:\/\/lasentinelle.dz\/?s={search_term_string}"},"query-input":{"@type":"PropertyValueSpecification","valueRequired":true,"valueName":"search_term_string"}}],"inLanguage":"fr-FR"},{"@type":"Organization","@id":"https:\/\/lasentinelle.dz\/#organization","name":"Quotidien La Sentinelle","url":"https:\/\/lasentinelle.dz\/","logo":{"@type":"ImageObject","inLanguage":"fr-FR","@id":"https:\/\/lasentinelle.dz\/#\/schema\/logo\/image\/","url":"https:\/\/lasentinelle.dz\/wp-content\/uploads\/2021\/09\/logo-sentinelleSLOGAN-1.png","contentUrl":"https:\/\/lasentinelle.dz\/wp-content\/uploads\/2021\/09\/logo-sentinelleSLOGAN-1.png","width":615,"height":142,"caption":"Quotidien La Sentinelle"},"image":{"@id":"https:\/\/lasentinelle.dz\/#\/schema\/logo\/image\/"},"sameAs":["https:\/\/www.facebook.com\/La-Sentinelle-104059864394773"]},{"@type":"Person","@id":"https:\/\/lasentinelle.dz\/#\/schema\/person\/d865044e22e70a75174ce8bcad3acfb3","name":"La Sentinelle","image":{"@type":"ImageObject","inLanguage":"fr-FR","@id":"https:\/\/secure.gravatar.com\/avatar\/57de8e5d4b15d43fb361a71fbb36338450fe67865b528a43dd10ef7c51a20392?s=96&d=mm&r=g","url":"https:\/\/secure.gravatar.com\/avatar\/57de8e5d4b15d43fb361a71fbb36338450fe67865b528a43dd10ef7c51a20392?s=96&d=mm&r=g","contentUrl":"https:\/\/secure.gravatar.com\/avatar\/57de8e5d4b15d43fb361a71fbb36338450fe67865b528a43dd10ef7c51a20392?s=96&d=mm&r=g","caption":"La Sentinelle"},"sameAs":["http:\/\/www.lasentinelle.dz"],"url":"https:\/\/lasentinelle.dz\/author\/redaction\/"}]}},"_links":{"self":[{"href":"https:\/\/lasentinelle.dz\/index.php\/wp-json\/wp\/v2\/posts\/7480","targetHints":{"allow":["GET"]}}],"collection":[{"href":"https:\/\/lasentinelle.dz\/index.php\/wp-json\/wp\/v2\/posts"}],"about":[{"href":"https:\/\/lasentinelle.dz\/index.php\/wp-json\/wp\/v2\/types\/post"}],"author":[{"embeddable":true,"href":"https:\/\/lasentinelle.dz\/index.php\/wp-json\/wp\/v2\/users\/3"}],"replies":[{"embeddable":true,"href":"https:\/\/lasentinelle.dz\/index.php\/wp-json\/wp\/v2\/comments?post=7480"}],"version-history":[{"count":1,"href":"https:\/\/lasentinelle.dz\/index.php\/wp-json\/wp\/v2\/posts\/7480\/revisions"}],"predecessor-version":[{"id":7494,"href":"https:\/\/lasentinelle.dz\/index.php\/wp-json\/wp\/v2\/posts\/7480\/revisions\/7494"}],"wp:featuredmedia":[{"embeddable":true,"href":"https:\/\/lasentinelle.dz\/index.php\/wp-json\/wp\/v2\/media\/7493"}],"wp:attachment":[{"href":"https:\/\/lasentinelle.dz\/index.php\/wp-json\/wp\/v2\/media?parent=7480"}],"wp:term":[{"taxonomy":"category","embeddable":true,"href":"https:\/\/lasentinelle.dz\/index.php\/wp-json\/wp\/v2\/categories?post=7480"},{"taxonomy":"post_tag","embeddable":true,"href":"https:\/\/lasentinelle.dz\/index.php\/wp-json\/wp\/v2\/tags?post=7480"}],"curies":[{"name":"wp","href":"https:\/\/api.w.org\/{rel}","templated":true}]}}