{"id":74935,"date":"2025-10-20T13:08:17","date_gmt":"2025-10-20T12:08:17","guid":{"rendered":"https:\/\/lasentinelle.dz\/?p=74935"},"modified":"2025-10-20T13:08:18","modified_gmt":"2025-10-20T12:08:18","slug":"arkab-recoit-le-sg-de-la-federation-generale-des-syndicats-de-jordanie","status":"publish","type":"post","link":"https:\/\/lasentinelle.dz\/index.php\/2025\/10\/20\/arkab-recoit-le-sg-de-la-federation-generale-des-syndicats-de-jordanie\/","title":{"rendered":"Arkab re\u00e7oit le SG de la F\u00e9d\u00e9ration g\u00e9n\u00e9rale des syndicats de Jordanie"},"content":{"rendered":"\n<p>Le ministre d&rsquo;Etat, ministre des Hydrocarbures et des Mines, Mohamed Arkab, a re\u00e7u, dimanche au si\u00e8ge du minist\u00e8re, le Secr\u00e9taire g\u00e9n\u00e9ral (SG) de la F\u00e9d\u00e9ration g\u00e9n\u00e9rale des syndicats de Jordanie, Khaled Fanatsah, en pr\u00e9sence du SG de l&rsquo;Union g\u00e9n\u00e9rale des travailleurs alg\u00e9riens (UGTA), Amar Takdjout, et du SG de la F\u00e9d\u00e9ration nationale des travailleurs du p\u00e9trole, du gaz et de la chimie (FNTPGC), Hamou Touahria, indique un communiqu\u00e9 du minist\u00e8re. La rencontre, \u00e0 laquelle ont \u00e9galement pris part plusieurs cadres du minist\u00e8re, a permis un \u00e9change de vues sur le renforcement de la coop\u00e9ration syndicale entre les deux parties, notamment en mati\u00e8re de partage de connaissances dans la gestion du dialogue social et la formation des cadres syndicaux. Les deux parties ont mis l&rsquo;accent sur l&rsquo;importance de la coordination des efforts conjoints en mati\u00e8re syndicale et dans le cadre des partenariats \u00e9conomiques et des investissements entre les deux pays, refl\u00e9tant ainsi l&rsquo;esprit de solidarit\u00e9 arabe et la compl\u00e9mentarit\u00e9 entre l&rsquo;Alg\u00e9rie et la Jordanie dans diff\u00e9rents domaines, en particulier dans les secteurs des hydrocarbures et des mines. A cette occasion, M. Arkab a soulign\u00e9 l&rsquo;importance d&rsquo;intensifier la coop\u00e9ration en mati\u00e8re d&rsquo;\u00e9change d&rsquo;expertises, d&rsquo;exp\u00e9riences et de technologies modernes dans l&rsquo;exploitation et la transformation des ressources mini\u00e8res, appelant \u00e0 multiplier les \u00e9changes bilat\u00e9raux afin de renforcer les liens de partenariat et d&rsquo;investissement entre les entreprises alg\u00e9riennes et jordaniennes, notamment dans l&rsquo;industrie du phosphate, en b\u00e9n\u00e9ficiant de l&rsquo;expertise jordanienne pionni\u00e8re dans ce domaine. Le ministre d&rsquo;Etat a rappel\u00e9, dans ce cadre, ses pr\u00e9c\u00e9dentes rencontres avec des responsables jordaniens, qui ont permis de poser les bases d&rsquo;une coop\u00e9ration concr\u00e8te entre les deux pays dans le domaine de l&rsquo;approvisionnement de la Jordanie en p\u00e9trole brut, en gaz naturel liqu\u00e9fi\u00e9 (GNL) et en gaz de p\u00e9trole liqu\u00e9fi\u00e9 (GPL), dans le stockage et la distribution des produits p\u00e9troliers, ainsi qu&rsquo;en mati\u00e8re d&rsquo;investissement dans les industries mini\u00e8res, notamment l&rsquo;exploitation du phosphate, la production et la commercialisation d&rsquo;engrais et la r\u00e9alisation d&rsquo;\u00e9tudes g\u00e9ologiques. Au terme de la rencontre, M. Arkab a salu\u00e9 le niveau des relations fraternelles et historiques unissant l&rsquo;Alg\u00e9rie et le Royaume hach\u00e9mite de Jordanie, affirmant que cette rencontre refl\u00e8te la volont\u00e9 commune de renforcer et de d\u00e9velopper la coop\u00e9ration dans les domaines \u00e9conomique et professionnel, notamment dans les secteurs des hydrocarbures et des mines. Pour sa part, le Secr\u00e9taire g\u00e9n\u00e9ral de la F\u00e9d\u00e9ration g\u00e9n\u00e9rale des syndicats de Jordanie, Khaled Fanatsah, a salu\u00e9 l&rsquo;excellence des relations bilat\u00e9rales entre les deux pays, louant l&rsquo;exp\u00e9rience alg\u00e9rienne dans la mise \u00e0 contribution des partenaires sociaux dans l&rsquo;\u00e9laboration des politiques publiques li\u00e9es au domaine du travail. Il a, dans ce contexte, appel\u00e9 de ses voeux le renforcement et le d\u00e9veloppement de la coop\u00e9ration syndicale avec l&rsquo;UGTA, au service des int\u00e9r\u00eats des travailleurs des deux pays, de l&rsquo;am\u00e9lioration du climat de travail et de la promotion des relations \u00e9conomiques bilat\u00e9rales.<\/p>\n\n\n\n<p>APS<\/p>\n","protected":false},"excerpt":{"rendered":"<p>Le ministre d&rsquo;Etat, ministre des Hydrocarbures et des Mines, Mohamed Arkab, a re\u00e7u, dimanche au si\u00e8ge du minist\u00e8re, le Secr\u00e9taire<\/p>\n","protected":false},"author":6,"featured_media":74936,"comment_status":"open","ping_status":"closed","sticky":false,"template":"","format":"standard","meta":{"colormag_page_container_layout":"default_layout","colormag_page_sidebar_layout":"default_layout","om_disable_all_campaigns":false,"_monsterinsights_skip_tracking":false,"_monsterinsights_sitenote_active":false,"_monsterinsights_sitenote_note":"","_monsterinsights_sitenote_category":0,"footnotes":"","_wpscppro_dont_share_socialmedia":false,"_wpscppro_custom_social_share_image":0,"_facebook_share_type":"default","_twitter_share_type":"default","_linkedin_share_type":"default","_pinterest_share_type":"default","_linkedin_share_type_page":"","_instagram_share_type":"default","_medium_share_type":"default","_threads_share_type":"default","_google_business_share_type":"default","_selected_social_profile":[],"_wpsp_enable_custom_social_template":false,"_wpsp_social_scheduling":{"enabled":false,"datetime":null,"platforms":[],"status":"template_only","dateOption":"today","timeOption":"now","customDays":"","customHours":"","customDate":"","customTime":"","schedulingType":"absolute"},"_wpsp_active_default_template":true},"categories":[29],"tags":[],"class_list":["post-74935","post","type-post","status-publish","format-standard","has-post-thumbnail","hentry","category-economie"],"aioseo_notices":[],"yoast_head":"<!-- This site is optimized with the Yoast SEO plugin v27.4 - https:\/\/yoast.com\/product\/yoast-seo-wordpress\/ -->\n<title>Arkab re\u00e7oit le SG de la F\u00e9d\u00e9ration g\u00e9n\u00e9rale des syndicats de Jordanie - La Sentinelle<\/title>\n<meta name=\"robots\" content=\"index, follow, max-snippet:-1, max-image-preview:large, max-video-preview:-1\" \/>\n<link rel=\"canonical\" href=\"https:\/\/lasentinelle.dz\/index.php\/2025\/10\/20\/arkab-recoit-le-sg-de-la-federation-generale-des-syndicats-de-jordanie\/\" \/>\n<meta property=\"og:locale\" content=\"fr_FR\" \/>\n<meta property=\"og:type\" content=\"article\" \/>\n<meta property=\"og:title\" content=\"Arkab re\u00e7oit le SG de la F\u00e9d\u00e9ration g\u00e9n\u00e9rale des syndicats de Jordanie - La Sentinelle\" \/>\n<meta property=\"og:description\" content=\"Le ministre d&rsquo;Etat, ministre des Hydrocarbures et des Mines, Mohamed Arkab, a re\u00e7u, dimanche au si\u00e8ge du minist\u00e8re, le Secr\u00e9taire\" \/>\n<meta property=\"og:url\" content=\"https:\/\/lasentinelle.dz\/index.php\/2025\/10\/20\/arkab-recoit-le-sg-de-la-federation-generale-des-syndicats-de-jordanie\/\" \/>\n<meta property=\"og:site_name\" content=\"La Sentinelle\" \/>\n<meta property=\"article:publisher\" content=\"https:\/\/www.facebook.com\/La-Sentinelle-104059864394773\" \/>\n<meta property=\"article:published_time\" content=\"2025-10-20T12:08:17+00:00\" \/>\n<meta property=\"article:modified_time\" content=\"2025-10-20T12:08:18+00:00\" \/>\n<meta property=\"og:image\" content=\"https:\/\/lasentinelle.dz\/wp-content\/uploads\/2025\/10\/566348232_1143921867882575_4195740616233644939_n.jpg\" \/>\n\t<meta property=\"og:image:width\" content=\"2048\" \/>\n\t<meta property=\"og:image:height\" content=\"1365\" \/>\n\t<meta property=\"og:image:type\" content=\"image\/jpeg\" \/>\n<meta name=\"author\" content=\"admin\" \/>\n<meta name=\"twitter:card\" content=\"summary_large_image\" \/>\n<meta name=\"twitter:label1\" content=\"\u00c9crit par\" \/>\n\t<meta name=\"twitter:data1\" content=\"admin\" \/>\n\t<meta name=\"twitter:label2\" content=\"Dur\u00e9e de lecture estim\u00e9e\" \/>\n\t<meta name=\"twitter:data2\" content=\"3 minutes\" \/>\n<script type=\"application\/ld+json\" class=\"yoast-schema-graph\">{\"@context\":\"https:\\\/\\\/schema.org\",\"@graph\":[{\"@type\":\"Article\",\"@id\":\"https:\\\/\\\/lasentinelle.dz\\\/index.php\\\/2025\\\/10\\\/20\\\/arkab-recoit-le-sg-de-la-federation-generale-des-syndicats-de-jordanie\\\/#article\",\"isPartOf\":{\"@id\":\"https:\\\/\\\/lasentinelle.dz\\\/index.php\\\/2025\\\/10\\\/20\\\/arkab-recoit-le-sg-de-la-federation-generale-des-syndicats-de-jordanie\\\/\"},\"author\":{\"name\":\"admin\",\"@id\":\"https:\\\/\\\/lasentinelle.dz\\\/#\\\/schema\\\/person\\\/729ee0024f24e0b8c5ec17232f8e8b41\"},\"headline\":\"Arkab re\u00e7oit le SG de la F\u00e9d\u00e9ration g\u00e9n\u00e9rale des syndicats de Jordanie\",\"datePublished\":\"2025-10-20T12:08:17+00:00\",\"dateModified\":\"2025-10-20T12:08:18+00:00\",\"mainEntityOfPage\":{\"@id\":\"https:\\\/\\\/lasentinelle.dz\\\/index.php\\\/2025\\\/10\\\/20\\\/arkab-recoit-le-sg-de-la-federation-generale-des-syndicats-de-jordanie\\\/\"},\"wordCount\":581,\"commentCount\":0,\"publisher\":{\"@id\":\"https:\\\/\\\/lasentinelle.dz\\\/#organization\"},\"image\":{\"@id\":\"https:\\\/\\\/lasentinelle.dz\\\/index.php\\\/2025\\\/10\\\/20\\\/arkab-recoit-le-sg-de-la-federation-generale-des-syndicats-de-jordanie\\\/#primaryimage\"},\"thumbnailUrl\":\"https:\\\/\\\/lasentinelle.dz\\\/wp-content\\\/uploads\\\/2025\\\/10\\\/566348232_1143921867882575_4195740616233644939_n.jpg\",\"articleSection\":[\"\u00c9conomie\"],\"inLanguage\":\"fr-FR\",\"potentialAction\":[{\"@type\":\"CommentAction\",\"name\":\"Comment\",\"target\":[\"https:\\\/\\\/lasentinelle.dz\\\/index.php\\\/2025\\\/10\\\/20\\\/arkab-recoit-le-sg-de-la-federation-generale-des-syndicats-de-jordanie\\\/#respond\"]}]},{\"@type\":\"WebPage\",\"@id\":\"https:\\\/\\\/lasentinelle.dz\\\/index.php\\\/2025\\\/10\\\/20\\\/arkab-recoit-le-sg-de-la-federation-generale-des-syndicats-de-jordanie\\\/\",\"url\":\"https:\\\/\\\/lasentinelle.dz\\\/index.php\\\/2025\\\/10\\\/20\\\/arkab-recoit-le-sg-de-la-federation-generale-des-syndicats-de-jordanie\\\/\",\"name\":\"Arkab re\u00e7oit le SG de la F\u00e9d\u00e9ration g\u00e9n\u00e9rale des syndicats de Jordanie - La Sentinelle\",\"isPartOf\":{\"@id\":\"https:\\\/\\\/lasentinelle.dz\\\/#website\"},\"primaryImageOfPage\":{\"@id\":\"https:\\\/\\\/lasentinelle.dz\\\/index.php\\\/2025\\\/10\\\/20\\\/arkab-recoit-le-sg-de-la-federation-generale-des-syndicats-de-jordanie\\\/#primaryimage\"},\"image\":{\"@id\":\"https:\\\/\\\/lasentinelle.dz\\\/index.php\\\/2025\\\/10\\\/20\\\/arkab-recoit-le-sg-de-la-federation-generale-des-syndicats-de-jordanie\\\/#primaryimage\"},\"thumbnailUrl\":\"https:\\\/\\\/lasentinelle.dz\\\/wp-content\\\/uploads\\\/2025\\\/10\\\/566348232_1143921867882575_4195740616233644939_n.jpg\",\"datePublished\":\"2025-10-20T12:08:17+00:00\",\"dateModified\":\"2025-10-20T12:08:18+00:00\",\"breadcrumb\":{\"@id\":\"https:\\\/\\\/lasentinelle.dz\\\/index.php\\\/2025\\\/10\\\/20\\\/arkab-recoit-le-sg-de-la-federation-generale-des-syndicats-de-jordanie\\\/#breadcrumb\"},\"inLanguage\":\"fr-FR\",\"potentialAction\":[{\"@type\":\"ReadAction\",\"target\":[\"https:\\\/\\\/lasentinelle.dz\\\/index.php\\\/2025\\\/10\\\/20\\\/arkab-recoit-le-sg-de-la-federation-generale-des-syndicats-de-jordanie\\\/\"]}]},{\"@type\":\"ImageObject\",\"inLanguage\":\"fr-FR\",\"@id\":\"https:\\\/\\\/lasentinelle.dz\\\/index.php\\\/2025\\\/10\\\/20\\\/arkab-recoit-le-sg-de-la-federation-generale-des-syndicats-de-jordanie\\\/#primaryimage\",\"url\":\"https:\\\/\\\/lasentinelle.dz\\\/wp-content\\\/uploads\\\/2025\\\/10\\\/566348232_1143921867882575_4195740616233644939_n.jpg\",\"contentUrl\":\"https:\\\/\\\/lasentinelle.dz\\\/wp-content\\\/uploads\\\/2025\\\/10\\\/566348232_1143921867882575_4195740616233644939_n.jpg\",\"width\":2048,\"height\":1365},{\"@type\":\"BreadcrumbList\",\"@id\":\"https:\\\/\\\/lasentinelle.dz\\\/index.php\\\/2025\\\/10\\\/20\\\/arkab-recoit-le-sg-de-la-federation-generale-des-syndicats-de-jordanie\\\/#breadcrumb\",\"itemListElement\":[{\"@type\":\"ListItem\",\"position\":1,\"name\":\"Accueil\",\"item\":\"https:\\\/\\\/lasentinelle.dz\\\/\"},{\"@type\":\"ListItem\",\"position\":2,\"name\":\"Arkab re\u00e7oit le SG de la F\u00e9d\u00e9ration g\u00e9n\u00e9rale des syndicats de Jordanie\"}]},{\"@type\":\"WebSite\",\"@id\":\"https:\\\/\\\/lasentinelle.dz\\\/#website\",\"url\":\"https:\\\/\\\/lasentinelle.dz\\\/\",\"name\":\"La Sentinelle\",\"description\":\"Quotidien national d&#039;information\",\"publisher\":{\"@id\":\"https:\\\/\\\/lasentinelle.dz\\\/#organization\"},\"potentialAction\":[{\"@type\":\"SearchAction\",\"target\":{\"@type\":\"EntryPoint\",\"urlTemplate\":\"https:\\\/\\\/lasentinelle.dz\\\/?s={search_term_string}\"},\"query-input\":{\"@type\":\"PropertyValueSpecification\",\"valueRequired\":true,\"valueName\":\"search_term_string\"}}],\"inLanguage\":\"fr-FR\"},{\"@type\":\"Organization\",\"@id\":\"https:\\\/\\\/lasentinelle.dz\\\/#organization\",\"name\":\"Quotidien La Sentinelle\",\"url\":\"https:\\\/\\\/lasentinelle.dz\\\/\",\"logo\":{\"@type\":\"ImageObject\",\"inLanguage\":\"fr-FR\",\"@id\":\"https:\\\/\\\/lasentinelle.dz\\\/#\\\/schema\\\/logo\\\/image\\\/\",\"url\":\"https:\\\/\\\/lasentinelle.dz\\\/wp-content\\\/uploads\\\/2021\\\/09\\\/logo-sentinelleSLOGAN-1.png\",\"contentUrl\":\"https:\\\/\\\/lasentinelle.dz\\\/wp-content\\\/uploads\\\/2021\\\/09\\\/logo-sentinelleSLOGAN-1.png\",\"width\":615,\"height\":142,\"caption\":\"Quotidien La Sentinelle\"},\"image\":{\"@id\":\"https:\\\/\\\/lasentinelle.dz\\\/#\\\/schema\\\/logo\\\/image\\\/\"},\"sameAs\":[\"https:\\\/\\\/www.facebook.com\\\/La-Sentinelle-104059864394773\"]},{\"@type\":\"Person\",\"@id\":\"https:\\\/\\\/lasentinelle.dz\\\/#\\\/schema\\\/person\\\/729ee0024f24e0b8c5ec17232f8e8b41\",\"name\":\"admin\",\"image\":{\"@type\":\"ImageObject\",\"inLanguage\":\"fr-FR\",\"@id\":\"https:\\\/\\\/secure.gravatar.com\\\/avatar\\\/4c81fed838786e9b53f540bf46533e750f5d292099ae3b66cfc6fb1982e29df7?s=96&d=mm&r=g\",\"url\":\"https:\\\/\\\/secure.gravatar.com\\\/avatar\\\/4c81fed838786e9b53f540bf46533e750f5d292099ae3b66cfc6fb1982e29df7?s=96&d=mm&r=g\",\"contentUrl\":\"https:\\\/\\\/secure.gravatar.com\\\/avatar\\\/4c81fed838786e9b53f540bf46533e750f5d292099ae3b66cfc6fb1982e29df7?s=96&d=mm&r=g\",\"caption\":\"admin\"},\"description\":\"admin\",\"url\":\"https:\\\/\\\/lasentinelle.dz\\\/author\\\/admin\\\/\"}]}<\/script>\n<!-- \/ Yoast SEO plugin. -->","yoast_head_json":{"title":"Arkab re\u00e7oit le SG de la F\u00e9d\u00e9ration g\u00e9n\u00e9rale des syndicats de Jordanie - La Sentinelle","robots":{"index":"index","follow":"follow","max-snippet":"max-snippet:-1","max-image-preview":"max-image-preview:large","max-video-preview":"max-video-preview:-1"},"canonical":"https:\/\/lasentinelle.dz\/index.php\/2025\/10\/20\/arkab-recoit-le-sg-de-la-federation-generale-des-syndicats-de-jordanie\/","og_locale":"fr_FR","og_type":"article","og_title":"Arkab re\u00e7oit le SG de la F\u00e9d\u00e9ration g\u00e9n\u00e9rale des syndicats de Jordanie - La Sentinelle","og_description":"Le ministre d&rsquo;Etat, ministre des Hydrocarbures et des Mines, Mohamed Arkab, a re\u00e7u, dimanche au si\u00e8ge du minist\u00e8re, le Secr\u00e9taire","og_url":"https:\/\/lasentinelle.dz\/index.php\/2025\/10\/20\/arkab-recoit-le-sg-de-la-federation-generale-des-syndicats-de-jordanie\/","og_site_name":"La Sentinelle","article_publisher":"https:\/\/www.facebook.com\/La-Sentinelle-104059864394773","article_published_time":"2025-10-20T12:08:17+00:00","article_modified_time":"2025-10-20T12:08:18+00:00","og_image":[{"width":2048,"height":1365,"url":"https:\/\/lasentinelle.dz\/wp-content\/uploads\/2025\/10\/566348232_1143921867882575_4195740616233644939_n.jpg","type":"image\/jpeg"}],"author":"admin","twitter_card":"summary_large_image","twitter_misc":{"\u00c9crit par":"admin","Dur\u00e9e de lecture estim\u00e9e":"3 minutes"},"schema":{"@context":"https:\/\/schema.org","@graph":[{"@type":"Article","@id":"https:\/\/lasentinelle.dz\/index.php\/2025\/10\/20\/arkab-recoit-le-sg-de-la-federation-generale-des-syndicats-de-jordanie\/#article","isPartOf":{"@id":"https:\/\/lasentinelle.dz\/index.php\/2025\/10\/20\/arkab-recoit-le-sg-de-la-federation-generale-des-syndicats-de-jordanie\/"},"author":{"name":"admin","@id":"https:\/\/lasentinelle.dz\/#\/schema\/person\/729ee0024f24e0b8c5ec17232f8e8b41"},"headline":"Arkab re\u00e7oit le SG de la F\u00e9d\u00e9ration g\u00e9n\u00e9rale des syndicats de Jordanie","datePublished":"2025-10-20T12:08:17+00:00","dateModified":"2025-10-20T12:08:18+00:00","mainEntityOfPage":{"@id":"https:\/\/lasentinelle.dz\/index.php\/2025\/10\/20\/arkab-recoit-le-sg-de-la-federation-generale-des-syndicats-de-jordanie\/"},"wordCount":581,"commentCount":0,"publisher":{"@id":"https:\/\/lasentinelle.dz\/#organization"},"image":{"@id":"https:\/\/lasentinelle.dz\/index.php\/2025\/10\/20\/arkab-recoit-le-sg-de-la-federation-generale-des-syndicats-de-jordanie\/#primaryimage"},"thumbnailUrl":"https:\/\/lasentinelle.dz\/wp-content\/uploads\/2025\/10\/566348232_1143921867882575_4195740616233644939_n.jpg","articleSection":["\u00c9conomie"],"inLanguage":"fr-FR","potentialAction":[{"@type":"CommentAction","name":"Comment","target":["https:\/\/lasentinelle.dz\/index.php\/2025\/10\/20\/arkab-recoit-le-sg-de-la-federation-generale-des-syndicats-de-jordanie\/#respond"]}]},{"@type":"WebPage","@id":"https:\/\/lasentinelle.dz\/index.php\/2025\/10\/20\/arkab-recoit-le-sg-de-la-federation-generale-des-syndicats-de-jordanie\/","url":"https:\/\/lasentinelle.dz\/index.php\/2025\/10\/20\/arkab-recoit-le-sg-de-la-federation-generale-des-syndicats-de-jordanie\/","name":"Arkab re\u00e7oit le SG de la F\u00e9d\u00e9ration g\u00e9n\u00e9rale des syndicats de Jordanie - La Sentinelle","isPartOf":{"@id":"https:\/\/lasentinelle.dz\/#website"},"primaryImageOfPage":{"@id":"https:\/\/lasentinelle.dz\/index.php\/2025\/10\/20\/arkab-recoit-le-sg-de-la-federation-generale-des-syndicats-de-jordanie\/#primaryimage"},"image":{"@id":"https:\/\/lasentinelle.dz\/index.php\/2025\/10\/20\/arkab-recoit-le-sg-de-la-federation-generale-des-syndicats-de-jordanie\/#primaryimage"},"thumbnailUrl":"https:\/\/lasentinelle.dz\/wp-content\/uploads\/2025\/10\/566348232_1143921867882575_4195740616233644939_n.jpg","datePublished":"2025-10-20T12:08:17+00:00","dateModified":"2025-10-20T12:08:18+00:00","breadcrumb":{"@id":"https:\/\/lasentinelle.dz\/index.php\/2025\/10\/20\/arkab-recoit-le-sg-de-la-federation-generale-des-syndicats-de-jordanie\/#breadcrumb"},"inLanguage":"fr-FR","potentialAction":[{"@type":"ReadAction","target":["https:\/\/lasentinelle.dz\/index.php\/2025\/10\/20\/arkab-recoit-le-sg-de-la-federation-generale-des-syndicats-de-jordanie\/"]}]},{"@type":"ImageObject","inLanguage":"fr-FR","@id":"https:\/\/lasentinelle.dz\/index.php\/2025\/10\/20\/arkab-recoit-le-sg-de-la-federation-generale-des-syndicats-de-jordanie\/#primaryimage","url":"https:\/\/lasentinelle.dz\/wp-content\/uploads\/2025\/10\/566348232_1143921867882575_4195740616233644939_n.jpg","contentUrl":"https:\/\/lasentinelle.dz\/wp-content\/uploads\/2025\/10\/566348232_1143921867882575_4195740616233644939_n.jpg","width":2048,"height":1365},{"@type":"BreadcrumbList","@id":"https:\/\/lasentinelle.dz\/index.php\/2025\/10\/20\/arkab-recoit-le-sg-de-la-federation-generale-des-syndicats-de-jordanie\/#breadcrumb","itemListElement":[{"@type":"ListItem","position":1,"name":"Accueil","item":"https:\/\/lasentinelle.dz\/"},{"@type":"ListItem","position":2,"name":"Arkab re\u00e7oit le SG de la F\u00e9d\u00e9ration g\u00e9n\u00e9rale des syndicats de Jordanie"}]},{"@type":"WebSite","@id":"https:\/\/lasentinelle.dz\/#website","url":"https:\/\/lasentinelle.dz\/","name":"La Sentinelle","description":"Quotidien national d&#039;information","publisher":{"@id":"https:\/\/lasentinelle.dz\/#organization"},"potentialAction":[{"@type":"SearchAction","target":{"@type":"EntryPoint","urlTemplate":"https:\/\/lasentinelle.dz\/?s={search_term_string}"},"query-input":{"@type":"PropertyValueSpecification","valueRequired":true,"valueName":"search_term_string"}}],"inLanguage":"fr-FR"},{"@type":"Organization","@id":"https:\/\/lasentinelle.dz\/#organization","name":"Quotidien La Sentinelle","url":"https:\/\/lasentinelle.dz\/","logo":{"@type":"ImageObject","inLanguage":"fr-FR","@id":"https:\/\/lasentinelle.dz\/#\/schema\/logo\/image\/","url":"https:\/\/lasentinelle.dz\/wp-content\/uploads\/2021\/09\/logo-sentinelleSLOGAN-1.png","contentUrl":"https:\/\/lasentinelle.dz\/wp-content\/uploads\/2021\/09\/logo-sentinelleSLOGAN-1.png","width":615,"height":142,"caption":"Quotidien La Sentinelle"},"image":{"@id":"https:\/\/lasentinelle.dz\/#\/schema\/logo\/image\/"},"sameAs":["https:\/\/www.facebook.com\/La-Sentinelle-104059864394773"]},{"@type":"Person","@id":"https:\/\/lasentinelle.dz\/#\/schema\/person\/729ee0024f24e0b8c5ec17232f8e8b41","name":"admin","image":{"@type":"ImageObject","inLanguage":"fr-FR","@id":"https:\/\/secure.gravatar.com\/avatar\/4c81fed838786e9b53f540bf46533e750f5d292099ae3b66cfc6fb1982e29df7?s=96&d=mm&r=g","url":"https:\/\/secure.gravatar.com\/avatar\/4c81fed838786e9b53f540bf46533e750f5d292099ae3b66cfc6fb1982e29df7?s=96&d=mm&r=g","contentUrl":"https:\/\/secure.gravatar.com\/avatar\/4c81fed838786e9b53f540bf46533e750f5d292099ae3b66cfc6fb1982e29df7?s=96&d=mm&r=g","caption":"admin"},"description":"admin","url":"https:\/\/lasentinelle.dz\/author\/admin\/"}]}},"_links":{"self":[{"href":"https:\/\/lasentinelle.dz\/index.php\/wp-json\/wp\/v2\/posts\/74935","targetHints":{"allow":["GET"]}}],"collection":[{"href":"https:\/\/lasentinelle.dz\/index.php\/wp-json\/wp\/v2\/posts"}],"about":[{"href":"https:\/\/lasentinelle.dz\/index.php\/wp-json\/wp\/v2\/types\/post"}],"author":[{"embeddable":true,"href":"https:\/\/lasentinelle.dz\/index.php\/wp-json\/wp\/v2\/users\/6"}],"replies":[{"embeddable":true,"href":"https:\/\/lasentinelle.dz\/index.php\/wp-json\/wp\/v2\/comments?post=74935"}],"version-history":[{"count":1,"href":"https:\/\/lasentinelle.dz\/index.php\/wp-json\/wp\/v2\/posts\/74935\/revisions"}],"predecessor-version":[{"id":74937,"href":"https:\/\/lasentinelle.dz\/index.php\/wp-json\/wp\/v2\/posts\/74935\/revisions\/74937"}],"wp:featuredmedia":[{"embeddable":true,"href":"https:\/\/lasentinelle.dz\/index.php\/wp-json\/wp\/v2\/media\/74936"}],"wp:attachment":[{"href":"https:\/\/lasentinelle.dz\/index.php\/wp-json\/wp\/v2\/media?parent=74935"}],"wp:term":[{"taxonomy":"category","embeddable":true,"href":"https:\/\/lasentinelle.dz\/index.php\/wp-json\/wp\/v2\/categories?post=74935"},{"taxonomy":"post_tag","embeddable":true,"href":"https:\/\/lasentinelle.dz\/index.php\/wp-json\/wp\/v2\/tags?post=74935"}],"curies":[{"name":"wp","href":"https:\/\/api.w.org\/{rel}","templated":true}]}}