{"id":74941,"date":"2025-10-20T13:10:00","date_gmt":"2025-10-20T12:10:00","guid":{"rendered":"https:\/\/lasentinelle.dz\/?p=74941"},"modified":"2025-10-20T13:10:01","modified_gmt":"2025-10-20T12:10:01","slug":"gaz-naturel-le-gecf-mise-sur-un-doublement-de-la-demande-africaine-dici-2050","status":"publish","type":"post","link":"https:\/\/lasentinelle.dz\/index.php\/2025\/10\/20\/gaz-naturel-le-gecf-mise-sur-un-doublement-de-la-demande-africaine-dici-2050\/","title":{"rendered":"Gaz naturel\u00a0: Le GECF mise sur un doublement de la demande africaine d&rsquo;ici 2050"},"content":{"rendered":"\n<p>Le secr\u00e9taire g\u00e9n\u00e9ral du Forum des pays exportateurs de gaz (GECF),&nbsp; Mohamed Hamel, a pr\u00e9sent\u00e9 lors de la Semaine russe de l&rsquo;\u00e9nergie 2025 une feuille de route ambitieuse pour le d\u00e9veloppement \u00e9nerg\u00e9tique du continent africain. Selon les pr\u00e9visions du GECF Global Gas Outlook 2050, la demande africaine de gaz naturel devrait plus que doubler \u00e0 l&rsquo;horizon 2050, port\u00e9e par les besoins de production \u00e9lectrique, le d\u00e9veloppement industriel et l&rsquo;am\u00e9lioration de l&rsquo;acc\u00e8s \u00e0 la cuisine propre.<\/p>\n\n\n\n<p>Hamel a particip\u00e9 \u00e0 une s\u00e9ance de travail intitul\u00e9e \u00ab Russie \u2013 Afrique : vers la mise en \u0153uvre pratique de projets dans le secteur \u00e9nerg\u00e9tique \u00bb, r\u00e9unissant les responsables \u00e9nerg\u00e9tiques russes et africains. \u00ab L&rsquo;Afrique est riche de ressources naturelles en gaz, qui peuvent jouer un r\u00f4le vital dans le soutien du d\u00e9veloppement durable, l&rsquo;expansion de l&rsquo;acc\u00e8s \u00e0 l&rsquo;\u00e9nergie et la promotion de la croissance industrielle \u00bb, a d\u00e9clar\u00e9 le secr\u00e9taire g\u00e9n\u00e9ral du GECF \u00e0 l\u2019occasion. Hamel a soulign\u00e9 que \u00ab le gaz naturel n&rsquo;est pas seulement une source d&rsquo;\u00e9nergie fiable et abordable, mais aussi un fondement du progr\u00e8s social et \u00e9conomique sur l&rsquo;ensemble du continent \u00bb. L&rsquo;Afrique compte actuellement plusieurs pays membres du GECF et accueille plusieurs nouveaux partenaires, ce qui renforce son importance strat\u00e9gique au sein du forum.<\/p>\n\n\n\n<p>Le secr\u00e9taire g\u00e9n\u00e9ral a annonc\u00e9 l&rsquo;engagement du GECF \u00e0 \u00ab soutenir le d\u00e9veloppement \u00e9nerg\u00e9tique de l&rsquo;Afrique par le biais de l&rsquo;investissement, de l&rsquo;\u00e9change technologique et du renforcement des capacit\u00e9s, garantissant que le gaz naturel continue de servir de moteur cl\u00e9 pour la prosp\u00e9rit\u00e9 et la stabilit\u00e9 du contient \u00bb. Cette approche s&rsquo;inscrit dans une strat\u00e9gie globale du forum visant \u00e0 consolider la place du gaz naturel dans la transition \u00e9nerg\u00e9tique mondiale, particuli\u00e8rement en Afrique o\u00f9 les besoins \u00e9nerg\u00e9tiques sont consid\u00e9rables et les ressources gazi\u00e8res abondantes. Cette session a r\u00e9uni le vice-ministre russe de l&rsquo;\u00c9nergie Roman Marshavin, Daniil Algulyan, vice-pr\u00e9sident de VEB.RF, Tatyana Dovgalenko, directrice du d\u00e9partement des partenariats africains du minist\u00e8re russe des Affaires \u00e9trang\u00e8res, ainsi que le pr\u00e9sident de la Chambre africaine de l&rsquo;\u00e9nergie NJ Ayuk. Andrey Siling de l&rsquo;Agence russe pour les initiatives strat\u00e9giques et Stephan Solzhenitsyn de l&rsquo;Alliance internationale pour l&rsquo;utilisation durable du charbon compl\u00e9taient l&rsquo;assembl\u00e9e.<\/p>\n\n\n\n<p>S.G.<\/p>\n","protected":false},"excerpt":{"rendered":"<p>Le secr\u00e9taire g\u00e9n\u00e9ral du Forum des pays exportateurs de gaz (GECF),&nbsp; Mohamed Hamel, a pr\u00e9sent\u00e9 lors de la Semaine russe<\/p>\n","protected":false},"author":6,"featured_media":46184,"comment_status":"open","ping_status":"closed","sticky":false,"template":"","format":"standard","meta":{"colormag_page_container_layout":"default_layout","colormag_page_sidebar_layout":"default_layout","om_disable_all_campaigns":false,"_monsterinsights_skip_tracking":false,"_monsterinsights_sitenote_active":false,"_monsterinsights_sitenote_note":"","_monsterinsights_sitenote_category":0,"footnotes":"","_wpscppro_dont_share_socialmedia":false,"_wpscppro_custom_social_share_image":0,"_facebook_share_type":"default","_twitter_share_type":"default","_linkedin_share_type":"default","_pinterest_share_type":"default","_linkedin_share_type_page":"","_instagram_share_type":"default","_medium_share_type":"default","_threads_share_type":"default","_google_business_share_type":"default","_selected_social_profile":[],"_wpsp_enable_custom_social_template":false,"_wpsp_social_scheduling":{"enabled":false,"datetime":null,"platforms":[],"status":"template_only","dateOption":"today","timeOption":"now","customDays":"","customHours":"","customDate":"","customTime":"","schedulingType":"absolute"},"_wpsp_active_default_template":true},"categories":[29],"tags":[],"class_list":["post-74941","post","type-post","status-publish","format-standard","has-post-thumbnail","hentry","category-economie"],"aioseo_notices":[],"yoast_head":"<!-- This site is optimized with the Yoast SEO plugin v27.4 - https:\/\/yoast.com\/product\/yoast-seo-wordpress\/ -->\n<title>Gaz naturel\u00a0: Le GECF mise sur un doublement de la demande africaine d&rsquo;ici 2050 - La Sentinelle<\/title>\n<meta name=\"robots\" content=\"index, follow, max-snippet:-1, max-image-preview:large, max-video-preview:-1\" \/>\n<link rel=\"canonical\" href=\"https:\/\/lasentinelle.dz\/index.php\/2025\/10\/20\/gaz-naturel-le-gecf-mise-sur-un-doublement-de-la-demande-africaine-dici-2050\/\" \/>\n<meta property=\"og:locale\" content=\"fr_FR\" \/>\n<meta property=\"og:type\" content=\"article\" \/>\n<meta property=\"og:title\" content=\"Gaz naturel\u00a0: Le GECF mise sur un doublement de la demande africaine d&rsquo;ici 2050 - La Sentinelle\" \/>\n<meta property=\"og:description\" content=\"Le secr\u00e9taire g\u00e9n\u00e9ral du Forum des pays exportateurs de gaz (GECF),&nbsp; Mohamed Hamel, a pr\u00e9sent\u00e9 lors de la Semaine russe\" \/>\n<meta property=\"og:url\" content=\"https:\/\/lasentinelle.dz\/index.php\/2025\/10\/20\/gaz-naturel-le-gecf-mise-sur-un-doublement-de-la-demande-africaine-dici-2050\/\" \/>\n<meta property=\"og:site_name\" content=\"La Sentinelle\" \/>\n<meta property=\"article:publisher\" content=\"https:\/\/www.facebook.com\/La-Sentinelle-104059864394773\" \/>\n<meta property=\"article:published_time\" content=\"2025-10-20T12:10:00+00:00\" \/>\n<meta property=\"article:modified_time\" content=\"2025-10-20T12:10:01+00:00\" \/>\n<meta property=\"og:image\" content=\"https:\/\/lasentinelle.dz\/wp-content\/uploads\/2023\/10\/GECF.jpeg\" \/>\n\t<meta property=\"og:image:width\" content=\"340\" \/>\n\t<meta property=\"og:image:height\" content=\"200\" \/>\n\t<meta property=\"og:image:type\" content=\"image\/jpeg\" \/>\n<meta name=\"author\" content=\"admin\" \/>\n<meta name=\"twitter:card\" content=\"summary_large_image\" \/>\n<meta name=\"twitter:label1\" content=\"\u00c9crit par\" \/>\n\t<meta name=\"twitter:data1\" content=\"admin\" \/>\n\t<meta name=\"twitter:label2\" content=\"Dur\u00e9e de lecture estim\u00e9e\" \/>\n\t<meta name=\"twitter:data2\" content=\"2 minutes\" \/>\n<script type=\"application\/ld+json\" class=\"yoast-schema-graph\">{\"@context\":\"https:\\\/\\\/schema.org\",\"@graph\":[{\"@type\":\"Article\",\"@id\":\"https:\\\/\\\/lasentinelle.dz\\\/index.php\\\/2025\\\/10\\\/20\\\/gaz-naturel-le-gecf-mise-sur-un-doublement-de-la-demande-africaine-dici-2050\\\/#article\",\"isPartOf\":{\"@id\":\"https:\\\/\\\/lasentinelle.dz\\\/index.php\\\/2025\\\/10\\\/20\\\/gaz-naturel-le-gecf-mise-sur-un-doublement-de-la-demande-africaine-dici-2050\\\/\"},\"author\":{\"name\":\"admin\",\"@id\":\"https:\\\/\\\/lasentinelle.dz\\\/#\\\/schema\\\/person\\\/729ee0024f24e0b8c5ec17232f8e8b41\"},\"headline\":\"Gaz naturel\u00a0: Le GECF mise sur un doublement de la demande africaine d&rsquo;ici 2050\",\"datePublished\":\"2025-10-20T12:10:00+00:00\",\"dateModified\":\"2025-10-20T12:10:01+00:00\",\"mainEntityOfPage\":{\"@id\":\"https:\\\/\\\/lasentinelle.dz\\\/index.php\\\/2025\\\/10\\\/20\\\/gaz-naturel-le-gecf-mise-sur-un-doublement-de-la-demande-africaine-dici-2050\\\/\"},\"wordCount\":425,\"commentCount\":0,\"publisher\":{\"@id\":\"https:\\\/\\\/lasentinelle.dz\\\/#organization\"},\"image\":{\"@id\":\"https:\\\/\\\/lasentinelle.dz\\\/index.php\\\/2025\\\/10\\\/20\\\/gaz-naturel-le-gecf-mise-sur-un-doublement-de-la-demande-africaine-dici-2050\\\/#primaryimage\"},\"thumbnailUrl\":\"https:\\\/\\\/lasentinelle.dz\\\/wp-content\\\/uploads\\\/2023\\\/10\\\/GECF.jpeg\",\"articleSection\":[\"\u00c9conomie\"],\"inLanguage\":\"fr-FR\",\"potentialAction\":[{\"@type\":\"CommentAction\",\"name\":\"Comment\",\"target\":[\"https:\\\/\\\/lasentinelle.dz\\\/index.php\\\/2025\\\/10\\\/20\\\/gaz-naturel-le-gecf-mise-sur-un-doublement-de-la-demande-africaine-dici-2050\\\/#respond\"]}]},{\"@type\":\"WebPage\",\"@id\":\"https:\\\/\\\/lasentinelle.dz\\\/index.php\\\/2025\\\/10\\\/20\\\/gaz-naturel-le-gecf-mise-sur-un-doublement-de-la-demande-africaine-dici-2050\\\/\",\"url\":\"https:\\\/\\\/lasentinelle.dz\\\/index.php\\\/2025\\\/10\\\/20\\\/gaz-naturel-le-gecf-mise-sur-un-doublement-de-la-demande-africaine-dici-2050\\\/\",\"name\":\"Gaz naturel\u00a0: Le GECF mise sur un doublement de la demande africaine d&rsquo;ici 2050 - La Sentinelle\",\"isPartOf\":{\"@id\":\"https:\\\/\\\/lasentinelle.dz\\\/#website\"},\"primaryImageOfPage\":{\"@id\":\"https:\\\/\\\/lasentinelle.dz\\\/index.php\\\/2025\\\/10\\\/20\\\/gaz-naturel-le-gecf-mise-sur-un-doublement-de-la-demande-africaine-dici-2050\\\/#primaryimage\"},\"image\":{\"@id\":\"https:\\\/\\\/lasentinelle.dz\\\/index.php\\\/2025\\\/10\\\/20\\\/gaz-naturel-le-gecf-mise-sur-un-doublement-de-la-demande-africaine-dici-2050\\\/#primaryimage\"},\"thumbnailUrl\":\"https:\\\/\\\/lasentinelle.dz\\\/wp-content\\\/uploads\\\/2023\\\/10\\\/GECF.jpeg\",\"datePublished\":\"2025-10-20T12:10:00+00:00\",\"dateModified\":\"2025-10-20T12:10:01+00:00\",\"breadcrumb\":{\"@id\":\"https:\\\/\\\/lasentinelle.dz\\\/index.php\\\/2025\\\/10\\\/20\\\/gaz-naturel-le-gecf-mise-sur-un-doublement-de-la-demande-africaine-dici-2050\\\/#breadcrumb\"},\"inLanguage\":\"fr-FR\",\"potentialAction\":[{\"@type\":\"ReadAction\",\"target\":[\"https:\\\/\\\/lasentinelle.dz\\\/index.php\\\/2025\\\/10\\\/20\\\/gaz-naturel-le-gecf-mise-sur-un-doublement-de-la-demande-africaine-dici-2050\\\/\"]}]},{\"@type\":\"ImageObject\",\"inLanguage\":\"fr-FR\",\"@id\":\"https:\\\/\\\/lasentinelle.dz\\\/index.php\\\/2025\\\/10\\\/20\\\/gaz-naturel-le-gecf-mise-sur-un-doublement-de-la-demande-africaine-dici-2050\\\/#primaryimage\",\"url\":\"https:\\\/\\\/lasentinelle.dz\\\/wp-content\\\/uploads\\\/2023\\\/10\\\/GECF.jpeg\",\"contentUrl\":\"https:\\\/\\\/lasentinelle.dz\\\/wp-content\\\/uploads\\\/2023\\\/10\\\/GECF.jpeg\",\"width\":340,\"height\":200},{\"@type\":\"BreadcrumbList\",\"@id\":\"https:\\\/\\\/lasentinelle.dz\\\/index.php\\\/2025\\\/10\\\/20\\\/gaz-naturel-le-gecf-mise-sur-un-doublement-de-la-demande-africaine-dici-2050\\\/#breadcrumb\",\"itemListElement\":[{\"@type\":\"ListItem\",\"position\":1,\"name\":\"Accueil\",\"item\":\"https:\\\/\\\/lasentinelle.dz\\\/\"},{\"@type\":\"ListItem\",\"position\":2,\"name\":\"Gaz naturel\u00a0: Le GECF mise sur un doublement de la demande africaine d&rsquo;ici 2050\"}]},{\"@type\":\"WebSite\",\"@id\":\"https:\\\/\\\/lasentinelle.dz\\\/#website\",\"url\":\"https:\\\/\\\/lasentinelle.dz\\\/\",\"name\":\"La Sentinelle\",\"description\":\"Quotidien national d&#039;information\",\"publisher\":{\"@id\":\"https:\\\/\\\/lasentinelle.dz\\\/#organization\"},\"potentialAction\":[{\"@type\":\"SearchAction\",\"target\":{\"@type\":\"EntryPoint\",\"urlTemplate\":\"https:\\\/\\\/lasentinelle.dz\\\/?s={search_term_string}\"},\"query-input\":{\"@type\":\"PropertyValueSpecification\",\"valueRequired\":true,\"valueName\":\"search_term_string\"}}],\"inLanguage\":\"fr-FR\"},{\"@type\":\"Organization\",\"@id\":\"https:\\\/\\\/lasentinelle.dz\\\/#organization\",\"name\":\"Quotidien La Sentinelle\",\"url\":\"https:\\\/\\\/lasentinelle.dz\\\/\",\"logo\":{\"@type\":\"ImageObject\",\"inLanguage\":\"fr-FR\",\"@id\":\"https:\\\/\\\/lasentinelle.dz\\\/#\\\/schema\\\/logo\\\/image\\\/\",\"url\":\"https:\\\/\\\/lasentinelle.dz\\\/wp-content\\\/uploads\\\/2021\\\/09\\\/logo-sentinelleSLOGAN-1.png\",\"contentUrl\":\"https:\\\/\\\/lasentinelle.dz\\\/wp-content\\\/uploads\\\/2021\\\/09\\\/logo-sentinelleSLOGAN-1.png\",\"width\":615,\"height\":142,\"caption\":\"Quotidien La Sentinelle\"},\"image\":{\"@id\":\"https:\\\/\\\/lasentinelle.dz\\\/#\\\/schema\\\/logo\\\/image\\\/\"},\"sameAs\":[\"https:\\\/\\\/www.facebook.com\\\/La-Sentinelle-104059864394773\"]},{\"@type\":\"Person\",\"@id\":\"https:\\\/\\\/lasentinelle.dz\\\/#\\\/schema\\\/person\\\/729ee0024f24e0b8c5ec17232f8e8b41\",\"name\":\"admin\",\"image\":{\"@type\":\"ImageObject\",\"inLanguage\":\"fr-FR\",\"@id\":\"https:\\\/\\\/secure.gravatar.com\\\/avatar\\\/4c81fed838786e9b53f540bf46533e750f5d292099ae3b66cfc6fb1982e29df7?s=96&d=mm&r=g\",\"url\":\"https:\\\/\\\/secure.gravatar.com\\\/avatar\\\/4c81fed838786e9b53f540bf46533e750f5d292099ae3b66cfc6fb1982e29df7?s=96&d=mm&r=g\",\"contentUrl\":\"https:\\\/\\\/secure.gravatar.com\\\/avatar\\\/4c81fed838786e9b53f540bf46533e750f5d292099ae3b66cfc6fb1982e29df7?s=96&d=mm&r=g\",\"caption\":\"admin\"},\"description\":\"admin\",\"url\":\"https:\\\/\\\/lasentinelle.dz\\\/author\\\/admin\\\/\"}]}<\/script>\n<!-- \/ Yoast SEO plugin. -->","yoast_head_json":{"title":"Gaz naturel\u00a0: Le GECF mise sur un doublement de la demande africaine d&rsquo;ici 2050 - La Sentinelle","robots":{"index":"index","follow":"follow","max-snippet":"max-snippet:-1","max-image-preview":"max-image-preview:large","max-video-preview":"max-video-preview:-1"},"canonical":"https:\/\/lasentinelle.dz\/index.php\/2025\/10\/20\/gaz-naturel-le-gecf-mise-sur-un-doublement-de-la-demande-africaine-dici-2050\/","og_locale":"fr_FR","og_type":"article","og_title":"Gaz naturel\u00a0: Le GECF mise sur un doublement de la demande africaine d&rsquo;ici 2050 - La Sentinelle","og_description":"Le secr\u00e9taire g\u00e9n\u00e9ral du Forum des pays exportateurs de gaz (GECF),&nbsp; Mohamed Hamel, a pr\u00e9sent\u00e9 lors de la Semaine russe","og_url":"https:\/\/lasentinelle.dz\/index.php\/2025\/10\/20\/gaz-naturel-le-gecf-mise-sur-un-doublement-de-la-demande-africaine-dici-2050\/","og_site_name":"La Sentinelle","article_publisher":"https:\/\/www.facebook.com\/La-Sentinelle-104059864394773","article_published_time":"2025-10-20T12:10:00+00:00","article_modified_time":"2025-10-20T12:10:01+00:00","og_image":[{"width":340,"height":200,"url":"https:\/\/lasentinelle.dz\/wp-content\/uploads\/2023\/10\/GECF.jpeg","type":"image\/jpeg"}],"author":"admin","twitter_card":"summary_large_image","twitter_misc":{"\u00c9crit par":"admin","Dur\u00e9e de lecture estim\u00e9e":"2 minutes"},"schema":{"@context":"https:\/\/schema.org","@graph":[{"@type":"Article","@id":"https:\/\/lasentinelle.dz\/index.php\/2025\/10\/20\/gaz-naturel-le-gecf-mise-sur-un-doublement-de-la-demande-africaine-dici-2050\/#article","isPartOf":{"@id":"https:\/\/lasentinelle.dz\/index.php\/2025\/10\/20\/gaz-naturel-le-gecf-mise-sur-un-doublement-de-la-demande-africaine-dici-2050\/"},"author":{"name":"admin","@id":"https:\/\/lasentinelle.dz\/#\/schema\/person\/729ee0024f24e0b8c5ec17232f8e8b41"},"headline":"Gaz naturel\u00a0: Le GECF mise sur un doublement de la demande africaine d&rsquo;ici 2050","datePublished":"2025-10-20T12:10:00+00:00","dateModified":"2025-10-20T12:10:01+00:00","mainEntityOfPage":{"@id":"https:\/\/lasentinelle.dz\/index.php\/2025\/10\/20\/gaz-naturel-le-gecf-mise-sur-un-doublement-de-la-demande-africaine-dici-2050\/"},"wordCount":425,"commentCount":0,"publisher":{"@id":"https:\/\/lasentinelle.dz\/#organization"},"image":{"@id":"https:\/\/lasentinelle.dz\/index.php\/2025\/10\/20\/gaz-naturel-le-gecf-mise-sur-un-doublement-de-la-demande-africaine-dici-2050\/#primaryimage"},"thumbnailUrl":"https:\/\/lasentinelle.dz\/wp-content\/uploads\/2023\/10\/GECF.jpeg","articleSection":["\u00c9conomie"],"inLanguage":"fr-FR","potentialAction":[{"@type":"CommentAction","name":"Comment","target":["https:\/\/lasentinelle.dz\/index.php\/2025\/10\/20\/gaz-naturel-le-gecf-mise-sur-un-doublement-de-la-demande-africaine-dici-2050\/#respond"]}]},{"@type":"WebPage","@id":"https:\/\/lasentinelle.dz\/index.php\/2025\/10\/20\/gaz-naturel-le-gecf-mise-sur-un-doublement-de-la-demande-africaine-dici-2050\/","url":"https:\/\/lasentinelle.dz\/index.php\/2025\/10\/20\/gaz-naturel-le-gecf-mise-sur-un-doublement-de-la-demande-africaine-dici-2050\/","name":"Gaz naturel\u00a0: Le GECF mise sur un doublement de la demande africaine d&rsquo;ici 2050 - La Sentinelle","isPartOf":{"@id":"https:\/\/lasentinelle.dz\/#website"},"primaryImageOfPage":{"@id":"https:\/\/lasentinelle.dz\/index.php\/2025\/10\/20\/gaz-naturel-le-gecf-mise-sur-un-doublement-de-la-demande-africaine-dici-2050\/#primaryimage"},"image":{"@id":"https:\/\/lasentinelle.dz\/index.php\/2025\/10\/20\/gaz-naturel-le-gecf-mise-sur-un-doublement-de-la-demande-africaine-dici-2050\/#primaryimage"},"thumbnailUrl":"https:\/\/lasentinelle.dz\/wp-content\/uploads\/2023\/10\/GECF.jpeg","datePublished":"2025-10-20T12:10:00+00:00","dateModified":"2025-10-20T12:10:01+00:00","breadcrumb":{"@id":"https:\/\/lasentinelle.dz\/index.php\/2025\/10\/20\/gaz-naturel-le-gecf-mise-sur-un-doublement-de-la-demande-africaine-dici-2050\/#breadcrumb"},"inLanguage":"fr-FR","potentialAction":[{"@type":"ReadAction","target":["https:\/\/lasentinelle.dz\/index.php\/2025\/10\/20\/gaz-naturel-le-gecf-mise-sur-un-doublement-de-la-demande-africaine-dici-2050\/"]}]},{"@type":"ImageObject","inLanguage":"fr-FR","@id":"https:\/\/lasentinelle.dz\/index.php\/2025\/10\/20\/gaz-naturel-le-gecf-mise-sur-un-doublement-de-la-demande-africaine-dici-2050\/#primaryimage","url":"https:\/\/lasentinelle.dz\/wp-content\/uploads\/2023\/10\/GECF.jpeg","contentUrl":"https:\/\/lasentinelle.dz\/wp-content\/uploads\/2023\/10\/GECF.jpeg","width":340,"height":200},{"@type":"BreadcrumbList","@id":"https:\/\/lasentinelle.dz\/index.php\/2025\/10\/20\/gaz-naturel-le-gecf-mise-sur-un-doublement-de-la-demande-africaine-dici-2050\/#breadcrumb","itemListElement":[{"@type":"ListItem","position":1,"name":"Accueil","item":"https:\/\/lasentinelle.dz\/"},{"@type":"ListItem","position":2,"name":"Gaz naturel\u00a0: Le GECF mise sur un doublement de la demande africaine d&rsquo;ici 2050"}]},{"@type":"WebSite","@id":"https:\/\/lasentinelle.dz\/#website","url":"https:\/\/lasentinelle.dz\/","name":"La Sentinelle","description":"Quotidien national d&#039;information","publisher":{"@id":"https:\/\/lasentinelle.dz\/#organization"},"potentialAction":[{"@type":"SearchAction","target":{"@type":"EntryPoint","urlTemplate":"https:\/\/lasentinelle.dz\/?s={search_term_string}"},"query-input":{"@type":"PropertyValueSpecification","valueRequired":true,"valueName":"search_term_string"}}],"inLanguage":"fr-FR"},{"@type":"Organization","@id":"https:\/\/lasentinelle.dz\/#organization","name":"Quotidien La Sentinelle","url":"https:\/\/lasentinelle.dz\/","logo":{"@type":"ImageObject","inLanguage":"fr-FR","@id":"https:\/\/lasentinelle.dz\/#\/schema\/logo\/image\/","url":"https:\/\/lasentinelle.dz\/wp-content\/uploads\/2021\/09\/logo-sentinelleSLOGAN-1.png","contentUrl":"https:\/\/lasentinelle.dz\/wp-content\/uploads\/2021\/09\/logo-sentinelleSLOGAN-1.png","width":615,"height":142,"caption":"Quotidien La Sentinelle"},"image":{"@id":"https:\/\/lasentinelle.dz\/#\/schema\/logo\/image\/"},"sameAs":["https:\/\/www.facebook.com\/La-Sentinelle-104059864394773"]},{"@type":"Person","@id":"https:\/\/lasentinelle.dz\/#\/schema\/person\/729ee0024f24e0b8c5ec17232f8e8b41","name":"admin","image":{"@type":"ImageObject","inLanguage":"fr-FR","@id":"https:\/\/secure.gravatar.com\/avatar\/4c81fed838786e9b53f540bf46533e750f5d292099ae3b66cfc6fb1982e29df7?s=96&d=mm&r=g","url":"https:\/\/secure.gravatar.com\/avatar\/4c81fed838786e9b53f540bf46533e750f5d292099ae3b66cfc6fb1982e29df7?s=96&d=mm&r=g","contentUrl":"https:\/\/secure.gravatar.com\/avatar\/4c81fed838786e9b53f540bf46533e750f5d292099ae3b66cfc6fb1982e29df7?s=96&d=mm&r=g","caption":"admin"},"description":"admin","url":"https:\/\/lasentinelle.dz\/author\/admin\/"}]}},"_links":{"self":[{"href":"https:\/\/lasentinelle.dz\/index.php\/wp-json\/wp\/v2\/posts\/74941","targetHints":{"allow":["GET"]}}],"collection":[{"href":"https:\/\/lasentinelle.dz\/index.php\/wp-json\/wp\/v2\/posts"}],"about":[{"href":"https:\/\/lasentinelle.dz\/index.php\/wp-json\/wp\/v2\/types\/post"}],"author":[{"embeddable":true,"href":"https:\/\/lasentinelle.dz\/index.php\/wp-json\/wp\/v2\/users\/6"}],"replies":[{"embeddable":true,"href":"https:\/\/lasentinelle.dz\/index.php\/wp-json\/wp\/v2\/comments?post=74941"}],"version-history":[{"count":2,"href":"https:\/\/lasentinelle.dz\/index.php\/wp-json\/wp\/v2\/posts\/74941\/revisions"}],"predecessor-version":[{"id":74943,"href":"https:\/\/lasentinelle.dz\/index.php\/wp-json\/wp\/v2\/posts\/74941\/revisions\/74943"}],"wp:featuredmedia":[{"embeddable":true,"href":"https:\/\/lasentinelle.dz\/index.php\/wp-json\/wp\/v2\/media\/46184"}],"wp:attachment":[{"href":"https:\/\/lasentinelle.dz\/index.php\/wp-json\/wp\/v2\/media?parent=74941"}],"wp:term":[{"taxonomy":"category","embeddable":true,"href":"https:\/\/lasentinelle.dz\/index.php\/wp-json\/wp\/v2\/categories?post=74941"},{"taxonomy":"post_tag","embeddable":true,"href":"https:\/\/lasentinelle.dz\/index.php\/wp-json\/wp\/v2\/tags?post=74941"}],"curies":[{"name":"wp","href":"https:\/\/api.w.org\/{rel}","templated":true}]}}