{"id":74984,"date":"2025-10-21T13:10:31","date_gmt":"2025-10-21T12:10:31","guid":{"rendered":"https:\/\/lasentinelle.dz\/?p=74984"},"modified":"2025-10-21T13:10:32","modified_gmt":"2025-10-21T12:10:32","slug":"face-a-la-colere-populaire-le-makhzen-intensifie-la-repression","status":"publish","type":"post","link":"https:\/\/lasentinelle.dz\/index.php\/2025\/10\/21\/face-a-la-colere-populaire-le-makhzen-intensifie-la-repression\/","title":{"rendered":"Face \u00e0 la col\u00e8re populaire\u00a0: Le Makhzen intensifie la r\u00e9pression"},"content":{"rendered":"\n<p>Le r\u00e9gime marocain r\u00e9pond par la force brute \u00e0 la contestation sociale qui secoue le royaume depuis le 27 septembre.<\/p>\n\n\n\n<p>Plus de 600 personnes ont \u00e9t\u00e9 interpell\u00e9es ces derniers jours, dont une centaine d&rsquo;enfants et de mineurs, selon l&rsquo;Instance marocaine de soutien aux prisonniers politiques (Himam). Ces chiffres, que l&rsquo;organisation qualifie de \u00ab\u00a0terrifiants\u00a0\u00bb, n&rsquo;incluent m\u00eame pas les personnes d\u00e9tenues puis rel\u00e2ch\u00e9es par la police, t\u00e9moignant de l&rsquo;ampleur d&rsquo;une campagne r\u00e9pressive sans pr\u00e9c\u00e9dent. Dans un communiqu\u00e9 sans concession, Himam d\u00e9nonce une d\u00e9rive autoritaire qui \u00ab\u00a0refl\u00e8te l&rsquo;ampleur des atteintes port\u00e9es \u00e0 l&rsquo;encontre du droit, de la libert\u00e9 et l&rsquo;int\u00e9grit\u00e9 physique et morale\u00a0\u00bb des citoyens. L&rsquo;instance s&rsquo;alarme particuli\u00e8rement des arrestations massives de mineurs, qu&rsquo;elle consid\u00e8re comme une \u00ab\u00a0violation \u00e9vidente des proc\u00e9dures p\u00e9nales\u00a0\u00bb. Elle note avec une pr\u00e9occupation croissante \u00ab\u00a0la r\u00e9duction inqui\u00e9tante des espaces d&rsquo;expression\u00a0\u00bb au Maroc, signe d&rsquo;un r\u00e9gime qui privil\u00e9gie d\u00e9sormais ouvertement \u00ab\u00a0l&rsquo;approche s\u00e9curitaire au d\u00e9triment du droit\u00a0\u00bb. L&rsquo;Association marocaine de d\u00e9fense des droits de l&rsquo;Homme enfonce le clou en d\u00e9non\u00e7ant \u00ab\u00a0la poursuite de la r\u00e9pression\u00a0\u00bb contre des jeunes manifestant pacifiquement pour des revendications l\u00e9gitimes. L&rsquo;organisation pointe du doigt le nombre \u00ab\u00a0excessif\u00a0\u00bb d&rsquo;arrestations et les \u00ab\u00a0nombreux d\u00e9passements et les verdicts abusifs \u00e0 l&rsquo;encontre des pr\u00e9venus dont des mineurs\u00a0\u00bb. Plus grave encore, elle accuse les autorit\u00e9s d&rsquo;inculper sans preuves de nombreuses personnes \u00ab\u00a0afin de justifier les actes de violences qu&rsquo;elles ont subies\u00a0\u00bb, instaurant un v\u00e9ritable \u00ab\u00a0climat de terreur\u00a0\u00bb dans le royaume. La r\u00e9pression judiciaire frappe avec une s\u00e9v\u00e9rit\u00e9 calcul\u00e9e pour briser le mouvement. Jeudi dernier, un manifestant a \u00e9cop\u00e9 de cinq ans de prison ferme, tandis qu&rsquo;un autre avait \u00e9t\u00e9 condamn\u00e9 la veille \u00e0 une ann\u00e9e d&#8217;emprisonnement. Ces peines dissuasives s&rsquo;inscrivent dans une strat\u00e9gie de terreur destin\u00e9e \u00e0 d\u00e9courager toute vell\u00e9it\u00e9 de contestation. Mais elles ne suffisent pas \u00e0 \u00e9teindre la col\u00e8re d&rsquo;une jeunesse qui a fait sienne le slogan : \u00ab\u00a0Restez sereins, nous poursuivrons la lutte\u00a0\u00bb. Le parti de la Voie d\u00e9mocratique s&rsquo;insurge contre cette escalade r\u00e9pressive et d\u00e9nonce notamment les tirs \u00e0 balles r\u00e9elles contre les manifestants. Pour cette formation politique, ces agissements refl\u00e8tent \u00ab\u00a0la corruption et la tyrannie qui caract\u00e9risent le r\u00e9gime\u00a0\u00bb marocain, un syst\u00e8me bloqu\u00e9 qui ne peut r\u00e9pondre aux aspirations populaires que par la violence.<\/p>\n\n\n\n<p>Samedi, malgr\u00e9 la r\u00e9pression f\u00e9roce, les manifestations ont repris dans une douzaine de villes du royaume. \u00c0 Rabat, Casablanca et Tanger, les jeunes du mouvement GenZ 212, fort de ses 200 000 membres sur les r\u00e9seaux sociaux, ont ajout\u00e9 une nouvelle revendication \u00e0 leur cahier de dol\u00e9ances : la lib\u00e9ration imm\u00e9diate de leurs camarades emprisonn\u00e9s. Ils appellent d\u00e9sormais au boycott de la CAN 2025, dont les stades co\u00fbteux incarnent le gaspillage des deniers publics pendant que les h\u00f4pitaux manquent de tout. Car derri\u00e8re cette r\u00e9pression se cache l&rsquo;incapacit\u00e9 chronique du r\u00e9gime \u00e0 r\u00e9pondre aux besoins \u00e9l\u00e9mentaires de sa population. Avec une dette publique d\u00e9passant les 100% du PIB en 2025 et un service de la dette qui repr\u00e9sente plus de dix fois le budget de la sant\u00e9 publique, la monarchie a choisi de museler une contestation qu&rsquo;elle ne peut satisfaire. Le discours royal du 10 octobre devant le parlement, qui a d\u00e9lib\u00e9r\u00e9ment ignor\u00e9 les revendications du mouvement GenZ 212, a sonn\u00e9 comme un aveu d&rsquo;impuissance d\u00e9guis\u00e9 en m\u00e9pris. Le bilan humain de cette r\u00e9pression s&rsquo;alourdit. Trois jeunes ont d\u00e9j\u00e0 \u00e9t\u00e9 tu\u00e9s par les gendarmes dans la nuit du 1er octobre. Des centaines d&rsquo;autres croupissent dans les ge\u00f4les du royaume pour avoir os\u00e9 r\u00e9clamer des h\u00f4pitaux au lieu de stades. Le Makhzen a choisi son camp : celui de la r\u00e9pression aveugle plut\u00f4t que celui de l&rsquo;\u00e9coute et du dialogue. Mais \u00e0 tout juste deux mois du coup d&rsquo;envoi de la CAN 2025, cette strat\u00e9gie du pire pourrait bien se retourner contre un pouvoir qui refuse obstin\u00e9ment de voir que la col\u00e8re populaire n&rsquo;en est qu&rsquo;\u00e0 son d\u00e9but.<\/p>\n\n\n\n<p>Lyes Sa\u00efdi<\/p>\n","protected":false},"excerpt":{"rendered":"<p>Le r\u00e9gime marocain r\u00e9pond par la force brute \u00e0 la contestation sociale qui secoue le royaume depuis le 27 septembre.<\/p>\n","protected":false},"author":6,"featured_media":73880,"comment_status":"open","ping_status":"closed","sticky":false,"template":"","format":"standard","meta":{"colormag_page_container_layout":"default_layout","colormag_page_sidebar_layout":"default_layout","om_disable_all_campaigns":false,"_monsterinsights_skip_tracking":false,"_monsterinsights_sitenote_active":false,"_monsterinsights_sitenote_note":"","_monsterinsights_sitenote_category":0,"footnotes":"","_wpscppro_dont_share_socialmedia":false,"_wpscppro_custom_social_share_image":0,"_facebook_share_type":"default","_twitter_share_type":"default","_linkedin_share_type":"default","_pinterest_share_type":"default","_linkedin_share_type_page":"","_instagram_share_type":"default","_medium_share_type":"default","_threads_share_type":"default","_google_business_share_type":"default","_selected_social_profile":[],"_wpsp_enable_custom_social_template":false,"_wpsp_social_scheduling":{"enabled":false,"datetime":null,"platforms":[],"status":"template_only","dateOption":"today","timeOption":"now","customDays":"","customHours":"","customDate":"","customTime":"","schedulingType":"absolute"},"_wpsp_active_default_template":true},"categories":[52,37],"tags":[],"class_list":["post-74984","post","type-post","status-publish","format-standard","has-post-thumbnail","hentry","category-a-la-une","category-monde"],"aioseo_notices":[],"yoast_head":"<!-- This site is optimized with the Yoast SEO plugin v27.4 - https:\/\/yoast.com\/product\/yoast-seo-wordpress\/ -->\n<title>Face \u00e0 la col\u00e8re populaire\u00a0: Le Makhzen intensifie la r\u00e9pression - La Sentinelle<\/title>\n<meta name=\"robots\" content=\"index, follow, max-snippet:-1, max-image-preview:large, max-video-preview:-1\" \/>\n<link rel=\"canonical\" href=\"https:\/\/lasentinelle.dz\/index.php\/2025\/10\/21\/face-a-la-colere-populaire-le-makhzen-intensifie-la-repression\/\" \/>\n<meta property=\"og:locale\" content=\"fr_FR\" \/>\n<meta property=\"og:type\" content=\"article\" \/>\n<meta property=\"og:title\" content=\"Face \u00e0 la col\u00e8re populaire\u00a0: Le Makhzen intensifie la r\u00e9pression - La Sentinelle\" \/>\n<meta property=\"og:description\" content=\"Le r\u00e9gime marocain r\u00e9pond par la force brute \u00e0 la contestation sociale qui secoue le royaume depuis le 27 septembre.\" \/>\n<meta property=\"og:url\" content=\"https:\/\/lasentinelle.dz\/index.php\/2025\/10\/21\/face-a-la-colere-populaire-le-makhzen-intensifie-la-repression\/\" \/>\n<meta property=\"og:site_name\" content=\"La Sentinelle\" \/>\n<meta property=\"article:publisher\" content=\"https:\/\/www.facebook.com\/La-Sentinelle-104059864394773\" \/>\n<meta property=\"article:published_time\" content=\"2025-10-21T12:10:31+00:00\" \/>\n<meta property=\"article:modified_time\" content=\"2025-10-21T12:10:32+00:00\" \/>\n<meta property=\"og:image\" content=\"https:\/\/lasentinelle.dz\/wp-content\/uploads\/2025\/09\/maroc.webp\" \/>\n\t<meta property=\"og:image:width\" content=\"734\" \/>\n\t<meta property=\"og:image:height\" content=\"489\" \/>\n\t<meta property=\"og:image:type\" content=\"image\/webp\" \/>\n<meta name=\"author\" content=\"admin\" \/>\n<meta name=\"twitter:card\" content=\"summary_large_image\" \/>\n<meta name=\"twitter:label1\" content=\"\u00c9crit par\" \/>\n\t<meta name=\"twitter:data1\" content=\"admin\" \/>\n\t<meta name=\"twitter:label2\" content=\"Dur\u00e9e de lecture estim\u00e9e\" \/>\n\t<meta name=\"twitter:data2\" content=\"4 minutes\" \/>\n<script type=\"application\/ld+json\" class=\"yoast-schema-graph\">{\"@context\":\"https:\\\/\\\/schema.org\",\"@graph\":[{\"@type\":\"Article\",\"@id\":\"https:\\\/\\\/lasentinelle.dz\\\/index.php\\\/2025\\\/10\\\/21\\\/face-a-la-colere-populaire-le-makhzen-intensifie-la-repression\\\/#article\",\"isPartOf\":{\"@id\":\"https:\\\/\\\/lasentinelle.dz\\\/index.php\\\/2025\\\/10\\\/21\\\/face-a-la-colere-populaire-le-makhzen-intensifie-la-repression\\\/\"},\"author\":{\"name\":\"admin\",\"@id\":\"https:\\\/\\\/lasentinelle.dz\\\/#\\\/schema\\\/person\\\/729ee0024f24e0b8c5ec17232f8e8b41\"},\"headline\":\"Face \u00e0 la col\u00e8re populaire\u00a0: Le Makhzen intensifie la r\u00e9pression\",\"datePublished\":\"2025-10-21T12:10:31+00:00\",\"dateModified\":\"2025-10-21T12:10:32+00:00\",\"mainEntityOfPage\":{\"@id\":\"https:\\\/\\\/lasentinelle.dz\\\/index.php\\\/2025\\\/10\\\/21\\\/face-a-la-colere-populaire-le-makhzen-intensifie-la-repression\\\/\"},\"wordCount\":738,\"commentCount\":0,\"publisher\":{\"@id\":\"https:\\\/\\\/lasentinelle.dz\\\/#organization\"},\"image\":{\"@id\":\"https:\\\/\\\/lasentinelle.dz\\\/index.php\\\/2025\\\/10\\\/21\\\/face-a-la-colere-populaire-le-makhzen-intensifie-la-repression\\\/#primaryimage\"},\"thumbnailUrl\":\"https:\\\/\\\/lasentinelle.dz\\\/wp-content\\\/uploads\\\/2025\\\/09\\\/maroc.webp\",\"articleSection\":[\"\u00c0 la Une\",\"Monde\"],\"inLanguage\":\"fr-FR\",\"potentialAction\":[{\"@type\":\"CommentAction\",\"name\":\"Comment\",\"target\":[\"https:\\\/\\\/lasentinelle.dz\\\/index.php\\\/2025\\\/10\\\/21\\\/face-a-la-colere-populaire-le-makhzen-intensifie-la-repression\\\/#respond\"]}]},{\"@type\":\"WebPage\",\"@id\":\"https:\\\/\\\/lasentinelle.dz\\\/index.php\\\/2025\\\/10\\\/21\\\/face-a-la-colere-populaire-le-makhzen-intensifie-la-repression\\\/\",\"url\":\"https:\\\/\\\/lasentinelle.dz\\\/index.php\\\/2025\\\/10\\\/21\\\/face-a-la-colere-populaire-le-makhzen-intensifie-la-repression\\\/\",\"name\":\"Face \u00e0 la col\u00e8re populaire\u00a0: Le Makhzen intensifie la r\u00e9pression - La Sentinelle\",\"isPartOf\":{\"@id\":\"https:\\\/\\\/lasentinelle.dz\\\/#website\"},\"primaryImageOfPage\":{\"@id\":\"https:\\\/\\\/lasentinelle.dz\\\/index.php\\\/2025\\\/10\\\/21\\\/face-a-la-colere-populaire-le-makhzen-intensifie-la-repression\\\/#primaryimage\"},\"image\":{\"@id\":\"https:\\\/\\\/lasentinelle.dz\\\/index.php\\\/2025\\\/10\\\/21\\\/face-a-la-colere-populaire-le-makhzen-intensifie-la-repression\\\/#primaryimage\"},\"thumbnailUrl\":\"https:\\\/\\\/lasentinelle.dz\\\/wp-content\\\/uploads\\\/2025\\\/09\\\/maroc.webp\",\"datePublished\":\"2025-10-21T12:10:31+00:00\",\"dateModified\":\"2025-10-21T12:10:32+00:00\",\"breadcrumb\":{\"@id\":\"https:\\\/\\\/lasentinelle.dz\\\/index.php\\\/2025\\\/10\\\/21\\\/face-a-la-colere-populaire-le-makhzen-intensifie-la-repression\\\/#breadcrumb\"},\"inLanguage\":\"fr-FR\",\"potentialAction\":[{\"@type\":\"ReadAction\",\"target\":[\"https:\\\/\\\/lasentinelle.dz\\\/index.php\\\/2025\\\/10\\\/21\\\/face-a-la-colere-populaire-le-makhzen-intensifie-la-repression\\\/\"]}]},{\"@type\":\"ImageObject\",\"inLanguage\":\"fr-FR\",\"@id\":\"https:\\\/\\\/lasentinelle.dz\\\/index.php\\\/2025\\\/10\\\/21\\\/face-a-la-colere-populaire-le-makhzen-intensifie-la-repression\\\/#primaryimage\",\"url\":\"https:\\\/\\\/lasentinelle.dz\\\/wp-content\\\/uploads\\\/2025\\\/09\\\/maroc.webp\",\"contentUrl\":\"https:\\\/\\\/lasentinelle.dz\\\/wp-content\\\/uploads\\\/2025\\\/09\\\/maroc.webp\",\"width\":734,\"height\":489},{\"@type\":\"BreadcrumbList\",\"@id\":\"https:\\\/\\\/lasentinelle.dz\\\/index.php\\\/2025\\\/10\\\/21\\\/face-a-la-colere-populaire-le-makhzen-intensifie-la-repression\\\/#breadcrumb\",\"itemListElement\":[{\"@type\":\"ListItem\",\"position\":1,\"name\":\"Accueil\",\"item\":\"https:\\\/\\\/lasentinelle.dz\\\/\"},{\"@type\":\"ListItem\",\"position\":2,\"name\":\"Face \u00e0 la col\u00e8re populaire\u00a0: Le Makhzen intensifie la r\u00e9pression\"}]},{\"@type\":\"WebSite\",\"@id\":\"https:\\\/\\\/lasentinelle.dz\\\/#website\",\"url\":\"https:\\\/\\\/lasentinelle.dz\\\/\",\"name\":\"La Sentinelle\",\"description\":\"Quotidien national d&#039;information\",\"publisher\":{\"@id\":\"https:\\\/\\\/lasentinelle.dz\\\/#organization\"},\"potentialAction\":[{\"@type\":\"SearchAction\",\"target\":{\"@type\":\"EntryPoint\",\"urlTemplate\":\"https:\\\/\\\/lasentinelle.dz\\\/?s={search_term_string}\"},\"query-input\":{\"@type\":\"PropertyValueSpecification\",\"valueRequired\":true,\"valueName\":\"search_term_string\"}}],\"inLanguage\":\"fr-FR\"},{\"@type\":\"Organization\",\"@id\":\"https:\\\/\\\/lasentinelle.dz\\\/#organization\",\"name\":\"Quotidien La Sentinelle\",\"url\":\"https:\\\/\\\/lasentinelle.dz\\\/\",\"logo\":{\"@type\":\"ImageObject\",\"inLanguage\":\"fr-FR\",\"@id\":\"https:\\\/\\\/lasentinelle.dz\\\/#\\\/schema\\\/logo\\\/image\\\/\",\"url\":\"https:\\\/\\\/lasentinelle.dz\\\/wp-content\\\/uploads\\\/2021\\\/09\\\/logo-sentinelleSLOGAN-1.png\",\"contentUrl\":\"https:\\\/\\\/lasentinelle.dz\\\/wp-content\\\/uploads\\\/2021\\\/09\\\/logo-sentinelleSLOGAN-1.png\",\"width\":615,\"height\":142,\"caption\":\"Quotidien La Sentinelle\"},\"image\":{\"@id\":\"https:\\\/\\\/lasentinelle.dz\\\/#\\\/schema\\\/logo\\\/image\\\/\"},\"sameAs\":[\"https:\\\/\\\/www.facebook.com\\\/La-Sentinelle-104059864394773\"]},{\"@type\":\"Person\",\"@id\":\"https:\\\/\\\/lasentinelle.dz\\\/#\\\/schema\\\/person\\\/729ee0024f24e0b8c5ec17232f8e8b41\",\"name\":\"admin\",\"image\":{\"@type\":\"ImageObject\",\"inLanguage\":\"fr-FR\",\"@id\":\"https:\\\/\\\/secure.gravatar.com\\\/avatar\\\/4c81fed838786e9b53f540bf46533e750f5d292099ae3b66cfc6fb1982e29df7?s=96&d=mm&r=g\",\"url\":\"https:\\\/\\\/secure.gravatar.com\\\/avatar\\\/4c81fed838786e9b53f540bf46533e750f5d292099ae3b66cfc6fb1982e29df7?s=96&d=mm&r=g\",\"contentUrl\":\"https:\\\/\\\/secure.gravatar.com\\\/avatar\\\/4c81fed838786e9b53f540bf46533e750f5d292099ae3b66cfc6fb1982e29df7?s=96&d=mm&r=g\",\"caption\":\"admin\"},\"description\":\"admin\",\"url\":\"https:\\\/\\\/lasentinelle.dz\\\/author\\\/admin\\\/\"}]}<\/script>\n<!-- \/ Yoast SEO plugin. -->","yoast_head_json":{"title":"Face \u00e0 la col\u00e8re populaire\u00a0: Le Makhzen intensifie la r\u00e9pression - La Sentinelle","robots":{"index":"index","follow":"follow","max-snippet":"max-snippet:-1","max-image-preview":"max-image-preview:large","max-video-preview":"max-video-preview:-1"},"canonical":"https:\/\/lasentinelle.dz\/index.php\/2025\/10\/21\/face-a-la-colere-populaire-le-makhzen-intensifie-la-repression\/","og_locale":"fr_FR","og_type":"article","og_title":"Face \u00e0 la col\u00e8re populaire\u00a0: Le Makhzen intensifie la r\u00e9pression - La Sentinelle","og_description":"Le r\u00e9gime marocain r\u00e9pond par la force brute \u00e0 la contestation sociale qui secoue le royaume depuis le 27 septembre.","og_url":"https:\/\/lasentinelle.dz\/index.php\/2025\/10\/21\/face-a-la-colere-populaire-le-makhzen-intensifie-la-repression\/","og_site_name":"La Sentinelle","article_publisher":"https:\/\/www.facebook.com\/La-Sentinelle-104059864394773","article_published_time":"2025-10-21T12:10:31+00:00","article_modified_time":"2025-10-21T12:10:32+00:00","og_image":[{"width":734,"height":489,"url":"https:\/\/lasentinelle.dz\/wp-content\/uploads\/2025\/09\/maroc.webp","type":"image\/webp"}],"author":"admin","twitter_card":"summary_large_image","twitter_misc":{"\u00c9crit par":"admin","Dur\u00e9e de lecture estim\u00e9e":"4 minutes"},"schema":{"@context":"https:\/\/schema.org","@graph":[{"@type":"Article","@id":"https:\/\/lasentinelle.dz\/index.php\/2025\/10\/21\/face-a-la-colere-populaire-le-makhzen-intensifie-la-repression\/#article","isPartOf":{"@id":"https:\/\/lasentinelle.dz\/index.php\/2025\/10\/21\/face-a-la-colere-populaire-le-makhzen-intensifie-la-repression\/"},"author":{"name":"admin","@id":"https:\/\/lasentinelle.dz\/#\/schema\/person\/729ee0024f24e0b8c5ec17232f8e8b41"},"headline":"Face \u00e0 la col\u00e8re populaire\u00a0: Le Makhzen intensifie la r\u00e9pression","datePublished":"2025-10-21T12:10:31+00:00","dateModified":"2025-10-21T12:10:32+00:00","mainEntityOfPage":{"@id":"https:\/\/lasentinelle.dz\/index.php\/2025\/10\/21\/face-a-la-colere-populaire-le-makhzen-intensifie-la-repression\/"},"wordCount":738,"commentCount":0,"publisher":{"@id":"https:\/\/lasentinelle.dz\/#organization"},"image":{"@id":"https:\/\/lasentinelle.dz\/index.php\/2025\/10\/21\/face-a-la-colere-populaire-le-makhzen-intensifie-la-repression\/#primaryimage"},"thumbnailUrl":"https:\/\/lasentinelle.dz\/wp-content\/uploads\/2025\/09\/maroc.webp","articleSection":["\u00c0 la Une","Monde"],"inLanguage":"fr-FR","potentialAction":[{"@type":"CommentAction","name":"Comment","target":["https:\/\/lasentinelle.dz\/index.php\/2025\/10\/21\/face-a-la-colere-populaire-le-makhzen-intensifie-la-repression\/#respond"]}]},{"@type":"WebPage","@id":"https:\/\/lasentinelle.dz\/index.php\/2025\/10\/21\/face-a-la-colere-populaire-le-makhzen-intensifie-la-repression\/","url":"https:\/\/lasentinelle.dz\/index.php\/2025\/10\/21\/face-a-la-colere-populaire-le-makhzen-intensifie-la-repression\/","name":"Face \u00e0 la col\u00e8re populaire\u00a0: Le Makhzen intensifie la r\u00e9pression - La Sentinelle","isPartOf":{"@id":"https:\/\/lasentinelle.dz\/#website"},"primaryImageOfPage":{"@id":"https:\/\/lasentinelle.dz\/index.php\/2025\/10\/21\/face-a-la-colere-populaire-le-makhzen-intensifie-la-repression\/#primaryimage"},"image":{"@id":"https:\/\/lasentinelle.dz\/index.php\/2025\/10\/21\/face-a-la-colere-populaire-le-makhzen-intensifie-la-repression\/#primaryimage"},"thumbnailUrl":"https:\/\/lasentinelle.dz\/wp-content\/uploads\/2025\/09\/maroc.webp","datePublished":"2025-10-21T12:10:31+00:00","dateModified":"2025-10-21T12:10:32+00:00","breadcrumb":{"@id":"https:\/\/lasentinelle.dz\/index.php\/2025\/10\/21\/face-a-la-colere-populaire-le-makhzen-intensifie-la-repression\/#breadcrumb"},"inLanguage":"fr-FR","potentialAction":[{"@type":"ReadAction","target":["https:\/\/lasentinelle.dz\/index.php\/2025\/10\/21\/face-a-la-colere-populaire-le-makhzen-intensifie-la-repression\/"]}]},{"@type":"ImageObject","inLanguage":"fr-FR","@id":"https:\/\/lasentinelle.dz\/index.php\/2025\/10\/21\/face-a-la-colere-populaire-le-makhzen-intensifie-la-repression\/#primaryimage","url":"https:\/\/lasentinelle.dz\/wp-content\/uploads\/2025\/09\/maroc.webp","contentUrl":"https:\/\/lasentinelle.dz\/wp-content\/uploads\/2025\/09\/maroc.webp","width":734,"height":489},{"@type":"BreadcrumbList","@id":"https:\/\/lasentinelle.dz\/index.php\/2025\/10\/21\/face-a-la-colere-populaire-le-makhzen-intensifie-la-repression\/#breadcrumb","itemListElement":[{"@type":"ListItem","position":1,"name":"Accueil","item":"https:\/\/lasentinelle.dz\/"},{"@type":"ListItem","position":2,"name":"Face \u00e0 la col\u00e8re populaire\u00a0: Le Makhzen intensifie la r\u00e9pression"}]},{"@type":"WebSite","@id":"https:\/\/lasentinelle.dz\/#website","url":"https:\/\/lasentinelle.dz\/","name":"La Sentinelle","description":"Quotidien national d&#039;information","publisher":{"@id":"https:\/\/lasentinelle.dz\/#organization"},"potentialAction":[{"@type":"SearchAction","target":{"@type":"EntryPoint","urlTemplate":"https:\/\/lasentinelle.dz\/?s={search_term_string}"},"query-input":{"@type":"PropertyValueSpecification","valueRequired":true,"valueName":"search_term_string"}}],"inLanguage":"fr-FR"},{"@type":"Organization","@id":"https:\/\/lasentinelle.dz\/#organization","name":"Quotidien La Sentinelle","url":"https:\/\/lasentinelle.dz\/","logo":{"@type":"ImageObject","inLanguage":"fr-FR","@id":"https:\/\/lasentinelle.dz\/#\/schema\/logo\/image\/","url":"https:\/\/lasentinelle.dz\/wp-content\/uploads\/2021\/09\/logo-sentinelleSLOGAN-1.png","contentUrl":"https:\/\/lasentinelle.dz\/wp-content\/uploads\/2021\/09\/logo-sentinelleSLOGAN-1.png","width":615,"height":142,"caption":"Quotidien La Sentinelle"},"image":{"@id":"https:\/\/lasentinelle.dz\/#\/schema\/logo\/image\/"},"sameAs":["https:\/\/www.facebook.com\/La-Sentinelle-104059864394773"]},{"@type":"Person","@id":"https:\/\/lasentinelle.dz\/#\/schema\/person\/729ee0024f24e0b8c5ec17232f8e8b41","name":"admin","image":{"@type":"ImageObject","inLanguage":"fr-FR","@id":"https:\/\/secure.gravatar.com\/avatar\/4c81fed838786e9b53f540bf46533e750f5d292099ae3b66cfc6fb1982e29df7?s=96&d=mm&r=g","url":"https:\/\/secure.gravatar.com\/avatar\/4c81fed838786e9b53f540bf46533e750f5d292099ae3b66cfc6fb1982e29df7?s=96&d=mm&r=g","contentUrl":"https:\/\/secure.gravatar.com\/avatar\/4c81fed838786e9b53f540bf46533e750f5d292099ae3b66cfc6fb1982e29df7?s=96&d=mm&r=g","caption":"admin"},"description":"admin","url":"https:\/\/lasentinelle.dz\/author\/admin\/"}]}},"_links":{"self":[{"href":"https:\/\/lasentinelle.dz\/index.php\/wp-json\/wp\/v2\/posts\/74984","targetHints":{"allow":["GET"]}}],"collection":[{"href":"https:\/\/lasentinelle.dz\/index.php\/wp-json\/wp\/v2\/posts"}],"about":[{"href":"https:\/\/lasentinelle.dz\/index.php\/wp-json\/wp\/v2\/types\/post"}],"author":[{"embeddable":true,"href":"https:\/\/lasentinelle.dz\/index.php\/wp-json\/wp\/v2\/users\/6"}],"replies":[{"embeddable":true,"href":"https:\/\/lasentinelle.dz\/index.php\/wp-json\/wp\/v2\/comments?post=74984"}],"version-history":[{"count":1,"href":"https:\/\/lasentinelle.dz\/index.php\/wp-json\/wp\/v2\/posts\/74984\/revisions"}],"predecessor-version":[{"id":74985,"href":"https:\/\/lasentinelle.dz\/index.php\/wp-json\/wp\/v2\/posts\/74984\/revisions\/74985"}],"wp:featuredmedia":[{"embeddable":true,"href":"https:\/\/lasentinelle.dz\/index.php\/wp-json\/wp\/v2\/media\/73880"}],"wp:attachment":[{"href":"https:\/\/lasentinelle.dz\/index.php\/wp-json\/wp\/v2\/media?parent=74984"}],"wp:term":[{"taxonomy":"category","embeddable":true,"href":"https:\/\/lasentinelle.dz\/index.php\/wp-json\/wp\/v2\/categories?post=74984"},{"taxonomy":"post_tag","embeddable":true,"href":"https:\/\/lasentinelle.dz\/index.php\/wp-json\/wp\/v2\/tags?post=74984"}],"curies":[{"name":"wp","href":"https:\/\/api.w.org\/{rel}","templated":true}]}}