{"id":74986,"date":"2025-10-21T13:12:16","date_gmt":"2025-10-21T12:12:16","guid":{"rendered":"https:\/\/lasentinelle.dz\/?p=74986"},"modified":"2025-10-21T13:12:17","modified_gmt":"2025-10-21T12:12:17","slug":"salon-national-du-livre-amazigh-de-bejaia-la-litterature-amazighe-celebree","status":"publish","type":"post","link":"https:\/\/lasentinelle.dz\/index.php\/2025\/10\/21\/salon-national-du-livre-amazigh-de-bejaia-la-litterature-amazighe-celebree\/","title":{"rendered":"Salon national du livre amazigh de B\u00e9ja\u00efa\u00a0: La litt\u00e9rature amazighe c\u00e9l\u00e9br\u00e9e"},"content":{"rendered":"\n<p>La deuxi\u00e8me \u00e9dition du Salon national du livre amazigh se d\u00e9roule du 18 au 22 octobre \u00e0 B\u00e9ja\u00efa, sur l&rsquo;esplanade de la Maison de la culture Taous-Amrouche. Une douzaine de maisons d&rsquo;\u00e9dition, des centres de recherche universitaires et plusieurs auteurs participent \u00e0 cet \u00e9v\u00e9nement organis\u00e9 par le Centre de recherche en langue et culture amazighes, qui place la cr\u00e9ation en tamazight au c\u0153ur du d\u00e9bat culturel. Apr\u00e8s le succ\u00e8s de sa premi\u00e8re \u00e9dition, le Salon national du livre amazigh revient donc pour offrir aux amateurs de litt\u00e9rature et aux \u00e9tudiants en langue et culture amazighes une occasion privil\u00e9gi\u00e9e de d\u00e9couvrir les derni\u00e8res productions \u00e9ditoriales en tamazight. Organis\u00e9 par le Centre de recherche en langue et culture amazighes en collaboration avec la Maison de la culture et l&rsquo;association Assalas, cet \u00e9v\u00e9nement t\u00e9moigne de la vitalit\u00e9 croissante de l&rsquo;\u00e9dition amazighe en Alg\u00e9rie et de l&rsquo;engagement des acteurs culturels \u00e0 pr\u00e9server et d\u00e9velopper ce patrimoine linguistique. Le salon r\u00e9unit des maisons d&rsquo;\u00e9dition sp\u00e9cialis\u00e9es, des centres de recherche universitaires et de nombreux \u00e9crivains qui explorent les multiples facettes de l&rsquo;expression amazighe. Pendant cinq jours, le public pourra d\u00e9ambuler entre les stands, \u00e9changer avec les auteurs et feuilleter une production litt\u00e9raire qui t\u00e9moigne d&rsquo;un renouveau cr\u00e9atif remarquable. Cette deuxi\u00e8me \u00e9dition constitue surtout une opportunit\u00e9 pr\u00e9cieuse pour les \u00e9crivains de rencontrer directement leurs lecteurs, dans un contexte o\u00f9 la litt\u00e9rature amazighe cherche encore \u00e0 conqu\u00e9rir de nouveaux publics et \u00e0 s&rsquo;imposer dans le paysage \u00e9ditorial national. D\u00e8s dimanche, l&rsquo;\u00e9v\u00e9nement a pris une dimension particuli\u00e8rement \u00e9mouvante avec l&rsquo;hommage rendu \u00e0 Lhadi Meziani, fondateur de la maison d&rsquo;\u00e9dition Anzar. Figure pionni\u00e8re de l&rsquo;\u00e9dition en chaoui, l&rsquo;une des d\u00e9clinaisons du tamazight parl\u00e9e dans la r\u00e9gion des Aur\u00e8s, Meziani a ouvert la voie \u00e0 toute une g\u00e9n\u00e9ration d&rsquo;\u00e9diteurs et d&rsquo;auteurs. Cet hommage, port\u00e9 par les \u00e9crivains et \u00e9diteurs pr\u00e9sents, souligne l&rsquo;importance de reconna\u00eetre le travail de ceux qui ont permis \u00e0 la langue amazighe de conqu\u00e9rir le champ de l&rsquo;\u00e9crit et de la publication, souvent dans des conditions difficiles et avec des moyens limit\u00e9s.<\/p>\n\n\n\n<p>Au-del\u00e0 de la simple exposition de livres, le salon propose un programme intellectuel riche et vari\u00e9. Mardi et mercredi, la Maison de la culture accueille des conf\u00e9rences anim\u00e9es par des universitaires sur des th\u00e9matiques essentielles \u00e0 la compr\u00e9hension de la culture amazighe contemporaine. Parmi les sujets abord\u00e9s figurent l&rsquo;\u00e9tat de l&rsquo;\u00e9dition amazighe, ses d\u00e9fis et ses perspectives, ainsi que la toponymie amazighe et son r\u00f4le crucial dans la transmission de la m\u00e9moire collective. La cl\u00f4ture du salon, pr\u00e9vue le 22 octobre, co\u00efncidera symboliquement avec la Journ\u00e9e nationale de la presse. \u00c0 cette occasion, un panel intitul\u00e9 \u00ab\u00a0M\u00e9dias amazighs et d\u00e9fis de la pluralit\u00e9 linguistique : des professionnels en parlent\u00a0\u00bb r\u00e9unira des journalistes issus des m\u00e9dias publics et priv\u00e9s. Cette rencontre permettra d&rsquo;interroger la place de la langue amazighe dans le paysage m\u00e9diatique alg\u00e9rien, les avanc\u00e9es r\u00e9alis\u00e9es depuis la reconnaissance officielle de tamazight comme langue nationale et officielle, mais aussi les obstacles qui persistent dans la production et la diffusion de contenus en amazigh. x M.S.<\/p>\n","protected":false},"excerpt":{"rendered":"<p>La deuxi\u00e8me \u00e9dition du Salon national du livre amazigh se d\u00e9roule du 18 au 22 octobre \u00e0 B\u00e9ja\u00efa, sur l&rsquo;esplanade<\/p>\n","protected":false},"author":6,"featured_media":74987,"comment_status":"open","ping_status":"closed","sticky":false,"template":"","format":"standard","meta":{"colormag_page_container_layout":"default_layout","colormag_page_sidebar_layout":"default_layout","om_disable_all_campaigns":false,"_monsterinsights_skip_tracking":false,"_monsterinsights_sitenote_active":false,"_monsterinsights_sitenote_note":"","_monsterinsights_sitenote_category":0,"footnotes":"","_wpscppro_dont_share_socialmedia":false,"_wpscppro_custom_social_share_image":0,"_facebook_share_type":"default","_twitter_share_type":"default","_linkedin_share_type":"default","_pinterest_share_type":"default","_linkedin_share_type_page":"","_instagram_share_type":"default","_medium_share_type":"default","_threads_share_type":"default","_google_business_share_type":"default","_selected_social_profile":[],"_wpsp_enable_custom_social_template":false,"_wpsp_social_scheduling":{"enabled":false,"datetime":null,"platforms":[],"status":"template_only","dateOption":"today","timeOption":"now","customDays":"","customHours":"","customDate":"","customTime":"","schedulingType":"absolute"},"_wpsp_active_default_template":true},"categories":[36],"tags":[],"class_list":["post-74986","post","type-post","status-publish","format-standard","has-post-thumbnail","hentry","category-culture"],"aioseo_notices":[],"yoast_head":"<!-- This site is optimized with the Yoast SEO plugin v27.4 - https:\/\/yoast.com\/product\/yoast-seo-wordpress\/ -->\n<title>Salon national du livre amazigh de B\u00e9ja\u00efa\u00a0: La litt\u00e9rature amazighe c\u00e9l\u00e9br\u00e9e - La Sentinelle<\/title>\n<meta name=\"robots\" content=\"index, follow, max-snippet:-1, max-image-preview:large, max-video-preview:-1\" \/>\n<link rel=\"canonical\" href=\"https:\/\/lasentinelle.dz\/index.php\/2025\/10\/21\/salon-national-du-livre-amazigh-de-bejaia-la-litterature-amazighe-celebree\/\" \/>\n<meta property=\"og:locale\" content=\"fr_FR\" \/>\n<meta property=\"og:type\" content=\"article\" \/>\n<meta property=\"og:title\" content=\"Salon national du livre amazigh de B\u00e9ja\u00efa\u00a0: La litt\u00e9rature amazighe c\u00e9l\u00e9br\u00e9e - La Sentinelle\" \/>\n<meta property=\"og:description\" content=\"La deuxi\u00e8me \u00e9dition du Salon national du livre amazigh se d\u00e9roule du 18 au 22 octobre \u00e0 B\u00e9ja\u00efa, sur l&rsquo;esplanade\" \/>\n<meta property=\"og:url\" content=\"https:\/\/lasentinelle.dz\/index.php\/2025\/10\/21\/salon-national-du-livre-amazigh-de-bejaia-la-litterature-amazighe-celebree\/\" \/>\n<meta property=\"og:site_name\" content=\"La Sentinelle\" \/>\n<meta property=\"article:publisher\" content=\"https:\/\/www.facebook.com\/La-Sentinelle-104059864394773\" \/>\n<meta property=\"article:published_time\" content=\"2025-10-21T12:12:16+00:00\" \/>\n<meta property=\"article:modified_time\" content=\"2025-10-21T12:12:17+00:00\" \/>\n<meta property=\"og:image\" content=\"https:\/\/lasentinelle.dz\/wp-content\/uploads\/2025\/10\/salon-livre.jpeg\" \/>\n\t<meta property=\"og:image:width\" content=\"259\" \/>\n\t<meta property=\"og:image:height\" content=\"194\" \/>\n\t<meta property=\"og:image:type\" content=\"image\/jpeg\" \/>\n<meta name=\"author\" content=\"admin\" \/>\n<meta name=\"twitter:card\" content=\"summary_large_image\" \/>\n<meta name=\"twitter:label1\" content=\"\u00c9crit par\" \/>\n\t<meta name=\"twitter:data1\" content=\"admin\" \/>\n\t<meta name=\"twitter:label2\" content=\"Dur\u00e9e de lecture estim\u00e9e\" \/>\n\t<meta name=\"twitter:data2\" content=\"3 minutes\" \/>\n<script type=\"application\/ld+json\" class=\"yoast-schema-graph\">{\"@context\":\"https:\\\/\\\/schema.org\",\"@graph\":[{\"@type\":\"Article\",\"@id\":\"https:\\\/\\\/lasentinelle.dz\\\/index.php\\\/2025\\\/10\\\/21\\\/salon-national-du-livre-amazigh-de-bejaia-la-litterature-amazighe-celebree\\\/#article\",\"isPartOf\":{\"@id\":\"https:\\\/\\\/lasentinelle.dz\\\/index.php\\\/2025\\\/10\\\/21\\\/salon-national-du-livre-amazigh-de-bejaia-la-litterature-amazighe-celebree\\\/\"},\"author\":{\"name\":\"admin\",\"@id\":\"https:\\\/\\\/lasentinelle.dz\\\/#\\\/schema\\\/person\\\/729ee0024f24e0b8c5ec17232f8e8b41\"},\"headline\":\"Salon national du livre amazigh de B\u00e9ja\u00efa\u00a0: La litt\u00e9rature amazighe c\u00e9l\u00e9br\u00e9e\",\"datePublished\":\"2025-10-21T12:12:16+00:00\",\"dateModified\":\"2025-10-21T12:12:17+00:00\",\"mainEntityOfPage\":{\"@id\":\"https:\\\/\\\/lasentinelle.dz\\\/index.php\\\/2025\\\/10\\\/21\\\/salon-national-du-livre-amazigh-de-bejaia-la-litterature-amazighe-celebree\\\/\"},\"wordCount\":592,\"commentCount\":0,\"publisher\":{\"@id\":\"https:\\\/\\\/lasentinelle.dz\\\/#organization\"},\"image\":{\"@id\":\"https:\\\/\\\/lasentinelle.dz\\\/index.php\\\/2025\\\/10\\\/21\\\/salon-national-du-livre-amazigh-de-bejaia-la-litterature-amazighe-celebree\\\/#primaryimage\"},\"thumbnailUrl\":\"https:\\\/\\\/lasentinelle.dz\\\/wp-content\\\/uploads\\\/2025\\\/10\\\/salon-livre.jpeg\",\"articleSection\":[\"Culture\"],\"inLanguage\":\"fr-FR\",\"potentialAction\":[{\"@type\":\"CommentAction\",\"name\":\"Comment\",\"target\":[\"https:\\\/\\\/lasentinelle.dz\\\/index.php\\\/2025\\\/10\\\/21\\\/salon-national-du-livre-amazigh-de-bejaia-la-litterature-amazighe-celebree\\\/#respond\"]}]},{\"@type\":\"WebPage\",\"@id\":\"https:\\\/\\\/lasentinelle.dz\\\/index.php\\\/2025\\\/10\\\/21\\\/salon-national-du-livre-amazigh-de-bejaia-la-litterature-amazighe-celebree\\\/\",\"url\":\"https:\\\/\\\/lasentinelle.dz\\\/index.php\\\/2025\\\/10\\\/21\\\/salon-national-du-livre-amazigh-de-bejaia-la-litterature-amazighe-celebree\\\/\",\"name\":\"Salon national du livre amazigh de B\u00e9ja\u00efa\u00a0: La litt\u00e9rature amazighe c\u00e9l\u00e9br\u00e9e - La Sentinelle\",\"isPartOf\":{\"@id\":\"https:\\\/\\\/lasentinelle.dz\\\/#website\"},\"primaryImageOfPage\":{\"@id\":\"https:\\\/\\\/lasentinelle.dz\\\/index.php\\\/2025\\\/10\\\/21\\\/salon-national-du-livre-amazigh-de-bejaia-la-litterature-amazighe-celebree\\\/#primaryimage\"},\"image\":{\"@id\":\"https:\\\/\\\/lasentinelle.dz\\\/index.php\\\/2025\\\/10\\\/21\\\/salon-national-du-livre-amazigh-de-bejaia-la-litterature-amazighe-celebree\\\/#primaryimage\"},\"thumbnailUrl\":\"https:\\\/\\\/lasentinelle.dz\\\/wp-content\\\/uploads\\\/2025\\\/10\\\/salon-livre.jpeg\",\"datePublished\":\"2025-10-21T12:12:16+00:00\",\"dateModified\":\"2025-10-21T12:12:17+00:00\",\"breadcrumb\":{\"@id\":\"https:\\\/\\\/lasentinelle.dz\\\/index.php\\\/2025\\\/10\\\/21\\\/salon-national-du-livre-amazigh-de-bejaia-la-litterature-amazighe-celebree\\\/#breadcrumb\"},\"inLanguage\":\"fr-FR\",\"potentialAction\":[{\"@type\":\"ReadAction\",\"target\":[\"https:\\\/\\\/lasentinelle.dz\\\/index.php\\\/2025\\\/10\\\/21\\\/salon-national-du-livre-amazigh-de-bejaia-la-litterature-amazighe-celebree\\\/\"]}]},{\"@type\":\"ImageObject\",\"inLanguage\":\"fr-FR\",\"@id\":\"https:\\\/\\\/lasentinelle.dz\\\/index.php\\\/2025\\\/10\\\/21\\\/salon-national-du-livre-amazigh-de-bejaia-la-litterature-amazighe-celebree\\\/#primaryimage\",\"url\":\"https:\\\/\\\/lasentinelle.dz\\\/wp-content\\\/uploads\\\/2025\\\/10\\\/salon-livre.jpeg\",\"contentUrl\":\"https:\\\/\\\/lasentinelle.dz\\\/wp-content\\\/uploads\\\/2025\\\/10\\\/salon-livre.jpeg\",\"width\":259,\"height\":194},{\"@type\":\"BreadcrumbList\",\"@id\":\"https:\\\/\\\/lasentinelle.dz\\\/index.php\\\/2025\\\/10\\\/21\\\/salon-national-du-livre-amazigh-de-bejaia-la-litterature-amazighe-celebree\\\/#breadcrumb\",\"itemListElement\":[{\"@type\":\"ListItem\",\"position\":1,\"name\":\"Accueil\",\"item\":\"https:\\\/\\\/lasentinelle.dz\\\/\"},{\"@type\":\"ListItem\",\"position\":2,\"name\":\"Salon national du livre amazigh de B\u00e9ja\u00efa\u00a0: La litt\u00e9rature amazighe c\u00e9l\u00e9br\u00e9e\"}]},{\"@type\":\"WebSite\",\"@id\":\"https:\\\/\\\/lasentinelle.dz\\\/#website\",\"url\":\"https:\\\/\\\/lasentinelle.dz\\\/\",\"name\":\"La Sentinelle\",\"description\":\"Quotidien national d&#039;information\",\"publisher\":{\"@id\":\"https:\\\/\\\/lasentinelle.dz\\\/#organization\"},\"potentialAction\":[{\"@type\":\"SearchAction\",\"target\":{\"@type\":\"EntryPoint\",\"urlTemplate\":\"https:\\\/\\\/lasentinelle.dz\\\/?s={search_term_string}\"},\"query-input\":{\"@type\":\"PropertyValueSpecification\",\"valueRequired\":true,\"valueName\":\"search_term_string\"}}],\"inLanguage\":\"fr-FR\"},{\"@type\":\"Organization\",\"@id\":\"https:\\\/\\\/lasentinelle.dz\\\/#organization\",\"name\":\"Quotidien La Sentinelle\",\"url\":\"https:\\\/\\\/lasentinelle.dz\\\/\",\"logo\":{\"@type\":\"ImageObject\",\"inLanguage\":\"fr-FR\",\"@id\":\"https:\\\/\\\/lasentinelle.dz\\\/#\\\/schema\\\/logo\\\/image\\\/\",\"url\":\"https:\\\/\\\/lasentinelle.dz\\\/wp-content\\\/uploads\\\/2021\\\/09\\\/logo-sentinelleSLOGAN-1.png\",\"contentUrl\":\"https:\\\/\\\/lasentinelle.dz\\\/wp-content\\\/uploads\\\/2021\\\/09\\\/logo-sentinelleSLOGAN-1.png\",\"width\":615,\"height\":142,\"caption\":\"Quotidien La Sentinelle\"},\"image\":{\"@id\":\"https:\\\/\\\/lasentinelle.dz\\\/#\\\/schema\\\/logo\\\/image\\\/\"},\"sameAs\":[\"https:\\\/\\\/www.facebook.com\\\/La-Sentinelle-104059864394773\"]},{\"@type\":\"Person\",\"@id\":\"https:\\\/\\\/lasentinelle.dz\\\/#\\\/schema\\\/person\\\/729ee0024f24e0b8c5ec17232f8e8b41\",\"name\":\"admin\",\"image\":{\"@type\":\"ImageObject\",\"inLanguage\":\"fr-FR\",\"@id\":\"https:\\\/\\\/secure.gravatar.com\\\/avatar\\\/4c81fed838786e9b53f540bf46533e750f5d292099ae3b66cfc6fb1982e29df7?s=96&d=mm&r=g\",\"url\":\"https:\\\/\\\/secure.gravatar.com\\\/avatar\\\/4c81fed838786e9b53f540bf46533e750f5d292099ae3b66cfc6fb1982e29df7?s=96&d=mm&r=g\",\"contentUrl\":\"https:\\\/\\\/secure.gravatar.com\\\/avatar\\\/4c81fed838786e9b53f540bf46533e750f5d292099ae3b66cfc6fb1982e29df7?s=96&d=mm&r=g\",\"caption\":\"admin\"},\"description\":\"admin\",\"url\":\"https:\\\/\\\/lasentinelle.dz\\\/author\\\/admin\\\/\"}]}<\/script>\n<!-- \/ Yoast SEO plugin. -->","yoast_head_json":{"title":"Salon national du livre amazigh de B\u00e9ja\u00efa\u00a0: La litt\u00e9rature amazighe c\u00e9l\u00e9br\u00e9e - La Sentinelle","robots":{"index":"index","follow":"follow","max-snippet":"max-snippet:-1","max-image-preview":"max-image-preview:large","max-video-preview":"max-video-preview:-1"},"canonical":"https:\/\/lasentinelle.dz\/index.php\/2025\/10\/21\/salon-national-du-livre-amazigh-de-bejaia-la-litterature-amazighe-celebree\/","og_locale":"fr_FR","og_type":"article","og_title":"Salon national du livre amazigh de B\u00e9ja\u00efa\u00a0: La litt\u00e9rature amazighe c\u00e9l\u00e9br\u00e9e - La Sentinelle","og_description":"La deuxi\u00e8me \u00e9dition du Salon national du livre amazigh se d\u00e9roule du 18 au 22 octobre \u00e0 B\u00e9ja\u00efa, sur l&rsquo;esplanade","og_url":"https:\/\/lasentinelle.dz\/index.php\/2025\/10\/21\/salon-national-du-livre-amazigh-de-bejaia-la-litterature-amazighe-celebree\/","og_site_name":"La Sentinelle","article_publisher":"https:\/\/www.facebook.com\/La-Sentinelle-104059864394773","article_published_time":"2025-10-21T12:12:16+00:00","article_modified_time":"2025-10-21T12:12:17+00:00","og_image":[{"width":259,"height":194,"url":"https:\/\/lasentinelle.dz\/wp-content\/uploads\/2025\/10\/salon-livre.jpeg","type":"image\/jpeg"}],"author":"admin","twitter_card":"summary_large_image","twitter_misc":{"\u00c9crit par":"admin","Dur\u00e9e de lecture estim\u00e9e":"3 minutes"},"schema":{"@context":"https:\/\/schema.org","@graph":[{"@type":"Article","@id":"https:\/\/lasentinelle.dz\/index.php\/2025\/10\/21\/salon-national-du-livre-amazigh-de-bejaia-la-litterature-amazighe-celebree\/#article","isPartOf":{"@id":"https:\/\/lasentinelle.dz\/index.php\/2025\/10\/21\/salon-national-du-livre-amazigh-de-bejaia-la-litterature-amazighe-celebree\/"},"author":{"name":"admin","@id":"https:\/\/lasentinelle.dz\/#\/schema\/person\/729ee0024f24e0b8c5ec17232f8e8b41"},"headline":"Salon national du livre amazigh de B\u00e9ja\u00efa\u00a0: La litt\u00e9rature amazighe c\u00e9l\u00e9br\u00e9e","datePublished":"2025-10-21T12:12:16+00:00","dateModified":"2025-10-21T12:12:17+00:00","mainEntityOfPage":{"@id":"https:\/\/lasentinelle.dz\/index.php\/2025\/10\/21\/salon-national-du-livre-amazigh-de-bejaia-la-litterature-amazighe-celebree\/"},"wordCount":592,"commentCount":0,"publisher":{"@id":"https:\/\/lasentinelle.dz\/#organization"},"image":{"@id":"https:\/\/lasentinelle.dz\/index.php\/2025\/10\/21\/salon-national-du-livre-amazigh-de-bejaia-la-litterature-amazighe-celebree\/#primaryimage"},"thumbnailUrl":"https:\/\/lasentinelle.dz\/wp-content\/uploads\/2025\/10\/salon-livre.jpeg","articleSection":["Culture"],"inLanguage":"fr-FR","potentialAction":[{"@type":"CommentAction","name":"Comment","target":["https:\/\/lasentinelle.dz\/index.php\/2025\/10\/21\/salon-national-du-livre-amazigh-de-bejaia-la-litterature-amazighe-celebree\/#respond"]}]},{"@type":"WebPage","@id":"https:\/\/lasentinelle.dz\/index.php\/2025\/10\/21\/salon-national-du-livre-amazigh-de-bejaia-la-litterature-amazighe-celebree\/","url":"https:\/\/lasentinelle.dz\/index.php\/2025\/10\/21\/salon-national-du-livre-amazigh-de-bejaia-la-litterature-amazighe-celebree\/","name":"Salon national du livre amazigh de B\u00e9ja\u00efa\u00a0: La litt\u00e9rature amazighe c\u00e9l\u00e9br\u00e9e - La Sentinelle","isPartOf":{"@id":"https:\/\/lasentinelle.dz\/#website"},"primaryImageOfPage":{"@id":"https:\/\/lasentinelle.dz\/index.php\/2025\/10\/21\/salon-national-du-livre-amazigh-de-bejaia-la-litterature-amazighe-celebree\/#primaryimage"},"image":{"@id":"https:\/\/lasentinelle.dz\/index.php\/2025\/10\/21\/salon-national-du-livre-amazigh-de-bejaia-la-litterature-amazighe-celebree\/#primaryimage"},"thumbnailUrl":"https:\/\/lasentinelle.dz\/wp-content\/uploads\/2025\/10\/salon-livre.jpeg","datePublished":"2025-10-21T12:12:16+00:00","dateModified":"2025-10-21T12:12:17+00:00","breadcrumb":{"@id":"https:\/\/lasentinelle.dz\/index.php\/2025\/10\/21\/salon-national-du-livre-amazigh-de-bejaia-la-litterature-amazighe-celebree\/#breadcrumb"},"inLanguage":"fr-FR","potentialAction":[{"@type":"ReadAction","target":["https:\/\/lasentinelle.dz\/index.php\/2025\/10\/21\/salon-national-du-livre-amazigh-de-bejaia-la-litterature-amazighe-celebree\/"]}]},{"@type":"ImageObject","inLanguage":"fr-FR","@id":"https:\/\/lasentinelle.dz\/index.php\/2025\/10\/21\/salon-national-du-livre-amazigh-de-bejaia-la-litterature-amazighe-celebree\/#primaryimage","url":"https:\/\/lasentinelle.dz\/wp-content\/uploads\/2025\/10\/salon-livre.jpeg","contentUrl":"https:\/\/lasentinelle.dz\/wp-content\/uploads\/2025\/10\/salon-livre.jpeg","width":259,"height":194},{"@type":"BreadcrumbList","@id":"https:\/\/lasentinelle.dz\/index.php\/2025\/10\/21\/salon-national-du-livre-amazigh-de-bejaia-la-litterature-amazighe-celebree\/#breadcrumb","itemListElement":[{"@type":"ListItem","position":1,"name":"Accueil","item":"https:\/\/lasentinelle.dz\/"},{"@type":"ListItem","position":2,"name":"Salon national du livre amazigh de B\u00e9ja\u00efa\u00a0: La litt\u00e9rature amazighe c\u00e9l\u00e9br\u00e9e"}]},{"@type":"WebSite","@id":"https:\/\/lasentinelle.dz\/#website","url":"https:\/\/lasentinelle.dz\/","name":"La Sentinelle","description":"Quotidien national d&#039;information","publisher":{"@id":"https:\/\/lasentinelle.dz\/#organization"},"potentialAction":[{"@type":"SearchAction","target":{"@type":"EntryPoint","urlTemplate":"https:\/\/lasentinelle.dz\/?s={search_term_string}"},"query-input":{"@type":"PropertyValueSpecification","valueRequired":true,"valueName":"search_term_string"}}],"inLanguage":"fr-FR"},{"@type":"Organization","@id":"https:\/\/lasentinelle.dz\/#organization","name":"Quotidien La Sentinelle","url":"https:\/\/lasentinelle.dz\/","logo":{"@type":"ImageObject","inLanguage":"fr-FR","@id":"https:\/\/lasentinelle.dz\/#\/schema\/logo\/image\/","url":"https:\/\/lasentinelle.dz\/wp-content\/uploads\/2021\/09\/logo-sentinelleSLOGAN-1.png","contentUrl":"https:\/\/lasentinelle.dz\/wp-content\/uploads\/2021\/09\/logo-sentinelleSLOGAN-1.png","width":615,"height":142,"caption":"Quotidien La Sentinelle"},"image":{"@id":"https:\/\/lasentinelle.dz\/#\/schema\/logo\/image\/"},"sameAs":["https:\/\/www.facebook.com\/La-Sentinelle-104059864394773"]},{"@type":"Person","@id":"https:\/\/lasentinelle.dz\/#\/schema\/person\/729ee0024f24e0b8c5ec17232f8e8b41","name":"admin","image":{"@type":"ImageObject","inLanguage":"fr-FR","@id":"https:\/\/secure.gravatar.com\/avatar\/4c81fed838786e9b53f540bf46533e750f5d292099ae3b66cfc6fb1982e29df7?s=96&d=mm&r=g","url":"https:\/\/secure.gravatar.com\/avatar\/4c81fed838786e9b53f540bf46533e750f5d292099ae3b66cfc6fb1982e29df7?s=96&d=mm&r=g","contentUrl":"https:\/\/secure.gravatar.com\/avatar\/4c81fed838786e9b53f540bf46533e750f5d292099ae3b66cfc6fb1982e29df7?s=96&d=mm&r=g","caption":"admin"},"description":"admin","url":"https:\/\/lasentinelle.dz\/author\/admin\/"}]}},"_links":{"self":[{"href":"https:\/\/lasentinelle.dz\/index.php\/wp-json\/wp\/v2\/posts\/74986","targetHints":{"allow":["GET"]}}],"collection":[{"href":"https:\/\/lasentinelle.dz\/index.php\/wp-json\/wp\/v2\/posts"}],"about":[{"href":"https:\/\/lasentinelle.dz\/index.php\/wp-json\/wp\/v2\/types\/post"}],"author":[{"embeddable":true,"href":"https:\/\/lasentinelle.dz\/index.php\/wp-json\/wp\/v2\/users\/6"}],"replies":[{"embeddable":true,"href":"https:\/\/lasentinelle.dz\/index.php\/wp-json\/wp\/v2\/comments?post=74986"}],"version-history":[{"count":1,"href":"https:\/\/lasentinelle.dz\/index.php\/wp-json\/wp\/v2\/posts\/74986\/revisions"}],"predecessor-version":[{"id":74988,"href":"https:\/\/lasentinelle.dz\/index.php\/wp-json\/wp\/v2\/posts\/74986\/revisions\/74988"}],"wp:featuredmedia":[{"embeddable":true,"href":"https:\/\/lasentinelle.dz\/index.php\/wp-json\/wp\/v2\/media\/74987"}],"wp:attachment":[{"href":"https:\/\/lasentinelle.dz\/index.php\/wp-json\/wp\/v2\/media?parent=74986"}],"wp:term":[{"taxonomy":"category","embeddable":true,"href":"https:\/\/lasentinelle.dz\/index.php\/wp-json\/wp\/v2\/categories?post=74986"},{"taxonomy":"post_tag","embeddable":true,"href":"https:\/\/lasentinelle.dz\/index.php\/wp-json\/wp\/v2\/tags?post=74986"}],"curies":[{"name":"wp","href":"https:\/\/api.w.org\/{rel}","templated":true}]}}