{"id":74989,"date":"2025-10-21T13:13:23","date_gmt":"2025-10-21T12:13:23","guid":{"rendered":"https:\/\/lasentinelle.dz\/?p=74989"},"modified":"2025-10-21T13:13:24","modified_gmt":"2025-10-21T12:13:24","slug":"sila-2025-le-livre-comme-pont-entre-les-cultures","status":"publish","type":"post","link":"https:\/\/lasentinelle.dz\/index.php\/2025\/10\/21\/sila-2025-le-livre-comme-pont-entre-les-cultures\/","title":{"rendered":"SILA 2025\u00a0: Le livre comme pont entre les cultures"},"content":{"rendered":"\n<p>La 28<sup>e<\/sup> \u00e9dition du Salon international du livre d&rsquo;Alger se tiendra du 29 octobre au 8 novembre 2025 au Palais des expositions des Pins maritimes, avec la participation de 1255 exposants venus de 49 pays et la Mauritanie comme invit\u00e9e d&rsquo;honneur. Un \u00e9v\u00e9nement culturel d&rsquo;envergure qui ambitionne de faire du livre un v\u00e9ritable instrument de diplomatie culturelle.<\/p>\n\n\n\n<p>L&rsquo;Alg\u00e9rie s&rsquo;appr\u00eate \u00e0 accueillir l&rsquo;un des plus grands rendez-vous culturels du continent africain. Organis\u00e9 sous le haut patronage du pr\u00e9sident de la R\u00e9publique Abdelmadjid Tebboune, le Salon international du livre d&rsquo;Alger d\u00e9voile cette ann\u00e9e une ambition renouvel\u00e9e, celle de faire du livre non seulement un vecteur de savoir, mais aussi un outil de dialogue entre les peuples. C&rsquo;est dans cette perspective que Mohamed Iguerb, commissaire du salon, a pr\u00e9sent\u00e9 lors d&rsquo;une conf\u00e9rence de presse tenue ce lundi \u00e0 la Biblioth\u00e8que nationale, les grandes lignes d&rsquo;une \u00e9dition plac\u00e9e sous le signe de l&rsquo;ouverture et de la diversit\u00e9. Le slogan choisi pour cette 28<sup>e<\/sup> \u00e9dition, \u00ab Le livre, carrefour des cultures \u00bb, n&rsquo;est pas anodin. Il traduit une volont\u00e9 politique et culturelle forte de l&rsquo;Alg\u00e9rie de se positionner comme un espace de rencontre et d&rsquo;\u00e9change \u00e0 l&rsquo;\u00e9chelle internationale. Mohamed Iguerb a d&rsquo;ailleurs insist\u00e9 sur cette dimension strat\u00e9gique en affirmant que \u00ab le slogan refl\u00e8te le d\u00e9sir de l&rsquo;Alg\u00e9rie de faire du livre un outil de diplomatie culturelle et un espace de lutte contre la discrimination et la haine \u00bb. L&rsquo;ampleur de cette \u00e9dition t\u00e9moigne de l&rsquo;attractivit\u00e9 croissante du SILA sur la sc\u00e8ne internationale. D\u00e9ploy\u00e9 sur une superficie totale de 23 000 m\u00e8tres carr\u00e9s, le salon accueillera pas moins de 1255 exposants r\u00e9partis dans 555 pavillons. Ces participants proviennent de 49 pays couvrant l&rsquo;ensemble des continents : Afrique, monde arabe, Europe, Am\u00e9rique et Asie. La repr\u00e9sentation alg\u00e9rienne comptera 290 exposants, tandis que le monde arabe sera pr\u00e9sent avec 410 participants et les autres pays \u00e9trangers avec 554 repr\u00e9sentants. Au total, quelque 240 000 titres seront propos\u00e9s au public, offrant un panorama exceptionnel de la production \u00e9ditoriale mondiale. Le commissaire du salon table sur une fr\u00e9quentation record de cinq millions de visiteurs, un chiffre qui souligne l&rsquo;engouement populaire pour le livre et la culture dans le pays.<\/p>\n\n\n\n<p>La R\u00e9publique islamique de Mauritanie, invit\u00e9e d&rsquo;honneur de cette \u00e9dition, disposera d&rsquo;un espace d\u00e9di\u00e9 de 200 m\u00e8tres carr\u00e9s pour mettre en valeur ses sp\u00e9cificit\u00e9s culturelles et cr\u00e9atives. Ce choix n&rsquo;est pas fortuit : il s&rsquo;inscrit dans une logique de renforcement des liens entre l&rsquo;Alg\u00e9rie et les pays du Maghreb et du Sahel, tout en c\u00e9l\u00e9brant la richesse du patrimoine mauritanien. Le programme culturel mauritanien proposera un savant m\u00e9lange d&rsquo;activit\u00e9s alliant litt\u00e9rature, musique et dialogue civilisationnel, permettant au public alg\u00e9rien de d\u00e9couvrir ou red\u00e9couvrir la profondeur de cette culture mill\u00e9naire.<\/p>\n\n\n\n<p>Le programme g\u00e9n\u00e9ral du salon se distingue par sa densit\u00e9 et sa diversit\u00e9. Pas moins de 55 \u00e9v\u00e9nements culturels sont pr\u00e9vus : conf\u00e9rences, d\u00e9bats, soir\u00e9es po\u00e9tiques et rencontres intellectuelles rythmeront les onze jours du salon. Environ 250 \u00e9crivains et intellectuels venus d&rsquo;Alg\u00e9rie, d&rsquo;Afrique et du reste du monde animeront ces diff\u00e9rentes activit\u00e9s, offrant au public l&rsquo;opportunit\u00e9 d&rsquo;\u00e9changer directement avec des cr\u00e9ateurs de premier plan. Cette programmation ambitieuse fait du SILA bien plus qu&rsquo;une simple foire commerciale : c&rsquo;est un v\u00e9ritable forum d&rsquo;id\u00e9es o\u00f9 se confrontent et se nourrissent mutuellement les pens\u00e9es et les imaginaires.<\/p>\n\n\n\n<p>\u00ab L&rsquo;Alg\u00e9rie dans la civilisation \u00bb<\/p>\n\n\n\n<p>Une attention particuli\u00e8re a \u00e9t\u00e9 accord\u00e9e au jeune public. Un espace de 600 m\u00e8tres carr\u00e9s est enti\u00e8rement consacr\u00e9 aux enfants, avec des ateliers de lecture, d&rsquo;\u00e9criture et de dessin qui se d\u00e9rouleront tout au long du salon. Le point d&rsquo;orgue de cette \u00e9dition sera sans conteste le colloque international pr\u00e9vu le 4 novembre \u00e0 l&rsquo;h\u00f4tel El Aurassi, intitul\u00e9 \u00ab L&rsquo;Alg\u00e9rie dans la civilisation \u00bb. Cette rencontre r\u00e9unira une \u00e9lite de penseurs, de chercheurs et d&rsquo;\u00e9crivains alg\u00e9riens et \u00e9trangers pour r\u00e9fl\u00e9chir \u00e0 la contribution de l&rsquo;Alg\u00e9rie au patrimoine civilisationnel de l&rsquo;humanit\u00e9. Un tel \u00e9v\u00e9nement confirme l&rsquo;ambition du SILA de d\u00e9passer la simple dimension commerciale pour s&rsquo;affirmer comme un rendez-vous intellectuel de premier ordre, capable d&rsquo;interroger l&rsquo;histoire et de penser l&rsquo;avenir. Le salon se cl\u00f4turera par la remise de plusieurs distinctions, dont le prix du meilleur pavillon et celui r\u00e9compensant les jeunes \u00e9crivains. Ces r\u00e9compenses visent \u00e0 encourager l&rsquo;innovation dans la pr\u00e9sentation \u00e9ditoriale et \u00e0 soutenir l&rsquo;\u00e9mergence de nouvelles voix litt\u00e9raires, particuli\u00e8rement issues de la jeune g\u00e9n\u00e9ration.<\/p>\n\n\n\n<p>L&rsquo;ouverture officielle du salon est pr\u00e9vue mercredi, et le public pourra ensuite acc\u00e9der aux lieux du jeudi 30 octobre au 8 novembre, tous les jours de 10 heures \u00e0 20 heures. Rendez-vous incontournable de la vie culturelle alg\u00e9rienne et maghr\u00e9bine, le SILA 2025 s&rsquo;annonce comme une \u00e9dition m\u00e9morable, port\u00e9e par une vision g\u00e9n\u00e9reuse et ambitieuse : celle d&rsquo;un monde o\u00f9 le livre demeure le plus pr\u00e9cieux des passeurs entre les cultures.<\/p>\n\n\n\n<p>Mohand Seghir<\/p>\n","protected":false},"excerpt":{"rendered":"<p>La 28e \u00e9dition du Salon international du livre d&rsquo;Alger se tiendra du 29 octobre au 8 novembre 2025 au Palais<\/p>\n","protected":false},"author":6,"featured_media":74990,"comment_status":"open","ping_status":"closed","sticky":false,"template":"","format":"standard","meta":{"colormag_page_container_layout":"default_layout","colormag_page_sidebar_layout":"default_layout","om_disable_all_campaigns":false,"_monsterinsights_skip_tracking":false,"_monsterinsights_sitenote_active":false,"_monsterinsights_sitenote_note":"","_monsterinsights_sitenote_category":0,"footnotes":"","_wpscppro_dont_share_socialmedia":false,"_wpscppro_custom_social_share_image":0,"_facebook_share_type":"default","_twitter_share_type":"default","_linkedin_share_type":"default","_pinterest_share_type":"default","_linkedin_share_type_page":"","_instagram_share_type":"default","_medium_share_type":"default","_threads_share_type":"default","_google_business_share_type":"default","_selected_social_profile":[],"_wpsp_enable_custom_social_template":false,"_wpsp_social_scheduling":{"enabled":false,"datetime":null,"platforms":[],"status":"template_only","dateOption":"today","timeOption":"now","customDays":"","customHours":"","customDate":"","customTime":"","schedulingType":"absolute"},"_wpsp_active_default_template":true},"categories":[36],"tags":[],"class_list":["post-74989","post","type-post","status-publish","format-standard","has-post-thumbnail","hentry","category-culture"],"aioseo_notices":[],"yoast_head":"<!-- This site is optimized with the Yoast SEO plugin v27.4 - https:\/\/yoast.com\/product\/yoast-seo-wordpress\/ -->\n<title>SILA 2025\u00a0: Le livre comme pont entre les cultures - La Sentinelle<\/title>\n<meta name=\"robots\" content=\"index, follow, max-snippet:-1, max-image-preview:large, max-video-preview:-1\" \/>\n<link rel=\"canonical\" href=\"https:\/\/lasentinelle.dz\/index.php\/2025\/10\/21\/sila-2025-le-livre-comme-pont-entre-les-cultures\/\" \/>\n<meta property=\"og:locale\" content=\"fr_FR\" \/>\n<meta property=\"og:type\" content=\"article\" \/>\n<meta property=\"og:title\" content=\"SILA 2025\u00a0: Le livre comme pont entre les cultures - La Sentinelle\" \/>\n<meta property=\"og:description\" content=\"La 28e \u00e9dition du Salon international du livre d&rsquo;Alger se tiendra du 29 octobre au 8 novembre 2025 au Palais\" \/>\n<meta property=\"og:url\" content=\"https:\/\/lasentinelle.dz\/index.php\/2025\/10\/21\/sila-2025-le-livre-comme-pont-entre-les-cultures\/\" \/>\n<meta property=\"og:site_name\" content=\"La Sentinelle\" \/>\n<meta property=\"article:publisher\" content=\"https:\/\/www.facebook.com\/La-Sentinelle-104059864394773\" \/>\n<meta property=\"article:published_time\" content=\"2025-10-21T12:13:23+00:00\" \/>\n<meta property=\"article:modified_time\" content=\"2025-10-21T12:13:24+00:00\" \/>\n<meta property=\"og:image\" content=\"https:\/\/lasentinelle.dz\/wp-content\/uploads\/2025\/10\/Sila.jpg\" \/>\n\t<meta property=\"og:image:width\" content=\"2048\" \/>\n\t<meta property=\"og:image:height\" content=\"1366\" \/>\n\t<meta property=\"og:image:type\" content=\"image\/jpeg\" \/>\n<meta name=\"author\" content=\"admin\" \/>\n<meta name=\"twitter:card\" content=\"summary_large_image\" \/>\n<meta name=\"twitter:label1\" content=\"\u00c9crit par\" \/>\n\t<meta name=\"twitter:data1\" content=\"admin\" \/>\n\t<meta name=\"twitter:label2\" content=\"Dur\u00e9e de lecture estim\u00e9e\" \/>\n\t<meta name=\"twitter:data2\" content=\"5 minutes\" \/>\n<script type=\"application\/ld+json\" class=\"yoast-schema-graph\">{\"@context\":\"https:\\\/\\\/schema.org\",\"@graph\":[{\"@type\":\"Article\",\"@id\":\"https:\\\/\\\/lasentinelle.dz\\\/index.php\\\/2025\\\/10\\\/21\\\/sila-2025-le-livre-comme-pont-entre-les-cultures\\\/#article\",\"isPartOf\":{\"@id\":\"https:\\\/\\\/lasentinelle.dz\\\/index.php\\\/2025\\\/10\\\/21\\\/sila-2025-le-livre-comme-pont-entre-les-cultures\\\/\"},\"author\":{\"name\":\"admin\",\"@id\":\"https:\\\/\\\/lasentinelle.dz\\\/#\\\/schema\\\/person\\\/729ee0024f24e0b8c5ec17232f8e8b41\"},\"headline\":\"SILA 2025\u00a0: Le livre comme pont entre les cultures\",\"datePublished\":\"2025-10-21T12:13:23+00:00\",\"dateModified\":\"2025-10-21T12:13:24+00:00\",\"mainEntityOfPage\":{\"@id\":\"https:\\\/\\\/lasentinelle.dz\\\/index.php\\\/2025\\\/10\\\/21\\\/sila-2025-le-livre-comme-pont-entre-les-cultures\\\/\"},\"wordCount\":900,\"commentCount\":0,\"publisher\":{\"@id\":\"https:\\\/\\\/lasentinelle.dz\\\/#organization\"},\"image\":{\"@id\":\"https:\\\/\\\/lasentinelle.dz\\\/index.php\\\/2025\\\/10\\\/21\\\/sila-2025-le-livre-comme-pont-entre-les-cultures\\\/#primaryimage\"},\"thumbnailUrl\":\"https:\\\/\\\/lasentinelle.dz\\\/wp-content\\\/uploads\\\/2025\\\/10\\\/Sila.jpg\",\"articleSection\":[\"Culture\"],\"inLanguage\":\"fr-FR\",\"potentialAction\":[{\"@type\":\"CommentAction\",\"name\":\"Comment\",\"target\":[\"https:\\\/\\\/lasentinelle.dz\\\/index.php\\\/2025\\\/10\\\/21\\\/sila-2025-le-livre-comme-pont-entre-les-cultures\\\/#respond\"]}]},{\"@type\":\"WebPage\",\"@id\":\"https:\\\/\\\/lasentinelle.dz\\\/index.php\\\/2025\\\/10\\\/21\\\/sila-2025-le-livre-comme-pont-entre-les-cultures\\\/\",\"url\":\"https:\\\/\\\/lasentinelle.dz\\\/index.php\\\/2025\\\/10\\\/21\\\/sila-2025-le-livre-comme-pont-entre-les-cultures\\\/\",\"name\":\"SILA 2025\u00a0: Le livre comme pont entre les cultures - La Sentinelle\",\"isPartOf\":{\"@id\":\"https:\\\/\\\/lasentinelle.dz\\\/#website\"},\"primaryImageOfPage\":{\"@id\":\"https:\\\/\\\/lasentinelle.dz\\\/index.php\\\/2025\\\/10\\\/21\\\/sila-2025-le-livre-comme-pont-entre-les-cultures\\\/#primaryimage\"},\"image\":{\"@id\":\"https:\\\/\\\/lasentinelle.dz\\\/index.php\\\/2025\\\/10\\\/21\\\/sila-2025-le-livre-comme-pont-entre-les-cultures\\\/#primaryimage\"},\"thumbnailUrl\":\"https:\\\/\\\/lasentinelle.dz\\\/wp-content\\\/uploads\\\/2025\\\/10\\\/Sila.jpg\",\"datePublished\":\"2025-10-21T12:13:23+00:00\",\"dateModified\":\"2025-10-21T12:13:24+00:00\",\"breadcrumb\":{\"@id\":\"https:\\\/\\\/lasentinelle.dz\\\/index.php\\\/2025\\\/10\\\/21\\\/sila-2025-le-livre-comme-pont-entre-les-cultures\\\/#breadcrumb\"},\"inLanguage\":\"fr-FR\",\"potentialAction\":[{\"@type\":\"ReadAction\",\"target\":[\"https:\\\/\\\/lasentinelle.dz\\\/index.php\\\/2025\\\/10\\\/21\\\/sila-2025-le-livre-comme-pont-entre-les-cultures\\\/\"]}]},{\"@type\":\"ImageObject\",\"inLanguage\":\"fr-FR\",\"@id\":\"https:\\\/\\\/lasentinelle.dz\\\/index.php\\\/2025\\\/10\\\/21\\\/sila-2025-le-livre-comme-pont-entre-les-cultures\\\/#primaryimage\",\"url\":\"https:\\\/\\\/lasentinelle.dz\\\/wp-content\\\/uploads\\\/2025\\\/10\\\/Sila.jpg\",\"contentUrl\":\"https:\\\/\\\/lasentinelle.dz\\\/wp-content\\\/uploads\\\/2025\\\/10\\\/Sila.jpg\",\"width\":2048,\"height\":1366},{\"@type\":\"BreadcrumbList\",\"@id\":\"https:\\\/\\\/lasentinelle.dz\\\/index.php\\\/2025\\\/10\\\/21\\\/sila-2025-le-livre-comme-pont-entre-les-cultures\\\/#breadcrumb\",\"itemListElement\":[{\"@type\":\"ListItem\",\"position\":1,\"name\":\"Accueil\",\"item\":\"https:\\\/\\\/lasentinelle.dz\\\/\"},{\"@type\":\"ListItem\",\"position\":2,\"name\":\"SILA 2025\u00a0: Le livre comme pont entre les cultures\"}]},{\"@type\":\"WebSite\",\"@id\":\"https:\\\/\\\/lasentinelle.dz\\\/#website\",\"url\":\"https:\\\/\\\/lasentinelle.dz\\\/\",\"name\":\"La Sentinelle\",\"description\":\"Quotidien national d&#039;information\",\"publisher\":{\"@id\":\"https:\\\/\\\/lasentinelle.dz\\\/#organization\"},\"potentialAction\":[{\"@type\":\"SearchAction\",\"target\":{\"@type\":\"EntryPoint\",\"urlTemplate\":\"https:\\\/\\\/lasentinelle.dz\\\/?s={search_term_string}\"},\"query-input\":{\"@type\":\"PropertyValueSpecification\",\"valueRequired\":true,\"valueName\":\"search_term_string\"}}],\"inLanguage\":\"fr-FR\"},{\"@type\":\"Organization\",\"@id\":\"https:\\\/\\\/lasentinelle.dz\\\/#organization\",\"name\":\"Quotidien La Sentinelle\",\"url\":\"https:\\\/\\\/lasentinelle.dz\\\/\",\"logo\":{\"@type\":\"ImageObject\",\"inLanguage\":\"fr-FR\",\"@id\":\"https:\\\/\\\/lasentinelle.dz\\\/#\\\/schema\\\/logo\\\/image\\\/\",\"url\":\"https:\\\/\\\/lasentinelle.dz\\\/wp-content\\\/uploads\\\/2021\\\/09\\\/logo-sentinelleSLOGAN-1.png\",\"contentUrl\":\"https:\\\/\\\/lasentinelle.dz\\\/wp-content\\\/uploads\\\/2021\\\/09\\\/logo-sentinelleSLOGAN-1.png\",\"width\":615,\"height\":142,\"caption\":\"Quotidien La Sentinelle\"},\"image\":{\"@id\":\"https:\\\/\\\/lasentinelle.dz\\\/#\\\/schema\\\/logo\\\/image\\\/\"},\"sameAs\":[\"https:\\\/\\\/www.facebook.com\\\/La-Sentinelle-104059864394773\"]},{\"@type\":\"Person\",\"@id\":\"https:\\\/\\\/lasentinelle.dz\\\/#\\\/schema\\\/person\\\/729ee0024f24e0b8c5ec17232f8e8b41\",\"name\":\"admin\",\"image\":{\"@type\":\"ImageObject\",\"inLanguage\":\"fr-FR\",\"@id\":\"https:\\\/\\\/secure.gravatar.com\\\/avatar\\\/4c81fed838786e9b53f540bf46533e750f5d292099ae3b66cfc6fb1982e29df7?s=96&d=mm&r=g\",\"url\":\"https:\\\/\\\/secure.gravatar.com\\\/avatar\\\/4c81fed838786e9b53f540bf46533e750f5d292099ae3b66cfc6fb1982e29df7?s=96&d=mm&r=g\",\"contentUrl\":\"https:\\\/\\\/secure.gravatar.com\\\/avatar\\\/4c81fed838786e9b53f540bf46533e750f5d292099ae3b66cfc6fb1982e29df7?s=96&d=mm&r=g\",\"caption\":\"admin\"},\"description\":\"admin\",\"url\":\"https:\\\/\\\/lasentinelle.dz\\\/author\\\/admin\\\/\"}]}<\/script>\n<!-- \/ Yoast SEO plugin. -->","yoast_head_json":{"title":"SILA 2025\u00a0: Le livre comme pont entre les cultures - La Sentinelle","robots":{"index":"index","follow":"follow","max-snippet":"max-snippet:-1","max-image-preview":"max-image-preview:large","max-video-preview":"max-video-preview:-1"},"canonical":"https:\/\/lasentinelle.dz\/index.php\/2025\/10\/21\/sila-2025-le-livre-comme-pont-entre-les-cultures\/","og_locale":"fr_FR","og_type":"article","og_title":"SILA 2025\u00a0: Le livre comme pont entre les cultures - La Sentinelle","og_description":"La 28e \u00e9dition du Salon international du livre d&rsquo;Alger se tiendra du 29 octobre au 8 novembre 2025 au Palais","og_url":"https:\/\/lasentinelle.dz\/index.php\/2025\/10\/21\/sila-2025-le-livre-comme-pont-entre-les-cultures\/","og_site_name":"La Sentinelle","article_publisher":"https:\/\/www.facebook.com\/La-Sentinelle-104059864394773","article_published_time":"2025-10-21T12:13:23+00:00","article_modified_time":"2025-10-21T12:13:24+00:00","og_image":[{"width":2048,"height":1366,"url":"https:\/\/lasentinelle.dz\/wp-content\/uploads\/2025\/10\/Sila.jpg","type":"image\/jpeg"}],"author":"admin","twitter_card":"summary_large_image","twitter_misc":{"\u00c9crit par":"admin","Dur\u00e9e de lecture estim\u00e9e":"5 minutes"},"schema":{"@context":"https:\/\/schema.org","@graph":[{"@type":"Article","@id":"https:\/\/lasentinelle.dz\/index.php\/2025\/10\/21\/sila-2025-le-livre-comme-pont-entre-les-cultures\/#article","isPartOf":{"@id":"https:\/\/lasentinelle.dz\/index.php\/2025\/10\/21\/sila-2025-le-livre-comme-pont-entre-les-cultures\/"},"author":{"name":"admin","@id":"https:\/\/lasentinelle.dz\/#\/schema\/person\/729ee0024f24e0b8c5ec17232f8e8b41"},"headline":"SILA 2025\u00a0: Le livre comme pont entre les cultures","datePublished":"2025-10-21T12:13:23+00:00","dateModified":"2025-10-21T12:13:24+00:00","mainEntityOfPage":{"@id":"https:\/\/lasentinelle.dz\/index.php\/2025\/10\/21\/sila-2025-le-livre-comme-pont-entre-les-cultures\/"},"wordCount":900,"commentCount":0,"publisher":{"@id":"https:\/\/lasentinelle.dz\/#organization"},"image":{"@id":"https:\/\/lasentinelle.dz\/index.php\/2025\/10\/21\/sila-2025-le-livre-comme-pont-entre-les-cultures\/#primaryimage"},"thumbnailUrl":"https:\/\/lasentinelle.dz\/wp-content\/uploads\/2025\/10\/Sila.jpg","articleSection":["Culture"],"inLanguage":"fr-FR","potentialAction":[{"@type":"CommentAction","name":"Comment","target":["https:\/\/lasentinelle.dz\/index.php\/2025\/10\/21\/sila-2025-le-livre-comme-pont-entre-les-cultures\/#respond"]}]},{"@type":"WebPage","@id":"https:\/\/lasentinelle.dz\/index.php\/2025\/10\/21\/sila-2025-le-livre-comme-pont-entre-les-cultures\/","url":"https:\/\/lasentinelle.dz\/index.php\/2025\/10\/21\/sila-2025-le-livre-comme-pont-entre-les-cultures\/","name":"SILA 2025\u00a0: Le livre comme pont entre les cultures - La Sentinelle","isPartOf":{"@id":"https:\/\/lasentinelle.dz\/#website"},"primaryImageOfPage":{"@id":"https:\/\/lasentinelle.dz\/index.php\/2025\/10\/21\/sila-2025-le-livre-comme-pont-entre-les-cultures\/#primaryimage"},"image":{"@id":"https:\/\/lasentinelle.dz\/index.php\/2025\/10\/21\/sila-2025-le-livre-comme-pont-entre-les-cultures\/#primaryimage"},"thumbnailUrl":"https:\/\/lasentinelle.dz\/wp-content\/uploads\/2025\/10\/Sila.jpg","datePublished":"2025-10-21T12:13:23+00:00","dateModified":"2025-10-21T12:13:24+00:00","breadcrumb":{"@id":"https:\/\/lasentinelle.dz\/index.php\/2025\/10\/21\/sila-2025-le-livre-comme-pont-entre-les-cultures\/#breadcrumb"},"inLanguage":"fr-FR","potentialAction":[{"@type":"ReadAction","target":["https:\/\/lasentinelle.dz\/index.php\/2025\/10\/21\/sila-2025-le-livre-comme-pont-entre-les-cultures\/"]}]},{"@type":"ImageObject","inLanguage":"fr-FR","@id":"https:\/\/lasentinelle.dz\/index.php\/2025\/10\/21\/sila-2025-le-livre-comme-pont-entre-les-cultures\/#primaryimage","url":"https:\/\/lasentinelle.dz\/wp-content\/uploads\/2025\/10\/Sila.jpg","contentUrl":"https:\/\/lasentinelle.dz\/wp-content\/uploads\/2025\/10\/Sila.jpg","width":2048,"height":1366},{"@type":"BreadcrumbList","@id":"https:\/\/lasentinelle.dz\/index.php\/2025\/10\/21\/sila-2025-le-livre-comme-pont-entre-les-cultures\/#breadcrumb","itemListElement":[{"@type":"ListItem","position":1,"name":"Accueil","item":"https:\/\/lasentinelle.dz\/"},{"@type":"ListItem","position":2,"name":"SILA 2025\u00a0: Le livre comme pont entre les cultures"}]},{"@type":"WebSite","@id":"https:\/\/lasentinelle.dz\/#website","url":"https:\/\/lasentinelle.dz\/","name":"La Sentinelle","description":"Quotidien national d&#039;information","publisher":{"@id":"https:\/\/lasentinelle.dz\/#organization"},"potentialAction":[{"@type":"SearchAction","target":{"@type":"EntryPoint","urlTemplate":"https:\/\/lasentinelle.dz\/?s={search_term_string}"},"query-input":{"@type":"PropertyValueSpecification","valueRequired":true,"valueName":"search_term_string"}}],"inLanguage":"fr-FR"},{"@type":"Organization","@id":"https:\/\/lasentinelle.dz\/#organization","name":"Quotidien La Sentinelle","url":"https:\/\/lasentinelle.dz\/","logo":{"@type":"ImageObject","inLanguage":"fr-FR","@id":"https:\/\/lasentinelle.dz\/#\/schema\/logo\/image\/","url":"https:\/\/lasentinelle.dz\/wp-content\/uploads\/2021\/09\/logo-sentinelleSLOGAN-1.png","contentUrl":"https:\/\/lasentinelle.dz\/wp-content\/uploads\/2021\/09\/logo-sentinelleSLOGAN-1.png","width":615,"height":142,"caption":"Quotidien La Sentinelle"},"image":{"@id":"https:\/\/lasentinelle.dz\/#\/schema\/logo\/image\/"},"sameAs":["https:\/\/www.facebook.com\/La-Sentinelle-104059864394773"]},{"@type":"Person","@id":"https:\/\/lasentinelle.dz\/#\/schema\/person\/729ee0024f24e0b8c5ec17232f8e8b41","name":"admin","image":{"@type":"ImageObject","inLanguage":"fr-FR","@id":"https:\/\/secure.gravatar.com\/avatar\/4c81fed838786e9b53f540bf46533e750f5d292099ae3b66cfc6fb1982e29df7?s=96&d=mm&r=g","url":"https:\/\/secure.gravatar.com\/avatar\/4c81fed838786e9b53f540bf46533e750f5d292099ae3b66cfc6fb1982e29df7?s=96&d=mm&r=g","contentUrl":"https:\/\/secure.gravatar.com\/avatar\/4c81fed838786e9b53f540bf46533e750f5d292099ae3b66cfc6fb1982e29df7?s=96&d=mm&r=g","caption":"admin"},"description":"admin","url":"https:\/\/lasentinelle.dz\/author\/admin\/"}]}},"_links":{"self":[{"href":"https:\/\/lasentinelle.dz\/index.php\/wp-json\/wp\/v2\/posts\/74989","targetHints":{"allow":["GET"]}}],"collection":[{"href":"https:\/\/lasentinelle.dz\/index.php\/wp-json\/wp\/v2\/posts"}],"about":[{"href":"https:\/\/lasentinelle.dz\/index.php\/wp-json\/wp\/v2\/types\/post"}],"author":[{"embeddable":true,"href":"https:\/\/lasentinelle.dz\/index.php\/wp-json\/wp\/v2\/users\/6"}],"replies":[{"embeddable":true,"href":"https:\/\/lasentinelle.dz\/index.php\/wp-json\/wp\/v2\/comments?post=74989"}],"version-history":[{"count":1,"href":"https:\/\/lasentinelle.dz\/index.php\/wp-json\/wp\/v2\/posts\/74989\/revisions"}],"predecessor-version":[{"id":74991,"href":"https:\/\/lasentinelle.dz\/index.php\/wp-json\/wp\/v2\/posts\/74989\/revisions\/74991"}],"wp:featuredmedia":[{"embeddable":true,"href":"https:\/\/lasentinelle.dz\/index.php\/wp-json\/wp\/v2\/media\/74990"}],"wp:attachment":[{"href":"https:\/\/lasentinelle.dz\/index.php\/wp-json\/wp\/v2\/media?parent=74989"}],"wp:term":[{"taxonomy":"category","embeddable":true,"href":"https:\/\/lasentinelle.dz\/index.php\/wp-json\/wp\/v2\/categories?post=74989"},{"taxonomy":"post_tag","embeddable":true,"href":"https:\/\/lasentinelle.dz\/index.php\/wp-json\/wp\/v2\/tags?post=74989"}],"curies":[{"name":"wp","href":"https:\/\/api.w.org\/{rel}","templated":true}]}}