{"id":74992,"date":"2025-10-21T13:14:26","date_gmt":"2025-10-21T12:14:26","guid":{"rendered":"https:\/\/lasentinelle.dz\/?p=74992"},"modified":"2025-10-21T13:14:27","modified_gmt":"2025-10-21T12:14:27","slug":"championnats-europeens-les-fennecs-simposent","status":"publish","type":"post","link":"https:\/\/lasentinelle.dz\/index.php\/2025\/10\/21\/championnats-europeens-les-fennecs-simposent\/","title":{"rendered":"Championnats europ\u00e9ens\u00a0: Les Fennecs s&rsquo;imposent"},"content":{"rendered":"\n<p>Le Fennecs affichent une grande forme. Anis Hadj Moussa a inscrit un doubl\u00e9 et d\u00e9livr\u00e9 une passe d\u00e9cisive lors de la victoire \u00e9crasante de Feyenoord Rotterdam face \u00e0 Heracles (7-0) dimanche, tandis que Far\u00e8s Cha\u00efbi signait sa quatri\u00e8me passe d\u00e9cisive de la saison en Bundesliga, illustrant l&rsquo;excellent d\u00e9but de saison des internationaux alg\u00e9riens \u00e9voluant dans les championnats europ\u00e9ens.<\/p>\n\n\n\n<p>Le week-end des Fennecs en Europe aura \u00e9t\u00e9 marqu\u00e9 par des performances remarquables qui confirment la mont\u00e9e en puissance d&rsquo;une g\u00e9n\u00e9ration talentueuse. \u00c0 Rotterdam, Anis Hadj Moussa a tout simplement r\u00e9alis\u00e9 le match de sa jeune carri\u00e8re. Titularis\u00e9 sur le flanc droit de l&rsquo;attaque de Feyenoord, l&rsquo;ailier de 23 ans a ouvert son festival d\u00e8s la 28e minute en inscrivant le deuxi\u00e8me but de son \u00e9quipe. Cinq minutes plus tard, c&rsquo;est en cr\u00e9ateur qu&rsquo;il s&rsquo;est illustr\u00e9, d\u00e9livrant une passe d\u00e9cisive pour l&rsquo;attaquant japonais Ueda. Infatigable, le natif d&rsquo;Oran a remis le couvert en seconde p\u00e9riode en signant le sixi\u00e8me but de la rencontre \u00e0 la 59e minute, avant de c\u00e9der sa place sous les ovations du public n\u00e9erlandais. Avec quatre r\u00e9alisations en championnat et deux en Ligue des champions, Hadj Moussa s&rsquo;affirme comme l&rsquo;un des joueurs cl\u00e9s du leader de l&rsquo;Eredivisie, qui compte d\u00e9sormais 25 points et trois longueurs d&rsquo;avance sur le PSV Eindhoven. Recrut\u00e9 pour 3,5 millions d&rsquo;euros en provenance de Vitesse Arnhem en 2024, l&rsquo;international alg\u00e9rien justifie pleinement la confiance des dirigeants de Feyenoord, qui ont prolong\u00e9 son contrat jusqu&rsquo;en 2030 apr\u00e8s une saison 2024-2025 aboutie avec 11 buts et 3 passes d\u00e9cisives en 43 apparitions. Son adaptation au football de haut niveau est d\u00e9sormais totale, et son profil polyvalent en fait un atout majeur pour son club comme pour la s\u00e9lection nationale. En Allemagne, Far\u00e8s Cha\u00efbi poursuit sa belle renaissance sous les couleurs de l&rsquo;Eintracht Francfort. Repositionn\u00e9 au milieu de terrain par son entra\u00eeneur Dino Toppm\u00f6ller, l&rsquo;ancien Toulousain multiplie les performances convaincantes malgr\u00e9 les r\u00e9sultats en dents de scie de son \u00e9quipe. Lors du d\u00e9placement \u00e0 Fribourg dimanche, Cha\u00efbi a d\u00e9livr\u00e9 sa quatri\u00e8me passe d\u00e9cisive de la saison en sept matchs, permettant \u00e0 Burkardt d&rsquo;inscrire un doubl\u00e9. Plac\u00e9 intelligemment entre les lignes, le milieu alg\u00e9rien a centr\u00e9 en retrait pour son co\u00e9quipier, offrant momentan\u00e9ment l&rsquo;avantage aux siens. Malgr\u00e9 le match nul final (2-2) et une septi\u00e8me place d\u00e9cevante en championnat, Cha\u00efbi s&rsquo;impose comme le deuxi\u00e8me meilleur passeur de Bundesliga, confirmant son statut de joueur majeur de cette formation allemande.<\/p>\n\n\n\n<p>Plus au nord, en France, A\u00efssa Mandi continue d&rsquo;\u00e9crire sa renaissance lilloise. Longtemps consid\u00e9r\u00e9 comme un simple joueur d&rsquo;appoint, le d\u00e9fenseur de 33 ans s&rsquo;est impos\u00e9 comme un cadre incontournable du LOSC avec cinq titularisations cons\u00e9cutives. Son entra\u00eeneur Bruno Genesio ne tarit pas d&rsquo;\u00e9loges sur son prot\u00e9g\u00e9. Apr\u00e8s la victoire \u00e0 Nantes, le technicien fran\u00e7ais a soulign\u00e9 les qualit\u00e9s exceptionnelles de l&rsquo;Alg\u00e9rien, notamment sa capacit\u00e9 \u00e0 guider ses partenaires et sa lecture du jeu remarquable. Troisi\u00e8me capitaine de l&rsquo;\u00e9quipe, Mandi incarne le leadership par l&rsquo;exemple et la parole, apportant son exp\u00e9rience au jeune effectif nordiste. Du c\u00f4t\u00e9 de Dortmund, Ramy Benseba\u00efni a d\u00fb se contenter du banc lors du Klassiker face au Bayern Munich. Son entra\u00eeneur Niko Kovac a expliqu\u00e9 cette mise \u00e0 l&rsquo;\u00e9cart par un retour tardif d&rsquo;Alg\u00e9rie apr\u00e8s les rencontres de qualification pour la Coupe du Monde 2026. Une absence provisoire pour celui qui avait jusque-l\u00e0 d\u00e9but\u00e9 tous les matchs de championnat et devrait retrouver sa place d\u00e8s la prochaine journ\u00e9e. Enfin, en Espagne, le tout nouveau Fennec Luca Zidane, fils de la l\u00e9gende fran\u00e7aise, a pr\u00e9serv\u00e9 l&rsquo;invincibilit\u00e9 de Grenade lors du match nul face au FC Andorre. Le gardien a notamment r\u00e9alis\u00e9 un arr\u00eat d\u00e9cisif \u00e0 la 70e minute, d\u00e9tournant d&rsquo;une claquette main oppos\u00e9e une frappe enroul\u00e9e. Ce clean sheet permet \u00e0 son \u00e9quipe de sortir provisoirement de la zone de rel\u00e9gation.<\/p>\n\n\n\n<p>Cette s\u00e9rie de performances confirme que les internationaux alg\u00e9riens disposent du talent n\u00e9cessaire pour briller au plus haut niveau europ\u00e9en et porter les ambitions de leur s\u00e9lection nationale.<\/p>\n\n\n\n<p>Moncef D.<\/p>\n","protected":false},"excerpt":{"rendered":"<p>Le Fennecs affichent une grande forme. Anis Hadj Moussa a inscrit un doubl\u00e9 et d\u00e9livr\u00e9 une passe d\u00e9cisive lors de<\/p>\n","protected":false},"author":6,"featured_media":74993,"comment_status":"open","ping_status":"closed","sticky":false,"template":"","format":"standard","meta":{"colormag_page_container_layout":"default_layout","colormag_page_sidebar_layout":"default_layout","om_disable_all_campaigns":false,"_monsterinsights_skip_tracking":false,"_monsterinsights_sitenote_active":false,"_monsterinsights_sitenote_note":"","_monsterinsights_sitenote_category":0,"footnotes":"","_wpscppro_dont_share_socialmedia":false,"_wpscppro_custom_social_share_image":0,"_facebook_share_type":"default","_twitter_share_type":"default","_linkedin_share_type":"default","_pinterest_share_type":"default","_linkedin_share_type_page":"","_instagram_share_type":"default","_medium_share_type":"default","_threads_share_type":"default","_google_business_share_type":"default","_selected_social_profile":[],"_wpsp_enable_custom_social_template":false,"_wpsp_social_scheduling":{"enabled":false,"datetime":null,"platforms":[],"status":"template_only","dateOption":"today","timeOption":"now","customDays":"","customHours":"","customDate":"","customTime":"","schedulingType":"absolute"},"_wpsp_active_default_template":true},"categories":[33],"tags":[],"class_list":["post-74992","post","type-post","status-publish","format-standard","has-post-thumbnail","hentry","category-sports"],"aioseo_notices":[],"yoast_head":"<!-- This site is optimized with the Yoast SEO plugin v27.4 - https:\/\/yoast.com\/product\/yoast-seo-wordpress\/ -->\n<title>Championnats europ\u00e9ens\u00a0: Les Fennecs s&rsquo;imposent - La Sentinelle<\/title>\n<meta name=\"robots\" content=\"index, follow, max-snippet:-1, max-image-preview:large, max-video-preview:-1\" \/>\n<link rel=\"canonical\" href=\"https:\/\/lasentinelle.dz\/index.php\/2025\/10\/21\/championnats-europeens-les-fennecs-simposent\/\" \/>\n<meta property=\"og:locale\" content=\"fr_FR\" \/>\n<meta property=\"og:type\" content=\"article\" \/>\n<meta property=\"og:title\" content=\"Championnats europ\u00e9ens\u00a0: Les Fennecs s&rsquo;imposent - La Sentinelle\" \/>\n<meta property=\"og:description\" content=\"Le Fennecs affichent une grande forme. Anis Hadj Moussa a inscrit un doubl\u00e9 et d\u00e9livr\u00e9 une passe d\u00e9cisive lors de\" \/>\n<meta property=\"og:url\" content=\"https:\/\/lasentinelle.dz\/index.php\/2025\/10\/21\/championnats-europeens-les-fennecs-simposent\/\" \/>\n<meta property=\"og:site_name\" content=\"La Sentinelle\" \/>\n<meta property=\"article:publisher\" content=\"https:\/\/www.facebook.com\/La-Sentinelle-104059864394773\" \/>\n<meta property=\"article:published_time\" content=\"2025-10-21T12:14:26+00:00\" \/>\n<meta property=\"article:modified_time\" content=\"2025-10-21T12:14:27+00:00\" \/>\n<meta property=\"og:image\" content=\"https:\/\/lasentinelle.dz\/wp-content\/uploads\/2025\/10\/Anis-Hadj-Moussa.jpg\" \/>\n\t<meta property=\"og:image:width\" content=\"828\" \/>\n\t<meta property=\"og:image:height\" content=\"552\" \/>\n\t<meta property=\"og:image:type\" content=\"image\/jpeg\" \/>\n<meta name=\"author\" content=\"admin\" \/>\n<meta name=\"twitter:card\" content=\"summary_large_image\" \/>\n<meta name=\"twitter:label1\" content=\"\u00c9crit par\" \/>\n\t<meta name=\"twitter:data1\" content=\"admin\" \/>\n\t<meta name=\"twitter:label2\" content=\"Dur\u00e9e de lecture estim\u00e9e\" \/>\n\t<meta name=\"twitter:data2\" content=\"4 minutes\" \/>\n<script type=\"application\/ld+json\" class=\"yoast-schema-graph\">{\"@context\":\"https:\\\/\\\/schema.org\",\"@graph\":[{\"@type\":\"Article\",\"@id\":\"https:\\\/\\\/lasentinelle.dz\\\/index.php\\\/2025\\\/10\\\/21\\\/championnats-europeens-les-fennecs-simposent\\\/#article\",\"isPartOf\":{\"@id\":\"https:\\\/\\\/lasentinelle.dz\\\/index.php\\\/2025\\\/10\\\/21\\\/championnats-europeens-les-fennecs-simposent\\\/\"},\"author\":{\"name\":\"admin\",\"@id\":\"https:\\\/\\\/lasentinelle.dz\\\/#\\\/schema\\\/person\\\/729ee0024f24e0b8c5ec17232f8e8b41\"},\"headline\":\"Championnats europ\u00e9ens\u00a0: Les Fennecs s&rsquo;imposent\",\"datePublished\":\"2025-10-21T12:14:26+00:00\",\"dateModified\":\"2025-10-21T12:14:27+00:00\",\"mainEntityOfPage\":{\"@id\":\"https:\\\/\\\/lasentinelle.dz\\\/index.php\\\/2025\\\/10\\\/21\\\/championnats-europeens-les-fennecs-simposent\\\/\"},\"wordCount\":758,\"commentCount\":0,\"publisher\":{\"@id\":\"https:\\\/\\\/lasentinelle.dz\\\/#organization\"},\"image\":{\"@id\":\"https:\\\/\\\/lasentinelle.dz\\\/index.php\\\/2025\\\/10\\\/21\\\/championnats-europeens-les-fennecs-simposent\\\/#primaryimage\"},\"thumbnailUrl\":\"https:\\\/\\\/lasentinelle.dz\\\/wp-content\\\/uploads\\\/2025\\\/10\\\/Anis-Hadj-Moussa.jpg\",\"articleSection\":[\"Sports\"],\"inLanguage\":\"fr-FR\",\"potentialAction\":[{\"@type\":\"CommentAction\",\"name\":\"Comment\",\"target\":[\"https:\\\/\\\/lasentinelle.dz\\\/index.php\\\/2025\\\/10\\\/21\\\/championnats-europeens-les-fennecs-simposent\\\/#respond\"]}]},{\"@type\":\"WebPage\",\"@id\":\"https:\\\/\\\/lasentinelle.dz\\\/index.php\\\/2025\\\/10\\\/21\\\/championnats-europeens-les-fennecs-simposent\\\/\",\"url\":\"https:\\\/\\\/lasentinelle.dz\\\/index.php\\\/2025\\\/10\\\/21\\\/championnats-europeens-les-fennecs-simposent\\\/\",\"name\":\"Championnats europ\u00e9ens\u00a0: Les Fennecs s&rsquo;imposent - La Sentinelle\",\"isPartOf\":{\"@id\":\"https:\\\/\\\/lasentinelle.dz\\\/#website\"},\"primaryImageOfPage\":{\"@id\":\"https:\\\/\\\/lasentinelle.dz\\\/index.php\\\/2025\\\/10\\\/21\\\/championnats-europeens-les-fennecs-simposent\\\/#primaryimage\"},\"image\":{\"@id\":\"https:\\\/\\\/lasentinelle.dz\\\/index.php\\\/2025\\\/10\\\/21\\\/championnats-europeens-les-fennecs-simposent\\\/#primaryimage\"},\"thumbnailUrl\":\"https:\\\/\\\/lasentinelle.dz\\\/wp-content\\\/uploads\\\/2025\\\/10\\\/Anis-Hadj-Moussa.jpg\",\"datePublished\":\"2025-10-21T12:14:26+00:00\",\"dateModified\":\"2025-10-21T12:14:27+00:00\",\"breadcrumb\":{\"@id\":\"https:\\\/\\\/lasentinelle.dz\\\/index.php\\\/2025\\\/10\\\/21\\\/championnats-europeens-les-fennecs-simposent\\\/#breadcrumb\"},\"inLanguage\":\"fr-FR\",\"potentialAction\":[{\"@type\":\"ReadAction\",\"target\":[\"https:\\\/\\\/lasentinelle.dz\\\/index.php\\\/2025\\\/10\\\/21\\\/championnats-europeens-les-fennecs-simposent\\\/\"]}]},{\"@type\":\"ImageObject\",\"inLanguage\":\"fr-FR\",\"@id\":\"https:\\\/\\\/lasentinelle.dz\\\/index.php\\\/2025\\\/10\\\/21\\\/championnats-europeens-les-fennecs-simposent\\\/#primaryimage\",\"url\":\"https:\\\/\\\/lasentinelle.dz\\\/wp-content\\\/uploads\\\/2025\\\/10\\\/Anis-Hadj-Moussa.jpg\",\"contentUrl\":\"https:\\\/\\\/lasentinelle.dz\\\/wp-content\\\/uploads\\\/2025\\\/10\\\/Anis-Hadj-Moussa.jpg\",\"width\":828,\"height\":552},{\"@type\":\"BreadcrumbList\",\"@id\":\"https:\\\/\\\/lasentinelle.dz\\\/index.php\\\/2025\\\/10\\\/21\\\/championnats-europeens-les-fennecs-simposent\\\/#breadcrumb\",\"itemListElement\":[{\"@type\":\"ListItem\",\"position\":1,\"name\":\"Accueil\",\"item\":\"https:\\\/\\\/lasentinelle.dz\\\/\"},{\"@type\":\"ListItem\",\"position\":2,\"name\":\"Championnats europ\u00e9ens\u00a0: Les Fennecs s&rsquo;imposent\"}]},{\"@type\":\"WebSite\",\"@id\":\"https:\\\/\\\/lasentinelle.dz\\\/#website\",\"url\":\"https:\\\/\\\/lasentinelle.dz\\\/\",\"name\":\"La Sentinelle\",\"description\":\"Quotidien national d&#039;information\",\"publisher\":{\"@id\":\"https:\\\/\\\/lasentinelle.dz\\\/#organization\"},\"potentialAction\":[{\"@type\":\"SearchAction\",\"target\":{\"@type\":\"EntryPoint\",\"urlTemplate\":\"https:\\\/\\\/lasentinelle.dz\\\/?s={search_term_string}\"},\"query-input\":{\"@type\":\"PropertyValueSpecification\",\"valueRequired\":true,\"valueName\":\"search_term_string\"}}],\"inLanguage\":\"fr-FR\"},{\"@type\":\"Organization\",\"@id\":\"https:\\\/\\\/lasentinelle.dz\\\/#organization\",\"name\":\"Quotidien La Sentinelle\",\"url\":\"https:\\\/\\\/lasentinelle.dz\\\/\",\"logo\":{\"@type\":\"ImageObject\",\"inLanguage\":\"fr-FR\",\"@id\":\"https:\\\/\\\/lasentinelle.dz\\\/#\\\/schema\\\/logo\\\/image\\\/\",\"url\":\"https:\\\/\\\/lasentinelle.dz\\\/wp-content\\\/uploads\\\/2021\\\/09\\\/logo-sentinelleSLOGAN-1.png\",\"contentUrl\":\"https:\\\/\\\/lasentinelle.dz\\\/wp-content\\\/uploads\\\/2021\\\/09\\\/logo-sentinelleSLOGAN-1.png\",\"width\":615,\"height\":142,\"caption\":\"Quotidien La Sentinelle\"},\"image\":{\"@id\":\"https:\\\/\\\/lasentinelle.dz\\\/#\\\/schema\\\/logo\\\/image\\\/\"},\"sameAs\":[\"https:\\\/\\\/www.facebook.com\\\/La-Sentinelle-104059864394773\"]},{\"@type\":\"Person\",\"@id\":\"https:\\\/\\\/lasentinelle.dz\\\/#\\\/schema\\\/person\\\/729ee0024f24e0b8c5ec17232f8e8b41\",\"name\":\"admin\",\"image\":{\"@type\":\"ImageObject\",\"inLanguage\":\"fr-FR\",\"@id\":\"https:\\\/\\\/secure.gravatar.com\\\/avatar\\\/4c81fed838786e9b53f540bf46533e750f5d292099ae3b66cfc6fb1982e29df7?s=96&d=mm&r=g\",\"url\":\"https:\\\/\\\/secure.gravatar.com\\\/avatar\\\/4c81fed838786e9b53f540bf46533e750f5d292099ae3b66cfc6fb1982e29df7?s=96&d=mm&r=g\",\"contentUrl\":\"https:\\\/\\\/secure.gravatar.com\\\/avatar\\\/4c81fed838786e9b53f540bf46533e750f5d292099ae3b66cfc6fb1982e29df7?s=96&d=mm&r=g\",\"caption\":\"admin\"},\"description\":\"admin\",\"url\":\"https:\\\/\\\/lasentinelle.dz\\\/author\\\/admin\\\/\"}]}<\/script>\n<!-- \/ Yoast SEO plugin. -->","yoast_head_json":{"title":"Championnats europ\u00e9ens\u00a0: Les Fennecs s&rsquo;imposent - La Sentinelle","robots":{"index":"index","follow":"follow","max-snippet":"max-snippet:-1","max-image-preview":"max-image-preview:large","max-video-preview":"max-video-preview:-1"},"canonical":"https:\/\/lasentinelle.dz\/index.php\/2025\/10\/21\/championnats-europeens-les-fennecs-simposent\/","og_locale":"fr_FR","og_type":"article","og_title":"Championnats europ\u00e9ens\u00a0: Les Fennecs s&rsquo;imposent - La Sentinelle","og_description":"Le Fennecs affichent une grande forme. Anis Hadj Moussa a inscrit un doubl\u00e9 et d\u00e9livr\u00e9 une passe d\u00e9cisive lors de","og_url":"https:\/\/lasentinelle.dz\/index.php\/2025\/10\/21\/championnats-europeens-les-fennecs-simposent\/","og_site_name":"La Sentinelle","article_publisher":"https:\/\/www.facebook.com\/La-Sentinelle-104059864394773","article_published_time":"2025-10-21T12:14:26+00:00","article_modified_time":"2025-10-21T12:14:27+00:00","og_image":[{"width":828,"height":552,"url":"https:\/\/lasentinelle.dz\/wp-content\/uploads\/2025\/10\/Anis-Hadj-Moussa.jpg","type":"image\/jpeg"}],"author":"admin","twitter_card":"summary_large_image","twitter_misc":{"\u00c9crit par":"admin","Dur\u00e9e de lecture estim\u00e9e":"4 minutes"},"schema":{"@context":"https:\/\/schema.org","@graph":[{"@type":"Article","@id":"https:\/\/lasentinelle.dz\/index.php\/2025\/10\/21\/championnats-europeens-les-fennecs-simposent\/#article","isPartOf":{"@id":"https:\/\/lasentinelle.dz\/index.php\/2025\/10\/21\/championnats-europeens-les-fennecs-simposent\/"},"author":{"name":"admin","@id":"https:\/\/lasentinelle.dz\/#\/schema\/person\/729ee0024f24e0b8c5ec17232f8e8b41"},"headline":"Championnats europ\u00e9ens\u00a0: Les Fennecs s&rsquo;imposent","datePublished":"2025-10-21T12:14:26+00:00","dateModified":"2025-10-21T12:14:27+00:00","mainEntityOfPage":{"@id":"https:\/\/lasentinelle.dz\/index.php\/2025\/10\/21\/championnats-europeens-les-fennecs-simposent\/"},"wordCount":758,"commentCount":0,"publisher":{"@id":"https:\/\/lasentinelle.dz\/#organization"},"image":{"@id":"https:\/\/lasentinelle.dz\/index.php\/2025\/10\/21\/championnats-europeens-les-fennecs-simposent\/#primaryimage"},"thumbnailUrl":"https:\/\/lasentinelle.dz\/wp-content\/uploads\/2025\/10\/Anis-Hadj-Moussa.jpg","articleSection":["Sports"],"inLanguage":"fr-FR","potentialAction":[{"@type":"CommentAction","name":"Comment","target":["https:\/\/lasentinelle.dz\/index.php\/2025\/10\/21\/championnats-europeens-les-fennecs-simposent\/#respond"]}]},{"@type":"WebPage","@id":"https:\/\/lasentinelle.dz\/index.php\/2025\/10\/21\/championnats-europeens-les-fennecs-simposent\/","url":"https:\/\/lasentinelle.dz\/index.php\/2025\/10\/21\/championnats-europeens-les-fennecs-simposent\/","name":"Championnats europ\u00e9ens\u00a0: Les Fennecs s&rsquo;imposent - La Sentinelle","isPartOf":{"@id":"https:\/\/lasentinelle.dz\/#website"},"primaryImageOfPage":{"@id":"https:\/\/lasentinelle.dz\/index.php\/2025\/10\/21\/championnats-europeens-les-fennecs-simposent\/#primaryimage"},"image":{"@id":"https:\/\/lasentinelle.dz\/index.php\/2025\/10\/21\/championnats-europeens-les-fennecs-simposent\/#primaryimage"},"thumbnailUrl":"https:\/\/lasentinelle.dz\/wp-content\/uploads\/2025\/10\/Anis-Hadj-Moussa.jpg","datePublished":"2025-10-21T12:14:26+00:00","dateModified":"2025-10-21T12:14:27+00:00","breadcrumb":{"@id":"https:\/\/lasentinelle.dz\/index.php\/2025\/10\/21\/championnats-europeens-les-fennecs-simposent\/#breadcrumb"},"inLanguage":"fr-FR","potentialAction":[{"@type":"ReadAction","target":["https:\/\/lasentinelle.dz\/index.php\/2025\/10\/21\/championnats-europeens-les-fennecs-simposent\/"]}]},{"@type":"ImageObject","inLanguage":"fr-FR","@id":"https:\/\/lasentinelle.dz\/index.php\/2025\/10\/21\/championnats-europeens-les-fennecs-simposent\/#primaryimage","url":"https:\/\/lasentinelle.dz\/wp-content\/uploads\/2025\/10\/Anis-Hadj-Moussa.jpg","contentUrl":"https:\/\/lasentinelle.dz\/wp-content\/uploads\/2025\/10\/Anis-Hadj-Moussa.jpg","width":828,"height":552},{"@type":"BreadcrumbList","@id":"https:\/\/lasentinelle.dz\/index.php\/2025\/10\/21\/championnats-europeens-les-fennecs-simposent\/#breadcrumb","itemListElement":[{"@type":"ListItem","position":1,"name":"Accueil","item":"https:\/\/lasentinelle.dz\/"},{"@type":"ListItem","position":2,"name":"Championnats europ\u00e9ens\u00a0: Les Fennecs s&rsquo;imposent"}]},{"@type":"WebSite","@id":"https:\/\/lasentinelle.dz\/#website","url":"https:\/\/lasentinelle.dz\/","name":"La Sentinelle","description":"Quotidien national d&#039;information","publisher":{"@id":"https:\/\/lasentinelle.dz\/#organization"},"potentialAction":[{"@type":"SearchAction","target":{"@type":"EntryPoint","urlTemplate":"https:\/\/lasentinelle.dz\/?s={search_term_string}"},"query-input":{"@type":"PropertyValueSpecification","valueRequired":true,"valueName":"search_term_string"}}],"inLanguage":"fr-FR"},{"@type":"Organization","@id":"https:\/\/lasentinelle.dz\/#organization","name":"Quotidien La Sentinelle","url":"https:\/\/lasentinelle.dz\/","logo":{"@type":"ImageObject","inLanguage":"fr-FR","@id":"https:\/\/lasentinelle.dz\/#\/schema\/logo\/image\/","url":"https:\/\/lasentinelle.dz\/wp-content\/uploads\/2021\/09\/logo-sentinelleSLOGAN-1.png","contentUrl":"https:\/\/lasentinelle.dz\/wp-content\/uploads\/2021\/09\/logo-sentinelleSLOGAN-1.png","width":615,"height":142,"caption":"Quotidien La Sentinelle"},"image":{"@id":"https:\/\/lasentinelle.dz\/#\/schema\/logo\/image\/"},"sameAs":["https:\/\/www.facebook.com\/La-Sentinelle-104059864394773"]},{"@type":"Person","@id":"https:\/\/lasentinelle.dz\/#\/schema\/person\/729ee0024f24e0b8c5ec17232f8e8b41","name":"admin","image":{"@type":"ImageObject","inLanguage":"fr-FR","@id":"https:\/\/secure.gravatar.com\/avatar\/4c81fed838786e9b53f540bf46533e750f5d292099ae3b66cfc6fb1982e29df7?s=96&d=mm&r=g","url":"https:\/\/secure.gravatar.com\/avatar\/4c81fed838786e9b53f540bf46533e750f5d292099ae3b66cfc6fb1982e29df7?s=96&d=mm&r=g","contentUrl":"https:\/\/secure.gravatar.com\/avatar\/4c81fed838786e9b53f540bf46533e750f5d292099ae3b66cfc6fb1982e29df7?s=96&d=mm&r=g","caption":"admin"},"description":"admin","url":"https:\/\/lasentinelle.dz\/author\/admin\/"}]}},"_links":{"self":[{"href":"https:\/\/lasentinelle.dz\/index.php\/wp-json\/wp\/v2\/posts\/74992","targetHints":{"allow":["GET"]}}],"collection":[{"href":"https:\/\/lasentinelle.dz\/index.php\/wp-json\/wp\/v2\/posts"}],"about":[{"href":"https:\/\/lasentinelle.dz\/index.php\/wp-json\/wp\/v2\/types\/post"}],"author":[{"embeddable":true,"href":"https:\/\/lasentinelle.dz\/index.php\/wp-json\/wp\/v2\/users\/6"}],"replies":[{"embeddable":true,"href":"https:\/\/lasentinelle.dz\/index.php\/wp-json\/wp\/v2\/comments?post=74992"}],"version-history":[{"count":2,"href":"https:\/\/lasentinelle.dz\/index.php\/wp-json\/wp\/v2\/posts\/74992\/revisions"}],"predecessor-version":[{"id":74995,"href":"https:\/\/lasentinelle.dz\/index.php\/wp-json\/wp\/v2\/posts\/74992\/revisions\/74995"}],"wp:featuredmedia":[{"embeddable":true,"href":"https:\/\/lasentinelle.dz\/index.php\/wp-json\/wp\/v2\/media\/74993"}],"wp:attachment":[{"href":"https:\/\/lasentinelle.dz\/index.php\/wp-json\/wp\/v2\/media?parent=74992"}],"wp:term":[{"taxonomy":"category","embeddable":true,"href":"https:\/\/lasentinelle.dz\/index.php\/wp-json\/wp\/v2\/categories?post=74992"},{"taxonomy":"post_tag","embeddable":true,"href":"https:\/\/lasentinelle.dz\/index.php\/wp-json\/wp\/v2\/tags?post=74992"}],"curies":[{"name":"wp","href":"https:\/\/api.w.org\/{rel}","templated":true}]}}