{"id":75003,"date":"2025-10-21T13:19:24","date_gmt":"2025-10-21T12:19:24","guid":{"rendered":"https:\/\/lasentinelle.dz\/?p=75003"},"modified":"2025-10-21T13:19:25","modified_gmt":"2025-10-21T12:19:25","slug":"atteintes-au-foncier-agricole-a-annaba-le-sos-des-agriculteurs-de-berrahal","status":"publish","type":"post","link":"https:\/\/lasentinelle.dz\/index.php\/2025\/10\/21\/atteintes-au-foncier-agricole-a-annaba-le-sos-des-agriculteurs-de-berrahal\/","title":{"rendered":"Atteintes au foncier agricole \u00e0 Annaba\u00a0: Le SOS des agriculteurs de Berrahal"},"content":{"rendered":"\n<p>Les atteintes au foncier agricole dues \u00e0 l&rsquo;inertie des autorit\u00e9s communales et des services agricoles de la wilaya d&rsquo;Annaba, dont le d\u00e9classement des terres agricoles, ont suscit\u00e9 la r\u00e9action des agriculteurs de la r\u00e9gion. Selon des interlocuteurs parmi les fellahs interrog\u00e9s, la situation devient de plus en plus insoutenable, puisqu&rsquo;elle touche la quasi-totalit\u00e9 des terres agricoles des diff\u00e9rentes communes de la da\u00efra de Berrahal. Cette derni\u00e8re, r\u00e9put\u00e9e pour son caract\u00e8re agricole et son couvert v\u00e9g\u00e9tal, constitue le poumon de la wilaya d&rsquo;Annaba, avec la commune de Seraidi. Selon de nombreux agriculteurs, les atteintes portent notamment sur des attributions et des d\u00e9classements de terres agricoles, dont celles \u00e0 fort potentiel productif gr\u00e2ce \u00e0 leurs capacit\u00e9s d&rsquo;irrigation. Nos interlocuteurs ont dress\u00e9 un \u00e9tat des lieux, citant dans ce sens ce qu&rsquo;ils qualifient de cas d&rsquo;occupation ill\u00e9gale, de dilapidation et de d\u00e9tournement de terres agricoles relevant du domaine public de leur vocation initiale. Ils ont cit\u00e9 \u00e0 titre d&rsquo;exemple les alentours du lac Fetzara, cette zone humide class\u00e9e zone prot\u00e9g\u00e9e par la convention Ramsar et ratifi\u00e9e par l&rsquo;Alg\u00e9rie. Autres lieux et m\u00eames pratiques recens\u00e9s et d\u00e9nonc\u00e9s par les fellahs : El Kalitoussa, Oued El Aneb, Oued Zied et le chef-lieu de la commune, o\u00f9 des autorisations d&rsquo;exploitation et des attributions de terrains agricoles ont \u00e9t\u00e9 accord\u00e9es \u00e0 des investisseurs ou \u00e0 d&rsquo;autres personnes. Autres situations d\u00e9nonc\u00e9es et qualifi\u00e9es de d\u00e9pe\u00e7age : les zones de Sidi Ali, Tacha, Bouguessas, le p\u00e9rim\u00e8tre du lac Fetzara ainsi que le p\u00f4le urbain de Kalitoussa.<\/p>\n\n\n\n<p>Ces pratiques, qualifi\u00e9es \u00e0 plus d&rsquo;un titre de d\u00e9passements qui vont \u00e0 l&rsquo;encontre de la politique de l&rsquo;\u00c9tat et surtout des directives des plus hautes autorit\u00e9s, n&rsquo;ont pas laiss\u00e9 indiff\u00e9rents les fellahs de la da\u00efra de Berrahal. Ces professionnels de l&rsquo;agriculture ont mis en avant les instructions des responsables locaux visant \u00e0 pr\u00e9server strictement les terres agricoles et les domaines forestiers. Ce qui, a priori, ne semble pas \u00eatre le cas. Car, selon les fellahs de la r\u00e9gion, des cas de complaisance auraient \u00e9t\u00e9 accord\u00e9s \u00e0 certaines personnes, leur permettant de lancer des activit\u00e9s hors secteur sur des terres agricoles, y compris celles class\u00e9es prot\u00e9g\u00e9es. Le plus grave, selon les agriculteurs, est que ces terrains auraient d\u00fb \u00eatre exclus de tout d\u00e9classement au profit d&rsquo;investisseurs, quel que soit le projet envisag\u00e9. Et pourtant, des autorisations ont \u00e9t\u00e9 d\u00e9livr\u00e9es pour des activit\u00e9s polluantes, sans aucun lien avec l&rsquo;agriculture. Au titre de cette d\u00e9nonciation, les agriculteurs et \u00e9leveurs de la da\u00efra de Berrahal ont lanc\u00e9 un SOS, interpellant ainsi le pr\u00e9sident de la R\u00e9publique, Abdelmadjid Tebboune, afin qu&rsquo;une commission d&rsquo;enqu\u00eate soit d\u00e9p\u00each\u00e9e sur place pour se pencher sur des affaires qu&rsquo;ils qualifient de douteuses, en rapport avec les atteintes touchant le foncier agricole. Des atteintes qualifi\u00e9es de d\u00e9passements commis au su et au vu des autorit\u00e9s communales et des services agricoles, dont la passivit\u00e9 a encourag\u00e9 les agressions contre les terres agricoles. Une situation qui, selon nos interlocuteurs, a n\u00e9cessit\u00e9 l&rsquo;interpellation du premier magistrat du pays.<\/p>\n\n\n\n<p><strong>Sofia Chahine<\/strong><\/p>\n","protected":false},"excerpt":{"rendered":"<p>Les atteintes au foncier agricole dues \u00e0 l&rsquo;inertie des autorit\u00e9s communales et des services agricoles de la wilaya d&rsquo;Annaba, dont<\/p>\n","protected":false},"author":6,"featured_media":61669,"comment_status":"open","ping_status":"closed","sticky":false,"template":"","format":"standard","meta":{"colormag_page_container_layout":"default_layout","colormag_page_sidebar_layout":"default_layout","om_disable_all_campaigns":false,"_monsterinsights_skip_tracking":false,"_monsterinsights_sitenote_active":false,"_monsterinsights_sitenote_note":"","_monsterinsights_sitenote_category":0,"footnotes":"","_wpscppro_dont_share_socialmedia":false,"_wpscppro_custom_social_share_image":0,"_facebook_share_type":"default","_twitter_share_type":"default","_linkedin_share_type":"default","_pinterest_share_type":"default","_linkedin_share_type_page":"","_instagram_share_type":"default","_medium_share_type":"default","_threads_share_type":"default","_google_business_share_type":"default","_selected_social_profile":[],"_wpsp_enable_custom_social_template":false,"_wpsp_social_scheduling":{"enabled":false,"datetime":null,"platforms":[],"status":"template_only","dateOption":"today","timeOption":"now","customDays":"","customHours":"","customDate":"","customTime":"","schedulingType":"absolute"},"_wpsp_active_default_template":true},"categories":[31],"tags":[],"class_list":["post-75003","post","type-post","status-publish","format-standard","has-post-thumbnail","hentry","category-regions"],"aioseo_notices":[],"yoast_head":"<!-- This site is optimized with the Yoast SEO plugin v27.4 - https:\/\/yoast.com\/product\/yoast-seo-wordpress\/ -->\n<title>Atteintes au foncier agricole \u00e0 Annaba\u00a0: Le SOS des agriculteurs de Berrahal - La Sentinelle<\/title>\n<meta name=\"robots\" content=\"index, follow, max-snippet:-1, max-image-preview:large, max-video-preview:-1\" \/>\n<link rel=\"canonical\" href=\"https:\/\/lasentinelle.dz\/index.php\/2025\/10\/21\/atteintes-au-foncier-agricole-a-annaba-le-sos-des-agriculteurs-de-berrahal\/\" \/>\n<meta property=\"og:locale\" content=\"fr_FR\" \/>\n<meta property=\"og:type\" content=\"article\" \/>\n<meta property=\"og:title\" content=\"Atteintes au foncier agricole \u00e0 Annaba\u00a0: Le SOS des agriculteurs de Berrahal - La Sentinelle\" \/>\n<meta property=\"og:description\" content=\"Les atteintes au foncier agricole dues \u00e0 l&rsquo;inertie des autorit\u00e9s communales et des services agricoles de la wilaya d&rsquo;Annaba, dont\" \/>\n<meta property=\"og:url\" content=\"https:\/\/lasentinelle.dz\/index.php\/2025\/10\/21\/atteintes-au-foncier-agricole-a-annaba-le-sos-des-agriculteurs-de-berrahal\/\" \/>\n<meta property=\"og:site_name\" content=\"La Sentinelle\" \/>\n<meta property=\"article:publisher\" content=\"https:\/\/www.facebook.com\/La-Sentinelle-104059864394773\" \/>\n<meta property=\"article:published_time\" content=\"2025-10-21T12:19:24+00:00\" \/>\n<meta property=\"article:modified_time\" content=\"2025-10-21T12:19:25+00:00\" \/>\n<meta property=\"og:image\" content=\"https:\/\/lasentinelle.dz\/wp-content\/uploads\/2025\/01\/foncier-agricole-.png\" \/>\n\t<meta property=\"og:image:width\" content=\"1200\" \/>\n\t<meta property=\"og:image:height\" content=\"675\" \/>\n\t<meta property=\"og:image:type\" content=\"image\/png\" \/>\n<meta name=\"author\" content=\"admin\" \/>\n<meta name=\"twitter:card\" content=\"summary_large_image\" \/>\n<meta name=\"twitter:label1\" content=\"\u00c9crit par\" \/>\n\t<meta name=\"twitter:data1\" content=\"admin\" \/>\n\t<meta name=\"twitter:label2\" content=\"Dur\u00e9e de lecture estim\u00e9e\" \/>\n\t<meta name=\"twitter:data2\" content=\"3 minutes\" \/>\n<script type=\"application\/ld+json\" class=\"yoast-schema-graph\">{\"@context\":\"https:\\\/\\\/schema.org\",\"@graph\":[{\"@type\":\"Article\",\"@id\":\"https:\\\/\\\/lasentinelle.dz\\\/index.php\\\/2025\\\/10\\\/21\\\/atteintes-au-foncier-agricole-a-annaba-le-sos-des-agriculteurs-de-berrahal\\\/#article\",\"isPartOf\":{\"@id\":\"https:\\\/\\\/lasentinelle.dz\\\/index.php\\\/2025\\\/10\\\/21\\\/atteintes-au-foncier-agricole-a-annaba-le-sos-des-agriculteurs-de-berrahal\\\/\"},\"author\":{\"name\":\"admin\",\"@id\":\"https:\\\/\\\/lasentinelle.dz\\\/#\\\/schema\\\/person\\\/729ee0024f24e0b8c5ec17232f8e8b41\"},\"headline\":\"Atteintes au foncier agricole \u00e0 Annaba\u00a0: Le SOS des agriculteurs de Berrahal\",\"datePublished\":\"2025-10-21T12:19:24+00:00\",\"dateModified\":\"2025-10-21T12:19:25+00:00\",\"mainEntityOfPage\":{\"@id\":\"https:\\\/\\\/lasentinelle.dz\\\/index.php\\\/2025\\\/10\\\/21\\\/atteintes-au-foncier-agricole-a-annaba-le-sos-des-agriculteurs-de-berrahal\\\/\"},\"wordCount\":578,\"commentCount\":0,\"publisher\":{\"@id\":\"https:\\\/\\\/lasentinelle.dz\\\/#organization\"},\"image\":{\"@id\":\"https:\\\/\\\/lasentinelle.dz\\\/index.php\\\/2025\\\/10\\\/21\\\/atteintes-au-foncier-agricole-a-annaba-le-sos-des-agriculteurs-de-berrahal\\\/#primaryimage\"},\"thumbnailUrl\":\"https:\\\/\\\/lasentinelle.dz\\\/wp-content\\\/uploads\\\/2025\\\/01\\\/foncier-agricole-.png\",\"articleSection\":[\"R\u00e9gions\"],\"inLanguage\":\"fr-FR\",\"potentialAction\":[{\"@type\":\"CommentAction\",\"name\":\"Comment\",\"target\":[\"https:\\\/\\\/lasentinelle.dz\\\/index.php\\\/2025\\\/10\\\/21\\\/atteintes-au-foncier-agricole-a-annaba-le-sos-des-agriculteurs-de-berrahal\\\/#respond\"]}]},{\"@type\":\"WebPage\",\"@id\":\"https:\\\/\\\/lasentinelle.dz\\\/index.php\\\/2025\\\/10\\\/21\\\/atteintes-au-foncier-agricole-a-annaba-le-sos-des-agriculteurs-de-berrahal\\\/\",\"url\":\"https:\\\/\\\/lasentinelle.dz\\\/index.php\\\/2025\\\/10\\\/21\\\/atteintes-au-foncier-agricole-a-annaba-le-sos-des-agriculteurs-de-berrahal\\\/\",\"name\":\"Atteintes au foncier agricole \u00e0 Annaba\u00a0: Le SOS des agriculteurs de Berrahal - La Sentinelle\",\"isPartOf\":{\"@id\":\"https:\\\/\\\/lasentinelle.dz\\\/#website\"},\"primaryImageOfPage\":{\"@id\":\"https:\\\/\\\/lasentinelle.dz\\\/index.php\\\/2025\\\/10\\\/21\\\/atteintes-au-foncier-agricole-a-annaba-le-sos-des-agriculteurs-de-berrahal\\\/#primaryimage\"},\"image\":{\"@id\":\"https:\\\/\\\/lasentinelle.dz\\\/index.php\\\/2025\\\/10\\\/21\\\/atteintes-au-foncier-agricole-a-annaba-le-sos-des-agriculteurs-de-berrahal\\\/#primaryimage\"},\"thumbnailUrl\":\"https:\\\/\\\/lasentinelle.dz\\\/wp-content\\\/uploads\\\/2025\\\/01\\\/foncier-agricole-.png\",\"datePublished\":\"2025-10-21T12:19:24+00:00\",\"dateModified\":\"2025-10-21T12:19:25+00:00\",\"breadcrumb\":{\"@id\":\"https:\\\/\\\/lasentinelle.dz\\\/index.php\\\/2025\\\/10\\\/21\\\/atteintes-au-foncier-agricole-a-annaba-le-sos-des-agriculteurs-de-berrahal\\\/#breadcrumb\"},\"inLanguage\":\"fr-FR\",\"potentialAction\":[{\"@type\":\"ReadAction\",\"target\":[\"https:\\\/\\\/lasentinelle.dz\\\/index.php\\\/2025\\\/10\\\/21\\\/atteintes-au-foncier-agricole-a-annaba-le-sos-des-agriculteurs-de-berrahal\\\/\"]}]},{\"@type\":\"ImageObject\",\"inLanguage\":\"fr-FR\",\"@id\":\"https:\\\/\\\/lasentinelle.dz\\\/index.php\\\/2025\\\/10\\\/21\\\/atteintes-au-foncier-agricole-a-annaba-le-sos-des-agriculteurs-de-berrahal\\\/#primaryimage\",\"url\":\"https:\\\/\\\/lasentinelle.dz\\\/wp-content\\\/uploads\\\/2025\\\/01\\\/foncier-agricole-.png\",\"contentUrl\":\"https:\\\/\\\/lasentinelle.dz\\\/wp-content\\\/uploads\\\/2025\\\/01\\\/foncier-agricole-.png\",\"width\":1200,\"height\":675},{\"@type\":\"BreadcrumbList\",\"@id\":\"https:\\\/\\\/lasentinelle.dz\\\/index.php\\\/2025\\\/10\\\/21\\\/atteintes-au-foncier-agricole-a-annaba-le-sos-des-agriculteurs-de-berrahal\\\/#breadcrumb\",\"itemListElement\":[{\"@type\":\"ListItem\",\"position\":1,\"name\":\"Accueil\",\"item\":\"https:\\\/\\\/lasentinelle.dz\\\/\"},{\"@type\":\"ListItem\",\"position\":2,\"name\":\"Atteintes au foncier agricole \u00e0 Annaba\u00a0: Le SOS des agriculteurs de Berrahal\"}]},{\"@type\":\"WebSite\",\"@id\":\"https:\\\/\\\/lasentinelle.dz\\\/#website\",\"url\":\"https:\\\/\\\/lasentinelle.dz\\\/\",\"name\":\"La Sentinelle\",\"description\":\"Quotidien national d&#039;information\",\"publisher\":{\"@id\":\"https:\\\/\\\/lasentinelle.dz\\\/#organization\"},\"potentialAction\":[{\"@type\":\"SearchAction\",\"target\":{\"@type\":\"EntryPoint\",\"urlTemplate\":\"https:\\\/\\\/lasentinelle.dz\\\/?s={search_term_string}\"},\"query-input\":{\"@type\":\"PropertyValueSpecification\",\"valueRequired\":true,\"valueName\":\"search_term_string\"}}],\"inLanguage\":\"fr-FR\"},{\"@type\":\"Organization\",\"@id\":\"https:\\\/\\\/lasentinelle.dz\\\/#organization\",\"name\":\"Quotidien La Sentinelle\",\"url\":\"https:\\\/\\\/lasentinelle.dz\\\/\",\"logo\":{\"@type\":\"ImageObject\",\"inLanguage\":\"fr-FR\",\"@id\":\"https:\\\/\\\/lasentinelle.dz\\\/#\\\/schema\\\/logo\\\/image\\\/\",\"url\":\"https:\\\/\\\/lasentinelle.dz\\\/wp-content\\\/uploads\\\/2021\\\/09\\\/logo-sentinelleSLOGAN-1.png\",\"contentUrl\":\"https:\\\/\\\/lasentinelle.dz\\\/wp-content\\\/uploads\\\/2021\\\/09\\\/logo-sentinelleSLOGAN-1.png\",\"width\":615,\"height\":142,\"caption\":\"Quotidien La Sentinelle\"},\"image\":{\"@id\":\"https:\\\/\\\/lasentinelle.dz\\\/#\\\/schema\\\/logo\\\/image\\\/\"},\"sameAs\":[\"https:\\\/\\\/www.facebook.com\\\/La-Sentinelle-104059864394773\"]},{\"@type\":\"Person\",\"@id\":\"https:\\\/\\\/lasentinelle.dz\\\/#\\\/schema\\\/person\\\/729ee0024f24e0b8c5ec17232f8e8b41\",\"name\":\"admin\",\"image\":{\"@type\":\"ImageObject\",\"inLanguage\":\"fr-FR\",\"@id\":\"https:\\\/\\\/secure.gravatar.com\\\/avatar\\\/4c81fed838786e9b53f540bf46533e750f5d292099ae3b66cfc6fb1982e29df7?s=96&d=mm&r=g\",\"url\":\"https:\\\/\\\/secure.gravatar.com\\\/avatar\\\/4c81fed838786e9b53f540bf46533e750f5d292099ae3b66cfc6fb1982e29df7?s=96&d=mm&r=g\",\"contentUrl\":\"https:\\\/\\\/secure.gravatar.com\\\/avatar\\\/4c81fed838786e9b53f540bf46533e750f5d292099ae3b66cfc6fb1982e29df7?s=96&d=mm&r=g\",\"caption\":\"admin\"},\"description\":\"admin\",\"url\":\"https:\\\/\\\/lasentinelle.dz\\\/author\\\/admin\\\/\"}]}<\/script>\n<!-- \/ Yoast SEO plugin. -->","yoast_head_json":{"title":"Atteintes au foncier agricole \u00e0 Annaba\u00a0: Le SOS des agriculteurs de Berrahal - La Sentinelle","robots":{"index":"index","follow":"follow","max-snippet":"max-snippet:-1","max-image-preview":"max-image-preview:large","max-video-preview":"max-video-preview:-1"},"canonical":"https:\/\/lasentinelle.dz\/index.php\/2025\/10\/21\/atteintes-au-foncier-agricole-a-annaba-le-sos-des-agriculteurs-de-berrahal\/","og_locale":"fr_FR","og_type":"article","og_title":"Atteintes au foncier agricole \u00e0 Annaba\u00a0: Le SOS des agriculteurs de Berrahal - La Sentinelle","og_description":"Les atteintes au foncier agricole dues \u00e0 l&rsquo;inertie des autorit\u00e9s communales et des services agricoles de la wilaya d&rsquo;Annaba, dont","og_url":"https:\/\/lasentinelle.dz\/index.php\/2025\/10\/21\/atteintes-au-foncier-agricole-a-annaba-le-sos-des-agriculteurs-de-berrahal\/","og_site_name":"La Sentinelle","article_publisher":"https:\/\/www.facebook.com\/La-Sentinelle-104059864394773","article_published_time":"2025-10-21T12:19:24+00:00","article_modified_time":"2025-10-21T12:19:25+00:00","og_image":[{"width":1200,"height":675,"url":"https:\/\/lasentinelle.dz\/wp-content\/uploads\/2025\/01\/foncier-agricole-.png","type":"image\/png"}],"author":"admin","twitter_card":"summary_large_image","twitter_misc":{"\u00c9crit par":"admin","Dur\u00e9e de lecture estim\u00e9e":"3 minutes"},"schema":{"@context":"https:\/\/schema.org","@graph":[{"@type":"Article","@id":"https:\/\/lasentinelle.dz\/index.php\/2025\/10\/21\/atteintes-au-foncier-agricole-a-annaba-le-sos-des-agriculteurs-de-berrahal\/#article","isPartOf":{"@id":"https:\/\/lasentinelle.dz\/index.php\/2025\/10\/21\/atteintes-au-foncier-agricole-a-annaba-le-sos-des-agriculteurs-de-berrahal\/"},"author":{"name":"admin","@id":"https:\/\/lasentinelle.dz\/#\/schema\/person\/729ee0024f24e0b8c5ec17232f8e8b41"},"headline":"Atteintes au foncier agricole \u00e0 Annaba\u00a0: Le SOS des agriculteurs de Berrahal","datePublished":"2025-10-21T12:19:24+00:00","dateModified":"2025-10-21T12:19:25+00:00","mainEntityOfPage":{"@id":"https:\/\/lasentinelle.dz\/index.php\/2025\/10\/21\/atteintes-au-foncier-agricole-a-annaba-le-sos-des-agriculteurs-de-berrahal\/"},"wordCount":578,"commentCount":0,"publisher":{"@id":"https:\/\/lasentinelle.dz\/#organization"},"image":{"@id":"https:\/\/lasentinelle.dz\/index.php\/2025\/10\/21\/atteintes-au-foncier-agricole-a-annaba-le-sos-des-agriculteurs-de-berrahal\/#primaryimage"},"thumbnailUrl":"https:\/\/lasentinelle.dz\/wp-content\/uploads\/2025\/01\/foncier-agricole-.png","articleSection":["R\u00e9gions"],"inLanguage":"fr-FR","potentialAction":[{"@type":"CommentAction","name":"Comment","target":["https:\/\/lasentinelle.dz\/index.php\/2025\/10\/21\/atteintes-au-foncier-agricole-a-annaba-le-sos-des-agriculteurs-de-berrahal\/#respond"]}]},{"@type":"WebPage","@id":"https:\/\/lasentinelle.dz\/index.php\/2025\/10\/21\/atteintes-au-foncier-agricole-a-annaba-le-sos-des-agriculteurs-de-berrahal\/","url":"https:\/\/lasentinelle.dz\/index.php\/2025\/10\/21\/atteintes-au-foncier-agricole-a-annaba-le-sos-des-agriculteurs-de-berrahal\/","name":"Atteintes au foncier agricole \u00e0 Annaba\u00a0: Le SOS des agriculteurs de Berrahal - La Sentinelle","isPartOf":{"@id":"https:\/\/lasentinelle.dz\/#website"},"primaryImageOfPage":{"@id":"https:\/\/lasentinelle.dz\/index.php\/2025\/10\/21\/atteintes-au-foncier-agricole-a-annaba-le-sos-des-agriculteurs-de-berrahal\/#primaryimage"},"image":{"@id":"https:\/\/lasentinelle.dz\/index.php\/2025\/10\/21\/atteintes-au-foncier-agricole-a-annaba-le-sos-des-agriculteurs-de-berrahal\/#primaryimage"},"thumbnailUrl":"https:\/\/lasentinelle.dz\/wp-content\/uploads\/2025\/01\/foncier-agricole-.png","datePublished":"2025-10-21T12:19:24+00:00","dateModified":"2025-10-21T12:19:25+00:00","breadcrumb":{"@id":"https:\/\/lasentinelle.dz\/index.php\/2025\/10\/21\/atteintes-au-foncier-agricole-a-annaba-le-sos-des-agriculteurs-de-berrahal\/#breadcrumb"},"inLanguage":"fr-FR","potentialAction":[{"@type":"ReadAction","target":["https:\/\/lasentinelle.dz\/index.php\/2025\/10\/21\/atteintes-au-foncier-agricole-a-annaba-le-sos-des-agriculteurs-de-berrahal\/"]}]},{"@type":"ImageObject","inLanguage":"fr-FR","@id":"https:\/\/lasentinelle.dz\/index.php\/2025\/10\/21\/atteintes-au-foncier-agricole-a-annaba-le-sos-des-agriculteurs-de-berrahal\/#primaryimage","url":"https:\/\/lasentinelle.dz\/wp-content\/uploads\/2025\/01\/foncier-agricole-.png","contentUrl":"https:\/\/lasentinelle.dz\/wp-content\/uploads\/2025\/01\/foncier-agricole-.png","width":1200,"height":675},{"@type":"BreadcrumbList","@id":"https:\/\/lasentinelle.dz\/index.php\/2025\/10\/21\/atteintes-au-foncier-agricole-a-annaba-le-sos-des-agriculteurs-de-berrahal\/#breadcrumb","itemListElement":[{"@type":"ListItem","position":1,"name":"Accueil","item":"https:\/\/lasentinelle.dz\/"},{"@type":"ListItem","position":2,"name":"Atteintes au foncier agricole \u00e0 Annaba\u00a0: Le SOS des agriculteurs de Berrahal"}]},{"@type":"WebSite","@id":"https:\/\/lasentinelle.dz\/#website","url":"https:\/\/lasentinelle.dz\/","name":"La Sentinelle","description":"Quotidien national d&#039;information","publisher":{"@id":"https:\/\/lasentinelle.dz\/#organization"},"potentialAction":[{"@type":"SearchAction","target":{"@type":"EntryPoint","urlTemplate":"https:\/\/lasentinelle.dz\/?s={search_term_string}"},"query-input":{"@type":"PropertyValueSpecification","valueRequired":true,"valueName":"search_term_string"}}],"inLanguage":"fr-FR"},{"@type":"Organization","@id":"https:\/\/lasentinelle.dz\/#organization","name":"Quotidien La Sentinelle","url":"https:\/\/lasentinelle.dz\/","logo":{"@type":"ImageObject","inLanguage":"fr-FR","@id":"https:\/\/lasentinelle.dz\/#\/schema\/logo\/image\/","url":"https:\/\/lasentinelle.dz\/wp-content\/uploads\/2021\/09\/logo-sentinelleSLOGAN-1.png","contentUrl":"https:\/\/lasentinelle.dz\/wp-content\/uploads\/2021\/09\/logo-sentinelleSLOGAN-1.png","width":615,"height":142,"caption":"Quotidien La Sentinelle"},"image":{"@id":"https:\/\/lasentinelle.dz\/#\/schema\/logo\/image\/"},"sameAs":["https:\/\/www.facebook.com\/La-Sentinelle-104059864394773"]},{"@type":"Person","@id":"https:\/\/lasentinelle.dz\/#\/schema\/person\/729ee0024f24e0b8c5ec17232f8e8b41","name":"admin","image":{"@type":"ImageObject","inLanguage":"fr-FR","@id":"https:\/\/secure.gravatar.com\/avatar\/4c81fed838786e9b53f540bf46533e750f5d292099ae3b66cfc6fb1982e29df7?s=96&d=mm&r=g","url":"https:\/\/secure.gravatar.com\/avatar\/4c81fed838786e9b53f540bf46533e750f5d292099ae3b66cfc6fb1982e29df7?s=96&d=mm&r=g","contentUrl":"https:\/\/secure.gravatar.com\/avatar\/4c81fed838786e9b53f540bf46533e750f5d292099ae3b66cfc6fb1982e29df7?s=96&d=mm&r=g","caption":"admin"},"description":"admin","url":"https:\/\/lasentinelle.dz\/author\/admin\/"}]}},"_links":{"self":[{"href":"https:\/\/lasentinelle.dz\/index.php\/wp-json\/wp\/v2\/posts\/75003","targetHints":{"allow":["GET"]}}],"collection":[{"href":"https:\/\/lasentinelle.dz\/index.php\/wp-json\/wp\/v2\/posts"}],"about":[{"href":"https:\/\/lasentinelle.dz\/index.php\/wp-json\/wp\/v2\/types\/post"}],"author":[{"embeddable":true,"href":"https:\/\/lasentinelle.dz\/index.php\/wp-json\/wp\/v2\/users\/6"}],"replies":[{"embeddable":true,"href":"https:\/\/lasentinelle.dz\/index.php\/wp-json\/wp\/v2\/comments?post=75003"}],"version-history":[{"count":1,"href":"https:\/\/lasentinelle.dz\/index.php\/wp-json\/wp\/v2\/posts\/75003\/revisions"}],"predecessor-version":[{"id":75004,"href":"https:\/\/lasentinelle.dz\/index.php\/wp-json\/wp\/v2\/posts\/75003\/revisions\/75004"}],"wp:featuredmedia":[{"embeddable":true,"href":"https:\/\/lasentinelle.dz\/index.php\/wp-json\/wp\/v2\/media\/61669"}],"wp:attachment":[{"href":"https:\/\/lasentinelle.dz\/index.php\/wp-json\/wp\/v2\/media?parent=75003"}],"wp:term":[{"taxonomy":"category","embeddable":true,"href":"https:\/\/lasentinelle.dz\/index.php\/wp-json\/wp\/v2\/categories?post=75003"},{"taxonomy":"post_tag","embeddable":true,"href":"https:\/\/lasentinelle.dz\/index.php\/wp-json\/wp\/v2\/tags?post=75003"}],"curies":[{"name":"wp","href":"https:\/\/api.w.org\/{rel}","templated":true}]}}