{"id":75062,"date":"2025-10-22T11:43:27","date_gmt":"2025-10-22T10:43:27","guid":{"rendered":"https:\/\/lasentinelle.dz\/?p=75062"},"modified":"2025-10-22T11:43:28","modified_gmt":"2025-10-22T10:43:28","slug":"litterature-azza-bougaada-remporte-le-prix-oum-sihem-de-la-nouvelle","status":"publish","type":"post","link":"https:\/\/lasentinelle.dz\/index.php\/2025\/10\/22\/litterature-azza-bougaada-remporte-le-prix-oum-sihem-de-la-nouvelle\/","title":{"rendered":"Litt\u00e9rature\u00a0: Azza Bougaada remporte le prix \u00ab\u00a0Oum Sihem\u00a0\u00bb de la nouvelle"},"content":{"rendered":"\n<p>La cinqui\u00e8me \u00e9dition du concours litt\u00e9raire national \u00ab\u00a0Oum Sihem\u00a0\u00bb, organis\u00e9 par l&rsquo;association culturelle Athar Al-Abirine d&rsquo;Oran, a consacr\u00e9 lundi l&rsquo;\u00e9crivaine Azza Bougaada, dont la nouvelle \u00ab\u00a0Mia oua khamsoun\u00a0\u00bb (Cent cinquante) a d\u00e9croch\u00e9 le premier prix de cette comp\u00e9tition d\u00e9di\u00e9e \u00e0 l&rsquo;art de la nouvelle en langue arabe. Cette \u00e9dition 2025, qui rend hommage \u00e0 la d\u00e9funte femme de lettres Amaria Belal, figure embl\u00e9matique de la litt\u00e9rature alg\u00e9rienne connue sous le pseudonyme d&rsquo;Oum Sihem, a r\u00e9uni pr\u00e8s de cinquante nouvellistes venus de diff\u00e9rentes wilayas du pays, confirmant le dynamisme de la cr\u00e9ation litt\u00e9raire en Alg\u00e9rie. Le deuxi\u00e8me prix a \u00e9t\u00e9 attribu\u00e9 \u00e0 l&rsquo;\u00e9crivain Samir D\u00e2as de S\u00e9tif pour sa nouvelle \u00ab\u00a0Syadat El-Wali\u00a0\u00bb (Son Excellence le Wali), tandis que le troisi\u00e8me prix est revenu \u00e0 Fatiha Kada de Mascara pour \u00ab\u00a0Nachid El-Gharam\u00a0\u00bb (Hymne de l&rsquo;amour), a pr\u00e9cis\u00e9 Cherif Rouane, romancier et pr\u00e9sident de l&rsquo;association organisatrice. La c\u00e9r\u00e9monie officielle de remise des prix, plac\u00e9e sous le slogan \u00ab\u00a0\u00c9crire, un engagement et une responsabilit\u00e9\u00a0\u00bb, se tiendra le 15 novembre prochain \u00e0 la Maison de la culture et des arts d&rsquo;Oran Zeddour Brahim El-Kacem, coorganisatrice de l&rsquo;\u00e9v\u00e9nement. Ce slogan refl\u00e8te la vision des organisateurs qui consid\u00e8rent l&rsquo;\u00e9criture non seulement comme un acte artistique, mais \u00e9galement comme une d\u00e9marche citoyenne porteuse de valeurs et de conscience sociale. Il r\u00e9sonne particuli\u00e8rement avec l&rsquo;h\u00e9ritage de la femme de lettres honor\u00e9e, dont l&rsquo;\u0153uvre a toujours \u00e9t\u00e9 marqu\u00e9e par un engagement profond envers les causes nationales et humanitaires.<\/p>\n\n\n\n<p>Cette cinqui\u00e8me \u00e9dition rev\u00eat une dimension particuli\u00e8rement symbolique puisqu&rsquo;elle rend hommage \u00e0 Amaria Belal, disparue en 2021 \u00e0 l&rsquo;\u00e2ge de 82 ans, apr\u00e8s avoir consacr\u00e9 sa vie \u00e0 l&rsquo;\u00e9criture et \u00e0 la promotion de la culture alg\u00e9rienne. N\u00e9e en 1939, Oum Sihem a laiss\u00e9 derri\u00e8re elle un patrimoine litt\u00e9raire consid\u00e9rable, traversant les genres avec une \u00e9gale ma\u00eetrise. Son \u0153uvre en prose et en po\u00e9sie compte des titres embl\u00e9matiques tels que \u00ab\u00a0L&rsquo;Alphabet de Novembre\u00a0\u00bb, \u00ab\u00a0T\u00e9moin de l&rsquo;\u00e9poque\u00a0\u00bb et \u00ab\u00a0Palestine\u00a0\u00bb, qui t\u00e9moignent de son engagement politique et de sa sensibilit\u00e9 aux grandes causes. Dans le domaine de la nouvelle, elle s&rsquo;est illustr\u00e9e avec \u00ab\u00a0Le Quai Beyrouthin\u00a0\u00bb et \u00ab\u00a0Journal d&rsquo;Oum Ali\u00a0\u00bb, des contributions qui ont enrichi les rayons des biblioth\u00e8ques nationales et marqu\u00e9 durablement le paysage litt\u00e9raire alg\u00e9rien. En instituant ce prix \u00e0 son nom, l&rsquo;association Athar Al-Abirine perp\u00e9tue la m\u00e9moire d&rsquo;une voix litt\u00e9raire majeure tout en encourageant les nouvelles g\u00e9n\u00e9rations d&rsquo;\u00e9crivains \u00e0 cultiver l&rsquo;art exigeant de la nouvelle. Ce genre litt\u00e9raire, qui requiert concision, intensit\u00e9 narrative et capacit\u00e9 \u00e0 capturer l&rsquo;essence d&rsquo;une situation ou d&rsquo;un personnage en quelques pages, trouve dans ce concours un espace de valorisation et de visibilit\u00e9.<\/p>\n\n\n\n<p><strong>M.S.<\/strong><\/p>\n","protected":false},"excerpt":{"rendered":"<p>La cinqui\u00e8me \u00e9dition du concours litt\u00e9raire national \u00ab\u00a0Oum Sihem\u00a0\u00bb, organis\u00e9 par l&rsquo;association culturelle Athar Al-Abirine d&rsquo;Oran, a consacr\u00e9 lundi l&rsquo;\u00e9crivaine<\/p>\n","protected":false},"author":6,"featured_media":75063,"comment_status":"open","ping_status":"closed","sticky":false,"template":"","format":"standard","meta":{"colormag_page_container_layout":"default_layout","colormag_page_sidebar_layout":"default_layout","om_disable_all_campaigns":false,"_monsterinsights_skip_tracking":false,"_monsterinsights_sitenote_active":false,"_monsterinsights_sitenote_note":"","_monsterinsights_sitenote_category":0,"footnotes":"","_wpscppro_dont_share_socialmedia":false,"_wpscppro_custom_social_share_image":0,"_facebook_share_type":"default","_twitter_share_type":"default","_linkedin_share_type":"default","_pinterest_share_type":"default","_linkedin_share_type_page":"","_instagram_share_type":"default","_medium_share_type":"default","_threads_share_type":"default","_google_business_share_type":"default","_selected_social_profile":[],"_wpsp_enable_custom_social_template":false,"_wpsp_social_scheduling":{"enabled":false,"datetime":null,"platforms":[],"status":"template_only","dateOption":"today","timeOption":"now","customDays":"","customHours":"","customDate":"","customTime":"","schedulingType":"absolute"},"_wpsp_active_default_template":true},"categories":[36],"tags":[],"class_list":["post-75062","post","type-post","status-publish","format-standard","has-post-thumbnail","hentry","category-culture"],"aioseo_notices":[],"yoast_head":"<!-- This site is optimized with the Yoast SEO plugin v27.5 - https:\/\/yoast.com\/product\/yoast-seo-wordpress\/ -->\n<title>Litt\u00e9rature\u00a0: Azza Bougaada remporte le prix \u00ab\u00a0Oum Sihem\u00a0\u00bb de la nouvelle - La Sentinelle<\/title>\n<meta name=\"robots\" content=\"index, follow, max-snippet:-1, max-image-preview:large, max-video-preview:-1\" \/>\n<link rel=\"canonical\" href=\"https:\/\/lasentinelle.dz\/index.php\/2025\/10\/22\/litterature-azza-bougaada-remporte-le-prix-oum-sihem-de-la-nouvelle\/\" \/>\n<meta property=\"og:locale\" content=\"fr_FR\" \/>\n<meta property=\"og:type\" content=\"article\" \/>\n<meta property=\"og:title\" content=\"Litt\u00e9rature\u00a0: Azza Bougaada remporte le prix \u00ab\u00a0Oum Sihem\u00a0\u00bb de la nouvelle - La Sentinelle\" \/>\n<meta property=\"og:description\" content=\"La cinqui\u00e8me \u00e9dition du concours litt\u00e9raire national \u00ab\u00a0Oum Sihem\u00a0\u00bb, organis\u00e9 par l&rsquo;association culturelle Athar Al-Abirine d&rsquo;Oran, a consacr\u00e9 lundi l&rsquo;\u00e9crivaine\" \/>\n<meta property=\"og:url\" content=\"https:\/\/lasentinelle.dz\/index.php\/2025\/10\/22\/litterature-azza-bougaada-remporte-le-prix-oum-sihem-de-la-nouvelle\/\" \/>\n<meta property=\"og:site_name\" content=\"La Sentinelle\" \/>\n<meta property=\"article:publisher\" content=\"https:\/\/www.facebook.com\/La-Sentinelle-104059864394773\" \/>\n<meta property=\"article:published_time\" content=\"2025-10-22T10:43:27+00:00\" \/>\n<meta property=\"article:modified_time\" content=\"2025-10-22T10:43:28+00:00\" \/>\n<meta property=\"og:image\" content=\"https:\/\/lasentinelle.dz\/wp-content\/uploads\/2025\/10\/oum-siham.jpg\" \/>\n\t<meta property=\"og:image:width\" content=\"580\" \/>\n\t<meta property=\"og:image:height\" content=\"350\" \/>\n\t<meta property=\"og:image:type\" content=\"image\/jpeg\" \/>\n<meta name=\"author\" content=\"admin\" \/>\n<meta name=\"twitter:card\" content=\"summary_large_image\" \/>\n<meta name=\"twitter:label1\" content=\"\u00c9crit par\" \/>\n\t<meta name=\"twitter:data1\" content=\"admin\" \/>\n\t<meta name=\"twitter:label2\" content=\"Dur\u00e9e de lecture estim\u00e9e\" \/>\n\t<meta name=\"twitter:data2\" content=\"3 minutes\" \/>\n<script type=\"application\/ld+json\" class=\"yoast-schema-graph\">{\"@context\":\"https:\\\/\\\/schema.org\",\"@graph\":[{\"@type\":\"Article\",\"@id\":\"https:\\\/\\\/lasentinelle.dz\\\/index.php\\\/2025\\\/10\\\/22\\\/litterature-azza-bougaada-remporte-le-prix-oum-sihem-de-la-nouvelle\\\/#article\",\"isPartOf\":{\"@id\":\"https:\\\/\\\/lasentinelle.dz\\\/index.php\\\/2025\\\/10\\\/22\\\/litterature-azza-bougaada-remporte-le-prix-oum-sihem-de-la-nouvelle\\\/\"},\"author\":{\"name\":\"admin\",\"@id\":\"https:\\\/\\\/lasentinelle.dz\\\/#\\\/schema\\\/person\\\/729ee0024f24e0b8c5ec17232f8e8b41\"},\"headline\":\"Litt\u00e9rature\u00a0: Azza Bougaada remporte le prix \u00ab\u00a0Oum Sihem\u00a0\u00bb de la nouvelle\",\"datePublished\":\"2025-10-22T10:43:27+00:00\",\"dateModified\":\"2025-10-22T10:43:28+00:00\",\"mainEntityOfPage\":{\"@id\":\"https:\\\/\\\/lasentinelle.dz\\\/index.php\\\/2025\\\/10\\\/22\\\/litterature-azza-bougaada-remporte-le-prix-oum-sihem-de-la-nouvelle\\\/\"},\"wordCount\":508,\"commentCount\":0,\"publisher\":{\"@id\":\"https:\\\/\\\/lasentinelle.dz\\\/#organization\"},\"image\":{\"@id\":\"https:\\\/\\\/lasentinelle.dz\\\/index.php\\\/2025\\\/10\\\/22\\\/litterature-azza-bougaada-remporte-le-prix-oum-sihem-de-la-nouvelle\\\/#primaryimage\"},\"thumbnailUrl\":\"https:\\\/\\\/lasentinelle.dz\\\/wp-content\\\/uploads\\\/2025\\\/10\\\/oum-siham.jpg\",\"articleSection\":[\"Culture\"],\"inLanguage\":\"fr-FR\",\"potentialAction\":[{\"@type\":\"CommentAction\",\"name\":\"Comment\",\"target\":[\"https:\\\/\\\/lasentinelle.dz\\\/index.php\\\/2025\\\/10\\\/22\\\/litterature-azza-bougaada-remporte-le-prix-oum-sihem-de-la-nouvelle\\\/#respond\"]}]},{\"@type\":\"WebPage\",\"@id\":\"https:\\\/\\\/lasentinelle.dz\\\/index.php\\\/2025\\\/10\\\/22\\\/litterature-azza-bougaada-remporte-le-prix-oum-sihem-de-la-nouvelle\\\/\",\"url\":\"https:\\\/\\\/lasentinelle.dz\\\/index.php\\\/2025\\\/10\\\/22\\\/litterature-azza-bougaada-remporte-le-prix-oum-sihem-de-la-nouvelle\\\/\",\"name\":\"Litt\u00e9rature\u00a0: Azza Bougaada remporte le prix \u00ab\u00a0Oum Sihem\u00a0\u00bb de la nouvelle - La Sentinelle\",\"isPartOf\":{\"@id\":\"https:\\\/\\\/lasentinelle.dz\\\/#website\"},\"primaryImageOfPage\":{\"@id\":\"https:\\\/\\\/lasentinelle.dz\\\/index.php\\\/2025\\\/10\\\/22\\\/litterature-azza-bougaada-remporte-le-prix-oum-sihem-de-la-nouvelle\\\/#primaryimage\"},\"image\":{\"@id\":\"https:\\\/\\\/lasentinelle.dz\\\/index.php\\\/2025\\\/10\\\/22\\\/litterature-azza-bougaada-remporte-le-prix-oum-sihem-de-la-nouvelle\\\/#primaryimage\"},\"thumbnailUrl\":\"https:\\\/\\\/lasentinelle.dz\\\/wp-content\\\/uploads\\\/2025\\\/10\\\/oum-siham.jpg\",\"datePublished\":\"2025-10-22T10:43:27+00:00\",\"dateModified\":\"2025-10-22T10:43:28+00:00\",\"breadcrumb\":{\"@id\":\"https:\\\/\\\/lasentinelle.dz\\\/index.php\\\/2025\\\/10\\\/22\\\/litterature-azza-bougaada-remporte-le-prix-oum-sihem-de-la-nouvelle\\\/#breadcrumb\"},\"inLanguage\":\"fr-FR\",\"potentialAction\":[{\"@type\":\"ReadAction\",\"target\":[\"https:\\\/\\\/lasentinelle.dz\\\/index.php\\\/2025\\\/10\\\/22\\\/litterature-azza-bougaada-remporte-le-prix-oum-sihem-de-la-nouvelle\\\/\"]}]},{\"@type\":\"ImageObject\",\"inLanguage\":\"fr-FR\",\"@id\":\"https:\\\/\\\/lasentinelle.dz\\\/index.php\\\/2025\\\/10\\\/22\\\/litterature-azza-bougaada-remporte-le-prix-oum-sihem-de-la-nouvelle\\\/#primaryimage\",\"url\":\"https:\\\/\\\/lasentinelle.dz\\\/wp-content\\\/uploads\\\/2025\\\/10\\\/oum-siham.jpg\",\"contentUrl\":\"https:\\\/\\\/lasentinelle.dz\\\/wp-content\\\/uploads\\\/2025\\\/10\\\/oum-siham.jpg\",\"width\":580,\"height\":350},{\"@type\":\"BreadcrumbList\",\"@id\":\"https:\\\/\\\/lasentinelle.dz\\\/index.php\\\/2025\\\/10\\\/22\\\/litterature-azza-bougaada-remporte-le-prix-oum-sihem-de-la-nouvelle\\\/#breadcrumb\",\"itemListElement\":[{\"@type\":\"ListItem\",\"position\":1,\"name\":\"Accueil\",\"item\":\"https:\\\/\\\/lasentinelle.dz\\\/\"},{\"@type\":\"ListItem\",\"position\":2,\"name\":\"Litt\u00e9rature\u00a0: Azza Bougaada remporte le prix \u00ab\u00a0Oum Sihem\u00a0\u00bb de la nouvelle\"}]},{\"@type\":\"WebSite\",\"@id\":\"https:\\\/\\\/lasentinelle.dz\\\/#website\",\"url\":\"https:\\\/\\\/lasentinelle.dz\\\/\",\"name\":\"La Sentinelle\",\"description\":\"Quotidien national d&#039;information\",\"publisher\":{\"@id\":\"https:\\\/\\\/lasentinelle.dz\\\/#organization\"},\"potentialAction\":[{\"@type\":\"SearchAction\",\"target\":{\"@type\":\"EntryPoint\",\"urlTemplate\":\"https:\\\/\\\/lasentinelle.dz\\\/?s={search_term_string}\"},\"query-input\":{\"@type\":\"PropertyValueSpecification\",\"valueRequired\":true,\"valueName\":\"search_term_string\"}}],\"inLanguage\":\"fr-FR\"},{\"@type\":\"Organization\",\"@id\":\"https:\\\/\\\/lasentinelle.dz\\\/#organization\",\"name\":\"Quotidien La Sentinelle\",\"url\":\"https:\\\/\\\/lasentinelle.dz\\\/\",\"logo\":{\"@type\":\"ImageObject\",\"inLanguage\":\"fr-FR\",\"@id\":\"https:\\\/\\\/lasentinelle.dz\\\/#\\\/schema\\\/logo\\\/image\\\/\",\"url\":\"https:\\\/\\\/lasentinelle.dz\\\/wp-content\\\/uploads\\\/2021\\\/09\\\/logo-sentinelleSLOGAN-1.png\",\"contentUrl\":\"https:\\\/\\\/lasentinelle.dz\\\/wp-content\\\/uploads\\\/2021\\\/09\\\/logo-sentinelleSLOGAN-1.png\",\"width\":615,\"height\":142,\"caption\":\"Quotidien La Sentinelle\"},\"image\":{\"@id\":\"https:\\\/\\\/lasentinelle.dz\\\/#\\\/schema\\\/logo\\\/image\\\/\"},\"sameAs\":[\"https:\\\/\\\/www.facebook.com\\\/La-Sentinelle-104059864394773\"]},{\"@type\":\"Person\",\"@id\":\"https:\\\/\\\/lasentinelle.dz\\\/#\\\/schema\\\/person\\\/729ee0024f24e0b8c5ec17232f8e8b41\",\"name\":\"admin\",\"image\":{\"@type\":\"ImageObject\",\"inLanguage\":\"fr-FR\",\"@id\":\"https:\\\/\\\/secure.gravatar.com\\\/avatar\\\/4c81fed838786e9b53f540bf46533e750f5d292099ae3b66cfc6fb1982e29df7?s=96&d=mm&r=g\",\"url\":\"https:\\\/\\\/secure.gravatar.com\\\/avatar\\\/4c81fed838786e9b53f540bf46533e750f5d292099ae3b66cfc6fb1982e29df7?s=96&d=mm&r=g\",\"contentUrl\":\"https:\\\/\\\/secure.gravatar.com\\\/avatar\\\/4c81fed838786e9b53f540bf46533e750f5d292099ae3b66cfc6fb1982e29df7?s=96&d=mm&r=g\",\"caption\":\"admin\"},\"description\":\"admin\",\"url\":\"https:\\\/\\\/lasentinelle.dz\\\/author\\\/admin\\\/\"}]}<\/script>\n<!-- \/ Yoast SEO plugin. -->","yoast_head_json":{"title":"Litt\u00e9rature\u00a0: Azza Bougaada remporte le prix \u00ab\u00a0Oum Sihem\u00a0\u00bb de la nouvelle - La Sentinelle","robots":{"index":"index","follow":"follow","max-snippet":"max-snippet:-1","max-image-preview":"max-image-preview:large","max-video-preview":"max-video-preview:-1"},"canonical":"https:\/\/lasentinelle.dz\/index.php\/2025\/10\/22\/litterature-azza-bougaada-remporte-le-prix-oum-sihem-de-la-nouvelle\/","og_locale":"fr_FR","og_type":"article","og_title":"Litt\u00e9rature\u00a0: Azza Bougaada remporte le prix \u00ab\u00a0Oum Sihem\u00a0\u00bb de la nouvelle - La Sentinelle","og_description":"La cinqui\u00e8me \u00e9dition du concours litt\u00e9raire national \u00ab\u00a0Oum Sihem\u00a0\u00bb, organis\u00e9 par l&rsquo;association culturelle Athar Al-Abirine d&rsquo;Oran, a consacr\u00e9 lundi l&rsquo;\u00e9crivaine","og_url":"https:\/\/lasentinelle.dz\/index.php\/2025\/10\/22\/litterature-azza-bougaada-remporte-le-prix-oum-sihem-de-la-nouvelle\/","og_site_name":"La Sentinelle","article_publisher":"https:\/\/www.facebook.com\/La-Sentinelle-104059864394773","article_published_time":"2025-10-22T10:43:27+00:00","article_modified_time":"2025-10-22T10:43:28+00:00","og_image":[{"width":580,"height":350,"url":"https:\/\/lasentinelle.dz\/wp-content\/uploads\/2025\/10\/oum-siham.jpg","type":"image\/jpeg"}],"author":"admin","twitter_card":"summary_large_image","twitter_misc":{"\u00c9crit par":"admin","Dur\u00e9e de lecture estim\u00e9e":"3 minutes"},"schema":{"@context":"https:\/\/schema.org","@graph":[{"@type":"Article","@id":"https:\/\/lasentinelle.dz\/index.php\/2025\/10\/22\/litterature-azza-bougaada-remporte-le-prix-oum-sihem-de-la-nouvelle\/#article","isPartOf":{"@id":"https:\/\/lasentinelle.dz\/index.php\/2025\/10\/22\/litterature-azza-bougaada-remporte-le-prix-oum-sihem-de-la-nouvelle\/"},"author":{"name":"admin","@id":"https:\/\/lasentinelle.dz\/#\/schema\/person\/729ee0024f24e0b8c5ec17232f8e8b41"},"headline":"Litt\u00e9rature\u00a0: Azza Bougaada remporte le prix \u00ab\u00a0Oum Sihem\u00a0\u00bb de la nouvelle","datePublished":"2025-10-22T10:43:27+00:00","dateModified":"2025-10-22T10:43:28+00:00","mainEntityOfPage":{"@id":"https:\/\/lasentinelle.dz\/index.php\/2025\/10\/22\/litterature-azza-bougaada-remporte-le-prix-oum-sihem-de-la-nouvelle\/"},"wordCount":508,"commentCount":0,"publisher":{"@id":"https:\/\/lasentinelle.dz\/#organization"},"image":{"@id":"https:\/\/lasentinelle.dz\/index.php\/2025\/10\/22\/litterature-azza-bougaada-remporte-le-prix-oum-sihem-de-la-nouvelle\/#primaryimage"},"thumbnailUrl":"https:\/\/lasentinelle.dz\/wp-content\/uploads\/2025\/10\/oum-siham.jpg","articleSection":["Culture"],"inLanguage":"fr-FR","potentialAction":[{"@type":"CommentAction","name":"Comment","target":["https:\/\/lasentinelle.dz\/index.php\/2025\/10\/22\/litterature-azza-bougaada-remporte-le-prix-oum-sihem-de-la-nouvelle\/#respond"]}]},{"@type":"WebPage","@id":"https:\/\/lasentinelle.dz\/index.php\/2025\/10\/22\/litterature-azza-bougaada-remporte-le-prix-oum-sihem-de-la-nouvelle\/","url":"https:\/\/lasentinelle.dz\/index.php\/2025\/10\/22\/litterature-azza-bougaada-remporte-le-prix-oum-sihem-de-la-nouvelle\/","name":"Litt\u00e9rature\u00a0: Azza Bougaada remporte le prix \u00ab\u00a0Oum Sihem\u00a0\u00bb de la nouvelle - La Sentinelle","isPartOf":{"@id":"https:\/\/lasentinelle.dz\/#website"},"primaryImageOfPage":{"@id":"https:\/\/lasentinelle.dz\/index.php\/2025\/10\/22\/litterature-azza-bougaada-remporte-le-prix-oum-sihem-de-la-nouvelle\/#primaryimage"},"image":{"@id":"https:\/\/lasentinelle.dz\/index.php\/2025\/10\/22\/litterature-azza-bougaada-remporte-le-prix-oum-sihem-de-la-nouvelle\/#primaryimage"},"thumbnailUrl":"https:\/\/lasentinelle.dz\/wp-content\/uploads\/2025\/10\/oum-siham.jpg","datePublished":"2025-10-22T10:43:27+00:00","dateModified":"2025-10-22T10:43:28+00:00","breadcrumb":{"@id":"https:\/\/lasentinelle.dz\/index.php\/2025\/10\/22\/litterature-azza-bougaada-remporte-le-prix-oum-sihem-de-la-nouvelle\/#breadcrumb"},"inLanguage":"fr-FR","potentialAction":[{"@type":"ReadAction","target":["https:\/\/lasentinelle.dz\/index.php\/2025\/10\/22\/litterature-azza-bougaada-remporte-le-prix-oum-sihem-de-la-nouvelle\/"]}]},{"@type":"ImageObject","inLanguage":"fr-FR","@id":"https:\/\/lasentinelle.dz\/index.php\/2025\/10\/22\/litterature-azza-bougaada-remporte-le-prix-oum-sihem-de-la-nouvelle\/#primaryimage","url":"https:\/\/lasentinelle.dz\/wp-content\/uploads\/2025\/10\/oum-siham.jpg","contentUrl":"https:\/\/lasentinelle.dz\/wp-content\/uploads\/2025\/10\/oum-siham.jpg","width":580,"height":350},{"@type":"BreadcrumbList","@id":"https:\/\/lasentinelle.dz\/index.php\/2025\/10\/22\/litterature-azza-bougaada-remporte-le-prix-oum-sihem-de-la-nouvelle\/#breadcrumb","itemListElement":[{"@type":"ListItem","position":1,"name":"Accueil","item":"https:\/\/lasentinelle.dz\/"},{"@type":"ListItem","position":2,"name":"Litt\u00e9rature\u00a0: Azza Bougaada remporte le prix \u00ab\u00a0Oum Sihem\u00a0\u00bb de la nouvelle"}]},{"@type":"WebSite","@id":"https:\/\/lasentinelle.dz\/#website","url":"https:\/\/lasentinelle.dz\/","name":"La Sentinelle","description":"Quotidien national d&#039;information","publisher":{"@id":"https:\/\/lasentinelle.dz\/#organization"},"potentialAction":[{"@type":"SearchAction","target":{"@type":"EntryPoint","urlTemplate":"https:\/\/lasentinelle.dz\/?s={search_term_string}"},"query-input":{"@type":"PropertyValueSpecification","valueRequired":true,"valueName":"search_term_string"}}],"inLanguage":"fr-FR"},{"@type":"Organization","@id":"https:\/\/lasentinelle.dz\/#organization","name":"Quotidien La Sentinelle","url":"https:\/\/lasentinelle.dz\/","logo":{"@type":"ImageObject","inLanguage":"fr-FR","@id":"https:\/\/lasentinelle.dz\/#\/schema\/logo\/image\/","url":"https:\/\/lasentinelle.dz\/wp-content\/uploads\/2021\/09\/logo-sentinelleSLOGAN-1.png","contentUrl":"https:\/\/lasentinelle.dz\/wp-content\/uploads\/2021\/09\/logo-sentinelleSLOGAN-1.png","width":615,"height":142,"caption":"Quotidien La Sentinelle"},"image":{"@id":"https:\/\/lasentinelle.dz\/#\/schema\/logo\/image\/"},"sameAs":["https:\/\/www.facebook.com\/La-Sentinelle-104059864394773"]},{"@type":"Person","@id":"https:\/\/lasentinelle.dz\/#\/schema\/person\/729ee0024f24e0b8c5ec17232f8e8b41","name":"admin","image":{"@type":"ImageObject","inLanguage":"fr-FR","@id":"https:\/\/secure.gravatar.com\/avatar\/4c81fed838786e9b53f540bf46533e750f5d292099ae3b66cfc6fb1982e29df7?s=96&d=mm&r=g","url":"https:\/\/secure.gravatar.com\/avatar\/4c81fed838786e9b53f540bf46533e750f5d292099ae3b66cfc6fb1982e29df7?s=96&d=mm&r=g","contentUrl":"https:\/\/secure.gravatar.com\/avatar\/4c81fed838786e9b53f540bf46533e750f5d292099ae3b66cfc6fb1982e29df7?s=96&d=mm&r=g","caption":"admin"},"description":"admin","url":"https:\/\/lasentinelle.dz\/author\/admin\/"}]}},"_links":{"self":[{"href":"https:\/\/lasentinelle.dz\/index.php\/wp-json\/wp\/v2\/posts\/75062","targetHints":{"allow":["GET"]}}],"collection":[{"href":"https:\/\/lasentinelle.dz\/index.php\/wp-json\/wp\/v2\/posts"}],"about":[{"href":"https:\/\/lasentinelle.dz\/index.php\/wp-json\/wp\/v2\/types\/post"}],"author":[{"embeddable":true,"href":"https:\/\/lasentinelle.dz\/index.php\/wp-json\/wp\/v2\/users\/6"}],"replies":[{"embeddable":true,"href":"https:\/\/lasentinelle.dz\/index.php\/wp-json\/wp\/v2\/comments?post=75062"}],"version-history":[{"count":2,"href":"https:\/\/lasentinelle.dz\/index.php\/wp-json\/wp\/v2\/posts\/75062\/revisions"}],"predecessor-version":[{"id":75065,"href":"https:\/\/lasentinelle.dz\/index.php\/wp-json\/wp\/v2\/posts\/75062\/revisions\/75065"}],"wp:featuredmedia":[{"embeddable":true,"href":"https:\/\/lasentinelle.dz\/index.php\/wp-json\/wp\/v2\/media\/75063"}],"wp:attachment":[{"href":"https:\/\/lasentinelle.dz\/index.php\/wp-json\/wp\/v2\/media?parent=75062"}],"wp:term":[{"taxonomy":"category","embeddable":true,"href":"https:\/\/lasentinelle.dz\/index.php\/wp-json\/wp\/v2\/categories?post=75062"},{"taxonomy":"post_tag","embeddable":true,"href":"https:\/\/lasentinelle.dz\/index.php\/wp-json\/wp\/v2\/tags?post=75062"}],"curies":[{"name":"wp","href":"https:\/\/api.w.org\/{rel}","templated":true}]}}