{"id":75066,"date":"2025-10-22T11:46:22","date_gmt":"2025-10-22T10:46:22","guid":{"rendered":"https:\/\/lasentinelle.dz\/?p=75066"},"modified":"2025-10-22T11:46:23","modified_gmt":"2025-10-22T10:46:23","slug":"bibliotheques-de-lecture-publique-les-professionnels-plaident-pour-une-strategie-nationale","status":"publish","type":"post","link":"https:\/\/lasentinelle.dz\/index.php\/2025\/10\/22\/bibliotheques-de-lecture-publique-les-professionnels-plaident-pour-une-strategie-nationale\/","title":{"rendered":"Biblioth\u00e8ques de lecture publique\u00a0: Les professionnels plaident pour une strat\u00e9gie nationale"},"content":{"rendered":"\n<p>\u00c0 l&rsquo;issue de la troisi\u00e8me \u00e9dition du s\u00e9minaire national consacr\u00e9 au r\u00f4le des biblioth\u00e8ques publiques dans l&rsquo;ancrage de la culture nationale et la sauvegarde des archives, organis\u00e9 lundi \u00e0 Laghouat sous l&rsquo;\u00e9gide du minist\u00e8re de la Culture et des Arts, les participants ont unanimement appel\u00e9 \u00e0 l&rsquo;\u00e9laboration d&rsquo;une strat\u00e9gie nationale globale de la lecture et des biblioth\u00e8ques publiques visant \u00e0 promouvoir l&rsquo;identit\u00e9 nationale et la m\u00e9moire collective. Cette rencontre de deux jours, initi\u00e9e en coordination avec le Centre de recherche en sciences islamiques et civilisations de Laghouat, a r\u00e9uni universitaires, chercheurs, biblioth\u00e9caires, archivistes et repr\u00e9sentants d&rsquo;\u00e9tablissements culturels venus de l&rsquo;ensemble du territoire national. Les travaux de ce s\u00e9minaire ont mis en lumi\u00e8re les d\u00e9fis majeurs auxquels sont confront\u00e9es les biblioth\u00e8ques publiques alg\u00e9riennes dans leur mission de pr\u00e9servation du patrimoine documentaire et de promotion de la lecture. Les intervenants ont particuli\u00e8rement insist\u00e9 sur la n\u00e9cessit\u00e9 de renforcer le cadre juridique et organisationnel de ces structures publiques, afin de leur conf\u00e9rer pleinement la mission qui leur \u00e9choit dans les strat\u00e9gies culturelles nationales. Cette dimension institutionnelle appara\u00eet comme un pr\u00e9alable indispensable \u00e0 toute modernisation effective du r\u00e9seau des biblioth\u00e8ques. La modernisation des infrastructures et des outils a constitu\u00e9 un autre axe majeur des recommandations. Les participants ont pr\u00e9conis\u00e9 une dotation substantielle en moyens et \u00e9quipements num\u00e9riques pour permettre aux biblioth\u00e8ques de r\u00e9pondre aux exigences contemporaines. Plus innovante encore, la proposition de cr\u00e9ation de centres de la m\u00e9moire au niveau de chaque biblioth\u00e8que principale vise \u00e0 constituer un maillage territorial de pr\u00e9servation du patrimoine local, garantissant ainsi une sauvegarde d\u00e9centralis\u00e9e des richesses documentaires et m\u00e9morielles de chaque r\u00e9gion.<\/p>\n\n\n\n<p>La question des ressources humaines n&rsquo;a pas \u00e9t\u00e9 n\u00e9glig\u00e9e. Les professionnels r\u00e9unis \u00e0 Laghouat ont soulign\u00e9 l&rsquo;urgence de la qualification des biblioth\u00e9caires dans la gestion num\u00e9rique de la m\u00e9moire et la cr\u00e9ation de contenus culturels adapt\u00e9s aux nouveaux supports. Cette mont\u00e9e en comp\u00e9tences appara\u00eet indissociable de la transformation num\u00e9rique du secteur et de sa capacit\u00e9 \u00e0 toucher de nouveaux publics, notamment les jeunes g\u00e9n\u00e9rations davantage familiaris\u00e9es avec les outils digitaux. L&rsquo;encouragement de la recherche scientifique et des projets acad\u00e9miques portant sur les t\u00e9moignages vivants et oraux a \u00e9galement \u00e9t\u00e9 identifi\u00e9 comme un levier essentiel pour enrichir la connaissance du patrimoine immat\u00e9riel national. Les participants ont appel\u00e9 \u00e0 valoriser cette dimension souvent n\u00e9glig\u00e9e de la m\u00e9moire collective, qui risque de dispara\u00eetre si elle n&rsquo;est pas rapidement collect\u00e9e et archiv\u00e9e selon des m\u00e9thodologies scientifiques rigoureuses.<\/p>\n\n\n\n<p>Parmi les propositions phares figure la cr\u00e9ation d&rsquo;une plateforme num\u00e9rique nationale destin\u00e9e \u00e0 regrouper le patrimoine culturel dans son ensemble et \u00e0 le mettre \u00e0 disposition des lecteurs et des chercheurs. Ce projet ambitieux permettrait de d\u00e9mocratiser l&rsquo;acc\u00e8s aux ressources documentaires et de cr\u00e9er une biblioth\u00e8que virtuelle nationale accessible depuis n&rsquo;importe quel point du territoire. Selon Sara Kaddouda, directrice de la biblioth\u00e8que de Laghouat, cette rencontre \u00ab constitue un espace idoine pour \u00e9changer les exp\u00e9riences entre les parties concern\u00e9es par les biblioth\u00e8ques et la sauvegarde des archives \u00bb. Elle t\u00e9moigne de la volont\u00e9 du minist\u00e8re de la Culture et des Arts de placer les biblioth\u00e8ques au c\u0153ur du dispositif de pr\u00e9servation patrimoniale et de promotion culturelle, tout en cr\u00e9ant des synergies entre les diff\u00e9rents acteurs du secteur.<\/p>\n\n\n\n<p>Mohand S.<\/p>\n","protected":false},"excerpt":{"rendered":"<p>\u00c0 l&rsquo;issue de la troisi\u00e8me \u00e9dition du s\u00e9minaire national consacr\u00e9 au r\u00f4le des biblioth\u00e8ques publiques dans l&rsquo;ancrage de la culture<\/p>\n","protected":false},"author":6,"featured_media":75067,"comment_status":"open","ping_status":"closed","sticky":false,"template":"","format":"standard","meta":{"colormag_page_container_layout":"default_layout","colormag_page_sidebar_layout":"default_layout","om_disable_all_campaigns":false,"_monsterinsights_skip_tracking":false,"_monsterinsights_sitenote_active":false,"_monsterinsights_sitenote_note":"","_monsterinsights_sitenote_category":0,"footnotes":"","_wpscppro_dont_share_socialmedia":false,"_wpscppro_custom_social_share_image":0,"_facebook_share_type":"default","_twitter_share_type":"default","_linkedin_share_type":"default","_pinterest_share_type":"default","_linkedin_share_type_page":"","_instagram_share_type":"default","_medium_share_type":"default","_threads_share_type":"default","_google_business_share_type":"default","_selected_social_profile":[],"_wpsp_enable_custom_social_template":false,"_wpsp_social_scheduling":{"enabled":false,"datetime":null,"platforms":[],"status":"template_only","dateOption":"today","timeOption":"now","customDays":"","customHours":"","customDate":"","customTime":"","schedulingType":"absolute"},"_wpsp_active_default_template":true},"categories":[36],"tags":[],"class_list":["post-75066","post","type-post","status-publish","format-standard","has-post-thumbnail","hentry","category-culture"],"aioseo_notices":[],"yoast_head":"<!-- This site is optimized with the Yoast SEO plugin v27.5 - https:\/\/yoast.com\/product\/yoast-seo-wordpress\/ -->\n<title>Biblioth\u00e8ques de lecture publique\u00a0: Les professionnels plaident pour une strat\u00e9gie nationale - La Sentinelle<\/title>\n<meta name=\"robots\" content=\"index, follow, max-snippet:-1, max-image-preview:large, max-video-preview:-1\" \/>\n<link rel=\"canonical\" href=\"https:\/\/lasentinelle.dz\/index.php\/2025\/10\/22\/bibliotheques-de-lecture-publique-les-professionnels-plaident-pour-une-strategie-nationale\/\" \/>\n<meta property=\"og:locale\" content=\"fr_FR\" \/>\n<meta property=\"og:type\" content=\"article\" \/>\n<meta property=\"og:title\" content=\"Biblioth\u00e8ques de lecture publique\u00a0: Les professionnels plaident pour une strat\u00e9gie nationale - La Sentinelle\" \/>\n<meta property=\"og:description\" content=\"\u00c0 l&rsquo;issue de la troisi\u00e8me \u00e9dition du s\u00e9minaire national consacr\u00e9 au r\u00f4le des biblioth\u00e8ques publiques dans l&rsquo;ancrage de la culture\" \/>\n<meta property=\"og:url\" content=\"https:\/\/lasentinelle.dz\/index.php\/2025\/10\/22\/bibliotheques-de-lecture-publique-les-professionnels-plaident-pour-une-strategie-nationale\/\" \/>\n<meta property=\"og:site_name\" content=\"La Sentinelle\" \/>\n<meta property=\"article:publisher\" content=\"https:\/\/www.facebook.com\/La-Sentinelle-104059864394773\" \/>\n<meta property=\"article:published_time\" content=\"2025-10-22T10:46:22+00:00\" \/>\n<meta property=\"article:modified_time\" content=\"2025-10-22T10:46:23+00:00\" \/>\n<meta property=\"og:image\" content=\"https:\/\/lasentinelle.dz\/wp-content\/uploads\/2025\/10\/bibliotheque.jpg\" \/>\n\t<meta property=\"og:image:width\" content=\"640\" \/>\n\t<meta property=\"og:image:height\" content=\"424\" \/>\n\t<meta property=\"og:image:type\" content=\"image\/jpeg\" \/>\n<meta name=\"author\" content=\"admin\" \/>\n<meta name=\"twitter:card\" content=\"summary_large_image\" \/>\n<meta name=\"twitter:label1\" content=\"\u00c9crit par\" \/>\n\t<meta name=\"twitter:data1\" content=\"admin\" \/>\n\t<meta name=\"twitter:label2\" content=\"Dur\u00e9e de lecture estim\u00e9e\" \/>\n\t<meta name=\"twitter:data2\" content=\"3 minutes\" \/>\n<script type=\"application\/ld+json\" class=\"yoast-schema-graph\">{\"@context\":\"https:\\\/\\\/schema.org\",\"@graph\":[{\"@type\":\"Article\",\"@id\":\"https:\\\/\\\/lasentinelle.dz\\\/index.php\\\/2025\\\/10\\\/22\\\/bibliotheques-de-lecture-publique-les-professionnels-plaident-pour-une-strategie-nationale\\\/#article\",\"isPartOf\":{\"@id\":\"https:\\\/\\\/lasentinelle.dz\\\/index.php\\\/2025\\\/10\\\/22\\\/bibliotheques-de-lecture-publique-les-professionnels-plaident-pour-une-strategie-nationale\\\/\"},\"author\":{\"name\":\"admin\",\"@id\":\"https:\\\/\\\/lasentinelle.dz\\\/#\\\/schema\\\/person\\\/729ee0024f24e0b8c5ec17232f8e8b41\"},\"headline\":\"Biblioth\u00e8ques de lecture publique\u00a0: Les professionnels plaident pour une strat\u00e9gie nationale\",\"datePublished\":\"2025-10-22T10:46:22+00:00\",\"dateModified\":\"2025-10-22T10:46:23+00:00\",\"mainEntityOfPage\":{\"@id\":\"https:\\\/\\\/lasentinelle.dz\\\/index.php\\\/2025\\\/10\\\/22\\\/bibliotheques-de-lecture-publique-les-professionnels-plaident-pour-une-strategie-nationale\\\/\"},\"wordCount\":622,\"commentCount\":0,\"publisher\":{\"@id\":\"https:\\\/\\\/lasentinelle.dz\\\/#organization\"},\"image\":{\"@id\":\"https:\\\/\\\/lasentinelle.dz\\\/index.php\\\/2025\\\/10\\\/22\\\/bibliotheques-de-lecture-publique-les-professionnels-plaident-pour-une-strategie-nationale\\\/#primaryimage\"},\"thumbnailUrl\":\"https:\\\/\\\/lasentinelle.dz\\\/wp-content\\\/uploads\\\/2025\\\/10\\\/bibliotheque.jpg\",\"articleSection\":[\"Culture\"],\"inLanguage\":\"fr-FR\",\"potentialAction\":[{\"@type\":\"CommentAction\",\"name\":\"Comment\",\"target\":[\"https:\\\/\\\/lasentinelle.dz\\\/index.php\\\/2025\\\/10\\\/22\\\/bibliotheques-de-lecture-publique-les-professionnels-plaident-pour-une-strategie-nationale\\\/#respond\"]}]},{\"@type\":\"WebPage\",\"@id\":\"https:\\\/\\\/lasentinelle.dz\\\/index.php\\\/2025\\\/10\\\/22\\\/bibliotheques-de-lecture-publique-les-professionnels-plaident-pour-une-strategie-nationale\\\/\",\"url\":\"https:\\\/\\\/lasentinelle.dz\\\/index.php\\\/2025\\\/10\\\/22\\\/bibliotheques-de-lecture-publique-les-professionnels-plaident-pour-une-strategie-nationale\\\/\",\"name\":\"Biblioth\u00e8ques de lecture publique\u00a0: Les professionnels plaident pour une strat\u00e9gie nationale - La Sentinelle\",\"isPartOf\":{\"@id\":\"https:\\\/\\\/lasentinelle.dz\\\/#website\"},\"primaryImageOfPage\":{\"@id\":\"https:\\\/\\\/lasentinelle.dz\\\/index.php\\\/2025\\\/10\\\/22\\\/bibliotheques-de-lecture-publique-les-professionnels-plaident-pour-une-strategie-nationale\\\/#primaryimage\"},\"image\":{\"@id\":\"https:\\\/\\\/lasentinelle.dz\\\/index.php\\\/2025\\\/10\\\/22\\\/bibliotheques-de-lecture-publique-les-professionnels-plaident-pour-une-strategie-nationale\\\/#primaryimage\"},\"thumbnailUrl\":\"https:\\\/\\\/lasentinelle.dz\\\/wp-content\\\/uploads\\\/2025\\\/10\\\/bibliotheque.jpg\",\"datePublished\":\"2025-10-22T10:46:22+00:00\",\"dateModified\":\"2025-10-22T10:46:23+00:00\",\"breadcrumb\":{\"@id\":\"https:\\\/\\\/lasentinelle.dz\\\/index.php\\\/2025\\\/10\\\/22\\\/bibliotheques-de-lecture-publique-les-professionnels-plaident-pour-une-strategie-nationale\\\/#breadcrumb\"},\"inLanguage\":\"fr-FR\",\"potentialAction\":[{\"@type\":\"ReadAction\",\"target\":[\"https:\\\/\\\/lasentinelle.dz\\\/index.php\\\/2025\\\/10\\\/22\\\/bibliotheques-de-lecture-publique-les-professionnels-plaident-pour-une-strategie-nationale\\\/\"]}]},{\"@type\":\"ImageObject\",\"inLanguage\":\"fr-FR\",\"@id\":\"https:\\\/\\\/lasentinelle.dz\\\/index.php\\\/2025\\\/10\\\/22\\\/bibliotheques-de-lecture-publique-les-professionnels-plaident-pour-une-strategie-nationale\\\/#primaryimage\",\"url\":\"https:\\\/\\\/lasentinelle.dz\\\/wp-content\\\/uploads\\\/2025\\\/10\\\/bibliotheque.jpg\",\"contentUrl\":\"https:\\\/\\\/lasentinelle.dz\\\/wp-content\\\/uploads\\\/2025\\\/10\\\/bibliotheque.jpg\",\"width\":640,\"height\":424},{\"@type\":\"BreadcrumbList\",\"@id\":\"https:\\\/\\\/lasentinelle.dz\\\/index.php\\\/2025\\\/10\\\/22\\\/bibliotheques-de-lecture-publique-les-professionnels-plaident-pour-une-strategie-nationale\\\/#breadcrumb\",\"itemListElement\":[{\"@type\":\"ListItem\",\"position\":1,\"name\":\"Accueil\",\"item\":\"https:\\\/\\\/lasentinelle.dz\\\/\"},{\"@type\":\"ListItem\",\"position\":2,\"name\":\"Biblioth\u00e8ques de lecture publique\u00a0: Les professionnels plaident pour une strat\u00e9gie nationale\"}]},{\"@type\":\"WebSite\",\"@id\":\"https:\\\/\\\/lasentinelle.dz\\\/#website\",\"url\":\"https:\\\/\\\/lasentinelle.dz\\\/\",\"name\":\"La Sentinelle\",\"description\":\"Quotidien national d&#039;information\",\"publisher\":{\"@id\":\"https:\\\/\\\/lasentinelle.dz\\\/#organization\"},\"potentialAction\":[{\"@type\":\"SearchAction\",\"target\":{\"@type\":\"EntryPoint\",\"urlTemplate\":\"https:\\\/\\\/lasentinelle.dz\\\/?s={search_term_string}\"},\"query-input\":{\"@type\":\"PropertyValueSpecification\",\"valueRequired\":true,\"valueName\":\"search_term_string\"}}],\"inLanguage\":\"fr-FR\"},{\"@type\":\"Organization\",\"@id\":\"https:\\\/\\\/lasentinelle.dz\\\/#organization\",\"name\":\"Quotidien La Sentinelle\",\"url\":\"https:\\\/\\\/lasentinelle.dz\\\/\",\"logo\":{\"@type\":\"ImageObject\",\"inLanguage\":\"fr-FR\",\"@id\":\"https:\\\/\\\/lasentinelle.dz\\\/#\\\/schema\\\/logo\\\/image\\\/\",\"url\":\"https:\\\/\\\/lasentinelle.dz\\\/wp-content\\\/uploads\\\/2021\\\/09\\\/logo-sentinelleSLOGAN-1.png\",\"contentUrl\":\"https:\\\/\\\/lasentinelle.dz\\\/wp-content\\\/uploads\\\/2021\\\/09\\\/logo-sentinelleSLOGAN-1.png\",\"width\":615,\"height\":142,\"caption\":\"Quotidien La Sentinelle\"},\"image\":{\"@id\":\"https:\\\/\\\/lasentinelle.dz\\\/#\\\/schema\\\/logo\\\/image\\\/\"},\"sameAs\":[\"https:\\\/\\\/www.facebook.com\\\/La-Sentinelle-104059864394773\"]},{\"@type\":\"Person\",\"@id\":\"https:\\\/\\\/lasentinelle.dz\\\/#\\\/schema\\\/person\\\/729ee0024f24e0b8c5ec17232f8e8b41\",\"name\":\"admin\",\"image\":{\"@type\":\"ImageObject\",\"inLanguage\":\"fr-FR\",\"@id\":\"https:\\\/\\\/secure.gravatar.com\\\/avatar\\\/4c81fed838786e9b53f540bf46533e750f5d292099ae3b66cfc6fb1982e29df7?s=96&d=mm&r=g\",\"url\":\"https:\\\/\\\/secure.gravatar.com\\\/avatar\\\/4c81fed838786e9b53f540bf46533e750f5d292099ae3b66cfc6fb1982e29df7?s=96&d=mm&r=g\",\"contentUrl\":\"https:\\\/\\\/secure.gravatar.com\\\/avatar\\\/4c81fed838786e9b53f540bf46533e750f5d292099ae3b66cfc6fb1982e29df7?s=96&d=mm&r=g\",\"caption\":\"admin\"},\"description\":\"admin\",\"url\":\"https:\\\/\\\/lasentinelle.dz\\\/author\\\/admin\\\/\"}]}<\/script>\n<!-- \/ Yoast SEO plugin. -->","yoast_head_json":{"title":"Biblioth\u00e8ques de lecture publique\u00a0: Les professionnels plaident pour une strat\u00e9gie nationale - La Sentinelle","robots":{"index":"index","follow":"follow","max-snippet":"max-snippet:-1","max-image-preview":"max-image-preview:large","max-video-preview":"max-video-preview:-1"},"canonical":"https:\/\/lasentinelle.dz\/index.php\/2025\/10\/22\/bibliotheques-de-lecture-publique-les-professionnels-plaident-pour-une-strategie-nationale\/","og_locale":"fr_FR","og_type":"article","og_title":"Biblioth\u00e8ques de lecture publique\u00a0: Les professionnels plaident pour une strat\u00e9gie nationale - La Sentinelle","og_description":"\u00c0 l&rsquo;issue de la troisi\u00e8me \u00e9dition du s\u00e9minaire national consacr\u00e9 au r\u00f4le des biblioth\u00e8ques publiques dans l&rsquo;ancrage de la culture","og_url":"https:\/\/lasentinelle.dz\/index.php\/2025\/10\/22\/bibliotheques-de-lecture-publique-les-professionnels-plaident-pour-une-strategie-nationale\/","og_site_name":"La Sentinelle","article_publisher":"https:\/\/www.facebook.com\/La-Sentinelle-104059864394773","article_published_time":"2025-10-22T10:46:22+00:00","article_modified_time":"2025-10-22T10:46:23+00:00","og_image":[{"width":640,"height":424,"url":"https:\/\/lasentinelle.dz\/wp-content\/uploads\/2025\/10\/bibliotheque.jpg","type":"image\/jpeg"}],"author":"admin","twitter_card":"summary_large_image","twitter_misc":{"\u00c9crit par":"admin","Dur\u00e9e de lecture estim\u00e9e":"3 minutes"},"schema":{"@context":"https:\/\/schema.org","@graph":[{"@type":"Article","@id":"https:\/\/lasentinelle.dz\/index.php\/2025\/10\/22\/bibliotheques-de-lecture-publique-les-professionnels-plaident-pour-une-strategie-nationale\/#article","isPartOf":{"@id":"https:\/\/lasentinelle.dz\/index.php\/2025\/10\/22\/bibliotheques-de-lecture-publique-les-professionnels-plaident-pour-une-strategie-nationale\/"},"author":{"name":"admin","@id":"https:\/\/lasentinelle.dz\/#\/schema\/person\/729ee0024f24e0b8c5ec17232f8e8b41"},"headline":"Biblioth\u00e8ques de lecture publique\u00a0: Les professionnels plaident pour une strat\u00e9gie nationale","datePublished":"2025-10-22T10:46:22+00:00","dateModified":"2025-10-22T10:46:23+00:00","mainEntityOfPage":{"@id":"https:\/\/lasentinelle.dz\/index.php\/2025\/10\/22\/bibliotheques-de-lecture-publique-les-professionnels-plaident-pour-une-strategie-nationale\/"},"wordCount":622,"commentCount":0,"publisher":{"@id":"https:\/\/lasentinelle.dz\/#organization"},"image":{"@id":"https:\/\/lasentinelle.dz\/index.php\/2025\/10\/22\/bibliotheques-de-lecture-publique-les-professionnels-plaident-pour-une-strategie-nationale\/#primaryimage"},"thumbnailUrl":"https:\/\/lasentinelle.dz\/wp-content\/uploads\/2025\/10\/bibliotheque.jpg","articleSection":["Culture"],"inLanguage":"fr-FR","potentialAction":[{"@type":"CommentAction","name":"Comment","target":["https:\/\/lasentinelle.dz\/index.php\/2025\/10\/22\/bibliotheques-de-lecture-publique-les-professionnels-plaident-pour-une-strategie-nationale\/#respond"]}]},{"@type":"WebPage","@id":"https:\/\/lasentinelle.dz\/index.php\/2025\/10\/22\/bibliotheques-de-lecture-publique-les-professionnels-plaident-pour-une-strategie-nationale\/","url":"https:\/\/lasentinelle.dz\/index.php\/2025\/10\/22\/bibliotheques-de-lecture-publique-les-professionnels-plaident-pour-une-strategie-nationale\/","name":"Biblioth\u00e8ques de lecture publique\u00a0: Les professionnels plaident pour une strat\u00e9gie nationale - La Sentinelle","isPartOf":{"@id":"https:\/\/lasentinelle.dz\/#website"},"primaryImageOfPage":{"@id":"https:\/\/lasentinelle.dz\/index.php\/2025\/10\/22\/bibliotheques-de-lecture-publique-les-professionnels-plaident-pour-une-strategie-nationale\/#primaryimage"},"image":{"@id":"https:\/\/lasentinelle.dz\/index.php\/2025\/10\/22\/bibliotheques-de-lecture-publique-les-professionnels-plaident-pour-une-strategie-nationale\/#primaryimage"},"thumbnailUrl":"https:\/\/lasentinelle.dz\/wp-content\/uploads\/2025\/10\/bibliotheque.jpg","datePublished":"2025-10-22T10:46:22+00:00","dateModified":"2025-10-22T10:46:23+00:00","breadcrumb":{"@id":"https:\/\/lasentinelle.dz\/index.php\/2025\/10\/22\/bibliotheques-de-lecture-publique-les-professionnels-plaident-pour-une-strategie-nationale\/#breadcrumb"},"inLanguage":"fr-FR","potentialAction":[{"@type":"ReadAction","target":["https:\/\/lasentinelle.dz\/index.php\/2025\/10\/22\/bibliotheques-de-lecture-publique-les-professionnels-plaident-pour-une-strategie-nationale\/"]}]},{"@type":"ImageObject","inLanguage":"fr-FR","@id":"https:\/\/lasentinelle.dz\/index.php\/2025\/10\/22\/bibliotheques-de-lecture-publique-les-professionnels-plaident-pour-une-strategie-nationale\/#primaryimage","url":"https:\/\/lasentinelle.dz\/wp-content\/uploads\/2025\/10\/bibliotheque.jpg","contentUrl":"https:\/\/lasentinelle.dz\/wp-content\/uploads\/2025\/10\/bibliotheque.jpg","width":640,"height":424},{"@type":"BreadcrumbList","@id":"https:\/\/lasentinelle.dz\/index.php\/2025\/10\/22\/bibliotheques-de-lecture-publique-les-professionnels-plaident-pour-une-strategie-nationale\/#breadcrumb","itemListElement":[{"@type":"ListItem","position":1,"name":"Accueil","item":"https:\/\/lasentinelle.dz\/"},{"@type":"ListItem","position":2,"name":"Biblioth\u00e8ques de lecture publique\u00a0: Les professionnels plaident pour une strat\u00e9gie nationale"}]},{"@type":"WebSite","@id":"https:\/\/lasentinelle.dz\/#website","url":"https:\/\/lasentinelle.dz\/","name":"La Sentinelle","description":"Quotidien national d&#039;information","publisher":{"@id":"https:\/\/lasentinelle.dz\/#organization"},"potentialAction":[{"@type":"SearchAction","target":{"@type":"EntryPoint","urlTemplate":"https:\/\/lasentinelle.dz\/?s={search_term_string}"},"query-input":{"@type":"PropertyValueSpecification","valueRequired":true,"valueName":"search_term_string"}}],"inLanguage":"fr-FR"},{"@type":"Organization","@id":"https:\/\/lasentinelle.dz\/#organization","name":"Quotidien La Sentinelle","url":"https:\/\/lasentinelle.dz\/","logo":{"@type":"ImageObject","inLanguage":"fr-FR","@id":"https:\/\/lasentinelle.dz\/#\/schema\/logo\/image\/","url":"https:\/\/lasentinelle.dz\/wp-content\/uploads\/2021\/09\/logo-sentinelleSLOGAN-1.png","contentUrl":"https:\/\/lasentinelle.dz\/wp-content\/uploads\/2021\/09\/logo-sentinelleSLOGAN-1.png","width":615,"height":142,"caption":"Quotidien La Sentinelle"},"image":{"@id":"https:\/\/lasentinelle.dz\/#\/schema\/logo\/image\/"},"sameAs":["https:\/\/www.facebook.com\/La-Sentinelle-104059864394773"]},{"@type":"Person","@id":"https:\/\/lasentinelle.dz\/#\/schema\/person\/729ee0024f24e0b8c5ec17232f8e8b41","name":"admin","image":{"@type":"ImageObject","inLanguage":"fr-FR","@id":"https:\/\/secure.gravatar.com\/avatar\/4c81fed838786e9b53f540bf46533e750f5d292099ae3b66cfc6fb1982e29df7?s=96&d=mm&r=g","url":"https:\/\/secure.gravatar.com\/avatar\/4c81fed838786e9b53f540bf46533e750f5d292099ae3b66cfc6fb1982e29df7?s=96&d=mm&r=g","contentUrl":"https:\/\/secure.gravatar.com\/avatar\/4c81fed838786e9b53f540bf46533e750f5d292099ae3b66cfc6fb1982e29df7?s=96&d=mm&r=g","caption":"admin"},"description":"admin","url":"https:\/\/lasentinelle.dz\/author\/admin\/"}]}},"_links":{"self":[{"href":"https:\/\/lasentinelle.dz\/index.php\/wp-json\/wp\/v2\/posts\/75066","targetHints":{"allow":["GET"]}}],"collection":[{"href":"https:\/\/lasentinelle.dz\/index.php\/wp-json\/wp\/v2\/posts"}],"about":[{"href":"https:\/\/lasentinelle.dz\/index.php\/wp-json\/wp\/v2\/types\/post"}],"author":[{"embeddable":true,"href":"https:\/\/lasentinelle.dz\/index.php\/wp-json\/wp\/v2\/users\/6"}],"replies":[{"embeddable":true,"href":"https:\/\/lasentinelle.dz\/index.php\/wp-json\/wp\/v2\/comments?post=75066"}],"version-history":[{"count":1,"href":"https:\/\/lasentinelle.dz\/index.php\/wp-json\/wp\/v2\/posts\/75066\/revisions"}],"predecessor-version":[{"id":75068,"href":"https:\/\/lasentinelle.dz\/index.php\/wp-json\/wp\/v2\/posts\/75066\/revisions\/75068"}],"wp:featuredmedia":[{"embeddable":true,"href":"https:\/\/lasentinelle.dz\/index.php\/wp-json\/wp\/v2\/media\/75067"}],"wp:attachment":[{"href":"https:\/\/lasentinelle.dz\/index.php\/wp-json\/wp\/v2\/media?parent=75066"}],"wp:term":[{"taxonomy":"category","embeddable":true,"href":"https:\/\/lasentinelle.dz\/index.php\/wp-json\/wp\/v2\/categories?post=75066"},{"taxonomy":"post_tag","embeddable":true,"href":"https:\/\/lasentinelle.dz\/index.php\/wp-json\/wp\/v2\/tags?post=75066"}],"curies":[{"name":"wp","href":"https:\/\/api.w.org\/{rel}","templated":true}]}}