{"id":75069,"date":"2025-10-22T11:47:07","date_gmt":"2025-10-22T10:47:07","guid":{"rendered":"https:\/\/lasentinelle.dz\/?p=75069"},"modified":"2025-10-22T11:47:08","modified_gmt":"2025-10-22T10:47:08","slug":"revision-du-systeme-des-festivals-et-du-soutien-aux-associations-culturelles-un-nouveau-chantier-lance","status":"publish","type":"post","link":"https:\/\/lasentinelle.dz\/index.php\/2025\/10\/22\/revision-du-systeme-des-festivals-et-du-soutien-aux-associations-culturelles-un-nouveau-chantier-lance\/","title":{"rendered":"R\u00e9vision du syst\u00e8me des festivals et du soutien aux associations culturelles\u00a0: Un nouveau chantier lanc\u00e9"},"content":{"rendered":"\n<p>Dans le cadre d&rsquo;une r\u00e9forme globale de la politique culturelle, Malika Bendouda, ministre de la Culture et des Arts, a pr\u00e9sid\u00e9 lundi soir une r\u00e9union de travail consacr\u00e9e \u00e0 l&rsquo;\u00e9valuation et \u00e0 la restructuration du dispositif des festivals culturels et du soutien public aux associations.<\/p>\n\n\n\n<p>Cette r\u00e9union, qui s&rsquo;inscrit dans le suivi r\u00e9gulier des performances des structures du secteur, marque un tournant dans la volont\u00e9 de rationaliser la gestion culturelle du pays et d&rsquo;optimiser l&rsquo;utilisation des ressources publiques. La s\u00e9ance de travail, qui a r\u00e9uni les cadres de la Direction de l&rsquo;organisation et de la distribution de la production culturelle et artistique, a permis de dresser un bilan d\u00e9taill\u00e9 de l&rsquo;organisation et du d\u00e9roulement des festivals culturels, du dispositif de soutien public aux associations culturelles et artistiques, des activit\u00e9s des op\u00e9rateurs de spectacles, ainsi que de l&rsquo;organisation des grandes manifestations et du bilan des activit\u00e9s culturelles sectorielles. Au terme de ces pr\u00e9sentations, la ministre a trac\u00e9 les grandes lignes d&rsquo;une r\u00e9forme ambitieuse qui touche l&rsquo;ensemble de l&rsquo;\u00e9cosyst\u00e8me culturel national. \u00ab Il est n\u00e9cessaire de r\u00e9viser la carte des festivals culturels et de r\u00e9examiner les textes d&rsquo;application qui les r\u00e9gissent, notamment le d\u00e9cret ex\u00e9cutif n\u00b003-297, afin de garantir leur conformit\u00e9 avec les politiques culturelles de l&rsquo;\u00c9tat \u00bb, a soulign\u00e9 Malika Bendouda. La ministre a \u00e9galement insist\u00e9 sur \u00ab l&rsquo;importance de mettre en \u0153uvre la strat\u00e9gie de communication et m\u00e9diatique des activit\u00e9s culturelles au niveau national pour les rendre plus coh\u00e9rentes et coordonn\u00e9es \u00bb. Elle a appel\u00e9 \u00e0 \u00ab relancer les festivals interrompus et \u00e0 revitaliser les sections musicales au niveau des maisons de la culture \u00e0 travers le pays, dans le but de dynamiser l&rsquo;action artistique locale \u00bb. Concernant le soutien aux associations, la ministre a demand\u00e9 \u00ab l&rsquo;\u00e9laboration d&rsquo;une nouvelle conception de la distribution du soutien public fond\u00e9e sur l&rsquo;\u00e9quit\u00e9 et la transparence, en donnant la priorit\u00e9 aux associations qui \u0153uvrent \u00e0 la pr\u00e9servation du patrimoine immat\u00e9riel, \u00e0 l&rsquo;encouragement de la lecture et aux activit\u00e9s qui l&rsquo;accompagnent, ainsi qu&rsquo;au d\u00e9veloppement du contenu culturel num\u00e9rique \u00bb. Cette approche vise \u00e0 recentrer les financements publics sur les initiatives ayant un impact culturel durable et mesurable.<\/p>\n\n\n\n<p>La ministre a insist\u00e9 sur \u00ab la n\u00e9cessit\u00e9 de r\u00e9viser le syst\u00e8me des festivals pour d\u00e9velopper leurs m\u00e9canismes organisationnels et les orienter vers une rentabilit\u00e9 effective dans leurs dimensions culturelles, \u00e9conomiques et de d\u00e9veloppement, afin d&rsquo;en faire des outils de production de valeur culturelle et non de simples manifestations circonstancielles \u00bb. Elle a \u00e9galement exig\u00e9 \u00ab la mise en place de proc\u00e9dures pr\u00e9cises d&rsquo;\u00e9valuation des festivals avant et apr\u00e8s leur organisation, \u00e9tant donn\u00e9 qu&rsquo;ils b\u00e9n\u00e9ficient de d\u00e9penses publiques \u00bb, dans le cadre d&rsquo;un engagement ferme en faveur \u00ab des principes de transparence et de bonne gouvernance \u00bb. \u00ab La nouvelle approche du minist\u00e8re vise \u00e0 transformer les festivals en plateformes de production culturelle et cognitive durable qui contribuent \u00e0 l&rsquo;ancrage d&rsquo;une culture de cr\u00e9ativit\u00e9 et de diversit\u00e9 culturelle \u00bb, a ajout\u00e9 Malika Bendouda. En conclusion, elle a soulign\u00e9 \u00ab la n\u00e9cessit\u00e9 de d\u00e9velopper les espaces culturels d\u00e9di\u00e9s aux \u00e9changes culturels locaux et d&rsquo;en faire des outils de promotion de la production cr\u00e9ative nationale, \u00e0 travers des programmes de qualit\u00e9 qui mettent en valeur l&rsquo;identit\u00e9 nationale et accompagnent les transformations culturelles actuelles \u00bb. La ministre a \u00e9galement appel\u00e9 \u00e0 \u00ab impliquer d&rsquo;autres secteurs minist\u00e9riels via des conventions de partenariat pour \u00e9largir et g\u00e9n\u00e9raliser leur impact et garantir la durabilit\u00e9 de leurs r\u00e9sultats aux niveaux local et national \u00bb.<\/p>\n\n\n\n<p><strong>Mohand Seghir<\/strong><\/p>\n","protected":false},"excerpt":{"rendered":"<p>Dans le cadre d&rsquo;une r\u00e9forme globale de la politique culturelle, Malika Bendouda, ministre de la Culture et des Arts, a<\/p>\n","protected":false},"author":6,"featured_media":75070,"comment_status":"open","ping_status":"closed","sticky":false,"template":"","format":"standard","meta":{"colormag_page_container_layout":"default_layout","colormag_page_sidebar_layout":"default_layout","om_disable_all_campaigns":false,"_monsterinsights_skip_tracking":false,"_monsterinsights_sitenote_active":false,"_monsterinsights_sitenote_note":"","_monsterinsights_sitenote_category":0,"footnotes":"","_wpscppro_dont_share_socialmedia":false,"_wpscppro_custom_social_share_image":0,"_facebook_share_type":"default","_twitter_share_type":"default","_linkedin_share_type":"default","_pinterest_share_type":"default","_linkedin_share_type_page":"","_instagram_share_type":"default","_medium_share_type":"default","_threads_share_type":"default","_google_business_share_type":"default","_selected_social_profile":[],"_wpsp_enable_custom_social_template":false,"_wpsp_social_scheduling":{"enabled":false,"datetime":null,"platforms":[],"status":"template_only","dateOption":"today","timeOption":"now","customDays":"","customHours":"","customDate":"","customTime":"","schedulingType":"absolute"},"_wpsp_active_default_template":true},"categories":[36],"tags":[],"class_list":["post-75069","post","type-post","status-publish","format-standard","has-post-thumbnail","hentry","category-culture"],"aioseo_notices":[],"yoast_head":"<!-- This site is optimized with the Yoast SEO plugin v27.5 - https:\/\/yoast.com\/product\/yoast-seo-wordpress\/ -->\n<title>R\u00e9vision du syst\u00e8me des festivals et du soutien aux associations culturelles\u00a0: Un nouveau chantier lanc\u00e9 - La Sentinelle<\/title>\n<meta name=\"robots\" content=\"index, follow, max-snippet:-1, max-image-preview:large, max-video-preview:-1\" \/>\n<link rel=\"canonical\" href=\"https:\/\/lasentinelle.dz\/index.php\/2025\/10\/22\/revision-du-systeme-des-festivals-et-du-soutien-aux-associations-culturelles-un-nouveau-chantier-lance\/\" \/>\n<meta property=\"og:locale\" content=\"fr_FR\" \/>\n<meta property=\"og:type\" content=\"article\" \/>\n<meta property=\"og:title\" content=\"R\u00e9vision du syst\u00e8me des festivals et du soutien aux associations culturelles\u00a0: Un nouveau chantier lanc\u00e9 - La Sentinelle\" \/>\n<meta property=\"og:description\" content=\"Dans le cadre d&rsquo;une r\u00e9forme globale de la politique culturelle, Malika Bendouda, ministre de la Culture et des Arts, a\" \/>\n<meta property=\"og:url\" content=\"https:\/\/lasentinelle.dz\/index.php\/2025\/10\/22\/revision-du-systeme-des-festivals-et-du-soutien-aux-associations-culturelles-un-nouveau-chantier-lance\/\" \/>\n<meta property=\"og:site_name\" content=\"La Sentinelle\" \/>\n<meta property=\"article:publisher\" content=\"https:\/\/www.facebook.com\/La-Sentinelle-104059864394773\" \/>\n<meta property=\"article:published_time\" content=\"2025-10-22T10:47:07+00:00\" \/>\n<meta property=\"article:modified_time\" content=\"2025-10-22T10:47:08+00:00\" \/>\n<meta property=\"og:image\" content=\"https:\/\/lasentinelle.dz\/wp-content\/uploads\/2025\/10\/bendouda-2.jpg\" \/>\n\t<meta property=\"og:image:width\" content=\"2048\" \/>\n\t<meta property=\"og:image:height\" content=\"1422\" \/>\n\t<meta property=\"og:image:type\" content=\"image\/jpeg\" \/>\n<meta name=\"author\" content=\"admin\" \/>\n<meta name=\"twitter:card\" content=\"summary_large_image\" \/>\n<meta name=\"twitter:label1\" content=\"\u00c9crit par\" \/>\n\t<meta name=\"twitter:data1\" content=\"admin\" \/>\n\t<meta name=\"twitter:label2\" content=\"Dur\u00e9e de lecture estim\u00e9e\" \/>\n\t<meta name=\"twitter:data2\" content=\"4 minutes\" \/>\n<script type=\"application\/ld+json\" class=\"yoast-schema-graph\">{\"@context\":\"https:\\\/\\\/schema.org\",\"@graph\":[{\"@type\":\"Article\",\"@id\":\"https:\\\/\\\/lasentinelle.dz\\\/index.php\\\/2025\\\/10\\\/22\\\/revision-du-systeme-des-festivals-et-du-soutien-aux-associations-culturelles-un-nouveau-chantier-lance\\\/#article\",\"isPartOf\":{\"@id\":\"https:\\\/\\\/lasentinelle.dz\\\/index.php\\\/2025\\\/10\\\/22\\\/revision-du-systeme-des-festivals-et-du-soutien-aux-associations-culturelles-un-nouveau-chantier-lance\\\/\"},\"author\":{\"name\":\"admin\",\"@id\":\"https:\\\/\\\/lasentinelle.dz\\\/#\\\/schema\\\/person\\\/729ee0024f24e0b8c5ec17232f8e8b41\"},\"headline\":\"R\u00e9vision du syst\u00e8me des festivals et du soutien aux associations culturelles\u00a0: Un nouveau chantier lanc\u00e9\",\"datePublished\":\"2025-10-22T10:47:07+00:00\",\"dateModified\":\"2025-10-22T10:47:08+00:00\",\"mainEntityOfPage\":{\"@id\":\"https:\\\/\\\/lasentinelle.dz\\\/index.php\\\/2025\\\/10\\\/22\\\/revision-du-systeme-des-festivals-et-du-soutien-aux-associations-culturelles-un-nouveau-chantier-lance\\\/\"},\"wordCount\":644,\"commentCount\":0,\"publisher\":{\"@id\":\"https:\\\/\\\/lasentinelle.dz\\\/#organization\"},\"image\":{\"@id\":\"https:\\\/\\\/lasentinelle.dz\\\/index.php\\\/2025\\\/10\\\/22\\\/revision-du-systeme-des-festivals-et-du-soutien-aux-associations-culturelles-un-nouveau-chantier-lance\\\/#primaryimage\"},\"thumbnailUrl\":\"https:\\\/\\\/lasentinelle.dz\\\/wp-content\\\/uploads\\\/2025\\\/10\\\/bendouda-2.jpg\",\"articleSection\":[\"Culture\"],\"inLanguage\":\"fr-FR\",\"potentialAction\":[{\"@type\":\"CommentAction\",\"name\":\"Comment\",\"target\":[\"https:\\\/\\\/lasentinelle.dz\\\/index.php\\\/2025\\\/10\\\/22\\\/revision-du-systeme-des-festivals-et-du-soutien-aux-associations-culturelles-un-nouveau-chantier-lance\\\/#respond\"]}]},{\"@type\":\"WebPage\",\"@id\":\"https:\\\/\\\/lasentinelle.dz\\\/index.php\\\/2025\\\/10\\\/22\\\/revision-du-systeme-des-festivals-et-du-soutien-aux-associations-culturelles-un-nouveau-chantier-lance\\\/\",\"url\":\"https:\\\/\\\/lasentinelle.dz\\\/index.php\\\/2025\\\/10\\\/22\\\/revision-du-systeme-des-festivals-et-du-soutien-aux-associations-culturelles-un-nouveau-chantier-lance\\\/\",\"name\":\"R\u00e9vision du syst\u00e8me des festivals et du soutien aux associations culturelles\u00a0: Un nouveau chantier lanc\u00e9 - La Sentinelle\",\"isPartOf\":{\"@id\":\"https:\\\/\\\/lasentinelle.dz\\\/#website\"},\"primaryImageOfPage\":{\"@id\":\"https:\\\/\\\/lasentinelle.dz\\\/index.php\\\/2025\\\/10\\\/22\\\/revision-du-systeme-des-festivals-et-du-soutien-aux-associations-culturelles-un-nouveau-chantier-lance\\\/#primaryimage\"},\"image\":{\"@id\":\"https:\\\/\\\/lasentinelle.dz\\\/index.php\\\/2025\\\/10\\\/22\\\/revision-du-systeme-des-festivals-et-du-soutien-aux-associations-culturelles-un-nouveau-chantier-lance\\\/#primaryimage\"},\"thumbnailUrl\":\"https:\\\/\\\/lasentinelle.dz\\\/wp-content\\\/uploads\\\/2025\\\/10\\\/bendouda-2.jpg\",\"datePublished\":\"2025-10-22T10:47:07+00:00\",\"dateModified\":\"2025-10-22T10:47:08+00:00\",\"breadcrumb\":{\"@id\":\"https:\\\/\\\/lasentinelle.dz\\\/index.php\\\/2025\\\/10\\\/22\\\/revision-du-systeme-des-festivals-et-du-soutien-aux-associations-culturelles-un-nouveau-chantier-lance\\\/#breadcrumb\"},\"inLanguage\":\"fr-FR\",\"potentialAction\":[{\"@type\":\"ReadAction\",\"target\":[\"https:\\\/\\\/lasentinelle.dz\\\/index.php\\\/2025\\\/10\\\/22\\\/revision-du-systeme-des-festivals-et-du-soutien-aux-associations-culturelles-un-nouveau-chantier-lance\\\/\"]}]},{\"@type\":\"ImageObject\",\"inLanguage\":\"fr-FR\",\"@id\":\"https:\\\/\\\/lasentinelle.dz\\\/index.php\\\/2025\\\/10\\\/22\\\/revision-du-systeme-des-festivals-et-du-soutien-aux-associations-culturelles-un-nouveau-chantier-lance\\\/#primaryimage\",\"url\":\"https:\\\/\\\/lasentinelle.dz\\\/wp-content\\\/uploads\\\/2025\\\/10\\\/bendouda-2.jpg\",\"contentUrl\":\"https:\\\/\\\/lasentinelle.dz\\\/wp-content\\\/uploads\\\/2025\\\/10\\\/bendouda-2.jpg\",\"width\":2048,\"height\":1422},{\"@type\":\"BreadcrumbList\",\"@id\":\"https:\\\/\\\/lasentinelle.dz\\\/index.php\\\/2025\\\/10\\\/22\\\/revision-du-systeme-des-festivals-et-du-soutien-aux-associations-culturelles-un-nouveau-chantier-lance\\\/#breadcrumb\",\"itemListElement\":[{\"@type\":\"ListItem\",\"position\":1,\"name\":\"Accueil\",\"item\":\"https:\\\/\\\/lasentinelle.dz\\\/\"},{\"@type\":\"ListItem\",\"position\":2,\"name\":\"R\u00e9vision du syst\u00e8me des festivals et du soutien aux associations culturelles\u00a0: Un nouveau chantier lanc\u00e9\"}]},{\"@type\":\"WebSite\",\"@id\":\"https:\\\/\\\/lasentinelle.dz\\\/#website\",\"url\":\"https:\\\/\\\/lasentinelle.dz\\\/\",\"name\":\"La Sentinelle\",\"description\":\"Quotidien national d&#039;information\",\"publisher\":{\"@id\":\"https:\\\/\\\/lasentinelle.dz\\\/#organization\"},\"potentialAction\":[{\"@type\":\"SearchAction\",\"target\":{\"@type\":\"EntryPoint\",\"urlTemplate\":\"https:\\\/\\\/lasentinelle.dz\\\/?s={search_term_string}\"},\"query-input\":{\"@type\":\"PropertyValueSpecification\",\"valueRequired\":true,\"valueName\":\"search_term_string\"}}],\"inLanguage\":\"fr-FR\"},{\"@type\":\"Organization\",\"@id\":\"https:\\\/\\\/lasentinelle.dz\\\/#organization\",\"name\":\"Quotidien La Sentinelle\",\"url\":\"https:\\\/\\\/lasentinelle.dz\\\/\",\"logo\":{\"@type\":\"ImageObject\",\"inLanguage\":\"fr-FR\",\"@id\":\"https:\\\/\\\/lasentinelle.dz\\\/#\\\/schema\\\/logo\\\/image\\\/\",\"url\":\"https:\\\/\\\/lasentinelle.dz\\\/wp-content\\\/uploads\\\/2021\\\/09\\\/logo-sentinelleSLOGAN-1.png\",\"contentUrl\":\"https:\\\/\\\/lasentinelle.dz\\\/wp-content\\\/uploads\\\/2021\\\/09\\\/logo-sentinelleSLOGAN-1.png\",\"width\":615,\"height\":142,\"caption\":\"Quotidien La Sentinelle\"},\"image\":{\"@id\":\"https:\\\/\\\/lasentinelle.dz\\\/#\\\/schema\\\/logo\\\/image\\\/\"},\"sameAs\":[\"https:\\\/\\\/www.facebook.com\\\/La-Sentinelle-104059864394773\"]},{\"@type\":\"Person\",\"@id\":\"https:\\\/\\\/lasentinelle.dz\\\/#\\\/schema\\\/person\\\/729ee0024f24e0b8c5ec17232f8e8b41\",\"name\":\"admin\",\"image\":{\"@type\":\"ImageObject\",\"inLanguage\":\"fr-FR\",\"@id\":\"https:\\\/\\\/secure.gravatar.com\\\/avatar\\\/4c81fed838786e9b53f540bf46533e750f5d292099ae3b66cfc6fb1982e29df7?s=96&d=mm&r=g\",\"url\":\"https:\\\/\\\/secure.gravatar.com\\\/avatar\\\/4c81fed838786e9b53f540bf46533e750f5d292099ae3b66cfc6fb1982e29df7?s=96&d=mm&r=g\",\"contentUrl\":\"https:\\\/\\\/secure.gravatar.com\\\/avatar\\\/4c81fed838786e9b53f540bf46533e750f5d292099ae3b66cfc6fb1982e29df7?s=96&d=mm&r=g\",\"caption\":\"admin\"},\"description\":\"admin\",\"url\":\"https:\\\/\\\/lasentinelle.dz\\\/author\\\/admin\\\/\"}]}<\/script>\n<!-- \/ Yoast SEO plugin. -->","yoast_head_json":{"title":"R\u00e9vision du syst\u00e8me des festivals et du soutien aux associations culturelles\u00a0: Un nouveau chantier lanc\u00e9 - La Sentinelle","robots":{"index":"index","follow":"follow","max-snippet":"max-snippet:-1","max-image-preview":"max-image-preview:large","max-video-preview":"max-video-preview:-1"},"canonical":"https:\/\/lasentinelle.dz\/index.php\/2025\/10\/22\/revision-du-systeme-des-festivals-et-du-soutien-aux-associations-culturelles-un-nouveau-chantier-lance\/","og_locale":"fr_FR","og_type":"article","og_title":"R\u00e9vision du syst\u00e8me des festivals et du soutien aux associations culturelles\u00a0: Un nouveau chantier lanc\u00e9 - La Sentinelle","og_description":"Dans le cadre d&rsquo;une r\u00e9forme globale de la politique culturelle, Malika Bendouda, ministre de la Culture et des Arts, a","og_url":"https:\/\/lasentinelle.dz\/index.php\/2025\/10\/22\/revision-du-systeme-des-festivals-et-du-soutien-aux-associations-culturelles-un-nouveau-chantier-lance\/","og_site_name":"La Sentinelle","article_publisher":"https:\/\/www.facebook.com\/La-Sentinelle-104059864394773","article_published_time":"2025-10-22T10:47:07+00:00","article_modified_time":"2025-10-22T10:47:08+00:00","og_image":[{"width":2048,"height":1422,"url":"https:\/\/lasentinelle.dz\/wp-content\/uploads\/2025\/10\/bendouda-2.jpg","type":"image\/jpeg"}],"author":"admin","twitter_card":"summary_large_image","twitter_misc":{"\u00c9crit par":"admin","Dur\u00e9e de lecture estim\u00e9e":"4 minutes"},"schema":{"@context":"https:\/\/schema.org","@graph":[{"@type":"Article","@id":"https:\/\/lasentinelle.dz\/index.php\/2025\/10\/22\/revision-du-systeme-des-festivals-et-du-soutien-aux-associations-culturelles-un-nouveau-chantier-lance\/#article","isPartOf":{"@id":"https:\/\/lasentinelle.dz\/index.php\/2025\/10\/22\/revision-du-systeme-des-festivals-et-du-soutien-aux-associations-culturelles-un-nouveau-chantier-lance\/"},"author":{"name":"admin","@id":"https:\/\/lasentinelle.dz\/#\/schema\/person\/729ee0024f24e0b8c5ec17232f8e8b41"},"headline":"R\u00e9vision du syst\u00e8me des festivals et du soutien aux associations culturelles\u00a0: Un nouveau chantier lanc\u00e9","datePublished":"2025-10-22T10:47:07+00:00","dateModified":"2025-10-22T10:47:08+00:00","mainEntityOfPage":{"@id":"https:\/\/lasentinelle.dz\/index.php\/2025\/10\/22\/revision-du-systeme-des-festivals-et-du-soutien-aux-associations-culturelles-un-nouveau-chantier-lance\/"},"wordCount":644,"commentCount":0,"publisher":{"@id":"https:\/\/lasentinelle.dz\/#organization"},"image":{"@id":"https:\/\/lasentinelle.dz\/index.php\/2025\/10\/22\/revision-du-systeme-des-festivals-et-du-soutien-aux-associations-culturelles-un-nouveau-chantier-lance\/#primaryimage"},"thumbnailUrl":"https:\/\/lasentinelle.dz\/wp-content\/uploads\/2025\/10\/bendouda-2.jpg","articleSection":["Culture"],"inLanguage":"fr-FR","potentialAction":[{"@type":"CommentAction","name":"Comment","target":["https:\/\/lasentinelle.dz\/index.php\/2025\/10\/22\/revision-du-systeme-des-festivals-et-du-soutien-aux-associations-culturelles-un-nouveau-chantier-lance\/#respond"]}]},{"@type":"WebPage","@id":"https:\/\/lasentinelle.dz\/index.php\/2025\/10\/22\/revision-du-systeme-des-festivals-et-du-soutien-aux-associations-culturelles-un-nouveau-chantier-lance\/","url":"https:\/\/lasentinelle.dz\/index.php\/2025\/10\/22\/revision-du-systeme-des-festivals-et-du-soutien-aux-associations-culturelles-un-nouveau-chantier-lance\/","name":"R\u00e9vision du syst\u00e8me des festivals et du soutien aux associations culturelles\u00a0: Un nouveau chantier lanc\u00e9 - La Sentinelle","isPartOf":{"@id":"https:\/\/lasentinelle.dz\/#website"},"primaryImageOfPage":{"@id":"https:\/\/lasentinelle.dz\/index.php\/2025\/10\/22\/revision-du-systeme-des-festivals-et-du-soutien-aux-associations-culturelles-un-nouveau-chantier-lance\/#primaryimage"},"image":{"@id":"https:\/\/lasentinelle.dz\/index.php\/2025\/10\/22\/revision-du-systeme-des-festivals-et-du-soutien-aux-associations-culturelles-un-nouveau-chantier-lance\/#primaryimage"},"thumbnailUrl":"https:\/\/lasentinelle.dz\/wp-content\/uploads\/2025\/10\/bendouda-2.jpg","datePublished":"2025-10-22T10:47:07+00:00","dateModified":"2025-10-22T10:47:08+00:00","breadcrumb":{"@id":"https:\/\/lasentinelle.dz\/index.php\/2025\/10\/22\/revision-du-systeme-des-festivals-et-du-soutien-aux-associations-culturelles-un-nouveau-chantier-lance\/#breadcrumb"},"inLanguage":"fr-FR","potentialAction":[{"@type":"ReadAction","target":["https:\/\/lasentinelle.dz\/index.php\/2025\/10\/22\/revision-du-systeme-des-festivals-et-du-soutien-aux-associations-culturelles-un-nouveau-chantier-lance\/"]}]},{"@type":"ImageObject","inLanguage":"fr-FR","@id":"https:\/\/lasentinelle.dz\/index.php\/2025\/10\/22\/revision-du-systeme-des-festivals-et-du-soutien-aux-associations-culturelles-un-nouveau-chantier-lance\/#primaryimage","url":"https:\/\/lasentinelle.dz\/wp-content\/uploads\/2025\/10\/bendouda-2.jpg","contentUrl":"https:\/\/lasentinelle.dz\/wp-content\/uploads\/2025\/10\/bendouda-2.jpg","width":2048,"height":1422},{"@type":"BreadcrumbList","@id":"https:\/\/lasentinelle.dz\/index.php\/2025\/10\/22\/revision-du-systeme-des-festivals-et-du-soutien-aux-associations-culturelles-un-nouveau-chantier-lance\/#breadcrumb","itemListElement":[{"@type":"ListItem","position":1,"name":"Accueil","item":"https:\/\/lasentinelle.dz\/"},{"@type":"ListItem","position":2,"name":"R\u00e9vision du syst\u00e8me des festivals et du soutien aux associations culturelles\u00a0: Un nouveau chantier lanc\u00e9"}]},{"@type":"WebSite","@id":"https:\/\/lasentinelle.dz\/#website","url":"https:\/\/lasentinelle.dz\/","name":"La Sentinelle","description":"Quotidien national d&#039;information","publisher":{"@id":"https:\/\/lasentinelle.dz\/#organization"},"potentialAction":[{"@type":"SearchAction","target":{"@type":"EntryPoint","urlTemplate":"https:\/\/lasentinelle.dz\/?s={search_term_string}"},"query-input":{"@type":"PropertyValueSpecification","valueRequired":true,"valueName":"search_term_string"}}],"inLanguage":"fr-FR"},{"@type":"Organization","@id":"https:\/\/lasentinelle.dz\/#organization","name":"Quotidien La Sentinelle","url":"https:\/\/lasentinelle.dz\/","logo":{"@type":"ImageObject","inLanguage":"fr-FR","@id":"https:\/\/lasentinelle.dz\/#\/schema\/logo\/image\/","url":"https:\/\/lasentinelle.dz\/wp-content\/uploads\/2021\/09\/logo-sentinelleSLOGAN-1.png","contentUrl":"https:\/\/lasentinelle.dz\/wp-content\/uploads\/2021\/09\/logo-sentinelleSLOGAN-1.png","width":615,"height":142,"caption":"Quotidien La Sentinelle"},"image":{"@id":"https:\/\/lasentinelle.dz\/#\/schema\/logo\/image\/"},"sameAs":["https:\/\/www.facebook.com\/La-Sentinelle-104059864394773"]},{"@type":"Person","@id":"https:\/\/lasentinelle.dz\/#\/schema\/person\/729ee0024f24e0b8c5ec17232f8e8b41","name":"admin","image":{"@type":"ImageObject","inLanguage":"fr-FR","@id":"https:\/\/secure.gravatar.com\/avatar\/4c81fed838786e9b53f540bf46533e750f5d292099ae3b66cfc6fb1982e29df7?s=96&d=mm&r=g","url":"https:\/\/secure.gravatar.com\/avatar\/4c81fed838786e9b53f540bf46533e750f5d292099ae3b66cfc6fb1982e29df7?s=96&d=mm&r=g","contentUrl":"https:\/\/secure.gravatar.com\/avatar\/4c81fed838786e9b53f540bf46533e750f5d292099ae3b66cfc6fb1982e29df7?s=96&d=mm&r=g","caption":"admin"},"description":"admin","url":"https:\/\/lasentinelle.dz\/author\/admin\/"}]}},"_links":{"self":[{"href":"https:\/\/lasentinelle.dz\/index.php\/wp-json\/wp\/v2\/posts\/75069","targetHints":{"allow":["GET"]}}],"collection":[{"href":"https:\/\/lasentinelle.dz\/index.php\/wp-json\/wp\/v2\/posts"}],"about":[{"href":"https:\/\/lasentinelle.dz\/index.php\/wp-json\/wp\/v2\/types\/post"}],"author":[{"embeddable":true,"href":"https:\/\/lasentinelle.dz\/index.php\/wp-json\/wp\/v2\/users\/6"}],"replies":[{"embeddable":true,"href":"https:\/\/lasentinelle.dz\/index.php\/wp-json\/wp\/v2\/comments?post=75069"}],"version-history":[{"count":1,"href":"https:\/\/lasentinelle.dz\/index.php\/wp-json\/wp\/v2\/posts\/75069\/revisions"}],"predecessor-version":[{"id":75071,"href":"https:\/\/lasentinelle.dz\/index.php\/wp-json\/wp\/v2\/posts\/75069\/revisions\/75071"}],"wp:featuredmedia":[{"embeddable":true,"href":"https:\/\/lasentinelle.dz\/index.php\/wp-json\/wp\/v2\/media\/75070"}],"wp:attachment":[{"href":"https:\/\/lasentinelle.dz\/index.php\/wp-json\/wp\/v2\/media?parent=75069"}],"wp:term":[{"taxonomy":"category","embeddable":true,"href":"https:\/\/lasentinelle.dz\/index.php\/wp-json\/wp\/v2\/categories?post=75069"},{"taxonomy":"post_tag","embeddable":true,"href":"https:\/\/lasentinelle.dz\/index.php\/wp-json\/wp\/v2\/tags?post=75069"}],"curies":[{"name":"wp","href":"https:\/\/api.w.org\/{rel}","templated":true}]}}