{"id":75072,"date":"2025-10-22T11:48:53","date_gmt":"2025-10-22T10:48:53","guid":{"rendered":"https:\/\/lasentinelle.dz\/?p=75072"},"modified":"2025-10-22T11:48:54","modified_gmt":"2025-10-22T10:48:54","slug":"sport-scolaire-et-universitaire-sadi-prone-une-ouverture-massive-des-infrastructures-sportives","status":"publish","type":"post","link":"https:\/\/lasentinelle.dz\/index.php\/2025\/10\/22\/sport-scolaire-et-universitaire-sadi-prone-une-ouverture-massive-des-infrastructures-sportives\/","title":{"rendered":"Sport scolaire et universitaire\u00a0: Sadi pr\u00f4ne une ouverture massive des infrastructures sportives"},"content":{"rendered":"\n<p>Le ministre des Sports, Walid Sadi, a appel\u00e9 mardi depuis Sidi Bel-Abb\u00e8s \u00e0 une gestion optimale des infrastructures sportives et \u00e0 leur ouverture syst\u00e9matique aux \u00e9tablissements scolaires, universitaires et aux centres de formation professionnelle, insistant sur la n\u00e9cessit\u00e9 de transformer ces espaces en v\u00e9ritables p\u00f4les de d\u00e9tection et d&rsquo;encadrement des jeunes talents dans le cadre d&rsquo;une strat\u00e9gie nationale visant \u00e0 d\u00e9velopper la pratique sportive de base d\u00e8s le plus jeune \u00e2ge. Cette d\u00e9claration intervient lors d&rsquo;une tourn\u00e9e d&rsquo;inspection dans l&rsquo;ouest du pays qui a \u00e9galement conduit le ministre \u00e0 Sa\u00efda o\u00f9 il a r\u00e9affirm\u00e9 l&rsquo;engagement de l&rsquo;\u00c9tat \u00e0 soutenir l&rsquo;inclusion sportive des personnes aux besoins sp\u00e9cifiques. Lors de sa visite dans la wilaya de Sidi Bel-Abb\u00e8s, le ministre a martel\u00e9 un principe fondamental pour le d\u00e9veloppement du sport alg\u00e9rien. \u00ab\u00a0Le d\u00e9veloppement de la pratique sportive de base commence \u00e0 l&rsquo;\u00e9cole et \u00e0 l&rsquo;universit\u00e9, ce qui n\u00e9cessite une synergie entre les diff\u00e9rents secteurs\u00a0\u00bb, a-t-il d\u00e9clar\u00e9, appelant \u00e0 \u00ab\u00a0la mise en \u0153uvre imm\u00e9diate de cette vision sur le terrain\u00a0\u00bb. Le ministre a insist\u00e9 sur le fait que la prochaine \u00e9tape exige une gestion optimale de ces infrastructures qui doivent devenir des lieux vivants, ouverts et profitables \u00e0 la formation des futurs champions. Dans le cadre de cette visite de travail, Walid Sadi a proc\u00e9d\u00e9 \u00e0 la pose de la premi\u00e8re pierre d&rsquo;un projet de piscine de proximit\u00e9 dans la commune de Tenira, donnant des instructions fermes pour l&rsquo;acc\u00e9l\u00e9ration du rythme des travaux tout en insistant sur le respect rigoureux des normes de qualit\u00e9. Cette infrastructure de proximit\u00e9 s&rsquo;inscrit dans une logique d&rsquo;accessibilit\u00e9 du sport pour tous, permettant aux populations locales de b\u00e9n\u00e9ficier d&rsquo;\u00e9quipements modernes sans avoir \u00e0 se d\u00e9placer vers les grandes agglom\u00e9rations. Le ministre a \u00e9galement inaugur\u00e9 une piscine semi-olympique dans le chef-lieu de la wilaya, soulignant l&rsquo;importance capitale de son exploitation pour le d\u00e9veloppement des sports nautiques et l&rsquo;intensification des comp\u00e9titions locales et r\u00e9gionales qui constituent le terreau des futurs champions nationaux.<\/p>\n\n\n\n<p>Dans la foul\u00e9e de cette inauguration, le ministre des Sports a lanc\u00e9 un appel concret aux responsables locaux en demandant la cr\u00e9ation d&rsquo;une ligue de wilaya de natation \u00e0 Sidi Bel-Abb\u00e8s. Cette structure permettra de soutenir les jeunes sportifs, d&rsquo;accompagner les talents locaux et de leur offrir les conditions n\u00e9cessaires pour acqu\u00e9rir de l&rsquo;exp\u00e9rience et atteindre des r\u00e9sultats probants au niveau national et international. Le ministre a profit\u00e9 de cette occasion pour rappeler l&rsquo;engagement continu de l&rsquo;\u00c9tat dans le secteur sportif. \u00ab\u00a0L&rsquo;\u00c9tat poursuit son investissement dans le secteur du sport en mettant \u00e0 disposition des infrastructures de qualit\u00e9 au profit de la jeunesse\u00a0\u00bb, a affirm\u00e9 Walid Sadi, pr\u00e9cisant que \u00ab\u00a0ces projets s&rsquo;inscrivent dans le cadre d&rsquo;une strat\u00e9gie nationale visant \u00e0 promouvoir la pratique sportive, d\u00e9tecter les jeunes potentiels et les accompagner vers l&rsquo;\u00e9lite nationale\u00a0\u00bb. Cette vision strat\u00e9gique place le sport comme un investissement dans la jeunesse et non comme une simple d\u00e9pense budg\u00e9taire, reconnaissant ainsi son r\u00f4le social, \u00e9ducatif et sanitaire fondamental. La veille, lundi \u00e0 Sa\u00efda, Walid Sadi avait plac\u00e9 sa visite sous le signe de l&rsquo;inclusion en participant \u00e0 l&rsquo;ouverture des Jeux olympiques nationaux des personnes aux besoins sp\u00e9cifiques \u00e0 la salle omnisports Ahmed Hamada. En pr\u00e9sence de la ministre de la Solidarit\u00e9 nationale, de la Famille et de la Condition de la femme, Soraya Mouloudji, le ministre des Sports a r\u00e9affirm\u00e9 que \u00ab\u00a0l&rsquo;\u00c9tat est pleinement engag\u00e9 \u00e0 soutenir toutes les initiatives qui renforcent l&rsquo;int\u00e9gration sportive et sociale des personnes aux besoins sp\u00e9cifiques \u00e0 travers tout le territoire national, dans le but de faire \u00e9clore leurs talents et capacit\u00e9s\u00a0\u00bb. Il a ajout\u00e9 que son d\u00e9partement minist\u00e9riel est d\u00e9termin\u00e9 \u00e0 accompagner ces athl\u00e8tes sur le terrain en vue d&rsquo;enregistrer davantage de performances positives et de titres continentaux et mondiaux pour hisser haut les couleurs nationales. Le ministre a d\u00e9taill\u00e9 sa vision politique en la mati\u00e8re en d\u00e9clarant : \u00ab\u00a0Nous \u0153uvrons \u00e0 mettre en \u0153uvre une politique sectorielle claire visant \u00e0 g\u00e9n\u00e9raliser la pratique sportive, d\u00e9velopper les infrastructures, former les encadreurs et \u00e0 cr\u00e9er des conditions adapt\u00e9es permettant aux personnes aux besoins sp\u00e9cifiques de pratiquer des activit\u00e9s sportives dans un environnement favorable \u00e0 l&rsquo;\u00e9panouissement de leurs comp\u00e9tences\u00a0\u00bb. Selon lui, ce rendez-vous sportif s&rsquo;inscrit dans le cadre des orientations du pr\u00e9sident de la R\u00e9publique, Abdelmadjid Tebboune, qui visent \u00e0 consacrer le principe de l&rsquo;\u00e9galit\u00e9 des chances dans tous les domaines et \u00e0 renforcer l&rsquo;inclusion sportive et sociale de toutes les cat\u00e9gories de la soci\u00e9t\u00e9 sans exception.<\/p>\n\n\n\n<p>Cette manifestation organis\u00e9e par l&rsquo;Association sportive nationale des handicap\u00e9s mentaux sous le slogan \u00ab\u00a0L&rsquo;athl\u00e8te d&rsquo;aujourd&rsquo;hui, le champion de demain\u00a0\u00bb a regroup\u00e9 plus de 300 athl\u00e8tes venus de 16 wilayas qui se sont affront\u00e9s durant 3 jours dans diverses disciplines comme le basket-ball, l&rsquo;athl\u00e9tisme et les sports aquatiques.<\/p>\n\n\n\n<p>M.D.<\/p>\n","protected":false},"excerpt":{"rendered":"<p>Le ministre des Sports, Walid Sadi, a appel\u00e9 mardi depuis Sidi Bel-Abb\u00e8s \u00e0 une gestion optimale des infrastructures sportives et<\/p>\n","protected":false},"author":6,"featured_media":65741,"comment_status":"open","ping_status":"closed","sticky":false,"template":"","format":"standard","meta":{"colormag_page_container_layout":"default_layout","colormag_page_sidebar_layout":"default_layout","om_disable_all_campaigns":false,"_monsterinsights_skip_tracking":false,"_monsterinsights_sitenote_active":false,"_monsterinsights_sitenote_note":"","_monsterinsights_sitenote_category":0,"footnotes":"","_wpscppro_dont_share_socialmedia":false,"_wpscppro_custom_social_share_image":0,"_facebook_share_type":"default","_twitter_share_type":"default","_linkedin_share_type":"default","_pinterest_share_type":"default","_linkedin_share_type_page":"","_instagram_share_type":"default","_medium_share_type":"default","_threads_share_type":"default","_google_business_share_type":"default","_selected_social_profile":[],"_wpsp_enable_custom_social_template":false,"_wpsp_social_scheduling":{"enabled":false,"datetime":null,"platforms":[],"status":"template_only","dateOption":"today","timeOption":"now","customDays":"","customHours":"","customDate":"","customTime":"","schedulingType":"absolute"},"_wpsp_active_default_template":true},"categories":[33],"tags":[],"class_list":["post-75072","post","type-post","status-publish","format-standard","has-post-thumbnail","hentry","category-sports"],"aioseo_notices":[],"yoast_head":"<!-- This site is optimized with the Yoast SEO plugin v27.5 - https:\/\/yoast.com\/product\/yoast-seo-wordpress\/ -->\n<title>Sport scolaire et universitaire\u00a0: Sadi pr\u00f4ne une ouverture massive des infrastructures sportives - La Sentinelle<\/title>\n<meta name=\"robots\" content=\"index, follow, max-snippet:-1, max-image-preview:large, max-video-preview:-1\" \/>\n<link rel=\"canonical\" href=\"https:\/\/lasentinelle.dz\/index.php\/2025\/10\/22\/sport-scolaire-et-universitaire-sadi-prone-une-ouverture-massive-des-infrastructures-sportives\/\" \/>\n<meta property=\"og:locale\" content=\"fr_FR\" \/>\n<meta property=\"og:type\" content=\"article\" \/>\n<meta property=\"og:title\" content=\"Sport scolaire et universitaire\u00a0: Sadi pr\u00f4ne une ouverture massive des infrastructures sportives - La Sentinelle\" \/>\n<meta property=\"og:description\" content=\"Le ministre des Sports, Walid Sadi, a appel\u00e9 mardi depuis Sidi Bel-Abb\u00e8s \u00e0 une gestion optimale des infrastructures sportives et\" \/>\n<meta property=\"og:url\" content=\"https:\/\/lasentinelle.dz\/index.php\/2025\/10\/22\/sport-scolaire-et-universitaire-sadi-prone-une-ouverture-massive-des-infrastructures-sportives\/\" \/>\n<meta property=\"og:site_name\" content=\"La Sentinelle\" \/>\n<meta property=\"article:publisher\" content=\"https:\/\/www.facebook.com\/La-Sentinelle-104059864394773\" \/>\n<meta property=\"article:published_time\" content=\"2025-10-22T10:48:53+00:00\" \/>\n<meta property=\"article:modified_time\" content=\"2025-10-22T10:48:54+00:00\" \/>\n<meta property=\"og:image\" content=\"https:\/\/lasentinelle.dz\/wp-content\/uploads\/2025\/04\/Walid-Sadi-.jpg\" \/>\n\t<meta property=\"og:image:width\" content=\"1280\" \/>\n\t<meta property=\"og:image:height\" content=\"720\" \/>\n\t<meta property=\"og:image:type\" content=\"image\/jpeg\" \/>\n<meta name=\"author\" content=\"admin\" \/>\n<meta name=\"twitter:card\" content=\"summary_large_image\" \/>\n<meta name=\"twitter:label1\" content=\"\u00c9crit par\" \/>\n\t<meta name=\"twitter:data1\" content=\"admin\" \/>\n\t<meta name=\"twitter:label2\" content=\"Dur\u00e9e de lecture estim\u00e9e\" \/>\n\t<meta name=\"twitter:data2\" content=\"5 minutes\" \/>\n<script type=\"application\/ld+json\" class=\"yoast-schema-graph\">{\"@context\":\"https:\\\/\\\/schema.org\",\"@graph\":[{\"@type\":\"Article\",\"@id\":\"https:\\\/\\\/lasentinelle.dz\\\/index.php\\\/2025\\\/10\\\/22\\\/sport-scolaire-et-universitaire-sadi-prone-une-ouverture-massive-des-infrastructures-sportives\\\/#article\",\"isPartOf\":{\"@id\":\"https:\\\/\\\/lasentinelle.dz\\\/index.php\\\/2025\\\/10\\\/22\\\/sport-scolaire-et-universitaire-sadi-prone-une-ouverture-massive-des-infrastructures-sportives\\\/\"},\"author\":{\"name\":\"admin\",\"@id\":\"https:\\\/\\\/lasentinelle.dz\\\/#\\\/schema\\\/person\\\/729ee0024f24e0b8c5ec17232f8e8b41\"},\"headline\":\"Sport scolaire et universitaire\u00a0: Sadi pr\u00f4ne une ouverture massive des infrastructures sportives\",\"datePublished\":\"2025-10-22T10:48:53+00:00\",\"dateModified\":\"2025-10-22T10:48:54+00:00\",\"mainEntityOfPage\":{\"@id\":\"https:\\\/\\\/lasentinelle.dz\\\/index.php\\\/2025\\\/10\\\/22\\\/sport-scolaire-et-universitaire-sadi-prone-une-ouverture-massive-des-infrastructures-sportives\\\/\"},\"wordCount\":878,\"commentCount\":0,\"publisher\":{\"@id\":\"https:\\\/\\\/lasentinelle.dz\\\/#organization\"},\"image\":{\"@id\":\"https:\\\/\\\/lasentinelle.dz\\\/index.php\\\/2025\\\/10\\\/22\\\/sport-scolaire-et-universitaire-sadi-prone-une-ouverture-massive-des-infrastructures-sportives\\\/#primaryimage\"},\"thumbnailUrl\":\"https:\\\/\\\/lasentinelle.dz\\\/wp-content\\\/uploads\\\/2025\\\/04\\\/Walid-Sadi-.jpg\",\"articleSection\":[\"Sports\"],\"inLanguage\":\"fr-FR\",\"potentialAction\":[{\"@type\":\"CommentAction\",\"name\":\"Comment\",\"target\":[\"https:\\\/\\\/lasentinelle.dz\\\/index.php\\\/2025\\\/10\\\/22\\\/sport-scolaire-et-universitaire-sadi-prone-une-ouverture-massive-des-infrastructures-sportives\\\/#respond\"]}]},{\"@type\":\"WebPage\",\"@id\":\"https:\\\/\\\/lasentinelle.dz\\\/index.php\\\/2025\\\/10\\\/22\\\/sport-scolaire-et-universitaire-sadi-prone-une-ouverture-massive-des-infrastructures-sportives\\\/\",\"url\":\"https:\\\/\\\/lasentinelle.dz\\\/index.php\\\/2025\\\/10\\\/22\\\/sport-scolaire-et-universitaire-sadi-prone-une-ouverture-massive-des-infrastructures-sportives\\\/\",\"name\":\"Sport scolaire et universitaire\u00a0: Sadi pr\u00f4ne une ouverture massive des infrastructures sportives - La Sentinelle\",\"isPartOf\":{\"@id\":\"https:\\\/\\\/lasentinelle.dz\\\/#website\"},\"primaryImageOfPage\":{\"@id\":\"https:\\\/\\\/lasentinelle.dz\\\/index.php\\\/2025\\\/10\\\/22\\\/sport-scolaire-et-universitaire-sadi-prone-une-ouverture-massive-des-infrastructures-sportives\\\/#primaryimage\"},\"image\":{\"@id\":\"https:\\\/\\\/lasentinelle.dz\\\/index.php\\\/2025\\\/10\\\/22\\\/sport-scolaire-et-universitaire-sadi-prone-une-ouverture-massive-des-infrastructures-sportives\\\/#primaryimage\"},\"thumbnailUrl\":\"https:\\\/\\\/lasentinelle.dz\\\/wp-content\\\/uploads\\\/2025\\\/04\\\/Walid-Sadi-.jpg\",\"datePublished\":\"2025-10-22T10:48:53+00:00\",\"dateModified\":\"2025-10-22T10:48:54+00:00\",\"breadcrumb\":{\"@id\":\"https:\\\/\\\/lasentinelle.dz\\\/index.php\\\/2025\\\/10\\\/22\\\/sport-scolaire-et-universitaire-sadi-prone-une-ouverture-massive-des-infrastructures-sportives\\\/#breadcrumb\"},\"inLanguage\":\"fr-FR\",\"potentialAction\":[{\"@type\":\"ReadAction\",\"target\":[\"https:\\\/\\\/lasentinelle.dz\\\/index.php\\\/2025\\\/10\\\/22\\\/sport-scolaire-et-universitaire-sadi-prone-une-ouverture-massive-des-infrastructures-sportives\\\/\"]}]},{\"@type\":\"ImageObject\",\"inLanguage\":\"fr-FR\",\"@id\":\"https:\\\/\\\/lasentinelle.dz\\\/index.php\\\/2025\\\/10\\\/22\\\/sport-scolaire-et-universitaire-sadi-prone-une-ouverture-massive-des-infrastructures-sportives\\\/#primaryimage\",\"url\":\"https:\\\/\\\/lasentinelle.dz\\\/wp-content\\\/uploads\\\/2025\\\/04\\\/Walid-Sadi-.jpg\",\"contentUrl\":\"https:\\\/\\\/lasentinelle.dz\\\/wp-content\\\/uploads\\\/2025\\\/04\\\/Walid-Sadi-.jpg\",\"width\":1280,\"height\":720},{\"@type\":\"BreadcrumbList\",\"@id\":\"https:\\\/\\\/lasentinelle.dz\\\/index.php\\\/2025\\\/10\\\/22\\\/sport-scolaire-et-universitaire-sadi-prone-une-ouverture-massive-des-infrastructures-sportives\\\/#breadcrumb\",\"itemListElement\":[{\"@type\":\"ListItem\",\"position\":1,\"name\":\"Accueil\",\"item\":\"https:\\\/\\\/lasentinelle.dz\\\/\"},{\"@type\":\"ListItem\",\"position\":2,\"name\":\"Sport scolaire et universitaire\u00a0: Sadi pr\u00f4ne une ouverture massive des infrastructures sportives\"}]},{\"@type\":\"WebSite\",\"@id\":\"https:\\\/\\\/lasentinelle.dz\\\/#website\",\"url\":\"https:\\\/\\\/lasentinelle.dz\\\/\",\"name\":\"La Sentinelle\",\"description\":\"Quotidien national d&#039;information\",\"publisher\":{\"@id\":\"https:\\\/\\\/lasentinelle.dz\\\/#organization\"},\"potentialAction\":[{\"@type\":\"SearchAction\",\"target\":{\"@type\":\"EntryPoint\",\"urlTemplate\":\"https:\\\/\\\/lasentinelle.dz\\\/?s={search_term_string}\"},\"query-input\":{\"@type\":\"PropertyValueSpecification\",\"valueRequired\":true,\"valueName\":\"search_term_string\"}}],\"inLanguage\":\"fr-FR\"},{\"@type\":\"Organization\",\"@id\":\"https:\\\/\\\/lasentinelle.dz\\\/#organization\",\"name\":\"Quotidien La Sentinelle\",\"url\":\"https:\\\/\\\/lasentinelle.dz\\\/\",\"logo\":{\"@type\":\"ImageObject\",\"inLanguage\":\"fr-FR\",\"@id\":\"https:\\\/\\\/lasentinelle.dz\\\/#\\\/schema\\\/logo\\\/image\\\/\",\"url\":\"https:\\\/\\\/lasentinelle.dz\\\/wp-content\\\/uploads\\\/2021\\\/09\\\/logo-sentinelleSLOGAN-1.png\",\"contentUrl\":\"https:\\\/\\\/lasentinelle.dz\\\/wp-content\\\/uploads\\\/2021\\\/09\\\/logo-sentinelleSLOGAN-1.png\",\"width\":615,\"height\":142,\"caption\":\"Quotidien La Sentinelle\"},\"image\":{\"@id\":\"https:\\\/\\\/lasentinelle.dz\\\/#\\\/schema\\\/logo\\\/image\\\/\"},\"sameAs\":[\"https:\\\/\\\/www.facebook.com\\\/La-Sentinelle-104059864394773\"]},{\"@type\":\"Person\",\"@id\":\"https:\\\/\\\/lasentinelle.dz\\\/#\\\/schema\\\/person\\\/729ee0024f24e0b8c5ec17232f8e8b41\",\"name\":\"admin\",\"image\":{\"@type\":\"ImageObject\",\"inLanguage\":\"fr-FR\",\"@id\":\"https:\\\/\\\/secure.gravatar.com\\\/avatar\\\/4c81fed838786e9b53f540bf46533e750f5d292099ae3b66cfc6fb1982e29df7?s=96&d=mm&r=g\",\"url\":\"https:\\\/\\\/secure.gravatar.com\\\/avatar\\\/4c81fed838786e9b53f540bf46533e750f5d292099ae3b66cfc6fb1982e29df7?s=96&d=mm&r=g\",\"contentUrl\":\"https:\\\/\\\/secure.gravatar.com\\\/avatar\\\/4c81fed838786e9b53f540bf46533e750f5d292099ae3b66cfc6fb1982e29df7?s=96&d=mm&r=g\",\"caption\":\"admin\"},\"description\":\"admin\",\"url\":\"https:\\\/\\\/lasentinelle.dz\\\/author\\\/admin\\\/\"}]}<\/script>\n<!-- \/ Yoast SEO plugin. -->","yoast_head_json":{"title":"Sport scolaire et universitaire\u00a0: Sadi pr\u00f4ne une ouverture massive des infrastructures sportives - La Sentinelle","robots":{"index":"index","follow":"follow","max-snippet":"max-snippet:-1","max-image-preview":"max-image-preview:large","max-video-preview":"max-video-preview:-1"},"canonical":"https:\/\/lasentinelle.dz\/index.php\/2025\/10\/22\/sport-scolaire-et-universitaire-sadi-prone-une-ouverture-massive-des-infrastructures-sportives\/","og_locale":"fr_FR","og_type":"article","og_title":"Sport scolaire et universitaire\u00a0: Sadi pr\u00f4ne une ouverture massive des infrastructures sportives - La Sentinelle","og_description":"Le ministre des Sports, Walid Sadi, a appel\u00e9 mardi depuis Sidi Bel-Abb\u00e8s \u00e0 une gestion optimale des infrastructures sportives et","og_url":"https:\/\/lasentinelle.dz\/index.php\/2025\/10\/22\/sport-scolaire-et-universitaire-sadi-prone-une-ouverture-massive-des-infrastructures-sportives\/","og_site_name":"La Sentinelle","article_publisher":"https:\/\/www.facebook.com\/La-Sentinelle-104059864394773","article_published_time":"2025-10-22T10:48:53+00:00","article_modified_time":"2025-10-22T10:48:54+00:00","og_image":[{"width":1280,"height":720,"url":"https:\/\/lasentinelle.dz\/wp-content\/uploads\/2025\/04\/Walid-Sadi-.jpg","type":"image\/jpeg"}],"author":"admin","twitter_card":"summary_large_image","twitter_misc":{"\u00c9crit par":"admin","Dur\u00e9e de lecture estim\u00e9e":"5 minutes"},"schema":{"@context":"https:\/\/schema.org","@graph":[{"@type":"Article","@id":"https:\/\/lasentinelle.dz\/index.php\/2025\/10\/22\/sport-scolaire-et-universitaire-sadi-prone-une-ouverture-massive-des-infrastructures-sportives\/#article","isPartOf":{"@id":"https:\/\/lasentinelle.dz\/index.php\/2025\/10\/22\/sport-scolaire-et-universitaire-sadi-prone-une-ouverture-massive-des-infrastructures-sportives\/"},"author":{"name":"admin","@id":"https:\/\/lasentinelle.dz\/#\/schema\/person\/729ee0024f24e0b8c5ec17232f8e8b41"},"headline":"Sport scolaire et universitaire\u00a0: Sadi pr\u00f4ne une ouverture massive des infrastructures sportives","datePublished":"2025-10-22T10:48:53+00:00","dateModified":"2025-10-22T10:48:54+00:00","mainEntityOfPage":{"@id":"https:\/\/lasentinelle.dz\/index.php\/2025\/10\/22\/sport-scolaire-et-universitaire-sadi-prone-une-ouverture-massive-des-infrastructures-sportives\/"},"wordCount":878,"commentCount":0,"publisher":{"@id":"https:\/\/lasentinelle.dz\/#organization"},"image":{"@id":"https:\/\/lasentinelle.dz\/index.php\/2025\/10\/22\/sport-scolaire-et-universitaire-sadi-prone-une-ouverture-massive-des-infrastructures-sportives\/#primaryimage"},"thumbnailUrl":"https:\/\/lasentinelle.dz\/wp-content\/uploads\/2025\/04\/Walid-Sadi-.jpg","articleSection":["Sports"],"inLanguage":"fr-FR","potentialAction":[{"@type":"CommentAction","name":"Comment","target":["https:\/\/lasentinelle.dz\/index.php\/2025\/10\/22\/sport-scolaire-et-universitaire-sadi-prone-une-ouverture-massive-des-infrastructures-sportives\/#respond"]}]},{"@type":"WebPage","@id":"https:\/\/lasentinelle.dz\/index.php\/2025\/10\/22\/sport-scolaire-et-universitaire-sadi-prone-une-ouverture-massive-des-infrastructures-sportives\/","url":"https:\/\/lasentinelle.dz\/index.php\/2025\/10\/22\/sport-scolaire-et-universitaire-sadi-prone-une-ouverture-massive-des-infrastructures-sportives\/","name":"Sport scolaire et universitaire\u00a0: Sadi pr\u00f4ne une ouverture massive des infrastructures sportives - La Sentinelle","isPartOf":{"@id":"https:\/\/lasentinelle.dz\/#website"},"primaryImageOfPage":{"@id":"https:\/\/lasentinelle.dz\/index.php\/2025\/10\/22\/sport-scolaire-et-universitaire-sadi-prone-une-ouverture-massive-des-infrastructures-sportives\/#primaryimage"},"image":{"@id":"https:\/\/lasentinelle.dz\/index.php\/2025\/10\/22\/sport-scolaire-et-universitaire-sadi-prone-une-ouverture-massive-des-infrastructures-sportives\/#primaryimage"},"thumbnailUrl":"https:\/\/lasentinelle.dz\/wp-content\/uploads\/2025\/04\/Walid-Sadi-.jpg","datePublished":"2025-10-22T10:48:53+00:00","dateModified":"2025-10-22T10:48:54+00:00","breadcrumb":{"@id":"https:\/\/lasentinelle.dz\/index.php\/2025\/10\/22\/sport-scolaire-et-universitaire-sadi-prone-une-ouverture-massive-des-infrastructures-sportives\/#breadcrumb"},"inLanguage":"fr-FR","potentialAction":[{"@type":"ReadAction","target":["https:\/\/lasentinelle.dz\/index.php\/2025\/10\/22\/sport-scolaire-et-universitaire-sadi-prone-une-ouverture-massive-des-infrastructures-sportives\/"]}]},{"@type":"ImageObject","inLanguage":"fr-FR","@id":"https:\/\/lasentinelle.dz\/index.php\/2025\/10\/22\/sport-scolaire-et-universitaire-sadi-prone-une-ouverture-massive-des-infrastructures-sportives\/#primaryimage","url":"https:\/\/lasentinelle.dz\/wp-content\/uploads\/2025\/04\/Walid-Sadi-.jpg","contentUrl":"https:\/\/lasentinelle.dz\/wp-content\/uploads\/2025\/04\/Walid-Sadi-.jpg","width":1280,"height":720},{"@type":"BreadcrumbList","@id":"https:\/\/lasentinelle.dz\/index.php\/2025\/10\/22\/sport-scolaire-et-universitaire-sadi-prone-une-ouverture-massive-des-infrastructures-sportives\/#breadcrumb","itemListElement":[{"@type":"ListItem","position":1,"name":"Accueil","item":"https:\/\/lasentinelle.dz\/"},{"@type":"ListItem","position":2,"name":"Sport scolaire et universitaire\u00a0: Sadi pr\u00f4ne une ouverture massive des infrastructures sportives"}]},{"@type":"WebSite","@id":"https:\/\/lasentinelle.dz\/#website","url":"https:\/\/lasentinelle.dz\/","name":"La Sentinelle","description":"Quotidien national d&#039;information","publisher":{"@id":"https:\/\/lasentinelle.dz\/#organization"},"potentialAction":[{"@type":"SearchAction","target":{"@type":"EntryPoint","urlTemplate":"https:\/\/lasentinelle.dz\/?s={search_term_string}"},"query-input":{"@type":"PropertyValueSpecification","valueRequired":true,"valueName":"search_term_string"}}],"inLanguage":"fr-FR"},{"@type":"Organization","@id":"https:\/\/lasentinelle.dz\/#organization","name":"Quotidien La Sentinelle","url":"https:\/\/lasentinelle.dz\/","logo":{"@type":"ImageObject","inLanguage":"fr-FR","@id":"https:\/\/lasentinelle.dz\/#\/schema\/logo\/image\/","url":"https:\/\/lasentinelle.dz\/wp-content\/uploads\/2021\/09\/logo-sentinelleSLOGAN-1.png","contentUrl":"https:\/\/lasentinelle.dz\/wp-content\/uploads\/2021\/09\/logo-sentinelleSLOGAN-1.png","width":615,"height":142,"caption":"Quotidien La Sentinelle"},"image":{"@id":"https:\/\/lasentinelle.dz\/#\/schema\/logo\/image\/"},"sameAs":["https:\/\/www.facebook.com\/La-Sentinelle-104059864394773"]},{"@type":"Person","@id":"https:\/\/lasentinelle.dz\/#\/schema\/person\/729ee0024f24e0b8c5ec17232f8e8b41","name":"admin","image":{"@type":"ImageObject","inLanguage":"fr-FR","@id":"https:\/\/secure.gravatar.com\/avatar\/4c81fed838786e9b53f540bf46533e750f5d292099ae3b66cfc6fb1982e29df7?s=96&d=mm&r=g","url":"https:\/\/secure.gravatar.com\/avatar\/4c81fed838786e9b53f540bf46533e750f5d292099ae3b66cfc6fb1982e29df7?s=96&d=mm&r=g","contentUrl":"https:\/\/secure.gravatar.com\/avatar\/4c81fed838786e9b53f540bf46533e750f5d292099ae3b66cfc6fb1982e29df7?s=96&d=mm&r=g","caption":"admin"},"description":"admin","url":"https:\/\/lasentinelle.dz\/author\/admin\/"}]}},"_links":{"self":[{"href":"https:\/\/lasentinelle.dz\/index.php\/wp-json\/wp\/v2\/posts\/75072","targetHints":{"allow":["GET"]}}],"collection":[{"href":"https:\/\/lasentinelle.dz\/index.php\/wp-json\/wp\/v2\/posts"}],"about":[{"href":"https:\/\/lasentinelle.dz\/index.php\/wp-json\/wp\/v2\/types\/post"}],"author":[{"embeddable":true,"href":"https:\/\/lasentinelle.dz\/index.php\/wp-json\/wp\/v2\/users\/6"}],"replies":[{"embeddable":true,"href":"https:\/\/lasentinelle.dz\/index.php\/wp-json\/wp\/v2\/comments?post=75072"}],"version-history":[{"count":1,"href":"https:\/\/lasentinelle.dz\/index.php\/wp-json\/wp\/v2\/posts\/75072\/revisions"}],"predecessor-version":[{"id":75073,"href":"https:\/\/lasentinelle.dz\/index.php\/wp-json\/wp\/v2\/posts\/75072\/revisions\/75073"}],"wp:featuredmedia":[{"embeddable":true,"href":"https:\/\/lasentinelle.dz\/index.php\/wp-json\/wp\/v2\/media\/65741"}],"wp:attachment":[{"href":"https:\/\/lasentinelle.dz\/index.php\/wp-json\/wp\/v2\/media?parent=75072"}],"wp:term":[{"taxonomy":"category","embeddable":true,"href":"https:\/\/lasentinelle.dz\/index.php\/wp-json\/wp\/v2\/categories?post=75072"},{"taxonomy":"post_tag","embeddable":true,"href":"https:\/\/lasentinelle.dz\/index.php\/wp-json\/wp\/v2\/tags?post=75072"}],"curies":[{"name":"wp","href":"https:\/\/api.w.org\/{rel}","templated":true}]}}