{"id":75074,"date":"2025-10-22T11:49:52","date_gmt":"2025-10-22T10:49:52","guid":{"rendered":"https:\/\/lasentinelle.dz\/?p=75074"},"modified":"2025-10-22T11:49:53","modified_gmt":"2025-10-22T10:49:53","slug":"mondiaux-de-gymnastique-a-jakarta-kaylia-nemour-en-finale","status":"publish","type":"post","link":"https:\/\/lasentinelle.dz\/index.php\/2025\/10\/22\/mondiaux-de-gymnastique-a-jakarta-kaylia-nemour-en-finale\/","title":{"rendered":"Mondiaux de gymnastique \u00e0 Jakarta\u00a0: Kaylia Nemour en finale"},"content":{"rendered":"\n<p>L&rsquo;Alg\u00e9rienne a d\u00e9montr\u00e9 une r\u00e9gularit\u00e9 remarquable sur l&rsquo;ensemble des 4 agr\u00e8s, confirmant qu&rsquo;elle ne se limite plus \u00e0 sa seule sp\u00e9cialit\u00e9 des barres asym\u00e9triques.<\/p>\n\n\n\n<p>La championne olympique alg\u00e9rienne Kaylia Nemour s&rsquo;est impos\u00e9e comme l&rsquo;une des grandes favorites pour le titre mondial du concours g\u00e9n\u00e9ral individuel en se qualifiant brillamment lundi \u00e0 la deuxi\u00e8me place des qualifications des Championnats du monde de gymnastique artistique qui se d\u00e9roulent \u00e0 Jakarta, en Indon\u00e9sie, avec un total impressionnant de 53,865 points. Cette performance \u00e9clatante la propulse directement dans le cercle restreint des pr\u00e9tendantes au sacre lors de la finale pr\u00e9vue jeudi dans la capitale indon\u00e9sienne. L&rsquo;Alg\u00e9rienne a d\u00e9montr\u00e9 une r\u00e9gularit\u00e9 remarquable sur l&rsquo;ensemble des 4 agr\u00e8s, confirmant qu&rsquo;elle ne se limite plus \u00e0 sa seule sp\u00e9cialit\u00e9 des barres asym\u00e9triques. Elle a obtenu 15,533 points aux barres asym\u00e9triques, son appareil de pr\u00e9dilection o\u00f9 elle a litt\u00e9ralement surclass\u00e9 la concurrence avec un score astronomique incluant 7,1 points de difficult\u00e9, 13,233 points \u00e0 la poutre, 12,666 points aux exercices au sol et 12,433 points au saut. Cette homog\u00e9n\u00e9it\u00e9 sur les 4 agr\u00e8s constitue un signal fort envoy\u00e9 \u00e0 ses adversaires et t\u00e9moigne d&rsquo;un travail consid\u00e9rable r\u00e9alis\u00e9 pour devenir une gymnaste compl\u00e8te capable de rivaliser au plus haut niveau mondial dans toutes les disciplines. Au classement g\u00e9n\u00e9ral des qualifications, Nemour n&rsquo;a \u00e9t\u00e9 devanc\u00e9e que par la Japonaise Aiko Sugihara qui totalise 54,099 points, tandis que l&rsquo;Allemande Karina Sch\u00f6nmaier compl\u00e8te provisoirement le podium avec 52,131 points. L&rsquo;\u00e9cart entre la premi\u00e8re et la deuxi\u00e8me place demeure minime, laissant tous les sc\u00e9narios ouverts pour la finale qui promet d&rsquo;\u00eatre disput\u00e9e. La performance de la repr\u00e9sentante alg\u00e9rienne constitue une v\u00e9ritable perc\u00e9e historique pour la gymnastique alg\u00e9rienne, qui voit ainsi l&rsquo;une de ses athl\u00e8tes acc\u00e9der \u00e0 une finale majeure de Championnats du monde, confirmant la dynamique positive enclench\u00e9e depuis son sacre olympique \u00e0 Paris en 2024. Aux classements par agr\u00e8s, Nemour domine \u00e9videmment et sans partage les barres asym\u00e9triques avec plus de 1,50 point d&rsquo;avance sur sa plus proche poursuivante, la N\u00e9erlandaise Naomi Visser, confirmant sa supr\u00e9matie absolue sur cet appareil o\u00f9 elle avait d\u00e9j\u00e0 d\u00e9croch\u00e9 l&rsquo;or olympique. Dans les autres sp\u00e9cialit\u00e9s, les Canadiennes Lia-Monica Fontaine et la v\u00e9t\u00e9rane Ellie Black occupent les premi\u00e8res places respectivement au saut avec 14,099 points et \u00e0 la poutre avec 13,466 points, tandis que la Japonaise Rina Kishi, finaliste olympique \u00e0 Paris sur l&rsquo;exercice au sol o\u00f9 elle avait termin\u00e9 7e, a obtenu la meilleure note au sol avec 13,566 points. La d\u00e9l\u00e9gation alg\u00e9rienne engag\u00e9e dans ces Mondiaux ne se limite pas \u00e0 sa star. Outre Nemour, la s\u00e9lection compte 6 autres repr\u00e9sentants qui tentent \u00e9galement de se distinguer sur la sc\u00e8ne internationale : Adem Koughat, Houssam-Eddine Hamdouche, Bilel Bellaoui, Youcef Semani et Ahmed Ryad Aliouet chez les messieurs, ainsi que Sihem Hamidi chez les dames. Au total, 483 gymnastes dont 279 hommes et 204 femmes, issus de 82 pays, prennent part \u00e0 ces Championnats du monde qui constituent le premier grand rendez-vous international majeur depuis les Jeux olympiques de Paris l&rsquo;ann\u00e9e derni\u00e8re. Ces Mondiaux 2025 se d\u00e9roulent selon un format classique avec une phase de qualification ouverte \u00e0 de nombreux pays, puis des finales par engin et par concours g\u00e9n\u00e9ral. Pour la finale du concours complet f\u00e9minin, les 24 meilleures gymnastes issues des qualifications sont retenues avec un maximum de 2 repr\u00e9sentantes par nation.<\/p>\n\n\n\n<p>M. Dahleb<\/p>\n","protected":false},"excerpt":{"rendered":"<p>L&rsquo;Alg\u00e9rienne a d\u00e9montr\u00e9 une r\u00e9gularit\u00e9 remarquable sur l&rsquo;ensemble des 4 agr\u00e8s, confirmant qu&rsquo;elle ne se limite plus \u00e0 sa seule<\/p>\n","protected":false},"author":6,"featured_media":75075,"comment_status":"open","ping_status":"closed","sticky":false,"template":"","format":"standard","meta":{"colormag_page_container_layout":"default_layout","colormag_page_sidebar_layout":"default_layout","om_disable_all_campaigns":false,"_monsterinsights_skip_tracking":false,"_monsterinsights_sitenote_active":false,"_monsterinsights_sitenote_note":"","_monsterinsights_sitenote_category":0,"footnotes":"","_wpscppro_dont_share_socialmedia":false,"_wpscppro_custom_social_share_image":0,"_facebook_share_type":"default","_twitter_share_type":"default","_linkedin_share_type":"default","_pinterest_share_type":"default","_linkedin_share_type_page":"","_instagram_share_type":"default","_medium_share_type":"default","_threads_share_type":"default","_google_business_share_type":"default","_selected_social_profile":[],"_wpsp_enable_custom_social_template":false,"_wpsp_social_scheduling":{"enabled":false,"datetime":null,"platforms":[],"status":"template_only","dateOption":"today","timeOption":"now","customDays":"","customHours":"","customDate":"","customTime":"","schedulingType":"absolute"},"_wpsp_active_default_template":true},"categories":[33],"tags":[],"class_list":["post-75074","post","type-post","status-publish","format-standard","has-post-thumbnail","hentry","category-sports"],"aioseo_notices":[],"yoast_head":"<!-- This site is optimized with the Yoast SEO plugin v27.4 - https:\/\/yoast.com\/product\/yoast-seo-wordpress\/ -->\n<title>Mondiaux de gymnastique \u00e0 Jakarta\u00a0: Kaylia Nemour en finale - La Sentinelle<\/title>\n<meta name=\"robots\" content=\"index, follow, max-snippet:-1, max-image-preview:large, max-video-preview:-1\" \/>\n<link rel=\"canonical\" href=\"https:\/\/lasentinelle.dz\/index.php\/2025\/10\/22\/mondiaux-de-gymnastique-a-jakarta-kaylia-nemour-en-finale\/\" \/>\n<meta property=\"og:locale\" content=\"fr_FR\" \/>\n<meta property=\"og:type\" content=\"article\" \/>\n<meta property=\"og:title\" content=\"Mondiaux de gymnastique \u00e0 Jakarta\u00a0: Kaylia Nemour en finale - La Sentinelle\" \/>\n<meta property=\"og:description\" content=\"L&rsquo;Alg\u00e9rienne a d\u00e9montr\u00e9 une r\u00e9gularit\u00e9 remarquable sur l&rsquo;ensemble des 4 agr\u00e8s, confirmant qu&rsquo;elle ne se limite plus \u00e0 sa seule\" \/>\n<meta property=\"og:url\" content=\"https:\/\/lasentinelle.dz\/index.php\/2025\/10\/22\/mondiaux-de-gymnastique-a-jakarta-kaylia-nemour-en-finale\/\" \/>\n<meta property=\"og:site_name\" content=\"La Sentinelle\" \/>\n<meta property=\"article:publisher\" content=\"https:\/\/www.facebook.com\/La-Sentinelle-104059864394773\" \/>\n<meta property=\"article:published_time\" content=\"2025-10-22T10:49:52+00:00\" \/>\n<meta property=\"article:modified_time\" content=\"2025-10-22T10:49:53+00:00\" \/>\n<meta property=\"og:image\" content=\"https:\/\/lasentinelle.dz\/wp-content\/uploads\/2025\/10\/nemour.webp\" \/>\n\t<meta property=\"og:image:width\" content=\"768\" \/>\n\t<meta property=\"og:image:height\" content=\"512\" \/>\n\t<meta property=\"og:image:type\" content=\"image\/webp\" \/>\n<meta name=\"author\" content=\"admin\" \/>\n<meta name=\"twitter:card\" content=\"summary_large_image\" \/>\n<meta name=\"twitter:label1\" content=\"\u00c9crit par\" \/>\n\t<meta name=\"twitter:data1\" content=\"admin\" \/>\n\t<meta name=\"twitter:label2\" content=\"Dur\u00e9e de lecture estim\u00e9e\" \/>\n\t<meta name=\"twitter:data2\" content=\"4 minutes\" \/>\n<script type=\"application\/ld+json\" class=\"yoast-schema-graph\">{\"@context\":\"https:\\\/\\\/schema.org\",\"@graph\":[{\"@type\":\"Article\",\"@id\":\"https:\\\/\\\/lasentinelle.dz\\\/index.php\\\/2025\\\/10\\\/22\\\/mondiaux-de-gymnastique-a-jakarta-kaylia-nemour-en-finale\\\/#article\",\"isPartOf\":{\"@id\":\"https:\\\/\\\/lasentinelle.dz\\\/index.php\\\/2025\\\/10\\\/22\\\/mondiaux-de-gymnastique-a-jakarta-kaylia-nemour-en-finale\\\/\"},\"author\":{\"name\":\"admin\",\"@id\":\"https:\\\/\\\/lasentinelle.dz\\\/#\\\/schema\\\/person\\\/729ee0024f24e0b8c5ec17232f8e8b41\"},\"headline\":\"Mondiaux de gymnastique \u00e0 Jakarta\u00a0: Kaylia Nemour en finale\",\"datePublished\":\"2025-10-22T10:49:52+00:00\",\"dateModified\":\"2025-10-22T10:49:53+00:00\",\"mainEntityOfPage\":{\"@id\":\"https:\\\/\\\/lasentinelle.dz\\\/index.php\\\/2025\\\/10\\\/22\\\/mondiaux-de-gymnastique-a-jakarta-kaylia-nemour-en-finale\\\/\"},\"wordCount\":612,\"commentCount\":0,\"publisher\":{\"@id\":\"https:\\\/\\\/lasentinelle.dz\\\/#organization\"},\"image\":{\"@id\":\"https:\\\/\\\/lasentinelle.dz\\\/index.php\\\/2025\\\/10\\\/22\\\/mondiaux-de-gymnastique-a-jakarta-kaylia-nemour-en-finale\\\/#primaryimage\"},\"thumbnailUrl\":\"https:\\\/\\\/lasentinelle.dz\\\/wp-content\\\/uploads\\\/2025\\\/10\\\/nemour.webp\",\"articleSection\":[\"Sports\"],\"inLanguage\":\"fr-FR\",\"potentialAction\":[{\"@type\":\"CommentAction\",\"name\":\"Comment\",\"target\":[\"https:\\\/\\\/lasentinelle.dz\\\/index.php\\\/2025\\\/10\\\/22\\\/mondiaux-de-gymnastique-a-jakarta-kaylia-nemour-en-finale\\\/#respond\"]}]},{\"@type\":\"WebPage\",\"@id\":\"https:\\\/\\\/lasentinelle.dz\\\/index.php\\\/2025\\\/10\\\/22\\\/mondiaux-de-gymnastique-a-jakarta-kaylia-nemour-en-finale\\\/\",\"url\":\"https:\\\/\\\/lasentinelle.dz\\\/index.php\\\/2025\\\/10\\\/22\\\/mondiaux-de-gymnastique-a-jakarta-kaylia-nemour-en-finale\\\/\",\"name\":\"Mondiaux de gymnastique \u00e0 Jakarta\u00a0: Kaylia Nemour en finale - La Sentinelle\",\"isPartOf\":{\"@id\":\"https:\\\/\\\/lasentinelle.dz\\\/#website\"},\"primaryImageOfPage\":{\"@id\":\"https:\\\/\\\/lasentinelle.dz\\\/index.php\\\/2025\\\/10\\\/22\\\/mondiaux-de-gymnastique-a-jakarta-kaylia-nemour-en-finale\\\/#primaryimage\"},\"image\":{\"@id\":\"https:\\\/\\\/lasentinelle.dz\\\/index.php\\\/2025\\\/10\\\/22\\\/mondiaux-de-gymnastique-a-jakarta-kaylia-nemour-en-finale\\\/#primaryimage\"},\"thumbnailUrl\":\"https:\\\/\\\/lasentinelle.dz\\\/wp-content\\\/uploads\\\/2025\\\/10\\\/nemour.webp\",\"datePublished\":\"2025-10-22T10:49:52+00:00\",\"dateModified\":\"2025-10-22T10:49:53+00:00\",\"breadcrumb\":{\"@id\":\"https:\\\/\\\/lasentinelle.dz\\\/index.php\\\/2025\\\/10\\\/22\\\/mondiaux-de-gymnastique-a-jakarta-kaylia-nemour-en-finale\\\/#breadcrumb\"},\"inLanguage\":\"fr-FR\",\"potentialAction\":[{\"@type\":\"ReadAction\",\"target\":[\"https:\\\/\\\/lasentinelle.dz\\\/index.php\\\/2025\\\/10\\\/22\\\/mondiaux-de-gymnastique-a-jakarta-kaylia-nemour-en-finale\\\/\"]}]},{\"@type\":\"ImageObject\",\"inLanguage\":\"fr-FR\",\"@id\":\"https:\\\/\\\/lasentinelle.dz\\\/index.php\\\/2025\\\/10\\\/22\\\/mondiaux-de-gymnastique-a-jakarta-kaylia-nemour-en-finale\\\/#primaryimage\",\"url\":\"https:\\\/\\\/lasentinelle.dz\\\/wp-content\\\/uploads\\\/2025\\\/10\\\/nemour.webp\",\"contentUrl\":\"https:\\\/\\\/lasentinelle.dz\\\/wp-content\\\/uploads\\\/2025\\\/10\\\/nemour.webp\",\"width\":768,\"height\":512},{\"@type\":\"BreadcrumbList\",\"@id\":\"https:\\\/\\\/lasentinelle.dz\\\/index.php\\\/2025\\\/10\\\/22\\\/mondiaux-de-gymnastique-a-jakarta-kaylia-nemour-en-finale\\\/#breadcrumb\",\"itemListElement\":[{\"@type\":\"ListItem\",\"position\":1,\"name\":\"Accueil\",\"item\":\"https:\\\/\\\/lasentinelle.dz\\\/\"},{\"@type\":\"ListItem\",\"position\":2,\"name\":\"Mondiaux de gymnastique \u00e0 Jakarta\u00a0: Kaylia Nemour en finale\"}]},{\"@type\":\"WebSite\",\"@id\":\"https:\\\/\\\/lasentinelle.dz\\\/#website\",\"url\":\"https:\\\/\\\/lasentinelle.dz\\\/\",\"name\":\"La Sentinelle\",\"description\":\"Quotidien national d&#039;information\",\"publisher\":{\"@id\":\"https:\\\/\\\/lasentinelle.dz\\\/#organization\"},\"potentialAction\":[{\"@type\":\"SearchAction\",\"target\":{\"@type\":\"EntryPoint\",\"urlTemplate\":\"https:\\\/\\\/lasentinelle.dz\\\/?s={search_term_string}\"},\"query-input\":{\"@type\":\"PropertyValueSpecification\",\"valueRequired\":true,\"valueName\":\"search_term_string\"}}],\"inLanguage\":\"fr-FR\"},{\"@type\":\"Organization\",\"@id\":\"https:\\\/\\\/lasentinelle.dz\\\/#organization\",\"name\":\"Quotidien La Sentinelle\",\"url\":\"https:\\\/\\\/lasentinelle.dz\\\/\",\"logo\":{\"@type\":\"ImageObject\",\"inLanguage\":\"fr-FR\",\"@id\":\"https:\\\/\\\/lasentinelle.dz\\\/#\\\/schema\\\/logo\\\/image\\\/\",\"url\":\"https:\\\/\\\/lasentinelle.dz\\\/wp-content\\\/uploads\\\/2021\\\/09\\\/logo-sentinelleSLOGAN-1.png\",\"contentUrl\":\"https:\\\/\\\/lasentinelle.dz\\\/wp-content\\\/uploads\\\/2021\\\/09\\\/logo-sentinelleSLOGAN-1.png\",\"width\":615,\"height\":142,\"caption\":\"Quotidien La Sentinelle\"},\"image\":{\"@id\":\"https:\\\/\\\/lasentinelle.dz\\\/#\\\/schema\\\/logo\\\/image\\\/\"},\"sameAs\":[\"https:\\\/\\\/www.facebook.com\\\/La-Sentinelle-104059864394773\"]},{\"@type\":\"Person\",\"@id\":\"https:\\\/\\\/lasentinelle.dz\\\/#\\\/schema\\\/person\\\/729ee0024f24e0b8c5ec17232f8e8b41\",\"name\":\"admin\",\"image\":{\"@type\":\"ImageObject\",\"inLanguage\":\"fr-FR\",\"@id\":\"https:\\\/\\\/secure.gravatar.com\\\/avatar\\\/4c81fed838786e9b53f540bf46533e750f5d292099ae3b66cfc6fb1982e29df7?s=96&d=mm&r=g\",\"url\":\"https:\\\/\\\/secure.gravatar.com\\\/avatar\\\/4c81fed838786e9b53f540bf46533e750f5d292099ae3b66cfc6fb1982e29df7?s=96&d=mm&r=g\",\"contentUrl\":\"https:\\\/\\\/secure.gravatar.com\\\/avatar\\\/4c81fed838786e9b53f540bf46533e750f5d292099ae3b66cfc6fb1982e29df7?s=96&d=mm&r=g\",\"caption\":\"admin\"},\"description\":\"admin\",\"url\":\"https:\\\/\\\/lasentinelle.dz\\\/author\\\/admin\\\/\"}]}<\/script>\n<!-- \/ Yoast SEO plugin. -->","yoast_head_json":{"title":"Mondiaux de gymnastique \u00e0 Jakarta\u00a0: Kaylia Nemour en finale - La Sentinelle","robots":{"index":"index","follow":"follow","max-snippet":"max-snippet:-1","max-image-preview":"max-image-preview:large","max-video-preview":"max-video-preview:-1"},"canonical":"https:\/\/lasentinelle.dz\/index.php\/2025\/10\/22\/mondiaux-de-gymnastique-a-jakarta-kaylia-nemour-en-finale\/","og_locale":"fr_FR","og_type":"article","og_title":"Mondiaux de gymnastique \u00e0 Jakarta\u00a0: Kaylia Nemour en finale - La Sentinelle","og_description":"L&rsquo;Alg\u00e9rienne a d\u00e9montr\u00e9 une r\u00e9gularit\u00e9 remarquable sur l&rsquo;ensemble des 4 agr\u00e8s, confirmant qu&rsquo;elle ne se limite plus \u00e0 sa seule","og_url":"https:\/\/lasentinelle.dz\/index.php\/2025\/10\/22\/mondiaux-de-gymnastique-a-jakarta-kaylia-nemour-en-finale\/","og_site_name":"La Sentinelle","article_publisher":"https:\/\/www.facebook.com\/La-Sentinelle-104059864394773","article_published_time":"2025-10-22T10:49:52+00:00","article_modified_time":"2025-10-22T10:49:53+00:00","og_image":[{"width":768,"height":512,"url":"https:\/\/lasentinelle.dz\/wp-content\/uploads\/2025\/10\/nemour.webp","type":"image\/webp"}],"author":"admin","twitter_card":"summary_large_image","twitter_misc":{"\u00c9crit par":"admin","Dur\u00e9e de lecture estim\u00e9e":"4 minutes"},"schema":{"@context":"https:\/\/schema.org","@graph":[{"@type":"Article","@id":"https:\/\/lasentinelle.dz\/index.php\/2025\/10\/22\/mondiaux-de-gymnastique-a-jakarta-kaylia-nemour-en-finale\/#article","isPartOf":{"@id":"https:\/\/lasentinelle.dz\/index.php\/2025\/10\/22\/mondiaux-de-gymnastique-a-jakarta-kaylia-nemour-en-finale\/"},"author":{"name":"admin","@id":"https:\/\/lasentinelle.dz\/#\/schema\/person\/729ee0024f24e0b8c5ec17232f8e8b41"},"headline":"Mondiaux de gymnastique \u00e0 Jakarta\u00a0: Kaylia Nemour en finale","datePublished":"2025-10-22T10:49:52+00:00","dateModified":"2025-10-22T10:49:53+00:00","mainEntityOfPage":{"@id":"https:\/\/lasentinelle.dz\/index.php\/2025\/10\/22\/mondiaux-de-gymnastique-a-jakarta-kaylia-nemour-en-finale\/"},"wordCount":612,"commentCount":0,"publisher":{"@id":"https:\/\/lasentinelle.dz\/#organization"},"image":{"@id":"https:\/\/lasentinelle.dz\/index.php\/2025\/10\/22\/mondiaux-de-gymnastique-a-jakarta-kaylia-nemour-en-finale\/#primaryimage"},"thumbnailUrl":"https:\/\/lasentinelle.dz\/wp-content\/uploads\/2025\/10\/nemour.webp","articleSection":["Sports"],"inLanguage":"fr-FR","potentialAction":[{"@type":"CommentAction","name":"Comment","target":["https:\/\/lasentinelle.dz\/index.php\/2025\/10\/22\/mondiaux-de-gymnastique-a-jakarta-kaylia-nemour-en-finale\/#respond"]}]},{"@type":"WebPage","@id":"https:\/\/lasentinelle.dz\/index.php\/2025\/10\/22\/mondiaux-de-gymnastique-a-jakarta-kaylia-nemour-en-finale\/","url":"https:\/\/lasentinelle.dz\/index.php\/2025\/10\/22\/mondiaux-de-gymnastique-a-jakarta-kaylia-nemour-en-finale\/","name":"Mondiaux de gymnastique \u00e0 Jakarta\u00a0: Kaylia Nemour en finale - La Sentinelle","isPartOf":{"@id":"https:\/\/lasentinelle.dz\/#website"},"primaryImageOfPage":{"@id":"https:\/\/lasentinelle.dz\/index.php\/2025\/10\/22\/mondiaux-de-gymnastique-a-jakarta-kaylia-nemour-en-finale\/#primaryimage"},"image":{"@id":"https:\/\/lasentinelle.dz\/index.php\/2025\/10\/22\/mondiaux-de-gymnastique-a-jakarta-kaylia-nemour-en-finale\/#primaryimage"},"thumbnailUrl":"https:\/\/lasentinelle.dz\/wp-content\/uploads\/2025\/10\/nemour.webp","datePublished":"2025-10-22T10:49:52+00:00","dateModified":"2025-10-22T10:49:53+00:00","breadcrumb":{"@id":"https:\/\/lasentinelle.dz\/index.php\/2025\/10\/22\/mondiaux-de-gymnastique-a-jakarta-kaylia-nemour-en-finale\/#breadcrumb"},"inLanguage":"fr-FR","potentialAction":[{"@type":"ReadAction","target":["https:\/\/lasentinelle.dz\/index.php\/2025\/10\/22\/mondiaux-de-gymnastique-a-jakarta-kaylia-nemour-en-finale\/"]}]},{"@type":"ImageObject","inLanguage":"fr-FR","@id":"https:\/\/lasentinelle.dz\/index.php\/2025\/10\/22\/mondiaux-de-gymnastique-a-jakarta-kaylia-nemour-en-finale\/#primaryimage","url":"https:\/\/lasentinelle.dz\/wp-content\/uploads\/2025\/10\/nemour.webp","contentUrl":"https:\/\/lasentinelle.dz\/wp-content\/uploads\/2025\/10\/nemour.webp","width":768,"height":512},{"@type":"BreadcrumbList","@id":"https:\/\/lasentinelle.dz\/index.php\/2025\/10\/22\/mondiaux-de-gymnastique-a-jakarta-kaylia-nemour-en-finale\/#breadcrumb","itemListElement":[{"@type":"ListItem","position":1,"name":"Accueil","item":"https:\/\/lasentinelle.dz\/"},{"@type":"ListItem","position":2,"name":"Mondiaux de gymnastique \u00e0 Jakarta\u00a0: Kaylia Nemour en finale"}]},{"@type":"WebSite","@id":"https:\/\/lasentinelle.dz\/#website","url":"https:\/\/lasentinelle.dz\/","name":"La Sentinelle","description":"Quotidien national d&#039;information","publisher":{"@id":"https:\/\/lasentinelle.dz\/#organization"},"potentialAction":[{"@type":"SearchAction","target":{"@type":"EntryPoint","urlTemplate":"https:\/\/lasentinelle.dz\/?s={search_term_string}"},"query-input":{"@type":"PropertyValueSpecification","valueRequired":true,"valueName":"search_term_string"}}],"inLanguage":"fr-FR"},{"@type":"Organization","@id":"https:\/\/lasentinelle.dz\/#organization","name":"Quotidien La Sentinelle","url":"https:\/\/lasentinelle.dz\/","logo":{"@type":"ImageObject","inLanguage":"fr-FR","@id":"https:\/\/lasentinelle.dz\/#\/schema\/logo\/image\/","url":"https:\/\/lasentinelle.dz\/wp-content\/uploads\/2021\/09\/logo-sentinelleSLOGAN-1.png","contentUrl":"https:\/\/lasentinelle.dz\/wp-content\/uploads\/2021\/09\/logo-sentinelleSLOGAN-1.png","width":615,"height":142,"caption":"Quotidien La Sentinelle"},"image":{"@id":"https:\/\/lasentinelle.dz\/#\/schema\/logo\/image\/"},"sameAs":["https:\/\/www.facebook.com\/La-Sentinelle-104059864394773"]},{"@type":"Person","@id":"https:\/\/lasentinelle.dz\/#\/schema\/person\/729ee0024f24e0b8c5ec17232f8e8b41","name":"admin","image":{"@type":"ImageObject","inLanguage":"fr-FR","@id":"https:\/\/secure.gravatar.com\/avatar\/4c81fed838786e9b53f540bf46533e750f5d292099ae3b66cfc6fb1982e29df7?s=96&d=mm&r=g","url":"https:\/\/secure.gravatar.com\/avatar\/4c81fed838786e9b53f540bf46533e750f5d292099ae3b66cfc6fb1982e29df7?s=96&d=mm&r=g","contentUrl":"https:\/\/secure.gravatar.com\/avatar\/4c81fed838786e9b53f540bf46533e750f5d292099ae3b66cfc6fb1982e29df7?s=96&d=mm&r=g","caption":"admin"},"description":"admin","url":"https:\/\/lasentinelle.dz\/author\/admin\/"}]}},"_links":{"self":[{"href":"https:\/\/lasentinelle.dz\/index.php\/wp-json\/wp\/v2\/posts\/75074","targetHints":{"allow":["GET"]}}],"collection":[{"href":"https:\/\/lasentinelle.dz\/index.php\/wp-json\/wp\/v2\/posts"}],"about":[{"href":"https:\/\/lasentinelle.dz\/index.php\/wp-json\/wp\/v2\/types\/post"}],"author":[{"embeddable":true,"href":"https:\/\/lasentinelle.dz\/index.php\/wp-json\/wp\/v2\/users\/6"}],"replies":[{"embeddable":true,"href":"https:\/\/lasentinelle.dz\/index.php\/wp-json\/wp\/v2\/comments?post=75074"}],"version-history":[{"count":1,"href":"https:\/\/lasentinelle.dz\/index.php\/wp-json\/wp\/v2\/posts\/75074\/revisions"}],"predecessor-version":[{"id":75076,"href":"https:\/\/lasentinelle.dz\/index.php\/wp-json\/wp\/v2\/posts\/75074\/revisions\/75076"}],"wp:featuredmedia":[{"embeddable":true,"href":"https:\/\/lasentinelle.dz\/index.php\/wp-json\/wp\/v2\/media\/75075"}],"wp:attachment":[{"href":"https:\/\/lasentinelle.dz\/index.php\/wp-json\/wp\/v2\/media?parent=75074"}],"wp:term":[{"taxonomy":"category","embeddable":true,"href":"https:\/\/lasentinelle.dz\/index.php\/wp-json\/wp\/v2\/categories?post=75074"},{"taxonomy":"post_tag","embeddable":true,"href":"https:\/\/lasentinelle.dz\/index.php\/wp-json\/wp\/v2\/tags?post=75074"}],"curies":[{"name":"wp","href":"https:\/\/api.w.org\/{rel}","templated":true}]}}