{"id":75077,"date":"2025-10-22T11:50:49","date_gmt":"2025-10-22T10:50:49","guid":{"rendered":"https:\/\/lasentinelle.dz\/?p=75077"},"modified":"2025-10-22T11:50:50","modified_gmt":"2025-10-22T10:50:50","slug":"opere-avec-succes-de-lepaule-amine-gouiri-rassure","status":"publish","type":"post","link":"https:\/\/lasentinelle.dz\/index.php\/2025\/10\/22\/opere-avec-succes-de-lepaule-amine-gouiri-rassure\/","title":{"rendered":"Op\u00e9r\u00e9 avec succ\u00e8s de l&rsquo;\u00e9paule\u00a0: Amine Gouiri rassure"},"content":{"rendered":"\n<p>Amine Gouiri a rassur\u00e9 ses supporters en donnant de ses nouvelles via une publication sur son compte Instagram depuis son lit d&rsquo;h\u00f4pital.<\/p>\n\n\n\n<p>L&rsquo;attaquant international alg\u00e9rien de l&rsquo;Olympique de Marseille, Amine Gouiri, a \u00e9t\u00e9 op\u00e9r\u00e9 avec succ\u00e8s de l&rsquo;\u00e9paule droite et devrait rester \u00e9loign\u00e9 des terrains pendant environ trois mois, ce qui le prive de la prochaine Coupe d&rsquo;Afrique des Nations pr\u00e9vue du 21 d\u00e9cembre 2025 au 18 janvier 2026 au Maroc. Le joueur de 25 ans a rassur\u00e9 ses supporters dimanche en donnant de ses nouvelles via une publication sur son compte Instagram depuis son lit d&rsquo;h\u00f4pital. Sur une photo o\u00f9 il appara\u00eet le pouce lev\u00e9, symbole d&rsquo;optimisme malgr\u00e9 l&rsquo;\u00e9preuve travers\u00e9e, Gouiri a adress\u00e9 un message apaisant \u00e0 ses nombreux supporters inquiets depuis sa sortie sur civi\u00e8re lors du match Alg\u00e9rie-Ouganda. \u00ab\u00a0Op\u00e9ration bien pass\u00e9e. Merci \u00e0 tous pour vos messages et votre soutien. \u00c0 tr\u00e8s bient\u00f4t\u00a0\u00bb, a \u00e9crit l&rsquo;attaquant dans sa story Instagram, des propos qui ont imm\u00e9diatement circul\u00e9 sur les r\u00e9seaux sociaux et soulag\u00e9 les supporters marseillais et alg\u00e9riens. Cette communication rapide t\u00e9moigne de la volont\u00e9 du joueur de rassurer son entourage et de montrer sa d\u00e9termination \u00e0 revenir plus fort apr\u00e8s cette nouvelle \u00e9preuve physique. L&rsquo;ancien joueur du Stade Rennais et de l&rsquo;OGC Nice avait \u00e9t\u00e9 victime d&rsquo;une violente blessure \u00e0 l&rsquo;\u00e9paule droite le 14 octobre dernier lors de la rencontre qualificative pour la CAN opposant l&rsquo;Alg\u00e9rie \u00e0 l&rsquo;Ouganda, remport\u00e9e par les Fennecs sur le score de 2 \u00e0 1. Un choc brutal avec le gardien ougandais Salim Magoola avait contraint Gouiri \u00e0 quitter pr\u00e9matur\u00e9ment la pelouse sur civi\u00e8re, laissant craindre le pire pour l&rsquo;attaquant qui semblait pourtant retrouver toute sa superbe sous les couleurs marseillaises. L&rsquo;Olympique de Marseille avait officiellement confirm\u00e9 samedi la n\u00e9cessit\u00e9 d&rsquo;une intervention chirurgicale, expliquant que cette d\u00e9cision avait \u00e9t\u00e9 prise d&rsquo;un commun accord entre le joueur et le staff m\u00e9dical en raison de plusieurs \u00e9pisodes de luxation r\u00e9currents de l&rsquo;\u00e9paule qui mena\u00e7aient la carri\u00e8re du joueur. Cette op\u00e9ration, jug\u00e9e indispensable par le corps m\u00e9dical pour \u00e9viter de nouvelles rechutes et stabiliser d\u00e9finitivement l&rsquo;articulation fragilis\u00e9e, entra\u00eene une p\u00e9riode de r\u00e9\u00e9ducation estim\u00e9e \u00e0 environ trois mois. Ce d\u00e9lai incompressible constitue un coup dur pour le joueur mais \u00e9galement pour la s\u00e9lection nationale qui devra se priver de l&rsquo;un de ses \u00e9l\u00e9ments offensifs les plus talentueux lors de la prochaine Coupe d&rsquo;Afrique des Nations. Le s\u00e9lectionneur national devra ainsi revoir ses plans tactiques et trouver des solutions alternatives en attaque pour compenser l&rsquo;absence de Gouiri durant cette comp\u00e9tition continentale majeure qui.<\/p>\n\n\n\n<p>Avant cette blessure malheureuse qui vient perturber sa saison, l&rsquo;ancien Ni\u00e7ois semblait justement retrouver des sensations optimales avec l&rsquo;Olympique de Marseille apr\u00e8s un d\u00e9but de saison en demi-teinte. Il avait notamment brill\u00e9 d\u00e9but octobre lors de la victoire convaincante face \u00e0 Metz sur le score de 3 \u00e0 0, match durant lequel il avait inscrit un but et d\u00e9livr\u00e9 une passe d\u00e9cisive, d\u00e9montrant ainsi tout son potentiel offensif et sa capacit\u00e9 \u00e0 peser sur les d\u00e9fenses adverses. Cette mont\u00e9e en puissance laissait entrevoir une deuxi\u00e8me partie de saison prometteuse sous les couleurs phoc\u00e9ennes, mais le destin en a d\u00e9cid\u00e9 autrement. Malgr\u00e9 ce contretemps majeur dans sa carri\u00e8re, Amine Gouiri garde le moral et affiche d\u00e9j\u00e0 sa d\u00e9termination \u00e0 revenir plus fort une fois la r\u00e9\u00e9ducation termin\u00e9e. Les supporters marseillais et alg\u00e9riens esp\u00e8rent d\u00e9sormais le revoir \u00e0 son meilleur niveau d&rsquo;ici la fin de la saison, m\u00eame si l&rsquo;\u00e9ch\u00e9ance de la CAN lui \u00e9chappera d\u00e9finitivement. La priorit\u00e9 absolue reste d\u00e9sormais une gu\u00e9rison compl\u00e8te pour \u00e9viter toute r\u00e9cidive future et permettre \u00e0 l&rsquo;attaquant de retrouver l&rsquo;int\u00e9gralit\u00e9 de ses capacit\u00e9s physiques sans cette \u00e9p\u00e9e de Damocl\u00e8s d&rsquo;une \u00e9paule fragile qui planait au-dessus de sa t\u00eate depuis plusieurs mois.<\/p>\n\n\n\n<p>Moncef D.<\/p>\n","protected":false},"excerpt":{"rendered":"<p>Amine Gouiri a rassur\u00e9 ses supporters en donnant de ses nouvelles via une publication sur son compte Instagram depuis son<\/p>\n","protected":false},"author":6,"featured_media":75078,"comment_status":"open","ping_status":"closed","sticky":false,"template":"","format":"standard","meta":{"colormag_page_container_layout":"default_layout","colormag_page_sidebar_layout":"default_layout","om_disable_all_campaigns":false,"_monsterinsights_skip_tracking":false,"_monsterinsights_sitenote_active":false,"_monsterinsights_sitenote_note":"","_monsterinsights_sitenote_category":0,"footnotes":"","_wpscppro_dont_share_socialmedia":false,"_wpscppro_custom_social_share_image":0,"_facebook_share_type":"default","_twitter_share_type":"default","_linkedin_share_type":"default","_pinterest_share_type":"default","_linkedin_share_type_page":"","_instagram_share_type":"default","_medium_share_type":"default","_threads_share_type":"default","_google_business_share_type":"default","_selected_social_profile":[],"_wpsp_enable_custom_social_template":false,"_wpsp_social_scheduling":{"enabled":false,"datetime":null,"platforms":[],"status":"template_only","dateOption":"today","timeOption":"now","customDays":"","customHours":"","customDate":"","customTime":"","schedulingType":"absolute"},"_wpsp_active_default_template":true},"categories":[33],"tags":[],"class_list":["post-75077","post","type-post","status-publish","format-standard","has-post-thumbnail","hentry","category-sports"],"aioseo_notices":[],"yoast_head":"<!-- This site is optimized with the Yoast SEO plugin v27.4 - https:\/\/yoast.com\/product\/yoast-seo-wordpress\/ -->\n<title>Op\u00e9r\u00e9 avec succ\u00e8s de l&rsquo;\u00e9paule\u00a0: Amine Gouiri rassure - La Sentinelle<\/title>\n<meta name=\"robots\" content=\"index, follow, max-snippet:-1, max-image-preview:large, max-video-preview:-1\" \/>\n<link rel=\"canonical\" href=\"https:\/\/lasentinelle.dz\/index.php\/2025\/10\/22\/opere-avec-succes-de-lepaule-amine-gouiri-rassure\/\" \/>\n<meta property=\"og:locale\" content=\"fr_FR\" \/>\n<meta property=\"og:type\" content=\"article\" \/>\n<meta property=\"og:title\" content=\"Op\u00e9r\u00e9 avec succ\u00e8s de l&rsquo;\u00e9paule\u00a0: Amine Gouiri rassure - La Sentinelle\" \/>\n<meta property=\"og:description\" content=\"Amine Gouiri a rassur\u00e9 ses supporters en donnant de ses nouvelles via une publication sur son compte Instagram depuis son\" \/>\n<meta property=\"og:url\" content=\"https:\/\/lasentinelle.dz\/index.php\/2025\/10\/22\/opere-avec-succes-de-lepaule-amine-gouiri-rassure\/\" \/>\n<meta property=\"og:site_name\" content=\"La Sentinelle\" \/>\n<meta property=\"article:publisher\" content=\"https:\/\/www.facebook.com\/La-Sentinelle-104059864394773\" \/>\n<meta property=\"article:published_time\" content=\"2025-10-22T10:50:49+00:00\" \/>\n<meta property=\"article:modified_time\" content=\"2025-10-22T10:50:50+00:00\" \/>\n<meta property=\"og:image\" content=\"https:\/\/lasentinelle.dz\/wp-content\/uploads\/2025\/10\/Gouiri-2.jpg\" \/>\n\t<meta property=\"og:image:width\" content=\"745\" \/>\n\t<meta property=\"og:image:height\" content=\"470\" \/>\n\t<meta property=\"og:image:type\" content=\"image\/jpeg\" \/>\n<meta name=\"author\" content=\"admin\" \/>\n<meta name=\"twitter:card\" content=\"summary_large_image\" \/>\n<meta name=\"twitter:label1\" content=\"\u00c9crit par\" \/>\n\t<meta name=\"twitter:data1\" content=\"admin\" \/>\n\t<meta name=\"twitter:label2\" content=\"Dur\u00e9e de lecture estim\u00e9e\" \/>\n\t<meta name=\"twitter:data2\" content=\"4 minutes\" \/>\n<script type=\"application\/ld+json\" class=\"yoast-schema-graph\">{\"@context\":\"https:\\\/\\\/schema.org\",\"@graph\":[{\"@type\":\"Article\",\"@id\":\"https:\\\/\\\/lasentinelle.dz\\\/index.php\\\/2025\\\/10\\\/22\\\/opere-avec-succes-de-lepaule-amine-gouiri-rassure\\\/#article\",\"isPartOf\":{\"@id\":\"https:\\\/\\\/lasentinelle.dz\\\/index.php\\\/2025\\\/10\\\/22\\\/opere-avec-succes-de-lepaule-amine-gouiri-rassure\\\/\"},\"author\":{\"name\":\"admin\",\"@id\":\"https:\\\/\\\/lasentinelle.dz\\\/#\\\/schema\\\/person\\\/729ee0024f24e0b8c5ec17232f8e8b41\"},\"headline\":\"Op\u00e9r\u00e9 avec succ\u00e8s de l&rsquo;\u00e9paule\u00a0: Amine Gouiri rassure\",\"datePublished\":\"2025-10-22T10:50:49+00:00\",\"dateModified\":\"2025-10-22T10:50:50+00:00\",\"mainEntityOfPage\":{\"@id\":\"https:\\\/\\\/lasentinelle.dz\\\/index.php\\\/2025\\\/10\\\/22\\\/opere-avec-succes-de-lepaule-amine-gouiri-rassure\\\/\"},\"wordCount\":708,\"commentCount\":0,\"publisher\":{\"@id\":\"https:\\\/\\\/lasentinelle.dz\\\/#organization\"},\"image\":{\"@id\":\"https:\\\/\\\/lasentinelle.dz\\\/index.php\\\/2025\\\/10\\\/22\\\/opere-avec-succes-de-lepaule-amine-gouiri-rassure\\\/#primaryimage\"},\"thumbnailUrl\":\"https:\\\/\\\/lasentinelle.dz\\\/wp-content\\\/uploads\\\/2025\\\/10\\\/Gouiri-2.jpg\",\"articleSection\":[\"Sports\"],\"inLanguage\":\"fr-FR\",\"potentialAction\":[{\"@type\":\"CommentAction\",\"name\":\"Comment\",\"target\":[\"https:\\\/\\\/lasentinelle.dz\\\/index.php\\\/2025\\\/10\\\/22\\\/opere-avec-succes-de-lepaule-amine-gouiri-rassure\\\/#respond\"]}]},{\"@type\":\"WebPage\",\"@id\":\"https:\\\/\\\/lasentinelle.dz\\\/index.php\\\/2025\\\/10\\\/22\\\/opere-avec-succes-de-lepaule-amine-gouiri-rassure\\\/\",\"url\":\"https:\\\/\\\/lasentinelle.dz\\\/index.php\\\/2025\\\/10\\\/22\\\/opere-avec-succes-de-lepaule-amine-gouiri-rassure\\\/\",\"name\":\"Op\u00e9r\u00e9 avec succ\u00e8s de l&rsquo;\u00e9paule\u00a0: Amine Gouiri rassure - La Sentinelle\",\"isPartOf\":{\"@id\":\"https:\\\/\\\/lasentinelle.dz\\\/#website\"},\"primaryImageOfPage\":{\"@id\":\"https:\\\/\\\/lasentinelle.dz\\\/index.php\\\/2025\\\/10\\\/22\\\/opere-avec-succes-de-lepaule-amine-gouiri-rassure\\\/#primaryimage\"},\"image\":{\"@id\":\"https:\\\/\\\/lasentinelle.dz\\\/index.php\\\/2025\\\/10\\\/22\\\/opere-avec-succes-de-lepaule-amine-gouiri-rassure\\\/#primaryimage\"},\"thumbnailUrl\":\"https:\\\/\\\/lasentinelle.dz\\\/wp-content\\\/uploads\\\/2025\\\/10\\\/Gouiri-2.jpg\",\"datePublished\":\"2025-10-22T10:50:49+00:00\",\"dateModified\":\"2025-10-22T10:50:50+00:00\",\"breadcrumb\":{\"@id\":\"https:\\\/\\\/lasentinelle.dz\\\/index.php\\\/2025\\\/10\\\/22\\\/opere-avec-succes-de-lepaule-amine-gouiri-rassure\\\/#breadcrumb\"},\"inLanguage\":\"fr-FR\",\"potentialAction\":[{\"@type\":\"ReadAction\",\"target\":[\"https:\\\/\\\/lasentinelle.dz\\\/index.php\\\/2025\\\/10\\\/22\\\/opere-avec-succes-de-lepaule-amine-gouiri-rassure\\\/\"]}]},{\"@type\":\"ImageObject\",\"inLanguage\":\"fr-FR\",\"@id\":\"https:\\\/\\\/lasentinelle.dz\\\/index.php\\\/2025\\\/10\\\/22\\\/opere-avec-succes-de-lepaule-amine-gouiri-rassure\\\/#primaryimage\",\"url\":\"https:\\\/\\\/lasentinelle.dz\\\/wp-content\\\/uploads\\\/2025\\\/10\\\/Gouiri-2.jpg\",\"contentUrl\":\"https:\\\/\\\/lasentinelle.dz\\\/wp-content\\\/uploads\\\/2025\\\/10\\\/Gouiri-2.jpg\",\"width\":745,\"height\":470},{\"@type\":\"BreadcrumbList\",\"@id\":\"https:\\\/\\\/lasentinelle.dz\\\/index.php\\\/2025\\\/10\\\/22\\\/opere-avec-succes-de-lepaule-amine-gouiri-rassure\\\/#breadcrumb\",\"itemListElement\":[{\"@type\":\"ListItem\",\"position\":1,\"name\":\"Accueil\",\"item\":\"https:\\\/\\\/lasentinelle.dz\\\/\"},{\"@type\":\"ListItem\",\"position\":2,\"name\":\"Op\u00e9r\u00e9 avec succ\u00e8s de l&rsquo;\u00e9paule\u00a0: Amine Gouiri rassure\"}]},{\"@type\":\"WebSite\",\"@id\":\"https:\\\/\\\/lasentinelle.dz\\\/#website\",\"url\":\"https:\\\/\\\/lasentinelle.dz\\\/\",\"name\":\"La Sentinelle\",\"description\":\"Quotidien national d&#039;information\",\"publisher\":{\"@id\":\"https:\\\/\\\/lasentinelle.dz\\\/#organization\"},\"potentialAction\":[{\"@type\":\"SearchAction\",\"target\":{\"@type\":\"EntryPoint\",\"urlTemplate\":\"https:\\\/\\\/lasentinelle.dz\\\/?s={search_term_string}\"},\"query-input\":{\"@type\":\"PropertyValueSpecification\",\"valueRequired\":true,\"valueName\":\"search_term_string\"}}],\"inLanguage\":\"fr-FR\"},{\"@type\":\"Organization\",\"@id\":\"https:\\\/\\\/lasentinelle.dz\\\/#organization\",\"name\":\"Quotidien La Sentinelle\",\"url\":\"https:\\\/\\\/lasentinelle.dz\\\/\",\"logo\":{\"@type\":\"ImageObject\",\"inLanguage\":\"fr-FR\",\"@id\":\"https:\\\/\\\/lasentinelle.dz\\\/#\\\/schema\\\/logo\\\/image\\\/\",\"url\":\"https:\\\/\\\/lasentinelle.dz\\\/wp-content\\\/uploads\\\/2021\\\/09\\\/logo-sentinelleSLOGAN-1.png\",\"contentUrl\":\"https:\\\/\\\/lasentinelle.dz\\\/wp-content\\\/uploads\\\/2021\\\/09\\\/logo-sentinelleSLOGAN-1.png\",\"width\":615,\"height\":142,\"caption\":\"Quotidien La Sentinelle\"},\"image\":{\"@id\":\"https:\\\/\\\/lasentinelle.dz\\\/#\\\/schema\\\/logo\\\/image\\\/\"},\"sameAs\":[\"https:\\\/\\\/www.facebook.com\\\/La-Sentinelle-104059864394773\"]},{\"@type\":\"Person\",\"@id\":\"https:\\\/\\\/lasentinelle.dz\\\/#\\\/schema\\\/person\\\/729ee0024f24e0b8c5ec17232f8e8b41\",\"name\":\"admin\",\"image\":{\"@type\":\"ImageObject\",\"inLanguage\":\"fr-FR\",\"@id\":\"https:\\\/\\\/secure.gravatar.com\\\/avatar\\\/4c81fed838786e9b53f540bf46533e750f5d292099ae3b66cfc6fb1982e29df7?s=96&d=mm&r=g\",\"url\":\"https:\\\/\\\/secure.gravatar.com\\\/avatar\\\/4c81fed838786e9b53f540bf46533e750f5d292099ae3b66cfc6fb1982e29df7?s=96&d=mm&r=g\",\"contentUrl\":\"https:\\\/\\\/secure.gravatar.com\\\/avatar\\\/4c81fed838786e9b53f540bf46533e750f5d292099ae3b66cfc6fb1982e29df7?s=96&d=mm&r=g\",\"caption\":\"admin\"},\"description\":\"admin\",\"url\":\"https:\\\/\\\/lasentinelle.dz\\\/author\\\/admin\\\/\"}]}<\/script>\n<!-- \/ Yoast SEO plugin. -->","yoast_head_json":{"title":"Op\u00e9r\u00e9 avec succ\u00e8s de l&rsquo;\u00e9paule\u00a0: Amine Gouiri rassure - La Sentinelle","robots":{"index":"index","follow":"follow","max-snippet":"max-snippet:-1","max-image-preview":"max-image-preview:large","max-video-preview":"max-video-preview:-1"},"canonical":"https:\/\/lasentinelle.dz\/index.php\/2025\/10\/22\/opere-avec-succes-de-lepaule-amine-gouiri-rassure\/","og_locale":"fr_FR","og_type":"article","og_title":"Op\u00e9r\u00e9 avec succ\u00e8s de l&rsquo;\u00e9paule\u00a0: Amine Gouiri rassure - La Sentinelle","og_description":"Amine Gouiri a rassur\u00e9 ses supporters en donnant de ses nouvelles via une publication sur son compte Instagram depuis son","og_url":"https:\/\/lasentinelle.dz\/index.php\/2025\/10\/22\/opere-avec-succes-de-lepaule-amine-gouiri-rassure\/","og_site_name":"La Sentinelle","article_publisher":"https:\/\/www.facebook.com\/La-Sentinelle-104059864394773","article_published_time":"2025-10-22T10:50:49+00:00","article_modified_time":"2025-10-22T10:50:50+00:00","og_image":[{"width":745,"height":470,"url":"https:\/\/lasentinelle.dz\/wp-content\/uploads\/2025\/10\/Gouiri-2.jpg","type":"image\/jpeg"}],"author":"admin","twitter_card":"summary_large_image","twitter_misc":{"\u00c9crit par":"admin","Dur\u00e9e de lecture estim\u00e9e":"4 minutes"},"schema":{"@context":"https:\/\/schema.org","@graph":[{"@type":"Article","@id":"https:\/\/lasentinelle.dz\/index.php\/2025\/10\/22\/opere-avec-succes-de-lepaule-amine-gouiri-rassure\/#article","isPartOf":{"@id":"https:\/\/lasentinelle.dz\/index.php\/2025\/10\/22\/opere-avec-succes-de-lepaule-amine-gouiri-rassure\/"},"author":{"name":"admin","@id":"https:\/\/lasentinelle.dz\/#\/schema\/person\/729ee0024f24e0b8c5ec17232f8e8b41"},"headline":"Op\u00e9r\u00e9 avec succ\u00e8s de l&rsquo;\u00e9paule\u00a0: Amine Gouiri rassure","datePublished":"2025-10-22T10:50:49+00:00","dateModified":"2025-10-22T10:50:50+00:00","mainEntityOfPage":{"@id":"https:\/\/lasentinelle.dz\/index.php\/2025\/10\/22\/opere-avec-succes-de-lepaule-amine-gouiri-rassure\/"},"wordCount":708,"commentCount":0,"publisher":{"@id":"https:\/\/lasentinelle.dz\/#organization"},"image":{"@id":"https:\/\/lasentinelle.dz\/index.php\/2025\/10\/22\/opere-avec-succes-de-lepaule-amine-gouiri-rassure\/#primaryimage"},"thumbnailUrl":"https:\/\/lasentinelle.dz\/wp-content\/uploads\/2025\/10\/Gouiri-2.jpg","articleSection":["Sports"],"inLanguage":"fr-FR","potentialAction":[{"@type":"CommentAction","name":"Comment","target":["https:\/\/lasentinelle.dz\/index.php\/2025\/10\/22\/opere-avec-succes-de-lepaule-amine-gouiri-rassure\/#respond"]}]},{"@type":"WebPage","@id":"https:\/\/lasentinelle.dz\/index.php\/2025\/10\/22\/opere-avec-succes-de-lepaule-amine-gouiri-rassure\/","url":"https:\/\/lasentinelle.dz\/index.php\/2025\/10\/22\/opere-avec-succes-de-lepaule-amine-gouiri-rassure\/","name":"Op\u00e9r\u00e9 avec succ\u00e8s de l&rsquo;\u00e9paule\u00a0: Amine Gouiri rassure - La Sentinelle","isPartOf":{"@id":"https:\/\/lasentinelle.dz\/#website"},"primaryImageOfPage":{"@id":"https:\/\/lasentinelle.dz\/index.php\/2025\/10\/22\/opere-avec-succes-de-lepaule-amine-gouiri-rassure\/#primaryimage"},"image":{"@id":"https:\/\/lasentinelle.dz\/index.php\/2025\/10\/22\/opere-avec-succes-de-lepaule-amine-gouiri-rassure\/#primaryimage"},"thumbnailUrl":"https:\/\/lasentinelle.dz\/wp-content\/uploads\/2025\/10\/Gouiri-2.jpg","datePublished":"2025-10-22T10:50:49+00:00","dateModified":"2025-10-22T10:50:50+00:00","breadcrumb":{"@id":"https:\/\/lasentinelle.dz\/index.php\/2025\/10\/22\/opere-avec-succes-de-lepaule-amine-gouiri-rassure\/#breadcrumb"},"inLanguage":"fr-FR","potentialAction":[{"@type":"ReadAction","target":["https:\/\/lasentinelle.dz\/index.php\/2025\/10\/22\/opere-avec-succes-de-lepaule-amine-gouiri-rassure\/"]}]},{"@type":"ImageObject","inLanguage":"fr-FR","@id":"https:\/\/lasentinelle.dz\/index.php\/2025\/10\/22\/opere-avec-succes-de-lepaule-amine-gouiri-rassure\/#primaryimage","url":"https:\/\/lasentinelle.dz\/wp-content\/uploads\/2025\/10\/Gouiri-2.jpg","contentUrl":"https:\/\/lasentinelle.dz\/wp-content\/uploads\/2025\/10\/Gouiri-2.jpg","width":745,"height":470},{"@type":"BreadcrumbList","@id":"https:\/\/lasentinelle.dz\/index.php\/2025\/10\/22\/opere-avec-succes-de-lepaule-amine-gouiri-rassure\/#breadcrumb","itemListElement":[{"@type":"ListItem","position":1,"name":"Accueil","item":"https:\/\/lasentinelle.dz\/"},{"@type":"ListItem","position":2,"name":"Op\u00e9r\u00e9 avec succ\u00e8s de l&rsquo;\u00e9paule\u00a0: Amine Gouiri rassure"}]},{"@type":"WebSite","@id":"https:\/\/lasentinelle.dz\/#website","url":"https:\/\/lasentinelle.dz\/","name":"La Sentinelle","description":"Quotidien national d&#039;information","publisher":{"@id":"https:\/\/lasentinelle.dz\/#organization"},"potentialAction":[{"@type":"SearchAction","target":{"@type":"EntryPoint","urlTemplate":"https:\/\/lasentinelle.dz\/?s={search_term_string}"},"query-input":{"@type":"PropertyValueSpecification","valueRequired":true,"valueName":"search_term_string"}}],"inLanguage":"fr-FR"},{"@type":"Organization","@id":"https:\/\/lasentinelle.dz\/#organization","name":"Quotidien La Sentinelle","url":"https:\/\/lasentinelle.dz\/","logo":{"@type":"ImageObject","inLanguage":"fr-FR","@id":"https:\/\/lasentinelle.dz\/#\/schema\/logo\/image\/","url":"https:\/\/lasentinelle.dz\/wp-content\/uploads\/2021\/09\/logo-sentinelleSLOGAN-1.png","contentUrl":"https:\/\/lasentinelle.dz\/wp-content\/uploads\/2021\/09\/logo-sentinelleSLOGAN-1.png","width":615,"height":142,"caption":"Quotidien La Sentinelle"},"image":{"@id":"https:\/\/lasentinelle.dz\/#\/schema\/logo\/image\/"},"sameAs":["https:\/\/www.facebook.com\/La-Sentinelle-104059864394773"]},{"@type":"Person","@id":"https:\/\/lasentinelle.dz\/#\/schema\/person\/729ee0024f24e0b8c5ec17232f8e8b41","name":"admin","image":{"@type":"ImageObject","inLanguage":"fr-FR","@id":"https:\/\/secure.gravatar.com\/avatar\/4c81fed838786e9b53f540bf46533e750f5d292099ae3b66cfc6fb1982e29df7?s=96&d=mm&r=g","url":"https:\/\/secure.gravatar.com\/avatar\/4c81fed838786e9b53f540bf46533e750f5d292099ae3b66cfc6fb1982e29df7?s=96&d=mm&r=g","contentUrl":"https:\/\/secure.gravatar.com\/avatar\/4c81fed838786e9b53f540bf46533e750f5d292099ae3b66cfc6fb1982e29df7?s=96&d=mm&r=g","caption":"admin"},"description":"admin","url":"https:\/\/lasentinelle.dz\/author\/admin\/"}]}},"_links":{"self":[{"href":"https:\/\/lasentinelle.dz\/index.php\/wp-json\/wp\/v2\/posts\/75077","targetHints":{"allow":["GET"]}}],"collection":[{"href":"https:\/\/lasentinelle.dz\/index.php\/wp-json\/wp\/v2\/posts"}],"about":[{"href":"https:\/\/lasentinelle.dz\/index.php\/wp-json\/wp\/v2\/types\/post"}],"author":[{"embeddable":true,"href":"https:\/\/lasentinelle.dz\/index.php\/wp-json\/wp\/v2\/users\/6"}],"replies":[{"embeddable":true,"href":"https:\/\/lasentinelle.dz\/index.php\/wp-json\/wp\/v2\/comments?post=75077"}],"version-history":[{"count":2,"href":"https:\/\/lasentinelle.dz\/index.php\/wp-json\/wp\/v2\/posts\/75077\/revisions"}],"predecessor-version":[{"id":75080,"href":"https:\/\/lasentinelle.dz\/index.php\/wp-json\/wp\/v2\/posts\/75077\/revisions\/75080"}],"wp:featuredmedia":[{"embeddable":true,"href":"https:\/\/lasentinelle.dz\/index.php\/wp-json\/wp\/v2\/media\/75078"}],"wp:attachment":[{"href":"https:\/\/lasentinelle.dz\/index.php\/wp-json\/wp\/v2\/media?parent=75077"}],"wp:term":[{"taxonomy":"category","embeddable":true,"href":"https:\/\/lasentinelle.dz\/index.php\/wp-json\/wp\/v2\/categories?post=75077"},{"taxonomy":"post_tag","embeddable":true,"href":"https:\/\/lasentinelle.dz\/index.php\/wp-json\/wp\/v2\/tags?post=75077"}],"curies":[{"name":"wp","href":"https:\/\/api.w.org\/{rel}","templated":true}]}}