{"id":75081,"date":"2025-10-22T11:51:39","date_gmt":"2025-10-22T10:51:39","guid":{"rendered":"https:\/\/lasentinelle.dz\/?p=75081"},"modified":"2025-10-22T11:51:40","modified_gmt":"2025-10-22T10:51:40","slug":"can-feminine-2026-benstiti-veut-renverser-lhistoire-face-au-cameroun","status":"publish","type":"post","link":"https:\/\/lasentinelle.dz\/index.php\/2025\/10\/22\/can-feminine-2026-benstiti-veut-renverser-lhistoire-face-au-cameroun\/","title":{"rendered":"CAN f\u00e9minine 2026\u00a0: Benstiti veut renverser l&rsquo;histoire face au Cameroun"},"content":{"rendered":"\n<p>Le s\u00e9lectionneur de l&rsquo;\u00e9quipe nationale f\u00e9minine de football, Farid Benstiti, s&rsquo;est fix\u00e9 un objectif clair et ambitieux \u00e0 l&rsquo;approche de la double confrontation contre le Cameroun pr\u00e9vue les 23 et 28 octobre dans le cadre du deuxi\u00e8me et dernier tour qualificatif \u00e0 la phase finale de la Coupe d&rsquo;Afrique des nations 2026 : briser la mal\u00e9diction camerounaise et d\u00e9crocher une qualification vitale pour l&rsquo;avenir du football f\u00e9minin alg\u00e9rien.<\/p>\n\n\n\n<p>Lors d&rsquo;une conf\u00e9rence de presse tenue lundi au stade Nelson Mandela de Baraki, le technicien a reconnu la difficult\u00e9 de la t\u00e2che tout en affichant une d\u00e9termination sans faille. Le coach des Vertes n&rsquo;a pas cach\u00e9 la r\u00e9alit\u00e9 des chiffres et du rapport de forces. \u00ab\u00a0Statistiquement parlant, l&rsquo;Alg\u00e9rie n&rsquo;a jamais r\u00e9ussi \u00e0 battre le Cameroun en comp\u00e9tition officielle. Donc, logiquement, elles partent favorites pour cette double confrontation. Mais comme on dit, il y a un d\u00e9but \u00e0 tout, et c&rsquo;est en partant de ce principe que nous ambitionnons de changer la donne, en passant l&rsquo;\u00e9cueil du Cameroun pour aller \u00e0 la CAN\u00a0\u00bb, a d\u00e9clar\u00e9 Benstiti avec r\u00e9alisme. Cette lucidit\u00e9 n&rsquo;entame pourtant en rien sa conviction que ses joueuses peuvent cr\u00e9er la surprise et inverser une tendance historique d\u00e9favorable.<\/p>\n\n\n\n<p>Au-del\u00e0 de l&rsquo;aspect purement sportif de cette double confrontation, le s\u00e9lectionneur national a replac\u00e9 cet objectif de qualification dans une perspective strat\u00e9gique beaucoup plus large, celle de la participation au Mondial 2027 au Br\u00e9sil. Benstiti a expliqu\u00e9 qu&rsquo;il s&rsquo;\u00e9tait fix\u00e9 plusieurs objectifs avec l&rsquo;\u00e9quipe nationale sur le court et moyen terme, mais certains parmi ces objectifs sont, selon ses propres termes, vitaux car \u00ab\u00a0ils constituent une porte d&rsquo;entr\u00e9e\u00a0\u00bb pour les autres objectifs. \u00ab\u00a0Les quatre s\u00e9lections africaines qui iront au Mondial-f\u00e9minin de 2027 seront celles qui termineront aux quatre premi\u00e8res places lors de la CAN-2026. Autrement dit, pour aller au Mondial, il faut obligatoirement \u00eatre qualifi\u00e9 pour la CAN, sinon, tout le reste est compromis. A partir de l\u00e0, ce premier objectif, sur le court terme, qui est la qualification \u00e0 la phase finale de la CAN-2026, devient indispensable, car les autres objectifs, sur le long terme, comme le Mondial de 2027 d\u00e9pendent essentiellement de lui\u00a0\u00bb, a-t-il encore expliqu\u00e9. Pour maximiser les chances de son \u00e9quipe face \u00e0 un adversaire redoutable, Farid Benstiti a adopt\u00e9 une strat\u00e9gie bas\u00e9e sur la continuit\u00e9 et le renforcement cibl\u00e9. Le technicien a privil\u00e9gi\u00e9 la stabilit\u00e9 du groupe plut\u00f4t que le bouleversement, tout en proc\u00e9dant \u00e0 des ajustements judicieux. \u00ab\u00a0Nous avons pr\u00e9serv\u00e9 l&rsquo;ossature de notre \u00e9quipe, pour entretenir l&rsquo;homog\u00e9n\u00e9it\u00e9 de notre jeu, et nous avons renforc\u00e9 nos rangs par quelques joueuses de qualit\u00e9, susceptibles de nous apporter un plus, notamment, sur le plan offensif\u00a0\u00bb, a-t-il d\u00e9taill\u00e9. Le travail d&rsquo;observation et d&rsquo;analyse de l&rsquo;adversaire n&rsquo;a pas \u00e9t\u00e9 n\u00e9glig\u00e9 par le staff technique alg\u00e9rien. Benstiti a r\u00e9v\u00e9l\u00e9 avoir entam\u00e9 un travail de veille d\u00e8s le tirage au sort, accumulant suffisamment d&rsquo;informations pour dresser un portrait pr\u00e9cis de l&rsquo;\u00e9quipe camerounaise. \u00ab\u00a0Juste apr\u00e8s le tirage au sort, j&rsquo;ai commenc\u00e9 \u00e0 m&rsquo;int\u00e9resser de tr\u00e8s pr\u00e8s au Cameroun, car il est bon de conna\u00eetre son adversaire. Au fil du temps, j&rsquo;ai fini par r\u00e9unir suffisamment d&rsquo;informations pour bien l&rsquo;analyser et mon constat a \u00e9t\u00e9 que nous serons appel\u00e9s \u00e0 d\u00e9fier une tr\u00e8s bonne \u00e9quipe, qui est presque l&rsquo;\u00e9gale de la redoutable s\u00e9lection du Nigeria. Pas avec le m\u00eame palmar\u00e8s, certes, mais avec toutes la qualit\u00e9 physique et technique qui font la grandeur de cette \u00e9quipe\u00a0\u00bb, a-t-il affirm\u00e9. La strat\u00e9gie imagin\u00e9e par Benstiti repose sur l&rsquo;exploitation des atouts de son \u00e9quipe, notamment sa fra\u00eecheur physique et sa mobilit\u00e9. \u00ab\u00a0Nous esp\u00e9rons utiliser notre fra\u00eecheur et notre mobilit\u00e9 pour faire la diff\u00e9rence au match aller, qui se jouera chez nous, en essayant de g\u00e9rer convenablement le match retour, avec l&rsquo;espoir que la qualification sera au bout\u00a0\u00bb, a-t-il souhait\u00e9. L&rsquo;avantage de recevoir au match aller devant le public oranais au stade Miloud Hadefi jeudi \u00e0 19h00 constitue un atout \u00e0 ne pas n\u00e9gliger dans cette qu\u00eate de qualification. Sur le plan de la pr\u00e9paration, l&rsquo;\u00e9quipe nationale a entam\u00e9 son stage au Centre technique de Sidi-Moussa avec vingt-six joueuses convoqu\u00e9es, dont deux \u00e9voluant dans le championnat local. La premi\u00e8re s\u00e9ance d&rsquo;entra\u00eenement effectu\u00e9e lundi apr\u00e8s-midi a \u00e9t\u00e9 ax\u00e9e sur la r\u00e9cup\u00e9ration, selon les informations fournies par la F\u00e9d\u00e9ration alg\u00e9rienne de football. Le groupe a toutefois enregistr\u00e9 un coup dur avec la blessure de l&rsquo;attaquante Morgane Ikene, remplac\u00e9e par In\u00e8s Khiri qui \u00e9volue au FC Yverdon Sport en Suisse, modification qui intervient \u00e0 un moment crucial de la pr\u00e9paration. Le match retour se d\u00e9roulera le 28 octobre \u00e0 15h30 au stade de la R\u00e9unification \u00e0 Douala, dans une ambiance certainement hostile. La phase finale de la prochaine CAN f\u00e9minine se jouera du 17 mars au 03 avril 2026, ouvrant la voie au Mondial br\u00e9silien pr\u00e9vu du 24 juin au 25 juillet 2027, dixi\u00e8me \u00e9dition de ce tournoi qui r\u00e9unira 32 nations en lice pour le troph\u00e9e supr\u00eame. Pour les Alg\u00e9riennes, tout commence donc jeudi soir \u00e0 Oran.<\/p>\n\n\n\n<p>Moncef Dahleb<\/p>\n","protected":false},"excerpt":{"rendered":"<p>Le s\u00e9lectionneur de l&rsquo;\u00e9quipe nationale f\u00e9minine de football, Farid Benstiti, s&rsquo;est fix\u00e9 un objectif clair et ambitieux \u00e0 l&rsquo;approche de<\/p>\n","protected":false},"author":6,"featured_media":75082,"comment_status":"open","ping_status":"closed","sticky":false,"template":"","format":"standard","meta":{"colormag_page_container_layout":"default_layout","colormag_page_sidebar_layout":"default_layout","om_disable_all_campaigns":false,"_monsterinsights_skip_tracking":false,"_monsterinsights_sitenote_active":false,"_monsterinsights_sitenote_note":"","_monsterinsights_sitenote_category":0,"footnotes":"","_wpscppro_dont_share_socialmedia":false,"_wpscppro_custom_social_share_image":0,"_facebook_share_type":"default","_twitter_share_type":"default","_linkedin_share_type":"default","_pinterest_share_type":"default","_linkedin_share_type_page":"","_instagram_share_type":"default","_medium_share_type":"default","_threads_share_type":"default","_google_business_share_type":"default","_selected_social_profile":[],"_wpsp_enable_custom_social_template":false,"_wpsp_social_scheduling":{"enabled":false,"datetime":null,"platforms":[],"status":"template_only","dateOption":"today","timeOption":"now","customDays":"","customHours":"","customDate":"","customTime":"","schedulingType":"absolute"},"_wpsp_active_default_template":true},"categories":[33],"tags":[],"class_list":["post-75081","post","type-post","status-publish","format-standard","has-post-thumbnail","hentry","category-sports"],"aioseo_notices":[],"yoast_head":"<!-- This site is optimized with the Yoast SEO plugin v27.4 - https:\/\/yoast.com\/product\/yoast-seo-wordpress\/ -->\n<title>CAN f\u00e9minine 2026\u00a0: Benstiti veut renverser l&rsquo;histoire face au Cameroun - La Sentinelle<\/title>\n<meta name=\"robots\" content=\"index, follow, max-snippet:-1, max-image-preview:large, max-video-preview:-1\" \/>\n<link rel=\"canonical\" href=\"https:\/\/lasentinelle.dz\/index.php\/2025\/10\/22\/can-feminine-2026-benstiti-veut-renverser-lhistoire-face-au-cameroun\/\" \/>\n<meta property=\"og:locale\" content=\"fr_FR\" \/>\n<meta property=\"og:type\" content=\"article\" \/>\n<meta property=\"og:title\" content=\"CAN f\u00e9minine 2026\u00a0: Benstiti veut renverser l&rsquo;histoire face au Cameroun - La Sentinelle\" \/>\n<meta property=\"og:description\" content=\"Le s\u00e9lectionneur de l&rsquo;\u00e9quipe nationale f\u00e9minine de football, Farid Benstiti, s&rsquo;est fix\u00e9 un objectif clair et ambitieux \u00e0 l&rsquo;approche de\" \/>\n<meta property=\"og:url\" content=\"https:\/\/lasentinelle.dz\/index.php\/2025\/10\/22\/can-feminine-2026-benstiti-veut-renverser-lhistoire-face-au-cameroun\/\" \/>\n<meta property=\"og:site_name\" content=\"La Sentinelle\" \/>\n<meta property=\"article:publisher\" content=\"https:\/\/www.facebook.com\/La-Sentinelle-104059864394773\" \/>\n<meta property=\"article:published_time\" content=\"2025-10-22T10:51:39+00:00\" \/>\n<meta property=\"article:modified_time\" content=\"2025-10-22T10:51:40+00:00\" \/>\n<meta property=\"og:image\" content=\"https:\/\/lasentinelle.dz\/wp-content\/uploads\/2025\/10\/Dames.jpg\" \/>\n\t<meta property=\"og:image:width\" content=\"1264\" \/>\n\t<meta property=\"og:image:height\" content=\"857\" \/>\n\t<meta property=\"og:image:type\" content=\"image\/jpeg\" \/>\n<meta name=\"author\" content=\"admin\" \/>\n<meta name=\"twitter:card\" content=\"summary_large_image\" \/>\n<meta name=\"twitter:label1\" content=\"\u00c9crit par\" \/>\n\t<meta name=\"twitter:data1\" content=\"admin\" \/>\n\t<meta name=\"twitter:label2\" content=\"Dur\u00e9e de lecture estim\u00e9e\" \/>\n\t<meta name=\"twitter:data2\" content=\"5 minutes\" \/>\n<script type=\"application\/ld+json\" class=\"yoast-schema-graph\">{\"@context\":\"https:\\\/\\\/schema.org\",\"@graph\":[{\"@type\":\"Article\",\"@id\":\"https:\\\/\\\/lasentinelle.dz\\\/index.php\\\/2025\\\/10\\\/22\\\/can-feminine-2026-benstiti-veut-renverser-lhistoire-face-au-cameroun\\\/#article\",\"isPartOf\":{\"@id\":\"https:\\\/\\\/lasentinelle.dz\\\/index.php\\\/2025\\\/10\\\/22\\\/can-feminine-2026-benstiti-veut-renverser-lhistoire-face-au-cameroun\\\/\"},\"author\":{\"name\":\"admin\",\"@id\":\"https:\\\/\\\/lasentinelle.dz\\\/#\\\/schema\\\/person\\\/729ee0024f24e0b8c5ec17232f8e8b41\"},\"headline\":\"CAN f\u00e9minine 2026\u00a0: Benstiti veut renverser l&rsquo;histoire face au Cameroun\",\"datePublished\":\"2025-10-22T10:51:39+00:00\",\"dateModified\":\"2025-10-22T10:51:40+00:00\",\"mainEntityOfPage\":{\"@id\":\"https:\\\/\\\/lasentinelle.dz\\\/index.php\\\/2025\\\/10\\\/22\\\/can-feminine-2026-benstiti-veut-renverser-lhistoire-face-au-cameroun\\\/\"},\"wordCount\":924,\"commentCount\":0,\"publisher\":{\"@id\":\"https:\\\/\\\/lasentinelle.dz\\\/#organization\"},\"image\":{\"@id\":\"https:\\\/\\\/lasentinelle.dz\\\/index.php\\\/2025\\\/10\\\/22\\\/can-feminine-2026-benstiti-veut-renverser-lhistoire-face-au-cameroun\\\/#primaryimage\"},\"thumbnailUrl\":\"https:\\\/\\\/lasentinelle.dz\\\/wp-content\\\/uploads\\\/2025\\\/10\\\/Dames.jpg\",\"articleSection\":[\"Sports\"],\"inLanguage\":\"fr-FR\",\"potentialAction\":[{\"@type\":\"CommentAction\",\"name\":\"Comment\",\"target\":[\"https:\\\/\\\/lasentinelle.dz\\\/index.php\\\/2025\\\/10\\\/22\\\/can-feminine-2026-benstiti-veut-renverser-lhistoire-face-au-cameroun\\\/#respond\"]}]},{\"@type\":\"WebPage\",\"@id\":\"https:\\\/\\\/lasentinelle.dz\\\/index.php\\\/2025\\\/10\\\/22\\\/can-feminine-2026-benstiti-veut-renverser-lhistoire-face-au-cameroun\\\/\",\"url\":\"https:\\\/\\\/lasentinelle.dz\\\/index.php\\\/2025\\\/10\\\/22\\\/can-feminine-2026-benstiti-veut-renverser-lhistoire-face-au-cameroun\\\/\",\"name\":\"CAN f\u00e9minine 2026\u00a0: Benstiti veut renverser l&rsquo;histoire face au Cameroun - La Sentinelle\",\"isPartOf\":{\"@id\":\"https:\\\/\\\/lasentinelle.dz\\\/#website\"},\"primaryImageOfPage\":{\"@id\":\"https:\\\/\\\/lasentinelle.dz\\\/index.php\\\/2025\\\/10\\\/22\\\/can-feminine-2026-benstiti-veut-renverser-lhistoire-face-au-cameroun\\\/#primaryimage\"},\"image\":{\"@id\":\"https:\\\/\\\/lasentinelle.dz\\\/index.php\\\/2025\\\/10\\\/22\\\/can-feminine-2026-benstiti-veut-renverser-lhistoire-face-au-cameroun\\\/#primaryimage\"},\"thumbnailUrl\":\"https:\\\/\\\/lasentinelle.dz\\\/wp-content\\\/uploads\\\/2025\\\/10\\\/Dames.jpg\",\"datePublished\":\"2025-10-22T10:51:39+00:00\",\"dateModified\":\"2025-10-22T10:51:40+00:00\",\"breadcrumb\":{\"@id\":\"https:\\\/\\\/lasentinelle.dz\\\/index.php\\\/2025\\\/10\\\/22\\\/can-feminine-2026-benstiti-veut-renverser-lhistoire-face-au-cameroun\\\/#breadcrumb\"},\"inLanguage\":\"fr-FR\",\"potentialAction\":[{\"@type\":\"ReadAction\",\"target\":[\"https:\\\/\\\/lasentinelle.dz\\\/index.php\\\/2025\\\/10\\\/22\\\/can-feminine-2026-benstiti-veut-renverser-lhistoire-face-au-cameroun\\\/\"]}]},{\"@type\":\"ImageObject\",\"inLanguage\":\"fr-FR\",\"@id\":\"https:\\\/\\\/lasentinelle.dz\\\/index.php\\\/2025\\\/10\\\/22\\\/can-feminine-2026-benstiti-veut-renverser-lhistoire-face-au-cameroun\\\/#primaryimage\",\"url\":\"https:\\\/\\\/lasentinelle.dz\\\/wp-content\\\/uploads\\\/2025\\\/10\\\/Dames.jpg\",\"contentUrl\":\"https:\\\/\\\/lasentinelle.dz\\\/wp-content\\\/uploads\\\/2025\\\/10\\\/Dames.jpg\",\"width\":1264,\"height\":857},{\"@type\":\"BreadcrumbList\",\"@id\":\"https:\\\/\\\/lasentinelle.dz\\\/index.php\\\/2025\\\/10\\\/22\\\/can-feminine-2026-benstiti-veut-renverser-lhistoire-face-au-cameroun\\\/#breadcrumb\",\"itemListElement\":[{\"@type\":\"ListItem\",\"position\":1,\"name\":\"Accueil\",\"item\":\"https:\\\/\\\/lasentinelle.dz\\\/\"},{\"@type\":\"ListItem\",\"position\":2,\"name\":\"CAN f\u00e9minine 2026\u00a0: Benstiti veut renverser l&rsquo;histoire face au Cameroun\"}]},{\"@type\":\"WebSite\",\"@id\":\"https:\\\/\\\/lasentinelle.dz\\\/#website\",\"url\":\"https:\\\/\\\/lasentinelle.dz\\\/\",\"name\":\"La Sentinelle\",\"description\":\"Quotidien national d&#039;information\",\"publisher\":{\"@id\":\"https:\\\/\\\/lasentinelle.dz\\\/#organization\"},\"potentialAction\":[{\"@type\":\"SearchAction\",\"target\":{\"@type\":\"EntryPoint\",\"urlTemplate\":\"https:\\\/\\\/lasentinelle.dz\\\/?s={search_term_string}\"},\"query-input\":{\"@type\":\"PropertyValueSpecification\",\"valueRequired\":true,\"valueName\":\"search_term_string\"}}],\"inLanguage\":\"fr-FR\"},{\"@type\":\"Organization\",\"@id\":\"https:\\\/\\\/lasentinelle.dz\\\/#organization\",\"name\":\"Quotidien La Sentinelle\",\"url\":\"https:\\\/\\\/lasentinelle.dz\\\/\",\"logo\":{\"@type\":\"ImageObject\",\"inLanguage\":\"fr-FR\",\"@id\":\"https:\\\/\\\/lasentinelle.dz\\\/#\\\/schema\\\/logo\\\/image\\\/\",\"url\":\"https:\\\/\\\/lasentinelle.dz\\\/wp-content\\\/uploads\\\/2021\\\/09\\\/logo-sentinelleSLOGAN-1.png\",\"contentUrl\":\"https:\\\/\\\/lasentinelle.dz\\\/wp-content\\\/uploads\\\/2021\\\/09\\\/logo-sentinelleSLOGAN-1.png\",\"width\":615,\"height\":142,\"caption\":\"Quotidien La Sentinelle\"},\"image\":{\"@id\":\"https:\\\/\\\/lasentinelle.dz\\\/#\\\/schema\\\/logo\\\/image\\\/\"},\"sameAs\":[\"https:\\\/\\\/www.facebook.com\\\/La-Sentinelle-104059864394773\"]},{\"@type\":\"Person\",\"@id\":\"https:\\\/\\\/lasentinelle.dz\\\/#\\\/schema\\\/person\\\/729ee0024f24e0b8c5ec17232f8e8b41\",\"name\":\"admin\",\"image\":{\"@type\":\"ImageObject\",\"inLanguage\":\"fr-FR\",\"@id\":\"https:\\\/\\\/secure.gravatar.com\\\/avatar\\\/4c81fed838786e9b53f540bf46533e750f5d292099ae3b66cfc6fb1982e29df7?s=96&d=mm&r=g\",\"url\":\"https:\\\/\\\/secure.gravatar.com\\\/avatar\\\/4c81fed838786e9b53f540bf46533e750f5d292099ae3b66cfc6fb1982e29df7?s=96&d=mm&r=g\",\"contentUrl\":\"https:\\\/\\\/secure.gravatar.com\\\/avatar\\\/4c81fed838786e9b53f540bf46533e750f5d292099ae3b66cfc6fb1982e29df7?s=96&d=mm&r=g\",\"caption\":\"admin\"},\"description\":\"admin\",\"url\":\"https:\\\/\\\/lasentinelle.dz\\\/author\\\/admin\\\/\"}]}<\/script>\n<!-- \/ Yoast SEO plugin. -->","yoast_head_json":{"title":"CAN f\u00e9minine 2026\u00a0: Benstiti veut renverser l&rsquo;histoire face au Cameroun - La Sentinelle","robots":{"index":"index","follow":"follow","max-snippet":"max-snippet:-1","max-image-preview":"max-image-preview:large","max-video-preview":"max-video-preview:-1"},"canonical":"https:\/\/lasentinelle.dz\/index.php\/2025\/10\/22\/can-feminine-2026-benstiti-veut-renverser-lhistoire-face-au-cameroun\/","og_locale":"fr_FR","og_type":"article","og_title":"CAN f\u00e9minine 2026\u00a0: Benstiti veut renverser l&rsquo;histoire face au Cameroun - La Sentinelle","og_description":"Le s\u00e9lectionneur de l&rsquo;\u00e9quipe nationale f\u00e9minine de football, Farid Benstiti, s&rsquo;est fix\u00e9 un objectif clair et ambitieux \u00e0 l&rsquo;approche de","og_url":"https:\/\/lasentinelle.dz\/index.php\/2025\/10\/22\/can-feminine-2026-benstiti-veut-renverser-lhistoire-face-au-cameroun\/","og_site_name":"La Sentinelle","article_publisher":"https:\/\/www.facebook.com\/La-Sentinelle-104059864394773","article_published_time":"2025-10-22T10:51:39+00:00","article_modified_time":"2025-10-22T10:51:40+00:00","og_image":[{"width":1264,"height":857,"url":"https:\/\/lasentinelle.dz\/wp-content\/uploads\/2025\/10\/Dames.jpg","type":"image\/jpeg"}],"author":"admin","twitter_card":"summary_large_image","twitter_misc":{"\u00c9crit par":"admin","Dur\u00e9e de lecture estim\u00e9e":"5 minutes"},"schema":{"@context":"https:\/\/schema.org","@graph":[{"@type":"Article","@id":"https:\/\/lasentinelle.dz\/index.php\/2025\/10\/22\/can-feminine-2026-benstiti-veut-renverser-lhistoire-face-au-cameroun\/#article","isPartOf":{"@id":"https:\/\/lasentinelle.dz\/index.php\/2025\/10\/22\/can-feminine-2026-benstiti-veut-renverser-lhistoire-face-au-cameroun\/"},"author":{"name":"admin","@id":"https:\/\/lasentinelle.dz\/#\/schema\/person\/729ee0024f24e0b8c5ec17232f8e8b41"},"headline":"CAN f\u00e9minine 2026\u00a0: Benstiti veut renverser l&rsquo;histoire face au Cameroun","datePublished":"2025-10-22T10:51:39+00:00","dateModified":"2025-10-22T10:51:40+00:00","mainEntityOfPage":{"@id":"https:\/\/lasentinelle.dz\/index.php\/2025\/10\/22\/can-feminine-2026-benstiti-veut-renverser-lhistoire-face-au-cameroun\/"},"wordCount":924,"commentCount":0,"publisher":{"@id":"https:\/\/lasentinelle.dz\/#organization"},"image":{"@id":"https:\/\/lasentinelle.dz\/index.php\/2025\/10\/22\/can-feminine-2026-benstiti-veut-renverser-lhistoire-face-au-cameroun\/#primaryimage"},"thumbnailUrl":"https:\/\/lasentinelle.dz\/wp-content\/uploads\/2025\/10\/Dames.jpg","articleSection":["Sports"],"inLanguage":"fr-FR","potentialAction":[{"@type":"CommentAction","name":"Comment","target":["https:\/\/lasentinelle.dz\/index.php\/2025\/10\/22\/can-feminine-2026-benstiti-veut-renverser-lhistoire-face-au-cameroun\/#respond"]}]},{"@type":"WebPage","@id":"https:\/\/lasentinelle.dz\/index.php\/2025\/10\/22\/can-feminine-2026-benstiti-veut-renverser-lhistoire-face-au-cameroun\/","url":"https:\/\/lasentinelle.dz\/index.php\/2025\/10\/22\/can-feminine-2026-benstiti-veut-renverser-lhistoire-face-au-cameroun\/","name":"CAN f\u00e9minine 2026\u00a0: Benstiti veut renverser l&rsquo;histoire face au Cameroun - La Sentinelle","isPartOf":{"@id":"https:\/\/lasentinelle.dz\/#website"},"primaryImageOfPage":{"@id":"https:\/\/lasentinelle.dz\/index.php\/2025\/10\/22\/can-feminine-2026-benstiti-veut-renverser-lhistoire-face-au-cameroun\/#primaryimage"},"image":{"@id":"https:\/\/lasentinelle.dz\/index.php\/2025\/10\/22\/can-feminine-2026-benstiti-veut-renverser-lhistoire-face-au-cameroun\/#primaryimage"},"thumbnailUrl":"https:\/\/lasentinelle.dz\/wp-content\/uploads\/2025\/10\/Dames.jpg","datePublished":"2025-10-22T10:51:39+00:00","dateModified":"2025-10-22T10:51:40+00:00","breadcrumb":{"@id":"https:\/\/lasentinelle.dz\/index.php\/2025\/10\/22\/can-feminine-2026-benstiti-veut-renverser-lhistoire-face-au-cameroun\/#breadcrumb"},"inLanguage":"fr-FR","potentialAction":[{"@type":"ReadAction","target":["https:\/\/lasentinelle.dz\/index.php\/2025\/10\/22\/can-feminine-2026-benstiti-veut-renverser-lhistoire-face-au-cameroun\/"]}]},{"@type":"ImageObject","inLanguage":"fr-FR","@id":"https:\/\/lasentinelle.dz\/index.php\/2025\/10\/22\/can-feminine-2026-benstiti-veut-renverser-lhistoire-face-au-cameroun\/#primaryimage","url":"https:\/\/lasentinelle.dz\/wp-content\/uploads\/2025\/10\/Dames.jpg","contentUrl":"https:\/\/lasentinelle.dz\/wp-content\/uploads\/2025\/10\/Dames.jpg","width":1264,"height":857},{"@type":"BreadcrumbList","@id":"https:\/\/lasentinelle.dz\/index.php\/2025\/10\/22\/can-feminine-2026-benstiti-veut-renverser-lhistoire-face-au-cameroun\/#breadcrumb","itemListElement":[{"@type":"ListItem","position":1,"name":"Accueil","item":"https:\/\/lasentinelle.dz\/"},{"@type":"ListItem","position":2,"name":"CAN f\u00e9minine 2026\u00a0: Benstiti veut renverser l&rsquo;histoire face au Cameroun"}]},{"@type":"WebSite","@id":"https:\/\/lasentinelle.dz\/#website","url":"https:\/\/lasentinelle.dz\/","name":"La Sentinelle","description":"Quotidien national d&#039;information","publisher":{"@id":"https:\/\/lasentinelle.dz\/#organization"},"potentialAction":[{"@type":"SearchAction","target":{"@type":"EntryPoint","urlTemplate":"https:\/\/lasentinelle.dz\/?s={search_term_string}"},"query-input":{"@type":"PropertyValueSpecification","valueRequired":true,"valueName":"search_term_string"}}],"inLanguage":"fr-FR"},{"@type":"Organization","@id":"https:\/\/lasentinelle.dz\/#organization","name":"Quotidien La Sentinelle","url":"https:\/\/lasentinelle.dz\/","logo":{"@type":"ImageObject","inLanguage":"fr-FR","@id":"https:\/\/lasentinelle.dz\/#\/schema\/logo\/image\/","url":"https:\/\/lasentinelle.dz\/wp-content\/uploads\/2021\/09\/logo-sentinelleSLOGAN-1.png","contentUrl":"https:\/\/lasentinelle.dz\/wp-content\/uploads\/2021\/09\/logo-sentinelleSLOGAN-1.png","width":615,"height":142,"caption":"Quotidien La Sentinelle"},"image":{"@id":"https:\/\/lasentinelle.dz\/#\/schema\/logo\/image\/"},"sameAs":["https:\/\/www.facebook.com\/La-Sentinelle-104059864394773"]},{"@type":"Person","@id":"https:\/\/lasentinelle.dz\/#\/schema\/person\/729ee0024f24e0b8c5ec17232f8e8b41","name":"admin","image":{"@type":"ImageObject","inLanguage":"fr-FR","@id":"https:\/\/secure.gravatar.com\/avatar\/4c81fed838786e9b53f540bf46533e750f5d292099ae3b66cfc6fb1982e29df7?s=96&d=mm&r=g","url":"https:\/\/secure.gravatar.com\/avatar\/4c81fed838786e9b53f540bf46533e750f5d292099ae3b66cfc6fb1982e29df7?s=96&d=mm&r=g","contentUrl":"https:\/\/secure.gravatar.com\/avatar\/4c81fed838786e9b53f540bf46533e750f5d292099ae3b66cfc6fb1982e29df7?s=96&d=mm&r=g","caption":"admin"},"description":"admin","url":"https:\/\/lasentinelle.dz\/author\/admin\/"}]}},"_links":{"self":[{"href":"https:\/\/lasentinelle.dz\/index.php\/wp-json\/wp\/v2\/posts\/75081","targetHints":{"allow":["GET"]}}],"collection":[{"href":"https:\/\/lasentinelle.dz\/index.php\/wp-json\/wp\/v2\/posts"}],"about":[{"href":"https:\/\/lasentinelle.dz\/index.php\/wp-json\/wp\/v2\/types\/post"}],"author":[{"embeddable":true,"href":"https:\/\/lasentinelle.dz\/index.php\/wp-json\/wp\/v2\/users\/6"}],"replies":[{"embeddable":true,"href":"https:\/\/lasentinelle.dz\/index.php\/wp-json\/wp\/v2\/comments?post=75081"}],"version-history":[{"count":2,"href":"https:\/\/lasentinelle.dz\/index.php\/wp-json\/wp\/v2\/posts\/75081\/revisions"}],"predecessor-version":[{"id":75084,"href":"https:\/\/lasentinelle.dz\/index.php\/wp-json\/wp\/v2\/posts\/75081\/revisions\/75084"}],"wp:featuredmedia":[{"embeddable":true,"href":"https:\/\/lasentinelle.dz\/index.php\/wp-json\/wp\/v2\/media\/75082"}],"wp:attachment":[{"href":"https:\/\/lasentinelle.dz\/index.php\/wp-json\/wp\/v2\/media?parent=75081"}],"wp:term":[{"taxonomy":"category","embeddable":true,"href":"https:\/\/lasentinelle.dz\/index.php\/wp-json\/wp\/v2\/categories?post=75081"},{"taxonomy":"post_tag","embeddable":true,"href":"https:\/\/lasentinelle.dz\/index.php\/wp-json\/wp\/v2\/tags?post=75081"}],"curies":[{"name":"wp","href":"https:\/\/api.w.org\/{rel}","templated":true}]}}