{"id":75091,"date":"2025-10-22T11:57:44","date_gmt":"2025-10-22T10:57:44","guid":{"rendered":"https:\/\/lasentinelle.dz\/?p=75091"},"modified":"2025-10-22T11:57:45","modified_gmt":"2025-10-22T10:57:45","slug":"arkab-prend-part-a-la-27e-reunion-ministerielle-du-gecf-lavenir-du-gaz-au-coeur-des-debats","status":"publish","type":"post","link":"https:\/\/lasentinelle.dz\/index.php\/2025\/10\/22\/arkab-prend-part-a-la-27e-reunion-ministerielle-du-gecf-lavenir-du-gaz-au-coeur-des-debats\/","title":{"rendered":"Arkab prend part \u00e0 la 27e r\u00e9union minist\u00e9rielle du GECF\u00a0: L\u2019avenir du gaz au c\u0153ur des d\u00e9bats"},"content":{"rendered":"\n<p>Le ministre d&rsquo;\u00c9tat, ministre des Hydrocarbures et des Mines, Mohamed Arkab, prendra part mercredi et jeudi \u00e0 Doha \u00e0 la 27e r\u00e9union minist\u00e9rielle du Forum des pays exportateurs de gaz, une rencontre qui se penchera sur l&rsquo;avenir de la fili\u00e8re gazi\u00e8re mondiale dans un contexte de bouleversements g\u00e9opolitiques et \u00e9nerg\u00e9tiques majeurs. \u00c0 la t\u00eate d&rsquo;une d\u00e9l\u00e9gation d&rsquo;encadrement du secteur, le ministre participera \u00e0 des discussions strat\u00e9giques portant sur la stabilisation des march\u00e9s gaziers et le r\u00f4le central du gaz naturel dans la transition \u00e9nerg\u00e9tique. Selon un communiqu\u00e9 du minist\u00e8re des Hydrocarbures et des Mines publi\u00e9 mardi, cette r\u00e9union minist\u00e9rielle se tiendra sous la pr\u00e9sidence du ministre libyen du P\u00e9trole et du Gaz, Khalifa Rajab Abdessadek, qui assure la pr\u00e9sidence de la session en cours du Forum. L&rsquo;\u00e9v\u00e9nement r\u00e9unira les ministres en charge de l&rsquo;\u00e9nergie des 20 pays membres et observateurs, ainsi que des repr\u00e9sentants d&rsquo;organisations et d&rsquo;institutions internationales sp\u00e9cialis\u00e9es dans les questions \u00e9nerg\u00e9tiques. Les travaux de cette 27e session minist\u00e9rielle du GECF s&rsquo;annoncent d\u00e9terminants pour d\u00e9finir la feuille de route du secteur gazier \u00e0 l&rsquo;\u00e9chelle mondiale. Le communiqu\u00e9 pr\u00e9cise que la r\u00e9union sera consacr\u00e9e \u00e0 l&rsquo;examen des \u00e9volutions des march\u00e9s gaziers internationaux et \u00e0 la prospective de leurs perspectives \u00e0 court, moyen et long terme, tout en explorant les moyens de garantir leur stabilit\u00e9, de renforcer la s\u00e9curit\u00e9 des approvisionnements et d&rsquo;assurer l&rsquo;\u00e9quilibre entre l&rsquo;offre et la demande dans l&rsquo;int\u00e9r\u00eat des pays producteurs comme consommateurs.<\/p>\n\n\n\n<p>Au-del\u00e0 des questions de march\u00e9, l&rsquo;ordre du jour pr\u00e9voit des discussions approfondies sur le renforcement de la coop\u00e9ration et de la coordination entre les \u00c9tats membres. Les ministres aborderont \u00e9galement une s\u00e9rie de dossiers organisationnels et administratifs relatifs \u00e0 la gestion des affaires du Forum et au d\u00e9veloppement de ses capacit\u00e9s institutionnelles. Cette dimension institutionnelle rev\u00eat une importance particuli\u00e8re alors que le GECF, cr\u00e9\u00e9 en 2001 comme cadre de consultation entre pays producteurs et exportateurs de gaz avant de se transformer en 2008 en organisation intergouvernementale dont le si\u00e8ge se trouve \u00e0 Doha, cherche \u00e0 renforcer son influence sur la sc\u00e8ne \u00e9nerg\u00e9tique mondiale.<\/p>\n\n\n\n<p>Le communiqu\u00e9 souligne que cette rencontre constitue une occasion d&rsquo;\u00e9changer les points de vue et d&rsquo;approfondir la coordination entre les pays membres face aux d\u00e9fis auxquels est confront\u00e9e l&rsquo;industrie du gaz naturel dans le contexte des transformations g\u00e9opolitiques et \u00e9nerg\u00e9tiques mondiales. Elle vise \u00e9galement \u00e0 r\u00e9affirmer le r\u00f4le pivot du gaz naturel en tant que source d&rsquo;\u00e9nergie propre et fiable, et comme \u00e9l\u00e9ment fondamental dans la r\u00e9alisation de la transition \u00e9nerg\u00e9tique et du d\u00e9veloppement durable. Cette dimension prend un relief particulier au moment o\u00f9 les d\u00e9bats internationaux sur la d\u00e9carbonation des \u00e9conomies s&rsquo;intensifient et o\u00f9 certains remettent en question les investissements dans les hydrocarbures. En marge de la r\u00e9union minist\u00e9rielle, Mohamed Arkab m\u00e8nera une s\u00e9rie d&rsquo;entretiens bilat\u00e9raux avec ses homologues des pays participants pour explorer les perspectives de renforcement de la coop\u00e9ration et du partenariat dans les domaines des hydrocarbures et des mines, et pour \u00e9changer les expertises et les technologies modernes dans le secteur p\u00e9trolier et gazier.<\/p>\n\n\n\n<p>Le poids du GECF dans l&rsquo;architecture \u00e9nerg\u00e9tique mondiale justifie pleinement l&rsquo;importance accord\u00e9e \u00e0 cette r\u00e9union. Le Forum regroupe actuellement 20 pays membres qui repr\u00e9sentent collectivement environ 69% des r\u00e9serves prouv\u00e9es de gaz naturel dans le monde, 40% de la production commercialis\u00e9e et 51% des exportations de gaz naturel liqu\u00e9fi\u00e9. Ces chiffres font du GECF une plateforme majeure pour le dialogue mondial sur l&rsquo;avenir de l&rsquo;\u00e9nergie et pour la promotion de l&rsquo;\u00e9quit\u00e9 dans l&rsquo;exploitation des ressources naturelles et le soutien au d\u00e9veloppement durable. Les objectifs du Forum englobent le renforcement de la coop\u00e9ration entre les \u00c9tats membres, l&rsquo;\u00e9change d&rsquo;exp\u00e9riences, la d\u00e9fense des int\u00e9r\u00eats communs des pays producteurs de gaz naturel, ainsi que le renforcement du dialogue avec les pays consommateurs pour garantir la stabilit\u00e9 et la s\u00e9curit\u00e9 des march\u00e9s gaziers mondiaux. Cette r\u00e9union de Doha intervient dans un contexte o\u00f9 le dernier rapport du GECF, publi\u00e9 en mars 2025, estime que plus de 11.000 milliards de dollars d&rsquo;investissements seront n\u00e9cessaires d&rsquo;ici 2050 pour assurer l&rsquo;approvisionnement mondial en gaz, dont 94% consacr\u00e9s au d\u00e9veloppement gazier en amont. Le rapport pr\u00e9voit une hausse de 32% de la demande de gaz naturel d&rsquo;ici 2050, d\u00e9passant les 5.300 milliards de m\u00e8tres cubes, sans pic pr\u00e9vu. La demande mondiale d&rsquo;\u00e9nergie devrait augmenter de 18% d&rsquo;ici 2050, avec l&rsquo;Asie-Pacifique et l&rsquo;Afrique comme principaux moteurs de croissance. En 2024, le gaz naturel a repr\u00e9sent\u00e9 40% de la demande \u00e9nerg\u00e9tique suppl\u00e9mentaire, la part la plus \u00e9lev\u00e9e parmi tous les combustibles, tandis que la contribution des pays membres du GECF devrait repr\u00e9senter pr\u00e8s de la moiti\u00e9 de la production mondiale, r\u00e9affirmant que le gaz naturel continuera de jouer un r\u00f4le central dans le mix \u00e9nerg\u00e9tique mondial malgr\u00e9 l&rsquo;expansion des \u00e9nergies renouvelables.<\/p>\n\n\n\n<p>Sabrina Aziouez<\/p>\n","protected":false},"excerpt":{"rendered":"<p>Le ministre d&rsquo;\u00c9tat, ministre des Hydrocarbures et des Mines, Mohamed Arkab, prendra part mercredi et jeudi \u00e0 Doha \u00e0 la<\/p>\n","protected":false},"author":6,"featured_media":46184,"comment_status":"open","ping_status":"closed","sticky":false,"template":"","format":"standard","meta":{"colormag_page_container_layout":"default_layout","colormag_page_sidebar_layout":"default_layout","om_disable_all_campaigns":false,"_monsterinsights_skip_tracking":false,"_monsterinsights_sitenote_active":false,"_monsterinsights_sitenote_note":"","_monsterinsights_sitenote_category":0,"footnotes":"","_wpscppro_dont_share_socialmedia":false,"_wpscppro_custom_social_share_image":0,"_facebook_share_type":"default","_twitter_share_type":"default","_linkedin_share_type":"default","_pinterest_share_type":"default","_linkedin_share_type_page":"","_instagram_share_type":"default","_medium_share_type":"default","_threads_share_type":"default","_google_business_share_type":"default","_selected_social_profile":[],"_wpsp_enable_custom_social_template":false,"_wpsp_social_scheduling":{"enabled":false,"datetime":null,"platforms":[],"status":"template_only","dateOption":"today","timeOption":"now","customDays":"","customHours":"","customDate":"","customTime":"","schedulingType":"absolute"},"_wpsp_active_default_template":true},"categories":[29],"tags":[],"class_list":["post-75091","post","type-post","status-publish","format-standard","has-post-thumbnail","hentry","category-economie"],"aioseo_notices":[],"yoast_head":"<!-- This site is optimized with the Yoast SEO plugin v27.4 - https:\/\/yoast.com\/product\/yoast-seo-wordpress\/ -->\n<title>Arkab prend part \u00e0 la 27e r\u00e9union minist\u00e9rielle du GECF\u00a0: L\u2019avenir du gaz au c\u0153ur des d\u00e9bats - La Sentinelle<\/title>\n<meta name=\"robots\" content=\"index, follow, max-snippet:-1, max-image-preview:large, max-video-preview:-1\" \/>\n<link rel=\"canonical\" href=\"https:\/\/lasentinelle.dz\/index.php\/2025\/10\/22\/arkab-prend-part-a-la-27e-reunion-ministerielle-du-gecf-lavenir-du-gaz-au-coeur-des-debats\/\" \/>\n<meta property=\"og:locale\" content=\"fr_FR\" \/>\n<meta property=\"og:type\" content=\"article\" \/>\n<meta property=\"og:title\" content=\"Arkab prend part \u00e0 la 27e r\u00e9union minist\u00e9rielle du GECF\u00a0: L\u2019avenir du gaz au c\u0153ur des d\u00e9bats - La Sentinelle\" \/>\n<meta property=\"og:description\" content=\"Le ministre d&rsquo;\u00c9tat, ministre des Hydrocarbures et des Mines, Mohamed Arkab, prendra part mercredi et jeudi \u00e0 Doha \u00e0 la\" \/>\n<meta property=\"og:url\" content=\"https:\/\/lasentinelle.dz\/index.php\/2025\/10\/22\/arkab-prend-part-a-la-27e-reunion-ministerielle-du-gecf-lavenir-du-gaz-au-coeur-des-debats\/\" \/>\n<meta property=\"og:site_name\" content=\"La Sentinelle\" \/>\n<meta property=\"article:publisher\" content=\"https:\/\/www.facebook.com\/La-Sentinelle-104059864394773\" \/>\n<meta property=\"article:published_time\" content=\"2025-10-22T10:57:44+00:00\" \/>\n<meta property=\"article:modified_time\" content=\"2025-10-22T10:57:45+00:00\" \/>\n<meta property=\"og:image\" content=\"https:\/\/lasentinelle.dz\/wp-content\/uploads\/2023\/10\/GECF.jpeg\" \/>\n\t<meta property=\"og:image:width\" content=\"340\" \/>\n\t<meta property=\"og:image:height\" content=\"200\" \/>\n\t<meta property=\"og:image:type\" content=\"image\/jpeg\" \/>\n<meta name=\"author\" content=\"admin\" \/>\n<meta name=\"twitter:card\" content=\"summary_large_image\" \/>\n<meta name=\"twitter:label1\" content=\"\u00c9crit par\" \/>\n\t<meta name=\"twitter:data1\" content=\"admin\" \/>\n\t<meta name=\"twitter:label2\" content=\"Dur\u00e9e de lecture estim\u00e9e\" \/>\n\t<meta name=\"twitter:data2\" content=\"5 minutes\" \/>\n<script type=\"application\/ld+json\" class=\"yoast-schema-graph\">{\"@context\":\"https:\\\/\\\/schema.org\",\"@graph\":[{\"@type\":\"Article\",\"@id\":\"https:\\\/\\\/lasentinelle.dz\\\/index.php\\\/2025\\\/10\\\/22\\\/arkab-prend-part-a-la-27e-reunion-ministerielle-du-gecf-lavenir-du-gaz-au-coeur-des-debats\\\/#article\",\"isPartOf\":{\"@id\":\"https:\\\/\\\/lasentinelle.dz\\\/index.php\\\/2025\\\/10\\\/22\\\/arkab-prend-part-a-la-27e-reunion-ministerielle-du-gecf-lavenir-du-gaz-au-coeur-des-debats\\\/\"},\"author\":{\"name\":\"admin\",\"@id\":\"https:\\\/\\\/lasentinelle.dz\\\/#\\\/schema\\\/person\\\/729ee0024f24e0b8c5ec17232f8e8b41\"},\"headline\":\"Arkab prend part \u00e0 la 27e r\u00e9union minist\u00e9rielle du GECF\u00a0: L\u2019avenir du gaz au c\u0153ur des d\u00e9bats\",\"datePublished\":\"2025-10-22T10:57:44+00:00\",\"dateModified\":\"2025-10-22T10:57:45+00:00\",\"mainEntityOfPage\":{\"@id\":\"https:\\\/\\\/lasentinelle.dz\\\/index.php\\\/2025\\\/10\\\/22\\\/arkab-prend-part-a-la-27e-reunion-ministerielle-du-gecf-lavenir-du-gaz-au-coeur-des-debats\\\/\"},\"wordCount\":905,\"commentCount\":0,\"publisher\":{\"@id\":\"https:\\\/\\\/lasentinelle.dz\\\/#organization\"},\"image\":{\"@id\":\"https:\\\/\\\/lasentinelle.dz\\\/index.php\\\/2025\\\/10\\\/22\\\/arkab-prend-part-a-la-27e-reunion-ministerielle-du-gecf-lavenir-du-gaz-au-coeur-des-debats\\\/#primaryimage\"},\"thumbnailUrl\":\"https:\\\/\\\/lasentinelle.dz\\\/wp-content\\\/uploads\\\/2023\\\/10\\\/GECF.jpeg\",\"articleSection\":[\"\u00c9conomie\"],\"inLanguage\":\"fr-FR\",\"potentialAction\":[{\"@type\":\"CommentAction\",\"name\":\"Comment\",\"target\":[\"https:\\\/\\\/lasentinelle.dz\\\/index.php\\\/2025\\\/10\\\/22\\\/arkab-prend-part-a-la-27e-reunion-ministerielle-du-gecf-lavenir-du-gaz-au-coeur-des-debats\\\/#respond\"]}]},{\"@type\":\"WebPage\",\"@id\":\"https:\\\/\\\/lasentinelle.dz\\\/index.php\\\/2025\\\/10\\\/22\\\/arkab-prend-part-a-la-27e-reunion-ministerielle-du-gecf-lavenir-du-gaz-au-coeur-des-debats\\\/\",\"url\":\"https:\\\/\\\/lasentinelle.dz\\\/index.php\\\/2025\\\/10\\\/22\\\/arkab-prend-part-a-la-27e-reunion-ministerielle-du-gecf-lavenir-du-gaz-au-coeur-des-debats\\\/\",\"name\":\"Arkab prend part \u00e0 la 27e r\u00e9union minist\u00e9rielle du GECF\u00a0: L\u2019avenir du gaz au c\u0153ur des d\u00e9bats - La Sentinelle\",\"isPartOf\":{\"@id\":\"https:\\\/\\\/lasentinelle.dz\\\/#website\"},\"primaryImageOfPage\":{\"@id\":\"https:\\\/\\\/lasentinelle.dz\\\/index.php\\\/2025\\\/10\\\/22\\\/arkab-prend-part-a-la-27e-reunion-ministerielle-du-gecf-lavenir-du-gaz-au-coeur-des-debats\\\/#primaryimage\"},\"image\":{\"@id\":\"https:\\\/\\\/lasentinelle.dz\\\/index.php\\\/2025\\\/10\\\/22\\\/arkab-prend-part-a-la-27e-reunion-ministerielle-du-gecf-lavenir-du-gaz-au-coeur-des-debats\\\/#primaryimage\"},\"thumbnailUrl\":\"https:\\\/\\\/lasentinelle.dz\\\/wp-content\\\/uploads\\\/2023\\\/10\\\/GECF.jpeg\",\"datePublished\":\"2025-10-22T10:57:44+00:00\",\"dateModified\":\"2025-10-22T10:57:45+00:00\",\"breadcrumb\":{\"@id\":\"https:\\\/\\\/lasentinelle.dz\\\/index.php\\\/2025\\\/10\\\/22\\\/arkab-prend-part-a-la-27e-reunion-ministerielle-du-gecf-lavenir-du-gaz-au-coeur-des-debats\\\/#breadcrumb\"},\"inLanguage\":\"fr-FR\",\"potentialAction\":[{\"@type\":\"ReadAction\",\"target\":[\"https:\\\/\\\/lasentinelle.dz\\\/index.php\\\/2025\\\/10\\\/22\\\/arkab-prend-part-a-la-27e-reunion-ministerielle-du-gecf-lavenir-du-gaz-au-coeur-des-debats\\\/\"]}]},{\"@type\":\"ImageObject\",\"inLanguage\":\"fr-FR\",\"@id\":\"https:\\\/\\\/lasentinelle.dz\\\/index.php\\\/2025\\\/10\\\/22\\\/arkab-prend-part-a-la-27e-reunion-ministerielle-du-gecf-lavenir-du-gaz-au-coeur-des-debats\\\/#primaryimage\",\"url\":\"https:\\\/\\\/lasentinelle.dz\\\/wp-content\\\/uploads\\\/2023\\\/10\\\/GECF.jpeg\",\"contentUrl\":\"https:\\\/\\\/lasentinelle.dz\\\/wp-content\\\/uploads\\\/2023\\\/10\\\/GECF.jpeg\",\"width\":340,\"height\":200},{\"@type\":\"BreadcrumbList\",\"@id\":\"https:\\\/\\\/lasentinelle.dz\\\/index.php\\\/2025\\\/10\\\/22\\\/arkab-prend-part-a-la-27e-reunion-ministerielle-du-gecf-lavenir-du-gaz-au-coeur-des-debats\\\/#breadcrumb\",\"itemListElement\":[{\"@type\":\"ListItem\",\"position\":1,\"name\":\"Accueil\",\"item\":\"https:\\\/\\\/lasentinelle.dz\\\/\"},{\"@type\":\"ListItem\",\"position\":2,\"name\":\"Arkab prend part \u00e0 la 27e r\u00e9union minist\u00e9rielle du GECF\u00a0: L\u2019avenir du gaz au c\u0153ur des d\u00e9bats\"}]},{\"@type\":\"WebSite\",\"@id\":\"https:\\\/\\\/lasentinelle.dz\\\/#website\",\"url\":\"https:\\\/\\\/lasentinelle.dz\\\/\",\"name\":\"La Sentinelle\",\"description\":\"Quotidien national d&#039;information\",\"publisher\":{\"@id\":\"https:\\\/\\\/lasentinelle.dz\\\/#organization\"},\"potentialAction\":[{\"@type\":\"SearchAction\",\"target\":{\"@type\":\"EntryPoint\",\"urlTemplate\":\"https:\\\/\\\/lasentinelle.dz\\\/?s={search_term_string}\"},\"query-input\":{\"@type\":\"PropertyValueSpecification\",\"valueRequired\":true,\"valueName\":\"search_term_string\"}}],\"inLanguage\":\"fr-FR\"},{\"@type\":\"Organization\",\"@id\":\"https:\\\/\\\/lasentinelle.dz\\\/#organization\",\"name\":\"Quotidien La Sentinelle\",\"url\":\"https:\\\/\\\/lasentinelle.dz\\\/\",\"logo\":{\"@type\":\"ImageObject\",\"inLanguage\":\"fr-FR\",\"@id\":\"https:\\\/\\\/lasentinelle.dz\\\/#\\\/schema\\\/logo\\\/image\\\/\",\"url\":\"https:\\\/\\\/lasentinelle.dz\\\/wp-content\\\/uploads\\\/2021\\\/09\\\/logo-sentinelleSLOGAN-1.png\",\"contentUrl\":\"https:\\\/\\\/lasentinelle.dz\\\/wp-content\\\/uploads\\\/2021\\\/09\\\/logo-sentinelleSLOGAN-1.png\",\"width\":615,\"height\":142,\"caption\":\"Quotidien La Sentinelle\"},\"image\":{\"@id\":\"https:\\\/\\\/lasentinelle.dz\\\/#\\\/schema\\\/logo\\\/image\\\/\"},\"sameAs\":[\"https:\\\/\\\/www.facebook.com\\\/La-Sentinelle-104059864394773\"]},{\"@type\":\"Person\",\"@id\":\"https:\\\/\\\/lasentinelle.dz\\\/#\\\/schema\\\/person\\\/729ee0024f24e0b8c5ec17232f8e8b41\",\"name\":\"admin\",\"image\":{\"@type\":\"ImageObject\",\"inLanguage\":\"fr-FR\",\"@id\":\"https:\\\/\\\/secure.gravatar.com\\\/avatar\\\/4c81fed838786e9b53f540bf46533e750f5d292099ae3b66cfc6fb1982e29df7?s=96&d=mm&r=g\",\"url\":\"https:\\\/\\\/secure.gravatar.com\\\/avatar\\\/4c81fed838786e9b53f540bf46533e750f5d292099ae3b66cfc6fb1982e29df7?s=96&d=mm&r=g\",\"contentUrl\":\"https:\\\/\\\/secure.gravatar.com\\\/avatar\\\/4c81fed838786e9b53f540bf46533e750f5d292099ae3b66cfc6fb1982e29df7?s=96&d=mm&r=g\",\"caption\":\"admin\"},\"description\":\"admin\",\"url\":\"https:\\\/\\\/lasentinelle.dz\\\/author\\\/admin\\\/\"}]}<\/script>\n<!-- \/ Yoast SEO plugin. -->","yoast_head_json":{"title":"Arkab prend part \u00e0 la 27e r\u00e9union minist\u00e9rielle du GECF\u00a0: L\u2019avenir du gaz au c\u0153ur des d\u00e9bats - La Sentinelle","robots":{"index":"index","follow":"follow","max-snippet":"max-snippet:-1","max-image-preview":"max-image-preview:large","max-video-preview":"max-video-preview:-1"},"canonical":"https:\/\/lasentinelle.dz\/index.php\/2025\/10\/22\/arkab-prend-part-a-la-27e-reunion-ministerielle-du-gecf-lavenir-du-gaz-au-coeur-des-debats\/","og_locale":"fr_FR","og_type":"article","og_title":"Arkab prend part \u00e0 la 27e r\u00e9union minist\u00e9rielle du GECF\u00a0: L\u2019avenir du gaz au c\u0153ur des d\u00e9bats - La Sentinelle","og_description":"Le ministre d&rsquo;\u00c9tat, ministre des Hydrocarbures et des Mines, Mohamed Arkab, prendra part mercredi et jeudi \u00e0 Doha \u00e0 la","og_url":"https:\/\/lasentinelle.dz\/index.php\/2025\/10\/22\/arkab-prend-part-a-la-27e-reunion-ministerielle-du-gecf-lavenir-du-gaz-au-coeur-des-debats\/","og_site_name":"La Sentinelle","article_publisher":"https:\/\/www.facebook.com\/La-Sentinelle-104059864394773","article_published_time":"2025-10-22T10:57:44+00:00","article_modified_time":"2025-10-22T10:57:45+00:00","og_image":[{"width":340,"height":200,"url":"https:\/\/lasentinelle.dz\/wp-content\/uploads\/2023\/10\/GECF.jpeg","type":"image\/jpeg"}],"author":"admin","twitter_card":"summary_large_image","twitter_misc":{"\u00c9crit par":"admin","Dur\u00e9e de lecture estim\u00e9e":"5 minutes"},"schema":{"@context":"https:\/\/schema.org","@graph":[{"@type":"Article","@id":"https:\/\/lasentinelle.dz\/index.php\/2025\/10\/22\/arkab-prend-part-a-la-27e-reunion-ministerielle-du-gecf-lavenir-du-gaz-au-coeur-des-debats\/#article","isPartOf":{"@id":"https:\/\/lasentinelle.dz\/index.php\/2025\/10\/22\/arkab-prend-part-a-la-27e-reunion-ministerielle-du-gecf-lavenir-du-gaz-au-coeur-des-debats\/"},"author":{"name":"admin","@id":"https:\/\/lasentinelle.dz\/#\/schema\/person\/729ee0024f24e0b8c5ec17232f8e8b41"},"headline":"Arkab prend part \u00e0 la 27e r\u00e9union minist\u00e9rielle du GECF\u00a0: L\u2019avenir du gaz au c\u0153ur des d\u00e9bats","datePublished":"2025-10-22T10:57:44+00:00","dateModified":"2025-10-22T10:57:45+00:00","mainEntityOfPage":{"@id":"https:\/\/lasentinelle.dz\/index.php\/2025\/10\/22\/arkab-prend-part-a-la-27e-reunion-ministerielle-du-gecf-lavenir-du-gaz-au-coeur-des-debats\/"},"wordCount":905,"commentCount":0,"publisher":{"@id":"https:\/\/lasentinelle.dz\/#organization"},"image":{"@id":"https:\/\/lasentinelle.dz\/index.php\/2025\/10\/22\/arkab-prend-part-a-la-27e-reunion-ministerielle-du-gecf-lavenir-du-gaz-au-coeur-des-debats\/#primaryimage"},"thumbnailUrl":"https:\/\/lasentinelle.dz\/wp-content\/uploads\/2023\/10\/GECF.jpeg","articleSection":["\u00c9conomie"],"inLanguage":"fr-FR","potentialAction":[{"@type":"CommentAction","name":"Comment","target":["https:\/\/lasentinelle.dz\/index.php\/2025\/10\/22\/arkab-prend-part-a-la-27e-reunion-ministerielle-du-gecf-lavenir-du-gaz-au-coeur-des-debats\/#respond"]}]},{"@type":"WebPage","@id":"https:\/\/lasentinelle.dz\/index.php\/2025\/10\/22\/arkab-prend-part-a-la-27e-reunion-ministerielle-du-gecf-lavenir-du-gaz-au-coeur-des-debats\/","url":"https:\/\/lasentinelle.dz\/index.php\/2025\/10\/22\/arkab-prend-part-a-la-27e-reunion-ministerielle-du-gecf-lavenir-du-gaz-au-coeur-des-debats\/","name":"Arkab prend part \u00e0 la 27e r\u00e9union minist\u00e9rielle du GECF\u00a0: L\u2019avenir du gaz au c\u0153ur des d\u00e9bats - La Sentinelle","isPartOf":{"@id":"https:\/\/lasentinelle.dz\/#website"},"primaryImageOfPage":{"@id":"https:\/\/lasentinelle.dz\/index.php\/2025\/10\/22\/arkab-prend-part-a-la-27e-reunion-ministerielle-du-gecf-lavenir-du-gaz-au-coeur-des-debats\/#primaryimage"},"image":{"@id":"https:\/\/lasentinelle.dz\/index.php\/2025\/10\/22\/arkab-prend-part-a-la-27e-reunion-ministerielle-du-gecf-lavenir-du-gaz-au-coeur-des-debats\/#primaryimage"},"thumbnailUrl":"https:\/\/lasentinelle.dz\/wp-content\/uploads\/2023\/10\/GECF.jpeg","datePublished":"2025-10-22T10:57:44+00:00","dateModified":"2025-10-22T10:57:45+00:00","breadcrumb":{"@id":"https:\/\/lasentinelle.dz\/index.php\/2025\/10\/22\/arkab-prend-part-a-la-27e-reunion-ministerielle-du-gecf-lavenir-du-gaz-au-coeur-des-debats\/#breadcrumb"},"inLanguage":"fr-FR","potentialAction":[{"@type":"ReadAction","target":["https:\/\/lasentinelle.dz\/index.php\/2025\/10\/22\/arkab-prend-part-a-la-27e-reunion-ministerielle-du-gecf-lavenir-du-gaz-au-coeur-des-debats\/"]}]},{"@type":"ImageObject","inLanguage":"fr-FR","@id":"https:\/\/lasentinelle.dz\/index.php\/2025\/10\/22\/arkab-prend-part-a-la-27e-reunion-ministerielle-du-gecf-lavenir-du-gaz-au-coeur-des-debats\/#primaryimage","url":"https:\/\/lasentinelle.dz\/wp-content\/uploads\/2023\/10\/GECF.jpeg","contentUrl":"https:\/\/lasentinelle.dz\/wp-content\/uploads\/2023\/10\/GECF.jpeg","width":340,"height":200},{"@type":"BreadcrumbList","@id":"https:\/\/lasentinelle.dz\/index.php\/2025\/10\/22\/arkab-prend-part-a-la-27e-reunion-ministerielle-du-gecf-lavenir-du-gaz-au-coeur-des-debats\/#breadcrumb","itemListElement":[{"@type":"ListItem","position":1,"name":"Accueil","item":"https:\/\/lasentinelle.dz\/"},{"@type":"ListItem","position":2,"name":"Arkab prend part \u00e0 la 27e r\u00e9union minist\u00e9rielle du GECF\u00a0: L\u2019avenir du gaz au c\u0153ur des d\u00e9bats"}]},{"@type":"WebSite","@id":"https:\/\/lasentinelle.dz\/#website","url":"https:\/\/lasentinelle.dz\/","name":"La Sentinelle","description":"Quotidien national d&#039;information","publisher":{"@id":"https:\/\/lasentinelle.dz\/#organization"},"potentialAction":[{"@type":"SearchAction","target":{"@type":"EntryPoint","urlTemplate":"https:\/\/lasentinelle.dz\/?s={search_term_string}"},"query-input":{"@type":"PropertyValueSpecification","valueRequired":true,"valueName":"search_term_string"}}],"inLanguage":"fr-FR"},{"@type":"Organization","@id":"https:\/\/lasentinelle.dz\/#organization","name":"Quotidien La Sentinelle","url":"https:\/\/lasentinelle.dz\/","logo":{"@type":"ImageObject","inLanguage":"fr-FR","@id":"https:\/\/lasentinelle.dz\/#\/schema\/logo\/image\/","url":"https:\/\/lasentinelle.dz\/wp-content\/uploads\/2021\/09\/logo-sentinelleSLOGAN-1.png","contentUrl":"https:\/\/lasentinelle.dz\/wp-content\/uploads\/2021\/09\/logo-sentinelleSLOGAN-1.png","width":615,"height":142,"caption":"Quotidien La Sentinelle"},"image":{"@id":"https:\/\/lasentinelle.dz\/#\/schema\/logo\/image\/"},"sameAs":["https:\/\/www.facebook.com\/La-Sentinelle-104059864394773"]},{"@type":"Person","@id":"https:\/\/lasentinelle.dz\/#\/schema\/person\/729ee0024f24e0b8c5ec17232f8e8b41","name":"admin","image":{"@type":"ImageObject","inLanguage":"fr-FR","@id":"https:\/\/secure.gravatar.com\/avatar\/4c81fed838786e9b53f540bf46533e750f5d292099ae3b66cfc6fb1982e29df7?s=96&d=mm&r=g","url":"https:\/\/secure.gravatar.com\/avatar\/4c81fed838786e9b53f540bf46533e750f5d292099ae3b66cfc6fb1982e29df7?s=96&d=mm&r=g","contentUrl":"https:\/\/secure.gravatar.com\/avatar\/4c81fed838786e9b53f540bf46533e750f5d292099ae3b66cfc6fb1982e29df7?s=96&d=mm&r=g","caption":"admin"},"description":"admin","url":"https:\/\/lasentinelle.dz\/author\/admin\/"}]}},"_links":{"self":[{"href":"https:\/\/lasentinelle.dz\/index.php\/wp-json\/wp\/v2\/posts\/75091","targetHints":{"allow":["GET"]}}],"collection":[{"href":"https:\/\/lasentinelle.dz\/index.php\/wp-json\/wp\/v2\/posts"}],"about":[{"href":"https:\/\/lasentinelle.dz\/index.php\/wp-json\/wp\/v2\/types\/post"}],"author":[{"embeddable":true,"href":"https:\/\/lasentinelle.dz\/index.php\/wp-json\/wp\/v2\/users\/6"}],"replies":[{"embeddable":true,"href":"https:\/\/lasentinelle.dz\/index.php\/wp-json\/wp\/v2\/comments?post=75091"}],"version-history":[{"count":1,"href":"https:\/\/lasentinelle.dz\/index.php\/wp-json\/wp\/v2\/posts\/75091\/revisions"}],"predecessor-version":[{"id":75092,"href":"https:\/\/lasentinelle.dz\/index.php\/wp-json\/wp\/v2\/posts\/75091\/revisions\/75092"}],"wp:featuredmedia":[{"embeddable":true,"href":"https:\/\/lasentinelle.dz\/index.php\/wp-json\/wp\/v2\/media\/46184"}],"wp:attachment":[{"href":"https:\/\/lasentinelle.dz\/index.php\/wp-json\/wp\/v2\/media?parent=75091"}],"wp:term":[{"taxonomy":"category","embeddable":true,"href":"https:\/\/lasentinelle.dz\/index.php\/wp-json\/wp\/v2\/categories?post=75091"},{"taxonomy":"post_tag","embeddable":true,"href":"https:\/\/lasentinelle.dz\/index.php\/wp-json\/wp\/v2\/tags?post=75091"}],"curies":[{"name":"wp","href":"https:\/\/api.w.org\/{rel}","templated":true}]}}