{"id":75093,"date":"2025-10-22T11:58:31","date_gmt":"2025-10-22T10:58:31","guid":{"rendered":"https:\/\/lasentinelle.dz\/?p=75093"},"modified":"2025-10-22T11:58:32","modified_gmt":"2025-10-22T10:58:32","slug":"energie-lalgerie-consolide-sa-position-sur-le-marche-europeen","status":"publish","type":"post","link":"https:\/\/lasentinelle.dz\/index.php\/2025\/10\/22\/energie-lalgerie-consolide-sa-position-sur-le-marche-europeen\/","title":{"rendered":"\u00c9nergie\u00a0: L\u2019Alg\u00e9rie consolide sa position sur le march\u00e9 europ\u00e9en"},"content":{"rendered":"\n<p>L&rsquo;Alg\u00e9rie consolide sa position de partenaire \u00e9nerg\u00e9tique privil\u00e9gi\u00e9 de l&rsquo;Union europ\u00e9enne.<\/p>\n\n\n\n<p>Le ministre d&rsquo;\u00c9tat, ministre des Hydrocarbures et des Mines, Mohamed Arkab, a re\u00e7u mardi l&rsquo;ambassadeur de l&rsquo;UE en Alg\u00e9rie, Diego Mellado, pour des entretiens portant sur le renforcement de la coop\u00e9ration bilat\u00e9rale dans les secteurs des hydrocarbures et des mines, confirmant ainsi la volont\u00e9 d&rsquo;Alger d&rsquo;intensifier ses liens strat\u00e9giques avec Bruxelles dans un contexte g\u00e9opolitique et \u00e9nerg\u00e9tique mondial en pleine recomposition. La rencontre, qui s&rsquo;est tenue au si\u00e8ge du minist\u00e8re en pr\u00e9sence de la secr\u00e9taire d&rsquo;\u00c9tat charg\u00e9e des Mines, Karima Bakir Tafer, et de cadres du secteur, a permis selon le communiqu\u00e9 officiel d&rsquo;examiner \u00ab\u00a0l&rsquo;\u00e9tat et les perspectives de la coop\u00e9ration entre l&rsquo;Alg\u00e9rie et l&rsquo;UE, ainsi que les moyens de la renforcer dans le cadre du dialogue strat\u00e9gique dans le domaine de l&rsquo;\u00e9nergie, notamment dans ceux des hydrocarbures et des mines\u00a0\u00bb. Les deux parties ont pass\u00e9 en revue \u00ab\u00a0les progr\u00e8s r\u00e9alis\u00e9s dans la coop\u00e9ration \u00e9nerg\u00e9tique, particuli\u00e8rement en ce qui concerne l&rsquo;approvisionnement de l&rsquo;Europe en gaz naturel, le d\u00e9veloppement des gisements pour accro\u00eetre les capacit\u00e9s de production, ainsi que la coop\u00e9ration dans les technologies modernes visant la r\u00e9duction des \u00e9missions, la diminution de l&#8217;empreinte carbone et le d\u00e9veloppement de projets de captage du carbone et de protection de l&rsquo;environnement\u00a0\u00bb, pr\u00e9cise la m\u00eame source. Un axe majeur des discussions a concern\u00e9 le d\u00e9veloppement de l&rsquo;hydrog\u00e8ne dans le cadre du projet SoutH2 Corridor reliant l&rsquo;Alg\u00e9rie \u00e0 l&rsquo;Europe via l&rsquo;Italie, l&rsquo;Allemagne et l&rsquo;Autriche. Le communiqu\u00e9 indique que les \u00e9changes ont \u00e9galement port\u00e9 sur \u00ab\u00a0les opportunit\u00e9s d&rsquo;investissement dans le secteur minier en Alg\u00e9rie et sur l&rsquo;\u00e9tablissement de partenariats mutuellement b\u00e9n\u00e9fiques avec les entreprises europ\u00e9ennes, en insistant sur le transfert de connaissances, la formation et l&rsquo;utilisation des techniques modernes, notamment dans les domaines de la recherche, de l&rsquo;exploration, de la transformation et de la valorisation des ressources mini\u00e8res, outre les \u00e9l\u00e9ments de terres rares et les min\u00e9raux strat\u00e9giques\u00a0\u00bb.<\/p>\n\n\n\n<p>Attirer les investisseurs europ\u00e9ens<\/p>\n\n\n\n<p>\u00c0 cette occasion, Mohamed Arkab a affirm\u00e9 que \u00ab\u00a0l&rsquo;Alg\u00e9rie appelle les entreprises europ\u00e9ennes \u00e0 renforcer leur pr\u00e9sence sur le march\u00e9 national, \u00e0 travers l&rsquo;investissement dans les secteurs des hydrocarbures et des mines\u00a0\u00bb, soulignant selon le communiqu\u00e9 que \u00ab\u00a0les r\u00e9centes r\u00e9formes juridiques et r\u00e9glementaires engag\u00e9es dans ces deux secteurs ont permis d&rsquo;instaurer un climat d&rsquo;investissement favorable et transparent, propice au d\u00e9veloppement de partenariats et attractif pour les investisseurs \u00e9trangers\u00a0\u00bb. De son c\u00f4t\u00e9, l&rsquo;ambassadeur Diego Mellado a exprim\u00e9 \u00ab\u00a0sa satisfaction du niveau du dialogue strat\u00e9gique entre l&rsquo;Alg\u00e9rie et l&rsquo;UE dans le domaine \u00e9nerg\u00e9tique, et l&rsquo;int\u00e9r\u00eat croissant des entreprises europ\u00e9ennes pour le march\u00e9 alg\u00e9rien, saluant le r\u00f4le de l&rsquo;Alg\u00e9rie en tant que partenaire fiable dans la garantie de la s\u00e9curit\u00e9 \u00e9nerg\u00e9tique europ\u00e9enne\u00a0\u00bb, indique le communiqu\u00e9. Le diplomate europ\u00e9en a \u00e9galement manifest\u00e9 \u00ab\u00a0la volont\u00e9 de l&rsquo;UE de renforcer la coop\u00e9ration dans les domaines de la production d&rsquo;hydrog\u00e8ne vert et bleu, ainsi que l&rsquo;exploitation des min\u00e9raux strat\u00e9giques et leur transformation au service des industries, notamment celles li\u00e9es aux \u00e9nergies renouvelables\u00a0\u00bb.<\/p>\n\n\n\n<p>Le poids strat\u00e9gique de l&rsquo;Alg\u00e9rie<\/p>\n\n\n\n<p>Ces entretiens bilat\u00e9raux interviennent dans un contexte o\u00f9 les donn\u00e9es du march\u00e9 \u00e9nerg\u00e9tique confirment l&rsquo;importance croissante de l&rsquo;Alg\u00e9rie pour l&rsquo;approvisionnement europ\u00e9en. Selon le rapport mensuel du Forum des pays exportateurs de gaz publi\u00e9 lundi, l&rsquo;Alg\u00e9rie repr\u00e9sente 21% des importations europ\u00e9ennes de gaz par gazoducs durant les 9 premiers mois de 2025, se positionnant comme le deuxi\u00e8me fournisseur de l&rsquo;Union europ\u00e9enne apr\u00e8s la Norv\u00e8ge qui d\u00e9tient 60% des parts. Le m\u00eame rapport indique que les exportations alg\u00e9riennes vers l&rsquo;Espagne et l&rsquo;Italie ont enregistr\u00e9 une hausse respective de 3% et 0,3% sur cette p\u00e9riode. Au-del\u00e0 du gaz, l\u2019Alg\u00e9rie entend s\u2019imposer comme un acteur majeur dans le march\u00e9 europ\u00e9en naissant de la transition \u00e9nerg\u00e9tique en diversifiant ses exportations vers l\u2019UE pour s\u2019\u00e9largir \u00e0 l\u2019\u00e9lectricit\u00e9 gr\u00e2ce au projet Medlink et l\u2019Hydrog\u00e8ne via le SoutH2 Corridor.<\/p>\n\n\n\n<p>Concernant le projet SoutH2 Corridor \u00e9voqu\u00e9 lors de la rencontre, rappelons qu\u2019une d\u00e9claration d&rsquo;intention commune a \u00e9t\u00e9 sign\u00e9e en janvier 2025 \u00e0 Rome par les ministres de l&rsquo;\u00c9nergie de l&rsquo;Alg\u00e9rie, de l&rsquo;Italie, de l&rsquo;Allemagne, de l&rsquo;Autriche et de la Tunisie. Ce projet d&rsquo;hydrog\u00e9noduc de 3.300 kilom\u00e8tres vise \u00e0 transporter 4 millions de tonnes d&rsquo;hydrog\u00e8ne vert par an depuis l&rsquo;Alg\u00e9rie vers l&rsquo;Europe centrale. Parall\u00e8lement, l&rsquo;Union europ\u00e9enne a valid\u00e9 en juillet 2025 le projet Medlink, une interconnexion \u00e9lectrique sous-marine de 2.000 m\u00e9gawatts entre l&rsquo;Alg\u00e9rie et l&rsquo;Italie via la Tunisie, inscrit sur la liste des 13 projets transfrontaliers prioritaires de l&rsquo;UE dans le domaine des \u00e9nergies renouvelables. Selon la pr\u00e9sentation publi\u00e9e par la Commission europ\u00e9enne sur la plateforme Global Gateway, cette infrastructure dont le co\u00fbt est estim\u00e9 par le m\u00e9dia sp\u00e9cialis\u00e9 HVDC World \u00e0 5 milliards d&rsquo;euros, permettra d&rsquo;exporter 28 t\u00e9rawattheures d&rsquo;\u00e9lectricit\u00e9 verte par an vers l&rsquo;Italie et pourrait r\u00e9duire de 8 millions de tonnes les \u00e9missions annuelles de CO2 en Europe. Le ministre Mohamed Arkab avait d\u00e9clar\u00e9 que cette capacit\u00e9 d&rsquo;exportation \u00e9quivaut \u00e0 environ 8% de la consommation annuelle d&rsquo;\u00e9lectricit\u00e9 de l&rsquo;Italie, g\u00e9n\u00e9rant des revenus bruts potentiels compris entre 1,5 et 2 milliards d&rsquo;euros annuels pour l&rsquo;Alg\u00e9rie, selon les estimations bas\u00e9es sur les prix r\u00e9cents du march\u00e9 europ\u00e9en. Pour soutenir ces projets d&rsquo;exportation, le programme national &nbsp;de d\u00e9veloppement des \u00e9nergies renouvelables pr\u00e9voit l&rsquo;installation de 15.000 m\u00e9gawatts de solaire photovolta\u00efque d&rsquo;ici 2035, dont 3.200 m\u00e9gawatts sont d\u00e9j\u00e0 en cours de d\u00e9veloppement par Sonelgaz et la soci\u00e9t\u00e9 mixte SHAEMS.<\/p>\n\n\n\n<p>Samira Ghrib<\/p>\n","protected":false},"excerpt":{"rendered":"<p>L&rsquo;Alg\u00e9rie consolide sa position de partenaire \u00e9nerg\u00e9tique privil\u00e9gi\u00e9 de l&rsquo;Union europ\u00e9enne. Le ministre d&rsquo;\u00c9tat, ministre des Hydrocarbures et des Mines,<\/p>\n","protected":false},"author":6,"featured_media":75094,"comment_status":"open","ping_status":"closed","sticky":false,"template":"","format":"standard","meta":{"colormag_page_container_layout":"default_layout","colormag_page_sidebar_layout":"default_layout","om_disable_all_campaigns":false,"_monsterinsights_skip_tracking":false,"_monsterinsights_sitenote_active":false,"_monsterinsights_sitenote_note":"","_monsterinsights_sitenote_category":0,"footnotes":"","_wpscppro_dont_share_socialmedia":false,"_wpscppro_custom_social_share_image":0,"_facebook_share_type":"default","_twitter_share_type":"default","_linkedin_share_type":"default","_pinterest_share_type":"default","_linkedin_share_type_page":"","_instagram_share_type":"default","_medium_share_type":"default","_threads_share_type":"default","_google_business_share_type":"default","_selected_social_profile":[],"_wpsp_enable_custom_social_template":false,"_wpsp_social_scheduling":{"enabled":false,"datetime":null,"platforms":[],"status":"template_only","dateOption":"today","timeOption":"now","customDays":"","customHours":"","customDate":"","customTime":"","schedulingType":"absolute"},"_wpsp_active_default_template":true},"categories":[52,29],"tags":[],"class_list":["post-75093","post","type-post","status-publish","format-standard","has-post-thumbnail","hentry","category-a-la-une","category-economie"],"aioseo_notices":[],"yoast_head":"<!-- This site is optimized with the Yoast SEO plugin v27.4 - https:\/\/yoast.com\/product\/yoast-seo-wordpress\/ -->\n<title>\u00c9nergie\u00a0: L\u2019Alg\u00e9rie consolide sa position sur le march\u00e9 europ\u00e9en - La Sentinelle<\/title>\n<meta name=\"robots\" content=\"index, follow, max-snippet:-1, max-image-preview:large, max-video-preview:-1\" \/>\n<link rel=\"canonical\" href=\"https:\/\/lasentinelle.dz\/index.php\/2025\/10\/22\/energie-lalgerie-consolide-sa-position-sur-le-marche-europeen\/\" \/>\n<meta property=\"og:locale\" content=\"fr_FR\" \/>\n<meta property=\"og:type\" content=\"article\" \/>\n<meta property=\"og:title\" content=\"\u00c9nergie\u00a0: L\u2019Alg\u00e9rie consolide sa position sur le march\u00e9 europ\u00e9en - La Sentinelle\" \/>\n<meta property=\"og:description\" content=\"L&rsquo;Alg\u00e9rie consolide sa position de partenaire \u00e9nerg\u00e9tique privil\u00e9gi\u00e9 de l&rsquo;Union europ\u00e9enne. Le ministre d&rsquo;\u00c9tat, ministre des Hydrocarbures et des Mines,\" \/>\n<meta property=\"og:url\" content=\"https:\/\/lasentinelle.dz\/index.php\/2025\/10\/22\/energie-lalgerie-consolide-sa-position-sur-le-marche-europeen\/\" \/>\n<meta property=\"og:site_name\" content=\"La Sentinelle\" \/>\n<meta property=\"article:publisher\" content=\"https:\/\/www.facebook.com\/La-Sentinelle-104059864394773\" \/>\n<meta property=\"article:published_time\" content=\"2025-10-22T10:58:31+00:00\" \/>\n<meta property=\"article:modified_time\" content=\"2025-10-22T10:58:32+00:00\" \/>\n<meta property=\"og:image\" content=\"https:\/\/lasentinelle.dz\/wp-content\/uploads\/2025\/10\/arkab-3.jpg\" \/>\n\t<meta property=\"og:image:width\" content=\"2048\" \/>\n\t<meta property=\"og:image:height\" content=\"1280\" \/>\n\t<meta property=\"og:image:type\" content=\"image\/jpeg\" \/>\n<meta name=\"author\" content=\"admin\" \/>\n<meta name=\"twitter:card\" content=\"summary_large_image\" \/>\n<meta name=\"twitter:label1\" content=\"\u00c9crit par\" \/>\n\t<meta name=\"twitter:data1\" content=\"admin\" \/>\n\t<meta name=\"twitter:label2\" content=\"Dur\u00e9e de lecture estim\u00e9e\" \/>\n\t<meta name=\"twitter:data2\" content=\"5 minutes\" \/>\n<script type=\"application\/ld+json\" class=\"yoast-schema-graph\">{\"@context\":\"https:\\\/\\\/schema.org\",\"@graph\":[{\"@type\":\"Article\",\"@id\":\"https:\\\/\\\/lasentinelle.dz\\\/index.php\\\/2025\\\/10\\\/22\\\/energie-lalgerie-consolide-sa-position-sur-le-marche-europeen\\\/#article\",\"isPartOf\":{\"@id\":\"https:\\\/\\\/lasentinelle.dz\\\/index.php\\\/2025\\\/10\\\/22\\\/energie-lalgerie-consolide-sa-position-sur-le-marche-europeen\\\/\"},\"author\":{\"name\":\"admin\",\"@id\":\"https:\\\/\\\/lasentinelle.dz\\\/#\\\/schema\\\/person\\\/729ee0024f24e0b8c5ec17232f8e8b41\"},\"headline\":\"\u00c9nergie\u00a0: L\u2019Alg\u00e9rie consolide sa position sur le march\u00e9 europ\u00e9en\",\"datePublished\":\"2025-10-22T10:58:31+00:00\",\"dateModified\":\"2025-10-22T10:58:32+00:00\",\"mainEntityOfPage\":{\"@id\":\"https:\\\/\\\/lasentinelle.dz\\\/index.php\\\/2025\\\/10\\\/22\\\/energie-lalgerie-consolide-sa-position-sur-le-marche-europeen\\\/\"},\"wordCount\":1059,\"commentCount\":0,\"publisher\":{\"@id\":\"https:\\\/\\\/lasentinelle.dz\\\/#organization\"},\"image\":{\"@id\":\"https:\\\/\\\/lasentinelle.dz\\\/index.php\\\/2025\\\/10\\\/22\\\/energie-lalgerie-consolide-sa-position-sur-le-marche-europeen\\\/#primaryimage\"},\"thumbnailUrl\":\"https:\\\/\\\/lasentinelle.dz\\\/wp-content\\\/uploads\\\/2025\\\/10\\\/arkab-3.jpg\",\"articleSection\":[\"\u00c0 la Une\",\"\u00c9conomie\"],\"inLanguage\":\"fr-FR\",\"potentialAction\":[{\"@type\":\"CommentAction\",\"name\":\"Comment\",\"target\":[\"https:\\\/\\\/lasentinelle.dz\\\/index.php\\\/2025\\\/10\\\/22\\\/energie-lalgerie-consolide-sa-position-sur-le-marche-europeen\\\/#respond\"]}]},{\"@type\":\"WebPage\",\"@id\":\"https:\\\/\\\/lasentinelle.dz\\\/index.php\\\/2025\\\/10\\\/22\\\/energie-lalgerie-consolide-sa-position-sur-le-marche-europeen\\\/\",\"url\":\"https:\\\/\\\/lasentinelle.dz\\\/index.php\\\/2025\\\/10\\\/22\\\/energie-lalgerie-consolide-sa-position-sur-le-marche-europeen\\\/\",\"name\":\"\u00c9nergie\u00a0: L\u2019Alg\u00e9rie consolide sa position sur le march\u00e9 europ\u00e9en - La Sentinelle\",\"isPartOf\":{\"@id\":\"https:\\\/\\\/lasentinelle.dz\\\/#website\"},\"primaryImageOfPage\":{\"@id\":\"https:\\\/\\\/lasentinelle.dz\\\/index.php\\\/2025\\\/10\\\/22\\\/energie-lalgerie-consolide-sa-position-sur-le-marche-europeen\\\/#primaryimage\"},\"image\":{\"@id\":\"https:\\\/\\\/lasentinelle.dz\\\/index.php\\\/2025\\\/10\\\/22\\\/energie-lalgerie-consolide-sa-position-sur-le-marche-europeen\\\/#primaryimage\"},\"thumbnailUrl\":\"https:\\\/\\\/lasentinelle.dz\\\/wp-content\\\/uploads\\\/2025\\\/10\\\/arkab-3.jpg\",\"datePublished\":\"2025-10-22T10:58:31+00:00\",\"dateModified\":\"2025-10-22T10:58:32+00:00\",\"breadcrumb\":{\"@id\":\"https:\\\/\\\/lasentinelle.dz\\\/index.php\\\/2025\\\/10\\\/22\\\/energie-lalgerie-consolide-sa-position-sur-le-marche-europeen\\\/#breadcrumb\"},\"inLanguage\":\"fr-FR\",\"potentialAction\":[{\"@type\":\"ReadAction\",\"target\":[\"https:\\\/\\\/lasentinelle.dz\\\/index.php\\\/2025\\\/10\\\/22\\\/energie-lalgerie-consolide-sa-position-sur-le-marche-europeen\\\/\"]}]},{\"@type\":\"ImageObject\",\"inLanguage\":\"fr-FR\",\"@id\":\"https:\\\/\\\/lasentinelle.dz\\\/index.php\\\/2025\\\/10\\\/22\\\/energie-lalgerie-consolide-sa-position-sur-le-marche-europeen\\\/#primaryimage\",\"url\":\"https:\\\/\\\/lasentinelle.dz\\\/wp-content\\\/uploads\\\/2025\\\/10\\\/arkab-3.jpg\",\"contentUrl\":\"https:\\\/\\\/lasentinelle.dz\\\/wp-content\\\/uploads\\\/2025\\\/10\\\/arkab-3.jpg\",\"width\":2048,\"height\":1280},{\"@type\":\"BreadcrumbList\",\"@id\":\"https:\\\/\\\/lasentinelle.dz\\\/index.php\\\/2025\\\/10\\\/22\\\/energie-lalgerie-consolide-sa-position-sur-le-marche-europeen\\\/#breadcrumb\",\"itemListElement\":[{\"@type\":\"ListItem\",\"position\":1,\"name\":\"Accueil\",\"item\":\"https:\\\/\\\/lasentinelle.dz\\\/\"},{\"@type\":\"ListItem\",\"position\":2,\"name\":\"\u00c9nergie\u00a0: L\u2019Alg\u00e9rie consolide sa position sur le march\u00e9 europ\u00e9en\"}]},{\"@type\":\"WebSite\",\"@id\":\"https:\\\/\\\/lasentinelle.dz\\\/#website\",\"url\":\"https:\\\/\\\/lasentinelle.dz\\\/\",\"name\":\"La Sentinelle\",\"description\":\"Quotidien national d&#039;information\",\"publisher\":{\"@id\":\"https:\\\/\\\/lasentinelle.dz\\\/#organization\"},\"potentialAction\":[{\"@type\":\"SearchAction\",\"target\":{\"@type\":\"EntryPoint\",\"urlTemplate\":\"https:\\\/\\\/lasentinelle.dz\\\/?s={search_term_string}\"},\"query-input\":{\"@type\":\"PropertyValueSpecification\",\"valueRequired\":true,\"valueName\":\"search_term_string\"}}],\"inLanguage\":\"fr-FR\"},{\"@type\":\"Organization\",\"@id\":\"https:\\\/\\\/lasentinelle.dz\\\/#organization\",\"name\":\"Quotidien La Sentinelle\",\"url\":\"https:\\\/\\\/lasentinelle.dz\\\/\",\"logo\":{\"@type\":\"ImageObject\",\"inLanguage\":\"fr-FR\",\"@id\":\"https:\\\/\\\/lasentinelle.dz\\\/#\\\/schema\\\/logo\\\/image\\\/\",\"url\":\"https:\\\/\\\/lasentinelle.dz\\\/wp-content\\\/uploads\\\/2021\\\/09\\\/logo-sentinelleSLOGAN-1.png\",\"contentUrl\":\"https:\\\/\\\/lasentinelle.dz\\\/wp-content\\\/uploads\\\/2021\\\/09\\\/logo-sentinelleSLOGAN-1.png\",\"width\":615,\"height\":142,\"caption\":\"Quotidien La Sentinelle\"},\"image\":{\"@id\":\"https:\\\/\\\/lasentinelle.dz\\\/#\\\/schema\\\/logo\\\/image\\\/\"},\"sameAs\":[\"https:\\\/\\\/www.facebook.com\\\/La-Sentinelle-104059864394773\"]},{\"@type\":\"Person\",\"@id\":\"https:\\\/\\\/lasentinelle.dz\\\/#\\\/schema\\\/person\\\/729ee0024f24e0b8c5ec17232f8e8b41\",\"name\":\"admin\",\"image\":{\"@type\":\"ImageObject\",\"inLanguage\":\"fr-FR\",\"@id\":\"https:\\\/\\\/secure.gravatar.com\\\/avatar\\\/4c81fed838786e9b53f540bf46533e750f5d292099ae3b66cfc6fb1982e29df7?s=96&d=mm&r=g\",\"url\":\"https:\\\/\\\/secure.gravatar.com\\\/avatar\\\/4c81fed838786e9b53f540bf46533e750f5d292099ae3b66cfc6fb1982e29df7?s=96&d=mm&r=g\",\"contentUrl\":\"https:\\\/\\\/secure.gravatar.com\\\/avatar\\\/4c81fed838786e9b53f540bf46533e750f5d292099ae3b66cfc6fb1982e29df7?s=96&d=mm&r=g\",\"caption\":\"admin\"},\"description\":\"admin\",\"url\":\"https:\\\/\\\/lasentinelle.dz\\\/author\\\/admin\\\/\"}]}<\/script>\n<!-- \/ Yoast SEO plugin. -->","yoast_head_json":{"title":"\u00c9nergie\u00a0: L\u2019Alg\u00e9rie consolide sa position sur le march\u00e9 europ\u00e9en - La Sentinelle","robots":{"index":"index","follow":"follow","max-snippet":"max-snippet:-1","max-image-preview":"max-image-preview:large","max-video-preview":"max-video-preview:-1"},"canonical":"https:\/\/lasentinelle.dz\/index.php\/2025\/10\/22\/energie-lalgerie-consolide-sa-position-sur-le-marche-europeen\/","og_locale":"fr_FR","og_type":"article","og_title":"\u00c9nergie\u00a0: L\u2019Alg\u00e9rie consolide sa position sur le march\u00e9 europ\u00e9en - La Sentinelle","og_description":"L&rsquo;Alg\u00e9rie consolide sa position de partenaire \u00e9nerg\u00e9tique privil\u00e9gi\u00e9 de l&rsquo;Union europ\u00e9enne. Le ministre d&rsquo;\u00c9tat, ministre des Hydrocarbures et des Mines,","og_url":"https:\/\/lasentinelle.dz\/index.php\/2025\/10\/22\/energie-lalgerie-consolide-sa-position-sur-le-marche-europeen\/","og_site_name":"La Sentinelle","article_publisher":"https:\/\/www.facebook.com\/La-Sentinelle-104059864394773","article_published_time":"2025-10-22T10:58:31+00:00","article_modified_time":"2025-10-22T10:58:32+00:00","og_image":[{"width":2048,"height":1280,"url":"https:\/\/lasentinelle.dz\/wp-content\/uploads\/2025\/10\/arkab-3.jpg","type":"image\/jpeg"}],"author":"admin","twitter_card":"summary_large_image","twitter_misc":{"\u00c9crit par":"admin","Dur\u00e9e de lecture estim\u00e9e":"5 minutes"},"schema":{"@context":"https:\/\/schema.org","@graph":[{"@type":"Article","@id":"https:\/\/lasentinelle.dz\/index.php\/2025\/10\/22\/energie-lalgerie-consolide-sa-position-sur-le-marche-europeen\/#article","isPartOf":{"@id":"https:\/\/lasentinelle.dz\/index.php\/2025\/10\/22\/energie-lalgerie-consolide-sa-position-sur-le-marche-europeen\/"},"author":{"name":"admin","@id":"https:\/\/lasentinelle.dz\/#\/schema\/person\/729ee0024f24e0b8c5ec17232f8e8b41"},"headline":"\u00c9nergie\u00a0: L\u2019Alg\u00e9rie consolide sa position sur le march\u00e9 europ\u00e9en","datePublished":"2025-10-22T10:58:31+00:00","dateModified":"2025-10-22T10:58:32+00:00","mainEntityOfPage":{"@id":"https:\/\/lasentinelle.dz\/index.php\/2025\/10\/22\/energie-lalgerie-consolide-sa-position-sur-le-marche-europeen\/"},"wordCount":1059,"commentCount":0,"publisher":{"@id":"https:\/\/lasentinelle.dz\/#organization"},"image":{"@id":"https:\/\/lasentinelle.dz\/index.php\/2025\/10\/22\/energie-lalgerie-consolide-sa-position-sur-le-marche-europeen\/#primaryimage"},"thumbnailUrl":"https:\/\/lasentinelle.dz\/wp-content\/uploads\/2025\/10\/arkab-3.jpg","articleSection":["\u00c0 la Une","\u00c9conomie"],"inLanguage":"fr-FR","potentialAction":[{"@type":"CommentAction","name":"Comment","target":["https:\/\/lasentinelle.dz\/index.php\/2025\/10\/22\/energie-lalgerie-consolide-sa-position-sur-le-marche-europeen\/#respond"]}]},{"@type":"WebPage","@id":"https:\/\/lasentinelle.dz\/index.php\/2025\/10\/22\/energie-lalgerie-consolide-sa-position-sur-le-marche-europeen\/","url":"https:\/\/lasentinelle.dz\/index.php\/2025\/10\/22\/energie-lalgerie-consolide-sa-position-sur-le-marche-europeen\/","name":"\u00c9nergie\u00a0: L\u2019Alg\u00e9rie consolide sa position sur le march\u00e9 europ\u00e9en - La Sentinelle","isPartOf":{"@id":"https:\/\/lasentinelle.dz\/#website"},"primaryImageOfPage":{"@id":"https:\/\/lasentinelle.dz\/index.php\/2025\/10\/22\/energie-lalgerie-consolide-sa-position-sur-le-marche-europeen\/#primaryimage"},"image":{"@id":"https:\/\/lasentinelle.dz\/index.php\/2025\/10\/22\/energie-lalgerie-consolide-sa-position-sur-le-marche-europeen\/#primaryimage"},"thumbnailUrl":"https:\/\/lasentinelle.dz\/wp-content\/uploads\/2025\/10\/arkab-3.jpg","datePublished":"2025-10-22T10:58:31+00:00","dateModified":"2025-10-22T10:58:32+00:00","breadcrumb":{"@id":"https:\/\/lasentinelle.dz\/index.php\/2025\/10\/22\/energie-lalgerie-consolide-sa-position-sur-le-marche-europeen\/#breadcrumb"},"inLanguage":"fr-FR","potentialAction":[{"@type":"ReadAction","target":["https:\/\/lasentinelle.dz\/index.php\/2025\/10\/22\/energie-lalgerie-consolide-sa-position-sur-le-marche-europeen\/"]}]},{"@type":"ImageObject","inLanguage":"fr-FR","@id":"https:\/\/lasentinelle.dz\/index.php\/2025\/10\/22\/energie-lalgerie-consolide-sa-position-sur-le-marche-europeen\/#primaryimage","url":"https:\/\/lasentinelle.dz\/wp-content\/uploads\/2025\/10\/arkab-3.jpg","contentUrl":"https:\/\/lasentinelle.dz\/wp-content\/uploads\/2025\/10\/arkab-3.jpg","width":2048,"height":1280},{"@type":"BreadcrumbList","@id":"https:\/\/lasentinelle.dz\/index.php\/2025\/10\/22\/energie-lalgerie-consolide-sa-position-sur-le-marche-europeen\/#breadcrumb","itemListElement":[{"@type":"ListItem","position":1,"name":"Accueil","item":"https:\/\/lasentinelle.dz\/"},{"@type":"ListItem","position":2,"name":"\u00c9nergie\u00a0: L\u2019Alg\u00e9rie consolide sa position sur le march\u00e9 europ\u00e9en"}]},{"@type":"WebSite","@id":"https:\/\/lasentinelle.dz\/#website","url":"https:\/\/lasentinelle.dz\/","name":"La Sentinelle","description":"Quotidien national d&#039;information","publisher":{"@id":"https:\/\/lasentinelle.dz\/#organization"},"potentialAction":[{"@type":"SearchAction","target":{"@type":"EntryPoint","urlTemplate":"https:\/\/lasentinelle.dz\/?s={search_term_string}"},"query-input":{"@type":"PropertyValueSpecification","valueRequired":true,"valueName":"search_term_string"}}],"inLanguage":"fr-FR"},{"@type":"Organization","@id":"https:\/\/lasentinelle.dz\/#organization","name":"Quotidien La Sentinelle","url":"https:\/\/lasentinelle.dz\/","logo":{"@type":"ImageObject","inLanguage":"fr-FR","@id":"https:\/\/lasentinelle.dz\/#\/schema\/logo\/image\/","url":"https:\/\/lasentinelle.dz\/wp-content\/uploads\/2021\/09\/logo-sentinelleSLOGAN-1.png","contentUrl":"https:\/\/lasentinelle.dz\/wp-content\/uploads\/2021\/09\/logo-sentinelleSLOGAN-1.png","width":615,"height":142,"caption":"Quotidien La Sentinelle"},"image":{"@id":"https:\/\/lasentinelle.dz\/#\/schema\/logo\/image\/"},"sameAs":["https:\/\/www.facebook.com\/La-Sentinelle-104059864394773"]},{"@type":"Person","@id":"https:\/\/lasentinelle.dz\/#\/schema\/person\/729ee0024f24e0b8c5ec17232f8e8b41","name":"admin","image":{"@type":"ImageObject","inLanguage":"fr-FR","@id":"https:\/\/secure.gravatar.com\/avatar\/4c81fed838786e9b53f540bf46533e750f5d292099ae3b66cfc6fb1982e29df7?s=96&d=mm&r=g","url":"https:\/\/secure.gravatar.com\/avatar\/4c81fed838786e9b53f540bf46533e750f5d292099ae3b66cfc6fb1982e29df7?s=96&d=mm&r=g","contentUrl":"https:\/\/secure.gravatar.com\/avatar\/4c81fed838786e9b53f540bf46533e750f5d292099ae3b66cfc6fb1982e29df7?s=96&d=mm&r=g","caption":"admin"},"description":"admin","url":"https:\/\/lasentinelle.dz\/author\/admin\/"}]}},"_links":{"self":[{"href":"https:\/\/lasentinelle.dz\/index.php\/wp-json\/wp\/v2\/posts\/75093","targetHints":{"allow":["GET"]}}],"collection":[{"href":"https:\/\/lasentinelle.dz\/index.php\/wp-json\/wp\/v2\/posts"}],"about":[{"href":"https:\/\/lasentinelle.dz\/index.php\/wp-json\/wp\/v2\/types\/post"}],"author":[{"embeddable":true,"href":"https:\/\/lasentinelle.dz\/index.php\/wp-json\/wp\/v2\/users\/6"}],"replies":[{"embeddable":true,"href":"https:\/\/lasentinelle.dz\/index.php\/wp-json\/wp\/v2\/comments?post=75093"}],"version-history":[{"count":1,"href":"https:\/\/lasentinelle.dz\/index.php\/wp-json\/wp\/v2\/posts\/75093\/revisions"}],"predecessor-version":[{"id":75095,"href":"https:\/\/lasentinelle.dz\/index.php\/wp-json\/wp\/v2\/posts\/75093\/revisions\/75095"}],"wp:featuredmedia":[{"embeddable":true,"href":"https:\/\/lasentinelle.dz\/index.php\/wp-json\/wp\/v2\/media\/75094"}],"wp:attachment":[{"href":"https:\/\/lasentinelle.dz\/index.php\/wp-json\/wp\/v2\/media?parent=75093"}],"wp:term":[{"taxonomy":"category","embeddable":true,"href":"https:\/\/lasentinelle.dz\/index.php\/wp-json\/wp\/v2\/categories?post=75093"},{"taxonomy":"post_tag","embeddable":true,"href":"https:\/\/lasentinelle.dz\/index.php\/wp-json\/wp\/v2\/tags?post=75093"}],"curies":[{"name":"wp","href":"https:\/\/api.w.org\/{rel}","templated":true}]}}