{"id":75096,"date":"2025-10-22T12:01:19","date_gmt":"2025-10-22T11:01:19","guid":{"rendered":"https:\/\/lasentinelle.dz\/?p=75096"},"modified":"2025-10-22T12:01:20","modified_gmt":"2025-10-22T11:01:20","slug":"coup-denvoi-de-la-campagne-de-vaccination-contre-la-grippe-saisonniere","status":"publish","type":"post","link":"https:\/\/lasentinelle.dz\/index.php\/2025\/10\/22\/coup-denvoi-de-la-campagne-de-vaccination-contre-la-grippe-saisonniere\/","title":{"rendered":"Coup d&rsquo;envoi de la campagne de vaccination contre la grippe saisonni\u00e8re"},"content":{"rendered":"\n<p><strong>Deux millions de doses de vaccin produites localement<\/strong><\/p>\n\n\n\n<p>Le minist\u00e8re de la Sant\u00e9 a lanc\u00e9 mardi \u00e0 Alger la campagne nationale de vaccination contre la grippe saisonni\u00e8re 2025\/2026, qui se d\u00e9roulera jusqu&rsquo;en mars prochain avec deux millions de doses de fabrication locale, extensibles selon les besoins de la population.<\/p>\n\n\n\n<p>Lors d&rsquo;une journ\u00e9e de sensibilisation organis\u00e9e dans la capitale, le Directeur g\u00e9n\u00e9ral de la pr\u00e9vention et de la promotion de la sant\u00e9 publique, Djamel Fourar, a d\u00e9taill\u00e9 les contours de cette op\u00e9ration sanitaire d&rsquo;envergure. \u00ab\u00a0Cette campagne, lanc\u00e9e ce mardi, se poursuivra jusqu&rsquo;au mois de mars prochain\u00a0\u00bb, a-t-il indiqu\u00e9, pr\u00e9cisant que \u00ab\u00a0deux millions de doses de production nationale \u00e0 100% ont \u00e9t\u00e9 assur\u00e9es\u00a0\u00bb et que \u00ab\u00a0d&rsquo;autres doses peuvent \u00eatre fournies si n\u00e9cessaire\u00a0\u00bb. Le responsable a soulign\u00e9 qu&rsquo;un \u00ab\u00a0vaccin quadrivalent a \u00e9t\u00e9 assur\u00e9 pour lutter contre ce virus\u00a0\u00bb, expliquant que \u00ab\u00a0ce vaccin cible quatre souches virales les plus susceptibles de se propager durant la p\u00e9riode grippale\u00a0\u00bb. M. Fourar a insist\u00e9 sur la n\u00e9cessit\u00e9 de cette immunisation pr\u00e9ventive, qualifi\u00e9e de \u00ab\u00a0moyen le plus efficace pour pr\u00e9venir les complications graves, notamment chez les cat\u00e9gories vuln\u00e9rables, telles que les personnes \u00e2g\u00e9es, les femmes enceintes, les malades chroniques et les professionnels de la sant\u00e9\u00a0\u00bb. Ces populations prioritaires sont particuli\u00e8rement expos\u00e9es aux formes s\u00e9v\u00e8res de l&rsquo;infection virale.<\/p>\n\n\n\n<p>La directrice de la pr\u00e9vention et de la lutte contre les maladies transmissibles, Samia Hammadi, a averti sur le fait que la grippe saisonni\u00e8re atteint son pic durant la derni\u00e8re semaine du mois de janvier, justifiant ainsi le timing de la campagne. Il est donc conseill\u00e9 de \u00ab\u00a0se faire vacciner en d\u00e9but de saison pour acqu\u00e9rir une immunit\u00e9 suffisante afin de se prot\u00e9ger contre ce virus\u00a0\u00bb, a-t-elle recommand\u00e9 aux citoyens. Cette initiative s&rsquo;inscrit dans un dispositif de surveillance \u00e9pid\u00e9miologique renforc\u00e9. Le directeur g\u00e9n\u00e9ral de l&rsquo;Institut national de la sant\u00e9 publique, Abderrezak Bouamra, a rappel\u00e9 que \u00ab\u00a0le minist\u00e8re de la Sant\u00e9 a mis en place, depuis deux ans, un r\u00e9seau national sentinelle de surveillance de la grippe, en coordination avec l&rsquo;INSP et l&rsquo;Institut Pasteur\u00a0\u00bb. Ce dispositif comprend \u00ab\u00a0un syst\u00e8me de surveillance au niveau de dix wilayas, charg\u00e9 de fournir les donn\u00e9es g\u00e9n\u00e9tiques sur la nature des virus qui causent la grippe saisonni\u00e8re ou d&rsquo;autres maladies, et ce pour assurer le vaccin ad\u00e9quat\u00a0\u00bb. M. Bouamra a \u00e9galement annonc\u00e9 l&rsquo;organisation d&rsquo;une journ\u00e9e d&rsquo;\u00e9tude le 27 octobre prochain, au cours de laquelle seront pr\u00e9sent\u00e9es les donn\u00e9es relatives \u00e0 la grippe saisonni\u00e8re de la saison \u00e9coul\u00e9e, permettant ainsi d&rsquo;\u00e9valuer l&rsquo;efficacit\u00e9 des mesures sanitaires d\u00e9ploy\u00e9es.<\/p>\n\n\n\n<p>Lyna Larbi<\/p>\n","protected":false},"excerpt":{"rendered":"<p>Deux millions de doses de vaccin produites localement Le minist\u00e8re de la Sant\u00e9 a lanc\u00e9 mardi \u00e0 Alger la campagne<\/p>\n","protected":false},"author":6,"featured_media":75097,"comment_status":"open","ping_status":"closed","sticky":false,"template":"","format":"standard","meta":{"colormag_page_container_layout":"default_layout","colormag_page_sidebar_layout":"default_layout","om_disable_all_campaigns":false,"_monsterinsights_skip_tracking":false,"_monsterinsights_sitenote_active":false,"_monsterinsights_sitenote_note":"","_monsterinsights_sitenote_category":0,"footnotes":"","_wpscppro_dont_share_socialmedia":false,"_wpscppro_custom_social_share_image":0,"_facebook_share_type":"default","_twitter_share_type":"default","_linkedin_share_type":"default","_pinterest_share_type":"default","_linkedin_share_type_page":"","_instagram_share_type":"default","_medium_share_type":"default","_threads_share_type":"default","_google_business_share_type":"default","_selected_social_profile":[],"_wpsp_enable_custom_social_template":false,"_wpsp_social_scheduling":{"enabled":false,"datetime":null,"platforms":[],"status":"template_only","dateOption":"today","timeOption":"now","customDays":"","customHours":"","customDate":"","customTime":"","schedulingType":"absolute"},"_wpsp_active_default_template":true},"categories":[27],"tags":[],"class_list":["post-75096","post","type-post","status-publish","format-standard","has-post-thumbnail","hentry","category-actualite"],"aioseo_notices":[],"yoast_head":"<!-- This site is optimized with the Yoast SEO plugin v27.4 - https:\/\/yoast.com\/product\/yoast-seo-wordpress\/ -->\n<title>Coup d&rsquo;envoi de la campagne de vaccination contre la grippe saisonni\u00e8re - La Sentinelle<\/title>\n<meta name=\"robots\" content=\"index, follow, max-snippet:-1, max-image-preview:large, max-video-preview:-1\" \/>\n<link rel=\"canonical\" href=\"https:\/\/lasentinelle.dz\/index.php\/2025\/10\/22\/coup-denvoi-de-la-campagne-de-vaccination-contre-la-grippe-saisonniere\/\" \/>\n<meta property=\"og:locale\" content=\"fr_FR\" \/>\n<meta property=\"og:type\" content=\"article\" \/>\n<meta property=\"og:title\" content=\"Coup d&rsquo;envoi de la campagne de vaccination contre la grippe saisonni\u00e8re - La Sentinelle\" \/>\n<meta property=\"og:description\" content=\"Deux millions de doses de vaccin produites localement Le minist\u00e8re de la Sant\u00e9 a lanc\u00e9 mardi \u00e0 Alger la campagne\" \/>\n<meta property=\"og:url\" content=\"https:\/\/lasentinelle.dz\/index.php\/2025\/10\/22\/coup-denvoi-de-la-campagne-de-vaccination-contre-la-grippe-saisonniere\/\" \/>\n<meta property=\"og:site_name\" content=\"La Sentinelle\" \/>\n<meta property=\"article:publisher\" content=\"https:\/\/www.facebook.com\/La-Sentinelle-104059864394773\" \/>\n<meta property=\"article:published_time\" content=\"2025-10-22T11:01:19+00:00\" \/>\n<meta property=\"article:modified_time\" content=\"2025-10-22T11:01:20+00:00\" \/>\n<meta property=\"og:image\" content=\"https:\/\/lasentinelle.dz\/wp-content\/uploads\/2025\/10\/vaccin.webp\" \/>\n\t<meta property=\"og:image:width\" content=\"900\" \/>\n\t<meta property=\"og:image:height\" content=\"675\" \/>\n\t<meta property=\"og:image:type\" content=\"image\/webp\" \/>\n<meta name=\"author\" content=\"admin\" \/>\n<meta name=\"twitter:card\" content=\"summary_large_image\" \/>\n<meta name=\"twitter:label1\" content=\"\u00c9crit par\" \/>\n\t<meta name=\"twitter:data1\" content=\"admin\" \/>\n\t<meta name=\"twitter:label2\" content=\"Dur\u00e9e de lecture estim\u00e9e\" \/>\n\t<meta name=\"twitter:data2\" content=\"3 minutes\" \/>\n<script type=\"application\/ld+json\" class=\"yoast-schema-graph\">{\"@context\":\"https:\\\/\\\/schema.org\",\"@graph\":[{\"@type\":\"Article\",\"@id\":\"https:\\\/\\\/lasentinelle.dz\\\/index.php\\\/2025\\\/10\\\/22\\\/coup-denvoi-de-la-campagne-de-vaccination-contre-la-grippe-saisonniere\\\/#article\",\"isPartOf\":{\"@id\":\"https:\\\/\\\/lasentinelle.dz\\\/index.php\\\/2025\\\/10\\\/22\\\/coup-denvoi-de-la-campagne-de-vaccination-contre-la-grippe-saisonniere\\\/\"},\"author\":{\"name\":\"admin\",\"@id\":\"https:\\\/\\\/lasentinelle.dz\\\/#\\\/schema\\\/person\\\/729ee0024f24e0b8c5ec17232f8e8b41\"},\"headline\":\"Coup d&rsquo;envoi de la campagne de vaccination contre la grippe saisonni\u00e8re\",\"datePublished\":\"2025-10-22T11:01:19+00:00\",\"dateModified\":\"2025-10-22T11:01:20+00:00\",\"mainEntityOfPage\":{\"@id\":\"https:\\\/\\\/lasentinelle.dz\\\/index.php\\\/2025\\\/10\\\/22\\\/coup-denvoi-de-la-campagne-de-vaccination-contre-la-grippe-saisonniere\\\/\"},\"wordCount\":486,\"commentCount\":0,\"publisher\":{\"@id\":\"https:\\\/\\\/lasentinelle.dz\\\/#organization\"},\"image\":{\"@id\":\"https:\\\/\\\/lasentinelle.dz\\\/index.php\\\/2025\\\/10\\\/22\\\/coup-denvoi-de-la-campagne-de-vaccination-contre-la-grippe-saisonniere\\\/#primaryimage\"},\"thumbnailUrl\":\"https:\\\/\\\/lasentinelle.dz\\\/wp-content\\\/uploads\\\/2025\\\/10\\\/vaccin.webp\",\"articleSection\":[\"Actualit\u00e9\"],\"inLanguage\":\"fr-FR\",\"potentialAction\":[{\"@type\":\"CommentAction\",\"name\":\"Comment\",\"target\":[\"https:\\\/\\\/lasentinelle.dz\\\/index.php\\\/2025\\\/10\\\/22\\\/coup-denvoi-de-la-campagne-de-vaccination-contre-la-grippe-saisonniere\\\/#respond\"]}]},{\"@type\":\"WebPage\",\"@id\":\"https:\\\/\\\/lasentinelle.dz\\\/index.php\\\/2025\\\/10\\\/22\\\/coup-denvoi-de-la-campagne-de-vaccination-contre-la-grippe-saisonniere\\\/\",\"url\":\"https:\\\/\\\/lasentinelle.dz\\\/index.php\\\/2025\\\/10\\\/22\\\/coup-denvoi-de-la-campagne-de-vaccination-contre-la-grippe-saisonniere\\\/\",\"name\":\"Coup d&rsquo;envoi de la campagne de vaccination contre la grippe saisonni\u00e8re - La Sentinelle\",\"isPartOf\":{\"@id\":\"https:\\\/\\\/lasentinelle.dz\\\/#website\"},\"primaryImageOfPage\":{\"@id\":\"https:\\\/\\\/lasentinelle.dz\\\/index.php\\\/2025\\\/10\\\/22\\\/coup-denvoi-de-la-campagne-de-vaccination-contre-la-grippe-saisonniere\\\/#primaryimage\"},\"image\":{\"@id\":\"https:\\\/\\\/lasentinelle.dz\\\/index.php\\\/2025\\\/10\\\/22\\\/coup-denvoi-de-la-campagne-de-vaccination-contre-la-grippe-saisonniere\\\/#primaryimage\"},\"thumbnailUrl\":\"https:\\\/\\\/lasentinelle.dz\\\/wp-content\\\/uploads\\\/2025\\\/10\\\/vaccin.webp\",\"datePublished\":\"2025-10-22T11:01:19+00:00\",\"dateModified\":\"2025-10-22T11:01:20+00:00\",\"breadcrumb\":{\"@id\":\"https:\\\/\\\/lasentinelle.dz\\\/index.php\\\/2025\\\/10\\\/22\\\/coup-denvoi-de-la-campagne-de-vaccination-contre-la-grippe-saisonniere\\\/#breadcrumb\"},\"inLanguage\":\"fr-FR\",\"potentialAction\":[{\"@type\":\"ReadAction\",\"target\":[\"https:\\\/\\\/lasentinelle.dz\\\/index.php\\\/2025\\\/10\\\/22\\\/coup-denvoi-de-la-campagne-de-vaccination-contre-la-grippe-saisonniere\\\/\"]}]},{\"@type\":\"ImageObject\",\"inLanguage\":\"fr-FR\",\"@id\":\"https:\\\/\\\/lasentinelle.dz\\\/index.php\\\/2025\\\/10\\\/22\\\/coup-denvoi-de-la-campagne-de-vaccination-contre-la-grippe-saisonniere\\\/#primaryimage\",\"url\":\"https:\\\/\\\/lasentinelle.dz\\\/wp-content\\\/uploads\\\/2025\\\/10\\\/vaccin.webp\",\"contentUrl\":\"https:\\\/\\\/lasentinelle.dz\\\/wp-content\\\/uploads\\\/2025\\\/10\\\/vaccin.webp\",\"width\":900,\"height\":675},{\"@type\":\"BreadcrumbList\",\"@id\":\"https:\\\/\\\/lasentinelle.dz\\\/index.php\\\/2025\\\/10\\\/22\\\/coup-denvoi-de-la-campagne-de-vaccination-contre-la-grippe-saisonniere\\\/#breadcrumb\",\"itemListElement\":[{\"@type\":\"ListItem\",\"position\":1,\"name\":\"Accueil\",\"item\":\"https:\\\/\\\/lasentinelle.dz\\\/\"},{\"@type\":\"ListItem\",\"position\":2,\"name\":\"Coup d&rsquo;envoi de la campagne de vaccination contre la grippe saisonni\u00e8re\"}]},{\"@type\":\"WebSite\",\"@id\":\"https:\\\/\\\/lasentinelle.dz\\\/#website\",\"url\":\"https:\\\/\\\/lasentinelle.dz\\\/\",\"name\":\"La Sentinelle\",\"description\":\"Quotidien national d&#039;information\",\"publisher\":{\"@id\":\"https:\\\/\\\/lasentinelle.dz\\\/#organization\"},\"potentialAction\":[{\"@type\":\"SearchAction\",\"target\":{\"@type\":\"EntryPoint\",\"urlTemplate\":\"https:\\\/\\\/lasentinelle.dz\\\/?s={search_term_string}\"},\"query-input\":{\"@type\":\"PropertyValueSpecification\",\"valueRequired\":true,\"valueName\":\"search_term_string\"}}],\"inLanguage\":\"fr-FR\"},{\"@type\":\"Organization\",\"@id\":\"https:\\\/\\\/lasentinelle.dz\\\/#organization\",\"name\":\"Quotidien La Sentinelle\",\"url\":\"https:\\\/\\\/lasentinelle.dz\\\/\",\"logo\":{\"@type\":\"ImageObject\",\"inLanguage\":\"fr-FR\",\"@id\":\"https:\\\/\\\/lasentinelle.dz\\\/#\\\/schema\\\/logo\\\/image\\\/\",\"url\":\"https:\\\/\\\/lasentinelle.dz\\\/wp-content\\\/uploads\\\/2021\\\/09\\\/logo-sentinelleSLOGAN-1.png\",\"contentUrl\":\"https:\\\/\\\/lasentinelle.dz\\\/wp-content\\\/uploads\\\/2021\\\/09\\\/logo-sentinelleSLOGAN-1.png\",\"width\":615,\"height\":142,\"caption\":\"Quotidien La Sentinelle\"},\"image\":{\"@id\":\"https:\\\/\\\/lasentinelle.dz\\\/#\\\/schema\\\/logo\\\/image\\\/\"},\"sameAs\":[\"https:\\\/\\\/www.facebook.com\\\/La-Sentinelle-104059864394773\"]},{\"@type\":\"Person\",\"@id\":\"https:\\\/\\\/lasentinelle.dz\\\/#\\\/schema\\\/person\\\/729ee0024f24e0b8c5ec17232f8e8b41\",\"name\":\"admin\",\"image\":{\"@type\":\"ImageObject\",\"inLanguage\":\"fr-FR\",\"@id\":\"https:\\\/\\\/secure.gravatar.com\\\/avatar\\\/4c81fed838786e9b53f540bf46533e750f5d292099ae3b66cfc6fb1982e29df7?s=96&d=mm&r=g\",\"url\":\"https:\\\/\\\/secure.gravatar.com\\\/avatar\\\/4c81fed838786e9b53f540bf46533e750f5d292099ae3b66cfc6fb1982e29df7?s=96&d=mm&r=g\",\"contentUrl\":\"https:\\\/\\\/secure.gravatar.com\\\/avatar\\\/4c81fed838786e9b53f540bf46533e750f5d292099ae3b66cfc6fb1982e29df7?s=96&d=mm&r=g\",\"caption\":\"admin\"},\"description\":\"admin\",\"url\":\"https:\\\/\\\/lasentinelle.dz\\\/author\\\/admin\\\/\"}]}<\/script>\n<!-- \/ Yoast SEO plugin. -->","yoast_head_json":{"title":"Coup d&rsquo;envoi de la campagne de vaccination contre la grippe saisonni\u00e8re - La Sentinelle","robots":{"index":"index","follow":"follow","max-snippet":"max-snippet:-1","max-image-preview":"max-image-preview:large","max-video-preview":"max-video-preview:-1"},"canonical":"https:\/\/lasentinelle.dz\/index.php\/2025\/10\/22\/coup-denvoi-de-la-campagne-de-vaccination-contre-la-grippe-saisonniere\/","og_locale":"fr_FR","og_type":"article","og_title":"Coup d&rsquo;envoi de la campagne de vaccination contre la grippe saisonni\u00e8re - La Sentinelle","og_description":"Deux millions de doses de vaccin produites localement Le minist\u00e8re de la Sant\u00e9 a lanc\u00e9 mardi \u00e0 Alger la campagne","og_url":"https:\/\/lasentinelle.dz\/index.php\/2025\/10\/22\/coup-denvoi-de-la-campagne-de-vaccination-contre-la-grippe-saisonniere\/","og_site_name":"La Sentinelle","article_publisher":"https:\/\/www.facebook.com\/La-Sentinelle-104059864394773","article_published_time":"2025-10-22T11:01:19+00:00","article_modified_time":"2025-10-22T11:01:20+00:00","og_image":[{"width":900,"height":675,"url":"https:\/\/lasentinelle.dz\/wp-content\/uploads\/2025\/10\/vaccin.webp","type":"image\/webp"}],"author":"admin","twitter_card":"summary_large_image","twitter_misc":{"\u00c9crit par":"admin","Dur\u00e9e de lecture estim\u00e9e":"3 minutes"},"schema":{"@context":"https:\/\/schema.org","@graph":[{"@type":"Article","@id":"https:\/\/lasentinelle.dz\/index.php\/2025\/10\/22\/coup-denvoi-de-la-campagne-de-vaccination-contre-la-grippe-saisonniere\/#article","isPartOf":{"@id":"https:\/\/lasentinelle.dz\/index.php\/2025\/10\/22\/coup-denvoi-de-la-campagne-de-vaccination-contre-la-grippe-saisonniere\/"},"author":{"name":"admin","@id":"https:\/\/lasentinelle.dz\/#\/schema\/person\/729ee0024f24e0b8c5ec17232f8e8b41"},"headline":"Coup d&rsquo;envoi de la campagne de vaccination contre la grippe saisonni\u00e8re","datePublished":"2025-10-22T11:01:19+00:00","dateModified":"2025-10-22T11:01:20+00:00","mainEntityOfPage":{"@id":"https:\/\/lasentinelle.dz\/index.php\/2025\/10\/22\/coup-denvoi-de-la-campagne-de-vaccination-contre-la-grippe-saisonniere\/"},"wordCount":486,"commentCount":0,"publisher":{"@id":"https:\/\/lasentinelle.dz\/#organization"},"image":{"@id":"https:\/\/lasentinelle.dz\/index.php\/2025\/10\/22\/coup-denvoi-de-la-campagne-de-vaccination-contre-la-grippe-saisonniere\/#primaryimage"},"thumbnailUrl":"https:\/\/lasentinelle.dz\/wp-content\/uploads\/2025\/10\/vaccin.webp","articleSection":["Actualit\u00e9"],"inLanguage":"fr-FR","potentialAction":[{"@type":"CommentAction","name":"Comment","target":["https:\/\/lasentinelle.dz\/index.php\/2025\/10\/22\/coup-denvoi-de-la-campagne-de-vaccination-contre-la-grippe-saisonniere\/#respond"]}]},{"@type":"WebPage","@id":"https:\/\/lasentinelle.dz\/index.php\/2025\/10\/22\/coup-denvoi-de-la-campagne-de-vaccination-contre-la-grippe-saisonniere\/","url":"https:\/\/lasentinelle.dz\/index.php\/2025\/10\/22\/coup-denvoi-de-la-campagne-de-vaccination-contre-la-grippe-saisonniere\/","name":"Coup d&rsquo;envoi de la campagne de vaccination contre la grippe saisonni\u00e8re - La Sentinelle","isPartOf":{"@id":"https:\/\/lasentinelle.dz\/#website"},"primaryImageOfPage":{"@id":"https:\/\/lasentinelle.dz\/index.php\/2025\/10\/22\/coup-denvoi-de-la-campagne-de-vaccination-contre-la-grippe-saisonniere\/#primaryimage"},"image":{"@id":"https:\/\/lasentinelle.dz\/index.php\/2025\/10\/22\/coup-denvoi-de-la-campagne-de-vaccination-contre-la-grippe-saisonniere\/#primaryimage"},"thumbnailUrl":"https:\/\/lasentinelle.dz\/wp-content\/uploads\/2025\/10\/vaccin.webp","datePublished":"2025-10-22T11:01:19+00:00","dateModified":"2025-10-22T11:01:20+00:00","breadcrumb":{"@id":"https:\/\/lasentinelle.dz\/index.php\/2025\/10\/22\/coup-denvoi-de-la-campagne-de-vaccination-contre-la-grippe-saisonniere\/#breadcrumb"},"inLanguage":"fr-FR","potentialAction":[{"@type":"ReadAction","target":["https:\/\/lasentinelle.dz\/index.php\/2025\/10\/22\/coup-denvoi-de-la-campagne-de-vaccination-contre-la-grippe-saisonniere\/"]}]},{"@type":"ImageObject","inLanguage":"fr-FR","@id":"https:\/\/lasentinelle.dz\/index.php\/2025\/10\/22\/coup-denvoi-de-la-campagne-de-vaccination-contre-la-grippe-saisonniere\/#primaryimage","url":"https:\/\/lasentinelle.dz\/wp-content\/uploads\/2025\/10\/vaccin.webp","contentUrl":"https:\/\/lasentinelle.dz\/wp-content\/uploads\/2025\/10\/vaccin.webp","width":900,"height":675},{"@type":"BreadcrumbList","@id":"https:\/\/lasentinelle.dz\/index.php\/2025\/10\/22\/coup-denvoi-de-la-campagne-de-vaccination-contre-la-grippe-saisonniere\/#breadcrumb","itemListElement":[{"@type":"ListItem","position":1,"name":"Accueil","item":"https:\/\/lasentinelle.dz\/"},{"@type":"ListItem","position":2,"name":"Coup d&rsquo;envoi de la campagne de vaccination contre la grippe saisonni\u00e8re"}]},{"@type":"WebSite","@id":"https:\/\/lasentinelle.dz\/#website","url":"https:\/\/lasentinelle.dz\/","name":"La Sentinelle","description":"Quotidien national d&#039;information","publisher":{"@id":"https:\/\/lasentinelle.dz\/#organization"},"potentialAction":[{"@type":"SearchAction","target":{"@type":"EntryPoint","urlTemplate":"https:\/\/lasentinelle.dz\/?s={search_term_string}"},"query-input":{"@type":"PropertyValueSpecification","valueRequired":true,"valueName":"search_term_string"}}],"inLanguage":"fr-FR"},{"@type":"Organization","@id":"https:\/\/lasentinelle.dz\/#organization","name":"Quotidien La Sentinelle","url":"https:\/\/lasentinelle.dz\/","logo":{"@type":"ImageObject","inLanguage":"fr-FR","@id":"https:\/\/lasentinelle.dz\/#\/schema\/logo\/image\/","url":"https:\/\/lasentinelle.dz\/wp-content\/uploads\/2021\/09\/logo-sentinelleSLOGAN-1.png","contentUrl":"https:\/\/lasentinelle.dz\/wp-content\/uploads\/2021\/09\/logo-sentinelleSLOGAN-1.png","width":615,"height":142,"caption":"Quotidien La Sentinelle"},"image":{"@id":"https:\/\/lasentinelle.dz\/#\/schema\/logo\/image\/"},"sameAs":["https:\/\/www.facebook.com\/La-Sentinelle-104059864394773"]},{"@type":"Person","@id":"https:\/\/lasentinelle.dz\/#\/schema\/person\/729ee0024f24e0b8c5ec17232f8e8b41","name":"admin","image":{"@type":"ImageObject","inLanguage":"fr-FR","@id":"https:\/\/secure.gravatar.com\/avatar\/4c81fed838786e9b53f540bf46533e750f5d292099ae3b66cfc6fb1982e29df7?s=96&d=mm&r=g","url":"https:\/\/secure.gravatar.com\/avatar\/4c81fed838786e9b53f540bf46533e750f5d292099ae3b66cfc6fb1982e29df7?s=96&d=mm&r=g","contentUrl":"https:\/\/secure.gravatar.com\/avatar\/4c81fed838786e9b53f540bf46533e750f5d292099ae3b66cfc6fb1982e29df7?s=96&d=mm&r=g","caption":"admin"},"description":"admin","url":"https:\/\/lasentinelle.dz\/author\/admin\/"}]}},"_links":{"self":[{"href":"https:\/\/lasentinelle.dz\/index.php\/wp-json\/wp\/v2\/posts\/75096","targetHints":{"allow":["GET"]}}],"collection":[{"href":"https:\/\/lasentinelle.dz\/index.php\/wp-json\/wp\/v2\/posts"}],"about":[{"href":"https:\/\/lasentinelle.dz\/index.php\/wp-json\/wp\/v2\/types\/post"}],"author":[{"embeddable":true,"href":"https:\/\/lasentinelle.dz\/index.php\/wp-json\/wp\/v2\/users\/6"}],"replies":[{"embeddable":true,"href":"https:\/\/lasentinelle.dz\/index.php\/wp-json\/wp\/v2\/comments?post=75096"}],"version-history":[{"count":2,"href":"https:\/\/lasentinelle.dz\/index.php\/wp-json\/wp\/v2\/posts\/75096\/revisions"}],"predecessor-version":[{"id":75099,"href":"https:\/\/lasentinelle.dz\/index.php\/wp-json\/wp\/v2\/posts\/75096\/revisions\/75099"}],"wp:featuredmedia":[{"embeddable":true,"href":"https:\/\/lasentinelle.dz\/index.php\/wp-json\/wp\/v2\/media\/75097"}],"wp:attachment":[{"href":"https:\/\/lasentinelle.dz\/index.php\/wp-json\/wp\/v2\/media?parent=75096"}],"wp:term":[{"taxonomy":"category","embeddable":true,"href":"https:\/\/lasentinelle.dz\/index.php\/wp-json\/wp\/v2\/categories?post=75096"},{"taxonomy":"post_tag","embeddable":true,"href":"https:\/\/lasentinelle.dz\/index.php\/wp-json\/wp\/v2\/tags?post=75096"}],"curies":[{"name":"wp","href":"https:\/\/api.w.org\/{rel}","templated":true}]}}