{"id":7510,"date":"2021-09-13T00:01:00","date_gmt":"2021-09-12T23:01:00","guid":{"rendered":"https:\/\/lasentinelle.dz\/?p=7510"},"modified":"2021-09-12T16:14:56","modified_gmt":"2021-09-12T15:14:56","slug":"scandale-a-lapc-de-skikda-08-employes-places-sous-controle-judiciaire","status":"publish","type":"post","link":"https:\/\/lasentinelle.dz\/index.php\/2021\/09\/13\/scandale-a-lapc-de-skikda-08-employes-places-sous-controle-judiciaire\/","title":{"rendered":"Scandale \u00e0 l\u2019APC de Skikda : 08 employ\u00e9s plac\u00e9s sous contr\u00f4le judiciaire"},"content":{"rendered":"\n<p>Le juge d&rsquo;instruction pr\u00e8s le tribunal de Skikda a d\u00e9cid\u00e9 du placement sous contr\u00f4le judiciaire de 8 employ\u00e9s de l\u2019APC de Skikda, apprend-on de source judiciaire.<\/p>\n\n\n\n<p>Selon la m\u00eame source, pas moins de 15 employ\u00e9s du service biom\u00e9trique, relevant de la mairie de Skikda&nbsp; ont \u00e9t\u00e9 auditionn\u00e9s, la semaine derni\u00e8re, dans une affaire de falsification de dossiers de cartes grises et permis de conduire, a pr\u00e9cis\u00e9 notre source. Certains d&rsquo;entre eux sont accus\u00e9s pendant que d&rsquo;autres, dont 8 citoyens, sont consid\u00e9r\u00e9s comme t\u00e9moins.&nbsp; Selon les explications de nos sources,&nbsp; plus de 15 employ\u00e9s travaillant dans le service de biom\u00e9trie des permis de conduire ont \u00e9t\u00e9 inculp\u00e9s pour plusieurs chefs d&rsquo;accusation, dont falsification de documents officiels, d&rsquo;octroi, remise de documents et de fausses d\u00e9clarations dans des documents administratifs officiels. La mise \u00e0 nu de ce scandale fait suite aux informations parvenues \u00e0 la brigade financi\u00e8re et \u00e9conomiquede la s\u00fbret\u00e9 de wilaya de Skikda, sur plusieurs citoyens qui auraient obtenu des cartes grises et des permis de conduire d\u2019une mani\u00e8re ill\u00e9gale. Et d&rsquo;autres sous la menace de se voir retirer leurs permis de conduire pendant que certains&nbsp; auraient obtenu des cartes grises pour des voitures ne reposant pas sur des dossiers l\u00e9gaux. Une enqu\u00eate approfondie a \u00e9t\u00e9 ouverte dans ce sens, par les enqu\u00eateurs en charge du dossier, qui ont proc\u00e9d\u00e9 \u00e0 l\u2019interrogatoire de toutes les parties, pr\u00e9sum\u00e9es impliqu\u00e9es dans ce scandale. Selon la m\u00eame source, des rebondissements sont attendus dans cette affaire, apr\u00e8s que certains responsables directs des employ\u00e9s suspect\u00e9s impliqu\u00e9s dans ces agissements, soient convoqu\u00e9s et entendus apr\u00e8s leur retour du cong\u00e9 annuel. En attendant la fin de l\u2019enqu\u00eate, certains n&rsquo;\u00e9cartent pas l\u2019implication de plusieurs responsables de l\u2019APC de Skikda. Pour l\u2019heure, 8 employ\u00e9s de cette collectivit\u00e9 locale ont \u00e9t\u00e9 plac\u00e9 sous contr\u00f4le judiciaire, dans l\u2019attente de l\u2019ach\u00e8vement de l\u2019enqu\u00eate qui devra, dans les prochains jours, d\u00e9terminer la responsabilit\u00e9 des uns et des autres.&nbsp; \u00c0 suivre\u2026<\/p>\n\n\n\n<p><strong>Sofia Chahine<\/strong><\/p>\n","protected":false},"excerpt":{"rendered":"<p>Le juge d&rsquo;instruction pr\u00e8s le tribunal de Skikda a d\u00e9cid\u00e9 du placement sous contr\u00f4le judiciaire de 8 employ\u00e9s de l\u2019APC<\/p>\n","protected":false},"author":3,"featured_media":7521,"comment_status":"open","ping_status":"closed","sticky":false,"template":"","format":"standard","meta":{"colormag_page_container_layout":"default_layout","colormag_page_sidebar_layout":"default_layout","om_disable_all_campaigns":false,"_monsterinsights_skip_tracking":false,"_monsterinsights_sitenote_active":false,"_monsterinsights_sitenote_note":"","_monsterinsights_sitenote_category":0,"footnotes":"","_wpscppro_dont_share_socialmedia":false,"_wpscppro_custom_social_share_image":0,"_facebook_share_type":"","_twitter_share_type":"","_linkedin_share_type":"","_pinterest_share_type":"","_linkedin_share_type_page":"","_instagram_share_type":"","_medium_share_type":"","_threads_share_type":"","_google_business_share_type":"","_selected_social_profile":[],"_wpsp_enable_custom_social_template":false,"_wpsp_social_scheduling":{"enabled":false,"datetime":null,"platforms":[],"status":"template_only","dateOption":"today","timeOption":"now","customDays":"","customHours":"","customDate":"","customTime":"","schedulingType":"absolute"},"_wpsp_active_default_template":true},"categories":[31],"tags":[],"class_list":["post-7510","post","type-post","status-publish","format-standard","has-post-thumbnail","hentry","category-regions"],"aioseo_notices":[],"yoast_head":"<!-- This site is optimized with the Yoast SEO plugin v27.5 - https:\/\/yoast.com\/product\/yoast-seo-wordpress\/ -->\n<title>Scandale \u00e0 l\u2019APC de Skikda : 08 employ\u00e9s plac\u00e9s sous contr\u00f4le judiciaire - La Sentinelle<\/title>\n<meta name=\"robots\" content=\"index, follow, max-snippet:-1, max-image-preview:large, max-video-preview:-1\" \/>\n<link rel=\"canonical\" href=\"https:\/\/lasentinelle.dz\/index.php\/2021\/09\/13\/scandale-a-lapc-de-skikda-08-employes-places-sous-controle-judiciaire\/\" \/>\n<meta property=\"og:locale\" content=\"fr_FR\" \/>\n<meta property=\"og:type\" content=\"article\" \/>\n<meta property=\"og:title\" content=\"Scandale \u00e0 l\u2019APC de Skikda : 08 employ\u00e9s plac\u00e9s sous contr\u00f4le judiciaire - La Sentinelle\" \/>\n<meta property=\"og:description\" content=\"Le juge d&rsquo;instruction pr\u00e8s le tribunal de Skikda a d\u00e9cid\u00e9 du placement sous contr\u00f4le judiciaire de 8 employ\u00e9s de l\u2019APC\" \/>\n<meta property=\"og:url\" content=\"https:\/\/lasentinelle.dz\/index.php\/2021\/09\/13\/scandale-a-lapc-de-skikda-08-employes-places-sous-controle-judiciaire\/\" \/>\n<meta property=\"og:site_name\" content=\"La Sentinelle\" \/>\n<meta property=\"article:publisher\" content=\"https:\/\/www.facebook.com\/La-Sentinelle-104059864394773\" \/>\n<meta property=\"article:published_time\" content=\"2021-09-12T23:01:00+00:00\" \/>\n<meta property=\"og:image\" content=\"https:\/\/lasentinelle.dz\/wp-content\/uploads\/2021\/09\/image_2021-09-12_161448.png\" \/>\n\t<meta property=\"og:image:width\" content=\"620\" \/>\n\t<meta property=\"og:image:height\" content=\"413\" \/>\n\t<meta property=\"og:image:type\" content=\"image\/png\" \/>\n<meta name=\"author\" content=\"La Sentinelle\" \/>\n<meta name=\"twitter:card\" content=\"summary_large_image\" \/>\n<meta name=\"twitter:label1\" content=\"\u00c9crit par\" \/>\n\t<meta name=\"twitter:data1\" content=\"La Sentinelle\" \/>\n\t<meta name=\"twitter:label2\" content=\"Dur\u00e9e de lecture estim\u00e9e\" \/>\n\t<meta name=\"twitter:data2\" content=\"2 minutes\" \/>\n<script type=\"application\/ld+json\" class=\"yoast-schema-graph\">{\"@context\":\"https:\\\/\\\/schema.org\",\"@graph\":[{\"@type\":\"Article\",\"@id\":\"https:\\\/\\\/lasentinelle.dz\\\/index.php\\\/2021\\\/09\\\/13\\\/scandale-a-lapc-de-skikda-08-employes-places-sous-controle-judiciaire\\\/#article\",\"isPartOf\":{\"@id\":\"https:\\\/\\\/lasentinelle.dz\\\/index.php\\\/2021\\\/09\\\/13\\\/scandale-a-lapc-de-skikda-08-employes-places-sous-controle-judiciaire\\\/\"},\"author\":{\"name\":\"La Sentinelle\",\"@id\":\"https:\\\/\\\/lasentinelle.dz\\\/#\\\/schema\\\/person\\\/d865044e22e70a75174ce8bcad3acfb3\"},\"headline\":\"Scandale \u00e0 l\u2019APC de Skikda : 08 employ\u00e9s plac\u00e9s sous contr\u00f4le judiciaire\",\"datePublished\":\"2021-09-12T23:01:00+00:00\",\"mainEntityOfPage\":{\"@id\":\"https:\\\/\\\/lasentinelle.dz\\\/index.php\\\/2021\\\/09\\\/13\\\/scandale-a-lapc-de-skikda-08-employes-places-sous-controle-judiciaire\\\/\"},\"wordCount\":386,\"commentCount\":0,\"publisher\":{\"@id\":\"https:\\\/\\\/lasentinelle.dz\\\/#organization\"},\"image\":{\"@id\":\"https:\\\/\\\/lasentinelle.dz\\\/index.php\\\/2021\\\/09\\\/13\\\/scandale-a-lapc-de-skikda-08-employes-places-sous-controle-judiciaire\\\/#primaryimage\"},\"thumbnailUrl\":\"https:\\\/\\\/lasentinelle.dz\\\/wp-content\\\/uploads\\\/2021\\\/09\\\/image_2021-09-12_161448.png\",\"articleSection\":[\"R\u00e9gions\"],\"inLanguage\":\"fr-FR\",\"potentialAction\":[{\"@type\":\"CommentAction\",\"name\":\"Comment\",\"target\":[\"https:\\\/\\\/lasentinelle.dz\\\/index.php\\\/2021\\\/09\\\/13\\\/scandale-a-lapc-de-skikda-08-employes-places-sous-controle-judiciaire\\\/#respond\"]}]},{\"@type\":\"WebPage\",\"@id\":\"https:\\\/\\\/lasentinelle.dz\\\/index.php\\\/2021\\\/09\\\/13\\\/scandale-a-lapc-de-skikda-08-employes-places-sous-controle-judiciaire\\\/\",\"url\":\"https:\\\/\\\/lasentinelle.dz\\\/index.php\\\/2021\\\/09\\\/13\\\/scandale-a-lapc-de-skikda-08-employes-places-sous-controle-judiciaire\\\/\",\"name\":\"Scandale \u00e0 l\u2019APC de Skikda : 08 employ\u00e9s plac\u00e9s sous contr\u00f4le judiciaire - La Sentinelle\",\"isPartOf\":{\"@id\":\"https:\\\/\\\/lasentinelle.dz\\\/#website\"},\"primaryImageOfPage\":{\"@id\":\"https:\\\/\\\/lasentinelle.dz\\\/index.php\\\/2021\\\/09\\\/13\\\/scandale-a-lapc-de-skikda-08-employes-places-sous-controle-judiciaire\\\/#primaryimage\"},\"image\":{\"@id\":\"https:\\\/\\\/lasentinelle.dz\\\/index.php\\\/2021\\\/09\\\/13\\\/scandale-a-lapc-de-skikda-08-employes-places-sous-controle-judiciaire\\\/#primaryimage\"},\"thumbnailUrl\":\"https:\\\/\\\/lasentinelle.dz\\\/wp-content\\\/uploads\\\/2021\\\/09\\\/image_2021-09-12_161448.png\",\"datePublished\":\"2021-09-12T23:01:00+00:00\",\"breadcrumb\":{\"@id\":\"https:\\\/\\\/lasentinelle.dz\\\/index.php\\\/2021\\\/09\\\/13\\\/scandale-a-lapc-de-skikda-08-employes-places-sous-controle-judiciaire\\\/#breadcrumb\"},\"inLanguage\":\"fr-FR\",\"potentialAction\":[{\"@type\":\"ReadAction\",\"target\":[\"https:\\\/\\\/lasentinelle.dz\\\/index.php\\\/2021\\\/09\\\/13\\\/scandale-a-lapc-de-skikda-08-employes-places-sous-controle-judiciaire\\\/\"]}]},{\"@type\":\"ImageObject\",\"inLanguage\":\"fr-FR\",\"@id\":\"https:\\\/\\\/lasentinelle.dz\\\/index.php\\\/2021\\\/09\\\/13\\\/scandale-a-lapc-de-skikda-08-employes-places-sous-controle-judiciaire\\\/#primaryimage\",\"url\":\"https:\\\/\\\/lasentinelle.dz\\\/wp-content\\\/uploads\\\/2021\\\/09\\\/image_2021-09-12_161448.png\",\"contentUrl\":\"https:\\\/\\\/lasentinelle.dz\\\/wp-content\\\/uploads\\\/2021\\\/09\\\/image_2021-09-12_161448.png\",\"width\":620,\"height\":413},{\"@type\":\"BreadcrumbList\",\"@id\":\"https:\\\/\\\/lasentinelle.dz\\\/index.php\\\/2021\\\/09\\\/13\\\/scandale-a-lapc-de-skikda-08-employes-places-sous-controle-judiciaire\\\/#breadcrumb\",\"itemListElement\":[{\"@type\":\"ListItem\",\"position\":1,\"name\":\"Accueil\",\"item\":\"https:\\\/\\\/lasentinelle.dz\\\/\"},{\"@type\":\"ListItem\",\"position\":2,\"name\":\"Scandale \u00e0 l\u2019APC de Skikda : 08 employ\u00e9s plac\u00e9s sous contr\u00f4le judiciaire\"}]},{\"@type\":\"WebSite\",\"@id\":\"https:\\\/\\\/lasentinelle.dz\\\/#website\",\"url\":\"https:\\\/\\\/lasentinelle.dz\\\/\",\"name\":\"La Sentinelle\",\"description\":\"Quotidien national d&#039;information\",\"publisher\":{\"@id\":\"https:\\\/\\\/lasentinelle.dz\\\/#organization\"},\"potentialAction\":[{\"@type\":\"SearchAction\",\"target\":{\"@type\":\"EntryPoint\",\"urlTemplate\":\"https:\\\/\\\/lasentinelle.dz\\\/?s={search_term_string}\"},\"query-input\":{\"@type\":\"PropertyValueSpecification\",\"valueRequired\":true,\"valueName\":\"search_term_string\"}}],\"inLanguage\":\"fr-FR\"},{\"@type\":\"Organization\",\"@id\":\"https:\\\/\\\/lasentinelle.dz\\\/#organization\",\"name\":\"Quotidien La Sentinelle\",\"url\":\"https:\\\/\\\/lasentinelle.dz\\\/\",\"logo\":{\"@type\":\"ImageObject\",\"inLanguage\":\"fr-FR\",\"@id\":\"https:\\\/\\\/lasentinelle.dz\\\/#\\\/schema\\\/logo\\\/image\\\/\",\"url\":\"https:\\\/\\\/lasentinelle.dz\\\/wp-content\\\/uploads\\\/2021\\\/09\\\/logo-sentinelleSLOGAN-1.png\",\"contentUrl\":\"https:\\\/\\\/lasentinelle.dz\\\/wp-content\\\/uploads\\\/2021\\\/09\\\/logo-sentinelleSLOGAN-1.png\",\"width\":615,\"height\":142,\"caption\":\"Quotidien La Sentinelle\"},\"image\":{\"@id\":\"https:\\\/\\\/lasentinelle.dz\\\/#\\\/schema\\\/logo\\\/image\\\/\"},\"sameAs\":[\"https:\\\/\\\/www.facebook.com\\\/La-Sentinelle-104059864394773\"]},{\"@type\":\"Person\",\"@id\":\"https:\\\/\\\/lasentinelle.dz\\\/#\\\/schema\\\/person\\\/d865044e22e70a75174ce8bcad3acfb3\",\"name\":\"La Sentinelle\",\"image\":{\"@type\":\"ImageObject\",\"inLanguage\":\"fr-FR\",\"@id\":\"https:\\\/\\\/secure.gravatar.com\\\/avatar\\\/57de8e5d4b15d43fb361a71fbb36338450fe67865b528a43dd10ef7c51a20392?s=96&d=mm&r=g\",\"url\":\"https:\\\/\\\/secure.gravatar.com\\\/avatar\\\/57de8e5d4b15d43fb361a71fbb36338450fe67865b528a43dd10ef7c51a20392?s=96&d=mm&r=g\",\"contentUrl\":\"https:\\\/\\\/secure.gravatar.com\\\/avatar\\\/57de8e5d4b15d43fb361a71fbb36338450fe67865b528a43dd10ef7c51a20392?s=96&d=mm&r=g\",\"caption\":\"La Sentinelle\"},\"sameAs\":[\"http:\\\/\\\/www.lasentinelle.dz\"],\"url\":\"https:\\\/\\\/lasentinelle.dz\\\/author\\\/redaction\\\/\"}]}<\/script>\n<!-- \/ Yoast SEO plugin. -->","yoast_head_json":{"title":"Scandale \u00e0 l\u2019APC de Skikda : 08 employ\u00e9s plac\u00e9s sous contr\u00f4le judiciaire - La Sentinelle","robots":{"index":"index","follow":"follow","max-snippet":"max-snippet:-1","max-image-preview":"max-image-preview:large","max-video-preview":"max-video-preview:-1"},"canonical":"https:\/\/lasentinelle.dz\/index.php\/2021\/09\/13\/scandale-a-lapc-de-skikda-08-employes-places-sous-controle-judiciaire\/","og_locale":"fr_FR","og_type":"article","og_title":"Scandale \u00e0 l\u2019APC de Skikda : 08 employ\u00e9s plac\u00e9s sous contr\u00f4le judiciaire - La Sentinelle","og_description":"Le juge d&rsquo;instruction pr\u00e8s le tribunal de Skikda a d\u00e9cid\u00e9 du placement sous contr\u00f4le judiciaire de 8 employ\u00e9s de l\u2019APC","og_url":"https:\/\/lasentinelle.dz\/index.php\/2021\/09\/13\/scandale-a-lapc-de-skikda-08-employes-places-sous-controle-judiciaire\/","og_site_name":"La Sentinelle","article_publisher":"https:\/\/www.facebook.com\/La-Sentinelle-104059864394773","article_published_time":"2021-09-12T23:01:00+00:00","og_image":[{"width":620,"height":413,"url":"https:\/\/lasentinelle.dz\/wp-content\/uploads\/2021\/09\/image_2021-09-12_161448.png","type":"image\/png"}],"author":"La Sentinelle","twitter_card":"summary_large_image","twitter_misc":{"\u00c9crit par":"La Sentinelle","Dur\u00e9e de lecture estim\u00e9e":"2 minutes"},"schema":{"@context":"https:\/\/schema.org","@graph":[{"@type":"Article","@id":"https:\/\/lasentinelle.dz\/index.php\/2021\/09\/13\/scandale-a-lapc-de-skikda-08-employes-places-sous-controle-judiciaire\/#article","isPartOf":{"@id":"https:\/\/lasentinelle.dz\/index.php\/2021\/09\/13\/scandale-a-lapc-de-skikda-08-employes-places-sous-controle-judiciaire\/"},"author":{"name":"La Sentinelle","@id":"https:\/\/lasentinelle.dz\/#\/schema\/person\/d865044e22e70a75174ce8bcad3acfb3"},"headline":"Scandale \u00e0 l\u2019APC de Skikda : 08 employ\u00e9s plac\u00e9s sous contr\u00f4le judiciaire","datePublished":"2021-09-12T23:01:00+00:00","mainEntityOfPage":{"@id":"https:\/\/lasentinelle.dz\/index.php\/2021\/09\/13\/scandale-a-lapc-de-skikda-08-employes-places-sous-controle-judiciaire\/"},"wordCount":386,"commentCount":0,"publisher":{"@id":"https:\/\/lasentinelle.dz\/#organization"},"image":{"@id":"https:\/\/lasentinelle.dz\/index.php\/2021\/09\/13\/scandale-a-lapc-de-skikda-08-employes-places-sous-controle-judiciaire\/#primaryimage"},"thumbnailUrl":"https:\/\/lasentinelle.dz\/wp-content\/uploads\/2021\/09\/image_2021-09-12_161448.png","articleSection":["R\u00e9gions"],"inLanguage":"fr-FR","potentialAction":[{"@type":"CommentAction","name":"Comment","target":["https:\/\/lasentinelle.dz\/index.php\/2021\/09\/13\/scandale-a-lapc-de-skikda-08-employes-places-sous-controle-judiciaire\/#respond"]}]},{"@type":"WebPage","@id":"https:\/\/lasentinelle.dz\/index.php\/2021\/09\/13\/scandale-a-lapc-de-skikda-08-employes-places-sous-controle-judiciaire\/","url":"https:\/\/lasentinelle.dz\/index.php\/2021\/09\/13\/scandale-a-lapc-de-skikda-08-employes-places-sous-controle-judiciaire\/","name":"Scandale \u00e0 l\u2019APC de Skikda : 08 employ\u00e9s plac\u00e9s sous contr\u00f4le judiciaire - La Sentinelle","isPartOf":{"@id":"https:\/\/lasentinelle.dz\/#website"},"primaryImageOfPage":{"@id":"https:\/\/lasentinelle.dz\/index.php\/2021\/09\/13\/scandale-a-lapc-de-skikda-08-employes-places-sous-controle-judiciaire\/#primaryimage"},"image":{"@id":"https:\/\/lasentinelle.dz\/index.php\/2021\/09\/13\/scandale-a-lapc-de-skikda-08-employes-places-sous-controle-judiciaire\/#primaryimage"},"thumbnailUrl":"https:\/\/lasentinelle.dz\/wp-content\/uploads\/2021\/09\/image_2021-09-12_161448.png","datePublished":"2021-09-12T23:01:00+00:00","breadcrumb":{"@id":"https:\/\/lasentinelle.dz\/index.php\/2021\/09\/13\/scandale-a-lapc-de-skikda-08-employes-places-sous-controle-judiciaire\/#breadcrumb"},"inLanguage":"fr-FR","potentialAction":[{"@type":"ReadAction","target":["https:\/\/lasentinelle.dz\/index.php\/2021\/09\/13\/scandale-a-lapc-de-skikda-08-employes-places-sous-controle-judiciaire\/"]}]},{"@type":"ImageObject","inLanguage":"fr-FR","@id":"https:\/\/lasentinelle.dz\/index.php\/2021\/09\/13\/scandale-a-lapc-de-skikda-08-employes-places-sous-controle-judiciaire\/#primaryimage","url":"https:\/\/lasentinelle.dz\/wp-content\/uploads\/2021\/09\/image_2021-09-12_161448.png","contentUrl":"https:\/\/lasentinelle.dz\/wp-content\/uploads\/2021\/09\/image_2021-09-12_161448.png","width":620,"height":413},{"@type":"BreadcrumbList","@id":"https:\/\/lasentinelle.dz\/index.php\/2021\/09\/13\/scandale-a-lapc-de-skikda-08-employes-places-sous-controle-judiciaire\/#breadcrumb","itemListElement":[{"@type":"ListItem","position":1,"name":"Accueil","item":"https:\/\/lasentinelle.dz\/"},{"@type":"ListItem","position":2,"name":"Scandale \u00e0 l\u2019APC de Skikda : 08 employ\u00e9s plac\u00e9s sous contr\u00f4le judiciaire"}]},{"@type":"WebSite","@id":"https:\/\/lasentinelle.dz\/#website","url":"https:\/\/lasentinelle.dz\/","name":"La Sentinelle","description":"Quotidien national d&#039;information","publisher":{"@id":"https:\/\/lasentinelle.dz\/#organization"},"potentialAction":[{"@type":"SearchAction","target":{"@type":"EntryPoint","urlTemplate":"https:\/\/lasentinelle.dz\/?s={search_term_string}"},"query-input":{"@type":"PropertyValueSpecification","valueRequired":true,"valueName":"search_term_string"}}],"inLanguage":"fr-FR"},{"@type":"Organization","@id":"https:\/\/lasentinelle.dz\/#organization","name":"Quotidien La Sentinelle","url":"https:\/\/lasentinelle.dz\/","logo":{"@type":"ImageObject","inLanguage":"fr-FR","@id":"https:\/\/lasentinelle.dz\/#\/schema\/logo\/image\/","url":"https:\/\/lasentinelle.dz\/wp-content\/uploads\/2021\/09\/logo-sentinelleSLOGAN-1.png","contentUrl":"https:\/\/lasentinelle.dz\/wp-content\/uploads\/2021\/09\/logo-sentinelleSLOGAN-1.png","width":615,"height":142,"caption":"Quotidien La Sentinelle"},"image":{"@id":"https:\/\/lasentinelle.dz\/#\/schema\/logo\/image\/"},"sameAs":["https:\/\/www.facebook.com\/La-Sentinelle-104059864394773"]},{"@type":"Person","@id":"https:\/\/lasentinelle.dz\/#\/schema\/person\/d865044e22e70a75174ce8bcad3acfb3","name":"La Sentinelle","image":{"@type":"ImageObject","inLanguage":"fr-FR","@id":"https:\/\/secure.gravatar.com\/avatar\/57de8e5d4b15d43fb361a71fbb36338450fe67865b528a43dd10ef7c51a20392?s=96&d=mm&r=g","url":"https:\/\/secure.gravatar.com\/avatar\/57de8e5d4b15d43fb361a71fbb36338450fe67865b528a43dd10ef7c51a20392?s=96&d=mm&r=g","contentUrl":"https:\/\/secure.gravatar.com\/avatar\/57de8e5d4b15d43fb361a71fbb36338450fe67865b528a43dd10ef7c51a20392?s=96&d=mm&r=g","caption":"La Sentinelle"},"sameAs":["http:\/\/www.lasentinelle.dz"],"url":"https:\/\/lasentinelle.dz\/author\/redaction\/"}]}},"_links":{"self":[{"href":"https:\/\/lasentinelle.dz\/index.php\/wp-json\/wp\/v2\/posts\/7510","targetHints":{"allow":["GET"]}}],"collection":[{"href":"https:\/\/lasentinelle.dz\/index.php\/wp-json\/wp\/v2\/posts"}],"about":[{"href":"https:\/\/lasentinelle.dz\/index.php\/wp-json\/wp\/v2\/types\/post"}],"author":[{"embeddable":true,"href":"https:\/\/lasentinelle.dz\/index.php\/wp-json\/wp\/v2\/users\/3"}],"replies":[{"embeddable":true,"href":"https:\/\/lasentinelle.dz\/index.php\/wp-json\/wp\/v2\/comments?post=7510"}],"version-history":[{"count":1,"href":"https:\/\/lasentinelle.dz\/index.php\/wp-json\/wp\/v2\/posts\/7510\/revisions"}],"predecessor-version":[{"id":7522,"href":"https:\/\/lasentinelle.dz\/index.php\/wp-json\/wp\/v2\/posts\/7510\/revisions\/7522"}],"wp:featuredmedia":[{"embeddable":true,"href":"https:\/\/lasentinelle.dz\/index.php\/wp-json\/wp\/v2\/media\/7521"}],"wp:attachment":[{"href":"https:\/\/lasentinelle.dz\/index.php\/wp-json\/wp\/v2\/media?parent=7510"}],"wp:term":[{"taxonomy":"category","embeddable":true,"href":"https:\/\/lasentinelle.dz\/index.php\/wp-json\/wp\/v2\/categories?post=7510"},{"taxonomy":"post_tag","embeddable":true,"href":"https:\/\/lasentinelle.dz\/index.php\/wp-json\/wp\/v2\/tags?post=7510"}],"curies":[{"name":"wp","href":"https:\/\/api.w.org\/{rel}","templated":true}]}}