{"id":75104,"date":"2025-10-22T12:04:30","date_gmt":"2025-10-22T11:04:30","guid":{"rendered":"https:\/\/lasentinelle.dz\/?p=75104"},"modified":"2025-10-22T12:04:31","modified_gmt":"2025-10-22T11:04:31","slug":"cnas-prise-en-charge-gratuite-de-la-radiotherapie-des-enfants-cancereux","status":"publish","type":"post","link":"https:\/\/lasentinelle.dz\/index.php\/2025\/10\/22\/cnas-prise-en-charge-gratuite-de-la-radiotherapie-des-enfants-cancereux\/","title":{"rendered":"CNAS: Prise en charge gratuite de la radioth\u00e9rapie des enfants canc\u00e9reux"},"content":{"rendered":"\n<p>Une convention a \u00e9t\u00e9 sign\u00e9e mardi \u00e0 Alger entre la Caisse nationale des assurances sociales des travailleurs salari\u00e9s et plusieurs \u00e9tablissements hospitaliers publics et priv\u00e9s sp\u00e9cialis\u00e9s en radioth\u00e9rapie, visant \u00e0 garantir une prise en charge compl\u00e8te et gratuite des enfants canc\u00e9reux, en application des instructions du pr\u00e9sident de la R\u00e9publique.<\/p>\n\n\n\n<p>La c\u00e9r\u00e9monie de signature s&rsquo;est d\u00e9roul\u00e9e sous la supervision du ministre du Travail, de l&rsquo;Emploi et de la S\u00e9curit\u00e9 sociale, Abdelhak Sa\u00efhi, et du ministre de la Sant\u00e9, Mohamed Seddik Ait Messaoudene, en pr\u00e9sence de professeurs, d&rsquo;experts et de cadres des deux secteurs. Cette initiative intervient en ex\u00e9cution des directives du pr\u00e9sident Abdelmadjid Tebboune, \u00e9mises lors de sa rencontre avec le Comit\u00e9 national de pr\u00e9vention et de lutte contre le cancer, au cours de laquelle il avait insist\u00e9 sur la n\u00e9cessit\u00e9 de \u00ab\u00a0garantir une prise en charge compl\u00e8te et gratuite des enfants atteints de cancer, notamment la radioth\u00e9rapie\u00a0\u00bb. Le Directeur g\u00e9n\u00e9ral de la Caisse nationale des assurances sociales des travailleurs salari\u00e9s, Nadir Kouadria, a expliqu\u00e9 que cette d\u00e9marche constitue \u00ab\u00a0une r\u00e9ponse au besoin urgent de construire un parcours national organis\u00e9 pour une prise en charge efficace des enfants atteints de cancer, leur garantissant un avenir meilleur\u00a0\u00bb. Il a ajout\u00e9 que cette prise en charge au niveau des \u00e9tablissements hospitaliers \u00e0 travers le territoire national contribuera \u00e0 r\u00e9duire les transferts \u00e0 l&rsquo;\u00e9tranger et \u00e0 all\u00e9ger les souffrances des familles. De son c\u00f4t\u00e9, le pr\u00e9sident du Comit\u00e9 national de pr\u00e9vention et de lutte contre le cancer, Adda Bounedjar, a soulign\u00e9 l&rsquo;importance de cette initiative qui s&rsquo;inscrit dans le cadre de la strat\u00e9gie nationale de pr\u00e9vention du cancer, r\u00e9pondant \u00e9galement \u00e0 une demande fondamentale exprim\u00e9e par les parents d&rsquo;enfants malades et les professionnels de sant\u00e9, visant une prise en charge optimale de ces cas. Le pr\u00e9sident de l&rsquo;Agence nationale de s\u00e9curit\u00e9 sanitaire, Kamel Sanhadji, a pour sa part insist\u00e9 sur l&rsquo;importance de mener des \u00e9tudes et recherches sur les causes contribuant \u00e0 l&rsquo;aggravation du ph\u00e9nom\u00e8ne du cancer chez les enfants, soulignant la n\u00e9cessit\u00e9 d&rsquo;organiser des campagnes en milieu scolaire pour sensibiliser les \u00e9l\u00e8ves \u00e0 cette maladie et aux moyens de pr\u00e9vention. Selon un communiqu\u00e9 du minist\u00e8re du Travail, cette convention refl\u00e8te \u00ab\u00a0la forte volont\u00e9 politique de l&rsquo;\u00c9tat de faire du syst\u00e8me de s\u00e9curit\u00e9 sociale un outil efficace pour r\u00e9pondre aux besoins de ses affili\u00e9s, consacrant l&rsquo;\u00e9galit\u00e9 des chances dans l&rsquo;acc\u00e8s aux soins, y compris pour les cas complexes et co\u00fbteux\u00a0\u00bb, constituant ainsi \u00ab\u00a0l&rsquo;un des piliers de l&rsquo;approche adopt\u00e9e par l&rsquo;Alg\u00e9rie pour la prise en charge sanitaire des citoyens\u00a0\u00bb.<\/p>\n\n\n\n<p><strong>Des services de sant\u00e9 d\u00e9di\u00e9s<\/strong><\/p>\n\n\n\n<p>Le minist\u00e8re a pr\u00e9cis\u00e9 que certains services publics de sant\u00e9 d\u00e9dieront des services de consultation aux enfants malades, avec l&rsquo;ouverture de nouveaux h\u00f4pitaux dans plusieurs wilayas, notamment Tiaret, Chlef, Oran, M\u00e9d\u00e9a, Gharda\u00efa et Boumerd\u00e8s. Le minist\u00e8re de la Sant\u00e9 a consid\u00e9r\u00e9, dans son communiqu\u00e9, cette convention comme \u00ab\u00a0une \u00e9tape cruciale dans le d\u00e9veloppement des soins de sant\u00e9 pour cette cat\u00e9gorie de patients\u00a0\u00bb, permettant de \u00ab\u00a0renforcer la compl\u00e9mentarit\u00e9 entre les secteurs public et priv\u00e9\u00a0\u00bb. Il a mis en avant les progr\u00e8s consid\u00e9rables enregistr\u00e9s par l&rsquo;Alg\u00e9rie ces derni\u00e8res ann\u00e9es dans la lutte contre le cancer, gr\u00e2ce \u00e0 la strat\u00e9gie nationale globale \u00e9tablie pour la p\u00e9riode 2025-2030, bas\u00e9e sur la fourniture de m\u00e9dicaments et l&rsquo;investissement dans la cr\u00e9ation et le d\u00e9veloppement de centres anticanc\u00e9reux \u00e9quip\u00e9s de tous les moyens n\u00e9cessaires. Dans le cadre du renforcement de la carte de la radioth\u00e9rapie, le syst\u00e8me national sera consolid\u00e9 par de nouveaux services dans cette sp\u00e9cialit\u00e9 au niveau des centres anticanc\u00e9reux de plusieurs wilayas. La convention sign\u00e9e englobe des \u00e9tablissements hospitaliers publics et priv\u00e9s des wilayas d&rsquo;Oran, Alger, Blida, Constantine et Tizi Ouzou.<\/p>\n\n\n\n<p>Samir Benisid<\/p>\n","protected":false},"excerpt":{"rendered":"<p>Une convention a \u00e9t\u00e9 sign\u00e9e mardi \u00e0 Alger entre la Caisse nationale des assurances sociales des travailleurs salari\u00e9s et plusieurs<\/p>\n","protected":false},"author":6,"featured_media":75105,"comment_status":"open","ping_status":"closed","sticky":false,"template":"","format":"standard","meta":{"colormag_page_container_layout":"default_layout","colormag_page_sidebar_layout":"default_layout","om_disable_all_campaigns":false,"_monsterinsights_skip_tracking":false,"_monsterinsights_sitenote_active":false,"_monsterinsights_sitenote_note":"","_monsterinsights_sitenote_category":0,"footnotes":"","_wpscppro_dont_share_socialmedia":false,"_wpscppro_custom_social_share_image":0,"_facebook_share_type":"default","_twitter_share_type":"default","_linkedin_share_type":"default","_pinterest_share_type":"default","_linkedin_share_type_page":"","_instagram_share_type":"default","_medium_share_type":"default","_threads_share_type":"default","_google_business_share_type":"default","_selected_social_profile":[],"_wpsp_enable_custom_social_template":false,"_wpsp_social_scheduling":{"enabled":false,"datetime":null,"platforms":[],"status":"template_only","dateOption":"today","timeOption":"now","customDays":"","customHours":"","customDate":"","customTime":"","schedulingType":"absolute"},"_wpsp_active_default_template":true},"categories":[52,27],"tags":[],"class_list":["post-75104","post","type-post","status-publish","format-standard","has-post-thumbnail","hentry","category-a-la-une","category-actualite"],"aioseo_notices":[],"yoast_head":"<!-- This site is optimized with the Yoast SEO plugin v27.4 - https:\/\/yoast.com\/product\/yoast-seo-wordpress\/ -->\n<title>CNAS: Prise en charge gratuite de la radioth\u00e9rapie des enfants canc\u00e9reux - La Sentinelle<\/title>\n<meta name=\"robots\" content=\"index, follow, max-snippet:-1, max-image-preview:large, max-video-preview:-1\" \/>\n<link rel=\"canonical\" href=\"https:\/\/lasentinelle.dz\/index.php\/2025\/10\/22\/cnas-prise-en-charge-gratuite-de-la-radiotherapie-des-enfants-cancereux\/\" \/>\n<meta property=\"og:locale\" content=\"fr_FR\" \/>\n<meta property=\"og:type\" content=\"article\" \/>\n<meta property=\"og:title\" content=\"CNAS: Prise en charge gratuite de la radioth\u00e9rapie des enfants canc\u00e9reux - La Sentinelle\" \/>\n<meta property=\"og:description\" content=\"Une convention a \u00e9t\u00e9 sign\u00e9e mardi \u00e0 Alger entre la Caisse nationale des assurances sociales des travailleurs salari\u00e9s et plusieurs\" \/>\n<meta property=\"og:url\" content=\"https:\/\/lasentinelle.dz\/index.php\/2025\/10\/22\/cnas-prise-en-charge-gratuite-de-la-radiotherapie-des-enfants-cancereux\/\" \/>\n<meta property=\"og:site_name\" content=\"La Sentinelle\" \/>\n<meta property=\"article:publisher\" content=\"https:\/\/www.facebook.com\/La-Sentinelle-104059864394773\" \/>\n<meta property=\"article:published_time\" content=\"2025-10-22T11:04:30+00:00\" \/>\n<meta property=\"article:modified_time\" content=\"2025-10-22T11:04:31+00:00\" \/>\n<meta property=\"og:image\" content=\"https:\/\/lasentinelle.dz\/wp-content\/uploads\/2025\/10\/568473474_1141184518198143_2394638396835885869_n.jpg\" \/>\n\t<meta property=\"og:image:width\" content=\"960\" \/>\n\t<meta property=\"og:image:height\" content=\"720\" \/>\n\t<meta property=\"og:image:type\" content=\"image\/jpeg\" \/>\n<meta name=\"author\" content=\"admin\" \/>\n<meta name=\"twitter:card\" content=\"summary_large_image\" \/>\n<meta name=\"twitter:label1\" content=\"\u00c9crit par\" \/>\n\t<meta name=\"twitter:data1\" content=\"admin\" \/>\n\t<meta name=\"twitter:label2\" content=\"Dur\u00e9e de lecture estim\u00e9e\" \/>\n\t<meta name=\"twitter:data2\" content=\"4 minutes\" \/>\n<script type=\"application\/ld+json\" class=\"yoast-schema-graph\">{\"@context\":\"https:\\\/\\\/schema.org\",\"@graph\":[{\"@type\":\"Article\",\"@id\":\"https:\\\/\\\/lasentinelle.dz\\\/index.php\\\/2025\\\/10\\\/22\\\/cnas-prise-en-charge-gratuite-de-la-radiotherapie-des-enfants-cancereux\\\/#article\",\"isPartOf\":{\"@id\":\"https:\\\/\\\/lasentinelle.dz\\\/index.php\\\/2025\\\/10\\\/22\\\/cnas-prise-en-charge-gratuite-de-la-radiotherapie-des-enfants-cancereux\\\/\"},\"author\":{\"name\":\"admin\",\"@id\":\"https:\\\/\\\/lasentinelle.dz\\\/#\\\/schema\\\/person\\\/729ee0024f24e0b8c5ec17232f8e8b41\"},\"headline\":\"CNAS: Prise en charge gratuite de la radioth\u00e9rapie des enfants canc\u00e9reux\",\"datePublished\":\"2025-10-22T11:04:30+00:00\",\"dateModified\":\"2025-10-22T11:04:31+00:00\",\"mainEntityOfPage\":{\"@id\":\"https:\\\/\\\/lasentinelle.dz\\\/index.php\\\/2025\\\/10\\\/22\\\/cnas-prise-en-charge-gratuite-de-la-radiotherapie-des-enfants-cancereux\\\/\"},\"wordCount\":714,\"commentCount\":0,\"publisher\":{\"@id\":\"https:\\\/\\\/lasentinelle.dz\\\/#organization\"},\"image\":{\"@id\":\"https:\\\/\\\/lasentinelle.dz\\\/index.php\\\/2025\\\/10\\\/22\\\/cnas-prise-en-charge-gratuite-de-la-radiotherapie-des-enfants-cancereux\\\/#primaryimage\"},\"thumbnailUrl\":\"https:\\\/\\\/lasentinelle.dz\\\/wp-content\\\/uploads\\\/2025\\\/10\\\/568473474_1141184518198143_2394638396835885869_n.jpg\",\"articleSection\":[\"\u00c0 la Une\",\"Actualit\u00e9\"],\"inLanguage\":\"fr-FR\",\"potentialAction\":[{\"@type\":\"CommentAction\",\"name\":\"Comment\",\"target\":[\"https:\\\/\\\/lasentinelle.dz\\\/index.php\\\/2025\\\/10\\\/22\\\/cnas-prise-en-charge-gratuite-de-la-radiotherapie-des-enfants-cancereux\\\/#respond\"]}]},{\"@type\":\"WebPage\",\"@id\":\"https:\\\/\\\/lasentinelle.dz\\\/index.php\\\/2025\\\/10\\\/22\\\/cnas-prise-en-charge-gratuite-de-la-radiotherapie-des-enfants-cancereux\\\/\",\"url\":\"https:\\\/\\\/lasentinelle.dz\\\/index.php\\\/2025\\\/10\\\/22\\\/cnas-prise-en-charge-gratuite-de-la-radiotherapie-des-enfants-cancereux\\\/\",\"name\":\"CNAS: Prise en charge gratuite de la radioth\u00e9rapie des enfants canc\u00e9reux - La Sentinelle\",\"isPartOf\":{\"@id\":\"https:\\\/\\\/lasentinelle.dz\\\/#website\"},\"primaryImageOfPage\":{\"@id\":\"https:\\\/\\\/lasentinelle.dz\\\/index.php\\\/2025\\\/10\\\/22\\\/cnas-prise-en-charge-gratuite-de-la-radiotherapie-des-enfants-cancereux\\\/#primaryimage\"},\"image\":{\"@id\":\"https:\\\/\\\/lasentinelle.dz\\\/index.php\\\/2025\\\/10\\\/22\\\/cnas-prise-en-charge-gratuite-de-la-radiotherapie-des-enfants-cancereux\\\/#primaryimage\"},\"thumbnailUrl\":\"https:\\\/\\\/lasentinelle.dz\\\/wp-content\\\/uploads\\\/2025\\\/10\\\/568473474_1141184518198143_2394638396835885869_n.jpg\",\"datePublished\":\"2025-10-22T11:04:30+00:00\",\"dateModified\":\"2025-10-22T11:04:31+00:00\",\"breadcrumb\":{\"@id\":\"https:\\\/\\\/lasentinelle.dz\\\/index.php\\\/2025\\\/10\\\/22\\\/cnas-prise-en-charge-gratuite-de-la-radiotherapie-des-enfants-cancereux\\\/#breadcrumb\"},\"inLanguage\":\"fr-FR\",\"potentialAction\":[{\"@type\":\"ReadAction\",\"target\":[\"https:\\\/\\\/lasentinelle.dz\\\/index.php\\\/2025\\\/10\\\/22\\\/cnas-prise-en-charge-gratuite-de-la-radiotherapie-des-enfants-cancereux\\\/\"]}]},{\"@type\":\"ImageObject\",\"inLanguage\":\"fr-FR\",\"@id\":\"https:\\\/\\\/lasentinelle.dz\\\/index.php\\\/2025\\\/10\\\/22\\\/cnas-prise-en-charge-gratuite-de-la-radiotherapie-des-enfants-cancereux\\\/#primaryimage\",\"url\":\"https:\\\/\\\/lasentinelle.dz\\\/wp-content\\\/uploads\\\/2025\\\/10\\\/568473474_1141184518198143_2394638396835885869_n.jpg\",\"contentUrl\":\"https:\\\/\\\/lasentinelle.dz\\\/wp-content\\\/uploads\\\/2025\\\/10\\\/568473474_1141184518198143_2394638396835885869_n.jpg\",\"width\":960,\"height\":720},{\"@type\":\"BreadcrumbList\",\"@id\":\"https:\\\/\\\/lasentinelle.dz\\\/index.php\\\/2025\\\/10\\\/22\\\/cnas-prise-en-charge-gratuite-de-la-radiotherapie-des-enfants-cancereux\\\/#breadcrumb\",\"itemListElement\":[{\"@type\":\"ListItem\",\"position\":1,\"name\":\"Accueil\",\"item\":\"https:\\\/\\\/lasentinelle.dz\\\/\"},{\"@type\":\"ListItem\",\"position\":2,\"name\":\"CNAS: Prise en charge gratuite de la radioth\u00e9rapie des enfants canc\u00e9reux\"}]},{\"@type\":\"WebSite\",\"@id\":\"https:\\\/\\\/lasentinelle.dz\\\/#website\",\"url\":\"https:\\\/\\\/lasentinelle.dz\\\/\",\"name\":\"La Sentinelle\",\"description\":\"Quotidien national d&#039;information\",\"publisher\":{\"@id\":\"https:\\\/\\\/lasentinelle.dz\\\/#organization\"},\"potentialAction\":[{\"@type\":\"SearchAction\",\"target\":{\"@type\":\"EntryPoint\",\"urlTemplate\":\"https:\\\/\\\/lasentinelle.dz\\\/?s={search_term_string}\"},\"query-input\":{\"@type\":\"PropertyValueSpecification\",\"valueRequired\":true,\"valueName\":\"search_term_string\"}}],\"inLanguage\":\"fr-FR\"},{\"@type\":\"Organization\",\"@id\":\"https:\\\/\\\/lasentinelle.dz\\\/#organization\",\"name\":\"Quotidien La Sentinelle\",\"url\":\"https:\\\/\\\/lasentinelle.dz\\\/\",\"logo\":{\"@type\":\"ImageObject\",\"inLanguage\":\"fr-FR\",\"@id\":\"https:\\\/\\\/lasentinelle.dz\\\/#\\\/schema\\\/logo\\\/image\\\/\",\"url\":\"https:\\\/\\\/lasentinelle.dz\\\/wp-content\\\/uploads\\\/2021\\\/09\\\/logo-sentinelleSLOGAN-1.png\",\"contentUrl\":\"https:\\\/\\\/lasentinelle.dz\\\/wp-content\\\/uploads\\\/2021\\\/09\\\/logo-sentinelleSLOGAN-1.png\",\"width\":615,\"height\":142,\"caption\":\"Quotidien La Sentinelle\"},\"image\":{\"@id\":\"https:\\\/\\\/lasentinelle.dz\\\/#\\\/schema\\\/logo\\\/image\\\/\"},\"sameAs\":[\"https:\\\/\\\/www.facebook.com\\\/La-Sentinelle-104059864394773\"]},{\"@type\":\"Person\",\"@id\":\"https:\\\/\\\/lasentinelle.dz\\\/#\\\/schema\\\/person\\\/729ee0024f24e0b8c5ec17232f8e8b41\",\"name\":\"admin\",\"image\":{\"@type\":\"ImageObject\",\"inLanguage\":\"fr-FR\",\"@id\":\"https:\\\/\\\/secure.gravatar.com\\\/avatar\\\/4c81fed838786e9b53f540bf46533e750f5d292099ae3b66cfc6fb1982e29df7?s=96&d=mm&r=g\",\"url\":\"https:\\\/\\\/secure.gravatar.com\\\/avatar\\\/4c81fed838786e9b53f540bf46533e750f5d292099ae3b66cfc6fb1982e29df7?s=96&d=mm&r=g\",\"contentUrl\":\"https:\\\/\\\/secure.gravatar.com\\\/avatar\\\/4c81fed838786e9b53f540bf46533e750f5d292099ae3b66cfc6fb1982e29df7?s=96&d=mm&r=g\",\"caption\":\"admin\"},\"description\":\"admin\",\"url\":\"https:\\\/\\\/lasentinelle.dz\\\/author\\\/admin\\\/\"}]}<\/script>\n<!-- \/ Yoast SEO plugin. -->","yoast_head_json":{"title":"CNAS: Prise en charge gratuite de la radioth\u00e9rapie des enfants canc\u00e9reux - La Sentinelle","robots":{"index":"index","follow":"follow","max-snippet":"max-snippet:-1","max-image-preview":"max-image-preview:large","max-video-preview":"max-video-preview:-1"},"canonical":"https:\/\/lasentinelle.dz\/index.php\/2025\/10\/22\/cnas-prise-en-charge-gratuite-de-la-radiotherapie-des-enfants-cancereux\/","og_locale":"fr_FR","og_type":"article","og_title":"CNAS: Prise en charge gratuite de la radioth\u00e9rapie des enfants canc\u00e9reux - La Sentinelle","og_description":"Une convention a \u00e9t\u00e9 sign\u00e9e mardi \u00e0 Alger entre la Caisse nationale des assurances sociales des travailleurs salari\u00e9s et plusieurs","og_url":"https:\/\/lasentinelle.dz\/index.php\/2025\/10\/22\/cnas-prise-en-charge-gratuite-de-la-radiotherapie-des-enfants-cancereux\/","og_site_name":"La Sentinelle","article_publisher":"https:\/\/www.facebook.com\/La-Sentinelle-104059864394773","article_published_time":"2025-10-22T11:04:30+00:00","article_modified_time":"2025-10-22T11:04:31+00:00","og_image":[{"width":960,"height":720,"url":"https:\/\/lasentinelle.dz\/wp-content\/uploads\/2025\/10\/568473474_1141184518198143_2394638396835885869_n.jpg","type":"image\/jpeg"}],"author":"admin","twitter_card":"summary_large_image","twitter_misc":{"\u00c9crit par":"admin","Dur\u00e9e de lecture estim\u00e9e":"4 minutes"},"schema":{"@context":"https:\/\/schema.org","@graph":[{"@type":"Article","@id":"https:\/\/lasentinelle.dz\/index.php\/2025\/10\/22\/cnas-prise-en-charge-gratuite-de-la-radiotherapie-des-enfants-cancereux\/#article","isPartOf":{"@id":"https:\/\/lasentinelle.dz\/index.php\/2025\/10\/22\/cnas-prise-en-charge-gratuite-de-la-radiotherapie-des-enfants-cancereux\/"},"author":{"name":"admin","@id":"https:\/\/lasentinelle.dz\/#\/schema\/person\/729ee0024f24e0b8c5ec17232f8e8b41"},"headline":"CNAS: Prise en charge gratuite de la radioth\u00e9rapie des enfants canc\u00e9reux","datePublished":"2025-10-22T11:04:30+00:00","dateModified":"2025-10-22T11:04:31+00:00","mainEntityOfPage":{"@id":"https:\/\/lasentinelle.dz\/index.php\/2025\/10\/22\/cnas-prise-en-charge-gratuite-de-la-radiotherapie-des-enfants-cancereux\/"},"wordCount":714,"commentCount":0,"publisher":{"@id":"https:\/\/lasentinelle.dz\/#organization"},"image":{"@id":"https:\/\/lasentinelle.dz\/index.php\/2025\/10\/22\/cnas-prise-en-charge-gratuite-de-la-radiotherapie-des-enfants-cancereux\/#primaryimage"},"thumbnailUrl":"https:\/\/lasentinelle.dz\/wp-content\/uploads\/2025\/10\/568473474_1141184518198143_2394638396835885869_n.jpg","articleSection":["\u00c0 la Une","Actualit\u00e9"],"inLanguage":"fr-FR","potentialAction":[{"@type":"CommentAction","name":"Comment","target":["https:\/\/lasentinelle.dz\/index.php\/2025\/10\/22\/cnas-prise-en-charge-gratuite-de-la-radiotherapie-des-enfants-cancereux\/#respond"]}]},{"@type":"WebPage","@id":"https:\/\/lasentinelle.dz\/index.php\/2025\/10\/22\/cnas-prise-en-charge-gratuite-de-la-radiotherapie-des-enfants-cancereux\/","url":"https:\/\/lasentinelle.dz\/index.php\/2025\/10\/22\/cnas-prise-en-charge-gratuite-de-la-radiotherapie-des-enfants-cancereux\/","name":"CNAS: Prise en charge gratuite de la radioth\u00e9rapie des enfants canc\u00e9reux - La Sentinelle","isPartOf":{"@id":"https:\/\/lasentinelle.dz\/#website"},"primaryImageOfPage":{"@id":"https:\/\/lasentinelle.dz\/index.php\/2025\/10\/22\/cnas-prise-en-charge-gratuite-de-la-radiotherapie-des-enfants-cancereux\/#primaryimage"},"image":{"@id":"https:\/\/lasentinelle.dz\/index.php\/2025\/10\/22\/cnas-prise-en-charge-gratuite-de-la-radiotherapie-des-enfants-cancereux\/#primaryimage"},"thumbnailUrl":"https:\/\/lasentinelle.dz\/wp-content\/uploads\/2025\/10\/568473474_1141184518198143_2394638396835885869_n.jpg","datePublished":"2025-10-22T11:04:30+00:00","dateModified":"2025-10-22T11:04:31+00:00","breadcrumb":{"@id":"https:\/\/lasentinelle.dz\/index.php\/2025\/10\/22\/cnas-prise-en-charge-gratuite-de-la-radiotherapie-des-enfants-cancereux\/#breadcrumb"},"inLanguage":"fr-FR","potentialAction":[{"@type":"ReadAction","target":["https:\/\/lasentinelle.dz\/index.php\/2025\/10\/22\/cnas-prise-en-charge-gratuite-de-la-radiotherapie-des-enfants-cancereux\/"]}]},{"@type":"ImageObject","inLanguage":"fr-FR","@id":"https:\/\/lasentinelle.dz\/index.php\/2025\/10\/22\/cnas-prise-en-charge-gratuite-de-la-radiotherapie-des-enfants-cancereux\/#primaryimage","url":"https:\/\/lasentinelle.dz\/wp-content\/uploads\/2025\/10\/568473474_1141184518198143_2394638396835885869_n.jpg","contentUrl":"https:\/\/lasentinelle.dz\/wp-content\/uploads\/2025\/10\/568473474_1141184518198143_2394638396835885869_n.jpg","width":960,"height":720},{"@type":"BreadcrumbList","@id":"https:\/\/lasentinelle.dz\/index.php\/2025\/10\/22\/cnas-prise-en-charge-gratuite-de-la-radiotherapie-des-enfants-cancereux\/#breadcrumb","itemListElement":[{"@type":"ListItem","position":1,"name":"Accueil","item":"https:\/\/lasentinelle.dz\/"},{"@type":"ListItem","position":2,"name":"CNAS: Prise en charge gratuite de la radioth\u00e9rapie des enfants canc\u00e9reux"}]},{"@type":"WebSite","@id":"https:\/\/lasentinelle.dz\/#website","url":"https:\/\/lasentinelle.dz\/","name":"La Sentinelle","description":"Quotidien national d&#039;information","publisher":{"@id":"https:\/\/lasentinelle.dz\/#organization"},"potentialAction":[{"@type":"SearchAction","target":{"@type":"EntryPoint","urlTemplate":"https:\/\/lasentinelle.dz\/?s={search_term_string}"},"query-input":{"@type":"PropertyValueSpecification","valueRequired":true,"valueName":"search_term_string"}}],"inLanguage":"fr-FR"},{"@type":"Organization","@id":"https:\/\/lasentinelle.dz\/#organization","name":"Quotidien La Sentinelle","url":"https:\/\/lasentinelle.dz\/","logo":{"@type":"ImageObject","inLanguage":"fr-FR","@id":"https:\/\/lasentinelle.dz\/#\/schema\/logo\/image\/","url":"https:\/\/lasentinelle.dz\/wp-content\/uploads\/2021\/09\/logo-sentinelleSLOGAN-1.png","contentUrl":"https:\/\/lasentinelle.dz\/wp-content\/uploads\/2021\/09\/logo-sentinelleSLOGAN-1.png","width":615,"height":142,"caption":"Quotidien La Sentinelle"},"image":{"@id":"https:\/\/lasentinelle.dz\/#\/schema\/logo\/image\/"},"sameAs":["https:\/\/www.facebook.com\/La-Sentinelle-104059864394773"]},{"@type":"Person","@id":"https:\/\/lasentinelle.dz\/#\/schema\/person\/729ee0024f24e0b8c5ec17232f8e8b41","name":"admin","image":{"@type":"ImageObject","inLanguage":"fr-FR","@id":"https:\/\/secure.gravatar.com\/avatar\/4c81fed838786e9b53f540bf46533e750f5d292099ae3b66cfc6fb1982e29df7?s=96&d=mm&r=g","url":"https:\/\/secure.gravatar.com\/avatar\/4c81fed838786e9b53f540bf46533e750f5d292099ae3b66cfc6fb1982e29df7?s=96&d=mm&r=g","contentUrl":"https:\/\/secure.gravatar.com\/avatar\/4c81fed838786e9b53f540bf46533e750f5d292099ae3b66cfc6fb1982e29df7?s=96&d=mm&r=g","caption":"admin"},"description":"admin","url":"https:\/\/lasentinelle.dz\/author\/admin\/"}]}},"_links":{"self":[{"href":"https:\/\/lasentinelle.dz\/index.php\/wp-json\/wp\/v2\/posts\/75104","targetHints":{"allow":["GET"]}}],"collection":[{"href":"https:\/\/lasentinelle.dz\/index.php\/wp-json\/wp\/v2\/posts"}],"about":[{"href":"https:\/\/lasentinelle.dz\/index.php\/wp-json\/wp\/v2\/types\/post"}],"author":[{"embeddable":true,"href":"https:\/\/lasentinelle.dz\/index.php\/wp-json\/wp\/v2\/users\/6"}],"replies":[{"embeddable":true,"href":"https:\/\/lasentinelle.dz\/index.php\/wp-json\/wp\/v2\/comments?post=75104"}],"version-history":[{"count":1,"href":"https:\/\/lasentinelle.dz\/index.php\/wp-json\/wp\/v2\/posts\/75104\/revisions"}],"predecessor-version":[{"id":75106,"href":"https:\/\/lasentinelle.dz\/index.php\/wp-json\/wp\/v2\/posts\/75104\/revisions\/75106"}],"wp:featuredmedia":[{"embeddable":true,"href":"https:\/\/lasentinelle.dz\/index.php\/wp-json\/wp\/v2\/media\/75105"}],"wp:attachment":[{"href":"https:\/\/lasentinelle.dz\/index.php\/wp-json\/wp\/v2\/media?parent=75104"}],"wp:term":[{"taxonomy":"category","embeddable":true,"href":"https:\/\/lasentinelle.dz\/index.php\/wp-json\/wp\/v2\/categories?post=75104"},{"taxonomy":"post_tag","embeddable":true,"href":"https:\/\/lasentinelle.dz\/index.php\/wp-json\/wp\/v2\/tags?post=75104"}],"curies":[{"name":"wp","href":"https:\/\/api.w.org\/{rel}","templated":true}]}}