{"id":75109,"date":"2025-10-22T12:07:03","date_gmt":"2025-10-22T11:07:03","guid":{"rendered":"https:\/\/lasentinelle.dz\/?p=75109"},"modified":"2025-10-22T12:07:03","modified_gmt":"2025-10-22T11:07:03","slug":"des-cellules-mises-en-place-dimportantes-ameliorations-des-programmes-scolaires-en-preparation","status":"publish","type":"post","link":"https:\/\/lasentinelle.dz\/index.php\/2025\/10\/22\/des-cellules-mises-en-place-dimportantes-ameliorations-des-programmes-scolaires-en-preparation\/","title":{"rendered":"Des cellules mises en place\u00a0: D&rsquo;importantes am\u00e9liorations des programmes scolaires en pr\u00e9paration"},"content":{"rendered":"\n<p>Le ministre de l&rsquo;\u00c9ducation nationale, Mohamed Seghir Saadaoui, a d\u00e9voil\u00e9 mardi \u00e0 Alger la pr\u00e9paration d&rsquo;am\u00e9liorations majeures visant le d\u00e9veloppement des programmes et curricula p\u00e9dagogiques, dans le cadre d&rsquo;une strat\u00e9gie globale d&rsquo;am\u00e9lioration de la qualit\u00e9 de l&rsquo;enseignement en Alg\u00e9rie. Cette annonce a \u00e9t\u00e9 faite lors d&rsquo;une journ\u00e9e parlementaire organis\u00e9e par l&rsquo;Assembl\u00e9e populaire nationale sous le th\u00e8me \u00ab\u00a0L&rsquo;exp\u00e9rience des \u00e9coles des Cadets de la Nation en tant que mod\u00e8le national pionnier pour inspirer et d\u00e9velopper les \u00e9coles nationales\u00a0\u00bb. Dans son intervention, Mohamed Seghir Saadaoui a pr\u00e9cis\u00e9 que \u00ab\u00a0ces am\u00e9liorations concerneront \u00e9galement les fili\u00e8res scientifiques du cycle secondaire, dans l&rsquo;objectif d&rsquo;atteindre l&rsquo;ambition de rehaussement de la qualit\u00e9 de l&rsquo;enseignement\u00a0\u00bb. Cette r\u00e9forme des fili\u00e8res scientifiques intervient dans un contexte o\u00f9 l&rsquo;Alg\u00e9rie cherche \u00e0 renforcer le niveau de ses \u00e9l\u00e8ves dans les mati\u00e8res scientifiques et \u00e0 pr\u00e9parer une g\u00e9n\u00e9ration capable de relever les d\u00e9fis technologiques et \u00e9conomiques du pays. Le ministre a \u00e9galement annonc\u00e9 la mise en place de cellules compos\u00e9es de cadres, d&rsquo;enseignants et d&rsquo;associations de parents d&rsquo;\u00e9l\u00e8ves, charg\u00e9es d&rsquo;\u00e9tudier les moyens d&rsquo;am\u00e9liorer les r\u00e9sultats scolaires. Ces structures auront pour mission de traiter les probl\u00e9matiques identifi\u00e9es en s&rsquo;appuyant sur l&rsquo;analyse des r\u00e9sultats obtenus au cours de l&rsquo;ann\u00e9e scolaire \u00e9coul\u00e9e. Cette approche participative t\u00e9moigne d&rsquo;une volont\u00e9 d&rsquo;impliquer l&rsquo;ensemble de la communaut\u00e9 \u00e9ducative dans le processus de r\u00e9forme et d&rsquo;am\u00e9lioration du syst\u00e8me \u00e9ducatif national. Dans le m\u00eame ordre d&rsquo;id\u00e9es, le ministre a soulign\u00e9 l&rsquo;engagement de son d\u00e9partement \u00e0 \u00ab\u00a0poursuivre les efforts visant \u00e0 am\u00e9liorer les conditions de scolarisation, notamment \u00e0 travers la mise \u00e0 disposition des ressources humaines ainsi que des infrastructures p\u00e9dagogiques permettant \u00e0 la famille \u00e9ducative d&rsquo;am\u00e9liorer les performances et d&rsquo;atteindre la qualit\u00e9 de l&rsquo;enseignement\u00a0\u00bb. \u00c0 cette occasion, Mohamed Seghir Saadaoui a salu\u00e9 les efforts d\u00e9ploy\u00e9s par le minist\u00e8re de la D\u00e9fense nationale visant \u00e0 promouvoir les \u00e9coles des Cadets de la Nation, qu&rsquo;il a qualifi\u00e9es de \u00ab\u00a0mod\u00e8le exemplaire\u00a0\u00bb. Les recommandations de cette journ\u00e9e parlementaire, dont l&rsquo;ouverture a \u00e9t\u00e9 pr\u00e9sid\u00e9e par le pr\u00e9sident de l&rsquo;Assembl\u00e9e populaire nationale, Brahim Boughali, ont port\u00e9 sur l&rsquo;importance de renforcer la coop\u00e9ration entre le minist\u00e8re de l&rsquo;\u00c9ducation nationale et le minist\u00e8re de la D\u00e9fense nationale \u00e0 travers la mise en place d&rsquo;un cadre officiel permettant l&rsquo;\u00e9change d&rsquo;expertises et de pratiques distingu\u00e9es. Les participants ont \u00e9galement appel\u00e9 au renforcement de la dimension scientifique et pratique dans le cycle secondaire, r\u00e9pondant ainsi aux besoins du march\u00e9 du travail et aux exigences de l&rsquo;\u00e9conomie moderne.<\/p>\n\n\n\n<p>Chokri Hafed<\/p>\n","protected":false},"excerpt":{"rendered":"<p>Le ministre de l&rsquo;\u00c9ducation nationale, Mohamed Seghir Saadaoui, a d\u00e9voil\u00e9 mardi \u00e0 Alger la pr\u00e9paration d&rsquo;am\u00e9liorations majeures visant le d\u00e9veloppement<\/p>\n","protected":false},"author":6,"featured_media":73935,"comment_status":"open","ping_status":"closed","sticky":false,"template":"","format":"standard","meta":{"colormag_page_container_layout":"default_layout","colormag_page_sidebar_layout":"default_layout","om_disable_all_campaigns":false,"_monsterinsights_skip_tracking":false,"_monsterinsights_sitenote_active":false,"_monsterinsights_sitenote_note":"","_monsterinsights_sitenote_category":0,"footnotes":"","_wpscppro_dont_share_socialmedia":false,"_wpscppro_custom_social_share_image":0,"_facebook_share_type":"default","_twitter_share_type":"default","_linkedin_share_type":"default","_pinterest_share_type":"default","_linkedin_share_type_page":"","_instagram_share_type":"default","_medium_share_type":"default","_threads_share_type":"default","_google_business_share_type":"default","_selected_social_profile":[],"_wpsp_enable_custom_social_template":false,"_wpsp_social_scheduling":{"enabled":false,"datetime":null,"platforms":[],"status":"template_only","dateOption":"today","timeOption":"now","customDays":"","customHours":"","customDate":"","customTime":"","schedulingType":"absolute"},"_wpsp_active_default_template":true},"categories":[27],"tags":[],"class_list":["post-75109","post","type-post","status-publish","format-standard","has-post-thumbnail","hentry","category-actualite"],"aioseo_notices":[],"yoast_head":"<!-- This site is optimized with the Yoast SEO plugin v27.4 - https:\/\/yoast.com\/product\/yoast-seo-wordpress\/ -->\n<title>Des cellules mises en place\u00a0: D&rsquo;importantes am\u00e9liorations des programmes scolaires en pr\u00e9paration - La Sentinelle<\/title>\n<meta name=\"robots\" content=\"index, follow, max-snippet:-1, max-image-preview:large, max-video-preview:-1\" \/>\n<link rel=\"canonical\" href=\"https:\/\/lasentinelle.dz\/index.php\/2025\/10\/22\/des-cellules-mises-en-place-dimportantes-ameliorations-des-programmes-scolaires-en-preparation\/\" \/>\n<meta property=\"og:locale\" content=\"fr_FR\" \/>\n<meta property=\"og:type\" content=\"article\" \/>\n<meta property=\"og:title\" content=\"Des cellules mises en place\u00a0: D&rsquo;importantes am\u00e9liorations des programmes scolaires en pr\u00e9paration - La Sentinelle\" \/>\n<meta property=\"og:description\" content=\"Le ministre de l&rsquo;\u00c9ducation nationale, Mohamed Seghir Saadaoui, a d\u00e9voil\u00e9 mardi \u00e0 Alger la pr\u00e9paration d&rsquo;am\u00e9liorations majeures visant le d\u00e9veloppement\" \/>\n<meta property=\"og:url\" content=\"https:\/\/lasentinelle.dz\/index.php\/2025\/10\/22\/des-cellules-mises-en-place-dimportantes-ameliorations-des-programmes-scolaires-en-preparation\/\" \/>\n<meta property=\"og:site_name\" content=\"La Sentinelle\" \/>\n<meta property=\"article:publisher\" content=\"https:\/\/www.facebook.com\/La-Sentinelle-104059864394773\" \/>\n<meta property=\"article:published_time\" content=\"2025-10-22T11:07:03+00:00\" \/>\n<meta property=\"og:image\" content=\"https:\/\/lasentinelle.dz\/wp-content\/uploads\/2025\/09\/saadaoui.jpg\" \/>\n\t<meta property=\"og:image:width\" content=\"800\" \/>\n\t<meta property=\"og:image:height\" content=\"500\" \/>\n\t<meta property=\"og:image:type\" content=\"image\/jpeg\" \/>\n<meta name=\"author\" content=\"admin\" \/>\n<meta name=\"twitter:card\" content=\"summary_large_image\" \/>\n<meta name=\"twitter:label1\" content=\"\u00c9crit par\" \/>\n\t<meta name=\"twitter:data1\" content=\"admin\" \/>\n\t<meta name=\"twitter:label2\" content=\"Dur\u00e9e de lecture estim\u00e9e\" \/>\n\t<meta name=\"twitter:data2\" content=\"3 minutes\" \/>\n<script type=\"application\/ld+json\" class=\"yoast-schema-graph\">{\"@context\":\"https:\\\/\\\/schema.org\",\"@graph\":[{\"@type\":\"Article\",\"@id\":\"https:\\\/\\\/lasentinelle.dz\\\/index.php\\\/2025\\\/10\\\/22\\\/des-cellules-mises-en-place-dimportantes-ameliorations-des-programmes-scolaires-en-preparation\\\/#article\",\"isPartOf\":{\"@id\":\"https:\\\/\\\/lasentinelle.dz\\\/index.php\\\/2025\\\/10\\\/22\\\/des-cellules-mises-en-place-dimportantes-ameliorations-des-programmes-scolaires-en-preparation\\\/\"},\"author\":{\"name\":\"admin\",\"@id\":\"https:\\\/\\\/lasentinelle.dz\\\/#\\\/schema\\\/person\\\/729ee0024f24e0b8c5ec17232f8e8b41\"},\"headline\":\"Des cellules mises en place\u00a0: D&rsquo;importantes am\u00e9liorations des programmes scolaires en pr\u00e9paration\",\"datePublished\":\"2025-10-22T11:07:03+00:00\",\"mainEntityOfPage\":{\"@id\":\"https:\\\/\\\/lasentinelle.dz\\\/index.php\\\/2025\\\/10\\\/22\\\/des-cellules-mises-en-place-dimportantes-ameliorations-des-programmes-scolaires-en-preparation\\\/\"},\"wordCount\":504,\"commentCount\":0,\"publisher\":{\"@id\":\"https:\\\/\\\/lasentinelle.dz\\\/#organization\"},\"image\":{\"@id\":\"https:\\\/\\\/lasentinelle.dz\\\/index.php\\\/2025\\\/10\\\/22\\\/des-cellules-mises-en-place-dimportantes-ameliorations-des-programmes-scolaires-en-preparation\\\/#primaryimage\"},\"thumbnailUrl\":\"https:\\\/\\\/lasentinelle.dz\\\/wp-content\\\/uploads\\\/2025\\\/09\\\/saadaoui.jpg\",\"articleSection\":[\"Actualit\u00e9\"],\"inLanguage\":\"fr-FR\",\"potentialAction\":[{\"@type\":\"CommentAction\",\"name\":\"Comment\",\"target\":[\"https:\\\/\\\/lasentinelle.dz\\\/index.php\\\/2025\\\/10\\\/22\\\/des-cellules-mises-en-place-dimportantes-ameliorations-des-programmes-scolaires-en-preparation\\\/#respond\"]}]},{\"@type\":\"WebPage\",\"@id\":\"https:\\\/\\\/lasentinelle.dz\\\/index.php\\\/2025\\\/10\\\/22\\\/des-cellules-mises-en-place-dimportantes-ameliorations-des-programmes-scolaires-en-preparation\\\/\",\"url\":\"https:\\\/\\\/lasentinelle.dz\\\/index.php\\\/2025\\\/10\\\/22\\\/des-cellules-mises-en-place-dimportantes-ameliorations-des-programmes-scolaires-en-preparation\\\/\",\"name\":\"Des cellules mises en place\u00a0: D&rsquo;importantes am\u00e9liorations des programmes scolaires en pr\u00e9paration - La Sentinelle\",\"isPartOf\":{\"@id\":\"https:\\\/\\\/lasentinelle.dz\\\/#website\"},\"primaryImageOfPage\":{\"@id\":\"https:\\\/\\\/lasentinelle.dz\\\/index.php\\\/2025\\\/10\\\/22\\\/des-cellules-mises-en-place-dimportantes-ameliorations-des-programmes-scolaires-en-preparation\\\/#primaryimage\"},\"image\":{\"@id\":\"https:\\\/\\\/lasentinelle.dz\\\/index.php\\\/2025\\\/10\\\/22\\\/des-cellules-mises-en-place-dimportantes-ameliorations-des-programmes-scolaires-en-preparation\\\/#primaryimage\"},\"thumbnailUrl\":\"https:\\\/\\\/lasentinelle.dz\\\/wp-content\\\/uploads\\\/2025\\\/09\\\/saadaoui.jpg\",\"datePublished\":\"2025-10-22T11:07:03+00:00\",\"breadcrumb\":{\"@id\":\"https:\\\/\\\/lasentinelle.dz\\\/index.php\\\/2025\\\/10\\\/22\\\/des-cellules-mises-en-place-dimportantes-ameliorations-des-programmes-scolaires-en-preparation\\\/#breadcrumb\"},\"inLanguage\":\"fr-FR\",\"potentialAction\":[{\"@type\":\"ReadAction\",\"target\":[\"https:\\\/\\\/lasentinelle.dz\\\/index.php\\\/2025\\\/10\\\/22\\\/des-cellules-mises-en-place-dimportantes-ameliorations-des-programmes-scolaires-en-preparation\\\/\"]}]},{\"@type\":\"ImageObject\",\"inLanguage\":\"fr-FR\",\"@id\":\"https:\\\/\\\/lasentinelle.dz\\\/index.php\\\/2025\\\/10\\\/22\\\/des-cellules-mises-en-place-dimportantes-ameliorations-des-programmes-scolaires-en-preparation\\\/#primaryimage\",\"url\":\"https:\\\/\\\/lasentinelle.dz\\\/wp-content\\\/uploads\\\/2025\\\/09\\\/saadaoui.jpg\",\"contentUrl\":\"https:\\\/\\\/lasentinelle.dz\\\/wp-content\\\/uploads\\\/2025\\\/09\\\/saadaoui.jpg\",\"width\":800,\"height\":500},{\"@type\":\"BreadcrumbList\",\"@id\":\"https:\\\/\\\/lasentinelle.dz\\\/index.php\\\/2025\\\/10\\\/22\\\/des-cellules-mises-en-place-dimportantes-ameliorations-des-programmes-scolaires-en-preparation\\\/#breadcrumb\",\"itemListElement\":[{\"@type\":\"ListItem\",\"position\":1,\"name\":\"Accueil\",\"item\":\"https:\\\/\\\/lasentinelle.dz\\\/\"},{\"@type\":\"ListItem\",\"position\":2,\"name\":\"Des cellules mises en place\u00a0: D&rsquo;importantes am\u00e9liorations des programmes scolaires en pr\u00e9paration\"}]},{\"@type\":\"WebSite\",\"@id\":\"https:\\\/\\\/lasentinelle.dz\\\/#website\",\"url\":\"https:\\\/\\\/lasentinelle.dz\\\/\",\"name\":\"La Sentinelle\",\"description\":\"Quotidien national d&#039;information\",\"publisher\":{\"@id\":\"https:\\\/\\\/lasentinelle.dz\\\/#organization\"},\"potentialAction\":[{\"@type\":\"SearchAction\",\"target\":{\"@type\":\"EntryPoint\",\"urlTemplate\":\"https:\\\/\\\/lasentinelle.dz\\\/?s={search_term_string}\"},\"query-input\":{\"@type\":\"PropertyValueSpecification\",\"valueRequired\":true,\"valueName\":\"search_term_string\"}}],\"inLanguage\":\"fr-FR\"},{\"@type\":\"Organization\",\"@id\":\"https:\\\/\\\/lasentinelle.dz\\\/#organization\",\"name\":\"Quotidien La Sentinelle\",\"url\":\"https:\\\/\\\/lasentinelle.dz\\\/\",\"logo\":{\"@type\":\"ImageObject\",\"inLanguage\":\"fr-FR\",\"@id\":\"https:\\\/\\\/lasentinelle.dz\\\/#\\\/schema\\\/logo\\\/image\\\/\",\"url\":\"https:\\\/\\\/lasentinelle.dz\\\/wp-content\\\/uploads\\\/2021\\\/09\\\/logo-sentinelleSLOGAN-1.png\",\"contentUrl\":\"https:\\\/\\\/lasentinelle.dz\\\/wp-content\\\/uploads\\\/2021\\\/09\\\/logo-sentinelleSLOGAN-1.png\",\"width\":615,\"height\":142,\"caption\":\"Quotidien La Sentinelle\"},\"image\":{\"@id\":\"https:\\\/\\\/lasentinelle.dz\\\/#\\\/schema\\\/logo\\\/image\\\/\"},\"sameAs\":[\"https:\\\/\\\/www.facebook.com\\\/La-Sentinelle-104059864394773\"]},{\"@type\":\"Person\",\"@id\":\"https:\\\/\\\/lasentinelle.dz\\\/#\\\/schema\\\/person\\\/729ee0024f24e0b8c5ec17232f8e8b41\",\"name\":\"admin\",\"image\":{\"@type\":\"ImageObject\",\"inLanguage\":\"fr-FR\",\"@id\":\"https:\\\/\\\/secure.gravatar.com\\\/avatar\\\/4c81fed838786e9b53f540bf46533e750f5d292099ae3b66cfc6fb1982e29df7?s=96&d=mm&r=g\",\"url\":\"https:\\\/\\\/secure.gravatar.com\\\/avatar\\\/4c81fed838786e9b53f540bf46533e750f5d292099ae3b66cfc6fb1982e29df7?s=96&d=mm&r=g\",\"contentUrl\":\"https:\\\/\\\/secure.gravatar.com\\\/avatar\\\/4c81fed838786e9b53f540bf46533e750f5d292099ae3b66cfc6fb1982e29df7?s=96&d=mm&r=g\",\"caption\":\"admin\"},\"description\":\"admin\",\"url\":\"https:\\\/\\\/lasentinelle.dz\\\/author\\\/admin\\\/\"}]}<\/script>\n<!-- \/ Yoast SEO plugin. -->","yoast_head_json":{"title":"Des cellules mises en place\u00a0: D&rsquo;importantes am\u00e9liorations des programmes scolaires en pr\u00e9paration - La Sentinelle","robots":{"index":"index","follow":"follow","max-snippet":"max-snippet:-1","max-image-preview":"max-image-preview:large","max-video-preview":"max-video-preview:-1"},"canonical":"https:\/\/lasentinelle.dz\/index.php\/2025\/10\/22\/des-cellules-mises-en-place-dimportantes-ameliorations-des-programmes-scolaires-en-preparation\/","og_locale":"fr_FR","og_type":"article","og_title":"Des cellules mises en place\u00a0: D&rsquo;importantes am\u00e9liorations des programmes scolaires en pr\u00e9paration - La Sentinelle","og_description":"Le ministre de l&rsquo;\u00c9ducation nationale, Mohamed Seghir Saadaoui, a d\u00e9voil\u00e9 mardi \u00e0 Alger la pr\u00e9paration d&rsquo;am\u00e9liorations majeures visant le d\u00e9veloppement","og_url":"https:\/\/lasentinelle.dz\/index.php\/2025\/10\/22\/des-cellules-mises-en-place-dimportantes-ameliorations-des-programmes-scolaires-en-preparation\/","og_site_name":"La Sentinelle","article_publisher":"https:\/\/www.facebook.com\/La-Sentinelle-104059864394773","article_published_time":"2025-10-22T11:07:03+00:00","og_image":[{"width":800,"height":500,"url":"https:\/\/lasentinelle.dz\/wp-content\/uploads\/2025\/09\/saadaoui.jpg","type":"image\/jpeg"}],"author":"admin","twitter_card":"summary_large_image","twitter_misc":{"\u00c9crit par":"admin","Dur\u00e9e de lecture estim\u00e9e":"3 minutes"},"schema":{"@context":"https:\/\/schema.org","@graph":[{"@type":"Article","@id":"https:\/\/lasentinelle.dz\/index.php\/2025\/10\/22\/des-cellules-mises-en-place-dimportantes-ameliorations-des-programmes-scolaires-en-preparation\/#article","isPartOf":{"@id":"https:\/\/lasentinelle.dz\/index.php\/2025\/10\/22\/des-cellules-mises-en-place-dimportantes-ameliorations-des-programmes-scolaires-en-preparation\/"},"author":{"name":"admin","@id":"https:\/\/lasentinelle.dz\/#\/schema\/person\/729ee0024f24e0b8c5ec17232f8e8b41"},"headline":"Des cellules mises en place\u00a0: D&rsquo;importantes am\u00e9liorations des programmes scolaires en pr\u00e9paration","datePublished":"2025-10-22T11:07:03+00:00","mainEntityOfPage":{"@id":"https:\/\/lasentinelle.dz\/index.php\/2025\/10\/22\/des-cellules-mises-en-place-dimportantes-ameliorations-des-programmes-scolaires-en-preparation\/"},"wordCount":504,"commentCount":0,"publisher":{"@id":"https:\/\/lasentinelle.dz\/#organization"},"image":{"@id":"https:\/\/lasentinelle.dz\/index.php\/2025\/10\/22\/des-cellules-mises-en-place-dimportantes-ameliorations-des-programmes-scolaires-en-preparation\/#primaryimage"},"thumbnailUrl":"https:\/\/lasentinelle.dz\/wp-content\/uploads\/2025\/09\/saadaoui.jpg","articleSection":["Actualit\u00e9"],"inLanguage":"fr-FR","potentialAction":[{"@type":"CommentAction","name":"Comment","target":["https:\/\/lasentinelle.dz\/index.php\/2025\/10\/22\/des-cellules-mises-en-place-dimportantes-ameliorations-des-programmes-scolaires-en-preparation\/#respond"]}]},{"@type":"WebPage","@id":"https:\/\/lasentinelle.dz\/index.php\/2025\/10\/22\/des-cellules-mises-en-place-dimportantes-ameliorations-des-programmes-scolaires-en-preparation\/","url":"https:\/\/lasentinelle.dz\/index.php\/2025\/10\/22\/des-cellules-mises-en-place-dimportantes-ameliorations-des-programmes-scolaires-en-preparation\/","name":"Des cellules mises en place\u00a0: D&rsquo;importantes am\u00e9liorations des programmes scolaires en pr\u00e9paration - La Sentinelle","isPartOf":{"@id":"https:\/\/lasentinelle.dz\/#website"},"primaryImageOfPage":{"@id":"https:\/\/lasentinelle.dz\/index.php\/2025\/10\/22\/des-cellules-mises-en-place-dimportantes-ameliorations-des-programmes-scolaires-en-preparation\/#primaryimage"},"image":{"@id":"https:\/\/lasentinelle.dz\/index.php\/2025\/10\/22\/des-cellules-mises-en-place-dimportantes-ameliorations-des-programmes-scolaires-en-preparation\/#primaryimage"},"thumbnailUrl":"https:\/\/lasentinelle.dz\/wp-content\/uploads\/2025\/09\/saadaoui.jpg","datePublished":"2025-10-22T11:07:03+00:00","breadcrumb":{"@id":"https:\/\/lasentinelle.dz\/index.php\/2025\/10\/22\/des-cellules-mises-en-place-dimportantes-ameliorations-des-programmes-scolaires-en-preparation\/#breadcrumb"},"inLanguage":"fr-FR","potentialAction":[{"@type":"ReadAction","target":["https:\/\/lasentinelle.dz\/index.php\/2025\/10\/22\/des-cellules-mises-en-place-dimportantes-ameliorations-des-programmes-scolaires-en-preparation\/"]}]},{"@type":"ImageObject","inLanguage":"fr-FR","@id":"https:\/\/lasentinelle.dz\/index.php\/2025\/10\/22\/des-cellules-mises-en-place-dimportantes-ameliorations-des-programmes-scolaires-en-preparation\/#primaryimage","url":"https:\/\/lasentinelle.dz\/wp-content\/uploads\/2025\/09\/saadaoui.jpg","contentUrl":"https:\/\/lasentinelle.dz\/wp-content\/uploads\/2025\/09\/saadaoui.jpg","width":800,"height":500},{"@type":"BreadcrumbList","@id":"https:\/\/lasentinelle.dz\/index.php\/2025\/10\/22\/des-cellules-mises-en-place-dimportantes-ameliorations-des-programmes-scolaires-en-preparation\/#breadcrumb","itemListElement":[{"@type":"ListItem","position":1,"name":"Accueil","item":"https:\/\/lasentinelle.dz\/"},{"@type":"ListItem","position":2,"name":"Des cellules mises en place\u00a0: D&rsquo;importantes am\u00e9liorations des programmes scolaires en pr\u00e9paration"}]},{"@type":"WebSite","@id":"https:\/\/lasentinelle.dz\/#website","url":"https:\/\/lasentinelle.dz\/","name":"La Sentinelle","description":"Quotidien national d&#039;information","publisher":{"@id":"https:\/\/lasentinelle.dz\/#organization"},"potentialAction":[{"@type":"SearchAction","target":{"@type":"EntryPoint","urlTemplate":"https:\/\/lasentinelle.dz\/?s={search_term_string}"},"query-input":{"@type":"PropertyValueSpecification","valueRequired":true,"valueName":"search_term_string"}}],"inLanguage":"fr-FR"},{"@type":"Organization","@id":"https:\/\/lasentinelle.dz\/#organization","name":"Quotidien La Sentinelle","url":"https:\/\/lasentinelle.dz\/","logo":{"@type":"ImageObject","inLanguage":"fr-FR","@id":"https:\/\/lasentinelle.dz\/#\/schema\/logo\/image\/","url":"https:\/\/lasentinelle.dz\/wp-content\/uploads\/2021\/09\/logo-sentinelleSLOGAN-1.png","contentUrl":"https:\/\/lasentinelle.dz\/wp-content\/uploads\/2021\/09\/logo-sentinelleSLOGAN-1.png","width":615,"height":142,"caption":"Quotidien La Sentinelle"},"image":{"@id":"https:\/\/lasentinelle.dz\/#\/schema\/logo\/image\/"},"sameAs":["https:\/\/www.facebook.com\/La-Sentinelle-104059864394773"]},{"@type":"Person","@id":"https:\/\/lasentinelle.dz\/#\/schema\/person\/729ee0024f24e0b8c5ec17232f8e8b41","name":"admin","image":{"@type":"ImageObject","inLanguage":"fr-FR","@id":"https:\/\/secure.gravatar.com\/avatar\/4c81fed838786e9b53f540bf46533e750f5d292099ae3b66cfc6fb1982e29df7?s=96&d=mm&r=g","url":"https:\/\/secure.gravatar.com\/avatar\/4c81fed838786e9b53f540bf46533e750f5d292099ae3b66cfc6fb1982e29df7?s=96&d=mm&r=g","contentUrl":"https:\/\/secure.gravatar.com\/avatar\/4c81fed838786e9b53f540bf46533e750f5d292099ae3b66cfc6fb1982e29df7?s=96&d=mm&r=g","caption":"admin"},"description":"admin","url":"https:\/\/lasentinelle.dz\/author\/admin\/"}]}},"_links":{"self":[{"href":"https:\/\/lasentinelle.dz\/index.php\/wp-json\/wp\/v2\/posts\/75109","targetHints":{"allow":["GET"]}}],"collection":[{"href":"https:\/\/lasentinelle.dz\/index.php\/wp-json\/wp\/v2\/posts"}],"about":[{"href":"https:\/\/lasentinelle.dz\/index.php\/wp-json\/wp\/v2\/types\/post"}],"author":[{"embeddable":true,"href":"https:\/\/lasentinelle.dz\/index.php\/wp-json\/wp\/v2\/users\/6"}],"replies":[{"embeddable":true,"href":"https:\/\/lasentinelle.dz\/index.php\/wp-json\/wp\/v2\/comments?post=75109"}],"version-history":[{"count":2,"href":"https:\/\/lasentinelle.dz\/index.php\/wp-json\/wp\/v2\/posts\/75109\/revisions"}],"predecessor-version":[{"id":75111,"href":"https:\/\/lasentinelle.dz\/index.php\/wp-json\/wp\/v2\/posts\/75109\/revisions\/75111"}],"wp:featuredmedia":[{"embeddable":true,"href":"https:\/\/lasentinelle.dz\/index.php\/wp-json\/wp\/v2\/media\/73935"}],"wp:attachment":[{"href":"https:\/\/lasentinelle.dz\/index.php\/wp-json\/wp\/v2\/media?parent=75109"}],"wp:term":[{"taxonomy":"category","embeddable":true,"href":"https:\/\/lasentinelle.dz\/index.php\/wp-json\/wp\/v2\/categories?post=75109"},{"taxonomy":"post_tag","embeddable":true,"href":"https:\/\/lasentinelle.dz\/index.php\/wp-json\/wp\/v2\/tags?post=75109"}],"curies":[{"name":"wp","href":"https:\/\/api.w.org\/{rel}","templated":true}]}}