{"id":75112,"date":"2025-10-22T12:07:55","date_gmt":"2025-10-22T11:07:55","guid":{"rendered":"https:\/\/lasentinelle.dz\/?p=75112"},"modified":"2025-10-22T12:07:56","modified_gmt":"2025-10-22T11:07:56","slug":"dessalement-des-stations-mobiles-pour-les-eaux-souterraines-du-sud","status":"publish","type":"post","link":"https:\/\/lasentinelle.dz\/index.php\/2025\/10\/22\/dessalement-des-stations-mobiles-pour-les-eaux-souterraines-du-sud\/","title":{"rendered":"Dessalement\u00a0: Des stations mobiles pour les eaux souterraines du Sud"},"content":{"rendered":"\n<p>Des conteneurs mobiles de dessalement vont \u00eatre d\u00e9ploy\u00e9s dans les wilayas du Sud pour traiter les importantes r\u00e9serves d&rsquo;eaux souterraines salines, une innovation technologique qui compl\u00e8te l&rsquo;ambitieux programme national de dessalement d&rsquo;eau de mer.<\/p>\n\n\n\n<p>L&rsquo;Algerian Desalination Company (ex-AEC) franchit un nouveau cap dans sa strat\u00e9gie de s\u00e9curit\u00e9 hydrique en d\u00e9veloppant des solutions innovantes sp\u00e9cifiquement adapt\u00e9es aux r\u00e9gions sahariennes. Mouloud Hachlaf, assistant du PDG de la soci\u00e9t\u00e9, a annonc\u00e9 mardi lors d\u2019une intervention sur les ondes de la Radio nationale le d\u00e9ploiement prochain de stations mobiles de type conteneurs destin\u00e9es au dessalement des eaux souterraines dans le Sud, une premi\u00e8re pour l&rsquo;Alg\u00e9rie qui poss\u00e8de d&rsquo;importantes r\u00e9serves aquif\u00e8res salines inexploit\u00e9es. \u00ab\u00a0Nous \u0153uvrons \u00e0 d\u00e9velopper plusieurs projets, tels que des conteneurs mobiles destin\u00e9s au dessalement de l&rsquo;eau de mer et des eaux souterraines, pouvant \u00eatre d\u00e9ploy\u00e9s dans diff\u00e9rentes r\u00e9gions du pays\u00a0\u00bb, a d\u00e9clar\u00e9 Mouloud Hachlaf, pr\u00e9cisant que \u00ab\u00a0ces conteneurs constituent des solutions pratiques, notamment dans les wilayas du Sud telles qu&rsquo;El Oued, El Meghaier et Biskra\u00a0\u00bb. Cette technologie mobile et modulaire repr\u00e9sente une rupture avec les grandes infrastructures fixes d\u00e9ploy\u00e9es sur le littoral, offrant une flexibilit\u00e9 in\u00e9dite pour r\u00e9pondre aux besoins sp\u00e9cifiques des populations sahariennes confront\u00e9es \u00e0 la salinit\u00e9 excessive des nappes phr\u00e9atiques. Un programme qui accompagne les plans de d\u00e9veloppement \u00e9conomique et sociale des wilayas du Grand Sud, assis notamment sur le d\u00e9veloppement d\u2019importantes infrastructures, le d\u00e9veloppement des cultures strat\u00e9giques en milieu saharien ainsi que la valorisation des ressources mini\u00e8res dont regorgent ces r\u00e9gions.<\/p>\n\n\n\n<p>Un investissement de 2,8 milliards de dollars<\/p>\n\n\n\n<p>Cette innovation s&rsquo;inscrit dans un contexte d&rsquo;acc\u00e9l\u00e9ration sans pr\u00e9c\u00e9dent de la politique nationale de dessalement. Le deuxi\u00e8me programme compl\u00e9mentaire pr\u00e9voit la construction de six grandes stations sur le littoral, dans les wilayas de Skikda, Jijel, Tizi Ouzou, Chlef, Mostaganem et Tlemcen, chacune d&rsquo;une capacit\u00e9 de 300.000 m\u00e8tres cubes par jour. \u00ab\u00a0Ce programme permettra de produire 1,8 million de m\u00e8tres cubes suppl\u00e9mentaires par jour, portant le taux de couverture des besoins en eau potable \u00e0 60%\u00a0\u00bb, a soulign\u00e9 le responsable, annon\u00e7ant un investissement colossal de 2,8 milliards de dollars pour ces infrastructures conformes aux instructions du pr\u00e9sident Abdelmadjid Tebboune. Contrairement au premier programme qui ciblait prioritairement les zones c\u00f4ti\u00e8res dens\u00e9ment peupl\u00e9es, cette nouvelle g\u00e9n\u00e9ration de stations int\u00e8gre une dimension territoriale \u00e9largie. \u00ab\u00a0Les \u00e9tudes ont \u00e9t\u00e9 effectivement lanc\u00e9es par les cadres alg\u00e9riens, et nous avons s\u00e9lectionn\u00e9 les sites des trois premi\u00e8res stations \u00e0 Chlef, Mostaganem et Tlemcen, des zones qui souffrent d&rsquo;une grande p\u00e9nurie de pr\u00e9cipitations\u00a0\u00bb, a expliqu\u00e9 Hachlaf. L&rsquo;eau produite sera achemin\u00e9e vers les r\u00e9gions de l&rsquo;int\u00e9rieur sur des distances allant de 150 \u00e0 200 kilom\u00e8tres, \u00ab\u00a0dans une vision prospective et globale visant \u00e0 garantir l&rsquo;\u00e9quit\u00e9 dans la distribution de l&rsquo;eau, particuli\u00e8rement face aux pr\u00e9visions d&rsquo;une baisse de 20% des pr\u00e9cipitations d&rsquo;ici 2050 dans les pays d&rsquo;Afrique du Nord\u00a0\u00bb, a-t-il ajout\u00e9, \u00e9voquant une aggravation de la s\u00e9cheresse plus rapide que ne le pr\u00e9voyaient les estimations climatiques. Le premier programme compl\u00e9mentaire, lanc\u00e9 en 2021, a d\u00e9j\u00e0 d\u00e9montr\u00e9 l&rsquo;efficacit\u00e9 de cette strat\u00e9gie avec la mise en service de cinq grandes stations \u00e0 El Tarf, Oran, B\u00e9ja\u00efa, Tipaza et Boumerd\u00e8s. Ces installations, d&rsquo;une capacit\u00e9 unitaire de 300.000 m\u00e8tres cubes par jour, fonctionnent d\u00e9sormais \u00e0 pleine capacit\u00e9 op\u00e9rationnelle et ont produit jusqu&rsquo;en octobre des volumes consid\u00e9rables : 29,5 millions de m\u00e8tres cubes \u00e0 El Tarf, 37 millions \u00e0 Oran, 11,5 millions \u00e0 B\u00e9ja\u00efa, 39 millions \u00e0 Tipaza et 31,7 millions \u00e0 Boumerd\u00e8s. \u00ab\u00a0Ces quantit\u00e9s d&rsquo;eau de mer dessal\u00e9e sont arriv\u00e9es \u00e0 un moment critique, alors que le pays souffre d&rsquo;une s\u00e9cheresse persistante depuis plus d&rsquo;une d\u00e9cennie, entra\u00eenant une baisse du niveau d&rsquo;eau dans les barrages et les puits\u00a0\u00bb, a rappel\u00e9 le responsable. Cette mont\u00e9e en puissance du secteur s&rsquo;accompagne d&rsquo;une ma\u00eetrise technologique nationale acquise apr\u00e8s 25 ans de partenariat avec des op\u00e9rateurs \u00e9trangers. \u00ab\u00a0La Soci\u00e9t\u00e9 alg\u00e9rienne de dessalement des eaux de mer, qui \u00e9tait auparavant une branche du groupe Sonatrach, est devenue aujourd&rsquo;hui une entit\u00e9 nationale ind\u00e9pendante sp\u00e9cialis\u00e9e\u00a0\u00bb, a soulign\u00e9 Hachlaf, saluant cette transformation strat\u00e9gique qui refl\u00e8te \u00ab\u00a0le degr\u00e9 de contr\u00f4le de l&rsquo;Alg\u00e9rie sur l&rsquo;une des technologies les plus vitales li\u00e9es \u00e0 la s\u00e9curit\u00e9 hydrique\u00a0\u00bb. Les \u00e9tudes, la r\u00e9alisation et la gestion sont d\u00e9sormais enti\u00e8rement assur\u00e9es par des ing\u00e9nieurs, d\u00e9veloppeurs et cadres alg\u00e9riens. Le virage \u00e9cologique constitue l&rsquo;autre dimension majeure de cette nouvelle g\u00e9n\u00e9ration d&rsquo;infrastructures. L&rsquo;ADC pr\u00e9voit d&rsquo;int\u00e9grer entre 30 et 35% d&rsquo;\u00e9nergies renouvelables, notamment l&rsquo;\u00e9nergie solaire, dans le fonctionnement des nouvelles stations, avec une perspective d&rsquo;atteindre 100% \u00e0 l&rsquo;avenir. \u00ab\u00a0L&rsquo;\u00e9nergie repr\u00e9sente 30% du co\u00fbt des stations de dessalement, ce qui fait du choix des \u00e9nergies renouvelables un \u00e9l\u00e9ment strat\u00e9gique pour r\u00e9duire les co\u00fbts et les \u00e9missions de carbone, et renforcer la transition \u00e9nerg\u00e9tique de l&rsquo;Alg\u00e9rie\u00a0\u00bb, a expliqu\u00e9 le responsable. L&rsquo;impact socio-\u00e9conomique de ces programmes d\u00e9passe largement la question hydrique. Les cinq premi\u00e8res stations ont cr\u00e9\u00e9 une dynamique \u00e9conomique importante, mobilisant des centaines d&rsquo;entreprises de sous-traitance et g\u00e9n\u00e9rant pr\u00e8s de 10.000 emplois directs et indirects. Elles ont \u00e9galement stimul\u00e9 le d\u00e9veloppement des infrastructures locales, des r\u00e9seaux routiers et \u00e9lectriques \u00e0 l&rsquo;acc\u00e8s internet, tout en b\u00e9n\u00e9ficiant aux secteurs de l&rsquo;enseignement sup\u00e9rieur, de la formation et de la recherche scientifique. La soci\u00e9t\u00e9 ambitionne d\u00e9sormais de porter le taux d&rsquo;int\u00e9gration nationale, actuellement de 30%, \u00e0 un niveau sup\u00e9rieur \u00ab\u00a0\u00e0 travers l&rsquo;encouragement des sous-traitants, des startups et des innovateurs, ainsi que le d\u00e9veloppement de projets de fabrication locale des \u00e9quipements essentiels destin\u00e9s aux stations de dessalement\u00a0\u00bb, a pr\u00e9cis\u00e9 Hachlaf.<\/p>\n\n\n\n<p>Samir Benisid<\/p>\n","protected":false},"excerpt":{"rendered":"<p>Des conteneurs mobiles de dessalement vont \u00eatre d\u00e9ploy\u00e9s dans les wilayas du Sud pour traiter les importantes r\u00e9serves d&rsquo;eaux souterraines<\/p>\n","protected":false},"author":6,"featured_media":75113,"comment_status":"open","ping_status":"closed","sticky":false,"template":"","format":"standard","meta":{"colormag_page_container_layout":"default_layout","colormag_page_sidebar_layout":"default_layout","om_disable_all_campaigns":false,"_monsterinsights_skip_tracking":false,"_monsterinsights_sitenote_active":false,"_monsterinsights_sitenote_note":"","_monsterinsights_sitenote_category":0,"footnotes":"","_wpscppro_dont_share_socialmedia":false,"_wpscppro_custom_social_share_image":0,"_facebook_share_type":"default","_twitter_share_type":"default","_linkedin_share_type":"default","_pinterest_share_type":"default","_linkedin_share_type_page":"","_instagram_share_type":"default","_medium_share_type":"default","_threads_share_type":"default","_google_business_share_type":"default","_selected_social_profile":[],"_wpsp_enable_custom_social_template":false,"_wpsp_social_scheduling":{"enabled":false,"datetime":null,"platforms":[],"status":"template_only","dateOption":"today","timeOption":"now","customDays":"","customHours":"","customDate":"","customTime":"","schedulingType":"absolute"},"_wpsp_active_default_template":true},"categories":[52,27],"tags":[],"class_list":["post-75112","post","type-post","status-publish","format-standard","has-post-thumbnail","hentry","category-a-la-une","category-actualite"],"aioseo_notices":[],"yoast_head":"<!-- This site is optimized with the Yoast SEO plugin v27.4 - https:\/\/yoast.com\/product\/yoast-seo-wordpress\/ -->\n<title>Dessalement\u00a0: Des stations mobiles pour les eaux souterraines du Sud - La Sentinelle<\/title>\n<meta name=\"robots\" content=\"index, follow, max-snippet:-1, max-image-preview:large, max-video-preview:-1\" \/>\n<link rel=\"canonical\" href=\"https:\/\/lasentinelle.dz\/index.php\/2025\/10\/22\/dessalement-des-stations-mobiles-pour-les-eaux-souterraines-du-sud\/\" \/>\n<meta property=\"og:locale\" content=\"fr_FR\" \/>\n<meta property=\"og:type\" content=\"article\" \/>\n<meta property=\"og:title\" content=\"Dessalement\u00a0: Des stations mobiles pour les eaux souterraines du Sud - La Sentinelle\" \/>\n<meta property=\"og:description\" content=\"Des conteneurs mobiles de dessalement vont \u00eatre d\u00e9ploy\u00e9s dans les wilayas du Sud pour traiter les importantes r\u00e9serves d&rsquo;eaux souterraines\" \/>\n<meta property=\"og:url\" content=\"https:\/\/lasentinelle.dz\/index.php\/2025\/10\/22\/dessalement-des-stations-mobiles-pour-les-eaux-souterraines-du-sud\/\" \/>\n<meta property=\"og:site_name\" content=\"La Sentinelle\" \/>\n<meta property=\"article:publisher\" content=\"https:\/\/www.facebook.com\/La-Sentinelle-104059864394773\" \/>\n<meta property=\"article:published_time\" content=\"2025-10-22T11:07:55+00:00\" \/>\n<meta property=\"article:modified_time\" content=\"2025-10-22T11:07:56+00:00\" \/>\n<meta property=\"og:image\" content=\"https:\/\/lasentinelle.dz\/wp-content\/uploads\/2025\/10\/station.jpg\" \/>\n\t<meta property=\"og:image:width\" content=\"745\" \/>\n\t<meta property=\"og:image:height\" content=\"470\" \/>\n\t<meta property=\"og:image:type\" content=\"image\/jpeg\" \/>\n<meta name=\"author\" content=\"admin\" \/>\n<meta name=\"twitter:card\" content=\"summary_large_image\" \/>\n<meta name=\"twitter:label1\" content=\"\u00c9crit par\" \/>\n\t<meta name=\"twitter:data1\" content=\"admin\" \/>\n\t<meta name=\"twitter:label2\" content=\"Dur\u00e9e de lecture estim\u00e9e\" \/>\n\t<meta name=\"twitter:data2\" content=\"5 minutes\" \/>\n<script type=\"application\/ld+json\" class=\"yoast-schema-graph\">{\"@context\":\"https:\\\/\\\/schema.org\",\"@graph\":[{\"@type\":\"Article\",\"@id\":\"https:\\\/\\\/lasentinelle.dz\\\/index.php\\\/2025\\\/10\\\/22\\\/dessalement-des-stations-mobiles-pour-les-eaux-souterraines-du-sud\\\/#article\",\"isPartOf\":{\"@id\":\"https:\\\/\\\/lasentinelle.dz\\\/index.php\\\/2025\\\/10\\\/22\\\/dessalement-des-stations-mobiles-pour-les-eaux-souterraines-du-sud\\\/\"},\"author\":{\"name\":\"admin\",\"@id\":\"https:\\\/\\\/lasentinelle.dz\\\/#\\\/schema\\\/person\\\/729ee0024f24e0b8c5ec17232f8e8b41\"},\"headline\":\"Dessalement\u00a0: Des stations mobiles pour les eaux souterraines du Sud\",\"datePublished\":\"2025-10-22T11:07:55+00:00\",\"dateModified\":\"2025-10-22T11:07:56+00:00\",\"mainEntityOfPage\":{\"@id\":\"https:\\\/\\\/lasentinelle.dz\\\/index.php\\\/2025\\\/10\\\/22\\\/dessalement-des-stations-mobiles-pour-les-eaux-souterraines-du-sud\\\/\"},\"wordCount\":1046,\"commentCount\":0,\"publisher\":{\"@id\":\"https:\\\/\\\/lasentinelle.dz\\\/#organization\"},\"image\":{\"@id\":\"https:\\\/\\\/lasentinelle.dz\\\/index.php\\\/2025\\\/10\\\/22\\\/dessalement-des-stations-mobiles-pour-les-eaux-souterraines-du-sud\\\/#primaryimage\"},\"thumbnailUrl\":\"https:\\\/\\\/lasentinelle.dz\\\/wp-content\\\/uploads\\\/2025\\\/10\\\/station.jpg\",\"articleSection\":[\"\u00c0 la Une\",\"Actualit\u00e9\"],\"inLanguage\":\"fr-FR\",\"potentialAction\":[{\"@type\":\"CommentAction\",\"name\":\"Comment\",\"target\":[\"https:\\\/\\\/lasentinelle.dz\\\/index.php\\\/2025\\\/10\\\/22\\\/dessalement-des-stations-mobiles-pour-les-eaux-souterraines-du-sud\\\/#respond\"]}]},{\"@type\":\"WebPage\",\"@id\":\"https:\\\/\\\/lasentinelle.dz\\\/index.php\\\/2025\\\/10\\\/22\\\/dessalement-des-stations-mobiles-pour-les-eaux-souterraines-du-sud\\\/\",\"url\":\"https:\\\/\\\/lasentinelle.dz\\\/index.php\\\/2025\\\/10\\\/22\\\/dessalement-des-stations-mobiles-pour-les-eaux-souterraines-du-sud\\\/\",\"name\":\"Dessalement\u00a0: Des stations mobiles pour les eaux souterraines du Sud - La Sentinelle\",\"isPartOf\":{\"@id\":\"https:\\\/\\\/lasentinelle.dz\\\/#website\"},\"primaryImageOfPage\":{\"@id\":\"https:\\\/\\\/lasentinelle.dz\\\/index.php\\\/2025\\\/10\\\/22\\\/dessalement-des-stations-mobiles-pour-les-eaux-souterraines-du-sud\\\/#primaryimage\"},\"image\":{\"@id\":\"https:\\\/\\\/lasentinelle.dz\\\/index.php\\\/2025\\\/10\\\/22\\\/dessalement-des-stations-mobiles-pour-les-eaux-souterraines-du-sud\\\/#primaryimage\"},\"thumbnailUrl\":\"https:\\\/\\\/lasentinelle.dz\\\/wp-content\\\/uploads\\\/2025\\\/10\\\/station.jpg\",\"datePublished\":\"2025-10-22T11:07:55+00:00\",\"dateModified\":\"2025-10-22T11:07:56+00:00\",\"breadcrumb\":{\"@id\":\"https:\\\/\\\/lasentinelle.dz\\\/index.php\\\/2025\\\/10\\\/22\\\/dessalement-des-stations-mobiles-pour-les-eaux-souterraines-du-sud\\\/#breadcrumb\"},\"inLanguage\":\"fr-FR\",\"potentialAction\":[{\"@type\":\"ReadAction\",\"target\":[\"https:\\\/\\\/lasentinelle.dz\\\/index.php\\\/2025\\\/10\\\/22\\\/dessalement-des-stations-mobiles-pour-les-eaux-souterraines-du-sud\\\/\"]}]},{\"@type\":\"ImageObject\",\"inLanguage\":\"fr-FR\",\"@id\":\"https:\\\/\\\/lasentinelle.dz\\\/index.php\\\/2025\\\/10\\\/22\\\/dessalement-des-stations-mobiles-pour-les-eaux-souterraines-du-sud\\\/#primaryimage\",\"url\":\"https:\\\/\\\/lasentinelle.dz\\\/wp-content\\\/uploads\\\/2025\\\/10\\\/station.jpg\",\"contentUrl\":\"https:\\\/\\\/lasentinelle.dz\\\/wp-content\\\/uploads\\\/2025\\\/10\\\/station.jpg\",\"width\":745,\"height\":470},{\"@type\":\"BreadcrumbList\",\"@id\":\"https:\\\/\\\/lasentinelle.dz\\\/index.php\\\/2025\\\/10\\\/22\\\/dessalement-des-stations-mobiles-pour-les-eaux-souterraines-du-sud\\\/#breadcrumb\",\"itemListElement\":[{\"@type\":\"ListItem\",\"position\":1,\"name\":\"Accueil\",\"item\":\"https:\\\/\\\/lasentinelle.dz\\\/\"},{\"@type\":\"ListItem\",\"position\":2,\"name\":\"Dessalement\u00a0: Des stations mobiles pour les eaux souterraines du Sud\"}]},{\"@type\":\"WebSite\",\"@id\":\"https:\\\/\\\/lasentinelle.dz\\\/#website\",\"url\":\"https:\\\/\\\/lasentinelle.dz\\\/\",\"name\":\"La Sentinelle\",\"description\":\"Quotidien national d&#039;information\",\"publisher\":{\"@id\":\"https:\\\/\\\/lasentinelle.dz\\\/#organization\"},\"potentialAction\":[{\"@type\":\"SearchAction\",\"target\":{\"@type\":\"EntryPoint\",\"urlTemplate\":\"https:\\\/\\\/lasentinelle.dz\\\/?s={search_term_string}\"},\"query-input\":{\"@type\":\"PropertyValueSpecification\",\"valueRequired\":true,\"valueName\":\"search_term_string\"}}],\"inLanguage\":\"fr-FR\"},{\"@type\":\"Organization\",\"@id\":\"https:\\\/\\\/lasentinelle.dz\\\/#organization\",\"name\":\"Quotidien La Sentinelle\",\"url\":\"https:\\\/\\\/lasentinelle.dz\\\/\",\"logo\":{\"@type\":\"ImageObject\",\"inLanguage\":\"fr-FR\",\"@id\":\"https:\\\/\\\/lasentinelle.dz\\\/#\\\/schema\\\/logo\\\/image\\\/\",\"url\":\"https:\\\/\\\/lasentinelle.dz\\\/wp-content\\\/uploads\\\/2021\\\/09\\\/logo-sentinelleSLOGAN-1.png\",\"contentUrl\":\"https:\\\/\\\/lasentinelle.dz\\\/wp-content\\\/uploads\\\/2021\\\/09\\\/logo-sentinelleSLOGAN-1.png\",\"width\":615,\"height\":142,\"caption\":\"Quotidien La Sentinelle\"},\"image\":{\"@id\":\"https:\\\/\\\/lasentinelle.dz\\\/#\\\/schema\\\/logo\\\/image\\\/\"},\"sameAs\":[\"https:\\\/\\\/www.facebook.com\\\/La-Sentinelle-104059864394773\"]},{\"@type\":\"Person\",\"@id\":\"https:\\\/\\\/lasentinelle.dz\\\/#\\\/schema\\\/person\\\/729ee0024f24e0b8c5ec17232f8e8b41\",\"name\":\"admin\",\"image\":{\"@type\":\"ImageObject\",\"inLanguage\":\"fr-FR\",\"@id\":\"https:\\\/\\\/secure.gravatar.com\\\/avatar\\\/4c81fed838786e9b53f540bf46533e750f5d292099ae3b66cfc6fb1982e29df7?s=96&d=mm&r=g\",\"url\":\"https:\\\/\\\/secure.gravatar.com\\\/avatar\\\/4c81fed838786e9b53f540bf46533e750f5d292099ae3b66cfc6fb1982e29df7?s=96&d=mm&r=g\",\"contentUrl\":\"https:\\\/\\\/secure.gravatar.com\\\/avatar\\\/4c81fed838786e9b53f540bf46533e750f5d292099ae3b66cfc6fb1982e29df7?s=96&d=mm&r=g\",\"caption\":\"admin\"},\"description\":\"admin\",\"url\":\"https:\\\/\\\/lasentinelle.dz\\\/author\\\/admin\\\/\"}]}<\/script>\n<!-- \/ Yoast SEO plugin. -->","yoast_head_json":{"title":"Dessalement\u00a0: Des stations mobiles pour les eaux souterraines du Sud - La Sentinelle","robots":{"index":"index","follow":"follow","max-snippet":"max-snippet:-1","max-image-preview":"max-image-preview:large","max-video-preview":"max-video-preview:-1"},"canonical":"https:\/\/lasentinelle.dz\/index.php\/2025\/10\/22\/dessalement-des-stations-mobiles-pour-les-eaux-souterraines-du-sud\/","og_locale":"fr_FR","og_type":"article","og_title":"Dessalement\u00a0: Des stations mobiles pour les eaux souterraines du Sud - La Sentinelle","og_description":"Des conteneurs mobiles de dessalement vont \u00eatre d\u00e9ploy\u00e9s dans les wilayas du Sud pour traiter les importantes r\u00e9serves d&rsquo;eaux souterraines","og_url":"https:\/\/lasentinelle.dz\/index.php\/2025\/10\/22\/dessalement-des-stations-mobiles-pour-les-eaux-souterraines-du-sud\/","og_site_name":"La Sentinelle","article_publisher":"https:\/\/www.facebook.com\/La-Sentinelle-104059864394773","article_published_time":"2025-10-22T11:07:55+00:00","article_modified_time":"2025-10-22T11:07:56+00:00","og_image":[{"width":745,"height":470,"url":"https:\/\/lasentinelle.dz\/wp-content\/uploads\/2025\/10\/station.jpg","type":"image\/jpeg"}],"author":"admin","twitter_card":"summary_large_image","twitter_misc":{"\u00c9crit par":"admin","Dur\u00e9e de lecture estim\u00e9e":"5 minutes"},"schema":{"@context":"https:\/\/schema.org","@graph":[{"@type":"Article","@id":"https:\/\/lasentinelle.dz\/index.php\/2025\/10\/22\/dessalement-des-stations-mobiles-pour-les-eaux-souterraines-du-sud\/#article","isPartOf":{"@id":"https:\/\/lasentinelle.dz\/index.php\/2025\/10\/22\/dessalement-des-stations-mobiles-pour-les-eaux-souterraines-du-sud\/"},"author":{"name":"admin","@id":"https:\/\/lasentinelle.dz\/#\/schema\/person\/729ee0024f24e0b8c5ec17232f8e8b41"},"headline":"Dessalement\u00a0: Des stations mobiles pour les eaux souterraines du Sud","datePublished":"2025-10-22T11:07:55+00:00","dateModified":"2025-10-22T11:07:56+00:00","mainEntityOfPage":{"@id":"https:\/\/lasentinelle.dz\/index.php\/2025\/10\/22\/dessalement-des-stations-mobiles-pour-les-eaux-souterraines-du-sud\/"},"wordCount":1046,"commentCount":0,"publisher":{"@id":"https:\/\/lasentinelle.dz\/#organization"},"image":{"@id":"https:\/\/lasentinelle.dz\/index.php\/2025\/10\/22\/dessalement-des-stations-mobiles-pour-les-eaux-souterraines-du-sud\/#primaryimage"},"thumbnailUrl":"https:\/\/lasentinelle.dz\/wp-content\/uploads\/2025\/10\/station.jpg","articleSection":["\u00c0 la Une","Actualit\u00e9"],"inLanguage":"fr-FR","potentialAction":[{"@type":"CommentAction","name":"Comment","target":["https:\/\/lasentinelle.dz\/index.php\/2025\/10\/22\/dessalement-des-stations-mobiles-pour-les-eaux-souterraines-du-sud\/#respond"]}]},{"@type":"WebPage","@id":"https:\/\/lasentinelle.dz\/index.php\/2025\/10\/22\/dessalement-des-stations-mobiles-pour-les-eaux-souterraines-du-sud\/","url":"https:\/\/lasentinelle.dz\/index.php\/2025\/10\/22\/dessalement-des-stations-mobiles-pour-les-eaux-souterraines-du-sud\/","name":"Dessalement\u00a0: Des stations mobiles pour les eaux souterraines du Sud - La Sentinelle","isPartOf":{"@id":"https:\/\/lasentinelle.dz\/#website"},"primaryImageOfPage":{"@id":"https:\/\/lasentinelle.dz\/index.php\/2025\/10\/22\/dessalement-des-stations-mobiles-pour-les-eaux-souterraines-du-sud\/#primaryimage"},"image":{"@id":"https:\/\/lasentinelle.dz\/index.php\/2025\/10\/22\/dessalement-des-stations-mobiles-pour-les-eaux-souterraines-du-sud\/#primaryimage"},"thumbnailUrl":"https:\/\/lasentinelle.dz\/wp-content\/uploads\/2025\/10\/station.jpg","datePublished":"2025-10-22T11:07:55+00:00","dateModified":"2025-10-22T11:07:56+00:00","breadcrumb":{"@id":"https:\/\/lasentinelle.dz\/index.php\/2025\/10\/22\/dessalement-des-stations-mobiles-pour-les-eaux-souterraines-du-sud\/#breadcrumb"},"inLanguage":"fr-FR","potentialAction":[{"@type":"ReadAction","target":["https:\/\/lasentinelle.dz\/index.php\/2025\/10\/22\/dessalement-des-stations-mobiles-pour-les-eaux-souterraines-du-sud\/"]}]},{"@type":"ImageObject","inLanguage":"fr-FR","@id":"https:\/\/lasentinelle.dz\/index.php\/2025\/10\/22\/dessalement-des-stations-mobiles-pour-les-eaux-souterraines-du-sud\/#primaryimage","url":"https:\/\/lasentinelle.dz\/wp-content\/uploads\/2025\/10\/station.jpg","contentUrl":"https:\/\/lasentinelle.dz\/wp-content\/uploads\/2025\/10\/station.jpg","width":745,"height":470},{"@type":"BreadcrumbList","@id":"https:\/\/lasentinelle.dz\/index.php\/2025\/10\/22\/dessalement-des-stations-mobiles-pour-les-eaux-souterraines-du-sud\/#breadcrumb","itemListElement":[{"@type":"ListItem","position":1,"name":"Accueil","item":"https:\/\/lasentinelle.dz\/"},{"@type":"ListItem","position":2,"name":"Dessalement\u00a0: Des stations mobiles pour les eaux souterraines du Sud"}]},{"@type":"WebSite","@id":"https:\/\/lasentinelle.dz\/#website","url":"https:\/\/lasentinelle.dz\/","name":"La Sentinelle","description":"Quotidien national d&#039;information","publisher":{"@id":"https:\/\/lasentinelle.dz\/#organization"},"potentialAction":[{"@type":"SearchAction","target":{"@type":"EntryPoint","urlTemplate":"https:\/\/lasentinelle.dz\/?s={search_term_string}"},"query-input":{"@type":"PropertyValueSpecification","valueRequired":true,"valueName":"search_term_string"}}],"inLanguage":"fr-FR"},{"@type":"Organization","@id":"https:\/\/lasentinelle.dz\/#organization","name":"Quotidien La Sentinelle","url":"https:\/\/lasentinelle.dz\/","logo":{"@type":"ImageObject","inLanguage":"fr-FR","@id":"https:\/\/lasentinelle.dz\/#\/schema\/logo\/image\/","url":"https:\/\/lasentinelle.dz\/wp-content\/uploads\/2021\/09\/logo-sentinelleSLOGAN-1.png","contentUrl":"https:\/\/lasentinelle.dz\/wp-content\/uploads\/2021\/09\/logo-sentinelleSLOGAN-1.png","width":615,"height":142,"caption":"Quotidien La Sentinelle"},"image":{"@id":"https:\/\/lasentinelle.dz\/#\/schema\/logo\/image\/"},"sameAs":["https:\/\/www.facebook.com\/La-Sentinelle-104059864394773"]},{"@type":"Person","@id":"https:\/\/lasentinelle.dz\/#\/schema\/person\/729ee0024f24e0b8c5ec17232f8e8b41","name":"admin","image":{"@type":"ImageObject","inLanguage":"fr-FR","@id":"https:\/\/secure.gravatar.com\/avatar\/4c81fed838786e9b53f540bf46533e750f5d292099ae3b66cfc6fb1982e29df7?s=96&d=mm&r=g","url":"https:\/\/secure.gravatar.com\/avatar\/4c81fed838786e9b53f540bf46533e750f5d292099ae3b66cfc6fb1982e29df7?s=96&d=mm&r=g","contentUrl":"https:\/\/secure.gravatar.com\/avatar\/4c81fed838786e9b53f540bf46533e750f5d292099ae3b66cfc6fb1982e29df7?s=96&d=mm&r=g","caption":"admin"},"description":"admin","url":"https:\/\/lasentinelle.dz\/author\/admin\/"}]}},"_links":{"self":[{"href":"https:\/\/lasentinelle.dz\/index.php\/wp-json\/wp\/v2\/posts\/75112","targetHints":{"allow":["GET"]}}],"collection":[{"href":"https:\/\/lasentinelle.dz\/index.php\/wp-json\/wp\/v2\/posts"}],"about":[{"href":"https:\/\/lasentinelle.dz\/index.php\/wp-json\/wp\/v2\/types\/post"}],"author":[{"embeddable":true,"href":"https:\/\/lasentinelle.dz\/index.php\/wp-json\/wp\/v2\/users\/6"}],"replies":[{"embeddable":true,"href":"https:\/\/lasentinelle.dz\/index.php\/wp-json\/wp\/v2\/comments?post=75112"}],"version-history":[{"count":1,"href":"https:\/\/lasentinelle.dz\/index.php\/wp-json\/wp\/v2\/posts\/75112\/revisions"}],"predecessor-version":[{"id":75114,"href":"https:\/\/lasentinelle.dz\/index.php\/wp-json\/wp\/v2\/posts\/75112\/revisions\/75114"}],"wp:featuredmedia":[{"embeddable":true,"href":"https:\/\/lasentinelle.dz\/index.php\/wp-json\/wp\/v2\/media\/75113"}],"wp:attachment":[{"href":"https:\/\/lasentinelle.dz\/index.php\/wp-json\/wp\/v2\/media?parent=75112"}],"wp:term":[{"taxonomy":"category","embeddable":true,"href":"https:\/\/lasentinelle.dz\/index.php\/wp-json\/wp\/v2\/categories?post=75112"},{"taxonomy":"post_tag","embeddable":true,"href":"https:\/\/lasentinelle.dz\/index.php\/wp-json\/wp\/v2\/tags?post=75112"}],"curies":[{"name":"wp","href":"https:\/\/api.w.org\/{rel}","templated":true}]}}