{"id":75118,"date":"2025-10-22T12:12:35","date_gmt":"2025-10-22T11:12:35","guid":{"rendered":"https:\/\/lasentinelle.dz\/?p=75118"},"modified":"2025-10-22T12:12:36","modified_gmt":"2025-10-22T11:12:36","slug":"de-grands-projets-structurants-pour-lintegration-africaine","status":"publish","type":"post","link":"https:\/\/lasentinelle.dz\/index.php\/2025\/10\/22\/de-grands-projets-structurants-pour-lintegration-africaine\/","title":{"rendered":"De grands projets structurants pour l\u2019int\u00e9gration africaine"},"content":{"rendered":"\n<p>Le ministre du Commerce ext\u00e9rieur et de la Promotion des exportations, Kamel Rezig, a r\u00e9affirm\u00e9 mardi \u00e0 Gen\u00e8ve l&rsquo;engagement de l&rsquo;Alg\u00e9rie en faveur du d\u00e9veloppement africain \u00e0 travers la r\u00e9alisation de grands projets structurants. Intervenant lors de la r\u00e9union minist\u00e9rielle africaine en marge de la 16e session de la Conf\u00e9rence des Nations unies sur le commerce et le d\u00e9veloppement, le ministre a d\u00e9taill\u00e9 la strat\u00e9gie du pays pour renforcer l&rsquo;int\u00e9gration continentale dans un contexte international marqu\u00e9 par de multiples crises convergentes. Conform\u00e9ment aux directives du pr\u00e9sident Abdelmadjid Tebboune, l&rsquo;Alg\u00e9rie poursuit son appui au d\u00e9veloppement africain \u00e0 travers des projets d&rsquo;envergure visant \u00e0 renforcer l&rsquo;int\u00e9gration et \u00e0 d\u00e9velopper les cha\u00eenes de valeur africaines. M. Rezig a pr\u00e9cis\u00e9 que le pays continue de soutenir le continent \u00e0 travers des projets strat\u00e9giques parmi lesquels la route transsaharienne, le gazoduc transsaharien, ainsi que le projet de connexion du continent africain \u00e0 un r\u00e9seau Internet \u00e0 haut d\u00e9bit. Ces infrastructures continentales incarnent la volont\u00e9 alg\u00e9rienne de cr\u00e9er les conditions physiques et technologiques d&rsquo;une v\u00e9ritable int\u00e9gration \u00e9conomique africaine. Sur le plan commercial, l&rsquo;Alg\u00e9rie \u0153uvre \u00e0 la promotion du commerce intra-africain, notamment en ayant accueilli d\u00e9but septembre la quatri\u00e8me \u00e9dition de la Foire commerciale intra-africaine. Le ministre a \u00e9galement annonc\u00e9 le lancement d&rsquo;un fonds de soutien aux start-up et aux jeunes innovateurs, dot\u00e9 d&rsquo;un budget d&rsquo;un milliard de dollars, destin\u00e9 \u00e0 financer des projets dans les secteurs des infrastructures, de l&rsquo;\u00e9ducation, de la sant\u00e9 et de l&rsquo;\u00e9nergie. Cette initiative t\u00e9moigne de la volont\u00e9 alg\u00e9rienne d&rsquo;accompagner l&rsquo;\u00e9mergence d&rsquo;une nouvelle g\u00e9n\u00e9ration d&rsquo;entrepreneurs africains et de soutenir l&rsquo;innovation sur le continent. R\u00e9affirmant l&rsquo;attachement de l&rsquo;Alg\u00e9rie \u00e0 la solidarit\u00e9 effective entre les pays africains, \u00e0 l&rsquo;\u00e9change d&rsquo;expertises et \u00e0 la promotion des investissements conjoints dans les infrastructures et le d\u00e9veloppement des cha\u00eenes de valeurs, M. Rezig a mis en avant le r\u00f4le central de la Zone de libre-\u00e9change continentale africaine en tant qu&rsquo;outil strat\u00e9gique pour soutenir l&rsquo;int\u00e9gration continentale par la lev\u00e9e des divers obstacles, notamment douaniers, et la facilitation de la circulation des biens, des services et des capitaux. La question de la dette africaine a occup\u00e9 une place importante dans l&rsquo;intervention du ministre alg\u00e9rien. Il a soulign\u00e9 que l&rsquo;Alg\u00e9rie r\u00e9affirme la n\u00e9cessit\u00e9 d&rsquo;un traitement radical et \u00e9quitable de la crise de la dette en Afrique, tout en saluant la cr\u00e9ation de l&rsquo;Agence africaine de notation de cr\u00e9dit, qu&rsquo;il consid\u00e8re comme un m\u00e9canisme essentiel pour promouvoir la justice financi\u00e8re et le d\u00e9veloppement sur le continent. Le ministre a \u00e9galement mis en avant le r\u00f4le crucial que joue la CNUCED en tant que partenaire cl\u00e9 des pays africains dans l&rsquo;appui aux politiques \u00e9conomiques, l&rsquo;analyse et l&rsquo;assistance technique.<\/p>\n\n\n\n<p>M. Rezig a rappel\u00e9 que cette 16e session de la CNUCED se tient dans un contexte international difficile, marqu\u00e9 par la convergence des crises \u00e9conomiques, financi\u00e8res, climatiques et g\u00e9opolitiques, posant ainsi des d\u00e9fis sans pr\u00e9c\u00e9dent pour le d\u00e9veloppement du continent africain. Il a pr\u00e9cis\u00e9 que la hausse de l&rsquo;endettement, le ralentissement des investissements \u00e9trangers, la volatilit\u00e9 des march\u00e9s et la flamb\u00e9e des prix de l&rsquo;\u00e9nergie et des denr\u00e9es alimentaires constituent autant d&rsquo;obstacles \u00e0 la r\u00e9alisation d&rsquo;une croissance durable et inclusive.<\/p>\n\n\n\n<p>Salim Amokrane<\/p>\n","protected":false},"excerpt":{"rendered":"<p>Le ministre du Commerce ext\u00e9rieur et de la Promotion des exportations, Kamel Rezig, a r\u00e9affirm\u00e9 mardi \u00e0 Gen\u00e8ve l&rsquo;engagement de<\/p>\n","protected":false},"author":6,"featured_media":75119,"comment_status":"open","ping_status":"closed","sticky":false,"template":"","format":"standard","meta":{"colormag_page_container_layout":"default_layout","colormag_page_sidebar_layout":"default_layout","om_disable_all_campaigns":false,"_monsterinsights_skip_tracking":false,"_monsterinsights_sitenote_active":false,"_monsterinsights_sitenote_note":"","_monsterinsights_sitenote_category":0,"footnotes":"","_wpscppro_dont_share_socialmedia":false,"_wpscppro_custom_social_share_image":0,"_facebook_share_type":"default","_twitter_share_type":"default","_linkedin_share_type":"default","_pinterest_share_type":"default","_linkedin_share_type_page":"","_instagram_share_type":"default","_medium_share_type":"default","_threads_share_type":"default","_google_business_share_type":"default","_selected_social_profile":[],"_wpsp_enable_custom_social_template":false,"_wpsp_social_scheduling":{"enabled":false,"datetime":null,"platforms":[],"status":"template_only","dateOption":"today","timeOption":"now","customDays":"","customHours":"","customDate":"","customTime":"","schedulingType":"absolute"},"_wpsp_active_default_template":true},"categories":[27],"tags":[],"class_list":["post-75118","post","type-post","status-publish","format-standard","has-post-thumbnail","hentry","category-actualite"],"aioseo_notices":[],"yoast_head":"<!-- This site is optimized with the Yoast SEO plugin v27.4 - https:\/\/yoast.com\/product\/yoast-seo-wordpress\/ -->\n<title>De grands projets structurants pour l\u2019int\u00e9gration africaine - La Sentinelle<\/title>\n<meta name=\"robots\" content=\"index, follow, max-snippet:-1, max-image-preview:large, max-video-preview:-1\" \/>\n<link rel=\"canonical\" href=\"https:\/\/lasentinelle.dz\/index.php\/2025\/10\/22\/de-grands-projets-structurants-pour-lintegration-africaine\/\" \/>\n<meta property=\"og:locale\" content=\"fr_FR\" \/>\n<meta property=\"og:type\" content=\"article\" \/>\n<meta property=\"og:title\" content=\"De grands projets structurants pour l\u2019int\u00e9gration africaine - La Sentinelle\" \/>\n<meta property=\"og:description\" content=\"Le ministre du Commerce ext\u00e9rieur et de la Promotion des exportations, Kamel Rezig, a r\u00e9affirm\u00e9 mardi \u00e0 Gen\u00e8ve l&rsquo;engagement de\" \/>\n<meta property=\"og:url\" content=\"https:\/\/lasentinelle.dz\/index.php\/2025\/10\/22\/de-grands-projets-structurants-pour-lintegration-africaine\/\" \/>\n<meta property=\"og:site_name\" content=\"La Sentinelle\" \/>\n<meta property=\"article:publisher\" content=\"https:\/\/www.facebook.com\/La-Sentinelle-104059864394773\" \/>\n<meta property=\"article:published_time\" content=\"2025-10-22T11:12:35+00:00\" \/>\n<meta property=\"article:modified_time\" content=\"2025-10-22T11:12:36+00:00\" \/>\n<meta property=\"og:image\" content=\"https:\/\/lasentinelle.dz\/wp-content\/uploads\/2025\/10\/rezig.webp\" \/>\n\t<meta property=\"og:image:width\" content=\"1600\" \/>\n\t<meta property=\"og:image:height\" content=\"881\" \/>\n\t<meta property=\"og:image:type\" content=\"image\/webp\" \/>\n<meta name=\"author\" content=\"admin\" \/>\n<meta name=\"twitter:card\" content=\"summary_large_image\" \/>\n<meta name=\"twitter:label1\" content=\"\u00c9crit par\" \/>\n\t<meta name=\"twitter:data1\" content=\"admin\" \/>\n\t<meta name=\"twitter:label2\" content=\"Dur\u00e9e de lecture estim\u00e9e\" \/>\n\t<meta name=\"twitter:data2\" content=\"3 minutes\" \/>\n<script type=\"application\/ld+json\" class=\"yoast-schema-graph\">{\"@context\":\"https:\\\/\\\/schema.org\",\"@graph\":[{\"@type\":\"Article\",\"@id\":\"https:\\\/\\\/lasentinelle.dz\\\/index.php\\\/2025\\\/10\\\/22\\\/de-grands-projets-structurants-pour-lintegration-africaine\\\/#article\",\"isPartOf\":{\"@id\":\"https:\\\/\\\/lasentinelle.dz\\\/index.php\\\/2025\\\/10\\\/22\\\/de-grands-projets-structurants-pour-lintegration-africaine\\\/\"},\"author\":{\"name\":\"admin\",\"@id\":\"https:\\\/\\\/lasentinelle.dz\\\/#\\\/schema\\\/person\\\/729ee0024f24e0b8c5ec17232f8e8b41\"},\"headline\":\"De grands projets structurants pour l\u2019int\u00e9gration africaine\",\"datePublished\":\"2025-10-22T11:12:35+00:00\",\"dateModified\":\"2025-10-22T11:12:36+00:00\",\"mainEntityOfPage\":{\"@id\":\"https:\\\/\\\/lasentinelle.dz\\\/index.php\\\/2025\\\/10\\\/22\\\/de-grands-projets-structurants-pour-lintegration-africaine\\\/\"},\"wordCount\":614,\"commentCount\":0,\"publisher\":{\"@id\":\"https:\\\/\\\/lasentinelle.dz\\\/#organization\"},\"image\":{\"@id\":\"https:\\\/\\\/lasentinelle.dz\\\/index.php\\\/2025\\\/10\\\/22\\\/de-grands-projets-structurants-pour-lintegration-africaine\\\/#primaryimage\"},\"thumbnailUrl\":\"https:\\\/\\\/lasentinelle.dz\\\/wp-content\\\/uploads\\\/2025\\\/10\\\/rezig.webp\",\"articleSection\":[\"Actualit\u00e9\"],\"inLanguage\":\"fr-FR\",\"potentialAction\":[{\"@type\":\"CommentAction\",\"name\":\"Comment\",\"target\":[\"https:\\\/\\\/lasentinelle.dz\\\/index.php\\\/2025\\\/10\\\/22\\\/de-grands-projets-structurants-pour-lintegration-africaine\\\/#respond\"]}]},{\"@type\":\"WebPage\",\"@id\":\"https:\\\/\\\/lasentinelle.dz\\\/index.php\\\/2025\\\/10\\\/22\\\/de-grands-projets-structurants-pour-lintegration-africaine\\\/\",\"url\":\"https:\\\/\\\/lasentinelle.dz\\\/index.php\\\/2025\\\/10\\\/22\\\/de-grands-projets-structurants-pour-lintegration-africaine\\\/\",\"name\":\"De grands projets structurants pour l\u2019int\u00e9gration africaine - La Sentinelle\",\"isPartOf\":{\"@id\":\"https:\\\/\\\/lasentinelle.dz\\\/#website\"},\"primaryImageOfPage\":{\"@id\":\"https:\\\/\\\/lasentinelle.dz\\\/index.php\\\/2025\\\/10\\\/22\\\/de-grands-projets-structurants-pour-lintegration-africaine\\\/#primaryimage\"},\"image\":{\"@id\":\"https:\\\/\\\/lasentinelle.dz\\\/index.php\\\/2025\\\/10\\\/22\\\/de-grands-projets-structurants-pour-lintegration-africaine\\\/#primaryimage\"},\"thumbnailUrl\":\"https:\\\/\\\/lasentinelle.dz\\\/wp-content\\\/uploads\\\/2025\\\/10\\\/rezig.webp\",\"datePublished\":\"2025-10-22T11:12:35+00:00\",\"dateModified\":\"2025-10-22T11:12:36+00:00\",\"breadcrumb\":{\"@id\":\"https:\\\/\\\/lasentinelle.dz\\\/index.php\\\/2025\\\/10\\\/22\\\/de-grands-projets-structurants-pour-lintegration-africaine\\\/#breadcrumb\"},\"inLanguage\":\"fr-FR\",\"potentialAction\":[{\"@type\":\"ReadAction\",\"target\":[\"https:\\\/\\\/lasentinelle.dz\\\/index.php\\\/2025\\\/10\\\/22\\\/de-grands-projets-structurants-pour-lintegration-africaine\\\/\"]}]},{\"@type\":\"ImageObject\",\"inLanguage\":\"fr-FR\",\"@id\":\"https:\\\/\\\/lasentinelle.dz\\\/index.php\\\/2025\\\/10\\\/22\\\/de-grands-projets-structurants-pour-lintegration-africaine\\\/#primaryimage\",\"url\":\"https:\\\/\\\/lasentinelle.dz\\\/wp-content\\\/uploads\\\/2025\\\/10\\\/rezig.webp\",\"contentUrl\":\"https:\\\/\\\/lasentinelle.dz\\\/wp-content\\\/uploads\\\/2025\\\/10\\\/rezig.webp\",\"width\":1600,\"height\":881},{\"@type\":\"BreadcrumbList\",\"@id\":\"https:\\\/\\\/lasentinelle.dz\\\/index.php\\\/2025\\\/10\\\/22\\\/de-grands-projets-structurants-pour-lintegration-africaine\\\/#breadcrumb\",\"itemListElement\":[{\"@type\":\"ListItem\",\"position\":1,\"name\":\"Accueil\",\"item\":\"https:\\\/\\\/lasentinelle.dz\\\/\"},{\"@type\":\"ListItem\",\"position\":2,\"name\":\"De grands projets structurants pour l\u2019int\u00e9gration africaine\"}]},{\"@type\":\"WebSite\",\"@id\":\"https:\\\/\\\/lasentinelle.dz\\\/#website\",\"url\":\"https:\\\/\\\/lasentinelle.dz\\\/\",\"name\":\"La Sentinelle\",\"description\":\"Quotidien national d&#039;information\",\"publisher\":{\"@id\":\"https:\\\/\\\/lasentinelle.dz\\\/#organization\"},\"potentialAction\":[{\"@type\":\"SearchAction\",\"target\":{\"@type\":\"EntryPoint\",\"urlTemplate\":\"https:\\\/\\\/lasentinelle.dz\\\/?s={search_term_string}\"},\"query-input\":{\"@type\":\"PropertyValueSpecification\",\"valueRequired\":true,\"valueName\":\"search_term_string\"}}],\"inLanguage\":\"fr-FR\"},{\"@type\":\"Organization\",\"@id\":\"https:\\\/\\\/lasentinelle.dz\\\/#organization\",\"name\":\"Quotidien La Sentinelle\",\"url\":\"https:\\\/\\\/lasentinelle.dz\\\/\",\"logo\":{\"@type\":\"ImageObject\",\"inLanguage\":\"fr-FR\",\"@id\":\"https:\\\/\\\/lasentinelle.dz\\\/#\\\/schema\\\/logo\\\/image\\\/\",\"url\":\"https:\\\/\\\/lasentinelle.dz\\\/wp-content\\\/uploads\\\/2021\\\/09\\\/logo-sentinelleSLOGAN-1.png\",\"contentUrl\":\"https:\\\/\\\/lasentinelle.dz\\\/wp-content\\\/uploads\\\/2021\\\/09\\\/logo-sentinelleSLOGAN-1.png\",\"width\":615,\"height\":142,\"caption\":\"Quotidien La Sentinelle\"},\"image\":{\"@id\":\"https:\\\/\\\/lasentinelle.dz\\\/#\\\/schema\\\/logo\\\/image\\\/\"},\"sameAs\":[\"https:\\\/\\\/www.facebook.com\\\/La-Sentinelle-104059864394773\"]},{\"@type\":\"Person\",\"@id\":\"https:\\\/\\\/lasentinelle.dz\\\/#\\\/schema\\\/person\\\/729ee0024f24e0b8c5ec17232f8e8b41\",\"name\":\"admin\",\"image\":{\"@type\":\"ImageObject\",\"inLanguage\":\"fr-FR\",\"@id\":\"https:\\\/\\\/secure.gravatar.com\\\/avatar\\\/4c81fed838786e9b53f540bf46533e750f5d292099ae3b66cfc6fb1982e29df7?s=96&d=mm&r=g\",\"url\":\"https:\\\/\\\/secure.gravatar.com\\\/avatar\\\/4c81fed838786e9b53f540bf46533e750f5d292099ae3b66cfc6fb1982e29df7?s=96&d=mm&r=g\",\"contentUrl\":\"https:\\\/\\\/secure.gravatar.com\\\/avatar\\\/4c81fed838786e9b53f540bf46533e750f5d292099ae3b66cfc6fb1982e29df7?s=96&d=mm&r=g\",\"caption\":\"admin\"},\"description\":\"admin\",\"url\":\"https:\\\/\\\/lasentinelle.dz\\\/author\\\/admin\\\/\"}]}<\/script>\n<!-- \/ Yoast SEO plugin. -->","yoast_head_json":{"title":"De grands projets structurants pour l\u2019int\u00e9gration africaine - La Sentinelle","robots":{"index":"index","follow":"follow","max-snippet":"max-snippet:-1","max-image-preview":"max-image-preview:large","max-video-preview":"max-video-preview:-1"},"canonical":"https:\/\/lasentinelle.dz\/index.php\/2025\/10\/22\/de-grands-projets-structurants-pour-lintegration-africaine\/","og_locale":"fr_FR","og_type":"article","og_title":"De grands projets structurants pour l\u2019int\u00e9gration africaine - La Sentinelle","og_description":"Le ministre du Commerce ext\u00e9rieur et de la Promotion des exportations, Kamel Rezig, a r\u00e9affirm\u00e9 mardi \u00e0 Gen\u00e8ve l&rsquo;engagement de","og_url":"https:\/\/lasentinelle.dz\/index.php\/2025\/10\/22\/de-grands-projets-structurants-pour-lintegration-africaine\/","og_site_name":"La Sentinelle","article_publisher":"https:\/\/www.facebook.com\/La-Sentinelle-104059864394773","article_published_time":"2025-10-22T11:12:35+00:00","article_modified_time":"2025-10-22T11:12:36+00:00","og_image":[{"width":1600,"height":881,"url":"https:\/\/lasentinelle.dz\/wp-content\/uploads\/2025\/10\/rezig.webp","type":"image\/webp"}],"author":"admin","twitter_card":"summary_large_image","twitter_misc":{"\u00c9crit par":"admin","Dur\u00e9e de lecture estim\u00e9e":"3 minutes"},"schema":{"@context":"https:\/\/schema.org","@graph":[{"@type":"Article","@id":"https:\/\/lasentinelle.dz\/index.php\/2025\/10\/22\/de-grands-projets-structurants-pour-lintegration-africaine\/#article","isPartOf":{"@id":"https:\/\/lasentinelle.dz\/index.php\/2025\/10\/22\/de-grands-projets-structurants-pour-lintegration-africaine\/"},"author":{"name":"admin","@id":"https:\/\/lasentinelle.dz\/#\/schema\/person\/729ee0024f24e0b8c5ec17232f8e8b41"},"headline":"De grands projets structurants pour l\u2019int\u00e9gration africaine","datePublished":"2025-10-22T11:12:35+00:00","dateModified":"2025-10-22T11:12:36+00:00","mainEntityOfPage":{"@id":"https:\/\/lasentinelle.dz\/index.php\/2025\/10\/22\/de-grands-projets-structurants-pour-lintegration-africaine\/"},"wordCount":614,"commentCount":0,"publisher":{"@id":"https:\/\/lasentinelle.dz\/#organization"},"image":{"@id":"https:\/\/lasentinelle.dz\/index.php\/2025\/10\/22\/de-grands-projets-structurants-pour-lintegration-africaine\/#primaryimage"},"thumbnailUrl":"https:\/\/lasentinelle.dz\/wp-content\/uploads\/2025\/10\/rezig.webp","articleSection":["Actualit\u00e9"],"inLanguage":"fr-FR","potentialAction":[{"@type":"CommentAction","name":"Comment","target":["https:\/\/lasentinelle.dz\/index.php\/2025\/10\/22\/de-grands-projets-structurants-pour-lintegration-africaine\/#respond"]}]},{"@type":"WebPage","@id":"https:\/\/lasentinelle.dz\/index.php\/2025\/10\/22\/de-grands-projets-structurants-pour-lintegration-africaine\/","url":"https:\/\/lasentinelle.dz\/index.php\/2025\/10\/22\/de-grands-projets-structurants-pour-lintegration-africaine\/","name":"De grands projets structurants pour l\u2019int\u00e9gration africaine - La Sentinelle","isPartOf":{"@id":"https:\/\/lasentinelle.dz\/#website"},"primaryImageOfPage":{"@id":"https:\/\/lasentinelle.dz\/index.php\/2025\/10\/22\/de-grands-projets-structurants-pour-lintegration-africaine\/#primaryimage"},"image":{"@id":"https:\/\/lasentinelle.dz\/index.php\/2025\/10\/22\/de-grands-projets-structurants-pour-lintegration-africaine\/#primaryimage"},"thumbnailUrl":"https:\/\/lasentinelle.dz\/wp-content\/uploads\/2025\/10\/rezig.webp","datePublished":"2025-10-22T11:12:35+00:00","dateModified":"2025-10-22T11:12:36+00:00","breadcrumb":{"@id":"https:\/\/lasentinelle.dz\/index.php\/2025\/10\/22\/de-grands-projets-structurants-pour-lintegration-africaine\/#breadcrumb"},"inLanguage":"fr-FR","potentialAction":[{"@type":"ReadAction","target":["https:\/\/lasentinelle.dz\/index.php\/2025\/10\/22\/de-grands-projets-structurants-pour-lintegration-africaine\/"]}]},{"@type":"ImageObject","inLanguage":"fr-FR","@id":"https:\/\/lasentinelle.dz\/index.php\/2025\/10\/22\/de-grands-projets-structurants-pour-lintegration-africaine\/#primaryimage","url":"https:\/\/lasentinelle.dz\/wp-content\/uploads\/2025\/10\/rezig.webp","contentUrl":"https:\/\/lasentinelle.dz\/wp-content\/uploads\/2025\/10\/rezig.webp","width":1600,"height":881},{"@type":"BreadcrumbList","@id":"https:\/\/lasentinelle.dz\/index.php\/2025\/10\/22\/de-grands-projets-structurants-pour-lintegration-africaine\/#breadcrumb","itemListElement":[{"@type":"ListItem","position":1,"name":"Accueil","item":"https:\/\/lasentinelle.dz\/"},{"@type":"ListItem","position":2,"name":"De grands projets structurants pour l\u2019int\u00e9gration africaine"}]},{"@type":"WebSite","@id":"https:\/\/lasentinelle.dz\/#website","url":"https:\/\/lasentinelle.dz\/","name":"La Sentinelle","description":"Quotidien national d&#039;information","publisher":{"@id":"https:\/\/lasentinelle.dz\/#organization"},"potentialAction":[{"@type":"SearchAction","target":{"@type":"EntryPoint","urlTemplate":"https:\/\/lasentinelle.dz\/?s={search_term_string}"},"query-input":{"@type":"PropertyValueSpecification","valueRequired":true,"valueName":"search_term_string"}}],"inLanguage":"fr-FR"},{"@type":"Organization","@id":"https:\/\/lasentinelle.dz\/#organization","name":"Quotidien La Sentinelle","url":"https:\/\/lasentinelle.dz\/","logo":{"@type":"ImageObject","inLanguage":"fr-FR","@id":"https:\/\/lasentinelle.dz\/#\/schema\/logo\/image\/","url":"https:\/\/lasentinelle.dz\/wp-content\/uploads\/2021\/09\/logo-sentinelleSLOGAN-1.png","contentUrl":"https:\/\/lasentinelle.dz\/wp-content\/uploads\/2021\/09\/logo-sentinelleSLOGAN-1.png","width":615,"height":142,"caption":"Quotidien La Sentinelle"},"image":{"@id":"https:\/\/lasentinelle.dz\/#\/schema\/logo\/image\/"},"sameAs":["https:\/\/www.facebook.com\/La-Sentinelle-104059864394773"]},{"@type":"Person","@id":"https:\/\/lasentinelle.dz\/#\/schema\/person\/729ee0024f24e0b8c5ec17232f8e8b41","name":"admin","image":{"@type":"ImageObject","inLanguage":"fr-FR","@id":"https:\/\/secure.gravatar.com\/avatar\/4c81fed838786e9b53f540bf46533e750f5d292099ae3b66cfc6fb1982e29df7?s=96&d=mm&r=g","url":"https:\/\/secure.gravatar.com\/avatar\/4c81fed838786e9b53f540bf46533e750f5d292099ae3b66cfc6fb1982e29df7?s=96&d=mm&r=g","contentUrl":"https:\/\/secure.gravatar.com\/avatar\/4c81fed838786e9b53f540bf46533e750f5d292099ae3b66cfc6fb1982e29df7?s=96&d=mm&r=g","caption":"admin"},"description":"admin","url":"https:\/\/lasentinelle.dz\/author\/admin\/"}]}},"_links":{"self":[{"href":"https:\/\/lasentinelle.dz\/index.php\/wp-json\/wp\/v2\/posts\/75118","targetHints":{"allow":["GET"]}}],"collection":[{"href":"https:\/\/lasentinelle.dz\/index.php\/wp-json\/wp\/v2\/posts"}],"about":[{"href":"https:\/\/lasentinelle.dz\/index.php\/wp-json\/wp\/v2\/types\/post"}],"author":[{"embeddable":true,"href":"https:\/\/lasentinelle.dz\/index.php\/wp-json\/wp\/v2\/users\/6"}],"replies":[{"embeddable":true,"href":"https:\/\/lasentinelle.dz\/index.php\/wp-json\/wp\/v2\/comments?post=75118"}],"version-history":[{"count":1,"href":"https:\/\/lasentinelle.dz\/index.php\/wp-json\/wp\/v2\/posts\/75118\/revisions"}],"predecessor-version":[{"id":75120,"href":"https:\/\/lasentinelle.dz\/index.php\/wp-json\/wp\/v2\/posts\/75118\/revisions\/75120"}],"wp:featuredmedia":[{"embeddable":true,"href":"https:\/\/lasentinelle.dz\/index.php\/wp-json\/wp\/v2\/media\/75119"}],"wp:attachment":[{"href":"https:\/\/lasentinelle.dz\/index.php\/wp-json\/wp\/v2\/media?parent=75118"}],"wp:term":[{"taxonomy":"category","embeddable":true,"href":"https:\/\/lasentinelle.dz\/index.php\/wp-json\/wp\/v2\/categories?post=75118"},{"taxonomy":"post_tag","embeddable":true,"href":"https:\/\/lasentinelle.dz\/index.php\/wp-json\/wp\/v2\/tags?post=75118"}],"curies":[{"name":"wp","href":"https:\/\/api.w.org\/{rel}","templated":true}]}}