{"id":75121,"date":"2025-10-22T12:13:21","date_gmt":"2025-10-22T11:13:21","guid":{"rendered":"https:\/\/lasentinelle.dz\/?p=75121"},"modified":"2025-10-22T12:13:22","modified_gmt":"2025-10-22T11:13:22","slug":"air-algerie-prend-de-laltitude","status":"publish","type":"post","link":"https:\/\/lasentinelle.dz\/index.php\/2025\/10\/22\/air-algerie-prend-de-laltitude\/","title":{"rendered":"Air Alg\u00e9rie prend de l&rsquo;altitude"},"content":{"rendered":"\n<p>L&rsquo;inauguration de cette nouvelle ligne a\u00e9rienne intervient dans un contexte de forte expansion pour le transporteur national, qui affiche une croissance soutenue de son trafic passagers et multiplie les dessertes vers les capitales du continent.<\/p>\n\n\n\n<p>Air Alg\u00e9rie a inaugur\u00e9 mardi une nouvelle liaison reliant Alger \u00e0 N&rsquo;Djamena via Douala, marquant une nouvelle \u00e9tape dans son ambition de devenir un acteur incontournable du transport a\u00e9rien continental. Cette ouverture, d\u00e9cid\u00e9e sur instruction du pr\u00e9sident Abdelmadjid Tebboune lors de la Foire commerciale intra-africaine en septembre dernier, illustre la volont\u00e9 alg\u00e9rienne de transformer sa position g\u00e9ographique en levier \u00e9conomique et de s&rsquo;imposer comme hub r\u00e9gional au service des \u00e9changes interafricains. L&rsquo;inauguration de cette nouvelle ligne a\u00e9rienne intervient dans un contexte de forte expansion pour le transporteur national, qui affiche une croissance soutenue de son trafic passagers et multiplie les dessertes vers les capitales du continent. Au-del\u00e0 des enjeux purement commerciaux, cette liaison incarne la strat\u00e9gie des pouvoirs publics visant \u00e0 ancrer l&rsquo;Alg\u00e9rie dans sa profondeur africaine et \u00e0 intensifier les relations \u00e9conomiques Sud-Sud, conform\u00e9ment aux orientations r\u00e9p\u00e9t\u00e9es du chef de l&rsquo;\u00c9tat sur la n\u00e9cessit\u00e9 d&rsquo;exploiter pleinement les potentialit\u00e9s du continent.<\/p>\n\n\n\n<p><strong>Un corridor a\u00e9rien aux retomb\u00e9es \u00e9conomiques multiples<\/strong><\/p>\n\n\n\n<p>La ligne Alger-N&rsquo;Djamena, qui transite par la capitale camerounaise Douala, ouvre de nouvelles perspectives aux \u00e9changes \u00e9conomiques entre l&rsquo;Alg\u00e9rie et les pays africains, tout en intensifiant le trafic passagers. Cette configuration triangulaire pr\u00e9sente un atout majeur pour Air Alg\u00e9rie : le b\u00e9n\u00e9fice du \u00ab\u00a0droit de la cinqui\u00e8me libert\u00e9 a\u00e9rienne\u00a0\u00bb, qui lui permet d&rsquo;assurer des vols r\u00e9guliers entre Alger et N&rsquo;Djamena, avec une escale \u00e0 Douala, et d&rsquo;offrir aux passagers la possibilit\u00e9 d&rsquo;acqu\u00e9rir des billets pour voyager entre la ville camerounaise et la capitale tchadienne, \u00e0 l&rsquo;aller comme au retour. Cette libert\u00e9 commerciale transforme le transporteur alg\u00e9rien en op\u00e9rateur r\u00e9gional \u00e0 part enti\u00e8re, capable de g\u00e9n\u00e9rer des revenus sur des segments purement intra-africains. Le lancement de cette liaison s&rsquo;inscrit dans l&rsquo;application directe des directives pr\u00e9sidentielles formul\u00e9es lors de la Foire commerciale intra-africaine tenue d\u00e9but septembre \u00e0 Alger. Le pr\u00e9sident Tebboune avait alors \u00ab\u00a0ordonn\u00e9 l&rsquo;ouverture d&rsquo;une ligne a\u00e9rienne directe vers la capitale tchadienne et son inscription parmi les priorit\u00e9s d&rsquo;Air Alg\u00e9rie, en vue de resserrer les liens entre les peuples des deux pays\u00a0\u00bb. Cette d\u00e9cision politique traduit une vision strat\u00e9gique claire : faire du transport a\u00e9rien un vecteur de rapprochement \u00e9conomique et humain entre nations africaines, au-del\u00e0 des simples consid\u00e9rations de rentabilit\u00e9 imm\u00e9diate. La nouvelle route contribuera \u00e0 \u00ab\u00a0renforcer les relations de coop\u00e9ration, d&rsquo;\u00e9changes \u00e9conomiques, commerciaux et culturels avec la R\u00e9publique du Tchad, tout en facilitant les d\u00e9placements des voyageurs de et vers les capitales des deux pays\u00a0\u00bb. Pour Air Alg\u00e9rie, cette ouverture constitue une nouvelle d\u00e9marche dans la strat\u00e9gie de la compagnie nationale visant \u00e0 \u00e9largir son r\u00e9seau africain, et \u00e0 ancrer le r\u00f4le de l&rsquo;Alg\u00e9rie comme hub r\u00e9gional du transport a\u00e9rien, en r\u00e9ponse aux aspirations de sa client\u00e8le. Elle repr\u00e9sente \u00e9galement \u00ab\u00a0un atout suppl\u00e9mentaire\u00a0\u00bb pour un transporteur qui aspire \u00e0 \u00ab\u00a0devenir leader du transport a\u00e9rien en Afrique\u00a0\u00bb, selon les d\u00e9clarations pr\u00e9c\u00e9dentes du PDG Hamza Benhamouda.<\/p>\n\n\n\n<p><strong>Une dynamique de croissance port\u00e9e par l&rsquo;expansion continentale<\/strong><\/p>\n\n\n\n<p>Les chiffres t\u00e9moignent de la vitalit\u00e9 retrouv\u00e9e de la compagnie nationale. Air Alg\u00e9rie a enregistr\u00e9 \u00ab\u00a0une croissance de 34% du trafic des passagers entre 2019 et 2024, une dynamique qui s&rsquo;est poursuivie en 2025\u00a0\u00bb. Durant le premier semestre de l&rsquo;ann\u00e9e en cours, le transporteur a achemin\u00e9 3,9 millions de passagers, \u00ab\u00a0soit une hausse de 8,3% par rapport \u00e0 la m\u00eame p\u00e9riode de l&rsquo;ann\u00e9e pr\u00e9c\u00e9dente\u00a0\u00bb, selon un bilan r\u00e9cemment publi\u00e9. Sur le seul r\u00e9seau domestique, plus de 1,3 million de passagers ont \u00e9t\u00e9 transport\u00e9s entre janvier et juin, contre 1,2 million durant la m\u00eame p\u00e9riode en 2024, repr\u00e9sentant une progression de 8,33%. Le nombre de vols effectu\u00e9s sur le r\u00e9seau int\u00e9rieur a atteint \u00ab\u00a0pr\u00e8s de 40.000, en hausse de 2,5%\u00a0\u00bb.Cette performance s&rsquo;appuie sur une strat\u00e9gie commerciale exploitant la position g\u00e9ographique strat\u00e9gique et la vaste superficie de l&rsquo;Alg\u00e9rie, ainsi que sur ses fronti\u00e8res terrestres avec sept pays et son r\u00f4le de porte d&rsquo;entr\u00e9e vers l&rsquo;Europe, autant d&rsquo;atouts qui renforcent sa profondeur africaine et en font un point d&rsquo;acc\u00e8s privil\u00e9gi\u00e9 aux march\u00e9s du continent. La multiplication des liaisons africaines r\u00e9pond directement aux orientations pr\u00e9sidentielles. Le chef de l&rsquo;\u00c9tat a soulign\u00e9 \u00e0 maintes reprises, l&rsquo;importance de s&rsquo;orienter vers le continent africain et la n\u00e9cessit\u00e9 de trouver les moyens permettant de tirer pleinement profit de ses potentialit\u00e9s et de ses ressources, afin d&rsquo;accro\u00eetre les \u00e9changes commerciaux interafricains, conform\u00e9ment aux aspirations des peuples du continent.<\/p>\n\n\n\n<p>Dans cette optique, Air Alg\u00e9rie a ouvert ces derni\u00e8res ann\u00e9es plusieurs liaisons vers des capitales africaines, la plus r\u00e9cente avant N&rsquo;Djamena \u00e9tant la ligne Alger-Abuja inaugur\u00e9e en avril dernier. Pour soutenir cette expansion, la compagnie a lanc\u00e9 un programme d&rsquo;acquisition de nouveaux avions pour renforcer sa flotte, notamment apr\u00e8s la signature, en mai 2023, de deux contrats avec des constructeurs a\u00e9ronautiques, dans le cadre d&rsquo;un plan visant \u00e0 consolider sa flotte et son r\u00e9seau international. L&rsquo;enjeu d\u00e9passe le cadre strictement a\u00e9ronautique. L&rsquo;Alg\u00e9rie mise sur l&rsquo;augmentation de ses \u00e9changes commerciaux interafricains, particuli\u00e8rement suite \u00e0 la quatri\u00e8me \u00e9dition de l&rsquo;IATF, marqu\u00e9e par une participation record des pays et entreprises exposantes. Cet \u00e9v\u00e9nement a permis \u00e0 l&rsquo;Alg\u00e9rie de remporter plus du quart des accords conclus, d&rsquo;une valeur d\u00e9passant 11,4 milliards de dollars sur un total de plus de 48,3 milliards de dollars. La nouvelle ligne N&rsquo;Djamena s&rsquo;inscrit pleinement dans cette dynamique de conqu\u00eate \u00e9conomique du continent.<\/p>\n\n\n\n<p>Amar Malki<\/p>\n","protected":false},"excerpt":{"rendered":"<p>L&rsquo;inauguration de cette nouvelle ligne a\u00e9rienne intervient dans un contexte de forte expansion pour le transporteur national, qui affiche une<\/p>\n","protected":false},"author":6,"featured_media":75122,"comment_status":"open","ping_status":"closed","sticky":false,"template":"","format":"standard","meta":{"colormag_page_container_layout":"default_layout","colormag_page_sidebar_layout":"default_layout","om_disable_all_campaigns":false,"_monsterinsights_skip_tracking":false,"_monsterinsights_sitenote_active":false,"_monsterinsights_sitenote_note":"","_monsterinsights_sitenote_category":0,"footnotes":"","_wpscppro_dont_share_socialmedia":false,"_wpscppro_custom_social_share_image":0,"_facebook_share_type":"default","_twitter_share_type":"default","_linkedin_share_type":"default","_pinterest_share_type":"default","_linkedin_share_type_page":"","_instagram_share_type":"default","_medium_share_type":"default","_threads_share_type":"default","_google_business_share_type":"default","_selected_social_profile":[],"_wpsp_enable_custom_social_template":false,"_wpsp_social_scheduling":{"enabled":false,"datetime":null,"platforms":[],"status":"template_only","dateOption":"today","timeOption":"now","customDays":"","customHours":"","customDate":"","customTime":"","schedulingType":"absolute"},"_wpsp_active_default_template":true},"categories":[52,27],"tags":[],"class_list":["post-75121","post","type-post","status-publish","format-standard","has-post-thumbnail","hentry","category-a-la-une","category-actualite"],"aioseo_notices":[],"yoast_head":"<!-- This site is optimized with the Yoast SEO plugin v27.4 - https:\/\/yoast.com\/product\/yoast-seo-wordpress\/ -->\n<title>Air Alg\u00e9rie prend de l&rsquo;altitude - La Sentinelle<\/title>\n<meta name=\"robots\" content=\"index, follow, max-snippet:-1, max-image-preview:large, max-video-preview:-1\" \/>\n<link rel=\"canonical\" href=\"https:\/\/lasentinelle.dz\/index.php\/2025\/10\/22\/air-algerie-prend-de-laltitude\/\" \/>\n<meta property=\"og:locale\" content=\"fr_FR\" \/>\n<meta property=\"og:type\" content=\"article\" \/>\n<meta property=\"og:title\" content=\"Air Alg\u00e9rie prend de l&rsquo;altitude - La Sentinelle\" \/>\n<meta property=\"og:description\" content=\"L&rsquo;inauguration de cette nouvelle ligne a\u00e9rienne intervient dans un contexte de forte expansion pour le transporteur national, qui affiche une\" \/>\n<meta property=\"og:url\" content=\"https:\/\/lasentinelle.dz\/index.php\/2025\/10\/22\/air-algerie-prend-de-laltitude\/\" \/>\n<meta property=\"og:site_name\" content=\"La Sentinelle\" \/>\n<meta property=\"article:publisher\" content=\"https:\/\/www.facebook.com\/La-Sentinelle-104059864394773\" \/>\n<meta property=\"article:published_time\" content=\"2025-10-22T11:13:21+00:00\" \/>\n<meta property=\"article:modified_time\" content=\"2025-10-22T11:13:22+00:00\" \/>\n<meta property=\"og:image\" content=\"https:\/\/lasentinelle.dz\/wp-content\/uploads\/2025\/10\/Air-Algerie.jpg\" \/>\n\t<meta property=\"og:image:width\" content=\"1813\" \/>\n\t<meta property=\"og:image:height\" content=\"1314\" \/>\n\t<meta property=\"og:image:type\" content=\"image\/jpeg\" \/>\n<meta name=\"author\" content=\"admin\" \/>\n<meta name=\"twitter:card\" content=\"summary_large_image\" \/>\n<meta name=\"twitter:label1\" content=\"\u00c9crit par\" \/>\n\t<meta name=\"twitter:data1\" content=\"admin\" \/>\n\t<meta name=\"twitter:label2\" content=\"Dur\u00e9e de lecture estim\u00e9e\" \/>\n\t<meta name=\"twitter:data2\" content=\"5 minutes\" \/>\n<script type=\"application\/ld+json\" class=\"yoast-schema-graph\">{\"@context\":\"https:\\\/\\\/schema.org\",\"@graph\":[{\"@type\":\"Article\",\"@id\":\"https:\\\/\\\/lasentinelle.dz\\\/index.php\\\/2025\\\/10\\\/22\\\/air-algerie-prend-de-laltitude\\\/#article\",\"isPartOf\":{\"@id\":\"https:\\\/\\\/lasentinelle.dz\\\/index.php\\\/2025\\\/10\\\/22\\\/air-algerie-prend-de-laltitude\\\/\"},\"author\":{\"name\":\"admin\",\"@id\":\"https:\\\/\\\/lasentinelle.dz\\\/#\\\/schema\\\/person\\\/729ee0024f24e0b8c5ec17232f8e8b41\"},\"headline\":\"Air Alg\u00e9rie prend de l&rsquo;altitude\",\"datePublished\":\"2025-10-22T11:13:21+00:00\",\"dateModified\":\"2025-10-22T11:13:22+00:00\",\"mainEntityOfPage\":{\"@id\":\"https:\\\/\\\/lasentinelle.dz\\\/index.php\\\/2025\\\/10\\\/22\\\/air-algerie-prend-de-laltitude\\\/\"},\"wordCount\":1032,\"commentCount\":0,\"publisher\":{\"@id\":\"https:\\\/\\\/lasentinelle.dz\\\/#organization\"},\"image\":{\"@id\":\"https:\\\/\\\/lasentinelle.dz\\\/index.php\\\/2025\\\/10\\\/22\\\/air-algerie-prend-de-laltitude\\\/#primaryimage\"},\"thumbnailUrl\":\"https:\\\/\\\/lasentinelle.dz\\\/wp-content\\\/uploads\\\/2025\\\/10\\\/Air-Algerie.jpg\",\"articleSection\":[\"\u00c0 la Une\",\"Actualit\u00e9\"],\"inLanguage\":\"fr-FR\",\"potentialAction\":[{\"@type\":\"CommentAction\",\"name\":\"Comment\",\"target\":[\"https:\\\/\\\/lasentinelle.dz\\\/index.php\\\/2025\\\/10\\\/22\\\/air-algerie-prend-de-laltitude\\\/#respond\"]}]},{\"@type\":\"WebPage\",\"@id\":\"https:\\\/\\\/lasentinelle.dz\\\/index.php\\\/2025\\\/10\\\/22\\\/air-algerie-prend-de-laltitude\\\/\",\"url\":\"https:\\\/\\\/lasentinelle.dz\\\/index.php\\\/2025\\\/10\\\/22\\\/air-algerie-prend-de-laltitude\\\/\",\"name\":\"Air Alg\u00e9rie prend de l&rsquo;altitude - La Sentinelle\",\"isPartOf\":{\"@id\":\"https:\\\/\\\/lasentinelle.dz\\\/#website\"},\"primaryImageOfPage\":{\"@id\":\"https:\\\/\\\/lasentinelle.dz\\\/index.php\\\/2025\\\/10\\\/22\\\/air-algerie-prend-de-laltitude\\\/#primaryimage\"},\"image\":{\"@id\":\"https:\\\/\\\/lasentinelle.dz\\\/index.php\\\/2025\\\/10\\\/22\\\/air-algerie-prend-de-laltitude\\\/#primaryimage\"},\"thumbnailUrl\":\"https:\\\/\\\/lasentinelle.dz\\\/wp-content\\\/uploads\\\/2025\\\/10\\\/Air-Algerie.jpg\",\"datePublished\":\"2025-10-22T11:13:21+00:00\",\"dateModified\":\"2025-10-22T11:13:22+00:00\",\"breadcrumb\":{\"@id\":\"https:\\\/\\\/lasentinelle.dz\\\/index.php\\\/2025\\\/10\\\/22\\\/air-algerie-prend-de-laltitude\\\/#breadcrumb\"},\"inLanguage\":\"fr-FR\",\"potentialAction\":[{\"@type\":\"ReadAction\",\"target\":[\"https:\\\/\\\/lasentinelle.dz\\\/index.php\\\/2025\\\/10\\\/22\\\/air-algerie-prend-de-laltitude\\\/\"]}]},{\"@type\":\"ImageObject\",\"inLanguage\":\"fr-FR\",\"@id\":\"https:\\\/\\\/lasentinelle.dz\\\/index.php\\\/2025\\\/10\\\/22\\\/air-algerie-prend-de-laltitude\\\/#primaryimage\",\"url\":\"https:\\\/\\\/lasentinelle.dz\\\/wp-content\\\/uploads\\\/2025\\\/10\\\/Air-Algerie.jpg\",\"contentUrl\":\"https:\\\/\\\/lasentinelle.dz\\\/wp-content\\\/uploads\\\/2025\\\/10\\\/Air-Algerie.jpg\",\"width\":1813,\"height\":1314},{\"@type\":\"BreadcrumbList\",\"@id\":\"https:\\\/\\\/lasentinelle.dz\\\/index.php\\\/2025\\\/10\\\/22\\\/air-algerie-prend-de-laltitude\\\/#breadcrumb\",\"itemListElement\":[{\"@type\":\"ListItem\",\"position\":1,\"name\":\"Accueil\",\"item\":\"https:\\\/\\\/lasentinelle.dz\\\/\"},{\"@type\":\"ListItem\",\"position\":2,\"name\":\"Air Alg\u00e9rie prend de l&rsquo;altitude\"}]},{\"@type\":\"WebSite\",\"@id\":\"https:\\\/\\\/lasentinelle.dz\\\/#website\",\"url\":\"https:\\\/\\\/lasentinelle.dz\\\/\",\"name\":\"La Sentinelle\",\"description\":\"Quotidien national d&#039;information\",\"publisher\":{\"@id\":\"https:\\\/\\\/lasentinelle.dz\\\/#organization\"},\"potentialAction\":[{\"@type\":\"SearchAction\",\"target\":{\"@type\":\"EntryPoint\",\"urlTemplate\":\"https:\\\/\\\/lasentinelle.dz\\\/?s={search_term_string}\"},\"query-input\":{\"@type\":\"PropertyValueSpecification\",\"valueRequired\":true,\"valueName\":\"search_term_string\"}}],\"inLanguage\":\"fr-FR\"},{\"@type\":\"Organization\",\"@id\":\"https:\\\/\\\/lasentinelle.dz\\\/#organization\",\"name\":\"Quotidien La Sentinelle\",\"url\":\"https:\\\/\\\/lasentinelle.dz\\\/\",\"logo\":{\"@type\":\"ImageObject\",\"inLanguage\":\"fr-FR\",\"@id\":\"https:\\\/\\\/lasentinelle.dz\\\/#\\\/schema\\\/logo\\\/image\\\/\",\"url\":\"https:\\\/\\\/lasentinelle.dz\\\/wp-content\\\/uploads\\\/2021\\\/09\\\/logo-sentinelleSLOGAN-1.png\",\"contentUrl\":\"https:\\\/\\\/lasentinelle.dz\\\/wp-content\\\/uploads\\\/2021\\\/09\\\/logo-sentinelleSLOGAN-1.png\",\"width\":615,\"height\":142,\"caption\":\"Quotidien La Sentinelle\"},\"image\":{\"@id\":\"https:\\\/\\\/lasentinelle.dz\\\/#\\\/schema\\\/logo\\\/image\\\/\"},\"sameAs\":[\"https:\\\/\\\/www.facebook.com\\\/La-Sentinelle-104059864394773\"]},{\"@type\":\"Person\",\"@id\":\"https:\\\/\\\/lasentinelle.dz\\\/#\\\/schema\\\/person\\\/729ee0024f24e0b8c5ec17232f8e8b41\",\"name\":\"admin\",\"image\":{\"@type\":\"ImageObject\",\"inLanguage\":\"fr-FR\",\"@id\":\"https:\\\/\\\/secure.gravatar.com\\\/avatar\\\/4c81fed838786e9b53f540bf46533e750f5d292099ae3b66cfc6fb1982e29df7?s=96&d=mm&r=g\",\"url\":\"https:\\\/\\\/secure.gravatar.com\\\/avatar\\\/4c81fed838786e9b53f540bf46533e750f5d292099ae3b66cfc6fb1982e29df7?s=96&d=mm&r=g\",\"contentUrl\":\"https:\\\/\\\/secure.gravatar.com\\\/avatar\\\/4c81fed838786e9b53f540bf46533e750f5d292099ae3b66cfc6fb1982e29df7?s=96&d=mm&r=g\",\"caption\":\"admin\"},\"description\":\"admin\",\"url\":\"https:\\\/\\\/lasentinelle.dz\\\/author\\\/admin\\\/\"}]}<\/script>\n<!-- \/ Yoast SEO plugin. -->","yoast_head_json":{"title":"Air Alg\u00e9rie prend de l&rsquo;altitude - La Sentinelle","robots":{"index":"index","follow":"follow","max-snippet":"max-snippet:-1","max-image-preview":"max-image-preview:large","max-video-preview":"max-video-preview:-1"},"canonical":"https:\/\/lasentinelle.dz\/index.php\/2025\/10\/22\/air-algerie-prend-de-laltitude\/","og_locale":"fr_FR","og_type":"article","og_title":"Air Alg\u00e9rie prend de l&rsquo;altitude - La Sentinelle","og_description":"L&rsquo;inauguration de cette nouvelle ligne a\u00e9rienne intervient dans un contexte de forte expansion pour le transporteur national, qui affiche une","og_url":"https:\/\/lasentinelle.dz\/index.php\/2025\/10\/22\/air-algerie-prend-de-laltitude\/","og_site_name":"La Sentinelle","article_publisher":"https:\/\/www.facebook.com\/La-Sentinelle-104059864394773","article_published_time":"2025-10-22T11:13:21+00:00","article_modified_time":"2025-10-22T11:13:22+00:00","og_image":[{"width":1813,"height":1314,"url":"https:\/\/lasentinelle.dz\/wp-content\/uploads\/2025\/10\/Air-Algerie.jpg","type":"image\/jpeg"}],"author":"admin","twitter_card":"summary_large_image","twitter_misc":{"\u00c9crit par":"admin","Dur\u00e9e de lecture estim\u00e9e":"5 minutes"},"schema":{"@context":"https:\/\/schema.org","@graph":[{"@type":"Article","@id":"https:\/\/lasentinelle.dz\/index.php\/2025\/10\/22\/air-algerie-prend-de-laltitude\/#article","isPartOf":{"@id":"https:\/\/lasentinelle.dz\/index.php\/2025\/10\/22\/air-algerie-prend-de-laltitude\/"},"author":{"name":"admin","@id":"https:\/\/lasentinelle.dz\/#\/schema\/person\/729ee0024f24e0b8c5ec17232f8e8b41"},"headline":"Air Alg\u00e9rie prend de l&rsquo;altitude","datePublished":"2025-10-22T11:13:21+00:00","dateModified":"2025-10-22T11:13:22+00:00","mainEntityOfPage":{"@id":"https:\/\/lasentinelle.dz\/index.php\/2025\/10\/22\/air-algerie-prend-de-laltitude\/"},"wordCount":1032,"commentCount":0,"publisher":{"@id":"https:\/\/lasentinelle.dz\/#organization"},"image":{"@id":"https:\/\/lasentinelle.dz\/index.php\/2025\/10\/22\/air-algerie-prend-de-laltitude\/#primaryimage"},"thumbnailUrl":"https:\/\/lasentinelle.dz\/wp-content\/uploads\/2025\/10\/Air-Algerie.jpg","articleSection":["\u00c0 la Une","Actualit\u00e9"],"inLanguage":"fr-FR","potentialAction":[{"@type":"CommentAction","name":"Comment","target":["https:\/\/lasentinelle.dz\/index.php\/2025\/10\/22\/air-algerie-prend-de-laltitude\/#respond"]}]},{"@type":"WebPage","@id":"https:\/\/lasentinelle.dz\/index.php\/2025\/10\/22\/air-algerie-prend-de-laltitude\/","url":"https:\/\/lasentinelle.dz\/index.php\/2025\/10\/22\/air-algerie-prend-de-laltitude\/","name":"Air Alg\u00e9rie prend de l&rsquo;altitude - La Sentinelle","isPartOf":{"@id":"https:\/\/lasentinelle.dz\/#website"},"primaryImageOfPage":{"@id":"https:\/\/lasentinelle.dz\/index.php\/2025\/10\/22\/air-algerie-prend-de-laltitude\/#primaryimage"},"image":{"@id":"https:\/\/lasentinelle.dz\/index.php\/2025\/10\/22\/air-algerie-prend-de-laltitude\/#primaryimage"},"thumbnailUrl":"https:\/\/lasentinelle.dz\/wp-content\/uploads\/2025\/10\/Air-Algerie.jpg","datePublished":"2025-10-22T11:13:21+00:00","dateModified":"2025-10-22T11:13:22+00:00","breadcrumb":{"@id":"https:\/\/lasentinelle.dz\/index.php\/2025\/10\/22\/air-algerie-prend-de-laltitude\/#breadcrumb"},"inLanguage":"fr-FR","potentialAction":[{"@type":"ReadAction","target":["https:\/\/lasentinelle.dz\/index.php\/2025\/10\/22\/air-algerie-prend-de-laltitude\/"]}]},{"@type":"ImageObject","inLanguage":"fr-FR","@id":"https:\/\/lasentinelle.dz\/index.php\/2025\/10\/22\/air-algerie-prend-de-laltitude\/#primaryimage","url":"https:\/\/lasentinelle.dz\/wp-content\/uploads\/2025\/10\/Air-Algerie.jpg","contentUrl":"https:\/\/lasentinelle.dz\/wp-content\/uploads\/2025\/10\/Air-Algerie.jpg","width":1813,"height":1314},{"@type":"BreadcrumbList","@id":"https:\/\/lasentinelle.dz\/index.php\/2025\/10\/22\/air-algerie-prend-de-laltitude\/#breadcrumb","itemListElement":[{"@type":"ListItem","position":1,"name":"Accueil","item":"https:\/\/lasentinelle.dz\/"},{"@type":"ListItem","position":2,"name":"Air Alg\u00e9rie prend de l&rsquo;altitude"}]},{"@type":"WebSite","@id":"https:\/\/lasentinelle.dz\/#website","url":"https:\/\/lasentinelle.dz\/","name":"La Sentinelle","description":"Quotidien national d&#039;information","publisher":{"@id":"https:\/\/lasentinelle.dz\/#organization"},"potentialAction":[{"@type":"SearchAction","target":{"@type":"EntryPoint","urlTemplate":"https:\/\/lasentinelle.dz\/?s={search_term_string}"},"query-input":{"@type":"PropertyValueSpecification","valueRequired":true,"valueName":"search_term_string"}}],"inLanguage":"fr-FR"},{"@type":"Organization","@id":"https:\/\/lasentinelle.dz\/#organization","name":"Quotidien La Sentinelle","url":"https:\/\/lasentinelle.dz\/","logo":{"@type":"ImageObject","inLanguage":"fr-FR","@id":"https:\/\/lasentinelle.dz\/#\/schema\/logo\/image\/","url":"https:\/\/lasentinelle.dz\/wp-content\/uploads\/2021\/09\/logo-sentinelleSLOGAN-1.png","contentUrl":"https:\/\/lasentinelle.dz\/wp-content\/uploads\/2021\/09\/logo-sentinelleSLOGAN-1.png","width":615,"height":142,"caption":"Quotidien La Sentinelle"},"image":{"@id":"https:\/\/lasentinelle.dz\/#\/schema\/logo\/image\/"},"sameAs":["https:\/\/www.facebook.com\/La-Sentinelle-104059864394773"]},{"@type":"Person","@id":"https:\/\/lasentinelle.dz\/#\/schema\/person\/729ee0024f24e0b8c5ec17232f8e8b41","name":"admin","image":{"@type":"ImageObject","inLanguage":"fr-FR","@id":"https:\/\/secure.gravatar.com\/avatar\/4c81fed838786e9b53f540bf46533e750f5d292099ae3b66cfc6fb1982e29df7?s=96&d=mm&r=g","url":"https:\/\/secure.gravatar.com\/avatar\/4c81fed838786e9b53f540bf46533e750f5d292099ae3b66cfc6fb1982e29df7?s=96&d=mm&r=g","contentUrl":"https:\/\/secure.gravatar.com\/avatar\/4c81fed838786e9b53f540bf46533e750f5d292099ae3b66cfc6fb1982e29df7?s=96&d=mm&r=g","caption":"admin"},"description":"admin","url":"https:\/\/lasentinelle.dz\/author\/admin\/"}]}},"_links":{"self":[{"href":"https:\/\/lasentinelle.dz\/index.php\/wp-json\/wp\/v2\/posts\/75121","targetHints":{"allow":["GET"]}}],"collection":[{"href":"https:\/\/lasentinelle.dz\/index.php\/wp-json\/wp\/v2\/posts"}],"about":[{"href":"https:\/\/lasentinelle.dz\/index.php\/wp-json\/wp\/v2\/types\/post"}],"author":[{"embeddable":true,"href":"https:\/\/lasentinelle.dz\/index.php\/wp-json\/wp\/v2\/users\/6"}],"replies":[{"embeddable":true,"href":"https:\/\/lasentinelle.dz\/index.php\/wp-json\/wp\/v2\/comments?post=75121"}],"version-history":[{"count":2,"href":"https:\/\/lasentinelle.dz\/index.php\/wp-json\/wp\/v2\/posts\/75121\/revisions"}],"predecessor-version":[{"id":75124,"href":"https:\/\/lasentinelle.dz\/index.php\/wp-json\/wp\/v2\/posts\/75121\/revisions\/75124"}],"wp:featuredmedia":[{"embeddable":true,"href":"https:\/\/lasentinelle.dz\/index.php\/wp-json\/wp\/v2\/media\/75122"}],"wp:attachment":[{"href":"https:\/\/lasentinelle.dz\/index.php\/wp-json\/wp\/v2\/media?parent=75121"}],"wp:term":[{"taxonomy":"category","embeddable":true,"href":"https:\/\/lasentinelle.dz\/index.php\/wp-json\/wp\/v2\/categories?post=75121"},{"taxonomy":"post_tag","embeddable":true,"href":"https:\/\/lasentinelle.dz\/index.php\/wp-json\/wp\/v2\/tags?post=75121"}],"curies":[{"name":"wp","href":"https:\/\/api.w.org\/{rel}","templated":true}]}}