{"id":75134,"date":"2025-10-22T19:15:07","date_gmt":"2025-10-22T18:15:07","guid":{"rendered":"https:\/\/lasentinelle.dz\/?p=75134"},"modified":"2025-10-22T19:15:08","modified_gmt":"2025-10-22T18:15:08","slug":"cooperation-culturelle-algero-mauritanienne-lancement-dun-projet-de-parcs-culturels","status":"publish","type":"post","link":"https:\/\/lasentinelle.dz\/index.php\/2025\/10\/22\/cooperation-culturelle-algero-mauritanienne-lancement-dun-projet-de-parcs-culturels\/","title":{"rendered":"Coop\u00e9ration culturelle alg\u00e9ro-mauritanienne\u00a0: Lancement d&rsquo;un projet de parcs culturels"},"content":{"rendered":"\n<p>Une mission d&rsquo;experts alg\u00e9riens du minist\u00e8re de la Culture et des Arts s&rsquo;est rendue en Mauritanie du 13 au 20 septembre 2025 pour contribuer au lancement d&rsquo;un projet de cr\u00e9ation de deux parcs culturels dans les wilayas d&rsquo;Adrar et de Tagant. Le projet s&rsquo;inscrit dans le cadre d&rsquo;un partenariat scientifique qui vise \u00e0 transf\u00e9rer l&rsquo;expertise alg\u00e9rienne en gestion des parcs culturels et \u00e0 en faire des outils de d\u00e9veloppement durable et des laboratoires vivants pour la sauvegarde de la m\u00e9moire collective et le renforcement de l&rsquo;identit\u00e9 africaine. La mission alg\u00e9rienne, accompagn\u00e9e de ses homologues du minist\u00e8re mauritanien de la Culture et des Arts, a pu constater la richesse exceptionnelle des territoires concern\u00e9s, o\u00f9 se conjuguent la beaut\u00e9 naturelle et la profondeur historique dans un paysage alliant biodiversit\u00e9 et patrimoine civilisationnel. Les experts ont visit\u00e9 la r\u00e9gion de Matmata dans la wilaya de Tagant, qui abrite l&rsquo;une des derni\u00e8res populations de crocodiles du Nil, ainsi que des sites arch\u00e9ologiques remarquables comprenant des gravures rupestres datant des p\u00e9riodes n\u00e9olithiques, accompagn\u00e9es de monuments fun\u00e9raires et de cit\u00e9s historiques telles que Chinguetti, Tichitt, Ksar El Barka et Rachid. L&rsquo;\u00e9quipe a \u00e9galement d\u00e9couvert la richesse du patrimoine culturel immat\u00e9riel et des manuscrits historiques conserv\u00e9s dans les biblioth\u00e8ques de Chinguetti, class\u00e9es au patrimoine mondial de l&rsquo;UNESCO, r\u00e9v\u00e9lant ainsi la profondeur de la m\u00e9moire mauritanienne et sa richesse spirituelle et intellectuelle. Dans le cadre de cette mission, les \u00e9quipes alg\u00e9rienne et mauritanienne ont \u00e9labor\u00e9 une m\u00e9thodologie participative visant \u00e0 impliquer les acteurs locaux dans la gestion des futurs parcs culturels. Des rencontres consultatives ont \u00e9t\u00e9 organis\u00e9es avec les autorit\u00e9s des wilayas d&rsquo;Adrar et de Tagant, en pr\u00e9sence de repr\u00e9sentants des secteurs de l&rsquo;environnement, du tourisme et de la soci\u00e9t\u00e9 civile, renfor\u00e7ant ainsi l&rsquo;approche de d\u00e9veloppement culturel durable fond\u00e9e sur l&rsquo;implication des communaut\u00e9s locales dans la protection de leur patrimoine.<\/p>\n\n\n\n<p>La visite a \u00e9galement permis de rencontrer les acteurs associatifs engag\u00e9s dans la protection des manuscrits et des sites patrimoniaux, et d&rsquo;\u00e9changer sur les modalit\u00e9s de restauration et de conservation num\u00e9rique, en accord avec les orientations modernes en mati\u00e8re de sauvegarde du patrimoine documentaire. Ces \u00e9changes ont mis en lumi\u00e8re l&rsquo;importance de la collaboration entre experts et communaut\u00e9s locales pour pr\u00e9server ce patrimoine pr\u00e9cieux face aux d\u00e9fis climatiques et temporels. La mission s&rsquo;est achev\u00e9e par une session technique \u00e9largie supervis\u00e9e par le ministre mauritanien de la Culture, des Arts, de la Communication et des Relations avec le Parlement, en pr\u00e9sence de l&rsquo;ambassadeur d&rsquo;Alg\u00e9rie en R\u00e9publique islamique de Mauritanie. Cette rencontre a permis de pr\u00e9senter les r\u00e9sultats pr\u00e9liminaires et de d\u00e9finir les \u00e9tapes pratiques \u00e0 venir pour concr\u00e9tiser le projet sur le terrain avant la fin de l&rsquo;ann\u00e9e en cours, \u00e9tablissant ainsi un calendrier pr\u00e9cis pour la mise en \u0153uvre effective des parcs culturels. Ce projet s&rsquo;inscrit dans le cadre de la coop\u00e9ration bilat\u00e9rale continue entre les deux pays et confirme le r\u00f4le pionnier de l&rsquo;Alg\u00e9rie dans le soutien aux efforts africains de protection du patrimoine commun. Il incarne les principes de la coop\u00e9ration Sud-Sud au service de la culture, de l&rsquo;identit\u00e9 et de la m\u00e9moire humaine du continent africain, d\u00e9montrant que la pr\u00e9servation du patrimoine transcende les fronti\u00e8res nationales pour devenir un enjeu continental et universel.<\/p>\n\n\n\n<p>M.S.<\/p>\n","protected":false},"excerpt":{"rendered":"<p>Une mission d&rsquo;experts alg\u00e9riens du minist\u00e8re de la Culture et des Arts s&rsquo;est rendue en Mauritanie du 13 au 20<\/p>\n","protected":false},"author":6,"featured_media":75135,"comment_status":"open","ping_status":"closed","sticky":false,"template":"","format":"standard","meta":{"colormag_page_container_layout":"default_layout","colormag_page_sidebar_layout":"default_layout","om_disable_all_campaigns":false,"_monsterinsights_skip_tracking":false,"_monsterinsights_sitenote_active":false,"_monsterinsights_sitenote_note":"","_monsterinsights_sitenote_category":0,"footnotes":"","_wpscppro_dont_share_socialmedia":false,"_wpscppro_custom_social_share_image":0,"_facebook_share_type":"default","_twitter_share_type":"default","_linkedin_share_type":"default","_pinterest_share_type":"default","_linkedin_share_type_page":"","_instagram_share_type":"default","_medium_share_type":"default","_threads_share_type":"default","_google_business_share_type":"default","_selected_social_profile":[],"_wpsp_enable_custom_social_template":false,"_wpsp_social_scheduling":{"enabled":false,"datetime":null,"platforms":[],"status":"template_only","dateOption":"today","timeOption":"now","customDays":"","customHours":"","customDate":"","customTime":"","schedulingType":"absolute"},"_wpsp_active_default_template":true},"categories":[36],"tags":[],"class_list":["post-75134","post","type-post","status-publish","format-standard","has-post-thumbnail","hentry","category-culture"],"aioseo_notices":[],"yoast_head":"<!-- This site is optimized with the Yoast SEO plugin v27.4 - https:\/\/yoast.com\/product\/yoast-seo-wordpress\/ -->\n<title>Coop\u00e9ration culturelle alg\u00e9ro-mauritanienne\u00a0: Lancement d&rsquo;un projet de parcs culturels - La Sentinelle<\/title>\n<meta name=\"robots\" content=\"index, follow, max-snippet:-1, max-image-preview:large, max-video-preview:-1\" \/>\n<link rel=\"canonical\" href=\"https:\/\/lasentinelle.dz\/index.php\/2025\/10\/22\/cooperation-culturelle-algero-mauritanienne-lancement-dun-projet-de-parcs-culturels\/\" \/>\n<meta property=\"og:locale\" content=\"fr_FR\" \/>\n<meta property=\"og:type\" content=\"article\" \/>\n<meta property=\"og:title\" content=\"Coop\u00e9ration culturelle alg\u00e9ro-mauritanienne\u00a0: Lancement d&rsquo;un projet de parcs culturels - La Sentinelle\" \/>\n<meta property=\"og:description\" content=\"Une mission d&rsquo;experts alg\u00e9riens du minist\u00e8re de la Culture et des Arts s&rsquo;est rendue en Mauritanie du 13 au 20\" \/>\n<meta property=\"og:url\" content=\"https:\/\/lasentinelle.dz\/index.php\/2025\/10\/22\/cooperation-culturelle-algero-mauritanienne-lancement-dun-projet-de-parcs-culturels\/\" \/>\n<meta property=\"og:site_name\" content=\"La Sentinelle\" \/>\n<meta property=\"article:publisher\" content=\"https:\/\/www.facebook.com\/La-Sentinelle-104059864394773\" \/>\n<meta property=\"article:published_time\" content=\"2025-10-22T18:15:07+00:00\" \/>\n<meta property=\"article:modified_time\" content=\"2025-10-22T18:15:08+00:00\" \/>\n<meta property=\"og:image\" content=\"https:\/\/lasentinelle.dz\/wp-content\/uploads\/2025\/10\/IMG_1775-2048x1365-1.jpg\" \/>\n\t<meta property=\"og:image:width\" content=\"2048\" \/>\n\t<meta property=\"og:image:height\" content=\"1365\" \/>\n\t<meta property=\"og:image:type\" content=\"image\/jpeg\" \/>\n<meta name=\"author\" content=\"admin\" \/>\n<meta name=\"twitter:card\" content=\"summary_large_image\" \/>\n<meta name=\"twitter:label1\" content=\"\u00c9crit par\" \/>\n\t<meta name=\"twitter:data1\" content=\"admin\" \/>\n\t<meta name=\"twitter:label2\" content=\"Dur\u00e9e de lecture estim\u00e9e\" \/>\n\t<meta name=\"twitter:data2\" content=\"3 minutes\" \/>\n<script type=\"application\/ld+json\" class=\"yoast-schema-graph\">{\"@context\":\"https:\\\/\\\/schema.org\",\"@graph\":[{\"@type\":\"Article\",\"@id\":\"https:\\\/\\\/lasentinelle.dz\\\/index.php\\\/2025\\\/10\\\/22\\\/cooperation-culturelle-algero-mauritanienne-lancement-dun-projet-de-parcs-culturels\\\/#article\",\"isPartOf\":{\"@id\":\"https:\\\/\\\/lasentinelle.dz\\\/index.php\\\/2025\\\/10\\\/22\\\/cooperation-culturelle-algero-mauritanienne-lancement-dun-projet-de-parcs-culturels\\\/\"},\"author\":{\"name\":\"admin\",\"@id\":\"https:\\\/\\\/lasentinelle.dz\\\/#\\\/schema\\\/person\\\/729ee0024f24e0b8c5ec17232f8e8b41\"},\"headline\":\"Coop\u00e9ration culturelle alg\u00e9ro-mauritanienne\u00a0: Lancement d&rsquo;un projet de parcs culturels\",\"datePublished\":\"2025-10-22T18:15:07+00:00\",\"dateModified\":\"2025-10-22T18:15:08+00:00\",\"mainEntityOfPage\":{\"@id\":\"https:\\\/\\\/lasentinelle.dz\\\/index.php\\\/2025\\\/10\\\/22\\\/cooperation-culturelle-algero-mauritanienne-lancement-dun-projet-de-parcs-culturels\\\/\"},\"wordCount\":628,\"commentCount\":0,\"publisher\":{\"@id\":\"https:\\\/\\\/lasentinelle.dz\\\/#organization\"},\"image\":{\"@id\":\"https:\\\/\\\/lasentinelle.dz\\\/index.php\\\/2025\\\/10\\\/22\\\/cooperation-culturelle-algero-mauritanienne-lancement-dun-projet-de-parcs-culturels\\\/#primaryimage\"},\"thumbnailUrl\":\"https:\\\/\\\/lasentinelle.dz\\\/wp-content\\\/uploads\\\/2025\\\/10\\\/IMG_1775-2048x1365-1.jpg\",\"articleSection\":[\"Culture\"],\"inLanguage\":\"fr-FR\",\"potentialAction\":[{\"@type\":\"CommentAction\",\"name\":\"Comment\",\"target\":[\"https:\\\/\\\/lasentinelle.dz\\\/index.php\\\/2025\\\/10\\\/22\\\/cooperation-culturelle-algero-mauritanienne-lancement-dun-projet-de-parcs-culturels\\\/#respond\"]}]},{\"@type\":\"WebPage\",\"@id\":\"https:\\\/\\\/lasentinelle.dz\\\/index.php\\\/2025\\\/10\\\/22\\\/cooperation-culturelle-algero-mauritanienne-lancement-dun-projet-de-parcs-culturels\\\/\",\"url\":\"https:\\\/\\\/lasentinelle.dz\\\/index.php\\\/2025\\\/10\\\/22\\\/cooperation-culturelle-algero-mauritanienne-lancement-dun-projet-de-parcs-culturels\\\/\",\"name\":\"Coop\u00e9ration culturelle alg\u00e9ro-mauritanienne\u00a0: Lancement d&rsquo;un projet de parcs culturels - La Sentinelle\",\"isPartOf\":{\"@id\":\"https:\\\/\\\/lasentinelle.dz\\\/#website\"},\"primaryImageOfPage\":{\"@id\":\"https:\\\/\\\/lasentinelle.dz\\\/index.php\\\/2025\\\/10\\\/22\\\/cooperation-culturelle-algero-mauritanienne-lancement-dun-projet-de-parcs-culturels\\\/#primaryimage\"},\"image\":{\"@id\":\"https:\\\/\\\/lasentinelle.dz\\\/index.php\\\/2025\\\/10\\\/22\\\/cooperation-culturelle-algero-mauritanienne-lancement-dun-projet-de-parcs-culturels\\\/#primaryimage\"},\"thumbnailUrl\":\"https:\\\/\\\/lasentinelle.dz\\\/wp-content\\\/uploads\\\/2025\\\/10\\\/IMG_1775-2048x1365-1.jpg\",\"datePublished\":\"2025-10-22T18:15:07+00:00\",\"dateModified\":\"2025-10-22T18:15:08+00:00\",\"breadcrumb\":{\"@id\":\"https:\\\/\\\/lasentinelle.dz\\\/index.php\\\/2025\\\/10\\\/22\\\/cooperation-culturelle-algero-mauritanienne-lancement-dun-projet-de-parcs-culturels\\\/#breadcrumb\"},\"inLanguage\":\"fr-FR\",\"potentialAction\":[{\"@type\":\"ReadAction\",\"target\":[\"https:\\\/\\\/lasentinelle.dz\\\/index.php\\\/2025\\\/10\\\/22\\\/cooperation-culturelle-algero-mauritanienne-lancement-dun-projet-de-parcs-culturels\\\/\"]}]},{\"@type\":\"ImageObject\",\"inLanguage\":\"fr-FR\",\"@id\":\"https:\\\/\\\/lasentinelle.dz\\\/index.php\\\/2025\\\/10\\\/22\\\/cooperation-culturelle-algero-mauritanienne-lancement-dun-projet-de-parcs-culturels\\\/#primaryimage\",\"url\":\"https:\\\/\\\/lasentinelle.dz\\\/wp-content\\\/uploads\\\/2025\\\/10\\\/IMG_1775-2048x1365-1.jpg\",\"contentUrl\":\"https:\\\/\\\/lasentinelle.dz\\\/wp-content\\\/uploads\\\/2025\\\/10\\\/IMG_1775-2048x1365-1.jpg\",\"width\":2048,\"height\":1365},{\"@type\":\"BreadcrumbList\",\"@id\":\"https:\\\/\\\/lasentinelle.dz\\\/index.php\\\/2025\\\/10\\\/22\\\/cooperation-culturelle-algero-mauritanienne-lancement-dun-projet-de-parcs-culturels\\\/#breadcrumb\",\"itemListElement\":[{\"@type\":\"ListItem\",\"position\":1,\"name\":\"Accueil\",\"item\":\"https:\\\/\\\/lasentinelle.dz\\\/\"},{\"@type\":\"ListItem\",\"position\":2,\"name\":\"Coop\u00e9ration culturelle alg\u00e9ro-mauritanienne\u00a0: Lancement d&rsquo;un projet de parcs culturels\"}]},{\"@type\":\"WebSite\",\"@id\":\"https:\\\/\\\/lasentinelle.dz\\\/#website\",\"url\":\"https:\\\/\\\/lasentinelle.dz\\\/\",\"name\":\"La Sentinelle\",\"description\":\"Quotidien national d&#039;information\",\"publisher\":{\"@id\":\"https:\\\/\\\/lasentinelle.dz\\\/#organization\"},\"potentialAction\":[{\"@type\":\"SearchAction\",\"target\":{\"@type\":\"EntryPoint\",\"urlTemplate\":\"https:\\\/\\\/lasentinelle.dz\\\/?s={search_term_string}\"},\"query-input\":{\"@type\":\"PropertyValueSpecification\",\"valueRequired\":true,\"valueName\":\"search_term_string\"}}],\"inLanguage\":\"fr-FR\"},{\"@type\":\"Organization\",\"@id\":\"https:\\\/\\\/lasentinelle.dz\\\/#organization\",\"name\":\"Quotidien La Sentinelle\",\"url\":\"https:\\\/\\\/lasentinelle.dz\\\/\",\"logo\":{\"@type\":\"ImageObject\",\"inLanguage\":\"fr-FR\",\"@id\":\"https:\\\/\\\/lasentinelle.dz\\\/#\\\/schema\\\/logo\\\/image\\\/\",\"url\":\"https:\\\/\\\/lasentinelle.dz\\\/wp-content\\\/uploads\\\/2021\\\/09\\\/logo-sentinelleSLOGAN-1.png\",\"contentUrl\":\"https:\\\/\\\/lasentinelle.dz\\\/wp-content\\\/uploads\\\/2021\\\/09\\\/logo-sentinelleSLOGAN-1.png\",\"width\":615,\"height\":142,\"caption\":\"Quotidien La Sentinelle\"},\"image\":{\"@id\":\"https:\\\/\\\/lasentinelle.dz\\\/#\\\/schema\\\/logo\\\/image\\\/\"},\"sameAs\":[\"https:\\\/\\\/www.facebook.com\\\/La-Sentinelle-104059864394773\"]},{\"@type\":\"Person\",\"@id\":\"https:\\\/\\\/lasentinelle.dz\\\/#\\\/schema\\\/person\\\/729ee0024f24e0b8c5ec17232f8e8b41\",\"name\":\"admin\",\"image\":{\"@type\":\"ImageObject\",\"inLanguage\":\"fr-FR\",\"@id\":\"https:\\\/\\\/secure.gravatar.com\\\/avatar\\\/4c81fed838786e9b53f540bf46533e750f5d292099ae3b66cfc6fb1982e29df7?s=96&d=mm&r=g\",\"url\":\"https:\\\/\\\/secure.gravatar.com\\\/avatar\\\/4c81fed838786e9b53f540bf46533e750f5d292099ae3b66cfc6fb1982e29df7?s=96&d=mm&r=g\",\"contentUrl\":\"https:\\\/\\\/secure.gravatar.com\\\/avatar\\\/4c81fed838786e9b53f540bf46533e750f5d292099ae3b66cfc6fb1982e29df7?s=96&d=mm&r=g\",\"caption\":\"admin\"},\"description\":\"admin\",\"url\":\"https:\\\/\\\/lasentinelle.dz\\\/author\\\/admin\\\/\"}]}<\/script>\n<!-- \/ Yoast SEO plugin. -->","yoast_head_json":{"title":"Coop\u00e9ration culturelle alg\u00e9ro-mauritanienne\u00a0: Lancement d&rsquo;un projet de parcs culturels - La Sentinelle","robots":{"index":"index","follow":"follow","max-snippet":"max-snippet:-1","max-image-preview":"max-image-preview:large","max-video-preview":"max-video-preview:-1"},"canonical":"https:\/\/lasentinelle.dz\/index.php\/2025\/10\/22\/cooperation-culturelle-algero-mauritanienne-lancement-dun-projet-de-parcs-culturels\/","og_locale":"fr_FR","og_type":"article","og_title":"Coop\u00e9ration culturelle alg\u00e9ro-mauritanienne\u00a0: Lancement d&rsquo;un projet de parcs culturels - La Sentinelle","og_description":"Une mission d&rsquo;experts alg\u00e9riens du minist\u00e8re de la Culture et des Arts s&rsquo;est rendue en Mauritanie du 13 au 20","og_url":"https:\/\/lasentinelle.dz\/index.php\/2025\/10\/22\/cooperation-culturelle-algero-mauritanienne-lancement-dun-projet-de-parcs-culturels\/","og_site_name":"La Sentinelle","article_publisher":"https:\/\/www.facebook.com\/La-Sentinelle-104059864394773","article_published_time":"2025-10-22T18:15:07+00:00","article_modified_time":"2025-10-22T18:15:08+00:00","og_image":[{"width":2048,"height":1365,"url":"https:\/\/lasentinelle.dz\/wp-content\/uploads\/2025\/10\/IMG_1775-2048x1365-1.jpg","type":"image\/jpeg"}],"author":"admin","twitter_card":"summary_large_image","twitter_misc":{"\u00c9crit par":"admin","Dur\u00e9e de lecture estim\u00e9e":"3 minutes"},"schema":{"@context":"https:\/\/schema.org","@graph":[{"@type":"Article","@id":"https:\/\/lasentinelle.dz\/index.php\/2025\/10\/22\/cooperation-culturelle-algero-mauritanienne-lancement-dun-projet-de-parcs-culturels\/#article","isPartOf":{"@id":"https:\/\/lasentinelle.dz\/index.php\/2025\/10\/22\/cooperation-culturelle-algero-mauritanienne-lancement-dun-projet-de-parcs-culturels\/"},"author":{"name":"admin","@id":"https:\/\/lasentinelle.dz\/#\/schema\/person\/729ee0024f24e0b8c5ec17232f8e8b41"},"headline":"Coop\u00e9ration culturelle alg\u00e9ro-mauritanienne\u00a0: Lancement d&rsquo;un projet de parcs culturels","datePublished":"2025-10-22T18:15:07+00:00","dateModified":"2025-10-22T18:15:08+00:00","mainEntityOfPage":{"@id":"https:\/\/lasentinelle.dz\/index.php\/2025\/10\/22\/cooperation-culturelle-algero-mauritanienne-lancement-dun-projet-de-parcs-culturels\/"},"wordCount":628,"commentCount":0,"publisher":{"@id":"https:\/\/lasentinelle.dz\/#organization"},"image":{"@id":"https:\/\/lasentinelle.dz\/index.php\/2025\/10\/22\/cooperation-culturelle-algero-mauritanienne-lancement-dun-projet-de-parcs-culturels\/#primaryimage"},"thumbnailUrl":"https:\/\/lasentinelle.dz\/wp-content\/uploads\/2025\/10\/IMG_1775-2048x1365-1.jpg","articleSection":["Culture"],"inLanguage":"fr-FR","potentialAction":[{"@type":"CommentAction","name":"Comment","target":["https:\/\/lasentinelle.dz\/index.php\/2025\/10\/22\/cooperation-culturelle-algero-mauritanienne-lancement-dun-projet-de-parcs-culturels\/#respond"]}]},{"@type":"WebPage","@id":"https:\/\/lasentinelle.dz\/index.php\/2025\/10\/22\/cooperation-culturelle-algero-mauritanienne-lancement-dun-projet-de-parcs-culturels\/","url":"https:\/\/lasentinelle.dz\/index.php\/2025\/10\/22\/cooperation-culturelle-algero-mauritanienne-lancement-dun-projet-de-parcs-culturels\/","name":"Coop\u00e9ration culturelle alg\u00e9ro-mauritanienne\u00a0: Lancement d&rsquo;un projet de parcs culturels - La Sentinelle","isPartOf":{"@id":"https:\/\/lasentinelle.dz\/#website"},"primaryImageOfPage":{"@id":"https:\/\/lasentinelle.dz\/index.php\/2025\/10\/22\/cooperation-culturelle-algero-mauritanienne-lancement-dun-projet-de-parcs-culturels\/#primaryimage"},"image":{"@id":"https:\/\/lasentinelle.dz\/index.php\/2025\/10\/22\/cooperation-culturelle-algero-mauritanienne-lancement-dun-projet-de-parcs-culturels\/#primaryimage"},"thumbnailUrl":"https:\/\/lasentinelle.dz\/wp-content\/uploads\/2025\/10\/IMG_1775-2048x1365-1.jpg","datePublished":"2025-10-22T18:15:07+00:00","dateModified":"2025-10-22T18:15:08+00:00","breadcrumb":{"@id":"https:\/\/lasentinelle.dz\/index.php\/2025\/10\/22\/cooperation-culturelle-algero-mauritanienne-lancement-dun-projet-de-parcs-culturels\/#breadcrumb"},"inLanguage":"fr-FR","potentialAction":[{"@type":"ReadAction","target":["https:\/\/lasentinelle.dz\/index.php\/2025\/10\/22\/cooperation-culturelle-algero-mauritanienne-lancement-dun-projet-de-parcs-culturels\/"]}]},{"@type":"ImageObject","inLanguage":"fr-FR","@id":"https:\/\/lasentinelle.dz\/index.php\/2025\/10\/22\/cooperation-culturelle-algero-mauritanienne-lancement-dun-projet-de-parcs-culturels\/#primaryimage","url":"https:\/\/lasentinelle.dz\/wp-content\/uploads\/2025\/10\/IMG_1775-2048x1365-1.jpg","contentUrl":"https:\/\/lasentinelle.dz\/wp-content\/uploads\/2025\/10\/IMG_1775-2048x1365-1.jpg","width":2048,"height":1365},{"@type":"BreadcrumbList","@id":"https:\/\/lasentinelle.dz\/index.php\/2025\/10\/22\/cooperation-culturelle-algero-mauritanienne-lancement-dun-projet-de-parcs-culturels\/#breadcrumb","itemListElement":[{"@type":"ListItem","position":1,"name":"Accueil","item":"https:\/\/lasentinelle.dz\/"},{"@type":"ListItem","position":2,"name":"Coop\u00e9ration culturelle alg\u00e9ro-mauritanienne\u00a0: Lancement d&rsquo;un projet de parcs culturels"}]},{"@type":"WebSite","@id":"https:\/\/lasentinelle.dz\/#website","url":"https:\/\/lasentinelle.dz\/","name":"La Sentinelle","description":"Quotidien national d&#039;information","publisher":{"@id":"https:\/\/lasentinelle.dz\/#organization"},"potentialAction":[{"@type":"SearchAction","target":{"@type":"EntryPoint","urlTemplate":"https:\/\/lasentinelle.dz\/?s={search_term_string}"},"query-input":{"@type":"PropertyValueSpecification","valueRequired":true,"valueName":"search_term_string"}}],"inLanguage":"fr-FR"},{"@type":"Organization","@id":"https:\/\/lasentinelle.dz\/#organization","name":"Quotidien La Sentinelle","url":"https:\/\/lasentinelle.dz\/","logo":{"@type":"ImageObject","inLanguage":"fr-FR","@id":"https:\/\/lasentinelle.dz\/#\/schema\/logo\/image\/","url":"https:\/\/lasentinelle.dz\/wp-content\/uploads\/2021\/09\/logo-sentinelleSLOGAN-1.png","contentUrl":"https:\/\/lasentinelle.dz\/wp-content\/uploads\/2021\/09\/logo-sentinelleSLOGAN-1.png","width":615,"height":142,"caption":"Quotidien La Sentinelle"},"image":{"@id":"https:\/\/lasentinelle.dz\/#\/schema\/logo\/image\/"},"sameAs":["https:\/\/www.facebook.com\/La-Sentinelle-104059864394773"]},{"@type":"Person","@id":"https:\/\/lasentinelle.dz\/#\/schema\/person\/729ee0024f24e0b8c5ec17232f8e8b41","name":"admin","image":{"@type":"ImageObject","inLanguage":"fr-FR","@id":"https:\/\/secure.gravatar.com\/avatar\/4c81fed838786e9b53f540bf46533e750f5d292099ae3b66cfc6fb1982e29df7?s=96&d=mm&r=g","url":"https:\/\/secure.gravatar.com\/avatar\/4c81fed838786e9b53f540bf46533e750f5d292099ae3b66cfc6fb1982e29df7?s=96&d=mm&r=g","contentUrl":"https:\/\/secure.gravatar.com\/avatar\/4c81fed838786e9b53f540bf46533e750f5d292099ae3b66cfc6fb1982e29df7?s=96&d=mm&r=g","caption":"admin"},"description":"admin","url":"https:\/\/lasentinelle.dz\/author\/admin\/"}]}},"_links":{"self":[{"href":"https:\/\/lasentinelle.dz\/index.php\/wp-json\/wp\/v2\/posts\/75134","targetHints":{"allow":["GET"]}}],"collection":[{"href":"https:\/\/lasentinelle.dz\/index.php\/wp-json\/wp\/v2\/posts"}],"about":[{"href":"https:\/\/lasentinelle.dz\/index.php\/wp-json\/wp\/v2\/types\/post"}],"author":[{"embeddable":true,"href":"https:\/\/lasentinelle.dz\/index.php\/wp-json\/wp\/v2\/users\/6"}],"replies":[{"embeddable":true,"href":"https:\/\/lasentinelle.dz\/index.php\/wp-json\/wp\/v2\/comments?post=75134"}],"version-history":[{"count":2,"href":"https:\/\/lasentinelle.dz\/index.php\/wp-json\/wp\/v2\/posts\/75134\/revisions"}],"predecessor-version":[{"id":75137,"href":"https:\/\/lasentinelle.dz\/index.php\/wp-json\/wp\/v2\/posts\/75134\/revisions\/75137"}],"wp:featuredmedia":[{"embeddable":true,"href":"https:\/\/lasentinelle.dz\/index.php\/wp-json\/wp\/v2\/media\/75135"}],"wp:attachment":[{"href":"https:\/\/lasentinelle.dz\/index.php\/wp-json\/wp\/v2\/media?parent=75134"}],"wp:term":[{"taxonomy":"category","embeddable":true,"href":"https:\/\/lasentinelle.dz\/index.php\/wp-json\/wp\/v2\/categories?post=75134"},{"taxonomy":"post_tag","embeddable":true,"href":"https:\/\/lasentinelle.dz\/index.php\/wp-json\/wp\/v2\/tags?post=75134"}],"curies":[{"name":"wp","href":"https:\/\/api.w.org\/{rel}","templated":true}]}}