{"id":75138,"date":"2025-10-22T19:16:58","date_gmt":"2025-10-22T18:16:58","guid":{"rendered":"https:\/\/lasentinelle.dz\/?p=75138"},"modified":"2025-10-22T19:16:59","modified_gmt":"2025-10-22T18:16:59","slug":"13e-edition-de-son-festival-international-du-film-arabe-doran-63-films-en-lice","status":"publish","type":"post","link":"https:\/\/lasentinelle.dz\/index.php\/2025\/10\/22\/13e-edition-de-son-festival-international-du-film-arabe-doran-63-films-en-lice\/","title":{"rendered":"13e \u00e9dition de son Festival international du film arabe d\u2019Oran\u00a0: 63 films en lice"},"content":{"rendered":"\n<p>Le 13<sup>e<\/sup> Festival international du film arabe d&rsquo;Oran se tiendra du 30 octobre au 5 novembre prochain avec la participation de 63 \u0153uvres cin\u00e9matographiques venues de plusieurs pays arabes et africains, marquant une \u00e9dition particuli\u00e8re qui co\u00efncidera avec la comm\u00e9moration du 71e anniversaire du d\u00e9clenchement de la Guerre de lib\u00e9ration nationale, a annonc\u00e9 mardi le commissaire du Festival, Abdelkader Djeriou, lors d&rsquo;une conf\u00e9rence de presse d\u00e9di\u00e9e au d\u00e9voilement du programme.<\/p>\n\n\n\n<p>Cette nouvelle \u00e9dition du rendez-vous cin\u00e9matographique oranais se distingue par la richesse et la diversit\u00e9 de sa programmation. La comp\u00e9tition officielle r\u00e9unira 35 films r\u00e9partis entre dix longs-m\u00e9trages de fiction, dix longs-m\u00e9trages documentaires et quinze courts-m\u00e9trages, tandis que 28 \u0153uvres restantes seront projet\u00e9es hors comp\u00e9tition, offrant ainsi au public une vaste palette d&rsquo;expressions cin\u00e9matographiques arabes contemporaines. La dimension historique occupera une place centrale dans cette \u00e9dition qui s&rsquo;inscrit dans le cadre de la comm\u00e9moration du d\u00e9clenchement de la Guerre de lib\u00e9ration nationale. \u00c0 cette occasion, deux films historiques majeurs seront projet\u00e9s en pr\u00e9sence de leurs \u00e9quipes artistiques et techniques. Le public d\u00e9couvrira ainsi \u00ab\u00a0Zighoud Youcef\u00a0\u00bb r\u00e9alis\u00e9 par Moun\u00e8s Khammar, un film qui retrace le parcours de cette figure embl\u00e9matique de la r\u00e9volution, ainsi que \u00ab\u00a0Les Amants d&rsquo;Alger\u00a0\u00bb de Mohamed Ketita, deux \u0153uvres qui participent \u00e0 la transmission de la m\u00e9moire collective et au devoir de rappel des sacrifices consentis pour l&rsquo;ind\u00e9pendance nationale. L&rsquo;ouverture du Festival sera plac\u00e9e sous le signe de l&rsquo;africanit\u00e9 avec la projection de trois films en provenance du Kenya, du Nig\u00e9ria et du S\u00e9n\u00e9gal, affirmant ainsi la volont\u00e9 des organisateurs de renforcer les ponts culturels entre l&rsquo;Alg\u00e9rie et le continent africain. Cette orientation panafricaine refl\u00e8te la conviction que le cin\u00e9ma constitue un vecteur privil\u00e9gi\u00e9 de dialogue et de compr\u00e9hension mutuelle entre les peuples africains. Une section sp\u00e9ciale consacr\u00e9e aux films environnementaux soulignera par ailleurs la contribution du septi\u00e8me art \u00e0 la sensibilisation \u00e9cologique, comme l&rsquo;a pr\u00e9cis\u00e9 Linda Belkheiria, directrice du programme artistique du Festival, illustrant ainsi l&rsquo;engagement du cin\u00e9ma dans les grands d\u00e9fis contemporains de la plan\u00e8te. La solidarit\u00e9 avec le peuple palestinien se manifestera \u00e0 travers une s\u00e9rie de projections r\u00e9unies sous le th\u00e8me \u00e9vocateur \u00ab\u00a0La Palestine pour toujours\u00a0\u00bb, r\u00e9affirmant le soutien ind\u00e9fectible de l&rsquo;Alg\u00e9rie \u00e0 la cause palestinienne et donnant la parole aux cin\u00e9astes qui documentent la r\u00e9sistance et la r\u00e9silience d&rsquo;un peuple. Ces projections constitueront autant de fen\u00eatres ouvertes sur la r\u00e9alit\u00e9 palestinienne et sur les aspirations l\u00e9gitimes \u00e0 la libert\u00e9 et \u00e0 la dignit\u00e9.<\/p>\n\n\n\n<p>La soir\u00e9e d&rsquo;ouverture sera marqu\u00e9e par un hommage rendu \u00e0 trois figures majeures du cin\u00e9ma arabe dont les parcours ont marqu\u00e9 le septi\u00e8me art r\u00e9gional. L&rsquo;acteur syrien Ghassan Massoud, la star \u00e9gyptienne Nadia El Djoundi et le c\u00e9l\u00e8bre r\u00e9alisateur alg\u00e9rien Rachid Bouchareb recevront ainsi la reconnaissance de leurs pairs et du public pour leur contribution exceptionnelle au rayonnement du cin\u00e9ma arabe. Lors de la c\u00e9r\u00e9monie de cl\u00f4ture, des hommages similaires seront rendus \u00e0 l&rsquo;acteur alg\u00e9rien Sid-Ahmed Agoumi et \u00e0 l&rsquo;acteur \u00e9gyptien Yasser Galal, a pr\u00e9cis\u00e9 Fay\u00e7al Chibani, responsable de la communication du Festival. Au-del\u00e0 des projections, le Festival proposera un programme p\u00e9dagogique ambitieux avec l&rsquo;organisation de masterclass anim\u00e9es par des professionnels reconnus. Ghassan Massoud, Merzak Allouache et le cin\u00e9aste grec Yorgos Loumbrinos partageront leur exp\u00e9rience en mati\u00e8re de r\u00e9alisation et de montage avec les jeunes cin\u00e9astes et \u00e9tudiants. Des ateliers de formation en \u00e9criture de sc\u00e9nario et en cin\u00e9ma mobile seront \u00e9galement propos\u00e9s en partenariat avec l&rsquo;Institut Al Jazeera Media, dans le cadre de l&rsquo;initiative \u00ab\u00a0Ambassadeurs de l&rsquo;Alg\u00e9rie\u00a0\u00bb, offrant ainsi aux participants l&rsquo;opportunit\u00e9 d&rsquo;acqu\u00e9rir des comp\u00e9tences pratiques et de b\u00e9n\u00e9ficier de l&rsquo;expertise de professionnels chevronn\u00e9s du monde audiovisuel arabe et international.<\/p>\n\n\n\n<p>Mohand Seghir<\/p>\n","protected":false},"excerpt":{"rendered":"<p>Le 13e Festival international du film arabe d&rsquo;Oran se tiendra du 30 octobre au 5 novembre prochain avec la participation<\/p>\n","protected":false},"author":6,"featured_media":75140,"comment_status":"open","ping_status":"closed","sticky":false,"template":"","format":"standard","meta":{"colormag_page_container_layout":"default_layout","colormag_page_sidebar_layout":"default_layout","om_disable_all_campaigns":false,"_monsterinsights_skip_tracking":false,"_monsterinsights_sitenote_active":false,"_monsterinsights_sitenote_note":"","_monsterinsights_sitenote_category":0,"footnotes":"","_wpscppro_dont_share_socialmedia":false,"_wpscppro_custom_social_share_image":0,"_facebook_share_type":"default","_twitter_share_type":"default","_linkedin_share_type":"default","_pinterest_share_type":"default","_linkedin_share_type_page":"","_instagram_share_type":"default","_medium_share_type":"default","_threads_share_type":"default","_google_business_share_type":"default","_selected_social_profile":[],"_wpsp_enable_custom_social_template":false,"_wpsp_social_scheduling":{"enabled":false,"datetime":null,"platforms":[],"status":"template_only","dateOption":"today","timeOption":"now","customDays":"","customHours":"","customDate":"","customTime":"","schedulingType":"absolute"},"_wpsp_active_default_template":true},"categories":[36],"tags":[],"class_list":["post-75138","post","type-post","status-publish","format-standard","has-post-thumbnail","hentry","category-culture"],"aioseo_notices":[],"yoast_head":"<!-- This site is optimized with the Yoast SEO plugin v27.4 - https:\/\/yoast.com\/product\/yoast-seo-wordpress\/ -->\n<title>13e \u00e9dition de son Festival international du film arabe d\u2019Oran\u00a0: 63 films en lice - La Sentinelle<\/title>\n<meta name=\"robots\" content=\"index, follow, max-snippet:-1, max-image-preview:large, max-video-preview:-1\" \/>\n<link rel=\"canonical\" href=\"https:\/\/lasentinelle.dz\/index.php\/2025\/10\/22\/13e-edition-de-son-festival-international-du-film-arabe-doran-63-films-en-lice\/\" \/>\n<meta property=\"og:locale\" content=\"fr_FR\" \/>\n<meta property=\"og:type\" content=\"article\" \/>\n<meta property=\"og:title\" content=\"13e \u00e9dition de son Festival international du film arabe d\u2019Oran\u00a0: 63 films en lice - La Sentinelle\" \/>\n<meta property=\"og:description\" content=\"Le 13e Festival international du film arabe d&rsquo;Oran se tiendra du 30 octobre au 5 novembre prochain avec la participation\" \/>\n<meta property=\"og:url\" content=\"https:\/\/lasentinelle.dz\/index.php\/2025\/10\/22\/13e-edition-de-son-festival-international-du-film-arabe-doran-63-films-en-lice\/\" \/>\n<meta property=\"og:site_name\" content=\"La Sentinelle\" \/>\n<meta property=\"article:publisher\" content=\"https:\/\/www.facebook.com\/La-Sentinelle-104059864394773\" \/>\n<meta property=\"article:published_time\" content=\"2025-10-22T18:16:58+00:00\" \/>\n<meta property=\"article:modified_time\" content=\"2025-10-22T18:16:59+00:00\" \/>\n<meta property=\"og:image\" content=\"https:\/\/lasentinelle.dz\/wp-content\/uploads\/2025\/10\/affiche-2.jpg\" \/>\n\t<meta property=\"og:image:width\" content=\"1630\" \/>\n\t<meta property=\"og:image:height\" content=\"1374\" \/>\n\t<meta property=\"og:image:type\" content=\"image\/jpeg\" \/>\n<meta name=\"author\" content=\"admin\" \/>\n<meta name=\"twitter:card\" content=\"summary_large_image\" \/>\n<meta name=\"twitter:label1\" content=\"\u00c9crit par\" \/>\n\t<meta name=\"twitter:data1\" content=\"admin\" \/>\n\t<meta name=\"twitter:label2\" content=\"Dur\u00e9e de lecture estim\u00e9e\" \/>\n\t<meta name=\"twitter:data2\" content=\"4 minutes\" \/>\n<script type=\"application\/ld+json\" class=\"yoast-schema-graph\">{\"@context\":\"https:\\\/\\\/schema.org\",\"@graph\":[{\"@type\":\"Article\",\"@id\":\"https:\\\/\\\/lasentinelle.dz\\\/index.php\\\/2025\\\/10\\\/22\\\/13e-edition-de-son-festival-international-du-film-arabe-doran-63-films-en-lice\\\/#article\",\"isPartOf\":{\"@id\":\"https:\\\/\\\/lasentinelle.dz\\\/index.php\\\/2025\\\/10\\\/22\\\/13e-edition-de-son-festival-international-du-film-arabe-doran-63-films-en-lice\\\/\"},\"author\":{\"name\":\"admin\",\"@id\":\"https:\\\/\\\/lasentinelle.dz\\\/#\\\/schema\\\/person\\\/729ee0024f24e0b8c5ec17232f8e8b41\"},\"headline\":\"13e \u00e9dition de son Festival international du film arabe d\u2019Oran\u00a0: 63 films en lice\",\"datePublished\":\"2025-10-22T18:16:58+00:00\",\"dateModified\":\"2025-10-22T18:16:59+00:00\",\"mainEntityOfPage\":{\"@id\":\"https:\\\/\\\/lasentinelle.dz\\\/index.php\\\/2025\\\/10\\\/22\\\/13e-edition-de-son-festival-international-du-film-arabe-doran-63-films-en-lice\\\/\"},\"wordCount\":709,\"commentCount\":0,\"publisher\":{\"@id\":\"https:\\\/\\\/lasentinelle.dz\\\/#organization\"},\"image\":{\"@id\":\"https:\\\/\\\/lasentinelle.dz\\\/index.php\\\/2025\\\/10\\\/22\\\/13e-edition-de-son-festival-international-du-film-arabe-doran-63-films-en-lice\\\/#primaryimage\"},\"thumbnailUrl\":\"https:\\\/\\\/lasentinelle.dz\\\/wp-content\\\/uploads\\\/2025\\\/10\\\/affiche-2.jpg\",\"articleSection\":[\"Culture\"],\"inLanguage\":\"fr-FR\",\"potentialAction\":[{\"@type\":\"CommentAction\",\"name\":\"Comment\",\"target\":[\"https:\\\/\\\/lasentinelle.dz\\\/index.php\\\/2025\\\/10\\\/22\\\/13e-edition-de-son-festival-international-du-film-arabe-doran-63-films-en-lice\\\/#respond\"]}]},{\"@type\":\"WebPage\",\"@id\":\"https:\\\/\\\/lasentinelle.dz\\\/index.php\\\/2025\\\/10\\\/22\\\/13e-edition-de-son-festival-international-du-film-arabe-doran-63-films-en-lice\\\/\",\"url\":\"https:\\\/\\\/lasentinelle.dz\\\/index.php\\\/2025\\\/10\\\/22\\\/13e-edition-de-son-festival-international-du-film-arabe-doran-63-films-en-lice\\\/\",\"name\":\"13e \u00e9dition de son Festival international du film arabe d\u2019Oran\u00a0: 63 films en lice - La Sentinelle\",\"isPartOf\":{\"@id\":\"https:\\\/\\\/lasentinelle.dz\\\/#website\"},\"primaryImageOfPage\":{\"@id\":\"https:\\\/\\\/lasentinelle.dz\\\/index.php\\\/2025\\\/10\\\/22\\\/13e-edition-de-son-festival-international-du-film-arabe-doran-63-films-en-lice\\\/#primaryimage\"},\"image\":{\"@id\":\"https:\\\/\\\/lasentinelle.dz\\\/index.php\\\/2025\\\/10\\\/22\\\/13e-edition-de-son-festival-international-du-film-arabe-doran-63-films-en-lice\\\/#primaryimage\"},\"thumbnailUrl\":\"https:\\\/\\\/lasentinelle.dz\\\/wp-content\\\/uploads\\\/2025\\\/10\\\/affiche-2.jpg\",\"datePublished\":\"2025-10-22T18:16:58+00:00\",\"dateModified\":\"2025-10-22T18:16:59+00:00\",\"breadcrumb\":{\"@id\":\"https:\\\/\\\/lasentinelle.dz\\\/index.php\\\/2025\\\/10\\\/22\\\/13e-edition-de-son-festival-international-du-film-arabe-doran-63-films-en-lice\\\/#breadcrumb\"},\"inLanguage\":\"fr-FR\",\"potentialAction\":[{\"@type\":\"ReadAction\",\"target\":[\"https:\\\/\\\/lasentinelle.dz\\\/index.php\\\/2025\\\/10\\\/22\\\/13e-edition-de-son-festival-international-du-film-arabe-doran-63-films-en-lice\\\/\"]}]},{\"@type\":\"ImageObject\",\"inLanguage\":\"fr-FR\",\"@id\":\"https:\\\/\\\/lasentinelle.dz\\\/index.php\\\/2025\\\/10\\\/22\\\/13e-edition-de-son-festival-international-du-film-arabe-doran-63-films-en-lice\\\/#primaryimage\",\"url\":\"https:\\\/\\\/lasentinelle.dz\\\/wp-content\\\/uploads\\\/2025\\\/10\\\/affiche-2.jpg\",\"contentUrl\":\"https:\\\/\\\/lasentinelle.dz\\\/wp-content\\\/uploads\\\/2025\\\/10\\\/affiche-2.jpg\",\"width\":1630,\"height\":1374},{\"@type\":\"BreadcrumbList\",\"@id\":\"https:\\\/\\\/lasentinelle.dz\\\/index.php\\\/2025\\\/10\\\/22\\\/13e-edition-de-son-festival-international-du-film-arabe-doran-63-films-en-lice\\\/#breadcrumb\",\"itemListElement\":[{\"@type\":\"ListItem\",\"position\":1,\"name\":\"Accueil\",\"item\":\"https:\\\/\\\/lasentinelle.dz\\\/\"},{\"@type\":\"ListItem\",\"position\":2,\"name\":\"13e \u00e9dition de son Festival international du film arabe d\u2019Oran\u00a0: 63 films en lice\"}]},{\"@type\":\"WebSite\",\"@id\":\"https:\\\/\\\/lasentinelle.dz\\\/#website\",\"url\":\"https:\\\/\\\/lasentinelle.dz\\\/\",\"name\":\"La Sentinelle\",\"description\":\"Quotidien national d&#039;information\",\"publisher\":{\"@id\":\"https:\\\/\\\/lasentinelle.dz\\\/#organization\"},\"potentialAction\":[{\"@type\":\"SearchAction\",\"target\":{\"@type\":\"EntryPoint\",\"urlTemplate\":\"https:\\\/\\\/lasentinelle.dz\\\/?s={search_term_string}\"},\"query-input\":{\"@type\":\"PropertyValueSpecification\",\"valueRequired\":true,\"valueName\":\"search_term_string\"}}],\"inLanguage\":\"fr-FR\"},{\"@type\":\"Organization\",\"@id\":\"https:\\\/\\\/lasentinelle.dz\\\/#organization\",\"name\":\"Quotidien La Sentinelle\",\"url\":\"https:\\\/\\\/lasentinelle.dz\\\/\",\"logo\":{\"@type\":\"ImageObject\",\"inLanguage\":\"fr-FR\",\"@id\":\"https:\\\/\\\/lasentinelle.dz\\\/#\\\/schema\\\/logo\\\/image\\\/\",\"url\":\"https:\\\/\\\/lasentinelle.dz\\\/wp-content\\\/uploads\\\/2021\\\/09\\\/logo-sentinelleSLOGAN-1.png\",\"contentUrl\":\"https:\\\/\\\/lasentinelle.dz\\\/wp-content\\\/uploads\\\/2021\\\/09\\\/logo-sentinelleSLOGAN-1.png\",\"width\":615,\"height\":142,\"caption\":\"Quotidien La Sentinelle\"},\"image\":{\"@id\":\"https:\\\/\\\/lasentinelle.dz\\\/#\\\/schema\\\/logo\\\/image\\\/\"},\"sameAs\":[\"https:\\\/\\\/www.facebook.com\\\/La-Sentinelle-104059864394773\"]},{\"@type\":\"Person\",\"@id\":\"https:\\\/\\\/lasentinelle.dz\\\/#\\\/schema\\\/person\\\/729ee0024f24e0b8c5ec17232f8e8b41\",\"name\":\"admin\",\"image\":{\"@type\":\"ImageObject\",\"inLanguage\":\"fr-FR\",\"@id\":\"https:\\\/\\\/secure.gravatar.com\\\/avatar\\\/4c81fed838786e9b53f540bf46533e750f5d292099ae3b66cfc6fb1982e29df7?s=96&d=mm&r=g\",\"url\":\"https:\\\/\\\/secure.gravatar.com\\\/avatar\\\/4c81fed838786e9b53f540bf46533e750f5d292099ae3b66cfc6fb1982e29df7?s=96&d=mm&r=g\",\"contentUrl\":\"https:\\\/\\\/secure.gravatar.com\\\/avatar\\\/4c81fed838786e9b53f540bf46533e750f5d292099ae3b66cfc6fb1982e29df7?s=96&d=mm&r=g\",\"caption\":\"admin\"},\"description\":\"admin\",\"url\":\"https:\\\/\\\/lasentinelle.dz\\\/author\\\/admin\\\/\"}]}<\/script>\n<!-- \/ Yoast SEO plugin. -->","yoast_head_json":{"title":"13e \u00e9dition de son Festival international du film arabe d\u2019Oran\u00a0: 63 films en lice - La Sentinelle","robots":{"index":"index","follow":"follow","max-snippet":"max-snippet:-1","max-image-preview":"max-image-preview:large","max-video-preview":"max-video-preview:-1"},"canonical":"https:\/\/lasentinelle.dz\/index.php\/2025\/10\/22\/13e-edition-de-son-festival-international-du-film-arabe-doran-63-films-en-lice\/","og_locale":"fr_FR","og_type":"article","og_title":"13e \u00e9dition de son Festival international du film arabe d\u2019Oran\u00a0: 63 films en lice - La Sentinelle","og_description":"Le 13e Festival international du film arabe d&rsquo;Oran se tiendra du 30 octobre au 5 novembre prochain avec la participation","og_url":"https:\/\/lasentinelle.dz\/index.php\/2025\/10\/22\/13e-edition-de-son-festival-international-du-film-arabe-doran-63-films-en-lice\/","og_site_name":"La Sentinelle","article_publisher":"https:\/\/www.facebook.com\/La-Sentinelle-104059864394773","article_published_time":"2025-10-22T18:16:58+00:00","article_modified_time":"2025-10-22T18:16:59+00:00","og_image":[{"width":1630,"height":1374,"url":"https:\/\/lasentinelle.dz\/wp-content\/uploads\/2025\/10\/affiche-2.jpg","type":"image\/jpeg"}],"author":"admin","twitter_card":"summary_large_image","twitter_misc":{"\u00c9crit par":"admin","Dur\u00e9e de lecture estim\u00e9e":"4 minutes"},"schema":{"@context":"https:\/\/schema.org","@graph":[{"@type":"Article","@id":"https:\/\/lasentinelle.dz\/index.php\/2025\/10\/22\/13e-edition-de-son-festival-international-du-film-arabe-doran-63-films-en-lice\/#article","isPartOf":{"@id":"https:\/\/lasentinelle.dz\/index.php\/2025\/10\/22\/13e-edition-de-son-festival-international-du-film-arabe-doran-63-films-en-lice\/"},"author":{"name":"admin","@id":"https:\/\/lasentinelle.dz\/#\/schema\/person\/729ee0024f24e0b8c5ec17232f8e8b41"},"headline":"13e \u00e9dition de son Festival international du film arabe d\u2019Oran\u00a0: 63 films en lice","datePublished":"2025-10-22T18:16:58+00:00","dateModified":"2025-10-22T18:16:59+00:00","mainEntityOfPage":{"@id":"https:\/\/lasentinelle.dz\/index.php\/2025\/10\/22\/13e-edition-de-son-festival-international-du-film-arabe-doran-63-films-en-lice\/"},"wordCount":709,"commentCount":0,"publisher":{"@id":"https:\/\/lasentinelle.dz\/#organization"},"image":{"@id":"https:\/\/lasentinelle.dz\/index.php\/2025\/10\/22\/13e-edition-de-son-festival-international-du-film-arabe-doran-63-films-en-lice\/#primaryimage"},"thumbnailUrl":"https:\/\/lasentinelle.dz\/wp-content\/uploads\/2025\/10\/affiche-2.jpg","articleSection":["Culture"],"inLanguage":"fr-FR","potentialAction":[{"@type":"CommentAction","name":"Comment","target":["https:\/\/lasentinelle.dz\/index.php\/2025\/10\/22\/13e-edition-de-son-festival-international-du-film-arabe-doran-63-films-en-lice\/#respond"]}]},{"@type":"WebPage","@id":"https:\/\/lasentinelle.dz\/index.php\/2025\/10\/22\/13e-edition-de-son-festival-international-du-film-arabe-doran-63-films-en-lice\/","url":"https:\/\/lasentinelle.dz\/index.php\/2025\/10\/22\/13e-edition-de-son-festival-international-du-film-arabe-doran-63-films-en-lice\/","name":"13e \u00e9dition de son Festival international du film arabe d\u2019Oran\u00a0: 63 films en lice - La Sentinelle","isPartOf":{"@id":"https:\/\/lasentinelle.dz\/#website"},"primaryImageOfPage":{"@id":"https:\/\/lasentinelle.dz\/index.php\/2025\/10\/22\/13e-edition-de-son-festival-international-du-film-arabe-doran-63-films-en-lice\/#primaryimage"},"image":{"@id":"https:\/\/lasentinelle.dz\/index.php\/2025\/10\/22\/13e-edition-de-son-festival-international-du-film-arabe-doran-63-films-en-lice\/#primaryimage"},"thumbnailUrl":"https:\/\/lasentinelle.dz\/wp-content\/uploads\/2025\/10\/affiche-2.jpg","datePublished":"2025-10-22T18:16:58+00:00","dateModified":"2025-10-22T18:16:59+00:00","breadcrumb":{"@id":"https:\/\/lasentinelle.dz\/index.php\/2025\/10\/22\/13e-edition-de-son-festival-international-du-film-arabe-doran-63-films-en-lice\/#breadcrumb"},"inLanguage":"fr-FR","potentialAction":[{"@type":"ReadAction","target":["https:\/\/lasentinelle.dz\/index.php\/2025\/10\/22\/13e-edition-de-son-festival-international-du-film-arabe-doran-63-films-en-lice\/"]}]},{"@type":"ImageObject","inLanguage":"fr-FR","@id":"https:\/\/lasentinelle.dz\/index.php\/2025\/10\/22\/13e-edition-de-son-festival-international-du-film-arabe-doran-63-films-en-lice\/#primaryimage","url":"https:\/\/lasentinelle.dz\/wp-content\/uploads\/2025\/10\/affiche-2.jpg","contentUrl":"https:\/\/lasentinelle.dz\/wp-content\/uploads\/2025\/10\/affiche-2.jpg","width":1630,"height":1374},{"@type":"BreadcrumbList","@id":"https:\/\/lasentinelle.dz\/index.php\/2025\/10\/22\/13e-edition-de-son-festival-international-du-film-arabe-doran-63-films-en-lice\/#breadcrumb","itemListElement":[{"@type":"ListItem","position":1,"name":"Accueil","item":"https:\/\/lasentinelle.dz\/"},{"@type":"ListItem","position":2,"name":"13e \u00e9dition de son Festival international du film arabe d\u2019Oran\u00a0: 63 films en lice"}]},{"@type":"WebSite","@id":"https:\/\/lasentinelle.dz\/#website","url":"https:\/\/lasentinelle.dz\/","name":"La Sentinelle","description":"Quotidien national d&#039;information","publisher":{"@id":"https:\/\/lasentinelle.dz\/#organization"},"potentialAction":[{"@type":"SearchAction","target":{"@type":"EntryPoint","urlTemplate":"https:\/\/lasentinelle.dz\/?s={search_term_string}"},"query-input":{"@type":"PropertyValueSpecification","valueRequired":true,"valueName":"search_term_string"}}],"inLanguage":"fr-FR"},{"@type":"Organization","@id":"https:\/\/lasentinelle.dz\/#organization","name":"Quotidien La Sentinelle","url":"https:\/\/lasentinelle.dz\/","logo":{"@type":"ImageObject","inLanguage":"fr-FR","@id":"https:\/\/lasentinelle.dz\/#\/schema\/logo\/image\/","url":"https:\/\/lasentinelle.dz\/wp-content\/uploads\/2021\/09\/logo-sentinelleSLOGAN-1.png","contentUrl":"https:\/\/lasentinelle.dz\/wp-content\/uploads\/2021\/09\/logo-sentinelleSLOGAN-1.png","width":615,"height":142,"caption":"Quotidien La Sentinelle"},"image":{"@id":"https:\/\/lasentinelle.dz\/#\/schema\/logo\/image\/"},"sameAs":["https:\/\/www.facebook.com\/La-Sentinelle-104059864394773"]},{"@type":"Person","@id":"https:\/\/lasentinelle.dz\/#\/schema\/person\/729ee0024f24e0b8c5ec17232f8e8b41","name":"admin","image":{"@type":"ImageObject","inLanguage":"fr-FR","@id":"https:\/\/secure.gravatar.com\/avatar\/4c81fed838786e9b53f540bf46533e750f5d292099ae3b66cfc6fb1982e29df7?s=96&d=mm&r=g","url":"https:\/\/secure.gravatar.com\/avatar\/4c81fed838786e9b53f540bf46533e750f5d292099ae3b66cfc6fb1982e29df7?s=96&d=mm&r=g","contentUrl":"https:\/\/secure.gravatar.com\/avatar\/4c81fed838786e9b53f540bf46533e750f5d292099ae3b66cfc6fb1982e29df7?s=96&d=mm&r=g","caption":"admin"},"description":"admin","url":"https:\/\/lasentinelle.dz\/author\/admin\/"}]}},"_links":{"self":[{"href":"https:\/\/lasentinelle.dz\/index.php\/wp-json\/wp\/v2\/posts\/75138","targetHints":{"allow":["GET"]}}],"collection":[{"href":"https:\/\/lasentinelle.dz\/index.php\/wp-json\/wp\/v2\/posts"}],"about":[{"href":"https:\/\/lasentinelle.dz\/index.php\/wp-json\/wp\/v2\/types\/post"}],"author":[{"embeddable":true,"href":"https:\/\/lasentinelle.dz\/index.php\/wp-json\/wp\/v2\/users\/6"}],"replies":[{"embeddable":true,"href":"https:\/\/lasentinelle.dz\/index.php\/wp-json\/wp\/v2\/comments?post=75138"}],"version-history":[{"count":1,"href":"https:\/\/lasentinelle.dz\/index.php\/wp-json\/wp\/v2\/posts\/75138\/revisions"}],"predecessor-version":[{"id":75141,"href":"https:\/\/lasentinelle.dz\/index.php\/wp-json\/wp\/v2\/posts\/75138\/revisions\/75141"}],"wp:featuredmedia":[{"embeddable":true,"href":"https:\/\/lasentinelle.dz\/index.php\/wp-json\/wp\/v2\/media\/75140"}],"wp:attachment":[{"href":"https:\/\/lasentinelle.dz\/index.php\/wp-json\/wp\/v2\/media?parent=75138"}],"wp:term":[{"taxonomy":"category","embeddable":true,"href":"https:\/\/lasentinelle.dz\/index.php\/wp-json\/wp\/v2\/categories?post=75138"},{"taxonomy":"post_tag","embeddable":true,"href":"https:\/\/lasentinelle.dz\/index.php\/wp-json\/wp\/v2\/tags?post=75138"}],"curies":[{"name":"wp","href":"https:\/\/api.w.org\/{rel}","templated":true}]}}