{"id":75149,"date":"2025-10-22T19:20:41","date_gmt":"2025-10-22T18:20:41","guid":{"rendered":"https:\/\/lasentinelle.dz\/?p=75149"},"modified":"2025-10-22T19:20:42","modified_gmt":"2025-10-22T18:20:42","slug":"coupe-de-la-confederation-le-chabab-en-confiance-les-rouge-et-noir-dos-au-mur","status":"publish","type":"post","link":"https:\/\/lasentinelle.dz\/index.php\/2025\/10\/22\/coupe-de-la-confederation-le-chabab-en-confiance-les-rouge-et-noir-dos-au-mur\/","title":{"rendered":"Coupe de la Conf\u00e9d\u00e9ration\u00a0: Le Chabab en confiance, les Rouge et Noir dos au mur"},"content":{"rendered":"\n<p>Les deux repr\u00e9sentants alg\u00e9riens en Coupe de la Conf\u00e9d\u00e9ration africaine de football, l&rsquo;USM Alger et le CR Belouizdad, tenteront de valider leur qualification pour le prochain tour lors des matchs retour du 2e tour pr\u00e9liminaire pr\u00e9vus vendredi et samedi, le CRB partant avec un l\u00e9ger avantage apr\u00e8s son nul \u00e0 Thi\u00e8s (1-1) face au Hafia Conakry tandis que l&rsquo;USMA devra renverser la vapeur apr\u00e8s sa d\u00e9faite \u00e0 Ebimp\u00e9 (1-0) contre l&rsquo;Acad\u00e9mie de FAD.<\/p>\n\n\n\n<p>La situation des deux clubs alg\u00e9riens diff\u00e8re consid\u00e9rablement \u00e0 l&rsquo;approche de ces rendez-vous d\u00e9cisifs. Si le CR Belouizdad peut aborder son match retour face au Hafia Conakry avec une certaine s\u00e9r\u00e9nit\u00e9, l&rsquo;USM Alger se retrouve dans une position d\u00e9licate qui n\u00e9cessitera un sursaut d&rsquo;orgueil devant son public du stade olympique du 5-Juillet. Le club de Soustara devra non seulement combler son retard d&rsquo;un but mais \u00e9galement composer avec plusieurs absences majeures qui compliquent la t\u00e2che de l&rsquo;entra\u00eeneur Abdelhak Benchikha. Les Usmistes s&rsquo;avancent diminu\u00e9s et sous pression pour ce rendez-vous crucial. Le club devra se passer de plusieurs cadres importants dont les d\u00e9fenseurs Adam Alilet, Sa\u00e2di Redouani et Rayan Mahrouz, ainsi que l&rsquo;attaquant Riyad Benayad. Cette cascade d&rsquo;absences constitue un v\u00e9ritable casse-t\u00eate pour Benchikha, de plus en plus contest\u00e9, qui est contraint de recomposer son onze face \u00e0 une formation ivoirienne solide et confiante apr\u00e8s sa victoire lors de la premi\u00e8re manche. Seule note positive pour le technicien alg\u00e9rien, le retour du lat\u00e9ral gauche Lyes Chetti, r\u00e9tabli d&rsquo;une blessure, qui a repris l&rsquo;entra\u00eenement mardi et devrait \u00eatre op\u00e9rationnel pour ce rendez-vous d\u00e9cisif. La vainqueure de l&rsquo;\u00e9dition 2023 traverse une p\u00e9riode difficile, marqu\u00e9e par un manque criant d&rsquo;efficacit\u00e9 offensive. Avec seulement 4 buts inscrits en 7 matchs toutes comp\u00e9titions confondues, les Rouge et Noir devront imp\u00e9rativement hausser leur niveau de jeu pour esp\u00e9rer franchir cet obstacle et poursuivre leur aventure dans une comp\u00e9tition qui leur avait souri il y a 2 ans. La mission s&rsquo;annonce p\u00e9rilleuse mais pas impossible pour des joueurs qui connaissent la pression des grands rendez-vous continentaux. L&rsquo;USMA devra retrouver son efficacit\u00e9 devant le but et s&rsquo;appuyer sur son public pour renverser une \u00e9quipe ivoirienne venue \u00e0 Alger avec l&rsquo;intention de pr\u00e9server son avantage. Cette rencontre sera arbitr\u00e9e par un quatuor congolais conduit par Jean Pierre Nguiene, assist\u00e9 de Vitel Dictin Mel Glovel Mapangoulou comme 1er assistant et Prislas Malanda comme 2e assistant, tandis que Fitial Charel Just Kokolo officiera en tant que 4e arbitre.<\/p>\n\n\n\n<p>De l&rsquo;autre c\u00f4t\u00e9 de la capitale, au stade Nelson-Mandela de Baraki, l&rsquo;ambiance sera tout autre. Le CR Belouizdad abordera son match retour dans une situation nettement plus favorable. Le nul d\u00e9croch\u00e9 au S\u00e9n\u00e9gal laisse entrevoir une qualification \u00e0 port\u00e9e de main des Belouizdadis, \u00e0 condition de se montrer rigoureux et efficace devant leur public qui devrait r\u00e9pondre pr\u00e9sent en nombre pour pousser l&rsquo;\u00e9quipe vers la qualification. Le club de La\u00e2quiba b\u00e9n\u00e9ficiera en outre du retour du d\u00e9fenseur Choua\u00efb Keddad, remis de sa blessure, un renfort de poids pour le technicien allemand Sead Ramovic. Malgr\u00e9 cet avantage psychologique et comptable, le Chabab reste prudent face au vice-champion de Guin\u00e9e qui n&rsquo;a rien \u00e0 perdre et pourrait se montrer entreprenant dans sa qu\u00eate d&rsquo;un r\u00e9sultat positif. Le CRB sait qu&rsquo;une victoire ou m\u00eame un match nul avec au moins un but marqu\u00e9 lui garantirait la qualification pour le prochain tour. Pour autant, le club belouizdadi ne devra pas se reposer sur ses lauriers face \u00e0 une formation guin\u00e9enne qui aura \u00e0 c\u0153ur de cr\u00e9er l&rsquo;exploit en terre alg\u00e9rienne. Cette rencontre sera dirig\u00e9e par l&rsquo;arbitre alg\u00e9rien Lakhdar Adjali, une d\u00e9signation qui pourrait constituer un l\u00e9ger avantage psychologique pour les locaux. Le Chabab esp\u00e8re retrouver la confiance et renouer avec la victoire gr\u00e2ce \u00e0 cette \u00e9ch\u00e9ance continentale qui constitue d\u00e9sormais l&rsquo;un des objectifs majeurs de la saison. Apr\u00e8s n&rsquo;avoir pas r\u00e9ussi \u00e0 aller au-del\u00e0 des quarts de finale de la Ligue des champions lors de ses pr\u00e9c\u00e9dentes participations continentales, le CRB esp\u00e8re jouer son va-tout en Coupe de la Conf\u00e9d\u00e9ration.<\/p>\n\n\n\n<p>Moncef D.<\/p>\n","protected":false},"excerpt":{"rendered":"<p>Les deux repr\u00e9sentants alg\u00e9riens en Coupe de la Conf\u00e9d\u00e9ration africaine de football, l&rsquo;USM Alger et le CR Belouizdad, tenteront de<\/p>\n","protected":false},"author":6,"featured_media":75150,"comment_status":"open","ping_status":"closed","sticky":false,"template":"","format":"standard","meta":{"colormag_page_container_layout":"default_layout","colormag_page_sidebar_layout":"default_layout","om_disable_all_campaigns":false,"_monsterinsights_skip_tracking":false,"_monsterinsights_sitenote_active":false,"_monsterinsights_sitenote_note":"","_monsterinsights_sitenote_category":0,"footnotes":"","_wpscppro_dont_share_socialmedia":false,"_wpscppro_custom_social_share_image":0,"_facebook_share_type":"default","_twitter_share_type":"default","_linkedin_share_type":"default","_pinterest_share_type":"default","_linkedin_share_type_page":"","_instagram_share_type":"default","_medium_share_type":"default","_threads_share_type":"default","_google_business_share_type":"default","_selected_social_profile":[],"_wpsp_enable_custom_social_template":false,"_wpsp_social_scheduling":{"enabled":false,"datetime":null,"platforms":[],"status":"template_only","dateOption":"today","timeOption":"now","customDays":"","customHours":"","customDate":"","customTime":"","schedulingType":"absolute"},"_wpsp_active_default_template":true},"categories":[33],"tags":[],"class_list":["post-75149","post","type-post","status-publish","format-standard","has-post-thumbnail","hentry","category-sports"],"aioseo_notices":[],"yoast_head":"<!-- This site is optimized with the Yoast SEO plugin v27.5 - https:\/\/yoast.com\/product\/yoast-seo-wordpress\/ -->\n<title>Coupe de la Conf\u00e9d\u00e9ration\u00a0: Le Chabab en confiance, les Rouge et Noir dos au mur - La Sentinelle<\/title>\n<meta name=\"robots\" content=\"index, follow, max-snippet:-1, max-image-preview:large, max-video-preview:-1\" \/>\n<link rel=\"canonical\" href=\"https:\/\/lasentinelle.dz\/index.php\/2025\/10\/22\/coupe-de-la-confederation-le-chabab-en-confiance-les-rouge-et-noir-dos-au-mur\/\" \/>\n<meta property=\"og:locale\" content=\"fr_FR\" \/>\n<meta property=\"og:type\" content=\"article\" \/>\n<meta property=\"og:title\" content=\"Coupe de la Conf\u00e9d\u00e9ration\u00a0: Le Chabab en confiance, les Rouge et Noir dos au mur - La Sentinelle\" \/>\n<meta property=\"og:description\" content=\"Les deux repr\u00e9sentants alg\u00e9riens en Coupe de la Conf\u00e9d\u00e9ration africaine de football, l&rsquo;USM Alger et le CR Belouizdad, tenteront de\" \/>\n<meta property=\"og:url\" content=\"https:\/\/lasentinelle.dz\/index.php\/2025\/10\/22\/coupe-de-la-confederation-le-chabab-en-confiance-les-rouge-et-noir-dos-au-mur\/\" \/>\n<meta property=\"og:site_name\" content=\"La Sentinelle\" \/>\n<meta property=\"article:publisher\" content=\"https:\/\/www.facebook.com\/La-Sentinelle-104059864394773\" \/>\n<meta property=\"article:published_time\" content=\"2025-10-22T18:20:41+00:00\" \/>\n<meta property=\"article:modified_time\" content=\"2025-10-22T18:20:42+00:00\" \/>\n<meta property=\"og:image\" content=\"https:\/\/lasentinelle.dz\/wp-content\/uploads\/2025\/10\/USMA-2.jpg\" \/>\n\t<meta property=\"og:image:width\" content=\"1440\" \/>\n\t<meta property=\"og:image:height\" content=\"1152\" \/>\n\t<meta property=\"og:image:type\" content=\"image\/jpeg\" \/>\n<meta name=\"author\" content=\"admin\" \/>\n<meta name=\"twitter:card\" content=\"summary_large_image\" \/>\n<meta name=\"twitter:label1\" content=\"\u00c9crit par\" \/>\n\t<meta name=\"twitter:data1\" content=\"admin\" \/>\n\t<meta name=\"twitter:label2\" content=\"Dur\u00e9e de lecture estim\u00e9e\" \/>\n\t<meta name=\"twitter:data2\" content=\"4 minutes\" \/>\n<script type=\"application\/ld+json\" class=\"yoast-schema-graph\">{\"@context\":\"https:\\\/\\\/schema.org\",\"@graph\":[{\"@type\":\"Article\",\"@id\":\"https:\\\/\\\/lasentinelle.dz\\\/index.php\\\/2025\\\/10\\\/22\\\/coupe-de-la-confederation-le-chabab-en-confiance-les-rouge-et-noir-dos-au-mur\\\/#article\",\"isPartOf\":{\"@id\":\"https:\\\/\\\/lasentinelle.dz\\\/index.php\\\/2025\\\/10\\\/22\\\/coupe-de-la-confederation-le-chabab-en-confiance-les-rouge-et-noir-dos-au-mur\\\/\"},\"author\":{\"name\":\"admin\",\"@id\":\"https:\\\/\\\/lasentinelle.dz\\\/#\\\/schema\\\/person\\\/729ee0024f24e0b8c5ec17232f8e8b41\"},\"headline\":\"Coupe de la Conf\u00e9d\u00e9ration\u00a0: Le Chabab en confiance, les Rouge et Noir dos au mur\",\"datePublished\":\"2025-10-22T18:20:41+00:00\",\"dateModified\":\"2025-10-22T18:20:42+00:00\",\"mainEntityOfPage\":{\"@id\":\"https:\\\/\\\/lasentinelle.dz\\\/index.php\\\/2025\\\/10\\\/22\\\/coupe-de-la-confederation-le-chabab-en-confiance-les-rouge-et-noir-dos-au-mur\\\/\"},\"wordCount\":766,\"commentCount\":0,\"publisher\":{\"@id\":\"https:\\\/\\\/lasentinelle.dz\\\/#organization\"},\"image\":{\"@id\":\"https:\\\/\\\/lasentinelle.dz\\\/index.php\\\/2025\\\/10\\\/22\\\/coupe-de-la-confederation-le-chabab-en-confiance-les-rouge-et-noir-dos-au-mur\\\/#primaryimage\"},\"thumbnailUrl\":\"https:\\\/\\\/lasentinelle.dz\\\/wp-content\\\/uploads\\\/2025\\\/10\\\/USMA-2.jpg\",\"articleSection\":[\"Sports\"],\"inLanguage\":\"fr-FR\",\"potentialAction\":[{\"@type\":\"CommentAction\",\"name\":\"Comment\",\"target\":[\"https:\\\/\\\/lasentinelle.dz\\\/index.php\\\/2025\\\/10\\\/22\\\/coupe-de-la-confederation-le-chabab-en-confiance-les-rouge-et-noir-dos-au-mur\\\/#respond\"]}]},{\"@type\":\"WebPage\",\"@id\":\"https:\\\/\\\/lasentinelle.dz\\\/index.php\\\/2025\\\/10\\\/22\\\/coupe-de-la-confederation-le-chabab-en-confiance-les-rouge-et-noir-dos-au-mur\\\/\",\"url\":\"https:\\\/\\\/lasentinelle.dz\\\/index.php\\\/2025\\\/10\\\/22\\\/coupe-de-la-confederation-le-chabab-en-confiance-les-rouge-et-noir-dos-au-mur\\\/\",\"name\":\"Coupe de la Conf\u00e9d\u00e9ration\u00a0: Le Chabab en confiance, les Rouge et Noir dos au mur - La Sentinelle\",\"isPartOf\":{\"@id\":\"https:\\\/\\\/lasentinelle.dz\\\/#website\"},\"primaryImageOfPage\":{\"@id\":\"https:\\\/\\\/lasentinelle.dz\\\/index.php\\\/2025\\\/10\\\/22\\\/coupe-de-la-confederation-le-chabab-en-confiance-les-rouge-et-noir-dos-au-mur\\\/#primaryimage\"},\"image\":{\"@id\":\"https:\\\/\\\/lasentinelle.dz\\\/index.php\\\/2025\\\/10\\\/22\\\/coupe-de-la-confederation-le-chabab-en-confiance-les-rouge-et-noir-dos-au-mur\\\/#primaryimage\"},\"thumbnailUrl\":\"https:\\\/\\\/lasentinelle.dz\\\/wp-content\\\/uploads\\\/2025\\\/10\\\/USMA-2.jpg\",\"datePublished\":\"2025-10-22T18:20:41+00:00\",\"dateModified\":\"2025-10-22T18:20:42+00:00\",\"breadcrumb\":{\"@id\":\"https:\\\/\\\/lasentinelle.dz\\\/index.php\\\/2025\\\/10\\\/22\\\/coupe-de-la-confederation-le-chabab-en-confiance-les-rouge-et-noir-dos-au-mur\\\/#breadcrumb\"},\"inLanguage\":\"fr-FR\",\"potentialAction\":[{\"@type\":\"ReadAction\",\"target\":[\"https:\\\/\\\/lasentinelle.dz\\\/index.php\\\/2025\\\/10\\\/22\\\/coupe-de-la-confederation-le-chabab-en-confiance-les-rouge-et-noir-dos-au-mur\\\/\"]}]},{\"@type\":\"ImageObject\",\"inLanguage\":\"fr-FR\",\"@id\":\"https:\\\/\\\/lasentinelle.dz\\\/index.php\\\/2025\\\/10\\\/22\\\/coupe-de-la-confederation-le-chabab-en-confiance-les-rouge-et-noir-dos-au-mur\\\/#primaryimage\",\"url\":\"https:\\\/\\\/lasentinelle.dz\\\/wp-content\\\/uploads\\\/2025\\\/10\\\/USMA-2.jpg\",\"contentUrl\":\"https:\\\/\\\/lasentinelle.dz\\\/wp-content\\\/uploads\\\/2025\\\/10\\\/USMA-2.jpg\",\"width\":1440,\"height\":1152},{\"@type\":\"BreadcrumbList\",\"@id\":\"https:\\\/\\\/lasentinelle.dz\\\/index.php\\\/2025\\\/10\\\/22\\\/coupe-de-la-confederation-le-chabab-en-confiance-les-rouge-et-noir-dos-au-mur\\\/#breadcrumb\",\"itemListElement\":[{\"@type\":\"ListItem\",\"position\":1,\"name\":\"Accueil\",\"item\":\"https:\\\/\\\/lasentinelle.dz\\\/\"},{\"@type\":\"ListItem\",\"position\":2,\"name\":\"Coupe de la Conf\u00e9d\u00e9ration\u00a0: Le Chabab en confiance, les Rouge et Noir dos au mur\"}]},{\"@type\":\"WebSite\",\"@id\":\"https:\\\/\\\/lasentinelle.dz\\\/#website\",\"url\":\"https:\\\/\\\/lasentinelle.dz\\\/\",\"name\":\"La Sentinelle\",\"description\":\"Quotidien national d&#039;information\",\"publisher\":{\"@id\":\"https:\\\/\\\/lasentinelle.dz\\\/#organization\"},\"potentialAction\":[{\"@type\":\"SearchAction\",\"target\":{\"@type\":\"EntryPoint\",\"urlTemplate\":\"https:\\\/\\\/lasentinelle.dz\\\/?s={search_term_string}\"},\"query-input\":{\"@type\":\"PropertyValueSpecification\",\"valueRequired\":true,\"valueName\":\"search_term_string\"}}],\"inLanguage\":\"fr-FR\"},{\"@type\":\"Organization\",\"@id\":\"https:\\\/\\\/lasentinelle.dz\\\/#organization\",\"name\":\"Quotidien La Sentinelle\",\"url\":\"https:\\\/\\\/lasentinelle.dz\\\/\",\"logo\":{\"@type\":\"ImageObject\",\"inLanguage\":\"fr-FR\",\"@id\":\"https:\\\/\\\/lasentinelle.dz\\\/#\\\/schema\\\/logo\\\/image\\\/\",\"url\":\"https:\\\/\\\/lasentinelle.dz\\\/wp-content\\\/uploads\\\/2021\\\/09\\\/logo-sentinelleSLOGAN-1.png\",\"contentUrl\":\"https:\\\/\\\/lasentinelle.dz\\\/wp-content\\\/uploads\\\/2021\\\/09\\\/logo-sentinelleSLOGAN-1.png\",\"width\":615,\"height\":142,\"caption\":\"Quotidien La Sentinelle\"},\"image\":{\"@id\":\"https:\\\/\\\/lasentinelle.dz\\\/#\\\/schema\\\/logo\\\/image\\\/\"},\"sameAs\":[\"https:\\\/\\\/www.facebook.com\\\/La-Sentinelle-104059864394773\"]},{\"@type\":\"Person\",\"@id\":\"https:\\\/\\\/lasentinelle.dz\\\/#\\\/schema\\\/person\\\/729ee0024f24e0b8c5ec17232f8e8b41\",\"name\":\"admin\",\"image\":{\"@type\":\"ImageObject\",\"inLanguage\":\"fr-FR\",\"@id\":\"https:\\\/\\\/secure.gravatar.com\\\/avatar\\\/4c81fed838786e9b53f540bf46533e750f5d292099ae3b66cfc6fb1982e29df7?s=96&d=mm&r=g\",\"url\":\"https:\\\/\\\/secure.gravatar.com\\\/avatar\\\/4c81fed838786e9b53f540bf46533e750f5d292099ae3b66cfc6fb1982e29df7?s=96&d=mm&r=g\",\"contentUrl\":\"https:\\\/\\\/secure.gravatar.com\\\/avatar\\\/4c81fed838786e9b53f540bf46533e750f5d292099ae3b66cfc6fb1982e29df7?s=96&d=mm&r=g\",\"caption\":\"admin\"},\"description\":\"admin\",\"url\":\"https:\\\/\\\/lasentinelle.dz\\\/author\\\/admin\\\/\"}]}<\/script>\n<!-- \/ Yoast SEO plugin. -->","yoast_head_json":{"title":"Coupe de la Conf\u00e9d\u00e9ration\u00a0: Le Chabab en confiance, les Rouge et Noir dos au mur - La Sentinelle","robots":{"index":"index","follow":"follow","max-snippet":"max-snippet:-1","max-image-preview":"max-image-preview:large","max-video-preview":"max-video-preview:-1"},"canonical":"https:\/\/lasentinelle.dz\/index.php\/2025\/10\/22\/coupe-de-la-confederation-le-chabab-en-confiance-les-rouge-et-noir-dos-au-mur\/","og_locale":"fr_FR","og_type":"article","og_title":"Coupe de la Conf\u00e9d\u00e9ration\u00a0: Le Chabab en confiance, les Rouge et Noir dos au mur - La Sentinelle","og_description":"Les deux repr\u00e9sentants alg\u00e9riens en Coupe de la Conf\u00e9d\u00e9ration africaine de football, l&rsquo;USM Alger et le CR Belouizdad, tenteront de","og_url":"https:\/\/lasentinelle.dz\/index.php\/2025\/10\/22\/coupe-de-la-confederation-le-chabab-en-confiance-les-rouge-et-noir-dos-au-mur\/","og_site_name":"La Sentinelle","article_publisher":"https:\/\/www.facebook.com\/La-Sentinelle-104059864394773","article_published_time":"2025-10-22T18:20:41+00:00","article_modified_time":"2025-10-22T18:20:42+00:00","og_image":[{"width":1440,"height":1152,"url":"https:\/\/lasentinelle.dz\/wp-content\/uploads\/2025\/10\/USMA-2.jpg","type":"image\/jpeg"}],"author":"admin","twitter_card":"summary_large_image","twitter_misc":{"\u00c9crit par":"admin","Dur\u00e9e de lecture estim\u00e9e":"4 minutes"},"schema":{"@context":"https:\/\/schema.org","@graph":[{"@type":"Article","@id":"https:\/\/lasentinelle.dz\/index.php\/2025\/10\/22\/coupe-de-la-confederation-le-chabab-en-confiance-les-rouge-et-noir-dos-au-mur\/#article","isPartOf":{"@id":"https:\/\/lasentinelle.dz\/index.php\/2025\/10\/22\/coupe-de-la-confederation-le-chabab-en-confiance-les-rouge-et-noir-dos-au-mur\/"},"author":{"name":"admin","@id":"https:\/\/lasentinelle.dz\/#\/schema\/person\/729ee0024f24e0b8c5ec17232f8e8b41"},"headline":"Coupe de la Conf\u00e9d\u00e9ration\u00a0: Le Chabab en confiance, les Rouge et Noir dos au mur","datePublished":"2025-10-22T18:20:41+00:00","dateModified":"2025-10-22T18:20:42+00:00","mainEntityOfPage":{"@id":"https:\/\/lasentinelle.dz\/index.php\/2025\/10\/22\/coupe-de-la-confederation-le-chabab-en-confiance-les-rouge-et-noir-dos-au-mur\/"},"wordCount":766,"commentCount":0,"publisher":{"@id":"https:\/\/lasentinelle.dz\/#organization"},"image":{"@id":"https:\/\/lasentinelle.dz\/index.php\/2025\/10\/22\/coupe-de-la-confederation-le-chabab-en-confiance-les-rouge-et-noir-dos-au-mur\/#primaryimage"},"thumbnailUrl":"https:\/\/lasentinelle.dz\/wp-content\/uploads\/2025\/10\/USMA-2.jpg","articleSection":["Sports"],"inLanguage":"fr-FR","potentialAction":[{"@type":"CommentAction","name":"Comment","target":["https:\/\/lasentinelle.dz\/index.php\/2025\/10\/22\/coupe-de-la-confederation-le-chabab-en-confiance-les-rouge-et-noir-dos-au-mur\/#respond"]}]},{"@type":"WebPage","@id":"https:\/\/lasentinelle.dz\/index.php\/2025\/10\/22\/coupe-de-la-confederation-le-chabab-en-confiance-les-rouge-et-noir-dos-au-mur\/","url":"https:\/\/lasentinelle.dz\/index.php\/2025\/10\/22\/coupe-de-la-confederation-le-chabab-en-confiance-les-rouge-et-noir-dos-au-mur\/","name":"Coupe de la Conf\u00e9d\u00e9ration\u00a0: Le Chabab en confiance, les Rouge et Noir dos au mur - La Sentinelle","isPartOf":{"@id":"https:\/\/lasentinelle.dz\/#website"},"primaryImageOfPage":{"@id":"https:\/\/lasentinelle.dz\/index.php\/2025\/10\/22\/coupe-de-la-confederation-le-chabab-en-confiance-les-rouge-et-noir-dos-au-mur\/#primaryimage"},"image":{"@id":"https:\/\/lasentinelle.dz\/index.php\/2025\/10\/22\/coupe-de-la-confederation-le-chabab-en-confiance-les-rouge-et-noir-dos-au-mur\/#primaryimage"},"thumbnailUrl":"https:\/\/lasentinelle.dz\/wp-content\/uploads\/2025\/10\/USMA-2.jpg","datePublished":"2025-10-22T18:20:41+00:00","dateModified":"2025-10-22T18:20:42+00:00","breadcrumb":{"@id":"https:\/\/lasentinelle.dz\/index.php\/2025\/10\/22\/coupe-de-la-confederation-le-chabab-en-confiance-les-rouge-et-noir-dos-au-mur\/#breadcrumb"},"inLanguage":"fr-FR","potentialAction":[{"@type":"ReadAction","target":["https:\/\/lasentinelle.dz\/index.php\/2025\/10\/22\/coupe-de-la-confederation-le-chabab-en-confiance-les-rouge-et-noir-dos-au-mur\/"]}]},{"@type":"ImageObject","inLanguage":"fr-FR","@id":"https:\/\/lasentinelle.dz\/index.php\/2025\/10\/22\/coupe-de-la-confederation-le-chabab-en-confiance-les-rouge-et-noir-dos-au-mur\/#primaryimage","url":"https:\/\/lasentinelle.dz\/wp-content\/uploads\/2025\/10\/USMA-2.jpg","contentUrl":"https:\/\/lasentinelle.dz\/wp-content\/uploads\/2025\/10\/USMA-2.jpg","width":1440,"height":1152},{"@type":"BreadcrumbList","@id":"https:\/\/lasentinelle.dz\/index.php\/2025\/10\/22\/coupe-de-la-confederation-le-chabab-en-confiance-les-rouge-et-noir-dos-au-mur\/#breadcrumb","itemListElement":[{"@type":"ListItem","position":1,"name":"Accueil","item":"https:\/\/lasentinelle.dz\/"},{"@type":"ListItem","position":2,"name":"Coupe de la Conf\u00e9d\u00e9ration\u00a0: Le Chabab en confiance, les Rouge et Noir dos au mur"}]},{"@type":"WebSite","@id":"https:\/\/lasentinelle.dz\/#website","url":"https:\/\/lasentinelle.dz\/","name":"La Sentinelle","description":"Quotidien national d&#039;information","publisher":{"@id":"https:\/\/lasentinelle.dz\/#organization"},"potentialAction":[{"@type":"SearchAction","target":{"@type":"EntryPoint","urlTemplate":"https:\/\/lasentinelle.dz\/?s={search_term_string}"},"query-input":{"@type":"PropertyValueSpecification","valueRequired":true,"valueName":"search_term_string"}}],"inLanguage":"fr-FR"},{"@type":"Organization","@id":"https:\/\/lasentinelle.dz\/#organization","name":"Quotidien La Sentinelle","url":"https:\/\/lasentinelle.dz\/","logo":{"@type":"ImageObject","inLanguage":"fr-FR","@id":"https:\/\/lasentinelle.dz\/#\/schema\/logo\/image\/","url":"https:\/\/lasentinelle.dz\/wp-content\/uploads\/2021\/09\/logo-sentinelleSLOGAN-1.png","contentUrl":"https:\/\/lasentinelle.dz\/wp-content\/uploads\/2021\/09\/logo-sentinelleSLOGAN-1.png","width":615,"height":142,"caption":"Quotidien La Sentinelle"},"image":{"@id":"https:\/\/lasentinelle.dz\/#\/schema\/logo\/image\/"},"sameAs":["https:\/\/www.facebook.com\/La-Sentinelle-104059864394773"]},{"@type":"Person","@id":"https:\/\/lasentinelle.dz\/#\/schema\/person\/729ee0024f24e0b8c5ec17232f8e8b41","name":"admin","image":{"@type":"ImageObject","inLanguage":"fr-FR","@id":"https:\/\/secure.gravatar.com\/avatar\/4c81fed838786e9b53f540bf46533e750f5d292099ae3b66cfc6fb1982e29df7?s=96&d=mm&r=g","url":"https:\/\/secure.gravatar.com\/avatar\/4c81fed838786e9b53f540bf46533e750f5d292099ae3b66cfc6fb1982e29df7?s=96&d=mm&r=g","contentUrl":"https:\/\/secure.gravatar.com\/avatar\/4c81fed838786e9b53f540bf46533e750f5d292099ae3b66cfc6fb1982e29df7?s=96&d=mm&r=g","caption":"admin"},"description":"admin","url":"https:\/\/lasentinelle.dz\/author\/admin\/"}]}},"_links":{"self":[{"href":"https:\/\/lasentinelle.dz\/index.php\/wp-json\/wp\/v2\/posts\/75149","targetHints":{"allow":["GET"]}}],"collection":[{"href":"https:\/\/lasentinelle.dz\/index.php\/wp-json\/wp\/v2\/posts"}],"about":[{"href":"https:\/\/lasentinelle.dz\/index.php\/wp-json\/wp\/v2\/types\/post"}],"author":[{"embeddable":true,"href":"https:\/\/lasentinelle.dz\/index.php\/wp-json\/wp\/v2\/users\/6"}],"replies":[{"embeddable":true,"href":"https:\/\/lasentinelle.dz\/index.php\/wp-json\/wp\/v2\/comments?post=75149"}],"version-history":[{"count":1,"href":"https:\/\/lasentinelle.dz\/index.php\/wp-json\/wp\/v2\/posts\/75149\/revisions"}],"predecessor-version":[{"id":75151,"href":"https:\/\/lasentinelle.dz\/index.php\/wp-json\/wp\/v2\/posts\/75149\/revisions\/75151"}],"wp:featuredmedia":[{"embeddable":true,"href":"https:\/\/lasentinelle.dz\/index.php\/wp-json\/wp\/v2\/media\/75150"}],"wp:attachment":[{"href":"https:\/\/lasentinelle.dz\/index.php\/wp-json\/wp\/v2\/media?parent=75149"}],"wp:term":[{"taxonomy":"category","embeddable":true,"href":"https:\/\/lasentinelle.dz\/index.php\/wp-json\/wp\/v2\/categories?post=75149"},{"taxonomy":"post_tag","embeddable":true,"href":"https:\/\/lasentinelle.dz\/index.php\/wp-json\/wp\/v2\/tags?post=75149"}],"curies":[{"name":"wp","href":"https:\/\/api.w.org\/{rel}","templated":true}]}}