{"id":75152,"date":"2025-10-22T19:21:49","date_gmt":"2025-10-22T18:21:49","guid":{"rendered":"https:\/\/lasentinelle.dz\/?p=75152"},"modified":"2025-10-22T19:21:50","modified_gmt":"2025-10-22T18:21:50","slug":"algerie-cameroun-les-vertes-pour-prendre-option-sur-la-qualification","status":"publish","type":"post","link":"https:\/\/lasentinelle.dz\/index.php\/2025\/10\/22\/algerie-cameroun-les-vertes-pour-prendre-option-sur-la-qualification\/","title":{"rendered":"Alg\u00e9rie-Cameroun\u00a0: Les Vertes pour prendre option sur la qualification"},"content":{"rendered":"\n<p>La s\u00e9lection alg\u00e9rienne f\u00e9minine de football affronte ce jeudi \u00e0 19h00 le Cameroun au stade Miloud-Hadefi d&rsquo;Oran, en match aller du 2e et dernier tour des \u00e9liminatoires de la CAN-2026, avec l&rsquo;ambition de renverser pour la 1\u00e8re fois de son histoire la domination des Lionnes indomptables et prendre une option sur la qualification pour la phase finale pr\u00e9vue du 17 mars au 3 avril 2026.<\/p>\n\n\n\n<p>Cette confrontation rev\u00eat une importance capitale pour les co\u00e9quipi\u00e8res d&rsquo;Alouache qui nourrissent l&rsquo;ambition l\u00e9gitime de franchir un nouveau cap apr\u00e8s leur qualification historique au 2e tour lors de la pr\u00e9c\u00e9dente \u00e9dition. Le s\u00e9lectionneur national Farid Benstiti ne cache pas ses intentions. Conscient du d\u00e9fi qui attend ses joueuses face \u00e0 un adversaire qui a toujours eu le dessus lors des pr\u00e9c\u00e9dentes confrontations, le technicien alg\u00e9rien affiche n\u00e9anmoins une d\u00e9termination \u00e0 toute \u00e9preuve. Vu l&rsquo;historique des confrontations entre les 2 \u00e9quipes, les Camerounaises partent favorites, mais les choses changent et il y a un d\u00e9but \u00e0 tout. Ce match pourrait \u00eatre l&rsquo;occasion pour les Alg\u00e9riennes de changer la donne et de modifier le cours de l&rsquo;histoire entre les 2 s\u00e9lections. D\u00e8s l&rsquo;annonce du tirage au sort de ces \u00e9liminatoires, Benstiti s&rsquo;est attel\u00e9 \u00e0 \u00e9tudier minutieusement le Cameroun, estimant qu&rsquo;il \u00e9tait primordial de conna\u00eetre son adversaire. Au fil des semaines, il a r\u00e9uni suffisamment d&rsquo;informations sur les Lionnes indomptables pour cerner leurs points forts et leurs points faibles, ce qui l&rsquo;a consid\u00e9rablement aid\u00e9 dans l&rsquo;\u00e9laboration de son dispositif tactique. Cette pr\u00e9paration m\u00e9ticuleuse s&rsquo;est poursuivie au Centre technique national de Sidi Moussa o\u00f9 les Vertes ont intensifi\u00e9 leur travail. La s\u00e9ance d&rsquo;entra\u00eenement qui s&rsquo;est d\u00e9roul\u00e9e mardi en pr\u00e9sence de l&rsquo;ensemble de l&rsquo;effectif a \u00e9t\u00e9 consacr\u00e9e au volet technico-tactique, \u00e0 travers des exercices visant \u00e0 renforcer la coh\u00e9sion et d\u00e9velopper les automatismes collectifs.<\/p>\n\n\n\n<p>Le s\u00e9lectionneur national a convoqu\u00e9 26 joueuses pour cette double confrontation, dont 2 \u00e9voluant dans le championnat local. Toutefois, un grain de sable est venu perturber les plans du staff technique \u00e0 quelques heures du coup d&rsquo;envoi. L&rsquo;attaquante Morgane Ikene de l&rsquo;US Saint-Malo s&rsquo;est d\u00e9clar\u00e9e forfait en raison d&rsquo;une blessure. Pour pallier cette absence de derni\u00e8re minute, Benstiti a d\u00fb la remplacer par sa co\u00e9quipi\u00e8re In\u00e8s Khiri qui \u00e9volue au FC Yverdon Sport en Suisse. Un impr\u00e9vu de taille qui n&rsquo;a toutefois pas entam\u00e9 la volont\u00e9 des Alg\u00e9riennes de r\u00e9ussir un grand match et faire la diff\u00e9rence d\u00e8s cette 1\u00e8re manche pour pouvoir disputer le match retour avec plus de s\u00e9r\u00e9nit\u00e9.<\/p>\n\n\n\n<p>Les joueuses alg\u00e9riennes sont arriv\u00e9es mercredi \u00e0 Oran dans une ambiance marqu\u00e9e par l&rsquo;enthousiasme et la d\u00e9termination. Elles ont ralli\u00e9 leur lieu de r\u00e9sidence \u00e0 la veille de cette rencontre d\u00e9cisive avec l&rsquo;espoir de signer un bon r\u00e9sultat \u00e0 domicile. Une s\u00e9ance d&rsquo;entra\u00eenement \u00e9tait pr\u00e9vue mercredi \u00e0 dix-neuf heures sur la pelouse du terrain annexe du stade Miloud-Hadefi, \u00e0 la m\u00eame heure que celle du coup d&rsquo;envoi du match. Avant le d\u00e9but de la s\u00e9ance d&rsquo;entra\u00eenement mardi \u00e0 Sidi Moussa, une zone mixte avait \u00e9t\u00e9 organis\u00e9e au cours de laquelle Chlo\u00e9 N&rsquo;Gazi, Sofia Guellati, Lisa Jacob et Ikram Adjabi ont r\u00e9pondu aux questions des journalistes pr\u00e9sents, affichant leur confiance et leur envie de bien faire.<\/p>\n\n\n\n<p>Les footballeuses alg\u00e9riennes ne se voient pas \u00e9chouer avant la phase finale de la comp\u00e9tition, d&rsquo;autant que cette derni\u00e8re sera qualificative pour le Mondial 2027 qui se d\u00e9roulera du 24 juin au 25 juillet au Br\u00e9sil. Il s&rsquo;agit de la 10e \u00e9dition de ce tournoi plan\u00e9taire pendant lequel 32 nations seront en lice pour remporter le troph\u00e9e. L&rsquo;enjeu est donc consid\u00e9rable et les Vertes en ont pleinement conscience.<\/p>\n\n\n\n<p>En face, les Camerounaises affichent une ambition similaire de bien n\u00e9gocier cette double confrontation contre l&rsquo;Alg\u00e9rie. Le s\u00e9lectionneur Jean-Baptiste Bisseck a clairement d\u00e9fini ses attentes. Chaque ballon aura son importance et n\u00e9cessitera une pr\u00e9sence lucide des joueuses camerounaises qui devront se montrer agressives, mais dans le bon sens du terme. Le technicien camerounais ambitionne lui aussi de d\u00e9crocher le pr\u00e9cieux ticket pour la CAN-2026 tout en continuant \u00e0 \u00e9crire la belle histoire du Cameroun dans le football africain f\u00e9minin. Le coach des Lionnes indomptables a convoqu\u00e9 25 joueuses pour cette double confrontation contre l&rsquo;Alg\u00e9rie, soit 3 gardiennes, 7 d\u00e9fenseures, 8 milieux de terrain et 7 attaquantes. Parmi elles figurent des joueuses d&rsquo;exp\u00e9rience comme la capitaine Aboudi Onguene et Nchout Ajara, sans oublier Bihina Michaely qui effectue son retour chez les Lionnes indomptables. La s\u00e9lection camerounaise, qui avait b\u00e9n\u00e9fici\u00e9 d&rsquo;une exemption au 1er tour des \u00e9liminatoires, a entam\u00e9 sa pr\u00e9paration jeudi dernier \u00e0 Douala avant de rejoindre la capitale alg\u00e9rienne dimanche soir. Les Camerounaises ont effectu\u00e9 leur 1\u00e8re s\u00e9ance d&rsquo;entra\u00eenement d\u00e8s lundi sur le terrain annexe du complexe olympique Miloud-Hadefi avant de fouler mercredi soir la pelouse principale du stade qui accueillera la rencontre pour leur s\u00e9ance d&rsquo;entra\u00eenement officielle.<\/p>\n\n\n\n<p>Pour rappel, les Alg\u00e9riennes ont valid\u00e9 leur ticket pour ce 2e tour en dominant largement le Soudan du Sud lors du 1er tour disput\u00e9 en f\u00e9vrier dernier avec des victoires probantes de 5 buts \u00e0 0 \u00e0 l&rsquo;aller et 3 buts \u00e0 0 au retour. Le match retour entre les 2 s\u00e9lections aura lieu mardi prochain \u00e0 15h30 au stade de la R\u00e9unification \u00e0 Douala, o\u00f9 l&rsquo;Alg\u00e9rie devra confirmer ses ambitions sur la pelouse camerounaise.<\/p>\n\n\n\n<p>Moncef Dahleb<\/p>\n","protected":false},"excerpt":{"rendered":"<p>La s\u00e9lection alg\u00e9rienne f\u00e9minine de football affronte ce jeudi \u00e0 19h00 le Cameroun au stade Miloud-Hadefi d&rsquo;Oran, en match aller<\/p>\n","protected":false},"author":6,"featured_media":75153,"comment_status":"open","ping_status":"closed","sticky":false,"template":"","format":"standard","meta":{"colormag_page_container_layout":"default_layout","colormag_page_sidebar_layout":"default_layout","om_disable_all_campaigns":false,"_monsterinsights_skip_tracking":false,"_monsterinsights_sitenote_active":false,"_monsterinsights_sitenote_note":"","_monsterinsights_sitenote_category":0,"footnotes":"","_wpscppro_dont_share_socialmedia":false,"_wpscppro_custom_social_share_image":0,"_facebook_share_type":"default","_twitter_share_type":"default","_linkedin_share_type":"default","_pinterest_share_type":"default","_linkedin_share_type_page":"","_instagram_share_type":"default","_medium_share_type":"default","_threads_share_type":"default","_google_business_share_type":"default","_selected_social_profile":[],"_wpsp_enable_custom_social_template":false,"_wpsp_social_scheduling":{"enabled":false,"datetime":null,"platforms":[],"status":"template_only","dateOption":"today","timeOption":"now","customDays":"","customHours":"","customDate":"","customTime":"","schedulingType":"absolute"},"_wpsp_active_default_template":true},"categories":[33],"tags":[],"class_list":["post-75152","post","type-post","status-publish","format-standard","has-post-thumbnail","hentry","category-sports"],"aioseo_notices":[],"yoast_head":"<!-- This site is optimized with the Yoast SEO plugin v27.5 - https:\/\/yoast.com\/product\/yoast-seo-wordpress\/ -->\n<title>Alg\u00e9rie-Cameroun\u00a0: Les Vertes pour prendre option sur la qualification - La Sentinelle<\/title>\n<meta name=\"robots\" content=\"index, follow, max-snippet:-1, max-image-preview:large, max-video-preview:-1\" \/>\n<link rel=\"canonical\" href=\"https:\/\/lasentinelle.dz\/index.php\/2025\/10\/22\/algerie-cameroun-les-vertes-pour-prendre-option-sur-la-qualification\/\" \/>\n<meta property=\"og:locale\" content=\"fr_FR\" \/>\n<meta property=\"og:type\" content=\"article\" \/>\n<meta property=\"og:title\" content=\"Alg\u00e9rie-Cameroun\u00a0: Les Vertes pour prendre option sur la qualification - La Sentinelle\" \/>\n<meta property=\"og:description\" content=\"La s\u00e9lection alg\u00e9rienne f\u00e9minine de football affronte ce jeudi \u00e0 19h00 le Cameroun au stade Miloud-Hadefi d&rsquo;Oran, en match aller\" \/>\n<meta property=\"og:url\" content=\"https:\/\/lasentinelle.dz\/index.php\/2025\/10\/22\/algerie-cameroun-les-vertes-pour-prendre-option-sur-la-qualification\/\" \/>\n<meta property=\"og:site_name\" content=\"La Sentinelle\" \/>\n<meta property=\"article:publisher\" content=\"https:\/\/www.facebook.com\/La-Sentinelle-104059864394773\" \/>\n<meta property=\"article:published_time\" content=\"2025-10-22T18:21:49+00:00\" \/>\n<meta property=\"article:modified_time\" content=\"2025-10-22T18:21:50+00:00\" \/>\n<meta property=\"og:image\" content=\"https:\/\/lasentinelle.dz\/wp-content\/uploads\/2025\/10\/Dames-1.jpeg\" \/>\n\t<meta property=\"og:image:width\" content=\"2004\" \/>\n\t<meta property=\"og:image:height\" content=\"1417\" \/>\n\t<meta property=\"og:image:type\" content=\"image\/jpeg\" \/>\n<meta name=\"author\" content=\"admin\" \/>\n<meta name=\"twitter:card\" content=\"summary_large_image\" \/>\n<meta name=\"twitter:label1\" content=\"\u00c9crit par\" \/>\n\t<meta name=\"twitter:data1\" content=\"admin\" \/>\n\t<meta name=\"twitter:label2\" content=\"Dur\u00e9e de lecture estim\u00e9e\" \/>\n\t<meta name=\"twitter:data2\" content=\"5 minutes\" \/>\n<script type=\"application\/ld+json\" class=\"yoast-schema-graph\">{\"@context\":\"https:\\\/\\\/schema.org\",\"@graph\":[{\"@type\":\"Article\",\"@id\":\"https:\\\/\\\/lasentinelle.dz\\\/index.php\\\/2025\\\/10\\\/22\\\/algerie-cameroun-les-vertes-pour-prendre-option-sur-la-qualification\\\/#article\",\"isPartOf\":{\"@id\":\"https:\\\/\\\/lasentinelle.dz\\\/index.php\\\/2025\\\/10\\\/22\\\/algerie-cameroun-les-vertes-pour-prendre-option-sur-la-qualification\\\/\"},\"author\":{\"name\":\"admin\",\"@id\":\"https:\\\/\\\/lasentinelle.dz\\\/#\\\/schema\\\/person\\\/729ee0024f24e0b8c5ec17232f8e8b41\"},\"headline\":\"Alg\u00e9rie-Cameroun\u00a0: Les Vertes pour prendre option sur la qualification\",\"datePublished\":\"2025-10-22T18:21:49+00:00\",\"dateModified\":\"2025-10-22T18:21:50+00:00\",\"mainEntityOfPage\":{\"@id\":\"https:\\\/\\\/lasentinelle.dz\\\/index.php\\\/2025\\\/10\\\/22\\\/algerie-cameroun-les-vertes-pour-prendre-option-sur-la-qualification\\\/\"},\"wordCount\":973,\"commentCount\":0,\"publisher\":{\"@id\":\"https:\\\/\\\/lasentinelle.dz\\\/#organization\"},\"image\":{\"@id\":\"https:\\\/\\\/lasentinelle.dz\\\/index.php\\\/2025\\\/10\\\/22\\\/algerie-cameroun-les-vertes-pour-prendre-option-sur-la-qualification\\\/#primaryimage\"},\"thumbnailUrl\":\"https:\\\/\\\/lasentinelle.dz\\\/wp-content\\\/uploads\\\/2025\\\/10\\\/Dames-1.jpeg\",\"articleSection\":[\"Sports\"],\"inLanguage\":\"fr-FR\",\"potentialAction\":[{\"@type\":\"CommentAction\",\"name\":\"Comment\",\"target\":[\"https:\\\/\\\/lasentinelle.dz\\\/index.php\\\/2025\\\/10\\\/22\\\/algerie-cameroun-les-vertes-pour-prendre-option-sur-la-qualification\\\/#respond\"]}]},{\"@type\":\"WebPage\",\"@id\":\"https:\\\/\\\/lasentinelle.dz\\\/index.php\\\/2025\\\/10\\\/22\\\/algerie-cameroun-les-vertes-pour-prendre-option-sur-la-qualification\\\/\",\"url\":\"https:\\\/\\\/lasentinelle.dz\\\/index.php\\\/2025\\\/10\\\/22\\\/algerie-cameroun-les-vertes-pour-prendre-option-sur-la-qualification\\\/\",\"name\":\"Alg\u00e9rie-Cameroun\u00a0: Les Vertes pour prendre option sur la qualification - La Sentinelle\",\"isPartOf\":{\"@id\":\"https:\\\/\\\/lasentinelle.dz\\\/#website\"},\"primaryImageOfPage\":{\"@id\":\"https:\\\/\\\/lasentinelle.dz\\\/index.php\\\/2025\\\/10\\\/22\\\/algerie-cameroun-les-vertes-pour-prendre-option-sur-la-qualification\\\/#primaryimage\"},\"image\":{\"@id\":\"https:\\\/\\\/lasentinelle.dz\\\/index.php\\\/2025\\\/10\\\/22\\\/algerie-cameroun-les-vertes-pour-prendre-option-sur-la-qualification\\\/#primaryimage\"},\"thumbnailUrl\":\"https:\\\/\\\/lasentinelle.dz\\\/wp-content\\\/uploads\\\/2025\\\/10\\\/Dames-1.jpeg\",\"datePublished\":\"2025-10-22T18:21:49+00:00\",\"dateModified\":\"2025-10-22T18:21:50+00:00\",\"breadcrumb\":{\"@id\":\"https:\\\/\\\/lasentinelle.dz\\\/index.php\\\/2025\\\/10\\\/22\\\/algerie-cameroun-les-vertes-pour-prendre-option-sur-la-qualification\\\/#breadcrumb\"},\"inLanguage\":\"fr-FR\",\"potentialAction\":[{\"@type\":\"ReadAction\",\"target\":[\"https:\\\/\\\/lasentinelle.dz\\\/index.php\\\/2025\\\/10\\\/22\\\/algerie-cameroun-les-vertes-pour-prendre-option-sur-la-qualification\\\/\"]}]},{\"@type\":\"ImageObject\",\"inLanguage\":\"fr-FR\",\"@id\":\"https:\\\/\\\/lasentinelle.dz\\\/index.php\\\/2025\\\/10\\\/22\\\/algerie-cameroun-les-vertes-pour-prendre-option-sur-la-qualification\\\/#primaryimage\",\"url\":\"https:\\\/\\\/lasentinelle.dz\\\/wp-content\\\/uploads\\\/2025\\\/10\\\/Dames-1.jpeg\",\"contentUrl\":\"https:\\\/\\\/lasentinelle.dz\\\/wp-content\\\/uploads\\\/2025\\\/10\\\/Dames-1.jpeg\",\"width\":2004,\"height\":1417},{\"@type\":\"BreadcrumbList\",\"@id\":\"https:\\\/\\\/lasentinelle.dz\\\/index.php\\\/2025\\\/10\\\/22\\\/algerie-cameroun-les-vertes-pour-prendre-option-sur-la-qualification\\\/#breadcrumb\",\"itemListElement\":[{\"@type\":\"ListItem\",\"position\":1,\"name\":\"Accueil\",\"item\":\"https:\\\/\\\/lasentinelle.dz\\\/\"},{\"@type\":\"ListItem\",\"position\":2,\"name\":\"Alg\u00e9rie-Cameroun\u00a0: Les Vertes pour prendre option sur la qualification\"}]},{\"@type\":\"WebSite\",\"@id\":\"https:\\\/\\\/lasentinelle.dz\\\/#website\",\"url\":\"https:\\\/\\\/lasentinelle.dz\\\/\",\"name\":\"La Sentinelle\",\"description\":\"Quotidien national d&#039;information\",\"publisher\":{\"@id\":\"https:\\\/\\\/lasentinelle.dz\\\/#organization\"},\"potentialAction\":[{\"@type\":\"SearchAction\",\"target\":{\"@type\":\"EntryPoint\",\"urlTemplate\":\"https:\\\/\\\/lasentinelle.dz\\\/?s={search_term_string}\"},\"query-input\":{\"@type\":\"PropertyValueSpecification\",\"valueRequired\":true,\"valueName\":\"search_term_string\"}}],\"inLanguage\":\"fr-FR\"},{\"@type\":\"Organization\",\"@id\":\"https:\\\/\\\/lasentinelle.dz\\\/#organization\",\"name\":\"Quotidien La Sentinelle\",\"url\":\"https:\\\/\\\/lasentinelle.dz\\\/\",\"logo\":{\"@type\":\"ImageObject\",\"inLanguage\":\"fr-FR\",\"@id\":\"https:\\\/\\\/lasentinelle.dz\\\/#\\\/schema\\\/logo\\\/image\\\/\",\"url\":\"https:\\\/\\\/lasentinelle.dz\\\/wp-content\\\/uploads\\\/2021\\\/09\\\/logo-sentinelleSLOGAN-1.png\",\"contentUrl\":\"https:\\\/\\\/lasentinelle.dz\\\/wp-content\\\/uploads\\\/2021\\\/09\\\/logo-sentinelleSLOGAN-1.png\",\"width\":615,\"height\":142,\"caption\":\"Quotidien La Sentinelle\"},\"image\":{\"@id\":\"https:\\\/\\\/lasentinelle.dz\\\/#\\\/schema\\\/logo\\\/image\\\/\"},\"sameAs\":[\"https:\\\/\\\/www.facebook.com\\\/La-Sentinelle-104059864394773\"]},{\"@type\":\"Person\",\"@id\":\"https:\\\/\\\/lasentinelle.dz\\\/#\\\/schema\\\/person\\\/729ee0024f24e0b8c5ec17232f8e8b41\",\"name\":\"admin\",\"image\":{\"@type\":\"ImageObject\",\"inLanguage\":\"fr-FR\",\"@id\":\"https:\\\/\\\/secure.gravatar.com\\\/avatar\\\/4c81fed838786e9b53f540bf46533e750f5d292099ae3b66cfc6fb1982e29df7?s=96&d=mm&r=g\",\"url\":\"https:\\\/\\\/secure.gravatar.com\\\/avatar\\\/4c81fed838786e9b53f540bf46533e750f5d292099ae3b66cfc6fb1982e29df7?s=96&d=mm&r=g\",\"contentUrl\":\"https:\\\/\\\/secure.gravatar.com\\\/avatar\\\/4c81fed838786e9b53f540bf46533e750f5d292099ae3b66cfc6fb1982e29df7?s=96&d=mm&r=g\",\"caption\":\"admin\"},\"description\":\"admin\",\"url\":\"https:\\\/\\\/lasentinelle.dz\\\/author\\\/admin\\\/\"}]}<\/script>\n<!-- \/ Yoast SEO plugin. -->","yoast_head_json":{"title":"Alg\u00e9rie-Cameroun\u00a0: Les Vertes pour prendre option sur la qualification - La Sentinelle","robots":{"index":"index","follow":"follow","max-snippet":"max-snippet:-1","max-image-preview":"max-image-preview:large","max-video-preview":"max-video-preview:-1"},"canonical":"https:\/\/lasentinelle.dz\/index.php\/2025\/10\/22\/algerie-cameroun-les-vertes-pour-prendre-option-sur-la-qualification\/","og_locale":"fr_FR","og_type":"article","og_title":"Alg\u00e9rie-Cameroun\u00a0: Les Vertes pour prendre option sur la qualification - La Sentinelle","og_description":"La s\u00e9lection alg\u00e9rienne f\u00e9minine de football affronte ce jeudi \u00e0 19h00 le Cameroun au stade Miloud-Hadefi d&rsquo;Oran, en match aller","og_url":"https:\/\/lasentinelle.dz\/index.php\/2025\/10\/22\/algerie-cameroun-les-vertes-pour-prendre-option-sur-la-qualification\/","og_site_name":"La Sentinelle","article_publisher":"https:\/\/www.facebook.com\/La-Sentinelle-104059864394773","article_published_time":"2025-10-22T18:21:49+00:00","article_modified_time":"2025-10-22T18:21:50+00:00","og_image":[{"width":2004,"height":1417,"url":"https:\/\/lasentinelle.dz\/wp-content\/uploads\/2025\/10\/Dames-1.jpeg","type":"image\/jpeg"}],"author":"admin","twitter_card":"summary_large_image","twitter_misc":{"\u00c9crit par":"admin","Dur\u00e9e de lecture estim\u00e9e":"5 minutes"},"schema":{"@context":"https:\/\/schema.org","@graph":[{"@type":"Article","@id":"https:\/\/lasentinelle.dz\/index.php\/2025\/10\/22\/algerie-cameroun-les-vertes-pour-prendre-option-sur-la-qualification\/#article","isPartOf":{"@id":"https:\/\/lasentinelle.dz\/index.php\/2025\/10\/22\/algerie-cameroun-les-vertes-pour-prendre-option-sur-la-qualification\/"},"author":{"name":"admin","@id":"https:\/\/lasentinelle.dz\/#\/schema\/person\/729ee0024f24e0b8c5ec17232f8e8b41"},"headline":"Alg\u00e9rie-Cameroun\u00a0: Les Vertes pour prendre option sur la qualification","datePublished":"2025-10-22T18:21:49+00:00","dateModified":"2025-10-22T18:21:50+00:00","mainEntityOfPage":{"@id":"https:\/\/lasentinelle.dz\/index.php\/2025\/10\/22\/algerie-cameroun-les-vertes-pour-prendre-option-sur-la-qualification\/"},"wordCount":973,"commentCount":0,"publisher":{"@id":"https:\/\/lasentinelle.dz\/#organization"},"image":{"@id":"https:\/\/lasentinelle.dz\/index.php\/2025\/10\/22\/algerie-cameroun-les-vertes-pour-prendre-option-sur-la-qualification\/#primaryimage"},"thumbnailUrl":"https:\/\/lasentinelle.dz\/wp-content\/uploads\/2025\/10\/Dames-1.jpeg","articleSection":["Sports"],"inLanguage":"fr-FR","potentialAction":[{"@type":"CommentAction","name":"Comment","target":["https:\/\/lasentinelle.dz\/index.php\/2025\/10\/22\/algerie-cameroun-les-vertes-pour-prendre-option-sur-la-qualification\/#respond"]}]},{"@type":"WebPage","@id":"https:\/\/lasentinelle.dz\/index.php\/2025\/10\/22\/algerie-cameroun-les-vertes-pour-prendre-option-sur-la-qualification\/","url":"https:\/\/lasentinelle.dz\/index.php\/2025\/10\/22\/algerie-cameroun-les-vertes-pour-prendre-option-sur-la-qualification\/","name":"Alg\u00e9rie-Cameroun\u00a0: Les Vertes pour prendre option sur la qualification - La Sentinelle","isPartOf":{"@id":"https:\/\/lasentinelle.dz\/#website"},"primaryImageOfPage":{"@id":"https:\/\/lasentinelle.dz\/index.php\/2025\/10\/22\/algerie-cameroun-les-vertes-pour-prendre-option-sur-la-qualification\/#primaryimage"},"image":{"@id":"https:\/\/lasentinelle.dz\/index.php\/2025\/10\/22\/algerie-cameroun-les-vertes-pour-prendre-option-sur-la-qualification\/#primaryimage"},"thumbnailUrl":"https:\/\/lasentinelle.dz\/wp-content\/uploads\/2025\/10\/Dames-1.jpeg","datePublished":"2025-10-22T18:21:49+00:00","dateModified":"2025-10-22T18:21:50+00:00","breadcrumb":{"@id":"https:\/\/lasentinelle.dz\/index.php\/2025\/10\/22\/algerie-cameroun-les-vertes-pour-prendre-option-sur-la-qualification\/#breadcrumb"},"inLanguage":"fr-FR","potentialAction":[{"@type":"ReadAction","target":["https:\/\/lasentinelle.dz\/index.php\/2025\/10\/22\/algerie-cameroun-les-vertes-pour-prendre-option-sur-la-qualification\/"]}]},{"@type":"ImageObject","inLanguage":"fr-FR","@id":"https:\/\/lasentinelle.dz\/index.php\/2025\/10\/22\/algerie-cameroun-les-vertes-pour-prendre-option-sur-la-qualification\/#primaryimage","url":"https:\/\/lasentinelle.dz\/wp-content\/uploads\/2025\/10\/Dames-1.jpeg","contentUrl":"https:\/\/lasentinelle.dz\/wp-content\/uploads\/2025\/10\/Dames-1.jpeg","width":2004,"height":1417},{"@type":"BreadcrumbList","@id":"https:\/\/lasentinelle.dz\/index.php\/2025\/10\/22\/algerie-cameroun-les-vertes-pour-prendre-option-sur-la-qualification\/#breadcrumb","itemListElement":[{"@type":"ListItem","position":1,"name":"Accueil","item":"https:\/\/lasentinelle.dz\/"},{"@type":"ListItem","position":2,"name":"Alg\u00e9rie-Cameroun\u00a0: Les Vertes pour prendre option sur la qualification"}]},{"@type":"WebSite","@id":"https:\/\/lasentinelle.dz\/#website","url":"https:\/\/lasentinelle.dz\/","name":"La Sentinelle","description":"Quotidien national d&#039;information","publisher":{"@id":"https:\/\/lasentinelle.dz\/#organization"},"potentialAction":[{"@type":"SearchAction","target":{"@type":"EntryPoint","urlTemplate":"https:\/\/lasentinelle.dz\/?s={search_term_string}"},"query-input":{"@type":"PropertyValueSpecification","valueRequired":true,"valueName":"search_term_string"}}],"inLanguage":"fr-FR"},{"@type":"Organization","@id":"https:\/\/lasentinelle.dz\/#organization","name":"Quotidien La Sentinelle","url":"https:\/\/lasentinelle.dz\/","logo":{"@type":"ImageObject","inLanguage":"fr-FR","@id":"https:\/\/lasentinelle.dz\/#\/schema\/logo\/image\/","url":"https:\/\/lasentinelle.dz\/wp-content\/uploads\/2021\/09\/logo-sentinelleSLOGAN-1.png","contentUrl":"https:\/\/lasentinelle.dz\/wp-content\/uploads\/2021\/09\/logo-sentinelleSLOGAN-1.png","width":615,"height":142,"caption":"Quotidien La Sentinelle"},"image":{"@id":"https:\/\/lasentinelle.dz\/#\/schema\/logo\/image\/"},"sameAs":["https:\/\/www.facebook.com\/La-Sentinelle-104059864394773"]},{"@type":"Person","@id":"https:\/\/lasentinelle.dz\/#\/schema\/person\/729ee0024f24e0b8c5ec17232f8e8b41","name":"admin","image":{"@type":"ImageObject","inLanguage":"fr-FR","@id":"https:\/\/secure.gravatar.com\/avatar\/4c81fed838786e9b53f540bf46533e750f5d292099ae3b66cfc6fb1982e29df7?s=96&d=mm&r=g","url":"https:\/\/secure.gravatar.com\/avatar\/4c81fed838786e9b53f540bf46533e750f5d292099ae3b66cfc6fb1982e29df7?s=96&d=mm&r=g","contentUrl":"https:\/\/secure.gravatar.com\/avatar\/4c81fed838786e9b53f540bf46533e750f5d292099ae3b66cfc6fb1982e29df7?s=96&d=mm&r=g","caption":"admin"},"description":"admin","url":"https:\/\/lasentinelle.dz\/author\/admin\/"}]}},"_links":{"self":[{"href":"https:\/\/lasentinelle.dz\/index.php\/wp-json\/wp\/v2\/posts\/75152","targetHints":{"allow":["GET"]}}],"collection":[{"href":"https:\/\/lasentinelle.dz\/index.php\/wp-json\/wp\/v2\/posts"}],"about":[{"href":"https:\/\/lasentinelle.dz\/index.php\/wp-json\/wp\/v2\/types\/post"}],"author":[{"embeddable":true,"href":"https:\/\/lasentinelle.dz\/index.php\/wp-json\/wp\/v2\/users\/6"}],"replies":[{"embeddable":true,"href":"https:\/\/lasentinelle.dz\/index.php\/wp-json\/wp\/v2\/comments?post=75152"}],"version-history":[{"count":1,"href":"https:\/\/lasentinelle.dz\/index.php\/wp-json\/wp\/v2\/posts\/75152\/revisions"}],"predecessor-version":[{"id":75154,"href":"https:\/\/lasentinelle.dz\/index.php\/wp-json\/wp\/v2\/posts\/75152\/revisions\/75154"}],"wp:featuredmedia":[{"embeddable":true,"href":"https:\/\/lasentinelle.dz\/index.php\/wp-json\/wp\/v2\/media\/75153"}],"wp:attachment":[{"href":"https:\/\/lasentinelle.dz\/index.php\/wp-json\/wp\/v2\/media?parent=75152"}],"wp:term":[{"taxonomy":"category","embeddable":true,"href":"https:\/\/lasentinelle.dz\/index.php\/wp-json\/wp\/v2\/categories?post=75152"},{"taxonomy":"post_tag","embeddable":true,"href":"https:\/\/lasentinelle.dz\/index.php\/wp-json\/wp\/v2\/tags?post=75152"}],"curies":[{"name":"wp","href":"https:\/\/api.w.org\/{rel}","templated":true}]}}