{"id":75155,"date":"2025-10-22T19:23:09","date_gmt":"2025-10-22T18:23:09","guid":{"rendered":"https:\/\/lasentinelle.dz\/?p=75155"},"modified":"2025-10-22T19:23:10","modified_gmt":"2025-10-22T18:23:10","slug":"caf-awards-2025-lalgerie-nominee-pour-le-titre-de-meilleure-selection-africaine","status":"publish","type":"post","link":"https:\/\/lasentinelle.dz\/index.php\/2025\/10\/22\/caf-awards-2025-lalgerie-nominee-pour-le-titre-de-meilleure-selection-africaine\/","title":{"rendered":"CAF Awards 2025\u00a0: L&rsquo;Alg\u00e9rie nomin\u00e9e pour le titre de meilleure s\u00e9lection africaine"},"content":{"rendered":"\n<p>La s\u00e9lection alg\u00e9rienne masculine de football, qualifi\u00e9e \u00e0 la Coupe du monde 2026, figure parmi les dix \u00e9quipes nomin\u00e9es pour le titre de meilleure s\u00e9lection nationale africaine de l&rsquo;ann\u00e9e, dans le cadre des CAF Awards 2025, selon la liste d\u00e9voil\u00e9e mercredi par la Conf\u00e9d\u00e9ration africaine (CAF). Sous la conduite de l&rsquo;entra\u00eeneur bosnien Vladimir Petkovic, la s\u00e9lection nationale s&rsquo;est brillamment qualifi\u00e9e pour la Coupe du monde 2026, en dominant largement le groupe G, avec sept longueurs d&rsquo;avance sur ses poursuivants directs, l&rsquo;Ouganda et le Mozambique. Les \u00ab\u00a0Verts\u00a0\u00bb ont \u00e9galement valid\u00e9 haut la main leur billet pour la Coupe d&rsquo;Afrique des Nations CAN-2025. En d\u00e9pit de sa large contribution \u00e0 l&rsquo;excellent parcours de l&rsquo;\u00e9quipe nationale, Vladimir Petkovic n&rsquo;a pas \u00e9t\u00e9 retenu, \u00e0 la grande surprise, dans la liste des nomin\u00e9s pour le troph\u00e9e de meilleur entra\u00eeneur africain de l&rsquo;ann\u00e9e. Outre l&rsquo;Alg\u00e9rie, les neuf autres s\u00e9lections africaines en lice sont : le Cap-Vert, la C\u00f4te d&rsquo;Ivoire, l&rsquo;Egypte, le Ghana, le Maroc, le Maroc U20, le S\u00e9n\u00e9gal, l&rsquo;Afrique du Sud et la Tunisie. Dans la cat\u00e9gorie \u00ab\u00a0meilleur club africain de l&rsquo;ann\u00e9e\u00a0\u00bb, deux \u00e9quipes alg\u00e9riennes figurent parmi les nomin\u00e9es : le CS Constantine, demi-finaliste de la Coupe de la Conf\u00e9d\u00e9ration, et le CR Belouizdad, qui avait pris part \u00e0 la phase de poules de la Ligue des champions. Dans les distinctions individuelles, l&rsquo;ancien attaquant de l&rsquo;USM Alger, Ismail Belkacemi (transf\u00e9r\u00e9 \u00e0 Al-Ahly SC, Libye), est en lice pour le titre de meilleur joueur africain \u00e9voluant sur le continent. L&rsquo;attaquant de 32 ans avait largement contribu\u00e9 \u00e0 la belle \u00e9pop\u00e9e de l&rsquo;USM Alger lors de la derni\u00e8re Coupe de la Conf\u00e9d\u00e9ration, en inscrivant cinq buts et distillant deux passes d\u00e9cisives. Dans la cat\u00e9gorie de meilleur joueur africain \u00e9voluant \u00e0 l&rsquo;\u00e9tranger, l&rsquo;international alg\u00e9rien Mohamed Amoura, meilleur buteur des qualifications de la Coupe du monde 2026 avec dix r\u00e9alisations, ne figure pas parmi les dix nomin\u00e9s, une absence de marque difficile \u00e0 expliquer. Pour rappel, la gardienne internationale alg\u00e9rienne de l&rsquo;Olympique de Marseille, Chlo\u00e9 Ngazi, figure parmi les dix nomin\u00e9es pour le titre de meilleure gardienne africaine de l&rsquo;ann\u00e9e, dans la liste d\u00e9voil\u00e9e vendredi dernier. Ngazi (29 ans) s&rsquo;est impos\u00e9e ces derni\u00e8res ann\u00e9es comme l&rsquo;une des valeurs s\u00fbres du poste, aussi bien avec son club qu&rsquo;avec la s\u00e9lection alg\u00e9rienne, gr\u00e2ce \u00e0 sa constance et ses prestations solides sous les couleurs marseillaises. La porti\u00e8re avait \u00e9t\u00e9 appel\u00e9e pour la premi\u00e8re fois en \u00e9quipe nationale en mars 2020, lors d&rsquo;un stage pr\u00e9paratoire au premier tour \u00e9liminatoire de la CAN f\u00e9minine 2020, finalement annul\u00e9e \u00e0 cause de la pand\u00e9mie de Covid-19. Elle a ensuite honor\u00e9 sa premi\u00e8re s\u00e9lection officielle en octobre 2021, sous la houlette de Radia Fertoul, lors de la large victoire de l&rsquo;Alg\u00e9rie face au Soudan (14-0) en qualifications pour la CAN-2022.<\/p>\n\n\n\n<p>APS<\/p>\n","protected":false},"excerpt":{"rendered":"<p>La s\u00e9lection alg\u00e9rienne masculine de football, qualifi\u00e9e \u00e0 la Coupe du monde 2026, figure parmi les dix \u00e9quipes nomin\u00e9es pour<\/p>\n","protected":false},"author":6,"featured_media":74768,"comment_status":"open","ping_status":"closed","sticky":false,"template":"","format":"standard","meta":{"colormag_page_container_layout":"default_layout","colormag_page_sidebar_layout":"default_layout","om_disable_all_campaigns":false,"_monsterinsights_skip_tracking":false,"_monsterinsights_sitenote_active":false,"_monsterinsights_sitenote_note":"","_monsterinsights_sitenote_category":0,"footnotes":"","_wpscppro_dont_share_socialmedia":false,"_wpscppro_custom_social_share_image":0,"_facebook_share_type":"default","_twitter_share_type":"default","_linkedin_share_type":"default","_pinterest_share_type":"default","_linkedin_share_type_page":"","_instagram_share_type":"default","_medium_share_type":"default","_threads_share_type":"default","_google_business_share_type":"default","_selected_social_profile":[],"_wpsp_enable_custom_social_template":false,"_wpsp_social_scheduling":{"enabled":false,"datetime":null,"platforms":[],"status":"template_only","dateOption":"today","timeOption":"now","customDays":"","customHours":"","customDate":"","customTime":"","schedulingType":"absolute"},"_wpsp_active_default_template":true},"categories":[52,33],"tags":[],"class_list":["post-75155","post","type-post","status-publish","format-standard","has-post-thumbnail","hentry","category-a-la-une","category-sports"],"aioseo_notices":[],"yoast_head":"<!-- This site is optimized with the Yoast SEO plugin v27.5 - https:\/\/yoast.com\/product\/yoast-seo-wordpress\/ -->\n<title>CAF Awards 2025\u00a0: L&rsquo;Alg\u00e9rie nomin\u00e9e pour le titre de meilleure s\u00e9lection africaine - La Sentinelle<\/title>\n<meta name=\"robots\" content=\"index, follow, max-snippet:-1, max-image-preview:large, max-video-preview:-1\" \/>\n<link rel=\"canonical\" href=\"https:\/\/lasentinelle.dz\/index.php\/2025\/10\/22\/caf-awards-2025-lalgerie-nominee-pour-le-titre-de-meilleure-selection-africaine\/\" \/>\n<meta property=\"og:locale\" content=\"fr_FR\" \/>\n<meta property=\"og:type\" content=\"article\" \/>\n<meta property=\"og:title\" content=\"CAF Awards 2025\u00a0: L&rsquo;Alg\u00e9rie nomin\u00e9e pour le titre de meilleure s\u00e9lection africaine - La Sentinelle\" \/>\n<meta property=\"og:description\" content=\"La s\u00e9lection alg\u00e9rienne masculine de football, qualifi\u00e9e \u00e0 la Coupe du monde 2026, figure parmi les dix \u00e9quipes nomin\u00e9es pour\" \/>\n<meta property=\"og:url\" content=\"https:\/\/lasentinelle.dz\/index.php\/2025\/10\/22\/caf-awards-2025-lalgerie-nominee-pour-le-titre-de-meilleure-selection-africaine\/\" \/>\n<meta property=\"og:site_name\" content=\"La Sentinelle\" \/>\n<meta property=\"article:publisher\" content=\"https:\/\/www.facebook.com\/La-Sentinelle-104059864394773\" \/>\n<meta property=\"article:published_time\" content=\"2025-10-22T18:23:09+00:00\" \/>\n<meta property=\"article:modified_time\" content=\"2025-10-22T18:23:10+00:00\" \/>\n<meta property=\"og:image\" content=\"https:\/\/lasentinelle.dz\/wp-content\/uploads\/2025\/10\/Fennecs-1.jpg\" \/>\n\t<meta property=\"og:image:width\" content=\"1440\" \/>\n\t<meta property=\"og:image:height\" content=\"960\" \/>\n\t<meta property=\"og:image:type\" content=\"image\/jpeg\" \/>\n<meta name=\"author\" content=\"admin\" \/>\n<meta name=\"twitter:card\" content=\"summary_large_image\" \/>\n<meta name=\"twitter:label1\" content=\"\u00c9crit par\" \/>\n\t<meta name=\"twitter:data1\" content=\"admin\" \/>\n\t<meta name=\"twitter:label2\" content=\"Dur\u00e9e de lecture estim\u00e9e\" \/>\n\t<meta name=\"twitter:data2\" content=\"3 minutes\" \/>\n<script type=\"application\/ld+json\" class=\"yoast-schema-graph\">{\"@context\":\"https:\\\/\\\/schema.org\",\"@graph\":[{\"@type\":\"Article\",\"@id\":\"https:\\\/\\\/lasentinelle.dz\\\/index.php\\\/2025\\\/10\\\/22\\\/caf-awards-2025-lalgerie-nominee-pour-le-titre-de-meilleure-selection-africaine\\\/#article\",\"isPartOf\":{\"@id\":\"https:\\\/\\\/lasentinelle.dz\\\/index.php\\\/2025\\\/10\\\/22\\\/caf-awards-2025-lalgerie-nominee-pour-le-titre-de-meilleure-selection-africaine\\\/\"},\"author\":{\"name\":\"admin\",\"@id\":\"https:\\\/\\\/lasentinelle.dz\\\/#\\\/schema\\\/person\\\/729ee0024f24e0b8c5ec17232f8e8b41\"},\"headline\":\"CAF Awards 2025\u00a0: L&rsquo;Alg\u00e9rie nomin\u00e9e pour le titre de meilleure s\u00e9lection africaine\",\"datePublished\":\"2025-10-22T18:23:09+00:00\",\"dateModified\":\"2025-10-22T18:23:10+00:00\",\"mainEntityOfPage\":{\"@id\":\"https:\\\/\\\/lasentinelle.dz\\\/index.php\\\/2025\\\/10\\\/22\\\/caf-awards-2025-lalgerie-nominee-pour-le-titre-de-meilleure-selection-africaine\\\/\"},\"wordCount\":538,\"commentCount\":0,\"publisher\":{\"@id\":\"https:\\\/\\\/lasentinelle.dz\\\/#organization\"},\"image\":{\"@id\":\"https:\\\/\\\/lasentinelle.dz\\\/index.php\\\/2025\\\/10\\\/22\\\/caf-awards-2025-lalgerie-nominee-pour-le-titre-de-meilleure-selection-africaine\\\/#primaryimage\"},\"thumbnailUrl\":\"https:\\\/\\\/lasentinelle.dz\\\/wp-content\\\/uploads\\\/2025\\\/10\\\/Fennecs-1.jpg\",\"articleSection\":[\"\u00c0 la Une\",\"Sports\"],\"inLanguage\":\"fr-FR\",\"potentialAction\":[{\"@type\":\"CommentAction\",\"name\":\"Comment\",\"target\":[\"https:\\\/\\\/lasentinelle.dz\\\/index.php\\\/2025\\\/10\\\/22\\\/caf-awards-2025-lalgerie-nominee-pour-le-titre-de-meilleure-selection-africaine\\\/#respond\"]}]},{\"@type\":\"WebPage\",\"@id\":\"https:\\\/\\\/lasentinelle.dz\\\/index.php\\\/2025\\\/10\\\/22\\\/caf-awards-2025-lalgerie-nominee-pour-le-titre-de-meilleure-selection-africaine\\\/\",\"url\":\"https:\\\/\\\/lasentinelle.dz\\\/index.php\\\/2025\\\/10\\\/22\\\/caf-awards-2025-lalgerie-nominee-pour-le-titre-de-meilleure-selection-africaine\\\/\",\"name\":\"CAF Awards 2025\u00a0: L&rsquo;Alg\u00e9rie nomin\u00e9e pour le titre de meilleure s\u00e9lection africaine - La Sentinelle\",\"isPartOf\":{\"@id\":\"https:\\\/\\\/lasentinelle.dz\\\/#website\"},\"primaryImageOfPage\":{\"@id\":\"https:\\\/\\\/lasentinelle.dz\\\/index.php\\\/2025\\\/10\\\/22\\\/caf-awards-2025-lalgerie-nominee-pour-le-titre-de-meilleure-selection-africaine\\\/#primaryimage\"},\"image\":{\"@id\":\"https:\\\/\\\/lasentinelle.dz\\\/index.php\\\/2025\\\/10\\\/22\\\/caf-awards-2025-lalgerie-nominee-pour-le-titre-de-meilleure-selection-africaine\\\/#primaryimage\"},\"thumbnailUrl\":\"https:\\\/\\\/lasentinelle.dz\\\/wp-content\\\/uploads\\\/2025\\\/10\\\/Fennecs-1.jpg\",\"datePublished\":\"2025-10-22T18:23:09+00:00\",\"dateModified\":\"2025-10-22T18:23:10+00:00\",\"breadcrumb\":{\"@id\":\"https:\\\/\\\/lasentinelle.dz\\\/index.php\\\/2025\\\/10\\\/22\\\/caf-awards-2025-lalgerie-nominee-pour-le-titre-de-meilleure-selection-africaine\\\/#breadcrumb\"},\"inLanguage\":\"fr-FR\",\"potentialAction\":[{\"@type\":\"ReadAction\",\"target\":[\"https:\\\/\\\/lasentinelle.dz\\\/index.php\\\/2025\\\/10\\\/22\\\/caf-awards-2025-lalgerie-nominee-pour-le-titre-de-meilleure-selection-africaine\\\/\"]}]},{\"@type\":\"ImageObject\",\"inLanguage\":\"fr-FR\",\"@id\":\"https:\\\/\\\/lasentinelle.dz\\\/index.php\\\/2025\\\/10\\\/22\\\/caf-awards-2025-lalgerie-nominee-pour-le-titre-de-meilleure-selection-africaine\\\/#primaryimage\",\"url\":\"https:\\\/\\\/lasentinelle.dz\\\/wp-content\\\/uploads\\\/2025\\\/10\\\/Fennecs-1.jpg\",\"contentUrl\":\"https:\\\/\\\/lasentinelle.dz\\\/wp-content\\\/uploads\\\/2025\\\/10\\\/Fennecs-1.jpg\",\"width\":1440,\"height\":960},{\"@type\":\"BreadcrumbList\",\"@id\":\"https:\\\/\\\/lasentinelle.dz\\\/index.php\\\/2025\\\/10\\\/22\\\/caf-awards-2025-lalgerie-nominee-pour-le-titre-de-meilleure-selection-africaine\\\/#breadcrumb\",\"itemListElement\":[{\"@type\":\"ListItem\",\"position\":1,\"name\":\"Accueil\",\"item\":\"https:\\\/\\\/lasentinelle.dz\\\/\"},{\"@type\":\"ListItem\",\"position\":2,\"name\":\"CAF Awards 2025\u00a0: L&rsquo;Alg\u00e9rie nomin\u00e9e pour le titre de meilleure s\u00e9lection africaine\"}]},{\"@type\":\"WebSite\",\"@id\":\"https:\\\/\\\/lasentinelle.dz\\\/#website\",\"url\":\"https:\\\/\\\/lasentinelle.dz\\\/\",\"name\":\"La Sentinelle\",\"description\":\"Quotidien national d&#039;information\",\"publisher\":{\"@id\":\"https:\\\/\\\/lasentinelle.dz\\\/#organization\"},\"potentialAction\":[{\"@type\":\"SearchAction\",\"target\":{\"@type\":\"EntryPoint\",\"urlTemplate\":\"https:\\\/\\\/lasentinelle.dz\\\/?s={search_term_string}\"},\"query-input\":{\"@type\":\"PropertyValueSpecification\",\"valueRequired\":true,\"valueName\":\"search_term_string\"}}],\"inLanguage\":\"fr-FR\"},{\"@type\":\"Organization\",\"@id\":\"https:\\\/\\\/lasentinelle.dz\\\/#organization\",\"name\":\"Quotidien La Sentinelle\",\"url\":\"https:\\\/\\\/lasentinelle.dz\\\/\",\"logo\":{\"@type\":\"ImageObject\",\"inLanguage\":\"fr-FR\",\"@id\":\"https:\\\/\\\/lasentinelle.dz\\\/#\\\/schema\\\/logo\\\/image\\\/\",\"url\":\"https:\\\/\\\/lasentinelle.dz\\\/wp-content\\\/uploads\\\/2021\\\/09\\\/logo-sentinelleSLOGAN-1.png\",\"contentUrl\":\"https:\\\/\\\/lasentinelle.dz\\\/wp-content\\\/uploads\\\/2021\\\/09\\\/logo-sentinelleSLOGAN-1.png\",\"width\":615,\"height\":142,\"caption\":\"Quotidien La Sentinelle\"},\"image\":{\"@id\":\"https:\\\/\\\/lasentinelle.dz\\\/#\\\/schema\\\/logo\\\/image\\\/\"},\"sameAs\":[\"https:\\\/\\\/www.facebook.com\\\/La-Sentinelle-104059864394773\"]},{\"@type\":\"Person\",\"@id\":\"https:\\\/\\\/lasentinelle.dz\\\/#\\\/schema\\\/person\\\/729ee0024f24e0b8c5ec17232f8e8b41\",\"name\":\"admin\",\"image\":{\"@type\":\"ImageObject\",\"inLanguage\":\"fr-FR\",\"@id\":\"https:\\\/\\\/secure.gravatar.com\\\/avatar\\\/4c81fed838786e9b53f540bf46533e750f5d292099ae3b66cfc6fb1982e29df7?s=96&d=mm&r=g\",\"url\":\"https:\\\/\\\/secure.gravatar.com\\\/avatar\\\/4c81fed838786e9b53f540bf46533e750f5d292099ae3b66cfc6fb1982e29df7?s=96&d=mm&r=g\",\"contentUrl\":\"https:\\\/\\\/secure.gravatar.com\\\/avatar\\\/4c81fed838786e9b53f540bf46533e750f5d292099ae3b66cfc6fb1982e29df7?s=96&d=mm&r=g\",\"caption\":\"admin\"},\"description\":\"admin\",\"url\":\"https:\\\/\\\/lasentinelle.dz\\\/author\\\/admin\\\/\"}]}<\/script>\n<!-- \/ Yoast SEO plugin. -->","yoast_head_json":{"title":"CAF Awards 2025\u00a0: L&rsquo;Alg\u00e9rie nomin\u00e9e pour le titre de meilleure s\u00e9lection africaine - La Sentinelle","robots":{"index":"index","follow":"follow","max-snippet":"max-snippet:-1","max-image-preview":"max-image-preview:large","max-video-preview":"max-video-preview:-1"},"canonical":"https:\/\/lasentinelle.dz\/index.php\/2025\/10\/22\/caf-awards-2025-lalgerie-nominee-pour-le-titre-de-meilleure-selection-africaine\/","og_locale":"fr_FR","og_type":"article","og_title":"CAF Awards 2025\u00a0: L&rsquo;Alg\u00e9rie nomin\u00e9e pour le titre de meilleure s\u00e9lection africaine - La Sentinelle","og_description":"La s\u00e9lection alg\u00e9rienne masculine de football, qualifi\u00e9e \u00e0 la Coupe du monde 2026, figure parmi les dix \u00e9quipes nomin\u00e9es pour","og_url":"https:\/\/lasentinelle.dz\/index.php\/2025\/10\/22\/caf-awards-2025-lalgerie-nominee-pour-le-titre-de-meilleure-selection-africaine\/","og_site_name":"La Sentinelle","article_publisher":"https:\/\/www.facebook.com\/La-Sentinelle-104059864394773","article_published_time":"2025-10-22T18:23:09+00:00","article_modified_time":"2025-10-22T18:23:10+00:00","og_image":[{"width":1440,"height":960,"url":"https:\/\/lasentinelle.dz\/wp-content\/uploads\/2025\/10\/Fennecs-1.jpg","type":"image\/jpeg"}],"author":"admin","twitter_card":"summary_large_image","twitter_misc":{"\u00c9crit par":"admin","Dur\u00e9e de lecture estim\u00e9e":"3 minutes"},"schema":{"@context":"https:\/\/schema.org","@graph":[{"@type":"Article","@id":"https:\/\/lasentinelle.dz\/index.php\/2025\/10\/22\/caf-awards-2025-lalgerie-nominee-pour-le-titre-de-meilleure-selection-africaine\/#article","isPartOf":{"@id":"https:\/\/lasentinelle.dz\/index.php\/2025\/10\/22\/caf-awards-2025-lalgerie-nominee-pour-le-titre-de-meilleure-selection-africaine\/"},"author":{"name":"admin","@id":"https:\/\/lasentinelle.dz\/#\/schema\/person\/729ee0024f24e0b8c5ec17232f8e8b41"},"headline":"CAF Awards 2025\u00a0: L&rsquo;Alg\u00e9rie nomin\u00e9e pour le titre de meilleure s\u00e9lection africaine","datePublished":"2025-10-22T18:23:09+00:00","dateModified":"2025-10-22T18:23:10+00:00","mainEntityOfPage":{"@id":"https:\/\/lasentinelle.dz\/index.php\/2025\/10\/22\/caf-awards-2025-lalgerie-nominee-pour-le-titre-de-meilleure-selection-africaine\/"},"wordCount":538,"commentCount":0,"publisher":{"@id":"https:\/\/lasentinelle.dz\/#organization"},"image":{"@id":"https:\/\/lasentinelle.dz\/index.php\/2025\/10\/22\/caf-awards-2025-lalgerie-nominee-pour-le-titre-de-meilleure-selection-africaine\/#primaryimage"},"thumbnailUrl":"https:\/\/lasentinelle.dz\/wp-content\/uploads\/2025\/10\/Fennecs-1.jpg","articleSection":["\u00c0 la Une","Sports"],"inLanguage":"fr-FR","potentialAction":[{"@type":"CommentAction","name":"Comment","target":["https:\/\/lasentinelle.dz\/index.php\/2025\/10\/22\/caf-awards-2025-lalgerie-nominee-pour-le-titre-de-meilleure-selection-africaine\/#respond"]}]},{"@type":"WebPage","@id":"https:\/\/lasentinelle.dz\/index.php\/2025\/10\/22\/caf-awards-2025-lalgerie-nominee-pour-le-titre-de-meilleure-selection-africaine\/","url":"https:\/\/lasentinelle.dz\/index.php\/2025\/10\/22\/caf-awards-2025-lalgerie-nominee-pour-le-titre-de-meilleure-selection-africaine\/","name":"CAF Awards 2025\u00a0: L&rsquo;Alg\u00e9rie nomin\u00e9e pour le titre de meilleure s\u00e9lection africaine - La Sentinelle","isPartOf":{"@id":"https:\/\/lasentinelle.dz\/#website"},"primaryImageOfPage":{"@id":"https:\/\/lasentinelle.dz\/index.php\/2025\/10\/22\/caf-awards-2025-lalgerie-nominee-pour-le-titre-de-meilleure-selection-africaine\/#primaryimage"},"image":{"@id":"https:\/\/lasentinelle.dz\/index.php\/2025\/10\/22\/caf-awards-2025-lalgerie-nominee-pour-le-titre-de-meilleure-selection-africaine\/#primaryimage"},"thumbnailUrl":"https:\/\/lasentinelle.dz\/wp-content\/uploads\/2025\/10\/Fennecs-1.jpg","datePublished":"2025-10-22T18:23:09+00:00","dateModified":"2025-10-22T18:23:10+00:00","breadcrumb":{"@id":"https:\/\/lasentinelle.dz\/index.php\/2025\/10\/22\/caf-awards-2025-lalgerie-nominee-pour-le-titre-de-meilleure-selection-africaine\/#breadcrumb"},"inLanguage":"fr-FR","potentialAction":[{"@type":"ReadAction","target":["https:\/\/lasentinelle.dz\/index.php\/2025\/10\/22\/caf-awards-2025-lalgerie-nominee-pour-le-titre-de-meilleure-selection-africaine\/"]}]},{"@type":"ImageObject","inLanguage":"fr-FR","@id":"https:\/\/lasentinelle.dz\/index.php\/2025\/10\/22\/caf-awards-2025-lalgerie-nominee-pour-le-titre-de-meilleure-selection-africaine\/#primaryimage","url":"https:\/\/lasentinelle.dz\/wp-content\/uploads\/2025\/10\/Fennecs-1.jpg","contentUrl":"https:\/\/lasentinelle.dz\/wp-content\/uploads\/2025\/10\/Fennecs-1.jpg","width":1440,"height":960},{"@type":"BreadcrumbList","@id":"https:\/\/lasentinelle.dz\/index.php\/2025\/10\/22\/caf-awards-2025-lalgerie-nominee-pour-le-titre-de-meilleure-selection-africaine\/#breadcrumb","itemListElement":[{"@type":"ListItem","position":1,"name":"Accueil","item":"https:\/\/lasentinelle.dz\/"},{"@type":"ListItem","position":2,"name":"CAF Awards 2025\u00a0: L&rsquo;Alg\u00e9rie nomin\u00e9e pour le titre de meilleure s\u00e9lection africaine"}]},{"@type":"WebSite","@id":"https:\/\/lasentinelle.dz\/#website","url":"https:\/\/lasentinelle.dz\/","name":"La Sentinelle","description":"Quotidien national d&#039;information","publisher":{"@id":"https:\/\/lasentinelle.dz\/#organization"},"potentialAction":[{"@type":"SearchAction","target":{"@type":"EntryPoint","urlTemplate":"https:\/\/lasentinelle.dz\/?s={search_term_string}"},"query-input":{"@type":"PropertyValueSpecification","valueRequired":true,"valueName":"search_term_string"}}],"inLanguage":"fr-FR"},{"@type":"Organization","@id":"https:\/\/lasentinelle.dz\/#organization","name":"Quotidien La Sentinelle","url":"https:\/\/lasentinelle.dz\/","logo":{"@type":"ImageObject","inLanguage":"fr-FR","@id":"https:\/\/lasentinelle.dz\/#\/schema\/logo\/image\/","url":"https:\/\/lasentinelle.dz\/wp-content\/uploads\/2021\/09\/logo-sentinelleSLOGAN-1.png","contentUrl":"https:\/\/lasentinelle.dz\/wp-content\/uploads\/2021\/09\/logo-sentinelleSLOGAN-1.png","width":615,"height":142,"caption":"Quotidien La Sentinelle"},"image":{"@id":"https:\/\/lasentinelle.dz\/#\/schema\/logo\/image\/"},"sameAs":["https:\/\/www.facebook.com\/La-Sentinelle-104059864394773"]},{"@type":"Person","@id":"https:\/\/lasentinelle.dz\/#\/schema\/person\/729ee0024f24e0b8c5ec17232f8e8b41","name":"admin","image":{"@type":"ImageObject","inLanguage":"fr-FR","@id":"https:\/\/secure.gravatar.com\/avatar\/4c81fed838786e9b53f540bf46533e750f5d292099ae3b66cfc6fb1982e29df7?s=96&d=mm&r=g","url":"https:\/\/secure.gravatar.com\/avatar\/4c81fed838786e9b53f540bf46533e750f5d292099ae3b66cfc6fb1982e29df7?s=96&d=mm&r=g","contentUrl":"https:\/\/secure.gravatar.com\/avatar\/4c81fed838786e9b53f540bf46533e750f5d292099ae3b66cfc6fb1982e29df7?s=96&d=mm&r=g","caption":"admin"},"description":"admin","url":"https:\/\/lasentinelle.dz\/author\/admin\/"}]}},"_links":{"self":[{"href":"https:\/\/lasentinelle.dz\/index.php\/wp-json\/wp\/v2\/posts\/75155","targetHints":{"allow":["GET"]}}],"collection":[{"href":"https:\/\/lasentinelle.dz\/index.php\/wp-json\/wp\/v2\/posts"}],"about":[{"href":"https:\/\/lasentinelle.dz\/index.php\/wp-json\/wp\/v2\/types\/post"}],"author":[{"embeddable":true,"href":"https:\/\/lasentinelle.dz\/index.php\/wp-json\/wp\/v2\/users\/6"}],"replies":[{"embeddable":true,"href":"https:\/\/lasentinelle.dz\/index.php\/wp-json\/wp\/v2\/comments?post=75155"}],"version-history":[{"count":2,"href":"https:\/\/lasentinelle.dz\/index.php\/wp-json\/wp\/v2\/posts\/75155\/revisions"}],"predecessor-version":[{"id":75157,"href":"https:\/\/lasentinelle.dz\/index.php\/wp-json\/wp\/v2\/posts\/75155\/revisions\/75157"}],"wp:featuredmedia":[{"embeddable":true,"href":"https:\/\/lasentinelle.dz\/index.php\/wp-json\/wp\/v2\/media\/74768"}],"wp:attachment":[{"href":"https:\/\/lasentinelle.dz\/index.php\/wp-json\/wp\/v2\/media?parent=75155"}],"wp:term":[{"taxonomy":"category","embeddable":true,"href":"https:\/\/lasentinelle.dz\/index.php\/wp-json\/wp\/v2\/categories?post=75155"},{"taxonomy":"post_tag","embeddable":true,"href":"https:\/\/lasentinelle.dz\/index.php\/wp-json\/wp\/v2\/tags?post=75155"}],"curies":[{"name":"wp","href":"https:\/\/api.w.org\/{rel}","templated":true}]}}