{"id":75158,"date":"2025-10-22T19:24:36","date_gmt":"2025-10-22T18:24:36","guid":{"rendered":"https:\/\/lasentinelle.dz\/?p=75158"},"modified":"2025-10-22T19:24:36","modified_gmt":"2025-10-22T18:24:36","slug":"constantine-leducation-environnementale-au-coeur-dun-vaste-programme-de-sensibilisation","status":"publish","type":"post","link":"https:\/\/lasentinelle.dz\/index.php\/2025\/10\/22\/constantine-leducation-environnementale-au-coeur-dun-vaste-programme-de-sensibilisation\/","title":{"rendered":"Constantine\u00a0: L&rsquo;\u00e9ducation environnementale au c\u0153ur d&rsquo;un vaste programme de sensibilisation"},"content":{"rendered":"\n<p>Cinq ateliers de formation, de vulgarisation et de sensibilisation \u00e0 l&rsquo;\u00e9ducation environnementale destin\u00e9s aux \u00e9l\u00e8ves membres des clubs verts de leurs \u00e9tablissements scolaires ont \u00e9t\u00e9 lanc\u00e9s mercredi \u00e0 Constantine par l&rsquo;Association de la protection de la nature et de l&rsquo;environnement (APNE), dans le cadre d&rsquo;un programme sp\u00e9cial c\u00e9l\u00e9brant la Journ\u00e9e nationale de l&rsquo;arbre fix\u00e9e au 25 octobre, a annonc\u00e9 le pr\u00e9sident de l&rsquo;association, Abdelmadjid Sebih.<strong> <\/strong>Le coup d&rsquo;envoi de cette initiative a \u00e9t\u00e9 donn\u00e9 depuis le club vert du coll\u00e8ge d&rsquo;enseignement moyen Djillali Messaoud, situ\u00e9 dans la commune d&rsquo;Ain Abid, marquant ainsi le d\u00e9marrage d&rsquo;un programme ambitieux qui se poursuivra jusqu&rsquo;au 26 octobre. Cette action s&rsquo;inscrit dans une d\u00e9marche globale visant \u00e0 inculquer une v\u00e9ritable culture verte en milieu \u00e9ducatif et \u00e0 d\u00e9velopper chez les jeunes g\u00e9n\u00e9rations le r\u00e9flexe environnemental indispensable face aux d\u00e9fis \u00e9cologiques contemporains. L&rsquo;objectif affich\u00e9 par l&rsquo;APNE est de faire de ces \u00e9l\u00e8ves des ambassadeurs de la cause environnementale au sein de leurs familles et de leurs quartiers, contribuant ainsi \u00e0 une prise de conscience collective sur l&rsquo;importance de la pr\u00e9servation de la nature.<strong> <\/strong>Au-del\u00e0 des ateliers th\u00e9oriques, le programme pr\u00e9voit une dimension concr\u00e8te et participative avec la plantation de mille deux cents arbustes \u00e0 travers cinq \u00e9tablissements scolaires et sept sites d&rsquo;habitation r\u00e9partis sur plusieurs communes de la wilaya. Parmi les zones cibl\u00e9es figurent la cit\u00e9 Stahi dans la commune de Hamma Bouziane et El Mridj dans la commune d&rsquo;El Khroub, ainsi que les unit\u00e9s de voisinage 6 et 19 situ\u00e9es dans la circonscription administrative d&rsquo;Ali Mendjeli. <strong>&nbsp;<\/strong>L&rsquo;op\u00e9ration, programm\u00e9e en \u00e9troite collaboration avec les directions de l&rsquo;\u00c9ducation, de la Jeunesse et des Sports ainsi que celle des Affaires religieuses et des Wakfs, refl\u00e8te une approche intersectorielle de la question environnementale. Cette coordination institutionnelle permet d&rsquo;assurer une meilleure mobilisation des moyens et une plus grande efficacit\u00e9 dans la mise en \u0153uvre du programme. Les lieux de culte ne sont pas en reste puisque les mosqu\u00e9es Eraoudha dans la commune de Hamma Bouziane et Sa\u00e2d Ibn Abi Waqqas dans la commune d&rsquo;El Khroub b\u00e9n\u00e9ficieront \u00e9galement d&rsquo;op\u00e9rations de plantation, soulignant ainsi la dimension spirituelle et \u00e9thique de la protection de l&rsquo;environnement dans l&rsquo;islam.<strong> <\/strong>Les structures de jeunesse constituent un autre axe majeur de ce programme avec l&rsquo;implication de deux maisons de jeunes situ\u00e9es au chef-lieu de wilaya et \u00e0 Ali Mendjeli. Ces espaces d\u00e9di\u00e9s aux jeunes repr\u00e9sentent des lieux strat\u00e9giques pour ancrer durablement les valeurs environnementales aupr\u00e8s d&rsquo;un public adolescent et jeune adulte particuli\u00e8rement r\u00e9ceptif aux questions \u00e9cologiques. La r\u00e9sidence universitaire num\u00e9ro 15 de l&rsquo;universit\u00e9 Salah Boubnider, \u00e9galement connue sous le nom de Constantine 3, figure parmi les sites retenus, permettant ainsi de sensibiliser les \u00e9tudiants et de verdir le cadre de vie universitaire.<strong> <\/strong>Pour renforcer l&rsquo;aspect p\u00e9dagogique et cr\u00e9atif de cette initiative, un concours du meilleur dessin sur le th\u00e8me de l&rsquo;arbre a \u00e9t\u00e9 organis\u00e9 \u00e0 l&rsquo;intention des \u00e9l\u00e8ves des cinq \u00e9tablissements scolaires participants. Cette comp\u00e9tition artistique, pr\u00e9vue pour le 26 octobre, permettra aux jeunes talents d&rsquo;exprimer leur vision de la nature et leur attachement \u00e0 l&rsquo;environnement \u00e0 travers leurs \u0153uvres. Les laur\u00e9ats de ce concours seront honor\u00e9s lors de la c\u00e9r\u00e9monie de cl\u00f4ture du programme, offrant ainsi une reconnaissance symbolique de leur engagement et de leur cr\u00e9ativit\u00e9 au service de la cause environnementale.<strong> <\/strong>Cette initiative de l&rsquo;APNE s&rsquo;inscrit dans une dynamique nationale de promotion de l&rsquo;\u00e9ducation environnementale et de mobilisation citoyenne autour de la pr\u00e9servation du patrimoine naturel. Elle t\u00e9moigne du r\u00f4le essentiel que peuvent jouer les associations de la soci\u00e9t\u00e9 civile dans la sensibilisation des jeunes g\u00e9n\u00e9rations aux enjeux \u00e9cologiques et dans la construction d&rsquo;un rapport plus harmonieux entre l&rsquo;homme et son environnement naturel.<\/p>\n\n\n\n<p>R.R.<\/p>\n","protected":false},"excerpt":{"rendered":"<p>Cinq ateliers de formation, de vulgarisation et de sensibilisation \u00e0 l&rsquo;\u00e9ducation environnementale destin\u00e9s aux \u00e9l\u00e8ves membres des clubs verts de<\/p>\n","protected":false},"author":6,"featured_media":38441,"comment_status":"open","ping_status":"closed","sticky":false,"template":"","format":"standard","meta":{"colormag_page_container_layout":"default_layout","colormag_page_sidebar_layout":"default_layout","om_disable_all_campaigns":false,"_monsterinsights_skip_tracking":false,"_monsterinsights_sitenote_active":false,"_monsterinsights_sitenote_note":"","_monsterinsights_sitenote_category":0,"footnotes":"","_wpscppro_dont_share_socialmedia":false,"_wpscppro_custom_social_share_image":0,"_facebook_share_type":"default","_twitter_share_type":"default","_linkedin_share_type":"default","_pinterest_share_type":"default","_linkedin_share_type_page":"","_instagram_share_type":"default","_medium_share_type":"default","_threads_share_type":"default","_google_business_share_type":"default","_selected_social_profile":[],"_wpsp_enable_custom_social_template":false,"_wpsp_social_scheduling":{"enabled":false,"datetime":null,"platforms":[],"status":"template_only","dateOption":"today","timeOption":"now","customDays":"","customHours":"","customDate":"","customTime":"","schedulingType":"absolute"},"_wpsp_active_default_template":true},"categories":[31],"tags":[],"class_list":["post-75158","post","type-post","status-publish","format-standard","has-post-thumbnail","hentry","category-regions"],"aioseo_notices":[],"yoast_head":"<!-- This site is optimized with the Yoast SEO plugin v27.5 - https:\/\/yoast.com\/product\/yoast-seo-wordpress\/ -->\n<title>Constantine\u00a0: L&rsquo;\u00e9ducation environnementale au c\u0153ur d&rsquo;un vaste programme de sensibilisation - La Sentinelle<\/title>\n<meta name=\"robots\" content=\"index, follow, max-snippet:-1, max-image-preview:large, max-video-preview:-1\" \/>\n<link rel=\"canonical\" href=\"https:\/\/lasentinelle.dz\/index.php\/2025\/10\/22\/constantine-leducation-environnementale-au-coeur-dun-vaste-programme-de-sensibilisation\/\" \/>\n<meta property=\"og:locale\" content=\"fr_FR\" \/>\n<meta property=\"og:type\" content=\"article\" \/>\n<meta property=\"og:title\" content=\"Constantine\u00a0: L&rsquo;\u00e9ducation environnementale au c\u0153ur d&rsquo;un vaste programme de sensibilisation - La Sentinelle\" \/>\n<meta property=\"og:description\" content=\"Cinq ateliers de formation, de vulgarisation et de sensibilisation \u00e0 l&rsquo;\u00e9ducation environnementale destin\u00e9s aux \u00e9l\u00e8ves membres des clubs verts de\" \/>\n<meta property=\"og:url\" content=\"https:\/\/lasentinelle.dz\/index.php\/2025\/10\/22\/constantine-leducation-environnementale-au-coeur-dun-vaste-programme-de-sensibilisation\/\" \/>\n<meta property=\"og:site_name\" content=\"La Sentinelle\" \/>\n<meta property=\"article:publisher\" content=\"https:\/\/www.facebook.com\/La-Sentinelle-104059864394773\" \/>\n<meta property=\"article:published_time\" content=\"2025-10-22T18:24:36+00:00\" \/>\n<meta property=\"og:image\" content=\"https:\/\/lasentinelle.dz\/wp-content\/uploads\/2023\/03\/constantine-1024x576.png\" \/>\n\t<meta property=\"og:image:width\" content=\"1024\" \/>\n\t<meta property=\"og:image:height\" content=\"576\" \/>\n\t<meta property=\"og:image:type\" content=\"image\/png\" \/>\n<meta name=\"author\" content=\"admin\" \/>\n<meta name=\"twitter:card\" content=\"summary_large_image\" \/>\n<meta name=\"twitter:label1\" content=\"\u00c9crit par\" \/>\n\t<meta name=\"twitter:data1\" content=\"admin\" \/>\n\t<meta name=\"twitter:label2\" content=\"Dur\u00e9e de lecture estim\u00e9e\" \/>\n\t<meta name=\"twitter:data2\" content=\"4 minutes\" \/>\n<script type=\"application\/ld+json\" class=\"yoast-schema-graph\">{\"@context\":\"https:\\\/\\\/schema.org\",\"@graph\":[{\"@type\":\"Article\",\"@id\":\"https:\\\/\\\/lasentinelle.dz\\\/index.php\\\/2025\\\/10\\\/22\\\/constantine-leducation-environnementale-au-coeur-dun-vaste-programme-de-sensibilisation\\\/#article\",\"isPartOf\":{\"@id\":\"https:\\\/\\\/lasentinelle.dz\\\/index.php\\\/2025\\\/10\\\/22\\\/constantine-leducation-environnementale-au-coeur-dun-vaste-programme-de-sensibilisation\\\/\"},\"author\":{\"name\":\"admin\",\"@id\":\"https:\\\/\\\/lasentinelle.dz\\\/#\\\/schema\\\/person\\\/729ee0024f24e0b8c5ec17232f8e8b41\"},\"headline\":\"Constantine\u00a0: L&rsquo;\u00e9ducation environnementale au c\u0153ur d&rsquo;un vaste programme de sensibilisation\",\"datePublished\":\"2025-10-22T18:24:36+00:00\",\"mainEntityOfPage\":{\"@id\":\"https:\\\/\\\/lasentinelle.dz\\\/index.php\\\/2025\\\/10\\\/22\\\/constantine-leducation-environnementale-au-coeur-dun-vaste-programme-de-sensibilisation\\\/\"},\"wordCount\":700,\"commentCount\":0,\"publisher\":{\"@id\":\"https:\\\/\\\/lasentinelle.dz\\\/#organization\"},\"image\":{\"@id\":\"https:\\\/\\\/lasentinelle.dz\\\/index.php\\\/2025\\\/10\\\/22\\\/constantine-leducation-environnementale-au-coeur-dun-vaste-programme-de-sensibilisation\\\/#primaryimage\"},\"thumbnailUrl\":\"https:\\\/\\\/lasentinelle.dz\\\/wp-content\\\/uploads\\\/2023\\\/03\\\/constantine.png\",\"articleSection\":[\"R\u00e9gions\"],\"inLanguage\":\"fr-FR\",\"potentialAction\":[{\"@type\":\"CommentAction\",\"name\":\"Comment\",\"target\":[\"https:\\\/\\\/lasentinelle.dz\\\/index.php\\\/2025\\\/10\\\/22\\\/constantine-leducation-environnementale-au-coeur-dun-vaste-programme-de-sensibilisation\\\/#respond\"]}]},{\"@type\":\"WebPage\",\"@id\":\"https:\\\/\\\/lasentinelle.dz\\\/index.php\\\/2025\\\/10\\\/22\\\/constantine-leducation-environnementale-au-coeur-dun-vaste-programme-de-sensibilisation\\\/\",\"url\":\"https:\\\/\\\/lasentinelle.dz\\\/index.php\\\/2025\\\/10\\\/22\\\/constantine-leducation-environnementale-au-coeur-dun-vaste-programme-de-sensibilisation\\\/\",\"name\":\"Constantine\u00a0: L&rsquo;\u00e9ducation environnementale au c\u0153ur d&rsquo;un vaste programme de sensibilisation - La Sentinelle\",\"isPartOf\":{\"@id\":\"https:\\\/\\\/lasentinelle.dz\\\/#website\"},\"primaryImageOfPage\":{\"@id\":\"https:\\\/\\\/lasentinelle.dz\\\/index.php\\\/2025\\\/10\\\/22\\\/constantine-leducation-environnementale-au-coeur-dun-vaste-programme-de-sensibilisation\\\/#primaryimage\"},\"image\":{\"@id\":\"https:\\\/\\\/lasentinelle.dz\\\/index.php\\\/2025\\\/10\\\/22\\\/constantine-leducation-environnementale-au-coeur-dun-vaste-programme-de-sensibilisation\\\/#primaryimage\"},\"thumbnailUrl\":\"https:\\\/\\\/lasentinelle.dz\\\/wp-content\\\/uploads\\\/2023\\\/03\\\/constantine.png\",\"datePublished\":\"2025-10-22T18:24:36+00:00\",\"breadcrumb\":{\"@id\":\"https:\\\/\\\/lasentinelle.dz\\\/index.php\\\/2025\\\/10\\\/22\\\/constantine-leducation-environnementale-au-coeur-dun-vaste-programme-de-sensibilisation\\\/#breadcrumb\"},\"inLanguage\":\"fr-FR\",\"potentialAction\":[{\"@type\":\"ReadAction\",\"target\":[\"https:\\\/\\\/lasentinelle.dz\\\/index.php\\\/2025\\\/10\\\/22\\\/constantine-leducation-environnementale-au-coeur-dun-vaste-programme-de-sensibilisation\\\/\"]}]},{\"@type\":\"ImageObject\",\"inLanguage\":\"fr-FR\",\"@id\":\"https:\\\/\\\/lasentinelle.dz\\\/index.php\\\/2025\\\/10\\\/22\\\/constantine-leducation-environnementale-au-coeur-dun-vaste-programme-de-sensibilisation\\\/#primaryimage\",\"url\":\"https:\\\/\\\/lasentinelle.dz\\\/wp-content\\\/uploads\\\/2023\\\/03\\\/constantine.png\",\"contentUrl\":\"https:\\\/\\\/lasentinelle.dz\\\/wp-content\\\/uploads\\\/2023\\\/03\\\/constantine.png\",\"width\":1601,\"height\":900},{\"@type\":\"BreadcrumbList\",\"@id\":\"https:\\\/\\\/lasentinelle.dz\\\/index.php\\\/2025\\\/10\\\/22\\\/constantine-leducation-environnementale-au-coeur-dun-vaste-programme-de-sensibilisation\\\/#breadcrumb\",\"itemListElement\":[{\"@type\":\"ListItem\",\"position\":1,\"name\":\"Accueil\",\"item\":\"https:\\\/\\\/lasentinelle.dz\\\/\"},{\"@type\":\"ListItem\",\"position\":2,\"name\":\"Constantine\u00a0: L&rsquo;\u00e9ducation environnementale au c\u0153ur d&rsquo;un vaste programme de sensibilisation\"}]},{\"@type\":\"WebSite\",\"@id\":\"https:\\\/\\\/lasentinelle.dz\\\/#website\",\"url\":\"https:\\\/\\\/lasentinelle.dz\\\/\",\"name\":\"La Sentinelle\",\"description\":\"Quotidien national d&#039;information\",\"publisher\":{\"@id\":\"https:\\\/\\\/lasentinelle.dz\\\/#organization\"},\"potentialAction\":[{\"@type\":\"SearchAction\",\"target\":{\"@type\":\"EntryPoint\",\"urlTemplate\":\"https:\\\/\\\/lasentinelle.dz\\\/?s={search_term_string}\"},\"query-input\":{\"@type\":\"PropertyValueSpecification\",\"valueRequired\":true,\"valueName\":\"search_term_string\"}}],\"inLanguage\":\"fr-FR\"},{\"@type\":\"Organization\",\"@id\":\"https:\\\/\\\/lasentinelle.dz\\\/#organization\",\"name\":\"Quotidien La Sentinelle\",\"url\":\"https:\\\/\\\/lasentinelle.dz\\\/\",\"logo\":{\"@type\":\"ImageObject\",\"inLanguage\":\"fr-FR\",\"@id\":\"https:\\\/\\\/lasentinelle.dz\\\/#\\\/schema\\\/logo\\\/image\\\/\",\"url\":\"https:\\\/\\\/lasentinelle.dz\\\/wp-content\\\/uploads\\\/2021\\\/09\\\/logo-sentinelleSLOGAN-1.png\",\"contentUrl\":\"https:\\\/\\\/lasentinelle.dz\\\/wp-content\\\/uploads\\\/2021\\\/09\\\/logo-sentinelleSLOGAN-1.png\",\"width\":615,\"height\":142,\"caption\":\"Quotidien La Sentinelle\"},\"image\":{\"@id\":\"https:\\\/\\\/lasentinelle.dz\\\/#\\\/schema\\\/logo\\\/image\\\/\"},\"sameAs\":[\"https:\\\/\\\/www.facebook.com\\\/La-Sentinelle-104059864394773\"]},{\"@type\":\"Person\",\"@id\":\"https:\\\/\\\/lasentinelle.dz\\\/#\\\/schema\\\/person\\\/729ee0024f24e0b8c5ec17232f8e8b41\",\"name\":\"admin\",\"image\":{\"@type\":\"ImageObject\",\"inLanguage\":\"fr-FR\",\"@id\":\"https:\\\/\\\/secure.gravatar.com\\\/avatar\\\/4c81fed838786e9b53f540bf46533e750f5d292099ae3b66cfc6fb1982e29df7?s=96&d=mm&r=g\",\"url\":\"https:\\\/\\\/secure.gravatar.com\\\/avatar\\\/4c81fed838786e9b53f540bf46533e750f5d292099ae3b66cfc6fb1982e29df7?s=96&d=mm&r=g\",\"contentUrl\":\"https:\\\/\\\/secure.gravatar.com\\\/avatar\\\/4c81fed838786e9b53f540bf46533e750f5d292099ae3b66cfc6fb1982e29df7?s=96&d=mm&r=g\",\"caption\":\"admin\"},\"description\":\"admin\",\"url\":\"https:\\\/\\\/lasentinelle.dz\\\/author\\\/admin\\\/\"}]}<\/script>\n<!-- \/ Yoast SEO plugin. -->","yoast_head_json":{"title":"Constantine\u00a0: L&rsquo;\u00e9ducation environnementale au c\u0153ur d&rsquo;un vaste programme de sensibilisation - La Sentinelle","robots":{"index":"index","follow":"follow","max-snippet":"max-snippet:-1","max-image-preview":"max-image-preview:large","max-video-preview":"max-video-preview:-1"},"canonical":"https:\/\/lasentinelle.dz\/index.php\/2025\/10\/22\/constantine-leducation-environnementale-au-coeur-dun-vaste-programme-de-sensibilisation\/","og_locale":"fr_FR","og_type":"article","og_title":"Constantine\u00a0: L&rsquo;\u00e9ducation environnementale au c\u0153ur d&rsquo;un vaste programme de sensibilisation - La Sentinelle","og_description":"Cinq ateliers de formation, de vulgarisation et de sensibilisation \u00e0 l&rsquo;\u00e9ducation environnementale destin\u00e9s aux \u00e9l\u00e8ves membres des clubs verts de","og_url":"https:\/\/lasentinelle.dz\/index.php\/2025\/10\/22\/constantine-leducation-environnementale-au-coeur-dun-vaste-programme-de-sensibilisation\/","og_site_name":"La Sentinelle","article_publisher":"https:\/\/www.facebook.com\/La-Sentinelle-104059864394773","article_published_time":"2025-10-22T18:24:36+00:00","og_image":[{"width":1024,"height":576,"url":"https:\/\/lasentinelle.dz\/wp-content\/uploads\/2023\/03\/constantine-1024x576.png","type":"image\/png"}],"author":"admin","twitter_card":"summary_large_image","twitter_misc":{"\u00c9crit par":"admin","Dur\u00e9e de lecture estim\u00e9e":"4 minutes"},"schema":{"@context":"https:\/\/schema.org","@graph":[{"@type":"Article","@id":"https:\/\/lasentinelle.dz\/index.php\/2025\/10\/22\/constantine-leducation-environnementale-au-coeur-dun-vaste-programme-de-sensibilisation\/#article","isPartOf":{"@id":"https:\/\/lasentinelle.dz\/index.php\/2025\/10\/22\/constantine-leducation-environnementale-au-coeur-dun-vaste-programme-de-sensibilisation\/"},"author":{"name":"admin","@id":"https:\/\/lasentinelle.dz\/#\/schema\/person\/729ee0024f24e0b8c5ec17232f8e8b41"},"headline":"Constantine\u00a0: L&rsquo;\u00e9ducation environnementale au c\u0153ur d&rsquo;un vaste programme de sensibilisation","datePublished":"2025-10-22T18:24:36+00:00","mainEntityOfPage":{"@id":"https:\/\/lasentinelle.dz\/index.php\/2025\/10\/22\/constantine-leducation-environnementale-au-coeur-dun-vaste-programme-de-sensibilisation\/"},"wordCount":700,"commentCount":0,"publisher":{"@id":"https:\/\/lasentinelle.dz\/#organization"},"image":{"@id":"https:\/\/lasentinelle.dz\/index.php\/2025\/10\/22\/constantine-leducation-environnementale-au-coeur-dun-vaste-programme-de-sensibilisation\/#primaryimage"},"thumbnailUrl":"https:\/\/lasentinelle.dz\/wp-content\/uploads\/2023\/03\/constantine.png","articleSection":["R\u00e9gions"],"inLanguage":"fr-FR","potentialAction":[{"@type":"CommentAction","name":"Comment","target":["https:\/\/lasentinelle.dz\/index.php\/2025\/10\/22\/constantine-leducation-environnementale-au-coeur-dun-vaste-programme-de-sensibilisation\/#respond"]}]},{"@type":"WebPage","@id":"https:\/\/lasentinelle.dz\/index.php\/2025\/10\/22\/constantine-leducation-environnementale-au-coeur-dun-vaste-programme-de-sensibilisation\/","url":"https:\/\/lasentinelle.dz\/index.php\/2025\/10\/22\/constantine-leducation-environnementale-au-coeur-dun-vaste-programme-de-sensibilisation\/","name":"Constantine\u00a0: L&rsquo;\u00e9ducation environnementale au c\u0153ur d&rsquo;un vaste programme de sensibilisation - La Sentinelle","isPartOf":{"@id":"https:\/\/lasentinelle.dz\/#website"},"primaryImageOfPage":{"@id":"https:\/\/lasentinelle.dz\/index.php\/2025\/10\/22\/constantine-leducation-environnementale-au-coeur-dun-vaste-programme-de-sensibilisation\/#primaryimage"},"image":{"@id":"https:\/\/lasentinelle.dz\/index.php\/2025\/10\/22\/constantine-leducation-environnementale-au-coeur-dun-vaste-programme-de-sensibilisation\/#primaryimage"},"thumbnailUrl":"https:\/\/lasentinelle.dz\/wp-content\/uploads\/2023\/03\/constantine.png","datePublished":"2025-10-22T18:24:36+00:00","breadcrumb":{"@id":"https:\/\/lasentinelle.dz\/index.php\/2025\/10\/22\/constantine-leducation-environnementale-au-coeur-dun-vaste-programme-de-sensibilisation\/#breadcrumb"},"inLanguage":"fr-FR","potentialAction":[{"@type":"ReadAction","target":["https:\/\/lasentinelle.dz\/index.php\/2025\/10\/22\/constantine-leducation-environnementale-au-coeur-dun-vaste-programme-de-sensibilisation\/"]}]},{"@type":"ImageObject","inLanguage":"fr-FR","@id":"https:\/\/lasentinelle.dz\/index.php\/2025\/10\/22\/constantine-leducation-environnementale-au-coeur-dun-vaste-programme-de-sensibilisation\/#primaryimage","url":"https:\/\/lasentinelle.dz\/wp-content\/uploads\/2023\/03\/constantine.png","contentUrl":"https:\/\/lasentinelle.dz\/wp-content\/uploads\/2023\/03\/constantine.png","width":1601,"height":900},{"@type":"BreadcrumbList","@id":"https:\/\/lasentinelle.dz\/index.php\/2025\/10\/22\/constantine-leducation-environnementale-au-coeur-dun-vaste-programme-de-sensibilisation\/#breadcrumb","itemListElement":[{"@type":"ListItem","position":1,"name":"Accueil","item":"https:\/\/lasentinelle.dz\/"},{"@type":"ListItem","position":2,"name":"Constantine\u00a0: L&rsquo;\u00e9ducation environnementale au c\u0153ur d&rsquo;un vaste programme de sensibilisation"}]},{"@type":"WebSite","@id":"https:\/\/lasentinelle.dz\/#website","url":"https:\/\/lasentinelle.dz\/","name":"La Sentinelle","description":"Quotidien national d&#039;information","publisher":{"@id":"https:\/\/lasentinelle.dz\/#organization"},"potentialAction":[{"@type":"SearchAction","target":{"@type":"EntryPoint","urlTemplate":"https:\/\/lasentinelle.dz\/?s={search_term_string}"},"query-input":{"@type":"PropertyValueSpecification","valueRequired":true,"valueName":"search_term_string"}}],"inLanguage":"fr-FR"},{"@type":"Organization","@id":"https:\/\/lasentinelle.dz\/#organization","name":"Quotidien La Sentinelle","url":"https:\/\/lasentinelle.dz\/","logo":{"@type":"ImageObject","inLanguage":"fr-FR","@id":"https:\/\/lasentinelle.dz\/#\/schema\/logo\/image\/","url":"https:\/\/lasentinelle.dz\/wp-content\/uploads\/2021\/09\/logo-sentinelleSLOGAN-1.png","contentUrl":"https:\/\/lasentinelle.dz\/wp-content\/uploads\/2021\/09\/logo-sentinelleSLOGAN-1.png","width":615,"height":142,"caption":"Quotidien La Sentinelle"},"image":{"@id":"https:\/\/lasentinelle.dz\/#\/schema\/logo\/image\/"},"sameAs":["https:\/\/www.facebook.com\/La-Sentinelle-104059864394773"]},{"@type":"Person","@id":"https:\/\/lasentinelle.dz\/#\/schema\/person\/729ee0024f24e0b8c5ec17232f8e8b41","name":"admin","image":{"@type":"ImageObject","inLanguage":"fr-FR","@id":"https:\/\/secure.gravatar.com\/avatar\/4c81fed838786e9b53f540bf46533e750f5d292099ae3b66cfc6fb1982e29df7?s=96&d=mm&r=g","url":"https:\/\/secure.gravatar.com\/avatar\/4c81fed838786e9b53f540bf46533e750f5d292099ae3b66cfc6fb1982e29df7?s=96&d=mm&r=g","contentUrl":"https:\/\/secure.gravatar.com\/avatar\/4c81fed838786e9b53f540bf46533e750f5d292099ae3b66cfc6fb1982e29df7?s=96&d=mm&r=g","caption":"admin"},"description":"admin","url":"https:\/\/lasentinelle.dz\/author\/admin\/"}]}},"_links":{"self":[{"href":"https:\/\/lasentinelle.dz\/index.php\/wp-json\/wp\/v2\/posts\/75158","targetHints":{"allow":["GET"]}}],"collection":[{"href":"https:\/\/lasentinelle.dz\/index.php\/wp-json\/wp\/v2\/posts"}],"about":[{"href":"https:\/\/lasentinelle.dz\/index.php\/wp-json\/wp\/v2\/types\/post"}],"author":[{"embeddable":true,"href":"https:\/\/lasentinelle.dz\/index.php\/wp-json\/wp\/v2\/users\/6"}],"replies":[{"embeddable":true,"href":"https:\/\/lasentinelle.dz\/index.php\/wp-json\/wp\/v2\/comments?post=75158"}],"version-history":[{"count":2,"href":"https:\/\/lasentinelle.dz\/index.php\/wp-json\/wp\/v2\/posts\/75158\/revisions"}],"predecessor-version":[{"id":75160,"href":"https:\/\/lasentinelle.dz\/index.php\/wp-json\/wp\/v2\/posts\/75158\/revisions\/75160"}],"wp:featuredmedia":[{"embeddable":true,"href":"https:\/\/lasentinelle.dz\/index.php\/wp-json\/wp\/v2\/media\/38441"}],"wp:attachment":[{"href":"https:\/\/lasentinelle.dz\/index.php\/wp-json\/wp\/v2\/media?parent=75158"}],"wp:term":[{"taxonomy":"category","embeddable":true,"href":"https:\/\/lasentinelle.dz\/index.php\/wp-json\/wp\/v2\/categories?post=75158"},{"taxonomy":"post_tag","embeddable":true,"href":"https:\/\/lasentinelle.dz\/index.php\/wp-json\/wp\/v2\/tags?post=75158"}],"curies":[{"name":"wp","href":"https:\/\/api.w.org\/{rel}","templated":true}]}}