{"id":75163,"date":"2025-10-22T19:26:09","date_gmt":"2025-10-22T18:26:09","guid":{"rendered":"https:\/\/lasentinelle.dz\/?p=75163"},"modified":"2025-10-22T19:26:09","modified_gmt":"2025-10-22T18:26:09","slug":"annaba-les-projets-de-developpement-en-souffrance-sous-la-loupe","status":"publish","type":"post","link":"https:\/\/lasentinelle.dz\/index.php\/2025\/10\/22\/annaba-les-projets-de-developpement-en-souffrance-sous-la-loupe\/","title":{"rendered":"Annaba\u00a0: Les projets de d\u00e9veloppement en souffrance sous la loupe"},"content":{"rendered":"\n<p>Le secr\u00e9taire g\u00e9n\u00e9ral de la wilaya d\u2019Annaba a tenu mardi une r\u00e9union de travail regroupant tous les responsables des secteurs concern\u00e9s, pour se pencher sur la situation des projets en souffrance.<strong> <\/strong>Si certains projets affichent un taux d&rsquo;avancement tr\u00e8s notable dans leur r\u00e9alisation, d&rsquo;autres enregistrent un retard consid\u00e9rable.<\/p>\n\n\n\n<p>La wilaya d&rsquo;Annaba compte \u00e0 son actif plusieurs projets de d\u00e9veloppement en souffrance. Les pouvoirs autorit\u00e9s locales de la wilaya d\u2019Annaba mettent la pression sur les entreprises de r\u00e9alisation en charge de projets qui enregistrent des retards. Afin d&rsquo;identifier les dysfonctionnements, Abdelhakim Fekraoui, secr\u00e9taire g\u00e9n\u00e9ral (SG) charg\u00e9 de la gestion des affaires de la wilaya, a tenu ce mardi une r\u00e9union de travail regroupant tous les responsables des secteurs concern\u00e9s, dont entre autres le wali d\u00e9l\u00e9gu\u00e9 de la circonscription administrative de Draa Errich, la directrice r\u00e9gionale du budget, ainsi que les directeurs des diff\u00e9rents secteurs concern\u00e9s, \u00e0 l&rsquo;image des responsables de la programmation, du suivi budg\u00e9taire et du Tr\u00e9sor. \u00c0 l&rsquo;ordre du jour de cette r\u00e9union : l&rsquo;\u00e9valuation de la situation financi\u00e8re et physique des op\u00e9rations inscrites dans le cadre du programme de soutien au d\u00e9veloppement social et \u00e9conomique des communes, ainsi que l&rsquo;examen et l&rsquo;arbitrage des propositions d&rsquo;op\u00e9rations au titre de l&rsquo;exercice 2026. Le directeur de l&rsquo;Administration locale (DAL) a pr\u00e9sent\u00e9 un expos\u00e9 d\u00e9taill\u00e9 sur l&rsquo;\u00e9tat d&rsquo;avancement des projets enregistr\u00e9s au profit des communes au titre des exercices 2023, 2024 et 2025, ainsi que sur les nouvelles propositions valid\u00e9es par les comit\u00e9s techniques des da\u00efras. Abdelhakim Fekraoui a, \u00e0 l&rsquo;issue des pr\u00e9sentations, donn\u00e9 plusieurs instructions. Concernant le programme de d\u00e9veloppement de 2024, le responsable a mis l&rsquo;accent sur la n\u00e9cessit\u00e9 de cl\u00f4turer toutes les op\u00e9rations en cours avant la fin 2025. Pour le programme 2025, il a demand\u00e9 la cl\u00f4ture de toutes les op\u00e9rations achev\u00e9es et l&rsquo;acc\u00e9l\u00e9ration du rythme de consommation des cr\u00e9dits pour les projets avanc\u00e9s, tout en veillant \u00e0 lancer rapidement les op\u00e9rations en attente de proc\u00e9dure. Le m\u00eame responsable a surtout rappel\u00e9 les orientations du pr\u00e9sident de la R\u00e9publique relatives \u00e0 la mise en \u0153uvre de programmes de d\u00e9veloppement visant \u00e0 am\u00e9liorer le cadre de vie des citoyens. Abdelhakim Fekraoui a exhort\u00e9 par la m\u00eame occasion les responsables de l&rsquo;ex\u00e9cutif \u00e0 proposer des projets concrets r\u00e9pondant aux besoins essentiels des populations, notamment dans les domaines de l&rsquo;alimentation en eau potable, de l&rsquo;assainissement, de l&rsquo;am\u00e9nagement urbain, de la propret\u00e9, de l&rsquo;environnement, de l&rsquo;\u00e9ducation, de la sant\u00e9 et des services postaux. Par ailleurs, le charg\u00e9 de la gestion des affaires de la wilaya a surtout insist\u00e9 sur le respect strict de la nomenclature des projets d\u00e9finie par la circulaire 1035 du 13 f\u00e9vrier 2023, tout en appelant les chefs de da\u00efra et pr\u00e9sidents d&rsquo;Assembl\u00e9es populaires communales (APC) \u00e0 reclasser les op\u00e9rations selon les priorit\u00e9s locales, en coordination avec les directions concern\u00e9es, \u00e0 savoir les contr\u00f4leurs budg\u00e9taires et les chefs de services techniques, avant leur pr\u00e9sentation finale pour approbation par la commission de wilaya.<\/p>\n\n\n\n<p><strong>Sofia Chahine<\/strong><\/p>\n","protected":false},"excerpt":{"rendered":"<p>Le secr\u00e9taire g\u00e9n\u00e9ral de la wilaya d\u2019Annaba a tenu mardi une r\u00e9union de travail regroupant tous les responsables des secteurs<\/p>\n","protected":false},"author":6,"featured_media":75164,"comment_status":"open","ping_status":"closed","sticky":false,"template":"","format":"standard","meta":{"colormag_page_container_layout":"default_layout","colormag_page_sidebar_layout":"default_layout","om_disable_all_campaigns":false,"_monsterinsights_skip_tracking":false,"_monsterinsights_sitenote_active":false,"_monsterinsights_sitenote_note":"","_monsterinsights_sitenote_category":0,"footnotes":"","_wpscppro_dont_share_socialmedia":false,"_wpscppro_custom_social_share_image":0,"_facebook_share_type":"default","_twitter_share_type":"default","_linkedin_share_type":"default","_pinterest_share_type":"default","_linkedin_share_type_page":"","_instagram_share_type":"default","_medium_share_type":"default","_threads_share_type":"default","_google_business_share_type":"default","_selected_social_profile":[],"_wpsp_enable_custom_social_template":false,"_wpsp_social_scheduling":{"enabled":false,"datetime":null,"platforms":[],"status":"template_only","dateOption":"today","timeOption":"now","customDays":"","customHours":"","customDate":"","customTime":"","schedulingType":"absolute"},"_wpsp_active_default_template":true},"categories":[31],"tags":[],"class_list":["post-75163","post","type-post","status-publish","format-standard","has-post-thumbnail","hentry","category-regions"],"aioseo_notices":[],"yoast_head":"<!-- This site is optimized with the Yoast SEO plugin v27.5 - https:\/\/yoast.com\/product\/yoast-seo-wordpress\/ -->\n<title>Annaba\u00a0: Les projets de d\u00e9veloppement en souffrance sous la loupe - La Sentinelle<\/title>\n<meta name=\"robots\" content=\"index, follow, max-snippet:-1, max-image-preview:large, max-video-preview:-1\" \/>\n<link rel=\"canonical\" href=\"https:\/\/lasentinelle.dz\/index.php\/2025\/10\/22\/annaba-les-projets-de-developpement-en-souffrance-sous-la-loupe\/\" \/>\n<meta property=\"og:locale\" content=\"fr_FR\" \/>\n<meta property=\"og:type\" content=\"article\" \/>\n<meta property=\"og:title\" content=\"Annaba\u00a0: Les projets de d\u00e9veloppement en souffrance sous la loupe - La Sentinelle\" \/>\n<meta property=\"og:description\" content=\"Le secr\u00e9taire g\u00e9n\u00e9ral de la wilaya d\u2019Annaba a tenu mardi une r\u00e9union de travail regroupant tous les responsables des secteurs\" \/>\n<meta property=\"og:url\" content=\"https:\/\/lasentinelle.dz\/index.php\/2025\/10\/22\/annaba-les-projets-de-developpement-en-souffrance-sous-la-loupe\/\" \/>\n<meta property=\"og:site_name\" content=\"La Sentinelle\" \/>\n<meta property=\"article:publisher\" content=\"https:\/\/www.facebook.com\/La-Sentinelle-104059864394773\" \/>\n<meta property=\"article:published_time\" content=\"2025-10-22T18:26:09+00:00\" \/>\n<meta property=\"og:image\" content=\"https:\/\/lasentinelle.dz\/wp-content\/uploads\/2025\/10\/SG.jpg\" \/>\n\t<meta property=\"og:image:width\" content=\"1536\" \/>\n\t<meta property=\"og:image:height\" content=\"2048\" \/>\n\t<meta property=\"og:image:type\" content=\"image\/jpeg\" \/>\n<meta name=\"author\" content=\"admin\" \/>\n<meta name=\"twitter:card\" content=\"summary_large_image\" \/>\n<meta name=\"twitter:label1\" content=\"\u00c9crit par\" \/>\n\t<meta name=\"twitter:data1\" content=\"admin\" \/>\n\t<meta name=\"twitter:label2\" content=\"Dur\u00e9e de lecture estim\u00e9e\" \/>\n\t<meta name=\"twitter:data2\" content=\"3 minutes\" \/>\n<script type=\"application\/ld+json\" class=\"yoast-schema-graph\">{\"@context\":\"https:\\\/\\\/schema.org\",\"@graph\":[{\"@type\":\"Article\",\"@id\":\"https:\\\/\\\/lasentinelle.dz\\\/index.php\\\/2025\\\/10\\\/22\\\/annaba-les-projets-de-developpement-en-souffrance-sous-la-loupe\\\/#article\",\"isPartOf\":{\"@id\":\"https:\\\/\\\/lasentinelle.dz\\\/index.php\\\/2025\\\/10\\\/22\\\/annaba-les-projets-de-developpement-en-souffrance-sous-la-loupe\\\/\"},\"author\":{\"name\":\"admin\",\"@id\":\"https:\\\/\\\/lasentinelle.dz\\\/#\\\/schema\\\/person\\\/729ee0024f24e0b8c5ec17232f8e8b41\"},\"headline\":\"Annaba\u00a0: Les projets de d\u00e9veloppement en souffrance sous la loupe\",\"datePublished\":\"2025-10-22T18:26:09+00:00\",\"mainEntityOfPage\":{\"@id\":\"https:\\\/\\\/lasentinelle.dz\\\/index.php\\\/2025\\\/10\\\/22\\\/annaba-les-projets-de-developpement-en-souffrance-sous-la-loupe\\\/\"},\"wordCount\":569,\"commentCount\":0,\"publisher\":{\"@id\":\"https:\\\/\\\/lasentinelle.dz\\\/#organization\"},\"image\":{\"@id\":\"https:\\\/\\\/lasentinelle.dz\\\/index.php\\\/2025\\\/10\\\/22\\\/annaba-les-projets-de-developpement-en-souffrance-sous-la-loupe\\\/#primaryimage\"},\"thumbnailUrl\":\"https:\\\/\\\/lasentinelle.dz\\\/wp-content\\\/uploads\\\/2025\\\/10\\\/SG.jpg\",\"articleSection\":[\"R\u00e9gions\"],\"inLanguage\":\"fr-FR\",\"potentialAction\":[{\"@type\":\"CommentAction\",\"name\":\"Comment\",\"target\":[\"https:\\\/\\\/lasentinelle.dz\\\/index.php\\\/2025\\\/10\\\/22\\\/annaba-les-projets-de-developpement-en-souffrance-sous-la-loupe\\\/#respond\"]}]},{\"@type\":\"WebPage\",\"@id\":\"https:\\\/\\\/lasentinelle.dz\\\/index.php\\\/2025\\\/10\\\/22\\\/annaba-les-projets-de-developpement-en-souffrance-sous-la-loupe\\\/\",\"url\":\"https:\\\/\\\/lasentinelle.dz\\\/index.php\\\/2025\\\/10\\\/22\\\/annaba-les-projets-de-developpement-en-souffrance-sous-la-loupe\\\/\",\"name\":\"Annaba\u00a0: Les projets de d\u00e9veloppement en souffrance sous la loupe - La Sentinelle\",\"isPartOf\":{\"@id\":\"https:\\\/\\\/lasentinelle.dz\\\/#website\"},\"primaryImageOfPage\":{\"@id\":\"https:\\\/\\\/lasentinelle.dz\\\/index.php\\\/2025\\\/10\\\/22\\\/annaba-les-projets-de-developpement-en-souffrance-sous-la-loupe\\\/#primaryimage\"},\"image\":{\"@id\":\"https:\\\/\\\/lasentinelle.dz\\\/index.php\\\/2025\\\/10\\\/22\\\/annaba-les-projets-de-developpement-en-souffrance-sous-la-loupe\\\/#primaryimage\"},\"thumbnailUrl\":\"https:\\\/\\\/lasentinelle.dz\\\/wp-content\\\/uploads\\\/2025\\\/10\\\/SG.jpg\",\"datePublished\":\"2025-10-22T18:26:09+00:00\",\"breadcrumb\":{\"@id\":\"https:\\\/\\\/lasentinelle.dz\\\/index.php\\\/2025\\\/10\\\/22\\\/annaba-les-projets-de-developpement-en-souffrance-sous-la-loupe\\\/#breadcrumb\"},\"inLanguage\":\"fr-FR\",\"potentialAction\":[{\"@type\":\"ReadAction\",\"target\":[\"https:\\\/\\\/lasentinelle.dz\\\/index.php\\\/2025\\\/10\\\/22\\\/annaba-les-projets-de-developpement-en-souffrance-sous-la-loupe\\\/\"]}]},{\"@type\":\"ImageObject\",\"inLanguage\":\"fr-FR\",\"@id\":\"https:\\\/\\\/lasentinelle.dz\\\/index.php\\\/2025\\\/10\\\/22\\\/annaba-les-projets-de-developpement-en-souffrance-sous-la-loupe\\\/#primaryimage\",\"url\":\"https:\\\/\\\/lasentinelle.dz\\\/wp-content\\\/uploads\\\/2025\\\/10\\\/SG.jpg\",\"contentUrl\":\"https:\\\/\\\/lasentinelle.dz\\\/wp-content\\\/uploads\\\/2025\\\/10\\\/SG.jpg\",\"width\":1536,\"height\":2048},{\"@type\":\"BreadcrumbList\",\"@id\":\"https:\\\/\\\/lasentinelle.dz\\\/index.php\\\/2025\\\/10\\\/22\\\/annaba-les-projets-de-developpement-en-souffrance-sous-la-loupe\\\/#breadcrumb\",\"itemListElement\":[{\"@type\":\"ListItem\",\"position\":1,\"name\":\"Accueil\",\"item\":\"https:\\\/\\\/lasentinelle.dz\\\/\"},{\"@type\":\"ListItem\",\"position\":2,\"name\":\"Annaba\u00a0: Les projets de d\u00e9veloppement en souffrance sous la loupe\"}]},{\"@type\":\"WebSite\",\"@id\":\"https:\\\/\\\/lasentinelle.dz\\\/#website\",\"url\":\"https:\\\/\\\/lasentinelle.dz\\\/\",\"name\":\"La Sentinelle\",\"description\":\"Quotidien national d&#039;information\",\"publisher\":{\"@id\":\"https:\\\/\\\/lasentinelle.dz\\\/#organization\"},\"potentialAction\":[{\"@type\":\"SearchAction\",\"target\":{\"@type\":\"EntryPoint\",\"urlTemplate\":\"https:\\\/\\\/lasentinelle.dz\\\/?s={search_term_string}\"},\"query-input\":{\"@type\":\"PropertyValueSpecification\",\"valueRequired\":true,\"valueName\":\"search_term_string\"}}],\"inLanguage\":\"fr-FR\"},{\"@type\":\"Organization\",\"@id\":\"https:\\\/\\\/lasentinelle.dz\\\/#organization\",\"name\":\"Quotidien La Sentinelle\",\"url\":\"https:\\\/\\\/lasentinelle.dz\\\/\",\"logo\":{\"@type\":\"ImageObject\",\"inLanguage\":\"fr-FR\",\"@id\":\"https:\\\/\\\/lasentinelle.dz\\\/#\\\/schema\\\/logo\\\/image\\\/\",\"url\":\"https:\\\/\\\/lasentinelle.dz\\\/wp-content\\\/uploads\\\/2021\\\/09\\\/logo-sentinelleSLOGAN-1.png\",\"contentUrl\":\"https:\\\/\\\/lasentinelle.dz\\\/wp-content\\\/uploads\\\/2021\\\/09\\\/logo-sentinelleSLOGAN-1.png\",\"width\":615,\"height\":142,\"caption\":\"Quotidien La Sentinelle\"},\"image\":{\"@id\":\"https:\\\/\\\/lasentinelle.dz\\\/#\\\/schema\\\/logo\\\/image\\\/\"},\"sameAs\":[\"https:\\\/\\\/www.facebook.com\\\/La-Sentinelle-104059864394773\"]},{\"@type\":\"Person\",\"@id\":\"https:\\\/\\\/lasentinelle.dz\\\/#\\\/schema\\\/person\\\/729ee0024f24e0b8c5ec17232f8e8b41\",\"name\":\"admin\",\"image\":{\"@type\":\"ImageObject\",\"inLanguage\":\"fr-FR\",\"@id\":\"https:\\\/\\\/secure.gravatar.com\\\/avatar\\\/4c81fed838786e9b53f540bf46533e750f5d292099ae3b66cfc6fb1982e29df7?s=96&d=mm&r=g\",\"url\":\"https:\\\/\\\/secure.gravatar.com\\\/avatar\\\/4c81fed838786e9b53f540bf46533e750f5d292099ae3b66cfc6fb1982e29df7?s=96&d=mm&r=g\",\"contentUrl\":\"https:\\\/\\\/secure.gravatar.com\\\/avatar\\\/4c81fed838786e9b53f540bf46533e750f5d292099ae3b66cfc6fb1982e29df7?s=96&d=mm&r=g\",\"caption\":\"admin\"},\"description\":\"admin\",\"url\":\"https:\\\/\\\/lasentinelle.dz\\\/author\\\/admin\\\/\"}]}<\/script>\n<!-- \/ Yoast SEO plugin. -->","yoast_head_json":{"title":"Annaba\u00a0: Les projets de d\u00e9veloppement en souffrance sous la loupe - La Sentinelle","robots":{"index":"index","follow":"follow","max-snippet":"max-snippet:-1","max-image-preview":"max-image-preview:large","max-video-preview":"max-video-preview:-1"},"canonical":"https:\/\/lasentinelle.dz\/index.php\/2025\/10\/22\/annaba-les-projets-de-developpement-en-souffrance-sous-la-loupe\/","og_locale":"fr_FR","og_type":"article","og_title":"Annaba\u00a0: Les projets de d\u00e9veloppement en souffrance sous la loupe - La Sentinelle","og_description":"Le secr\u00e9taire g\u00e9n\u00e9ral de la wilaya d\u2019Annaba a tenu mardi une r\u00e9union de travail regroupant tous les responsables des secteurs","og_url":"https:\/\/lasentinelle.dz\/index.php\/2025\/10\/22\/annaba-les-projets-de-developpement-en-souffrance-sous-la-loupe\/","og_site_name":"La Sentinelle","article_publisher":"https:\/\/www.facebook.com\/La-Sentinelle-104059864394773","article_published_time":"2025-10-22T18:26:09+00:00","og_image":[{"width":1536,"height":2048,"url":"https:\/\/lasentinelle.dz\/wp-content\/uploads\/2025\/10\/SG.jpg","type":"image\/jpeg"}],"author":"admin","twitter_card":"summary_large_image","twitter_misc":{"\u00c9crit par":"admin","Dur\u00e9e de lecture estim\u00e9e":"3 minutes"},"schema":{"@context":"https:\/\/schema.org","@graph":[{"@type":"Article","@id":"https:\/\/lasentinelle.dz\/index.php\/2025\/10\/22\/annaba-les-projets-de-developpement-en-souffrance-sous-la-loupe\/#article","isPartOf":{"@id":"https:\/\/lasentinelle.dz\/index.php\/2025\/10\/22\/annaba-les-projets-de-developpement-en-souffrance-sous-la-loupe\/"},"author":{"name":"admin","@id":"https:\/\/lasentinelle.dz\/#\/schema\/person\/729ee0024f24e0b8c5ec17232f8e8b41"},"headline":"Annaba\u00a0: Les projets de d\u00e9veloppement en souffrance sous la loupe","datePublished":"2025-10-22T18:26:09+00:00","mainEntityOfPage":{"@id":"https:\/\/lasentinelle.dz\/index.php\/2025\/10\/22\/annaba-les-projets-de-developpement-en-souffrance-sous-la-loupe\/"},"wordCount":569,"commentCount":0,"publisher":{"@id":"https:\/\/lasentinelle.dz\/#organization"},"image":{"@id":"https:\/\/lasentinelle.dz\/index.php\/2025\/10\/22\/annaba-les-projets-de-developpement-en-souffrance-sous-la-loupe\/#primaryimage"},"thumbnailUrl":"https:\/\/lasentinelle.dz\/wp-content\/uploads\/2025\/10\/SG.jpg","articleSection":["R\u00e9gions"],"inLanguage":"fr-FR","potentialAction":[{"@type":"CommentAction","name":"Comment","target":["https:\/\/lasentinelle.dz\/index.php\/2025\/10\/22\/annaba-les-projets-de-developpement-en-souffrance-sous-la-loupe\/#respond"]}]},{"@type":"WebPage","@id":"https:\/\/lasentinelle.dz\/index.php\/2025\/10\/22\/annaba-les-projets-de-developpement-en-souffrance-sous-la-loupe\/","url":"https:\/\/lasentinelle.dz\/index.php\/2025\/10\/22\/annaba-les-projets-de-developpement-en-souffrance-sous-la-loupe\/","name":"Annaba\u00a0: Les projets de d\u00e9veloppement en souffrance sous la loupe - La Sentinelle","isPartOf":{"@id":"https:\/\/lasentinelle.dz\/#website"},"primaryImageOfPage":{"@id":"https:\/\/lasentinelle.dz\/index.php\/2025\/10\/22\/annaba-les-projets-de-developpement-en-souffrance-sous-la-loupe\/#primaryimage"},"image":{"@id":"https:\/\/lasentinelle.dz\/index.php\/2025\/10\/22\/annaba-les-projets-de-developpement-en-souffrance-sous-la-loupe\/#primaryimage"},"thumbnailUrl":"https:\/\/lasentinelle.dz\/wp-content\/uploads\/2025\/10\/SG.jpg","datePublished":"2025-10-22T18:26:09+00:00","breadcrumb":{"@id":"https:\/\/lasentinelle.dz\/index.php\/2025\/10\/22\/annaba-les-projets-de-developpement-en-souffrance-sous-la-loupe\/#breadcrumb"},"inLanguage":"fr-FR","potentialAction":[{"@type":"ReadAction","target":["https:\/\/lasentinelle.dz\/index.php\/2025\/10\/22\/annaba-les-projets-de-developpement-en-souffrance-sous-la-loupe\/"]}]},{"@type":"ImageObject","inLanguage":"fr-FR","@id":"https:\/\/lasentinelle.dz\/index.php\/2025\/10\/22\/annaba-les-projets-de-developpement-en-souffrance-sous-la-loupe\/#primaryimage","url":"https:\/\/lasentinelle.dz\/wp-content\/uploads\/2025\/10\/SG.jpg","contentUrl":"https:\/\/lasentinelle.dz\/wp-content\/uploads\/2025\/10\/SG.jpg","width":1536,"height":2048},{"@type":"BreadcrumbList","@id":"https:\/\/lasentinelle.dz\/index.php\/2025\/10\/22\/annaba-les-projets-de-developpement-en-souffrance-sous-la-loupe\/#breadcrumb","itemListElement":[{"@type":"ListItem","position":1,"name":"Accueil","item":"https:\/\/lasentinelle.dz\/"},{"@type":"ListItem","position":2,"name":"Annaba\u00a0: Les projets de d\u00e9veloppement en souffrance sous la loupe"}]},{"@type":"WebSite","@id":"https:\/\/lasentinelle.dz\/#website","url":"https:\/\/lasentinelle.dz\/","name":"La Sentinelle","description":"Quotidien national d&#039;information","publisher":{"@id":"https:\/\/lasentinelle.dz\/#organization"},"potentialAction":[{"@type":"SearchAction","target":{"@type":"EntryPoint","urlTemplate":"https:\/\/lasentinelle.dz\/?s={search_term_string}"},"query-input":{"@type":"PropertyValueSpecification","valueRequired":true,"valueName":"search_term_string"}}],"inLanguage":"fr-FR"},{"@type":"Organization","@id":"https:\/\/lasentinelle.dz\/#organization","name":"Quotidien La Sentinelle","url":"https:\/\/lasentinelle.dz\/","logo":{"@type":"ImageObject","inLanguage":"fr-FR","@id":"https:\/\/lasentinelle.dz\/#\/schema\/logo\/image\/","url":"https:\/\/lasentinelle.dz\/wp-content\/uploads\/2021\/09\/logo-sentinelleSLOGAN-1.png","contentUrl":"https:\/\/lasentinelle.dz\/wp-content\/uploads\/2021\/09\/logo-sentinelleSLOGAN-1.png","width":615,"height":142,"caption":"Quotidien La Sentinelle"},"image":{"@id":"https:\/\/lasentinelle.dz\/#\/schema\/logo\/image\/"},"sameAs":["https:\/\/www.facebook.com\/La-Sentinelle-104059864394773"]},{"@type":"Person","@id":"https:\/\/lasentinelle.dz\/#\/schema\/person\/729ee0024f24e0b8c5ec17232f8e8b41","name":"admin","image":{"@type":"ImageObject","inLanguage":"fr-FR","@id":"https:\/\/secure.gravatar.com\/avatar\/4c81fed838786e9b53f540bf46533e750f5d292099ae3b66cfc6fb1982e29df7?s=96&d=mm&r=g","url":"https:\/\/secure.gravatar.com\/avatar\/4c81fed838786e9b53f540bf46533e750f5d292099ae3b66cfc6fb1982e29df7?s=96&d=mm&r=g","contentUrl":"https:\/\/secure.gravatar.com\/avatar\/4c81fed838786e9b53f540bf46533e750f5d292099ae3b66cfc6fb1982e29df7?s=96&d=mm&r=g","caption":"admin"},"description":"admin","url":"https:\/\/lasentinelle.dz\/author\/admin\/"}]}},"_links":{"self":[{"href":"https:\/\/lasentinelle.dz\/index.php\/wp-json\/wp\/v2\/posts\/75163","targetHints":{"allow":["GET"]}}],"collection":[{"href":"https:\/\/lasentinelle.dz\/index.php\/wp-json\/wp\/v2\/posts"}],"about":[{"href":"https:\/\/lasentinelle.dz\/index.php\/wp-json\/wp\/v2\/types\/post"}],"author":[{"embeddable":true,"href":"https:\/\/lasentinelle.dz\/index.php\/wp-json\/wp\/v2\/users\/6"}],"replies":[{"embeddable":true,"href":"https:\/\/lasentinelle.dz\/index.php\/wp-json\/wp\/v2\/comments?post=75163"}],"version-history":[{"count":1,"href":"https:\/\/lasentinelle.dz\/index.php\/wp-json\/wp\/v2\/posts\/75163\/revisions"}],"predecessor-version":[{"id":75165,"href":"https:\/\/lasentinelle.dz\/index.php\/wp-json\/wp\/v2\/posts\/75163\/revisions\/75165"}],"wp:featuredmedia":[{"embeddable":true,"href":"https:\/\/lasentinelle.dz\/index.php\/wp-json\/wp\/v2\/media\/75164"}],"wp:attachment":[{"href":"https:\/\/lasentinelle.dz\/index.php\/wp-json\/wp\/v2\/media?parent=75163"}],"wp:term":[{"taxonomy":"category","embeddable":true,"href":"https:\/\/lasentinelle.dz\/index.php\/wp-json\/wp\/v2\/categories?post=75163"},{"taxonomy":"post_tag","embeddable":true,"href":"https:\/\/lasentinelle.dz\/index.php\/wp-json\/wp\/v2\/tags?post=75163"}],"curies":[{"name":"wp","href":"https:\/\/api.w.org\/{rel}","templated":true}]}}