{"id":75170,"date":"2025-10-22T19:29:32","date_gmt":"2025-10-22T18:29:32","guid":{"rendered":"https:\/\/lasentinelle.dz\/?p=75170"},"modified":"2025-10-22T19:29:33","modified_gmt":"2025-10-22T18:29:33","slug":"ligne-ferroviaire-miniere-bechar-gara-djebilet-la-course-contre-la-montre","status":"publish","type":"post","link":"https:\/\/lasentinelle.dz\/index.php\/2025\/10\/22\/ligne-ferroviaire-miniere-bechar-gara-djebilet-la-course-contre-la-montre\/","title":{"rendered":"Ligne ferroviaire mini\u00e8re B\u00e9char-Gara Djebilet\u00a0: La course contre la montre"},"content":{"rendered":"\n<p>Le gouvernement acc\u00e9l\u00e8re la cadence sur le chantier strat\u00e9gique de la ligne ferroviaire mini\u00e8re de l&rsquo;Ouest. Le ministre des Travaux publics, Abdelkader Djellaoui, a donn\u00e9 instruction aux entreprises de r\u00e9alisation de livrer le projet de 950 kilom\u00e8tres reliant B\u00e9char \u00e0 Gara Djebilet \u00ab\u00a0avant la fin de l&rsquo;ann\u00e9e, soit six mois avant les d\u00e9lais contractuels\u00a0\u00bb. Le ton est donn\u00e9. Lors d&rsquo;une r\u00e9union de travail tenue mardi \u00e0 Alger, le ministre des Travaux publics et des Infrastructures de base a hauss\u00e9 le niveau d&rsquo;exigence sur le projet de ligne ferroviaire mini\u00e8re B\u00e9char-Tindouf-Gara Djebilet. Abdelkader Djellaoui a appel\u00e9 \u00e0 \u00ab\u00a0renforcer les chantiers avec tous les moyens humains et mat\u00e9riels n\u00e9cessaires\u00a0\u00bb pour respecter ce calendrier ambitieux qui pr\u00e9voit une livraison anticip\u00e9e de six mois par rapport aux \u00e9ch\u00e9ances contractuelles. Cette r\u00e9union, qui a rassembl\u00e9 les cadres centraux du minist\u00e8re, le directeur g\u00e9n\u00e9ral de l&rsquo;Agence nationale d&rsquo;\u00e9tudes et de suivi de la r\u00e9alisation des investissements ferroviaires (ANESRIF), les directeurs des travaux publics des wilayas concern\u00e9es ainsi que les dirigeants des groupes publics GITRA, GEICA, GCB, Cosider-Travaux Publics, Cosider-Installations Techniques, GITRAMA et l&rsquo;entreprise chinoise CRCC, a permis d&rsquo;\u00e9valuer l&rsquo;\u00e9tat d&rsquo;avancement des travaux sur les trois axes du projet. Le ministre a notamment donn\u00e9 \u00ab\u00a0des instructions au groupement des entreprises de r\u00e9alisation pour prendre des mesures additionnelles concernant les travaux, notamment en ce qui concerne la pose des rails et du ballast, en intensifiant la coordination entre les diff\u00e9rents intervenants\u00a0\u00bb, selon le communiqu\u00e9 du minist\u00e8re.<\/p>\n\n\n\n<p><strong>Des tron\u00e7ons bient\u00f4t achev\u00e9s<\/strong><\/p>\n\n\n\n<p>Sur le terrain, les signaux sont encourageants. L&rsquo;ANESRIF a annonc\u00e9 mercredi que les travaux du tron\u00e7on Abadla-Hamaguir, long de 104 kilom\u00e8tres, ainsi que la r\u00e9alisation de ses diff\u00e9rents ouvrages d&rsquo;art et \u00e9quipements techniques, seront bient\u00f4t achev\u00e9s. Ce segment, qui relie Abadla au point kilom\u00e9trique 200, constitue la premi\u00e8re section du m\u00e9gaprojet. Selon les responsables de l&rsquo;agence, les travaux sur cette portion ont atteint \u00ab\u00a0un \u00e9tat d&rsquo;avancement significatif, permettant d&rsquo;envisager leur ach\u00e8vement dans un avenir proche\u00a0\u00bb. La plupart des grands ouvrages d&rsquo;art ferroviaires sont d\u00e9j\u00e0 en phase finale de r\u00e9alisation, tandis que les chantiers de pose de la voie ferr\u00e9e et les travaux de la gare voyageurs de Hamaguir avancent \u00e0 un rythme soutenu, avec pour objectif leur finalisation avant la fin 2025. Cette premi\u00e8re section de 231 kilom\u00e8tres, comprenant les segments B\u00e9char-Abadla et Abadla-Hamaguir, s&rsquo;inscrit dans le cadre du projet structurant qui reliera \u00e0 terme B\u00e9char \u00e0 la r\u00e9gion de Gara Djebilet en passant par Tindouf. Le premier tron\u00e7on B\u00e9char-Abadla, d&rsquo;une longueur de 100 kilom\u00e8tres, est en exploitation depuis son inauguration en avril dernier par le pr\u00e9sident de la R\u00e9publique, Abdelmadjid Tebboune. L&rsquo;ampleur des travaux t\u00e9moigne de la complexit\u00e9 du chantier : 13 millions de m\u00e8tres cubes de remblais et 4,1 millions de m\u00e8tres cubes de d\u00e9blais ont \u00e9t\u00e9 d\u00e9plac\u00e9s. Les \u00e9quipes ont \u00e9galement r\u00e9alis\u00e9 408 ouvrages de drainage et d&rsquo;assainissement, 14 viaducs totalisant 3.500 m\u00e8tres lin\u00e9aires, 29 passages sup\u00e9rieurs et inf\u00e9rieurs, ainsi que deux b\u00e2timents principaux pour les gares d&rsquo;Abadla et de Hamaguir. Lors de la r\u00e9union minist\u00e9rielle, le directeur g\u00e9n\u00e9ral de l&rsquo;ANESRIF a pr\u00e9sent\u00e9 un expos\u00e9 exhaustif sur l&rsquo;\u00e9tat d&rsquo;avancement des travaux sur les trois axes du projet ainsi que sur les obstacles rencontr\u00e9s. Face aux difficult\u00e9s identifi\u00e9es, le ministre a propos\u00e9 \u00ab\u00a0des solutions pratiques pour les surmonter, en coordination avec les secteurs et organismes concern\u00e9s\u00a0\u00bb, selon le communiqu\u00e9. Cette approche pragmatique vise \u00e0 aplanir les contraintes entravant le travail des entreprises de r\u00e9alisation et \u00e0 maintenir la dynamique engag\u00e9e sur ce chantier strat\u00e9gique pour l&rsquo;exploitation des richesses mini\u00e8res du Sud-Ouest alg\u00e9rien.<\/p>\n\n\n\n<p>Malik Meziane<\/p>\n","protected":false},"excerpt":{"rendered":"<p>Le gouvernement acc\u00e9l\u00e8re la cadence sur le chantier strat\u00e9gique de la ligne ferroviaire mini\u00e8re de l&rsquo;Ouest. Le ministre des Travaux<\/p>\n","protected":false},"author":6,"featured_media":74953,"comment_status":"open","ping_status":"closed","sticky":false,"template":"","format":"standard","meta":{"colormag_page_container_layout":"default_layout","colormag_page_sidebar_layout":"default_layout","om_disable_all_campaigns":false,"_monsterinsights_skip_tracking":false,"_monsterinsights_sitenote_active":false,"_monsterinsights_sitenote_note":"","_monsterinsights_sitenote_category":0,"footnotes":"","_wpscppro_dont_share_socialmedia":false,"_wpscppro_custom_social_share_image":0,"_facebook_share_type":"default","_twitter_share_type":"default","_linkedin_share_type":"default","_pinterest_share_type":"default","_linkedin_share_type_page":"","_instagram_share_type":"default","_medium_share_type":"default","_threads_share_type":"default","_google_business_share_type":"default","_selected_social_profile":[],"_wpsp_enable_custom_social_template":false,"_wpsp_social_scheduling":{"enabled":false,"datetime":null,"platforms":[],"status":"template_only","dateOption":"today","timeOption":"now","customDays":"","customHours":"","customDate":"","customTime":"","schedulingType":"absolute"},"_wpsp_active_default_template":true},"categories":[29],"tags":[],"class_list":["post-75170","post","type-post","status-publish","format-standard","has-post-thumbnail","hentry","category-economie"],"aioseo_notices":[],"yoast_head":"<!-- This site is optimized with the Yoast SEO plugin v27.5 - https:\/\/yoast.com\/product\/yoast-seo-wordpress\/ -->\n<title>Ligne ferroviaire mini\u00e8re B\u00e9char-Gara Djebilet\u00a0: La course contre la montre - La Sentinelle<\/title>\n<meta name=\"robots\" content=\"index, follow, max-snippet:-1, max-image-preview:large, max-video-preview:-1\" \/>\n<link rel=\"canonical\" href=\"https:\/\/lasentinelle.dz\/index.php\/2025\/10\/22\/ligne-ferroviaire-miniere-bechar-gara-djebilet-la-course-contre-la-montre\/\" \/>\n<meta property=\"og:locale\" content=\"fr_FR\" \/>\n<meta property=\"og:type\" content=\"article\" \/>\n<meta property=\"og:title\" content=\"Ligne ferroviaire mini\u00e8re B\u00e9char-Gara Djebilet\u00a0: La course contre la montre - La Sentinelle\" \/>\n<meta property=\"og:description\" content=\"Le gouvernement acc\u00e9l\u00e8re la cadence sur le chantier strat\u00e9gique de la ligne ferroviaire mini\u00e8re de l&rsquo;Ouest. Le ministre des Travaux\" \/>\n<meta property=\"og:url\" content=\"https:\/\/lasentinelle.dz\/index.php\/2025\/10\/22\/ligne-ferroviaire-miniere-bechar-gara-djebilet-la-course-contre-la-montre\/\" \/>\n<meta property=\"og:site_name\" content=\"La Sentinelle\" \/>\n<meta property=\"article:publisher\" content=\"https:\/\/www.facebook.com\/La-Sentinelle-104059864394773\" \/>\n<meta property=\"article:published_time\" content=\"2025-10-22T18:29:32+00:00\" \/>\n<meta property=\"article:modified_time\" content=\"2025-10-22T18:29:33+00:00\" \/>\n<meta property=\"og:image\" content=\"https:\/\/lasentinelle.dz\/wp-content\/uploads\/2025\/10\/ligne-miniere.jpg\" \/>\n\t<meta property=\"og:image:width\" content=\"1600\" \/>\n\t<meta property=\"og:image:height\" content=\"900\" \/>\n\t<meta property=\"og:image:type\" content=\"image\/jpeg\" \/>\n<meta name=\"author\" content=\"admin\" \/>\n<meta name=\"twitter:card\" content=\"summary_large_image\" \/>\n<meta name=\"twitter:label1\" content=\"\u00c9crit par\" \/>\n\t<meta name=\"twitter:data1\" content=\"admin\" \/>\n\t<meta name=\"twitter:label2\" content=\"Dur\u00e9e de lecture estim\u00e9e\" \/>\n\t<meta name=\"twitter:data2\" content=\"4 minutes\" \/>\n<script type=\"application\/ld+json\" class=\"yoast-schema-graph\">{\"@context\":\"https:\\\/\\\/schema.org\",\"@graph\":[{\"@type\":\"Article\",\"@id\":\"https:\\\/\\\/lasentinelle.dz\\\/index.php\\\/2025\\\/10\\\/22\\\/ligne-ferroviaire-miniere-bechar-gara-djebilet-la-course-contre-la-montre\\\/#article\",\"isPartOf\":{\"@id\":\"https:\\\/\\\/lasentinelle.dz\\\/index.php\\\/2025\\\/10\\\/22\\\/ligne-ferroviaire-miniere-bechar-gara-djebilet-la-course-contre-la-montre\\\/\"},\"author\":{\"name\":\"admin\",\"@id\":\"https:\\\/\\\/lasentinelle.dz\\\/#\\\/schema\\\/person\\\/729ee0024f24e0b8c5ec17232f8e8b41\"},\"headline\":\"Ligne ferroviaire mini\u00e8re B\u00e9char-Gara Djebilet\u00a0: La course contre la montre\",\"datePublished\":\"2025-10-22T18:29:32+00:00\",\"dateModified\":\"2025-10-22T18:29:33+00:00\",\"mainEntityOfPage\":{\"@id\":\"https:\\\/\\\/lasentinelle.dz\\\/index.php\\\/2025\\\/10\\\/22\\\/ligne-ferroviaire-miniere-bechar-gara-djebilet-la-course-contre-la-montre\\\/\"},\"wordCount\":672,\"commentCount\":0,\"publisher\":{\"@id\":\"https:\\\/\\\/lasentinelle.dz\\\/#organization\"},\"image\":{\"@id\":\"https:\\\/\\\/lasentinelle.dz\\\/index.php\\\/2025\\\/10\\\/22\\\/ligne-ferroviaire-miniere-bechar-gara-djebilet-la-course-contre-la-montre\\\/#primaryimage\"},\"thumbnailUrl\":\"https:\\\/\\\/lasentinelle.dz\\\/wp-content\\\/uploads\\\/2025\\\/10\\\/ligne-miniere.jpg\",\"articleSection\":[\"\u00c9conomie\"],\"inLanguage\":\"fr-FR\",\"potentialAction\":[{\"@type\":\"CommentAction\",\"name\":\"Comment\",\"target\":[\"https:\\\/\\\/lasentinelle.dz\\\/index.php\\\/2025\\\/10\\\/22\\\/ligne-ferroviaire-miniere-bechar-gara-djebilet-la-course-contre-la-montre\\\/#respond\"]}]},{\"@type\":\"WebPage\",\"@id\":\"https:\\\/\\\/lasentinelle.dz\\\/index.php\\\/2025\\\/10\\\/22\\\/ligne-ferroviaire-miniere-bechar-gara-djebilet-la-course-contre-la-montre\\\/\",\"url\":\"https:\\\/\\\/lasentinelle.dz\\\/index.php\\\/2025\\\/10\\\/22\\\/ligne-ferroviaire-miniere-bechar-gara-djebilet-la-course-contre-la-montre\\\/\",\"name\":\"Ligne ferroviaire mini\u00e8re B\u00e9char-Gara Djebilet\u00a0: La course contre la montre - La Sentinelle\",\"isPartOf\":{\"@id\":\"https:\\\/\\\/lasentinelle.dz\\\/#website\"},\"primaryImageOfPage\":{\"@id\":\"https:\\\/\\\/lasentinelle.dz\\\/index.php\\\/2025\\\/10\\\/22\\\/ligne-ferroviaire-miniere-bechar-gara-djebilet-la-course-contre-la-montre\\\/#primaryimage\"},\"image\":{\"@id\":\"https:\\\/\\\/lasentinelle.dz\\\/index.php\\\/2025\\\/10\\\/22\\\/ligne-ferroviaire-miniere-bechar-gara-djebilet-la-course-contre-la-montre\\\/#primaryimage\"},\"thumbnailUrl\":\"https:\\\/\\\/lasentinelle.dz\\\/wp-content\\\/uploads\\\/2025\\\/10\\\/ligne-miniere.jpg\",\"datePublished\":\"2025-10-22T18:29:32+00:00\",\"dateModified\":\"2025-10-22T18:29:33+00:00\",\"breadcrumb\":{\"@id\":\"https:\\\/\\\/lasentinelle.dz\\\/index.php\\\/2025\\\/10\\\/22\\\/ligne-ferroviaire-miniere-bechar-gara-djebilet-la-course-contre-la-montre\\\/#breadcrumb\"},\"inLanguage\":\"fr-FR\",\"potentialAction\":[{\"@type\":\"ReadAction\",\"target\":[\"https:\\\/\\\/lasentinelle.dz\\\/index.php\\\/2025\\\/10\\\/22\\\/ligne-ferroviaire-miniere-bechar-gara-djebilet-la-course-contre-la-montre\\\/\"]}]},{\"@type\":\"ImageObject\",\"inLanguage\":\"fr-FR\",\"@id\":\"https:\\\/\\\/lasentinelle.dz\\\/index.php\\\/2025\\\/10\\\/22\\\/ligne-ferroviaire-miniere-bechar-gara-djebilet-la-course-contre-la-montre\\\/#primaryimage\",\"url\":\"https:\\\/\\\/lasentinelle.dz\\\/wp-content\\\/uploads\\\/2025\\\/10\\\/ligne-miniere.jpg\",\"contentUrl\":\"https:\\\/\\\/lasentinelle.dz\\\/wp-content\\\/uploads\\\/2025\\\/10\\\/ligne-miniere.jpg\",\"width\":1600,\"height\":900},{\"@type\":\"BreadcrumbList\",\"@id\":\"https:\\\/\\\/lasentinelle.dz\\\/index.php\\\/2025\\\/10\\\/22\\\/ligne-ferroviaire-miniere-bechar-gara-djebilet-la-course-contre-la-montre\\\/#breadcrumb\",\"itemListElement\":[{\"@type\":\"ListItem\",\"position\":1,\"name\":\"Accueil\",\"item\":\"https:\\\/\\\/lasentinelle.dz\\\/\"},{\"@type\":\"ListItem\",\"position\":2,\"name\":\"Ligne ferroviaire mini\u00e8re B\u00e9char-Gara Djebilet\u00a0: La course contre la montre\"}]},{\"@type\":\"WebSite\",\"@id\":\"https:\\\/\\\/lasentinelle.dz\\\/#website\",\"url\":\"https:\\\/\\\/lasentinelle.dz\\\/\",\"name\":\"La Sentinelle\",\"description\":\"Quotidien national d&#039;information\",\"publisher\":{\"@id\":\"https:\\\/\\\/lasentinelle.dz\\\/#organization\"},\"potentialAction\":[{\"@type\":\"SearchAction\",\"target\":{\"@type\":\"EntryPoint\",\"urlTemplate\":\"https:\\\/\\\/lasentinelle.dz\\\/?s={search_term_string}\"},\"query-input\":{\"@type\":\"PropertyValueSpecification\",\"valueRequired\":true,\"valueName\":\"search_term_string\"}}],\"inLanguage\":\"fr-FR\"},{\"@type\":\"Organization\",\"@id\":\"https:\\\/\\\/lasentinelle.dz\\\/#organization\",\"name\":\"Quotidien La Sentinelle\",\"url\":\"https:\\\/\\\/lasentinelle.dz\\\/\",\"logo\":{\"@type\":\"ImageObject\",\"inLanguage\":\"fr-FR\",\"@id\":\"https:\\\/\\\/lasentinelle.dz\\\/#\\\/schema\\\/logo\\\/image\\\/\",\"url\":\"https:\\\/\\\/lasentinelle.dz\\\/wp-content\\\/uploads\\\/2021\\\/09\\\/logo-sentinelleSLOGAN-1.png\",\"contentUrl\":\"https:\\\/\\\/lasentinelle.dz\\\/wp-content\\\/uploads\\\/2021\\\/09\\\/logo-sentinelleSLOGAN-1.png\",\"width\":615,\"height\":142,\"caption\":\"Quotidien La Sentinelle\"},\"image\":{\"@id\":\"https:\\\/\\\/lasentinelle.dz\\\/#\\\/schema\\\/logo\\\/image\\\/\"},\"sameAs\":[\"https:\\\/\\\/www.facebook.com\\\/La-Sentinelle-104059864394773\"]},{\"@type\":\"Person\",\"@id\":\"https:\\\/\\\/lasentinelle.dz\\\/#\\\/schema\\\/person\\\/729ee0024f24e0b8c5ec17232f8e8b41\",\"name\":\"admin\",\"image\":{\"@type\":\"ImageObject\",\"inLanguage\":\"fr-FR\",\"@id\":\"https:\\\/\\\/secure.gravatar.com\\\/avatar\\\/4c81fed838786e9b53f540bf46533e750f5d292099ae3b66cfc6fb1982e29df7?s=96&d=mm&r=g\",\"url\":\"https:\\\/\\\/secure.gravatar.com\\\/avatar\\\/4c81fed838786e9b53f540bf46533e750f5d292099ae3b66cfc6fb1982e29df7?s=96&d=mm&r=g\",\"contentUrl\":\"https:\\\/\\\/secure.gravatar.com\\\/avatar\\\/4c81fed838786e9b53f540bf46533e750f5d292099ae3b66cfc6fb1982e29df7?s=96&d=mm&r=g\",\"caption\":\"admin\"},\"description\":\"admin\",\"url\":\"https:\\\/\\\/lasentinelle.dz\\\/author\\\/admin\\\/\"}]}<\/script>\n<!-- \/ Yoast SEO plugin. -->","yoast_head_json":{"title":"Ligne ferroviaire mini\u00e8re B\u00e9char-Gara Djebilet\u00a0: La course contre la montre - La Sentinelle","robots":{"index":"index","follow":"follow","max-snippet":"max-snippet:-1","max-image-preview":"max-image-preview:large","max-video-preview":"max-video-preview:-1"},"canonical":"https:\/\/lasentinelle.dz\/index.php\/2025\/10\/22\/ligne-ferroviaire-miniere-bechar-gara-djebilet-la-course-contre-la-montre\/","og_locale":"fr_FR","og_type":"article","og_title":"Ligne ferroviaire mini\u00e8re B\u00e9char-Gara Djebilet\u00a0: La course contre la montre - La Sentinelle","og_description":"Le gouvernement acc\u00e9l\u00e8re la cadence sur le chantier strat\u00e9gique de la ligne ferroviaire mini\u00e8re de l&rsquo;Ouest. Le ministre des Travaux","og_url":"https:\/\/lasentinelle.dz\/index.php\/2025\/10\/22\/ligne-ferroviaire-miniere-bechar-gara-djebilet-la-course-contre-la-montre\/","og_site_name":"La Sentinelle","article_publisher":"https:\/\/www.facebook.com\/La-Sentinelle-104059864394773","article_published_time":"2025-10-22T18:29:32+00:00","article_modified_time":"2025-10-22T18:29:33+00:00","og_image":[{"width":1600,"height":900,"url":"https:\/\/lasentinelle.dz\/wp-content\/uploads\/2025\/10\/ligne-miniere.jpg","type":"image\/jpeg"}],"author":"admin","twitter_card":"summary_large_image","twitter_misc":{"\u00c9crit par":"admin","Dur\u00e9e de lecture estim\u00e9e":"4 minutes"},"schema":{"@context":"https:\/\/schema.org","@graph":[{"@type":"Article","@id":"https:\/\/lasentinelle.dz\/index.php\/2025\/10\/22\/ligne-ferroviaire-miniere-bechar-gara-djebilet-la-course-contre-la-montre\/#article","isPartOf":{"@id":"https:\/\/lasentinelle.dz\/index.php\/2025\/10\/22\/ligne-ferroviaire-miniere-bechar-gara-djebilet-la-course-contre-la-montre\/"},"author":{"name":"admin","@id":"https:\/\/lasentinelle.dz\/#\/schema\/person\/729ee0024f24e0b8c5ec17232f8e8b41"},"headline":"Ligne ferroviaire mini\u00e8re B\u00e9char-Gara Djebilet\u00a0: La course contre la montre","datePublished":"2025-10-22T18:29:32+00:00","dateModified":"2025-10-22T18:29:33+00:00","mainEntityOfPage":{"@id":"https:\/\/lasentinelle.dz\/index.php\/2025\/10\/22\/ligne-ferroviaire-miniere-bechar-gara-djebilet-la-course-contre-la-montre\/"},"wordCount":672,"commentCount":0,"publisher":{"@id":"https:\/\/lasentinelle.dz\/#organization"},"image":{"@id":"https:\/\/lasentinelle.dz\/index.php\/2025\/10\/22\/ligne-ferroviaire-miniere-bechar-gara-djebilet-la-course-contre-la-montre\/#primaryimage"},"thumbnailUrl":"https:\/\/lasentinelle.dz\/wp-content\/uploads\/2025\/10\/ligne-miniere.jpg","articleSection":["\u00c9conomie"],"inLanguage":"fr-FR","potentialAction":[{"@type":"CommentAction","name":"Comment","target":["https:\/\/lasentinelle.dz\/index.php\/2025\/10\/22\/ligne-ferroviaire-miniere-bechar-gara-djebilet-la-course-contre-la-montre\/#respond"]}]},{"@type":"WebPage","@id":"https:\/\/lasentinelle.dz\/index.php\/2025\/10\/22\/ligne-ferroviaire-miniere-bechar-gara-djebilet-la-course-contre-la-montre\/","url":"https:\/\/lasentinelle.dz\/index.php\/2025\/10\/22\/ligne-ferroviaire-miniere-bechar-gara-djebilet-la-course-contre-la-montre\/","name":"Ligne ferroviaire mini\u00e8re B\u00e9char-Gara Djebilet\u00a0: La course contre la montre - La Sentinelle","isPartOf":{"@id":"https:\/\/lasentinelle.dz\/#website"},"primaryImageOfPage":{"@id":"https:\/\/lasentinelle.dz\/index.php\/2025\/10\/22\/ligne-ferroviaire-miniere-bechar-gara-djebilet-la-course-contre-la-montre\/#primaryimage"},"image":{"@id":"https:\/\/lasentinelle.dz\/index.php\/2025\/10\/22\/ligne-ferroviaire-miniere-bechar-gara-djebilet-la-course-contre-la-montre\/#primaryimage"},"thumbnailUrl":"https:\/\/lasentinelle.dz\/wp-content\/uploads\/2025\/10\/ligne-miniere.jpg","datePublished":"2025-10-22T18:29:32+00:00","dateModified":"2025-10-22T18:29:33+00:00","breadcrumb":{"@id":"https:\/\/lasentinelle.dz\/index.php\/2025\/10\/22\/ligne-ferroviaire-miniere-bechar-gara-djebilet-la-course-contre-la-montre\/#breadcrumb"},"inLanguage":"fr-FR","potentialAction":[{"@type":"ReadAction","target":["https:\/\/lasentinelle.dz\/index.php\/2025\/10\/22\/ligne-ferroviaire-miniere-bechar-gara-djebilet-la-course-contre-la-montre\/"]}]},{"@type":"ImageObject","inLanguage":"fr-FR","@id":"https:\/\/lasentinelle.dz\/index.php\/2025\/10\/22\/ligne-ferroviaire-miniere-bechar-gara-djebilet-la-course-contre-la-montre\/#primaryimage","url":"https:\/\/lasentinelle.dz\/wp-content\/uploads\/2025\/10\/ligne-miniere.jpg","contentUrl":"https:\/\/lasentinelle.dz\/wp-content\/uploads\/2025\/10\/ligne-miniere.jpg","width":1600,"height":900},{"@type":"BreadcrumbList","@id":"https:\/\/lasentinelle.dz\/index.php\/2025\/10\/22\/ligne-ferroviaire-miniere-bechar-gara-djebilet-la-course-contre-la-montre\/#breadcrumb","itemListElement":[{"@type":"ListItem","position":1,"name":"Accueil","item":"https:\/\/lasentinelle.dz\/"},{"@type":"ListItem","position":2,"name":"Ligne ferroviaire mini\u00e8re B\u00e9char-Gara Djebilet\u00a0: La course contre la montre"}]},{"@type":"WebSite","@id":"https:\/\/lasentinelle.dz\/#website","url":"https:\/\/lasentinelle.dz\/","name":"La Sentinelle","description":"Quotidien national d&#039;information","publisher":{"@id":"https:\/\/lasentinelle.dz\/#organization"},"potentialAction":[{"@type":"SearchAction","target":{"@type":"EntryPoint","urlTemplate":"https:\/\/lasentinelle.dz\/?s={search_term_string}"},"query-input":{"@type":"PropertyValueSpecification","valueRequired":true,"valueName":"search_term_string"}}],"inLanguage":"fr-FR"},{"@type":"Organization","@id":"https:\/\/lasentinelle.dz\/#organization","name":"Quotidien La Sentinelle","url":"https:\/\/lasentinelle.dz\/","logo":{"@type":"ImageObject","inLanguage":"fr-FR","@id":"https:\/\/lasentinelle.dz\/#\/schema\/logo\/image\/","url":"https:\/\/lasentinelle.dz\/wp-content\/uploads\/2021\/09\/logo-sentinelleSLOGAN-1.png","contentUrl":"https:\/\/lasentinelle.dz\/wp-content\/uploads\/2021\/09\/logo-sentinelleSLOGAN-1.png","width":615,"height":142,"caption":"Quotidien La Sentinelle"},"image":{"@id":"https:\/\/lasentinelle.dz\/#\/schema\/logo\/image\/"},"sameAs":["https:\/\/www.facebook.com\/La-Sentinelle-104059864394773"]},{"@type":"Person","@id":"https:\/\/lasentinelle.dz\/#\/schema\/person\/729ee0024f24e0b8c5ec17232f8e8b41","name":"admin","image":{"@type":"ImageObject","inLanguage":"fr-FR","@id":"https:\/\/secure.gravatar.com\/avatar\/4c81fed838786e9b53f540bf46533e750f5d292099ae3b66cfc6fb1982e29df7?s=96&d=mm&r=g","url":"https:\/\/secure.gravatar.com\/avatar\/4c81fed838786e9b53f540bf46533e750f5d292099ae3b66cfc6fb1982e29df7?s=96&d=mm&r=g","contentUrl":"https:\/\/secure.gravatar.com\/avatar\/4c81fed838786e9b53f540bf46533e750f5d292099ae3b66cfc6fb1982e29df7?s=96&d=mm&r=g","caption":"admin"},"description":"admin","url":"https:\/\/lasentinelle.dz\/author\/admin\/"}]}},"_links":{"self":[{"href":"https:\/\/lasentinelle.dz\/index.php\/wp-json\/wp\/v2\/posts\/75170","targetHints":{"allow":["GET"]}}],"collection":[{"href":"https:\/\/lasentinelle.dz\/index.php\/wp-json\/wp\/v2\/posts"}],"about":[{"href":"https:\/\/lasentinelle.dz\/index.php\/wp-json\/wp\/v2\/types\/post"}],"author":[{"embeddable":true,"href":"https:\/\/lasentinelle.dz\/index.php\/wp-json\/wp\/v2\/users\/6"}],"replies":[{"embeddable":true,"href":"https:\/\/lasentinelle.dz\/index.php\/wp-json\/wp\/v2\/comments?post=75170"}],"version-history":[{"count":1,"href":"https:\/\/lasentinelle.dz\/index.php\/wp-json\/wp\/v2\/posts\/75170\/revisions"}],"predecessor-version":[{"id":75171,"href":"https:\/\/lasentinelle.dz\/index.php\/wp-json\/wp\/v2\/posts\/75170\/revisions\/75171"}],"wp:featuredmedia":[{"embeddable":true,"href":"https:\/\/lasentinelle.dz\/index.php\/wp-json\/wp\/v2\/media\/74953"}],"wp:attachment":[{"href":"https:\/\/lasentinelle.dz\/index.php\/wp-json\/wp\/v2\/media?parent=75170"}],"wp:term":[{"taxonomy":"category","embeddable":true,"href":"https:\/\/lasentinelle.dz\/index.php\/wp-json\/wp\/v2\/categories?post=75170"},{"taxonomy":"post_tag","embeddable":true,"href":"https:\/\/lasentinelle.dz\/index.php\/wp-json\/wp\/v2\/tags?post=75170"}],"curies":[{"name":"wp","href":"https:\/\/api.w.org\/{rel}","templated":true}]}}